{"id":557715,"date":"2024-05-28T09:28:31","date_gmt":"2024-05-28T12:28:31","guid":{"rendered":"https:\/\/www.suno.com.br\/noticias\/?p=557715"},"modified":"2024-05-28T10:13:35","modified_gmt":"2024-05-28T13:13:35","slug":"ipca-15-retoma-alta-maio-medicamentos-cpf","status":"publish","type":"post","link":"https:\/\/www.suno.com.br\/noticias\/ipca-15-retoma-alta-maio-medicamentos-cpf\/","title":{"rendered":"IPCA-15 retoma escalada, a 0,44% em maio, com medicamentos mais caros e sem impactos do RS"},"content":{"rendered":"<p>O principal indicador pr\u00e9vio da infla\u00e7\u00e3o, o <strong>IPCA-15<\/strong> avan\u00e7ou 0,44% em maio, influenciado majoritariamente pelo segmento de sa\u00fade e cuidados pessoas, devido \u00e0s altas no pre\u00e7o de medicamentos e produtos farmac\u00eauticos.<\/p>\t<div class=\"wrapper-featured-image\">\n\t\t<figure class=\"spotlightImg\">\n\n\t\t\t<picture>\n\t\t\t\t<source media=\"(max-width: 768px)\" srcset=\"https:\/\/files.sunoresearch.com.br\/n\/uploads\/2020\/03\/131dd5fe-capsulas-comprimidos-cores-dor-143654-400x200.webp\">\n\t\t\t\t<img loading=\"lazy\" decoding=\"async\" class=\"newsContent__article__imgCapa lazyloadDisabled \" src=\"https:\/\/files.sunoresearch.com.br\/n\/uploads\/2020\/03\/131dd5fe-capsulas-comprimidos-cores-dor-143654-800x450.webp\" width=\"800\" height=\"450\" alt=\"IPCA-15 retoma escalada, a 0,44% em maio, com medicamentos mais caros e sem impactos do RS\" fetchpriority=high \/>\n\t\t\t<\/picture>\n\n\t\t\t<figcaption class=\"wp-caption-text wp-caption-text--show\">Medicamentos est\u00e3o mais caros, aponta IPCA-15 de maio - Foto: Pixabay<\/figcaption>\n\t\t<\/figure>\n\t<\/div>\n\n\n\n\n\n\n\n\t<p>\n\t\t<a href=\"\" target=\"_blank\" data-element=\"shortcode-suno-banner\" title=\"Banner SUNO, clique e saiba mais\">\n\t\t\t<picture>\n\t\t\t\t<source media=\"(max-width: 500px)\" srcset=\"\">\n\t\t\t\t<img class=\"newsContent__article__imgCapa newsContent__article__imgCapa--banner\"\n\t\t\t\t\tsrc=\"\"\n\t\t\t\t\tdata-promo-id=\"240038\"\t\t\t\t\t\t\t\t\t\t\t\t\t\t\talt=\"\"\n\t\t\t\t>\n\t\t\t<\/picture>\n\t\t<\/a>\n\t<\/p>\n\n\n\n\n\n<p>O resultado do <a href=\"https:\/\/www.suno.com.br\/artigos\/ipca-15\/\"><strong>\u00cdndice Nacional de Pre\u00e7os ao Consumidor Amplo 15 <\/strong>(IPCA-15) <\/a>do m\u00eas de maio apresentou uma varia\u00e7\u00e3o de 0,23 ponto percentual (p.p.) em rela\u00e7\u00e3o ao resultado de abril (0,21%). <\/p>\n\n\n\n<p>O <strong>resultado do IPCA-15<\/strong> foi principalmente impactado pelo grupo de Sa\u00fade e cuidados pessoais (1,07%), com alta de 1,07% e impacto de 0,07 p.p. no \u00edndice geral. O grupo Artigos da Resid\u00eancia foi o \u00fanico a apresentar queda (-0,44%), com impacto de -0,02 p.p no \u00edndice geral. <\/p>\n\n\n\n<p>&#8220;Apesar de um IPCA mais forte que abril, observamos um qualitativo positivo. Houve uma desacelera\u00e7\u00e3o, tanto na varia\u00e7\u00e3o mensal quanto anual, da infla\u00e7\u00e3o de servi\u00e7os subjacentes&#8221;, comenta Gustavo Sung, economista-chefe da Suno Research. <\/p>\n\n\n\n<p>O <strong>IPCA-15 de maio <\/strong>foi divulgado hoje (28) pelo IBGE.<\/p>\n\n\n\n<p>Nos \u00faltimos 12 meses, a <strong>varia\u00e7\u00e3o do IPCA-15<\/strong> foi de 3,70%, abaixo dos 3,77% observados nos 12 meses imediatamente anteriores. Em maio  de 2023, o IPCA-15 acumulou alta de 0,51%.<\/p>\n\n\n\t<p>\n\t\t<a href=\"https:\/\/lp.suno.com.br\/ebook-gratuito-investindo-no-exterior\/\" target=\"_blank\" data-element=\"shortcode-suno-banner\" title=\"Banner SUNO, clique e saiba mais\">\n\t\t\t<picture>\n\t\t\t\t<source media=\"(max-width: 500px)\" srcset=\"https:\/\/files.sunoresearch.com.br\/n\/uploads\/2023\/03\/400x300-Investindo-no-exterior.png\">\n\t\t\t\t<img class=\"newsContent__article__imgCapa newsContent__article__imgCapa--banner\"\n\t\t\t\t\tsrc=\"https:\/\/files.sunoresearch.com.br\/n\/uploads\/2023\/03\/1420x240-Investindo-no-exterior.png\"\n\t\t\t\t\tdata-promo-id=\"383161\"\t\t\t\t\t\t\t\t\t\twidth='1420' height='240'\t\t\t\t\talt=\"https:\/\/files.sunoresearch.com.br\/n\/uploads\/2023\/03\/1420x240-Investindo-no-exterior.png\"\n\t\t\t\t>\n\t\t\t<\/picture>\n\t\t<\/a>\n\t<\/p>\n\n\n\n\n\n<h2 class=\"wp-block-heading\">Alimenta\u00e7\u00e3o, transportes e saneamento ficam mais caros<\/h2>\n\n\n\n<p>Entre os <strong>alimentos que mais ficaram caros<\/strong> no per\u00edodo, cebola (16,05%), do caf\u00e9 mo\u00eddo (2,78%) e do leite longa vida (1,94%) se destacam. <\/p>\n\n\n\n<p>Na ponta oposta, o feij\u00e3o carioca (-5,36%), as frutas (-1,89%), o arroz (-1,25%) e as carnes (-0,72%) apresentaram pre\u00e7os mais baratos. <\/p>\n\n\n\n<p>Ao todo, a alimenta\u00e7\u00e3o em casa (no domic\u00edlio) aumento 0,22% em maio. Enquanto isso, o <strong>custo de comer fora<\/strong> teve uma alta de 0,37%, acelerando em rela\u00e7\u00e3o a abril (0,25%). <\/p>\n\n\n\n<p>No grupo Transportes, houve aumento no <strong>pre\u00e7o da gasolina<\/strong> (1,90%) e no <strong>custo das passagens a\u00e9reas <\/strong>(6,04%).<\/p>\n\n\n\n<p>No grupo Habita\u00e7\u00e3o (0,25%), a alta das <strong>taxas de \u00e1gua e esgoto <\/strong>(0,51%) foi influenciada pelos reajustes de 6,94% em S\u00e3o Paulo (1,39%), em 10 de maio, e de 1,95% em Goi\u00e2nia (1,01%), no dia 1\u00ba de abril.<\/p>\n\n\n\n<h2 class=\"wp-block-heading\">O que o mercado achou do IPCA-15 de maio?<\/h2>\n\n\n\n<p>No radar econ\u00f4mico, dois pontos ainda devem impactar os pr\u00f3ximos dados do IBGE, afirma Sung. S\u00e3o eles, a infla\u00e7\u00e3o de alimentos por conta da trag\u00e9dia no Rio Grande do Sul (RS) e as expectativas de infla\u00e7\u00e3o.<\/p>\n\n\n\n<p>&#8220;O IPCA-15 de maio ainda n\u00e3o captou os impactos da trag\u00e9dia no RS. Apesar da colheita de algumas culturas j\u00e1 terem sido feitas, a log\u00edstica est\u00e1 comprometida \u2013 tanto para o escoamento quanto o recebimento de insumos \u2013 o que pode pressionar os pre\u00e7os dos alimentos&#8221;, avalia o economista-chefe. <\/p>\n\n\n\n<p>De acordo com Sung, o real impacto sobre a regi\u00e3o s\u00f3 poder\u00e1 ser medido ap\u00f3s a \u00e1gua abaixar, mas a expectativa inicial \u00e9 de um impacto de 0,1 p.p. a 0,2 p.p sobre o<strong> IPCA de 2024<\/strong>.<\/p>\n\n\n\n<p>O segundo ponto gira em torno das expectativas de infla\u00e7\u00e3o retiradas do <strong>Boletim Focus<\/strong>, que seguem subindo. Na divulga\u00e7\u00e3o desta semana, as expectativas para 2024 e 2025 cresceram pela terceira e quarta semana consecutiva, respectivamente. A expectativa de 2026, que estava estacionada em 3,50%, passou para 3,58%.<\/p>\n\n\n\n<p>&#8220;Entre os motivos que explicam essa desancoragem s\u00e3o as d\u00favidas em rela\u00e7\u00e3o \u00e0 <a class=\"suno-keyword\" target=\"_blank\" data-force=\"no\" data-priority=\"1\" href=\"https:\/\/www.suno.com.br\/artigos\/politica-fiscal\/\" rel=\"noopener\">pol\u00edtica fiscal<\/a> brasileira, a credibilidade do<strong> Banco Central<\/strong> e especula\u00e7\u00f5es com o compromisso da autoridade monet\u00e1ria em atingir a <a class=\"suno-keyword\" target=\"_blank\" data-force=\"no\" data-priority=\"1\" href=\"https:\/\/www.suno.com.br\/artigos\/meta-de-inflacao\/\" rel=\"noopener\">meta de infla\u00e7\u00e3o<\/a>&#8220;, diz o economista. <\/p>\n\n\n\n<p>Nesse contexto, o mercado espera que a autoridade monet\u00e1ria adote uma abordagem cautelosa em suas pr\u00f3ximas reuni\u00f5es, mesmo com um cen\u00e1rio de infla\u00e7\u00e3o corrente benigna.<\/p>\n\n\n\n<p>&#8220;Para o pr\u00f3ximo <strong>Copom<\/strong>, estimamos um corte de 0,25 p.p. na taxa Selic. No entanto, se houver uma piora no cen\u00e1rio internacional e dom\u00e9stico, o Banco Central pode optar por manter a taxa de juros no atual patamar de 10,50% a.a,&#8221; complet Sung, ap\u00f3s resultado do <strong>IPCA-15<\/strong>.<\/p>\n\n\n\t<p>\n\t\t<a href=\"https:\/\/lp.suno.com.br\/planilha-da-vida-financeira\/\" target=\"_blank\" data-element=\"shortcode-suno-banner\" title=\"Banner SUNO, clique e saiba mais\">\n\t\t\t<picture>\n\t\t\t\t<source media=\"(max-width: 500px)\" srcset=\"https:\/\/files.sunoresearch.com.br\/n\/uploads\/2023\/04\/400x300-Planilha-vida-financeira-true.png\">\n\t\t\t\t<img class=\"newsContent__article__imgCapa newsContent__article__imgCapa--banner\"\n\t\t\t\t\tsrc=\"https:\/\/files.sunoresearch.com.br\/n\/uploads\/2023\/04\/1420x240-Planilha-vida-financeira-true.png\"\n\t\t\t\t\tdata-promo-id=\"383123\"\t\t\t\t\t\t\t\t\t\twidth='1420' height='240'\t\t\t\t\talt=\"https:\/\/files.sunoresearch.com.br\/n\/uploads\/2023\/04\/1420x240-Planilha-vida-financeira-true.png\"\n\t\t\t\t>\n\t\t\t<\/picture>\n\t\t<\/a>\n\t<\/p>\n\n\n","protected":false},"excerpt":{"rendered":"<p>O principal indicador pr\u00e9vio da infla\u00e7\u00e3o, o IPCA-15 avan\u00e7ou 0,44% em maio, influenciado majoritariamente pelo segmento de sa\u00fade e cuidados pessoas, devido \u00e0s altas no pre\u00e7o de medicamentos e produtos farmac\u00eauticos. Medicamentos est\u00e3o mais caros, aponta IPCA-15 de maio &#8211; Foto: Pixabay O resultado do \u00cdndice Nacional de Pre\u00e7os ao Consumidor Amplo 15 (IPCA-15) do [&hellip;]<\/p>\n","protected":false},"author":283,"featured_media":59774,"comment_status":"closed","ping_status":"closed","sticky":false,"template":"","format":"standard","meta":[],"categories":[62],"tags":[105816,850,1361,1292],"suno_strategy":[],"class_list":["post-557715","post","type-post","status-publish","format-standard","has-post-thumbnail","hentry","category-economia","tag-especialistas","tag-inflacao","tag-ipca-15","tag-suno-research"],"yoast_head":"<!-- This site is optimized with the Yoast SEO plugin v24.4 - https:\/\/yoast.com\/wordpress\/plugins\/seo\/ -->\n<title>IPCA-15 retoma alta de 0,44% em maio, com medicamentos mais caros<\/title>\n<meta name=\"description\" content=\"O IPCA-15 avan\u00e7ou 0,44% em maio, influenciado por altas no pre\u00e7o de medicamentos e ainda sem refletir impactos da trag\u00e9dia no RS.\" \/>\n<meta name=\"robots\" content=\"index, follow, max-snippet:-1, max-image-preview:large, max-video-preview:-1\" \/>\n<link rel=\"canonical\" href=\"https:\/\/www.suno.com.br\/noticias\/ipca-15-retoma-alta-maio-medicamentos-cpf\/\" \/>\n<meta property=\"og:locale\" content=\"pt_BR\" \/>\n<meta property=\"og:type\" content=\"article\" \/>\n<meta property=\"og:title\" content=\"IPCA-15 retoma alta de 0,44% em maio, com medicamentos mais caros\" \/>\n<meta property=\"og:description\" content=\"O IPCA-15 avan\u00e7ou 0,44% em maio, influenciado por altas no pre\u00e7o de medicamentos e ainda sem refletir impactos da trag\u00e9dia no RS.\" \/>\n<meta property=\"og:url\" content=\"https:\/\/www.suno.com.br\/noticias\/ipca-15-retoma-alta-maio-medicamentos-cpf\/\" \/>\n<meta property=\"og:site_name\" content=\"Suno Not\u00edcias\" \/>\n<meta property=\"article:publisher\" content=\"https:\/\/facebook.com\/sunoresearch\" \/>\n<meta property=\"og:image\" content=\"https:\/\/files.sunoresearch.com.br\/n\/uploads\/2020\/03\/131dd5fe-capsulas-comprimidos-cores-dor-143654.jpg\" \/>\n\t<meta property=\"og:image:width\" content=\"3126\" \/>\n\t<meta property=\"og:image:height\" content=\"2084\" \/>\n\t<meta property=\"og:image:type\" content=\"image\/jpeg\" \/>\n<meta name=\"author\" content=\"Camila Paim\" \/>\n<meta name=\"twitter:card\" content=\"summary_large_image\" \/>\n<meta name=\"twitter:creator\" content=\"@sunoresearch\" \/>\n<meta name=\"twitter:site\" content=\"@sunoresearch\" \/>\n<meta name=\"twitter:label1\" content=\"Escrito por\" \/>\n\t<meta name=\"twitter:data1\" content=\"Camila Paim\" \/>\n\t<meta name=\"twitter:label2\" content=\"Est. tempo de leitura\" \/>\n\t<meta name=\"twitter:data2\" content=\"4 minutos\" \/>\n<script type=\"application\/ld+json\" class=\"yoast-schema-graph\">{\"@context\":\"https:\/\/schema.org\",\"@graph\":[{\"@type\":\"NewsArticle\",\"@id\":\"https:\/\/www.suno.com.br\/noticias\/ipca-15-retoma-alta-maio-medicamentos-cpf\/#article\",\"isPartOf\":{\"@id\":\"https:\/\/www.suno.com.br\/noticias\/ipca-15-retoma-alta-maio-medicamentos-cpf\/\"},\"author\":{\"name\":\"Camila Paim\",\"@id\":\"https:\/\/www.suno.com.br\/noticias\/#\/schema\/person\/f341d3ae5d1cc685176c9a5327cdfdbb\"},\"headline\":\"IPCA-15 retoma escalada, a 0,44% em maio, com medicamentos mais caros e sem impactos do RS\",\"datePublished\":\"2024-05-28T12:28:31+00:00\",\"dateModified\":\"2024-05-28T13:13:35+00:00\",\"mainEntityOfPage\":{\"@id\":\"https:\/\/www.suno.com.br\/noticias\/ipca-15-retoma-alta-maio-medicamentos-cpf\/\"},\"wordCount\":653,\"publisher\":{\"@id\":\"https:\/\/www.suno.com.br\/noticias\/#organization\"},\"image\":{\"@id\":\"https:\/\/www.suno.com.br\/noticias\/ipca-15-retoma-alta-maio-medicamentos-cpf\/#primaryimage\"},\"thumbnailUrl\":\"https:\/\/files.sunoresearch.com.br\/n\/uploads\/2020\/03\/131dd5fe-capsulas-comprimidos-cores-dor-143654-scaled.webp\",\"keywords\":[\"Especialistas\",\"infla\u00e7\u00e3o\",\"IPCA-15\",\"Suno Research\"],\"articleSection\":[\"Economia\"],\"inLanguage\":\"pt-BR\"},{\"@type\":\"WebPage\",\"@id\":\"https:\/\/www.suno.com.br\/noticias\/ipca-15-retoma-alta-maio-medicamentos-cpf\/\",\"url\":\"https:\/\/www.suno.com.br\/noticias\/ipca-15-retoma-alta-maio-medicamentos-cpf\/\",\"name\":\"IPCA-15 retoma alta de 0,44% em maio, com medicamentos mais caros\",\"isPartOf\":{\"@id\":\"https:\/\/www.suno.com.br\/noticias\/#website\"},\"primaryImageOfPage\":{\"@id\":\"https:\/\/www.suno.com.br\/noticias\/ipca-15-retoma-alta-maio-medicamentos-cpf\/#primaryimage\"},\"image\":{\"@id\":\"https:\/\/www.suno.com.br\/noticias\/ipca-15-retoma-alta-maio-medicamentos-cpf\/#primaryimage\"},\"thumbnailUrl\":\"https:\/\/files.sunoresearch.com.br\/n\/uploads\/2020\/03\/131dd5fe-capsulas-comprimidos-cores-dor-143654-scaled.webp\",\"datePublished\":\"2024-05-28T12:28:31+00:00\",\"dateModified\":\"2024-05-28T13:13:35+00:00\",\"description\":\"O IPCA-15 avan\u00e7ou 0,44% em maio, influenciado por altas no pre\u00e7o de medicamentos e ainda sem refletir impactos da trag\u00e9dia no RS.\",\"breadcrumb\":{\"@id\":\"https:\/\/www.suno.com.br\/noticias\/ipca-15-retoma-alta-maio-medicamentos-cpf\/#breadcrumb\"},\"inLanguage\":\"pt-BR\",\"potentialAction\":[{\"@type\":\"ReadAction\",\"target\":[\"https:\/\/www.suno.com.br\/noticias\/ipca-15-retoma-alta-maio-medicamentos-cpf\/\"]}]},{\"@type\":\"ImageObject\",\"inLanguage\":\"pt-BR\",\"@id\":\"https:\/\/www.suno.com.br\/noticias\/ipca-15-retoma-alta-maio-medicamentos-cpf\/#primaryimage\",\"url\":\"https:\/\/files.sunoresearch.com.br\/n\/uploads\/2020\/03\/131dd5fe-capsulas-comprimidos-cores-dor-143654-scaled.webp\",\"contentUrl\":\"https:\/\/files.sunoresearch.com.br\/n\/uploads\/2020\/03\/131dd5fe-capsulas-comprimidos-cores-dor-143654-scaled.webp\",\"width\":2560,\"height\":1707,\"caption\":\"Medicamentos est\u00e3o mais caros, aponta IPCA-15 de maio - Foto: Pixabay\"},{\"@type\":\"BreadcrumbList\",\"@id\":\"https:\/\/www.suno.com.br\/noticias\/ipca-15-retoma-alta-maio-medicamentos-cpf\/#breadcrumb\",\"itemListElement\":[{\"@type\":\"ListItem\",\"position\":1,\"name\":\"Not\u00edcias\",\"item\":\"https:\/\/www.suno.com.br\/noticias\/\"},{\"@type\":\"ListItem\",\"position\":2,\"name\":\"Economia\",\"item\":\"https:\/\/www.suno.com.br\/noticias\/economia\/\"},{\"@type\":\"ListItem\",\"position\":3,\"name\":\"IPCA-15 retoma escalada, a 0,44% em maio, com medicamentos mais caros e sem impactos do RS\"}]},{\"@type\":\"WebSite\",\"@id\":\"https:\/\/www.suno.com.br\/noticias\/#website\",\"url\":\"https:\/\/www.suno.com.br\/noticias\/\",\"name\":\"Suno Not\u00edcias\",\"description\":\"Seu portal de informa\u00e7\u00e3o sobre o mundo dos investimentos\",\"publisher\":{\"@id\":\"https:\/\/www.suno.com.br\/noticias\/#organization\"},\"potentialAction\":[{\"@type\":\"SearchAction\",\"target\":{\"@type\":\"EntryPoint\",\"urlTemplate\":\"https:\/\/www.suno.com.br\/noticias\/?s={search_term_string}\"},\"query-input\":{\"@type\":\"PropertyValueSpecification\",\"valueRequired\":true,\"valueName\":\"search_term_string\"}}],\"inLanguage\":\"pt-BR\"},{\"@type\":\"Organization\",\"@id\":\"https:\/\/www.suno.com.br\/noticias\/#organization\",\"name\":\"Suno Not\u00edcias\",\"url\":\"https:\/\/www.suno.com.br\/noticias\/\",\"logo\":{\"@type\":\"ImageObject\",\"inLanguage\":\"pt-BR\",\"@id\":\"https:\/\/www.suno.com.br\/noticias\/#\/schema\/logo\/image\/\",\"url\":\"https:\/\/files.sunoresearch.com.br\/n\/uploads\/2021\/09\/suno-logo.png\",\"contentUrl\":\"https:\/\/files.sunoresearch.com.br\/n\/uploads\/2021\/09\/suno-logo.png\",\"width\":180,\"height\":180,\"caption\":\"Suno Not\u00edcias\"},\"image\":{\"@id\":\"https:\/\/www.suno.com.br\/noticias\/#\/schema\/logo\/image\/\"},\"sameAs\":[\"https:\/\/facebook.com\/sunoresearch\",\"https:\/\/x.com\/sunoresearch\",\"https:\/\/www.instagram.com\/suno\",\"https:\/\/www.linkedin.com\/company\/suno-research\/\",\"https:\/\/www.youtube.com\/c\/sunoresearch\"]},{\"@type\":\"Person\",\"@id\":\"https:\/\/www.suno.com.br\/noticias\/#\/schema\/person\/f341d3ae5d1cc685176c9a5327cdfdbb\",\"name\":\"Camila Paim\",\"image\":{\"@type\":\"ImageObject\",\"inLanguage\":\"pt-BR\",\"@id\":\"https:\/\/www.suno.com.br\/noticias\/#\/schema\/person\/image\/\",\"url\":\"https:\/\/secure.gravatar.com\/avatar\/f33728e65febb1aa7ecf6792956f9b20?s=96&r=g\",\"contentUrl\":\"https:\/\/secure.gravatar.com\/avatar\/f33728e65febb1aa7ecf6792956f9b20?s=96&r=g\",\"caption\":\"Camila Paim\"},\"description\":\"Jornalista formada pela USP, tem experi\u00eancia em reda\u00e7\u00f5es, SEO, Branded Content e Webdesign. Com passagem pelo Jornal da USP, Empiricus e C6 Bank, hoje \u00e9 rep\u00f3rter no Suno Not\u00edcias cobrindo macroeconomia, finan\u00e7as pessoais e startups.\",\"url\":\"https:\/\/www.suno.com.br\/noticias\/author\/camila-figueiredosuno-com-br\/\"}]}<\/script>\n<!-- \/ Yoast SEO plugin. -->","yoast_head_json":{"title":"IPCA-15 retoma alta de 0,44% em maio, com medicamentos mais caros","description":"O IPCA-15 avan\u00e7ou 0,44% em maio, influenciado por altas no pre\u00e7o de medicamentos e ainda sem refletir impactos da trag\u00e9dia no RS.","robots":{"index":"index","follow":"follow","max-snippet":"max-snippet:-1","max-image-preview":"max-image-preview:large","max-video-preview":"max-video-preview:-1"},"canonical":"https:\/\/www.suno.com.br\/noticias\/ipca-15-retoma-alta-maio-medicamentos-cpf\/","og_locale":"pt_BR","og_type":"article","og_title":"IPCA-15 retoma alta de 0,44% em maio, com medicamentos mais caros","og_description":"O IPCA-15 avan\u00e7ou 0,44% em maio, influenciado por altas no pre\u00e7o de medicamentos e ainda sem refletir impactos da trag\u00e9dia no RS.","og_url":"https:\/\/www.suno.com.br\/noticias\/ipca-15-retoma-alta-maio-medicamentos-cpf\/","og_site_name":"Suno Not\u00edcias","article_publisher":"https:\/\/facebook.com\/sunoresearch","og_image":[{"width":3126,"height":2084,"url":"https:\/\/files.sunoresearch.com.br\/n\/uploads\/2020\/03\/131dd5fe-capsulas-comprimidos-cores-dor-143654.jpg","type":"image\/jpeg"}],"author":"Camila Paim","twitter_card":"summary_large_image","twitter_creator":"@sunoresearch","twitter_site":"@sunoresearch","twitter_misc":{"Escrito por":"Camila Paim","Est. tempo de leitura":"4 minutos"},"schema":{"@context":"https:\/\/schema.org","@graph":[{"@type":"NewsArticle","@id":"https:\/\/www.suno.com.br\/noticias\/ipca-15-retoma-alta-maio-medicamentos-cpf\/#article","isPartOf":{"@id":"https:\/\/www.suno.com.br\/noticias\/ipca-15-retoma-alta-maio-medicamentos-cpf\/"},"author":{"name":"Camila Paim","@id":"https:\/\/www.suno.com.br\/noticias\/#\/schema\/person\/f341d3ae5d1cc685176c9a5327cdfdbb"},"headline":"IPCA-15 retoma escalada, a 0,44% em maio, com medicamentos mais caros e sem impactos do RS","datePublished":"2024-05-28T12:28:31+00:00","dateModified":"2024-05-28T13:13:35+00:00","mainEntityOfPage":{"@id":"https:\/\/www.suno.com.br\/noticias\/ipca-15-retoma-alta-maio-medicamentos-cpf\/"},"wordCount":653,"publisher":{"@id":"https:\/\/www.suno.com.br\/noticias\/#organization"},"image":{"@id":"https:\/\/www.suno.com.br\/noticias\/ipca-15-retoma-alta-maio-medicamentos-cpf\/#primaryimage"},"thumbnailUrl":"https:\/\/files.sunoresearch.com.br\/n\/uploads\/2020\/03\/131dd5fe-capsulas-comprimidos-cores-dor-143654-scaled.webp","keywords":["Especialistas","infla\u00e7\u00e3o","IPCA-15","Suno Research"],"articleSection":["Economia"],"inLanguage":"pt-BR"},{"@type":"WebPage","@id":"https:\/\/www.suno.com.br\/noticias\/ipca-15-retoma-alta-maio-medicamentos-cpf\/","url":"https:\/\/www.suno.com.br\/noticias\/ipca-15-retoma-alta-maio-medicamentos-cpf\/","name":"IPCA-15 retoma alta de 0,44% em maio, com medicamentos mais caros","isPartOf":{"@id":"https:\/\/www.suno.com.br\/noticias\/#website"},"primaryImageOfPage":{"@id":"https:\/\/www.suno.com.br\/noticias\/ipca-15-retoma-alta-maio-medicamentos-cpf\/#primaryimage"},"image":{"@id":"https:\/\/www.suno.com.br\/noticias\/ipca-15-retoma-alta-maio-medicamentos-cpf\/#primaryimage"},"thumbnailUrl":"https:\/\/files.sunoresearch.com.br\/n\/uploads\/2020\/03\/131dd5fe-capsulas-comprimidos-cores-dor-143654-scaled.webp","datePublished":"2024-05-28T12:28:31+00:00","dateModified":"2024-05-28T13:13:35+00:00","description":"O IPCA-15 avan\u00e7ou 0,44% em maio, influenciado por altas no pre\u00e7o de medicamentos e ainda sem refletir impactos da trag\u00e9dia no RS.","breadcrumb":{"@id":"https:\/\/www.suno.com.br\/noticias\/ipca-15-retoma-alta-maio-medicamentos-cpf\/#breadcrumb"},"inLanguage":"pt-BR","potentialAction":[{"@type":"ReadAction","target":["https:\/\/www.suno.com.br\/noticias\/ipca-15-retoma-alta-maio-medicamentos-cpf\/"]}]},{"@type":"ImageObject","inLanguage":"pt-BR","@id":"https:\/\/www.suno.com.br\/noticias\/ipca-15-retoma-alta-maio-medicamentos-cpf\/#primaryimage","url":"https:\/\/files.sunoresearch.com.br\/n\/uploads\/2020\/03\/131dd5fe-capsulas-comprimidos-cores-dor-143654-scaled.webp","contentUrl":"https:\/\/files.sunoresearch.com.br\/n\/uploads\/2020\/03\/131dd5fe-capsulas-comprimidos-cores-dor-143654-scaled.webp","width":2560,"height":1707,"caption":"Medicamentos est\u00e3o mais caros, aponta IPCA-15 de maio - Foto: Pixabay"},{"@type":"BreadcrumbList","@id":"https:\/\/www.suno.com.br\/noticias\/ipca-15-retoma-alta-maio-medicamentos-cpf\/#breadcrumb","itemListElement":[{"@type":"ListItem","position":1,"name":"Not\u00edcias","item":"https:\/\/www.suno.com.br\/noticias\/"},{"@type":"ListItem","position":2,"name":"Economia","item":"https:\/\/www.suno.com.br\/noticias\/economia\/"},{"@type":"ListItem","position":3,"name":"IPCA-15 retoma escalada, a 0,44% em maio, com medicamentos mais caros e sem impactos do RS"}]},{"@type":"WebSite","@id":"https:\/\/www.suno.com.br\/noticias\/#website","url":"https:\/\/www.suno.com.br\/noticias\/","name":"Suno Not\u00edcias","description":"Seu portal de informa\u00e7\u00e3o sobre o mundo dos investimentos","publisher":{"@id":"https:\/\/www.suno.com.br\/noticias\/#organization"},"potentialAction":[{"@type":"SearchAction","target":{"@type":"EntryPoint","urlTemplate":"https:\/\/www.suno.com.br\/noticias\/?s={search_term_string}"},"query-input":{"@type":"PropertyValueSpecification","valueRequired":true,"valueName":"search_term_string"}}],"inLanguage":"pt-BR"},{"@type":"Organization","@id":"https:\/\/www.suno.com.br\/noticias\/#organization","name":"Suno Not\u00edcias","url":"https:\/\/www.suno.com.br\/noticias\/","logo":{"@type":"ImageObject","inLanguage":"pt-BR","@id":"https:\/\/www.suno.com.br\/noticias\/#\/schema\/logo\/image\/","url":"https:\/\/files.sunoresearch.com.br\/n\/uploads\/2021\/09\/suno-logo.png","contentUrl":"https:\/\/files.sunoresearch.com.br\/n\/uploads\/2021\/09\/suno-logo.png","width":180,"height":180,"caption":"Suno Not\u00edcias"},"image":{"@id":"https:\/\/www.suno.com.br\/noticias\/#\/schema\/logo\/image\/"},"sameAs":["https:\/\/facebook.com\/sunoresearch","https:\/\/x.com\/sunoresearch","https:\/\/www.instagram.com\/suno","https:\/\/www.linkedin.com\/company\/suno-research\/","https:\/\/www.youtube.com\/c\/sunoresearch"]},{"@type":"Person","@id":"https:\/\/www.suno.com.br\/noticias\/#\/schema\/person\/f341d3ae5d1cc685176c9a5327cdfdbb","name":"Camila Paim","image":{"@type":"ImageObject","inLanguage":"pt-BR","@id":"https:\/\/www.suno.com.br\/noticias\/#\/schema\/person\/image\/","url":"https:\/\/secure.gravatar.com\/avatar\/f33728e65febb1aa7ecf6792956f9b20?s=96&r=g","contentUrl":"https:\/\/secure.gravatar.com\/avatar\/f33728e65febb1aa7ecf6792956f9b20?s=96&r=g","caption":"Camila Paim"},"description":"Jornalista formada pela USP, tem experi\u00eancia em reda\u00e7\u00f5es, SEO, Branded Content e Webdesign. Com passagem pelo Jornal da USP, Empiricus e C6 Bank, hoje \u00e9 rep\u00f3rter no Suno Not\u00edcias cobrindo macroeconomia, finan\u00e7as pessoais e startups.","url":"https:\/\/www.suno.com.br\/noticias\/author\/camila-figueiredosuno-com-br\/"}]}},"default_loop_html":"<div class=\"cardsPage__listCard__boxs\"><div class=\"cardsPage__listCard__boxs__img\"><a href=\"https:\/\/www.suno.com.br\/noticias\/ipca-15-retoma-alta-maio-medicamentos-cpf\/\"><img class=\"mask\" src=\"https:\/\/www.suno.com.br\/noticias\/wp-content\/themes\/suno\/resources\/images\/spotlight\/spotlight1img\/bg-mask.png\" alt=\"Image Mask\"\/><img src=\"https:\/\/files.sunoresearch.com.br\/n\/uploads\/2020\/03\/131dd5fe-capsulas-comprimidos-cores-dor-143654-400x200.webp\" alt=\"IPCA-15 retoma escalada, a 0,44% em maio, com medicamentos mais caros e sem impactos do RS\"\/><\/a><span class=\"spotlightCategory\"><a href=\"https:\/\/www.suno.com.br\/noticias\/economia\/\">Economia<\/a><\/span><\/div><div class=\"cardsPage__listCard__boxs__content\"><a href=\"https:\/\/www.suno.com.br\/noticias\/ipca-15-retoma-alta-maio-medicamentos-cpf\/\"><h2 class=\"content__title\">IPCA-15 retoma escalada, a 0,44% em maio, com medicamentos mais caros e sem impactos do RS<\/h2><\/a><div class=\"newsContent__article__meta\"><div class=\"newsContent__article__meta__authorBox\"><a href=\"https:\/\/www.suno.com.br\/noticias\/author\/camila-figueiredosuno-com-br\/\" class=\"authorBox__avatar noMobi\"><img src=\"https:\/\/files.sunoresearch.com.br\/n\/uploads\/2024\/05\/camila-paim-square-150x150.jpg\" alt=\"Camila Paim\"><\/a><div class=\"authorBox__name\"><span>por\n\t\t\t<a href=\"https:\/\/www.suno.com.br\/noticias\/author\/camila-figueiredosuno-com-br\/\"><span itemprop=\"author\">Camila Paim<\/span><\/a><\/span><time datetime=\"2024-05-28T09:28:31-03:00\" itemprop=\"datePublished\">28\/05\/2024 09:28<\/time><\/div><\/div><\/div><\/div><\/div>","single_layout":"posts","amp_enabled":true,"_links":{"self":[{"href":"https:\/\/www.suno.com.br\/noticias\/wp-json\/wp\/v2\/posts\/557715"}],"collection":[{"href":"https:\/\/www.suno.com.br\/noticias\/wp-json\/wp\/v2\/posts"}],"about":[{"href":"https:\/\/www.suno.com.br\/noticias\/wp-json\/wp\/v2\/types\/post"}],"author":[{"embeddable":true,"href":"https:\/\/www.suno.com.br\/noticias\/wp-json\/wp\/v2\/users\/283"}],"replies":[{"embeddable":true,"href":"https:\/\/www.suno.com.br\/noticias\/wp-json\/wp\/v2\/comments?post=557715"}],"version-history":[{"count":3,"href":"https:\/\/www.suno.com.br\/noticias\/wp-json\/wp\/v2\/posts\/557715\/revisions"}],"predecessor-version":[{"id":557767,"href":"https:\/\/www.suno.com.br\/noticias\/wp-json\/wp\/v2\/posts\/557715\/revisions\/557767"}],"wp:featuredmedia":[{"embeddable":true,"href":"https:\/\/www.suno.com.br\/noticias\/wp-json\/wp\/v2\/media\/59774"}],"wp:attachment":[{"href":"https:\/\/www.suno.com.br\/noticias\/wp-json\/wp\/v2\/media?parent=557715"}],"wp:term":[{"taxonomy":"category","embeddable":true,"href":"https:\/\/www.suno.com.br\/noticias\/wp-json\/wp\/v2\/categories?post=557715"},{"taxonomy":"post_tag","embeddable":true,"href":"https:\/\/www.suno.com.br\/noticias\/wp-json\/wp\/v2\/tags?post=557715"},{"taxonomy":"suno_strategy","embeddable":true,"href":"https:\/\/www.suno.com.br\/noticias\/wp-json\/wp\/v2\/suno_strategy?post=557715"}],"curies":[{"name":"wp","href":"https:\/\/api.w.org\/{rel}","templated":true}]}}