{"id":55718,"date":"2020-03-09T17:37:26","date_gmt":"2020-03-09T20:37:26","guid":{"rendered":"https:\/\/www.suno.com.br\/noticias\/?p=55718"},"modified":"2021-02-17T22:26:41","modified_gmt":"2021-02-18T01:26:41","slug":"dolar-fecha-em-alta","status":"publish","type":"post","link":"https:\/\/www.suno.com.br\/noticias\/dolar-fecha-em-alta\/","title":{"rendered":"D\u00f3lar fecha em alta de 2%, cotado a R$ 4,72 em dia de caos"},"content":{"rendered":"<p>O <strong>d\u00f3lar<\/strong> encerrou as negocia\u00e7\u00f5es desta segunda-feira (9) em alta de 1,97%, cotado a R$ 4,726. Este \u00e9 o maior valor nominal, sem considerar a infla\u00e7\u00e3o, da hist\u00f3ria.<\/p>\t<div class=\"wrapper-featured-image\">\n\t\t<figure class=\"spotlightImg\">\n\n\t\t\t<picture>\n\t\t\t\t<source media=\"(max-width: 768px)\" srcset=\"https:\/\/files.sunoresearch.com.br\/n\/uploads\/2019\/08\/ece92e9f-d\u00f3lar-pesos-400x200.webp\">\n\t\t\t\t<img loading=\"lazy\" decoding=\"async\" class=\"newsContent__article__imgCapa lazyloadDisabled newsContent__article__imgCapa--noCaption\" src=\"https:\/\/files.sunoresearch.com.br\/n\/uploads\/2019\/08\/ece92e9f-d\u00f3lar-pesos-800x450.webp\" width=\"800\" height=\"450\" alt=\"D\u00f3lar fecha em alta de 2%, cotado a R$ 4,72 em dia de caos\" fetchpriority=high \/>\n\t\t\t<\/picture>\n\n\t\t\t<figcaption class=\"wp-caption-text wp-caption-text--hide\">Por volta das 9h10, o d\u00f3lar operava em alta de 0,206%, negociado a R$ 5,5382.<\/figcaption>\n\t\t<\/figure>\n\t<\/div>\n\n\n\n<p>A moeda americana operou em alta ante o real durante toda esta segunda-feira. O <a href=\"https:\/\/www.suno.com.br\/artigos\/bacen\/\">Banco Central (BC)<\/a> realizou novos leil\u00f5es da moeda norte-americana para, ao menos, tentar conter a desvaloriza\u00e7\u00e3o do real.<\/p>\n<p>O primeiro leil\u00e3o, pela manh\u00e3, foi de US$ 3 bilh\u00f5es. J\u00e1 o da tarde negociou cerca de US$ 465 milh\u00f5es como forma de conter a alta da moeda.<\/p>\n<p>Al\u00e9m disso, o diretor de pol\u00edtica monet\u00e1ria do BC, Bruno Serra Fernandes, <a href=\"https:\/\/www.suno.com.br\/noticias\/intervencoes-no-dolar-banco-central\/\">afirmou que as interven\u00e7\u00f5es da autoridade monet\u00e1ria<\/a> &#8220;podem durar o tempo que for necess\u00e1rio para o retorno do regular funcionamento do mercado de c\u00e2mbio&#8221;.<\/p>\n<p><a href=\"https:\/\/www.suno.com.br\/nossas-assinaturas\/suno-premium\/\"><span data-sheets-value=\"{&quot;1&quot;:2,&quot;2&quot;:&quot;\\&quot;Black Friday\\&quot; na B3 | Saiba como usar o fator Coronav\u00edrus a seu favor tendo acesso aos melhores investimentos do mercado.&quot;}\" data-sheets-userformat=\"{&quot;2&quot;:513,&quot;3&quot;:{&quot;1&quot;:0},&quot;12&quot;:0}\">&#8220;Black Friday&#8221; na B3 | Saiba como usar o fator Coronav\u00edrus a seu favor tendo acesso aos melhores investimentos do mercado.<\/span><\/a><\/p>\n<p>A alta do d\u00f3lar em rela\u00e7\u00e3o ao real ocorre em um dia de p\u00e2nico nos mercados globais, que causou rea\u00e7\u00f5es no mercado.\u00a0O Ibovespa, principal \u00edndice acion\u00e1rio brasileiro, teve a maior queda di\u00e1ria desde 1998.<\/p>\n<h2>Paulo Guedes, d\u00f3lar e bolsas em queda<\/h2>\n<p><a href=\"https:\/\/www.suno.com.br\/tudo-sobre\/paulo-guedes\/\">Com os sinais do mercado, o ministro da Economia, <strong>Paulo Guedes<\/strong><\/a>, afirmou, em entrevista com jornalistas nesta segunda-feira (9), que v\u00ea com &#8220;absoluta serenidade&#8221; o cen\u00e1rio internacional conturbado.<\/p>\n\t<p>\n\t\t<a href=\"https:\/\/lp.suno.com.br\/planilha-de-controle-de-investimentos\/\" target=\"_blank\" data-element=\"shortcode-suno-banner\" title=\"Banner SUNO, clique e saiba mais\">\n\t\t\t<picture>\n\t\t\t\t<source media=\"(max-width: 500px)\" srcset=\"https:\/\/files.sunoresearch.com.br\/n\/uploads\/2023\/03\/400x300-Controle-de-Investimentos.png\">\n\t\t\t\t<img class=\"newsContent__article__imgCapa newsContent__article__imgCapa--banner\"\n\t\t\t\t\tsrc=\"https:\/\/files.sunoresearch.com.br\/n\/uploads\/2023\/03\/1420x240-Controle-de-Investimentos.png\"\n\t\t\t\t\tdata-promo-id=\"75934\"\t\t\t\t\t\t\t\t\t\twidth='1420' height='240'\t\t\t\t\talt=\"https:\/\/files.sunoresearch.com.br\/n\/uploads\/2023\/03\/1420x240-Controle-de-Investimentos.png\"\n\t\t\t\t>\n\t\t\t<\/picture>\n\t\t<\/a>\n\t<\/p>\n\n\n<p>\u201cAbsoluta serenidade. A crise l\u00e1 fora est\u00e1 se aprofundando, o mundo j\u00e1 estava em desacelera\u00e7\u00e3o sincronizada. A\u00ed vem o coronav\u00edrus, que acelerou a queda. O mundo est\u00e1 realmente em um momento cr\u00edtico, o <strong>coronav\u00edrus<\/strong> est\u00e1 sendo s\u00f3 a gota-d\u2019\u00e1gua\u201d, disse Paulo Guedes.<\/p>\n<h2>Petr\u00f3leo e coronav\u00edrus<\/h2>\n<p>A alta ocorre ap\u00f3s um dia tenso nas principais bolsas do mundo, dado o aumento das tens\u00f5es comerciais entre a R\u00fassia e pa\u00edses exportadores de petr\u00f3leo, principalmente a Ar\u00e1bia Saudita, e os temores acerca do impacto do coronav\u00edrus (covid-19) na economia global.<\/p>\n<p>Devido ao insucesso das negocia\u00e7\u00f5es entre a <a href=\"https:\/\/www.suno.com.br\/artigos\/opep\/\">Organiza\u00e7\u00e3o dos Pa\u00edses Exportadores de <strong>Petr\u00f3leo<\/strong> (OPEP)<\/a> e a R\u00fassia sobre o volume de produ\u00e7\u00e3o da commodity, os pre\u00e7os do barril Brent chegaram a cair 31% no mercado futuro asi\u00e1tico do \u00faltimo domingo (8). Essa \u00e9 a maior queda di\u00e1ria desde a Guerra do Golfo, ocorrida entre 1990 e 1991.<\/p>\n<p>Na \u00faltima sexta-feira (6), as m\u00e1s not\u00edcias sobre as negocia\u00e7\u00f5es entre os pa\u00edses da OPEP e a R\u00fassia (grupo chamado de OPEP+), chegaram a derrubar o petr\u00f3leo na maior queda di\u00e1ria em 11 anos. Por volta das 6h45 desta segunda-feira (9), o petr\u00f3leo Brent era negociado a US$ 36,62, uma queda de 19,11%.<\/p>\n\t<p>\n\t\t<a href=\"https:\/\/lp.suno.com.br\/ebook-como-analisar-uma-acao\/\" target=\"_blank\" data-element=\"shortcode-suno-banner\" title=\"Banner SUNO, clique e saiba mais\">\n\t\t\t<picture>\n\t\t\t\t<source media=\"(max-width: 500px)\" srcset=\"https:\/\/files.sunoresearch.com.br\/n\/uploads\/2023\/12\/Ebook-Acoes-Mobile.jpg\">\n\t\t\t\t<img class=\"newsContent__article__imgCapa newsContent__article__imgCapa--banner\"\n\t\t\t\t\tsrc=\"https:\/\/files.sunoresearch.com.br\/n\/uploads\/2023\/12\/Ebook-Acoes-Desktop.webp\"\n\t\t\t\t\tdata-promo-id=\"311260\"\t\t\t\t\t\t\t\t\t\twidth='1420' height='286'\t\t\t\t\talt=\"https:\/\/files.sunoresearch.com.br\/n\/uploads\/2023\/12\/Ebook-Acoes-Desktop.webp\"\n\t\t\t\t>\n\t\t\t<\/picture>\n\t\t<\/a>\n\t<\/p>\n\n\n<p>Devido \u00e0 dissemina\u00e7\u00e3o do <strong>coronav\u00edrus<\/strong> (Covid-19), a demanda por petr\u00f3leo tem ca\u00eddo ao longo de 2020. Num cen\u00e1rio de queda no <a href=\"https:\/\/www.suno.com.br\/artigos\/commodities\/\">consumo da commodity<\/a>, a Ar\u00e1bia Saudita, que det\u00eam a maior e mais eficiente produ\u00e7\u00e3o do mundo, tentam tirar participa\u00e7\u00e3o de mercado de alguns pa\u00edses, como a R\u00fassia.<\/p>\n<p>O temor pela instabilidade nas rela\u00e7\u00f5es entre os pa\u00edses exportadores de <strong>petr\u00f3leo <\/strong>fez com que as bolsas de valores da Ar\u00e1bia Saudita e dos demais pa\u00edses do Golfo despencassem na abertura do mercado no \u00faltimo domingo.<\/p>\n<p>Al\u00e9m disso, ainda pesa sobre o d\u00f3lar os temores sobre as poss\u00edveis consequ\u00eancias que a dissemina\u00e7\u00e3o do coronav\u00edrus pode ter sobre a economia global.<\/p>\n<p>S\u00f3 no <strong>Brasil<\/strong>, foram confirmados 25 casos. Tr\u00eas novos pacientes foram contabilizados pelos estados do Rio de Janeiro, Minas Gerais e Alagoas, segundo o Minist\u00e9rio da Sa\u00fade no \u00faltimo domingo.<\/p>\n\n","protected":false},"excerpt":{"rendered":"<p>O d\u00f3lar encerrou as negocia\u00e7\u00f5es desta segunda-feira (9) em alta de 1,97%, cotado a R$ 4,726. Este \u00e9 o maior valor nominal, sem considerar a infla\u00e7\u00e3o, da hist\u00f3ria. Por volta das 9h10, o d\u00f3lar operava em alta de 0,206%, negociado a R$ 5,5382. A moeda americana operou em alta ante o real durante toda esta [&hellip;]<\/p>\n","protected":false},"author":27,"featured_media":35734,"comment_status":"closed","ping_status":"closed","sticky":false,"template":"","format":"standard","meta":[],"categories":[60],"tags":[5255,326,1852,740,796,766],"suno_strategy":[],"class_list":["post-55718","post","type-post","status-publish","format-standard","has-post-thumbnail","hentry","category-mercado","tag-covid-19","tag-dolar","tag-dolar-futuro","tag-economia","tag-paulo-guedes","tag-petroleo"],"yoast_head":"<!-- This site is optimized with the Yoast SEO plugin v24.4 - https:\/\/yoast.com\/wordpress\/plugins\/seo\/ -->\n<title>D\u00f3lar fecha em alta de quase 2%, cotado a R$ 4,72 em dia de caos<\/title>\n<meta name=\"description\" content=\"D\u00f3lar encerrou o dia no maior patamar nominal, sem descontar a infla\u00e7\u00e3o, em rela\u00e7\u00e3o ao real na hist\u00f3ria. Clique para ler mais.\" \/>\n<meta name=\"robots\" content=\"index, follow, max-snippet:-1, max-image-preview:large, max-video-preview:-1\" \/>\n<link rel=\"canonical\" href=\"https:\/\/www.suno.com.br\/noticias\/dolar-fecha-em-alta\/\" \/>\n<meta property=\"og:locale\" content=\"pt_BR\" \/>\n<meta property=\"og:type\" content=\"article\" \/>\n<meta property=\"og:title\" content=\"D\u00f3lar fecha em alta de quase 2%, cotado a R$ 4,72 em dia de caos\" \/>\n<meta property=\"og:description\" content=\"D\u00f3lar encerrou o dia no maior patamar nominal, sem descontar a infla\u00e7\u00e3o, em rela\u00e7\u00e3o ao real na hist\u00f3ria. Clique para ler mais.\" \/>\n<meta property=\"og:url\" content=\"https:\/\/www.suno.com.br\/noticias\/dolar-fecha-em-alta\/\" \/>\n<meta property=\"og:site_name\" content=\"Suno Not\u00edcias\" \/>\n<meta property=\"article:publisher\" content=\"https:\/\/facebook.com\/sunoresearch\" \/>\n<meta property=\"og:image\" content=\"https:\/\/files.sunoresearch.com.br\/n\/uploads\/2019\/08\/ece92e9f-d\u00f3lar-pesos.jpg\" \/>\n\t<meta property=\"og:image:width\" content=\"1086\" \/>\n\t<meta property=\"og:image:height\" content=\"652\" \/>\n\t<meta property=\"og:image:type\" content=\"image\/jpeg\" \/>\n<meta name=\"author\" content=\"Vinicius Pereira\" \/>\n<meta name=\"twitter:card\" content=\"summary_large_image\" \/>\n<meta name=\"twitter:creator\" content=\"@https:\/\/twitter.com\/viniciuspjornal\" \/>\n<meta name=\"twitter:site\" content=\"@sunoresearch\" \/>\n<meta name=\"twitter:label1\" content=\"Escrito por\" \/>\n\t<meta name=\"twitter:data1\" content=\"Vinicius Pereira\" \/>\n\t<meta name=\"twitter:label2\" content=\"Est. tempo de leitura\" \/>\n\t<meta name=\"twitter:data2\" content=\"3 minutos\" \/>\n<script type=\"application\/ld+json\" class=\"yoast-schema-graph\">{\"@context\":\"https:\/\/schema.org\",\"@graph\":[{\"@type\":\"NewsArticle\",\"@id\":\"https:\/\/www.suno.com.br\/noticias\/dolar-fecha-em-alta\/#article\",\"isPartOf\":{\"@id\":\"https:\/\/www.suno.com.br\/noticias\/dolar-fecha-em-alta\/\"},\"author\":{\"name\":\"Vinicius Pereira\",\"@id\":\"https:\/\/www.suno.com.br\/noticias\/#\/schema\/person\/a20761b96e4df7eb57f1f9e41be1dbf3\"},\"headline\":\"D\u00f3lar fecha em alta de 2%, cotado a R$ 4,72 em dia de caos\",\"datePublished\":\"2020-03-09T20:37:26+00:00\",\"dateModified\":\"2021-02-18T01:26:41+00:00\",\"mainEntityOfPage\":{\"@id\":\"https:\/\/www.suno.com.br\/noticias\/dolar-fecha-em-alta\/\"},\"wordCount\":636,\"publisher\":{\"@id\":\"https:\/\/www.suno.com.br\/noticias\/#organization\"},\"image\":{\"@id\":\"https:\/\/www.suno.com.br\/noticias\/dolar-fecha-em-alta\/#primaryimage\"},\"thumbnailUrl\":\"https:\/\/files.sunoresearch.com.br\/n\/uploads\/2019\/08\/ece92e9f-d\u00f3lar-pesos-jpg.webp\",\"keywords\":[\"covid-19\",\"d\u00f3lar\",\"d\u00f3lar futuro\",\"Economia\",\"Paulo Guedes\",\"Petr\u00f3leo\"],\"articleSection\":[\"Mercado\"],\"inLanguage\":\"pt-BR\"},{\"@type\":\"WebPage\",\"@id\":\"https:\/\/www.suno.com.br\/noticias\/dolar-fecha-em-alta\/\",\"url\":\"https:\/\/www.suno.com.br\/noticias\/dolar-fecha-em-alta\/\",\"name\":\"D\u00f3lar fecha em alta de quase 2%, cotado a R$ 4,72 em dia de caos\",\"isPartOf\":{\"@id\":\"https:\/\/www.suno.com.br\/noticias\/#website\"},\"primaryImageOfPage\":{\"@id\":\"https:\/\/www.suno.com.br\/noticias\/dolar-fecha-em-alta\/#primaryimage\"},\"image\":{\"@id\":\"https:\/\/www.suno.com.br\/noticias\/dolar-fecha-em-alta\/#primaryimage\"},\"thumbnailUrl\":\"https:\/\/files.sunoresearch.com.br\/n\/uploads\/2019\/08\/ece92e9f-d\u00f3lar-pesos-jpg.webp\",\"datePublished\":\"2020-03-09T20:37:26+00:00\",\"dateModified\":\"2021-02-18T01:26:41+00:00\",\"description\":\"D\u00f3lar encerrou o dia no maior patamar nominal, sem descontar a infla\u00e7\u00e3o, em rela\u00e7\u00e3o ao real na hist\u00f3ria. Clique para ler mais.\",\"breadcrumb\":{\"@id\":\"https:\/\/www.suno.com.br\/noticias\/dolar-fecha-em-alta\/#breadcrumb\"},\"inLanguage\":\"pt-BR\",\"potentialAction\":[{\"@type\":\"ReadAction\",\"target\":[\"https:\/\/www.suno.com.br\/noticias\/dolar-fecha-em-alta\/\"]}]},{\"@type\":\"ImageObject\",\"inLanguage\":\"pt-BR\",\"@id\":\"https:\/\/www.suno.com.br\/noticias\/dolar-fecha-em-alta\/#primaryimage\",\"url\":\"https:\/\/files.sunoresearch.com.br\/n\/uploads\/2019\/08\/ece92e9f-d\u00f3lar-pesos-jpg.webp\",\"contentUrl\":\"https:\/\/files.sunoresearch.com.br\/n\/uploads\/2019\/08\/ece92e9f-d\u00f3lar-pesos-jpg.webp\",\"width\":1086,\"height\":652,\"caption\":\"Por volta das 9h10, o d\u00f3lar operava em alta de 0,206%, negociado a R$ 5,5382.\"},{\"@type\":\"BreadcrumbList\",\"@id\":\"https:\/\/www.suno.com.br\/noticias\/dolar-fecha-em-alta\/#breadcrumb\",\"itemListElement\":[{\"@type\":\"ListItem\",\"position\":1,\"name\":\"Not\u00edcias\",\"item\":\"https:\/\/www.suno.com.br\/noticias\/\"},{\"@type\":\"ListItem\",\"position\":2,\"name\":\"Mercado\",\"item\":\"https:\/\/www.suno.com.br\/noticias\/mercado\/\"},{\"@type\":\"ListItem\",\"position\":3,\"name\":\"D\u00f3lar fecha em alta de 2%, cotado a R$ 4,72 em dia de caos\"}]},{\"@type\":\"WebSite\",\"@id\":\"https:\/\/www.suno.com.br\/noticias\/#website\",\"url\":\"https:\/\/www.suno.com.br\/noticias\/\",\"name\":\"Suno Not\u00edcias\",\"description\":\"Seu portal de informa\u00e7\u00e3o sobre o mundo dos investimentos\",\"publisher\":{\"@id\":\"https:\/\/www.suno.com.br\/noticias\/#organization\"},\"potentialAction\":[{\"@type\":\"SearchAction\",\"target\":{\"@type\":\"EntryPoint\",\"urlTemplate\":\"https:\/\/www.suno.com.br\/noticias\/?s={search_term_string}\"},\"query-input\":{\"@type\":\"PropertyValueSpecification\",\"valueRequired\":true,\"valueName\":\"search_term_string\"}}],\"inLanguage\":\"pt-BR\"},{\"@type\":\"Organization\",\"@id\":\"https:\/\/www.suno.com.br\/noticias\/#organization\",\"name\":\"Suno Not\u00edcias\",\"url\":\"https:\/\/www.suno.com.br\/noticias\/\",\"logo\":{\"@type\":\"ImageObject\",\"inLanguage\":\"pt-BR\",\"@id\":\"https:\/\/www.suno.com.br\/noticias\/#\/schema\/logo\/image\/\",\"url\":\"https:\/\/files.sunoresearch.com.br\/n\/uploads\/2021\/09\/suno-logo.png\",\"contentUrl\":\"https:\/\/files.sunoresearch.com.br\/n\/uploads\/2021\/09\/suno-logo.png\",\"width\":180,\"height\":180,\"caption\":\"Suno Not\u00edcias\"},\"image\":{\"@id\":\"https:\/\/www.suno.com.br\/noticias\/#\/schema\/logo\/image\/\"},\"sameAs\":[\"https:\/\/facebook.com\/sunoresearch\",\"https:\/\/x.com\/sunoresearch\",\"https:\/\/www.instagram.com\/suno\",\"https:\/\/www.linkedin.com\/company\/suno-research\/\",\"https:\/\/www.youtube.com\/c\/sunoresearch\"]},{\"@type\":\"Person\",\"@id\":\"https:\/\/www.suno.com.br\/noticias\/#\/schema\/person\/a20761b96e4df7eb57f1f9e41be1dbf3\",\"name\":\"Vinicius Pereira\",\"image\":{\"@type\":\"ImageObject\",\"inLanguage\":\"pt-BR\",\"@id\":\"https:\/\/www.suno.com.br\/noticias\/#\/schema\/person\/image\/\",\"url\":\"https:\/\/secure.gravatar.com\/avatar\/783866b933198f5cc4c5d03fcc8b1301?s=96&r=g\",\"contentUrl\":\"https:\/\/secure.gravatar.com\/avatar\/783866b933198f5cc4c5d03fcc8b1301?s=96&r=g\",\"caption\":\"Vinicius Pereira\"},\"description\":\"Vinicius Pereira foi rep\u00f3rter de economia da Folha de S.Paulo, stringer do jornal no Canad\u00e1 e colaborador de VEJA. J\u00e1 escreveu tamb\u00e9m para BBC Brasil, The Intercept Brasil e UOL. Tem MBA em Informa\u00e7\u00f5es Econ\u00f4mico-Financeiras e Mercado de Capitais pela FIA\/B3.\",\"sameAs\":[\"https:\/\/x.com\/https:\/\/twitter.com\/viniciuspjornal\"],\"url\":\"https:\/\/www.suno.com.br\/noticias\/author\/vinicius-pereira\/\"}]}<\/script>\n<!-- \/ Yoast SEO plugin. -->","yoast_head_json":{"title":"D\u00f3lar fecha em alta de quase 2%, cotado a R$ 4,72 em dia de caos","description":"D\u00f3lar encerrou o dia no maior patamar nominal, sem descontar a infla\u00e7\u00e3o, em rela\u00e7\u00e3o ao real na hist\u00f3ria. Clique para ler mais.","robots":{"index":"index","follow":"follow","max-snippet":"max-snippet:-1","max-image-preview":"max-image-preview:large","max-video-preview":"max-video-preview:-1"},"canonical":"https:\/\/www.suno.com.br\/noticias\/dolar-fecha-em-alta\/","og_locale":"pt_BR","og_type":"article","og_title":"D\u00f3lar fecha em alta de quase 2%, cotado a R$ 4,72 em dia de caos","og_description":"D\u00f3lar encerrou o dia no maior patamar nominal, sem descontar a infla\u00e7\u00e3o, em rela\u00e7\u00e3o ao real na hist\u00f3ria. Clique para ler mais.","og_url":"https:\/\/www.suno.com.br\/noticias\/dolar-fecha-em-alta\/","og_site_name":"Suno Not\u00edcias","article_publisher":"https:\/\/facebook.com\/sunoresearch","og_image":[{"width":1086,"height":652,"url":"https:\/\/files.sunoresearch.com.br\/n\/uploads\/2019\/08\/ece92e9f-d\u00f3lar-pesos.jpg","type":"image\/jpeg"}],"author":"Vinicius Pereira","twitter_card":"summary_large_image","twitter_creator":"@https:\/\/twitter.com\/viniciuspjornal","twitter_site":"@sunoresearch","twitter_misc":{"Escrito por":"Vinicius Pereira","Est. tempo de leitura":"3 minutos"},"schema":{"@context":"https:\/\/schema.org","@graph":[{"@type":"NewsArticle","@id":"https:\/\/www.suno.com.br\/noticias\/dolar-fecha-em-alta\/#article","isPartOf":{"@id":"https:\/\/www.suno.com.br\/noticias\/dolar-fecha-em-alta\/"},"author":{"name":"Vinicius Pereira","@id":"https:\/\/www.suno.com.br\/noticias\/#\/schema\/person\/a20761b96e4df7eb57f1f9e41be1dbf3"},"headline":"D\u00f3lar fecha em alta de 2%, cotado a R$ 4,72 em dia de caos","datePublished":"2020-03-09T20:37:26+00:00","dateModified":"2021-02-18T01:26:41+00:00","mainEntityOfPage":{"@id":"https:\/\/www.suno.com.br\/noticias\/dolar-fecha-em-alta\/"},"wordCount":636,"publisher":{"@id":"https:\/\/www.suno.com.br\/noticias\/#organization"},"image":{"@id":"https:\/\/www.suno.com.br\/noticias\/dolar-fecha-em-alta\/#primaryimage"},"thumbnailUrl":"https:\/\/files.sunoresearch.com.br\/n\/uploads\/2019\/08\/ece92e9f-d\u00f3lar-pesos-jpg.webp","keywords":["covid-19","d\u00f3lar","d\u00f3lar futuro","Economia","Paulo Guedes","Petr\u00f3leo"],"articleSection":["Mercado"],"inLanguage":"pt-BR"},{"@type":"WebPage","@id":"https:\/\/www.suno.com.br\/noticias\/dolar-fecha-em-alta\/","url":"https:\/\/www.suno.com.br\/noticias\/dolar-fecha-em-alta\/","name":"D\u00f3lar fecha em alta de quase 2%, cotado a R$ 4,72 em dia de caos","isPartOf":{"@id":"https:\/\/www.suno.com.br\/noticias\/#website"},"primaryImageOfPage":{"@id":"https:\/\/www.suno.com.br\/noticias\/dolar-fecha-em-alta\/#primaryimage"},"image":{"@id":"https:\/\/www.suno.com.br\/noticias\/dolar-fecha-em-alta\/#primaryimage"},"thumbnailUrl":"https:\/\/files.sunoresearch.com.br\/n\/uploads\/2019\/08\/ece92e9f-d\u00f3lar-pesos-jpg.webp","datePublished":"2020-03-09T20:37:26+00:00","dateModified":"2021-02-18T01:26:41+00:00","description":"D\u00f3lar encerrou o dia no maior patamar nominal, sem descontar a infla\u00e7\u00e3o, em rela\u00e7\u00e3o ao real na hist\u00f3ria. Clique para ler mais.","breadcrumb":{"@id":"https:\/\/www.suno.com.br\/noticias\/dolar-fecha-em-alta\/#breadcrumb"},"inLanguage":"pt-BR","potentialAction":[{"@type":"ReadAction","target":["https:\/\/www.suno.com.br\/noticias\/dolar-fecha-em-alta\/"]}]},{"@type":"ImageObject","inLanguage":"pt-BR","@id":"https:\/\/www.suno.com.br\/noticias\/dolar-fecha-em-alta\/#primaryimage","url":"https:\/\/files.sunoresearch.com.br\/n\/uploads\/2019\/08\/ece92e9f-d\u00f3lar-pesos-jpg.webp","contentUrl":"https:\/\/files.sunoresearch.com.br\/n\/uploads\/2019\/08\/ece92e9f-d\u00f3lar-pesos-jpg.webp","width":1086,"height":652,"caption":"Por volta das 9h10, o d\u00f3lar operava em alta de 0,206%, negociado a R$ 5,5382."},{"@type":"BreadcrumbList","@id":"https:\/\/www.suno.com.br\/noticias\/dolar-fecha-em-alta\/#breadcrumb","itemListElement":[{"@type":"ListItem","position":1,"name":"Not\u00edcias","item":"https:\/\/www.suno.com.br\/noticias\/"},{"@type":"ListItem","position":2,"name":"Mercado","item":"https:\/\/www.suno.com.br\/noticias\/mercado\/"},{"@type":"ListItem","position":3,"name":"D\u00f3lar fecha em alta de 2%, cotado a R$ 4,72 em dia de caos"}]},{"@type":"WebSite","@id":"https:\/\/www.suno.com.br\/noticias\/#website","url":"https:\/\/www.suno.com.br\/noticias\/","name":"Suno Not\u00edcias","description":"Seu portal de informa\u00e7\u00e3o sobre o mundo dos investimentos","publisher":{"@id":"https:\/\/www.suno.com.br\/noticias\/#organization"},"potentialAction":[{"@type":"SearchAction","target":{"@type":"EntryPoint","urlTemplate":"https:\/\/www.suno.com.br\/noticias\/?s={search_term_string}"},"query-input":{"@type":"PropertyValueSpecification","valueRequired":true,"valueName":"search_term_string"}}],"inLanguage":"pt-BR"},{"@type":"Organization","@id":"https:\/\/www.suno.com.br\/noticias\/#organization","name":"Suno Not\u00edcias","url":"https:\/\/www.suno.com.br\/noticias\/","logo":{"@type":"ImageObject","inLanguage":"pt-BR","@id":"https:\/\/www.suno.com.br\/noticias\/#\/schema\/logo\/image\/","url":"https:\/\/files.sunoresearch.com.br\/n\/uploads\/2021\/09\/suno-logo.png","contentUrl":"https:\/\/files.sunoresearch.com.br\/n\/uploads\/2021\/09\/suno-logo.png","width":180,"height":180,"caption":"Suno Not\u00edcias"},"image":{"@id":"https:\/\/www.suno.com.br\/noticias\/#\/schema\/logo\/image\/"},"sameAs":["https:\/\/facebook.com\/sunoresearch","https:\/\/x.com\/sunoresearch","https:\/\/www.instagram.com\/suno","https:\/\/www.linkedin.com\/company\/suno-research\/","https:\/\/www.youtube.com\/c\/sunoresearch"]},{"@type":"Person","@id":"https:\/\/www.suno.com.br\/noticias\/#\/schema\/person\/a20761b96e4df7eb57f1f9e41be1dbf3","name":"Vinicius Pereira","image":{"@type":"ImageObject","inLanguage":"pt-BR","@id":"https:\/\/www.suno.com.br\/noticias\/#\/schema\/person\/image\/","url":"https:\/\/secure.gravatar.com\/avatar\/783866b933198f5cc4c5d03fcc8b1301?s=96&r=g","contentUrl":"https:\/\/secure.gravatar.com\/avatar\/783866b933198f5cc4c5d03fcc8b1301?s=96&r=g","caption":"Vinicius Pereira"},"description":"Vinicius Pereira foi rep\u00f3rter de economia da Folha de S.Paulo, stringer do jornal no Canad\u00e1 e colaborador de VEJA. J\u00e1 escreveu tamb\u00e9m para BBC Brasil, The Intercept Brasil e UOL. Tem MBA em Informa\u00e7\u00f5es Econ\u00f4mico-Financeiras e Mercado de Capitais pela FIA\/B3.","sameAs":["https:\/\/x.com\/https:\/\/twitter.com\/viniciuspjornal"],"url":"https:\/\/www.suno.com.br\/noticias\/author\/vinicius-pereira\/"}]}},"default_loop_html":"<div class=\"cardsPage__listCard__boxs\"><div class=\"cardsPage__listCard__boxs__img\"><a href=\"https:\/\/www.suno.com.br\/noticias\/dolar-fecha-em-alta\/\"><img class=\"mask\" src=\"https:\/\/www.suno.com.br\/noticias\/wp-content\/themes\/suno\/resources\/images\/spotlight\/spotlight1img\/bg-mask.png\" alt=\"Image Mask\"\/><img src=\"https:\/\/files.sunoresearch.com.br\/n\/uploads\/2019\/08\/ece92e9f-d\u00f3lar-pesos-400x200.webp\" alt=\"D\u00f3lar fecha em alta de 2%, cotado a R$ 4,72 em dia de caos\"\/><\/a><span class=\"spotlightCategory\"><a href=\"https:\/\/www.suno.com.br\/noticias\/mercado\/\">Mercado<\/a><\/span><\/div><div class=\"cardsPage__listCard__boxs__content\"><a href=\"https:\/\/www.suno.com.br\/noticias\/dolar-fecha-em-alta\/\"><h2 class=\"content__title\">D\u00f3lar fecha em alta de 2%, cotado a R$ 4,72 em dia de caos<\/h2><\/a><div class=\"newsContent__article__meta\"><div class=\"newsContent__article__meta__authorBox\"><a href=\"https:\/\/www.suno.com.br\/noticias\/author\/vinicius-pereira\/\" class=\"authorBox__avatar noMobi\"><img src=\"https:\/\/files.sunoresearch.com.br\/n\/uploads\/2020\/08\/77510613-whatsapp-image-2020-08-03-at-13.40.40-150x150.webp\" alt=\"Vinicius Pereira\"><\/a><div class=\"authorBox__name\"><span>por\n\t\t\t<a href=\"https:\/\/www.suno.com.br\/noticias\/author\/vinicius-pereira\/\"><span itemprop=\"author\">Vinicius Pereira<\/span><\/a><\/span><time datetime=\"2020-03-09T17:37:26-03:00\" itemprop=\"datePublished\">09\/03\/2020 17:37<\/time><\/div><\/div><\/div><\/div><\/div>","single_layout":"posts","amp_enabled":true,"_links":{"self":[{"href":"https:\/\/www.suno.com.br\/noticias\/wp-json\/wp\/v2\/posts\/55718"}],"collection":[{"href":"https:\/\/www.suno.com.br\/noticias\/wp-json\/wp\/v2\/posts"}],"about":[{"href":"https:\/\/www.suno.com.br\/noticias\/wp-json\/wp\/v2\/types\/post"}],"author":[{"embeddable":true,"href":"https:\/\/www.suno.com.br\/noticias\/wp-json\/wp\/v2\/users\/27"}],"replies":[{"embeddable":true,"href":"https:\/\/www.suno.com.br\/noticias\/wp-json\/wp\/v2\/comments?post=55718"}],"version-history":[{"count":0,"href":"https:\/\/www.suno.com.br\/noticias\/wp-json\/wp\/v2\/posts\/55718\/revisions"}],"wp:featuredmedia":[{"embeddable":true,"href":"https:\/\/www.suno.com.br\/noticias\/wp-json\/wp\/v2\/media\/35734"}],"wp:attachment":[{"href":"https:\/\/www.suno.com.br\/noticias\/wp-json\/wp\/v2\/media?parent=55718"}],"wp:term":[{"taxonomy":"category","embeddable":true,"href":"https:\/\/www.suno.com.br\/noticias\/wp-json\/wp\/v2\/categories?post=55718"},{"taxonomy":"post_tag","embeddable":true,"href":"https:\/\/www.suno.com.br\/noticias\/wp-json\/wp\/v2\/tags?post=55718"},{"taxonomy":"suno_strategy","embeddable":true,"href":"https:\/\/www.suno.com.br\/noticias\/wp-json\/wp\/v2\/suno_strategy?post=55718"}],"curies":[{"name":"wp","href":"https:\/\/api.w.org\/{rel}","templated":true}]}}