{"id":557086,"date":"2024-05-24T20:18:59","date_gmt":"2024-05-24T23:18:59","guid":{"rendered":"https:\/\/www.suno.com.br\/noticias\/?p=557086"},"modified":"2024-05-24T20:24:41","modified_gmt":"2024-05-24T23:24:41","slug":"gol-goll4-azul-azul4-fusao-240524-mm","status":"publish","type":"post","link":"https:\/\/www.suno.com.br\/noticias\/gol-goll4-azul-azul4-fusao-240524-mm\/","title":{"rendered":"BBA: acordo entre Azul (AZUL4) e Gol (GOLL4) ser\u00e1 mais vantajoso para uma das companhias; saiba qual"},"content":{"rendered":"<p>O recente <a class=\"suno-keyword\" data-force=\"no\" data-priority=\"1\" href=\"https:\/\/www.suno.com.br\/artigos\/acordo-de-cooperacao\/\" target=\"_blank\" rel=\"noopener\">acordo de coopera\u00e7\u00e3o<\/a> entre as companhias a\u00e9reas Gol (GOLL4) e<strong> Azul<\/strong> (AZUL4), movimento conhecido como codeshare, \u00e9 vantajosa para a Azul e pode fortalecer a posi\u00e7\u00e3o da empresa no mercado de avia\u00e7\u00e3o brasileiro, al\u00e9m de aumentar a receita devido \u00e0 expans\u00e3o da conectividade. \u00c9 o que diz o Ita\u00fa BBA em relat\u00f3rio divulgado ao mercado nesta sexta-feira (24).<\/p>\t<div class=\"wrapper-featured-image\">\n\t\t<figure class=\"spotlightImg\">\n\n\t\t\t<picture>\n\t\t\t\t<source media=\"(max-width: 768px)\" srcset=\"https:\/\/files.sunoresearch.com.br\/n\/uploads\/2022\/12\/azul-azul4-400x200.jpg\">\n\t\t\t\t<img loading=\"lazy\" decoding=\"async\" class=\"newsContent__article__imgCapa lazyloadDisabled \" src=\"https:\/\/files.sunoresearch.com.br\/n\/uploads\/2022\/12\/azul-azul4-800x450.jpg\" width=\"800\" height=\"450\" alt=\"BBA: acordo entre Azul (AZUL4) e Gol (GOLL4) ser\u00e1 mais vantajoso para uma das companhias; saiba qual\" fetchpriority=high \/>\n\t\t\t<\/picture>\n\n\t\t\t<figcaption class=\"wp-caption-text wp-caption-text--show\">Azul (AZUL53) anuncia oferta de US$ 1,375 bilh\u00e3o para financiar sa\u00edda do Chapter 11. Foto: Divulga\u00e7\u00e3o\/Azul<\/figcaption>\n\t\t<\/figure>\n\t<\/div>\n\n\n\n\n\n\t<p>\n\t\t<a href=\"\" target=\"_blank\" data-element=\"shortcode-suno-banner\" title=\"Banner SUNO, clique e saiba mais\">\n\t\t\t<picture>\n\t\t\t\t<source media=\"(max-width: 500px)\" srcset=\"\">\n\t\t\t\t<img class=\"newsContent__article__imgCapa newsContent__article__imgCapa--banner\"\n\t\t\t\t\tsrc=\"\"\n\t\t\t\t\tdata-promo-id=\"240038\"\t\t\t\t\t\t\t\t\t\t\t\t\t\t\talt=\"\"\n\t\t\t\t>\n\t\t\t<\/picture>\n\t\t<\/a>\n\t<\/p>\n\n\n\n\n\n<p>A avalia\u00e7\u00e3o do banco foi feita um dia depois de ambas as empresas fecharem um <a class=\"suno-keyword\" data-force=\"no\" data-priority=\"1\" href=\"https:\/\/www.suno.com.br\/artigos\/acordo-comercial\/\" target=\"_blank\" rel=\"noopener\">acordo comercial<\/a> de <strong>compartilhamento de voos<\/strong> <strong>da Azul e Gol<\/strong>. Os analistas do setor de Transporte e Log\u00edstica do BBA, liderados por Gabriel Rezende, sugerem que essa alian\u00e7a pode aumentar a especula\u00e7\u00e3o entre os investidores sobre uma poss\u00edvel fus\u00e3o entre as duas empresas. <\/p>\n\n\n\n<p>Dado que a Azul opera de forma independente em mais de 80% de suas rotas, argumenta o relat\u00f3rio, a uni\u00e3o dos neg\u00f3cios poderia liberar substanciais sinergias de receita e reduzir custos operacionais. Os estrategistas ressaltam que o acordo dispensa burocracia, j\u00e1 que a <strong>parceria entre a Azul e a Gol<\/strong> n\u00e3o necessita da aprova\u00e7\u00e3o do Conselho Administrativo de Defesa Econ\u00f4mica (Cade). <\/p>\n\n\n\n<p>A recomenda\u00e7\u00e3o do Ita\u00fa BBA para as <strong>a\u00e7\u00f5es da Azul<\/strong> permanece positiva, com uma sugest\u00e3o de outperform (equivalente a compra). O pre\u00e7o-alvo estabelecido pelo banco \u00e9 de R$ 24, indicando um potencial de valoriza\u00e7\u00e3o de 143,65% em compara\u00e7\u00e3o ao fechamento de quinta-feira (23).<\/p>\n\n\n\n<h2 class=\"wp-block-heading\">Entenda a parceria das empresas a\u00e9reas<\/h2>\n\n\n\n<p>Na quinta-feira (23), a <strong>Gol <\/strong>e a Azul fecharam acordo de codeshare, uma parceria comercial que vai conectar as malhas a\u00e9reas das duas empresas no Brasil. Basicamente, a parceria inclui rotas dom\u00e9sticas operadas exclusivamente por uma das companhias.<\/p>\n\n\n\n<p>Segundo as empresas, o servi\u00e7o estar\u00e1 dispon\u00edvel para os consumidores a partir do final de junho deste ano, nos canais de atendimento das duas companhias.<\/p>\n\n\n\n<p>O acordo permitir\u00e1 que os bilhetes de uma empresa sejam vendidos para voos operados pela outra, ampliando a oferta de voos no pa\u00eds. Com isso, os clientes das duas empresas ter\u00e3o mais op\u00e7\u00f5es de conex\u00f5es e destinos finais. Atrav\u00e9s do acordo, ser\u00e1 poss\u00edvel viajar entre cidades operadas por uma das companhias, trocar de aeronave e seguir para outro destino operado pela outra.<\/p>\n\n\n\n<p>Al\u00e9m disso, os <strong>programas de fidelidade das companhias<\/strong> tamb\u00e9m est\u00e3o inclu\u00eddos na parceria. Os clientes devem acumular pontos ou milhas em um dos programas ao comprar bilhetes de trechos compartilhados.<\/p>\n\n\n\n<p>Individualmente, Azul e Gol operam cerca de 1.500 decolagens di\u00e1ria<strong>s <\/strong>cada. Com o compartilhamento de voos, espera-se a cria\u00e7\u00e3o de mais de 2.700 viagens com apenas uma conex\u00e3o.<\/p>\n\n\n\t<p>\n\t\t<a href=\"https:\/\/lp.suno.com.br\/ebook-gratuito-investindo-no-exterior\/\" target=\"_blank\" data-element=\"shortcode-suno-banner\" title=\"Banner SUNO, clique e saiba mais\">\n\t\t\t<picture>\n\t\t\t\t<source media=\"(max-width: 500px)\" srcset=\"https:\/\/files.sunoresearch.com.br\/n\/uploads\/2023\/03\/400x300-Investindo-no-exterior.png\">\n\t\t\t\t<img class=\"newsContent__article__imgCapa newsContent__article__imgCapa--banner\"\n\t\t\t\t\tsrc=\"https:\/\/files.sunoresearch.com.br\/n\/uploads\/2023\/03\/1420x240-Investindo-no-exterior.png\"\n\t\t\t\t\tdata-promo-id=\"383161\"\t\t\t\t\t\t\t\t\t\twidth='1420' height='240'\t\t\t\t\talt=\"https:\/\/files.sunoresearch.com.br\/n\/uploads\/2023\/03\/1420x240-Investindo-no-exterior.png\"\n\t\t\t\t>\n\t\t\t<\/picture>\n\t\t<\/a>\n\t<\/p>\n\n\n\n\n\n<h2 class=\"wp-block-heading\">Gol abre processo de recupera\u00e7\u00e3o judicial nos EUA; preju\u00edzo da Azul cresce 43%<\/h2>\n\n\n\n<p>A coopera\u00e7\u00e3o entre as companhias a\u00e9reas acontece ap\u00f3s cinco meses do <strong>pedido de recupera\u00e7\u00e3o judicial da Gol<\/strong> nos Estados Unidos. \u00c0 \u00e9poca, o Tribunal de Fal\u00eancias de Nova York aceitou o processo no dia seguinte. Em comunicado ao mercado quatro dias depois, a empresa informou que encerrou dezembro do ano passado com uma d\u00edvida de R$ 20,17 bilh\u00f5es. <\/p>\n\n\n\n<p>Os ativos n\u00e3o auditados no final de dezembro totalizavam R$ 16,83 bilh\u00f5es, e o patrim\u00f4nio l\u00edquido estava negativo em R$ 23,35 bilh\u00f5es. Analistas financeiros disseram que<strong> o principal problema da Gol foi o passivo acumulado desde a pandemia de covid-1<\/strong>9, que teve fortes impactos no setor a\u00e9reo. O pedido no Chapter 11 dos EUA permite que as empresas continuem operando enquanto reestruturam suas finan\u00e7as. <\/p>\n\n\n\n<p>Do outro lado da moeda, a <strong>Azul reportou semana passada um preju\u00edzo l\u00edquido de R$ 1,05 bilh\u00e3o<\/strong> no primeiro trimestre de 2024 (1T24), um aumento de 43% em rela\u00e7\u00e3o ao preju\u00edzo l\u00edquido de R$ 736,6 milh\u00f5es registrado no mesmo per\u00edodo do ano anterior. <\/p>\n\n\n\n<p>No entanto, ao descontar os efeitos cambiais, o preju\u00edzo ajustado foi de R$ 324,2 milh\u00f5es, uma redu\u00e7\u00e3o de 55% em compara\u00e7\u00e3o \u00e0s perdas ajustadas do primeiro trimestre de 2023 (1T23). A empresa registrou uma receita de R$ 4,68 bilh\u00f5es no trimestre, um crescimento de 4,5% em rela\u00e7\u00e3o ao ano anterior, alcan\u00e7ando um recorde para o per\u00edodo. Esse aumento foi impulsionado pela <strong>alta demanda por transporte a\u00e9reo<\/strong>.<\/p>\n\n\n\n\t<div data-element=\"shortcode-read-more\" class=\"readToo\">\n\t\t\t\t<span class=\"readToo__title\">Leia mais<\/span>\n\t\t\t\t<ul class=\"readToo__list\">\n\t\t\t<li><a href=\"https:\/\/www.suno.com.br\/noticias\/dolar-sobe-com-risco-domestico-radar\/\">D\u00f3lar sobe com risco dom\u00e9stico no radar e acumula alta da semana<\/a><\/li><li><a href=\"https:\/\/www.suno.com.br\/noticias\/telefonica-vivt3-acordo-adaptacao-stfc-evm\/\">Telef\u00f4nica (VIVT3) fecha acordo de adapta\u00e7\u00e3o nos contratos de concess\u00e3o do STFC<\/a><\/li><li><a href=\"https:\/\/www.suno.com.br\/noticias\/ibovespa-reverte-carma-alta-azul-azul4-petrobras-petr4-vale-vale3-cpf\/\">Ibovespa oscila, aos 124 mil pontos; Petrobras (PETR4) vira para o vermelho e Vale (VALE3) sobe<\/a><\/li>\t\t<\/ul>\n\t<\/div>\n\n\n\n\n<h2 class=\"wp-block-heading\">Mercado antecipa fus\u00e3o e a\u00e7\u00f5es decolam<\/h2>\n\n\n\n<p>O mercado j\u00e1 antecipa uma poss\u00edvel<strong> fus\u00e3o completa entre Azul e Gol<\/strong>, especulada desde que a Gol entrou em recupera\u00e7\u00e3o judicial. Nesta sexta-feira (24), as a\u00e7\u00f5es das duas companhias a\u00e9reas subiram at\u00e9 10% ap\u00f3s o an\u00fancio da parceria.<\/p>\n\n\n\n<p>O CEO da Azul Linhas A\u00e9reas, John Peter Rodgerson, afirmou em entrevista ao site Bloomberg, semana passada, que uma consolida\u00e7\u00e3o do setor a\u00e9reo poderia reduzir o custo de capital para as companhias latino-americanas, resultando em servi\u00e7os melhores para os clientes. Negocia\u00e7\u00f5es est\u00e3o em andamento para um poss\u00edvel acordo com o <a class=\"suno-keyword\" data-force=\"no\" data-priority=\"1\" href=\"https:\/\/www.suno.com.br\/artigos\/acionista-controlador\/\" target=\"_blank\" rel=\"noopener\">acionista controlador<\/a> da companhia a\u00e9rea rival. Em mar\u00e7o, a Azul contratou bancos para assessorar uma oferta pela Gol.<\/p>\n\n\n\n<p>As <strong>companhias a\u00e9reas da Am\u00e9rica Latina<\/strong> t\u00eam enfrentado grandes dificuldades desde a pandemia de covid-19, uma vez que os governos da regi\u00e3o ofereceram pouca ajuda ao setor. Empresas como <strong>Avianca<\/strong>, <strong>Latam Airlines e Grupo Aeromexico SAB<\/strong> entraram com pedidos de recupera\u00e7\u00e3o judicial nos Estados Unidos em 2020. <\/p>\n\n\n\n<p>Rodgerson, da <strong>Azul<\/strong>,  se reuniu com o presidente Luiz In\u00e1cio Lula da Silva para discutir um plano que envolve o uso de fundos p\u00fablicos como garantia para empr\u00e9stimos, proporcionando \u00e0s companhias a\u00e9reas um al\u00edvio financeiro. Ele afirmou que o governo compreende a import\u00e2ncia de aliviar a d\u00edvida do setor e est\u00e1 trabalhando ativamente em uma solu\u00e7\u00e3o, que deve ser apresentada &#8220;dentro de alguns meses&#8221;.<\/p>\n\n\n\t<p>\n\t\t<a href=\"https:\/\/lp.suno.com.br\/planilha-da-vida-financeira\/\" target=\"_blank\" data-element=\"shortcode-suno-banner\" title=\"Banner SUNO, clique e saiba mais\">\n\t\t\t<picture>\n\t\t\t\t<source media=\"(max-width: 500px)\" srcset=\"https:\/\/files.sunoresearch.com.br\/n\/uploads\/2023\/04\/400x300-Planilha-vida-financeira-true.png\">\n\t\t\t\t<img class=\"newsContent__article__imgCapa newsContent__article__imgCapa--banner\"\n\t\t\t\t\tsrc=\"https:\/\/files.sunoresearch.com.br\/n\/uploads\/2023\/04\/1420x240-Planilha-vida-financeira-true.png\"\n\t\t\t\t\tdata-promo-id=\"383123\"\t\t\t\t\t\t\t\t\t\twidth='1420' height='240'\t\t\t\t\talt=\"https:\/\/files.sunoresearch.com.br\/n\/uploads\/2023\/04\/1420x240-Planilha-vida-financeira-true.png\"\n\t\t\t\t>\n\t\t\t<\/picture>\n\t\t<\/a>\n\t<\/p>\n\n\n","protected":false},"excerpt":{"rendered":"<p>O recente acordo de coopera\u00e7\u00e3o entre as companhias a\u00e9reas Gol (GOLL4) e Azul (AZUL4), movimento conhecido como codeshare, \u00e9 vantajosa para a Azul e pode fortalecer a posi\u00e7\u00e3o da empresa no mercado de avia\u00e7\u00e3o brasileiro, al\u00e9m de aumentar a receita devido \u00e0 expans\u00e3o da conectividade. \u00c9 o que diz o Ita\u00fa BBA em relat\u00f3rio divulgado [&hellip;]<\/p>\n","protected":false},"author":345,"featured_media":332301,"comment_status":"closed","ping_status":"closed","sticky":false,"template":"","format":"standard","meta":[],"categories":[64],"tags":[286,106932,489],"suno_strategy":[],"class_list":["post-557086","post","type-post","status-publish","format-standard","has-post-thumbnail","hentry","category-negocios","tag-acoes","tag-azul-azul4","tag-gol-linhas-aereas-goll11-goll4"],"yoast_head":"<!-- This site is optimized with the Yoast SEO plugin v24.4 - https:\/\/yoast.com\/wordpress\/plugins\/seo\/ -->\n<title>Azul (AZUL4): acordo com a Gol (GOLL4) ser\u00e1 melhor para... Veja<\/title>\n<meta name=\"description\" content=\"A avalia\u00e7\u00e3o do banco foi feita um dia depois de Azul e Gol fecharem um acordo comercial de compartilhamento de voos.\" \/>\n<meta name=\"robots\" content=\"index, follow, max-snippet:-1, max-image-preview:large, max-video-preview:-1\" \/>\n<link rel=\"canonical\" href=\"https:\/\/www.suno.com.br\/noticias\/gol-goll4-azul-azul4-fusao-240524-mm\/\" \/>\n<meta property=\"og:locale\" content=\"pt_BR\" \/>\n<meta property=\"og:type\" content=\"article\" \/>\n<meta property=\"og:title\" content=\"Azul (AZUL4): acordo com a Gol (GOLL4) ser\u00e1 melhor para... Veja\" \/>\n<meta property=\"og:description\" content=\"A avalia\u00e7\u00e3o do banco foi feita um dia depois de Azul e Gol fecharem um acordo comercial de compartilhamento de voos.\" \/>\n<meta property=\"og:url\" content=\"https:\/\/www.suno.com.br\/noticias\/gol-goll4-azul-azul4-fusao-240524-mm\/\" \/>\n<meta property=\"og:site_name\" content=\"Suno Not\u00edcias\" \/>\n<meta property=\"article:publisher\" content=\"https:\/\/facebook.com\/sunoresearch\" \/>\n<meta property=\"og:image\" content=\"https:\/\/files.sunoresearch.com.br\/n\/uploads\/2022\/12\/azul-azul4.jpg\" \/>\n\t<meta property=\"og:image:width\" content=\"1200\" \/>\n\t<meta property=\"og:image:height\" content=\"800\" \/>\n\t<meta property=\"og:image:type\" content=\"image\/jpeg\" \/>\n<meta name=\"author\" content=\"Murilo Melo\" \/>\n<meta name=\"twitter:card\" content=\"summary_large_image\" \/>\n<meta name=\"twitter:creator\" content=\"@sunoresearch\" \/>\n<meta name=\"twitter:site\" content=\"@sunoresearch\" \/>\n<meta name=\"twitter:label1\" content=\"Escrito por\" \/>\n\t<meta name=\"twitter:data1\" content=\"Murilo Melo\" \/>\n\t<meta name=\"twitter:label2\" content=\"Est. tempo de leitura\" \/>\n\t<meta name=\"twitter:data2\" content=\"5 minutos\" \/>\n<script type=\"application\/ld+json\" class=\"yoast-schema-graph\">{\"@context\":\"https:\/\/schema.org\",\"@graph\":[{\"@type\":\"NewsArticle\",\"@id\":\"https:\/\/www.suno.com.br\/noticias\/gol-goll4-azul-azul4-fusao-240524-mm\/#article\",\"isPartOf\":{\"@id\":\"https:\/\/www.suno.com.br\/noticias\/gol-goll4-azul-azul4-fusao-240524-mm\/\"},\"author\":{\"name\":\"Murilo Melo\",\"@id\":\"https:\/\/www.suno.com.br\/noticias\/#\/schema\/person\/32d4feb215afe4b317d446bb442400dd\"},\"headline\":\"BBA: acordo entre Azul (AZUL4) e Gol (GOLL4) ser\u00e1 mais vantajoso para uma das companhias; saiba qual\",\"datePublished\":\"2024-05-24T23:18:59+00:00\",\"dateModified\":\"2024-05-24T23:24:41+00:00\",\"mainEntityOfPage\":{\"@id\":\"https:\/\/www.suno.com.br\/noticias\/gol-goll4-azul-azul4-fusao-240524-mm\/\"},\"wordCount\":981,\"publisher\":{\"@id\":\"https:\/\/www.suno.com.br\/noticias\/#organization\"},\"image\":{\"@id\":\"https:\/\/www.suno.com.br\/noticias\/gol-goll4-azul-azul4-fusao-240524-mm\/#primaryimage\"},\"thumbnailUrl\":\"https:\/\/files.sunoresearch.com.br\/n\/uploads\/2022\/12\/azul-azul4.jpg\",\"keywords\":[\"A\u00e7\u00f5es\",\"Azul (AZUL4)\",\"Gol Linhas A\u00e9reas (GOLL11\/GOLL4)\"],\"articleSection\":[\"Neg\u00f3cios\"],\"inLanguage\":\"pt-BR\"},{\"@type\":\"WebPage\",\"@id\":\"https:\/\/www.suno.com.br\/noticias\/gol-goll4-azul-azul4-fusao-240524-mm\/\",\"url\":\"https:\/\/www.suno.com.br\/noticias\/gol-goll4-azul-azul4-fusao-240524-mm\/\",\"name\":\"Azul (AZUL4): acordo com a Gol (GOLL4) ser\u00e1 melhor para... Veja\",\"isPartOf\":{\"@id\":\"https:\/\/www.suno.com.br\/noticias\/#website\"},\"primaryImageOfPage\":{\"@id\":\"https:\/\/www.suno.com.br\/noticias\/gol-goll4-azul-azul4-fusao-240524-mm\/#primaryimage\"},\"image\":{\"@id\":\"https:\/\/www.suno.com.br\/noticias\/gol-goll4-azul-azul4-fusao-240524-mm\/#primaryimage\"},\"thumbnailUrl\":\"https:\/\/files.sunoresearch.com.br\/n\/uploads\/2022\/12\/azul-azul4.jpg\",\"datePublished\":\"2024-05-24T23:18:59+00:00\",\"dateModified\":\"2024-05-24T23:24:41+00:00\",\"description\":\"A avalia\u00e7\u00e3o do banco foi feita um dia depois de Azul e Gol fecharem um acordo comercial de compartilhamento de voos.\",\"breadcrumb\":{\"@id\":\"https:\/\/www.suno.com.br\/noticias\/gol-goll4-azul-azul4-fusao-240524-mm\/#breadcrumb\"},\"inLanguage\":\"pt-BR\",\"potentialAction\":[{\"@type\":\"ReadAction\",\"target\":[\"https:\/\/www.suno.com.br\/noticias\/gol-goll4-azul-azul4-fusao-240524-mm\/\"]}]},{\"@type\":\"ImageObject\",\"inLanguage\":\"pt-BR\",\"@id\":\"https:\/\/www.suno.com.br\/noticias\/gol-goll4-azul-azul4-fusao-240524-mm\/#primaryimage\",\"url\":\"https:\/\/files.sunoresearch.com.br\/n\/uploads\/2022\/12\/azul-azul4.jpg\",\"contentUrl\":\"https:\/\/files.sunoresearch.com.br\/n\/uploads\/2022\/12\/azul-azul4.jpg\",\"width\":1200,\"height\":800,\"caption\":\"Azul (AZUL53) anuncia oferta de US$ 1,375 bilh\u00e3o para financiar sa\u00edda do Chapter 11. Foto: Divulga\u00e7\u00e3o\/Azul\"},{\"@type\":\"BreadcrumbList\",\"@id\":\"https:\/\/www.suno.com.br\/noticias\/gol-goll4-azul-azul4-fusao-240524-mm\/#breadcrumb\",\"itemListElement\":[{\"@type\":\"ListItem\",\"position\":1,\"name\":\"Not\u00edcias\",\"item\":\"https:\/\/www.suno.com.br\/noticias\/\"},{\"@type\":\"ListItem\",\"position\":2,\"name\":\"Neg\u00f3cios\",\"item\":\"https:\/\/www.suno.com.br\/noticias\/negocios\/\"},{\"@type\":\"ListItem\",\"position\":3,\"name\":\"BBA: acordo entre Azul (AZUL4) e Gol (GOLL4) ser\u00e1 mais vantajoso para uma das companhias; saiba qual\"}]},{\"@type\":\"WebSite\",\"@id\":\"https:\/\/www.suno.com.br\/noticias\/#website\",\"url\":\"https:\/\/www.suno.com.br\/noticias\/\",\"name\":\"Suno Not\u00edcias\",\"description\":\"Seu portal de informa\u00e7\u00e3o sobre o mundo dos investimentos\",\"publisher\":{\"@id\":\"https:\/\/www.suno.com.br\/noticias\/#organization\"},\"potentialAction\":[{\"@type\":\"SearchAction\",\"target\":{\"@type\":\"EntryPoint\",\"urlTemplate\":\"https:\/\/www.suno.com.br\/noticias\/?s={search_term_string}\"},\"query-input\":{\"@type\":\"PropertyValueSpecification\",\"valueRequired\":true,\"valueName\":\"search_term_string\"}}],\"inLanguage\":\"pt-BR\"},{\"@type\":\"Organization\",\"@id\":\"https:\/\/www.suno.com.br\/noticias\/#organization\",\"name\":\"Suno Not\u00edcias\",\"url\":\"https:\/\/www.suno.com.br\/noticias\/\",\"logo\":{\"@type\":\"ImageObject\",\"inLanguage\":\"pt-BR\",\"@id\":\"https:\/\/www.suno.com.br\/noticias\/#\/schema\/logo\/image\/\",\"url\":\"https:\/\/files.sunoresearch.com.br\/n\/uploads\/2021\/09\/suno-logo.png\",\"contentUrl\":\"https:\/\/files.sunoresearch.com.br\/n\/uploads\/2021\/09\/suno-logo.png\",\"width\":180,\"height\":180,\"caption\":\"Suno Not\u00edcias\"},\"image\":{\"@id\":\"https:\/\/www.suno.com.br\/noticias\/#\/schema\/logo\/image\/\"},\"sameAs\":[\"https:\/\/facebook.com\/sunoresearch\",\"https:\/\/x.com\/sunoresearch\",\"https:\/\/www.instagram.com\/suno\",\"https:\/\/www.linkedin.com\/company\/suno-research\/\",\"https:\/\/www.youtube.com\/c\/sunoresearch\"]},{\"@type\":\"Person\",\"@id\":\"https:\/\/www.suno.com.br\/noticias\/#\/schema\/person\/32d4feb215afe4b317d446bb442400dd\",\"name\":\"Murilo Melo\",\"image\":{\"@type\":\"ImageObject\",\"inLanguage\":\"pt-BR\",\"@id\":\"https:\/\/www.suno.com.br\/noticias\/#\/schema\/person\/image\/\",\"url\":\"https:\/\/secure.gravatar.com\/avatar\/af7a693198b592028493c0e8b0583d4f?s=96&r=g\",\"contentUrl\":\"https:\/\/secure.gravatar.com\/avatar\/af7a693198b592028493c0e8b0583d4f?s=96&r=g\",\"caption\":\"Murilo Melo\"},\"description\":\"\u00c9 um jornalista e letr\u00f3logo com vasta experi\u00eancia em economia, finan\u00e7as e mercado. J\u00e1 foi rep\u00f3rter de jornais, revistas e sites noticiosos como A Tarde, Correio e Folha de S.Paulo. No Suno Not\u00edcias, escreve sobre neg\u00f3cios\",\"url\":\"https:\/\/www.suno.com.br\/noticias\/author\/murilomelo-jornalismogmail-com\/\"}]}<\/script>\n<!-- \/ Yoast SEO plugin. -->","yoast_head_json":{"title":"Azul (AZUL4): acordo com a Gol (GOLL4) ser\u00e1 melhor para... Veja","description":"A avalia\u00e7\u00e3o do banco foi feita um dia depois de Azul e Gol fecharem um acordo comercial de compartilhamento de voos.","robots":{"index":"index","follow":"follow","max-snippet":"max-snippet:-1","max-image-preview":"max-image-preview:large","max-video-preview":"max-video-preview:-1"},"canonical":"https:\/\/www.suno.com.br\/noticias\/gol-goll4-azul-azul4-fusao-240524-mm\/","og_locale":"pt_BR","og_type":"article","og_title":"Azul (AZUL4): acordo com a Gol (GOLL4) ser\u00e1 melhor para... Veja","og_description":"A avalia\u00e7\u00e3o do banco foi feita um dia depois de Azul e Gol fecharem um acordo comercial de compartilhamento de voos.","og_url":"https:\/\/www.suno.com.br\/noticias\/gol-goll4-azul-azul4-fusao-240524-mm\/","og_site_name":"Suno Not\u00edcias","article_publisher":"https:\/\/facebook.com\/sunoresearch","og_image":[{"width":1200,"height":800,"url":"https:\/\/files.sunoresearch.com.br\/n\/uploads\/2022\/12\/azul-azul4.jpg","type":"image\/jpeg"}],"author":"Murilo Melo","twitter_card":"summary_large_image","twitter_creator":"@sunoresearch","twitter_site":"@sunoresearch","twitter_misc":{"Escrito por":"Murilo Melo","Est. tempo de leitura":"5 minutos"},"schema":{"@context":"https:\/\/schema.org","@graph":[{"@type":"NewsArticle","@id":"https:\/\/www.suno.com.br\/noticias\/gol-goll4-azul-azul4-fusao-240524-mm\/#article","isPartOf":{"@id":"https:\/\/www.suno.com.br\/noticias\/gol-goll4-azul-azul4-fusao-240524-mm\/"},"author":{"name":"Murilo Melo","@id":"https:\/\/www.suno.com.br\/noticias\/#\/schema\/person\/32d4feb215afe4b317d446bb442400dd"},"headline":"BBA: acordo entre Azul (AZUL4) e Gol (GOLL4) ser\u00e1 mais vantajoso para uma das companhias; saiba qual","datePublished":"2024-05-24T23:18:59+00:00","dateModified":"2024-05-24T23:24:41+00:00","mainEntityOfPage":{"@id":"https:\/\/www.suno.com.br\/noticias\/gol-goll4-azul-azul4-fusao-240524-mm\/"},"wordCount":981,"publisher":{"@id":"https:\/\/www.suno.com.br\/noticias\/#organization"},"image":{"@id":"https:\/\/www.suno.com.br\/noticias\/gol-goll4-azul-azul4-fusao-240524-mm\/#primaryimage"},"thumbnailUrl":"https:\/\/files.sunoresearch.com.br\/n\/uploads\/2022\/12\/azul-azul4.jpg","keywords":["A\u00e7\u00f5es","Azul (AZUL4)","Gol Linhas A\u00e9reas (GOLL11\/GOLL4)"],"articleSection":["Neg\u00f3cios"],"inLanguage":"pt-BR"},{"@type":"WebPage","@id":"https:\/\/www.suno.com.br\/noticias\/gol-goll4-azul-azul4-fusao-240524-mm\/","url":"https:\/\/www.suno.com.br\/noticias\/gol-goll4-azul-azul4-fusao-240524-mm\/","name":"Azul (AZUL4): acordo com a Gol (GOLL4) ser\u00e1 melhor para... Veja","isPartOf":{"@id":"https:\/\/www.suno.com.br\/noticias\/#website"},"primaryImageOfPage":{"@id":"https:\/\/www.suno.com.br\/noticias\/gol-goll4-azul-azul4-fusao-240524-mm\/#primaryimage"},"image":{"@id":"https:\/\/www.suno.com.br\/noticias\/gol-goll4-azul-azul4-fusao-240524-mm\/#primaryimage"},"thumbnailUrl":"https:\/\/files.sunoresearch.com.br\/n\/uploads\/2022\/12\/azul-azul4.jpg","datePublished":"2024-05-24T23:18:59+00:00","dateModified":"2024-05-24T23:24:41+00:00","description":"A avalia\u00e7\u00e3o do banco foi feita um dia depois de Azul e Gol fecharem um acordo comercial de compartilhamento de voos.","breadcrumb":{"@id":"https:\/\/www.suno.com.br\/noticias\/gol-goll4-azul-azul4-fusao-240524-mm\/#breadcrumb"},"inLanguage":"pt-BR","potentialAction":[{"@type":"ReadAction","target":["https:\/\/www.suno.com.br\/noticias\/gol-goll4-azul-azul4-fusao-240524-mm\/"]}]},{"@type":"ImageObject","inLanguage":"pt-BR","@id":"https:\/\/www.suno.com.br\/noticias\/gol-goll4-azul-azul4-fusao-240524-mm\/#primaryimage","url":"https:\/\/files.sunoresearch.com.br\/n\/uploads\/2022\/12\/azul-azul4.jpg","contentUrl":"https:\/\/files.sunoresearch.com.br\/n\/uploads\/2022\/12\/azul-azul4.jpg","width":1200,"height":800,"caption":"Azul (AZUL53) anuncia oferta de US$ 1,375 bilh\u00e3o para financiar sa\u00edda do Chapter 11. Foto: Divulga\u00e7\u00e3o\/Azul"},{"@type":"BreadcrumbList","@id":"https:\/\/www.suno.com.br\/noticias\/gol-goll4-azul-azul4-fusao-240524-mm\/#breadcrumb","itemListElement":[{"@type":"ListItem","position":1,"name":"Not\u00edcias","item":"https:\/\/www.suno.com.br\/noticias\/"},{"@type":"ListItem","position":2,"name":"Neg\u00f3cios","item":"https:\/\/www.suno.com.br\/noticias\/negocios\/"},{"@type":"ListItem","position":3,"name":"BBA: acordo entre Azul (AZUL4) e Gol (GOLL4) ser\u00e1 mais vantajoso para uma das companhias; saiba qual"}]},{"@type":"WebSite","@id":"https:\/\/www.suno.com.br\/noticias\/#website","url":"https:\/\/www.suno.com.br\/noticias\/","name":"Suno Not\u00edcias","description":"Seu portal de informa\u00e7\u00e3o sobre o mundo dos investimentos","publisher":{"@id":"https:\/\/www.suno.com.br\/noticias\/#organization"},"potentialAction":[{"@type":"SearchAction","target":{"@type":"EntryPoint","urlTemplate":"https:\/\/www.suno.com.br\/noticias\/?s={search_term_string}"},"query-input":{"@type":"PropertyValueSpecification","valueRequired":true,"valueName":"search_term_string"}}],"inLanguage":"pt-BR"},{"@type":"Organization","@id":"https:\/\/www.suno.com.br\/noticias\/#organization","name":"Suno Not\u00edcias","url":"https:\/\/www.suno.com.br\/noticias\/","logo":{"@type":"ImageObject","inLanguage":"pt-BR","@id":"https:\/\/www.suno.com.br\/noticias\/#\/schema\/logo\/image\/","url":"https:\/\/files.sunoresearch.com.br\/n\/uploads\/2021\/09\/suno-logo.png","contentUrl":"https:\/\/files.sunoresearch.com.br\/n\/uploads\/2021\/09\/suno-logo.png","width":180,"height":180,"caption":"Suno Not\u00edcias"},"image":{"@id":"https:\/\/www.suno.com.br\/noticias\/#\/schema\/logo\/image\/"},"sameAs":["https:\/\/facebook.com\/sunoresearch","https:\/\/x.com\/sunoresearch","https:\/\/www.instagram.com\/suno","https:\/\/www.linkedin.com\/company\/suno-research\/","https:\/\/www.youtube.com\/c\/sunoresearch"]},{"@type":"Person","@id":"https:\/\/www.suno.com.br\/noticias\/#\/schema\/person\/32d4feb215afe4b317d446bb442400dd","name":"Murilo Melo","image":{"@type":"ImageObject","inLanguage":"pt-BR","@id":"https:\/\/www.suno.com.br\/noticias\/#\/schema\/person\/image\/","url":"https:\/\/secure.gravatar.com\/avatar\/af7a693198b592028493c0e8b0583d4f?s=96&r=g","contentUrl":"https:\/\/secure.gravatar.com\/avatar\/af7a693198b592028493c0e8b0583d4f?s=96&r=g","caption":"Murilo Melo"},"description":"\u00c9 um jornalista e letr\u00f3logo com vasta experi\u00eancia em economia, finan\u00e7as e mercado. J\u00e1 foi rep\u00f3rter de jornais, revistas e sites noticiosos como A Tarde, Correio e Folha de S.Paulo. No Suno Not\u00edcias, escreve sobre neg\u00f3cios","url":"https:\/\/www.suno.com.br\/noticias\/author\/murilomelo-jornalismogmail-com\/"}]}},"default_loop_html":"<div class=\"cardsPage__listCard__boxs\"><div class=\"cardsPage__listCard__boxs__img\"><a href=\"https:\/\/www.suno.com.br\/noticias\/gol-goll4-azul-azul4-fusao-240524-mm\/\"><img class=\"mask\" src=\"https:\/\/www.suno.com.br\/noticias\/wp-content\/themes\/suno\/resources\/images\/spotlight\/spotlight1img\/bg-mask.png\" alt=\"Image Mask\"\/><img src=\"https:\/\/files.sunoresearch.com.br\/n\/uploads\/2022\/12\/azul-azul4-400x200.jpg\" alt=\"BBA: acordo entre Azul (AZUL4) e Gol (GOLL4) ser\u00e1 mais vantajoso para uma das companhias; saiba qual\"\/><\/a><span class=\"spotlightCategory\"><a href=\"https:\/\/www.suno.com.br\/noticias\/negocios\/\">Neg\u00f3cios<\/a><\/span><\/div><div class=\"cardsPage__listCard__boxs__content\"><a href=\"https:\/\/www.suno.com.br\/noticias\/gol-goll4-azul-azul4-fusao-240524-mm\/\"><h2 class=\"content__title\">BBA: acordo entre Azul (AZUL4) e Gol (GOLL4) ser\u00e1 mais vantajoso para uma das companhias; saiba qual<\/h2><\/a><div class=\"newsContent__article__meta\"><div class=\"newsContent__article__meta__authorBox\"><a href=\"https:\/\/www.suno.com.br\/noticias\/author\/camila-figueiredosuno-com-br\/\" class=\"authorBox__avatar noMobi\"><img src=\"https:\/\/files.sunoresearch.com.br\/n\/uploads\/2024\/05\/camila-paim-square-150x150.jpg\" alt=\"Camila Paim\"><\/a><div class=\"authorBox__name\"><span>por\n\t\t\t<a href=\"https:\/\/www.suno.com.br\/noticias\/author\/camila-figueiredosuno-com-br\/\"><span itemprop=\"author\">Camila Paim<\/span><\/a><\/span><time datetime=\"2024-05-24T20:18:59-03:00\" itemprop=\"datePublished\">24\/05\/2024 20:18<\/time><\/div><\/div><\/div><\/div><\/div>","single_layout":"posts","amp_enabled":true,"_links":{"self":[{"href":"https:\/\/www.suno.com.br\/noticias\/wp-json\/wp\/v2\/posts\/557086"}],"collection":[{"href":"https:\/\/www.suno.com.br\/noticias\/wp-json\/wp\/v2\/posts"}],"about":[{"href":"https:\/\/www.suno.com.br\/noticias\/wp-json\/wp\/v2\/types\/post"}],"author":[{"embeddable":true,"href":"https:\/\/www.suno.com.br\/noticias\/wp-json\/wp\/v2\/users\/345"}],"replies":[{"embeddable":true,"href":"https:\/\/www.suno.com.br\/noticias\/wp-json\/wp\/v2\/comments?post=557086"}],"version-history":[{"count":3,"href":"https:\/\/www.suno.com.br\/noticias\/wp-json\/wp\/v2\/posts\/557086\/revisions"}],"predecessor-version":[{"id":557134,"href":"https:\/\/www.suno.com.br\/noticias\/wp-json\/wp\/v2\/posts\/557086\/revisions\/557134"}],"wp:featuredmedia":[{"embeddable":true,"href":"https:\/\/www.suno.com.br\/noticias\/wp-json\/wp\/v2\/media\/332301"}],"wp:attachment":[{"href":"https:\/\/www.suno.com.br\/noticias\/wp-json\/wp\/v2\/media?parent=557086"}],"wp:term":[{"taxonomy":"category","embeddable":true,"href":"https:\/\/www.suno.com.br\/noticias\/wp-json\/wp\/v2\/categories?post=557086"},{"taxonomy":"post_tag","embeddable":true,"href":"https:\/\/www.suno.com.br\/noticias\/wp-json\/wp\/v2\/tags?post=557086"},{"taxonomy":"suno_strategy","embeddable":true,"href":"https:\/\/www.suno.com.br\/noticias\/wp-json\/wp\/v2\/suno_strategy?post=557086"}],"curies":[{"name":"wp","href":"https:\/\/api.w.org\/{rel}","templated":true}]}}