{"id":556963,"date":"2024-05-24T12:52:44","date_gmt":"2024-05-24T15:52:44","guid":{"rendered":"https:\/\/www.suno.com.br\/noticias\/?p=556963"},"modified":"2024-05-24T14:33:24","modified_gmt":"2024-05-24T17:33:24","slug":"telefonica-vivt3-acordo-adaptacao-stfc-evm","status":"publish","type":"post","link":"https:\/\/www.suno.com.br\/noticias\/telefonica-vivt3-acordo-adaptacao-stfc-evm\/","title":{"rendered":"Telef\u00f4nica (VIVT3) fecha acordo de adapta\u00e7\u00e3o nos contratos de concess\u00e3o do STFC"},"content":{"rendered":"<p>A <a class=\"suno-keyword\" data-force=\"yes\" data-priority=\"2\" href=\"https:\/\/www.suno.com.br\/acoes\/VIVT3\/\" target=\"_blank\" rel=\"noopener\"><strong>Telef\u00f4nica<\/strong> Brasil (VIVT3)<\/a> informou que chegou a um entendimento sobre a proposta de termos e condi\u00e7\u00f5es para o acordo de autocomposi\u00e7\u00e3o para Adapta\u00e7\u00e3o dos Contratos de Concess\u00e3o do STFC.<\/p><div class=\"videoFull \">\n\t\t\t<div class=\"videoWrapper yt-lazyload center\"\n\t\t\t\tdata-width=\"960\"\n\t\t\t\tdata-height=\"540\"\n\t\t\t\tdata-id=\"5FPqzVMyJaY\"\n\t\t\t\tdata-alt=\"V\u00eddeo do YouTube - clique para reproduzir\"\n\t\t\t\tdata-logo=\"3\"\n\t\t\t\tdata-imagequality=\"maxres\">\n\t\t\t<\/div>\n\t\t<\/div><script type=\"application\/ld+json\">{\"@context\":\"https:\/\/schema.org\",\"@type\":\"VideoObject\",\"name\":\"\ud83d\udd34NOVA CEO DA PETROBRAS \u00c9 ELEG\u00cdVEL | Imposto da Shein? | Ibovespa cai\",\"description\":\"#mercadofinanceiro #a\u00e7\u00f5es #investimentos #bolsadevalores #ibovespa #dinheiro #finan\u00e7as #pol\u00edtica #d\u00f3lar #livedas19h #petr4 #petr3 #petrobras #vale3 #vale #a\u00e7\u00f5es #economia #dividendos #min\u00e9riodeferro #min\u00e9rio #petr\u00f3leo #commodities #proventos #jcp #statusinvest #statusalpha #sunoconsultoria #xp #xpbr31 #impostos #shein #governo #lula \ud83d\udd34SUNO CONSULTORIA: https:\/\/lp.suno.com.br\/ao\/consultoria-de-investimentos\/?utm_source=youtube.noticias&utm_campaign=020524&utm_medium=live 00:00 In\u00edcio do v\u00eddeo 01:35 Fechamento de preg\u00e3o 04:45 Magda Chambriard \u00e9 aprovada por comit\u00ea 07:40 Fazenda conta com\u2026\",\"duration\":\"PT28M18S\",\"embedUrl\":\"https:\/\/www.youtube.com\/embed\/5FPqzVMyJaY\",\"regionsAllowed\":\"en-US\",\"interactionStatistic\":{\"@type\":\"InteractionCounter\",\"interactionType\":{\"@type\":\"WatchAction\"},\"userInteractionCount\":4955},\"thumbnailUrl\":\"https:\/\/i.ytimg.com\/vi\/5FPqzVMyJaY\/default.jpg\",\"uploadDate\":\"2024-05-23T22:36:22Z\"}<\/script>\n\n\n\n\n\t<p>\n\t\t<a href=\"https:\/\/lp.suno.com.br\/planilha-da-vida-financeira\/\" target=\"_blank\" data-element=\"shortcode-suno-banner\" title=\"Banner SUNO, clique e saiba mais\">\n\t\t\t<picture>\n\t\t\t\t<source media=\"(max-width: 500px)\" srcset=\"https:\/\/files.sunoresearch.com.br\/n\/uploads\/2023\/04\/400x300-Planilha-vida-financeira-true.png\">\n\t\t\t\t<img class=\"newsContent__article__imgCapa newsContent__article__imgCapa--banner\"\n\t\t\t\t\tsrc=\"https:\/\/files.sunoresearch.com.br\/n\/uploads\/2023\/04\/1420x240-Planilha-vida-financeira-true.png\"\n\t\t\t\t\tdata-promo-id=\"106682\"\t\t\t\t\t\t\t\t\t\twidth='1420' height='240'\t\t\t\t\talt=\"https:\/\/files.sunoresearch.com.br\/n\/uploads\/2023\/04\/1420x240-Planilha-vida-financeira-true.png\"\n\t\t\t\t>\n\t\t\t<\/picture>\n\t\t<\/a>\n\t<\/p>\n\n\n\n\n\n\n\n<p>O acordo citado pela Telef\u00f4nica \u00e9 instrumento de autoriza\u00e7\u00e3o, que tem por objetivo a adapta\u00e7\u00e3o do regime de concess\u00e3o do Servi\u00e7o de Telefonica Fixa Comutada (<strong>STFC<\/strong>).<\/p>\n\n\n\n<p>Com o acordo, h\u00e1 autoriza\u00e7\u00e3o para ser oportunamente celebrado pela companhia com a Anatel, TCU e Minist\u00e9rio das Comunica\u00e7\u00f5es.<\/p>\n\n\n\n<p>Participaram do acordo, junto com a Telef\u00f4nica:<\/p>\n\n\n\n<ul class=\"wp-block-list\">\n<li>Comiss\u00e3o de Negocia\u00e7\u00e3o formada por representantes da companhia<\/li>\n\n\n\n<li>Secretaria de Controle Externo de Solu\u00e7\u00e3o Consensual<\/li>\n\n\n\n<li>Preven\u00e7\u00e3o de Conflitos do Tribunal de Contas da Uni\u00e3o (SecexConsenso)<\/li>\n\n\n\n<li>Unidade de Auditoria Especializada em Comunica\u00e7\u00f5es do TCU (AudComunica\u00e7\u00f5es)<\/li>\n\n\n\n<li>Minist\u00e9rio das Comunica\u00e7\u00f5es<\/li>\n\n\n\n<li>Ag\u00eancia Nacional de Telecomunica\u00e7\u00f5es (Anatel)<\/li>\n<\/ul>\n\n\n\n<p>Com o acordo, todos os processos administrativos judiciais sobre a Concess\u00e3o do Servi\u00e7o Telef\u00f4nico Fixo Comutado (STFC) que est\u00e3o em curso perante a Anatel e\/ou respectivos ju\u00edzos s\u00e3o encerrados.<\/p>\n\n\n\n<p>Al\u00e9m disso, <a href=\"https:\/\/www.rad.cvm.gov.br\/ENET\/frmExibirArquivoIPEExterno.aspx?NumeroProtocoloEntrega=1242215\">conforme comunicado pela companhia<\/a>, o acordo tamb\u00e9m implica &#8220;a desist\u00eancia do procedimento arbitral movido pela companhia contra a Anatel; a assun\u00e7\u00e3o de compromissos voltados ao interesse p\u00fablico a serem realizados no prazo de at\u00e9 10 anos; e a garantia de manuten\u00e7\u00e3o do servi\u00e7o de telefonia fixa em determinadas localidades at\u00e9 2028&#8221;.<\/p>\n\n\n\t<p>\n\t\t<a href=\"https:\/\/lp.suno.com.br\/ebook-como-analisar-uma-acao\/\" target=\"_blank\" data-element=\"shortcode-suno-banner\" title=\"Banner SUNO, clique e saiba mais\">\n\t\t\t<picture>\n\t\t\t\t<source media=\"(max-width: 500px)\" srcset=\"https:\/\/files.sunoresearch.com.br\/n\/uploads\/2023\/03\/Ebook-Acoes-Mobile.jpg\">\n\t\t\t\t<img class=\"newsContent__article__imgCapa newsContent__article__imgCapa--banner\"\n\t\t\t\t\tsrc=\"https:\/\/files.sunoresearch.com.br\/n\/uploads\/2023\/03\/Ebook-Acoes-Desktop.jpg\"\n\t\t\t\t\tdata-promo-id=\"378302\"\t\t\t\t\t\t\t\t\t\twidth='1420' height='286'\t\t\t\t\talt=\"https:\/\/files.sunoresearch.com.br\/n\/uploads\/2023\/03\/Ebook-Acoes-Desktop.jpg\"\n\t\t\t\t>\n\t\t\t<\/picture>\n\t\t<\/a>\n\t<\/p>\n\n\n\n\n\n<h2 class=\"wp-block-heading\">\u00daltimo resultado da Telef\u00f4nica<\/h2>\n\n\n\n<p>A companhia, que \u00e9 dona da Vivo, registrou um <a class=\"suno-keyword\" data-force=\"no\" data-priority=\"1\" href=\"https:\/\/www.suno.com.br\/artigos\/lucro-liquido\/\" target=\"_blank\" rel=\"noopener\">lucro l\u00edquido<\/a> de R$ 896 milh\u00f5es no primeiro trimestre de 2024 (1T24), conforme novo balan\u00e7o trimestral divulgado nesta ter\u00e7a-feira (7).<\/p>\n\n\n\n<p>Em rela\u00e7\u00e3o ao mesmo per\u00edodo do ano passado \u2013 primeiro trimestre de 2023 \u2013 o <strong>resultado da Telef\u00f4nica<\/strong> mostra um aumento de 7,3%. O <a class=\"suno-keyword\" data-force=\"no\" data-priority=\"1\" href=\"https:\/\/www.suno.com.br\/artigos\/lpa-lucro-por-acao\/\" target=\"_blank\" rel=\"noopener\">lucro por a\u00e7\u00e3o<\/a> (EPS) foi de R$ 0,54 no 1T24, enquanto no 1T23 tinha sido de R$ 0,50.<\/p>\n\n\n\n<p>A <a class=\"suno-keyword\" target=\"_blank\" data-force=\"no\" data-priority=\"1\" href=\"https:\/\/www.suno.com.br\/artigos\/receita-liquida-operacional\/\" rel=\"noopener\">receita operacional l\u00edquida<\/a> da Telef\u00f4nica totalizou R$ 13,546 bilh\u00f5es, com crescimento anual de 6,5%. Esse crescimento \u00e9 atribu\u00eddo principalmente ao forte desempenho da receita de servi\u00e7o m\u00f3vel, que cresceu 9,3% no primeiro trimestre deste ano quando se compara com o valor registrado no 1T23.<\/p>\n\n\n\n<p>Conforme novo balan\u00e7o da Telef\u00f4nica, a receita fixa teve um crescimento de 1,6% na compara\u00e7\u00e3o anual, de modo que um dos destaques foi o aumento anual de 14,7% na receita de FTTH.<\/p>\n\n\n\n<p>O Ebitda da companhia durante o 1T24, que representa o lucro antes juros, impostos, <a class=\"suno-keyword\" target=\"_blank\" data-force=\"no\" data-priority=\"1\" href=\"https:\/\/www.suno.com.br\/artigos\/depreciacao-amortizacao\/\" rel=\"noopener\">deprecia\u00e7\u00e3o e amortiza\u00e7\u00e3o<\/a>, somou R$ 5,277 bilh\u00f5es, registrando um aumento de 6,8% na compara\u00e7\u00e3o com o primeiro trimestre de 2023.<\/p>\n\n\n\n<p>J\u00e1 a <a class=\"suno-keyword\" data-force=\"no\" data-priority=\"1\" href=\"https:\/\/www.suno.com.br\/artigos\/margem-ebitda\/\" target=\"_blank\" rel=\"noopener\">margem Ebitda<\/a> teve um acr\u00e9scimo de 0,1 ponto percentual (p.p.) na compara\u00e7\u00e3o anual, chegando a 39% ao final do primeiro trimestre deste ano.<\/p>\n\n\n\n<p>A companhia relaciona esse resultado da <strong>Telef\u00f4nica <\/strong>no 1T24 ao aumento da receita gerada a partir de servi\u00e7o m\u00f3vel e tamb\u00e9m \u00e0 pr\u00e1tica de controlar os custos.<\/p>\n\n\n\t<p>\n\t\t<a href=\"https:\/\/lp.suno.com.br\/planilha-da-vida-financeira\/\" target=\"_blank\" data-element=\"shortcode-suno-banner\" title=\"Banner SUNO, clique e saiba mais\">\n\t\t\t<picture>\n\t\t\t\t<source media=\"(max-width: 500px)\" srcset=\"https:\/\/files.sunoresearch.com.br\/n\/uploads\/2023\/04\/400x300-Planilha-vida-financeira-true.png\">\n\t\t\t\t<img class=\"newsContent__article__imgCapa newsContent__article__imgCapa--banner\"\n\t\t\t\t\tsrc=\"https:\/\/files.sunoresearch.com.br\/n\/uploads\/2023\/04\/1420x240-Planilha-vida-financeira-true.png\"\n\t\t\t\t\tdata-promo-id=\"383123\"\t\t\t\t\t\t\t\t\t\twidth='1420' height='240'\t\t\t\t\talt=\"https:\/\/files.sunoresearch.com.br\/n\/uploads\/2023\/04\/1420x240-Planilha-vida-financeira-true.png\"\n\t\t\t\t>\n\t\t\t<\/picture>\n\t\t<\/a>\n\t<\/p>\n\n\n","protected":false},"excerpt":{"rendered":"<p>A Telef\u00f4nica Brasil (VIVT3) informou que chegou a um entendimento sobre a proposta de termos e condi\u00e7\u00f5es para o acordo de autocomposi\u00e7\u00e3o para Adapta\u00e7\u00e3o dos Contratos de Concess\u00e3o do STFC. O acordo citado pela Telef\u00f4nica \u00e9 instrumento de autoriza\u00e7\u00e3o, que tem por objetivo a adapta\u00e7\u00e3o do regime de concess\u00e3o do Servi\u00e7o de Telefonica Fixa Comutada [&hellip;]<\/p>\n","protected":false},"author":73,"featured_media":332481,"comment_status":"closed","ping_status":"closed","sticky":false,"template":"","format":"standard","meta":[],"categories":[64],"tags":[659],"suno_strategy":[],"class_list":["post-556963","post","type-post","status-publish","format-standard","has-post-thumbnail","hentry","category-negocios","tag-telefonica-vivt3"],"yoast_head":"<!-- This site is optimized with the Yoast SEO plugin v24.4 - https:\/\/yoast.com\/wordpress\/plugins\/seo\/ -->\n<title>Telef\u00f4nica (VIVT3) fecha acordo nos contratos de concess\u00e3o<\/title>\n<meta name=\"description\" content=\"O acordo citado pela Telef\u00f4nica \u00e9 instrumento de autoriza\u00e7\u00e3o, que tem por objetivo a adapta\u00e7\u00e3o do regime de concess\u00e3o do STFC\" \/>\n<meta name=\"robots\" content=\"index, follow, max-snippet:-1, max-image-preview:large, max-video-preview:-1\" \/>\n<link rel=\"canonical\" href=\"https:\/\/www.suno.com.br\/noticias\/telefonica-vivt3-acordo-adaptacao-stfc-evm\/\" \/>\n<meta property=\"og:locale\" content=\"pt_BR\" \/>\n<meta property=\"og:type\" content=\"article\" \/>\n<meta property=\"og:title\" content=\"Telef\u00f4nica (VIVT3) fecha acordo nos contratos de concess\u00e3o\" \/>\n<meta property=\"og:description\" content=\"O acordo citado pela Telef\u00f4nica \u00e9 instrumento de autoriza\u00e7\u00e3o, que tem por objetivo a adapta\u00e7\u00e3o do regime de concess\u00e3o do STFC\" \/>\n<meta property=\"og:url\" content=\"https:\/\/www.suno.com.br\/noticias\/telefonica-vivt3-acordo-adaptacao-stfc-evm\/\" \/>\n<meta property=\"og:site_name\" content=\"Suno Not\u00edcias\" \/>\n<meta property=\"article:publisher\" content=\"https:\/\/facebook.com\/sunoresearch\" \/>\n<meta property=\"og:image\" content=\"https:\/\/files.sunoresearch.com.br\/n\/uploads\/2022\/12\/telefonica-vivt3-vivo.jpg\" \/>\n\t<meta property=\"og:image:width\" content=\"1200\" \/>\n\t<meta property=\"og:image:height\" content=\"800\" \/>\n\t<meta property=\"og:image:type\" content=\"image\/jpeg\" \/>\n<meta name=\"author\" content=\"Eduardo Vargas\" \/>\n<meta name=\"twitter:card\" content=\"summary_large_image\" \/>\n<meta name=\"twitter:creator\" content=\"@sunoresearch\" \/>\n<meta name=\"twitter:site\" content=\"@sunoresearch\" \/>\n<meta name=\"twitter:label1\" content=\"Escrito por\" \/>\n\t<meta name=\"twitter:data1\" content=\"Eduardo Vargas\" \/>\n\t<meta name=\"twitter:label2\" content=\"Est. tempo de leitura\" \/>\n\t<meta name=\"twitter:data2\" content=\"3 minutos\" \/>\n<script type=\"application\/ld+json\" class=\"yoast-schema-graph\">{\"@context\":\"https:\/\/schema.org\",\"@graph\":[{\"@type\":\"NewsArticle\",\"@id\":\"https:\/\/www.suno.com.br\/noticias\/telefonica-vivt3-acordo-adaptacao-stfc-evm\/#article\",\"isPartOf\":{\"@id\":\"https:\/\/www.suno.com.br\/noticias\/telefonica-vivt3-acordo-adaptacao-stfc-evm\/\"},\"author\":{\"name\":\"Eduardo Vargas\",\"@id\":\"https:\/\/www.suno.com.br\/noticias\/#\/schema\/person\/7f4d362bf3518e76090143ae77bb49a5\"},\"headline\":\"Telef\u00f4nica (VIVT3) fecha acordo de adapta\u00e7\u00e3o nos contratos de concess\u00e3o do STFC\",\"datePublished\":\"2024-05-24T15:52:44+00:00\",\"dateModified\":\"2024-05-24T17:33:24+00:00\",\"mainEntityOfPage\":{\"@id\":\"https:\/\/www.suno.com.br\/noticias\/telefonica-vivt3-acordo-adaptacao-stfc-evm\/\"},\"wordCount\":512,\"publisher\":{\"@id\":\"https:\/\/www.suno.com.br\/noticias\/#organization\"},\"image\":{\"@id\":\"https:\/\/www.suno.com.br\/noticias\/telefonica-vivt3-acordo-adaptacao-stfc-evm\/#primaryimage\"},\"thumbnailUrl\":\"https:\/\/files.sunoresearch.com.br\/n\/uploads\/2022\/12\/telefonica-vivt3-vivo.jpg\",\"keywords\":[\"Telef\u00f4nica (VIVT3)\"],\"articleSection\":[\"Neg\u00f3cios\"],\"inLanguage\":\"pt-BR\"},{\"@type\":\"WebPage\",\"@id\":\"https:\/\/www.suno.com.br\/noticias\/telefonica-vivt3-acordo-adaptacao-stfc-evm\/\",\"url\":\"https:\/\/www.suno.com.br\/noticias\/telefonica-vivt3-acordo-adaptacao-stfc-evm\/\",\"name\":\"Telef\u00f4nica (VIVT3) fecha acordo nos contratos de concess\u00e3o\",\"isPartOf\":{\"@id\":\"https:\/\/www.suno.com.br\/noticias\/#website\"},\"primaryImageOfPage\":{\"@id\":\"https:\/\/www.suno.com.br\/noticias\/telefonica-vivt3-acordo-adaptacao-stfc-evm\/#primaryimage\"},\"image\":{\"@id\":\"https:\/\/www.suno.com.br\/noticias\/telefonica-vivt3-acordo-adaptacao-stfc-evm\/#primaryimage\"},\"thumbnailUrl\":\"https:\/\/files.sunoresearch.com.br\/n\/uploads\/2022\/12\/telefonica-vivt3-vivo.jpg\",\"datePublished\":\"2024-05-24T15:52:44+00:00\",\"dateModified\":\"2024-05-24T17:33:24+00:00\",\"description\":\"O acordo citado pela Telef\u00f4nica \u00e9 instrumento de autoriza\u00e7\u00e3o, que tem por objetivo a adapta\u00e7\u00e3o do regime de concess\u00e3o do STFC\",\"breadcrumb\":{\"@id\":\"https:\/\/www.suno.com.br\/noticias\/telefonica-vivt3-acordo-adaptacao-stfc-evm\/#breadcrumb\"},\"inLanguage\":\"pt-BR\",\"potentialAction\":[{\"@type\":\"ReadAction\",\"target\":[\"https:\/\/www.suno.com.br\/noticias\/telefonica-vivt3-acordo-adaptacao-stfc-evm\/\"]}]},{\"@type\":\"ImageObject\",\"inLanguage\":\"pt-BR\",\"@id\":\"https:\/\/www.suno.com.br\/noticias\/telefonica-vivt3-acordo-adaptacao-stfc-evm\/#primaryimage\",\"url\":\"https:\/\/files.sunoresearch.com.br\/n\/uploads\/2022\/12\/telefonica-vivt3-vivo.jpg\",\"contentUrl\":\"https:\/\/files.sunoresearch.com.br\/n\/uploads\/2022\/12\/telefonica-vivt3-vivo.jpg\",\"width\":1200,\"height\":800,\"caption\":\"Telef\u00f4nica (VIVT3) anuncia pagamento de R$ 300 milh\u00f5es em JCP. Foto: Divulga\u00e7\u00e3o\"},{\"@type\":\"BreadcrumbList\",\"@id\":\"https:\/\/www.suno.com.br\/noticias\/telefonica-vivt3-acordo-adaptacao-stfc-evm\/#breadcrumb\",\"itemListElement\":[{\"@type\":\"ListItem\",\"position\":1,\"name\":\"Not\u00edcias\",\"item\":\"https:\/\/www.suno.com.br\/noticias\/\"},{\"@type\":\"ListItem\",\"position\":2,\"name\":\"Neg\u00f3cios\",\"item\":\"https:\/\/www.suno.com.br\/noticias\/negocios\/\"},{\"@type\":\"ListItem\",\"position\":3,\"name\":\"Telef\u00f4nica (VIVT3) fecha acordo de adapta\u00e7\u00e3o nos contratos de concess\u00e3o do STFC\"}]},{\"@type\":\"WebSite\",\"@id\":\"https:\/\/www.suno.com.br\/noticias\/#website\",\"url\":\"https:\/\/www.suno.com.br\/noticias\/\",\"name\":\"Suno Not\u00edcias\",\"description\":\"Seu portal de informa\u00e7\u00e3o sobre o mundo dos investimentos\",\"publisher\":{\"@id\":\"https:\/\/www.suno.com.br\/noticias\/#organization\"},\"potentialAction\":[{\"@type\":\"SearchAction\",\"target\":{\"@type\":\"EntryPoint\",\"urlTemplate\":\"https:\/\/www.suno.com.br\/noticias\/?s={search_term_string}\"},\"query-input\":{\"@type\":\"PropertyValueSpecification\",\"valueRequired\":true,\"valueName\":\"search_term_string\"}}],\"inLanguage\":\"pt-BR\"},{\"@type\":\"Organization\",\"@id\":\"https:\/\/www.suno.com.br\/noticias\/#organization\",\"name\":\"Suno Not\u00edcias\",\"url\":\"https:\/\/www.suno.com.br\/noticias\/\",\"logo\":{\"@type\":\"ImageObject\",\"inLanguage\":\"pt-BR\",\"@id\":\"https:\/\/www.suno.com.br\/noticias\/#\/schema\/logo\/image\/\",\"url\":\"https:\/\/files.sunoresearch.com.br\/n\/uploads\/2021\/09\/suno-logo.png\",\"contentUrl\":\"https:\/\/files.sunoresearch.com.br\/n\/uploads\/2021\/09\/suno-logo.png\",\"width\":180,\"height\":180,\"caption\":\"Suno Not\u00edcias\"},\"image\":{\"@id\":\"https:\/\/www.suno.com.br\/noticias\/#\/schema\/logo\/image\/\"},\"sameAs\":[\"https:\/\/facebook.com\/sunoresearch\",\"https:\/\/x.com\/sunoresearch\",\"https:\/\/www.instagram.com\/suno\",\"https:\/\/www.linkedin.com\/company\/suno-research\/\",\"https:\/\/www.youtube.com\/c\/sunoresearch\"]},{\"@type\":\"Person\",\"@id\":\"https:\/\/www.suno.com.br\/noticias\/#\/schema\/person\/7f4d362bf3518e76090143ae77bb49a5\",\"name\":\"Eduardo Vargas\",\"image\":{\"@type\":\"ImageObject\",\"inLanguage\":\"pt-BR\",\"@id\":\"https:\/\/www.suno.com.br\/noticias\/#\/schema\/person\/image\/\",\"url\":\"https:\/\/secure.gravatar.com\/avatar\/dac340933427a22924c9f99d1eb2e3f2?s=96&r=g\",\"contentUrl\":\"https:\/\/secure.gravatar.com\/avatar\/dac340933427a22924c9f99d1eb2e3f2?s=96&r=g\",\"caption\":\"Eduardo Vargas\"},\"description\":\"Jornalista formado pela UFSC, cobre macroeconomia, neg\u00f3cios e startups para o Suno Not\u00edcias, escrevendo principalmente not\u00edcias sobre o mercado financeiro e a bolsa de valores. No YouTube e no Instagram, \u00e9 respons\u00e1vel pela produ\u00e7\u00e3o de Reels e Shorts do Suno Not\u00edcias. Anteriormente, trabalhou cobrindo economia e cotidiano no ND+ e para o ND, maior jornal impresso de Santa Catarina. Cursou um semestre letivo de Estudos de M\u00eddia na Universidad de Buenos Aires.\",\"url\":\"https:\/\/www.suno.com.br\/noticias\/author\/eduardo-vargas\/\"}]}<\/script>\n<!-- \/ Yoast SEO plugin. -->","yoast_head_json":{"title":"Telef\u00f4nica (VIVT3) fecha acordo nos contratos de concess\u00e3o","description":"O acordo citado pela Telef\u00f4nica \u00e9 instrumento de autoriza\u00e7\u00e3o, que tem por objetivo a adapta\u00e7\u00e3o do regime de concess\u00e3o do STFC","robots":{"index":"index","follow":"follow","max-snippet":"max-snippet:-1","max-image-preview":"max-image-preview:large","max-video-preview":"max-video-preview:-1"},"canonical":"https:\/\/www.suno.com.br\/noticias\/telefonica-vivt3-acordo-adaptacao-stfc-evm\/","og_locale":"pt_BR","og_type":"article","og_title":"Telef\u00f4nica (VIVT3) fecha acordo nos contratos de concess\u00e3o","og_description":"O acordo citado pela Telef\u00f4nica \u00e9 instrumento de autoriza\u00e7\u00e3o, que tem por objetivo a adapta\u00e7\u00e3o do regime de concess\u00e3o do STFC","og_url":"https:\/\/www.suno.com.br\/noticias\/telefonica-vivt3-acordo-adaptacao-stfc-evm\/","og_site_name":"Suno Not\u00edcias","article_publisher":"https:\/\/facebook.com\/sunoresearch","og_image":[{"width":1200,"height":800,"url":"https:\/\/files.sunoresearch.com.br\/n\/uploads\/2022\/12\/telefonica-vivt3-vivo.jpg","type":"image\/jpeg"}],"author":"Eduardo Vargas","twitter_card":"summary_large_image","twitter_creator":"@sunoresearch","twitter_site":"@sunoresearch","twitter_misc":{"Escrito por":"Eduardo Vargas","Est. tempo de leitura":"3 minutos"},"schema":{"@context":"https:\/\/schema.org","@graph":[{"@type":"NewsArticle","@id":"https:\/\/www.suno.com.br\/noticias\/telefonica-vivt3-acordo-adaptacao-stfc-evm\/#article","isPartOf":{"@id":"https:\/\/www.suno.com.br\/noticias\/telefonica-vivt3-acordo-adaptacao-stfc-evm\/"},"author":{"name":"Eduardo Vargas","@id":"https:\/\/www.suno.com.br\/noticias\/#\/schema\/person\/7f4d362bf3518e76090143ae77bb49a5"},"headline":"Telef\u00f4nica (VIVT3) fecha acordo de adapta\u00e7\u00e3o nos contratos de concess\u00e3o do STFC","datePublished":"2024-05-24T15:52:44+00:00","dateModified":"2024-05-24T17:33:24+00:00","mainEntityOfPage":{"@id":"https:\/\/www.suno.com.br\/noticias\/telefonica-vivt3-acordo-adaptacao-stfc-evm\/"},"wordCount":512,"publisher":{"@id":"https:\/\/www.suno.com.br\/noticias\/#organization"},"image":{"@id":"https:\/\/www.suno.com.br\/noticias\/telefonica-vivt3-acordo-adaptacao-stfc-evm\/#primaryimage"},"thumbnailUrl":"https:\/\/files.sunoresearch.com.br\/n\/uploads\/2022\/12\/telefonica-vivt3-vivo.jpg","keywords":["Telef\u00f4nica (VIVT3)"],"articleSection":["Neg\u00f3cios"],"inLanguage":"pt-BR"},{"@type":"WebPage","@id":"https:\/\/www.suno.com.br\/noticias\/telefonica-vivt3-acordo-adaptacao-stfc-evm\/","url":"https:\/\/www.suno.com.br\/noticias\/telefonica-vivt3-acordo-adaptacao-stfc-evm\/","name":"Telef\u00f4nica (VIVT3) fecha acordo nos contratos de concess\u00e3o","isPartOf":{"@id":"https:\/\/www.suno.com.br\/noticias\/#website"},"primaryImageOfPage":{"@id":"https:\/\/www.suno.com.br\/noticias\/telefonica-vivt3-acordo-adaptacao-stfc-evm\/#primaryimage"},"image":{"@id":"https:\/\/www.suno.com.br\/noticias\/telefonica-vivt3-acordo-adaptacao-stfc-evm\/#primaryimage"},"thumbnailUrl":"https:\/\/files.sunoresearch.com.br\/n\/uploads\/2022\/12\/telefonica-vivt3-vivo.jpg","datePublished":"2024-05-24T15:52:44+00:00","dateModified":"2024-05-24T17:33:24+00:00","description":"O acordo citado pela Telef\u00f4nica \u00e9 instrumento de autoriza\u00e7\u00e3o, que tem por objetivo a adapta\u00e7\u00e3o do regime de concess\u00e3o do STFC","breadcrumb":{"@id":"https:\/\/www.suno.com.br\/noticias\/telefonica-vivt3-acordo-adaptacao-stfc-evm\/#breadcrumb"},"inLanguage":"pt-BR","potentialAction":[{"@type":"ReadAction","target":["https:\/\/www.suno.com.br\/noticias\/telefonica-vivt3-acordo-adaptacao-stfc-evm\/"]}]},{"@type":"ImageObject","inLanguage":"pt-BR","@id":"https:\/\/www.suno.com.br\/noticias\/telefonica-vivt3-acordo-adaptacao-stfc-evm\/#primaryimage","url":"https:\/\/files.sunoresearch.com.br\/n\/uploads\/2022\/12\/telefonica-vivt3-vivo.jpg","contentUrl":"https:\/\/files.sunoresearch.com.br\/n\/uploads\/2022\/12\/telefonica-vivt3-vivo.jpg","width":1200,"height":800,"caption":"Telef\u00f4nica (VIVT3) anuncia pagamento de R$ 300 milh\u00f5es em JCP. Foto: Divulga\u00e7\u00e3o"},{"@type":"BreadcrumbList","@id":"https:\/\/www.suno.com.br\/noticias\/telefonica-vivt3-acordo-adaptacao-stfc-evm\/#breadcrumb","itemListElement":[{"@type":"ListItem","position":1,"name":"Not\u00edcias","item":"https:\/\/www.suno.com.br\/noticias\/"},{"@type":"ListItem","position":2,"name":"Neg\u00f3cios","item":"https:\/\/www.suno.com.br\/noticias\/negocios\/"},{"@type":"ListItem","position":3,"name":"Telef\u00f4nica (VIVT3) fecha acordo de adapta\u00e7\u00e3o nos contratos de concess\u00e3o do STFC"}]},{"@type":"WebSite","@id":"https:\/\/www.suno.com.br\/noticias\/#website","url":"https:\/\/www.suno.com.br\/noticias\/","name":"Suno Not\u00edcias","description":"Seu portal de informa\u00e7\u00e3o sobre o mundo dos investimentos","publisher":{"@id":"https:\/\/www.suno.com.br\/noticias\/#organization"},"potentialAction":[{"@type":"SearchAction","target":{"@type":"EntryPoint","urlTemplate":"https:\/\/www.suno.com.br\/noticias\/?s={search_term_string}"},"query-input":{"@type":"PropertyValueSpecification","valueRequired":true,"valueName":"search_term_string"}}],"inLanguage":"pt-BR"},{"@type":"Organization","@id":"https:\/\/www.suno.com.br\/noticias\/#organization","name":"Suno Not\u00edcias","url":"https:\/\/www.suno.com.br\/noticias\/","logo":{"@type":"ImageObject","inLanguage":"pt-BR","@id":"https:\/\/www.suno.com.br\/noticias\/#\/schema\/logo\/image\/","url":"https:\/\/files.sunoresearch.com.br\/n\/uploads\/2021\/09\/suno-logo.png","contentUrl":"https:\/\/files.sunoresearch.com.br\/n\/uploads\/2021\/09\/suno-logo.png","width":180,"height":180,"caption":"Suno Not\u00edcias"},"image":{"@id":"https:\/\/www.suno.com.br\/noticias\/#\/schema\/logo\/image\/"},"sameAs":["https:\/\/facebook.com\/sunoresearch","https:\/\/x.com\/sunoresearch","https:\/\/www.instagram.com\/suno","https:\/\/www.linkedin.com\/company\/suno-research\/","https:\/\/www.youtube.com\/c\/sunoresearch"]},{"@type":"Person","@id":"https:\/\/www.suno.com.br\/noticias\/#\/schema\/person\/7f4d362bf3518e76090143ae77bb49a5","name":"Eduardo Vargas","image":{"@type":"ImageObject","inLanguage":"pt-BR","@id":"https:\/\/www.suno.com.br\/noticias\/#\/schema\/person\/image\/","url":"https:\/\/secure.gravatar.com\/avatar\/dac340933427a22924c9f99d1eb2e3f2?s=96&r=g","contentUrl":"https:\/\/secure.gravatar.com\/avatar\/dac340933427a22924c9f99d1eb2e3f2?s=96&r=g","caption":"Eduardo Vargas"},"description":"Jornalista formado pela UFSC, cobre macroeconomia, neg\u00f3cios e startups para o Suno Not\u00edcias, escrevendo principalmente not\u00edcias sobre o mercado financeiro e a bolsa de valores. No YouTube e no Instagram, \u00e9 respons\u00e1vel pela produ\u00e7\u00e3o de Reels e Shorts do Suno Not\u00edcias. Anteriormente, trabalhou cobrindo economia e cotidiano no ND+ e para o ND, maior jornal impresso de Santa Catarina. Cursou um semestre letivo de Estudos de M\u00eddia na Universidad de Buenos Aires.","url":"https:\/\/www.suno.com.br\/noticias\/author\/eduardo-vargas\/"}]}},"default_loop_html":"<div class=\"cardsPage__listCard__boxs\"><div class=\"cardsPage__listCard__boxs__img\"><a href=\"https:\/\/www.suno.com.br\/noticias\/telefonica-vivt3-acordo-adaptacao-stfc-evm\/\"><img class=\"mask\" src=\"https:\/\/www.suno.com.br\/noticias\/wp-content\/themes\/suno\/resources\/images\/spotlight\/spotlight1img\/bg-mask.png\" alt=\"Image Mask\"\/><img src=\"https:\/\/files.sunoresearch.com.br\/n\/uploads\/2022\/12\/telefonica-vivt3-vivo-400x200.jpg\" alt=\"Telef\u00f4nica (VIVT3) fecha acordo de adapta\u00e7\u00e3o nos contratos de concess\u00e3o do STFC\"\/><\/a><span class=\"spotlightCategory\"><a href=\"https:\/\/www.suno.com.br\/noticias\/negocios\/\">Neg\u00f3cios<\/a><\/span><\/div><div class=\"cardsPage__listCard__boxs__content\"><a href=\"https:\/\/www.suno.com.br\/noticias\/telefonica-vivt3-acordo-adaptacao-stfc-evm\/\"><h2 class=\"content__title\">Telef\u00f4nica (VIVT3) fecha acordo de adapta\u00e7\u00e3o nos contratos de concess\u00e3o do STFC<\/h2><\/a><div class=\"newsContent__article__meta\"><div class=\"newsContent__article__meta__authorBox\"><a href=\"https:\/\/www.suno.com.br\/noticias\/author\/eduardo-vargas\/\" class=\"authorBox__avatar noMobi\"><img src=\"https:\/\/secure.gravatar.com\/avatar\/dac340933427a22924c9f99d1eb2e3f2?s=96&#038;r=g\" alt=\"Eduardo Vargas\"><\/a><div class=\"authorBox__name\"><span>por\n\t\t\t<a href=\"https:\/\/www.suno.com.br\/noticias\/author\/eduardo-vargas\/\"><span itemprop=\"author\">Eduardo Vargas<\/span><\/a><\/span><time datetime=\"2024-05-24T12:52:44-03:00\" itemprop=\"datePublished\">24\/05\/2024 12:52<\/time><\/div><\/div><\/div><\/div><\/div>","single_layout":"posts","amp_enabled":true,"_links":{"self":[{"href":"https:\/\/www.suno.com.br\/noticias\/wp-json\/wp\/v2\/posts\/556963"}],"collection":[{"href":"https:\/\/www.suno.com.br\/noticias\/wp-json\/wp\/v2\/posts"}],"about":[{"href":"https:\/\/www.suno.com.br\/noticias\/wp-json\/wp\/v2\/types\/post"}],"author":[{"embeddable":true,"href":"https:\/\/www.suno.com.br\/noticias\/wp-json\/wp\/v2\/users\/73"}],"replies":[{"embeddable":true,"href":"https:\/\/www.suno.com.br\/noticias\/wp-json\/wp\/v2\/comments?post=556963"}],"version-history":[{"count":1,"href":"https:\/\/www.suno.com.br\/noticias\/wp-json\/wp\/v2\/posts\/556963\/revisions"}],"predecessor-version":[{"id":556999,"href":"https:\/\/www.suno.com.br\/noticias\/wp-json\/wp\/v2\/posts\/556963\/revisions\/556999"}],"wp:featuredmedia":[{"embeddable":true,"href":"https:\/\/www.suno.com.br\/noticias\/wp-json\/wp\/v2\/media\/332481"}],"wp:attachment":[{"href":"https:\/\/www.suno.com.br\/noticias\/wp-json\/wp\/v2\/media?parent=556963"}],"wp:term":[{"taxonomy":"category","embeddable":true,"href":"https:\/\/www.suno.com.br\/noticias\/wp-json\/wp\/v2\/categories?post=556963"},{"taxonomy":"post_tag","embeddable":true,"href":"https:\/\/www.suno.com.br\/noticias\/wp-json\/wp\/v2\/tags?post=556963"},{"taxonomy":"suno_strategy","embeddable":true,"href":"https:\/\/www.suno.com.br\/noticias\/wp-json\/wp\/v2\/suno_strategy?post=556963"}],"curies":[{"name":"wp","href":"https:\/\/api.w.org\/{rel}","templated":true}]}}