{"id":5569,"date":"2018-10-23T09:30:05","date_gmt":"2018-10-23T12:30:05","guid":{"rendered":"https:\/\/www.suno.com.br\/noticias\/?p=5569"},"modified":"2021-05-30T16:39:42","modified_gmt":"2021-05-30T19:39:42","slug":"temporada-de-balancos-empresas","status":"publish","type":"post","link":"https:\/\/www.suno.com.br\/noticias\/temporada-de-balancos-empresas\/","title":{"rendered":"Temporada de balan\u00e7os das empresas nacionais come\u00e7a hoje"},"content":{"rendered":"<p>Come\u00e7a nesta ter\u00e7a-feira, 23 de outubro, a temporada de balan\u00e7os das empresas nacionais com capital aberto.<\/p>\t<div class=\"wrapper-featured-image\">\n\t\t<figure class=\"spotlightImg\">\n\n\t\t\t<picture>\n\t\t\t\t<source media=\"(max-width: 768px)\" srcset=\"https:\/\/files.sunoresearch.com.br\/n\/uploads\/2018\/10\/e2ebc370-temporada-de-balancos-400x200.webp\">\n\t\t\t\t<img loading=\"lazy\" decoding=\"async\" class=\"newsContent__article__imgCapa lazyloadDisabled newsContent__article__imgCapa--noCaption\" src=\"https:\/\/files.sunoresearch.com.br\/n\/uploads\/2018\/10\/e2ebc370-temporada-de-balancos-800x450.webp\" width=\"800\" height=\"450\" alt=\"Temporada de balan\u00e7os das empresas nacionais come\u00e7a hoje\" fetchpriority=high \/>\n\t\t\t<\/picture>\n\n\t\t\t<figcaption class=\"wp-caption-text wp-caption-text--hide\">Balan\u00e7os financeiros<\/figcaption>\n\t\t<\/figure>\n\t<\/div>\n\n\n<p>Os n\u00fameros que ser\u00e3o divulgados na\u00a0<strong>temporada de balan\u00e7os\u00a0<\/strong>s\u00e3o referentes ao terceiro trimestre de 2018.<\/p>\n<p>No geral, a expectativa de especialistas e agentes do mercado \u00e9 positiva em rela\u00e7\u00e3o aos resultados.<\/p>\n<p>Ainda que as elei\u00e7\u00f5es ainda em curso, per\u00edodo que gera incerteza em diversos investidores e empreendedores, \u00e9 esperado que os n\u00fameros apresentados sejam melhores se comparado aos anteriores.<\/p>\n<p>Entre os motivos est\u00e1 a melhora do Produto Interno Bruto (PIB) no segundo semestre de 2018. 0,2% melhor que o do primeiro trimestre.<\/p>\n<p>Enquanto a diferen\u00e7a para o mesmo per\u00edodo em 2017 \u00e9 de 1% positiva para este ano.<\/p>\n<p>Entretanto, os \u00edndices devem ser mais positivos no terceiro semestre.<\/p>\n<p>Isto porque mesmo com o crescimento, o \u00edndice mostrou uma evolu\u00e7\u00e3o baixa no segundo trimestre.<\/p>\n<p>Causada principalmente pela greve dos caminhoneiros.<\/p>\n<p>O setor financeiro \u00e9 a \u00e1rea em que s\u00e3o esperados os melhores resultados.<\/p>\n<p>Outra frente que deve apresentar bons n\u00fameros \u00e9 o setor de varejo. Especialmente pelo crescimento da Magazine Luiza e B2W.<\/p>\n<p>A alta do d\u00f3lar tamb\u00e9m deve interferir em alguns setores da economia.<\/p>\n<p>A varia\u00e7\u00e3o de c\u00e2mbio deve contribuir com os resultados de empresas como: Petrobras, Suzano, Fibria e Vale.<\/p>\n<p>Todavia, empresas \u00e1reas deve ter preju\u00edzo com a alta do d\u00f3lar, isto porque grande parte de seus custos \u00e9 cotado pela moeda.<\/p>\n<p>\u00c9 esperado que a fabricante de m\u00e1quinas Romi seja a empresa que vai abrir a <strong>temporada de balan\u00e7os<\/strong>.<\/p>\n","protected":false},"excerpt":{"rendered":"<p>Come\u00e7a nesta ter\u00e7a-feira, 23 de outubro, a temporada de balan\u00e7os das empresas nacionais com capital aberto. Balan\u00e7os financeiros Os n\u00fameros que ser\u00e3o divulgados na\u00a0temporada de balan\u00e7os\u00a0s\u00e3o referentes ao terceiro trimestre de 2018. No geral, a expectativa de especialistas e agentes do mercado \u00e9 positiva em rela\u00e7\u00e3o aos resultados. Ainda que as elei\u00e7\u00f5es ainda em curso, [&hellip;]<\/p>\n","protected":false},"author":7,"featured_media":5570,"comment_status":"closed","ping_status":"closed","sticky":false,"template":"","format":"standard","meta":[],"categories":[62],"tags":[1831,740,477,548,595,648,676],"suno_strategy":[],"class_list":["post-5569","post","type-post","status-publish","format-standard","has-post-thumbnail","hentry","category-economia","tag-b2w-digital-btow3","tag-economia","tag-fibria","tag-magazine-luiza-mglu3","tag-petrobras-petr4","tag-suzano-suzb3","tag-vale-vale3"],"yoast_head":"<!-- This site is optimized with the Yoast SEO plugin v24.4 - https:\/\/yoast.com\/wordpress\/plugins\/seo\/ -->\n<title>Temporada de balan\u00e7os das empresas nacionais come\u00e7a hoje<\/title>\n<meta name=\"description\" content=\"Os n\u00fameros que ser\u00e3o divulgados na\u00a0temporada de balan\u00e7os\u00a0s\u00e3o referentes ao terceiro trimestre de 2018. Clique para saber mais.\" \/>\n<meta name=\"robots\" content=\"index, follow, max-snippet:-1, max-image-preview:large, max-video-preview:-1\" \/>\n<link rel=\"canonical\" href=\"https:\/\/www.suno.com.br\/noticias\/temporada-de-balancos-empresas\/\" \/>\n<meta property=\"og:locale\" content=\"pt_BR\" \/>\n<meta property=\"og:type\" content=\"article\" \/>\n<meta property=\"og:title\" content=\"Temporada de balan\u00e7os das empresas nacionais come\u00e7a hoje\" \/>\n<meta property=\"og:description\" content=\"Os n\u00fameros que ser\u00e3o divulgados na\u00a0temporada de balan\u00e7os\u00a0s\u00e3o referentes ao terceiro trimestre de 2018. Clique para saber mais.\" \/>\n<meta property=\"og:url\" content=\"https:\/\/www.suno.com.br\/noticias\/temporada-de-balancos-empresas\/\" \/>\n<meta property=\"og:site_name\" content=\"Suno Not\u00edcias\" \/>\n<meta property=\"article:publisher\" content=\"https:\/\/facebook.com\/sunoresearch\" \/>\n<meta property=\"article:author\" content=\"https:\/\/www.linkedin.com\/in\/mateus-vasconcellos-4b3542123\/\" \/>\n<meta property=\"og:image\" content=\"https:\/\/files.sunoresearch.com.br\/n\/uploads\/2018\/10\/e2ebc370-temporada-de-balancos.jpg\" \/>\n\t<meta property=\"og:image:width\" content=\"1920\" \/>\n\t<meta property=\"og:image:height\" content=\"1280\" \/>\n\t<meta property=\"og:image:type\" content=\"image\/jpeg\" \/>\n<meta name=\"author\" content=\"Mateus Vasconcellos\" \/>\n<meta name=\"twitter:card\" content=\"summary_large_image\" \/>\n<meta name=\"twitter:creator\" content=\"@sunoresearch\" \/>\n<meta name=\"twitter:site\" content=\"@sunoresearch\" \/>\n<meta name=\"twitter:label1\" content=\"Escrito por\" \/>\n\t<meta name=\"twitter:data1\" content=\"Mateus Vasconcellos\" \/>\n\t<meta name=\"twitter:label2\" content=\"Est. tempo de leitura\" \/>\n\t<meta name=\"twitter:data2\" content=\"1 minuto\" \/>\n<script type=\"application\/ld+json\" class=\"yoast-schema-graph\">{\"@context\":\"https:\/\/schema.org\",\"@graph\":[{\"@type\":\"NewsArticle\",\"@id\":\"https:\/\/www.suno.com.br\/noticias\/temporada-de-balancos-empresas\/#article\",\"isPartOf\":{\"@id\":\"https:\/\/www.suno.com.br\/noticias\/temporada-de-balancos-empresas\/\"},\"author\":{\"name\":\"Mateus Vasconcellos\",\"@id\":\"https:\/\/www.suno.com.br\/noticias\/#\/schema\/person\/ff5cc30ec6c0b55b6d3f3cfc4378b74e\"},\"headline\":\"Temporada de balan\u00e7os das empresas nacionais come\u00e7a hoje\",\"datePublished\":\"2018-10-23T12:30:05+00:00\",\"dateModified\":\"2021-05-30T19:39:42+00:00\",\"mainEntityOfPage\":{\"@id\":\"https:\/\/www.suno.com.br\/noticias\/temporada-de-balancos-empresas\/\"},\"wordCount\":270,\"publisher\":{\"@id\":\"https:\/\/www.suno.com.br\/noticias\/#organization\"},\"image\":{\"@id\":\"https:\/\/www.suno.com.br\/noticias\/temporada-de-balancos-empresas\/#primaryimage\"},\"thumbnailUrl\":\"https:\/\/files.sunoresearch.com.br\/n\/uploads\/2018\/10\/e2ebc370-temporada-de-balancos-jpg.webp\",\"keywords\":[\"B2W Digital (BTOW3)\",\"Economia\",\"Fibria\",\"Magazine Luiza (MGLU3)\",\"Petrobras (PETR4)\",\"Suzano (SUZB3)\",\"Vale (VALE3)\"],\"articleSection\":[\"Economia\"],\"inLanguage\":\"pt-BR\"},{\"@type\":\"WebPage\",\"@id\":\"https:\/\/www.suno.com.br\/noticias\/temporada-de-balancos-empresas\/\",\"url\":\"https:\/\/www.suno.com.br\/noticias\/temporada-de-balancos-empresas\/\",\"name\":\"Temporada de balan\u00e7os das empresas nacionais come\u00e7a hoje\",\"isPartOf\":{\"@id\":\"https:\/\/www.suno.com.br\/noticias\/#website\"},\"primaryImageOfPage\":{\"@id\":\"https:\/\/www.suno.com.br\/noticias\/temporada-de-balancos-empresas\/#primaryimage\"},\"image\":{\"@id\":\"https:\/\/www.suno.com.br\/noticias\/temporada-de-balancos-empresas\/#primaryimage\"},\"thumbnailUrl\":\"https:\/\/files.sunoresearch.com.br\/n\/uploads\/2018\/10\/e2ebc370-temporada-de-balancos-jpg.webp\",\"datePublished\":\"2018-10-23T12:30:05+00:00\",\"dateModified\":\"2021-05-30T19:39:42+00:00\",\"description\":\"Os n\u00fameros que ser\u00e3o divulgados na\u00a0temporada de balan\u00e7os\u00a0s\u00e3o referentes ao terceiro trimestre de 2018. Clique para saber mais.\",\"breadcrumb\":{\"@id\":\"https:\/\/www.suno.com.br\/noticias\/temporada-de-balancos-empresas\/#breadcrumb\"},\"inLanguage\":\"pt-BR\",\"potentialAction\":[{\"@type\":\"ReadAction\",\"target\":[\"https:\/\/www.suno.com.br\/noticias\/temporada-de-balancos-empresas\/\"]}]},{\"@type\":\"ImageObject\",\"inLanguage\":\"pt-BR\",\"@id\":\"https:\/\/www.suno.com.br\/noticias\/temporada-de-balancos-empresas\/#primaryimage\",\"url\":\"https:\/\/files.sunoresearch.com.br\/n\/uploads\/2018\/10\/e2ebc370-temporada-de-balancos-jpg.webp\",\"contentUrl\":\"https:\/\/files.sunoresearch.com.br\/n\/uploads\/2018\/10\/e2ebc370-temporada-de-balancos-jpg.webp\",\"width\":1920,\"height\":1280,\"caption\":\"Balan\u00e7os financeiros\"},{\"@type\":\"BreadcrumbList\",\"@id\":\"https:\/\/www.suno.com.br\/noticias\/temporada-de-balancos-empresas\/#breadcrumb\",\"itemListElement\":[{\"@type\":\"ListItem\",\"position\":1,\"name\":\"Not\u00edcias\",\"item\":\"https:\/\/www.suno.com.br\/noticias\/\"},{\"@type\":\"ListItem\",\"position\":2,\"name\":\"Economia\",\"item\":\"https:\/\/www.suno.com.br\/noticias\/economia\/\"},{\"@type\":\"ListItem\",\"position\":3,\"name\":\"Temporada de balan\u00e7os das empresas nacionais come\u00e7a hoje\"}]},{\"@type\":\"WebSite\",\"@id\":\"https:\/\/www.suno.com.br\/noticias\/#website\",\"url\":\"https:\/\/www.suno.com.br\/noticias\/\",\"name\":\"Suno Not\u00edcias\",\"description\":\"Seu portal de informa\u00e7\u00e3o sobre o mundo dos investimentos\",\"publisher\":{\"@id\":\"https:\/\/www.suno.com.br\/noticias\/#organization\"},\"potentialAction\":[{\"@type\":\"SearchAction\",\"target\":{\"@type\":\"EntryPoint\",\"urlTemplate\":\"https:\/\/www.suno.com.br\/noticias\/?s={search_term_string}\"},\"query-input\":{\"@type\":\"PropertyValueSpecification\",\"valueRequired\":true,\"valueName\":\"search_term_string\"}}],\"inLanguage\":\"pt-BR\"},{\"@type\":\"Organization\",\"@id\":\"https:\/\/www.suno.com.br\/noticias\/#organization\",\"name\":\"Suno Not\u00edcias\",\"url\":\"https:\/\/www.suno.com.br\/noticias\/\",\"logo\":{\"@type\":\"ImageObject\",\"inLanguage\":\"pt-BR\",\"@id\":\"https:\/\/www.suno.com.br\/noticias\/#\/schema\/logo\/image\/\",\"url\":\"https:\/\/files.sunoresearch.com.br\/n\/uploads\/2021\/09\/suno-logo.png\",\"contentUrl\":\"https:\/\/files.sunoresearch.com.br\/n\/uploads\/2021\/09\/suno-logo.png\",\"width\":180,\"height\":180,\"caption\":\"Suno Not\u00edcias\"},\"image\":{\"@id\":\"https:\/\/www.suno.com.br\/noticias\/#\/schema\/logo\/image\/\"},\"sameAs\":[\"https:\/\/facebook.com\/sunoresearch\",\"https:\/\/x.com\/sunoresearch\",\"https:\/\/www.instagram.com\/suno\",\"https:\/\/www.linkedin.com\/company\/suno-research\/\",\"https:\/\/www.youtube.com\/c\/sunoresearch\"]},{\"@type\":\"Person\",\"@id\":\"https:\/\/www.suno.com.br\/noticias\/#\/schema\/person\/ff5cc30ec6c0b55b6d3f3cfc4378b74e\",\"name\":\"Mateus Vasconcellos\",\"image\":{\"@type\":\"ImageObject\",\"inLanguage\":\"pt-BR\",\"@id\":\"https:\/\/www.suno.com.br\/noticias\/#\/schema\/person\/image\/\",\"url\":\"https:\/\/secure.gravatar.com\/avatar\/8d725238a0ef7530bdf58578a222f948?s=96&r=g\",\"contentUrl\":\"https:\/\/secure.gravatar.com\/avatar\/8d725238a0ef7530bdf58578a222f948?s=96&r=g\",\"caption\":\"Mateus Vasconcellos\"},\"description\":\"Formado em jornalismo pela Universidade Presbiteriana Mackenzie, Mateus Vasconcellos escreve sobre o mercado financeiro para o portal de not\u00edcias da Suno Research. Antes da Suno, teve passagem pelo Observat\u00f3rio do Terceiro Setor e \u00e9 vencedor do 7\u00b0 Pr\u00eamio Jovem Jornalista Fernando Pacheco Jord\u00e3o.\",\"sameAs\":[\"https:\/\/www.suno.com.br\",\"https:\/\/www.linkedin.com\/in\/mateus-vasconcellos-4b3542123\/\"],\"url\":\"https:\/\/www.suno.com.br\/noticias\/author\/mateus-vasconcellos\/\"}]}<\/script>\n<!-- \/ Yoast SEO plugin. -->","yoast_head_json":{"title":"Temporada de balan\u00e7os das empresas nacionais come\u00e7a hoje","description":"Os n\u00fameros que ser\u00e3o divulgados na\u00a0temporada de balan\u00e7os\u00a0s\u00e3o referentes ao terceiro trimestre de 2018. Clique para saber mais.","robots":{"index":"index","follow":"follow","max-snippet":"max-snippet:-1","max-image-preview":"max-image-preview:large","max-video-preview":"max-video-preview:-1"},"canonical":"https:\/\/www.suno.com.br\/noticias\/temporada-de-balancos-empresas\/","og_locale":"pt_BR","og_type":"article","og_title":"Temporada de balan\u00e7os das empresas nacionais come\u00e7a hoje","og_description":"Os n\u00fameros que ser\u00e3o divulgados na\u00a0temporada de balan\u00e7os\u00a0s\u00e3o referentes ao terceiro trimestre de 2018. Clique para saber mais.","og_url":"https:\/\/www.suno.com.br\/noticias\/temporada-de-balancos-empresas\/","og_site_name":"Suno Not\u00edcias","article_publisher":"https:\/\/facebook.com\/sunoresearch","article_author":"https:\/\/www.linkedin.com\/in\/mateus-vasconcellos-4b3542123\/","og_image":[{"width":1920,"height":1280,"url":"https:\/\/files.sunoresearch.com.br\/n\/uploads\/2018\/10\/e2ebc370-temporada-de-balancos.jpg","type":"image\/jpeg"}],"author":"Mateus Vasconcellos","twitter_card":"summary_large_image","twitter_creator":"@sunoresearch","twitter_site":"@sunoresearch","twitter_misc":{"Escrito por":"Mateus Vasconcellos","Est. tempo de leitura":"1 minuto"},"schema":{"@context":"https:\/\/schema.org","@graph":[{"@type":"NewsArticle","@id":"https:\/\/www.suno.com.br\/noticias\/temporada-de-balancos-empresas\/#article","isPartOf":{"@id":"https:\/\/www.suno.com.br\/noticias\/temporada-de-balancos-empresas\/"},"author":{"name":"Mateus Vasconcellos","@id":"https:\/\/www.suno.com.br\/noticias\/#\/schema\/person\/ff5cc30ec6c0b55b6d3f3cfc4378b74e"},"headline":"Temporada de balan\u00e7os das empresas nacionais come\u00e7a hoje","datePublished":"2018-10-23T12:30:05+00:00","dateModified":"2021-05-30T19:39:42+00:00","mainEntityOfPage":{"@id":"https:\/\/www.suno.com.br\/noticias\/temporada-de-balancos-empresas\/"},"wordCount":270,"publisher":{"@id":"https:\/\/www.suno.com.br\/noticias\/#organization"},"image":{"@id":"https:\/\/www.suno.com.br\/noticias\/temporada-de-balancos-empresas\/#primaryimage"},"thumbnailUrl":"https:\/\/files.sunoresearch.com.br\/n\/uploads\/2018\/10\/e2ebc370-temporada-de-balancos-jpg.webp","keywords":["B2W Digital (BTOW3)","Economia","Fibria","Magazine Luiza (MGLU3)","Petrobras (PETR4)","Suzano (SUZB3)","Vale (VALE3)"],"articleSection":["Economia"],"inLanguage":"pt-BR"},{"@type":"WebPage","@id":"https:\/\/www.suno.com.br\/noticias\/temporada-de-balancos-empresas\/","url":"https:\/\/www.suno.com.br\/noticias\/temporada-de-balancos-empresas\/","name":"Temporada de balan\u00e7os das empresas nacionais come\u00e7a hoje","isPartOf":{"@id":"https:\/\/www.suno.com.br\/noticias\/#website"},"primaryImageOfPage":{"@id":"https:\/\/www.suno.com.br\/noticias\/temporada-de-balancos-empresas\/#primaryimage"},"image":{"@id":"https:\/\/www.suno.com.br\/noticias\/temporada-de-balancos-empresas\/#primaryimage"},"thumbnailUrl":"https:\/\/files.sunoresearch.com.br\/n\/uploads\/2018\/10\/e2ebc370-temporada-de-balancos-jpg.webp","datePublished":"2018-10-23T12:30:05+00:00","dateModified":"2021-05-30T19:39:42+00:00","description":"Os n\u00fameros que ser\u00e3o divulgados na\u00a0temporada de balan\u00e7os\u00a0s\u00e3o referentes ao terceiro trimestre de 2018. Clique para saber mais.","breadcrumb":{"@id":"https:\/\/www.suno.com.br\/noticias\/temporada-de-balancos-empresas\/#breadcrumb"},"inLanguage":"pt-BR","potentialAction":[{"@type":"ReadAction","target":["https:\/\/www.suno.com.br\/noticias\/temporada-de-balancos-empresas\/"]}]},{"@type":"ImageObject","inLanguage":"pt-BR","@id":"https:\/\/www.suno.com.br\/noticias\/temporada-de-balancos-empresas\/#primaryimage","url":"https:\/\/files.sunoresearch.com.br\/n\/uploads\/2018\/10\/e2ebc370-temporada-de-balancos-jpg.webp","contentUrl":"https:\/\/files.sunoresearch.com.br\/n\/uploads\/2018\/10\/e2ebc370-temporada-de-balancos-jpg.webp","width":1920,"height":1280,"caption":"Balan\u00e7os financeiros"},{"@type":"BreadcrumbList","@id":"https:\/\/www.suno.com.br\/noticias\/temporada-de-balancos-empresas\/#breadcrumb","itemListElement":[{"@type":"ListItem","position":1,"name":"Not\u00edcias","item":"https:\/\/www.suno.com.br\/noticias\/"},{"@type":"ListItem","position":2,"name":"Economia","item":"https:\/\/www.suno.com.br\/noticias\/economia\/"},{"@type":"ListItem","position":3,"name":"Temporada de balan\u00e7os das empresas nacionais come\u00e7a hoje"}]},{"@type":"WebSite","@id":"https:\/\/www.suno.com.br\/noticias\/#website","url":"https:\/\/www.suno.com.br\/noticias\/","name":"Suno Not\u00edcias","description":"Seu portal de informa\u00e7\u00e3o sobre o mundo dos investimentos","publisher":{"@id":"https:\/\/www.suno.com.br\/noticias\/#organization"},"potentialAction":[{"@type":"SearchAction","target":{"@type":"EntryPoint","urlTemplate":"https:\/\/www.suno.com.br\/noticias\/?s={search_term_string}"},"query-input":{"@type":"PropertyValueSpecification","valueRequired":true,"valueName":"search_term_string"}}],"inLanguage":"pt-BR"},{"@type":"Organization","@id":"https:\/\/www.suno.com.br\/noticias\/#organization","name":"Suno Not\u00edcias","url":"https:\/\/www.suno.com.br\/noticias\/","logo":{"@type":"ImageObject","inLanguage":"pt-BR","@id":"https:\/\/www.suno.com.br\/noticias\/#\/schema\/logo\/image\/","url":"https:\/\/files.sunoresearch.com.br\/n\/uploads\/2021\/09\/suno-logo.png","contentUrl":"https:\/\/files.sunoresearch.com.br\/n\/uploads\/2021\/09\/suno-logo.png","width":180,"height":180,"caption":"Suno Not\u00edcias"},"image":{"@id":"https:\/\/www.suno.com.br\/noticias\/#\/schema\/logo\/image\/"},"sameAs":["https:\/\/facebook.com\/sunoresearch","https:\/\/x.com\/sunoresearch","https:\/\/www.instagram.com\/suno","https:\/\/www.linkedin.com\/company\/suno-research\/","https:\/\/www.youtube.com\/c\/sunoresearch"]},{"@type":"Person","@id":"https:\/\/www.suno.com.br\/noticias\/#\/schema\/person\/ff5cc30ec6c0b55b6d3f3cfc4378b74e","name":"Mateus Vasconcellos","image":{"@type":"ImageObject","inLanguage":"pt-BR","@id":"https:\/\/www.suno.com.br\/noticias\/#\/schema\/person\/image\/","url":"https:\/\/secure.gravatar.com\/avatar\/8d725238a0ef7530bdf58578a222f948?s=96&r=g","contentUrl":"https:\/\/secure.gravatar.com\/avatar\/8d725238a0ef7530bdf58578a222f948?s=96&r=g","caption":"Mateus Vasconcellos"},"description":"Formado em jornalismo pela Universidade Presbiteriana Mackenzie, Mateus Vasconcellos escreve sobre o mercado financeiro para o portal de not\u00edcias da Suno Research. Antes da Suno, teve passagem pelo Observat\u00f3rio do Terceiro Setor e \u00e9 vencedor do 7\u00b0 Pr\u00eamio Jovem Jornalista Fernando Pacheco Jord\u00e3o.","sameAs":["https:\/\/www.suno.com.br","https:\/\/www.linkedin.com\/in\/mateus-vasconcellos-4b3542123\/"],"url":"https:\/\/www.suno.com.br\/noticias\/author\/mateus-vasconcellos\/"}]}},"default_loop_html":"<div class=\"cardsPage__listCard__boxs\"><div class=\"cardsPage__listCard__boxs__img\"><a href=\"https:\/\/www.suno.com.br\/noticias\/temporada-de-balancos-empresas\/\"><img class=\"mask\" src=\"https:\/\/www.suno.com.br\/noticias\/wp-content\/themes\/suno\/resources\/images\/spotlight\/spotlight1img\/bg-mask.png\" alt=\"Image Mask\"\/><img src=\"https:\/\/files.sunoresearch.com.br\/n\/uploads\/2018\/10\/e2ebc370-temporada-de-balancos-400x200.webp\" alt=\"Temporada de balan\u00e7os das empresas nacionais come\u00e7a hoje\"\/><\/a><span class=\"spotlightCategory\"><a href=\"https:\/\/www.suno.com.br\/noticias\/economia\/\">Economia<\/a><\/span><\/div><div class=\"cardsPage__listCard__boxs__content\"><a href=\"https:\/\/www.suno.com.br\/noticias\/temporada-de-balancos-empresas\/\"><h2 class=\"content__title\">Temporada de balan\u00e7os das empresas nacionais come\u00e7a hoje<\/h2><\/a><div class=\"newsContent__article__meta\"><div class=\"newsContent__article__meta__authorBox\"><a href=\"https:\/\/www.suno.com.br\/noticias\/author\/mateus-vasconcellos\/\" class=\"authorBox__avatar noMobi\"><img src=\"https:\/\/secure.gravatar.com\/avatar\/8d725238a0ef7530bdf58578a222f948?s=96&#038;r=g\" alt=\"Mateus Vasconcellos\"><\/a><div class=\"authorBox__name\"><span>por\n\t\t\t<a href=\"https:\/\/www.suno.com.br\/noticias\/author\/mateus-vasconcellos\/\"><span itemprop=\"author\">Mateus Vasconcellos<\/span><\/a><\/span><time datetime=\"2018-10-23T09:30:05-03:00\" itemprop=\"datePublished\">23\/10\/2018 09:30<\/time><\/div><\/div><\/div><\/div><\/div>","single_layout":"posts","amp_enabled":true,"_links":{"self":[{"href":"https:\/\/www.suno.com.br\/noticias\/wp-json\/wp\/v2\/posts\/5569"}],"collection":[{"href":"https:\/\/www.suno.com.br\/noticias\/wp-json\/wp\/v2\/posts"}],"about":[{"href":"https:\/\/www.suno.com.br\/noticias\/wp-json\/wp\/v2\/types\/post"}],"author":[{"embeddable":true,"href":"https:\/\/www.suno.com.br\/noticias\/wp-json\/wp\/v2\/users\/7"}],"replies":[{"embeddable":true,"href":"https:\/\/www.suno.com.br\/noticias\/wp-json\/wp\/v2\/comments?post=5569"}],"version-history":[{"count":1,"href":"https:\/\/www.suno.com.br\/noticias\/wp-json\/wp\/v2\/posts\/5569\/revisions"}],"predecessor-version":[{"id":152370,"href":"https:\/\/www.suno.com.br\/noticias\/wp-json\/wp\/v2\/posts\/5569\/revisions\/152370"}],"wp:featuredmedia":[{"embeddable":true,"href":"https:\/\/www.suno.com.br\/noticias\/wp-json\/wp\/v2\/media\/5570"}],"wp:attachment":[{"href":"https:\/\/www.suno.com.br\/noticias\/wp-json\/wp\/v2\/media?parent=5569"}],"wp:term":[{"taxonomy":"category","embeddable":true,"href":"https:\/\/www.suno.com.br\/noticias\/wp-json\/wp\/v2\/categories?post=5569"},{"taxonomy":"post_tag","embeddable":true,"href":"https:\/\/www.suno.com.br\/noticias\/wp-json\/wp\/v2\/tags?post=5569"},{"taxonomy":"suno_strategy","embeddable":true,"href":"https:\/\/www.suno.com.br\/noticias\/wp-json\/wp\/v2\/suno_strategy?post=5569"}],"curies":[{"name":"wp","href":"https:\/\/api.w.org\/{rel}","templated":true}]}}