{"id":556772,"date":"2024-05-23T22:38:10","date_gmt":"2024-05-24T01:38:10","guid":{"rendered":"https:\/\/www.suno.com.br\/noticias\/?p=556772"},"modified":"2024-05-24T00:11:00","modified_gmt":"2024-05-24T03:11:00","slug":"americanas-amer3-adia-balanco-230524-mm","status":"publish","type":"post","link":"https:\/\/www.suno.com.br\/noticias\/americanas-amer3-adia-balanco-230524-mm\/","title":{"rendered":"Americanas (AMER3) adia novamente divulga\u00e7\u00e3o de balan\u00e7os de 2023 e do 1T24"},"content":{"rendered":"<p>A <strong>Americanas<\/strong> (AMER3) anunciou o adiamento da divulga\u00e7\u00e3o de suas <a class=\"suno-keyword\" data-force=\"no\" data-priority=\"1\" href=\"https:\/\/www.suno.com.br\/artigos\/demonstracoes-financeiras\/\" target=\"_blank\" rel=\"noopener\">demonstra\u00e7\u00f5es financeiras<\/a> referentes ao ano de 2023 e ao primeiro trimestre deste ano para at\u00e9 31 de julho. A informa\u00e7\u00e3o foi divulgada pela empresa em comunicado ao mercado nesta quinta-feira (23).<\/p>\t<div class=\"wrapper-featured-image\">\n\t\t<figure class=\"spotlightImg\">\n\n\t\t\t<picture>\n\t\t\t\t<source media=\"(max-width: 768px)\" srcset=\"https:\/\/files.sunoresearch.com.br\/n\/uploads\/2023\/04\/americanas-amer3-fachada-loja-crise-foto-divulgacao-400x200.jpg\">\n\t\t\t\t<img loading=\"lazy\" decoding=\"async\" class=\"newsContent__article__imgCapa lazyloadDisabled \" src=\"https:\/\/files.sunoresearch.com.br\/n\/uploads\/2023\/04\/americanas-amer3-fachada-loja-crise-foto-divulgacao-800x450.jpg\" width=\"800\" height=\"450\" alt=\"Americanas (AMER3) adia novamente divulga\u00e7\u00e3o de balan\u00e7os de 2023 e do 1T24\" fetchpriority=high \/>\n\t\t\t<\/picture>\n\n\t\t\t<figcaption class=\"wp-caption-text wp-caption-text--show\">Americanas (AMER3) - Foto: Divulga\u00e7\u00e3o<\/figcaption>\n\t\t<\/figure>\n\t<\/div>\n\n\n\n\n\n\t<p>\n\t\t<a href=\"\" target=\"_blank\" data-element=\"shortcode-suno-banner\" title=\"Banner SUNO, clique e saiba mais\">\n\t\t\t<picture>\n\t\t\t\t<source media=\"(max-width: 500px)\" srcset=\"\">\n\t\t\t\t<img class=\"newsContent__article__imgCapa newsContent__article__imgCapa--banner\"\n\t\t\t\t\tsrc=\"\"\n\t\t\t\t\tdata-promo-id=\"240038\"\t\t\t\t\t\t\t\t\t\t\t\t\t\t\talt=\"\"\n\t\t\t\t>\n\t\t\t<\/picture>\n\t\t<\/a>\n\t<\/p>\n\n\n\n\n\n<p>O motivo do <strong>adiamento na divulga\u00e7\u00e3o de resultados da Americanas<\/strong>, diz a varejista, \u00e9 que, apesar dos trabalhos de fechamento, an\u00e1lise e auditoria independente das informa\u00e7\u00f5es estarem finalizados, a investiga\u00e7\u00e3o do Comit\u00ea Independente ainda n\u00e3o foi conclu\u00edda.<\/p>\n\n\n\n<p>Inicialmente, a Americanas, que est\u00e1 em recupera\u00e7\u00e3o judicial desde dezembro do ano passado ap\u00f3s revelar um d\u00e9ficit cont\u00e1bil de cerca de R$ 25 bilh\u00f5es, tinha previsto divulgar seu balan\u00e7o financeiro em 28 de maio.<\/p>\n\n\n\n<p>Agora, a companhia diz que planeja divulgar ainda neste m\u00eas um novo comunicado com <a class=\"suno-keyword\" target=\"_blank\" data-force=\"no\" data-priority=\"1\" href=\"https:\/\/www.suno.com.br\/artigos\/indicadores-financeiros\/\" rel=\"noopener\">indicadores financeiros<\/a> gerenciais, n\u00e3o auditados, que refletem seu desempenho operacional em 2023 e nos primeiros tr\u00eas meses de 2024 (1T24).<\/p>\n\n\n\n<p>No documento aguardado h\u00e1 meses por investidores, a Americanas tamb\u00e9m deve fornecer atualiza\u00e7\u00f5es sobre a execu\u00e7\u00e3o de seu <a class=\"suno-keyword\" data-force=\"no\" data-priority=\"1\" href=\"https:\/\/www.suno.com.br\/artigos\/plano-de-recuperacao\/\" target=\"_blank\" rel=\"noopener\">plano de recupera\u00e7\u00e3o judicial<\/a>. <\/p>\n\n\n\n<h2 class=\"wp-block-heading\">Varejista volta a fechar lojas<\/h2>\n\n\n\n<p>A Americanas fechou, na semana de 13 a 19 de maio, tr\u00eas lojas, reduzindo seu quadro de estabelecimento para 1.707 unidades. <\/p>\n\n\n\n<p>A companhia terminou o per\u00edodo com 32.302 funcion\u00e1rios sob regime CLT e realizou 433 contrata\u00e7\u00f5es nesse intervalo.<\/p>\n\n\n\n<p>Al\u00e9m das contrata\u00e7\u00f5es, a Americanas afirma que registrou 168 pedidos de sa\u00edda, 369 desligamentos involunt\u00e1rios e 50 t\u00e9rminos de contratos de experi\u00eancia e tempor\u00e1rios. A empresa destacou que o n\u00famero absoluto de desligamentos est\u00e1 alinhado com os per\u00edodos anteriores ao processo de recupera\u00e7\u00e3o judicial.<\/p>\n\n\n\n<p>Durante a mesma semana, a Americanas disse que reportou R$ 352 milh\u00f5es em recebimentos e efetuou pagamentos totalizando R$ 244 milh\u00f5es.<\/p>\n\n\n\t<p>\n\t\t<a href=\"https:\/\/lp.suno.com.br\/ebook-gratuito-investindo-no-exterior\/\" target=\"_blank\" data-element=\"shortcode-suno-banner\" title=\"Banner SUNO, clique e saiba mais\">\n\t\t\t<picture>\n\t\t\t\t<source media=\"(max-width: 500px)\" srcset=\"https:\/\/files.sunoresearch.com.br\/n\/uploads\/2023\/03\/400x300-Investindo-no-exterior.png\">\n\t\t\t\t<img class=\"newsContent__article__imgCapa newsContent__article__imgCapa--banner\"\n\t\t\t\t\tsrc=\"https:\/\/files.sunoresearch.com.br\/n\/uploads\/2023\/03\/1420x240-Investindo-no-exterior.png\"\n\t\t\t\t\tdata-promo-id=\"383161\"\t\t\t\t\t\t\t\t\t\twidth='1420' height='240'\t\t\t\t\talt=\"https:\/\/files.sunoresearch.com.br\/n\/uploads\/2023\/03\/1420x240-Investindo-no-exterior.png\"\n\t\t\t\t>\n\t\t\t<\/picture>\n\t\t<\/a>\n\t<\/p>\n\n\n\n\n\n<h2 class=\"wp-block-heading\">Americanas aprova aumento de capital de at\u00e9 R$ 40,7 bilh\u00f5es para financiar recupera\u00e7\u00e3o judicial<\/h2>\n\n\n\n<p>Os <strong>acionistas da Americanas <\/strong>aprovaram um aumento de capital de at\u00e9 R$ 40,7 bilh\u00f5es em assembleia geral extraordin\u00e1ria realizada na ter\u00e7a-feira (21). A empresa afirmou que emitir\u00e1 novas a\u00e7\u00f5es no mercado para captar recursos e financiar sua recupera\u00e7\u00e3o judicial.<\/p>\n\n\n\n<p>De acordo com a ata da reuni\u00e3o, o <strong>aumento de capital social da Americanas<\/strong> ter\u00e1 um valor m\u00ednimo de R$ 12,3 bilh\u00f5es, com a emiss\u00e3o de pelo menos 9,4 bilh\u00f5es de novas a\u00e7\u00f5es, e um valor m\u00e1ximo de R$ 40,7 bilh\u00f5es, com a emiss\u00e3o de at\u00e9 31,3 bilh\u00f5es de a\u00e7\u00f5es. O pre\u00e7o de emiss\u00e3o foi fixado em R$ 1,30 por a\u00e7\u00e3o.<\/p>\n\n\n\n<p>Os acionistas tamb\u00e9m aprovaram o grupamento das <a class=\"suno-keyword\" data-force=\"no\" data-priority=\"1\" href=\"https:\/\/www.suno.com.br\/artigos\/o-que-sao-acoes-ordinarias-preferenciais-e-units\/\" target=\"_blank\" rel=\"noopener\">a\u00e7\u00f5es ordin\u00e1rias<\/a> na propor\u00e7\u00e3o de 100 para 1. Esse grupamento, que consiste em unir v\u00e1rias a\u00e7\u00f5es em uma s\u00f3, visa aumentar o valor das pap\u00e9is da companhia. <\/p>\n\n\n\n<p>O objetivo principal do<strong> grupamento da Americanas<\/strong> \u00e9 ajustar a cota\u00e7\u00e3o das a\u00e7\u00f5es para um patamar de pre\u00e7o mais alinhado com seus pares e outras empresas do mesmo porte. Os efeitos do grupamento ser\u00e3o aplicados a partir de 17 de julho.<\/p>\n\n\n\n<p>O documento oficial foi enviado \u00e0 Comiss\u00e3o de Valores Mobili\u00e1rios (CVM) e a empresa comunicou aos acionistas que o grupamento \u00e9 uma medida estrat\u00e9gica para melhor posicionamento no mercado.<\/p>\n\n\n\n\t<div data-element=\"shortcode-read-more\" class=\"readToo\">\n\t\t\t\t<span class=\"readToo__title\">Leia mais<\/span>\n\t\t\t\t<ul class=\"readToo__list\">\n\t\t\t<li><a href=\"https:\/\/www.suno.com.br\/noticias\/fundo-imobiliario-mxrf11-prazo-votacao-age-10-emissao-cotas-jvj\/\">MXRF11: at\u00e9 quando cotistas podem decidir sobre oferta de R$ 800 milh\u00f5es?<\/a><\/li><li><a href=\"https:\/\/www.suno.com.br\/noticias\/nvidia-nvdc34-xp-ve-crescimento-acelerado-apos-1t24-va\/\">Nvidia (NVDC34): XP destaca crescimento acelerado com forte demanda e aumento dos dividendos; a\u00e7\u00f5es disparam<\/a><\/li><li><a href=\"https:\/\/www.suno.com.br\/noticias\/marisa-amar3-capital-privado-mm\/\">Marisa (AMAR3) deve recorrer a capital privado de R$ 550 milh\u00f5es para estabilizar finan\u00e7as, diz jornal<\/a><\/li>\t\t<\/ul>\n\t<\/div>\n\n\n\n\n<h2 class=\"wp-block-heading\">Entenda a crise financeira da Americanas<\/h2>\n\n\n\n<p>A Americanas entrou com um pedido de recupera\u00e7\u00e3o judicial h\u00e1 quase um ano, ap\u00f3s revelar ao mercado uma fraude cont\u00e1bil bilion\u00e1ria. Os n\u00fameros reais s\u00f3 foram divulgados no in\u00edcio de novembro, quando a companhia finalmente apresentou o balan\u00e7o de 2022, ap\u00f3s m\u00faltiplos adiamentos. O ent\u00e3o CEO, S\u00e9rgio Rial, renunciou ao cargo em janeiro, ap\u00f3s poucos dias \u00e0 frente da empresa.<\/p>\n\n\n\n<p>A <strong>fraude da Americanas<\/strong>, que totalizou R$ 25,2 bilh\u00f5es, incluiu R$ 20,4 bilh\u00f5es de verbas de propaganda cooperada (VPC). Essas receitas fict\u00edcias foram lan\u00e7adas para reduzir artificialmente o custo de mercadorias vendidas e melhorar o resultado operacional.<\/p>\n\n\n\n<p>A empresa tamb\u00e9m utilizava opera\u00e7\u00f5es financeiras chamadas de &#8220;risco sacado&#8221; para melhorar seu caixa. Tanto as receitas fict\u00edcias de VPC quanto as d\u00edvidas de risco sacado eram contabilizadas nas contas de fornecedores, resultando em uma aparente neutraliza\u00e7\u00e3o.<\/p>\n\n\n\n<p>Os n\u00fameros de 2021 da Americanas foram revisados, transformando um lucro inicialmente divulgado de cerca de R$ 500 milh\u00f5es em um preju\u00edzo de R$ 6,3 bilh\u00f5es. Em 2022, a <strong>d\u00edvida bruta da Americanas<\/strong> era de R$ 37,3 bilh\u00f5es, enquanto a <a class=\"suno-keyword\" data-force=\"no\" data-priority=\"1\" href=\"https:\/\/www.suno.com.br\/artigos\/divida-liquida\/\" target=\"_blank\" rel=\"noopener\">d\u00edvida l\u00edquida<\/a> atingia R$ 26,29 bilh\u00f5es, um aumento de mais de R$ 12 bilh\u00f5es em compara\u00e7\u00e3o ao ano anterior.<\/p>\n\n\n\n<p>Registrando uma queda significativa de 77,1% nas vendas pelos canais digitais nos primeiros nove meses de 2023, a Americanas divulgou um preju\u00edzo de R$ 4,61 bilh\u00f5e<strong>s<\/strong> nesse per\u00edodo, de acordo com o balan\u00e7o corporativo revelado em 27 de fevereiro.<\/p>\n\n\n\n<p>O preju\u00edzo da <strong>Americanas<\/strong> foi impulsionado por uma redu\u00e7\u00e3o de 45,1% na <a class=\"suno-keyword\" target=\"_blank\" data-force=\"no\" data-priority=\"1\" href=\"https:\/\/www.suno.com.br\/artigos\/o-que-receita-liquida\/\" rel=\"noopener\">receita l\u00edquida<\/a> entre janeiro e setembro de 2023 em compara\u00e7\u00e3o com o mesmo per\u00edodo de 2022. <\/p>\n\n\n\t<p>\n\t\t<a href=\"https:\/\/lp.suno.com.br\/planilha-da-vida-financeira\/\" target=\"_blank\" data-element=\"shortcode-suno-banner\" title=\"Banner SUNO, clique e saiba mais\">\n\t\t\t<picture>\n\t\t\t\t<source media=\"(max-width: 500px)\" srcset=\"https:\/\/files.sunoresearch.com.br\/n\/uploads\/2023\/04\/400x300-Planilha-vida-financeira-true.png\">\n\t\t\t\t<img class=\"newsContent__article__imgCapa newsContent__article__imgCapa--banner\"\n\t\t\t\t\tsrc=\"https:\/\/files.sunoresearch.com.br\/n\/uploads\/2023\/04\/1420x240-Planilha-vida-financeira-true.png\"\n\t\t\t\t\tdata-promo-id=\"383123\"\t\t\t\t\t\t\t\t\t\twidth='1420' height='240'\t\t\t\t\talt=\"https:\/\/files.sunoresearch.com.br\/n\/uploads\/2023\/04\/1420x240-Planilha-vida-financeira-true.png\"\n\t\t\t\t>\n\t\t\t<\/picture>\n\t\t<\/a>\n\t<\/p>\n\n\n","protected":false},"excerpt":{"rendered":"<p>A Americanas (AMER3) anunciou o adiamento da divulga\u00e7\u00e3o de suas demonstra\u00e7\u00f5es financeiras referentes ao ano de 2023 e ao primeiro trimestre deste ano para at\u00e9 31 de julho. A informa\u00e7\u00e3o foi divulgada pela empresa em comunicado ao mercado nesta quinta-feira (23). Americanas (AMER3) &#8211; Foto: Divulga\u00e7\u00e3o O motivo do adiamento na divulga\u00e7\u00e3o de resultados da [&hellip;]<\/p>\n","protected":false},"author":345,"featured_media":397195,"comment_status":"closed","ping_status":"closed","sticky":false,"template":"","format":"standard","meta":[],"categories":[64],"tags":[286,106605,105991],"suno_strategy":[],"class_list":["post-556772","post","type-post","status-publish","format-standard","has-post-thumbnail","hentry","category-negocios","tag-acoes","tag-americanas-s-a-amer3","tag-lojas-amerianas"],"yoast_head":"<!-- This site is optimized with the Yoast SEO plugin v24.4 - https:\/\/yoast.com\/wordpress\/plugins\/seo\/ -->\n<title>Americanas (AMER3) adia balan\u00e7os de 2023 e do 1T24<\/title>\n<meta name=\"description\" content=\"A Americanas diz que planeja divulgar ainda neste m\u00eas um novo comunicado com indicadores financeiros gerenciais,\" \/>\n<meta name=\"robots\" content=\"index, follow, max-snippet:-1, max-image-preview:large, max-video-preview:-1\" \/>\n<link rel=\"canonical\" href=\"https:\/\/www.suno.com.br\/noticias\/americanas-amer3-adia-balanco-230524-mm\/\" \/>\n<meta property=\"og:locale\" content=\"pt_BR\" \/>\n<meta property=\"og:type\" content=\"article\" \/>\n<meta property=\"og:title\" content=\"Americanas (AMER3) adia balan\u00e7os de 2023 e do 1T24\" \/>\n<meta property=\"og:description\" content=\"A Americanas diz que planeja divulgar ainda neste m\u00eas um novo comunicado com indicadores financeiros gerenciais,\" \/>\n<meta property=\"og:url\" content=\"https:\/\/www.suno.com.br\/noticias\/americanas-amer3-adia-balanco-230524-mm\/\" \/>\n<meta property=\"og:site_name\" content=\"Suno Not\u00edcias\" \/>\n<meta property=\"article:publisher\" content=\"https:\/\/facebook.com\/sunoresearch\" \/>\n<meta property=\"og:image\" content=\"https:\/\/files.sunoresearch.com.br\/n\/uploads\/2023\/04\/americanas-amer3-fachada-loja-crise-foto-divulgacao.jpg\" \/>\n\t<meta property=\"og:image:width\" content=\"1250\" \/>\n\t<meta property=\"og:image:height\" content=\"833\" \/>\n\t<meta property=\"og:image:type\" content=\"image\/jpeg\" \/>\n<meta name=\"author\" content=\"Murilo Melo\" \/>\n<meta name=\"twitter:card\" content=\"summary_large_image\" \/>\n<meta name=\"twitter:creator\" content=\"@sunoresearch\" \/>\n<meta name=\"twitter:site\" content=\"@sunoresearch\" \/>\n<meta name=\"twitter:label1\" content=\"Escrito por\" \/>\n\t<meta name=\"twitter:data1\" content=\"Murilo Melo\" \/>\n\t<meta name=\"twitter:label2\" content=\"Est. tempo de leitura\" \/>\n\t<meta name=\"twitter:data2\" content=\"5 minutos\" \/>\n<script type=\"application\/ld+json\" class=\"yoast-schema-graph\">{\"@context\":\"https:\/\/schema.org\",\"@graph\":[{\"@type\":\"NewsArticle\",\"@id\":\"https:\/\/www.suno.com.br\/noticias\/americanas-amer3-adia-balanco-230524-mm\/#article\",\"isPartOf\":{\"@id\":\"https:\/\/www.suno.com.br\/noticias\/americanas-amer3-adia-balanco-230524-mm\/\"},\"author\":{\"name\":\"Murilo Melo\",\"@id\":\"https:\/\/www.suno.com.br\/noticias\/#\/schema\/person\/32d4feb215afe4b317d446bb442400dd\"},\"headline\":\"Americanas (AMER3) adia novamente divulga\u00e7\u00e3o de balan\u00e7os de 2023 e do 1T24\",\"datePublished\":\"2024-05-24T01:38:10+00:00\",\"dateModified\":\"2024-05-24T03:11:00+00:00\",\"mainEntityOfPage\":{\"@id\":\"https:\/\/www.suno.com.br\/noticias\/americanas-amer3-adia-balanco-230524-mm\/\"},\"wordCount\":846,\"publisher\":{\"@id\":\"https:\/\/www.suno.com.br\/noticias\/#organization\"},\"image\":{\"@id\":\"https:\/\/www.suno.com.br\/noticias\/americanas-amer3-adia-balanco-230524-mm\/#primaryimage\"},\"thumbnailUrl\":\"https:\/\/files.sunoresearch.com.br\/n\/uploads\/2023\/04\/americanas-amer3-fachada-loja-crise-foto-divulgacao.jpg\",\"keywords\":[\"A\u00e7\u00f5es\",\"Americanas (AMER3)\",\"Lojas Amerianas\"],\"articleSection\":[\"Neg\u00f3cios\"],\"inLanguage\":\"pt-BR\"},{\"@type\":\"WebPage\",\"@id\":\"https:\/\/www.suno.com.br\/noticias\/americanas-amer3-adia-balanco-230524-mm\/\",\"url\":\"https:\/\/www.suno.com.br\/noticias\/americanas-amer3-adia-balanco-230524-mm\/\",\"name\":\"Americanas (AMER3) adia balan\u00e7os de 2023 e do 1T24\",\"isPartOf\":{\"@id\":\"https:\/\/www.suno.com.br\/noticias\/#website\"},\"primaryImageOfPage\":{\"@id\":\"https:\/\/www.suno.com.br\/noticias\/americanas-amer3-adia-balanco-230524-mm\/#primaryimage\"},\"image\":{\"@id\":\"https:\/\/www.suno.com.br\/noticias\/americanas-amer3-adia-balanco-230524-mm\/#primaryimage\"},\"thumbnailUrl\":\"https:\/\/files.sunoresearch.com.br\/n\/uploads\/2023\/04\/americanas-amer3-fachada-loja-crise-foto-divulgacao.jpg\",\"datePublished\":\"2024-05-24T01:38:10+00:00\",\"dateModified\":\"2024-05-24T03:11:00+00:00\",\"description\":\"A Americanas diz que planeja divulgar ainda neste m\u00eas um novo comunicado com indicadores financeiros gerenciais,\",\"breadcrumb\":{\"@id\":\"https:\/\/www.suno.com.br\/noticias\/americanas-amer3-adia-balanco-230524-mm\/#breadcrumb\"},\"inLanguage\":\"pt-BR\",\"potentialAction\":[{\"@type\":\"ReadAction\",\"target\":[\"https:\/\/www.suno.com.br\/noticias\/americanas-amer3-adia-balanco-230524-mm\/\"]}]},{\"@type\":\"ImageObject\",\"inLanguage\":\"pt-BR\",\"@id\":\"https:\/\/www.suno.com.br\/noticias\/americanas-amer3-adia-balanco-230524-mm\/#primaryimage\",\"url\":\"https:\/\/files.sunoresearch.com.br\/n\/uploads\/2023\/04\/americanas-amer3-fachada-loja-crise-foto-divulgacao.jpg\",\"contentUrl\":\"https:\/\/files.sunoresearch.com.br\/n\/uploads\/2023\/04\/americanas-amer3-fachada-loja-crise-foto-divulgacao.jpg\",\"width\":1250,\"height\":833,\"caption\":\"Americanas (AMER3) - Foto: Divulga\u00e7\u00e3o\"},{\"@type\":\"BreadcrumbList\",\"@id\":\"https:\/\/www.suno.com.br\/noticias\/americanas-amer3-adia-balanco-230524-mm\/#breadcrumb\",\"itemListElement\":[{\"@type\":\"ListItem\",\"position\":1,\"name\":\"Not\u00edcias\",\"item\":\"https:\/\/www.suno.com.br\/noticias\/\"},{\"@type\":\"ListItem\",\"position\":2,\"name\":\"Neg\u00f3cios\",\"item\":\"https:\/\/www.suno.com.br\/noticias\/negocios\/\"},{\"@type\":\"ListItem\",\"position\":3,\"name\":\"Americanas (AMER3) adia novamente divulga\u00e7\u00e3o de balan\u00e7os de 2023 e do 1T24\"}]},{\"@type\":\"WebSite\",\"@id\":\"https:\/\/www.suno.com.br\/noticias\/#website\",\"url\":\"https:\/\/www.suno.com.br\/noticias\/\",\"name\":\"Suno Not\u00edcias\",\"description\":\"Seu portal de informa\u00e7\u00e3o sobre o mundo dos investimentos\",\"publisher\":{\"@id\":\"https:\/\/www.suno.com.br\/noticias\/#organization\"},\"potentialAction\":[{\"@type\":\"SearchAction\",\"target\":{\"@type\":\"EntryPoint\",\"urlTemplate\":\"https:\/\/www.suno.com.br\/noticias\/?s={search_term_string}\"},\"query-input\":{\"@type\":\"PropertyValueSpecification\",\"valueRequired\":true,\"valueName\":\"search_term_string\"}}],\"inLanguage\":\"pt-BR\"},{\"@type\":\"Organization\",\"@id\":\"https:\/\/www.suno.com.br\/noticias\/#organization\",\"name\":\"Suno Not\u00edcias\",\"url\":\"https:\/\/www.suno.com.br\/noticias\/\",\"logo\":{\"@type\":\"ImageObject\",\"inLanguage\":\"pt-BR\",\"@id\":\"https:\/\/www.suno.com.br\/noticias\/#\/schema\/logo\/image\/\",\"url\":\"https:\/\/files.sunoresearch.com.br\/n\/uploads\/2021\/09\/suno-logo.png\",\"contentUrl\":\"https:\/\/files.sunoresearch.com.br\/n\/uploads\/2021\/09\/suno-logo.png\",\"width\":180,\"height\":180,\"caption\":\"Suno Not\u00edcias\"},\"image\":{\"@id\":\"https:\/\/www.suno.com.br\/noticias\/#\/schema\/logo\/image\/\"},\"sameAs\":[\"https:\/\/facebook.com\/sunoresearch\",\"https:\/\/x.com\/sunoresearch\",\"https:\/\/www.instagram.com\/suno\",\"https:\/\/www.linkedin.com\/company\/suno-research\/\",\"https:\/\/www.youtube.com\/c\/sunoresearch\"]},{\"@type\":\"Person\",\"@id\":\"https:\/\/www.suno.com.br\/noticias\/#\/schema\/person\/32d4feb215afe4b317d446bb442400dd\",\"name\":\"Murilo Melo\",\"image\":{\"@type\":\"ImageObject\",\"inLanguage\":\"pt-BR\",\"@id\":\"https:\/\/www.suno.com.br\/noticias\/#\/schema\/person\/image\/\",\"url\":\"https:\/\/secure.gravatar.com\/avatar\/af7a693198b592028493c0e8b0583d4f?s=96&r=g\",\"contentUrl\":\"https:\/\/secure.gravatar.com\/avatar\/af7a693198b592028493c0e8b0583d4f?s=96&r=g\",\"caption\":\"Murilo Melo\"},\"description\":\"\u00c9 um jornalista e letr\u00f3logo com vasta experi\u00eancia em economia, finan\u00e7as e mercado. J\u00e1 foi rep\u00f3rter de jornais, revistas e sites noticiosos como A Tarde, Correio e Folha de S.Paulo. No Suno Not\u00edcias, escreve sobre neg\u00f3cios\",\"url\":\"https:\/\/www.suno.com.br\/noticias\/author\/murilomelo-jornalismogmail-com\/\"}]}<\/script>\n<!-- \/ Yoast SEO plugin. -->","yoast_head_json":{"title":"Americanas (AMER3) adia balan\u00e7os de 2023 e do 1T24","description":"A Americanas diz que planeja divulgar ainda neste m\u00eas um novo comunicado com indicadores financeiros gerenciais,","robots":{"index":"index","follow":"follow","max-snippet":"max-snippet:-1","max-image-preview":"max-image-preview:large","max-video-preview":"max-video-preview:-1"},"canonical":"https:\/\/www.suno.com.br\/noticias\/americanas-amer3-adia-balanco-230524-mm\/","og_locale":"pt_BR","og_type":"article","og_title":"Americanas (AMER3) adia balan\u00e7os de 2023 e do 1T24","og_description":"A Americanas diz que planeja divulgar ainda neste m\u00eas um novo comunicado com indicadores financeiros gerenciais,","og_url":"https:\/\/www.suno.com.br\/noticias\/americanas-amer3-adia-balanco-230524-mm\/","og_site_name":"Suno Not\u00edcias","article_publisher":"https:\/\/facebook.com\/sunoresearch","og_image":[{"width":1250,"height":833,"url":"https:\/\/files.sunoresearch.com.br\/n\/uploads\/2023\/04\/americanas-amer3-fachada-loja-crise-foto-divulgacao.jpg","type":"image\/jpeg"}],"author":"Murilo Melo","twitter_card":"summary_large_image","twitter_creator":"@sunoresearch","twitter_site":"@sunoresearch","twitter_misc":{"Escrito por":"Murilo Melo","Est. tempo de leitura":"5 minutos"},"schema":{"@context":"https:\/\/schema.org","@graph":[{"@type":"NewsArticle","@id":"https:\/\/www.suno.com.br\/noticias\/americanas-amer3-adia-balanco-230524-mm\/#article","isPartOf":{"@id":"https:\/\/www.suno.com.br\/noticias\/americanas-amer3-adia-balanco-230524-mm\/"},"author":{"name":"Murilo Melo","@id":"https:\/\/www.suno.com.br\/noticias\/#\/schema\/person\/32d4feb215afe4b317d446bb442400dd"},"headline":"Americanas (AMER3) adia novamente divulga\u00e7\u00e3o de balan\u00e7os de 2023 e do 1T24","datePublished":"2024-05-24T01:38:10+00:00","dateModified":"2024-05-24T03:11:00+00:00","mainEntityOfPage":{"@id":"https:\/\/www.suno.com.br\/noticias\/americanas-amer3-adia-balanco-230524-mm\/"},"wordCount":846,"publisher":{"@id":"https:\/\/www.suno.com.br\/noticias\/#organization"},"image":{"@id":"https:\/\/www.suno.com.br\/noticias\/americanas-amer3-adia-balanco-230524-mm\/#primaryimage"},"thumbnailUrl":"https:\/\/files.sunoresearch.com.br\/n\/uploads\/2023\/04\/americanas-amer3-fachada-loja-crise-foto-divulgacao.jpg","keywords":["A\u00e7\u00f5es","Americanas (AMER3)","Lojas Amerianas"],"articleSection":["Neg\u00f3cios"],"inLanguage":"pt-BR"},{"@type":"WebPage","@id":"https:\/\/www.suno.com.br\/noticias\/americanas-amer3-adia-balanco-230524-mm\/","url":"https:\/\/www.suno.com.br\/noticias\/americanas-amer3-adia-balanco-230524-mm\/","name":"Americanas (AMER3) adia balan\u00e7os de 2023 e do 1T24","isPartOf":{"@id":"https:\/\/www.suno.com.br\/noticias\/#website"},"primaryImageOfPage":{"@id":"https:\/\/www.suno.com.br\/noticias\/americanas-amer3-adia-balanco-230524-mm\/#primaryimage"},"image":{"@id":"https:\/\/www.suno.com.br\/noticias\/americanas-amer3-adia-balanco-230524-mm\/#primaryimage"},"thumbnailUrl":"https:\/\/files.sunoresearch.com.br\/n\/uploads\/2023\/04\/americanas-amer3-fachada-loja-crise-foto-divulgacao.jpg","datePublished":"2024-05-24T01:38:10+00:00","dateModified":"2024-05-24T03:11:00+00:00","description":"A Americanas diz que planeja divulgar ainda neste m\u00eas um novo comunicado com indicadores financeiros gerenciais,","breadcrumb":{"@id":"https:\/\/www.suno.com.br\/noticias\/americanas-amer3-adia-balanco-230524-mm\/#breadcrumb"},"inLanguage":"pt-BR","potentialAction":[{"@type":"ReadAction","target":["https:\/\/www.suno.com.br\/noticias\/americanas-amer3-adia-balanco-230524-mm\/"]}]},{"@type":"ImageObject","inLanguage":"pt-BR","@id":"https:\/\/www.suno.com.br\/noticias\/americanas-amer3-adia-balanco-230524-mm\/#primaryimage","url":"https:\/\/files.sunoresearch.com.br\/n\/uploads\/2023\/04\/americanas-amer3-fachada-loja-crise-foto-divulgacao.jpg","contentUrl":"https:\/\/files.sunoresearch.com.br\/n\/uploads\/2023\/04\/americanas-amer3-fachada-loja-crise-foto-divulgacao.jpg","width":1250,"height":833,"caption":"Americanas (AMER3) - Foto: Divulga\u00e7\u00e3o"},{"@type":"BreadcrumbList","@id":"https:\/\/www.suno.com.br\/noticias\/americanas-amer3-adia-balanco-230524-mm\/#breadcrumb","itemListElement":[{"@type":"ListItem","position":1,"name":"Not\u00edcias","item":"https:\/\/www.suno.com.br\/noticias\/"},{"@type":"ListItem","position":2,"name":"Neg\u00f3cios","item":"https:\/\/www.suno.com.br\/noticias\/negocios\/"},{"@type":"ListItem","position":3,"name":"Americanas (AMER3) adia novamente divulga\u00e7\u00e3o de balan\u00e7os de 2023 e do 1T24"}]},{"@type":"WebSite","@id":"https:\/\/www.suno.com.br\/noticias\/#website","url":"https:\/\/www.suno.com.br\/noticias\/","name":"Suno Not\u00edcias","description":"Seu portal de informa\u00e7\u00e3o sobre o mundo dos investimentos","publisher":{"@id":"https:\/\/www.suno.com.br\/noticias\/#organization"},"potentialAction":[{"@type":"SearchAction","target":{"@type":"EntryPoint","urlTemplate":"https:\/\/www.suno.com.br\/noticias\/?s={search_term_string}"},"query-input":{"@type":"PropertyValueSpecification","valueRequired":true,"valueName":"search_term_string"}}],"inLanguage":"pt-BR"},{"@type":"Organization","@id":"https:\/\/www.suno.com.br\/noticias\/#organization","name":"Suno Not\u00edcias","url":"https:\/\/www.suno.com.br\/noticias\/","logo":{"@type":"ImageObject","inLanguage":"pt-BR","@id":"https:\/\/www.suno.com.br\/noticias\/#\/schema\/logo\/image\/","url":"https:\/\/files.sunoresearch.com.br\/n\/uploads\/2021\/09\/suno-logo.png","contentUrl":"https:\/\/files.sunoresearch.com.br\/n\/uploads\/2021\/09\/suno-logo.png","width":180,"height":180,"caption":"Suno Not\u00edcias"},"image":{"@id":"https:\/\/www.suno.com.br\/noticias\/#\/schema\/logo\/image\/"},"sameAs":["https:\/\/facebook.com\/sunoresearch","https:\/\/x.com\/sunoresearch","https:\/\/www.instagram.com\/suno","https:\/\/www.linkedin.com\/company\/suno-research\/","https:\/\/www.youtube.com\/c\/sunoresearch"]},{"@type":"Person","@id":"https:\/\/www.suno.com.br\/noticias\/#\/schema\/person\/32d4feb215afe4b317d446bb442400dd","name":"Murilo Melo","image":{"@type":"ImageObject","inLanguage":"pt-BR","@id":"https:\/\/www.suno.com.br\/noticias\/#\/schema\/person\/image\/","url":"https:\/\/secure.gravatar.com\/avatar\/af7a693198b592028493c0e8b0583d4f?s=96&r=g","contentUrl":"https:\/\/secure.gravatar.com\/avatar\/af7a693198b592028493c0e8b0583d4f?s=96&r=g","caption":"Murilo Melo"},"description":"\u00c9 um jornalista e letr\u00f3logo com vasta experi\u00eancia em economia, finan\u00e7as e mercado. J\u00e1 foi rep\u00f3rter de jornais, revistas e sites noticiosos como A Tarde, Correio e Folha de S.Paulo. No Suno Not\u00edcias, escreve sobre neg\u00f3cios","url":"https:\/\/www.suno.com.br\/noticias\/author\/murilomelo-jornalismogmail-com\/"}]}},"default_loop_html":"<div class=\"cardsPage__listCard__boxs\"><div class=\"cardsPage__listCard__boxs__img\"><a href=\"https:\/\/www.suno.com.br\/noticias\/americanas-amer3-adia-balanco-230524-mm\/\"><img class=\"mask\" src=\"https:\/\/www.suno.com.br\/noticias\/wp-content\/themes\/suno\/resources\/images\/spotlight\/spotlight1img\/bg-mask.png\" alt=\"Image Mask\"\/><img src=\"https:\/\/files.sunoresearch.com.br\/n\/uploads\/2023\/04\/americanas-amer3-fachada-loja-crise-foto-divulgacao-400x200.jpg\" alt=\"Americanas (AMER3) adia novamente divulga\u00e7\u00e3o de balan\u00e7os de 2023 e do 1T24\"\/><\/a><span class=\"spotlightCategory\"><a href=\"https:\/\/www.suno.com.br\/noticias\/negocios\/\">Neg\u00f3cios<\/a><\/span><\/div><div class=\"cardsPage__listCard__boxs__content\"><a href=\"https:\/\/www.suno.com.br\/noticias\/americanas-amer3-adia-balanco-230524-mm\/\"><h2 class=\"content__title\">Americanas (AMER3) adia novamente divulga\u00e7\u00e3o de balan\u00e7os de 2023 e do 1T24<\/h2><\/a><div class=\"newsContent__article__meta\"><div class=\"newsContent__article__meta__authorBox\"><a href=\"https:\/\/www.suno.com.br\/noticias\/author\/murilomelo-jornalismogmail-com\/\" class=\"authorBox__avatar noMobi\"><img src=\"https:\/\/files.sunoresearch.com.br\/n\/uploads\/2024\/02\/Murilo_Melo_Jornalista-e1708476456132-150x150.jpeg\" alt=\"Murilo Melo\"><\/a><div class=\"authorBox__name\"><span>por\n\t\t\t<a href=\"https:\/\/www.suno.com.br\/noticias\/author\/murilomelo-jornalismogmail-com\/\"><span itemprop=\"author\">Murilo Melo<\/span><\/a><\/span><time datetime=\"2024-05-23T22:38:10-03:00\" itemprop=\"datePublished\">23\/05\/2024 22:38<\/time><\/div><\/div><\/div><\/div><\/div>","single_layout":"posts","amp_enabled":true,"_links":{"self":[{"href":"https:\/\/www.suno.com.br\/noticias\/wp-json\/wp\/v2\/posts\/556772"}],"collection":[{"href":"https:\/\/www.suno.com.br\/noticias\/wp-json\/wp\/v2\/posts"}],"about":[{"href":"https:\/\/www.suno.com.br\/noticias\/wp-json\/wp\/v2\/types\/post"}],"author":[{"embeddable":true,"href":"https:\/\/www.suno.com.br\/noticias\/wp-json\/wp\/v2\/users\/345"}],"replies":[{"embeddable":true,"href":"https:\/\/www.suno.com.br\/noticias\/wp-json\/wp\/v2\/comments?post=556772"}],"version-history":[{"count":3,"href":"https:\/\/www.suno.com.br\/noticias\/wp-json\/wp\/v2\/posts\/556772\/revisions"}],"predecessor-version":[{"id":556842,"href":"https:\/\/www.suno.com.br\/noticias\/wp-json\/wp\/v2\/posts\/556772\/revisions\/556842"}],"wp:featuredmedia":[{"embeddable":true,"href":"https:\/\/www.suno.com.br\/noticias\/wp-json\/wp\/v2\/media\/397195"}],"wp:attachment":[{"href":"https:\/\/www.suno.com.br\/noticias\/wp-json\/wp\/v2\/media?parent=556772"}],"wp:term":[{"taxonomy":"category","embeddable":true,"href":"https:\/\/www.suno.com.br\/noticias\/wp-json\/wp\/v2\/categories?post=556772"},{"taxonomy":"post_tag","embeddable":true,"href":"https:\/\/www.suno.com.br\/noticias\/wp-json\/wp\/v2\/tags?post=556772"},{"taxonomy":"suno_strategy","embeddable":true,"href":"https:\/\/www.suno.com.br\/noticias\/wp-json\/wp\/v2\/suno_strategy?post=556772"}],"curies":[{"name":"wp","href":"https:\/\/api.w.org\/{rel}","templated":true}]}}