{"id":5567,"date":"2018-10-23T09:07:44","date_gmt":"2018-10-23T12:07:44","guid":{"rendered":"https:\/\/www.suno.com.br\/noticias\/?p=5567"},"modified":"2021-02-18T17:56:36","modified_gmt":"2021-02-18T20:56:36","slug":"saber-politica-negocios-2310","status":"publish","type":"post","link":"https:\/\/www.suno.com.br\/noticias\/saber-politica-negocios-2310\/","title":{"rendered":"O que saber nesta ter\u00e7a-feira sobre pol\u00edtica e neg\u00f3cios"},"content":{"rendered":"<p>Fique por dentro dos que podem ser os principais assuntos ligados \u00e0\u00a0<strong>pol\u00edtica e neg\u00f3cios\u00a0<\/strong>desta ter\u00e7a-feira, 23 de outubro.<\/p>\t<div class=\"wrapper-featured-image\">\n\t\t<figure class=\"spotlightImg\">\n\n\t\t\t<picture>\n\t\t\t\t<source media=\"(max-width: 768px)\" srcset=\"https:\/\/files.sunoresearch.com.br\/n\/uploads\/2018\/10\/c532db1d-politica-e-economia-1-400x200.webp\">\n\t\t\t\t<img loading=\"lazy\" decoding=\"async\" class=\"newsContent__article__imgCapa lazyloadDisabled newsContent__article__imgCapa--noCaption\" src=\"https:\/\/files.sunoresearch.com.br\/n\/uploads\/2018\/10\/c532db1d-politica-e-economia-1-800x450.webp\" width=\"800\" height=\"450\" alt=\"O que saber nesta ter\u00e7a-feira sobre pol\u00edtica e neg\u00f3cios\" fetchpriority=high \/>\n\t\t\t<\/picture>\n\n\t\t\t<figcaption class=\"wp-caption-text wp-caption-text--hide\">FGV: Classes A e B voltam a subir e representam 14,4% da popula\u00e7\u00e3o<\/figcaption>\n\t\t<\/figure>\n\t<\/div>\n\n\n<p>Vale a pena ver a rea\u00e7\u00e3o do mercado nacional ap\u00f3s ao mau humor generalizado das bolsas globais.<\/p>\n<p>Tamb\u00e9m fique de olho nas not\u00edcias sobre a corrida eleitoral.<\/p>\n<p>Ainda vale a pena se informar sobre o in\u00edcio da temporada de divulga\u00e7\u00e3o dos balan\u00e7os das empresas nacionais abertas.<\/p>\n<p><strong>Elei\u00e7\u00f5es<\/strong><\/p>\n<p>No campo eleitoral, vale ficar de olho na pesquisa Ibope. Prevista para ser divulgado hoje no per\u00edodo da noite.<\/p>\n<p>No \u00faltimo Ibope, Jair Bolsonaro (PSL) tinha 59% dos votos, enquanto Fernando Haddad (PT) apareceu com 41%.<\/p>\n<p><strong>Balan\u00e7os<\/strong><\/p>\n<p>Hoje tamb\u00e9m deve come\u00e7ar a temporada de divulga\u00e7\u00e3o dos balan\u00e7os empresariais referentes ao terceiro trimestre de 2018.<\/p>\n<p>Especialistas est\u00e3o otimistas em rela\u00e7\u00e3o aos dados gerais, mesmo com as elei\u00e7\u00f5es ainda acontecendo.<\/p>\n<p>\u00c9 esperado alta, principalmente, nas empresas ligadas ao ramo financeiro.<\/p>\n<p>Contudo, o setor de varejo tamb\u00e9m deve ter crescimento.<\/p>\n<p>Alta impulsionada, principalmente, pela implementa\u00e7\u00e3o de tecnologias em seus servi\u00e7os.<\/p>\n<p>O mesmo cen\u00e1rio positivo \u00e9 esperado para as maiores estatais.<\/p>\n<p>Influenciado, principalmente, pela alta do d\u00f3lar.<\/p>\n<p>Todavia, a varia\u00e7\u00e3o do c\u00e2mbio deve interferir negativamente nas companhias \u00e1reas.<\/p>\n<p><strong>Bolsas mundiais<\/strong><\/p>\n<p>Ap\u00f3s um dia positivo, as bolsas asi\u00e1ticas voltaram a sofrer queda. Negativa que ocorre enquanto cresce a tens\u00e3o global.<\/p>\n<p>Al\u00e9m disto, a expectativa para um novo aumento nas taxas de juros dos EUA vem gerando impacto.<\/p>\n<p>Fato que tamb\u00e9m interferiu nas bolsas europeias, que recuaram ao seu n\u00edvel mais baixo em dois anos.<\/p>\n<p>Al\u00e9m disto, o Brexit e as quest\u00f5es or\u00e7amentais da It\u00e1lia ainda geram apreens\u00e3o na economia do continente.<\/p>\n<p>J\u00e1 os \u00edndices futuros das bolsas do Estados Unidos acompanham o cen\u00e1rio negativo externo.<\/p>\n<p>A confirma\u00e7\u00e3o da morte do jornalista saudita Jamal Khashoggi, aumentou, ainda mais, a tens\u00e3o sobre o Oriente M\u00e9dio.<\/p>\n","protected":false},"excerpt":{"rendered":"<p>Fique por dentro dos que podem ser os principais assuntos ligados \u00e0\u00a0pol\u00edtica e neg\u00f3cios\u00a0desta ter\u00e7a-feira, 23 de outubro. FGV: Classes A e B voltam a subir e representam 14,4% da popula\u00e7\u00e3o Vale a pena ver a rea\u00e7\u00e3o do mercado nacional ap\u00f3s ao mau humor generalizado das bolsas globais. Tamb\u00e9m fique de olho nas not\u00edcias sobre [&hellip;]<\/p>\n","protected":false},"author":7,"featured_media":4812,"comment_status":"closed","ping_status":"closed","sticky":false,"template":"","format":"standard","meta":[],"categories":[62],"tags":[309,326,740,697,793,710,716,719],"suno_strategy":[],"class_list":["post-5567","post","type-post","status-publish","format-standard","has-post-thumbnail","hentry","category-economia","tag-bolsa-de-valores","tag-dolar","tag-economia","tag-eleicoes","tag-estados-unidos-eua","tag-europa","tag-fernando-haddad","tag-jair-bolsonaro"],"yoast_head":"<!-- This site is optimized with the Yoast SEO plugin v24.4 - https:\/\/yoast.com\/wordpress\/plugins\/seo\/ -->\n<title>O que saber nesta ter\u00e7a-feira sobre pol\u00edtica e neg\u00f3cios<\/title>\n<meta name=\"description\" content=\"Em pol\u00edtica e neg\u00f3cios nesta te\u00e7a fique de olho: nova pesquisa Ibope e divulga\u00e7\u00e3o dos balan\u00e7os empresariais. Clique para saber mais.\" \/>\n<meta name=\"robots\" content=\"index, follow, max-snippet:-1, max-image-preview:large, max-video-preview:-1\" \/>\n<link rel=\"canonical\" href=\"https:\/\/www.suno.com.br\/noticias\/saber-politica-negocios-2310\/\" \/>\n<meta property=\"og:locale\" content=\"pt_BR\" \/>\n<meta property=\"og:type\" content=\"article\" \/>\n<meta property=\"og:title\" content=\"O que saber nesta ter\u00e7a-feira sobre pol\u00edtica e neg\u00f3cios\" \/>\n<meta property=\"og:description\" content=\"Em pol\u00edtica e neg\u00f3cios nesta te\u00e7a fique de olho: nova pesquisa Ibope e divulga\u00e7\u00e3o dos balan\u00e7os empresariais. Clique para saber mais.\" \/>\n<meta property=\"og:url\" content=\"https:\/\/www.suno.com.br\/noticias\/saber-politica-negocios-2310\/\" \/>\n<meta property=\"og:site_name\" content=\"Suno Not\u00edcias\" \/>\n<meta property=\"article:publisher\" content=\"https:\/\/facebook.com\/sunoresearch\" \/>\n<meta property=\"article:author\" content=\"https:\/\/www.linkedin.com\/in\/mateus-vasconcellos-4b3542123\/\" \/>\n<meta property=\"og:image\" content=\"https:\/\/files.sunoresearch.com.br\/n\/uploads\/2018\/10\/c532db1d-politica-e-economia-1.jpg\" \/>\n\t<meta property=\"og:image:width\" content=\"1920\" \/>\n\t<meta property=\"og:image:height\" content=\"1271\" \/>\n\t<meta property=\"og:image:type\" content=\"image\/jpeg\" \/>\n<meta name=\"author\" content=\"Mateus Vasconcellos\" \/>\n<meta name=\"twitter:card\" content=\"summary_large_image\" \/>\n<meta name=\"twitter:creator\" content=\"@sunoresearch\" \/>\n<meta name=\"twitter:site\" content=\"@sunoresearch\" \/>\n<meta name=\"twitter:label1\" content=\"Escrito por\" \/>\n\t<meta name=\"twitter:data1\" content=\"Mateus Vasconcellos\" \/>\n\t<meta name=\"twitter:label2\" content=\"Est. tempo de leitura\" \/>\n\t<meta name=\"twitter:data2\" content=\"2 minutos\" \/>\n<script type=\"application\/ld+json\" class=\"yoast-schema-graph\">{\"@context\":\"https:\/\/schema.org\",\"@graph\":[{\"@type\":\"NewsArticle\",\"@id\":\"https:\/\/www.suno.com.br\/noticias\/saber-politica-negocios-2310\/#article\",\"isPartOf\":{\"@id\":\"https:\/\/www.suno.com.br\/noticias\/saber-politica-negocios-2310\/\"},\"author\":{\"name\":\"Mateus Vasconcellos\",\"@id\":\"https:\/\/www.suno.com.br\/noticias\/#\/schema\/person\/ff5cc30ec6c0b55b6d3f3cfc4378b74e\"},\"headline\":\"O que saber nesta ter\u00e7a-feira sobre pol\u00edtica e neg\u00f3cios\",\"datePublished\":\"2018-10-23T12:07:44+00:00\",\"dateModified\":\"2021-02-18T20:56:36+00:00\",\"mainEntityOfPage\":{\"@id\":\"https:\/\/www.suno.com.br\/noticias\/saber-politica-negocios-2310\/\"},\"wordCount\":342,\"publisher\":{\"@id\":\"https:\/\/www.suno.com.br\/noticias\/#organization\"},\"image\":{\"@id\":\"https:\/\/www.suno.com.br\/noticias\/saber-politica-negocios-2310\/#primaryimage\"},\"thumbnailUrl\":\"https:\/\/files.sunoresearch.com.br\/n\/uploads\/2018\/10\/c532db1d-politica-e-economia-1-jpg.webp\",\"keywords\":[\"Bolsa de Valores\",\"d\u00f3lar\",\"Economia\",\"Elei\u00e7\u00f5es\",\"Estados Unidos (EUA)\",\"Europa\",\"Fernando Haddad\",\"Jair Bolsonaro\"],\"articleSection\":[\"Economia\"],\"inLanguage\":\"pt-BR\"},{\"@type\":\"WebPage\",\"@id\":\"https:\/\/www.suno.com.br\/noticias\/saber-politica-negocios-2310\/\",\"url\":\"https:\/\/www.suno.com.br\/noticias\/saber-politica-negocios-2310\/\",\"name\":\"O que saber nesta ter\u00e7a-feira sobre pol\u00edtica e neg\u00f3cios\",\"isPartOf\":{\"@id\":\"https:\/\/www.suno.com.br\/noticias\/#website\"},\"primaryImageOfPage\":{\"@id\":\"https:\/\/www.suno.com.br\/noticias\/saber-politica-negocios-2310\/#primaryimage\"},\"image\":{\"@id\":\"https:\/\/www.suno.com.br\/noticias\/saber-politica-negocios-2310\/#primaryimage\"},\"thumbnailUrl\":\"https:\/\/files.sunoresearch.com.br\/n\/uploads\/2018\/10\/c532db1d-politica-e-economia-1-jpg.webp\",\"datePublished\":\"2018-10-23T12:07:44+00:00\",\"dateModified\":\"2021-02-18T20:56:36+00:00\",\"description\":\"Em pol\u00edtica e neg\u00f3cios nesta te\u00e7a fique de olho: nova pesquisa Ibope e divulga\u00e7\u00e3o dos balan\u00e7os empresariais. Clique para saber mais.\",\"breadcrumb\":{\"@id\":\"https:\/\/www.suno.com.br\/noticias\/saber-politica-negocios-2310\/#breadcrumb\"},\"inLanguage\":\"pt-BR\",\"potentialAction\":[{\"@type\":\"ReadAction\",\"target\":[\"https:\/\/www.suno.com.br\/noticias\/saber-politica-negocios-2310\/\"]}]},{\"@type\":\"ImageObject\",\"inLanguage\":\"pt-BR\",\"@id\":\"https:\/\/www.suno.com.br\/noticias\/saber-politica-negocios-2310\/#primaryimage\",\"url\":\"https:\/\/files.sunoresearch.com.br\/n\/uploads\/2018\/10\/c532db1d-politica-e-economia-1-jpg.webp\",\"contentUrl\":\"https:\/\/files.sunoresearch.com.br\/n\/uploads\/2018\/10\/c532db1d-politica-e-economia-1-jpg.webp\",\"width\":1920,\"height\":1271,\"caption\":\"FGV: Classes A e B voltam a subir e representam 14,4% da popula\u00e7\u00e3o\"},{\"@type\":\"BreadcrumbList\",\"@id\":\"https:\/\/www.suno.com.br\/noticias\/saber-politica-negocios-2310\/#breadcrumb\",\"itemListElement\":[{\"@type\":\"ListItem\",\"position\":1,\"name\":\"Not\u00edcias\",\"item\":\"https:\/\/www.suno.com.br\/noticias\/\"},{\"@type\":\"ListItem\",\"position\":2,\"name\":\"Economia\",\"item\":\"https:\/\/www.suno.com.br\/noticias\/economia\/\"},{\"@type\":\"ListItem\",\"position\":3,\"name\":\"O que saber nesta ter\u00e7a-feira sobre pol\u00edtica e neg\u00f3cios\"}]},{\"@type\":\"WebSite\",\"@id\":\"https:\/\/www.suno.com.br\/noticias\/#website\",\"url\":\"https:\/\/www.suno.com.br\/noticias\/\",\"name\":\"Suno Not\u00edcias\",\"description\":\"Seu portal de informa\u00e7\u00e3o sobre o mundo dos investimentos\",\"publisher\":{\"@id\":\"https:\/\/www.suno.com.br\/noticias\/#organization\"},\"potentialAction\":[{\"@type\":\"SearchAction\",\"target\":{\"@type\":\"EntryPoint\",\"urlTemplate\":\"https:\/\/www.suno.com.br\/noticias\/?s={search_term_string}\"},\"query-input\":{\"@type\":\"PropertyValueSpecification\",\"valueRequired\":true,\"valueName\":\"search_term_string\"}}],\"inLanguage\":\"pt-BR\"},{\"@type\":\"Organization\",\"@id\":\"https:\/\/www.suno.com.br\/noticias\/#organization\",\"name\":\"Suno Not\u00edcias\",\"url\":\"https:\/\/www.suno.com.br\/noticias\/\",\"logo\":{\"@type\":\"ImageObject\",\"inLanguage\":\"pt-BR\",\"@id\":\"https:\/\/www.suno.com.br\/noticias\/#\/schema\/logo\/image\/\",\"url\":\"https:\/\/files.sunoresearch.com.br\/n\/uploads\/2021\/09\/suno-logo.png\",\"contentUrl\":\"https:\/\/files.sunoresearch.com.br\/n\/uploads\/2021\/09\/suno-logo.png\",\"width\":180,\"height\":180,\"caption\":\"Suno Not\u00edcias\"},\"image\":{\"@id\":\"https:\/\/www.suno.com.br\/noticias\/#\/schema\/logo\/image\/\"},\"sameAs\":[\"https:\/\/facebook.com\/sunoresearch\",\"https:\/\/x.com\/sunoresearch\",\"https:\/\/www.instagram.com\/suno\",\"https:\/\/www.linkedin.com\/company\/suno-research\/\",\"https:\/\/www.youtube.com\/c\/sunoresearch\"]},{\"@type\":\"Person\",\"@id\":\"https:\/\/www.suno.com.br\/noticias\/#\/schema\/person\/ff5cc30ec6c0b55b6d3f3cfc4378b74e\",\"name\":\"Mateus Vasconcellos\",\"image\":{\"@type\":\"ImageObject\",\"inLanguage\":\"pt-BR\",\"@id\":\"https:\/\/www.suno.com.br\/noticias\/#\/schema\/person\/image\/\",\"url\":\"https:\/\/secure.gravatar.com\/avatar\/8d725238a0ef7530bdf58578a222f948?s=96&r=g\",\"contentUrl\":\"https:\/\/secure.gravatar.com\/avatar\/8d725238a0ef7530bdf58578a222f948?s=96&r=g\",\"caption\":\"Mateus Vasconcellos\"},\"description\":\"Formado em jornalismo pela Universidade Presbiteriana Mackenzie, Mateus Vasconcellos escreve sobre o mercado financeiro para o portal de not\u00edcias da Suno Research. Antes da Suno, teve passagem pelo Observat\u00f3rio do Terceiro Setor e \u00e9 vencedor do 7\u00b0 Pr\u00eamio Jovem Jornalista Fernando Pacheco Jord\u00e3o.\",\"sameAs\":[\"https:\/\/www.suno.com.br\",\"https:\/\/www.linkedin.com\/in\/mateus-vasconcellos-4b3542123\/\"],\"url\":\"https:\/\/www.suno.com.br\/noticias\/author\/mateus-vasconcellos\/\"}]}<\/script>\n<!-- \/ Yoast SEO plugin. -->","yoast_head_json":{"title":"O que saber nesta ter\u00e7a-feira sobre pol\u00edtica e neg\u00f3cios","description":"Em pol\u00edtica e neg\u00f3cios nesta te\u00e7a fique de olho: nova pesquisa Ibope e divulga\u00e7\u00e3o dos balan\u00e7os empresariais. Clique para saber mais.","robots":{"index":"index","follow":"follow","max-snippet":"max-snippet:-1","max-image-preview":"max-image-preview:large","max-video-preview":"max-video-preview:-1"},"canonical":"https:\/\/www.suno.com.br\/noticias\/saber-politica-negocios-2310\/","og_locale":"pt_BR","og_type":"article","og_title":"O que saber nesta ter\u00e7a-feira sobre pol\u00edtica e neg\u00f3cios","og_description":"Em pol\u00edtica e neg\u00f3cios nesta te\u00e7a fique de olho: nova pesquisa Ibope e divulga\u00e7\u00e3o dos balan\u00e7os empresariais. Clique para saber mais.","og_url":"https:\/\/www.suno.com.br\/noticias\/saber-politica-negocios-2310\/","og_site_name":"Suno Not\u00edcias","article_publisher":"https:\/\/facebook.com\/sunoresearch","article_author":"https:\/\/www.linkedin.com\/in\/mateus-vasconcellos-4b3542123\/","og_image":[{"width":1920,"height":1271,"url":"https:\/\/files.sunoresearch.com.br\/n\/uploads\/2018\/10\/c532db1d-politica-e-economia-1.jpg","type":"image\/jpeg"}],"author":"Mateus Vasconcellos","twitter_card":"summary_large_image","twitter_creator":"@sunoresearch","twitter_site":"@sunoresearch","twitter_misc":{"Escrito por":"Mateus Vasconcellos","Est. tempo de leitura":"2 minutos"},"schema":{"@context":"https:\/\/schema.org","@graph":[{"@type":"NewsArticle","@id":"https:\/\/www.suno.com.br\/noticias\/saber-politica-negocios-2310\/#article","isPartOf":{"@id":"https:\/\/www.suno.com.br\/noticias\/saber-politica-negocios-2310\/"},"author":{"name":"Mateus Vasconcellos","@id":"https:\/\/www.suno.com.br\/noticias\/#\/schema\/person\/ff5cc30ec6c0b55b6d3f3cfc4378b74e"},"headline":"O que saber nesta ter\u00e7a-feira sobre pol\u00edtica e neg\u00f3cios","datePublished":"2018-10-23T12:07:44+00:00","dateModified":"2021-02-18T20:56:36+00:00","mainEntityOfPage":{"@id":"https:\/\/www.suno.com.br\/noticias\/saber-politica-negocios-2310\/"},"wordCount":342,"publisher":{"@id":"https:\/\/www.suno.com.br\/noticias\/#organization"},"image":{"@id":"https:\/\/www.suno.com.br\/noticias\/saber-politica-negocios-2310\/#primaryimage"},"thumbnailUrl":"https:\/\/files.sunoresearch.com.br\/n\/uploads\/2018\/10\/c532db1d-politica-e-economia-1-jpg.webp","keywords":["Bolsa de Valores","d\u00f3lar","Economia","Elei\u00e7\u00f5es","Estados Unidos (EUA)","Europa","Fernando Haddad","Jair Bolsonaro"],"articleSection":["Economia"],"inLanguage":"pt-BR"},{"@type":"WebPage","@id":"https:\/\/www.suno.com.br\/noticias\/saber-politica-negocios-2310\/","url":"https:\/\/www.suno.com.br\/noticias\/saber-politica-negocios-2310\/","name":"O que saber nesta ter\u00e7a-feira sobre pol\u00edtica e neg\u00f3cios","isPartOf":{"@id":"https:\/\/www.suno.com.br\/noticias\/#website"},"primaryImageOfPage":{"@id":"https:\/\/www.suno.com.br\/noticias\/saber-politica-negocios-2310\/#primaryimage"},"image":{"@id":"https:\/\/www.suno.com.br\/noticias\/saber-politica-negocios-2310\/#primaryimage"},"thumbnailUrl":"https:\/\/files.sunoresearch.com.br\/n\/uploads\/2018\/10\/c532db1d-politica-e-economia-1-jpg.webp","datePublished":"2018-10-23T12:07:44+00:00","dateModified":"2021-02-18T20:56:36+00:00","description":"Em pol\u00edtica e neg\u00f3cios nesta te\u00e7a fique de olho: nova pesquisa Ibope e divulga\u00e7\u00e3o dos balan\u00e7os empresariais. Clique para saber mais.","breadcrumb":{"@id":"https:\/\/www.suno.com.br\/noticias\/saber-politica-negocios-2310\/#breadcrumb"},"inLanguage":"pt-BR","potentialAction":[{"@type":"ReadAction","target":["https:\/\/www.suno.com.br\/noticias\/saber-politica-negocios-2310\/"]}]},{"@type":"ImageObject","inLanguage":"pt-BR","@id":"https:\/\/www.suno.com.br\/noticias\/saber-politica-negocios-2310\/#primaryimage","url":"https:\/\/files.sunoresearch.com.br\/n\/uploads\/2018\/10\/c532db1d-politica-e-economia-1-jpg.webp","contentUrl":"https:\/\/files.sunoresearch.com.br\/n\/uploads\/2018\/10\/c532db1d-politica-e-economia-1-jpg.webp","width":1920,"height":1271,"caption":"FGV: Classes A e B voltam a subir e representam 14,4% da popula\u00e7\u00e3o"},{"@type":"BreadcrumbList","@id":"https:\/\/www.suno.com.br\/noticias\/saber-politica-negocios-2310\/#breadcrumb","itemListElement":[{"@type":"ListItem","position":1,"name":"Not\u00edcias","item":"https:\/\/www.suno.com.br\/noticias\/"},{"@type":"ListItem","position":2,"name":"Economia","item":"https:\/\/www.suno.com.br\/noticias\/economia\/"},{"@type":"ListItem","position":3,"name":"O que saber nesta ter\u00e7a-feira sobre pol\u00edtica e neg\u00f3cios"}]},{"@type":"WebSite","@id":"https:\/\/www.suno.com.br\/noticias\/#website","url":"https:\/\/www.suno.com.br\/noticias\/","name":"Suno Not\u00edcias","description":"Seu portal de informa\u00e7\u00e3o sobre o mundo dos investimentos","publisher":{"@id":"https:\/\/www.suno.com.br\/noticias\/#organization"},"potentialAction":[{"@type":"SearchAction","target":{"@type":"EntryPoint","urlTemplate":"https:\/\/www.suno.com.br\/noticias\/?s={search_term_string}"},"query-input":{"@type":"PropertyValueSpecification","valueRequired":true,"valueName":"search_term_string"}}],"inLanguage":"pt-BR"},{"@type":"Organization","@id":"https:\/\/www.suno.com.br\/noticias\/#organization","name":"Suno Not\u00edcias","url":"https:\/\/www.suno.com.br\/noticias\/","logo":{"@type":"ImageObject","inLanguage":"pt-BR","@id":"https:\/\/www.suno.com.br\/noticias\/#\/schema\/logo\/image\/","url":"https:\/\/files.sunoresearch.com.br\/n\/uploads\/2021\/09\/suno-logo.png","contentUrl":"https:\/\/files.sunoresearch.com.br\/n\/uploads\/2021\/09\/suno-logo.png","width":180,"height":180,"caption":"Suno Not\u00edcias"},"image":{"@id":"https:\/\/www.suno.com.br\/noticias\/#\/schema\/logo\/image\/"},"sameAs":["https:\/\/facebook.com\/sunoresearch","https:\/\/x.com\/sunoresearch","https:\/\/www.instagram.com\/suno","https:\/\/www.linkedin.com\/company\/suno-research\/","https:\/\/www.youtube.com\/c\/sunoresearch"]},{"@type":"Person","@id":"https:\/\/www.suno.com.br\/noticias\/#\/schema\/person\/ff5cc30ec6c0b55b6d3f3cfc4378b74e","name":"Mateus Vasconcellos","image":{"@type":"ImageObject","inLanguage":"pt-BR","@id":"https:\/\/www.suno.com.br\/noticias\/#\/schema\/person\/image\/","url":"https:\/\/secure.gravatar.com\/avatar\/8d725238a0ef7530bdf58578a222f948?s=96&r=g","contentUrl":"https:\/\/secure.gravatar.com\/avatar\/8d725238a0ef7530bdf58578a222f948?s=96&r=g","caption":"Mateus Vasconcellos"},"description":"Formado em jornalismo pela Universidade Presbiteriana Mackenzie, Mateus Vasconcellos escreve sobre o mercado financeiro para o portal de not\u00edcias da Suno Research. Antes da Suno, teve passagem pelo Observat\u00f3rio do Terceiro Setor e \u00e9 vencedor do 7\u00b0 Pr\u00eamio Jovem Jornalista Fernando Pacheco Jord\u00e3o.","sameAs":["https:\/\/www.suno.com.br","https:\/\/www.linkedin.com\/in\/mateus-vasconcellos-4b3542123\/"],"url":"https:\/\/www.suno.com.br\/noticias\/author\/mateus-vasconcellos\/"}]}},"default_loop_html":"<div class=\"cardsPage__listCard__boxs\"><div class=\"cardsPage__listCard__boxs__img\"><a href=\"https:\/\/www.suno.com.br\/noticias\/saber-politica-negocios-2310\/\"><img class=\"mask\" src=\"https:\/\/www.suno.com.br\/noticias\/wp-content\/themes\/suno\/resources\/images\/spotlight\/spotlight1img\/bg-mask.png\" alt=\"Image Mask\"\/><img src=\"https:\/\/files.sunoresearch.com.br\/n\/uploads\/2018\/10\/c532db1d-politica-e-economia-1-400x200.webp\" alt=\"O que saber nesta ter\u00e7a-feira sobre pol\u00edtica e neg\u00f3cios\"\/><\/a><span class=\"spotlightCategory\"><a href=\"https:\/\/www.suno.com.br\/noticias\/economia\/\">Economia<\/a><\/span><\/div><div class=\"cardsPage__listCard__boxs__content\"><a href=\"https:\/\/www.suno.com.br\/noticias\/saber-politica-negocios-2310\/\"><h2 class=\"content__title\">O que saber nesta ter\u00e7a-feira sobre pol\u00edtica e neg\u00f3cios<\/h2><\/a><div class=\"newsContent__article__meta\"><div class=\"newsContent__article__meta__authorBox\"><a href=\"https:\/\/www.suno.com.br\/noticias\/author\/mateus-vasconcellos\/\" class=\"authorBox__avatar noMobi\"><img src=\"https:\/\/secure.gravatar.com\/avatar\/8d725238a0ef7530bdf58578a222f948?s=96&#038;r=g\" alt=\"Mateus Vasconcellos\"><\/a><div class=\"authorBox__name\"><span>por\n\t\t\t<a href=\"https:\/\/www.suno.com.br\/noticias\/author\/mateus-vasconcellos\/\"><span itemprop=\"author\">Mateus Vasconcellos<\/span><\/a><\/span><time datetime=\"2018-10-23T09:07:44-03:00\" itemprop=\"datePublished\">23\/10\/2018 09:07<\/time><\/div><\/div><\/div><\/div><\/div>","single_layout":"posts","amp_enabled":true,"_links":{"self":[{"href":"https:\/\/www.suno.com.br\/noticias\/wp-json\/wp\/v2\/posts\/5567"}],"collection":[{"href":"https:\/\/www.suno.com.br\/noticias\/wp-json\/wp\/v2\/posts"}],"about":[{"href":"https:\/\/www.suno.com.br\/noticias\/wp-json\/wp\/v2\/types\/post"}],"author":[{"embeddable":true,"href":"https:\/\/www.suno.com.br\/noticias\/wp-json\/wp\/v2\/users\/7"}],"replies":[{"embeddable":true,"href":"https:\/\/www.suno.com.br\/noticias\/wp-json\/wp\/v2\/comments?post=5567"}],"version-history":[{"count":0,"href":"https:\/\/www.suno.com.br\/noticias\/wp-json\/wp\/v2\/posts\/5567\/revisions"}],"wp:featuredmedia":[{"embeddable":true,"href":"https:\/\/www.suno.com.br\/noticias\/wp-json\/wp\/v2\/media\/4812"}],"wp:attachment":[{"href":"https:\/\/www.suno.com.br\/noticias\/wp-json\/wp\/v2\/media?parent=5567"}],"wp:term":[{"taxonomy":"category","embeddable":true,"href":"https:\/\/www.suno.com.br\/noticias\/wp-json\/wp\/v2\/categories?post=5567"},{"taxonomy":"post_tag","embeddable":true,"href":"https:\/\/www.suno.com.br\/noticias\/wp-json\/wp\/v2\/tags?post=5567"},{"taxonomy":"suno_strategy","embeddable":true,"href":"https:\/\/www.suno.com.br\/noticias\/wp-json\/wp\/v2\/suno_strategy?post=5567"}],"curies":[{"name":"wp","href":"https:\/\/api.w.org\/{rel}","templated":true}]}}