{"id":556191,"date":"2024-05-22T10:48:23","date_gmt":"2024-05-22T13:48:23","guid":{"rendered":"https:\/\/www.suno.com.br\/noticias\/?p=556191"},"modified":"2024-05-22T10:48:32","modified_gmt":"2024-05-22T13:48:32","slug":"brasilagro-agro3-agricola-novo-horizonte-ec-gss","status":"publish","type":"post","link":"https:\/\/www.suno.com.br\/noticias\/brasilagro-agro3-agricola-novo-horizonte-ec-gss\/","title":{"rendered":"BrasilAgro (AGRO3) adquire empresa agr\u00edcola Novo Horizonte por R$ 36,4 milh\u00f5es"},"content":{"rendered":"<p>A <strong>BrasilAgro<\/strong> (AGRO3) informou ter comprado a Companhia Agr\u00edcola Novo Horizonte, que tem um contrato de arrendamento de 4.767 hectares \u00fateis na regi\u00e3o de Primavera do Leste (MT). O valor da transa\u00e7\u00e3o, condicionada \u00e0 aprova\u00e7\u00e3o do <a class=\"suno-keyword\" data-force=\"no\" data-priority=\"2\" href=\"https:\/\/www.suno.com.br\/artigos\/cade\/\" target=\"_blank\" rel=\"noopener\">Conselho Administrativo de Defesa Econ\u00f4mica (Cade)<\/a>, \u00e9 de R$ 36,4 milh\u00f5es.<\/p>\t<div class=\"wrapper-featured-image\">\n\t\t<figure class=\"spotlightImg\">\n\n\t\t\t<picture>\n\t\t\t\t<source media=\"(max-width: 768px)\" srcset=\"https:\/\/files.sunoresearch.com.br\/n\/uploads\/2024\/03\/henry-perks-aOTBPSDjgj0-unsplash-400x200.jpg\">\n\t\t\t\t<img loading=\"lazy\" decoding=\"async\" class=\"newsContent__article__imgCapa lazyloadDisabled \" src=\"https:\/\/files.sunoresearch.com.br\/n\/uploads\/2024\/03\/henry-perks-aOTBPSDjgj0-unsplash-800x450.jpg\" width=\"800\" height=\"450\" alt=\"BrasilAgro (AGRO3) adquire empresa agr\u00edcola Novo Horizonte por R$ 36,4 milh\u00f5es\" fetchpriority=high \/>\n\t\t\t<\/picture>\n\n\t\t\t<figcaption class=\"wp-caption-text wp-caption-text--show\">BrasilAgro (AGRO3). Foto: Unsplash.<\/figcaption>\n\t\t<\/figure>\n\t<\/div>\n\n\n\n\n\n\n\n\t<p>\n\t\t<a href=\"https:\/\/lp.suno.com.br\/planilha-da-vida-financeira\/\" target=\"_blank\" data-element=\"shortcode-suno-banner\" title=\"Banner SUNO, clique e saiba mais\">\n\t\t\t<picture>\n\t\t\t\t<source media=\"(max-width: 500px)\" srcset=\"https:\/\/files.sunoresearch.com.br\/n\/uploads\/2023\/04\/400x300-Planilha-vida-financeira-true.png\">\n\t\t\t\t<img class=\"newsContent__article__imgCapa newsContent__article__imgCapa--banner\"\n\t\t\t\t\tsrc=\"https:\/\/files.sunoresearch.com.br\/n\/uploads\/2023\/04\/1420x240-Planilha-vida-financeira-true.png\"\n\t\t\t\t\tdata-promo-id=\"106682\"\t\t\t\t\t\t\t\t\t\twidth='1420' height='240'\t\t\t\t\talt=\"https:\/\/files.sunoresearch.com.br\/n\/uploads\/2023\/04\/1420x240-Planilha-vida-financeira-true.png\"\n\t\t\t\t>\n\t\t\t<\/picture>\n\t\t<\/a>\n\t<\/p>\n\n\n\n\n\n<p>Segundo a BrasilAgro (<strong>AGRO3<\/strong>), em nota, as opera\u00e7\u00f5es da Novo Horizonte est\u00e3o localizadas no munic\u00edpio de Novo S\u00e3o Joaquim, cerca de 100 km de dist\u00e2ncia do munic\u00edpio de Primavera do Leste. Da \u00e1rea arrendada, 670 hectares s\u00e3o irrigados, com aptid\u00e3o para produ\u00e7\u00e3o de safra e safrinha de gr\u00e3os e algod\u00e3o.<\/p>\n\n\n\n<p>&#8220;O prazo do arrendamento \u00e9 de 16 anos, com <a class=\"suno-keyword\" target=\"_blank\" data-force=\"no\" data-priority=\"1\" href=\"https:\/\/www.suno.com.br\/artigos\/preco-medio\/\" rel=\"noopener\">pre\u00e7o m\u00e9dio<\/a> de 13 sacas por hectare. Acreditamos que as opera\u00e7\u00f5es da Companhia Agr\u00edcola Novo Horizonte S.A. posicionar\u00e3o a companhia em mais uma regi\u00e3o que possu\u00ed altitude, topografia e pluviometria favor\u00e1veis para o cultivo de safra e safrinha de gr\u00e3os e algod\u00e3o, al\u00e9m da \u00e1rea irrigada, trazendo um incremento ao resultado operacional da companhia&#8221;, disse em nota o diretor financeiro da BrasilAgro, Gustavo Javier Lopez.<\/p>\n\n\n\t<p>\n\t\t<a href=\"https:\/\/lp.suno.com.br\/ebook-como-analisar-uma-acao\/\" target=\"_blank\" data-element=\"shortcode-suno-banner\" title=\"Banner SUNO, clique e saiba mais\">\n\t\t\t<picture>\n\t\t\t\t<source media=\"(max-width: 500px)\" srcset=\"https:\/\/files.sunoresearch.com.br\/n\/uploads\/2023\/03\/Ebook-Acoes-Mobile.jpg\">\n\t\t\t\t<img class=\"newsContent__article__imgCapa newsContent__article__imgCapa--banner\"\n\t\t\t\t\tsrc=\"https:\/\/files.sunoresearch.com.br\/n\/uploads\/2023\/03\/Ebook-Acoes-Desktop.jpg\"\n\t\t\t\t\tdata-promo-id=\"378302\"\t\t\t\t\t\t\t\t\t\twidth='1420' height='286'\t\t\t\t\talt=\"https:\/\/files.sunoresearch.com.br\/n\/uploads\/2023\/03\/Ebook-Acoes-Desktop.jpg\"\n\t\t\t\t>\n\t\t\t<\/picture>\n\t\t<\/a>\n\t<\/p>\n\n\n\n\n\n<h2 class=\"wp-block-heading\">BrasilAgro vem se movimentando no mercado<\/h2>\n\n\n\n<p>No final de mar\u00e7o, a companhia do setor agr\u00edcola j\u00e1 havia vendido uma \u00e1rea total de 12.335 hectares (8.796 hectares \u00fateis) da Fazenda Chaparral, localizada em Correntina (BA).<\/p>\n\n\n\n<p>Segundo a companhia, o valor da venda foi de 350 sacas de soja por hectare \u00fatil, ou R$ 364,5 milh\u00f5es. O comprador realizou pagamento inicial no valor de R$ 53,5 milh\u00f5es. O duration (tempo m\u00e9dio de recebimento) desta venda \u00e9 de 3,1 anos.<\/p>\n\n\n\n<p>Do ponto de vista cont\u00e1bil, informou a BrasilAgro, o valor desta \u00e1rea da fazenda nos livros da companhia \u00e9 de R$ 34,0 milh\u00f5es (aquisi\u00e7\u00e3o + investimentos l\u00edquidos de deprecia\u00e7\u00e3o) e tem uma TIR (<a class=\"suno-keyword\" target=\"_blank\" data-force=\"no\" data-priority=\"1\" href=\"https:\/\/www.suno.com.br\/artigos\/taxa-interna-de-retorno\/\" rel=\"noopener\">Taxa Interna de Retorno<\/a>) esperada em reais de 15,0%.<\/p>\n\n\n\n<p>&#8220;Esta transa\u00e7\u00e3o marca a primeira venda de uma fra\u00e7\u00e3o da Fazenda Chaparral, que foi adquirida em novembro de 2007. Foram investidos R$ 125,0 milh\u00f5es na aquisi\u00e7\u00e3o e desenvolvimento da propriedade at\u00e9 o momento. A fazenda possu\u00eda uma \u00e1rea total de 37.182 hectares (26.444 ha \u00fateis), restando 24.847 hectares (17.648 ha \u00fateis) no portf\u00f3lio ap\u00f3s a venda&#8221;, acrescentou a <strong>BrasilAgro<\/strong>.<\/p>\n\n\n\n<p>*<em>Com Estad\u00e3o Conte\u00fado<\/em><\/p>\n\n\n\t<p>\n\t\t<a href=\"https:\/\/lp.suno.com.br\/planilha-da-vida-financeira\/\" target=\"_blank\" data-element=\"shortcode-suno-banner\" title=\"Banner SUNO, clique e saiba mais\">\n\t\t\t<picture>\n\t\t\t\t<source media=\"(max-width: 500px)\" srcset=\"https:\/\/files.sunoresearch.com.br\/n\/uploads\/2023\/04\/400x300-Planilha-vida-financeira-true.png\">\n\t\t\t\t<img class=\"newsContent__article__imgCapa newsContent__article__imgCapa--banner\"\n\t\t\t\t\tsrc=\"https:\/\/files.sunoresearch.com.br\/n\/uploads\/2023\/04\/1420x240-Planilha-vida-financeira-true.png\"\n\t\t\t\t\tdata-promo-id=\"383123\"\t\t\t\t\t\t\t\t\t\twidth='1420' height='240'\t\t\t\t\talt=\"https:\/\/files.sunoresearch.com.br\/n\/uploads\/2023\/04\/1420x240-Planilha-vida-financeira-true.png\"\n\t\t\t\t>\n\t\t\t<\/picture>\n\t\t<\/a>\n\t<\/p>\n\n\n","protected":false},"excerpt":{"rendered":"<p>A BrasilAgro (AGRO3) informou ter comprado a Companhia Agr\u00edcola Novo Horizonte, que tem um contrato de arrendamento de 4.767 hectares \u00fateis na regi\u00e3o de Primavera do Leste (MT). O valor da transa\u00e7\u00e3o, condicionada \u00e0 aprova\u00e7\u00e3o do Conselho Administrativo de Defesa Econ\u00f4mica (Cade), \u00e9 de R$ 36,4 milh\u00f5es. BrasilAgro (AGRO3). Foto: Unsplash. Segundo a BrasilAgro (AGRO3), [&hellip;]<\/p>\n","protected":false},"author":43,"featured_media":538220,"comment_status":"closed","ping_status":"closed","sticky":false,"template":"","format":"standard","meta":[],"categories":[64],"tags":[84054,62812],"suno_strategy":[],"class_list":["post-556191","post","type-post","status-publish","format-standard","has-post-thumbnail","hentry","category-negocios","tag-brasil-brokers-bbrk3","tag-fusoes-e-aquisicoes"],"yoast_head":"<!-- This site is optimized with the Yoast SEO plugin v24.4 - https:\/\/yoast.com\/wordpress\/plugins\/seo\/ -->\n<title>BrasilAgro (AGRO3) adquire empresa agr\u00edcola Novo Horizonte<\/title>\n<meta name=\"description\" content=\"A BrasilAgro (AGRO3) anunciou a aquisi\u00e7\u00e3o por R$ 36,4 milh\u00f5es. Clique para saber mais sobre a compra realizada pela BrasilAgro.\" \/>\n<meta name=\"robots\" content=\"index, follow, max-snippet:-1, max-image-preview:large, max-video-preview:-1\" \/>\n<link rel=\"canonical\" href=\"https:\/\/www.suno.com.br\/noticias\/brasilagro-agro3-agricola-novo-horizonte-ec-gss\/\" \/>\n<meta property=\"og:locale\" content=\"pt_BR\" \/>\n<meta property=\"og:type\" content=\"article\" \/>\n<meta property=\"og:title\" content=\"BrasilAgro (AGRO3) adquire empresa agr\u00edcola Novo Horizonte\" \/>\n<meta property=\"og:description\" content=\"A BrasilAgro (AGRO3) anunciou a aquisi\u00e7\u00e3o por R$ 36,4 milh\u00f5es. Clique para saber mais sobre a compra realizada pela BrasilAgro.\" \/>\n<meta property=\"og:url\" content=\"https:\/\/www.suno.com.br\/noticias\/brasilagro-agro3-agricola-novo-horizonte-ec-gss\/\" \/>\n<meta property=\"og:site_name\" content=\"Suno Not\u00edcias\" \/>\n<meta property=\"article:publisher\" content=\"https:\/\/facebook.com\/sunoresearch\" \/>\n<meta property=\"article:author\" content=\"https:\/\/www.facebook.com\/sunonoticias\/\" \/>\n<meta property=\"og:image\" content=\"https:\/\/files.sunoresearch.com.br\/n\/uploads\/2024\/03\/henry-perks-aOTBPSDjgj0-unsplash-scaled.jpg\" \/>\n\t<meta property=\"og:image:width\" content=\"2560\" \/>\n\t<meta property=\"og:image:height\" content=\"1702\" \/>\n\t<meta property=\"og:image:type\" content=\"image\/jpeg\" \/>\n<meta name=\"author\" content=\"Reda\u00e7\u00e3o Suno Not\u00edcias\" \/>\n<meta name=\"twitter:card\" content=\"summary_large_image\" \/>\n<meta name=\"twitter:creator\" content=\"@https:\/\/twitter.com\/sunoresearch\" \/>\n<meta name=\"twitter:site\" content=\"@sunoresearch\" \/>\n<meta name=\"twitter:label1\" content=\"Escrito por\" \/>\n\t<meta name=\"twitter:data1\" content=\"Reda\u00e7\u00e3o Suno Not\u00edcias\" \/>\n\t<meta name=\"twitter:label2\" content=\"Est. tempo de leitura\" \/>\n\t<meta name=\"twitter:data2\" content=\"2 minutos\" \/>\n<script type=\"application\/ld+json\" class=\"yoast-schema-graph\">{\"@context\":\"https:\/\/schema.org\",\"@graph\":[{\"@type\":\"NewsArticle\",\"@id\":\"https:\/\/www.suno.com.br\/noticias\/brasilagro-agro3-agricola-novo-horizonte-ec-gss\/#article\",\"isPartOf\":{\"@id\":\"https:\/\/www.suno.com.br\/noticias\/brasilagro-agro3-agricola-novo-horizonte-ec-gss\/\"},\"author\":{\"name\":\"Reda\u00e7\u00e3o Suno Not\u00edcias\",\"@id\":\"https:\/\/www.suno.com.br\/noticias\/#\/schema\/person\/c1b1bd3727fa852bd045e9dbff3673ea\"},\"headline\":\"BrasilAgro (AGRO3) adquire empresa agr\u00edcola Novo Horizonte por R$ 36,4 milh\u00f5es\",\"datePublished\":\"2024-05-22T13:48:23+00:00\",\"dateModified\":\"2024-05-22T13:48:32+00:00\",\"mainEntityOfPage\":{\"@id\":\"https:\/\/www.suno.com.br\/noticias\/brasilagro-agro3-agricola-novo-horizonte-ec-gss\/\"},\"wordCount\":394,\"publisher\":{\"@id\":\"https:\/\/www.suno.com.br\/noticias\/#organization\"},\"image\":{\"@id\":\"https:\/\/www.suno.com.br\/noticias\/brasilagro-agro3-agricola-novo-horizonte-ec-gss\/#primaryimage\"},\"thumbnailUrl\":\"https:\/\/files.sunoresearch.com.br\/n\/uploads\/2024\/03\/henry-perks-aOTBPSDjgj0-unsplash-scaled.jpg\",\"keywords\":[\"Brasil Brokers (BBRK3)\",\"fus\u00f5es e aquisi\u00e7\u00f5es\"],\"articleSection\":[\"Neg\u00f3cios\"],\"inLanguage\":\"pt-BR\"},{\"@type\":\"WebPage\",\"@id\":\"https:\/\/www.suno.com.br\/noticias\/brasilagro-agro3-agricola-novo-horizonte-ec-gss\/\",\"url\":\"https:\/\/www.suno.com.br\/noticias\/brasilagro-agro3-agricola-novo-horizonte-ec-gss\/\",\"name\":\"BrasilAgro (AGRO3) adquire empresa agr\u00edcola Novo Horizonte\",\"isPartOf\":{\"@id\":\"https:\/\/www.suno.com.br\/noticias\/#website\"},\"primaryImageOfPage\":{\"@id\":\"https:\/\/www.suno.com.br\/noticias\/brasilagro-agro3-agricola-novo-horizonte-ec-gss\/#primaryimage\"},\"image\":{\"@id\":\"https:\/\/www.suno.com.br\/noticias\/brasilagro-agro3-agricola-novo-horizonte-ec-gss\/#primaryimage\"},\"thumbnailUrl\":\"https:\/\/files.sunoresearch.com.br\/n\/uploads\/2024\/03\/henry-perks-aOTBPSDjgj0-unsplash-scaled.jpg\",\"datePublished\":\"2024-05-22T13:48:23+00:00\",\"dateModified\":\"2024-05-22T13:48:32+00:00\",\"description\":\"A BrasilAgro (AGRO3) anunciou a aquisi\u00e7\u00e3o por R$ 36,4 milh\u00f5es. Clique para saber mais sobre a compra realizada pela BrasilAgro.\",\"breadcrumb\":{\"@id\":\"https:\/\/www.suno.com.br\/noticias\/brasilagro-agro3-agricola-novo-horizonte-ec-gss\/#breadcrumb\"},\"inLanguage\":\"pt-BR\",\"potentialAction\":[{\"@type\":\"ReadAction\",\"target\":[\"https:\/\/www.suno.com.br\/noticias\/brasilagro-agro3-agricola-novo-horizonte-ec-gss\/\"]}]},{\"@type\":\"ImageObject\",\"inLanguage\":\"pt-BR\",\"@id\":\"https:\/\/www.suno.com.br\/noticias\/brasilagro-agro3-agricola-novo-horizonte-ec-gss\/#primaryimage\",\"url\":\"https:\/\/files.sunoresearch.com.br\/n\/uploads\/2024\/03\/henry-perks-aOTBPSDjgj0-unsplash-scaled.jpg\",\"contentUrl\":\"https:\/\/files.sunoresearch.com.br\/n\/uploads\/2024\/03\/henry-perks-aOTBPSDjgj0-unsplash-scaled.jpg\",\"width\":2560,\"height\":1702,\"caption\":\"BrasilAgro (AGRO3). Foto: Unsplash.\"},{\"@type\":\"BreadcrumbList\",\"@id\":\"https:\/\/www.suno.com.br\/noticias\/brasilagro-agro3-agricola-novo-horizonte-ec-gss\/#breadcrumb\",\"itemListElement\":[{\"@type\":\"ListItem\",\"position\":1,\"name\":\"Not\u00edcias\",\"item\":\"https:\/\/www.suno.com.br\/noticias\/\"},{\"@type\":\"ListItem\",\"position\":2,\"name\":\"Neg\u00f3cios\",\"item\":\"https:\/\/www.suno.com.br\/noticias\/negocios\/\"},{\"@type\":\"ListItem\",\"position\":3,\"name\":\"BrasilAgro (AGRO3) adquire empresa agr\u00edcola Novo Horizonte por R$ 36,4 milh\u00f5es\"}]},{\"@type\":\"WebSite\",\"@id\":\"https:\/\/www.suno.com.br\/noticias\/#website\",\"url\":\"https:\/\/www.suno.com.br\/noticias\/\",\"name\":\"Suno Not\u00edcias\",\"description\":\"Seu portal de informa\u00e7\u00e3o sobre o mundo dos investimentos\",\"publisher\":{\"@id\":\"https:\/\/www.suno.com.br\/noticias\/#organization\"},\"potentialAction\":[{\"@type\":\"SearchAction\",\"target\":{\"@type\":\"EntryPoint\",\"urlTemplate\":\"https:\/\/www.suno.com.br\/noticias\/?s={search_term_string}\"},\"query-input\":{\"@type\":\"PropertyValueSpecification\",\"valueRequired\":true,\"valueName\":\"search_term_string\"}}],\"inLanguage\":\"pt-BR\"},{\"@type\":\"Organization\",\"@id\":\"https:\/\/www.suno.com.br\/noticias\/#organization\",\"name\":\"Suno Not\u00edcias\",\"url\":\"https:\/\/www.suno.com.br\/noticias\/\",\"logo\":{\"@type\":\"ImageObject\",\"inLanguage\":\"pt-BR\",\"@id\":\"https:\/\/www.suno.com.br\/noticias\/#\/schema\/logo\/image\/\",\"url\":\"https:\/\/files.sunoresearch.com.br\/n\/uploads\/2021\/09\/suno-logo.png\",\"contentUrl\":\"https:\/\/files.sunoresearch.com.br\/n\/uploads\/2021\/09\/suno-logo.png\",\"width\":180,\"height\":180,\"caption\":\"Suno Not\u00edcias\"},\"image\":{\"@id\":\"https:\/\/www.suno.com.br\/noticias\/#\/schema\/logo\/image\/\"},\"sameAs\":[\"https:\/\/facebook.com\/sunoresearch\",\"https:\/\/x.com\/sunoresearch\",\"https:\/\/www.instagram.com\/suno\",\"https:\/\/www.linkedin.com\/company\/suno-research\/\",\"https:\/\/www.youtube.com\/c\/sunoresearch\"]},{\"@type\":\"Person\",\"@id\":\"https:\/\/www.suno.com.br\/noticias\/#\/schema\/person\/c1b1bd3727fa852bd045e9dbff3673ea\",\"name\":\"Reda\u00e7\u00e3o Suno Not\u00edcias\",\"image\":{\"@type\":\"ImageObject\",\"inLanguage\":\"pt-BR\",\"@id\":\"https:\/\/www.suno.com.br\/noticias\/#\/schema\/person\/image\/\",\"url\":\"https:\/\/secure.gravatar.com\/avatar\/b8104b9b5a71985d5238ee59fbe418af?s=96&r=g\",\"contentUrl\":\"https:\/\/secure.gravatar.com\/avatar\/b8104b9b5a71985d5238ee59fbe418af?s=96&r=g\",\"caption\":\"Reda\u00e7\u00e3o Suno Not\u00edcias\"},\"description\":\"O Suno Not\u00edcias \u00e9 um portal de informa\u00e7\u00f5es sobre Mercado Financeiro, Pol\u00edtica, Neg\u00f3cios, Economia e Finan\u00e7as Pessoais.\",\"sameAs\":[\"https:\/\/www.suno.com.br\/noticias\",\"https:\/\/www.facebook.com\/sunonoticias\/\",\"https:\/\/www.instagram.com\/sunonoticias\/\",\"https:\/\/x.com\/https:\/\/twitter.com\/sunoresearch\",\"https:\/\/www.youtube.com\/sunonoticias\"],\"url\":\"https:\/\/www.suno.com.br\/noticias\/author\/redacao-suno\/\"}]}<\/script>\n<!-- \/ Yoast SEO plugin. -->","yoast_head_json":{"title":"BrasilAgro (AGRO3) adquire empresa agr\u00edcola Novo Horizonte","description":"A BrasilAgro (AGRO3) anunciou a aquisi\u00e7\u00e3o por R$ 36,4 milh\u00f5es. Clique para saber mais sobre a compra realizada pela BrasilAgro.","robots":{"index":"index","follow":"follow","max-snippet":"max-snippet:-1","max-image-preview":"max-image-preview:large","max-video-preview":"max-video-preview:-1"},"canonical":"https:\/\/www.suno.com.br\/noticias\/brasilagro-agro3-agricola-novo-horizonte-ec-gss\/","og_locale":"pt_BR","og_type":"article","og_title":"BrasilAgro (AGRO3) adquire empresa agr\u00edcola Novo Horizonte","og_description":"A BrasilAgro (AGRO3) anunciou a aquisi\u00e7\u00e3o por R$ 36,4 milh\u00f5es. Clique para saber mais sobre a compra realizada pela BrasilAgro.","og_url":"https:\/\/www.suno.com.br\/noticias\/brasilagro-agro3-agricola-novo-horizonte-ec-gss\/","og_site_name":"Suno Not\u00edcias","article_publisher":"https:\/\/facebook.com\/sunoresearch","article_author":"https:\/\/www.facebook.com\/sunonoticias\/","og_image":[{"width":2560,"height":1702,"url":"https:\/\/files.sunoresearch.com.br\/n\/uploads\/2024\/03\/henry-perks-aOTBPSDjgj0-unsplash-scaled.jpg","type":"image\/jpeg"}],"author":"Reda\u00e7\u00e3o Suno Not\u00edcias","twitter_card":"summary_large_image","twitter_creator":"@https:\/\/twitter.com\/sunoresearch","twitter_site":"@sunoresearch","twitter_misc":{"Escrito por":"Reda\u00e7\u00e3o Suno Not\u00edcias","Est. tempo de leitura":"2 minutos"},"schema":{"@context":"https:\/\/schema.org","@graph":[{"@type":"NewsArticle","@id":"https:\/\/www.suno.com.br\/noticias\/brasilagro-agro3-agricola-novo-horizonte-ec-gss\/#article","isPartOf":{"@id":"https:\/\/www.suno.com.br\/noticias\/brasilagro-agro3-agricola-novo-horizonte-ec-gss\/"},"author":{"name":"Reda\u00e7\u00e3o Suno Not\u00edcias","@id":"https:\/\/www.suno.com.br\/noticias\/#\/schema\/person\/c1b1bd3727fa852bd045e9dbff3673ea"},"headline":"BrasilAgro (AGRO3) adquire empresa agr\u00edcola Novo Horizonte por R$ 36,4 milh\u00f5es","datePublished":"2024-05-22T13:48:23+00:00","dateModified":"2024-05-22T13:48:32+00:00","mainEntityOfPage":{"@id":"https:\/\/www.suno.com.br\/noticias\/brasilagro-agro3-agricola-novo-horizonte-ec-gss\/"},"wordCount":394,"publisher":{"@id":"https:\/\/www.suno.com.br\/noticias\/#organization"},"image":{"@id":"https:\/\/www.suno.com.br\/noticias\/brasilagro-agro3-agricola-novo-horizonte-ec-gss\/#primaryimage"},"thumbnailUrl":"https:\/\/files.sunoresearch.com.br\/n\/uploads\/2024\/03\/henry-perks-aOTBPSDjgj0-unsplash-scaled.jpg","keywords":["Brasil Brokers (BBRK3)","fus\u00f5es e aquisi\u00e7\u00f5es"],"articleSection":["Neg\u00f3cios"],"inLanguage":"pt-BR"},{"@type":"WebPage","@id":"https:\/\/www.suno.com.br\/noticias\/brasilagro-agro3-agricola-novo-horizonte-ec-gss\/","url":"https:\/\/www.suno.com.br\/noticias\/brasilagro-agro3-agricola-novo-horizonte-ec-gss\/","name":"BrasilAgro (AGRO3) adquire empresa agr\u00edcola Novo Horizonte","isPartOf":{"@id":"https:\/\/www.suno.com.br\/noticias\/#website"},"primaryImageOfPage":{"@id":"https:\/\/www.suno.com.br\/noticias\/brasilagro-agro3-agricola-novo-horizonte-ec-gss\/#primaryimage"},"image":{"@id":"https:\/\/www.suno.com.br\/noticias\/brasilagro-agro3-agricola-novo-horizonte-ec-gss\/#primaryimage"},"thumbnailUrl":"https:\/\/files.sunoresearch.com.br\/n\/uploads\/2024\/03\/henry-perks-aOTBPSDjgj0-unsplash-scaled.jpg","datePublished":"2024-05-22T13:48:23+00:00","dateModified":"2024-05-22T13:48:32+00:00","description":"A BrasilAgro (AGRO3) anunciou a aquisi\u00e7\u00e3o por R$ 36,4 milh\u00f5es. Clique para saber mais sobre a compra realizada pela BrasilAgro.","breadcrumb":{"@id":"https:\/\/www.suno.com.br\/noticias\/brasilagro-agro3-agricola-novo-horizonte-ec-gss\/#breadcrumb"},"inLanguage":"pt-BR","potentialAction":[{"@type":"ReadAction","target":["https:\/\/www.suno.com.br\/noticias\/brasilagro-agro3-agricola-novo-horizonte-ec-gss\/"]}]},{"@type":"ImageObject","inLanguage":"pt-BR","@id":"https:\/\/www.suno.com.br\/noticias\/brasilagro-agro3-agricola-novo-horizonte-ec-gss\/#primaryimage","url":"https:\/\/files.sunoresearch.com.br\/n\/uploads\/2024\/03\/henry-perks-aOTBPSDjgj0-unsplash-scaled.jpg","contentUrl":"https:\/\/files.sunoresearch.com.br\/n\/uploads\/2024\/03\/henry-perks-aOTBPSDjgj0-unsplash-scaled.jpg","width":2560,"height":1702,"caption":"BrasilAgro (AGRO3). Foto: Unsplash."},{"@type":"BreadcrumbList","@id":"https:\/\/www.suno.com.br\/noticias\/brasilagro-agro3-agricola-novo-horizonte-ec-gss\/#breadcrumb","itemListElement":[{"@type":"ListItem","position":1,"name":"Not\u00edcias","item":"https:\/\/www.suno.com.br\/noticias\/"},{"@type":"ListItem","position":2,"name":"Neg\u00f3cios","item":"https:\/\/www.suno.com.br\/noticias\/negocios\/"},{"@type":"ListItem","position":3,"name":"BrasilAgro (AGRO3) adquire empresa agr\u00edcola Novo Horizonte por R$ 36,4 milh\u00f5es"}]},{"@type":"WebSite","@id":"https:\/\/www.suno.com.br\/noticias\/#website","url":"https:\/\/www.suno.com.br\/noticias\/","name":"Suno Not\u00edcias","description":"Seu portal de informa\u00e7\u00e3o sobre o mundo dos investimentos","publisher":{"@id":"https:\/\/www.suno.com.br\/noticias\/#organization"},"potentialAction":[{"@type":"SearchAction","target":{"@type":"EntryPoint","urlTemplate":"https:\/\/www.suno.com.br\/noticias\/?s={search_term_string}"},"query-input":{"@type":"PropertyValueSpecification","valueRequired":true,"valueName":"search_term_string"}}],"inLanguage":"pt-BR"},{"@type":"Organization","@id":"https:\/\/www.suno.com.br\/noticias\/#organization","name":"Suno Not\u00edcias","url":"https:\/\/www.suno.com.br\/noticias\/","logo":{"@type":"ImageObject","inLanguage":"pt-BR","@id":"https:\/\/www.suno.com.br\/noticias\/#\/schema\/logo\/image\/","url":"https:\/\/files.sunoresearch.com.br\/n\/uploads\/2021\/09\/suno-logo.png","contentUrl":"https:\/\/files.sunoresearch.com.br\/n\/uploads\/2021\/09\/suno-logo.png","width":180,"height":180,"caption":"Suno Not\u00edcias"},"image":{"@id":"https:\/\/www.suno.com.br\/noticias\/#\/schema\/logo\/image\/"},"sameAs":["https:\/\/facebook.com\/sunoresearch","https:\/\/x.com\/sunoresearch","https:\/\/www.instagram.com\/suno","https:\/\/www.linkedin.com\/company\/suno-research\/","https:\/\/www.youtube.com\/c\/sunoresearch"]},{"@type":"Person","@id":"https:\/\/www.suno.com.br\/noticias\/#\/schema\/person\/c1b1bd3727fa852bd045e9dbff3673ea","name":"Reda\u00e7\u00e3o Suno Not\u00edcias","image":{"@type":"ImageObject","inLanguage":"pt-BR","@id":"https:\/\/www.suno.com.br\/noticias\/#\/schema\/person\/image\/","url":"https:\/\/secure.gravatar.com\/avatar\/b8104b9b5a71985d5238ee59fbe418af?s=96&r=g","contentUrl":"https:\/\/secure.gravatar.com\/avatar\/b8104b9b5a71985d5238ee59fbe418af?s=96&r=g","caption":"Reda\u00e7\u00e3o Suno Not\u00edcias"},"description":"O Suno Not\u00edcias \u00e9 um portal de informa\u00e7\u00f5es sobre Mercado Financeiro, Pol\u00edtica, Neg\u00f3cios, Economia e Finan\u00e7as Pessoais.","sameAs":["https:\/\/www.suno.com.br\/noticias","https:\/\/www.facebook.com\/sunonoticias\/","https:\/\/www.instagram.com\/sunonoticias\/","https:\/\/x.com\/https:\/\/twitter.com\/sunoresearch","https:\/\/www.youtube.com\/sunonoticias"],"url":"https:\/\/www.suno.com.br\/noticias\/author\/redacao-suno\/"}]}},"default_loop_html":"<div class=\"cardsPage__listCard__boxs\"><div class=\"cardsPage__listCard__boxs__img\"><a href=\"https:\/\/www.suno.com.br\/noticias\/brasilagro-agro3-agricola-novo-horizonte-ec-gss\/\"><img class=\"mask\" src=\"https:\/\/www.suno.com.br\/noticias\/wp-content\/themes\/suno\/resources\/images\/spotlight\/spotlight1img\/bg-mask.png\" alt=\"Image Mask\"\/><img src=\"https:\/\/files.sunoresearch.com.br\/n\/uploads\/2024\/03\/henry-perks-aOTBPSDjgj0-unsplash-400x200.jpg\" alt=\"BrasilAgro (AGRO3) adquire empresa agr\u00edcola Novo Horizonte por R$ 36,4 milh\u00f5es\"\/><\/a><span class=\"spotlightCategory\"><a href=\"https:\/\/www.suno.com.br\/noticias\/negocios\/\">Neg\u00f3cios<\/a><\/span><\/div><div class=\"cardsPage__listCard__boxs__content\"><a href=\"https:\/\/www.suno.com.br\/noticias\/brasilagro-agro3-agricola-novo-horizonte-ec-gss\/\"><h2 class=\"content__title\">BrasilAgro (AGRO3) adquire empresa agr\u00edcola Novo Horizonte por R$ 36,4 milh\u00f5es<\/h2><\/a><div class=\"newsContent__article__meta\"><div class=\"newsContent__article__meta__authorBox\"><a href=\"https:\/\/www.suno.com.br\/noticias\/author\/redacao-suno\/\" class=\"authorBox__avatar noMobi\"><img src=\"https:\/\/files.sunoresearch.com.br\/n\/uploads\/2020\/08\/0ace682d-redacao-1-150x150.webp\" alt=\"Reda\u00e7\u00e3o Suno Not\u00edcias\"><\/a><div class=\"authorBox__name\"><span>por\n\t\t\t<a href=\"https:\/\/www.suno.com.br\/noticias\/author\/redacao-suno\/\"><span itemprop=\"author\">Reda\u00e7\u00e3o Suno Not\u00edcias<\/span><\/a><\/span><time datetime=\"2024-05-22T10:48:23-03:00\" itemprop=\"datePublished\">22\/05\/2024 10:48<\/time><\/div><\/div><\/div><\/div><\/div>","single_layout":"posts","amp_enabled":true,"_links":{"self":[{"href":"https:\/\/www.suno.com.br\/noticias\/wp-json\/wp\/v2\/posts\/556191"}],"collection":[{"href":"https:\/\/www.suno.com.br\/noticias\/wp-json\/wp\/v2\/posts"}],"about":[{"href":"https:\/\/www.suno.com.br\/noticias\/wp-json\/wp\/v2\/types\/post"}],"author":[{"embeddable":true,"href":"https:\/\/www.suno.com.br\/noticias\/wp-json\/wp\/v2\/users\/43"}],"replies":[{"embeddable":true,"href":"https:\/\/www.suno.com.br\/noticias\/wp-json\/wp\/v2\/comments?post=556191"}],"version-history":[{"count":2,"href":"https:\/\/www.suno.com.br\/noticias\/wp-json\/wp\/v2\/posts\/556191\/revisions"}],"predecessor-version":[{"id":556233,"href":"https:\/\/www.suno.com.br\/noticias\/wp-json\/wp\/v2\/posts\/556191\/revisions\/556233"}],"wp:featuredmedia":[{"embeddable":true,"href":"https:\/\/www.suno.com.br\/noticias\/wp-json\/wp\/v2\/media\/538220"}],"wp:attachment":[{"href":"https:\/\/www.suno.com.br\/noticias\/wp-json\/wp\/v2\/media?parent=556191"}],"wp:term":[{"taxonomy":"category","embeddable":true,"href":"https:\/\/www.suno.com.br\/noticias\/wp-json\/wp\/v2\/categories?post=556191"},{"taxonomy":"post_tag","embeddable":true,"href":"https:\/\/www.suno.com.br\/noticias\/wp-json\/wp\/v2\/tags?post=556191"},{"taxonomy":"suno_strategy","embeddable":true,"href":"https:\/\/www.suno.com.br\/noticias\/wp-json\/wp\/v2\/suno_strategy?post=556191"}],"curies":[{"name":"wp","href":"https:\/\/api.w.org\/{rel}","templated":true}]}}