{"id":55603,"date":"2020-03-09T11:27:05","date_gmt":"2020-03-09T14:27:05","guid":{"rendered":"https:\/\/www.suno.com.br\/noticias\/?p=55603"},"modified":"2020-03-09T11:27:05","modified_gmt":"2020-03-09T14:27:05","slug":"intervencoes-no-dolar-banco-central","status":"publish","type":"post","link":"https:\/\/www.suno.com.br\/noticias\/intervencoes-no-dolar-banco-central\/","title":{"rendered":"Interven\u00e7\u00f5es no d\u00f3lar v\u00e3o durar o necess\u00e1rio, diz Banco Central"},"content":{"rendered":"<p>Segundo Bruno Serra Fernandes, diretor de pol\u00edtica monet\u00e1ria do <a href=\"https:\/\/www.suno.com.br\/artigos\/bacen\/\">Banco Central (BC)<\/a>, as interven\u00e7\u00f5es da autoridade monet\u00e1ria &#8220;podem durar o tempo que for necess\u00e1rio para o retorno do regular funcionamento do mercado de c\u00e2mbio&#8221;. O <strong>d\u00f3lar<\/strong>, na manh\u00e3 desta segunda-feira (9), chegou a atingir R$ 4,7921 na venda, em uma alta de 3,50%.<\/p>\t<div class=\"wrapper-featured-image\">\n\t\t<figure class=\"spotlightImg\">\n\n\t\t\t<picture>\n\t\t\t\t<source media=\"(max-width: 768px)\" srcset=\"https:\/\/files.sunoresearch.com.br\/n\/uploads\/2020\/03\/b9356a44-banco-central-400x200.webp\">\n\t\t\t\t<img loading=\"lazy\" decoding=\"async\" class=\"newsContent__article__imgCapa lazyloadDisabled newsContent__article__imgCapa--noCaption\" src=\"https:\/\/files.sunoresearch.com.br\/n\/uploads\/2020\/03\/b9356a44-banco-central-800x450.webp\" width=\"800\" height=\"450\" alt=\"Interven\u00e7\u00f5es no d\u00f3lar v\u00e3o durar o necess\u00e1rio, diz Banco Central\" fetchpriority=high \/>\n\t\t\t<\/picture>\n\n\t\t\t<figcaption class=\"wp-caption-text wp-caption-text--hide\">O sistema de pagamentos instant\u00e2neos Pix atingiu a marca de 21,09 milh\u00f5es de chaves cadastradas at\u00e9 as 18h de hoje. <\/figcaption>\n\t\t<\/figure>\n\t<\/div>\n\n\n\n<p>O discurso de Serra acerca da atua\u00e7\u00e3o do BC sobre o d\u00f3lar foi divulgada antes da abertura do mercado. O diretor participaria do evento &#8220;Oportunidades para Family Offices em 2020&#8221;, organizado pela Bloomberg, e que estava previsto para come\u00e7ar \u00e0s 9h10.<\/p>\n<p>Al\u00e9m disso, o diretor afirmou que as interven\u00e7\u00f5es do BC no c\u00e2mbio tem sido pontuais, respondendo a eventos e disfuncionalidades espec\u00edficas. Serra tamb\u00e9m disse que a atual conjuntura \u201cpermite ao BC dispor de todos os seus instrumentos, no volume que entender apropriado, para promover o regular funcionamento do mercado de c\u00e2mbio\u201d.<\/p>\n<p>Na manh\u00e3 desta segunda-feira, logo na abertura do mercado, o BC vendeu um lote integral de US$ 3 bilh\u00f5es no mercado \u00e0 vista de c\u00e2mbio. A oferta foi superior \u00e0 anunciada na \u00faltima sexta-feira (6), a qual leiloaria US$ 1 bilh\u00e3o. A autoridade monet\u00e1ria pode usar <strong><a href=\"https:\/\/www.suno.com.br\/artigos\/swap-cambial\/\">swaps cambiais<\/a><\/strong>, linhas de liquidez e opera\u00e7\u00f5es definitivas em d\u00f3lar.<\/p>\n\t<p>\n\t\t<a href=\"https:\/\/www.seculus.com.br\/blackfriday\" target=\"_blank\" data-element=\"shortcode-suno-banner\" title=\"Banner SUNO, clique e saiba mais\">\n\t\t\t<picture>\n\t\t\t\t<source media=\"(max-width: 500px)\" srcset=\"https:\/\/files.sunoresearch.com.br\/n\/uploads\/2023\/11\/seculus_suno_mobile_2.jpg\">\n\t\t\t\t<img class=\"newsContent__article__imgCapa newsContent__article__imgCapa--banner\"\n\t\t\t\t\tsrc=\"https:\/\/files.sunoresearch.com.br\/n\/uploads\/2023\/11\/seculus_suno_desktop_2.jpg\"\n\t\t\t\t\tdata-promo-id=\"474123\"\t\t\t\t\t\t\t\t\t\twidth='1420' height='240'\t\t\t\t\talt=\"https:\/\/files.sunoresearch.com.br\/n\/uploads\/2023\/11\/seculus_suno_desktop_2.jpg\"\n\t\t\t\t>\n\t\t\t<\/picture>\n\t\t<\/a>\n\t<\/p>\n\n\n<p>Serra afirmou que a escolha de qual instrumento a ser utilizado no c\u00e2mbio depende das condi\u00e7\u00f5es de mercado e da forma como se apresenta a eventual disfuncionalidade a cada momento. \u201cO BC n\u00e3o tem preconceito ou prefer\u00eancia por uso de nenhum dos instrumentos \u00e0 sua disposi\u00e7\u00e3o\u201d, salientou.<\/p>\n<p>O diretor lembrou que, em comunicado divulgado na \u00faltima ter\u00e7a-feira (3), o <strong><a href=\"https:\/\/www.suno.com.br\/artigos\/copom\/\">Comit\u00ea de Pol\u00edtica Monet\u00e1ria (Copom)<\/a><\/strong> afirmou que \u201co impacto sobre a economia brasileira proveniente da <a href=\"https:\/\/www.youtube.com\/watch?v=FVeR_RI7f3g&amp;t=178s\">desacelera\u00e7\u00e3o global<\/a> tende a dominar uma eventual deteriora\u00e7\u00e3o nos pre\u00e7os de ativos financeiros\u201d.<\/p>\n<p><a href=\"https:\/\/www.suno.com.br\/nossas-assinaturas\/suno-premium\/\"><span data-sheets-value=\"{&quot;1&quot;:2,&quot;2&quot;:&quot;\\&quot;Black Friday\\&quot; na B3 | Saiba como usar o fator Coronav\u00edrus a seu favor tendo acesso aos melhores investimentos do mercado.&quot;}\" data-sheets-userformat=\"{&quot;2&quot;:513,&quot;3&quot;:{&quot;1&quot;:0},&quot;12&quot;:0}\">&#8220;Black Friday&#8221; na B3 | Saiba como usar o fator Coronav\u00edrus a seu favor tendo acesso aos melhores investimentos do mercado.<\/span><\/a><\/p>\n<p>&#8220;As pr\u00f3ximas duas semanas permitir\u00e3o uma avalia\u00e7\u00e3o mais precisa dos efeitos do surto de coronav\u00edrus (Covid-19) na trajet\u00f3ria prospectiva de infla\u00e7\u00e3o no horizonte relevante de <a href=\"https:\/\/www.suno.com.br\/artigos\/politica-monetaria\/\">pol\u00edtica monet\u00e1ria<\/a>\u201d, salientou Serra, n\u00e3o descartando novas inger\u00eancias no <strong>d\u00f3lar<\/strong>.<\/p>\n\n","protected":false},"excerpt":{"rendered":"<p>Segundo Bruno Serra Fernandes, diretor de pol\u00edtica monet\u00e1ria do Banco Central (BC), as interven\u00e7\u00f5es da autoridade monet\u00e1ria &#8220;podem durar o tempo que for necess\u00e1rio para o retorno do regular funcionamento do mercado de c\u00e2mbio&#8221;. O d\u00f3lar, na manh\u00e3 desta segunda-feira (9), chegou a atingir R$ 4,7921 na venda, em uma alta de 3,50%. O sistema [&hellip;]<\/p>\n","protected":false},"author":24,"featured_media":55635,"comment_status":"closed","ping_status":"closed","sticky":false,"template":"","format":"standard","meta":[],"categories":[62],"tags":[1842,2487,326],"suno_strategy":[],"class_list":["post-55603","post","type-post","status-publish","format-standard","has-post-thumbnail","hentry","category-economia","tag-banco-central-bc","tag-coronavirus","tag-dolar"],"yoast_head":"<!-- This site is optimized with the Yoast SEO plugin v24.4 - https:\/\/yoast.com\/wordpress\/plugins\/seo\/ -->\n<title>Interven\u00e7\u00f5es no d\u00f3lar v\u00e3o durar o necess\u00e1rio, diz Banco Central<\/title>\n<meta name=\"description\" content=\"Segundo o diretor de pol\u00edtica monet\u00e1ria do BC, as interven\u00e7\u00f5es no d\u00f3lar &quot;podem durar o tempo que for necess\u00e1rio&quot;. Saiba mais.\" \/>\n<meta name=\"robots\" content=\"index, follow, max-snippet:-1, max-image-preview:large, max-video-preview:-1\" \/>\n<link rel=\"canonical\" href=\"https:\/\/www.suno.com.br\/noticias\/intervencoes-no-dolar-banco-central\/\" \/>\n<meta property=\"og:locale\" content=\"pt_BR\" \/>\n<meta property=\"og:type\" content=\"article\" \/>\n<meta property=\"og:title\" content=\"Interven\u00e7\u00f5es no d\u00f3lar v\u00e3o durar o necess\u00e1rio, diz Banco Central\" \/>\n<meta property=\"og:description\" content=\"Segundo o diretor de pol\u00edtica monet\u00e1ria do BC, as interven\u00e7\u00f5es no d\u00f3lar &quot;podem durar o tempo que for necess\u00e1rio&quot;. Saiba mais.\" \/>\n<meta property=\"og:url\" content=\"https:\/\/www.suno.com.br\/noticias\/intervencoes-no-dolar-banco-central\/\" \/>\n<meta property=\"og:site_name\" content=\"Suno Not\u00edcias\" \/>\n<meta property=\"article:publisher\" content=\"https:\/\/facebook.com\/sunoresearch\" \/>\n<meta property=\"og:image\" content=\"https:\/\/files.sunoresearch.com.br\/n\/uploads\/2020\/03\/b9356a44-banco-central.jpg\" \/>\n\t<meta property=\"og:image:width\" content=\"2400\" \/>\n\t<meta property=\"og:image:height\" content=\"1600\" \/>\n\t<meta property=\"og:image:type\" content=\"image\/jpeg\" \/>\n<meta name=\"author\" content=\"Jader Lazarini\" \/>\n<meta name=\"twitter:card\" content=\"summary_large_image\" \/>\n<meta name=\"twitter:creator\" content=\"@sunoresearch\" \/>\n<meta name=\"twitter:site\" content=\"@sunoresearch\" \/>\n<meta name=\"twitter:label1\" content=\"Escrito por\" \/>\n\t<meta name=\"twitter:data1\" content=\"Jader Lazarini\" \/>\n\t<meta name=\"twitter:label2\" content=\"Est. tempo de leitura\" \/>\n\t<meta name=\"twitter:data2\" content=\"2 minutos\" \/>\n<script type=\"application\/ld+json\" class=\"yoast-schema-graph\">{\"@context\":\"https:\/\/schema.org\",\"@graph\":[{\"@type\":\"NewsArticle\",\"@id\":\"https:\/\/www.suno.com.br\/noticias\/intervencoes-no-dolar-banco-central\/#article\",\"isPartOf\":{\"@id\":\"https:\/\/www.suno.com.br\/noticias\/intervencoes-no-dolar-banco-central\/\"},\"author\":{\"name\":\"Jader Lazarini\",\"@id\":\"https:\/\/www.suno.com.br\/noticias\/#\/schema\/person\/918d79de1f0281f01599b93f9ea6e23f\"},\"headline\":\"Interven\u00e7\u00f5es no d\u00f3lar v\u00e3o durar o necess\u00e1rio, diz Banco Central\",\"datePublished\":\"2020-03-09T14:27:05+00:00\",\"mainEntityOfPage\":{\"@id\":\"https:\/\/www.suno.com.br\/noticias\/intervencoes-no-dolar-banco-central\/\"},\"wordCount\":402,\"publisher\":{\"@id\":\"https:\/\/www.suno.com.br\/noticias\/#organization\"},\"image\":{\"@id\":\"https:\/\/www.suno.com.br\/noticias\/intervencoes-no-dolar-banco-central\/#primaryimage\"},\"thumbnailUrl\":\"https:\/\/files.sunoresearch.com.br\/n\/uploads\/2020\/03\/b9356a44-banco-central-jpg.webp\",\"keywords\":[\"Banco Central (BC)\",\"coronav\u00edrus\",\"d\u00f3lar\"],\"articleSection\":[\"Economia\"],\"inLanguage\":\"pt-BR\"},{\"@type\":\"WebPage\",\"@id\":\"https:\/\/www.suno.com.br\/noticias\/intervencoes-no-dolar-banco-central\/\",\"url\":\"https:\/\/www.suno.com.br\/noticias\/intervencoes-no-dolar-banco-central\/\",\"name\":\"Interven\u00e7\u00f5es no d\u00f3lar v\u00e3o durar o necess\u00e1rio, diz Banco Central\",\"isPartOf\":{\"@id\":\"https:\/\/www.suno.com.br\/noticias\/#website\"},\"primaryImageOfPage\":{\"@id\":\"https:\/\/www.suno.com.br\/noticias\/intervencoes-no-dolar-banco-central\/#primaryimage\"},\"image\":{\"@id\":\"https:\/\/www.suno.com.br\/noticias\/intervencoes-no-dolar-banco-central\/#primaryimage\"},\"thumbnailUrl\":\"https:\/\/files.sunoresearch.com.br\/n\/uploads\/2020\/03\/b9356a44-banco-central-jpg.webp\",\"datePublished\":\"2020-03-09T14:27:05+00:00\",\"description\":\"Segundo o diretor de pol\u00edtica monet\u00e1ria do BC, as interven\u00e7\u00f5es no d\u00f3lar \\\"podem durar o tempo que for necess\u00e1rio\\\". Saiba mais.\",\"breadcrumb\":{\"@id\":\"https:\/\/www.suno.com.br\/noticias\/intervencoes-no-dolar-banco-central\/#breadcrumb\"},\"inLanguage\":\"pt-BR\",\"potentialAction\":[{\"@type\":\"ReadAction\",\"target\":[\"https:\/\/www.suno.com.br\/noticias\/intervencoes-no-dolar-banco-central\/\"]}]},{\"@type\":\"ImageObject\",\"inLanguage\":\"pt-BR\",\"@id\":\"https:\/\/www.suno.com.br\/noticias\/intervencoes-no-dolar-banco-central\/#primaryimage\",\"url\":\"https:\/\/files.sunoresearch.com.br\/n\/uploads\/2020\/03\/b9356a44-banco-central-jpg.webp\",\"contentUrl\":\"https:\/\/files.sunoresearch.com.br\/n\/uploads\/2020\/03\/b9356a44-banco-central-jpg.webp\",\"width\":2400,\"height\":1600,\"caption\":\"O sistema de pagamentos instant\u00e2neos Pix atingiu a marca de 21,09 milh\u00f5es de chaves cadastradas at\u00e9 as 18h de hoje.\"},{\"@type\":\"BreadcrumbList\",\"@id\":\"https:\/\/www.suno.com.br\/noticias\/intervencoes-no-dolar-banco-central\/#breadcrumb\",\"itemListElement\":[{\"@type\":\"ListItem\",\"position\":1,\"name\":\"Not\u00edcias\",\"item\":\"https:\/\/www.suno.com.br\/noticias\/\"},{\"@type\":\"ListItem\",\"position\":2,\"name\":\"Economia\",\"item\":\"https:\/\/www.suno.com.br\/noticias\/economia\/\"},{\"@type\":\"ListItem\",\"position\":3,\"name\":\"Interven\u00e7\u00f5es no d\u00f3lar v\u00e3o durar o necess\u00e1rio, diz Banco Central\"}]},{\"@type\":\"WebSite\",\"@id\":\"https:\/\/www.suno.com.br\/noticias\/#website\",\"url\":\"https:\/\/www.suno.com.br\/noticias\/\",\"name\":\"Suno Not\u00edcias\",\"description\":\"Seu portal de informa\u00e7\u00e3o sobre o mundo dos investimentos\",\"publisher\":{\"@id\":\"https:\/\/www.suno.com.br\/noticias\/#organization\"},\"potentialAction\":[{\"@type\":\"SearchAction\",\"target\":{\"@type\":\"EntryPoint\",\"urlTemplate\":\"https:\/\/www.suno.com.br\/noticias\/?s={search_term_string}\"},\"query-input\":{\"@type\":\"PropertyValueSpecification\",\"valueRequired\":true,\"valueName\":\"search_term_string\"}}],\"inLanguage\":\"pt-BR\"},{\"@type\":\"Organization\",\"@id\":\"https:\/\/www.suno.com.br\/noticias\/#organization\",\"name\":\"Suno Not\u00edcias\",\"url\":\"https:\/\/www.suno.com.br\/noticias\/\",\"logo\":{\"@type\":\"ImageObject\",\"inLanguage\":\"pt-BR\",\"@id\":\"https:\/\/www.suno.com.br\/noticias\/#\/schema\/logo\/image\/\",\"url\":\"https:\/\/files.sunoresearch.com.br\/n\/uploads\/2021\/09\/suno-logo.png\",\"contentUrl\":\"https:\/\/files.sunoresearch.com.br\/n\/uploads\/2021\/09\/suno-logo.png\",\"width\":180,\"height\":180,\"caption\":\"Suno Not\u00edcias\"},\"image\":{\"@id\":\"https:\/\/www.suno.com.br\/noticias\/#\/schema\/logo\/image\/\"},\"sameAs\":[\"https:\/\/facebook.com\/sunoresearch\",\"https:\/\/x.com\/sunoresearch\",\"https:\/\/www.instagram.com\/suno\",\"https:\/\/www.linkedin.com\/company\/suno-research\/\",\"https:\/\/www.youtube.com\/c\/sunoresearch\"]},{\"@type\":\"Person\",\"@id\":\"https:\/\/www.suno.com.br\/noticias\/#\/schema\/person\/918d79de1f0281f01599b93f9ea6e23f\",\"name\":\"Jader Lazarini\",\"image\":{\"@type\":\"ImageObject\",\"inLanguage\":\"pt-BR\",\"@id\":\"https:\/\/www.suno.com.br\/noticias\/#\/schema\/person\/image\/\",\"url\":\"https:\/\/secure.gravatar.com\/avatar\/3c1ad8caa51589841baeb923fcddea97?s=96&r=g\",\"contentUrl\":\"https:\/\/secure.gravatar.com\/avatar\/3c1ad8caa51589841baeb923fcddea97?s=96&r=g\",\"caption\":\"Jader Lazarini\"},\"description\":\"Jader Lazarini escreve sobre investimentos, finan\u00e7as, economia e neg\u00f3cios. \u00c9 bacharel em Rela\u00e7\u00f5es Internacionais e analista CNPI (2619).\",\"url\":\"https:\/\/www.suno.com.br\/noticias\/author\/jader-lazarini\/\"}]}<\/script>\n<!-- \/ Yoast SEO plugin. -->","yoast_head_json":{"title":"Interven\u00e7\u00f5es no d\u00f3lar v\u00e3o durar o necess\u00e1rio, diz Banco Central","description":"Segundo o diretor de pol\u00edtica monet\u00e1ria do BC, as interven\u00e7\u00f5es no d\u00f3lar \"podem durar o tempo que for necess\u00e1rio\". Saiba mais.","robots":{"index":"index","follow":"follow","max-snippet":"max-snippet:-1","max-image-preview":"max-image-preview:large","max-video-preview":"max-video-preview:-1"},"canonical":"https:\/\/www.suno.com.br\/noticias\/intervencoes-no-dolar-banco-central\/","og_locale":"pt_BR","og_type":"article","og_title":"Interven\u00e7\u00f5es no d\u00f3lar v\u00e3o durar o necess\u00e1rio, diz Banco Central","og_description":"Segundo o diretor de pol\u00edtica monet\u00e1ria do BC, as interven\u00e7\u00f5es no d\u00f3lar \"podem durar o tempo que for necess\u00e1rio\". Saiba mais.","og_url":"https:\/\/www.suno.com.br\/noticias\/intervencoes-no-dolar-banco-central\/","og_site_name":"Suno Not\u00edcias","article_publisher":"https:\/\/facebook.com\/sunoresearch","og_image":[{"width":2400,"height":1600,"url":"https:\/\/files.sunoresearch.com.br\/n\/uploads\/2020\/03\/b9356a44-banco-central.jpg","type":"image\/jpeg"}],"author":"Jader Lazarini","twitter_card":"summary_large_image","twitter_creator":"@sunoresearch","twitter_site":"@sunoresearch","twitter_misc":{"Escrito por":"Jader Lazarini","Est. tempo de leitura":"2 minutos"},"schema":{"@context":"https:\/\/schema.org","@graph":[{"@type":"NewsArticle","@id":"https:\/\/www.suno.com.br\/noticias\/intervencoes-no-dolar-banco-central\/#article","isPartOf":{"@id":"https:\/\/www.suno.com.br\/noticias\/intervencoes-no-dolar-banco-central\/"},"author":{"name":"Jader Lazarini","@id":"https:\/\/www.suno.com.br\/noticias\/#\/schema\/person\/918d79de1f0281f01599b93f9ea6e23f"},"headline":"Interven\u00e7\u00f5es no d\u00f3lar v\u00e3o durar o necess\u00e1rio, diz Banco Central","datePublished":"2020-03-09T14:27:05+00:00","mainEntityOfPage":{"@id":"https:\/\/www.suno.com.br\/noticias\/intervencoes-no-dolar-banco-central\/"},"wordCount":402,"publisher":{"@id":"https:\/\/www.suno.com.br\/noticias\/#organization"},"image":{"@id":"https:\/\/www.suno.com.br\/noticias\/intervencoes-no-dolar-banco-central\/#primaryimage"},"thumbnailUrl":"https:\/\/files.sunoresearch.com.br\/n\/uploads\/2020\/03\/b9356a44-banco-central-jpg.webp","keywords":["Banco Central (BC)","coronav\u00edrus","d\u00f3lar"],"articleSection":["Economia"],"inLanguage":"pt-BR"},{"@type":"WebPage","@id":"https:\/\/www.suno.com.br\/noticias\/intervencoes-no-dolar-banco-central\/","url":"https:\/\/www.suno.com.br\/noticias\/intervencoes-no-dolar-banco-central\/","name":"Interven\u00e7\u00f5es no d\u00f3lar v\u00e3o durar o necess\u00e1rio, diz Banco Central","isPartOf":{"@id":"https:\/\/www.suno.com.br\/noticias\/#website"},"primaryImageOfPage":{"@id":"https:\/\/www.suno.com.br\/noticias\/intervencoes-no-dolar-banco-central\/#primaryimage"},"image":{"@id":"https:\/\/www.suno.com.br\/noticias\/intervencoes-no-dolar-banco-central\/#primaryimage"},"thumbnailUrl":"https:\/\/files.sunoresearch.com.br\/n\/uploads\/2020\/03\/b9356a44-banco-central-jpg.webp","datePublished":"2020-03-09T14:27:05+00:00","description":"Segundo o diretor de pol\u00edtica monet\u00e1ria do BC, as interven\u00e7\u00f5es no d\u00f3lar \"podem durar o tempo que for necess\u00e1rio\". Saiba mais.","breadcrumb":{"@id":"https:\/\/www.suno.com.br\/noticias\/intervencoes-no-dolar-banco-central\/#breadcrumb"},"inLanguage":"pt-BR","potentialAction":[{"@type":"ReadAction","target":["https:\/\/www.suno.com.br\/noticias\/intervencoes-no-dolar-banco-central\/"]}]},{"@type":"ImageObject","inLanguage":"pt-BR","@id":"https:\/\/www.suno.com.br\/noticias\/intervencoes-no-dolar-banco-central\/#primaryimage","url":"https:\/\/files.sunoresearch.com.br\/n\/uploads\/2020\/03\/b9356a44-banco-central-jpg.webp","contentUrl":"https:\/\/files.sunoresearch.com.br\/n\/uploads\/2020\/03\/b9356a44-banco-central-jpg.webp","width":2400,"height":1600,"caption":"O sistema de pagamentos instant\u00e2neos Pix atingiu a marca de 21,09 milh\u00f5es de chaves cadastradas at\u00e9 as 18h de hoje."},{"@type":"BreadcrumbList","@id":"https:\/\/www.suno.com.br\/noticias\/intervencoes-no-dolar-banco-central\/#breadcrumb","itemListElement":[{"@type":"ListItem","position":1,"name":"Not\u00edcias","item":"https:\/\/www.suno.com.br\/noticias\/"},{"@type":"ListItem","position":2,"name":"Economia","item":"https:\/\/www.suno.com.br\/noticias\/economia\/"},{"@type":"ListItem","position":3,"name":"Interven\u00e7\u00f5es no d\u00f3lar v\u00e3o durar o necess\u00e1rio, diz Banco Central"}]},{"@type":"WebSite","@id":"https:\/\/www.suno.com.br\/noticias\/#website","url":"https:\/\/www.suno.com.br\/noticias\/","name":"Suno Not\u00edcias","description":"Seu portal de informa\u00e7\u00e3o sobre o mundo dos investimentos","publisher":{"@id":"https:\/\/www.suno.com.br\/noticias\/#organization"},"potentialAction":[{"@type":"SearchAction","target":{"@type":"EntryPoint","urlTemplate":"https:\/\/www.suno.com.br\/noticias\/?s={search_term_string}"},"query-input":{"@type":"PropertyValueSpecification","valueRequired":true,"valueName":"search_term_string"}}],"inLanguage":"pt-BR"},{"@type":"Organization","@id":"https:\/\/www.suno.com.br\/noticias\/#organization","name":"Suno Not\u00edcias","url":"https:\/\/www.suno.com.br\/noticias\/","logo":{"@type":"ImageObject","inLanguage":"pt-BR","@id":"https:\/\/www.suno.com.br\/noticias\/#\/schema\/logo\/image\/","url":"https:\/\/files.sunoresearch.com.br\/n\/uploads\/2021\/09\/suno-logo.png","contentUrl":"https:\/\/files.sunoresearch.com.br\/n\/uploads\/2021\/09\/suno-logo.png","width":180,"height":180,"caption":"Suno Not\u00edcias"},"image":{"@id":"https:\/\/www.suno.com.br\/noticias\/#\/schema\/logo\/image\/"},"sameAs":["https:\/\/facebook.com\/sunoresearch","https:\/\/x.com\/sunoresearch","https:\/\/www.instagram.com\/suno","https:\/\/www.linkedin.com\/company\/suno-research\/","https:\/\/www.youtube.com\/c\/sunoresearch"]},{"@type":"Person","@id":"https:\/\/www.suno.com.br\/noticias\/#\/schema\/person\/918d79de1f0281f01599b93f9ea6e23f","name":"Jader Lazarini","image":{"@type":"ImageObject","inLanguage":"pt-BR","@id":"https:\/\/www.suno.com.br\/noticias\/#\/schema\/person\/image\/","url":"https:\/\/secure.gravatar.com\/avatar\/3c1ad8caa51589841baeb923fcddea97?s=96&r=g","contentUrl":"https:\/\/secure.gravatar.com\/avatar\/3c1ad8caa51589841baeb923fcddea97?s=96&r=g","caption":"Jader Lazarini"},"description":"Jader Lazarini escreve sobre investimentos, finan\u00e7as, economia e neg\u00f3cios. \u00c9 bacharel em Rela\u00e7\u00f5es Internacionais e analista CNPI (2619).","url":"https:\/\/www.suno.com.br\/noticias\/author\/jader-lazarini\/"}]}},"default_loop_html":"<div class=\"cardsPage__listCard__boxs\"><div class=\"cardsPage__listCard__boxs__img\"><a href=\"https:\/\/www.suno.com.br\/noticias\/intervencoes-no-dolar-banco-central\/\"><img class=\"mask\" src=\"https:\/\/www.suno.com.br\/noticias\/wp-content\/themes\/suno\/resources\/images\/spotlight\/spotlight1img\/bg-mask.png\" alt=\"Image Mask\"\/><img src=\"https:\/\/files.sunoresearch.com.br\/n\/uploads\/2020\/03\/b9356a44-banco-central-400x200.webp\" alt=\"Interven\u00e7\u00f5es no d\u00f3lar v\u00e3o durar o necess\u00e1rio, diz Banco Central\"\/><\/a><span class=\"spotlightCategory\"><a href=\"https:\/\/www.suno.com.br\/noticias\/economia\/\">Economia<\/a><\/span><\/div><div class=\"cardsPage__listCard__boxs__content\"><a href=\"https:\/\/www.suno.com.br\/noticias\/intervencoes-no-dolar-banco-central\/\"><h2 class=\"content__title\">Interven\u00e7\u00f5es no d\u00f3lar v\u00e3o durar o necess\u00e1rio, diz Banco Central<\/h2><\/a><div class=\"newsContent__article__meta\"><div class=\"newsContent__article__meta__authorBox\"><a href=\"https:\/\/www.suno.com.br\/noticias\/author\/jader-lazarini\/\" class=\"authorBox__avatar noMobi\"><img src=\"https:\/\/files.sunoresearch.com.br\/n\/uploads\/2021\/01\/178e6598-foto-perfil-2-150x150.jpg\" alt=\"Jader Lazarini\"><\/a><div class=\"authorBox__name\"><span>por\n\t\t\t<a href=\"https:\/\/www.suno.com.br\/noticias\/author\/jader-lazarini\/\"><span itemprop=\"author\">Jader Lazarini<\/span><\/a><\/span><time datetime=\"2020-03-09T11:27:05-03:00\" itemprop=\"datePublished\">09\/03\/2020 11:27<\/time><\/div><\/div><\/div><\/div><\/div>","single_layout":"posts","amp_enabled":true,"_links":{"self":[{"href":"https:\/\/www.suno.com.br\/noticias\/wp-json\/wp\/v2\/posts\/55603"}],"collection":[{"href":"https:\/\/www.suno.com.br\/noticias\/wp-json\/wp\/v2\/posts"}],"about":[{"href":"https:\/\/www.suno.com.br\/noticias\/wp-json\/wp\/v2\/types\/post"}],"author":[{"embeddable":true,"href":"https:\/\/www.suno.com.br\/noticias\/wp-json\/wp\/v2\/users\/24"}],"replies":[{"embeddable":true,"href":"https:\/\/www.suno.com.br\/noticias\/wp-json\/wp\/v2\/comments?post=55603"}],"version-history":[{"count":0,"href":"https:\/\/www.suno.com.br\/noticias\/wp-json\/wp\/v2\/posts\/55603\/revisions"}],"wp:featuredmedia":[{"embeddable":true,"href":"https:\/\/www.suno.com.br\/noticias\/wp-json\/wp\/v2\/media\/55635"}],"wp:attachment":[{"href":"https:\/\/www.suno.com.br\/noticias\/wp-json\/wp\/v2\/media?parent=55603"}],"wp:term":[{"taxonomy":"category","embeddable":true,"href":"https:\/\/www.suno.com.br\/noticias\/wp-json\/wp\/v2\/categories?post=55603"},{"taxonomy":"post_tag","embeddable":true,"href":"https:\/\/www.suno.com.br\/noticias\/wp-json\/wp\/v2\/tags?post=55603"},{"taxonomy":"suno_strategy","embeddable":true,"href":"https:\/\/www.suno.com.br\/noticias\/wp-json\/wp\/v2\/suno_strategy?post=55603"}],"curies":[{"name":"wp","href":"https:\/\/api.w.org\/{rel}","templated":true}]}}