{"id":555907,"date":"2024-05-21T15:12:42","date_gmt":"2024-05-21T18:12:42","guid":{"rendered":"https:\/\/www.suno.com.br\/noticias\/?p=555907"},"modified":"2024-05-21T15:12:46","modified_gmt":"2024-05-21T18:12:46","slug":"aneel-flexibilizacao-energia-rio-grande-do-sul-rs-evm","status":"publish","type":"post","link":"https:\/\/www.suno.com.br\/noticias\/aneel-flexibilizacao-energia-rio-grande-do-sul-rs-evm\/","title":{"rendered":"Aneel aprova flexibiliza\u00e7\u00e3o das regras de comercializa\u00e7\u00e3o de energia no RS por calamidade"},"content":{"rendered":"<p>A <a href=\"https:\/\/www.gov.br\/aneel\/pt-br\">Ag\u00eancia Nacional de Energia El\u00e9trica (<strong>Aneel<\/strong>)<\/a> aprovou nesta ter\u00e7a-feira, 21, a flexibiliza\u00e7\u00e3o das regras e procedimentos de comercializa\u00e7\u00e3o em decorr\u00eancia da situa\u00e7\u00e3o de calamidade p\u00fablica no Rio Grande do Sul. A avalia\u00e7\u00e3o se deu por pedido da C\u00e2mara de Comercializa\u00e7\u00e3o de Energia El\u00e9trica (CCE).<\/p><div class=\"videoFull \">\n\t\t\t<div class=\"videoWrapper yt-lazyload center\"\n\t\t\t\tdata-width=\"960\"\n\t\t\t\tdata-height=\"540\"\n\t\t\t\tdata-id=\"AoCVq_jKPJs\"\n\t\t\t\tdata-alt=\"V\u00eddeo do YouTube - clique para reproduzir\"\n\t\t\t\tdata-logo=\"3\"\n\t\t\t\tdata-imagequality=\"maxres\">\n\t\t\t<\/div>\n\t\t<\/div><script type=\"application\/ld+json\">{\"@context\":\"https:\/\/schema.org\",\"@type\":\"VideoObject\",\"name\":\"\ud83d\udd34 MAIS REFINO NA PETROBRAS (PETR4)? | Ibovespa cai | Braskem (BRKM5) dispara\",\"description\":\"#mercadofinanceiro #a\u00e7\u00f5es #investimentos #bolsadevalores #ibovespa #dinheiro #finan\u00e7as #pol\u00edtica #d\u00f3lar #livedas19h #petr4 #petr3 #petrobras #vale3 #vale #a\u00e7\u00f5es #economia #dividendos #min\u00e9riodeferro #min\u00e9rio #petr\u00f3leo #commodities #proventos #jcp #statusinvest #statusalpha #sunoconsultoria #braskem #brkm5 #nubank #roxo34 #nubr33 \ud83d\udd34SUNO CONSULTORIA: https:\/\/lp.suno.com.br\/ao\/consultoria-de-investimentos\/?utm_source=youtube.noticias&utm_campaign=020524&utm_medium=live 00:00 In\u00edcio do v\u00eddeo 01:15 Fechamento de preg\u00e3o 15:10 Mais refino na Petrobras 23:46 Entenda alta de BRKM5 26:50 Nubank\u2026\",\"duration\":\"PT36M13S\",\"embedUrl\":\"https:\/\/www.youtube.com\/embed\/AoCVq_jKPJs\",\"regionsAllowed\":\"en-US\",\"interactionStatistic\":{\"@type\":\"InteractionCounter\",\"interactionType\":{\"@type\":\"WatchAction\"},\"userInteractionCount\":5392},\"thumbnailUrl\":\"https:\/\/i.ytimg.com\/vi\/AoCVq_jKPJs\/default.jpg\",\"uploadDate\":\"2024-05-20T22:44:41Z\"}<\/script>\n\n\n\n\n\t<p>\n\t\t<a href=\"https:\/\/lp.suno.com.br\/planilha-da-vida-financeira\/\" target=\"_blank\" data-element=\"shortcode-suno-banner\" title=\"Banner SUNO, clique e saiba mais\">\n\t\t\t<picture>\n\t\t\t\t<source media=\"(max-width: 500px)\" srcset=\"https:\/\/files.sunoresearch.com.br\/n\/uploads\/2023\/04\/400x300-Planilha-vida-financeira-true.png\">\n\t\t\t\t<img class=\"newsContent__article__imgCapa newsContent__article__imgCapa--banner\"\n\t\t\t\t\tsrc=\"https:\/\/files.sunoresearch.com.br\/n\/uploads\/2023\/04\/1420x240-Planilha-vida-financeira-true.png\"\n\t\t\t\t\tdata-promo-id=\"106682\"\t\t\t\t\t\t\t\t\t\twidth='1420' height='240'\t\t\t\t\talt=\"https:\/\/files.sunoresearch.com.br\/n\/uploads\/2023\/04\/1420x240-Planilha-vida-financeira-true.png\"\n\t\t\t\t>\n\t\t\t<\/picture>\n\t\t<\/a>\n\t<\/p>\n\n\n\n\n\n\n\n<p>A Aneel aprovou a suspens\u00e3o de desligamento e ou abertura de processos contra empresas afetadas pela calamidade. <\/p>\n\n\n\n<p>Ainda, a <strong>flexibiliza\u00e7\u00e3o<\/strong> de processos em que se verifique insufici\u00eancia de lastros em processos em andamento, isso \u00e9, quando o total de energia consumido nos \u00faltimos 12 meses for maior que o total de contratos no mesmo per\u00edodo.<\/p>\n\n\n\n<p>Ainda, os diretores aprovaram a prorroga\u00e7\u00e3o, por 90 dias, a validade dos Certificado de Adimplemento. E o afastamento, por 120 dias, da exigibilidade pela <strong>CCE<\/strong> das certid\u00f5es de adimpl\u00eancia fiscal previstas no Proret. <\/p>\n\n\n\n<p>As medidas valem at\u00e9 nova avalia\u00e7\u00e3o da Aneel ou o fim do estado de calamidade no Rio Grande do Sul.<\/p>\n\n\n\n<p>Na avalia\u00e7\u00e3o de isen\u00e7\u00e3o de juros e multas mediante avalia\u00e7\u00e3o de casos de inadimpl\u00eancia, requerida pela CCE, os diretores entenderam que ainda n\u00e3o h\u00e1 elementos que sustentem essa necessidade. <\/p>\n\n\n\n<p>Contudo, o colegiado encaminhou \u00e0 CCE demanda para que seja enviado relat\u00f3rio semanal sobre o quadro de inadimpl\u00eancia para futura an\u00e1lise sobre medidas.<\/p>\n\n\n\n<p>Com Estad\u00e3o Conte\u00fado<\/p>\n\n\n\t<p>\n\t\t<a href=\"https:\/\/lp.suno.com.br\/ebook-como-analisar-uma-acao\/\" target=\"_blank\" data-element=\"shortcode-suno-banner\" title=\"Banner SUNO, clique e saiba mais\">\n\t\t\t<picture>\n\t\t\t\t<source media=\"(max-width: 500px)\" srcset=\"https:\/\/files.sunoresearch.com.br\/n\/uploads\/2023\/03\/Ebook-Acoes-Mobile.jpg\">\n\t\t\t\t<img class=\"newsContent__article__imgCapa newsContent__article__imgCapa--banner\"\n\t\t\t\t\tsrc=\"https:\/\/files.sunoresearch.com.br\/n\/uploads\/2023\/03\/Ebook-Acoes-Desktop.jpg\"\n\t\t\t\t\tdata-promo-id=\"378302\"\t\t\t\t\t\t\t\t\t\twidth='1420' height='286'\t\t\t\t\talt=\"https:\/\/files.sunoresearch.com.br\/n\/uploads\/2023\/03\/Ebook-Acoes-Desktop.jpg\"\n\t\t\t\t>\n\t\t\t<\/picture>\n\t\t<\/a>\n\t<\/p>\n\n\n","protected":false},"excerpt":{"rendered":"<p>A Ag\u00eancia Nacional de Energia El\u00e9trica (Aneel) aprovou nesta ter\u00e7a-feira, 21, a flexibiliza\u00e7\u00e3o das regras e procedimentos de comercializa\u00e7\u00e3o em decorr\u00eancia da situa\u00e7\u00e3o de calamidade p\u00fablica no Rio Grande do Sul. A avalia\u00e7\u00e3o se deu por pedido da C\u00e2mara de Comercializa\u00e7\u00e3o de Energia El\u00e9trica (CCE). A Aneel aprovou a suspens\u00e3o de desligamento e ou abertura [&hellip;]<\/p>\n","protected":false},"author":73,"featured_media":225450,"comment_status":"closed","ping_status":"closed","sticky":false,"template":"","format":"standard","meta":[],"categories":[62],"tags":[896,106043],"suno_strategy":[],"class_list":["post-555907","post","type-post","status-publish","format-standard","has-post-thumbnail","hentry","category-economia","tag-aneel","tag-rio-grande-do-sul"],"yoast_head":"<!-- This site is optimized with the Yoast SEO plugin v24.4 - https:\/\/yoast.com\/wordpress\/plugins\/seo\/ -->\n<title>Aneel aprova flexibiliza\u00e7\u00e3o das regras de comercializa\u00e7\u00e3o de energia no RS<\/title>\n<meta name=\"description\" content=\"A Aneel aprovou a suspens\u00e3o de desligamento e ou abertura de processos contra empresas afetadas pela calamidade\" \/>\n<meta name=\"robots\" content=\"index, follow, max-snippet:-1, max-image-preview:large, max-video-preview:-1\" \/>\n<link rel=\"canonical\" href=\"https:\/\/www.suno.com.br\/noticias\/aneel-flexibilizacao-energia-rio-grande-do-sul-rs-evm\/\" \/>\n<meta property=\"og:locale\" content=\"pt_BR\" \/>\n<meta property=\"og:type\" content=\"article\" \/>\n<meta property=\"og:title\" content=\"Aneel aprova flexibiliza\u00e7\u00e3o das regras de comercializa\u00e7\u00e3o de energia no RS\" \/>\n<meta property=\"og:description\" content=\"A Aneel aprovou a suspens\u00e3o de desligamento e ou abertura de processos contra empresas afetadas pela calamidade\" \/>\n<meta property=\"og:url\" content=\"https:\/\/www.suno.com.br\/noticias\/aneel-flexibilizacao-energia-rio-grande-do-sul-rs-evm\/\" \/>\n<meta property=\"og:site_name\" content=\"Suno Not\u00edcias\" \/>\n<meta property=\"article:publisher\" content=\"https:\/\/facebook.com\/sunoresearch\" \/>\n<meta property=\"og:image\" content=\"https:\/\/files.sunoresearch.com.br\/n\/uploads\/2022\/01\/christian-dubovan-gxsRL8B_ZqE-unsplash-1-scaled.jpg\" \/>\n\t<meta property=\"og:image:width\" content=\"1920\" \/>\n\t<meta property=\"og:image:height\" content=\"2560\" \/>\n\t<meta property=\"og:image:type\" content=\"image\/jpeg\" \/>\n<meta name=\"author\" content=\"Eduardo Vargas\" \/>\n<meta name=\"twitter:card\" content=\"summary_large_image\" \/>\n<meta name=\"twitter:creator\" content=\"@sunoresearch\" \/>\n<meta name=\"twitter:site\" content=\"@sunoresearch\" \/>\n<meta name=\"twitter:label1\" content=\"Escrito por\" \/>\n\t<meta name=\"twitter:data1\" content=\"Eduardo Vargas\" \/>\n\t<meta name=\"twitter:label2\" content=\"Est. tempo de leitura\" \/>\n\t<meta name=\"twitter:data2\" content=\"2 minutos\" \/>\n<script type=\"application\/ld+json\" class=\"yoast-schema-graph\">{\"@context\":\"https:\/\/schema.org\",\"@graph\":[{\"@type\":\"NewsArticle\",\"@id\":\"https:\/\/www.suno.com.br\/noticias\/aneel-flexibilizacao-energia-rio-grande-do-sul-rs-evm\/#article\",\"isPartOf\":{\"@id\":\"https:\/\/www.suno.com.br\/noticias\/aneel-flexibilizacao-energia-rio-grande-do-sul-rs-evm\/\"},\"author\":{\"name\":\"Eduardo Vargas\",\"@id\":\"https:\/\/www.suno.com.br\/noticias\/#\/schema\/person\/7f4d362bf3518e76090143ae77bb49a5\"},\"headline\":\"Aneel aprova flexibiliza\u00e7\u00e3o das regras de comercializa\u00e7\u00e3o de energia no RS por calamidade\",\"datePublished\":\"2024-05-21T18:12:42+00:00\",\"dateModified\":\"2024-05-21T18:12:46+00:00\",\"mainEntityOfPage\":{\"@id\":\"https:\/\/www.suno.com.br\/noticias\/aneel-flexibilizacao-energia-rio-grande-do-sul-rs-evm\/\"},\"wordCount\":253,\"publisher\":{\"@id\":\"https:\/\/www.suno.com.br\/noticias\/#organization\"},\"image\":{\"@id\":\"https:\/\/www.suno.com.br\/noticias\/aneel-flexibilizacao-energia-rio-grande-do-sul-rs-evm\/#primaryimage\"},\"thumbnailUrl\":\"https:\/\/files.sunoresearch.com.br\/n\/uploads\/2022\/01\/christian-dubovan-gxsRL8B_ZqE-unsplash-1-scaled.jpg\",\"keywords\":[\"Aneel\",\"Rio Grande do Sul\"],\"articleSection\":[\"Economia\"],\"inLanguage\":\"pt-BR\"},{\"@type\":\"WebPage\",\"@id\":\"https:\/\/www.suno.com.br\/noticias\/aneel-flexibilizacao-energia-rio-grande-do-sul-rs-evm\/\",\"url\":\"https:\/\/www.suno.com.br\/noticias\/aneel-flexibilizacao-energia-rio-grande-do-sul-rs-evm\/\",\"name\":\"Aneel aprova flexibiliza\u00e7\u00e3o das regras de comercializa\u00e7\u00e3o de energia no RS\",\"isPartOf\":{\"@id\":\"https:\/\/www.suno.com.br\/noticias\/#website\"},\"primaryImageOfPage\":{\"@id\":\"https:\/\/www.suno.com.br\/noticias\/aneel-flexibilizacao-energia-rio-grande-do-sul-rs-evm\/#primaryimage\"},\"image\":{\"@id\":\"https:\/\/www.suno.com.br\/noticias\/aneel-flexibilizacao-energia-rio-grande-do-sul-rs-evm\/#primaryimage\"},\"thumbnailUrl\":\"https:\/\/files.sunoresearch.com.br\/n\/uploads\/2022\/01\/christian-dubovan-gxsRL8B_ZqE-unsplash-1-scaled.jpg\",\"datePublished\":\"2024-05-21T18:12:42+00:00\",\"dateModified\":\"2024-05-21T18:12:46+00:00\",\"description\":\"A Aneel aprovou a suspens\u00e3o de desligamento e ou abertura de processos contra empresas afetadas pela calamidade\",\"breadcrumb\":{\"@id\":\"https:\/\/www.suno.com.br\/noticias\/aneel-flexibilizacao-energia-rio-grande-do-sul-rs-evm\/#breadcrumb\"},\"inLanguage\":\"pt-BR\",\"potentialAction\":[{\"@type\":\"ReadAction\",\"target\":[\"https:\/\/www.suno.com.br\/noticias\/aneel-flexibilizacao-energia-rio-grande-do-sul-rs-evm\/\"]}]},{\"@type\":\"ImageObject\",\"inLanguage\":\"pt-BR\",\"@id\":\"https:\/\/www.suno.com.br\/noticias\/aneel-flexibilizacao-energia-rio-grande-do-sul-rs-evm\/#primaryimage\",\"url\":\"https:\/\/files.sunoresearch.com.br\/n\/uploads\/2022\/01\/christian-dubovan-gxsRL8B_ZqE-unsplash-1-scaled.jpg\",\"contentUrl\":\"https:\/\/files.sunoresearch.com.br\/n\/uploads\/2022\/01\/christian-dubovan-gxsRL8B_ZqE-unsplash-1-scaled.jpg\",\"width\":1920,\"height\":2560,\"caption\":\"Foto: Pixabay\"},{\"@type\":\"BreadcrumbList\",\"@id\":\"https:\/\/www.suno.com.br\/noticias\/aneel-flexibilizacao-energia-rio-grande-do-sul-rs-evm\/#breadcrumb\",\"itemListElement\":[{\"@type\":\"ListItem\",\"position\":1,\"name\":\"Not\u00edcias\",\"item\":\"https:\/\/www.suno.com.br\/noticias\/\"},{\"@type\":\"ListItem\",\"position\":2,\"name\":\"Economia\",\"item\":\"https:\/\/www.suno.com.br\/noticias\/economia\/\"},{\"@type\":\"ListItem\",\"position\":3,\"name\":\"Aneel aprova flexibiliza\u00e7\u00e3o das regras de comercializa\u00e7\u00e3o de energia no RS por calamidade\"}]},{\"@type\":\"WebSite\",\"@id\":\"https:\/\/www.suno.com.br\/noticias\/#website\",\"url\":\"https:\/\/www.suno.com.br\/noticias\/\",\"name\":\"Suno Not\u00edcias\",\"description\":\"Seu portal de informa\u00e7\u00e3o sobre o mundo dos investimentos\",\"publisher\":{\"@id\":\"https:\/\/www.suno.com.br\/noticias\/#organization\"},\"potentialAction\":[{\"@type\":\"SearchAction\",\"target\":{\"@type\":\"EntryPoint\",\"urlTemplate\":\"https:\/\/www.suno.com.br\/noticias\/?s={search_term_string}\"},\"query-input\":{\"@type\":\"PropertyValueSpecification\",\"valueRequired\":true,\"valueName\":\"search_term_string\"}}],\"inLanguage\":\"pt-BR\"},{\"@type\":\"Organization\",\"@id\":\"https:\/\/www.suno.com.br\/noticias\/#organization\",\"name\":\"Suno Not\u00edcias\",\"url\":\"https:\/\/www.suno.com.br\/noticias\/\",\"logo\":{\"@type\":\"ImageObject\",\"inLanguage\":\"pt-BR\",\"@id\":\"https:\/\/www.suno.com.br\/noticias\/#\/schema\/logo\/image\/\",\"url\":\"https:\/\/files.sunoresearch.com.br\/n\/uploads\/2021\/09\/suno-logo.png\",\"contentUrl\":\"https:\/\/files.sunoresearch.com.br\/n\/uploads\/2021\/09\/suno-logo.png\",\"width\":180,\"height\":180,\"caption\":\"Suno Not\u00edcias\"},\"image\":{\"@id\":\"https:\/\/www.suno.com.br\/noticias\/#\/schema\/logo\/image\/\"},\"sameAs\":[\"https:\/\/facebook.com\/sunoresearch\",\"https:\/\/x.com\/sunoresearch\",\"https:\/\/www.instagram.com\/suno\",\"https:\/\/www.linkedin.com\/company\/suno-research\/\",\"https:\/\/www.youtube.com\/c\/sunoresearch\"]},{\"@type\":\"Person\",\"@id\":\"https:\/\/www.suno.com.br\/noticias\/#\/schema\/person\/7f4d362bf3518e76090143ae77bb49a5\",\"name\":\"Eduardo Vargas\",\"image\":{\"@type\":\"ImageObject\",\"inLanguage\":\"pt-BR\",\"@id\":\"https:\/\/www.suno.com.br\/noticias\/#\/schema\/person\/image\/\",\"url\":\"https:\/\/secure.gravatar.com\/avatar\/dac340933427a22924c9f99d1eb2e3f2?s=96&r=g\",\"contentUrl\":\"https:\/\/secure.gravatar.com\/avatar\/dac340933427a22924c9f99d1eb2e3f2?s=96&r=g\",\"caption\":\"Eduardo Vargas\"},\"description\":\"Jornalista formado pela UFSC, cobre macroeconomia, neg\u00f3cios e startups para o Suno Not\u00edcias, escrevendo principalmente not\u00edcias sobre o mercado financeiro e a bolsa de valores. No YouTube e no Instagram, \u00e9 respons\u00e1vel pela produ\u00e7\u00e3o de Reels e Shorts do Suno Not\u00edcias. Anteriormente, trabalhou cobrindo economia e cotidiano no ND+ e para o ND, maior jornal impresso de Santa Catarina. Cursou um semestre letivo de Estudos de M\u00eddia na Universidad de Buenos Aires.\",\"url\":\"https:\/\/www.suno.com.br\/noticias\/author\/eduardo-vargas\/\"}]}<\/script>\n<!-- \/ Yoast SEO plugin. -->","yoast_head_json":{"title":"Aneel aprova flexibiliza\u00e7\u00e3o das regras de comercializa\u00e7\u00e3o de energia no RS","description":"A Aneel aprovou a suspens\u00e3o de desligamento e ou abertura de processos contra empresas afetadas pela calamidade","robots":{"index":"index","follow":"follow","max-snippet":"max-snippet:-1","max-image-preview":"max-image-preview:large","max-video-preview":"max-video-preview:-1"},"canonical":"https:\/\/www.suno.com.br\/noticias\/aneel-flexibilizacao-energia-rio-grande-do-sul-rs-evm\/","og_locale":"pt_BR","og_type":"article","og_title":"Aneel aprova flexibiliza\u00e7\u00e3o das regras de comercializa\u00e7\u00e3o de energia no RS","og_description":"A Aneel aprovou a suspens\u00e3o de desligamento e ou abertura de processos contra empresas afetadas pela calamidade","og_url":"https:\/\/www.suno.com.br\/noticias\/aneel-flexibilizacao-energia-rio-grande-do-sul-rs-evm\/","og_site_name":"Suno Not\u00edcias","article_publisher":"https:\/\/facebook.com\/sunoresearch","og_image":[{"width":1920,"height":2560,"url":"https:\/\/files.sunoresearch.com.br\/n\/uploads\/2022\/01\/christian-dubovan-gxsRL8B_ZqE-unsplash-1-scaled.jpg","type":"image\/jpeg"}],"author":"Eduardo Vargas","twitter_card":"summary_large_image","twitter_creator":"@sunoresearch","twitter_site":"@sunoresearch","twitter_misc":{"Escrito por":"Eduardo Vargas","Est. tempo de leitura":"2 minutos"},"schema":{"@context":"https:\/\/schema.org","@graph":[{"@type":"NewsArticle","@id":"https:\/\/www.suno.com.br\/noticias\/aneel-flexibilizacao-energia-rio-grande-do-sul-rs-evm\/#article","isPartOf":{"@id":"https:\/\/www.suno.com.br\/noticias\/aneel-flexibilizacao-energia-rio-grande-do-sul-rs-evm\/"},"author":{"name":"Eduardo Vargas","@id":"https:\/\/www.suno.com.br\/noticias\/#\/schema\/person\/7f4d362bf3518e76090143ae77bb49a5"},"headline":"Aneel aprova flexibiliza\u00e7\u00e3o das regras de comercializa\u00e7\u00e3o de energia no RS por calamidade","datePublished":"2024-05-21T18:12:42+00:00","dateModified":"2024-05-21T18:12:46+00:00","mainEntityOfPage":{"@id":"https:\/\/www.suno.com.br\/noticias\/aneel-flexibilizacao-energia-rio-grande-do-sul-rs-evm\/"},"wordCount":253,"publisher":{"@id":"https:\/\/www.suno.com.br\/noticias\/#organization"},"image":{"@id":"https:\/\/www.suno.com.br\/noticias\/aneel-flexibilizacao-energia-rio-grande-do-sul-rs-evm\/#primaryimage"},"thumbnailUrl":"https:\/\/files.sunoresearch.com.br\/n\/uploads\/2022\/01\/christian-dubovan-gxsRL8B_ZqE-unsplash-1-scaled.jpg","keywords":["Aneel","Rio Grande do Sul"],"articleSection":["Economia"],"inLanguage":"pt-BR"},{"@type":"WebPage","@id":"https:\/\/www.suno.com.br\/noticias\/aneel-flexibilizacao-energia-rio-grande-do-sul-rs-evm\/","url":"https:\/\/www.suno.com.br\/noticias\/aneel-flexibilizacao-energia-rio-grande-do-sul-rs-evm\/","name":"Aneel aprova flexibiliza\u00e7\u00e3o das regras de comercializa\u00e7\u00e3o de energia no RS","isPartOf":{"@id":"https:\/\/www.suno.com.br\/noticias\/#website"},"primaryImageOfPage":{"@id":"https:\/\/www.suno.com.br\/noticias\/aneel-flexibilizacao-energia-rio-grande-do-sul-rs-evm\/#primaryimage"},"image":{"@id":"https:\/\/www.suno.com.br\/noticias\/aneel-flexibilizacao-energia-rio-grande-do-sul-rs-evm\/#primaryimage"},"thumbnailUrl":"https:\/\/files.sunoresearch.com.br\/n\/uploads\/2022\/01\/christian-dubovan-gxsRL8B_ZqE-unsplash-1-scaled.jpg","datePublished":"2024-05-21T18:12:42+00:00","dateModified":"2024-05-21T18:12:46+00:00","description":"A Aneel aprovou a suspens\u00e3o de desligamento e ou abertura de processos contra empresas afetadas pela calamidade","breadcrumb":{"@id":"https:\/\/www.suno.com.br\/noticias\/aneel-flexibilizacao-energia-rio-grande-do-sul-rs-evm\/#breadcrumb"},"inLanguage":"pt-BR","potentialAction":[{"@type":"ReadAction","target":["https:\/\/www.suno.com.br\/noticias\/aneel-flexibilizacao-energia-rio-grande-do-sul-rs-evm\/"]}]},{"@type":"ImageObject","inLanguage":"pt-BR","@id":"https:\/\/www.suno.com.br\/noticias\/aneel-flexibilizacao-energia-rio-grande-do-sul-rs-evm\/#primaryimage","url":"https:\/\/files.sunoresearch.com.br\/n\/uploads\/2022\/01\/christian-dubovan-gxsRL8B_ZqE-unsplash-1-scaled.jpg","contentUrl":"https:\/\/files.sunoresearch.com.br\/n\/uploads\/2022\/01\/christian-dubovan-gxsRL8B_ZqE-unsplash-1-scaled.jpg","width":1920,"height":2560,"caption":"Foto: Pixabay"},{"@type":"BreadcrumbList","@id":"https:\/\/www.suno.com.br\/noticias\/aneel-flexibilizacao-energia-rio-grande-do-sul-rs-evm\/#breadcrumb","itemListElement":[{"@type":"ListItem","position":1,"name":"Not\u00edcias","item":"https:\/\/www.suno.com.br\/noticias\/"},{"@type":"ListItem","position":2,"name":"Economia","item":"https:\/\/www.suno.com.br\/noticias\/economia\/"},{"@type":"ListItem","position":3,"name":"Aneel aprova flexibiliza\u00e7\u00e3o das regras de comercializa\u00e7\u00e3o de energia no RS por calamidade"}]},{"@type":"WebSite","@id":"https:\/\/www.suno.com.br\/noticias\/#website","url":"https:\/\/www.suno.com.br\/noticias\/","name":"Suno Not\u00edcias","description":"Seu portal de informa\u00e7\u00e3o sobre o mundo dos investimentos","publisher":{"@id":"https:\/\/www.suno.com.br\/noticias\/#organization"},"potentialAction":[{"@type":"SearchAction","target":{"@type":"EntryPoint","urlTemplate":"https:\/\/www.suno.com.br\/noticias\/?s={search_term_string}"},"query-input":{"@type":"PropertyValueSpecification","valueRequired":true,"valueName":"search_term_string"}}],"inLanguage":"pt-BR"},{"@type":"Organization","@id":"https:\/\/www.suno.com.br\/noticias\/#organization","name":"Suno Not\u00edcias","url":"https:\/\/www.suno.com.br\/noticias\/","logo":{"@type":"ImageObject","inLanguage":"pt-BR","@id":"https:\/\/www.suno.com.br\/noticias\/#\/schema\/logo\/image\/","url":"https:\/\/files.sunoresearch.com.br\/n\/uploads\/2021\/09\/suno-logo.png","contentUrl":"https:\/\/files.sunoresearch.com.br\/n\/uploads\/2021\/09\/suno-logo.png","width":180,"height":180,"caption":"Suno Not\u00edcias"},"image":{"@id":"https:\/\/www.suno.com.br\/noticias\/#\/schema\/logo\/image\/"},"sameAs":["https:\/\/facebook.com\/sunoresearch","https:\/\/x.com\/sunoresearch","https:\/\/www.instagram.com\/suno","https:\/\/www.linkedin.com\/company\/suno-research\/","https:\/\/www.youtube.com\/c\/sunoresearch"]},{"@type":"Person","@id":"https:\/\/www.suno.com.br\/noticias\/#\/schema\/person\/7f4d362bf3518e76090143ae77bb49a5","name":"Eduardo Vargas","image":{"@type":"ImageObject","inLanguage":"pt-BR","@id":"https:\/\/www.suno.com.br\/noticias\/#\/schema\/person\/image\/","url":"https:\/\/secure.gravatar.com\/avatar\/dac340933427a22924c9f99d1eb2e3f2?s=96&r=g","contentUrl":"https:\/\/secure.gravatar.com\/avatar\/dac340933427a22924c9f99d1eb2e3f2?s=96&r=g","caption":"Eduardo Vargas"},"description":"Jornalista formado pela UFSC, cobre macroeconomia, neg\u00f3cios e startups para o Suno Not\u00edcias, escrevendo principalmente not\u00edcias sobre o mercado financeiro e a bolsa de valores. No YouTube e no Instagram, \u00e9 respons\u00e1vel pela produ\u00e7\u00e3o de Reels e Shorts do Suno Not\u00edcias. Anteriormente, trabalhou cobrindo economia e cotidiano no ND+ e para o ND, maior jornal impresso de Santa Catarina. Cursou um semestre letivo de Estudos de M\u00eddia na Universidad de Buenos Aires.","url":"https:\/\/www.suno.com.br\/noticias\/author\/eduardo-vargas\/"}]}},"default_loop_html":"<div class=\"cardsPage__listCard__boxs\"><div class=\"cardsPage__listCard__boxs__img\"><a href=\"https:\/\/www.suno.com.br\/noticias\/aneel-flexibilizacao-energia-rio-grande-do-sul-rs-evm\/\"><img class=\"mask\" src=\"https:\/\/www.suno.com.br\/noticias\/wp-content\/themes\/suno\/resources\/images\/spotlight\/spotlight1img\/bg-mask.png\" alt=\"Image Mask\"\/><img src=\"https:\/\/files.sunoresearch.com.br\/n\/uploads\/2022\/01\/christian-dubovan-gxsRL8B_ZqE-unsplash-1-400x200.jpg\" alt=\"Aneel aprova flexibiliza\u00e7\u00e3o das regras de comercializa\u00e7\u00e3o de energia no RS por calamidade\"\/><\/a><span class=\"spotlightCategory\"><a href=\"https:\/\/www.suno.com.br\/noticias\/economia\/\">Economia<\/a><\/span><\/div><div class=\"cardsPage__listCard__boxs__content\"><a href=\"https:\/\/www.suno.com.br\/noticias\/aneel-flexibilizacao-energia-rio-grande-do-sul-rs-evm\/\"><h2 class=\"content__title\">Aneel aprova flexibiliza\u00e7\u00e3o das regras de comercializa\u00e7\u00e3o de energia no RS por calamidade<\/h2><\/a><div class=\"newsContent__article__meta\"><div class=\"newsContent__article__meta__authorBox\"><a href=\"https:\/\/www.suno.com.br\/noticias\/author\/eduardo-vargas\/\" class=\"authorBox__avatar noMobi\"><img src=\"https:\/\/secure.gravatar.com\/avatar\/dac340933427a22924c9f99d1eb2e3f2?s=96&#038;r=g\" alt=\"Eduardo Vargas\"><\/a><div class=\"authorBox__name\"><span>por\n\t\t\t<a href=\"https:\/\/www.suno.com.br\/noticias\/author\/eduardo-vargas\/\"><span itemprop=\"author\">Eduardo Vargas<\/span><\/a><\/span><time datetime=\"2024-05-21T15:12:42-03:00\" itemprop=\"datePublished\">21\/05\/2024 15:12<\/time><\/div><\/div><\/div><\/div><\/div>","single_layout":"posts","amp_enabled":true,"_links":{"self":[{"href":"https:\/\/www.suno.com.br\/noticias\/wp-json\/wp\/v2\/posts\/555907"}],"collection":[{"href":"https:\/\/www.suno.com.br\/noticias\/wp-json\/wp\/v2\/posts"}],"about":[{"href":"https:\/\/www.suno.com.br\/noticias\/wp-json\/wp\/v2\/types\/post"}],"author":[{"embeddable":true,"href":"https:\/\/www.suno.com.br\/noticias\/wp-json\/wp\/v2\/users\/73"}],"replies":[{"embeddable":true,"href":"https:\/\/www.suno.com.br\/noticias\/wp-json\/wp\/v2\/comments?post=555907"}],"version-history":[{"count":3,"href":"https:\/\/www.suno.com.br\/noticias\/wp-json\/wp\/v2\/posts\/555907\/revisions"}],"predecessor-version":[{"id":555966,"href":"https:\/\/www.suno.com.br\/noticias\/wp-json\/wp\/v2\/posts\/555907\/revisions\/555966"}],"wp:featuredmedia":[{"embeddable":true,"href":"https:\/\/www.suno.com.br\/noticias\/wp-json\/wp\/v2\/media\/225450"}],"wp:attachment":[{"href":"https:\/\/www.suno.com.br\/noticias\/wp-json\/wp\/v2\/media?parent=555907"}],"wp:term":[{"taxonomy":"category","embeddable":true,"href":"https:\/\/www.suno.com.br\/noticias\/wp-json\/wp\/v2\/categories?post=555907"},{"taxonomy":"post_tag","embeddable":true,"href":"https:\/\/www.suno.com.br\/noticias\/wp-json\/wp\/v2\/tags?post=555907"},{"taxonomy":"suno_strategy","embeddable":true,"href":"https:\/\/www.suno.com.br\/noticias\/wp-json\/wp\/v2\/suno_strategy?post=555907"}],"curies":[{"name":"wp","href":"https:\/\/api.w.org\/{rel}","templated":true}]}}