{"id":555837,"date":"2024-05-21T11:43:09","date_gmt":"2024-05-21T14:43:09","guid":{"rendered":"https:\/\/www.suno.com.br\/noticias\/?p=555837"},"modified":"2024-05-21T22:59:05","modified_gmt":"2024-05-22T01:59:05","slug":"vibra-vbbr3-segunda-parcela-jcp-evm","status":"publish","type":"post","link":"https:\/\/www.suno.com.br\/noticias\/vibra-vbbr3-segunda-parcela-jcp-evm\/","title":{"rendered":"Vibra (VBBR3) paga segunda parcela de JCP, de R$ 0,40 por a\u00e7\u00e3o"},"content":{"rendered":"<p>A <a class=\"suno-keyword\" data-force=\"yes\" data-priority=\"2\" href=\"https:\/\/www.suno.com.br\/acoes\/vbbr3\/\" target=\"_blank\" rel=\"noopener\"><strong>Vibra<\/strong> (VBBR3)<\/a> ir\u00e1 realizar o pagamento da sua segunda parcela de <a class=\"suno-keyword\" data-force=\"no\" data-priority=\"1\" href=\"https:\/\/www.suno.com.br\/artigos\/entenda-o-jcp\/\" target=\"_blank\" rel=\"noopener\">Juros sobre Capital Pr\u00f3prio<\/a> (JCP) no dia 29 de maio, conforme comunicado pela companhia nesta ter\u00e7a-feira (21).<\/p><div class=\"videoFull \">\n\t\t\t<div class=\"videoWrapper yt-lazyload center\"\n\t\t\t\tdata-width=\"960\"\n\t\t\t\tdata-height=\"540\"\n\t\t\t\tdata-id=\"AoCVq_jKPJs\"\n\t\t\t\tdata-alt=\"V\u00eddeo do YouTube - clique para reproduzir\"\n\t\t\t\tdata-logo=\"3\"\n\t\t\t\tdata-imagequality=\"maxres\">\n\t\t\t<\/div>\n\t\t<\/div><script type=\"application\/ld+json\">{\"@context\":\"https:\/\/schema.org\",\"@type\":\"VideoObject\",\"name\":\"\ud83d\udd34 MAIS REFINO NA PETROBRAS (PETR4)? | Ibovespa cai | Braskem (BRKM5) dispara\",\"description\":\"#mercadofinanceiro #a\u00e7\u00f5es #investimentos #bolsadevalores #ibovespa #dinheiro #finan\u00e7as #pol\u00edtica #d\u00f3lar #livedas19h #petr4 #petr3 #petrobras #vale3 #vale #a\u00e7\u00f5es #economia #dividendos #min\u00e9riodeferro #min\u00e9rio #petr\u00f3leo #commodities #proventos #jcp #statusinvest #statusalpha #sunoconsultoria #braskem #brkm5 #nubank #roxo34 #nubr33 \ud83d\udd34SUNO CONSULTORIA: https:\/\/lp.suno.com.br\/ao\/consultoria-de-investimentos\/?utm_source=youtube.noticias&utm_campaign=020524&utm_medium=live 00:00 In\u00edcio do v\u00eddeo 01:15 Fechamento de preg\u00e3o 15:10 Mais refino na Petrobras 23:46 Entenda alta de BRKM5 26:50 Nubank\u2026\",\"duration\":\"PT36M13S\",\"embedUrl\":\"https:\/\/www.youtube.com\/embed\/AoCVq_jKPJs\",\"regionsAllowed\":\"en-US\",\"interactionStatistic\":{\"@type\":\"InteractionCounter\",\"interactionType\":{\"@type\":\"WatchAction\"},\"userInteractionCount\":5392},\"thumbnailUrl\":\"https:\/\/i.ytimg.com\/vi\/AoCVq_jKPJs\/default.jpg\",\"uploadDate\":\"2024-05-20T22:44:41Z\"}<\/script>\n\n\n\n\n\t<p>\n\t\t<a href=\"https:\/\/lp.suno.com.br\/planilha-da-vida-financeira\/\" target=\"_blank\" data-element=\"shortcode-suno-banner\" title=\"Banner SUNO, clique e saiba mais\">\n\t\t\t<picture>\n\t\t\t\t<source media=\"(max-width: 500px)\" srcset=\"https:\/\/files.sunoresearch.com.br\/n\/uploads\/2023\/04\/400x300-Planilha-vida-financeira-true.png\">\n\t\t\t\t<img class=\"newsContent__article__imgCapa newsContent__article__imgCapa--banner\"\n\t\t\t\t\tsrc=\"https:\/\/files.sunoresearch.com.br\/n\/uploads\/2023\/04\/1420x240-Planilha-vida-financeira-true.png\"\n\t\t\t\t\tdata-promo-id=\"106682\"\t\t\t\t\t\t\t\t\t\twidth='1420' height='240'\t\t\t\t\talt=\"https:\/\/files.sunoresearch.com.br\/n\/uploads\/2023\/04\/1420x240-Planilha-vida-financeira-true.png\"\n\t\t\t\t>\n\t\t\t<\/picture>\n\t\t<\/a>\n\t<\/p>\n\n\n\n\n\n\n\n<p>No total o <strong>JCP da Vibra<\/strong> \u00e9 de R$ 450 milh\u00f5es, representando uma cifra de R$ 0,40 por a\u00e7\u00e3o <strong>VBBR3<\/strong>.<\/p>\n\n\n\n<p>Esses rendimentos s\u00e3o referentes ao <a class=\"suno-keyword\" target=\"_blank\" data-force=\"no\" data-priority=\"1\" href=\"https:\/\/www.suno.com.br\/artigos\/exercicio-social\/\" rel=\"noopener\">exerc\u00edcio social<\/a> de 2023, sem atualiza\u00e7\u00e3o ou corre\u00e7\u00e3o monet\u00e1ria, e est\u00e3o sujeitos ao valor relativo ao imposto de renda retido na fonte (IRRF).<\/p>\n\n\n\n<p>Com isso, o JCP recebido pelos acionistas ser\u00e1 de R$ 0,34 ap\u00f3s a reten\u00e7\u00e3o do imposto.<\/p>\n\n\n\n<p>&#8220;Al\u00e9m disso, em continuidade ao Aviso aos Acionistas divulgado em 18\/04\/2024, a Cia informa que os <a class=\"suno-keyword\" target=\"_blank\" data-force=\"no\" data-priority=\"1\" href=\"https:\/\/www.suno.com.br\/guias\/dividendos\/\" rel=\"noopener\">dividendos<\/a> declarados, ainda relativos ao exerc\u00edcio de 2023, no valor de R$ 676.160.439,82 (R$ 0,60634801971 por a\u00e7\u00e3o), ser\u00e3o pagos em duas parcelas, R$ 338.080.219,91 (R$ 0,30317400985 por a\u00e7\u00e3o) no dia 30\/08\/2024, e R$ 338.080.219,91 (R$ 0,30317400985 por a\u00e7\u00e3o) no dia 29\/11\/2024, sem incid\u00eancia de atualiza\u00e7\u00f5es ou juros, em ambos os casos&#8221;, acrescenta a companhia.<\/p>\n\n\n\n<h2 class=\"wp-block-heading\">Com ganho tribut\u00e1rio, Vibra eleva lucro em quase dez vezes mais no 1T24, para R$ 789 milh\u00f5es<\/h2>\n\n\n\n<p>Conforme seu resultado divulgado h\u00e1 algumas semanas, a companhia encerrou o primeiro trimestre deste ano (1T24) com um <a class=\"suno-keyword\" data-force=\"no\" data-priority=\"1\" href=\"https:\/\/www.suno.com.br\/artigos\/lucro-liquido\/\" target=\"_blank\" rel=\"noopener\">lucro l\u00edquido<\/a> de R$ 789 milh\u00f5es, representando um aumento de 874% (ou um n\u00famero 9,7 vezes maior) em compara\u00e7\u00e3o ao ganho de R$ 81 milh\u00f5es registrado no mesmo per\u00edodo do ano anterior (1T23).<\/p>\n\n\n\t<p>\n\t\t<a href=\"https:\/\/lp.suno.com.br\/ebook-como-analisar-uma-acao\/\" target=\"_blank\" data-element=\"shortcode-suno-banner\" title=\"Banner SUNO, clique e saiba mais\">\n\t\t\t<picture>\n\t\t\t\t<source media=\"(max-width: 500px)\" srcset=\"https:\/\/files.sunoresearch.com.br\/n\/uploads\/2023\/03\/Ebook-Acoes-Mobile.jpg\">\n\t\t\t\t<img class=\"newsContent__article__imgCapa newsContent__article__imgCapa--banner\"\n\t\t\t\t\tsrc=\"https:\/\/files.sunoresearch.com.br\/n\/uploads\/2023\/03\/Ebook-Acoes-Desktop.jpg\"\n\t\t\t\t\tdata-promo-id=\"378302\"\t\t\t\t\t\t\t\t\t\twidth='1420' height='286'\t\t\t\t\talt=\"https:\/\/files.sunoresearch.com.br\/n\/uploads\/2023\/03\/Ebook-Acoes-Desktop.jpg\"\n\t\t\t\t>\n\t\t\t<\/picture>\n\t\t<\/a>\n\t<\/p>\n\n\n\n\n\n<p>O motivo dessa alta, segundo a empresa, \u00e9 o reconhecimento de mais de R$ 535 milh\u00f5es em<strong> <\/strong>cr\u00e9ditos tribut\u00e1rios da<strong> Vibra no 1T24<\/strong>, n\u00e3o inclu\u00eddos no <a class=\"suno-keyword\" data-force=\"no\" data-priority=\"1\" href=\"https:\/\/www.suno.com.br\/artigos\/ebitda-ajustado\/\" target=\"_blank\" rel=\"noopener\">Ebitda ajustado<\/a>, referentes \u00e0 recupera\u00e7\u00e3o tribut\u00e1ria da Lei Complementar 192\/2022, al\u00e9m dos valores j\u00e1 reconhecidos no trimestre anterior.<\/p>\n\n\n\n<p>A Lei Complementar 192\/2022 prop\u00f5e uma tributa\u00e7\u00e3o unificada das opera\u00e7\u00f5es pelo Imposto sobre Circula\u00e7\u00e3o de Mercadorias e Presta\u00e7\u00e3o de Servi\u00e7os (ICMS), incidindo o imposto uma \u00fanica vez em toda a cadeia de fornecimento, sem <a class=\"suno-keyword\" target=\"_blank\" data-force=\"no\" data-priority=\"1\" href=\"https:\/\/www.suno.com.br\/artigos\/substituicao-tributaria\/\" rel=\"noopener\">substitui\u00e7\u00e3o tribut\u00e1ria<\/a>.<\/p>\n\n\n\n<p>Outro fator positivo foi a <a class=\"suno-keyword\" target=\"_blank\" data-force=\"no\" data-priority=\"1\" href=\"https:\/\/www.suno.com.br\/artigos\/o-que-receita-liquida\/\" rel=\"noopener\">receita l\u00edquida<\/a> ajustada do balan\u00e7o da Vibra no 1T24, que somou R$ 39,771 bilh\u00f5es, um crescimento de 1,4% em rela\u00e7\u00e3o ao mesmo per\u00edodo de 2023. O lucro antes de juros, impostos, <a class=\"suno-keyword\" data-force=\"no\" data-priority=\"1\" href=\"https:\/\/www.suno.com.br\/artigos\/depreciacao-amortizacao\/\" target=\"_blank\" rel=\"noopener\">deprecia\u00e7\u00e3o e amortiza\u00e7\u00e3o<\/a> (Ebitda) ajustado nos tr\u00eas primeiros meses deste ano atingiu a marca de R$ 1,41 bilh\u00e3o, o dobro em rela\u00e7\u00e3o ao primeiro trimestre do ano passado.<\/p>\n\n\n\n<p>Desconsiderando os efeitos n\u00e3o recorrentes, a Vibra Energia avalia que o Ebitda da empresa no per\u00edodo seria de R$ 1,364 bilh\u00e3o, com uma <a class=\"suno-keyword\" target=\"_blank\" data-force=\"no\" data-priority=\"1\" href=\"https:\/\/www.suno.com.br\/artigos\/margem-ebitda\/\" rel=\"noopener\">margem Ebitda<\/a> de ou R$ 159 por metro c\u00fabico. &#8220;Um importante resultado mesmo em um cen\u00e1rio adverso com um grande n\u00edvel de estoque de produtos observados no mercado ao longo do trimestre&#8221;, diz a Vibra.<\/p>\n\n\n\n<p>O <a class=\"suno-keyword\" target=\"_blank\" data-force=\"no\" data-priority=\"1\" href=\"https:\/\/www.suno.com.br\/artigos\/lucro-bruto\/\" rel=\"noopener\">lucro bruto<\/a> ajustado da <strong>Vibra<\/strong> alcan\u00e7ou R$ 2,286 bilh\u00f5es no 1T24, um aumento de 48,8% em compara\u00e7\u00e3o com o mesmo per\u00edodo de 2023. A empresa diz que esse avan\u00e7o foi impulsionado por margens de comercializa\u00e7\u00e3o mais elevadas, estrat\u00e9gias de segmenta\u00e7\u00e3o de clientes e maior participa\u00e7\u00e3o de vendas de produtos aditivados e premium.<\/p>\n\n\n\t<p>\n\t\t<a href=\"https:\/\/lp.suno.com.br\/planilha-da-vida-financeira\/\" target=\"_blank\" data-element=\"shortcode-suno-banner\" title=\"Banner SUNO, clique e saiba mais\">\n\t\t\t<picture>\n\t\t\t\t<source media=\"(max-width: 500px)\" srcset=\"https:\/\/files.sunoresearch.com.br\/n\/uploads\/2023\/04\/400x300-Planilha-vida-financeira-true.png\">\n\t\t\t\t<img class=\"newsContent__article__imgCapa newsContent__article__imgCapa--banner\"\n\t\t\t\t\tsrc=\"https:\/\/files.sunoresearch.com.br\/n\/uploads\/2023\/04\/1420x240-Planilha-vida-financeira-true.png\"\n\t\t\t\t\tdata-promo-id=\"383123\"\t\t\t\t\t\t\t\t\t\twidth='1420' height='240'\t\t\t\t\talt=\"https:\/\/files.sunoresearch.com.br\/n\/uploads\/2023\/04\/1420x240-Planilha-vida-financeira-true.png\"\n\t\t\t\t>\n\t\t\t<\/picture>\n\t\t<\/a>\n\t<\/p>\n\n\n","protected":false},"excerpt":{"rendered":"<p>A Vibra (VBBR3) ir\u00e1 realizar o pagamento da sua segunda parcela de Juros sobre Capital Pr\u00f3prio (JCP) no dia 29 de maio, conforme comunicado pela companhia nesta ter\u00e7a-feira (21). No total o JCP da Vibra \u00e9 de R$ 450 milh\u00f5es, representando uma cifra de R$ 0,40 por a\u00e7\u00e3o VBBR3. Esses rendimentos s\u00e3o referentes ao exerc\u00edcio [&hellip;]<\/p>\n","protected":false},"author":73,"featured_media":404097,"comment_status":"closed","ping_status":"closed","sticky":false,"template":"","format":"standard","meta":[],"categories":[64],"tags":[596],"suno_strategy":[],"class_list":["post-555837","post","type-post","status-publish","format-standard","has-post-thumbnail","hentry","category-negocios","tag-vibra-energia-vbbr3"],"yoast_head":"<!-- This site is optimized with the Yoast SEO plugin v24.4 - https:\/\/yoast.com\/wordpress\/plugins\/seo\/ -->\n<title>Vibra (VBBR3) paga segunda parcela de JCP, de R$ 0,40 por a\u00e7\u00e3o<\/title>\n<meta name=\"description\" content=\"No total o JCP da Vibra \u00e9 de R$ 450 milh\u00f5es, representando uma cifra de R$ 0,40 por a\u00e7\u00e3o VBBR3; ap\u00f3s reten\u00e7\u00e3o do IRPF valor fica em R$ 0,34\" \/>\n<meta name=\"robots\" content=\"index, follow, max-snippet:-1, max-image-preview:large, max-video-preview:-1\" \/>\n<link rel=\"canonical\" href=\"https:\/\/www.suno.com.br\/noticias\/vibra-vbbr3-segunda-parcela-jcp-evm\/\" \/>\n<meta property=\"og:locale\" content=\"pt_BR\" \/>\n<meta property=\"og:type\" content=\"article\" \/>\n<meta property=\"og:title\" content=\"Vibra (VBBR3) paga segunda parcela de JCP, de R$ 0,40 por a\u00e7\u00e3o\" \/>\n<meta property=\"og:description\" content=\"No total o JCP da Vibra \u00e9 de R$ 450 milh\u00f5es, representando uma cifra de R$ 0,40 por a\u00e7\u00e3o VBBR3; ap\u00f3s reten\u00e7\u00e3o do IRPF valor fica em R$ 0,34\" \/>\n<meta property=\"og:url\" content=\"https:\/\/www.suno.com.br\/noticias\/vibra-vbbr3-segunda-parcela-jcp-evm\/\" \/>\n<meta property=\"og:site_name\" content=\"Suno Not\u00edcias\" \/>\n<meta property=\"article:publisher\" content=\"https:\/\/facebook.com\/sunoresearch\" \/>\n<meta property=\"og:image\" content=\"https:\/\/files.sunoresearch.com.br\/n\/uploads\/2023\/05\/vibra-energia.jpg\" \/>\n\t<meta property=\"og:image:width\" content=\"1450\" \/>\n\t<meta property=\"og:image:height\" content=\"816\" \/>\n\t<meta property=\"og:image:type\" content=\"image\/jpeg\" \/>\n<meta name=\"author\" content=\"Eduardo Vargas\" \/>\n<meta name=\"twitter:card\" content=\"summary_large_image\" \/>\n<meta name=\"twitter:creator\" content=\"@sunoresearch\" \/>\n<meta name=\"twitter:site\" content=\"@sunoresearch\" \/>\n<meta name=\"twitter:label1\" content=\"Escrito por\" \/>\n\t<meta name=\"twitter:data1\" content=\"Eduardo Vargas\" \/>\n\t<meta name=\"twitter:label2\" content=\"Est. tempo de leitura\" \/>\n\t<meta name=\"twitter:data2\" content=\"3 minutos\" \/>\n<script type=\"application\/ld+json\" class=\"yoast-schema-graph\">{\"@context\":\"https:\/\/schema.org\",\"@graph\":[{\"@type\":\"NewsArticle\",\"@id\":\"https:\/\/www.suno.com.br\/noticias\/vibra-vbbr3-segunda-parcela-jcp-evm\/#article\",\"isPartOf\":{\"@id\":\"https:\/\/www.suno.com.br\/noticias\/vibra-vbbr3-segunda-parcela-jcp-evm\/\"},\"author\":{\"name\":\"Eduardo Vargas\",\"@id\":\"https:\/\/www.suno.com.br\/noticias\/#\/schema\/person\/7f4d362bf3518e76090143ae77bb49a5\"},\"headline\":\"Vibra (VBBR3) paga segunda parcela de JCP, de R$ 0,40 por a\u00e7\u00e3o\",\"datePublished\":\"2024-05-21T14:43:09+00:00\",\"dateModified\":\"2024-05-22T01:59:05+00:00\",\"mainEntityOfPage\":{\"@id\":\"https:\/\/www.suno.com.br\/noticias\/vibra-vbbr3-segunda-parcela-jcp-evm\/\"},\"wordCount\":540,\"publisher\":{\"@id\":\"https:\/\/www.suno.com.br\/noticias\/#organization\"},\"image\":{\"@id\":\"https:\/\/www.suno.com.br\/noticias\/vibra-vbbr3-segunda-parcela-jcp-evm\/#primaryimage\"},\"thumbnailUrl\":\"https:\/\/files.sunoresearch.com.br\/n\/uploads\/2023\/05\/vibra-energia.jpg\",\"keywords\":[\"Vibra Energia (VBBR3)\"],\"articleSection\":[\"Neg\u00f3cios\"],\"inLanguage\":\"pt-BR\"},{\"@type\":\"WebPage\",\"@id\":\"https:\/\/www.suno.com.br\/noticias\/vibra-vbbr3-segunda-parcela-jcp-evm\/\",\"url\":\"https:\/\/www.suno.com.br\/noticias\/vibra-vbbr3-segunda-parcela-jcp-evm\/\",\"name\":\"Vibra (VBBR3) paga segunda parcela de JCP, de R$ 0,40 por a\u00e7\u00e3o\",\"isPartOf\":{\"@id\":\"https:\/\/www.suno.com.br\/noticias\/#website\"},\"primaryImageOfPage\":{\"@id\":\"https:\/\/www.suno.com.br\/noticias\/vibra-vbbr3-segunda-parcela-jcp-evm\/#primaryimage\"},\"image\":{\"@id\":\"https:\/\/www.suno.com.br\/noticias\/vibra-vbbr3-segunda-parcela-jcp-evm\/#primaryimage\"},\"thumbnailUrl\":\"https:\/\/files.sunoresearch.com.br\/n\/uploads\/2023\/05\/vibra-energia.jpg\",\"datePublished\":\"2024-05-21T14:43:09+00:00\",\"dateModified\":\"2024-05-22T01:59:05+00:00\",\"description\":\"No total o JCP da Vibra \u00e9 de R$ 450 milh\u00f5es, representando uma cifra de R$ 0,40 por a\u00e7\u00e3o VBBR3; ap\u00f3s reten\u00e7\u00e3o do IRPF valor fica em R$ 0,34\",\"breadcrumb\":{\"@id\":\"https:\/\/www.suno.com.br\/noticias\/vibra-vbbr3-segunda-parcela-jcp-evm\/#breadcrumb\"},\"inLanguage\":\"pt-BR\",\"potentialAction\":[{\"@type\":\"ReadAction\",\"target\":[\"https:\/\/www.suno.com.br\/noticias\/vibra-vbbr3-segunda-parcela-jcp-evm\/\"]}]},{\"@type\":\"ImageObject\",\"inLanguage\":\"pt-BR\",\"@id\":\"https:\/\/www.suno.com.br\/noticias\/vibra-vbbr3-segunda-parcela-jcp-evm\/#primaryimage\",\"url\":\"https:\/\/files.sunoresearch.com.br\/n\/uploads\/2023\/05\/vibra-energia.jpg\",\"contentUrl\":\"https:\/\/files.sunoresearch.com.br\/n\/uploads\/2023\/05\/vibra-energia.jpg\",\"width\":1450,\"height\":816,\"caption\":\"Vibra (VBBR3). Foto: Divulga\u00e7\u00e3o\"},{\"@type\":\"BreadcrumbList\",\"@id\":\"https:\/\/www.suno.com.br\/noticias\/vibra-vbbr3-segunda-parcela-jcp-evm\/#breadcrumb\",\"itemListElement\":[{\"@type\":\"ListItem\",\"position\":1,\"name\":\"Not\u00edcias\",\"item\":\"https:\/\/www.suno.com.br\/noticias\/\"},{\"@type\":\"ListItem\",\"position\":2,\"name\":\"Neg\u00f3cios\",\"item\":\"https:\/\/www.suno.com.br\/noticias\/negocios\/\"},{\"@type\":\"ListItem\",\"position\":3,\"name\":\"Vibra (VBBR3) paga segunda parcela de JCP, de R$ 0,40 por a\u00e7\u00e3o\"}]},{\"@type\":\"WebSite\",\"@id\":\"https:\/\/www.suno.com.br\/noticias\/#website\",\"url\":\"https:\/\/www.suno.com.br\/noticias\/\",\"name\":\"Suno Not\u00edcias\",\"description\":\"Seu portal de informa\u00e7\u00e3o sobre o mundo dos investimentos\",\"publisher\":{\"@id\":\"https:\/\/www.suno.com.br\/noticias\/#organization\"},\"potentialAction\":[{\"@type\":\"SearchAction\",\"target\":{\"@type\":\"EntryPoint\",\"urlTemplate\":\"https:\/\/www.suno.com.br\/noticias\/?s={search_term_string}\"},\"query-input\":{\"@type\":\"PropertyValueSpecification\",\"valueRequired\":true,\"valueName\":\"search_term_string\"}}],\"inLanguage\":\"pt-BR\"},{\"@type\":\"Organization\",\"@id\":\"https:\/\/www.suno.com.br\/noticias\/#organization\",\"name\":\"Suno Not\u00edcias\",\"url\":\"https:\/\/www.suno.com.br\/noticias\/\",\"logo\":{\"@type\":\"ImageObject\",\"inLanguage\":\"pt-BR\",\"@id\":\"https:\/\/www.suno.com.br\/noticias\/#\/schema\/logo\/image\/\",\"url\":\"https:\/\/files.sunoresearch.com.br\/n\/uploads\/2021\/09\/suno-logo.png\",\"contentUrl\":\"https:\/\/files.sunoresearch.com.br\/n\/uploads\/2021\/09\/suno-logo.png\",\"width\":180,\"height\":180,\"caption\":\"Suno Not\u00edcias\"},\"image\":{\"@id\":\"https:\/\/www.suno.com.br\/noticias\/#\/schema\/logo\/image\/\"},\"sameAs\":[\"https:\/\/facebook.com\/sunoresearch\",\"https:\/\/x.com\/sunoresearch\",\"https:\/\/www.instagram.com\/suno\",\"https:\/\/www.linkedin.com\/company\/suno-research\/\",\"https:\/\/www.youtube.com\/c\/sunoresearch\"]},{\"@type\":\"Person\",\"@id\":\"https:\/\/www.suno.com.br\/noticias\/#\/schema\/person\/7f4d362bf3518e76090143ae77bb49a5\",\"name\":\"Eduardo Vargas\",\"image\":{\"@type\":\"ImageObject\",\"inLanguage\":\"pt-BR\",\"@id\":\"https:\/\/www.suno.com.br\/noticias\/#\/schema\/person\/image\/\",\"url\":\"https:\/\/secure.gravatar.com\/avatar\/dac340933427a22924c9f99d1eb2e3f2?s=96&r=g\",\"contentUrl\":\"https:\/\/secure.gravatar.com\/avatar\/dac340933427a22924c9f99d1eb2e3f2?s=96&r=g\",\"caption\":\"Eduardo Vargas\"},\"description\":\"Jornalista formado pela UFSC, cobre macroeconomia, neg\u00f3cios e startups para o Suno Not\u00edcias, escrevendo principalmente not\u00edcias sobre o mercado financeiro e a bolsa de valores. No YouTube e no Instagram, \u00e9 respons\u00e1vel pela produ\u00e7\u00e3o de Reels e Shorts do Suno Not\u00edcias. Anteriormente, trabalhou cobrindo economia e cotidiano no ND+ e para o ND, maior jornal impresso de Santa Catarina. Cursou um semestre letivo de Estudos de M\u00eddia na Universidad de Buenos Aires.\",\"url\":\"https:\/\/www.suno.com.br\/noticias\/author\/eduardo-vargas\/\"}]}<\/script>\n<!-- \/ Yoast SEO plugin. -->","yoast_head_json":{"title":"Vibra (VBBR3) paga segunda parcela de JCP, de R$ 0,40 por a\u00e7\u00e3o","description":"No total o JCP da Vibra \u00e9 de R$ 450 milh\u00f5es, representando uma cifra de R$ 0,40 por a\u00e7\u00e3o VBBR3; ap\u00f3s reten\u00e7\u00e3o do IRPF valor fica em R$ 0,34","robots":{"index":"index","follow":"follow","max-snippet":"max-snippet:-1","max-image-preview":"max-image-preview:large","max-video-preview":"max-video-preview:-1"},"canonical":"https:\/\/www.suno.com.br\/noticias\/vibra-vbbr3-segunda-parcela-jcp-evm\/","og_locale":"pt_BR","og_type":"article","og_title":"Vibra (VBBR3) paga segunda parcela de JCP, de R$ 0,40 por a\u00e7\u00e3o","og_description":"No total o JCP da Vibra \u00e9 de R$ 450 milh\u00f5es, representando uma cifra de R$ 0,40 por a\u00e7\u00e3o VBBR3; ap\u00f3s reten\u00e7\u00e3o do IRPF valor fica em R$ 0,34","og_url":"https:\/\/www.suno.com.br\/noticias\/vibra-vbbr3-segunda-parcela-jcp-evm\/","og_site_name":"Suno Not\u00edcias","article_publisher":"https:\/\/facebook.com\/sunoresearch","og_image":[{"width":1450,"height":816,"url":"https:\/\/files.sunoresearch.com.br\/n\/uploads\/2023\/05\/vibra-energia.jpg","type":"image\/jpeg"}],"author":"Eduardo Vargas","twitter_card":"summary_large_image","twitter_creator":"@sunoresearch","twitter_site":"@sunoresearch","twitter_misc":{"Escrito por":"Eduardo Vargas","Est. tempo de leitura":"3 minutos"},"schema":{"@context":"https:\/\/schema.org","@graph":[{"@type":"NewsArticle","@id":"https:\/\/www.suno.com.br\/noticias\/vibra-vbbr3-segunda-parcela-jcp-evm\/#article","isPartOf":{"@id":"https:\/\/www.suno.com.br\/noticias\/vibra-vbbr3-segunda-parcela-jcp-evm\/"},"author":{"name":"Eduardo Vargas","@id":"https:\/\/www.suno.com.br\/noticias\/#\/schema\/person\/7f4d362bf3518e76090143ae77bb49a5"},"headline":"Vibra (VBBR3) paga segunda parcela de JCP, de R$ 0,40 por a\u00e7\u00e3o","datePublished":"2024-05-21T14:43:09+00:00","dateModified":"2024-05-22T01:59:05+00:00","mainEntityOfPage":{"@id":"https:\/\/www.suno.com.br\/noticias\/vibra-vbbr3-segunda-parcela-jcp-evm\/"},"wordCount":540,"publisher":{"@id":"https:\/\/www.suno.com.br\/noticias\/#organization"},"image":{"@id":"https:\/\/www.suno.com.br\/noticias\/vibra-vbbr3-segunda-parcela-jcp-evm\/#primaryimage"},"thumbnailUrl":"https:\/\/files.sunoresearch.com.br\/n\/uploads\/2023\/05\/vibra-energia.jpg","keywords":["Vibra Energia (VBBR3)"],"articleSection":["Neg\u00f3cios"],"inLanguage":"pt-BR"},{"@type":"WebPage","@id":"https:\/\/www.suno.com.br\/noticias\/vibra-vbbr3-segunda-parcela-jcp-evm\/","url":"https:\/\/www.suno.com.br\/noticias\/vibra-vbbr3-segunda-parcela-jcp-evm\/","name":"Vibra (VBBR3) paga segunda parcela de JCP, de R$ 0,40 por a\u00e7\u00e3o","isPartOf":{"@id":"https:\/\/www.suno.com.br\/noticias\/#website"},"primaryImageOfPage":{"@id":"https:\/\/www.suno.com.br\/noticias\/vibra-vbbr3-segunda-parcela-jcp-evm\/#primaryimage"},"image":{"@id":"https:\/\/www.suno.com.br\/noticias\/vibra-vbbr3-segunda-parcela-jcp-evm\/#primaryimage"},"thumbnailUrl":"https:\/\/files.sunoresearch.com.br\/n\/uploads\/2023\/05\/vibra-energia.jpg","datePublished":"2024-05-21T14:43:09+00:00","dateModified":"2024-05-22T01:59:05+00:00","description":"No total o JCP da Vibra \u00e9 de R$ 450 milh\u00f5es, representando uma cifra de R$ 0,40 por a\u00e7\u00e3o VBBR3; ap\u00f3s reten\u00e7\u00e3o do IRPF valor fica em R$ 0,34","breadcrumb":{"@id":"https:\/\/www.suno.com.br\/noticias\/vibra-vbbr3-segunda-parcela-jcp-evm\/#breadcrumb"},"inLanguage":"pt-BR","potentialAction":[{"@type":"ReadAction","target":["https:\/\/www.suno.com.br\/noticias\/vibra-vbbr3-segunda-parcela-jcp-evm\/"]}]},{"@type":"ImageObject","inLanguage":"pt-BR","@id":"https:\/\/www.suno.com.br\/noticias\/vibra-vbbr3-segunda-parcela-jcp-evm\/#primaryimage","url":"https:\/\/files.sunoresearch.com.br\/n\/uploads\/2023\/05\/vibra-energia.jpg","contentUrl":"https:\/\/files.sunoresearch.com.br\/n\/uploads\/2023\/05\/vibra-energia.jpg","width":1450,"height":816,"caption":"Vibra (VBBR3). Foto: Divulga\u00e7\u00e3o"},{"@type":"BreadcrumbList","@id":"https:\/\/www.suno.com.br\/noticias\/vibra-vbbr3-segunda-parcela-jcp-evm\/#breadcrumb","itemListElement":[{"@type":"ListItem","position":1,"name":"Not\u00edcias","item":"https:\/\/www.suno.com.br\/noticias\/"},{"@type":"ListItem","position":2,"name":"Neg\u00f3cios","item":"https:\/\/www.suno.com.br\/noticias\/negocios\/"},{"@type":"ListItem","position":3,"name":"Vibra (VBBR3) paga segunda parcela de JCP, de R$ 0,40 por a\u00e7\u00e3o"}]},{"@type":"WebSite","@id":"https:\/\/www.suno.com.br\/noticias\/#website","url":"https:\/\/www.suno.com.br\/noticias\/","name":"Suno Not\u00edcias","description":"Seu portal de informa\u00e7\u00e3o sobre o mundo dos investimentos","publisher":{"@id":"https:\/\/www.suno.com.br\/noticias\/#organization"},"potentialAction":[{"@type":"SearchAction","target":{"@type":"EntryPoint","urlTemplate":"https:\/\/www.suno.com.br\/noticias\/?s={search_term_string}"},"query-input":{"@type":"PropertyValueSpecification","valueRequired":true,"valueName":"search_term_string"}}],"inLanguage":"pt-BR"},{"@type":"Organization","@id":"https:\/\/www.suno.com.br\/noticias\/#organization","name":"Suno Not\u00edcias","url":"https:\/\/www.suno.com.br\/noticias\/","logo":{"@type":"ImageObject","inLanguage":"pt-BR","@id":"https:\/\/www.suno.com.br\/noticias\/#\/schema\/logo\/image\/","url":"https:\/\/files.sunoresearch.com.br\/n\/uploads\/2021\/09\/suno-logo.png","contentUrl":"https:\/\/files.sunoresearch.com.br\/n\/uploads\/2021\/09\/suno-logo.png","width":180,"height":180,"caption":"Suno Not\u00edcias"},"image":{"@id":"https:\/\/www.suno.com.br\/noticias\/#\/schema\/logo\/image\/"},"sameAs":["https:\/\/facebook.com\/sunoresearch","https:\/\/x.com\/sunoresearch","https:\/\/www.instagram.com\/suno","https:\/\/www.linkedin.com\/company\/suno-research\/","https:\/\/www.youtube.com\/c\/sunoresearch"]},{"@type":"Person","@id":"https:\/\/www.suno.com.br\/noticias\/#\/schema\/person\/7f4d362bf3518e76090143ae77bb49a5","name":"Eduardo Vargas","image":{"@type":"ImageObject","inLanguage":"pt-BR","@id":"https:\/\/www.suno.com.br\/noticias\/#\/schema\/person\/image\/","url":"https:\/\/secure.gravatar.com\/avatar\/dac340933427a22924c9f99d1eb2e3f2?s=96&r=g","contentUrl":"https:\/\/secure.gravatar.com\/avatar\/dac340933427a22924c9f99d1eb2e3f2?s=96&r=g","caption":"Eduardo Vargas"},"description":"Jornalista formado pela UFSC, cobre macroeconomia, neg\u00f3cios e startups para o Suno Not\u00edcias, escrevendo principalmente not\u00edcias sobre o mercado financeiro e a bolsa de valores. No YouTube e no Instagram, \u00e9 respons\u00e1vel pela produ\u00e7\u00e3o de Reels e Shorts do Suno Not\u00edcias. Anteriormente, trabalhou cobrindo economia e cotidiano no ND+ e para o ND, maior jornal impresso de Santa Catarina. Cursou um semestre letivo de Estudos de M\u00eddia na Universidad de Buenos Aires.","url":"https:\/\/www.suno.com.br\/noticias\/author\/eduardo-vargas\/"}]}},"default_loop_html":"<div class=\"cardsPage__listCard__boxs\"><div class=\"cardsPage__listCard__boxs__img\"><a href=\"https:\/\/www.suno.com.br\/noticias\/vibra-vbbr3-segunda-parcela-jcp-evm\/\"><img class=\"mask\" src=\"https:\/\/www.suno.com.br\/noticias\/wp-content\/themes\/suno\/resources\/images\/spotlight\/spotlight1img\/bg-mask.png\" alt=\"Image Mask\"\/><img src=\"https:\/\/files.sunoresearch.com.br\/n\/uploads\/2023\/05\/vibra-energia-400x200.jpg\" alt=\"Vibra (VBBR3) paga segunda parcela de JCP, de R$ 0,40 por a\u00e7\u00e3o\"\/><\/a><span class=\"spotlightCategory\"><a href=\"https:\/\/www.suno.com.br\/noticias\/negocios\/\">Neg\u00f3cios<\/a><\/span><\/div><div class=\"cardsPage__listCard__boxs__content\"><a href=\"https:\/\/www.suno.com.br\/noticias\/vibra-vbbr3-segunda-parcela-jcp-evm\/\"><h2 class=\"content__title\">Vibra (VBBR3) paga segunda parcela de JCP, de R$ 0,40 por a\u00e7\u00e3o<\/h2><\/a><div class=\"newsContent__article__meta\"><div class=\"newsContent__article__meta__authorBox\"><a href=\"https:\/\/www.suno.com.br\/noticias\/author\/eduardo-vargas\/\" class=\"authorBox__avatar noMobi\"><img src=\"https:\/\/secure.gravatar.com\/avatar\/dac340933427a22924c9f99d1eb2e3f2?s=96&#038;r=g\" alt=\"Eduardo Vargas\"><\/a><div class=\"authorBox__name\"><span>por\n\t\t\t<a href=\"https:\/\/www.suno.com.br\/noticias\/author\/eduardo-vargas\/\"><span itemprop=\"author\">Eduardo Vargas<\/span><\/a><\/span><time datetime=\"2024-05-21T11:43:09-03:00\" itemprop=\"datePublished\">21\/05\/2024 11:43<\/time><\/div><\/div><\/div><\/div><\/div>","single_layout":"posts","amp_enabled":true,"_links":{"self":[{"href":"https:\/\/www.suno.com.br\/noticias\/wp-json\/wp\/v2\/posts\/555837"}],"collection":[{"href":"https:\/\/www.suno.com.br\/noticias\/wp-json\/wp\/v2\/posts"}],"about":[{"href":"https:\/\/www.suno.com.br\/noticias\/wp-json\/wp\/v2\/types\/post"}],"author":[{"embeddable":true,"href":"https:\/\/www.suno.com.br\/noticias\/wp-json\/wp\/v2\/users\/73"}],"replies":[{"embeddable":true,"href":"https:\/\/www.suno.com.br\/noticias\/wp-json\/wp\/v2\/comments?post=555837"}],"version-history":[{"count":3,"href":"https:\/\/www.suno.com.br\/noticias\/wp-json\/wp\/v2\/posts\/555837\/revisions"}],"predecessor-version":[{"id":555843,"href":"https:\/\/www.suno.com.br\/noticias\/wp-json\/wp\/v2\/posts\/555837\/revisions\/555843"}],"wp:featuredmedia":[{"embeddable":true,"href":"https:\/\/www.suno.com.br\/noticias\/wp-json\/wp\/v2\/media\/404097"}],"wp:attachment":[{"href":"https:\/\/www.suno.com.br\/noticias\/wp-json\/wp\/v2\/media?parent=555837"}],"wp:term":[{"taxonomy":"category","embeddable":true,"href":"https:\/\/www.suno.com.br\/noticias\/wp-json\/wp\/v2\/categories?post=555837"},{"taxonomy":"post_tag","embeddable":true,"href":"https:\/\/www.suno.com.br\/noticias\/wp-json\/wp\/v2\/tags?post=555837"},{"taxonomy":"suno_strategy","embeddable":true,"href":"https:\/\/www.suno.com.br\/noticias\/wp-json\/wp\/v2\/suno_strategy?post=555837"}],"curies":[{"name":"wp","href":"https:\/\/api.w.org\/{rel}","templated":true}]}}