{"id":555403,"date":"2024-05-19T11:46:33","date_gmt":"2024-05-19T14:46:33","guid":{"rendered":"https:\/\/www.suno.com.br\/noticias\/?p=555403"},"modified":"2024-05-19T11:47:00","modified_gmt":"2024-05-19T14:47:00","slug":"busca-por-credito-tem-queda-marco-va","status":"publish","type":"post","link":"https:\/\/www.suno.com.br\/noticias\/busca-por-credito-tem-queda-marco-va\/","title":{"rendered":"Busca por cr\u00e9dito tem queda de 26% em mar\u00e7o ante 2023 e cede 13% ante fevereiro"},"content":{"rendered":"<p>A procura por financiamento no Brasil despencou 26% em mar\u00e7o na compara\u00e7\u00e3o com a um ano antes e caiu 13% em rela\u00e7\u00e3o a fevereiro de 2024. Os dados s\u00e3o do \u00cdndice Neurotech de Demanda por <strong>Cr\u00e9dito<\/strong> (INDC).<\/p>\t<div class=\"wrapper-featured-image\">\n\t\t<figure class=\"spotlightImg\">\n\n\t\t\t<picture>\n\t\t\t\t<source media=\"(max-width: 768px)\" srcset=\"https:\/\/files.sunoresearch.com.br\/n\/uploads\/2022\/12\/real-cedulas-inadimplencia-credito-podre-foto-pixabay-400x200.jpg\">\n\t\t\t\t<img loading=\"lazy\" decoding=\"async\" class=\"newsContent__article__imgCapa lazyloadDisabled \" src=\"https:\/\/files.sunoresearch.com.br\/n\/uploads\/2022\/12\/real-cedulas-inadimplencia-credito-podre-foto-pixabay-800x450.jpg\" width=\"800\" height=\"450\" alt=\"Busca por cr\u00e9dito tem queda de 26% em mar\u00e7o ante 2023 e cede 13% ante fevereiro\" fetchpriority=high \/>\n\t\t\t<\/picture>\n\n\t\t\t<figcaption class=\"wp-caption-text wp-caption-text--show\">Procura por cr\u00e9dito  -Foto: Pixabay<\/figcaption>\n\t\t<\/figure>\n\t<\/div>\n\n\n\n\n\n\t<p>\n\t\t<a href=\"https:\/\/lp.suno.com.br\/planilha-da-vida-financeira\/\" target=\"_blank\" data-element=\"shortcode-suno-banner\" title=\"Banner SUNO, clique e saiba mais\">\n\t\t\t<picture>\n\t\t\t\t<source media=\"(max-width: 500px)\" srcset=\"https:\/\/files.sunoresearch.com.br\/n\/uploads\/2023\/04\/400x300-Planilha-vida-financeira-true.png\">\n\t\t\t\t<img class=\"newsContent__article__imgCapa newsContent__article__imgCapa--banner\"\n\t\t\t\t\tsrc=\"https:\/\/files.sunoresearch.com.br\/n\/uploads\/2023\/04\/1420x240-Planilha-vida-financeira-true.png\"\n\t\t\t\t\tdata-promo-id=\"106682\"\t\t\t\t\t\t\t\t\t\twidth='1420' height='240'\t\t\t\t\talt=\"https:\/\/files.sunoresearch.com.br\/n\/uploads\/2023\/04\/1420x240-Planilha-vida-financeira-true.png\"\n\t\t\t\t>\n\t\t\t<\/picture>\n\t\t<\/a>\n\t<\/p>\n\n\n\n\n\n<p>O recuo contabilizado no terceiro m\u00eas deste ano no confronto com mar\u00e7o de 2023 foi o sexto consecutivo, a despeito dos sinais de retomada da atividade brasileira.<\/p>\n\n\n\n<p>Novamente, o segmento varejista foi o principal respons\u00e1vel pelo decl\u00ednio do INDC, cedendo 33% no recorte anual. Bancos e demais <a class=\"suno-keyword\" target=\"_blank\" data-force=\"no\" data-priority=\"1\" href=\"https:\/\/www.suno.com.br\/artigos\/instituicoes-financeiras\/\" rel=\"noopener\">institui\u00e7\u00f5es financeiras<\/a> tamb\u00e9m apresentaram baixas de demanda consider\u00e1veis: de 27%. O setor de Servi\u00e7os foi o \u00fanico a registrar aumento, de 12%.<\/p>\n\n\n\n<p>J\u00e1 em rela\u00e7\u00e3o a fevereiro deste ano, a \u00fanica alta foi no Varejo, de 3%. Em contrapartida, a procura por financiamento em bancos e financeiras caiu 28% e teve retra\u00e7\u00e3o de 3% em Servi\u00e7os em mar\u00e7o ante fevereiro de 2024.<\/p>\n\n\n\n<p>Para Nat\u00e1lia Heimann, head de produtos Analytics da Neurotech e respons\u00e1vel pelo INDC, h\u00e1 ind\u00edcios de que muitos consumidores ainda est\u00e3o tentando ajustar suas finan\u00e7as em meio a apertos no final de 2023. &#8220;Mesmo com a recupera\u00e7\u00e3o da economia, ainda que lenta, muitos brasileiros se endividaram no ano passado para fechar as contas. Isso est\u00e1 refletindo nos \u00edndices de 2024 quando comparamos anualmente&#8221;, avalia.<\/p>\n\n\n\n<p>De acordo com a executiva, a tend\u00eancia \u00e9 de maior cautela entre os consumidores at\u00e9 o final do ano neste momento de aumento geral nos pre\u00e7os. &#8220;Os consumidores est\u00e3o se planejando mais at\u00e9 que a queda da <a class=\"suno-keyword\" target=\"_blank\" data-force=\"no\" data-priority=\"2\" href=\"https:\/\/www.suno.com.br\/artigos\/juros\/\" rel=\"noopener\">taxa de juros<\/a> b\u00e1sica seja sentida de forma mais pr\u00e1tica&#8221;, afirma.<\/p>\n\n\n\n\t<div data-element=\"shortcode-read-more\" class=\"readToo\">\n\t\t\t\t<span class=\"readToo__title\">Leia mais<\/span>\n\t\t\t\t<ul class=\"readToo__list\">\n\t\t\t<li><a href=\"https:\/\/www.suno.com.br\/noticias\/gerdau-ggbr4-btg-ve-esforco-para-retomada-rentabilidade-va\/\">Gerdau (GGBR4): BTG v\u00ea esfor\u00e7o para retomada de rentabilidade e recomenda compra das a\u00e7\u00f5es<\/a><\/li><li><a href=\"https:\/\/www.suno.com.br\/noticias\/bndes-credito-rural-produtores-rs-evm\/\">BNDES autoriza suspens\u00e3o das parcelas de cr\u00e9dito rural para produtores do RS<\/a><\/li>\t\t<\/ul>\n\t<\/div>\n\n\n\n\n<h2 class=\"wp-block-heading\">Cr\u00e9dito: categoria &#8216;Supermercado&#8217; apresenta recupera\u00e7\u00e3o<\/h2>\n\n\n\n<p>No Varejo, somente a categoria Supermercado apresentou uma recupera\u00e7\u00e3o de 8%, na compara\u00e7\u00e3o dos \u00faltimos 12 meses. As demais registraram quedas: Lojas de Departamento (-59%), Vestu\u00e1rio (-54%), Eletro\/M\u00f3veis (-38%) e Outros (-11%).<\/p>\n\n\n\n<p>No confronto com fevereiro deste ano, o recuo mais expressivo foi de 6% e foi registrado no segmento de Eletro\/M\u00f3veis. Ainda houve diminui\u00e7\u00e3o na busca por cr\u00e9dito nas categorias de Vestu\u00e1rio (-2%) e Outros (-2%). Mas houve leve recupera\u00e7\u00e3o do INDC em Supermercado, que apresentou alta de 7%, e em Lojas de Departamento, com expans\u00e3o de 3%.<\/p>\n\n\n\t<p>\n\t\t<a href=\"https:\/\/lp.suno.com.br\/ebook-como-analisar-uma-acao\/\" target=\"_blank\" data-element=\"shortcode-suno-banner\" title=\"Banner SUNO, clique e saiba mais\">\n\t\t\t<picture>\n\t\t\t\t<source media=\"(max-width: 500px)\" srcset=\"https:\/\/files.sunoresearch.com.br\/n\/uploads\/2023\/03\/Ebook-Acoes-Mobile.jpg\">\n\t\t\t\t<img class=\"newsContent__article__imgCapa newsContent__article__imgCapa--banner\"\n\t\t\t\t\tsrc=\"https:\/\/files.sunoresearch.com.br\/n\/uploads\/2023\/03\/Ebook-Acoes-Desktop.jpg\"\n\t\t\t\t\tdata-promo-id=\"378302\"\t\t\t\t\t\t\t\t\t\twidth='1420' height='286'\t\t\t\t\talt=\"https:\/\/files.sunoresearch.com.br\/n\/uploads\/2023\/03\/Ebook-Acoes-Desktop.jpg\"\n\t\t\t\t>\n\t\t\t<\/picture>\n\t\t<\/a>\n\t<\/p>\n\n\n\n\n\n<h2 class=\"wp-block-heading\">Magazine Luiza e outras varejistas enfrentam crise de financiamento<\/h2>\n\n\n\n<p>As varejistas<strong>&nbsp;Magazine Luiza<\/strong>&nbsp;(<a href=\"https:\/\/www.suno.com.br\/acoes\/mglu3\/\" target=\"_blank\" rel=\"noreferrer noopener\">MGLU3<\/a>), Casas Bahia (BHIA3),&nbsp;<a href=\"https:\/\/www.suno.com.br\/acoes\/LREN3\/\" target=\"_blank\" rel=\"noreferrer noopener\">Lojas Renner (LREN3)<\/a>&nbsp;e mais companhias sob an\u00e1lise no BTG Pactual enfrentam uma crise de cr\u00e9dito que vem se estendendo desde 2020.<\/p>\n\n\n\n<p>Os analistas Luiz Guanais, Gabriel Disselli, Pedro Lima e Luis Mollo, que assinam relat\u00f3rio do BTG, chamam aten\u00e7\u00e3o para a forte exposi\u00e7\u00e3o do&nbsp;<strong>varejo&nbsp;<\/strong>ao cen\u00e1rio macroecon\u00f4mico, que em tempos de press\u00e3o inflacion\u00e1ria ou desacelera\u00e7\u00e3o dos cortes de juros, pode alterar os objetivos dos consumidores.<\/p>\n\n\n\n<p>\u201cA correla\u00e7\u00e3o entre as vendas no varejo e o ambiente macroecon\u00f4mico sempre foi alta. Ap\u00f3s um grande crescimento na origina\u00e7\u00e3o de cr\u00e9dito, vimos uma inflex\u00e3o nos \u00faltimos trimestres, com a maioria das empresas tentando limpar suas carteiras de <strong>cr\u00e9dito<\/strong>\u201d, comentam em relat\u00f3rio.<\/p>\n\n\n\n\n\n<p>Com Estad\u00e3o Conte\u00fado<\/p>\n\n\n\t<p>\n\t\t<a href=\"https:\/\/lp.suno.com.br\/planilha-da-vida-financeira\/\" target=\"_blank\" data-element=\"shortcode-suno-banner\" title=\"Banner SUNO, clique e saiba mais\">\n\t\t\t<picture>\n\t\t\t\t<source media=\"(max-width: 500px)\" srcset=\"https:\/\/files.sunoresearch.com.br\/n\/uploads\/2023\/04\/400x300-Planilha-vida-financeira-true.png\">\n\t\t\t\t<img class=\"newsContent__article__imgCapa newsContent__article__imgCapa--banner\"\n\t\t\t\t\tsrc=\"https:\/\/files.sunoresearch.com.br\/n\/uploads\/2023\/04\/1420x240-Planilha-vida-financeira-true.png\"\n\t\t\t\t\tdata-promo-id=\"383123\"\t\t\t\t\t\t\t\t\t\twidth='1420' height='240'\t\t\t\t\talt=\"https:\/\/files.sunoresearch.com.br\/n\/uploads\/2023\/04\/1420x240-Planilha-vida-financeira-true.png\"\n\t\t\t\t>\n\t\t\t<\/picture>\n\t\t<\/a>\n\t<\/p>\n\n\n","protected":false},"excerpt":{"rendered":"<p>A procura por financiamento no Brasil despencou 26% em mar\u00e7o na compara\u00e7\u00e3o com a um ano antes e caiu 13% em rela\u00e7\u00e3o a fevereiro de 2024. Os dados s\u00e3o do \u00cdndice Neurotech de Demanda por Cr\u00e9dito (INDC). Procura por cr\u00e9dito -Foto: Pixabay O recuo contabilizado no terceiro m\u00eas deste ano no confronto com mar\u00e7o de [&hellip;]<\/p>\n","protected":false},"author":43,"featured_media":332849,"comment_status":"closed","ping_status":"closed","sticky":false,"template":"","format":"standard","meta":[],"categories":[62],"tags":[943],"suno_strategy":[],"class_list":["post-555403","post","type-post","status-publish","format-standard","has-post-thumbnail","hentry","category-economia","tag-credito"],"yoast_head":"<!-- This site is optimized with the Yoast SEO plugin v24.4 - https:\/\/yoast.com\/wordpress\/plugins\/seo\/ -->\n<title>Busca por cr\u00e9dito tem queda de 26% em mar\u00e7o ante 2023<\/title>\n<meta name=\"description\" content=\"A procura por financiamento no Brasil despencou 26% em mar\u00e7o na compara\u00e7\u00e3o com a um ano antes e caiu 13% em rela\u00e7\u00e3o a fevereiro de 2024.\" \/>\n<meta name=\"robots\" content=\"index, follow, max-snippet:-1, max-image-preview:large, max-video-preview:-1\" \/>\n<link rel=\"canonical\" href=\"https:\/\/www.suno.com.br\/noticias\/busca-por-credito-tem-queda-marco-va\/\" \/>\n<meta property=\"og:locale\" content=\"pt_BR\" \/>\n<meta property=\"og:type\" content=\"article\" \/>\n<meta property=\"og:title\" content=\"Busca por cr\u00e9dito tem queda de 26% em mar\u00e7o ante 2023\" \/>\n<meta property=\"og:description\" content=\"A procura por financiamento no Brasil despencou 26% em mar\u00e7o na compara\u00e7\u00e3o com a um ano antes e caiu 13% em rela\u00e7\u00e3o a fevereiro de 2024.\" \/>\n<meta property=\"og:url\" content=\"https:\/\/www.suno.com.br\/noticias\/busca-por-credito-tem-queda-marco-va\/\" \/>\n<meta property=\"og:site_name\" content=\"Suno Not\u00edcias\" \/>\n<meta property=\"article:publisher\" content=\"https:\/\/facebook.com\/sunoresearch\" \/>\n<meta property=\"article:author\" content=\"https:\/\/www.facebook.com\/sunonoticias\/\" \/>\n<meta property=\"og:image\" content=\"https:\/\/files.sunoresearch.com.br\/n\/uploads\/2022\/12\/real-cedulas-inadimplencia-credito-podre-foto-pixabay.jpg\" \/>\n\t<meta property=\"og:image:width\" content=\"1200\" \/>\n\t<meta property=\"og:image:height\" content=\"675\" \/>\n\t<meta property=\"og:image:type\" content=\"image\/jpeg\" \/>\n<meta name=\"author\" content=\"Reda\u00e7\u00e3o Suno Not\u00edcias\" \/>\n<meta name=\"twitter:card\" content=\"summary_large_image\" \/>\n<meta name=\"twitter:creator\" content=\"@https:\/\/twitter.com\/sunoresearch\" \/>\n<meta name=\"twitter:site\" content=\"@sunoresearch\" \/>\n<meta name=\"twitter:label1\" content=\"Escrito por\" \/>\n\t<meta name=\"twitter:data1\" content=\"Reda\u00e7\u00e3o Suno Not\u00edcias\" \/>\n\t<meta name=\"twitter:label2\" content=\"Est. tempo de leitura\" \/>\n\t<meta name=\"twitter:data2\" content=\"3 minutos\" \/>\n<script type=\"application\/ld+json\" class=\"yoast-schema-graph\">{\"@context\":\"https:\/\/schema.org\",\"@graph\":[{\"@type\":\"NewsArticle\",\"@id\":\"https:\/\/www.suno.com.br\/noticias\/busca-por-credito-tem-queda-marco-va\/#article\",\"isPartOf\":{\"@id\":\"https:\/\/www.suno.com.br\/noticias\/busca-por-credito-tem-queda-marco-va\/\"},\"author\":{\"name\":\"Reda\u00e7\u00e3o Suno Not\u00edcias\",\"@id\":\"https:\/\/www.suno.com.br\/noticias\/#\/schema\/person\/c1b1bd3727fa852bd045e9dbff3673ea\"},\"headline\":\"Busca por cr\u00e9dito tem queda de 26% em mar\u00e7o ante 2023 e cede 13% ante fevereiro\",\"datePublished\":\"2024-05-19T14:46:33+00:00\",\"dateModified\":\"2024-05-19T14:47:00+00:00\",\"mainEntityOfPage\":{\"@id\":\"https:\/\/www.suno.com.br\/noticias\/busca-por-credito-tem-queda-marco-va\/\"},\"wordCount\":553,\"publisher\":{\"@id\":\"https:\/\/www.suno.com.br\/noticias\/#organization\"},\"image\":{\"@id\":\"https:\/\/www.suno.com.br\/noticias\/busca-por-credito-tem-queda-marco-va\/#primaryimage\"},\"thumbnailUrl\":\"https:\/\/files.sunoresearch.com.br\/n\/uploads\/2022\/12\/real-cedulas-inadimplencia-credito-podre-foto-pixabay.jpg\",\"keywords\":[\"cr\u00e9dito\"],\"articleSection\":[\"Economia\"],\"inLanguage\":\"pt-BR\"},{\"@type\":\"WebPage\",\"@id\":\"https:\/\/www.suno.com.br\/noticias\/busca-por-credito-tem-queda-marco-va\/\",\"url\":\"https:\/\/www.suno.com.br\/noticias\/busca-por-credito-tem-queda-marco-va\/\",\"name\":\"Busca por cr\u00e9dito tem queda de 26% em mar\u00e7o ante 2023\",\"isPartOf\":{\"@id\":\"https:\/\/www.suno.com.br\/noticias\/#website\"},\"primaryImageOfPage\":{\"@id\":\"https:\/\/www.suno.com.br\/noticias\/busca-por-credito-tem-queda-marco-va\/#primaryimage\"},\"image\":{\"@id\":\"https:\/\/www.suno.com.br\/noticias\/busca-por-credito-tem-queda-marco-va\/#primaryimage\"},\"thumbnailUrl\":\"https:\/\/files.sunoresearch.com.br\/n\/uploads\/2022\/12\/real-cedulas-inadimplencia-credito-podre-foto-pixabay.jpg\",\"datePublished\":\"2024-05-19T14:46:33+00:00\",\"dateModified\":\"2024-05-19T14:47:00+00:00\",\"description\":\"A procura por financiamento no Brasil despencou 26% em mar\u00e7o na compara\u00e7\u00e3o com a um ano antes e caiu 13% em rela\u00e7\u00e3o a fevereiro de 2024.\",\"breadcrumb\":{\"@id\":\"https:\/\/www.suno.com.br\/noticias\/busca-por-credito-tem-queda-marco-va\/#breadcrumb\"},\"inLanguage\":\"pt-BR\",\"potentialAction\":[{\"@type\":\"ReadAction\",\"target\":[\"https:\/\/www.suno.com.br\/noticias\/busca-por-credito-tem-queda-marco-va\/\"]}]},{\"@type\":\"ImageObject\",\"inLanguage\":\"pt-BR\",\"@id\":\"https:\/\/www.suno.com.br\/noticias\/busca-por-credito-tem-queda-marco-va\/#primaryimage\",\"url\":\"https:\/\/files.sunoresearch.com.br\/n\/uploads\/2022\/12\/real-cedulas-inadimplencia-credito-podre-foto-pixabay.jpg\",\"contentUrl\":\"https:\/\/files.sunoresearch.com.br\/n\/uploads\/2022\/12\/real-cedulas-inadimplencia-credito-podre-foto-pixabay.jpg\",\"width\":1200,\"height\":675,\"caption\":\"Procura por cr\u00e9dito -Foto: Pixabay\"},{\"@type\":\"BreadcrumbList\",\"@id\":\"https:\/\/www.suno.com.br\/noticias\/busca-por-credito-tem-queda-marco-va\/#breadcrumb\",\"itemListElement\":[{\"@type\":\"ListItem\",\"position\":1,\"name\":\"Not\u00edcias\",\"item\":\"https:\/\/www.suno.com.br\/noticias\/\"},{\"@type\":\"ListItem\",\"position\":2,\"name\":\"Economia\",\"item\":\"https:\/\/www.suno.com.br\/noticias\/economia\/\"},{\"@type\":\"ListItem\",\"position\":3,\"name\":\"Busca por cr\u00e9dito tem queda de 26% em mar\u00e7o ante 2023 e cede 13% ante fevereiro\"}]},{\"@type\":\"WebSite\",\"@id\":\"https:\/\/www.suno.com.br\/noticias\/#website\",\"url\":\"https:\/\/www.suno.com.br\/noticias\/\",\"name\":\"Suno Not\u00edcias\",\"description\":\"Seu portal de informa\u00e7\u00e3o sobre o mundo dos investimentos\",\"publisher\":{\"@id\":\"https:\/\/www.suno.com.br\/noticias\/#organization\"},\"potentialAction\":[{\"@type\":\"SearchAction\",\"target\":{\"@type\":\"EntryPoint\",\"urlTemplate\":\"https:\/\/www.suno.com.br\/noticias\/?s={search_term_string}\"},\"query-input\":{\"@type\":\"PropertyValueSpecification\",\"valueRequired\":true,\"valueName\":\"search_term_string\"}}],\"inLanguage\":\"pt-BR\"},{\"@type\":\"Organization\",\"@id\":\"https:\/\/www.suno.com.br\/noticias\/#organization\",\"name\":\"Suno Not\u00edcias\",\"url\":\"https:\/\/www.suno.com.br\/noticias\/\",\"logo\":{\"@type\":\"ImageObject\",\"inLanguage\":\"pt-BR\",\"@id\":\"https:\/\/www.suno.com.br\/noticias\/#\/schema\/logo\/image\/\",\"url\":\"https:\/\/files.sunoresearch.com.br\/n\/uploads\/2021\/09\/suno-logo.png\",\"contentUrl\":\"https:\/\/files.sunoresearch.com.br\/n\/uploads\/2021\/09\/suno-logo.png\",\"width\":180,\"height\":180,\"caption\":\"Suno Not\u00edcias\"},\"image\":{\"@id\":\"https:\/\/www.suno.com.br\/noticias\/#\/schema\/logo\/image\/\"},\"sameAs\":[\"https:\/\/facebook.com\/sunoresearch\",\"https:\/\/x.com\/sunoresearch\",\"https:\/\/www.instagram.com\/suno\",\"https:\/\/www.linkedin.com\/company\/suno-research\/\",\"https:\/\/www.youtube.com\/c\/sunoresearch\"]},{\"@type\":\"Person\",\"@id\":\"https:\/\/www.suno.com.br\/noticias\/#\/schema\/person\/c1b1bd3727fa852bd045e9dbff3673ea\",\"name\":\"Reda\u00e7\u00e3o Suno Not\u00edcias\",\"image\":{\"@type\":\"ImageObject\",\"inLanguage\":\"pt-BR\",\"@id\":\"https:\/\/www.suno.com.br\/noticias\/#\/schema\/person\/image\/\",\"url\":\"https:\/\/secure.gravatar.com\/avatar\/b8104b9b5a71985d5238ee59fbe418af?s=96&r=g\",\"contentUrl\":\"https:\/\/secure.gravatar.com\/avatar\/b8104b9b5a71985d5238ee59fbe418af?s=96&r=g\",\"caption\":\"Reda\u00e7\u00e3o Suno Not\u00edcias\"},\"description\":\"O Suno Not\u00edcias \u00e9 um portal de informa\u00e7\u00f5es sobre Mercado Financeiro, Pol\u00edtica, Neg\u00f3cios, Economia e Finan\u00e7as Pessoais.\",\"sameAs\":[\"https:\/\/www.suno.com.br\/noticias\",\"https:\/\/www.facebook.com\/sunonoticias\/\",\"https:\/\/www.instagram.com\/sunonoticias\/\",\"https:\/\/x.com\/https:\/\/twitter.com\/sunoresearch\",\"https:\/\/www.youtube.com\/sunonoticias\"],\"url\":\"https:\/\/www.suno.com.br\/noticias\/author\/redacao-suno\/\"}]}<\/script>\n<!-- \/ Yoast SEO plugin. -->","yoast_head_json":{"title":"Busca por cr\u00e9dito tem queda de 26% em mar\u00e7o ante 2023","description":"A procura por financiamento no Brasil despencou 26% em mar\u00e7o na compara\u00e7\u00e3o com a um ano antes e caiu 13% em rela\u00e7\u00e3o a fevereiro de 2024.","robots":{"index":"index","follow":"follow","max-snippet":"max-snippet:-1","max-image-preview":"max-image-preview:large","max-video-preview":"max-video-preview:-1"},"canonical":"https:\/\/www.suno.com.br\/noticias\/busca-por-credito-tem-queda-marco-va\/","og_locale":"pt_BR","og_type":"article","og_title":"Busca por cr\u00e9dito tem queda de 26% em mar\u00e7o ante 2023","og_description":"A procura por financiamento no Brasil despencou 26% em mar\u00e7o na compara\u00e7\u00e3o com a um ano antes e caiu 13% em rela\u00e7\u00e3o a fevereiro de 2024.","og_url":"https:\/\/www.suno.com.br\/noticias\/busca-por-credito-tem-queda-marco-va\/","og_site_name":"Suno Not\u00edcias","article_publisher":"https:\/\/facebook.com\/sunoresearch","article_author":"https:\/\/www.facebook.com\/sunonoticias\/","og_image":[{"width":1200,"height":675,"url":"https:\/\/files.sunoresearch.com.br\/n\/uploads\/2022\/12\/real-cedulas-inadimplencia-credito-podre-foto-pixabay.jpg","type":"image\/jpeg"}],"author":"Reda\u00e7\u00e3o Suno Not\u00edcias","twitter_card":"summary_large_image","twitter_creator":"@https:\/\/twitter.com\/sunoresearch","twitter_site":"@sunoresearch","twitter_misc":{"Escrito por":"Reda\u00e7\u00e3o Suno Not\u00edcias","Est. tempo de leitura":"3 minutos"},"schema":{"@context":"https:\/\/schema.org","@graph":[{"@type":"NewsArticle","@id":"https:\/\/www.suno.com.br\/noticias\/busca-por-credito-tem-queda-marco-va\/#article","isPartOf":{"@id":"https:\/\/www.suno.com.br\/noticias\/busca-por-credito-tem-queda-marco-va\/"},"author":{"name":"Reda\u00e7\u00e3o Suno Not\u00edcias","@id":"https:\/\/www.suno.com.br\/noticias\/#\/schema\/person\/c1b1bd3727fa852bd045e9dbff3673ea"},"headline":"Busca por cr\u00e9dito tem queda de 26% em mar\u00e7o ante 2023 e cede 13% ante fevereiro","datePublished":"2024-05-19T14:46:33+00:00","dateModified":"2024-05-19T14:47:00+00:00","mainEntityOfPage":{"@id":"https:\/\/www.suno.com.br\/noticias\/busca-por-credito-tem-queda-marco-va\/"},"wordCount":553,"publisher":{"@id":"https:\/\/www.suno.com.br\/noticias\/#organization"},"image":{"@id":"https:\/\/www.suno.com.br\/noticias\/busca-por-credito-tem-queda-marco-va\/#primaryimage"},"thumbnailUrl":"https:\/\/files.sunoresearch.com.br\/n\/uploads\/2022\/12\/real-cedulas-inadimplencia-credito-podre-foto-pixabay.jpg","keywords":["cr\u00e9dito"],"articleSection":["Economia"],"inLanguage":"pt-BR"},{"@type":"WebPage","@id":"https:\/\/www.suno.com.br\/noticias\/busca-por-credito-tem-queda-marco-va\/","url":"https:\/\/www.suno.com.br\/noticias\/busca-por-credito-tem-queda-marco-va\/","name":"Busca por cr\u00e9dito tem queda de 26% em mar\u00e7o ante 2023","isPartOf":{"@id":"https:\/\/www.suno.com.br\/noticias\/#website"},"primaryImageOfPage":{"@id":"https:\/\/www.suno.com.br\/noticias\/busca-por-credito-tem-queda-marco-va\/#primaryimage"},"image":{"@id":"https:\/\/www.suno.com.br\/noticias\/busca-por-credito-tem-queda-marco-va\/#primaryimage"},"thumbnailUrl":"https:\/\/files.sunoresearch.com.br\/n\/uploads\/2022\/12\/real-cedulas-inadimplencia-credito-podre-foto-pixabay.jpg","datePublished":"2024-05-19T14:46:33+00:00","dateModified":"2024-05-19T14:47:00+00:00","description":"A procura por financiamento no Brasil despencou 26% em mar\u00e7o na compara\u00e7\u00e3o com a um ano antes e caiu 13% em rela\u00e7\u00e3o a fevereiro de 2024.","breadcrumb":{"@id":"https:\/\/www.suno.com.br\/noticias\/busca-por-credito-tem-queda-marco-va\/#breadcrumb"},"inLanguage":"pt-BR","potentialAction":[{"@type":"ReadAction","target":["https:\/\/www.suno.com.br\/noticias\/busca-por-credito-tem-queda-marco-va\/"]}]},{"@type":"ImageObject","inLanguage":"pt-BR","@id":"https:\/\/www.suno.com.br\/noticias\/busca-por-credito-tem-queda-marco-va\/#primaryimage","url":"https:\/\/files.sunoresearch.com.br\/n\/uploads\/2022\/12\/real-cedulas-inadimplencia-credito-podre-foto-pixabay.jpg","contentUrl":"https:\/\/files.sunoresearch.com.br\/n\/uploads\/2022\/12\/real-cedulas-inadimplencia-credito-podre-foto-pixabay.jpg","width":1200,"height":675,"caption":"Procura por cr\u00e9dito -Foto: Pixabay"},{"@type":"BreadcrumbList","@id":"https:\/\/www.suno.com.br\/noticias\/busca-por-credito-tem-queda-marco-va\/#breadcrumb","itemListElement":[{"@type":"ListItem","position":1,"name":"Not\u00edcias","item":"https:\/\/www.suno.com.br\/noticias\/"},{"@type":"ListItem","position":2,"name":"Economia","item":"https:\/\/www.suno.com.br\/noticias\/economia\/"},{"@type":"ListItem","position":3,"name":"Busca por cr\u00e9dito tem queda de 26% em mar\u00e7o ante 2023 e cede 13% ante fevereiro"}]},{"@type":"WebSite","@id":"https:\/\/www.suno.com.br\/noticias\/#website","url":"https:\/\/www.suno.com.br\/noticias\/","name":"Suno Not\u00edcias","description":"Seu portal de informa\u00e7\u00e3o sobre o mundo dos investimentos","publisher":{"@id":"https:\/\/www.suno.com.br\/noticias\/#organization"},"potentialAction":[{"@type":"SearchAction","target":{"@type":"EntryPoint","urlTemplate":"https:\/\/www.suno.com.br\/noticias\/?s={search_term_string}"},"query-input":{"@type":"PropertyValueSpecification","valueRequired":true,"valueName":"search_term_string"}}],"inLanguage":"pt-BR"},{"@type":"Organization","@id":"https:\/\/www.suno.com.br\/noticias\/#organization","name":"Suno Not\u00edcias","url":"https:\/\/www.suno.com.br\/noticias\/","logo":{"@type":"ImageObject","inLanguage":"pt-BR","@id":"https:\/\/www.suno.com.br\/noticias\/#\/schema\/logo\/image\/","url":"https:\/\/files.sunoresearch.com.br\/n\/uploads\/2021\/09\/suno-logo.png","contentUrl":"https:\/\/files.sunoresearch.com.br\/n\/uploads\/2021\/09\/suno-logo.png","width":180,"height":180,"caption":"Suno Not\u00edcias"},"image":{"@id":"https:\/\/www.suno.com.br\/noticias\/#\/schema\/logo\/image\/"},"sameAs":["https:\/\/facebook.com\/sunoresearch","https:\/\/x.com\/sunoresearch","https:\/\/www.instagram.com\/suno","https:\/\/www.linkedin.com\/company\/suno-research\/","https:\/\/www.youtube.com\/c\/sunoresearch"]},{"@type":"Person","@id":"https:\/\/www.suno.com.br\/noticias\/#\/schema\/person\/c1b1bd3727fa852bd045e9dbff3673ea","name":"Reda\u00e7\u00e3o Suno Not\u00edcias","image":{"@type":"ImageObject","inLanguage":"pt-BR","@id":"https:\/\/www.suno.com.br\/noticias\/#\/schema\/person\/image\/","url":"https:\/\/secure.gravatar.com\/avatar\/b8104b9b5a71985d5238ee59fbe418af?s=96&r=g","contentUrl":"https:\/\/secure.gravatar.com\/avatar\/b8104b9b5a71985d5238ee59fbe418af?s=96&r=g","caption":"Reda\u00e7\u00e3o Suno Not\u00edcias"},"description":"O Suno Not\u00edcias \u00e9 um portal de informa\u00e7\u00f5es sobre Mercado Financeiro, Pol\u00edtica, Neg\u00f3cios, Economia e Finan\u00e7as Pessoais.","sameAs":["https:\/\/www.suno.com.br\/noticias","https:\/\/www.facebook.com\/sunonoticias\/","https:\/\/www.instagram.com\/sunonoticias\/","https:\/\/x.com\/https:\/\/twitter.com\/sunoresearch","https:\/\/www.youtube.com\/sunonoticias"],"url":"https:\/\/www.suno.com.br\/noticias\/author\/redacao-suno\/"}]}},"default_loop_html":"<div class=\"cardsPage__listCard__boxs\"><div class=\"cardsPage__listCard__boxs__img\"><a href=\"https:\/\/www.suno.com.br\/noticias\/busca-por-credito-tem-queda-marco-va\/\"><img class=\"mask\" src=\"https:\/\/www.suno.com.br\/noticias\/wp-content\/themes\/suno\/resources\/images\/spotlight\/spotlight1img\/bg-mask.png\" alt=\"Image Mask\"\/><img src=\"https:\/\/files.sunoresearch.com.br\/n\/uploads\/2022\/12\/real-cedulas-inadimplencia-credito-podre-foto-pixabay-400x200.jpg\" alt=\"Busca por cr\u00e9dito tem queda de 26% em mar\u00e7o ante 2023 e cede 13% ante fevereiro\"\/><\/a><span class=\"spotlightCategory\"><a href=\"https:\/\/www.suno.com.br\/noticias\/economia\/\">Economia<\/a><\/span><\/div><div class=\"cardsPage__listCard__boxs__content\"><a href=\"https:\/\/www.suno.com.br\/noticias\/busca-por-credito-tem-queda-marco-va\/\"><h2 class=\"content__title\">Busca por cr\u00e9dito tem queda de 26% em mar\u00e7o ante 2023 e cede 13% ante fevereiro<\/h2><\/a><div class=\"newsContent__article__meta\"><div class=\"newsContent__article__meta__authorBox\"><a href=\"https:\/\/www.suno.com.br\/noticias\/author\/eduardo-vargas\/\" class=\"authorBox__avatar noMobi\"><img src=\"https:\/\/secure.gravatar.com\/avatar\/dac340933427a22924c9f99d1eb2e3f2?s=96&#038;r=g\" alt=\"Eduardo Vargas\"><\/a><div class=\"authorBox__name\"><span>por\n\t\t\t<a href=\"https:\/\/www.suno.com.br\/noticias\/author\/eduardo-vargas\/\"><span itemprop=\"author\">Eduardo Vargas<\/span><\/a><\/span><time datetime=\"2024-05-19T11:46:33-03:00\" itemprop=\"datePublished\">19\/05\/2024 11:46<\/time><\/div><\/div><\/div><\/div><\/div>","single_layout":"posts","amp_enabled":true,"_links":{"self":[{"href":"https:\/\/www.suno.com.br\/noticias\/wp-json\/wp\/v2\/posts\/555403"}],"collection":[{"href":"https:\/\/www.suno.com.br\/noticias\/wp-json\/wp\/v2\/posts"}],"about":[{"href":"https:\/\/www.suno.com.br\/noticias\/wp-json\/wp\/v2\/types\/post"}],"author":[{"embeddable":true,"href":"https:\/\/www.suno.com.br\/noticias\/wp-json\/wp\/v2\/users\/43"}],"replies":[{"embeddable":true,"href":"https:\/\/www.suno.com.br\/noticias\/wp-json\/wp\/v2\/comments?post=555403"}],"version-history":[{"count":3,"href":"https:\/\/www.suno.com.br\/noticias\/wp-json\/wp\/v2\/posts\/555403\/revisions"}],"predecessor-version":[{"id":555414,"href":"https:\/\/www.suno.com.br\/noticias\/wp-json\/wp\/v2\/posts\/555403\/revisions\/555414"}],"wp:featuredmedia":[{"embeddable":true,"href":"https:\/\/www.suno.com.br\/noticias\/wp-json\/wp\/v2\/media\/332849"}],"wp:attachment":[{"href":"https:\/\/www.suno.com.br\/noticias\/wp-json\/wp\/v2\/media?parent=555403"}],"wp:term":[{"taxonomy":"category","embeddable":true,"href":"https:\/\/www.suno.com.br\/noticias\/wp-json\/wp\/v2\/categories?post=555403"},{"taxonomy":"post_tag","embeddable":true,"href":"https:\/\/www.suno.com.br\/noticias\/wp-json\/wp\/v2\/tags?post=555403"},{"taxonomy":"suno_strategy","embeddable":true,"href":"https:\/\/www.suno.com.br\/noticias\/wp-json\/wp\/v2\/suno_strategy?post=555403"}],"curies":[{"name":"wp","href":"https:\/\/api.w.org\/{rel}","templated":true}]}}