{"id":555067,"date":"2024-05-17T09:44:22","date_gmt":"2024-05-17T12:44:22","guid":{"rendered":"https:\/\/www.suno.com.br\/noticias\/?p=555067"},"modified":"2024-05-23T09:42:10","modified_gmt":"2024-05-23T12:42:10","slug":"polishop-pede-recuperacao-judicial-dividas-cpf","status":"publish","type":"post","link":"https:\/\/www.suno.com.br\/noticias\/polishop-pede-recuperacao-judicial-dividas-cpf\/","title":{"rendered":"Polishop pede recupera\u00e7\u00e3o judicial com R$ 352 milh\u00f5es em d\u00edvidas"},"content":{"rendered":"<p>A rede de varejo <strong>Polishop <\/strong>apresentou um pedido de <a class=\"suno-keyword\" target=\"_blank\" data-force=\"no\" data-priority=\"2\" href=\"https:\/\/www.suno.com.br\/artigos\/recuperacao-judicial\/\" rel=\"noopener\">recupera\u00e7\u00e3o judicial<\/a> e agora aguarda a delibera\u00e7\u00e3o da 2\u00aa Vara de Fal\u00eancias e Recupera\u00e7\u00f5es Judiciais de S\u00e3o Paulo. A solicita\u00e7\u00e3o foi confirmada pela pr\u00f3pria companhia.<\/p>\t<div class=\"wrapper-featured-image\">\n\t\t<figure class=\"spotlightImg\">\n\n\t\t\t<picture>\n\t\t\t\t<source media=\"(max-width: 768px)\" srcset=\"https:\/\/files.sunoresearch.com.br\/n\/uploads\/2023\/07\/Polishop-deve-inaugurar-25-novas-lojas-em-2018-400x200.jpg\">\n\t\t\t\t<img loading=\"lazy\" decoding=\"async\" class=\"newsContent__article__imgCapa lazyloadDisabled \" src=\"https:\/\/files.sunoresearch.com.br\/n\/uploads\/2023\/07\/Polishop-deve-inaugurar-25-novas-lojas-em-2018-800x450.jpg\" width=\"800\" height=\"450\" alt=\"Polishop pede recupera\u00e7\u00e3o judicial com R$ 352 milh\u00f5es em d\u00edvidas\" fetchpriority=high \/>\n\t\t\t<\/picture>\n\n\t\t\t<figcaption class=\"wp-caption-text wp-caption-text--show\">Polishop. Foto: divulga\u00e7\u00e3o.<\/figcaption>\n\t\t<\/figure>\n\t<\/div>\n\n\n\n\n\n\t<p>\n\t\t<a href=\"\" target=\"_blank\" data-element=\"shortcode-suno-banner\" title=\"Banner SUNO, clique e saiba mais\">\n\t\t\t<picture>\n\t\t\t\t<source media=\"(max-width: 500px)\" srcset=\"\">\n\t\t\t\t<img class=\"newsContent__article__imgCapa newsContent__article__imgCapa--banner\"\n\t\t\t\t\tsrc=\"\"\n\t\t\t\t\tdata-promo-id=\"250704\"\t\t\t\t\t\t\t\t\t\t\t\t\t\t\talt=\"\"\n\t\t\t\t>\n\t\t\t<\/picture>\n\t\t<\/a>\n\t<\/p>\n\n\n\n\n\n<p>De acordo com documentos oficias do pedido, os advogados alegam que a <strong>recupera\u00e7\u00e3o judicial da Polishop <\/strong>\u00e9 a \u00fanica alternativa para superar a atual crise econ\u00f4mico-financeira da empresa. <\/p>\n\n\n\n<p>No pedido, afirmam que o processo \u00e9 essencial para reestruturar a companhia, considerada vi\u00e1vel economicamente, permitindo que continue gerando renda, empregos e tributos.<\/p>\n\n\n\n<p>O documento revela que a <strong>d\u00edvida da Polishop <\/strong>equivale a cerca de R$ 352 milh\u00f5es.<\/p>\n\n\n\n<p>Fora a d\u00edvida com os bancos, Jo\u00e3o Appolin\u00e1rio,<strong> CEO da Polishop<\/strong> mencionou em entrevista ao Broadcast em abril um endividamento de aproximadamente R$ 50 milh\u00f5es com os shoppings centers. <\/p>\n\n\n\n<p>Segundo <strong>Appolin\u00e1rio<\/strong>, as dificuldades financeiras enfrentadas pela companhia s\u00e3o a pandemia, o aumento do IGP-M (\u00edndice que corrige os pre\u00e7os de alugueis) e a crise de cr\u00e9dito, provocada pela Americanas (AMER3).<\/p>\n\n\n\n<p>A <strong>recupera\u00e7\u00e3o judicial <\/strong>visa ajustar o caixa da empresa e equilibrar suas finan\u00e7as para o pagamento desses d\u00e9bitos. Em caso de deferimento, um plano de reestrutura\u00e7\u00e3o ser\u00e1 apresentado aos credores no momento oportuno.<\/p>\n\n\n\n<p>Para enfrentar a crise, a Polishop adotou v\u00e1rias medidas, incluindo um aporte financeiro de R$ 50 milh\u00f5es e a abertura de um plano de franquias de lojas. <\/p>\n\n\n\n<p>Estas a\u00e7\u00f5es visam fortalecer a empresa e ampliar sua presen\u00e7a no mercado, especialmente em cidades m\u00e9dias e grandes, conforme declarado pelo CEO da Polishop, <strong>Jo\u00e3o Appolin\u00e1rio<\/strong>, em entrevista ao Broadcast em abril.<\/p>\n\n\n\n<h2 class=\"wp-block-heading\">Analista comenta crise da Polishop: &#8220;Pandemia filtrou empresas de varejo&#8221;<\/h2>\n\n\n\n<p>A analista da Levante Inside Corp, Caroline Sanchez, relembra o agravamento da <strong>crise da Polishop <\/strong>nos \u00faltimos anos. Desde a pandemia, a empresa j\u00e1 reduziu seus colaboradores em 80% (de 2.500 para 500 pessoas) e de 300 lojas f\u00edsicas para 49 no Brasil. <\/p>\n\n\n\n<p>&#8220;A pandemia realmente filtrou essas empresas de varejo, que no Brasil t\u00eam uma depend\u00eancia muito maior de lojas f\u00edsicas do que outras empresas estrangeiras como as e-commerces Shopee e Mercado Livre (MELI34), que n\u00e3o dependem de lojas f\u00edsicas&#8221;, compara Sanchez.<\/p>\n\n\n\n<p>Sanchez explica que as varejistas estrangeiras que t\u00eam avan\u00e7ado nos consumidores brasileiros focam principalmente em unidades f\u00edsicas de hubs e centros de distribui\u00e7\u00e3o, para a r\u00e1pida entrega dos produtos. <\/p>\n\n\n\n<p>&#8220;Ainda tem a quest\u00e3o dos juros altos por mais tempo, com o consumidor pressionado priorizando o consumo de itens de primeira necessidade, al\u00e9m da crise de cr\u00e9dito por conta do caso da Americanas (AMER3)&#8221;, completa Sanchez.<\/p>\n\n\n\t<p>\n\t\t<a href=\"https:\/\/lp.suno.com.br\/ebook-como-analisar-uma-acao\/\" target=\"_blank\" data-element=\"shortcode-suno-banner\" title=\"Banner SUNO, clique e saiba mais\">\n\t\t\t<picture>\n\t\t\t\t<source media=\"(max-width: 500px)\" srcset=\"https:\/\/files.sunoresearch.com.br\/n\/uploads\/2023\/03\/Ebook-Acoes-Mobile.jpg\">\n\t\t\t\t<img class=\"newsContent__article__imgCapa newsContent__article__imgCapa--banner\"\n\t\t\t\t\tsrc=\"https:\/\/files.sunoresearch.com.br\/n\/uploads\/2023\/03\/Ebook-Acoes-Desktop.jpg\"\n\t\t\t\t\tdata-promo-id=\"378302\"\t\t\t\t\t\t\t\t\t\twidth='1420' height='286'\t\t\t\t\talt=\"https:\/\/files.sunoresearch.com.br\/n\/uploads\/2023\/03\/Ebook-Acoes-Desktop.jpg\"\n\t\t\t\t>\n\t\t\t<\/picture>\n\t\t<\/a>\n\t<\/p>\n\n\n\n\n\n<h2 class=\"wp-block-heading\">Pr\u00e9vias da RJ da Polishop<\/h2>\n\n\n\n<p>A empresa j\u00e1 havia tomado uma medida judicial preliminar no dia 3 de abril, quando solicitou e obteve tutela antecipada para suspender execu\u00e7\u00f5es de d\u00edvida e despejos e antecipou os efeitos do processamento da recupera\u00e7\u00e3o judicial conforme a lei de 2005 sobre o tema.<\/p>\n\n\n\n<p>Agora, a Justi\u00e7a ir\u00e1 analisar o pedido de <strong>RJ da Polishop<\/strong>. Se aceito, a empresa ter\u00e1 suas d\u00edvidas congeladas por 180 dias, per\u00edodo durante o qual dever\u00e1 preparar um plano detalhado de reestrutura\u00e7\u00e3o. A Polishop declarou que s\u00f3 se pronunciar\u00e1 publicamente ap\u00f3s a decis\u00e3o judicial.<\/p>\n\n\n\n\n\t<p>\n\t\t<a href=\"https:\/\/lp.suno.com.br\/plataforma-de-controle-de-investimentos\/\" target=\"_blank\" data-element=\"shortcode-suno-banner\" title=\"Banner SUNO, clique e saiba mais\">\n\t\t\t<picture>\n\t\t\t\t<source media=\"(max-width: 500px)\" srcset=\"https:\/\/files.sunoresearch.com.br\/n\/uploads\/2023\/03\/400x300-Controle-de-Investimentos.png\">\n\t\t\t\t<img class=\"newsContent__article__imgCapa newsContent__article__imgCapa--banner\"\n\t\t\t\t\tsrc=\"https:\/\/files.sunoresearch.com.br\/n\/uploads\/2023\/03\/1420x240-Controle-de-Investimentos.png\"\n\t\t\t\t\tdata-promo-id=\"383162\"\t\t\t\t\t\t\t\t\t\twidth='1420' height='240'\t\t\t\t\talt=\"https:\/\/files.sunoresearch.com.br\/n\/uploads\/2023\/03\/1420x240-Controle-de-Investimentos.png\"\n\t\t\t\t>\n\t\t\t<\/picture>\n\t\t<\/a>\n\t<\/p>\n\n\n","protected":false},"excerpt":{"rendered":"<p>A rede de varejo Polishop apresentou um pedido de recupera\u00e7\u00e3o judicial e agora aguarda a delibera\u00e7\u00e3o da 2\u00aa Vara de Fal\u00eancias e Recupera\u00e7\u00f5es Judiciais de S\u00e3o Paulo. A solicita\u00e7\u00e3o foi confirmada pela pr\u00f3pria companhia. Polishop. Foto: divulga\u00e7\u00e3o. De acordo com documentos oficias do pedido, os advogados alegam que a recupera\u00e7\u00e3o judicial da Polishop \u00e9 a [&hellip;]<\/p>\n","protected":false},"author":283,"featured_media":434037,"comment_status":"closed","ping_status":"closed","sticky":false,"template":"","format":"standard","meta":[],"categories":[64],"tags":[105816,314,803],"suno_strategy":[],"class_list":["post-555067","post","type-post","status-publish","format-standard","has-post-thumbnail","hentry","category-negocios","tag-especialistas","tag-recuperacao-judicial","tag-varejo"],"yoast_head":"<!-- This site is optimized with the Yoast SEO plugin v24.4 - https:\/\/yoast.com\/wordpress\/plugins\/seo\/ -->\n<title>Polishop pede recupera\u00e7\u00e3o judicial com R$ 352 milh\u00f5es em d\u00edvidas<\/title>\n<meta name=\"description\" content=\"A rede de Lojas Polishop deu entrada a um pedido de recupera\u00e7\u00e3o judicial nesta semana. Analista comenta sobre a crise da Polishop.\" \/>\n<meta name=\"robots\" content=\"index, follow, max-snippet:-1, max-image-preview:large, max-video-preview:-1\" \/>\n<link rel=\"canonical\" href=\"https:\/\/www.suno.com.br\/noticias\/polishop-pede-recuperacao-judicial-dividas-cpf\/\" \/>\n<meta property=\"og:locale\" content=\"pt_BR\" \/>\n<meta property=\"og:type\" content=\"article\" \/>\n<meta property=\"og:title\" content=\"Polishop pede recupera\u00e7\u00e3o judicial com R$ 352 milh\u00f5es em d\u00edvidas\" \/>\n<meta property=\"og:description\" content=\"A rede de Lojas Polishop deu entrada a um pedido de recupera\u00e7\u00e3o judicial nesta semana. Analista comenta sobre a crise da Polishop.\" \/>\n<meta property=\"og:url\" content=\"https:\/\/www.suno.com.br\/noticias\/polishop-pede-recuperacao-judicial-dividas-cpf\/\" \/>\n<meta property=\"og:site_name\" content=\"Suno Not\u00edcias\" \/>\n<meta property=\"article:publisher\" content=\"https:\/\/facebook.com\/sunoresearch\" \/>\n<meta property=\"og:image\" content=\"https:\/\/files.sunoresearch.com.br\/n\/uploads\/2023\/07\/Polishop-deve-inaugurar-25-novas-lojas-em-2018.jpg\" \/>\n\t<meta property=\"og:image:width\" content=\"1200\" \/>\n\t<meta property=\"og:image:height\" content=\"800\" \/>\n\t<meta property=\"og:image:type\" content=\"image\/jpeg\" \/>\n<meta name=\"author\" content=\"Camila Paim\" \/>\n<meta name=\"twitter:card\" content=\"summary_large_image\" \/>\n<meta name=\"twitter:creator\" content=\"@sunoresearch\" \/>\n<meta name=\"twitter:site\" content=\"@sunoresearch\" \/>\n<meta name=\"twitter:label1\" content=\"Escrito por\" \/>\n\t<meta name=\"twitter:data1\" content=\"Camila Paim\" \/>\n\t<meta name=\"twitter:label2\" content=\"Est. tempo de leitura\" \/>\n\t<meta name=\"twitter:data2\" content=\"3 minutos\" \/>\n<script type=\"application\/ld+json\" class=\"yoast-schema-graph\">{\"@context\":\"https:\/\/schema.org\",\"@graph\":[{\"@type\":\"NewsArticle\",\"@id\":\"https:\/\/www.suno.com.br\/noticias\/polishop-pede-recuperacao-judicial-dividas-cpf\/#article\",\"isPartOf\":{\"@id\":\"https:\/\/www.suno.com.br\/noticias\/polishop-pede-recuperacao-judicial-dividas-cpf\/\"},\"author\":{\"name\":\"Camila Paim\",\"@id\":\"https:\/\/www.suno.com.br\/noticias\/#\/schema\/person\/f341d3ae5d1cc685176c9a5327cdfdbb\"},\"headline\":\"Polishop pede recupera\u00e7\u00e3o judicial com R$ 352 milh\u00f5es em d\u00edvidas\",\"datePublished\":\"2024-05-17T12:44:22+00:00\",\"dateModified\":\"2024-05-23T12:42:10+00:00\",\"mainEntityOfPage\":{\"@id\":\"https:\/\/www.suno.com.br\/noticias\/polishop-pede-recuperacao-judicial-dividas-cpf\/\"},\"wordCount\":566,\"publisher\":{\"@id\":\"https:\/\/www.suno.com.br\/noticias\/#organization\"},\"image\":{\"@id\":\"https:\/\/www.suno.com.br\/noticias\/polishop-pede-recuperacao-judicial-dividas-cpf\/#primaryimage\"},\"thumbnailUrl\":\"https:\/\/files.sunoresearch.com.br\/n\/uploads\/2023\/07\/Polishop-deve-inaugurar-25-novas-lojas-em-2018.jpg\",\"keywords\":[\"Especialistas\",\"recupera\u00e7\u00e3o judicial\",\"varejo\"],\"articleSection\":[\"Neg\u00f3cios\"],\"inLanguage\":\"pt-BR\"},{\"@type\":\"WebPage\",\"@id\":\"https:\/\/www.suno.com.br\/noticias\/polishop-pede-recuperacao-judicial-dividas-cpf\/\",\"url\":\"https:\/\/www.suno.com.br\/noticias\/polishop-pede-recuperacao-judicial-dividas-cpf\/\",\"name\":\"Polishop pede recupera\u00e7\u00e3o judicial com R$ 352 milh\u00f5es em d\u00edvidas\",\"isPartOf\":{\"@id\":\"https:\/\/www.suno.com.br\/noticias\/#website\"},\"primaryImageOfPage\":{\"@id\":\"https:\/\/www.suno.com.br\/noticias\/polishop-pede-recuperacao-judicial-dividas-cpf\/#primaryimage\"},\"image\":{\"@id\":\"https:\/\/www.suno.com.br\/noticias\/polishop-pede-recuperacao-judicial-dividas-cpf\/#primaryimage\"},\"thumbnailUrl\":\"https:\/\/files.sunoresearch.com.br\/n\/uploads\/2023\/07\/Polishop-deve-inaugurar-25-novas-lojas-em-2018.jpg\",\"datePublished\":\"2024-05-17T12:44:22+00:00\",\"dateModified\":\"2024-05-23T12:42:10+00:00\",\"description\":\"A rede de Lojas Polishop deu entrada a um pedido de recupera\u00e7\u00e3o judicial nesta semana. Analista comenta sobre a crise da Polishop.\",\"breadcrumb\":{\"@id\":\"https:\/\/www.suno.com.br\/noticias\/polishop-pede-recuperacao-judicial-dividas-cpf\/#breadcrumb\"},\"inLanguage\":\"pt-BR\",\"potentialAction\":[{\"@type\":\"ReadAction\",\"target\":[\"https:\/\/www.suno.com.br\/noticias\/polishop-pede-recuperacao-judicial-dividas-cpf\/\"]}]},{\"@type\":\"ImageObject\",\"inLanguage\":\"pt-BR\",\"@id\":\"https:\/\/www.suno.com.br\/noticias\/polishop-pede-recuperacao-judicial-dividas-cpf\/#primaryimage\",\"url\":\"https:\/\/files.sunoresearch.com.br\/n\/uploads\/2023\/07\/Polishop-deve-inaugurar-25-novas-lojas-em-2018.jpg\",\"contentUrl\":\"https:\/\/files.sunoresearch.com.br\/n\/uploads\/2023\/07\/Polishop-deve-inaugurar-25-novas-lojas-em-2018.jpg\",\"width\":1200,\"height\":800,\"caption\":\"Polishop. Foto: divulga\u00e7\u00e3o.\"},{\"@type\":\"BreadcrumbList\",\"@id\":\"https:\/\/www.suno.com.br\/noticias\/polishop-pede-recuperacao-judicial-dividas-cpf\/#breadcrumb\",\"itemListElement\":[{\"@type\":\"ListItem\",\"position\":1,\"name\":\"Not\u00edcias\",\"item\":\"https:\/\/www.suno.com.br\/noticias\/\"},{\"@type\":\"ListItem\",\"position\":2,\"name\":\"Neg\u00f3cios\",\"item\":\"https:\/\/www.suno.com.br\/noticias\/negocios\/\"},{\"@type\":\"ListItem\",\"position\":3,\"name\":\"Polishop pede recupera\u00e7\u00e3o judicial com R$ 352 milh\u00f5es em d\u00edvidas\"}]},{\"@type\":\"WebSite\",\"@id\":\"https:\/\/www.suno.com.br\/noticias\/#website\",\"url\":\"https:\/\/www.suno.com.br\/noticias\/\",\"name\":\"Suno Not\u00edcias\",\"description\":\"Seu portal de informa\u00e7\u00e3o sobre o mundo dos investimentos\",\"publisher\":{\"@id\":\"https:\/\/www.suno.com.br\/noticias\/#organization\"},\"potentialAction\":[{\"@type\":\"SearchAction\",\"target\":{\"@type\":\"EntryPoint\",\"urlTemplate\":\"https:\/\/www.suno.com.br\/noticias\/?s={search_term_string}\"},\"query-input\":{\"@type\":\"PropertyValueSpecification\",\"valueRequired\":true,\"valueName\":\"search_term_string\"}}],\"inLanguage\":\"pt-BR\"},{\"@type\":\"Organization\",\"@id\":\"https:\/\/www.suno.com.br\/noticias\/#organization\",\"name\":\"Suno Not\u00edcias\",\"url\":\"https:\/\/www.suno.com.br\/noticias\/\",\"logo\":{\"@type\":\"ImageObject\",\"inLanguage\":\"pt-BR\",\"@id\":\"https:\/\/www.suno.com.br\/noticias\/#\/schema\/logo\/image\/\",\"url\":\"https:\/\/files.sunoresearch.com.br\/n\/uploads\/2021\/09\/suno-logo.png\",\"contentUrl\":\"https:\/\/files.sunoresearch.com.br\/n\/uploads\/2021\/09\/suno-logo.png\",\"width\":180,\"height\":180,\"caption\":\"Suno Not\u00edcias\"},\"image\":{\"@id\":\"https:\/\/www.suno.com.br\/noticias\/#\/schema\/logo\/image\/\"},\"sameAs\":[\"https:\/\/facebook.com\/sunoresearch\",\"https:\/\/x.com\/sunoresearch\",\"https:\/\/www.instagram.com\/suno\",\"https:\/\/www.linkedin.com\/company\/suno-research\/\",\"https:\/\/www.youtube.com\/c\/sunoresearch\"]},{\"@type\":\"Person\",\"@id\":\"https:\/\/www.suno.com.br\/noticias\/#\/schema\/person\/f341d3ae5d1cc685176c9a5327cdfdbb\",\"name\":\"Camila Paim\",\"image\":{\"@type\":\"ImageObject\",\"inLanguage\":\"pt-BR\",\"@id\":\"https:\/\/www.suno.com.br\/noticias\/#\/schema\/person\/image\/\",\"url\":\"https:\/\/secure.gravatar.com\/avatar\/f33728e65febb1aa7ecf6792956f9b20?s=96&r=g\",\"contentUrl\":\"https:\/\/secure.gravatar.com\/avatar\/f33728e65febb1aa7ecf6792956f9b20?s=96&r=g\",\"caption\":\"Camila Paim\"},\"description\":\"Jornalista formada pela USP, tem experi\u00eancia em reda\u00e7\u00f5es, SEO, Branded Content e Webdesign. Com passagem pelo Jornal da USP, Empiricus e C6 Bank, hoje \u00e9 rep\u00f3rter no Suno Not\u00edcias cobrindo macroeconomia, finan\u00e7as pessoais e startups.\",\"url\":\"https:\/\/www.suno.com.br\/noticias\/author\/camila-figueiredosuno-com-br\/\"}]}<\/script>\n<!-- \/ Yoast SEO plugin. -->","yoast_head_json":{"title":"Polishop pede recupera\u00e7\u00e3o judicial com R$ 352 milh\u00f5es em d\u00edvidas","description":"A rede de Lojas Polishop deu entrada a um pedido de recupera\u00e7\u00e3o judicial nesta semana. Analista comenta sobre a crise da Polishop.","robots":{"index":"index","follow":"follow","max-snippet":"max-snippet:-1","max-image-preview":"max-image-preview:large","max-video-preview":"max-video-preview:-1"},"canonical":"https:\/\/www.suno.com.br\/noticias\/polishop-pede-recuperacao-judicial-dividas-cpf\/","og_locale":"pt_BR","og_type":"article","og_title":"Polishop pede recupera\u00e7\u00e3o judicial com R$ 352 milh\u00f5es em d\u00edvidas","og_description":"A rede de Lojas Polishop deu entrada a um pedido de recupera\u00e7\u00e3o judicial nesta semana. Analista comenta sobre a crise da Polishop.","og_url":"https:\/\/www.suno.com.br\/noticias\/polishop-pede-recuperacao-judicial-dividas-cpf\/","og_site_name":"Suno Not\u00edcias","article_publisher":"https:\/\/facebook.com\/sunoresearch","og_image":[{"width":1200,"height":800,"url":"https:\/\/files.sunoresearch.com.br\/n\/uploads\/2023\/07\/Polishop-deve-inaugurar-25-novas-lojas-em-2018.jpg","type":"image\/jpeg"}],"author":"Camila Paim","twitter_card":"summary_large_image","twitter_creator":"@sunoresearch","twitter_site":"@sunoresearch","twitter_misc":{"Escrito por":"Camila Paim","Est. tempo de leitura":"3 minutos"},"schema":{"@context":"https:\/\/schema.org","@graph":[{"@type":"NewsArticle","@id":"https:\/\/www.suno.com.br\/noticias\/polishop-pede-recuperacao-judicial-dividas-cpf\/#article","isPartOf":{"@id":"https:\/\/www.suno.com.br\/noticias\/polishop-pede-recuperacao-judicial-dividas-cpf\/"},"author":{"name":"Camila Paim","@id":"https:\/\/www.suno.com.br\/noticias\/#\/schema\/person\/f341d3ae5d1cc685176c9a5327cdfdbb"},"headline":"Polishop pede recupera\u00e7\u00e3o judicial com R$ 352 milh\u00f5es em d\u00edvidas","datePublished":"2024-05-17T12:44:22+00:00","dateModified":"2024-05-23T12:42:10+00:00","mainEntityOfPage":{"@id":"https:\/\/www.suno.com.br\/noticias\/polishop-pede-recuperacao-judicial-dividas-cpf\/"},"wordCount":566,"publisher":{"@id":"https:\/\/www.suno.com.br\/noticias\/#organization"},"image":{"@id":"https:\/\/www.suno.com.br\/noticias\/polishop-pede-recuperacao-judicial-dividas-cpf\/#primaryimage"},"thumbnailUrl":"https:\/\/files.sunoresearch.com.br\/n\/uploads\/2023\/07\/Polishop-deve-inaugurar-25-novas-lojas-em-2018.jpg","keywords":["Especialistas","recupera\u00e7\u00e3o judicial","varejo"],"articleSection":["Neg\u00f3cios"],"inLanguage":"pt-BR"},{"@type":"WebPage","@id":"https:\/\/www.suno.com.br\/noticias\/polishop-pede-recuperacao-judicial-dividas-cpf\/","url":"https:\/\/www.suno.com.br\/noticias\/polishop-pede-recuperacao-judicial-dividas-cpf\/","name":"Polishop pede recupera\u00e7\u00e3o judicial com R$ 352 milh\u00f5es em d\u00edvidas","isPartOf":{"@id":"https:\/\/www.suno.com.br\/noticias\/#website"},"primaryImageOfPage":{"@id":"https:\/\/www.suno.com.br\/noticias\/polishop-pede-recuperacao-judicial-dividas-cpf\/#primaryimage"},"image":{"@id":"https:\/\/www.suno.com.br\/noticias\/polishop-pede-recuperacao-judicial-dividas-cpf\/#primaryimage"},"thumbnailUrl":"https:\/\/files.sunoresearch.com.br\/n\/uploads\/2023\/07\/Polishop-deve-inaugurar-25-novas-lojas-em-2018.jpg","datePublished":"2024-05-17T12:44:22+00:00","dateModified":"2024-05-23T12:42:10+00:00","description":"A rede de Lojas Polishop deu entrada a um pedido de recupera\u00e7\u00e3o judicial nesta semana. Analista comenta sobre a crise da Polishop.","breadcrumb":{"@id":"https:\/\/www.suno.com.br\/noticias\/polishop-pede-recuperacao-judicial-dividas-cpf\/#breadcrumb"},"inLanguage":"pt-BR","potentialAction":[{"@type":"ReadAction","target":["https:\/\/www.suno.com.br\/noticias\/polishop-pede-recuperacao-judicial-dividas-cpf\/"]}]},{"@type":"ImageObject","inLanguage":"pt-BR","@id":"https:\/\/www.suno.com.br\/noticias\/polishop-pede-recuperacao-judicial-dividas-cpf\/#primaryimage","url":"https:\/\/files.sunoresearch.com.br\/n\/uploads\/2023\/07\/Polishop-deve-inaugurar-25-novas-lojas-em-2018.jpg","contentUrl":"https:\/\/files.sunoresearch.com.br\/n\/uploads\/2023\/07\/Polishop-deve-inaugurar-25-novas-lojas-em-2018.jpg","width":1200,"height":800,"caption":"Polishop. Foto: divulga\u00e7\u00e3o."},{"@type":"BreadcrumbList","@id":"https:\/\/www.suno.com.br\/noticias\/polishop-pede-recuperacao-judicial-dividas-cpf\/#breadcrumb","itemListElement":[{"@type":"ListItem","position":1,"name":"Not\u00edcias","item":"https:\/\/www.suno.com.br\/noticias\/"},{"@type":"ListItem","position":2,"name":"Neg\u00f3cios","item":"https:\/\/www.suno.com.br\/noticias\/negocios\/"},{"@type":"ListItem","position":3,"name":"Polishop pede recupera\u00e7\u00e3o judicial com R$ 352 milh\u00f5es em d\u00edvidas"}]},{"@type":"WebSite","@id":"https:\/\/www.suno.com.br\/noticias\/#website","url":"https:\/\/www.suno.com.br\/noticias\/","name":"Suno Not\u00edcias","description":"Seu portal de informa\u00e7\u00e3o sobre o mundo dos investimentos","publisher":{"@id":"https:\/\/www.suno.com.br\/noticias\/#organization"},"potentialAction":[{"@type":"SearchAction","target":{"@type":"EntryPoint","urlTemplate":"https:\/\/www.suno.com.br\/noticias\/?s={search_term_string}"},"query-input":{"@type":"PropertyValueSpecification","valueRequired":true,"valueName":"search_term_string"}}],"inLanguage":"pt-BR"},{"@type":"Organization","@id":"https:\/\/www.suno.com.br\/noticias\/#organization","name":"Suno Not\u00edcias","url":"https:\/\/www.suno.com.br\/noticias\/","logo":{"@type":"ImageObject","inLanguage":"pt-BR","@id":"https:\/\/www.suno.com.br\/noticias\/#\/schema\/logo\/image\/","url":"https:\/\/files.sunoresearch.com.br\/n\/uploads\/2021\/09\/suno-logo.png","contentUrl":"https:\/\/files.sunoresearch.com.br\/n\/uploads\/2021\/09\/suno-logo.png","width":180,"height":180,"caption":"Suno Not\u00edcias"},"image":{"@id":"https:\/\/www.suno.com.br\/noticias\/#\/schema\/logo\/image\/"},"sameAs":["https:\/\/facebook.com\/sunoresearch","https:\/\/x.com\/sunoresearch","https:\/\/www.instagram.com\/suno","https:\/\/www.linkedin.com\/company\/suno-research\/","https:\/\/www.youtube.com\/c\/sunoresearch"]},{"@type":"Person","@id":"https:\/\/www.suno.com.br\/noticias\/#\/schema\/person\/f341d3ae5d1cc685176c9a5327cdfdbb","name":"Camila Paim","image":{"@type":"ImageObject","inLanguage":"pt-BR","@id":"https:\/\/www.suno.com.br\/noticias\/#\/schema\/person\/image\/","url":"https:\/\/secure.gravatar.com\/avatar\/f33728e65febb1aa7ecf6792956f9b20?s=96&r=g","contentUrl":"https:\/\/secure.gravatar.com\/avatar\/f33728e65febb1aa7ecf6792956f9b20?s=96&r=g","caption":"Camila Paim"},"description":"Jornalista formada pela USP, tem experi\u00eancia em reda\u00e7\u00f5es, SEO, Branded Content e Webdesign. Com passagem pelo Jornal da USP, Empiricus e C6 Bank, hoje \u00e9 rep\u00f3rter no Suno Not\u00edcias cobrindo macroeconomia, finan\u00e7as pessoais e startups.","url":"https:\/\/www.suno.com.br\/noticias\/author\/camila-figueiredosuno-com-br\/"}]}},"default_loop_html":"<div class=\"cardsPage__listCard__boxs\"><div class=\"cardsPage__listCard__boxs__img\"><a href=\"https:\/\/www.suno.com.br\/noticias\/polishop-pede-recuperacao-judicial-dividas-cpf\/\"><img class=\"mask\" src=\"https:\/\/www.suno.com.br\/noticias\/wp-content\/themes\/suno\/resources\/images\/spotlight\/spotlight1img\/bg-mask.png\" alt=\"Image Mask\"\/><img src=\"https:\/\/files.sunoresearch.com.br\/n\/uploads\/2023\/07\/Polishop-deve-inaugurar-25-novas-lojas-em-2018-400x200.jpg\" alt=\"Polishop pede recupera\u00e7\u00e3o judicial com R$ 352 milh\u00f5es em d\u00edvidas\"\/><\/a><span class=\"spotlightCategory\"><a href=\"https:\/\/www.suno.com.br\/noticias\/negocios\/\">Neg\u00f3cios<\/a><\/span><\/div><div class=\"cardsPage__listCard__boxs__content\"><a href=\"https:\/\/www.suno.com.br\/noticias\/polishop-pede-recuperacao-judicial-dividas-cpf\/\"><h2 class=\"content__title\">Polishop pede recupera\u00e7\u00e3o judicial com R$ 352 milh\u00f5es em d\u00edvidas<\/h2><\/a><div class=\"newsContent__article__meta\"><div class=\"newsContent__article__meta__authorBox\"><a href=\"https:\/\/www.suno.com.br\/noticias\/author\/camila-figueiredosuno-com-br\/\" class=\"authorBox__avatar noMobi\"><img src=\"https:\/\/files.sunoresearch.com.br\/n\/uploads\/2024\/05\/camila-paim-square-150x150.jpg\" alt=\"Camila Paim\"><\/a><div class=\"authorBox__name\"><span>por\n\t\t\t<a href=\"https:\/\/www.suno.com.br\/noticias\/author\/camila-figueiredosuno-com-br\/\"><span itemprop=\"author\">Camila Paim<\/span><\/a><\/span><time datetime=\"2024-05-17T09:44:22-03:00\" itemprop=\"datePublished\">17\/05\/2024 09:44<\/time><\/div><\/div><\/div><\/div><\/div>","single_layout":"posts","amp_enabled":true,"_links":{"self":[{"href":"https:\/\/www.suno.com.br\/noticias\/wp-json\/wp\/v2\/posts\/555067"}],"collection":[{"href":"https:\/\/www.suno.com.br\/noticias\/wp-json\/wp\/v2\/posts"}],"about":[{"href":"https:\/\/www.suno.com.br\/noticias\/wp-json\/wp\/v2\/types\/post"}],"author":[{"embeddable":true,"href":"https:\/\/www.suno.com.br\/noticias\/wp-json\/wp\/v2\/users\/283"}],"replies":[{"embeddable":true,"href":"https:\/\/www.suno.com.br\/noticias\/wp-json\/wp\/v2\/comments?post=555067"}],"version-history":[{"count":2,"href":"https:\/\/www.suno.com.br\/noticias\/wp-json\/wp\/v2\/posts\/555067\/revisions"}],"predecessor-version":[{"id":555297,"href":"https:\/\/www.suno.com.br\/noticias\/wp-json\/wp\/v2\/posts\/555067\/revisions\/555297"}],"wp:featuredmedia":[{"embeddable":true,"href":"https:\/\/www.suno.com.br\/noticias\/wp-json\/wp\/v2\/media\/434037"}],"wp:attachment":[{"href":"https:\/\/www.suno.com.br\/noticias\/wp-json\/wp\/v2\/media?parent=555067"}],"wp:term":[{"taxonomy":"category","embeddable":true,"href":"https:\/\/www.suno.com.br\/noticias\/wp-json\/wp\/v2\/categories?post=555067"},{"taxonomy":"post_tag","embeddable":true,"href":"https:\/\/www.suno.com.br\/noticias\/wp-json\/wp\/v2\/tags?post=555067"},{"taxonomy":"suno_strategy","embeddable":true,"href":"https:\/\/www.suno.com.br\/noticias\/wp-json\/wp\/v2\/suno_strategy?post=555067"}],"curies":[{"name":"wp","href":"https:\/\/api.w.org\/{rel}","templated":true}]}}