{"id":554863,"date":"2024-05-16T12:49:28","date_gmt":"2024-05-16T15:49:28","guid":{"rendered":"https:\/\/www.suno.com.br\/noticias\/?p=554863"},"modified":"2024-05-23T11:31:22","modified_gmt":"2024-05-23T14:31:22","slug":"weg-wege3-pode-crescer-siemens-mercado-btg-cpf","status":"publish","type":"post","link":"https:\/\/www.suno.com.br\/noticias\/weg-wege3-pode-crescer-siemens-mercado-btg-cpf\/","title":{"rendered":"Weg (WEGE3) pode crescer com retirada da Siemens no mercado de motores, diz BTG"},"content":{"rendered":"<p>A venda da Innomotics, parte da Siemens do segmento de acionamentos e motores de m\u00e9dia tens\u00e3o, pode ser uma oportunidade de expans\u00e3o para a <strong>Weg<\/strong> (<a href=\"https:\/\/www.suno.com.br\/acoes\/WEGE3\/\" target=\"_blank\" rel=\"noreferrer noopener\">WEGE3<\/a>), avaliam analistas do BTG Pactual. <\/p>\t<div class=\"wrapper-featured-image\">\n\t\t<figure class=\"spotlightImg\">\n\n\t\t\t<picture>\n\t\t\t\t<source media=\"(max-width: 768px)\" srcset=\"https:\/\/files.sunoresearch.com.br\/n\/uploads\/2023\/07\/we-wege3-400x200.jpg\">\n\t\t\t\t<img loading=\"lazy\" decoding=\"async\" class=\"newsContent__article__imgCapa lazyloadDisabled \" src=\"https:\/\/files.sunoresearch.com.br\/n\/uploads\/2023\/07\/we-wege3-800x450.jpg\" width=\"800\" height=\"450\" alt=\"Weg (WEGE3) pode crescer com retirada da Siemens no mercado de motores, diz BTG\" fetchpriority=high \/>\n\t\t\t<\/picture>\n\n\t\t\t<figcaption class=\"wp-caption-text wp-caption-text--show\">Weg (WEGE3). Foto: Reprodu\u00e7\u00e3o.<\/figcaption>\n\t\t<\/figure>\n\t<\/div>\n\n\n\n\n\n\t<p>\n\t\t<a href=\"\" target=\"_blank\" data-element=\"shortcode-suno-banner\" title=\"Banner SUNO, clique e saiba mais\">\n\t\t\t<picture>\n\t\t\t\t<source media=\"(max-width: 500px)\" srcset=\"\">\n\t\t\t\t<img class=\"newsContent__article__imgCapa newsContent__article__imgCapa--banner\"\n\t\t\t\t\tsrc=\"\"\n\t\t\t\t\tdata-promo-id=\"250708\"\t\t\t\t\t\t\t\t\t\t\t\t\t\t\talt=\"\"\n\t\t\t\t>\n\t\t\t<\/picture>\n\t\t<\/a>\n\t<\/p>\n\n\n\n\n\n<p>Nesta semana, a Reuters publicou a not\u00edcia da venda da <strong>Siemens <\/strong>da divis\u00e3o para a <strong>KPS Capital Partners<\/strong> por 3 bilh\u00f5es de euros. O acordo dever\u00e1 ser anunciado at\u00e9 esta quinta-feira (16), coincidindo com a divulga\u00e7\u00e3o dos resultados financeiros da Siemens.<\/p>\n\n\n\n<p>Enquanto aumenta sua presen\u00e7a em segmentos de alta tecnologia, a Siemens vem dando sinais desde 2022 sobre reduzir sua exposi\u00e7\u00e3o no segmento de baixa tens\u00e3o e acionamentos, segundo o BTG Pactual.<\/p>\n\n\n\n<p>&#8220;Para a <strong>WEGE3<\/strong>, a redu\u00e7\u00e3o da presen\u00e7a da Siemens representa uma oportunidade para expandir sua participa\u00e7\u00e3o de mercado&#8221;, comentam analistas do banco.<\/p>\n\n\n\n<p>Em resposta, a Siemens contrap\u00f5e que a venda da Innomotics n\u00e3o representa a sa\u00edda da companhia do segmento de acionamentos e motores. &#8220;A empresa segue operando solu\u00e7\u00f5es de acionamento e motores para baixa tens\u00e3o, segmento no qual vem ganhando cada vez mais espa\u00e7o e relev\u00e2ncia no mercado,&#8221; afirmou a assessoria ao Suno Not\u00edcias.<\/p>\n\n\n\n<p>Segundo a companhia, &#8220;a Siemens segue inovando em seu portf\u00f3lio de drives para atender as necessidades de todas as aplica\u00e7\u00f5es da ind\u00fastria&#8221;.<\/p>\n\n\n\n<p>A avalia\u00e7\u00e3o da WEGE3 no BTG, portanto, permanece neutra por enquanto, com pre\u00e7o-alvo a R$ 50,00. Atualmente as a\u00e7\u00f5es s\u00e3o negociadas na casa dos R$ 39,00. <\/p>\n\n\n\n<p><em>*Nota: o coment\u00e1rio da Siemens foi adicionado em 23 de maio, dois dias ap\u00f3s a publica\u00e7\u00e3o original da mat\u00e9ria (21\/05), que se baseou exclusivamente no relat\u00f3rio do BTG Pactual. <\/em><\/p>\n\n\n\n\t<div data-element=\"shortcode-read-more\" class=\"readToo\">\n\t\t\t\t<span class=\"readToo__title\">Leia mais<\/span>\n\t\t\t\t<ul class=\"readToo__list\">\n\t\t\t<li><a href=\"https:\/\/www.suno.com.br\/noticias\/ibovespa-tarde-arrefece-alta-petrobras-petr4-negativo-gss\/\">Ibovespa arrefece alta, com Petrobras (PETR4) passando ao negativo; CVC (CVCB3) tomba, Vale (VALE3) e Minerva (BEEF3) sobem e d\u00f3lar cai<\/a><\/li><li><a href=\"https:\/\/www.suno.com.br\/noticias\/petrobras-petr4-magda-chambriard-conselho-evm\/\">Petrobras (PETR4): Nome de Magda Chambriard ser\u00e1 submetido ao Conselho, em processo que pode levar 15 dias<\/a><\/li><li><a href=\"https:\/\/www.suno.com.br\/noticias\/auren-aure3-aes-brasil-aesb3-analistas-acoes-cpf\/\">Auren (AURE3) incorpora AES Brasil (AESB3): Analistas explicam o que deve acontecer com as a\u00e7\u00f5es<\/a><\/li>\t\t<\/ul>\n\t<\/div>\n\n\n\n\t<p>\n\t\t<a href=\"https:\/\/lp.suno.com.br\/ebook-como-analisar-uma-acao\/\" target=\"_blank\" data-element=\"shortcode-suno-banner\" title=\"Banner SUNO, clique e saiba mais\">\n\t\t\t<picture>\n\t\t\t\t<source media=\"(max-width: 500px)\" srcset=\"https:\/\/files.sunoresearch.com.br\/n\/uploads\/2023\/03\/Ebook-Acoes-Mobile.jpg\">\n\t\t\t\t<img class=\"newsContent__article__imgCapa newsContent__article__imgCapa--banner\"\n\t\t\t\t\tsrc=\"https:\/\/files.sunoresearch.com.br\/n\/uploads\/2023\/03\/Ebook-Acoes-Desktop.jpg\"\n\t\t\t\t\tdata-promo-id=\"378302\"\t\t\t\t\t\t\t\t\t\twidth='1420' height='286'\t\t\t\t\talt=\"https:\/\/files.sunoresearch.com.br\/n\/uploads\/2023\/03\/Ebook-Acoes-Desktop.jpg\"\n\t\t\t\t>\n\t\t\t<\/picture>\n\t\t<\/a>\n\t<\/p>\n\n\n\n\n\n<h2 class=\"wp-block-heading\">Quem ganha com a sa\u00edda da Siemens nos acionamentos de m\u00e9dia tens\u00e3o?<\/h2>\n\n\n\n<p>Desde o an\u00fancio da separa\u00e7\u00e3o da Innomotics, conclu\u00edda em novembro de 2023, os investidores t\u00eam especulado sobre potenciais compradores, como os grandes players de motores ABB, Weg, Nidec e Wolong.<\/p>\n\n\n\n<p>&#8220;A ABB seria uma op\u00e7\u00e3o adequada de alta qualidade, embora o acordo possa enfrentar escrut\u00ednio antitruste em v\u00e1rias regi\u00f5es&#8221;, escrevem Lucas Marquiori, Fernanda Recchia e Marcelo Arazi, analistas do BTG. <\/p>\n\n\n\n<p>Para a Weg, a Innomotics proporcionaria exposi\u00e7\u00e3o aos mercados da EMEA e APAC, onde a posi\u00e7\u00e3o da empresa \u00e9 relativamente mais fraca. <\/p>\n\n\n\n<p>No entanto, a recente negocia\u00e7\u00e3o da Weg com a Regal representa desafios de execu\u00e7\u00e3o ao gerenciar duas grandes aquisi\u00e7\u00f5es simultaneamente. <\/p>\n\n\n\n<p>&#8220;Vemos a estrat\u00e9gia de fabrica\u00e7\u00e3o da Weg como fundamentalmente diferente da estrat\u00e9gia da Siemens, com a empresa brasileira buscando ativamente oportunidades de verticaliza\u00e7\u00e3o. Essa estrat\u00e9gia permitiu \u00e0 Weg ganhar participa\u00e7\u00e3o de mercado quando os concorrentes enfrentaram problemas na cadeia de suprimentos durante a pandemia&#8221;, afirma relat\u00f3rio do BTG. <\/p>\n\n\n\n<p>Por isso, os analistas consideram que esse ganho de participa\u00e7\u00e3o de mercado \u00e9 estrutural, com a oportunidade da Weg preencher o espa\u00e7o deixado por players como a Siemens. <\/p>\n\n\n\n<p>&#8220;Entre os principais concorrentes da <strong>Weg<\/strong>, vemos a empresa chinesa Wolong como o principal, pois ela espelha os pontos fortes da empresa brasileira na verticaliza\u00e7\u00e3o de fabrica\u00e7\u00e3o pesada e na competitividade de produtos&#8221;, completam os analistas.<\/p>\n\n\n\n\n\t<p>\n\t\t<a href=\"https:\/\/lp.suno.com.br\/plataforma-de-controle-de-investimentos\/\" target=\"_blank\" data-element=\"shortcode-suno-banner\" title=\"Banner SUNO, clique e saiba mais\">\n\t\t\t<picture>\n\t\t\t\t<source media=\"(max-width: 500px)\" srcset=\"https:\/\/files.sunoresearch.com.br\/n\/uploads\/2023\/03\/400x300-Controle-de-Investimentos.png\">\n\t\t\t\t<img class=\"newsContent__article__imgCapa newsContent__article__imgCapa--banner\"\n\t\t\t\t\tsrc=\"https:\/\/files.sunoresearch.com.br\/n\/uploads\/2023\/03\/1420x240-Controle-de-Investimentos.png\"\n\t\t\t\t\tdata-promo-id=\"383162\"\t\t\t\t\t\t\t\t\t\twidth='1420' height='240'\t\t\t\t\talt=\"https:\/\/files.sunoresearch.com.br\/n\/uploads\/2023\/03\/1420x240-Controle-de-Investimentos.png\"\n\t\t\t\t>\n\t\t\t<\/picture>\n\t\t<\/a>\n\t<\/p>\n\n\n","protected":false},"excerpt":{"rendered":"<p>A venda da Innomotics, parte da Siemens do segmento de acionamentos e motores de m\u00e9dia tens\u00e3o, pode ser uma oportunidade de expans\u00e3o para a Weg (WEGE3), avaliam analistas do BTG Pactual. Weg (WEGE3). Foto: Reprodu\u00e7\u00e3o. Nesta semana, a Reuters publicou a not\u00edcia da venda da Siemens da divis\u00e3o para a KPS Capital Partners por 3 [&hellip;]<\/p>\n","protected":false},"author":283,"featured_media":435026,"comment_status":"closed","ping_status":"closed","sticky":false,"template":"","format":"standard","meta":[],"categories":[64],"tags":[399,105816,681],"suno_strategy":[],"class_list":["post-554863","post","type-post","status-publish","format-standard","has-post-thumbnail","hentry","category-negocios","tag-btg-pactual-bpac11-bpac3-bpac5","tag-especialistas","tag-weg-wege3"],"yoast_head":"<!-- This site is optimized with the Yoast SEO plugin v24.4 - https:\/\/yoast.com\/wordpress\/plugins\/seo\/ -->\n<title>Weg (WEGE3) pode crescer com redu\u00e7\u00e3o da Siemens no mercado<\/title>\n<meta name=\"description\" content=\"A redu\u00e7\u00e3o da Siemens do segmento de acionamentos e motores (Innomotics) pode ser uma oportunidade de expans\u00e3o para a Weg (WEGE3). Leia mais.\" \/>\n<meta name=\"robots\" content=\"index, follow, max-snippet:-1, max-image-preview:large, max-video-preview:-1\" \/>\n<link rel=\"canonical\" href=\"https:\/\/www.suno.com.br\/noticias\/weg-wege3-pode-crescer-siemens-mercado-btg-cpf\/\" \/>\n<meta property=\"og:locale\" content=\"pt_BR\" \/>\n<meta property=\"og:type\" content=\"article\" \/>\n<meta property=\"og:title\" content=\"Weg (WEGE3) pode crescer com redu\u00e7\u00e3o da Siemens no mercado\" \/>\n<meta property=\"og:description\" content=\"A redu\u00e7\u00e3o da Siemens do segmento de acionamentos e motores (Innomotics) pode ser uma oportunidade de expans\u00e3o para a Weg (WEGE3). Leia mais.\" \/>\n<meta property=\"og:url\" content=\"https:\/\/www.suno.com.br\/noticias\/weg-wege3-pode-crescer-siemens-mercado-btg-cpf\/\" \/>\n<meta property=\"og:site_name\" content=\"Suno Not\u00edcias\" \/>\n<meta property=\"article:publisher\" content=\"https:\/\/facebook.com\/sunoresearch\" \/>\n<meta property=\"og:image\" content=\"https:\/\/files.sunoresearch.com.br\/n\/uploads\/2023\/07\/we-wege3.jpg\" \/>\n\t<meta property=\"og:image:width\" content=\"1200\" \/>\n\t<meta property=\"og:image:height\" content=\"675\" \/>\n\t<meta property=\"og:image:type\" content=\"image\/jpeg\" \/>\n<meta name=\"author\" content=\"Camila Paim\" \/>\n<meta name=\"twitter:card\" content=\"summary_large_image\" \/>\n<meta name=\"twitter:creator\" content=\"@sunoresearch\" \/>\n<meta name=\"twitter:site\" content=\"@sunoresearch\" \/>\n<meta name=\"twitter:label1\" content=\"Escrito por\" \/>\n\t<meta name=\"twitter:data1\" content=\"Camila Paim\" \/>\n\t<meta name=\"twitter:label2\" content=\"Est. tempo de leitura\" \/>\n\t<meta name=\"twitter:data2\" content=\"3 minutos\" \/>\n<script type=\"application\/ld+json\" class=\"yoast-schema-graph\">{\"@context\":\"https:\/\/schema.org\",\"@graph\":[{\"@type\":\"NewsArticle\",\"@id\":\"https:\/\/www.suno.com.br\/noticias\/weg-wege3-pode-crescer-siemens-mercado-btg-cpf\/#article\",\"isPartOf\":{\"@id\":\"https:\/\/www.suno.com.br\/noticias\/weg-wege3-pode-crescer-siemens-mercado-btg-cpf\/\"},\"author\":{\"name\":\"Camila Paim\",\"@id\":\"https:\/\/www.suno.com.br\/noticias\/#\/schema\/person\/f341d3ae5d1cc685176c9a5327cdfdbb\"},\"headline\":\"Weg (WEGE3) pode crescer com retirada da Siemens no mercado de motores, diz BTG\",\"datePublished\":\"2024-05-16T15:49:28+00:00\",\"dateModified\":\"2024-05-23T14:31:22+00:00\",\"mainEntityOfPage\":{\"@id\":\"https:\/\/www.suno.com.br\/noticias\/weg-wege3-pode-crescer-siemens-mercado-btg-cpf\/\"},\"wordCount\":553,\"publisher\":{\"@id\":\"https:\/\/www.suno.com.br\/noticias\/#organization\"},\"image\":{\"@id\":\"https:\/\/www.suno.com.br\/noticias\/weg-wege3-pode-crescer-siemens-mercado-btg-cpf\/#primaryimage\"},\"thumbnailUrl\":\"https:\/\/files.sunoresearch.com.br\/n\/uploads\/2023\/07\/we-wege3.jpg\",\"keywords\":[\"BTG Pactual (BPAC11\/BPAC3\/BPAC5)\",\"Especialistas\",\"Weg (WEGE3)\"],\"articleSection\":[\"Neg\u00f3cios\"],\"inLanguage\":\"pt-BR\"},{\"@type\":\"WebPage\",\"@id\":\"https:\/\/www.suno.com.br\/noticias\/weg-wege3-pode-crescer-siemens-mercado-btg-cpf\/\",\"url\":\"https:\/\/www.suno.com.br\/noticias\/weg-wege3-pode-crescer-siemens-mercado-btg-cpf\/\",\"name\":\"Weg (WEGE3) pode crescer com redu\u00e7\u00e3o da Siemens no mercado\",\"isPartOf\":{\"@id\":\"https:\/\/www.suno.com.br\/noticias\/#website\"},\"primaryImageOfPage\":{\"@id\":\"https:\/\/www.suno.com.br\/noticias\/weg-wege3-pode-crescer-siemens-mercado-btg-cpf\/#primaryimage\"},\"image\":{\"@id\":\"https:\/\/www.suno.com.br\/noticias\/weg-wege3-pode-crescer-siemens-mercado-btg-cpf\/#primaryimage\"},\"thumbnailUrl\":\"https:\/\/files.sunoresearch.com.br\/n\/uploads\/2023\/07\/we-wege3.jpg\",\"datePublished\":\"2024-05-16T15:49:28+00:00\",\"dateModified\":\"2024-05-23T14:31:22+00:00\",\"description\":\"A redu\u00e7\u00e3o da Siemens do segmento de acionamentos e motores (Innomotics) pode ser uma oportunidade de expans\u00e3o para a Weg (WEGE3). Leia mais.\",\"breadcrumb\":{\"@id\":\"https:\/\/www.suno.com.br\/noticias\/weg-wege3-pode-crescer-siemens-mercado-btg-cpf\/#breadcrumb\"},\"inLanguage\":\"pt-BR\",\"potentialAction\":[{\"@type\":\"ReadAction\",\"target\":[\"https:\/\/www.suno.com.br\/noticias\/weg-wege3-pode-crescer-siemens-mercado-btg-cpf\/\"]}]},{\"@type\":\"ImageObject\",\"inLanguage\":\"pt-BR\",\"@id\":\"https:\/\/www.suno.com.br\/noticias\/weg-wege3-pode-crescer-siemens-mercado-btg-cpf\/#primaryimage\",\"url\":\"https:\/\/files.sunoresearch.com.br\/n\/uploads\/2023\/07\/we-wege3.jpg\",\"contentUrl\":\"https:\/\/files.sunoresearch.com.br\/n\/uploads\/2023\/07\/we-wege3.jpg\",\"width\":1200,\"height\":675,\"caption\":\"Weg (WEGE3). Foto: Reprodu\u00e7\u00e3o.\"},{\"@type\":\"BreadcrumbList\",\"@id\":\"https:\/\/www.suno.com.br\/noticias\/weg-wege3-pode-crescer-siemens-mercado-btg-cpf\/#breadcrumb\",\"itemListElement\":[{\"@type\":\"ListItem\",\"position\":1,\"name\":\"Not\u00edcias\",\"item\":\"https:\/\/www.suno.com.br\/noticias\/\"},{\"@type\":\"ListItem\",\"position\":2,\"name\":\"Neg\u00f3cios\",\"item\":\"https:\/\/www.suno.com.br\/noticias\/negocios\/\"},{\"@type\":\"ListItem\",\"position\":3,\"name\":\"Weg (WEGE3) pode crescer com retirada da Siemens no mercado de motores, diz BTG\"}]},{\"@type\":\"WebSite\",\"@id\":\"https:\/\/www.suno.com.br\/noticias\/#website\",\"url\":\"https:\/\/www.suno.com.br\/noticias\/\",\"name\":\"Suno Not\u00edcias\",\"description\":\"Seu portal de informa\u00e7\u00e3o sobre o mundo dos investimentos\",\"publisher\":{\"@id\":\"https:\/\/www.suno.com.br\/noticias\/#organization\"},\"potentialAction\":[{\"@type\":\"SearchAction\",\"target\":{\"@type\":\"EntryPoint\",\"urlTemplate\":\"https:\/\/www.suno.com.br\/noticias\/?s={search_term_string}\"},\"query-input\":{\"@type\":\"PropertyValueSpecification\",\"valueRequired\":true,\"valueName\":\"search_term_string\"}}],\"inLanguage\":\"pt-BR\"},{\"@type\":\"Organization\",\"@id\":\"https:\/\/www.suno.com.br\/noticias\/#organization\",\"name\":\"Suno Not\u00edcias\",\"url\":\"https:\/\/www.suno.com.br\/noticias\/\",\"logo\":{\"@type\":\"ImageObject\",\"inLanguage\":\"pt-BR\",\"@id\":\"https:\/\/www.suno.com.br\/noticias\/#\/schema\/logo\/image\/\",\"url\":\"https:\/\/files.sunoresearch.com.br\/n\/uploads\/2021\/09\/suno-logo.png\",\"contentUrl\":\"https:\/\/files.sunoresearch.com.br\/n\/uploads\/2021\/09\/suno-logo.png\",\"width\":180,\"height\":180,\"caption\":\"Suno Not\u00edcias\"},\"image\":{\"@id\":\"https:\/\/www.suno.com.br\/noticias\/#\/schema\/logo\/image\/\"},\"sameAs\":[\"https:\/\/facebook.com\/sunoresearch\",\"https:\/\/x.com\/sunoresearch\",\"https:\/\/www.instagram.com\/suno\",\"https:\/\/www.linkedin.com\/company\/suno-research\/\",\"https:\/\/www.youtube.com\/c\/sunoresearch\"]},{\"@type\":\"Person\",\"@id\":\"https:\/\/www.suno.com.br\/noticias\/#\/schema\/person\/f341d3ae5d1cc685176c9a5327cdfdbb\",\"name\":\"Camila Paim\",\"image\":{\"@type\":\"ImageObject\",\"inLanguage\":\"pt-BR\",\"@id\":\"https:\/\/www.suno.com.br\/noticias\/#\/schema\/person\/image\/\",\"url\":\"https:\/\/secure.gravatar.com\/avatar\/f33728e65febb1aa7ecf6792956f9b20?s=96&r=g\",\"contentUrl\":\"https:\/\/secure.gravatar.com\/avatar\/f33728e65febb1aa7ecf6792956f9b20?s=96&r=g\",\"caption\":\"Camila Paim\"},\"description\":\"Jornalista formada pela USP, tem experi\u00eancia em reda\u00e7\u00f5es, SEO, Branded Content e Webdesign. Com passagem pelo Jornal da USP, Empiricus e C6 Bank, hoje \u00e9 rep\u00f3rter no Suno Not\u00edcias cobrindo macroeconomia, finan\u00e7as pessoais e startups.\",\"url\":\"https:\/\/www.suno.com.br\/noticias\/author\/camila-figueiredosuno-com-br\/\"}]}<\/script>\n<!-- \/ Yoast SEO plugin. -->","yoast_head_json":{"title":"Weg (WEGE3) pode crescer com redu\u00e7\u00e3o da Siemens no mercado","description":"A redu\u00e7\u00e3o da Siemens do segmento de acionamentos e motores (Innomotics) pode ser uma oportunidade de expans\u00e3o para a Weg (WEGE3). Leia mais.","robots":{"index":"index","follow":"follow","max-snippet":"max-snippet:-1","max-image-preview":"max-image-preview:large","max-video-preview":"max-video-preview:-1"},"canonical":"https:\/\/www.suno.com.br\/noticias\/weg-wege3-pode-crescer-siemens-mercado-btg-cpf\/","og_locale":"pt_BR","og_type":"article","og_title":"Weg (WEGE3) pode crescer com redu\u00e7\u00e3o da Siemens no mercado","og_description":"A redu\u00e7\u00e3o da Siemens do segmento de acionamentos e motores (Innomotics) pode ser uma oportunidade de expans\u00e3o para a Weg (WEGE3). Leia mais.","og_url":"https:\/\/www.suno.com.br\/noticias\/weg-wege3-pode-crescer-siemens-mercado-btg-cpf\/","og_site_name":"Suno Not\u00edcias","article_publisher":"https:\/\/facebook.com\/sunoresearch","og_image":[{"width":1200,"height":675,"url":"https:\/\/files.sunoresearch.com.br\/n\/uploads\/2023\/07\/we-wege3.jpg","type":"image\/jpeg"}],"author":"Camila Paim","twitter_card":"summary_large_image","twitter_creator":"@sunoresearch","twitter_site":"@sunoresearch","twitter_misc":{"Escrito por":"Camila Paim","Est. tempo de leitura":"3 minutos"},"schema":{"@context":"https:\/\/schema.org","@graph":[{"@type":"NewsArticle","@id":"https:\/\/www.suno.com.br\/noticias\/weg-wege3-pode-crescer-siemens-mercado-btg-cpf\/#article","isPartOf":{"@id":"https:\/\/www.suno.com.br\/noticias\/weg-wege3-pode-crescer-siemens-mercado-btg-cpf\/"},"author":{"name":"Camila Paim","@id":"https:\/\/www.suno.com.br\/noticias\/#\/schema\/person\/f341d3ae5d1cc685176c9a5327cdfdbb"},"headline":"Weg (WEGE3) pode crescer com retirada da Siemens no mercado de motores, diz BTG","datePublished":"2024-05-16T15:49:28+00:00","dateModified":"2024-05-23T14:31:22+00:00","mainEntityOfPage":{"@id":"https:\/\/www.suno.com.br\/noticias\/weg-wege3-pode-crescer-siemens-mercado-btg-cpf\/"},"wordCount":553,"publisher":{"@id":"https:\/\/www.suno.com.br\/noticias\/#organization"},"image":{"@id":"https:\/\/www.suno.com.br\/noticias\/weg-wege3-pode-crescer-siemens-mercado-btg-cpf\/#primaryimage"},"thumbnailUrl":"https:\/\/files.sunoresearch.com.br\/n\/uploads\/2023\/07\/we-wege3.jpg","keywords":["BTG Pactual (BPAC11\/BPAC3\/BPAC5)","Especialistas","Weg (WEGE3)"],"articleSection":["Neg\u00f3cios"],"inLanguage":"pt-BR"},{"@type":"WebPage","@id":"https:\/\/www.suno.com.br\/noticias\/weg-wege3-pode-crescer-siemens-mercado-btg-cpf\/","url":"https:\/\/www.suno.com.br\/noticias\/weg-wege3-pode-crescer-siemens-mercado-btg-cpf\/","name":"Weg (WEGE3) pode crescer com redu\u00e7\u00e3o da Siemens no mercado","isPartOf":{"@id":"https:\/\/www.suno.com.br\/noticias\/#website"},"primaryImageOfPage":{"@id":"https:\/\/www.suno.com.br\/noticias\/weg-wege3-pode-crescer-siemens-mercado-btg-cpf\/#primaryimage"},"image":{"@id":"https:\/\/www.suno.com.br\/noticias\/weg-wege3-pode-crescer-siemens-mercado-btg-cpf\/#primaryimage"},"thumbnailUrl":"https:\/\/files.sunoresearch.com.br\/n\/uploads\/2023\/07\/we-wege3.jpg","datePublished":"2024-05-16T15:49:28+00:00","dateModified":"2024-05-23T14:31:22+00:00","description":"A redu\u00e7\u00e3o da Siemens do segmento de acionamentos e motores (Innomotics) pode ser uma oportunidade de expans\u00e3o para a Weg (WEGE3). Leia mais.","breadcrumb":{"@id":"https:\/\/www.suno.com.br\/noticias\/weg-wege3-pode-crescer-siemens-mercado-btg-cpf\/#breadcrumb"},"inLanguage":"pt-BR","potentialAction":[{"@type":"ReadAction","target":["https:\/\/www.suno.com.br\/noticias\/weg-wege3-pode-crescer-siemens-mercado-btg-cpf\/"]}]},{"@type":"ImageObject","inLanguage":"pt-BR","@id":"https:\/\/www.suno.com.br\/noticias\/weg-wege3-pode-crescer-siemens-mercado-btg-cpf\/#primaryimage","url":"https:\/\/files.sunoresearch.com.br\/n\/uploads\/2023\/07\/we-wege3.jpg","contentUrl":"https:\/\/files.sunoresearch.com.br\/n\/uploads\/2023\/07\/we-wege3.jpg","width":1200,"height":675,"caption":"Weg (WEGE3). Foto: Reprodu\u00e7\u00e3o."},{"@type":"BreadcrumbList","@id":"https:\/\/www.suno.com.br\/noticias\/weg-wege3-pode-crescer-siemens-mercado-btg-cpf\/#breadcrumb","itemListElement":[{"@type":"ListItem","position":1,"name":"Not\u00edcias","item":"https:\/\/www.suno.com.br\/noticias\/"},{"@type":"ListItem","position":2,"name":"Neg\u00f3cios","item":"https:\/\/www.suno.com.br\/noticias\/negocios\/"},{"@type":"ListItem","position":3,"name":"Weg (WEGE3) pode crescer com retirada da Siemens no mercado de motores, diz BTG"}]},{"@type":"WebSite","@id":"https:\/\/www.suno.com.br\/noticias\/#website","url":"https:\/\/www.suno.com.br\/noticias\/","name":"Suno Not\u00edcias","description":"Seu portal de informa\u00e7\u00e3o sobre o mundo dos investimentos","publisher":{"@id":"https:\/\/www.suno.com.br\/noticias\/#organization"},"potentialAction":[{"@type":"SearchAction","target":{"@type":"EntryPoint","urlTemplate":"https:\/\/www.suno.com.br\/noticias\/?s={search_term_string}"},"query-input":{"@type":"PropertyValueSpecification","valueRequired":true,"valueName":"search_term_string"}}],"inLanguage":"pt-BR"},{"@type":"Organization","@id":"https:\/\/www.suno.com.br\/noticias\/#organization","name":"Suno Not\u00edcias","url":"https:\/\/www.suno.com.br\/noticias\/","logo":{"@type":"ImageObject","inLanguage":"pt-BR","@id":"https:\/\/www.suno.com.br\/noticias\/#\/schema\/logo\/image\/","url":"https:\/\/files.sunoresearch.com.br\/n\/uploads\/2021\/09\/suno-logo.png","contentUrl":"https:\/\/files.sunoresearch.com.br\/n\/uploads\/2021\/09\/suno-logo.png","width":180,"height":180,"caption":"Suno Not\u00edcias"},"image":{"@id":"https:\/\/www.suno.com.br\/noticias\/#\/schema\/logo\/image\/"},"sameAs":["https:\/\/facebook.com\/sunoresearch","https:\/\/x.com\/sunoresearch","https:\/\/www.instagram.com\/suno","https:\/\/www.linkedin.com\/company\/suno-research\/","https:\/\/www.youtube.com\/c\/sunoresearch"]},{"@type":"Person","@id":"https:\/\/www.suno.com.br\/noticias\/#\/schema\/person\/f341d3ae5d1cc685176c9a5327cdfdbb","name":"Camila Paim","image":{"@type":"ImageObject","inLanguage":"pt-BR","@id":"https:\/\/www.suno.com.br\/noticias\/#\/schema\/person\/image\/","url":"https:\/\/secure.gravatar.com\/avatar\/f33728e65febb1aa7ecf6792956f9b20?s=96&r=g","contentUrl":"https:\/\/secure.gravatar.com\/avatar\/f33728e65febb1aa7ecf6792956f9b20?s=96&r=g","caption":"Camila Paim"},"description":"Jornalista formada pela USP, tem experi\u00eancia em reda\u00e7\u00f5es, SEO, Branded Content e Webdesign. Com passagem pelo Jornal da USP, Empiricus e C6 Bank, hoje \u00e9 rep\u00f3rter no Suno Not\u00edcias cobrindo macroeconomia, finan\u00e7as pessoais e startups.","url":"https:\/\/www.suno.com.br\/noticias\/author\/camila-figueiredosuno-com-br\/"}]}},"default_loop_html":"<div class=\"cardsPage__listCard__boxs\"><div class=\"cardsPage__listCard__boxs__img\"><a href=\"https:\/\/www.suno.com.br\/noticias\/weg-wege3-pode-crescer-siemens-mercado-btg-cpf\/\"><img class=\"mask\" src=\"https:\/\/www.suno.com.br\/noticias\/wp-content\/themes\/suno\/resources\/images\/spotlight\/spotlight1img\/bg-mask.png\" alt=\"Image Mask\"\/><img src=\"https:\/\/files.sunoresearch.com.br\/n\/uploads\/2023\/07\/we-wege3-400x200.jpg\" alt=\"Weg (WEGE3) pode crescer com retirada da Siemens no mercado de motores, diz BTG\"\/><\/a><span class=\"spotlightCategory\"><a href=\"https:\/\/www.suno.com.br\/noticias\/negocios\/\">Neg\u00f3cios<\/a><\/span><\/div><div class=\"cardsPage__listCard__boxs__content\"><a href=\"https:\/\/www.suno.com.br\/noticias\/weg-wege3-pode-crescer-siemens-mercado-btg-cpf\/\"><h2 class=\"content__title\">Weg (WEGE3) pode crescer com retirada da Siemens no mercado de motores, diz BTG<\/h2><\/a><div class=\"newsContent__article__meta\"><div class=\"newsContent__article__meta__authorBox\"><a href=\"https:\/\/www.suno.com.br\/noticias\/author\/camila-figueiredosuno-com-br\/\" class=\"authorBox__avatar noMobi\"><img src=\"https:\/\/files.sunoresearch.com.br\/n\/uploads\/2024\/05\/camila-paim-square-150x150.jpg\" alt=\"Camila Paim\"><\/a><div class=\"authorBox__name\"><span>por\n\t\t\t<a href=\"https:\/\/www.suno.com.br\/noticias\/author\/camila-figueiredosuno-com-br\/\"><span itemprop=\"author\">Camila Paim<\/span><\/a><\/span><time datetime=\"2024-05-16T12:49:28-03:00\" itemprop=\"datePublished\">16\/05\/2024 12:49<\/time><\/div><\/div><\/div><\/div><\/div>","single_layout":"posts","amp_enabled":true,"_links":{"self":[{"href":"https:\/\/www.suno.com.br\/noticias\/wp-json\/wp\/v2\/posts\/554863"}],"collection":[{"href":"https:\/\/www.suno.com.br\/noticias\/wp-json\/wp\/v2\/posts"}],"about":[{"href":"https:\/\/www.suno.com.br\/noticias\/wp-json\/wp\/v2\/types\/post"}],"author":[{"embeddable":true,"href":"https:\/\/www.suno.com.br\/noticias\/wp-json\/wp\/v2\/users\/283"}],"replies":[{"embeddable":true,"href":"https:\/\/www.suno.com.br\/noticias\/wp-json\/wp\/v2\/comments?post=554863"}],"version-history":[{"count":2,"href":"https:\/\/www.suno.com.br\/noticias\/wp-json\/wp\/v2\/posts\/554863\/revisions"}],"predecessor-version":[{"id":556555,"href":"https:\/\/www.suno.com.br\/noticias\/wp-json\/wp\/v2\/posts\/554863\/revisions\/556555"}],"wp:featuredmedia":[{"embeddable":true,"href":"https:\/\/www.suno.com.br\/noticias\/wp-json\/wp\/v2\/media\/435026"}],"wp:attachment":[{"href":"https:\/\/www.suno.com.br\/noticias\/wp-json\/wp\/v2\/media?parent=554863"}],"wp:term":[{"taxonomy":"category","embeddable":true,"href":"https:\/\/www.suno.com.br\/noticias\/wp-json\/wp\/v2\/categories?post=554863"},{"taxonomy":"post_tag","embeddable":true,"href":"https:\/\/www.suno.com.br\/noticias\/wp-json\/wp\/v2\/tags?post=554863"},{"taxonomy":"suno_strategy","embeddable":true,"href":"https:\/\/www.suno.com.br\/noticias\/wp-json\/wp\/v2\/suno_strategy?post=554863"}],"curies":[{"name":"wp","href":"https:\/\/api.w.org\/{rel}","templated":true}]}}