{"id":55468,"date":"2020-03-06T21:07:37","date_gmt":"2020-03-07T00:07:37","guid":{"rendered":"https:\/\/www.suno.com.br\/noticias\/?p=55468"},"modified":"2020-05-09T13:41:25","modified_gmt":"2020-05-09T16:41:25","slug":"m-dias-branco-registra-alta-de-895-em-seu-lucro-liquido-no-4t19","status":"publish","type":"post","link":"https:\/\/www.suno.com.br\/noticias\/m-dias-branco-registra-alta-de-895-em-seu-lucro-liquido-no-4t19\/","title":{"rendered":"M. Dias Branco (MDIA3) registra alta de 89,5% no lucro l\u00edquido do 4T19"},"content":{"rendered":"<p>A <a href=\"https:\/\/www.suno.com.br\/artigos\/radar-mdia3-resultados-3t19\/\"><strong>M. Dias Branco (MDIA3)<\/strong><\/a> apresentou R$ 264,9 milh\u00f5es de <a href=\"https:\/\/www.suno.com.br\/artigos\/lucro-liquido\/\">lucro<\/a><a href=\"https:\/\/www.suno.com.br\/artigos\/lucro-liquido\/\"> l\u00edquido<\/a> no \u00faltimo trimestre do ano passado. O resultado representa um aumento de 89,5%, frente aos R$ 139,8 milh\u00f5es registrados no mesmo per\u00edodo de 2018.<\/p>\t<div class=\"wrapper-featured-image\">\n\t\t<figure class=\"spotlightImg\">\n\n\t\t\t<picture>\n\t\t\t\t<source media=\"(max-width: 768px)\" srcset=\"https:\/\/files.sunoresearch.com.br\/n\/uploads\/2019\/11\/71292137-m.-dias-branco-400x200.webp\">\n\t\t\t\t<img loading=\"lazy\" decoding=\"async\" class=\"newsContent__article__imgCapa lazyloadDisabled newsContent__article__imgCapa--noCaption\" src=\"https:\/\/files.sunoresearch.com.br\/n\/uploads\/2019\/11\/71292137-m.-dias-branco-800x450.webp\" width=\"800\" height=\"450\" alt=\"M. Dias Branco (MDIA3) registra alta de 89,5% no lucro l\u00edquido do 4T19\" fetchpriority=high \/>\n\t\t\t<\/picture>\n\n\t\t\t<figcaption class=\"wp-caption-text wp-caption-text--hide\">M. Dias Branco registra alta de 89,5% em seu lucro l\u00edquido no 4T19<\/figcaption>\n\t\t<\/figure>\n\t<\/div>\n\n\n\n<p>A <strong><a href=\"https:\/\/www.suno.com.br\/artigos\/receita-total\/\">receita l\u00edquida<\/a><\/strong> da<strong> M. Dias Branco<\/strong> cresceu 7,2%, alcan\u00e7ando R$ 1,694,1 bilh\u00e3o. De acordo com a empresa, houve uma reorganiza\u00e7\u00e3o comercial em 2019. Ap\u00f3s um trimestre de queda na receita, aconteceu um aperfei\u00e7oamento e implanta\u00e7\u00e3o de um modelo mais amplo, com enfoque maior nos clientes.<\/p>\n<p><a href=\"https:\/\/lp.suno.com.br\/suno-one\/\">Na Suno One voc\u00ea aprende como fazer o seu dinheiro para trabalhar para voc\u00ea. Cadastre-se agora!<\/a><\/p>\n<p>Conforme o relat\u00f3rio, o aumento do n\u00edvel de utiliza\u00e7\u00e3o da capacidade de produ\u00e7\u00e3o foi de 66,5%, no quarto trimestre de 2018, para 74,3% em 2019. Da mesma forma, o volume de vendas foi 10,8% maior, na compara\u00e7\u00e3o anual.<\/p>\n<p>&#8220;Mesmo diante de um contexto ainda pautado pelos custos elevados dos insumos e consumo enfraquecido, nossos resultados do <strong>4T19<\/strong> indicam que as medidas comerciais adotadas ao longo de 2019, com foco na retomada do crescimento sustent\u00e1vel e lucratividade, est\u00e3o entregando os primeiros resultados favor\u00e1veis.&#8221;<\/p>\n<h2>Resultado trimestral da M. Dias Branco<\/h2>\n<p>O <a href=\"https:\/\/www.suno.com.br\/artigos\/ebitda\/\"><strong>Ebtida<\/strong> (lucro antes de juros, impostos, deprecia\u00e7\u00e3o e amortiza\u00e7\u00e3o)<\/a> ficou em R$ 289,2 milh\u00f5es. O valor representa uma alta de 52,3% em compara\u00e7\u00e3o com o mesmo per\u00edodo em 2018, quando foi registrado R$ 189,9 milh\u00f5es.<\/p>\n<p>A <strong><a href=\"https:\/\/www.suno.com.br\/artigos\/indicadores-financeiros\/\">margem Ebtida<\/a><\/strong> caiu 5,1 pontos percentuais. O indicador variou de 12,0% no quarto trimestre de 2018 para 17,1% em 2019.<\/p>\n<p>Segundo a <strong>M. Dias Branco<\/strong>, expans\u00e3o da <strong>margem Eb<\/strong><a href=\"https:\/\/www.suno.com.br\/artigos\/margem-ebitda\/\"><strong>tida<\/strong><\/a> foi resultado principalmente da dilui\u00e7\u00e3o dos custos e despesas. Os gastos foram menores em rela\u00e7\u00e3o ao aumento da capacidade produtiva e ao crescimento do volume de vendas.<\/p>\n<p>A empresa ressalta tamb\u00e9m os efeitos favor\u00e1veis, mas recorrentes, como o recebimento de receitas de cr\u00e9ditos tribut\u00e1rios extempor\u00e2neos.<\/p>\n<p>No acumulado do ano, ou seja, nos primeiros nove meses, o lucro l\u00edquido da empresa de alimentos retraiu 23%. A <strong>M. Dias Branco<\/strong> atingiu o valor de R$ 556,9 milh\u00f5es, ante ao resultado de R$ 723,5 milh\u00f5es.<\/p>\n<p>&#8220;Como l\u00edder nacional nos segmentos de massas aliment\u00edcias e de biscoitos, continuamos acreditando no potencial do Brasil e, imbu\u00eddos dos mais elevados prop\u00f3sitos, padr\u00f5es de gest\u00e3o empresarial e governan\u00e7a corporativa, estamos esperan\u00e7osos e confiantes com as novas oportunidades de um novo ciclo de crescimento que se inicia na <strong>M. Dias Branco<\/strong>&#8220;, declarou a empresa.<\/p>\n\n","protected":false},"excerpt":{"rendered":"<p>A M. Dias Branco (MDIA3) apresentou R$ 264,9 milh\u00f5es de lucro l\u00edquido no \u00faltimo trimestre do ano passado. O resultado representa um aumento de 89,5%, frente aos R$ 139,8 milh\u00f5es registrados no mesmo per\u00edodo de 2018. M. Dias Branco registra alta de 89,5% em seu lucro l\u00edquido no 4T19 A receita l\u00edquida da M. Dias [&hellip;]<\/p>\n","protected":false},"author":35,"featured_media":44373,"comment_status":"closed","ping_status":"closed","sticky":false,"template":"","format":"standard","meta":[],"categories":[64],"tags":[546,1607],"suno_strategy":[],"class_list":["post-55468","post","type-post","status-publish","format-standard","has-post-thumbnail","hentry","category-negocios","tag-m-dias-branco-mdia3","tag-resultado-das-empresas"],"yoast_head":"<!-- This site is optimized with the Yoast SEO plugin v24.4 - https:\/\/yoast.com\/wordpress\/plugins\/seo\/ -->\n<title>M. Dias Branco (MDIA3) registra alta de 89,5% no lucro l\u00edquido do 4T19<\/title>\n<meta name=\"description\" content=\"A M. Dias Branco apresentou R$ 264,9 milh\u00f5es de lucro l\u00edquido no \u00faltimo trimestre do ano passado, aumento de 89,5%. Clique para saber mais\" \/>\n<meta name=\"robots\" content=\"index, follow, max-snippet:-1, max-image-preview:large, max-video-preview:-1\" \/>\n<link rel=\"canonical\" href=\"https:\/\/www.suno.com.br\/noticias\/m-dias-branco-registra-alta-de-895-em-seu-lucro-liquido-no-4t19\/\" \/>\n<meta property=\"og:locale\" content=\"pt_BR\" \/>\n<meta property=\"og:type\" content=\"article\" \/>\n<meta property=\"og:title\" content=\"M. Dias Branco (MDIA3) registra alta de 89,5% no lucro l\u00edquido do 4T19\" \/>\n<meta property=\"og:description\" content=\"A M. Dias Branco apresentou R$ 264,9 milh\u00f5es de lucro l\u00edquido no \u00faltimo trimestre do ano passado, aumento de 89,5%. Clique para saber mais\" \/>\n<meta property=\"og:url\" content=\"https:\/\/www.suno.com.br\/noticias\/m-dias-branco-registra-alta-de-895-em-seu-lucro-liquido-no-4t19\/\" \/>\n<meta property=\"og:site_name\" content=\"Suno Not\u00edcias\" \/>\n<meta property=\"article:publisher\" content=\"https:\/\/facebook.com\/sunoresearch\" \/>\n<meta property=\"og:image\" content=\"https:\/\/files.sunoresearch.com.br\/n\/uploads\/2019\/11\/71292137-m.-dias-branco.jpg\" \/>\n\t<meta property=\"og:image:width\" content=\"960\" \/>\n\t<meta property=\"og:image:height\" content=\"642\" \/>\n\t<meta property=\"og:image:type\" content=\"image\/jpeg\" \/>\n<meta name=\"author\" content=\"Arthur Guimar\u00e3es\" \/>\n<meta name=\"twitter:card\" content=\"summary_large_image\" \/>\n<meta name=\"twitter:creator\" content=\"@sunoresearch\" \/>\n<meta name=\"twitter:site\" content=\"@sunoresearch\" \/>\n<meta name=\"twitter:label1\" content=\"Escrito por\" \/>\n\t<meta name=\"twitter:data1\" content=\"Arthur Guimar\u00e3es\" \/>\n\t<meta name=\"twitter:label2\" content=\"Est. tempo de leitura\" \/>\n\t<meta name=\"twitter:data2\" content=\"2 minutos\" \/>\n<script type=\"application\/ld+json\" class=\"yoast-schema-graph\">{\"@context\":\"https:\/\/schema.org\",\"@graph\":[{\"@type\":\"NewsArticle\",\"@id\":\"https:\/\/www.suno.com.br\/noticias\/m-dias-branco-registra-alta-de-895-em-seu-lucro-liquido-no-4t19\/#article\",\"isPartOf\":{\"@id\":\"https:\/\/www.suno.com.br\/noticias\/m-dias-branco-registra-alta-de-895-em-seu-lucro-liquido-no-4t19\/\"},\"author\":{\"name\":\"Arthur Guimar\u00e3es\",\"@id\":\"https:\/\/www.suno.com.br\/noticias\/#\/schema\/person\/053a750a709a263919a20f976caae91c\"},\"headline\":\"M. Dias Branco (MDIA3) registra alta de 89,5% no lucro l\u00edquido do 4T19\",\"datePublished\":\"2020-03-07T00:07:37+00:00\",\"dateModified\":\"2020-05-09T16:41:25+00:00\",\"mainEntityOfPage\":{\"@id\":\"https:\/\/www.suno.com.br\/noticias\/m-dias-branco-registra-alta-de-895-em-seu-lucro-liquido-no-4t19\/\"},\"wordCount\":429,\"publisher\":{\"@id\":\"https:\/\/www.suno.com.br\/noticias\/#organization\"},\"image\":{\"@id\":\"https:\/\/www.suno.com.br\/noticias\/m-dias-branco-registra-alta-de-895-em-seu-lucro-liquido-no-4t19\/#primaryimage\"},\"thumbnailUrl\":\"https:\/\/files.sunoresearch.com.br\/n\/uploads\/2019\/11\/71292137-m.-dias-branco-jpg.webp\",\"keywords\":[\"M.Dias Branco (MDIA3)\",\"Resultado das empresas\"],\"articleSection\":[\"Neg\u00f3cios\"],\"inLanguage\":\"pt-BR\"},{\"@type\":\"WebPage\",\"@id\":\"https:\/\/www.suno.com.br\/noticias\/m-dias-branco-registra-alta-de-895-em-seu-lucro-liquido-no-4t19\/\",\"url\":\"https:\/\/www.suno.com.br\/noticias\/m-dias-branco-registra-alta-de-895-em-seu-lucro-liquido-no-4t19\/\",\"name\":\"M. Dias Branco (MDIA3) registra alta de 89,5% no lucro l\u00edquido do 4T19\",\"isPartOf\":{\"@id\":\"https:\/\/www.suno.com.br\/noticias\/#website\"},\"primaryImageOfPage\":{\"@id\":\"https:\/\/www.suno.com.br\/noticias\/m-dias-branco-registra-alta-de-895-em-seu-lucro-liquido-no-4t19\/#primaryimage\"},\"image\":{\"@id\":\"https:\/\/www.suno.com.br\/noticias\/m-dias-branco-registra-alta-de-895-em-seu-lucro-liquido-no-4t19\/#primaryimage\"},\"thumbnailUrl\":\"https:\/\/files.sunoresearch.com.br\/n\/uploads\/2019\/11\/71292137-m.-dias-branco-jpg.webp\",\"datePublished\":\"2020-03-07T00:07:37+00:00\",\"dateModified\":\"2020-05-09T16:41:25+00:00\",\"description\":\"A M. Dias Branco apresentou R$ 264,9 milh\u00f5es de lucro l\u00edquido no \u00faltimo trimestre do ano passado, aumento de 89,5%. Clique para saber mais\",\"breadcrumb\":{\"@id\":\"https:\/\/www.suno.com.br\/noticias\/m-dias-branco-registra-alta-de-895-em-seu-lucro-liquido-no-4t19\/#breadcrumb\"},\"inLanguage\":\"pt-BR\",\"potentialAction\":[{\"@type\":\"ReadAction\",\"target\":[\"https:\/\/www.suno.com.br\/noticias\/m-dias-branco-registra-alta-de-895-em-seu-lucro-liquido-no-4t19\/\"]}]},{\"@type\":\"ImageObject\",\"inLanguage\":\"pt-BR\",\"@id\":\"https:\/\/www.suno.com.br\/noticias\/m-dias-branco-registra-alta-de-895-em-seu-lucro-liquido-no-4t19\/#primaryimage\",\"url\":\"https:\/\/files.sunoresearch.com.br\/n\/uploads\/2019\/11\/71292137-m.-dias-branco-jpg.webp\",\"contentUrl\":\"https:\/\/files.sunoresearch.com.br\/n\/uploads\/2019\/11\/71292137-m.-dias-branco-jpg.webp\",\"width\":960,\"height\":642,\"caption\":\"M. Dias Branco registra alta de 89,5% em seu lucro l\u00edquido no 4T19\"},{\"@type\":\"BreadcrumbList\",\"@id\":\"https:\/\/www.suno.com.br\/noticias\/m-dias-branco-registra-alta-de-895-em-seu-lucro-liquido-no-4t19\/#breadcrumb\",\"itemListElement\":[{\"@type\":\"ListItem\",\"position\":1,\"name\":\"Not\u00edcias\",\"item\":\"https:\/\/www.suno.com.br\/noticias\/\"},{\"@type\":\"ListItem\",\"position\":2,\"name\":\"Neg\u00f3cios\",\"item\":\"https:\/\/www.suno.com.br\/noticias\/negocios\/\"},{\"@type\":\"ListItem\",\"position\":3,\"name\":\"M. Dias Branco (MDIA3) registra alta de 89,5% no lucro l\u00edquido do 4T19\"}]},{\"@type\":\"WebSite\",\"@id\":\"https:\/\/www.suno.com.br\/noticias\/#website\",\"url\":\"https:\/\/www.suno.com.br\/noticias\/\",\"name\":\"Suno Not\u00edcias\",\"description\":\"Seu portal de informa\u00e7\u00e3o sobre o mundo dos investimentos\",\"publisher\":{\"@id\":\"https:\/\/www.suno.com.br\/noticias\/#organization\"},\"potentialAction\":[{\"@type\":\"SearchAction\",\"target\":{\"@type\":\"EntryPoint\",\"urlTemplate\":\"https:\/\/www.suno.com.br\/noticias\/?s={search_term_string}\"},\"query-input\":{\"@type\":\"PropertyValueSpecification\",\"valueRequired\":true,\"valueName\":\"search_term_string\"}}],\"inLanguage\":\"pt-BR\"},{\"@type\":\"Organization\",\"@id\":\"https:\/\/www.suno.com.br\/noticias\/#organization\",\"name\":\"Suno Not\u00edcias\",\"url\":\"https:\/\/www.suno.com.br\/noticias\/\",\"logo\":{\"@type\":\"ImageObject\",\"inLanguage\":\"pt-BR\",\"@id\":\"https:\/\/www.suno.com.br\/noticias\/#\/schema\/logo\/image\/\",\"url\":\"https:\/\/files.sunoresearch.com.br\/n\/uploads\/2021\/09\/suno-logo.png\",\"contentUrl\":\"https:\/\/files.sunoresearch.com.br\/n\/uploads\/2021\/09\/suno-logo.png\",\"width\":180,\"height\":180,\"caption\":\"Suno Not\u00edcias\"},\"image\":{\"@id\":\"https:\/\/www.suno.com.br\/noticias\/#\/schema\/logo\/image\/\"},\"sameAs\":[\"https:\/\/facebook.com\/sunoresearch\",\"https:\/\/x.com\/sunoresearch\",\"https:\/\/www.instagram.com\/suno\",\"https:\/\/www.linkedin.com\/company\/suno-research\/\",\"https:\/\/www.youtube.com\/c\/sunoresearch\"]},{\"@type\":\"Person\",\"@id\":\"https:\/\/www.suno.com.br\/noticias\/#\/schema\/person\/053a750a709a263919a20f976caae91c\",\"name\":\"Arthur Guimar\u00e3es\",\"image\":{\"@type\":\"ImageObject\",\"inLanguage\":\"pt-BR\",\"@id\":\"https:\/\/www.suno.com.br\/noticias\/#\/schema\/person\/image\/\",\"url\":\"https:\/\/secure.gravatar.com\/avatar\/1affd86a11209ae09eb6dd3bcad3e96c?s=96&r=g\",\"contentUrl\":\"https:\/\/secure.gravatar.com\/avatar\/1affd86a11209ae09eb6dd3bcad3e96c?s=96&r=g\",\"caption\":\"Arthur Guimar\u00e3es\"},\"description\":\"Arthur Guimar\u00e3es escreve sobre pol\u00edtica, economia e neg\u00f3cios para o portal de not\u00edcias da Suno Research. Atualmente, \u00e9 estudante de jornalismo pela Faculdade C\u00e1sper L\u00edbero.\",\"url\":\"https:\/\/www.suno.com.br\/noticias\/author\/arthur-guimaraes\/\"}]}<\/script>\n<!-- \/ Yoast SEO plugin. -->","yoast_head_json":{"title":"M. Dias Branco (MDIA3) registra alta de 89,5% no lucro l\u00edquido do 4T19","description":"A M. Dias Branco apresentou R$ 264,9 milh\u00f5es de lucro l\u00edquido no \u00faltimo trimestre do ano passado, aumento de 89,5%. Clique para saber mais","robots":{"index":"index","follow":"follow","max-snippet":"max-snippet:-1","max-image-preview":"max-image-preview:large","max-video-preview":"max-video-preview:-1"},"canonical":"https:\/\/www.suno.com.br\/noticias\/m-dias-branco-registra-alta-de-895-em-seu-lucro-liquido-no-4t19\/","og_locale":"pt_BR","og_type":"article","og_title":"M. Dias Branco (MDIA3) registra alta de 89,5% no lucro l\u00edquido do 4T19","og_description":"A M. Dias Branco apresentou R$ 264,9 milh\u00f5es de lucro l\u00edquido no \u00faltimo trimestre do ano passado, aumento de 89,5%. Clique para saber mais","og_url":"https:\/\/www.suno.com.br\/noticias\/m-dias-branco-registra-alta-de-895-em-seu-lucro-liquido-no-4t19\/","og_site_name":"Suno Not\u00edcias","article_publisher":"https:\/\/facebook.com\/sunoresearch","og_image":[{"width":960,"height":642,"url":"https:\/\/files.sunoresearch.com.br\/n\/uploads\/2019\/11\/71292137-m.-dias-branco.jpg","type":"image\/jpeg"}],"author":"Arthur Guimar\u00e3es","twitter_card":"summary_large_image","twitter_creator":"@sunoresearch","twitter_site":"@sunoresearch","twitter_misc":{"Escrito por":"Arthur Guimar\u00e3es","Est. tempo de leitura":"2 minutos"},"schema":{"@context":"https:\/\/schema.org","@graph":[{"@type":"NewsArticle","@id":"https:\/\/www.suno.com.br\/noticias\/m-dias-branco-registra-alta-de-895-em-seu-lucro-liquido-no-4t19\/#article","isPartOf":{"@id":"https:\/\/www.suno.com.br\/noticias\/m-dias-branco-registra-alta-de-895-em-seu-lucro-liquido-no-4t19\/"},"author":{"name":"Arthur Guimar\u00e3es","@id":"https:\/\/www.suno.com.br\/noticias\/#\/schema\/person\/053a750a709a263919a20f976caae91c"},"headline":"M. Dias Branco (MDIA3) registra alta de 89,5% no lucro l\u00edquido do 4T19","datePublished":"2020-03-07T00:07:37+00:00","dateModified":"2020-05-09T16:41:25+00:00","mainEntityOfPage":{"@id":"https:\/\/www.suno.com.br\/noticias\/m-dias-branco-registra-alta-de-895-em-seu-lucro-liquido-no-4t19\/"},"wordCount":429,"publisher":{"@id":"https:\/\/www.suno.com.br\/noticias\/#organization"},"image":{"@id":"https:\/\/www.suno.com.br\/noticias\/m-dias-branco-registra-alta-de-895-em-seu-lucro-liquido-no-4t19\/#primaryimage"},"thumbnailUrl":"https:\/\/files.sunoresearch.com.br\/n\/uploads\/2019\/11\/71292137-m.-dias-branco-jpg.webp","keywords":["M.Dias Branco (MDIA3)","Resultado das empresas"],"articleSection":["Neg\u00f3cios"],"inLanguage":"pt-BR"},{"@type":"WebPage","@id":"https:\/\/www.suno.com.br\/noticias\/m-dias-branco-registra-alta-de-895-em-seu-lucro-liquido-no-4t19\/","url":"https:\/\/www.suno.com.br\/noticias\/m-dias-branco-registra-alta-de-895-em-seu-lucro-liquido-no-4t19\/","name":"M. Dias Branco (MDIA3) registra alta de 89,5% no lucro l\u00edquido do 4T19","isPartOf":{"@id":"https:\/\/www.suno.com.br\/noticias\/#website"},"primaryImageOfPage":{"@id":"https:\/\/www.suno.com.br\/noticias\/m-dias-branco-registra-alta-de-895-em-seu-lucro-liquido-no-4t19\/#primaryimage"},"image":{"@id":"https:\/\/www.suno.com.br\/noticias\/m-dias-branco-registra-alta-de-895-em-seu-lucro-liquido-no-4t19\/#primaryimage"},"thumbnailUrl":"https:\/\/files.sunoresearch.com.br\/n\/uploads\/2019\/11\/71292137-m.-dias-branco-jpg.webp","datePublished":"2020-03-07T00:07:37+00:00","dateModified":"2020-05-09T16:41:25+00:00","description":"A M. Dias Branco apresentou R$ 264,9 milh\u00f5es de lucro l\u00edquido no \u00faltimo trimestre do ano passado, aumento de 89,5%. Clique para saber mais","breadcrumb":{"@id":"https:\/\/www.suno.com.br\/noticias\/m-dias-branco-registra-alta-de-895-em-seu-lucro-liquido-no-4t19\/#breadcrumb"},"inLanguage":"pt-BR","potentialAction":[{"@type":"ReadAction","target":["https:\/\/www.suno.com.br\/noticias\/m-dias-branco-registra-alta-de-895-em-seu-lucro-liquido-no-4t19\/"]}]},{"@type":"ImageObject","inLanguage":"pt-BR","@id":"https:\/\/www.suno.com.br\/noticias\/m-dias-branco-registra-alta-de-895-em-seu-lucro-liquido-no-4t19\/#primaryimage","url":"https:\/\/files.sunoresearch.com.br\/n\/uploads\/2019\/11\/71292137-m.-dias-branco-jpg.webp","contentUrl":"https:\/\/files.sunoresearch.com.br\/n\/uploads\/2019\/11\/71292137-m.-dias-branco-jpg.webp","width":960,"height":642,"caption":"M. Dias Branco registra alta de 89,5% em seu lucro l\u00edquido no 4T19"},{"@type":"BreadcrumbList","@id":"https:\/\/www.suno.com.br\/noticias\/m-dias-branco-registra-alta-de-895-em-seu-lucro-liquido-no-4t19\/#breadcrumb","itemListElement":[{"@type":"ListItem","position":1,"name":"Not\u00edcias","item":"https:\/\/www.suno.com.br\/noticias\/"},{"@type":"ListItem","position":2,"name":"Neg\u00f3cios","item":"https:\/\/www.suno.com.br\/noticias\/negocios\/"},{"@type":"ListItem","position":3,"name":"M. Dias Branco (MDIA3) registra alta de 89,5% no lucro l\u00edquido do 4T19"}]},{"@type":"WebSite","@id":"https:\/\/www.suno.com.br\/noticias\/#website","url":"https:\/\/www.suno.com.br\/noticias\/","name":"Suno Not\u00edcias","description":"Seu portal de informa\u00e7\u00e3o sobre o mundo dos investimentos","publisher":{"@id":"https:\/\/www.suno.com.br\/noticias\/#organization"},"potentialAction":[{"@type":"SearchAction","target":{"@type":"EntryPoint","urlTemplate":"https:\/\/www.suno.com.br\/noticias\/?s={search_term_string}"},"query-input":{"@type":"PropertyValueSpecification","valueRequired":true,"valueName":"search_term_string"}}],"inLanguage":"pt-BR"},{"@type":"Organization","@id":"https:\/\/www.suno.com.br\/noticias\/#organization","name":"Suno Not\u00edcias","url":"https:\/\/www.suno.com.br\/noticias\/","logo":{"@type":"ImageObject","inLanguage":"pt-BR","@id":"https:\/\/www.suno.com.br\/noticias\/#\/schema\/logo\/image\/","url":"https:\/\/files.sunoresearch.com.br\/n\/uploads\/2021\/09\/suno-logo.png","contentUrl":"https:\/\/files.sunoresearch.com.br\/n\/uploads\/2021\/09\/suno-logo.png","width":180,"height":180,"caption":"Suno Not\u00edcias"},"image":{"@id":"https:\/\/www.suno.com.br\/noticias\/#\/schema\/logo\/image\/"},"sameAs":["https:\/\/facebook.com\/sunoresearch","https:\/\/x.com\/sunoresearch","https:\/\/www.instagram.com\/suno","https:\/\/www.linkedin.com\/company\/suno-research\/","https:\/\/www.youtube.com\/c\/sunoresearch"]},{"@type":"Person","@id":"https:\/\/www.suno.com.br\/noticias\/#\/schema\/person\/053a750a709a263919a20f976caae91c","name":"Arthur Guimar\u00e3es","image":{"@type":"ImageObject","inLanguage":"pt-BR","@id":"https:\/\/www.suno.com.br\/noticias\/#\/schema\/person\/image\/","url":"https:\/\/secure.gravatar.com\/avatar\/1affd86a11209ae09eb6dd3bcad3e96c?s=96&r=g","contentUrl":"https:\/\/secure.gravatar.com\/avatar\/1affd86a11209ae09eb6dd3bcad3e96c?s=96&r=g","caption":"Arthur Guimar\u00e3es"},"description":"Arthur Guimar\u00e3es escreve sobre pol\u00edtica, economia e neg\u00f3cios para o portal de not\u00edcias da Suno Research. Atualmente, \u00e9 estudante de jornalismo pela Faculdade C\u00e1sper L\u00edbero.","url":"https:\/\/www.suno.com.br\/noticias\/author\/arthur-guimaraes\/"}]}},"default_loop_html":"<div class=\"cardsPage__listCard__boxs\"><div class=\"cardsPage__listCard__boxs__img\"><a href=\"https:\/\/www.suno.com.br\/noticias\/m-dias-branco-registra-alta-de-895-em-seu-lucro-liquido-no-4t19\/\"><img class=\"mask\" src=\"https:\/\/www.suno.com.br\/noticias\/wp-content\/themes\/suno\/resources\/images\/spotlight\/spotlight1img\/bg-mask.png\" alt=\"Image Mask\"\/><img src=\"https:\/\/files.sunoresearch.com.br\/n\/uploads\/2019\/11\/71292137-m.-dias-branco-400x200.webp\" alt=\"M. Dias Branco (MDIA3) registra alta de 89,5% no lucro l\u00edquido do 4T19\"\/><\/a><span class=\"spotlightCategory\"><a href=\"https:\/\/www.suno.com.br\/noticias\/negocios\/\">Neg\u00f3cios<\/a><\/span><\/div><div class=\"cardsPage__listCard__boxs__content\"><a href=\"https:\/\/www.suno.com.br\/noticias\/m-dias-branco-registra-alta-de-895-em-seu-lucro-liquido-no-4t19\/\"><h2 class=\"content__title\">M. Dias Branco (MDIA3) registra alta de 89,5% no lucro l\u00edquido do 4T19<\/h2><\/a><div class=\"newsContent__article__meta\"><div class=\"newsContent__article__meta__authorBox\"><a href=\"https:\/\/www.suno.com.br\/noticias\/author\/arthur-guimaraes\/\" class=\"authorBox__avatar noMobi\"><img src=\"https:\/\/files.sunoresearch.com.br\/n\/uploads\/2020\/02\/dfb40897-eu-150x150.webp\" alt=\"Arthur Guimar\u00e3es\"><\/a><div class=\"authorBox__name\"><span>por\n\t\t\t<a href=\"https:\/\/www.suno.com.br\/noticias\/author\/arthur-guimaraes\/\"><span itemprop=\"author\">Arthur Guimar\u00e3es<\/span><\/a><\/span><time datetime=\"2020-03-06T21:07:37-03:00\" itemprop=\"datePublished\">06\/03\/2020 21:07<\/time><\/div><\/div><\/div><\/div><\/div>","single_layout":"posts","amp_enabled":true,"_links":{"self":[{"href":"https:\/\/www.suno.com.br\/noticias\/wp-json\/wp\/v2\/posts\/55468"}],"collection":[{"href":"https:\/\/www.suno.com.br\/noticias\/wp-json\/wp\/v2\/posts"}],"about":[{"href":"https:\/\/www.suno.com.br\/noticias\/wp-json\/wp\/v2\/types\/post"}],"author":[{"embeddable":true,"href":"https:\/\/www.suno.com.br\/noticias\/wp-json\/wp\/v2\/users\/35"}],"replies":[{"embeddable":true,"href":"https:\/\/www.suno.com.br\/noticias\/wp-json\/wp\/v2\/comments?post=55468"}],"version-history":[{"count":0,"href":"https:\/\/www.suno.com.br\/noticias\/wp-json\/wp\/v2\/posts\/55468\/revisions"}],"wp:featuredmedia":[{"embeddable":true,"href":"https:\/\/www.suno.com.br\/noticias\/wp-json\/wp\/v2\/media\/44373"}],"wp:attachment":[{"href":"https:\/\/www.suno.com.br\/noticias\/wp-json\/wp\/v2\/media?parent=55468"}],"wp:term":[{"taxonomy":"category","embeddable":true,"href":"https:\/\/www.suno.com.br\/noticias\/wp-json\/wp\/v2\/categories?post=55468"},{"taxonomy":"post_tag","embeddable":true,"href":"https:\/\/www.suno.com.br\/noticias\/wp-json\/wp\/v2\/tags?post=55468"},{"taxonomy":"suno_strategy","embeddable":true,"href":"https:\/\/www.suno.com.br\/noticias\/wp-json\/wp\/v2\/suno_strategy?post=55468"}],"curies":[{"name":"wp","href":"https:\/\/api.w.org\/{rel}","templated":true}]}}