{"id":554353,"date":"2024-05-14T21:07:22","date_gmt":"2024-05-15T00:07:22","guid":{"rendered":"https:\/\/www.suno.com.br\/noticias\/?p=554353"},"modified":"2024-05-15T01:44:21","modified_gmt":"2024-05-15T04:44:21","slug":"petrobras-petr4-jean-paul-prates-demitido-presidencia","status":"publish","type":"post","link":"https:\/\/www.suno.com.br\/noticias\/petrobras-petr4-jean-paul-prates-demitido-presidencia\/","title":{"rendered":"Jean Paul Prates \u00e9 demitido da Petrobras (PETR4) por Lula; ex-diretora da ANP vai comandar companhia"},"content":{"rendered":"<p>O presidente da <a href=\"https:\/\/www.suno.com.br\/acoes\/PETR4\/\"><strong>Petrobras<\/strong>&nbsp;(PETR4)<\/a> Jean Paul Prates foi demitido da presid\u00eancia da estatal nesta ter\u00e7a (14). Prates foi comunicado no in\u00edcio da noite pelo presidente da Rep\u00fablica Luiz In\u00e1cio Lula da Silva sobre sua sa\u00edda do comando da estatal. A Petrobras confirmou o afastamento de Prates em <a class=\"suno-keyword\" data-force=\"no\" data-priority=\"1\" href=\"https:\/\/www.suno.com.br\/artigos\/fato-relevante\/\" target=\"_blank\" rel=\"noopener\">fato relevante<\/a>.<\/p>\t<div class=\"wrapper-featured-image\">\n\t\t<figure class=\"spotlightImg\">\n\n\t\t\t<picture>\n\t\t\t\t<source media=\"(max-width: 768px)\" srcset=\"https:\/\/files.sunoresearch.com.br\/n\/uploads\/2024\/04\/52373389277_d33679ec23_k-400x200.jpg\">\n\t\t\t\t<img loading=\"lazy\" decoding=\"async\" class=\"newsContent__article__imgCapa lazyloadDisabled \" src=\"https:\/\/files.sunoresearch.com.br\/n\/uploads\/2024\/04\/52373389277_d33679ec23_k-800x450.jpg\" width=\"800\" height=\"450\" alt=\"Jean Paul Prates \u00e9 demitido da Petrobras (PETR4) por Lula; ex-diretora da ANP vai comandar companhia\" fetchpriority=high \/>\n\t\t\t<\/picture>\n\n\t\t\t<figcaption class=\"wp-caption-text wp-caption-text--show\">Jean Paul Prates, presidente da Petrobras (PETR4). Foto: Geraldo Magela\/Ag\u00eancia Senado<\/figcaption>\n\t\t<\/figure>\n\t<\/div>\n\n\n\n\n\n\t<p>\n\t\t<a href=\"https:\/\/lp.suno.com.br\/planilha-da-vida-financeira\/\" target=\"_blank\" data-element=\"shortcode-suno-banner\" title=\"Banner SUNO, clique e saiba mais\">\n\t\t\t<picture>\n\t\t\t\t<source media=\"(max-width: 500px)\" srcset=\"https:\/\/files.sunoresearch.com.br\/n\/uploads\/2023\/04\/400x300-Planilha-vida-financeira-true.png\">\n\t\t\t\t<img class=\"newsContent__article__imgCapa newsContent__article__imgCapa--banner\"\n\t\t\t\t\tsrc=\"https:\/\/files.sunoresearch.com.br\/n\/uploads\/2023\/04\/1420x240-Planilha-vida-financeira-true.png\"\n\t\t\t\t\tdata-promo-id=\"106682\"\t\t\t\t\t\t\t\t\t\twidth='1420' height='240'\t\t\t\t\talt=\"https:\/\/files.sunoresearch.com.br\/n\/uploads\/2023\/04\/1420x240-Planilha-vida-financeira-true.png\"\n\t\t\t\t>\n\t\t\t<\/picture>\n\t\t<\/a>\n\t<\/p>\n\n\n\n\n\n\n\n<p>De acordo com a jornalista Malu Gaspar, que noticiou primeiro a <strong>demiss\u00e3o de Prates<\/strong>, ele se despediu de diretores da empresa e comunicou que <strong>Magda Chambriard<\/strong>, ex-diretora da ANP (Ag\u00eancia Nacional do Petr\u00f3leo), vai substitu\u00ed-lo no comando da estatal. <\/p>\n\n\n\n<p>Prates foi comunicado sobre sua <strong>sa\u00edda da Petrobras<\/strong> num reuni\u00e3o no final da tarde de hoje no Pal\u00e1cio do Planalto com Lula e os ministros Alexandre Silveira (Minas e Energia) e Rui Costa (da Casa Civil). O encontro durou meia hora.<\/p>\n\n\n\n<p>A Petrobras divulgou este comunicado ao mercado: <\/p>\n\n\n\n<p>&#8220;A Petrobras informa que recebeu nesta noite de seu Presidente, Sr. Jean Paul Prattes, solicita\u00e7\u00e3o de que o <a class=\"suno-keyword\" target=\"_blank\" data-force=\"no\" data-priority=\"1\" href=\"https:\/\/www.suno.com.br\/artigos\/conselho-administracao\/\" rel=\"noopener\">Conselho de Administra\u00e7\u00e3o<\/a> da Companhia se re\u00fana para apreciar o encerramento antecipado de seu mandato como Presidente da Petrobras de forma negociada. Adicionalmente, o Sr. Jean Paul informou que, se e uma vez aprovado o encerramento indicado, ele pretende posteriormente apresentar sua ren\u00fancia ao cargo de membro do Conselho de Administra\u00e7\u00e3o da Petrobras. Fatos julgados relevantes ser\u00e3o tempestivamente divulgados ao mercado.&#8221;<\/p>\n\n\n\n<p>As a\u00e7\u00f5es da empresa no after hours de Nova York, as <strong>ADRs da Petrobras<\/strong>, desabaram mais de 7% \u00e0s 21h15, hor\u00e1rio de Bras\u00edlia. \u00c0s 22h, essa queda era de 5%.<\/p>\n\n\n\t<p>\n\t\t<a href=\"https:\/\/lp.suno.com.br\/ebook-como-analisar-uma-acao\/\" target=\"_blank\" data-element=\"shortcode-suno-banner\" title=\"Banner SUNO, clique e saiba mais\">\n\t\t\t<picture>\n\t\t\t\t<source media=\"(max-width: 500px)\" srcset=\"https:\/\/files.sunoresearch.com.br\/n\/uploads\/2023\/03\/Ebook-Acoes-Mobile.jpg\">\n\t\t\t\t<img class=\"newsContent__article__imgCapa newsContent__article__imgCapa--banner\"\n\t\t\t\t\tsrc=\"https:\/\/files.sunoresearch.com.br\/n\/uploads\/2023\/03\/Ebook-Acoes-Desktop.jpg\"\n\t\t\t\t\tdata-promo-id=\"378302\"\t\t\t\t\t\t\t\t\t\twidth='1420' height='286'\t\t\t\t\talt=\"https:\/\/files.sunoresearch.com.br\/n\/uploads\/2023\/03\/Ebook-Acoes-Desktop.jpg\"\n\t\t\t\t>\n\t\t\t<\/picture>\n\t\t<\/a>\n\t<\/p>\n\n\n\n\n\n<h2 class=\"wp-block-heading\">Por que Prates foi demitido da Petrobras?<\/h2>\n\n\n\n<p>A demiss\u00e3o ocorre um dia ap\u00f3s a Petrobras anunciar um&nbsp;<a href=\"https:\/\/www.suno.com.br\/artigos\/lucro-liquido\/\" target=\"_blank\" rel=\"noreferrer noopener\">lucro l\u00edquido<\/a>&nbsp;de R$ 23,7 bilh\u00f5es no primeiro trimestre de 2024 (1T24), conforme balan\u00e7o trimestral divulgado nesta segunda-feira (13).<\/p>\n\n\n\n<p>O&nbsp;<strong>lucro da Petrobras&nbsp;<\/strong>no 1T24 foi 37,9% menor que o registrado no mesmo per\u00edodo de 2023. Sobre o trimestre imediatamente anterior (1T23), a queda no resultado \u00e9 de 23,7%.<\/p>\n\n\n\n<p>Uma dos principais fatores que levaram a esse resultado, segundo o&nbsp;<strong><a href=\"https:\/\/www.suno.com.br\/noticias\/petrobras-petr4-balanco-resultados-1t24-jvj\">balan\u00e7o da Petrobras<\/a><\/strong>, foi a queda nos volumes de vendas. Al\u00e9m disso, o lucro mais baixo tamb\u00e9m est\u00e1 associado a queda na&nbsp;<a href=\"https:\/\/www.suno.com.br\/artigos\/cotacao-do-petroleo\/\" target=\"_blank\" rel=\"noreferrer noopener\">cota\u00e7\u00e3o do petr\u00f3leo<\/a>, assim como da margem do diesel.<\/p>\n\n\n\n<p>No acumulado de 2023, o&nbsp;<a href=\"https:\/\/www.suno.com.br\/artigos\/lucro-liquido\/\" target=\"_blank\" rel=\"noreferrer noopener\">lucro l\u00edquido<\/a>&nbsp;da Petrobras ficou em R$ 122,8 bilh\u00f5es, em compara\u00e7\u00e3o com R$ 180,6 bilh\u00f5es em 2022 \u2013 retra\u00e7\u00e3o de 32%.<\/p>\n\n\n\n<p>Mas o processo que levou \u00e0 demiss\u00e3o de Prates ocorreu bem antes da divulga\u00e7\u00e3o do balan\u00e7o. O agora ex-CEO da Petrobras esteve no centro da crise dos <strong>dividendos extraordin\u00e1rios da Petrobras<\/strong>. Segundo a jornalista Julia Dualibi, a diverg\u00eancia com o ministro das Minas e Energia se acentuou a partir do epis\u00f3dio da reten\u00e7\u00e3o dos dividendos, anunciada em mar\u00e7o, come\u00e7ou desde o in\u00edcio do mandato de Prates &#8211; quando discutia com o ministro cargos e nomea\u00e7\u00f5es &#8211; e vinha se acentuando em quest\u00f5es como <a class=\"suno-keyword\" target=\"_blank\" data-force=\"no\" data-priority=\"1\" href=\"https:\/\/www.suno.com.br\/artigos\/politica-de-investimentos\/\" rel=\"noopener\">pol\u00edtica de investimentos<\/a> da empresa.   <\/p>\n\n\n\n<p>Na crise dos dividendos Prates defendia o pagamento dos proventos extras do exerc\u00edcio de 2023, enquanto o ministro das Minas e Energia Alexandre Silveira tinha opini\u00e3o contr\u00e1ria &#8211; alegando que o ideal seria n\u00e3o realizar o pagamento e destinar o valor para <a class=\"suno-keyword\" target=\"_blank\" data-force=\"no\" data-priority=\"1\" href=\"https:\/\/www.suno.com.br\/artigos\/reserva-de-lucros\/\" rel=\"noopener\">reserva de lucros<\/a> e investimentos da Petrobras. <\/p>\n\n\n\n<p>A reten\u00e7\u00e3o total do pagamento acabou prevalecendo em mar\u00e7o, ao contr\u00e1rio do que o mercado esperava. As <strong>a\u00e7\u00f5es da Petrobras<\/strong> chegaram a desabar mais de 10% num s\u00f3 dia e as perdas se estenderam pelos dias seguintes, com a estatal perdendo mais de US$ 50 bi em <a class=\"suno-keyword\" data-force=\"no\" data-priority=\"1\" href=\"https:\/\/www.suno.com.br\/artigos\/valor-de-mercado\/\" target=\"_blank\" rel=\"noopener\">valor de mercado<\/a>.<\/p>\n\n\n\n<p>A reten\u00e7\u00e3o dos dividendos extras da Petrobras levantou debates no governo sobre o futuro da gest\u00e3o da estatal e tamb\u00e9m abriu uma discuss\u00e3o interna dentro do governo. Deu in\u00edcio ainda a especula\u00e7\u00f5es sobre a <strong>sa\u00edda de Prates<\/strong> do comando da Petrobras, num processo de fritura do cargo que se estendeu pelo m\u00eas de abril.<\/p>\n\n\n\n<p>Enquanto Jean Paul Prates, ent\u00e3o <strong>CEO da Petrobras<\/strong>, e Fernando Haddad, Ministro da Fazenda, continuavam favor\u00e1veis ao pagamento dos proventos, Rui Costa (Casa Civil) e Alexandre Silveira (MME) se mantiveram contr\u00e1rios \u00e0 distribui\u00e7\u00e3o dos&nbsp;<strong>dividendos da Petrobras<\/strong>.<\/p>\n\n\n\n<p>A crise dos dividendos s\u00f3 esfriou quando, em 19 de abril, o Conselho de Administra\u00e7\u00e3o da Petrobras definiu em reuni\u00e3o que a companhia iria distribuir 50% do total de <a class=\"suno-keyword\" data-force=\"no\" data-priority=\"1\" href=\"https:\/\/www.suno.com.br\/guias\/dividendos\/\" target=\"_blank\" rel=\"noopener\">dividendos<\/a> extraordin\u00e1rios integralmente retidos em mar\u00e7o, decis\u00e3o que teve aval do governo.<\/p>\n\n\n\n<p>Garantir os dividendos foi tema importante para o ministro Haddad. O governo prometeu usar os recursos para refor\u00e7ar o caixa da Uni\u00e3o em um ano que se ainda se procura chegar pr\u00f3ximo ao d\u00e9ficit zero.<\/p>\n\n\n\n<p>Em diversas ocasi\u00f5es, Haddad saiu em defesa do pagamento dos dividendos da&nbsp;Petrobras, citando que isso n\u00e3o afetaria o Plano de Investimentos.<\/p>\n\n\n\n<p>A&nbsp;Petrobras&nbsp;informou em 25 de abril que a remunera\u00e7\u00e3o total aos acionistas referente ao exerc\u00edcio de 2023 somou R$ 94,35 bilh\u00f5es, incluindo R$ 36 bilh\u00f5es \u2013 desse valor, R$ 21,9 bi s\u00e3o referentes ao dividendos extraordin\u00e1rios aprovados um dia antes em assembleia e equivalentes a 50% dos proventos extras que estavam retidos desde mar\u00e7o. <\/p>\n\n\n\n<p>Foram pagos ainda mais R$ 14,19 bilh\u00f5es referentes a compromissos assumidos anteriormente pela Petrobras, levando em conta o lucro de 2023 e a f\u00f3rmula prevista em sua Pol\u00edtica de Remunera\u00e7\u00e3o aos Acionistas.<\/p>\n\n\n\n<p>Esse <a href=\"https:\/\/www.suno.com.br\/noticias\/petrobras-petr4-valor-dividendos-extraordinarios-atualizacao-gpj\/#:~:text=A%20Petrobras%20(PETR4)%20atualizou%20o,Selic%20at%C3%A9%202%20de%20maio.&amp;text=Segundo%20a%20estatal%2C%20o%20valor,para%20R%24%201%2C7599.\">valor foi pago em 3 de maio <\/a>aos acionistas da Petrobras.<\/p>\n\n\n\n<p>Mas a decis\u00e3o de tirar Prates da presid\u00eancia da Petrobras ainda era op\u00e7\u00e3o do governo, que considerava a perman\u00eancia dele como &#8220;insustent\u00e1vel&#8221;, como revelaram fontes de colunistas como M\u00f4nica Bergamo, da Folha de S. Paulo. A Uni\u00e3o, acionista majorit\u00e1ria da estatal, tem poder de escolha sobre quem deve comandar a Petrobras.<\/p>\n\n\n\n<p>O governo esperou a divulga\u00e7\u00e3o dos n\u00fameros da Petrobras no 1T24 para efetivar a <strong>demiss\u00e3o de Prates<\/strong>.<\/p>\n\n\n\n<h2 class=\"wp-block-heading\">Prates cogitou deixar o cargo em abril<\/h2>\n\n\n\n<p>O ent\u00e3o <strong>presidente da<\/strong>&nbsp;<strong>Petrobras<\/strong>, Jean Paul Prates, pediu no in\u00edcio de abril uma reuni\u00e3o com Lula para conversar sobre &#8220;ataques disparados contra ele por integrantes do governo&#8221;. Prates considerava deixar o cargo, embora esperasse que o presidente da Rep\u00fablica apoiasse sua perman\u00eancia, informava a colunista M\u00f4nica Bergamo, da Folha.<\/p>\n\n\n\n<p>Segundo Malu Gaspar, esse movimento de Prates desagradou Lula. Sentindo-se fritado no cargo, Jean Paul Prates passou a sensa\u00e7\u00e3o a Lula de querer emparedar o presidente da Rep\u00fablica para permanecer no comando da estatal.  <\/p>\n\n\n\n<p>Prates, empres\u00e1rio carioca de 55 anos, \u00e9 filiado ao PT. Foi senador pelo Rio Grande do Norte entre 2014 e 2022. Foi indicado ao cargo de presidente da Petrobras em dezembro de 2022, depois de integrar a equipe de transi\u00e7\u00e3o de Lula. A Petrobras recebeu a indica\u00e7\u00e3o dele pelo minist\u00e9rio de Minas e Energia em 13 de janeiro de 2023. <\/p>\n\n\n\n<p>Advogado e economista, Prates assumiu a presid\u00eancia da Petrobras no in\u00edcio do governo do presidente Luiz In\u00e1cio Lula da Silva. Prates foi eleito em 2014 primeiro suplente da senadora F\u00e1tima Bezerra (PT-RN), para o per\u00edodo 2015-2022, e assumiu a vaga dela no Senado em 2019, ap\u00f3s sua elei\u00e7\u00e3o para governadora do Rio Grande do Norte.<\/p>\n\n\n\n<p>Prates foi membro da assessoria jur\u00eddica da Petrobras Internacional (Braspetro), no fim da d\u00e9cada de 1980, e teve sua atua\u00e7\u00e3o profissional ligada \u00e0 \u00e1rea de petr\u00f3leo e g\u00e1s, participando da elabora\u00e7\u00e3o da Lei do Petr\u00f3leo e da reda\u00e7\u00e3o do modelo do contrato de concess\u00e3o oficial brasileiro e do decreto dos royalties.&nbsp;Foi tamb\u00e9m secret\u00e1rio de Energia do Rio Grande do Norte.<\/p>\n\n\n\n<h2 class=\"wp-block-heading\">Prates deixa presid\u00eancia da Petrobras com recado direto a Silveira<\/h2>\n\n\n\n<p>Ao sair da Petrobras nesta ter\u00e7a, Prates deixou uma mensagem aos funcion\u00e1rios com recados a membros do governo &#8211; Alexandre Silveira e Rui Costa &#8211; com quem teria se desentendido nos \u00faltimos meses como CEO da estatal.<\/p>\n\n\n\n<p>Veja a \u00edntegra da carta:<br><br><em>Queridos amigos.<\/em><\/p>\n\n\n\n<p><em>O presidente pediu meu cargo de volta agora h\u00e1 pouco. Deve nomear Magda. Amanh\u00e3 conversaremos melhor. Danilo ficou tratando dos tr\u00e2mites imediatos.<\/em><\/p>\n\n\n\n<p><em>Minha miss\u00e3o foi precocemente abreviada na presen\u00e7a regozijada de Alexandre Silveira e Rui Costa. N\u00e3o creio que haja chance de reconsidera\u00e7\u00e3o. V\u00e3o anunciar daqui a pouco.<\/em><\/p>\n\n\n\n<p><em>S\u00f3 me resta agradecer a vcs e torcer que consigam ficar ou se reposicionar. Cont\u00e9m comigo no que eu puder fazer.<\/em><\/p>\n\n\n\n<p><em>JPP.<\/em><\/p>\n\n\n\n<h2 class=\"wp-block-heading\">Primeiras rea\u00e7\u00f5es do mercado s\u00e3o negativas<\/h2>\n\n\n\n<p>Analistas do mercado consideraram negativa a <strong>demiss\u00e3o de Jean Paul Prates.<\/strong> Ilan Arbetman diz que &#8220;Prates vinha desempenhando bom papel, equilibrando interesses econ\u00f4micos e pol\u00edticos&nbsp;com&nbsp;sabedoria&#8221;. <\/p>\n\n\n\n<p>J\u00e1 Rodrigo Marcati, da Veedha, avalia que a fritura de Prates \u00e9 outro sinal de interfer\u00eancia pol\u00edtica do governo na estatal. Segundo ele, a sa\u00edda de Prates deve abalar as a\u00e7\u00f5es da Petrobras <a class=\"suno-keyword\" target=\"_blank\" data-force=\"no\" data-priority=\"1\" href=\"https:\/\/www.suno.com.br\/artigos\/curto-prazo\/\" rel=\"noopener\">curto prazo<\/a>, mas, em resumo, n\u00e3o trar\u00e1 mudan\u00e7a radical de&nbsp;direcionamento da gest\u00e3o da empresa.<\/p>\n\n\n\n<p>Assim como a not\u00edcia da demiss\u00e3o de Prates derrubou os pap\u00e9is da empresa em Nova York, deve provocar queda das a\u00e7\u00f5es da <strong>Petrobras<\/strong> e do Ibovespa nesta quarta, prev\u00ea a GTF Capital. <\/p>\n\n\n\n<p>Frederico Nobre, chefe de an\u00e1lises da Warren Investimentos, comenta: &#8220;Essa not\u00edcia pegou todo o mundo de surpresa. E \u00e9 bem negativa. N\u00e3o \u00e9 de hoje que vem essa fritura contra Prates &#8211; desde a hist\u00f3ria da reten\u00e7\u00e3o dos dividendos. Prates chegou a brincar com isso. Avalio como bastante negativa, porque passa inseguran\u00e7a. Prates vinha fazendo boa gest\u00e3o, uma gest\u00e3o tranquila. Ele tinha di\u00e1logo com acionistas, com o Congresso, com o mercado, e navegava bem nesse sentido.&#8221;<\/p>\n\n\n\n<p>Nobre acrescenta: &#8220;J\u00e1 a Magda Chambriard tem um vi\u00e9s mais desenvolvimentista, como o do Alo\u00edsio Mercadante (atual presidente do BNDES), que vinha criticando o pagamento de dividendos &#8211; \u00e9 um vi\u00e9s menos pr\u00f3-mercado que o Prates e outros presidentes recentes da Petrobras. N\u00e3o \u00e9 \u00e0 toa que estamos vendo essa rea\u00e7\u00e3o negativa no <em>after market<\/em>. Amanh\u00e3 a bolsa deve ter repercuss\u00e3o bem negativa tamb\u00e9m. O mercado deve refletir mal essa not\u00edcia, em fun\u00e7\u00e3o dessa mudan\u00e7a de expectativas, de incerteza com a troca de comando da Petrobras.&#8221;<\/p>\n\n\n\n<p>Os analistas projetam uma Bolsa em queda nesta quarta e uma <a class=\"suno-keyword\" target=\"_blank\" data-force=\"no\" data-priority=\"1\" href=\"https:\/\/www.suno.com.br\/artigos\/alta-do-dolar\/\" rel=\"noopener\">alta do d\u00f3lar<\/a>.  <\/p>\n\n\n\n<figure class=\"wp-block-image size-large\"><img loading=\"lazy\" decoding=\"async\" width=\"1024\" height=\"682\" src=\"https:\/\/files.sunoresearch.com.br\/n\/uploads\/2024\/05\/Magda-Chambriard-1024x682.jpg\" alt=\"\" class=\"wp-image-554385\" srcset=\"https:\/\/files.sunoresearch.com.br\/n\/uploads\/2024\/05\/Magda-Chambriard-1024x682.jpg 1024w, https:\/\/files.sunoresearch.com.br\/n\/uploads\/2024\/05\/Magda-Chambriard-300x200.jpg 300w, https:\/\/files.sunoresearch.com.br\/n\/uploads\/2024\/05\/Magda-Chambriard-768x511.jpg 768w, https:\/\/files.sunoresearch.com.br\/n\/uploads\/2024\/05\/Magda-Chambriard-150x100.jpg 150w, https:\/\/files.sunoresearch.com.br\/n\/uploads\/2024\/05\/Magda-Chambriard.jpg 1250w\" sizes=\"(max-width: 1024px) 100vw, 1024px\" \/><figcaption class=\"wp-element-caption\">Ex-diretora-geral da Ag\u00eancia Nacional do Petr\u00f3leo, G\u00e1s Natural e Biocombust\u00edveis (ANP), Magda Chambriard \u00e9 a nova presidente da Petrobras (T\u00e2nia R\u00eago\/Ag\u00eancia Brasil)<\/figcaption><\/figure>\n\n\n\n<h2 class=\"wp-block-heading\">Quem \u00e9 Magda Chambriard, que deve assumir a presid\u00eancia da Petrobras<\/h2>\n\n\n\n<p>Ap\u00f3s receber a not\u00edcia de que sairia do comando da Petrobras, Prates afirmou que o governo indicou Magda Chambriard para substitu\u00ed-lo. Magda, <strong>ex-diretora-geral da ANP<\/strong> no governo de Dilma Rousseff, entre 2012 e 2016, trabalhou como diretora da Assessoria Fiscal da Assembleia Legislativa do Rio de Janeiro (Alerj), desde abril de 2021.<\/p>\n\n\n\n<p>&#8220;\u00c9 mestre em Engenharia Qu\u00edmica pela COPPE\/UFRJ (1989) e Engenheira Civil pela UFRJ (1979), e se especializou em engenharia de reservat\u00f3rios e avalia\u00e7\u00e3o de forma\u00e7\u00f5es e posteriormente em produ\u00e7\u00e3o de<br>petr\u00f3leo e g\u00e1s, na hoje denominada Universidade Petrobras&#8221;, diz a Petrobras.<\/p>\n\n\n\n<p>Ela \u00e9 pr\u00f3xima a Andr\u00e9 Ceciliano, um dos nomes fortes do PT no Rio de Janeiro, ex-presidente da Alerj e hoje secret\u00e1rio de Assuntos Federativos, ligado ao ministro Alexandre Padilha, das Rela\u00e7\u00f5es Institucionais. <\/p>\n\n\n\n<p>Magda ser\u00e1 a sexta pessoa a presidir a Petrobras em tr\u00eas anos &#8211; a segunda no governo Lula. Ela fez tamb\u00e9m parte da equipe de transi\u00e7\u00e3o do governo Lula na \u00e1rea de energia e chegou a ser cotada para assumir a PPSA, estatal que administra os recursos do governo no pr\u00e9-sal.<\/p>\n\n\n\n<p>Magda foi <strong>funcion\u00e1ria da Petrobras<\/strong>. Ela entrou como estagi\u00e1ria em 1980 e atuou na \u00e1rea de Explora\u00e7\u00e3o &amp; Produ\u00e7\u00e3o. Estava na ANP quando a ag\u00eancia realizou o primeiro leil\u00e3o para explora\u00e7\u00e3o de \u00e1reas do pr\u00e9-sal pelo modelo de partilha.<\/p>\n\n\n\n<p>Segundo a assessoria da empresa, Magda ter\u00e1 como miss\u00f5es destravar o licenciamento ambiental da Margem Equatorial, nova fronteira explorat\u00f3ria depois do pr\u00e9-sal; retomar <strong>investimentos da Petrobras<\/strong>, fazendo a empresa voltar a ser a grande indutora de investimentos; conduzir a estatal rumo \u00e0 transi\u00e7\u00e3o energ\u00e9tica.<\/p>\n\n\n\n<p>Recentemente, em artigo para a revista Brasil Energia ela defendeu a amplia\u00e7\u00e3o de investimentos no refino. Em seu perfil no LinkedIn argumentou a favor da explora\u00e7\u00e3o na Margem Equatorial como urgente para a <strong>Petrobras<\/strong> recompor suas reservas.<br><\/p>\n\n\n\t<p>\n\t\t<a href=\"https:\/\/lp.suno.com.br\/planilha-da-vida-financeira\/\" target=\"_blank\" data-element=\"shortcode-suno-banner\" title=\"Banner SUNO, clique e saiba mais\">\n\t\t\t<picture>\n\t\t\t\t<source media=\"(max-width: 500px)\" srcset=\"https:\/\/files.sunoresearch.com.br\/n\/uploads\/2023\/04\/400x300-Planilha-vida-financeira-true.png\">\n\t\t\t\t<img class=\"newsContent__article__imgCapa newsContent__article__imgCapa--banner\"\n\t\t\t\t\tsrc=\"https:\/\/files.sunoresearch.com.br\/n\/uploads\/2023\/04\/1420x240-Planilha-vida-financeira-true.png\"\n\t\t\t\t\tdata-promo-id=\"383123\"\t\t\t\t\t\t\t\t\t\twidth='1420' height='240'\t\t\t\t\talt=\"https:\/\/files.sunoresearch.com.br\/n\/uploads\/2023\/04\/1420x240-Planilha-vida-financeira-true.png\"\n\t\t\t\t>\n\t\t\t<\/picture>\n\t\t<\/a>\n\t<\/p>\n\n\n","protected":false},"excerpt":{"rendered":"<p>O presidente da Petrobras&nbsp;(PETR4) Jean Paul Prates foi demitido da presid\u00eancia da estatal nesta ter\u00e7a (14). Prates foi comunicado no in\u00edcio da noite pelo presidente da Rep\u00fablica Luiz In\u00e1cio Lula da Silva sobre sua sa\u00edda do comando da estatal. A Petrobras confirmou o afastamento de Prates em fato relevante. Jean Paul Prates, presidente da Petrobras [&hellip;]<\/p>\n","protected":false},"author":98,"featured_media":543443,"comment_status":"closed","ping_status":"closed","sticky":false,"template":"","format":"standard","meta":[],"categories":[61],"tags":[286,595],"suno_strategy":[],"class_list":["post-554353","post","type-post","status-publish","format-standard","has-post-thumbnail","hentry","category-politica","tag-acoes","tag-petrobras-petr4"],"yoast_head":"<!-- This site is optimized with the Yoast SEO plugin v24.4 - https:\/\/yoast.com\/wordpress\/plugins\/seo\/ -->\n<title>Petrobras (PETR4): Jean Paul Prates \u00e9 demitido da presid\u00eancia<\/title>\n<meta name=\"description\" content=\"O presidente da Petrobras (PETR4) Jean Paul Prates foi demitido do cargo nesta ter\u00e7a (14), comunicou a empresa em fato relevante\" \/>\n<meta name=\"robots\" content=\"index, follow, max-snippet:-1, max-image-preview:large, max-video-preview:-1\" \/>\n<link rel=\"canonical\" href=\"https:\/\/www.suno.com.br\/noticias\/petrobras-petr4-jean-paul-prates-demitido-presidencia\/\" \/>\n<meta property=\"og:locale\" content=\"pt_BR\" \/>\n<meta property=\"og:type\" content=\"article\" \/>\n<meta property=\"og:title\" content=\"Petrobras (PETR4): Jean Paul Prates \u00e9 demitido da presid\u00eancia\" \/>\n<meta property=\"og:description\" content=\"O presidente da Petrobras (PETR4) Jean Paul Prates foi demitido do cargo nesta ter\u00e7a (14), comunicou a empresa em fato relevante\" \/>\n<meta property=\"og:url\" content=\"https:\/\/www.suno.com.br\/noticias\/petrobras-petr4-jean-paul-prates-demitido-presidencia\/\" \/>\n<meta property=\"og:site_name\" content=\"Suno Not\u00edcias\" \/>\n<meta property=\"article:publisher\" content=\"https:\/\/facebook.com\/sunoresearch\" \/>\n<meta property=\"og:image\" content=\"https:\/\/files.sunoresearch.com.br\/n\/uploads\/2024\/04\/52373389277_d33679ec23_k.jpg\" \/>\n\t<meta property=\"og:image:width\" content=\"2048\" \/>\n\t<meta property=\"og:image:height\" content=\"1365\" \/>\n\t<meta property=\"og:image:type\" content=\"image\/jpeg\" \/>\n<meta name=\"author\" content=\"Marco Ant\u00f4nio Lopes\" \/>\n<meta name=\"twitter:card\" content=\"summary_large_image\" \/>\n<meta name=\"twitter:creator\" content=\"@sunoresearch\" \/>\n<meta name=\"twitter:site\" content=\"@sunoresearch\" \/>\n<meta name=\"twitter:label1\" content=\"Escrito por\" \/>\n\t<meta name=\"twitter:data1\" content=\"Marco Ant\u00f4nio Lopes\" \/>\n\t<meta name=\"twitter:label2\" content=\"Est. tempo de leitura\" \/>\n\t<meta name=\"twitter:data2\" content=\"11 minutos\" \/>\n<script type=\"application\/ld+json\" class=\"yoast-schema-graph\">{\"@context\":\"https:\/\/schema.org\",\"@graph\":[{\"@type\":\"NewsArticle\",\"@id\":\"https:\/\/www.suno.com.br\/noticias\/petrobras-petr4-jean-paul-prates-demitido-presidencia\/#article\",\"isPartOf\":{\"@id\":\"https:\/\/www.suno.com.br\/noticias\/petrobras-petr4-jean-paul-prates-demitido-presidencia\/\"},\"author\":{\"name\":\"Marco Ant\u00f4nio Lopes\",\"@id\":\"https:\/\/www.suno.com.br\/noticias\/#\/schema\/person\/829bbe8d57f84333b966b96229c6bf5f\"},\"headline\":\"Jean Paul Prates \u00e9 demitido da Petrobras (PETR4) por Lula; ex-diretora da ANP vai comandar companhia\",\"datePublished\":\"2024-05-15T00:07:22+00:00\",\"dateModified\":\"2024-05-15T04:44:21+00:00\",\"mainEntityOfPage\":{\"@id\":\"https:\/\/www.suno.com.br\/noticias\/petrobras-petr4-jean-paul-prates-demitido-presidencia\/\"},\"wordCount\":2136,\"publisher\":{\"@id\":\"https:\/\/www.suno.com.br\/noticias\/#organization\"},\"image\":{\"@id\":\"https:\/\/www.suno.com.br\/noticias\/petrobras-petr4-jean-paul-prates-demitido-presidencia\/#primaryimage\"},\"thumbnailUrl\":\"https:\/\/files.sunoresearch.com.br\/n\/uploads\/2024\/04\/52373389277_d33679ec23_k.jpg\",\"keywords\":[\"A\u00e7\u00f5es\",\"Petrobras (PETR4)\"],\"articleSection\":[\"Pol\u00edtica\"],\"inLanguage\":\"pt-BR\"},{\"@type\":\"WebPage\",\"@id\":\"https:\/\/www.suno.com.br\/noticias\/petrobras-petr4-jean-paul-prates-demitido-presidencia\/\",\"url\":\"https:\/\/www.suno.com.br\/noticias\/petrobras-petr4-jean-paul-prates-demitido-presidencia\/\",\"name\":\"Petrobras (PETR4): Jean Paul Prates \u00e9 demitido da presid\u00eancia\",\"isPartOf\":{\"@id\":\"https:\/\/www.suno.com.br\/noticias\/#website\"},\"primaryImageOfPage\":{\"@id\":\"https:\/\/www.suno.com.br\/noticias\/petrobras-petr4-jean-paul-prates-demitido-presidencia\/#primaryimage\"},\"image\":{\"@id\":\"https:\/\/www.suno.com.br\/noticias\/petrobras-petr4-jean-paul-prates-demitido-presidencia\/#primaryimage\"},\"thumbnailUrl\":\"https:\/\/files.sunoresearch.com.br\/n\/uploads\/2024\/04\/52373389277_d33679ec23_k.jpg\",\"datePublished\":\"2024-05-15T00:07:22+00:00\",\"dateModified\":\"2024-05-15T04:44:21+00:00\",\"description\":\"O presidente da Petrobras (PETR4) Jean Paul Prates foi demitido do cargo nesta ter\u00e7a (14), comunicou a empresa em fato relevante\",\"breadcrumb\":{\"@id\":\"https:\/\/www.suno.com.br\/noticias\/petrobras-petr4-jean-paul-prates-demitido-presidencia\/#breadcrumb\"},\"inLanguage\":\"pt-BR\",\"potentialAction\":[{\"@type\":\"ReadAction\",\"target\":[\"https:\/\/www.suno.com.br\/noticias\/petrobras-petr4-jean-paul-prates-demitido-presidencia\/\"]}]},{\"@type\":\"ImageObject\",\"inLanguage\":\"pt-BR\",\"@id\":\"https:\/\/www.suno.com.br\/noticias\/petrobras-petr4-jean-paul-prates-demitido-presidencia\/#primaryimage\",\"url\":\"https:\/\/files.sunoresearch.com.br\/n\/uploads\/2024\/04\/52373389277_d33679ec23_k.jpg\",\"contentUrl\":\"https:\/\/files.sunoresearch.com.br\/n\/uploads\/2024\/04\/52373389277_d33679ec23_k.jpg\",\"width\":2048,\"height\":1365,\"caption\":\"Jean Paul Prates, presidente da Petrobras (PETR4). Foto: Geraldo Magela\/Ag\u00eancia Senado\"},{\"@type\":\"BreadcrumbList\",\"@id\":\"https:\/\/www.suno.com.br\/noticias\/petrobras-petr4-jean-paul-prates-demitido-presidencia\/#breadcrumb\",\"itemListElement\":[{\"@type\":\"ListItem\",\"position\":1,\"name\":\"Not\u00edcias\",\"item\":\"https:\/\/www.suno.com.br\/noticias\/\"},{\"@type\":\"ListItem\",\"position\":2,\"name\":\"Pol\u00edtica\",\"item\":\"https:\/\/www.suno.com.br\/noticias\/politica\/\"},{\"@type\":\"ListItem\",\"position\":3,\"name\":\"Jean Paul Prates \u00e9 demitido da Petrobras (PETR4) por Lula; ex-diretora da ANP vai comandar companhia\"}]},{\"@type\":\"WebSite\",\"@id\":\"https:\/\/www.suno.com.br\/noticias\/#website\",\"url\":\"https:\/\/www.suno.com.br\/noticias\/\",\"name\":\"Suno Not\u00edcias\",\"description\":\"Seu portal de informa\u00e7\u00e3o sobre o mundo dos investimentos\",\"publisher\":{\"@id\":\"https:\/\/www.suno.com.br\/noticias\/#organization\"},\"potentialAction\":[{\"@type\":\"SearchAction\",\"target\":{\"@type\":\"EntryPoint\",\"urlTemplate\":\"https:\/\/www.suno.com.br\/noticias\/?s={search_term_string}\"},\"query-input\":{\"@type\":\"PropertyValueSpecification\",\"valueRequired\":true,\"valueName\":\"search_term_string\"}}],\"inLanguage\":\"pt-BR\"},{\"@type\":\"Organization\",\"@id\":\"https:\/\/www.suno.com.br\/noticias\/#organization\",\"name\":\"Suno Not\u00edcias\",\"url\":\"https:\/\/www.suno.com.br\/noticias\/\",\"logo\":{\"@type\":\"ImageObject\",\"inLanguage\":\"pt-BR\",\"@id\":\"https:\/\/www.suno.com.br\/noticias\/#\/schema\/logo\/image\/\",\"url\":\"https:\/\/files.sunoresearch.com.br\/n\/uploads\/2021\/09\/suno-logo.png\",\"contentUrl\":\"https:\/\/files.sunoresearch.com.br\/n\/uploads\/2021\/09\/suno-logo.png\",\"width\":180,\"height\":180,\"caption\":\"Suno Not\u00edcias\"},\"image\":{\"@id\":\"https:\/\/www.suno.com.br\/noticias\/#\/schema\/logo\/image\/\"},\"sameAs\":[\"https:\/\/facebook.com\/sunoresearch\",\"https:\/\/x.com\/sunoresearch\",\"https:\/\/www.instagram.com\/suno\",\"https:\/\/www.linkedin.com\/company\/suno-research\/\",\"https:\/\/www.youtube.com\/c\/sunoresearch\"]},{\"@type\":\"Person\",\"@id\":\"https:\/\/www.suno.com.br\/noticias\/#\/schema\/person\/829bbe8d57f84333b966b96229c6bf5f\",\"name\":\"Marco Ant\u00f4nio Lopes\",\"image\":{\"@type\":\"ImageObject\",\"inLanguage\":\"pt-BR\",\"@id\":\"https:\/\/www.suno.com.br\/noticias\/#\/schema\/person\/image\/\",\"url\":\"https:\/\/secure.gravatar.com\/avatar\/385167b012fbc1cde32c5446ee253313?s=96&r=g\",\"contentUrl\":\"https:\/\/secure.gravatar.com\/avatar\/385167b012fbc1cde32c5446ee253313?s=96&r=g\",\"caption\":\"Marco Ant\u00f4nio Lopes\"},\"description\":\"Jornalista, \u00e9 editor no Suno Not\u00edcias. Trabalhou nas revistas Playboy, Super, Veja Comer &amp; Beber, Homem Vogue e Universo Masculino, al\u00e9m dos portais Abril.com, R7, nas editorias de Home, Esportes, Hora 7, Entretenimento e Geral, e Eu Quero Investir. Autor do livro Bruce Lee: Definitivo (Editora Conrad). Colaborou nas revistas Nova, Veja SP, Grandes Guerras, Placar, Bizz, Casa Claudia e Quatro Rodas.\",\"url\":\"https:\/\/www.suno.com.br\/noticias\/author\/marco-lopes\/\"}]}<\/script>\n<!-- \/ Yoast SEO plugin. -->","yoast_head_json":{"title":"Petrobras (PETR4): Jean Paul Prates \u00e9 demitido da presid\u00eancia","description":"O presidente da Petrobras (PETR4) Jean Paul Prates foi demitido do cargo nesta ter\u00e7a (14), comunicou a empresa em fato relevante","robots":{"index":"index","follow":"follow","max-snippet":"max-snippet:-1","max-image-preview":"max-image-preview:large","max-video-preview":"max-video-preview:-1"},"canonical":"https:\/\/www.suno.com.br\/noticias\/petrobras-petr4-jean-paul-prates-demitido-presidencia\/","og_locale":"pt_BR","og_type":"article","og_title":"Petrobras (PETR4): Jean Paul Prates \u00e9 demitido da presid\u00eancia","og_description":"O presidente da Petrobras (PETR4) Jean Paul Prates foi demitido do cargo nesta ter\u00e7a (14), comunicou a empresa em fato relevante","og_url":"https:\/\/www.suno.com.br\/noticias\/petrobras-petr4-jean-paul-prates-demitido-presidencia\/","og_site_name":"Suno Not\u00edcias","article_publisher":"https:\/\/facebook.com\/sunoresearch","og_image":[{"width":2048,"height":1365,"url":"https:\/\/files.sunoresearch.com.br\/n\/uploads\/2024\/04\/52373389277_d33679ec23_k.jpg","type":"image\/jpeg"}],"author":"Marco Ant\u00f4nio Lopes","twitter_card":"summary_large_image","twitter_creator":"@sunoresearch","twitter_site":"@sunoresearch","twitter_misc":{"Escrito por":"Marco Ant\u00f4nio Lopes","Est. tempo de leitura":"11 minutos"},"schema":{"@context":"https:\/\/schema.org","@graph":[{"@type":"NewsArticle","@id":"https:\/\/www.suno.com.br\/noticias\/petrobras-petr4-jean-paul-prates-demitido-presidencia\/#article","isPartOf":{"@id":"https:\/\/www.suno.com.br\/noticias\/petrobras-petr4-jean-paul-prates-demitido-presidencia\/"},"author":{"name":"Marco Ant\u00f4nio Lopes","@id":"https:\/\/www.suno.com.br\/noticias\/#\/schema\/person\/829bbe8d57f84333b966b96229c6bf5f"},"headline":"Jean Paul Prates \u00e9 demitido da Petrobras (PETR4) por Lula; ex-diretora da ANP vai comandar companhia","datePublished":"2024-05-15T00:07:22+00:00","dateModified":"2024-05-15T04:44:21+00:00","mainEntityOfPage":{"@id":"https:\/\/www.suno.com.br\/noticias\/petrobras-petr4-jean-paul-prates-demitido-presidencia\/"},"wordCount":2136,"publisher":{"@id":"https:\/\/www.suno.com.br\/noticias\/#organization"},"image":{"@id":"https:\/\/www.suno.com.br\/noticias\/petrobras-petr4-jean-paul-prates-demitido-presidencia\/#primaryimage"},"thumbnailUrl":"https:\/\/files.sunoresearch.com.br\/n\/uploads\/2024\/04\/52373389277_d33679ec23_k.jpg","keywords":["A\u00e7\u00f5es","Petrobras (PETR4)"],"articleSection":["Pol\u00edtica"],"inLanguage":"pt-BR"},{"@type":"WebPage","@id":"https:\/\/www.suno.com.br\/noticias\/petrobras-petr4-jean-paul-prates-demitido-presidencia\/","url":"https:\/\/www.suno.com.br\/noticias\/petrobras-petr4-jean-paul-prates-demitido-presidencia\/","name":"Petrobras (PETR4): Jean Paul Prates \u00e9 demitido da presid\u00eancia","isPartOf":{"@id":"https:\/\/www.suno.com.br\/noticias\/#website"},"primaryImageOfPage":{"@id":"https:\/\/www.suno.com.br\/noticias\/petrobras-petr4-jean-paul-prates-demitido-presidencia\/#primaryimage"},"image":{"@id":"https:\/\/www.suno.com.br\/noticias\/petrobras-petr4-jean-paul-prates-demitido-presidencia\/#primaryimage"},"thumbnailUrl":"https:\/\/files.sunoresearch.com.br\/n\/uploads\/2024\/04\/52373389277_d33679ec23_k.jpg","datePublished":"2024-05-15T00:07:22+00:00","dateModified":"2024-05-15T04:44:21+00:00","description":"O presidente da Petrobras (PETR4) Jean Paul Prates foi demitido do cargo nesta ter\u00e7a (14), comunicou a empresa em fato relevante","breadcrumb":{"@id":"https:\/\/www.suno.com.br\/noticias\/petrobras-petr4-jean-paul-prates-demitido-presidencia\/#breadcrumb"},"inLanguage":"pt-BR","potentialAction":[{"@type":"ReadAction","target":["https:\/\/www.suno.com.br\/noticias\/petrobras-petr4-jean-paul-prates-demitido-presidencia\/"]}]},{"@type":"ImageObject","inLanguage":"pt-BR","@id":"https:\/\/www.suno.com.br\/noticias\/petrobras-petr4-jean-paul-prates-demitido-presidencia\/#primaryimage","url":"https:\/\/files.sunoresearch.com.br\/n\/uploads\/2024\/04\/52373389277_d33679ec23_k.jpg","contentUrl":"https:\/\/files.sunoresearch.com.br\/n\/uploads\/2024\/04\/52373389277_d33679ec23_k.jpg","width":2048,"height":1365,"caption":"Jean Paul Prates, presidente da Petrobras (PETR4). Foto: Geraldo Magela\/Ag\u00eancia Senado"},{"@type":"BreadcrumbList","@id":"https:\/\/www.suno.com.br\/noticias\/petrobras-petr4-jean-paul-prates-demitido-presidencia\/#breadcrumb","itemListElement":[{"@type":"ListItem","position":1,"name":"Not\u00edcias","item":"https:\/\/www.suno.com.br\/noticias\/"},{"@type":"ListItem","position":2,"name":"Pol\u00edtica","item":"https:\/\/www.suno.com.br\/noticias\/politica\/"},{"@type":"ListItem","position":3,"name":"Jean Paul Prates \u00e9 demitido da Petrobras (PETR4) por Lula; ex-diretora da ANP vai comandar companhia"}]},{"@type":"WebSite","@id":"https:\/\/www.suno.com.br\/noticias\/#website","url":"https:\/\/www.suno.com.br\/noticias\/","name":"Suno Not\u00edcias","description":"Seu portal de informa\u00e7\u00e3o sobre o mundo dos investimentos","publisher":{"@id":"https:\/\/www.suno.com.br\/noticias\/#organization"},"potentialAction":[{"@type":"SearchAction","target":{"@type":"EntryPoint","urlTemplate":"https:\/\/www.suno.com.br\/noticias\/?s={search_term_string}"},"query-input":{"@type":"PropertyValueSpecification","valueRequired":true,"valueName":"search_term_string"}}],"inLanguage":"pt-BR"},{"@type":"Organization","@id":"https:\/\/www.suno.com.br\/noticias\/#organization","name":"Suno Not\u00edcias","url":"https:\/\/www.suno.com.br\/noticias\/","logo":{"@type":"ImageObject","inLanguage":"pt-BR","@id":"https:\/\/www.suno.com.br\/noticias\/#\/schema\/logo\/image\/","url":"https:\/\/files.sunoresearch.com.br\/n\/uploads\/2021\/09\/suno-logo.png","contentUrl":"https:\/\/files.sunoresearch.com.br\/n\/uploads\/2021\/09\/suno-logo.png","width":180,"height":180,"caption":"Suno Not\u00edcias"},"image":{"@id":"https:\/\/www.suno.com.br\/noticias\/#\/schema\/logo\/image\/"},"sameAs":["https:\/\/facebook.com\/sunoresearch","https:\/\/x.com\/sunoresearch","https:\/\/www.instagram.com\/suno","https:\/\/www.linkedin.com\/company\/suno-research\/","https:\/\/www.youtube.com\/c\/sunoresearch"]},{"@type":"Person","@id":"https:\/\/www.suno.com.br\/noticias\/#\/schema\/person\/829bbe8d57f84333b966b96229c6bf5f","name":"Marco Ant\u00f4nio Lopes","image":{"@type":"ImageObject","inLanguage":"pt-BR","@id":"https:\/\/www.suno.com.br\/noticias\/#\/schema\/person\/image\/","url":"https:\/\/secure.gravatar.com\/avatar\/385167b012fbc1cde32c5446ee253313?s=96&r=g","contentUrl":"https:\/\/secure.gravatar.com\/avatar\/385167b012fbc1cde32c5446ee253313?s=96&r=g","caption":"Marco Ant\u00f4nio Lopes"},"description":"Jornalista, \u00e9 editor no Suno Not\u00edcias. Trabalhou nas revistas Playboy, Super, Veja Comer &amp; Beber, Homem Vogue e Universo Masculino, al\u00e9m dos portais Abril.com, R7, nas editorias de Home, Esportes, Hora 7, Entretenimento e Geral, e Eu Quero Investir. Autor do livro Bruce Lee: Definitivo (Editora Conrad). Colaborou nas revistas Nova, Veja SP, Grandes Guerras, Placar, Bizz, Casa Claudia e Quatro Rodas.","url":"https:\/\/www.suno.com.br\/noticias\/author\/marco-lopes\/"}]}},"default_loop_html":"<div class=\"cardsPage__listCard__boxs\"><div class=\"cardsPage__listCard__boxs__img\"><a href=\"https:\/\/www.suno.com.br\/noticias\/petrobras-petr4-jean-paul-prates-demitido-presidencia\/\"><img class=\"mask\" src=\"https:\/\/www.suno.com.br\/noticias\/wp-content\/themes\/suno\/resources\/images\/spotlight\/spotlight1img\/bg-mask.png\" alt=\"Image Mask\"\/><img src=\"https:\/\/files.sunoresearch.com.br\/n\/uploads\/2024\/04\/52373389277_d33679ec23_k-400x200.jpg\" alt=\"Jean Paul Prates \u00e9 demitido da Petrobras (PETR4) por Lula; ex-diretora da ANP vai comandar companhia\"\/><\/a><span class=\"spotlightCategory\"><a href=\"https:\/\/www.suno.com.br\/noticias\/politica\/\">Pol\u00edtica<\/a><\/span><\/div><div class=\"cardsPage__listCard__boxs__content\"><a href=\"https:\/\/www.suno.com.br\/noticias\/petrobras-petr4-jean-paul-prates-demitido-presidencia\/\"><h2 class=\"content__title\">Jean Paul Prates \u00e9 demitido da Petrobras (PETR4) por Lula; ex-diretora da ANP vai comandar companhia<\/h2><\/a><div class=\"newsContent__article__meta\"><div class=\"newsContent__article__meta__authorBox\"><a href=\"https:\/\/www.suno.com.br\/noticias\/author\/marco-lopes\/\" class=\"authorBox__avatar noMobi\"><img src=\"https:\/\/secure.gravatar.com\/avatar\/385167b012fbc1cde32c5446ee253313?s=96&#038;r=g\" alt=\"Marco Ant\u00f4nio Lopes\"><\/a><div class=\"authorBox__name\"><span>por\n\t\t\t<a href=\"https:\/\/www.suno.com.br\/noticias\/author\/marco-lopes\/\"><span itemprop=\"author\">Marco Ant\u00f4nio Lopes<\/span><\/a><\/span><time datetime=\"2024-05-14T21:07:22-03:00\" itemprop=\"datePublished\">14\/05\/2024 21:07<\/time><\/div><\/div><\/div><\/div><\/div>","single_layout":"posts","amp_enabled":true,"_links":{"self":[{"href":"https:\/\/www.suno.com.br\/noticias\/wp-json\/wp\/v2\/posts\/554353"}],"collection":[{"href":"https:\/\/www.suno.com.br\/noticias\/wp-json\/wp\/v2\/posts"}],"about":[{"href":"https:\/\/www.suno.com.br\/noticias\/wp-json\/wp\/v2\/types\/post"}],"author":[{"embeddable":true,"href":"https:\/\/www.suno.com.br\/noticias\/wp-json\/wp\/v2\/users\/98"}],"replies":[{"embeddable":true,"href":"https:\/\/www.suno.com.br\/noticias\/wp-json\/wp\/v2\/comments?post=554353"}],"version-history":[{"count":2,"href":"https:\/\/www.suno.com.br\/noticias\/wp-json\/wp\/v2\/posts\/554353\/revisions"}],"predecessor-version":[{"id":554423,"href":"https:\/\/www.suno.com.br\/noticias\/wp-json\/wp\/v2\/posts\/554353\/revisions\/554423"}],"wp:featuredmedia":[{"embeddable":true,"href":"https:\/\/www.suno.com.br\/noticias\/wp-json\/wp\/v2\/media\/543443"}],"wp:attachment":[{"href":"https:\/\/www.suno.com.br\/noticias\/wp-json\/wp\/v2\/media?parent=554353"}],"wp:term":[{"taxonomy":"category","embeddable":true,"href":"https:\/\/www.suno.com.br\/noticias\/wp-json\/wp\/v2\/categories?post=554353"},{"taxonomy":"post_tag","embeddable":true,"href":"https:\/\/www.suno.com.br\/noticias\/wp-json\/wp\/v2\/tags?post=554353"},{"taxonomy":"suno_strategy","embeddable":true,"href":"https:\/\/www.suno.com.br\/noticias\/wp-json\/wp\/v2\/suno_strategy?post=554353"}],"curies":[{"name":"wp","href":"https:\/\/api.w.org\/{rel}","templated":true}]}}