{"id":554051,"date":"2024-05-14T13:58:06","date_gmt":"2024-05-14T16:58:06","guid":{"rendered":"https:\/\/www.suno.com.br\/noticias\/?p=554051"},"modified":"2024-05-14T21:09:41","modified_gmt":"2024-05-15T00:09:41","slug":"selic-projecoes-2024-copom-ata-gpj","status":"publish","type":"post","link":"https:\/\/www.suno.com.br\/noticias\/selic-projecoes-2024-copom-ata-gpj\/","title":{"rendered":"Selic: ap\u00f3s ata do Copom, analistas se dividem quanto a proje\u00e7\u00f5es para 2024; confira"},"content":{"rendered":"<p>Em relat\u00f3rios recentes, o mercado repercutiu pontos da Ata do <a href=\"https:\/\/www.suno.com.br\/artigos\/copom\/\">Comit\u00ea de Pol\u00edtica Monet\u00e1ria (Copom)<\/a>, divulgada nesta ter\u00e7a-feira (14), dando proje\u00e7\u00f5es distintas para a taxa <strong>Selic<\/strong> ao final de 2024. Para algumas casas, a equipe do Banco Central (BC) deve reduzir os juros em mais 25 pontos-base na reuni\u00e3o de junho.<\/p>\t<div class=\"wrapper-featured-image\">\n\t\t<figure class=\"spotlightImg\">\n\n\t\t\t<picture>\n\t\t\t\t<source media=\"(max-width: 768px)\" srcset=\"https:\/\/files.sunoresearch.com.br\/n\/uploads\/2024\/05\/iStock-1269411499-1-400x200.jpg\">\n\t\t\t\t<img loading=\"lazy\" decoding=\"async\" class=\"newsContent__article__imgCapa lazyloadDisabled \" src=\"https:\/\/files.sunoresearch.com.br\/n\/uploads\/2024\/05\/iStock-1269411499-1-800x450.jpg\" width=\"800\" height=\"450\" alt=\"Selic: ap\u00f3s ata do Copom, analistas se dividem quanto a proje\u00e7\u00f5es para 2024; confira\" fetchpriority=high \/>\n\t\t\t<\/picture>\n\n\t\t\t<figcaption class=\"wp-caption-text wp-caption-text--show\">SNID11. Foto: iStock.<\/figcaption>\n\t\t<\/figure>\n\t<\/div>\n\n\n\n\n\n\n\n\t<p>\n\t\t<a href=\"\" target=\"_blank\" data-element=\"shortcode-suno-banner\" title=\"Banner SUNO, clique e saiba mais\">\n\t\t\t<picture>\n\t\t\t\t<source media=\"(max-width: 500px)\" srcset=\"\">\n\t\t\t\t<img class=\"newsContent__article__imgCapa newsContent__article__imgCapa--banner\"\n\t\t\t\t\tsrc=\"\"\n\t\t\t\t\tdata-promo-id=\"240038\"\t\t\t\t\t\t\t\t\t\t\t\t\t\t\talt=\"\"\n\t\t\t\t>\n\t\t\t<\/picture>\n\t\t<\/a>\n\t<\/p>\n\n\n\n\n\n<p>Segundo a <strong>ata do Copom<\/strong>, os diretores se dividiram entre um eventual custo reputacional de n\u00e3o seguir um \u201cguidance\u201d, mesmo que condicional, e o risco de perda de credibilidade sobre o compromisso com o combate \u00e0 infla\u00e7\u00e3o e com a ancoragem das expectativas.<\/p>\n\n\n\n<p>\u201cConsideraram, para tanto, que o cen\u00e1rio esperado n\u00e3o se confirmou em fun\u00e7\u00e3o da desancoragem adicional das expectativas, da eleva\u00e7\u00e3o das proje\u00e7\u00f5es de <strong>infla\u00e7\u00e3o<\/strong>, do cen\u00e1rio internacional mais adverso e da atividade econ\u00f4mica mais din\u00e2mica do que esperado\u201d, pontuaram os membros do <strong>Copom<\/strong> no documento.<\/p>\n\n\n\n<p>Para o time de economistas da AZ Quest, liderado por Alexandre Manoel, aos olhos do mercado, tal discuss\u00e3o \u00e9 in\u00f3cua, pois apesar de a equipe considerar como &#8220;guidance&#8221; a ata de mar\u00e7o, na pr\u00e1tica, este j\u00e1 havia sido alterado, ap\u00f3s a comunica\u00e7\u00e3o do presidente <a href=\"https:\/\/www.suno.com.br\/tudo-sobre\/roberto-campos-neto\/\"><strong>Roberto Campos Neto<\/strong><\/a>, em evento aberto na \u00faltima reuni\u00e3o do FMI, em Washington.<\/p>\n\n\n\n<p>&#8220;Assim, a explica\u00e7\u00e3o somente mostrou que houve uma descoordena\u00e7\u00e3o no comit\u00ea, de modo que um erro (da comunica\u00e7\u00e3o aberta) foi seguido por outro&#8221;, escrevem os analistas.<\/p>\n\n\n\n<p>Ainda para a AZ Quest, apesar de os quatro diretores dissidentes terem justificativa t\u00e9cnica, n\u00e3o perceberam que esse comportamento iria sinalizar ou sugerir subservi\u00eancia ao Planalto, por terem sido indicados pelo presidente Lula. A suposta a\u00e7\u00e3o de leni\u00eancia, portanto, provocaria um aumento da desancoragem das expectativas, perda de credibilidade e maior dificuldade para dar prosseguimento ao atual ciclo de afrouxamento monet\u00e1rio, o que terminaria levando o pa\u00eds a uma <strong>taxa terminal de juros <\/strong>maior.<\/p>\n\n\n\n<p>&#8220;Resta-nos aguardar os pr\u00f3ximos dados e uma corre\u00e7\u00e3o no gerenciamento das expectativas, tanto por parte do Banco Central quanto dos Minist\u00e9rios da Fazenda e do Planejamento&#8221;, completa a casa.<\/p>\n\n\n\n\t<div data-element=\"shortcode-read-more\" class=\"readToo\">\n\t\t\t\t<span class=\"readToo__title\">Leia mais<\/span>\n\t\t\t\t<ul class=\"readToo__list\">\n\t\t\t<li><a href=\"https:\/\/www.suno.com.br\/noticias\/selic-ata-copom-banco-central-gpj\/\">Redu\u00e7\u00e3o da Selic considerou credibilidade do compromisso no combate \u00e0 infla\u00e7\u00e3o, diz ata do Copom<\/a><\/li><li><a href=\"https:\/\/www.suno.com.br\/noticias\/selic-impactou-reducao-gestoras-gss\/\">Selic: entenda o que impactou na redu\u00e7\u00e3o do corte e como aproveitar a taxa mais alta<\/a><\/li><li><a href=\"https:\/\/www.suno.com.br\/noticias\/copom-decisao-taxa-selic-maio-2024\/\">Copom diminui ritmo de cortes e baixa Selic para 10,50% ao ano; decis\u00e3o divide comit\u00ea do BC<\/a><\/li>\t\t<\/ul>\n\t<\/div>\n\n\n\n\n<h2 class=\"wp-block-heading\">&#8220;Distintivamente agressiva&#8221;, diz Goldman Sachs sobre ata; banco projeta Selic em 9,75% ao final de 2024<\/h2>\n\n\n\n<p>O Goldman Sachs (<a href=\"https:\/\/www.suno.com.br\/bdrs\/gsgi34\/\">GSGI34<\/a>) considera que apesar da vota\u00e7\u00e3o dividida, a ata \u00e9 distintivamente &#8220;agressiva&#8221;. <\/p>\n\n\n\n<p>Para a casa, \u00e9 un\u00e2nime entre os membros o firme compromisso de conduzir a infla\u00e7\u00e3o para a meta, al\u00e9m da necessidade de uma <a href=\"https:\/\/www.suno.com.br\/artigos\/politica-monetaria\/\">pol\u00edtica monet\u00e1ria<\/a> mais contracionista e cautelosa para refor\u00e7ar a din\u00e2mica desinflacion\u00e1ria.<\/p>\n\n\n\n<p>O Goldman Sachs refor\u00e7a ainda que para a equipe do<strong> <\/strong>Copom, nenhuma orienta\u00e7\u00e3o sobre decis\u00f5es pol\u00edticas futuras \u00e9 mais apropriada &#8211; face ao cen\u00e1rio global incerto e um cen\u00e1rio dom\u00e9stico marcado por uma atividade resiliente e expectativas n\u00e3o ancoradas &#8211; e que a taxa terminal ser\u00e1 aquela que consolidar\u00e1 n\u00e3o s\u00f3 o processo desinflacion\u00e1rio, mas tamb\u00e9m a ancoragem das expectativas de infla\u00e7\u00e3o em torno das metas.<\/p>\n\n\n\n<p>&#8220;Para os diretores, n\u00e3o estava claro que o cen\u00e1rio-base prospectivo divergia significativamente do esperado, a ponto de valer a pena o custo reputacional do n\u00e3o cumprimentos das orienta\u00e7\u00f5es, o que poderia levar a uma redu\u00e7\u00e3o no poder das comunica\u00e7\u00f5es formais do Copom&#8221;, escreveu o analista Alberto Ramos.<\/p>\n\n\n\n<p>No geral, o Goldman Sachs espera que o Copom reduza a <strong>taxa Selic<\/strong> em 25 pontos-base na reuni\u00e3o de junho, com a totalidade dos dados e o equil\u00edbrio geral dos riscos para a infla\u00e7\u00e3o ditando at\u00e9 onde o Copom pode ir com o ciclo de normaliza\u00e7\u00e3o das taxas. &#8220;Nessa conjuntura, prevemos outros tr\u00eas cortes de 25 pontos-base nas taxas em 2024, elevando a Selic para 9,75%&#8221;, acrescenta o banco.<\/p>\n\n\n\t<p>\n\t\t<a href=\"https:\/\/lp.suno.com.br\/ebook-gratuito-investindo-no-exterior\/\" target=\"_blank\" data-element=\"shortcode-suno-banner\" title=\"Banner SUNO, clique e saiba mais\">\n\t\t\t<picture>\n\t\t\t\t<source media=\"(max-width: 500px)\" srcset=\"https:\/\/files.sunoresearch.com.br\/n\/uploads\/2023\/03\/400x300-Investindo-no-exterior.png\">\n\t\t\t\t<img class=\"newsContent__article__imgCapa newsContent__article__imgCapa--banner\"\n\t\t\t\t\tsrc=\"https:\/\/files.sunoresearch.com.br\/n\/uploads\/2023\/03\/1420x240-Investindo-no-exterior.png\"\n\t\t\t\t\tdata-promo-id=\"383161\"\t\t\t\t\t\t\t\t\t\twidth='1420' height='240'\t\t\t\t\talt=\"https:\/\/files.sunoresearch.com.br\/n\/uploads\/2023\/03\/1420x240-Investindo-no-exterior.png\"\n\t\t\t\t>\n\t\t\t<\/picture>\n\t\t<\/a>\n\t<\/p>\n\n\n\n\n\n<h2 class=\"wp-block-heading\">Warren sobre Ata do Copom: diverg\u00eancias entre membros s\u00e3o menores do que leitura inicial do mercado<\/h2>\n\n\n\n<p>Para S\u00e9rgio Goldenstein, estrategista-chefe Warren Investimentos, a <strong>ata do Copom de maio<\/strong> mostra que as diverg\u00eancias entre os seus membros s\u00e3o menores do que a leitura inicial do mercado ap\u00f3s a divulga\u00e7\u00e3o do comunicado. <\/p>\n\n\n\n<p>&#8220;Percebe-se uma converg\u00eancia do comit\u00ea com rela\u00e7\u00e3o \u00e0 ado\u00e7\u00e3o de uma pol\u00edtica monet\u00e1ria mais cautelosa e sem indica\u00e7\u00f5es futuras, o que pode ser interpretado como um or\u00e7amento total de redu\u00e7\u00e3o de juros menor do que o considerado anteriormente&#8221;, pontua Goldenstein.<\/p>\n\n\n\n<p>&#8220;H\u00e1 concord\u00e2ncia ainda no diagn\u00f3stico de um cen\u00e1rio global incerto e, no \u00e2mbito interno, de resili\u00eancia da atividade e desancoragem das expectativas&#8221;, completa.<\/p>\n\n\n\n<h2 class=\"wp-block-heading\">Ap\u00f3s ata, Bank of America v\u00ea Selic em 10,25% ao fim de 2024<\/h2>\n\n\n\n<p>Para o Bank of America, apesar da diverg\u00eancia entre os <strong>membros do Copom<\/strong>, conforme mostrado na ata, prevaleceu um acordo un\u00e2nime sobre a import\u00e2ncia de as futuras a\u00e7\u00f5es pol\u00edticas dependerem dos dados. <\/p>\n\n\n\n<p>Ainda de acordo com o banco, o comit\u00ea reconheceu um agravamento do equil\u00edbirio de risco, e que a taxa terminal dever\u00e1 situar-se num n\u00edvel que permita reancorar as expectativas de infla\u00e7\u00e3o.<\/p>\n\n\n\n<p>&#8220;Com o equil\u00edbrio assim\u00e9trico de riscos, o conselho ser\u00e1 mais cauteloso \u00e0 frente. Acreditamos que o Banco Central reduzir\u00e1 novamente 25 pontos base na pr\u00f3xima reuni\u00e3o de junho e depois manter\u00e1 as taxas at\u00e9 ao final do ano&#8221;, pontuam os analistas David Becker e Natacha Perez.<\/p>\n\n\n\n<p>&#8220;\u00c0 medida que o Fed inicia a flexibiliza\u00e7\u00e3o monet\u00e1ria no final do ano, o <a href=\"https:\/\/www.suno.com.br\/artigos\/bacen\/\">Banco Central (BC)<\/a> dever\u00e1 retomar o ciclo de flexibiliza\u00e7\u00e3o no in\u00edcio do pr\u00f3ximo ano. Nossa proje\u00e7\u00e3o \u00e9 de taxa <strong>Selic<\/strong> de 10,25% em 2024, com redu\u00e7\u00e3o para 9,00% em 2025 (taxa terminal)&#8221;, completam.<\/p>\n\n\n\t<p>\n\t\t<a href=\"https:\/\/lp.suno.com.br\/planilha-da-vida-financeira\/\" target=\"_blank\" data-element=\"shortcode-suno-banner\" title=\"Banner SUNO, clique e saiba mais\">\n\t\t\t<picture>\n\t\t\t\t<source media=\"(max-width: 500px)\" srcset=\"https:\/\/files.sunoresearch.com.br\/n\/uploads\/2023\/04\/400x300-Planilha-vida-financeira-true.png\">\n\t\t\t\t<img class=\"newsContent__article__imgCapa newsContent__article__imgCapa--banner\"\n\t\t\t\t\tsrc=\"https:\/\/files.sunoresearch.com.br\/n\/uploads\/2023\/04\/1420x240-Planilha-vida-financeira-true.png\"\n\t\t\t\t\tdata-promo-id=\"383123\"\t\t\t\t\t\t\t\t\t\twidth='1420' height='240'\t\t\t\t\talt=\"https:\/\/files.sunoresearch.com.br\/n\/uploads\/2023\/04\/1420x240-Planilha-vida-financeira-true.png\"\n\t\t\t\t>\n\t\t\t<\/picture>\n\t\t<\/a>\n\t<\/p>\n\n\n","protected":false},"excerpt":{"rendered":"<p>Em relat\u00f3rios recentes, o mercado repercutiu pontos da Ata do Comit\u00ea de Pol\u00edtica Monet\u00e1ria (Copom), divulgada nesta ter\u00e7a-feira (14), dando proje\u00e7\u00f5es distintas para a taxa Selic ao final de 2024. Para algumas casas, a equipe do Banco Central (BC) deve reduzir os juros em mais 25 pontos-base na reuni\u00e3o de junho. SNID11. Foto: iStock. Segundo [&hellip;]<\/p>\n","protected":false},"author":313,"featured_media":554069,"comment_status":"closed","ping_status":"closed","sticky":false,"template":"","format":"standard","meta":[],"categories":[62],"tags":[1104,105816,290],"suno_strategy":[],"class_list":["post-554051","post","type-post","status-publish","format-standard","has-post-thumbnail","hentry","category-economia","tag-copom","tag-especialistas","tag-taxa-selic"],"yoast_head":"<!-- This site is optimized with the Yoast SEO plugin v24.4 - https:\/\/yoast.com\/wordpress\/plugins\/seo\/ -->\n<title>Selic: analistas se dividem quanto \u00e0 proje\u00e7\u00f5es para 2024; confira<\/title>\n<meta name=\"description\" content=\"Em relat\u00f3rios recentes, analistas se dividiram quanto \u00e0s proje\u00e7\u00f5es para a taxa Selic ao final de 2024, ap\u00f3s a divulga\u00e7\u00e3o da Ata do Copom.\" \/>\n<meta name=\"robots\" content=\"index, follow, max-snippet:-1, max-image-preview:large, max-video-preview:-1\" \/>\n<link rel=\"canonical\" href=\"https:\/\/www.suno.com.br\/noticias\/selic-projecoes-2024-copom-ata-gpj\/\" \/>\n<meta property=\"og:locale\" content=\"pt_BR\" \/>\n<meta property=\"og:type\" content=\"article\" \/>\n<meta property=\"og:title\" content=\"Selic: analistas se dividem quanto \u00e0 proje\u00e7\u00f5es para 2024; confira\" \/>\n<meta property=\"og:description\" content=\"Em relat\u00f3rios recentes, analistas se dividiram quanto \u00e0s proje\u00e7\u00f5es para a taxa Selic ao final de 2024, ap\u00f3s a divulga\u00e7\u00e3o da Ata do Copom.\" \/>\n<meta property=\"og:url\" content=\"https:\/\/www.suno.com.br\/noticias\/selic-projecoes-2024-copom-ata-gpj\/\" \/>\n<meta property=\"og:site_name\" content=\"Suno Not\u00edcias\" \/>\n<meta property=\"article:publisher\" content=\"https:\/\/facebook.com\/sunoresearch\" \/>\n<meta property=\"og:image\" content=\"https:\/\/files.sunoresearch.com.br\/n\/uploads\/2024\/05\/iStock-1269411499-1-1024x683.jpg\" \/>\n\t<meta property=\"og:image:width\" content=\"1024\" \/>\n\t<meta property=\"og:image:height\" content=\"683\" \/>\n\t<meta property=\"og:image:type\" content=\"image\/jpeg\" \/>\n<meta name=\"author\" content=\"Giovanni Porf\u00edrio Jacomino\" \/>\n<meta name=\"twitter:card\" content=\"summary_large_image\" \/>\n<meta name=\"twitter:creator\" content=\"@sunoresearch\" \/>\n<meta name=\"twitter:site\" content=\"@sunoresearch\" \/>\n<meta name=\"twitter:label1\" content=\"Escrito por\" \/>\n\t<meta name=\"twitter:data1\" content=\"Giovanni Porf\u00edrio Jacomino\" \/>\n\t<meta name=\"twitter:label2\" content=\"Est. tempo de leitura\" \/>\n\t<meta name=\"twitter:data2\" content=\"5 minutos\" \/>\n<script type=\"application\/ld+json\" class=\"yoast-schema-graph\">{\"@context\":\"https:\/\/schema.org\",\"@graph\":[{\"@type\":\"NewsArticle\",\"@id\":\"https:\/\/www.suno.com.br\/noticias\/selic-projecoes-2024-copom-ata-gpj\/#article\",\"isPartOf\":{\"@id\":\"https:\/\/www.suno.com.br\/noticias\/selic-projecoes-2024-copom-ata-gpj\/\"},\"author\":{\"name\":\"Giovanni Porf\u00edrio Jacomino\",\"@id\":\"https:\/\/www.suno.com.br\/noticias\/#\/schema\/person\/d0f32748bbca4bee871fa191ee4e2d40\"},\"headline\":\"Selic: ap\u00f3s ata do Copom, analistas se dividem quanto a proje\u00e7\u00f5es para 2024; confira\",\"datePublished\":\"2024-05-14T16:58:06+00:00\",\"dateModified\":\"2024-05-15T00:09:41+00:00\",\"mainEntityOfPage\":{\"@id\":\"https:\/\/www.suno.com.br\/noticias\/selic-projecoes-2024-copom-ata-gpj\/\"},\"wordCount\":960,\"publisher\":{\"@id\":\"https:\/\/www.suno.com.br\/noticias\/#organization\"},\"image\":{\"@id\":\"https:\/\/www.suno.com.br\/noticias\/selic-projecoes-2024-copom-ata-gpj\/#primaryimage\"},\"thumbnailUrl\":\"https:\/\/files.sunoresearch.com.br\/n\/uploads\/2024\/05\/iStock-1269411499-1.jpg\",\"keywords\":[\"Copom\",\"Especialistas\",\"Taxa Selic\"],\"articleSection\":[\"Economia\"],\"inLanguage\":\"pt-BR\"},{\"@type\":\"WebPage\",\"@id\":\"https:\/\/www.suno.com.br\/noticias\/selic-projecoes-2024-copom-ata-gpj\/\",\"url\":\"https:\/\/www.suno.com.br\/noticias\/selic-projecoes-2024-copom-ata-gpj\/\",\"name\":\"Selic: analistas se dividem quanto \u00e0 proje\u00e7\u00f5es para 2024; confira\",\"isPartOf\":{\"@id\":\"https:\/\/www.suno.com.br\/noticias\/#website\"},\"primaryImageOfPage\":{\"@id\":\"https:\/\/www.suno.com.br\/noticias\/selic-projecoes-2024-copom-ata-gpj\/#primaryimage\"},\"image\":{\"@id\":\"https:\/\/www.suno.com.br\/noticias\/selic-projecoes-2024-copom-ata-gpj\/#primaryimage\"},\"thumbnailUrl\":\"https:\/\/files.sunoresearch.com.br\/n\/uploads\/2024\/05\/iStock-1269411499-1.jpg\",\"datePublished\":\"2024-05-14T16:58:06+00:00\",\"dateModified\":\"2024-05-15T00:09:41+00:00\",\"description\":\"Em relat\u00f3rios recentes, analistas se dividiram quanto \u00e0s proje\u00e7\u00f5es para a taxa Selic ao final de 2024, ap\u00f3s a divulga\u00e7\u00e3o da Ata do Copom.\",\"breadcrumb\":{\"@id\":\"https:\/\/www.suno.com.br\/noticias\/selic-projecoes-2024-copom-ata-gpj\/#breadcrumb\"},\"inLanguage\":\"pt-BR\",\"potentialAction\":[{\"@type\":\"ReadAction\",\"target\":[\"https:\/\/www.suno.com.br\/noticias\/selic-projecoes-2024-copom-ata-gpj\/\"]}]},{\"@type\":\"ImageObject\",\"inLanguage\":\"pt-BR\",\"@id\":\"https:\/\/www.suno.com.br\/noticias\/selic-projecoes-2024-copom-ata-gpj\/#primaryimage\",\"url\":\"https:\/\/files.sunoresearch.com.br\/n\/uploads\/2024\/05\/iStock-1269411499-1.jpg\",\"contentUrl\":\"https:\/\/files.sunoresearch.com.br\/n\/uploads\/2024\/05\/iStock-1269411499-1.jpg\",\"width\":2121,\"height\":1414,\"caption\":\"SNID11. Foto: iStock.\"},{\"@type\":\"BreadcrumbList\",\"@id\":\"https:\/\/www.suno.com.br\/noticias\/selic-projecoes-2024-copom-ata-gpj\/#breadcrumb\",\"itemListElement\":[{\"@type\":\"ListItem\",\"position\":1,\"name\":\"Not\u00edcias\",\"item\":\"https:\/\/www.suno.com.br\/noticias\/\"},{\"@type\":\"ListItem\",\"position\":2,\"name\":\"Economia\",\"item\":\"https:\/\/www.suno.com.br\/noticias\/economia\/\"},{\"@type\":\"ListItem\",\"position\":3,\"name\":\"Selic: ap\u00f3s ata do Copom, analistas se dividem quanto a proje\u00e7\u00f5es para 2024; confira\"}]},{\"@type\":\"WebSite\",\"@id\":\"https:\/\/www.suno.com.br\/noticias\/#website\",\"url\":\"https:\/\/www.suno.com.br\/noticias\/\",\"name\":\"Suno Not\u00edcias\",\"description\":\"Seu portal de informa\u00e7\u00e3o sobre o mundo dos investimentos\",\"publisher\":{\"@id\":\"https:\/\/www.suno.com.br\/noticias\/#organization\"},\"potentialAction\":[{\"@type\":\"SearchAction\",\"target\":{\"@type\":\"EntryPoint\",\"urlTemplate\":\"https:\/\/www.suno.com.br\/noticias\/?s={search_term_string}\"},\"query-input\":{\"@type\":\"PropertyValueSpecification\",\"valueRequired\":true,\"valueName\":\"search_term_string\"}}],\"inLanguage\":\"pt-BR\"},{\"@type\":\"Organization\",\"@id\":\"https:\/\/www.suno.com.br\/noticias\/#organization\",\"name\":\"Suno Not\u00edcias\",\"url\":\"https:\/\/www.suno.com.br\/noticias\/\",\"logo\":{\"@type\":\"ImageObject\",\"inLanguage\":\"pt-BR\",\"@id\":\"https:\/\/www.suno.com.br\/noticias\/#\/schema\/logo\/image\/\",\"url\":\"https:\/\/files.sunoresearch.com.br\/n\/uploads\/2021\/09\/suno-logo.png\",\"contentUrl\":\"https:\/\/files.sunoresearch.com.br\/n\/uploads\/2021\/09\/suno-logo.png\",\"width\":180,\"height\":180,\"caption\":\"Suno Not\u00edcias\"},\"image\":{\"@id\":\"https:\/\/www.suno.com.br\/noticias\/#\/schema\/logo\/image\/\"},\"sameAs\":[\"https:\/\/facebook.com\/sunoresearch\",\"https:\/\/x.com\/sunoresearch\",\"https:\/\/www.instagram.com\/suno\",\"https:\/\/www.linkedin.com\/company\/suno-research\/\",\"https:\/\/www.youtube.com\/c\/sunoresearch\"]},{\"@type\":\"Person\",\"@id\":\"https:\/\/www.suno.com.br\/noticias\/#\/schema\/person\/d0f32748bbca4bee871fa191ee4e2d40\",\"name\":\"Giovanni Porf\u00edrio Jacomino\",\"image\":{\"@type\":\"ImageObject\",\"inLanguage\":\"pt-BR\",\"@id\":\"https:\/\/www.suno.com.br\/noticias\/#\/schema\/person\/image\/\",\"url\":\"https:\/\/secure.gravatar.com\/avatar\/efb32e19b730a121cb7a80f41ffec01a?s=96&r=g\",\"contentUrl\":\"https:\/\/secure.gravatar.com\/avatar\/efb32e19b730a121cb7a80f41ffec01a?s=96&r=g\",\"caption\":\"Giovanni Porf\u00edrio Jacomino\"},\"description\":\"Giovanni Porf\u00edrio Jacomino \u00e9 jornalista formado pela Universidade Estadual de Londrina (UEL) e p\u00f3s-graduado em Produ\u00e7\u00e3o e Pr\u00e1ticas Jornal\u00edsticas na Contemporaneidade na Faculdade C\u00e1sper L\u00edbero (FCL). Foi editor web no Startupi e no Finsiders, atuando ainda como editor no TC Mover, portal de not\u00edcias da TradersClub, fazendo a cobertura de assuntos relacionados ao mercado financeiro interno e externo. Atualmente, \u00e9 Rep\u00f3rter do Suno Not\u00edcias.\",\"url\":\"https:\/\/www.suno.com.br\/noticias\/author\/giovanni-porfiriosuno-com-br\/\"}]}<\/script>\n<!-- \/ Yoast SEO plugin. -->","yoast_head_json":{"title":"Selic: analistas se dividem quanto \u00e0 proje\u00e7\u00f5es para 2024; confira","description":"Em relat\u00f3rios recentes, analistas se dividiram quanto \u00e0s proje\u00e7\u00f5es para a taxa Selic ao final de 2024, ap\u00f3s a divulga\u00e7\u00e3o da Ata do Copom.","robots":{"index":"index","follow":"follow","max-snippet":"max-snippet:-1","max-image-preview":"max-image-preview:large","max-video-preview":"max-video-preview:-1"},"canonical":"https:\/\/www.suno.com.br\/noticias\/selic-projecoes-2024-copom-ata-gpj\/","og_locale":"pt_BR","og_type":"article","og_title":"Selic: analistas se dividem quanto \u00e0 proje\u00e7\u00f5es para 2024; confira","og_description":"Em relat\u00f3rios recentes, analistas se dividiram quanto \u00e0s proje\u00e7\u00f5es para a taxa Selic ao final de 2024, ap\u00f3s a divulga\u00e7\u00e3o da Ata do Copom.","og_url":"https:\/\/www.suno.com.br\/noticias\/selic-projecoes-2024-copom-ata-gpj\/","og_site_name":"Suno Not\u00edcias","article_publisher":"https:\/\/facebook.com\/sunoresearch","og_image":[{"width":1024,"height":683,"url":"https:\/\/files.sunoresearch.com.br\/n\/uploads\/2024\/05\/iStock-1269411499-1-1024x683.jpg","type":"image\/jpeg"}],"author":"Giovanni Porf\u00edrio Jacomino","twitter_card":"summary_large_image","twitter_creator":"@sunoresearch","twitter_site":"@sunoresearch","twitter_misc":{"Escrito por":"Giovanni Porf\u00edrio Jacomino","Est. tempo de leitura":"5 minutos"},"schema":{"@context":"https:\/\/schema.org","@graph":[{"@type":"NewsArticle","@id":"https:\/\/www.suno.com.br\/noticias\/selic-projecoes-2024-copom-ata-gpj\/#article","isPartOf":{"@id":"https:\/\/www.suno.com.br\/noticias\/selic-projecoes-2024-copom-ata-gpj\/"},"author":{"name":"Giovanni Porf\u00edrio Jacomino","@id":"https:\/\/www.suno.com.br\/noticias\/#\/schema\/person\/d0f32748bbca4bee871fa191ee4e2d40"},"headline":"Selic: ap\u00f3s ata do Copom, analistas se dividem quanto a proje\u00e7\u00f5es para 2024; confira","datePublished":"2024-05-14T16:58:06+00:00","dateModified":"2024-05-15T00:09:41+00:00","mainEntityOfPage":{"@id":"https:\/\/www.suno.com.br\/noticias\/selic-projecoes-2024-copom-ata-gpj\/"},"wordCount":960,"publisher":{"@id":"https:\/\/www.suno.com.br\/noticias\/#organization"},"image":{"@id":"https:\/\/www.suno.com.br\/noticias\/selic-projecoes-2024-copom-ata-gpj\/#primaryimage"},"thumbnailUrl":"https:\/\/files.sunoresearch.com.br\/n\/uploads\/2024\/05\/iStock-1269411499-1.jpg","keywords":["Copom","Especialistas","Taxa Selic"],"articleSection":["Economia"],"inLanguage":"pt-BR"},{"@type":"WebPage","@id":"https:\/\/www.suno.com.br\/noticias\/selic-projecoes-2024-copom-ata-gpj\/","url":"https:\/\/www.suno.com.br\/noticias\/selic-projecoes-2024-copom-ata-gpj\/","name":"Selic: analistas se dividem quanto \u00e0 proje\u00e7\u00f5es para 2024; confira","isPartOf":{"@id":"https:\/\/www.suno.com.br\/noticias\/#website"},"primaryImageOfPage":{"@id":"https:\/\/www.suno.com.br\/noticias\/selic-projecoes-2024-copom-ata-gpj\/#primaryimage"},"image":{"@id":"https:\/\/www.suno.com.br\/noticias\/selic-projecoes-2024-copom-ata-gpj\/#primaryimage"},"thumbnailUrl":"https:\/\/files.sunoresearch.com.br\/n\/uploads\/2024\/05\/iStock-1269411499-1.jpg","datePublished":"2024-05-14T16:58:06+00:00","dateModified":"2024-05-15T00:09:41+00:00","description":"Em relat\u00f3rios recentes, analistas se dividiram quanto \u00e0s proje\u00e7\u00f5es para a taxa Selic ao final de 2024, ap\u00f3s a divulga\u00e7\u00e3o da Ata do Copom.","breadcrumb":{"@id":"https:\/\/www.suno.com.br\/noticias\/selic-projecoes-2024-copom-ata-gpj\/#breadcrumb"},"inLanguage":"pt-BR","potentialAction":[{"@type":"ReadAction","target":["https:\/\/www.suno.com.br\/noticias\/selic-projecoes-2024-copom-ata-gpj\/"]}]},{"@type":"ImageObject","inLanguage":"pt-BR","@id":"https:\/\/www.suno.com.br\/noticias\/selic-projecoes-2024-copom-ata-gpj\/#primaryimage","url":"https:\/\/files.sunoresearch.com.br\/n\/uploads\/2024\/05\/iStock-1269411499-1.jpg","contentUrl":"https:\/\/files.sunoresearch.com.br\/n\/uploads\/2024\/05\/iStock-1269411499-1.jpg","width":2121,"height":1414,"caption":"SNID11. Foto: iStock."},{"@type":"BreadcrumbList","@id":"https:\/\/www.suno.com.br\/noticias\/selic-projecoes-2024-copom-ata-gpj\/#breadcrumb","itemListElement":[{"@type":"ListItem","position":1,"name":"Not\u00edcias","item":"https:\/\/www.suno.com.br\/noticias\/"},{"@type":"ListItem","position":2,"name":"Economia","item":"https:\/\/www.suno.com.br\/noticias\/economia\/"},{"@type":"ListItem","position":3,"name":"Selic: ap\u00f3s ata do Copom, analistas se dividem quanto a proje\u00e7\u00f5es para 2024; confira"}]},{"@type":"WebSite","@id":"https:\/\/www.suno.com.br\/noticias\/#website","url":"https:\/\/www.suno.com.br\/noticias\/","name":"Suno Not\u00edcias","description":"Seu portal de informa\u00e7\u00e3o sobre o mundo dos investimentos","publisher":{"@id":"https:\/\/www.suno.com.br\/noticias\/#organization"},"potentialAction":[{"@type":"SearchAction","target":{"@type":"EntryPoint","urlTemplate":"https:\/\/www.suno.com.br\/noticias\/?s={search_term_string}"},"query-input":{"@type":"PropertyValueSpecification","valueRequired":true,"valueName":"search_term_string"}}],"inLanguage":"pt-BR"},{"@type":"Organization","@id":"https:\/\/www.suno.com.br\/noticias\/#organization","name":"Suno Not\u00edcias","url":"https:\/\/www.suno.com.br\/noticias\/","logo":{"@type":"ImageObject","inLanguage":"pt-BR","@id":"https:\/\/www.suno.com.br\/noticias\/#\/schema\/logo\/image\/","url":"https:\/\/files.sunoresearch.com.br\/n\/uploads\/2021\/09\/suno-logo.png","contentUrl":"https:\/\/files.sunoresearch.com.br\/n\/uploads\/2021\/09\/suno-logo.png","width":180,"height":180,"caption":"Suno Not\u00edcias"},"image":{"@id":"https:\/\/www.suno.com.br\/noticias\/#\/schema\/logo\/image\/"},"sameAs":["https:\/\/facebook.com\/sunoresearch","https:\/\/x.com\/sunoresearch","https:\/\/www.instagram.com\/suno","https:\/\/www.linkedin.com\/company\/suno-research\/","https:\/\/www.youtube.com\/c\/sunoresearch"]},{"@type":"Person","@id":"https:\/\/www.suno.com.br\/noticias\/#\/schema\/person\/d0f32748bbca4bee871fa191ee4e2d40","name":"Giovanni Porf\u00edrio Jacomino","image":{"@type":"ImageObject","inLanguage":"pt-BR","@id":"https:\/\/www.suno.com.br\/noticias\/#\/schema\/person\/image\/","url":"https:\/\/secure.gravatar.com\/avatar\/efb32e19b730a121cb7a80f41ffec01a?s=96&r=g","contentUrl":"https:\/\/secure.gravatar.com\/avatar\/efb32e19b730a121cb7a80f41ffec01a?s=96&r=g","caption":"Giovanni Porf\u00edrio Jacomino"},"description":"Giovanni Porf\u00edrio Jacomino \u00e9 jornalista formado pela Universidade Estadual de Londrina (UEL) e p\u00f3s-graduado em Produ\u00e7\u00e3o e Pr\u00e1ticas Jornal\u00edsticas na Contemporaneidade na Faculdade C\u00e1sper L\u00edbero (FCL). Foi editor web no Startupi e no Finsiders, atuando ainda como editor no TC Mover, portal de not\u00edcias da TradersClub, fazendo a cobertura de assuntos relacionados ao mercado financeiro interno e externo. Atualmente, \u00e9 Rep\u00f3rter do Suno Not\u00edcias.","url":"https:\/\/www.suno.com.br\/noticias\/author\/giovanni-porfiriosuno-com-br\/"}]}},"default_loop_html":"<div class=\"cardsPage__listCard__boxs\"><div class=\"cardsPage__listCard__boxs__img\"><a href=\"https:\/\/www.suno.com.br\/noticias\/selic-projecoes-2024-copom-ata-gpj\/\"><img class=\"mask\" src=\"https:\/\/www.suno.com.br\/noticias\/wp-content\/themes\/suno\/resources\/images\/spotlight\/spotlight1img\/bg-mask.png\" alt=\"Image Mask\"\/><img src=\"https:\/\/files.sunoresearch.com.br\/n\/uploads\/2024\/05\/iStock-1269411499-1-400x200.jpg\" alt=\"Selic: ap\u00f3s ata do Copom, analistas se dividem quanto a proje\u00e7\u00f5es para 2024; confira\"\/><\/a><span class=\"spotlightCategory\"><a href=\"https:\/\/www.suno.com.br\/noticias\/economia\/\">Economia<\/a><\/span><\/div><div class=\"cardsPage__listCard__boxs__content\"><a href=\"https:\/\/www.suno.com.br\/noticias\/selic-projecoes-2024-copom-ata-gpj\/\"><h2 class=\"content__title\">Selic: ap\u00f3s ata do Copom, analistas se dividem quanto a proje\u00e7\u00f5es para 2024; confira<\/h2><\/a><div class=\"newsContent__article__meta\"><div class=\"newsContent__article__meta__authorBox\"><a href=\"https:\/\/www.suno.com.br\/noticias\/author\/marco-lopes\/\" class=\"authorBox__avatar noMobi\"><img src=\"https:\/\/secure.gravatar.com\/avatar\/385167b012fbc1cde32c5446ee253313?s=96&#038;r=g\" alt=\"Marco Ant\u00f4nio Lopes\"><\/a><div class=\"authorBox__name\"><span>por\n\t\t\t<a href=\"https:\/\/www.suno.com.br\/noticias\/author\/marco-lopes\/\"><span itemprop=\"author\">Marco Ant\u00f4nio Lopes<\/span><\/a><\/span><time datetime=\"2024-05-14T13:58:06-03:00\" itemprop=\"datePublished\">14\/05\/2024 13:58<\/time><\/div><\/div><\/div><\/div><\/div>","single_layout":"posts","amp_enabled":true,"_links":{"self":[{"href":"https:\/\/www.suno.com.br\/noticias\/wp-json\/wp\/v2\/posts\/554051"}],"collection":[{"href":"https:\/\/www.suno.com.br\/noticias\/wp-json\/wp\/v2\/posts"}],"about":[{"href":"https:\/\/www.suno.com.br\/noticias\/wp-json\/wp\/v2\/types\/post"}],"author":[{"embeddable":true,"href":"https:\/\/www.suno.com.br\/noticias\/wp-json\/wp\/v2\/users\/313"}],"replies":[{"embeddable":true,"href":"https:\/\/www.suno.com.br\/noticias\/wp-json\/wp\/v2\/comments?post=554051"}],"version-history":[{"count":3,"href":"https:\/\/www.suno.com.br\/noticias\/wp-json\/wp\/v2\/posts\/554051\/revisions"}],"predecessor-version":[{"id":554358,"href":"https:\/\/www.suno.com.br\/noticias\/wp-json\/wp\/v2\/posts\/554051\/revisions\/554358"}],"wp:featuredmedia":[{"embeddable":true,"href":"https:\/\/www.suno.com.br\/noticias\/wp-json\/wp\/v2\/media\/554069"}],"wp:attachment":[{"href":"https:\/\/www.suno.com.br\/noticias\/wp-json\/wp\/v2\/media?parent=554051"}],"wp:term":[{"taxonomy":"category","embeddable":true,"href":"https:\/\/www.suno.com.br\/noticias\/wp-json\/wp\/v2\/categories?post=554051"},{"taxonomy":"post_tag","embeddable":true,"href":"https:\/\/www.suno.com.br\/noticias\/wp-json\/wp\/v2\/tags?post=554051"},{"taxonomy":"suno_strategy","embeddable":true,"href":"https:\/\/www.suno.com.br\/noticias\/wp-json\/wp\/v2\/suno_strategy?post=554051"}],"curies":[{"name":"wp","href":"https:\/\/api.w.org\/{rel}","templated":true}]}}