{"id":553798,"date":"2024-05-13T20:26:03","date_gmt":"2024-05-13T23:26:03","guid":{"rendered":"https:\/\/www.suno.com.br\/noticias\/?p=553798"},"modified":"2024-05-13T20:26:08","modified_gmt":"2024-05-13T23:26:08","slug":"rio-grande-do-sul-cmn-bc-medidas-calamidade-evm","status":"publish","type":"post","link":"https:\/\/www.suno.com.br\/noticias\/rio-grande-do-sul-cmn-bc-medidas-calamidade-evm\/","title":{"rendered":"Rio Grande do Sul: CMN e BC aprovam medidas para amenizar calamidade"},"content":{"rendered":"<p>O <a class=\"suno-keyword\" target=\"_blank\" data-force=\"no\" data-priority=\"1\" href=\"https:\/\/www.suno.com.br\/artigos\/cmn-conselho-monetario-nacional\/\" rel=\"noopener\">Conselho Monet\u00e1rio Nacional (CMN)<\/a> e o Banco Central (BC) aprovaram nesta segunda (13) em reuni\u00e3o extraordin\u00e1ria, medidas que flexibilizam regras ao <a class=\"suno-keyword\" target=\"_blank\" data-force=\"no\" data-priority=\"1\" href=\"https:\/\/www.suno.com.br\/artigos\/sistema-financeiro-nacional\/\" rel=\"noopener\">sistema financeiro nacional<\/a> como forma de amenizar os efeitos econ\u00f4micos gerados pelas fortes chuvas no <strong>Rio Grande do Sul<\/strong>.<\/p><div class=\"videoFull \">\n\t\t\t<div class=\"videoWrapper yt-lazyload center\"\n\t\t\t\tdata-width=\"960\"\n\t\t\t\tdata-height=\"540\"\n\t\t\t\tdata-id=\"Z2MLqUTlOKI\"\n\t\t\t\tdata-alt=\"V\u00eddeo do YouTube - clique para reproduzir\"\n\t\t\t\tdata-logo=\"3\"\n\t\t\t\tdata-imagequality=\"maxres\">\n\t\t\t<\/div>\n\t\t<\/div><script type=\"application\/ld+json\">{\"@context\":\"https:\/\/schema.org\",\"@type\":\"VideoObject\",\"name\":\"\ud83d\udd34FIM DA SELIC DE UM D\u00cdGITO? | Resultado da Petrobras (PETR4) | IPO da Shein?\",\"description\":\"#mercadofinanceiro #a\u00e7\u00f5es #investimentos #bolsadevalores #ibovespa #dinheiro #finan\u00e7as #pol\u00edtica #d\u00f3lar #livedas19h #petr4 #petr3 #petrobras #vale3 #vale #a\u00e7\u00f5es #economia #dividendos #min\u00e9riodeferro #min\u00e9rio #petr\u00f3leo #commodities #proventos #jcp #statusinvest #statusalpha #sunoconsultoria #shein #ita\u00fa #selic #focus #ipca #infla\u00e7\u00e3o #yduqs #yduq3 #gamestop #gme \ud83d\udd34SUNO CONSULTORIA: https:\/\/lp.suno.com.br\/ao\/consultoria-de-investimentos\/?utm_source=youtube.noticias&utm_campaign=020524&utm_medium=live 00:00 In\u00edcio do v\u00eddeo 01:20 Fechamento de preg\u00e3o 05:14 O que esperar do 1T24 da\u2026\",\"duration\":\"PT25M43S\",\"embedUrl\":\"https:\/\/www.youtube.com\/embed\/Z2MLqUTlOKI\",\"regionsAllowed\":\"en-US\",\"interactionStatistic\":{\"@type\":\"InteractionCounter\",\"interactionType\":{\"@type\":\"WatchAction\"},\"userInteractionCount\":3605},\"thumbnailUrl\":\"https:\/\/i.ytimg.com\/vi\/Z2MLqUTlOKI\/default.jpg\",\"uploadDate\":\"2024-05-13T22:33:56Z\"}<\/script>\n\n\n\n\n\t<p>\n\t\t<a href=\"\" target=\"_blank\" data-element=\"shortcode-suno-banner\" title=\"Banner SUNO, clique e saiba mais\">\n\t\t\t<picture>\n\t\t\t\t<source media=\"(max-width: 500px)\" srcset=\"\">\n\t\t\t\t<img class=\"newsContent__article__imgCapa newsContent__article__imgCapa--banner\"\n\t\t\t\t\tsrc=\"\"\n\t\t\t\t\tdata-promo-id=\"240038\"\t\t\t\t\t\t\t\t\t\t\t\t\t\t\talt=\"\"\n\t\t\t\t>\n\t\t\t<\/picture>\n\t\t<\/a>\n\t<\/p>\n\n\n\n\n\n\n\n<p>Uma das propostas aprovadas pelo <strong>Banco Central<\/strong> e CMN permite que as <a class=\"suno-keyword\" data-force=\"no\" data-priority=\"1\" href=\"https:\/\/www.suno.com.br\/artigos\/instituicoes-financeiras\/\" target=\"_blank\" rel=\"noopener\">institui\u00e7\u00f5es financeiras<\/a> deixem de caracterizar como ativos problem\u00e1ticos as reestrutura\u00e7\u00f5es de exposi\u00e7\u00f5es de cr\u00e9dito afetadas pelas chuvas no Rio Grande do Sul.<\/p>\n\n\n\n<p>Al\u00e9m disso, o <strong>CMN<\/strong> decidiu que as institui\u00e7\u00f5es poder\u00e3o manter a classifica\u00e7\u00e3o de risco das opera\u00e7\u00f5es de cr\u00e9dito renegociadas entre 1 de maio e 31 de dezembro, em decorr\u00eancia dos desastres, no n\u00edvel observado em 31 de mar\u00e7o deste ano.<\/p>\n\n\n\n<p>&#8220;Sem a mudan\u00e7a, as institui\u00e7\u00f5es financeiras que tivessem que renegociar as d\u00edvidas de pessoas e empresas afetadas pelas inunda\u00e7\u00f5es enfrentariam uma eleva\u00e7\u00e3o do provisionamento e da exig\u00eancia de capital. A consequ\u00eancia seria um desest\u00edmulo \u00e0 oferta de cr\u00e9dito que poderia comprometer a capacidade de recupera\u00e7\u00e3o econ\u00f4mica dos agentes afetados pelo evento&#8221;, diz o <strong>Conselho<\/strong>.<\/p>\n\n\n\t<p>\n\t\t<a href=\"https:\/\/lp.suno.com.br\/ebook-gratuito-investindo-no-exterior\/\" target=\"_blank\" data-element=\"shortcode-suno-banner\" title=\"Banner SUNO, clique e saiba mais\">\n\t\t\t<picture>\n\t\t\t\t<source media=\"(max-width: 500px)\" srcset=\"https:\/\/files.sunoresearch.com.br\/n\/uploads\/2023\/03\/400x300-Investindo-no-exterior.png\">\n\t\t\t\t<img class=\"newsContent__article__imgCapa newsContent__article__imgCapa--banner\"\n\t\t\t\t\tsrc=\"https:\/\/files.sunoresearch.com.br\/n\/uploads\/2023\/03\/1420x240-Investindo-no-exterior.png\"\n\t\t\t\t\tdata-promo-id=\"383161\"\t\t\t\t\t\t\t\t\t\twidth='1420' height='240'\t\t\t\t\talt=\"https:\/\/files.sunoresearch.com.br\/n\/uploads\/2023\/03\/1420x240-Investindo-no-exterior.png\"\n\t\t\t\t>\n\t\t\t<\/picture>\n\t\t<\/a>\n\t<\/p>\n\n\n\n\n\n<h2 class=\"wp-block-heading\">Flexibiliza\u00e7\u00e3o para institui\u00e7\u00f5es mais expostas \u00e0 trag\u00e9dia do Rio Grande do Sul<\/h2>\n\n\n\n<p>O CMN tamb\u00e9m decidiu que as institui\u00e7\u00f5es financeiras que possu\u00edrem mais de 10% de sua carteira de cr\u00e9dito concedida para <a class=\"suno-keyword\" target=\"_blank\" data-force=\"no\" data-priority=\"2\" href=\"https:\/\/www.suno.com.br\/artigos\/pessoa-fisica\/\" rel=\"noopener\">pessoas f\u00edsicas<\/a> residentes ou pessoas jur\u00eddicas estabelecidas nos munic\u00edpios do RS nos quais foi decretado o estado de calamidade p\u00fablica ficar\u00e3o isentas por um ano do cumprimento do compuls\u00f3rio sobre recursos de dep\u00f3sitos de poupan\u00e7a.<\/p>\n\n\n\n<p>De acordo com o Conselho, o montante estimado de libera\u00e7\u00e3o de compuls\u00f3rio \u00e9 de R$ 8,3 bilh\u00f5es, com efeito previsto para ocorrer no dia 27 de maio. <\/p>\n\n\n\n<p>&#8220;Trata-se de oferta de liquidez visando \u00e0 manuten\u00e7\u00e3o do normal funcionamento da <a class=\"suno-keyword\" target=\"_blank\" data-force=\"no\" data-priority=\"1\" href=\"https:\/\/www.suno.com.br\/artigos\/intermediacao-financeira\/\" rel=\"noopener\">intermedia\u00e7\u00e3o financeira<\/a>&#8220;, esclarece em nota.<\/p>\n\n\n\n<p>Em rela\u00e7\u00e3o ao <strong>ProAgro<\/strong>, tendo em vista dificuldades de deslocamento no Estado, o CMN decidiu que as vistorias t\u00e9cnicas necess\u00e1rias para o pagamento das indeniza\u00e7\u00f5es do programa poder\u00e3o ser feitas com o uso de sensoriamento remoto e por meio de dados param\u00e9tricos da produtividade dos munic\u00edpios. <\/p>\n\n\n\n<p>&#8220;A mudan\u00e7a agilizar\u00e1 o pagamento de indeniza\u00e7\u00f5es aos produtores rurais afetados pelas enchentes&#8221;, avalia.<\/p>\n\n\n\n<p>A nota refor\u00e7a ainda que o Banco Central continuar\u00e1 monitorando o funcionamento da intermedia\u00e7\u00e3o financeira na regi\u00e3o do <strong>Rio Grande do Sul<\/strong>,&#8221; avaliando potenciais medidas adicionais, a fim de manter o funcionamento eficiente e a solidez do sistema financeiro&#8221;, diz.<\/p>\n\n\n\n<p>Com Estad\u00e3o Conte\u00fado<\/p>\n\n\n\t<p>\n\t\t<a href=\"https:\/\/lp.suno.com.br\/planilha-da-vida-financeira\/\" target=\"_blank\" data-element=\"shortcode-suno-banner\" title=\"Banner SUNO, clique e saiba mais\">\n\t\t\t<picture>\n\t\t\t\t<source media=\"(max-width: 500px)\" srcset=\"https:\/\/files.sunoresearch.com.br\/n\/uploads\/2023\/04\/400x300-Planilha-vida-financeira-true.png\">\n\t\t\t\t<img class=\"newsContent__article__imgCapa newsContent__article__imgCapa--banner\"\n\t\t\t\t\tsrc=\"https:\/\/files.sunoresearch.com.br\/n\/uploads\/2023\/04\/1420x240-Planilha-vida-financeira-true.png\"\n\t\t\t\t\tdata-promo-id=\"383123\"\t\t\t\t\t\t\t\t\t\twidth='1420' height='240'\t\t\t\t\talt=\"https:\/\/files.sunoresearch.com.br\/n\/uploads\/2023\/04\/1420x240-Planilha-vida-financeira-true.png\"\n\t\t\t\t>\n\t\t\t<\/picture>\n\t\t<\/a>\n\t<\/p>\n\n\n","protected":false},"excerpt":{"rendered":"<p>O Conselho Monet\u00e1rio Nacional (CMN) e o Banco Central (BC) aprovaram nesta segunda (13) em reuni\u00e3o extraordin\u00e1ria, medidas que flexibilizam regras ao sistema financeiro nacional como forma de amenizar os efeitos econ\u00f4micos gerados pelas fortes chuvas no Rio Grande do Sul. Uma das propostas aprovadas pelo Banco Central e CMN permite que as institui\u00e7\u00f5es financeiras [&hellip;]<\/p>\n","protected":false},"author":73,"featured_media":552743,"comment_status":"closed","ping_status":"closed","sticky":false,"template":"","format":"standard","meta":[],"categories":[62],"tags":[106444,106043],"suno_strategy":[],"class_list":["post-553798","post","type-post","status-publish","format-standard","has-post-thumbnail","hentry","category-economia","tag-agencias","tag-rio-grande-do-sul"],"yoast_head":"<!-- This site is optimized with the Yoast SEO plugin v24.4 - https:\/\/yoast.com\/wordpress\/plugins\/seo\/ -->\n<title>Rio Grande do Sul: CMN e BC aprovam medidas para amenizar calamidade<\/title>\n<meta name=\"description\" content=\"Uma das propostas aprovadas permite que as institui\u00e7\u00f5es financeiras deixem de caracterizar como ativos problem\u00e1ticos as reestrutura\u00e7\u00f5es de exposi\u00e7\u00f5es de cr\u00e9dito afetadas pelas chuvas no Rio Grande do Sul\" \/>\n<meta name=\"robots\" content=\"index, follow, max-snippet:-1, max-image-preview:large, max-video-preview:-1\" \/>\n<link rel=\"canonical\" href=\"https:\/\/www.suno.com.br\/noticias\/rio-grande-do-sul-cmn-bc-medidas-calamidade-evm\/\" \/>\n<meta property=\"og:locale\" content=\"pt_BR\" \/>\n<meta property=\"og:type\" content=\"article\" \/>\n<meta property=\"og:title\" content=\"Rio Grande do Sul: CMN e BC aprovam medidas para amenizar calamidade\" \/>\n<meta property=\"og:description\" content=\"Uma das propostas aprovadas permite que as institui\u00e7\u00f5es financeiras deixem de caracterizar como ativos problem\u00e1ticos as reestrutura\u00e7\u00f5es de exposi\u00e7\u00f5es de cr\u00e9dito afetadas pelas chuvas no Rio Grande do Sul\" \/>\n<meta property=\"og:url\" content=\"https:\/\/www.suno.com.br\/noticias\/rio-grande-do-sul-cmn-bc-medidas-calamidade-evm\/\" \/>\n<meta property=\"og:site_name\" content=\"Suno Not\u00edcias\" \/>\n<meta property=\"article:publisher\" content=\"https:\/\/facebook.com\/sunoresearch\" \/>\n<meta property=\"og:image\" content=\"https:\/\/files.sunoresearch.com.br\/n\/uploads\/2024\/05\/53704798927_a95de78c8e_o-1.jpg\" \/>\n\t<meta property=\"og:image:width\" content=\"1337\" \/>\n\t<meta property=\"og:image:height\" content=\"800\" \/>\n\t<meta property=\"og:image:type\" content=\"image\/jpeg\" \/>\n<meta name=\"author\" content=\"Eduardo Vargas\" \/>\n<meta name=\"twitter:card\" content=\"summary_large_image\" \/>\n<meta name=\"twitter:creator\" content=\"@sunoresearch\" \/>\n<meta name=\"twitter:site\" content=\"@sunoresearch\" \/>\n<meta name=\"twitter:label1\" content=\"Escrito por\" \/>\n\t<meta name=\"twitter:data1\" content=\"Eduardo Vargas\" \/>\n\t<meta name=\"twitter:label2\" content=\"Est. tempo de leitura\" \/>\n\t<meta name=\"twitter:data2\" content=\"3 minutos\" \/>\n<script type=\"application\/ld+json\" class=\"yoast-schema-graph\">{\"@context\":\"https:\/\/schema.org\",\"@graph\":[{\"@type\":\"NewsArticle\",\"@id\":\"https:\/\/www.suno.com.br\/noticias\/rio-grande-do-sul-cmn-bc-medidas-calamidade-evm\/#article\",\"isPartOf\":{\"@id\":\"https:\/\/www.suno.com.br\/noticias\/rio-grande-do-sul-cmn-bc-medidas-calamidade-evm\/\"},\"author\":{\"name\":\"Eduardo Vargas\",\"@id\":\"https:\/\/www.suno.com.br\/noticias\/#\/schema\/person\/7f4d362bf3518e76090143ae77bb49a5\"},\"headline\":\"Rio Grande do Sul: CMN e BC aprovam medidas para amenizar calamidade\",\"datePublished\":\"2024-05-13T23:26:03+00:00\",\"dateModified\":\"2024-05-13T23:26:08+00:00\",\"mainEntityOfPage\":{\"@id\":\"https:\/\/www.suno.com.br\/noticias\/rio-grande-do-sul-cmn-bc-medidas-calamidade-evm\/\"},\"wordCount\":456,\"publisher\":{\"@id\":\"https:\/\/www.suno.com.br\/noticias\/#organization\"},\"image\":{\"@id\":\"https:\/\/www.suno.com.br\/noticias\/rio-grande-do-sul-cmn-bc-medidas-calamidade-evm\/#primaryimage\"},\"thumbnailUrl\":\"https:\/\/files.sunoresearch.com.br\/n\/uploads\/2024\/05\/53704798927_a95de78c8e_o-1.jpg\",\"keywords\":[\"Ag\u00eancias\",\"Rio Grande do Sul\"],\"articleSection\":[\"Economia\"],\"inLanguage\":\"pt-BR\"},{\"@type\":\"WebPage\",\"@id\":\"https:\/\/www.suno.com.br\/noticias\/rio-grande-do-sul-cmn-bc-medidas-calamidade-evm\/\",\"url\":\"https:\/\/www.suno.com.br\/noticias\/rio-grande-do-sul-cmn-bc-medidas-calamidade-evm\/\",\"name\":\"Rio Grande do Sul: CMN e BC aprovam medidas para amenizar calamidade\",\"isPartOf\":{\"@id\":\"https:\/\/www.suno.com.br\/noticias\/#website\"},\"primaryImageOfPage\":{\"@id\":\"https:\/\/www.suno.com.br\/noticias\/rio-grande-do-sul-cmn-bc-medidas-calamidade-evm\/#primaryimage\"},\"image\":{\"@id\":\"https:\/\/www.suno.com.br\/noticias\/rio-grande-do-sul-cmn-bc-medidas-calamidade-evm\/#primaryimage\"},\"thumbnailUrl\":\"https:\/\/files.sunoresearch.com.br\/n\/uploads\/2024\/05\/53704798927_a95de78c8e_o-1.jpg\",\"datePublished\":\"2024-05-13T23:26:03+00:00\",\"dateModified\":\"2024-05-13T23:26:08+00:00\",\"description\":\"Uma das propostas aprovadas permite que as institui\u00e7\u00f5es financeiras deixem de caracterizar como ativos problem\u00e1ticos as reestrutura\u00e7\u00f5es de exposi\u00e7\u00f5es de cr\u00e9dito afetadas pelas chuvas no Rio Grande do Sul\",\"breadcrumb\":{\"@id\":\"https:\/\/www.suno.com.br\/noticias\/rio-grande-do-sul-cmn-bc-medidas-calamidade-evm\/#breadcrumb\"},\"inLanguage\":\"pt-BR\",\"potentialAction\":[{\"@type\":\"ReadAction\",\"target\":[\"https:\/\/www.suno.com.br\/noticias\/rio-grande-do-sul-cmn-bc-medidas-calamidade-evm\/\"]}]},{\"@type\":\"ImageObject\",\"inLanguage\":\"pt-BR\",\"@id\":\"https:\/\/www.suno.com.br\/noticias\/rio-grande-do-sul-cmn-bc-medidas-calamidade-evm\/#primaryimage\",\"url\":\"https:\/\/files.sunoresearch.com.br\/n\/uploads\/2024\/05\/53704798927_a95de78c8e_o-1.jpg\",\"contentUrl\":\"https:\/\/files.sunoresearch.com.br\/n\/uploads\/2024\/05\/53704798927_a95de78c8e_o-1.jpg\",\"width\":1337,\"height\":800,\"caption\":\"Inunda\u00e7\u00f5es no Rio Grande do Sul. Foto: Ag\u00eancia Brasil\/Gustavo Mansur.\"},{\"@type\":\"BreadcrumbList\",\"@id\":\"https:\/\/www.suno.com.br\/noticias\/rio-grande-do-sul-cmn-bc-medidas-calamidade-evm\/#breadcrumb\",\"itemListElement\":[{\"@type\":\"ListItem\",\"position\":1,\"name\":\"Not\u00edcias\",\"item\":\"https:\/\/www.suno.com.br\/noticias\/\"},{\"@type\":\"ListItem\",\"position\":2,\"name\":\"Economia\",\"item\":\"https:\/\/www.suno.com.br\/noticias\/economia\/\"},{\"@type\":\"ListItem\",\"position\":3,\"name\":\"Rio Grande do Sul: CMN e BC aprovam medidas para amenizar calamidade\"}]},{\"@type\":\"WebSite\",\"@id\":\"https:\/\/www.suno.com.br\/noticias\/#website\",\"url\":\"https:\/\/www.suno.com.br\/noticias\/\",\"name\":\"Suno Not\u00edcias\",\"description\":\"Seu portal de informa\u00e7\u00e3o sobre o mundo dos investimentos\",\"publisher\":{\"@id\":\"https:\/\/www.suno.com.br\/noticias\/#organization\"},\"potentialAction\":[{\"@type\":\"SearchAction\",\"target\":{\"@type\":\"EntryPoint\",\"urlTemplate\":\"https:\/\/www.suno.com.br\/noticias\/?s={search_term_string}\"},\"query-input\":{\"@type\":\"PropertyValueSpecification\",\"valueRequired\":true,\"valueName\":\"search_term_string\"}}],\"inLanguage\":\"pt-BR\"},{\"@type\":\"Organization\",\"@id\":\"https:\/\/www.suno.com.br\/noticias\/#organization\",\"name\":\"Suno Not\u00edcias\",\"url\":\"https:\/\/www.suno.com.br\/noticias\/\",\"logo\":{\"@type\":\"ImageObject\",\"inLanguage\":\"pt-BR\",\"@id\":\"https:\/\/www.suno.com.br\/noticias\/#\/schema\/logo\/image\/\",\"url\":\"https:\/\/files.sunoresearch.com.br\/n\/uploads\/2021\/09\/suno-logo.png\",\"contentUrl\":\"https:\/\/files.sunoresearch.com.br\/n\/uploads\/2021\/09\/suno-logo.png\",\"width\":180,\"height\":180,\"caption\":\"Suno Not\u00edcias\"},\"image\":{\"@id\":\"https:\/\/www.suno.com.br\/noticias\/#\/schema\/logo\/image\/\"},\"sameAs\":[\"https:\/\/facebook.com\/sunoresearch\",\"https:\/\/x.com\/sunoresearch\",\"https:\/\/www.instagram.com\/suno\",\"https:\/\/www.linkedin.com\/company\/suno-research\/\",\"https:\/\/www.youtube.com\/c\/sunoresearch\"]},{\"@type\":\"Person\",\"@id\":\"https:\/\/www.suno.com.br\/noticias\/#\/schema\/person\/7f4d362bf3518e76090143ae77bb49a5\",\"name\":\"Eduardo Vargas\",\"image\":{\"@type\":\"ImageObject\",\"inLanguage\":\"pt-BR\",\"@id\":\"https:\/\/www.suno.com.br\/noticias\/#\/schema\/person\/image\/\",\"url\":\"https:\/\/secure.gravatar.com\/avatar\/dac340933427a22924c9f99d1eb2e3f2?s=96&r=g\",\"contentUrl\":\"https:\/\/secure.gravatar.com\/avatar\/dac340933427a22924c9f99d1eb2e3f2?s=96&r=g\",\"caption\":\"Eduardo Vargas\"},\"description\":\"Jornalista formado pela UFSC, cobre macroeconomia, neg\u00f3cios e startups para o Suno Not\u00edcias, escrevendo principalmente not\u00edcias sobre o mercado financeiro e a bolsa de valores. No YouTube e no Instagram, \u00e9 respons\u00e1vel pela produ\u00e7\u00e3o de Reels e Shorts do Suno Not\u00edcias. Anteriormente, trabalhou cobrindo economia e cotidiano no ND+ e para o ND, maior jornal impresso de Santa Catarina. Cursou um semestre letivo de Estudos de M\u00eddia na Universidad de Buenos Aires.\",\"url\":\"https:\/\/www.suno.com.br\/noticias\/author\/eduardo-vargas\/\"}]}<\/script>\n<!-- \/ Yoast SEO plugin. -->","yoast_head_json":{"title":"Rio Grande do Sul: CMN e BC aprovam medidas para amenizar calamidade","description":"Uma das propostas aprovadas permite que as institui\u00e7\u00f5es financeiras deixem de caracterizar como ativos problem\u00e1ticos as reestrutura\u00e7\u00f5es de exposi\u00e7\u00f5es de cr\u00e9dito afetadas pelas chuvas no Rio Grande do Sul","robots":{"index":"index","follow":"follow","max-snippet":"max-snippet:-1","max-image-preview":"max-image-preview:large","max-video-preview":"max-video-preview:-1"},"canonical":"https:\/\/www.suno.com.br\/noticias\/rio-grande-do-sul-cmn-bc-medidas-calamidade-evm\/","og_locale":"pt_BR","og_type":"article","og_title":"Rio Grande do Sul: CMN e BC aprovam medidas para amenizar calamidade","og_description":"Uma das propostas aprovadas permite que as institui\u00e7\u00f5es financeiras deixem de caracterizar como ativos problem\u00e1ticos as reestrutura\u00e7\u00f5es de exposi\u00e7\u00f5es de cr\u00e9dito afetadas pelas chuvas no Rio Grande do Sul","og_url":"https:\/\/www.suno.com.br\/noticias\/rio-grande-do-sul-cmn-bc-medidas-calamidade-evm\/","og_site_name":"Suno Not\u00edcias","article_publisher":"https:\/\/facebook.com\/sunoresearch","og_image":[{"width":1337,"height":800,"url":"https:\/\/files.sunoresearch.com.br\/n\/uploads\/2024\/05\/53704798927_a95de78c8e_o-1.jpg","type":"image\/jpeg"}],"author":"Eduardo Vargas","twitter_card":"summary_large_image","twitter_creator":"@sunoresearch","twitter_site":"@sunoresearch","twitter_misc":{"Escrito por":"Eduardo Vargas","Est. tempo de leitura":"3 minutos"},"schema":{"@context":"https:\/\/schema.org","@graph":[{"@type":"NewsArticle","@id":"https:\/\/www.suno.com.br\/noticias\/rio-grande-do-sul-cmn-bc-medidas-calamidade-evm\/#article","isPartOf":{"@id":"https:\/\/www.suno.com.br\/noticias\/rio-grande-do-sul-cmn-bc-medidas-calamidade-evm\/"},"author":{"name":"Eduardo Vargas","@id":"https:\/\/www.suno.com.br\/noticias\/#\/schema\/person\/7f4d362bf3518e76090143ae77bb49a5"},"headline":"Rio Grande do Sul: CMN e BC aprovam medidas para amenizar calamidade","datePublished":"2024-05-13T23:26:03+00:00","dateModified":"2024-05-13T23:26:08+00:00","mainEntityOfPage":{"@id":"https:\/\/www.suno.com.br\/noticias\/rio-grande-do-sul-cmn-bc-medidas-calamidade-evm\/"},"wordCount":456,"publisher":{"@id":"https:\/\/www.suno.com.br\/noticias\/#organization"},"image":{"@id":"https:\/\/www.suno.com.br\/noticias\/rio-grande-do-sul-cmn-bc-medidas-calamidade-evm\/#primaryimage"},"thumbnailUrl":"https:\/\/files.sunoresearch.com.br\/n\/uploads\/2024\/05\/53704798927_a95de78c8e_o-1.jpg","keywords":["Ag\u00eancias","Rio Grande do Sul"],"articleSection":["Economia"],"inLanguage":"pt-BR"},{"@type":"WebPage","@id":"https:\/\/www.suno.com.br\/noticias\/rio-grande-do-sul-cmn-bc-medidas-calamidade-evm\/","url":"https:\/\/www.suno.com.br\/noticias\/rio-grande-do-sul-cmn-bc-medidas-calamidade-evm\/","name":"Rio Grande do Sul: CMN e BC aprovam medidas para amenizar calamidade","isPartOf":{"@id":"https:\/\/www.suno.com.br\/noticias\/#website"},"primaryImageOfPage":{"@id":"https:\/\/www.suno.com.br\/noticias\/rio-grande-do-sul-cmn-bc-medidas-calamidade-evm\/#primaryimage"},"image":{"@id":"https:\/\/www.suno.com.br\/noticias\/rio-grande-do-sul-cmn-bc-medidas-calamidade-evm\/#primaryimage"},"thumbnailUrl":"https:\/\/files.sunoresearch.com.br\/n\/uploads\/2024\/05\/53704798927_a95de78c8e_o-1.jpg","datePublished":"2024-05-13T23:26:03+00:00","dateModified":"2024-05-13T23:26:08+00:00","description":"Uma das propostas aprovadas permite que as institui\u00e7\u00f5es financeiras deixem de caracterizar como ativos problem\u00e1ticos as reestrutura\u00e7\u00f5es de exposi\u00e7\u00f5es de cr\u00e9dito afetadas pelas chuvas no Rio Grande do Sul","breadcrumb":{"@id":"https:\/\/www.suno.com.br\/noticias\/rio-grande-do-sul-cmn-bc-medidas-calamidade-evm\/#breadcrumb"},"inLanguage":"pt-BR","potentialAction":[{"@type":"ReadAction","target":["https:\/\/www.suno.com.br\/noticias\/rio-grande-do-sul-cmn-bc-medidas-calamidade-evm\/"]}]},{"@type":"ImageObject","inLanguage":"pt-BR","@id":"https:\/\/www.suno.com.br\/noticias\/rio-grande-do-sul-cmn-bc-medidas-calamidade-evm\/#primaryimage","url":"https:\/\/files.sunoresearch.com.br\/n\/uploads\/2024\/05\/53704798927_a95de78c8e_o-1.jpg","contentUrl":"https:\/\/files.sunoresearch.com.br\/n\/uploads\/2024\/05\/53704798927_a95de78c8e_o-1.jpg","width":1337,"height":800,"caption":"Inunda\u00e7\u00f5es no Rio Grande do Sul. Foto: Ag\u00eancia Brasil\/Gustavo Mansur."},{"@type":"BreadcrumbList","@id":"https:\/\/www.suno.com.br\/noticias\/rio-grande-do-sul-cmn-bc-medidas-calamidade-evm\/#breadcrumb","itemListElement":[{"@type":"ListItem","position":1,"name":"Not\u00edcias","item":"https:\/\/www.suno.com.br\/noticias\/"},{"@type":"ListItem","position":2,"name":"Economia","item":"https:\/\/www.suno.com.br\/noticias\/economia\/"},{"@type":"ListItem","position":3,"name":"Rio Grande do Sul: CMN e BC aprovam medidas para amenizar calamidade"}]},{"@type":"WebSite","@id":"https:\/\/www.suno.com.br\/noticias\/#website","url":"https:\/\/www.suno.com.br\/noticias\/","name":"Suno Not\u00edcias","description":"Seu portal de informa\u00e7\u00e3o sobre o mundo dos investimentos","publisher":{"@id":"https:\/\/www.suno.com.br\/noticias\/#organization"},"potentialAction":[{"@type":"SearchAction","target":{"@type":"EntryPoint","urlTemplate":"https:\/\/www.suno.com.br\/noticias\/?s={search_term_string}"},"query-input":{"@type":"PropertyValueSpecification","valueRequired":true,"valueName":"search_term_string"}}],"inLanguage":"pt-BR"},{"@type":"Organization","@id":"https:\/\/www.suno.com.br\/noticias\/#organization","name":"Suno Not\u00edcias","url":"https:\/\/www.suno.com.br\/noticias\/","logo":{"@type":"ImageObject","inLanguage":"pt-BR","@id":"https:\/\/www.suno.com.br\/noticias\/#\/schema\/logo\/image\/","url":"https:\/\/files.sunoresearch.com.br\/n\/uploads\/2021\/09\/suno-logo.png","contentUrl":"https:\/\/files.sunoresearch.com.br\/n\/uploads\/2021\/09\/suno-logo.png","width":180,"height":180,"caption":"Suno Not\u00edcias"},"image":{"@id":"https:\/\/www.suno.com.br\/noticias\/#\/schema\/logo\/image\/"},"sameAs":["https:\/\/facebook.com\/sunoresearch","https:\/\/x.com\/sunoresearch","https:\/\/www.instagram.com\/suno","https:\/\/www.linkedin.com\/company\/suno-research\/","https:\/\/www.youtube.com\/c\/sunoresearch"]},{"@type":"Person","@id":"https:\/\/www.suno.com.br\/noticias\/#\/schema\/person\/7f4d362bf3518e76090143ae77bb49a5","name":"Eduardo Vargas","image":{"@type":"ImageObject","inLanguage":"pt-BR","@id":"https:\/\/www.suno.com.br\/noticias\/#\/schema\/person\/image\/","url":"https:\/\/secure.gravatar.com\/avatar\/dac340933427a22924c9f99d1eb2e3f2?s=96&r=g","contentUrl":"https:\/\/secure.gravatar.com\/avatar\/dac340933427a22924c9f99d1eb2e3f2?s=96&r=g","caption":"Eduardo Vargas"},"description":"Jornalista formado pela UFSC, cobre macroeconomia, neg\u00f3cios e startups para o Suno Not\u00edcias, escrevendo principalmente not\u00edcias sobre o mercado financeiro e a bolsa de valores. No YouTube e no Instagram, \u00e9 respons\u00e1vel pela produ\u00e7\u00e3o de Reels e Shorts do Suno Not\u00edcias. Anteriormente, trabalhou cobrindo economia e cotidiano no ND+ e para o ND, maior jornal impresso de Santa Catarina. Cursou um semestre letivo de Estudos de M\u00eddia na Universidad de Buenos Aires.","url":"https:\/\/www.suno.com.br\/noticias\/author\/eduardo-vargas\/"}]}},"default_loop_html":"<div class=\"cardsPage__listCard__boxs\"><div class=\"cardsPage__listCard__boxs__img\"><a href=\"https:\/\/www.suno.com.br\/noticias\/rio-grande-do-sul-cmn-bc-medidas-calamidade-evm\/\"><img class=\"mask\" src=\"https:\/\/www.suno.com.br\/noticias\/wp-content\/themes\/suno\/resources\/images\/spotlight\/spotlight1img\/bg-mask.png\" alt=\"Image Mask\"\/><img src=\"https:\/\/files.sunoresearch.com.br\/n\/uploads\/2024\/05\/53704798927_a95de78c8e_o-1-400x200.jpg\" alt=\"Rio Grande do Sul: CMN e BC aprovam medidas para amenizar calamidade\"\/><\/a><span class=\"spotlightCategory\"><a href=\"https:\/\/www.suno.com.br\/noticias\/economia\/\">Economia<\/a><\/span><\/div><div class=\"cardsPage__listCard__boxs__content\"><a href=\"https:\/\/www.suno.com.br\/noticias\/rio-grande-do-sul-cmn-bc-medidas-calamidade-evm\/\"><h2 class=\"content__title\">Rio Grande do Sul: CMN e BC aprovam medidas para amenizar calamidade<\/h2><\/a><div class=\"newsContent__article__meta\"><div class=\"newsContent__article__meta__authorBox\"><a href=\"https:\/\/www.suno.com.br\/noticias\/author\/eduardo-vargas\/\" class=\"authorBox__avatar noMobi\"><img src=\"https:\/\/secure.gravatar.com\/avatar\/dac340933427a22924c9f99d1eb2e3f2?s=96&#038;r=g\" alt=\"Eduardo Vargas\"><\/a><div class=\"authorBox__name\"><span>por\n\t\t\t<a href=\"https:\/\/www.suno.com.br\/noticias\/author\/eduardo-vargas\/\"><span itemprop=\"author\">Eduardo Vargas<\/span><\/a><\/span><time datetime=\"2024-05-13T20:26:03-03:00\" itemprop=\"datePublished\">13\/05\/2024 20:26<\/time><\/div><\/div><\/div><\/div><\/div>","single_layout":"posts","amp_enabled":true,"_links":{"self":[{"href":"https:\/\/www.suno.com.br\/noticias\/wp-json\/wp\/v2\/posts\/553798"}],"collection":[{"href":"https:\/\/www.suno.com.br\/noticias\/wp-json\/wp\/v2\/posts"}],"about":[{"href":"https:\/\/www.suno.com.br\/noticias\/wp-json\/wp\/v2\/types\/post"}],"author":[{"embeddable":true,"href":"https:\/\/www.suno.com.br\/noticias\/wp-json\/wp\/v2\/users\/73"}],"replies":[{"embeddable":true,"href":"https:\/\/www.suno.com.br\/noticias\/wp-json\/wp\/v2\/comments?post=553798"}],"version-history":[{"count":3,"href":"https:\/\/www.suno.com.br\/noticias\/wp-json\/wp\/v2\/posts\/553798\/revisions"}],"predecessor-version":[{"id":553815,"href":"https:\/\/www.suno.com.br\/noticias\/wp-json\/wp\/v2\/posts\/553798\/revisions\/553815"}],"wp:featuredmedia":[{"embeddable":true,"href":"https:\/\/www.suno.com.br\/noticias\/wp-json\/wp\/v2\/media\/552743"}],"wp:attachment":[{"href":"https:\/\/www.suno.com.br\/noticias\/wp-json\/wp\/v2\/media?parent=553798"}],"wp:term":[{"taxonomy":"category","embeddable":true,"href":"https:\/\/www.suno.com.br\/noticias\/wp-json\/wp\/v2\/categories?post=553798"},{"taxonomy":"post_tag","embeddable":true,"href":"https:\/\/www.suno.com.br\/noticias\/wp-json\/wp\/v2\/tags?post=553798"},{"taxonomy":"suno_strategy","embeddable":true,"href":"https:\/\/www.suno.com.br\/noticias\/wp-json\/wp\/v2\/suno_strategy?post=553798"}],"curies":[{"name":"wp","href":"https:\/\/api.w.org\/{rel}","templated":true}]}}