{"id":553636,"date":"2024-05-13T13:28:27","date_gmt":"2024-05-13T16:28:27","guid":{"rendered":"https:\/\/www.suno.com.br\/noticias\/?p=553636"},"modified":"2024-05-13T13:28:32","modified_gmt":"2024-05-13T16:28:32","slug":"shein-ipo-londres-gpj","status":"publish","type":"post","link":"https:\/\/www.suno.com.br\/noticias\/shein-ipo-londres-gpj\/","title":{"rendered":"Shein prepara IPO em Londres, diz ag\u00eancia; saiba mais"},"content":{"rendered":"<p>A varejista chinesa <strong>Shein<\/strong> est\u00e1 intensificando os preparativos para uma <a href=\"https:\/\/www.suno.com.br\/artigos\/oferta-de-acoes\/\">oferta de a\u00e7\u00f5es<\/a> em Londres, segundo informa\u00e7\u00f5es da ag\u00eancia Reuters. <\/p>\t<div class=\"wrapper-featured-image\">\n\t\t<figure class=\"spotlightImg\">\n\n\t\t\t<picture>\n\t\t\t\t<source media=\"(max-width: 768px)\" srcset=\"https:\/\/files.sunoresearch.com.br\/n\/uploads\/2022\/02\/Shein-400x200.jpg\">\n\t\t\t\t<img loading=\"lazy\" decoding=\"async\" class=\"newsContent__article__imgCapa lazyloadDisabled \" src=\"https:\/\/files.sunoresearch.com.br\/n\/uploads\/2022\/02\/Shein-800x450.jpg\" width=\"800\" height=\"450\" alt=\"Shein prepara IPO em Londres, diz ag\u00eancia; saiba mais\" fetchpriority=high \/>\n\t\t\t<\/picture>\n\n\t\t\t<figcaption class=\"wp-caption-text wp-caption-text--show\">Loja Shein. Foto: Reprodu\u00e7\u00e3o\/ Facebook Shein<\/figcaption>\n\t\t<\/figure>\n\t<\/div>\n\n\n\n\n\n\n\n\t<p>\n\t\t<a href=\"https:\/\/lp.suno.com.br\/planilha-da-vida-financeira\/\" target=\"_blank\" data-element=\"shortcode-suno-banner\" title=\"Banner SUNO, clique e saiba mais\">\n\t\t\t<picture>\n\t\t\t\t<source media=\"(max-width: 500px)\" srcset=\"https:\/\/files.sunoresearch.com.br\/n\/uploads\/2023\/04\/400x300-Planilha-vida-financeira-true.png\">\n\t\t\t\t<img class=\"newsContent__article__imgCapa newsContent__article__imgCapa--banner\"\n\t\t\t\t\tsrc=\"https:\/\/files.sunoresearch.com.br\/n\/uploads\/2023\/04\/1420x240-Planilha-vida-financeira-true.png\"\n\t\t\t\t\tdata-promo-id=\"106682\"\t\t\t\t\t\t\t\t\t\twidth='1420' height='240'\t\t\t\t\talt=\"https:\/\/files.sunoresearch.com.br\/n\/uploads\/2023\/04\/1420x240-Planilha-vida-financeira-true.png\"\n\t\t\t\t>\n\t\t\t<\/picture>\n\t\t<\/a>\n\t<\/p>\n\n\n\n\n\n<p>Recentemente, a Shein tentou se lan\u00e7ar em Nova York, mas acabou enfrentando obst\u00e1culos regulat\u00f3rios e resist\u00eancia dos congressistas norte-americanos sobre supostas pr\u00e1ticas irregulares de trabalho e a\u00e7\u00f5es judiciais de concorrentes.<\/p>\n\n\n\n<p>Segundo fontes informaram \u00e0 ag\u00eancia, a varejista de moda online planeja atualizar as autoridades chinesas sobre a mudan\u00e7a do local da oferta p\u00fablica inicial (IPO) e apresentar o pedido \u00e0 Bolsa de Valores de Londres (LSE) ainda neste m\u00eas de maio.<\/p>\n\n\n\n<p>Avaliada em US$ 66 bilh\u00f5es, a Shein procurou gestores de fundos com sede em Londres para reuni\u00f5es introdut\u00f3rias antes do lan\u00e7amento, afirmou uma fonte.<\/p>\n\n\n\n\t<div data-element=\"shortcode-read-more\" class=\"readToo\">\n\t\t\t\t<span class=\"readToo__title\">Leia mais<\/span>\n\t\t\t\t<ul class=\"readToo__list\">\n\t\t\t<li><a href=\"https:\/\/www.suno.com.br\/noticias\/shein-shopee-regulamentacao-reforma-tributaria-gpj\/\">Shein e Shopee ser\u00e3o taxadas ap\u00f3s regulamenta\u00e7\u00e3o da reforma tribut\u00e1ria?<\/a><\/li><li><a href=\"https:\/\/www.suno.com.br\/noticias\/shein-shopee-brasil-btg-gpj\/\">Shein e Shopee: estrat\u00e9gias devem continuar impulsionando neg\u00f3cios no Brasil, diz BTG<\/a><\/li><li><a href=\"https:\/\/www.suno.com.br\/noticias\/nubank-roxo34-lanca-cashback-shein-descontos-cpf\/\">Nubank (ROXO34) lan\u00e7a cashback de 3% na Shein e descontos para clientes<\/a><\/li>\t\t<\/ul>\n\t<\/div>\n\n\n\n\n<p>Ainda de acordo com a Reuters, embora a Shein esteja se preparando para um IPO em Londres, ela ainda prefere se lan\u00e7ar em Nova York e planeja manter seu pedido \u00e0 Comiss\u00e3o de Valores Mobili\u00e1rios dos Estados Unidos (SEC) ativo, caso haja alguma mudan\u00e7a na postura dos \u00f3rg\u00e3os reguladores americanos.<\/p>\n\n\n\n<p>A ag\u00eancia afirma ainda que a empresa tamb\u00e9m poder\u00e1 buscar uma listagem secund\u00e1ria nos EUA ap\u00f3s seu IPO em Londres, quando considerar que o clima pol\u00edtico dos EUA \u00e9 mais favor\u00e1vel. No entanto, diz a Reuters, a SEC ainda n\u00e3o avan\u00e7ou com o pedido de<strong> IPO da Shein<\/strong>. <\/p>\n\n\n\n<p>O plano da Shein de atualizar o \u00f3rg\u00e3o regulador chin\u00eas sobre o IPO de Londres a tornaria sujeita \u00e0 aprova\u00e7\u00e3o de Pequim, de acordo com as novas regras de listagem para empresas chinesas que abrem seu capital no exterior. Caso seja concretizado, o IPO da<strong> Shein<\/strong> poder\u00e1 ser um dos maiores do mundo em 2024, acrescentaram as fontes.<\/p>\n\n\n\t<p>\n\t\t<a href=\"https:\/\/lp.suno.com.br\/ebook-como-analisar-uma-acao\/\" target=\"_blank\" data-element=\"shortcode-suno-banner\" title=\"Banner SUNO, clique e saiba mais\">\n\t\t\t<picture>\n\t\t\t\t<source media=\"(max-width: 500px)\" srcset=\"https:\/\/files.sunoresearch.com.br\/n\/uploads\/2023\/03\/Ebook-Acoes-Mobile.jpg\">\n\t\t\t\t<img class=\"newsContent__article__imgCapa newsContent__article__imgCapa--banner\"\n\t\t\t\t\tsrc=\"https:\/\/files.sunoresearch.com.br\/n\/uploads\/2023\/03\/Ebook-Acoes-Desktop.jpg\"\n\t\t\t\t\tdata-promo-id=\"378302\"\t\t\t\t\t\t\t\t\t\twidth='1420' height='286'\t\t\t\t\talt=\"https:\/\/files.sunoresearch.com.br\/n\/uploads\/2023\/03\/Ebook-Acoes-Desktop.jpg\"\n\t\t\t\t>\n\t\t\t<\/picture>\n\t\t<\/a>\n\t<\/p>\n\n\n","protected":false},"excerpt":{"rendered":"<p>A varejista chinesa Shein est\u00e1 intensificando os preparativos para uma oferta de a\u00e7\u00f5es em Londres, segundo informa\u00e7\u00f5es da ag\u00eancia Reuters. Loja Shein. Foto: Reprodu\u00e7\u00e3o\/ Facebook Shein Recentemente, a Shein tentou se lan\u00e7ar em Nova York, mas acabou enfrentando obst\u00e1culos regulat\u00f3rios e resist\u00eancia dos congressistas norte-americanos sobre supostas pr\u00e1ticas irregulares de trabalho e a\u00e7\u00f5es judiciais de [&hellip;]<\/p>\n","protected":false},"author":313,"featured_media":234056,"comment_status":"closed","ping_status":"closed","sticky":false,"template":"","format":"standard","meta":[],"categories":[64],"tags":[319,107140],"suno_strategy":[],"class_list":["post-553636","post","type-post","status-publish","format-standard","has-post-thumbnail","hentry","category-negocios","tag-ipo-oferta-inicial-de-acoes","tag-shein"],"yoast_head":"<!-- This site is optimized with the Yoast SEO plugin v24.4 - https:\/\/yoast.com\/wordpress\/plugins\/seo\/ -->\n<title>Shein prepara IPO em Londres, diz ag\u00eancia; saiba mais<\/title>\n<meta name=\"description\" content=\"A varejista chinesa Shein est\u00e1 intensificando os preparativos para uma oferta de a\u00e7\u00f5es em Londres, segundo informa\u00e7\u00f5es da ag\u00eancia Reuters.\" \/>\n<meta name=\"robots\" content=\"index, follow, max-snippet:-1, max-image-preview:large, max-video-preview:-1\" \/>\n<link rel=\"canonical\" href=\"https:\/\/www.suno.com.br\/noticias\/shein-ipo-londres-gpj\/\" \/>\n<meta property=\"og:locale\" content=\"pt_BR\" \/>\n<meta property=\"og:type\" content=\"article\" \/>\n<meta property=\"og:title\" content=\"Shein prepara IPO em Londres, diz ag\u00eancia; saiba mais\" \/>\n<meta property=\"og:description\" content=\"A varejista chinesa Shein est\u00e1 intensificando os preparativos para uma oferta de a\u00e7\u00f5es em Londres, segundo informa\u00e7\u00f5es da ag\u00eancia Reuters.\" \/>\n<meta property=\"og:url\" content=\"https:\/\/www.suno.com.br\/noticias\/shein-ipo-londres-gpj\/\" \/>\n<meta property=\"og:site_name\" content=\"Suno Not\u00edcias\" \/>\n<meta property=\"article:publisher\" content=\"https:\/\/facebook.com\/sunoresearch\" \/>\n<meta property=\"og:image\" content=\"https:\/\/files.sunoresearch.com.br\/n\/uploads\/2022\/02\/Shein.jpg\" \/>\n\t<meta property=\"og:image:width\" content=\"2048\" \/>\n\t<meta property=\"og:image:height\" content=\"1365\" \/>\n\t<meta property=\"og:image:type\" content=\"image\/jpeg\" \/>\n<meta name=\"author\" content=\"Giovanni Porf\u00edrio Jacomino\" \/>\n<meta name=\"twitter:card\" content=\"summary_large_image\" \/>\n<meta name=\"twitter:creator\" content=\"@sunoresearch\" \/>\n<meta name=\"twitter:site\" content=\"@sunoresearch\" \/>\n<meta name=\"twitter:label1\" content=\"Escrito por\" \/>\n\t<meta name=\"twitter:data1\" content=\"Giovanni Porf\u00edrio Jacomino\" \/>\n\t<meta name=\"twitter:label2\" content=\"Est. tempo de leitura\" \/>\n\t<meta name=\"twitter:data2\" content=\"2 minutos\" \/>\n<script type=\"application\/ld+json\" class=\"yoast-schema-graph\">{\"@context\":\"https:\/\/schema.org\",\"@graph\":[{\"@type\":\"NewsArticle\",\"@id\":\"https:\/\/www.suno.com.br\/noticias\/shein-ipo-londres-gpj\/#article\",\"isPartOf\":{\"@id\":\"https:\/\/www.suno.com.br\/noticias\/shein-ipo-londres-gpj\/\"},\"author\":{\"name\":\"Giovanni Porf\u00edrio Jacomino\",\"@id\":\"https:\/\/www.suno.com.br\/noticias\/#\/schema\/person\/d0f32748bbca4bee871fa191ee4e2d40\"},\"headline\":\"Shein prepara IPO em Londres, diz ag\u00eancia; saiba mais\",\"datePublished\":\"2024-05-13T16:28:27+00:00\",\"dateModified\":\"2024-05-13T16:28:32+00:00\",\"mainEntityOfPage\":{\"@id\":\"https:\/\/www.suno.com.br\/noticias\/shein-ipo-londres-gpj\/\"},\"wordCount\":313,\"publisher\":{\"@id\":\"https:\/\/www.suno.com.br\/noticias\/#organization\"},\"image\":{\"@id\":\"https:\/\/www.suno.com.br\/noticias\/shein-ipo-londres-gpj\/#primaryimage\"},\"thumbnailUrl\":\"https:\/\/files.sunoresearch.com.br\/n\/uploads\/2022\/02\/Shein.jpg\",\"keywords\":[\"IPO (Oferta Inicial de A\u00e7\u00f5es)\",\"Shein\"],\"articleSection\":[\"Neg\u00f3cios\"],\"inLanguage\":\"pt-BR\"},{\"@type\":\"WebPage\",\"@id\":\"https:\/\/www.suno.com.br\/noticias\/shein-ipo-londres-gpj\/\",\"url\":\"https:\/\/www.suno.com.br\/noticias\/shein-ipo-londres-gpj\/\",\"name\":\"Shein prepara IPO em Londres, diz ag\u00eancia; saiba mais\",\"isPartOf\":{\"@id\":\"https:\/\/www.suno.com.br\/noticias\/#website\"},\"primaryImageOfPage\":{\"@id\":\"https:\/\/www.suno.com.br\/noticias\/shein-ipo-londres-gpj\/#primaryimage\"},\"image\":{\"@id\":\"https:\/\/www.suno.com.br\/noticias\/shein-ipo-londres-gpj\/#primaryimage\"},\"thumbnailUrl\":\"https:\/\/files.sunoresearch.com.br\/n\/uploads\/2022\/02\/Shein.jpg\",\"datePublished\":\"2024-05-13T16:28:27+00:00\",\"dateModified\":\"2024-05-13T16:28:32+00:00\",\"description\":\"A varejista chinesa Shein est\u00e1 intensificando os preparativos para uma oferta de a\u00e7\u00f5es em Londres, segundo informa\u00e7\u00f5es da ag\u00eancia Reuters.\",\"breadcrumb\":{\"@id\":\"https:\/\/www.suno.com.br\/noticias\/shein-ipo-londres-gpj\/#breadcrumb\"},\"inLanguage\":\"pt-BR\",\"potentialAction\":[{\"@type\":\"ReadAction\",\"target\":[\"https:\/\/www.suno.com.br\/noticias\/shein-ipo-londres-gpj\/\"]}]},{\"@type\":\"ImageObject\",\"inLanguage\":\"pt-BR\",\"@id\":\"https:\/\/www.suno.com.br\/noticias\/shein-ipo-londres-gpj\/#primaryimage\",\"url\":\"https:\/\/files.sunoresearch.com.br\/n\/uploads\/2022\/02\/Shein.jpg\",\"contentUrl\":\"https:\/\/files.sunoresearch.com.br\/n\/uploads\/2022\/02\/Shein.jpg\",\"width\":2048,\"height\":1365,\"caption\":\"Loja Shein. Foto: Reprodu\u00e7\u00e3o\/ Facebook Shein\"},{\"@type\":\"BreadcrumbList\",\"@id\":\"https:\/\/www.suno.com.br\/noticias\/shein-ipo-londres-gpj\/#breadcrumb\",\"itemListElement\":[{\"@type\":\"ListItem\",\"position\":1,\"name\":\"Not\u00edcias\",\"item\":\"https:\/\/www.suno.com.br\/noticias\/\"},{\"@type\":\"ListItem\",\"position\":2,\"name\":\"Neg\u00f3cios\",\"item\":\"https:\/\/www.suno.com.br\/noticias\/negocios\/\"},{\"@type\":\"ListItem\",\"position\":3,\"name\":\"Shein prepara IPO em Londres, diz ag\u00eancia; saiba mais\"}]},{\"@type\":\"WebSite\",\"@id\":\"https:\/\/www.suno.com.br\/noticias\/#website\",\"url\":\"https:\/\/www.suno.com.br\/noticias\/\",\"name\":\"Suno Not\u00edcias\",\"description\":\"Seu portal de informa\u00e7\u00e3o sobre o mundo dos investimentos\",\"publisher\":{\"@id\":\"https:\/\/www.suno.com.br\/noticias\/#organization\"},\"potentialAction\":[{\"@type\":\"SearchAction\",\"target\":{\"@type\":\"EntryPoint\",\"urlTemplate\":\"https:\/\/www.suno.com.br\/noticias\/?s={search_term_string}\"},\"query-input\":{\"@type\":\"PropertyValueSpecification\",\"valueRequired\":true,\"valueName\":\"search_term_string\"}}],\"inLanguage\":\"pt-BR\"},{\"@type\":\"Organization\",\"@id\":\"https:\/\/www.suno.com.br\/noticias\/#organization\",\"name\":\"Suno Not\u00edcias\",\"url\":\"https:\/\/www.suno.com.br\/noticias\/\",\"logo\":{\"@type\":\"ImageObject\",\"inLanguage\":\"pt-BR\",\"@id\":\"https:\/\/www.suno.com.br\/noticias\/#\/schema\/logo\/image\/\",\"url\":\"https:\/\/files.sunoresearch.com.br\/n\/uploads\/2021\/09\/suno-logo.png\",\"contentUrl\":\"https:\/\/files.sunoresearch.com.br\/n\/uploads\/2021\/09\/suno-logo.png\",\"width\":180,\"height\":180,\"caption\":\"Suno Not\u00edcias\"},\"image\":{\"@id\":\"https:\/\/www.suno.com.br\/noticias\/#\/schema\/logo\/image\/\"},\"sameAs\":[\"https:\/\/facebook.com\/sunoresearch\",\"https:\/\/x.com\/sunoresearch\",\"https:\/\/www.instagram.com\/suno\",\"https:\/\/www.linkedin.com\/company\/suno-research\/\",\"https:\/\/www.youtube.com\/c\/sunoresearch\"]},{\"@type\":\"Person\",\"@id\":\"https:\/\/www.suno.com.br\/noticias\/#\/schema\/person\/d0f32748bbca4bee871fa191ee4e2d40\",\"name\":\"Giovanni Porf\u00edrio Jacomino\",\"image\":{\"@type\":\"ImageObject\",\"inLanguage\":\"pt-BR\",\"@id\":\"https:\/\/www.suno.com.br\/noticias\/#\/schema\/person\/image\/\",\"url\":\"https:\/\/secure.gravatar.com\/avatar\/efb32e19b730a121cb7a80f41ffec01a?s=96&r=g\",\"contentUrl\":\"https:\/\/secure.gravatar.com\/avatar\/efb32e19b730a121cb7a80f41ffec01a?s=96&r=g\",\"caption\":\"Giovanni Porf\u00edrio Jacomino\"},\"description\":\"Giovanni Porf\u00edrio Jacomino \u00e9 jornalista formado pela Universidade Estadual de Londrina (UEL) e p\u00f3s-graduado em Produ\u00e7\u00e3o e Pr\u00e1ticas Jornal\u00edsticas na Contemporaneidade na Faculdade C\u00e1sper L\u00edbero (FCL). Foi editor web no Startupi e no Finsiders, atuando ainda como editor no TC Mover, portal de not\u00edcias da TradersClub, fazendo a cobertura de assuntos relacionados ao mercado financeiro interno e externo. Atualmente, \u00e9 Rep\u00f3rter do Suno Not\u00edcias.\",\"url\":\"https:\/\/www.suno.com.br\/noticias\/author\/giovanni-porfiriosuno-com-br\/\"}]}<\/script>\n<!-- \/ Yoast SEO plugin. -->","yoast_head_json":{"title":"Shein prepara IPO em Londres, diz ag\u00eancia; saiba mais","description":"A varejista chinesa Shein est\u00e1 intensificando os preparativos para uma oferta de a\u00e7\u00f5es em Londres, segundo informa\u00e7\u00f5es da ag\u00eancia Reuters.","robots":{"index":"index","follow":"follow","max-snippet":"max-snippet:-1","max-image-preview":"max-image-preview:large","max-video-preview":"max-video-preview:-1"},"canonical":"https:\/\/www.suno.com.br\/noticias\/shein-ipo-londres-gpj\/","og_locale":"pt_BR","og_type":"article","og_title":"Shein prepara IPO em Londres, diz ag\u00eancia; saiba mais","og_description":"A varejista chinesa Shein est\u00e1 intensificando os preparativos para uma oferta de a\u00e7\u00f5es em Londres, segundo informa\u00e7\u00f5es da ag\u00eancia Reuters.","og_url":"https:\/\/www.suno.com.br\/noticias\/shein-ipo-londres-gpj\/","og_site_name":"Suno Not\u00edcias","article_publisher":"https:\/\/facebook.com\/sunoresearch","og_image":[{"width":2048,"height":1365,"url":"https:\/\/files.sunoresearch.com.br\/n\/uploads\/2022\/02\/Shein.jpg","type":"image\/jpeg"}],"author":"Giovanni Porf\u00edrio Jacomino","twitter_card":"summary_large_image","twitter_creator":"@sunoresearch","twitter_site":"@sunoresearch","twitter_misc":{"Escrito por":"Giovanni Porf\u00edrio Jacomino","Est. tempo de leitura":"2 minutos"},"schema":{"@context":"https:\/\/schema.org","@graph":[{"@type":"NewsArticle","@id":"https:\/\/www.suno.com.br\/noticias\/shein-ipo-londres-gpj\/#article","isPartOf":{"@id":"https:\/\/www.suno.com.br\/noticias\/shein-ipo-londres-gpj\/"},"author":{"name":"Giovanni Porf\u00edrio Jacomino","@id":"https:\/\/www.suno.com.br\/noticias\/#\/schema\/person\/d0f32748bbca4bee871fa191ee4e2d40"},"headline":"Shein prepara IPO em Londres, diz ag\u00eancia; saiba mais","datePublished":"2024-05-13T16:28:27+00:00","dateModified":"2024-05-13T16:28:32+00:00","mainEntityOfPage":{"@id":"https:\/\/www.suno.com.br\/noticias\/shein-ipo-londres-gpj\/"},"wordCount":313,"publisher":{"@id":"https:\/\/www.suno.com.br\/noticias\/#organization"},"image":{"@id":"https:\/\/www.suno.com.br\/noticias\/shein-ipo-londres-gpj\/#primaryimage"},"thumbnailUrl":"https:\/\/files.sunoresearch.com.br\/n\/uploads\/2022\/02\/Shein.jpg","keywords":["IPO (Oferta Inicial de A\u00e7\u00f5es)","Shein"],"articleSection":["Neg\u00f3cios"],"inLanguage":"pt-BR"},{"@type":"WebPage","@id":"https:\/\/www.suno.com.br\/noticias\/shein-ipo-londres-gpj\/","url":"https:\/\/www.suno.com.br\/noticias\/shein-ipo-londres-gpj\/","name":"Shein prepara IPO em Londres, diz ag\u00eancia; saiba mais","isPartOf":{"@id":"https:\/\/www.suno.com.br\/noticias\/#website"},"primaryImageOfPage":{"@id":"https:\/\/www.suno.com.br\/noticias\/shein-ipo-londres-gpj\/#primaryimage"},"image":{"@id":"https:\/\/www.suno.com.br\/noticias\/shein-ipo-londres-gpj\/#primaryimage"},"thumbnailUrl":"https:\/\/files.sunoresearch.com.br\/n\/uploads\/2022\/02\/Shein.jpg","datePublished":"2024-05-13T16:28:27+00:00","dateModified":"2024-05-13T16:28:32+00:00","description":"A varejista chinesa Shein est\u00e1 intensificando os preparativos para uma oferta de a\u00e7\u00f5es em Londres, segundo informa\u00e7\u00f5es da ag\u00eancia Reuters.","breadcrumb":{"@id":"https:\/\/www.suno.com.br\/noticias\/shein-ipo-londres-gpj\/#breadcrumb"},"inLanguage":"pt-BR","potentialAction":[{"@type":"ReadAction","target":["https:\/\/www.suno.com.br\/noticias\/shein-ipo-londres-gpj\/"]}]},{"@type":"ImageObject","inLanguage":"pt-BR","@id":"https:\/\/www.suno.com.br\/noticias\/shein-ipo-londres-gpj\/#primaryimage","url":"https:\/\/files.sunoresearch.com.br\/n\/uploads\/2022\/02\/Shein.jpg","contentUrl":"https:\/\/files.sunoresearch.com.br\/n\/uploads\/2022\/02\/Shein.jpg","width":2048,"height":1365,"caption":"Loja Shein. Foto: Reprodu\u00e7\u00e3o\/ Facebook Shein"},{"@type":"BreadcrumbList","@id":"https:\/\/www.suno.com.br\/noticias\/shein-ipo-londres-gpj\/#breadcrumb","itemListElement":[{"@type":"ListItem","position":1,"name":"Not\u00edcias","item":"https:\/\/www.suno.com.br\/noticias\/"},{"@type":"ListItem","position":2,"name":"Neg\u00f3cios","item":"https:\/\/www.suno.com.br\/noticias\/negocios\/"},{"@type":"ListItem","position":3,"name":"Shein prepara IPO em Londres, diz ag\u00eancia; saiba mais"}]},{"@type":"WebSite","@id":"https:\/\/www.suno.com.br\/noticias\/#website","url":"https:\/\/www.suno.com.br\/noticias\/","name":"Suno Not\u00edcias","description":"Seu portal de informa\u00e7\u00e3o sobre o mundo dos investimentos","publisher":{"@id":"https:\/\/www.suno.com.br\/noticias\/#organization"},"potentialAction":[{"@type":"SearchAction","target":{"@type":"EntryPoint","urlTemplate":"https:\/\/www.suno.com.br\/noticias\/?s={search_term_string}"},"query-input":{"@type":"PropertyValueSpecification","valueRequired":true,"valueName":"search_term_string"}}],"inLanguage":"pt-BR"},{"@type":"Organization","@id":"https:\/\/www.suno.com.br\/noticias\/#organization","name":"Suno Not\u00edcias","url":"https:\/\/www.suno.com.br\/noticias\/","logo":{"@type":"ImageObject","inLanguage":"pt-BR","@id":"https:\/\/www.suno.com.br\/noticias\/#\/schema\/logo\/image\/","url":"https:\/\/files.sunoresearch.com.br\/n\/uploads\/2021\/09\/suno-logo.png","contentUrl":"https:\/\/files.sunoresearch.com.br\/n\/uploads\/2021\/09\/suno-logo.png","width":180,"height":180,"caption":"Suno Not\u00edcias"},"image":{"@id":"https:\/\/www.suno.com.br\/noticias\/#\/schema\/logo\/image\/"},"sameAs":["https:\/\/facebook.com\/sunoresearch","https:\/\/x.com\/sunoresearch","https:\/\/www.instagram.com\/suno","https:\/\/www.linkedin.com\/company\/suno-research\/","https:\/\/www.youtube.com\/c\/sunoresearch"]},{"@type":"Person","@id":"https:\/\/www.suno.com.br\/noticias\/#\/schema\/person\/d0f32748bbca4bee871fa191ee4e2d40","name":"Giovanni Porf\u00edrio Jacomino","image":{"@type":"ImageObject","inLanguage":"pt-BR","@id":"https:\/\/www.suno.com.br\/noticias\/#\/schema\/person\/image\/","url":"https:\/\/secure.gravatar.com\/avatar\/efb32e19b730a121cb7a80f41ffec01a?s=96&r=g","contentUrl":"https:\/\/secure.gravatar.com\/avatar\/efb32e19b730a121cb7a80f41ffec01a?s=96&r=g","caption":"Giovanni Porf\u00edrio Jacomino"},"description":"Giovanni Porf\u00edrio Jacomino \u00e9 jornalista formado pela Universidade Estadual de Londrina (UEL) e p\u00f3s-graduado em Produ\u00e7\u00e3o e Pr\u00e1ticas Jornal\u00edsticas na Contemporaneidade na Faculdade C\u00e1sper L\u00edbero (FCL). Foi editor web no Startupi e no Finsiders, atuando ainda como editor no TC Mover, portal de not\u00edcias da TradersClub, fazendo a cobertura de assuntos relacionados ao mercado financeiro interno e externo. Atualmente, \u00e9 Rep\u00f3rter do Suno Not\u00edcias.","url":"https:\/\/www.suno.com.br\/noticias\/author\/giovanni-porfiriosuno-com-br\/"}]}},"default_loop_html":"<div class=\"cardsPage__listCard__boxs\"><div class=\"cardsPage__listCard__boxs__img\"><a href=\"https:\/\/www.suno.com.br\/noticias\/shein-ipo-londres-gpj\/\"><img class=\"mask\" src=\"https:\/\/www.suno.com.br\/noticias\/wp-content\/themes\/suno\/resources\/images\/spotlight\/spotlight1img\/bg-mask.png\" alt=\"Image Mask\"\/><img src=\"https:\/\/files.sunoresearch.com.br\/n\/uploads\/2022\/02\/Shein-400x200.jpg\" alt=\"Shein prepara IPO em Londres, diz ag\u00eancia; saiba mais\"\/><\/a><span class=\"spotlightCategory\"><a href=\"https:\/\/www.suno.com.br\/noticias\/negocios\/\">Neg\u00f3cios<\/a><\/span><\/div><div class=\"cardsPage__listCard__boxs__content\"><a href=\"https:\/\/www.suno.com.br\/noticias\/shein-ipo-londres-gpj\/\"><h2 class=\"content__title\">Shein prepara IPO em Londres, diz ag\u00eancia; saiba mais<\/h2><\/a><div class=\"newsContent__article__meta\"><div class=\"newsContent__article__meta__authorBox\"><a href=\"https:\/\/www.suno.com.br\/noticias\/author\/camila-figueiredosuno-com-br\/\" class=\"authorBox__avatar noMobi\"><img src=\"https:\/\/files.sunoresearch.com.br\/n\/uploads\/2024\/05\/camila-paim-square-150x150.jpg\" alt=\"Camila Paim\"><\/a><div class=\"authorBox__name\"><span>por\n\t\t\t<a href=\"https:\/\/www.suno.com.br\/noticias\/author\/camila-figueiredosuno-com-br\/\"><span itemprop=\"author\">Camila Paim<\/span><\/a><\/span><time datetime=\"2024-05-13T13:28:27-03:00\" itemprop=\"datePublished\">13\/05\/2024 13:28<\/time><\/div><\/div><\/div><\/div><\/div>","single_layout":"posts","amp_enabled":true,"_links":{"self":[{"href":"https:\/\/www.suno.com.br\/noticias\/wp-json\/wp\/v2\/posts\/553636"}],"collection":[{"href":"https:\/\/www.suno.com.br\/noticias\/wp-json\/wp\/v2\/posts"}],"about":[{"href":"https:\/\/www.suno.com.br\/noticias\/wp-json\/wp\/v2\/types\/post"}],"author":[{"embeddable":true,"href":"https:\/\/www.suno.com.br\/noticias\/wp-json\/wp\/v2\/users\/313"}],"replies":[{"embeddable":true,"href":"https:\/\/www.suno.com.br\/noticias\/wp-json\/wp\/v2\/comments?post=553636"}],"version-history":[{"count":3,"href":"https:\/\/www.suno.com.br\/noticias\/wp-json\/wp\/v2\/posts\/553636\/revisions"}],"predecessor-version":[{"id":553658,"href":"https:\/\/www.suno.com.br\/noticias\/wp-json\/wp\/v2\/posts\/553636\/revisions\/553658"}],"wp:featuredmedia":[{"embeddable":true,"href":"https:\/\/www.suno.com.br\/noticias\/wp-json\/wp\/v2\/media\/234056"}],"wp:attachment":[{"href":"https:\/\/www.suno.com.br\/noticias\/wp-json\/wp\/v2\/media?parent=553636"}],"wp:term":[{"taxonomy":"category","embeddable":true,"href":"https:\/\/www.suno.com.br\/noticias\/wp-json\/wp\/v2\/categories?post=553636"},{"taxonomy":"post_tag","embeddable":true,"href":"https:\/\/www.suno.com.br\/noticias\/wp-json\/wp\/v2\/tags?post=553636"},{"taxonomy":"suno_strategy","embeddable":true,"href":"https:\/\/www.suno.com.br\/noticias\/wp-json\/wp\/v2\/suno_strategy?post=553636"}],"curies":[{"name":"wp","href":"https:\/\/api.w.org\/{rel}","templated":true}]}}