{"id":553408,"date":"2024-05-12T11:23:48","date_gmt":"2024-05-12T14:23:48","guid":{"rendered":"https:\/\/www.suno.com.br\/noticias\/?p=553408"},"modified":"2024-05-12T11:23:51","modified_gmt":"2024-05-12T14:23:51","slug":"dia-das-maes-cndl-fcdl-sp-preveem-alta-de-217-no-tiquete-medio-de-presentes","status":"publish","type":"post","link":"https:\/\/www.suno.com.br\/noticias\/dia-das-maes-cndl-fcdl-sp-preveem-alta-de-217-no-tiquete-medio-de-presentes\/","title":{"rendered":"Dia das M\u00e3es: CNDL\/FCDL-SP preveem alta de 21,7% no t\u00edquete m\u00e9dio de presentes"},"content":{"rendered":"<p>Os filhos est\u00e3o dispostos a gastar um pouco mais com presentes para as <strong>m\u00e3es <\/strong>este ano. Segundo pesquisa feita pela Confedera\u00e7\u00e3o Nacional dos Dirigentes Lojistas Brasil (CNDL) em parceria com a Federa\u00e7\u00e3o das C\u00e2maras de Dirigentes Lojistas do Estado de S\u00e3o Paulo (FCDL-SP), o t\u00edquete m\u00e9dio de cada presente este ano ser\u00e1 de R$ 314, valor R$ 56 superior ao registrado no ano passado, ou um aumento de 21,7%.<\/p>\t<div class=\"wrapper-featured-image\">\n\t\t<figure class=\"spotlightImg\">\n\n\t\t\t<picture>\n\t\t\t\t<source media=\"(max-width: 768px)\" srcset=\"https:\/\/files.sunoresearch.com.br\/n\/uploads\/2024\/05\/kostiantyn-li-65itYoDeP-c-unsplash-400x200.jpg\">\n\t\t\t\t<img loading=\"lazy\" decoding=\"async\" class=\"newsContent__article__imgCapa lazyloadDisabled \" src=\"https:\/\/files.sunoresearch.com.br\/n\/uploads\/2024\/05\/kostiantyn-li-65itYoDeP-c-unsplash-800x450.jpg\" width=\"800\" height=\"450\" alt=\"Dia das M\u00e3es: CNDL\/FCDL-SP preveem alta de 21,7% no t\u00edquete m\u00e9dio de presentes\" fetchpriority=high \/>\n\t\t\t<\/picture>\n\n\t\t\t<figcaption class=\"wp-caption-text wp-caption-text--show\">Dia das M\u00e3es: CNDL\/FCDL-SP preveem alta de 21,7% no t\u00edquete m\u00e9dio de presentes. Foto: Kostiantyn Li\/Unsplash<\/figcaption>\n\t\t<\/figure>\n\t<\/div>\n\n\n\n\n\n\t<p>\n\t\t<a href=\"\" target=\"_blank\" data-element=\"shortcode-suno-banner\" title=\"Banner SUNO, clique e saiba mais\">\n\t\t\t<picture>\n\t\t\t\t<source media=\"(max-width: 500px)\" srcset=\"\">\n\t\t\t\t<img class=\"newsContent__article__imgCapa newsContent__article__imgCapa--banner\"\n\t\t\t\t\tsrc=\"\"\n\t\t\t\t\tdata-promo-id=\"240038\"\t\t\t\t\t\t\t\t\t\t\t\t\t\t\talt=\"\"\n\t\t\t\t>\n\t\t\t<\/picture>\n\t\t<\/a>\n\t<\/p>\n\n\n\n\n\n<p>Com base nesta pesquisa, as duas entidades calculam que o Dia das M\u00e3es movimentar\u00e1 R$ 8 bilh\u00f5es, levando mais de 25 milh\u00f5es de paulistas \u00e0s compras. Ainda, segundo a pesquisa, a m\u00e9dia \u00e9 que cada comprador adquira dois presentes, com prefer\u00eancia por produtos como roupas, cal\u00e7ados e acess\u00f3rios (42%), perfumes (41%), cosm\u00e9ticos (26%), chocolates (17%) e flores (15%).<\/p>\n\n\n\n<p>&#8220;Temos mais de 244 mil empregos gerados somente em mar\u00e7o, e um saldo acumulado de mais de 719 mil desde o in\u00edcio do ano. O mercado demonstra sinais positivos de recupera\u00e7\u00e3o p\u00f3s-pandemia. A tend\u00eancia sugere um potencial aumento no <a class=\"suno-keyword\" data-force=\"no\" data-priority=\"1\" href=\"https:\/\/www.suno.com.br\/artigos\/poder-de-compra\/\" target=\"_blank\" rel=\"noopener\">poder de compra<\/a> da popula\u00e7\u00e3o. Al\u00e9m disso, as proje\u00e7\u00f5es apontam um crescimento de 1,9% no PIB do Pa\u00eds em 2024, tamb\u00e9m impulsionado pelo setor varejista&#8221;, comentou o presidente da FCDL-SP, Mauricio Stainoff.<\/p>\n\n\n\n<h2 class=\"wp-block-heading\">Tend\u00eancia para o Dia das M\u00e3es<\/h2>\n\n\n\n<p>Os n\u00fameros revelam uma tend\u00eancia interessante em rela\u00e7\u00e3o aos gastos. Enquanto 35% dos entrevistados esperam gastar mais no Dia das M\u00e3es este ano do que em 2023, principalmente buscando presentes de maior qualidade (44%), ou compensando o aumento de pre\u00e7os (41%), um porcentual de 24% planeja gastar menos. Motivos como a necessidade de economizar (25%) e um or\u00e7amento mais apertado (25%) influenciam essa decis\u00e3o.<\/p>\n\n\n\n<p>A pesquisa de pre\u00e7os tamb\u00e9m \u00e9 a principal quest\u00e3o dos consumidores, com a maioria (80%) indicando a inten\u00e7\u00e3o de pesquisar antes de comprar. A busca por pre\u00e7os acontece tanto online (80%) quanto em meios f\u00edsicos, especialmente em lojas de shoppings (42%) e de rua (29%). Com rela\u00e7\u00e3o ao momento das compras, observa-se que 48% dos consumidores planejavam adquirir os presentes na primeira semana de maio, enquanto 25% iniciaram as compras no m\u00eas de abril.<\/p>\n\n\n\n<p>&#8220;A data representa uma for\u00e7a motriz para o varejo nacional, potencializando qualquer setor, seja bares e restaurantes, com\u00e9rcio, servi\u00e7os. Todos tendem a ser beneficiados com a movimenta\u00e7\u00e3o econ\u00f4mica do Dia das <strong>M\u00e3es<\/strong>&#8220;, afirma Stainoff.<\/p>\n\n\n\n<p>Com Estad\u00e3o Conte\u00fado<\/p>\n\n\n\t<p>\n\t\t<a href=\"https:\/\/lp.suno.com.br\/ebook-gratuito-investindo-no-exterior\/\" target=\"_blank\" data-element=\"shortcode-suno-banner\" title=\"Banner SUNO, clique e saiba mais\">\n\t\t\t<picture>\n\t\t\t\t<source media=\"(max-width: 500px)\" srcset=\"https:\/\/files.sunoresearch.com.br\/n\/uploads\/2023\/03\/400x300-Investindo-no-exterior.png\">\n\t\t\t\t<img class=\"newsContent__article__imgCapa newsContent__article__imgCapa--banner\"\n\t\t\t\t\tsrc=\"https:\/\/files.sunoresearch.com.br\/n\/uploads\/2023\/03\/1420x240-Investindo-no-exterior.png\"\n\t\t\t\t\tdata-promo-id=\"383161\"\t\t\t\t\t\t\t\t\t\twidth='1420' height='240'\t\t\t\t\talt=\"https:\/\/files.sunoresearch.com.br\/n\/uploads\/2023\/03\/1420x240-Investindo-no-exterior.png\"\n\t\t\t\t>\n\t\t\t<\/picture>\n\t\t<\/a>\n\t<\/p>\n\n\n","protected":false},"excerpt":{"rendered":"<p>Os filhos est\u00e3o dispostos a gastar um pouco mais com presentes para as m\u00e3es este ano. Segundo pesquisa feita pela Confedera\u00e7\u00e3o Nacional dos Dirigentes Lojistas Brasil (CNDL) em parceria com a Federa\u00e7\u00e3o das C\u00e2maras de Dirigentes Lojistas do Estado de S\u00e3o Paulo (FCDL-SP), o t\u00edquete m\u00e9dio de cada presente este ano ser\u00e1 de R$ 314, [&hellip;]<\/p>\n","protected":false},"author":43,"featured_media":553429,"comment_status":"closed","ping_status":"closed","sticky":false,"template":"","format":"standard","meta":[],"categories":[62],"tags":[],"suno_strategy":[],"class_list":["post-553408","post","type-post","status-publish","format-standard","has-post-thumbnail","hentry","category-economia"],"yoast_head":"<!-- This site is optimized with the Yoast SEO plugin v24.4 - https:\/\/yoast.com\/wordpress\/plugins\/seo\/ -->\n<title>Dia das M\u00e3es: CNDL\/FCDL estimam alta de 21% no t\u00edquete m\u00e9dio<\/title>\n<meta name=\"description\" content=\"CNDL\/FCDL-SP preveem um aumento de 21,7% no t\u00edquete m\u00e9dio para o Dia das M\u00e3es deste ano.\" \/>\n<meta name=\"robots\" content=\"index, follow, max-snippet:-1, max-image-preview:large, max-video-preview:-1\" \/>\n<link rel=\"canonical\" href=\"https:\/\/www.suno.com.br\/noticias\/dia-das-maes-cndl-fcdl-sp-preveem-alta-de-217-no-tiquete-medio-de-presentes\/\" \/>\n<meta property=\"og:locale\" content=\"pt_BR\" \/>\n<meta property=\"og:type\" content=\"article\" \/>\n<meta property=\"og:title\" content=\"Dia das M\u00e3es: CNDL\/FCDL estimam alta de 21% no t\u00edquete m\u00e9dio\" \/>\n<meta property=\"og:description\" content=\"CNDL\/FCDL-SP preveem um aumento de 21,7% no t\u00edquete m\u00e9dio para o Dia das M\u00e3es deste ano.\" \/>\n<meta property=\"og:url\" content=\"https:\/\/www.suno.com.br\/noticias\/dia-das-maes-cndl-fcdl-sp-preveem-alta-de-217-no-tiquete-medio-de-presentes\/\" \/>\n<meta property=\"og:site_name\" content=\"Suno Not\u00edcias\" \/>\n<meta property=\"article:publisher\" content=\"https:\/\/facebook.com\/sunoresearch\" \/>\n<meta property=\"article:author\" content=\"https:\/\/www.facebook.com\/sunonoticias\/\" \/>\n<meta property=\"og:image\" content=\"https:\/\/files.sunoresearch.com.br\/n\/uploads\/2024\/05\/kostiantyn-li-65itYoDeP-c-unsplash.jpg\" \/>\n\t<meta property=\"og:image:width\" content=\"1920\" \/>\n\t<meta property=\"og:image:height\" content=\"1280\" \/>\n\t<meta property=\"og:image:type\" content=\"image\/jpeg\" \/>\n<meta name=\"author\" content=\"Reda\u00e7\u00e3o Suno Not\u00edcias\" \/>\n<meta name=\"twitter:card\" content=\"summary_large_image\" \/>\n<meta name=\"twitter:creator\" content=\"@https:\/\/twitter.com\/sunoresearch\" \/>\n<meta name=\"twitter:site\" content=\"@sunoresearch\" \/>\n<meta name=\"twitter:label1\" content=\"Escrito por\" \/>\n\t<meta name=\"twitter:data1\" content=\"Reda\u00e7\u00e3o Suno Not\u00edcias\" \/>\n\t<meta name=\"twitter:label2\" content=\"Est. tempo de leitura\" \/>\n\t<meta name=\"twitter:data2\" content=\"3 minutos\" \/>\n<script type=\"application\/ld+json\" class=\"yoast-schema-graph\">{\"@context\":\"https:\/\/schema.org\",\"@graph\":[{\"@type\":\"NewsArticle\",\"@id\":\"https:\/\/www.suno.com.br\/noticias\/dia-das-maes-cndl-fcdl-sp-preveem-alta-de-217-no-tiquete-medio-de-presentes\/#article\",\"isPartOf\":{\"@id\":\"https:\/\/www.suno.com.br\/noticias\/dia-das-maes-cndl-fcdl-sp-preveem-alta-de-217-no-tiquete-medio-de-presentes\/\"},\"author\":{\"name\":\"Reda\u00e7\u00e3o Suno Not\u00edcias\",\"@id\":\"https:\/\/www.suno.com.br\/noticias\/#\/schema\/person\/c1b1bd3727fa852bd045e9dbff3673ea\"},\"headline\":\"Dia das M\u00e3es: CNDL\/FCDL-SP preveem alta de 21,7% no t\u00edquete m\u00e9dio de presentes\",\"datePublished\":\"2024-05-12T14:23:48+00:00\",\"dateModified\":\"2024-05-12T14:23:51+00:00\",\"mainEntityOfPage\":{\"@id\":\"https:\/\/www.suno.com.br\/noticias\/dia-das-maes-cndl-fcdl-sp-preveem-alta-de-217-no-tiquete-medio-de-presentes\/\"},\"wordCount\":423,\"publisher\":{\"@id\":\"https:\/\/www.suno.com.br\/noticias\/#organization\"},\"image\":{\"@id\":\"https:\/\/www.suno.com.br\/noticias\/dia-das-maes-cndl-fcdl-sp-preveem-alta-de-217-no-tiquete-medio-de-presentes\/#primaryimage\"},\"thumbnailUrl\":\"https:\/\/files.sunoresearch.com.br\/n\/uploads\/2024\/05\/kostiantyn-li-65itYoDeP-c-unsplash.jpg\",\"articleSection\":[\"Economia\"],\"inLanguage\":\"pt-BR\"},{\"@type\":\"WebPage\",\"@id\":\"https:\/\/www.suno.com.br\/noticias\/dia-das-maes-cndl-fcdl-sp-preveem-alta-de-217-no-tiquete-medio-de-presentes\/\",\"url\":\"https:\/\/www.suno.com.br\/noticias\/dia-das-maes-cndl-fcdl-sp-preveem-alta-de-217-no-tiquete-medio-de-presentes\/\",\"name\":\"Dia das M\u00e3es: CNDL\/FCDL estimam alta de 21% no t\u00edquete m\u00e9dio\",\"isPartOf\":{\"@id\":\"https:\/\/www.suno.com.br\/noticias\/#website\"},\"primaryImageOfPage\":{\"@id\":\"https:\/\/www.suno.com.br\/noticias\/dia-das-maes-cndl-fcdl-sp-preveem-alta-de-217-no-tiquete-medio-de-presentes\/#primaryimage\"},\"image\":{\"@id\":\"https:\/\/www.suno.com.br\/noticias\/dia-das-maes-cndl-fcdl-sp-preveem-alta-de-217-no-tiquete-medio-de-presentes\/#primaryimage\"},\"thumbnailUrl\":\"https:\/\/files.sunoresearch.com.br\/n\/uploads\/2024\/05\/kostiantyn-li-65itYoDeP-c-unsplash.jpg\",\"datePublished\":\"2024-05-12T14:23:48+00:00\",\"dateModified\":\"2024-05-12T14:23:51+00:00\",\"description\":\"CNDL\/FCDL-SP preveem um aumento de 21,7% no t\u00edquete m\u00e9dio para o Dia das M\u00e3es deste ano.\",\"breadcrumb\":{\"@id\":\"https:\/\/www.suno.com.br\/noticias\/dia-das-maes-cndl-fcdl-sp-preveem-alta-de-217-no-tiquete-medio-de-presentes\/#breadcrumb\"},\"inLanguage\":\"pt-BR\",\"potentialAction\":[{\"@type\":\"ReadAction\",\"target\":[\"https:\/\/www.suno.com.br\/noticias\/dia-das-maes-cndl-fcdl-sp-preveem-alta-de-217-no-tiquete-medio-de-presentes\/\"]}]},{\"@type\":\"ImageObject\",\"inLanguage\":\"pt-BR\",\"@id\":\"https:\/\/www.suno.com.br\/noticias\/dia-das-maes-cndl-fcdl-sp-preveem-alta-de-217-no-tiquete-medio-de-presentes\/#primaryimage\",\"url\":\"https:\/\/files.sunoresearch.com.br\/n\/uploads\/2024\/05\/kostiantyn-li-65itYoDeP-c-unsplash.jpg\",\"contentUrl\":\"https:\/\/files.sunoresearch.com.br\/n\/uploads\/2024\/05\/kostiantyn-li-65itYoDeP-c-unsplash.jpg\",\"width\":1920,\"height\":1280,\"caption\":\"Dia das M\u00e3es: CNDL\/FCDL-SP preveem alta de 21,7% no t\u00edquete m\u00e9dio de presentes. Foto: Kostiantyn Li\/Unsplash\"},{\"@type\":\"BreadcrumbList\",\"@id\":\"https:\/\/www.suno.com.br\/noticias\/dia-das-maes-cndl-fcdl-sp-preveem-alta-de-217-no-tiquete-medio-de-presentes\/#breadcrumb\",\"itemListElement\":[{\"@type\":\"ListItem\",\"position\":1,\"name\":\"Not\u00edcias\",\"item\":\"https:\/\/www.suno.com.br\/noticias\/\"},{\"@type\":\"ListItem\",\"position\":2,\"name\":\"Economia\",\"item\":\"https:\/\/www.suno.com.br\/noticias\/economia\/\"},{\"@type\":\"ListItem\",\"position\":3,\"name\":\"Dia das M\u00e3es: CNDL\/FCDL-SP preveem alta de 21,7% no t\u00edquete m\u00e9dio de presentes\"}]},{\"@type\":\"WebSite\",\"@id\":\"https:\/\/www.suno.com.br\/noticias\/#website\",\"url\":\"https:\/\/www.suno.com.br\/noticias\/\",\"name\":\"Suno Not\u00edcias\",\"description\":\"Seu portal de informa\u00e7\u00e3o sobre o mundo dos investimentos\",\"publisher\":{\"@id\":\"https:\/\/www.suno.com.br\/noticias\/#organization\"},\"potentialAction\":[{\"@type\":\"SearchAction\",\"target\":{\"@type\":\"EntryPoint\",\"urlTemplate\":\"https:\/\/www.suno.com.br\/noticias\/?s={search_term_string}\"},\"query-input\":{\"@type\":\"PropertyValueSpecification\",\"valueRequired\":true,\"valueName\":\"search_term_string\"}}],\"inLanguage\":\"pt-BR\"},{\"@type\":\"Organization\",\"@id\":\"https:\/\/www.suno.com.br\/noticias\/#organization\",\"name\":\"Suno Not\u00edcias\",\"url\":\"https:\/\/www.suno.com.br\/noticias\/\",\"logo\":{\"@type\":\"ImageObject\",\"inLanguage\":\"pt-BR\",\"@id\":\"https:\/\/www.suno.com.br\/noticias\/#\/schema\/logo\/image\/\",\"url\":\"https:\/\/files.sunoresearch.com.br\/n\/uploads\/2021\/09\/suno-logo.png\",\"contentUrl\":\"https:\/\/files.sunoresearch.com.br\/n\/uploads\/2021\/09\/suno-logo.png\",\"width\":180,\"height\":180,\"caption\":\"Suno Not\u00edcias\"},\"image\":{\"@id\":\"https:\/\/www.suno.com.br\/noticias\/#\/schema\/logo\/image\/\"},\"sameAs\":[\"https:\/\/facebook.com\/sunoresearch\",\"https:\/\/x.com\/sunoresearch\",\"https:\/\/www.instagram.com\/suno\",\"https:\/\/www.linkedin.com\/company\/suno-research\/\",\"https:\/\/www.youtube.com\/c\/sunoresearch\"]},{\"@type\":\"Person\",\"@id\":\"https:\/\/www.suno.com.br\/noticias\/#\/schema\/person\/c1b1bd3727fa852bd045e9dbff3673ea\",\"name\":\"Reda\u00e7\u00e3o Suno Not\u00edcias\",\"image\":{\"@type\":\"ImageObject\",\"inLanguage\":\"pt-BR\",\"@id\":\"https:\/\/www.suno.com.br\/noticias\/#\/schema\/person\/image\/\",\"url\":\"https:\/\/secure.gravatar.com\/avatar\/b8104b9b5a71985d5238ee59fbe418af?s=96&r=g\",\"contentUrl\":\"https:\/\/secure.gravatar.com\/avatar\/b8104b9b5a71985d5238ee59fbe418af?s=96&r=g\",\"caption\":\"Reda\u00e7\u00e3o Suno Not\u00edcias\"},\"description\":\"O Suno Not\u00edcias \u00e9 um portal de informa\u00e7\u00f5es sobre Mercado Financeiro, Pol\u00edtica, Neg\u00f3cios, Economia e Finan\u00e7as Pessoais.\",\"sameAs\":[\"https:\/\/www.suno.com.br\/noticias\",\"https:\/\/www.facebook.com\/sunonoticias\/\",\"https:\/\/www.instagram.com\/sunonoticias\/\",\"https:\/\/x.com\/https:\/\/twitter.com\/sunoresearch\",\"https:\/\/www.youtube.com\/sunonoticias\"],\"url\":\"https:\/\/www.suno.com.br\/noticias\/author\/redacao-suno\/\"}]}<\/script>\n<!-- \/ Yoast SEO plugin. -->","yoast_head_json":{"title":"Dia das M\u00e3es: CNDL\/FCDL estimam alta de 21% no t\u00edquete m\u00e9dio","description":"CNDL\/FCDL-SP preveem um aumento de 21,7% no t\u00edquete m\u00e9dio para o Dia das M\u00e3es deste ano.","robots":{"index":"index","follow":"follow","max-snippet":"max-snippet:-1","max-image-preview":"max-image-preview:large","max-video-preview":"max-video-preview:-1"},"canonical":"https:\/\/www.suno.com.br\/noticias\/dia-das-maes-cndl-fcdl-sp-preveem-alta-de-217-no-tiquete-medio-de-presentes\/","og_locale":"pt_BR","og_type":"article","og_title":"Dia das M\u00e3es: CNDL\/FCDL estimam alta de 21% no t\u00edquete m\u00e9dio","og_description":"CNDL\/FCDL-SP preveem um aumento de 21,7% no t\u00edquete m\u00e9dio para o Dia das M\u00e3es deste ano.","og_url":"https:\/\/www.suno.com.br\/noticias\/dia-das-maes-cndl-fcdl-sp-preveem-alta-de-217-no-tiquete-medio-de-presentes\/","og_site_name":"Suno Not\u00edcias","article_publisher":"https:\/\/facebook.com\/sunoresearch","article_author":"https:\/\/www.facebook.com\/sunonoticias\/","og_image":[{"width":1920,"height":1280,"url":"https:\/\/files.sunoresearch.com.br\/n\/uploads\/2024\/05\/kostiantyn-li-65itYoDeP-c-unsplash.jpg","type":"image\/jpeg"}],"author":"Reda\u00e7\u00e3o Suno Not\u00edcias","twitter_card":"summary_large_image","twitter_creator":"@https:\/\/twitter.com\/sunoresearch","twitter_site":"@sunoresearch","twitter_misc":{"Escrito por":"Reda\u00e7\u00e3o Suno Not\u00edcias","Est. tempo de leitura":"3 minutos"},"schema":{"@context":"https:\/\/schema.org","@graph":[{"@type":"NewsArticle","@id":"https:\/\/www.suno.com.br\/noticias\/dia-das-maes-cndl-fcdl-sp-preveem-alta-de-217-no-tiquete-medio-de-presentes\/#article","isPartOf":{"@id":"https:\/\/www.suno.com.br\/noticias\/dia-das-maes-cndl-fcdl-sp-preveem-alta-de-217-no-tiquete-medio-de-presentes\/"},"author":{"name":"Reda\u00e7\u00e3o Suno Not\u00edcias","@id":"https:\/\/www.suno.com.br\/noticias\/#\/schema\/person\/c1b1bd3727fa852bd045e9dbff3673ea"},"headline":"Dia das M\u00e3es: CNDL\/FCDL-SP preveem alta de 21,7% no t\u00edquete m\u00e9dio de presentes","datePublished":"2024-05-12T14:23:48+00:00","dateModified":"2024-05-12T14:23:51+00:00","mainEntityOfPage":{"@id":"https:\/\/www.suno.com.br\/noticias\/dia-das-maes-cndl-fcdl-sp-preveem-alta-de-217-no-tiquete-medio-de-presentes\/"},"wordCount":423,"publisher":{"@id":"https:\/\/www.suno.com.br\/noticias\/#organization"},"image":{"@id":"https:\/\/www.suno.com.br\/noticias\/dia-das-maes-cndl-fcdl-sp-preveem-alta-de-217-no-tiquete-medio-de-presentes\/#primaryimage"},"thumbnailUrl":"https:\/\/files.sunoresearch.com.br\/n\/uploads\/2024\/05\/kostiantyn-li-65itYoDeP-c-unsplash.jpg","articleSection":["Economia"],"inLanguage":"pt-BR"},{"@type":"WebPage","@id":"https:\/\/www.suno.com.br\/noticias\/dia-das-maes-cndl-fcdl-sp-preveem-alta-de-217-no-tiquete-medio-de-presentes\/","url":"https:\/\/www.suno.com.br\/noticias\/dia-das-maes-cndl-fcdl-sp-preveem-alta-de-217-no-tiquete-medio-de-presentes\/","name":"Dia das M\u00e3es: CNDL\/FCDL estimam alta de 21% no t\u00edquete m\u00e9dio","isPartOf":{"@id":"https:\/\/www.suno.com.br\/noticias\/#website"},"primaryImageOfPage":{"@id":"https:\/\/www.suno.com.br\/noticias\/dia-das-maes-cndl-fcdl-sp-preveem-alta-de-217-no-tiquete-medio-de-presentes\/#primaryimage"},"image":{"@id":"https:\/\/www.suno.com.br\/noticias\/dia-das-maes-cndl-fcdl-sp-preveem-alta-de-217-no-tiquete-medio-de-presentes\/#primaryimage"},"thumbnailUrl":"https:\/\/files.sunoresearch.com.br\/n\/uploads\/2024\/05\/kostiantyn-li-65itYoDeP-c-unsplash.jpg","datePublished":"2024-05-12T14:23:48+00:00","dateModified":"2024-05-12T14:23:51+00:00","description":"CNDL\/FCDL-SP preveem um aumento de 21,7% no t\u00edquete m\u00e9dio para o Dia das M\u00e3es deste ano.","breadcrumb":{"@id":"https:\/\/www.suno.com.br\/noticias\/dia-das-maes-cndl-fcdl-sp-preveem-alta-de-217-no-tiquete-medio-de-presentes\/#breadcrumb"},"inLanguage":"pt-BR","potentialAction":[{"@type":"ReadAction","target":["https:\/\/www.suno.com.br\/noticias\/dia-das-maes-cndl-fcdl-sp-preveem-alta-de-217-no-tiquete-medio-de-presentes\/"]}]},{"@type":"ImageObject","inLanguage":"pt-BR","@id":"https:\/\/www.suno.com.br\/noticias\/dia-das-maes-cndl-fcdl-sp-preveem-alta-de-217-no-tiquete-medio-de-presentes\/#primaryimage","url":"https:\/\/files.sunoresearch.com.br\/n\/uploads\/2024\/05\/kostiantyn-li-65itYoDeP-c-unsplash.jpg","contentUrl":"https:\/\/files.sunoresearch.com.br\/n\/uploads\/2024\/05\/kostiantyn-li-65itYoDeP-c-unsplash.jpg","width":1920,"height":1280,"caption":"Dia das M\u00e3es: CNDL\/FCDL-SP preveem alta de 21,7% no t\u00edquete m\u00e9dio de presentes. Foto: Kostiantyn Li\/Unsplash"},{"@type":"BreadcrumbList","@id":"https:\/\/www.suno.com.br\/noticias\/dia-das-maes-cndl-fcdl-sp-preveem-alta-de-217-no-tiquete-medio-de-presentes\/#breadcrumb","itemListElement":[{"@type":"ListItem","position":1,"name":"Not\u00edcias","item":"https:\/\/www.suno.com.br\/noticias\/"},{"@type":"ListItem","position":2,"name":"Economia","item":"https:\/\/www.suno.com.br\/noticias\/economia\/"},{"@type":"ListItem","position":3,"name":"Dia das M\u00e3es: CNDL\/FCDL-SP preveem alta de 21,7% no t\u00edquete m\u00e9dio de presentes"}]},{"@type":"WebSite","@id":"https:\/\/www.suno.com.br\/noticias\/#website","url":"https:\/\/www.suno.com.br\/noticias\/","name":"Suno Not\u00edcias","description":"Seu portal de informa\u00e7\u00e3o sobre o mundo dos investimentos","publisher":{"@id":"https:\/\/www.suno.com.br\/noticias\/#organization"},"potentialAction":[{"@type":"SearchAction","target":{"@type":"EntryPoint","urlTemplate":"https:\/\/www.suno.com.br\/noticias\/?s={search_term_string}"},"query-input":{"@type":"PropertyValueSpecification","valueRequired":true,"valueName":"search_term_string"}}],"inLanguage":"pt-BR"},{"@type":"Organization","@id":"https:\/\/www.suno.com.br\/noticias\/#organization","name":"Suno Not\u00edcias","url":"https:\/\/www.suno.com.br\/noticias\/","logo":{"@type":"ImageObject","inLanguage":"pt-BR","@id":"https:\/\/www.suno.com.br\/noticias\/#\/schema\/logo\/image\/","url":"https:\/\/files.sunoresearch.com.br\/n\/uploads\/2021\/09\/suno-logo.png","contentUrl":"https:\/\/files.sunoresearch.com.br\/n\/uploads\/2021\/09\/suno-logo.png","width":180,"height":180,"caption":"Suno Not\u00edcias"},"image":{"@id":"https:\/\/www.suno.com.br\/noticias\/#\/schema\/logo\/image\/"},"sameAs":["https:\/\/facebook.com\/sunoresearch","https:\/\/x.com\/sunoresearch","https:\/\/www.instagram.com\/suno","https:\/\/www.linkedin.com\/company\/suno-research\/","https:\/\/www.youtube.com\/c\/sunoresearch"]},{"@type":"Person","@id":"https:\/\/www.suno.com.br\/noticias\/#\/schema\/person\/c1b1bd3727fa852bd045e9dbff3673ea","name":"Reda\u00e7\u00e3o Suno Not\u00edcias","image":{"@type":"ImageObject","inLanguage":"pt-BR","@id":"https:\/\/www.suno.com.br\/noticias\/#\/schema\/person\/image\/","url":"https:\/\/secure.gravatar.com\/avatar\/b8104b9b5a71985d5238ee59fbe418af?s=96&r=g","contentUrl":"https:\/\/secure.gravatar.com\/avatar\/b8104b9b5a71985d5238ee59fbe418af?s=96&r=g","caption":"Reda\u00e7\u00e3o Suno Not\u00edcias"},"description":"O Suno Not\u00edcias \u00e9 um portal de informa\u00e7\u00f5es sobre Mercado Financeiro, Pol\u00edtica, Neg\u00f3cios, Economia e Finan\u00e7as Pessoais.","sameAs":["https:\/\/www.suno.com.br\/noticias","https:\/\/www.facebook.com\/sunonoticias\/","https:\/\/www.instagram.com\/sunonoticias\/","https:\/\/x.com\/https:\/\/twitter.com\/sunoresearch","https:\/\/www.youtube.com\/sunonoticias"],"url":"https:\/\/www.suno.com.br\/noticias\/author\/redacao-suno\/"}]}},"default_loop_html":"<div class=\"cardsPage__listCard__boxs\"><div class=\"cardsPage__listCard__boxs__img\"><a href=\"https:\/\/www.suno.com.br\/noticias\/dia-das-maes-cndl-fcdl-sp-preveem-alta-de-217-no-tiquete-medio-de-presentes\/\"><img class=\"mask\" src=\"https:\/\/www.suno.com.br\/noticias\/wp-content\/themes\/suno\/resources\/images\/spotlight\/spotlight1img\/bg-mask.png\" alt=\"Image Mask\"\/><img src=\"https:\/\/files.sunoresearch.com.br\/n\/uploads\/2024\/05\/kostiantyn-li-65itYoDeP-c-unsplash-400x200.jpg\" alt=\"Dia das M\u00e3es: CNDL\/FCDL-SP preveem alta de 21,7% no t\u00edquete m\u00e9dio de presentes\"\/><\/a><span class=\"spotlightCategory\"><a href=\"https:\/\/www.suno.com.br\/noticias\/economia\/\">Economia<\/a><\/span><\/div><div class=\"cardsPage__listCard__boxs__content\"><a href=\"https:\/\/www.suno.com.br\/noticias\/dia-das-maes-cndl-fcdl-sp-preveem-alta-de-217-no-tiquete-medio-de-presentes\/\"><h2 class=\"content__title\">Dia das M\u00e3es: CNDL\/FCDL-SP preveem alta de 21,7% no t\u00edquete m\u00e9dio de presentes<\/h2><\/a><div class=\"newsContent__article__meta\"><div class=\"newsContent__article__meta__authorBox\"><a href=\"https:\/\/www.suno.com.br\/noticias\/author\/redacao-suno\/\" class=\"authorBox__avatar noMobi\"><img src=\"https:\/\/files.sunoresearch.com.br\/n\/uploads\/2020\/08\/0ace682d-redacao-1-150x150.webp\" alt=\"Reda\u00e7\u00e3o Suno Not\u00edcias\"><\/a><div class=\"authorBox__name\"><span>por\n\t\t\t<a href=\"https:\/\/www.suno.com.br\/noticias\/author\/redacao-suno\/\"><span itemprop=\"author\">Reda\u00e7\u00e3o Suno Not\u00edcias<\/span><\/a><\/span><time datetime=\"2024-05-12T11:23:48-03:00\" itemprop=\"datePublished\">12\/05\/2024 11:23<\/time><\/div><\/div><\/div><\/div><\/div>","single_layout":"posts","amp_enabled":true,"_links":{"self":[{"href":"https:\/\/www.suno.com.br\/noticias\/wp-json\/wp\/v2\/posts\/553408"}],"collection":[{"href":"https:\/\/www.suno.com.br\/noticias\/wp-json\/wp\/v2\/posts"}],"about":[{"href":"https:\/\/www.suno.com.br\/noticias\/wp-json\/wp\/v2\/types\/post"}],"author":[{"embeddable":true,"href":"https:\/\/www.suno.com.br\/noticias\/wp-json\/wp\/v2\/users\/43"}],"replies":[{"embeddable":true,"href":"https:\/\/www.suno.com.br\/noticias\/wp-json\/wp\/v2\/comments?post=553408"}],"version-history":[{"count":1,"href":"https:\/\/www.suno.com.br\/noticias\/wp-json\/wp\/v2\/posts\/553408\/revisions"}],"predecessor-version":[{"id":553430,"href":"https:\/\/www.suno.com.br\/noticias\/wp-json\/wp\/v2\/posts\/553408\/revisions\/553430"}],"wp:featuredmedia":[{"embeddable":true,"href":"https:\/\/www.suno.com.br\/noticias\/wp-json\/wp\/v2\/media\/553429"}],"wp:attachment":[{"href":"https:\/\/www.suno.com.br\/noticias\/wp-json\/wp\/v2\/media?parent=553408"}],"wp:term":[{"taxonomy":"category","embeddable":true,"href":"https:\/\/www.suno.com.br\/noticias\/wp-json\/wp\/v2\/categories?post=553408"},{"taxonomy":"post_tag","embeddable":true,"href":"https:\/\/www.suno.com.br\/noticias\/wp-json\/wp\/v2\/tags?post=553408"},{"taxonomy":"suno_strategy","embeddable":true,"href":"https:\/\/www.suno.com.br\/noticias\/wp-json\/wp\/v2\/suno_strategy?post=553408"}],"curies":[{"name":"wp","href":"https:\/\/api.w.org\/{rel}","templated":true}]}}