{"id":552283,"date":"2024-05-08T22:28:19","date_gmt":"2024-05-09T01:28:19","guid":{"rendered":"https:\/\/www.suno.com.br\/noticias\/?p=552283"},"modified":"2024-05-08T22:28:28","modified_gmt":"2024-05-09T01:28:28","slug":"vibra-vbbr3-lucro-resultado-1t24-mm","status":"publish","type":"post","link":"https:\/\/www.suno.com.br\/noticias\/vibra-vbbr3-lucro-resultado-1t24-mm\/","title":{"rendered":"Com ganho tribut\u00e1rio, Vibra (VBBR3) eleva lucro em quase dez vezes mais no 1T24, para R$ 789 milh\u00f5es"},"content":{"rendered":"<p>A <a href=\"https:\/\/www.suno.com.br\/acoes\/vbbr3\/\"><strong>Vibra Energia<\/strong> (VBBR3) <\/a>encerrou o primeiro trimestre deste ano (1T24) com um <a class=\"suno-keyword\" data-force=\"no\" data-priority=\"1\" href=\"https:\/\/www.suno.com.br\/artigos\/lucro-liquido\/\" target=\"_blank\" rel=\"noopener\">lucro l\u00edquido<\/a> de R$ 789 milh\u00f5es, representando um aumento de 874% (ou um n\u00famero 9,7 vezes maior) em compara\u00e7\u00e3o ao ganho de R$ 81 milh\u00f5es registrado no mesmo per\u00edodo do ano anterior (1T23). A empresa divulgou os resultados do per\u00edodo nesta quarta-feira (8).<\/p>\t<div class=\"wrapper-featured-image\">\n\t\t<figure class=\"spotlightImg\">\n\n\t\t\t<picture>\n\t\t\t\t<source media=\"(max-width: 768px)\" srcset=\"https:\/\/files.sunoresearch.com.br\/n\/uploads\/2023\/05\/vibra-energia-400x200.jpg\">\n\t\t\t\t<img loading=\"lazy\" decoding=\"async\" class=\"newsContent__article__imgCapa lazyloadDisabled \" src=\"https:\/\/files.sunoresearch.com.br\/n\/uploads\/2023\/05\/vibra-energia-800x450.jpg\" width=\"800\" height=\"450\" alt=\"Com ganho tribut\u00e1rio, Vibra (VBBR3) eleva lucro em quase dez vezes mais no 1T24, para R$ 789 milh\u00f5es\" fetchpriority=high \/>\n\t\t\t<\/picture>\n\n\t\t\t<figcaption class=\"wp-caption-text wp-caption-text--show\">Vibra (VBBR3). Foto: Divulga\u00e7\u00e3o<\/figcaption>\n\t\t<\/figure>\n\t<\/div>\n\n\n\n\n\n\t<p>\n\t\t<a href=\"\" target=\"_blank\" data-element=\"shortcode-suno-banner\" title=\"Banner SUNO, clique e saiba mais\">\n\t\t\t<picture>\n\t\t\t\t<source media=\"(max-width: 500px)\" srcset=\"\">\n\t\t\t\t<img class=\"newsContent__article__imgCapa newsContent__article__imgCapa--banner\"\n\t\t\t\t\tsrc=\"\"\n\t\t\t\t\tdata-promo-id=\"526845\"\t\t\t\t\t\t\t\t\t\t\t\t\t\t\talt=\"\"\n\t\t\t\t>\n\t\t\t<\/picture>\n\t\t<\/a>\n\t<\/p>\n\n\n\n\n\n<p>O motivo dessa alta, segundo a empresa, \u00e9 o reconhecimento de mais de R$ 535 milh\u00f5es em<strong> <\/strong>cr\u00e9ditos tribut\u00e1rios da<strong> Vibra no 1T24<\/strong>, n\u00e3o inclu\u00eddos no <a class=\"suno-keyword\" data-force=\"no\" data-priority=\"1\" href=\"https:\/\/www.suno.com.br\/artigos\/ebitda-ajustado\/\" target=\"_blank\" rel=\"noopener\">Ebitda ajustado<\/a>, referentes \u00e0 recupera\u00e7\u00e3o tribut\u00e1ria da Lei Complementar 192\/2022, al\u00e9m dos valores j\u00e1 reconhecidos no trimestre anterior.<\/p>\n\n\n\n<p>A Lei Complementar 192\/2022 prop\u00f5e uma tributa\u00e7\u00e3o unificada das opera\u00e7\u00f5es pelo Imposto sobre Circula\u00e7\u00e3o de Mercadorias e Presta\u00e7\u00e3o de Servi\u00e7os (ICMS), incidindo o imposto uma \u00fanica vez em toda a cadeia de fornecimento, sem <a class=\"suno-keyword\" target=\"_blank\" data-force=\"no\" data-priority=\"1\" href=\"https:\/\/www.suno.com.br\/artigos\/substituicao-tributaria\/\" rel=\"noopener\">substitui\u00e7\u00e3o tribut\u00e1ria<\/a>.<\/p>\n\n\n\n<p>Outro fator positivo foi a receita l\u00edquida ajustada<strong> do balan\u00e7o da Vibra <\/strong>no 1T24, que somou R$ 39,771 bilh\u00f5es, um crescimento de 1,4% em rela\u00e7\u00e3o ao mesmo per\u00edodo de 2023. O lucro antes de juros, impostos, <a class=\"suno-keyword\" data-force=\"no\" data-priority=\"1\" href=\"https:\/\/www.suno.com.br\/artigos\/depreciacao-amortizacao\/\" target=\"_blank\" rel=\"noopener\">deprecia\u00e7\u00e3o e amortiza\u00e7\u00e3o<\/a> (Ebitda) ajustado nos tr\u00eas primeiros meses deste ano atingiu a marca de R$ 1,41 bilh\u00e3o, o dobro em rela\u00e7\u00e3o ao primeiro trimestre do ano passado.<\/p>\n\n\n\n<p>Desconsiderando os efeitos n\u00e3o recorrentes, a Vibra Energia avalia que o Ebitda da empresa no per\u00edodo seria de R$ 1,364 bilh\u00e3o, com uma margem Ebitda de ou R$ 159 por metro c\u00fabico. &#8220;Um importante resultado mesmo em um cen\u00e1rio adverso com um grande n\u00edvel de estoque de produtos observados no mercado ao longo do trimestre&#8221;, diz a Vibra.<\/p>\n\n\n\n<p>O <strong>lucro bruto ajustado da Vibra<\/strong> alcan\u00e7ou R$ 2,286 bilh\u00f5es no 1T24, um aumento de 48,8% em compara\u00e7\u00e3o com o mesmo per\u00edodo de 2023. A empresa diz que esse avan\u00e7o foi impulsionado por margens de comercializa\u00e7\u00e3o mais elevadas, estrat\u00e9gias de segmenta\u00e7\u00e3o de clientes e maior participa\u00e7\u00e3o de vendas de produtos aditivados e premium.<\/p>\n\n\n\t<p>\n\t\t<a href=\"https:\/\/lp.suno.com.br\/asset\/fundos\/suno-fiagro-snag11\/\" target=\"_blank\" data-element=\"shortcode-suno-banner\" title=\"Banner SUNO, clique e saiba mais\">\n\t\t\t<picture>\n\t\t\t\t<source media=\"(max-width: 500px)\" srcset=\"https:\/\/files.sunoresearch.com.br\/n\/uploads\/2024\/03\/400x300-Mobile-Artigos-1_SNAG.png\">\n\t\t\t\t<img class=\"newsContent__article__imgCapa newsContent__article__imgCapa--banner\"\n\t\t\t\t\tsrc=\"https:\/\/files.sunoresearch.com.br\/n\/uploads\/2024\/03\/1420x240-Banner-Artigos-1-_-Banner-Materias-1_SNAG.png\"\n\t\t\t\t\tdata-promo-id=\"364416\"\t\t\t\t\t\t\t\t\t\twidth='1420' height='240'\t\t\t\t\talt=\"https:\/\/files.sunoresearch.com.br\/n\/uploads\/2024\/03\/1420x240-Banner-Artigos-1-_-Banner-Materias-1_SNAG.png\"\n\t\t\t\t>\n\t\t\t<\/picture>\n\t\t<\/a>\n\t<\/p>\n\n\n\n\n\n<h2 class=\"wp-block-heading\">Vibra no 1T24: redu\u00e7\u00e3o de despesas operacionais e d\u00edvida l\u00edquida<\/h2>\n\n\n\n<p>Entre janeiro e mar\u00e7o, o volume de vendas da rede de postos da Vibra totalizou 5,3 milh\u00f5es de metros c\u00fabicos, uma queda de 8,8% em rela\u00e7\u00e3o ao mesmo per\u00edodo do ano passado. A empresa encerrou o primeiro trimestre com uma participa\u00e7\u00e3o na rede embandeirada de 31%, uma redu\u00e7\u00e3o de 1,6 ponto percentual em compara\u00e7\u00e3o com os tr\u00eas primeiros meses do ano anterior e uma queda de 0,4 ponto em rela\u00e7\u00e3o ao quarto trimestre de 2023.<\/p>\n\n\n\n<p>As despesas operacionais ajustadas da Vibra totalizaram R$ 615 milh\u00f5es no primeiro trimestre de 2024, uma redu\u00e7\u00e3o de 11,1% em compara\u00e7\u00e3o com o mesmo per\u00edodo de 2023. J\u00e1 o indicador de <a class=\"suno-keyword\" data-force=\"no\" data-priority=\"1\" href=\"https:\/\/www.suno.com.br\/artigos\/alavancagem-financeira\/\" target=\"_blank\" rel=\"noopener\">alavancagem financeira<\/a>, medido pela d\u00edvida l\u00edquida\/Ebitda ajustado, ficou em 1,1 vez em mar\u00e7o de 2024, uma queda de 1,6 ponto percentual em rela\u00e7\u00e3o ao 1T23<\/p>\n\n\n\n<p>A <strong>d\u00edvida l\u00edquida da Vibra<\/strong> ao final do primeiro trimestre foi de R$ 10,6 bilh\u00f5es, em compara\u00e7\u00e3o com uma <a class=\"suno-keyword\" target=\"_blank\" data-force=\"no\" data-priority=\"1\" href=\"https:\/\/www.suno.com.br\/artigos\/divida-liquida\/\" rel=\"noopener\">d\u00edvida l\u00edquida<\/a> de R$ 12,6 bilh\u00f5es no primeiro trimestre de 2023. A empresa atribui essa queda \u00e0 forte <a class=\"suno-keyword\" target=\"_blank\" data-force=\"no\" data-priority=\"1\" href=\"https:\/\/www.suno.com.br\/artigos\/geracao-de-caixa\/\" rel=\"noopener\">gera\u00e7\u00e3o de caixa<\/a> no per\u00edodo, que possibilitou uma redu\u00e7\u00e3o de R$ 2,2 bilh\u00f5es na <a class=\"suno-keyword\" target=\"_blank\" data-force=\"no\" data-priority=\"1\" href=\"https:\/\/www.suno.com.br\/artigos\/divida-bruta\/\" rel=\"noopener\">d\u00edvida bruta<\/a>.<\/p>\n\n\n\n<p>J\u00e1 a alavancagem, medida pela rela\u00e7\u00e3o entre d\u00edvida l\u00edquida e Ebitda ajustado foi de 1,1 vez, contra 2,7 vezes no mesmo per\u00edodo do ano passado e est\u00e1vel na compara\u00e7\u00e3o com o resultado encerrado em dezembro.<\/p>\n\n\n\n<h2 class=\"wp-block-heading\">Vibra vive gangorra no Ibovespa<\/h2>\n\n\n\n<p>A\u00a0Vibra<strong> <\/strong>encerrou o preg\u00e3o desta quarta-feira (8), dia em que divulgou o balan\u00e7o do 1T24 da companhia, com a\u00e7\u00f5es negociadas a R$ 23,22 no Ibovespa, uma queda de 0,56% quando comparado ao dia anterior. No m\u00eas de maio, a empresa de combust\u00edveis est\u00e1 com 0,39% de valoriza\u00e7\u00e3o. Em contrapartida, nos \u00faltimos doze meses, a companhia anota alta de 70,11% de valoriza\u00e7\u00e3o, segundo dados da\u00a0<a href=\"https:\/\/www.suno.com.br\/guias\/bolsa-de-valores\/\" target=\"_blank\" rel=\"noreferrer noopener\">Bolsa de Valores<\/a>.<\/p>\n\n\n\n<p>Neste ano, a <strong>Vibra <\/strong>Energia vive uma gangorra no Ibovespa. Sem estabilidade, a empresa acumula ao longo dos meses altas e baixas. Sua maior marca at\u00e9 ent\u00e3o foi registrada em 1\u00ba de mar\u00e7o, quando ofertou a\u00e7\u00f5es a R$ 25,90. Pouco tempo depois, em 8 de mar\u00e7o, a companhia despencou para R$ 23,33. Recentemente, a Vibra at\u00e9 subiu no \u00edndice, marcando R$ 25,36 em 9 de abril. No entanto, no dia 24 do mesmo m\u00eas, a empresa voltou a cair, com pap\u00e9is negociados a R$ 22,49. <\/p>\n\n\n\t<p>\n\t\t<a href=\"\" target=\"_blank\" data-element=\"shortcode-suno-banner\" title=\"Banner SUNO, clique e saiba mais\">\n\t\t\t<picture>\n\t\t\t\t<source media=\"(max-width: 500px)\" srcset=\"\">\n\t\t\t\t<img class=\"newsContent__article__imgCapa newsContent__article__imgCapa--banner\"\n\t\t\t\t\tsrc=\"\"\n\t\t\t\t\tdata-promo-id=\"285519\"\t\t\t\t\t\t\t\t\t\t\t\t\t\t\talt=\"\"\n\t\t\t\t>\n\t\t\t<\/picture>\n\t\t<\/a>\n\t<\/p>\n\n\n","protected":false},"excerpt":{"rendered":"<p>A Vibra Energia (VBBR3) encerrou o primeiro trimestre deste ano (1T24) com um lucro l\u00edquido de R$ 789 milh\u00f5es, representando um aumento de 874% (ou um n\u00famero 9,7 vezes maior) em compara\u00e7\u00e3o ao ganho de R$ 81 milh\u00f5es registrado no mesmo per\u00edodo do ano anterior (1T23). A empresa divulgou os resultados do per\u00edodo nesta quarta-feira [&hellip;]<\/p>\n","protected":false},"author":345,"featured_media":404097,"comment_status":"closed","ping_status":"closed","sticky":false,"template":"","format":"standard","meta":[],"categories":[64],"tags":[286,914,596],"suno_strategy":[],"class_list":["post-552283","post","type-post","status-publish","format-standard","has-post-thumbnail","hentry","category-negocios","tag-acoes","tag-balanca-comercial","tag-vibra-energia-vbbr3"],"yoast_head":"<!-- This site is optimized with the Yoast SEO plugin v24.4 - https:\/\/yoast.com\/wordpress\/plugins\/seo\/ -->\n<title>Com ganho tribut\u00e1rio, Vibra (VBBR3) eleva lucro em 874% no 1T24<\/title>\n<meta name=\"description\" content=\"O motivo dessa alta, segundo a empresa, \u00e9 por causa do reconhecimento de mais de R$ 535 milh\u00f5es em cr\u00e9ditos tribut\u00e1rios da Vibra no 1T24.\" \/>\n<meta name=\"robots\" content=\"index, follow, max-snippet:-1, max-image-preview:large, max-video-preview:-1\" \/>\n<link rel=\"canonical\" href=\"https:\/\/www.suno.com.br\/noticias\/vibra-vbbr3-lucro-resultado-1t24-mm\/\" \/>\n<meta property=\"og:locale\" content=\"pt_BR\" \/>\n<meta property=\"og:type\" content=\"article\" \/>\n<meta property=\"og:title\" content=\"Com ganho tribut\u00e1rio, Vibra (VBBR3) eleva lucro em 874% no 1T24\" \/>\n<meta property=\"og:description\" content=\"O motivo dessa alta, segundo a empresa, \u00e9 por causa do reconhecimento de mais de R$ 535 milh\u00f5es em cr\u00e9ditos tribut\u00e1rios da Vibra no 1T24.\" \/>\n<meta property=\"og:url\" content=\"https:\/\/www.suno.com.br\/noticias\/vibra-vbbr3-lucro-resultado-1t24-mm\/\" \/>\n<meta property=\"og:site_name\" content=\"Suno Not\u00edcias\" \/>\n<meta property=\"article:publisher\" content=\"https:\/\/facebook.com\/sunoresearch\" \/>\n<meta property=\"og:image\" content=\"https:\/\/files.sunoresearch.com.br\/n\/uploads\/2023\/05\/vibra-energia.jpg\" \/>\n\t<meta property=\"og:image:width\" content=\"1450\" \/>\n\t<meta property=\"og:image:height\" content=\"816\" \/>\n\t<meta property=\"og:image:type\" content=\"image\/jpeg\" \/>\n<meta name=\"author\" content=\"Murilo Melo\" \/>\n<meta name=\"twitter:card\" content=\"summary_large_image\" \/>\n<meta name=\"twitter:creator\" content=\"@sunoresearch\" \/>\n<meta name=\"twitter:site\" content=\"@sunoresearch\" \/>\n<meta name=\"twitter:label1\" content=\"Escrito por\" \/>\n\t<meta name=\"twitter:data1\" content=\"Murilo Melo\" \/>\n\t<meta name=\"twitter:label2\" content=\"Est. tempo de leitura\" \/>\n\t<meta name=\"twitter:data2\" content=\"4 minutos\" \/>\n<script type=\"application\/ld+json\" class=\"yoast-schema-graph\">{\"@context\":\"https:\/\/schema.org\",\"@graph\":[{\"@type\":\"NewsArticle\",\"@id\":\"https:\/\/www.suno.com.br\/noticias\/vibra-vbbr3-lucro-resultado-1t24-mm\/#article\",\"isPartOf\":{\"@id\":\"https:\/\/www.suno.com.br\/noticias\/vibra-vbbr3-lucro-resultado-1t24-mm\/\"},\"author\":{\"name\":\"Murilo Melo\",\"@id\":\"https:\/\/www.suno.com.br\/noticias\/#\/schema\/person\/32d4feb215afe4b317d446bb442400dd\"},\"headline\":\"Com ganho tribut\u00e1rio, Vibra (VBBR3) eleva lucro em quase dez vezes mais no 1T24, para R$ 789 milh\u00f5es\",\"datePublished\":\"2024-05-09T01:28:19+00:00\",\"dateModified\":\"2024-05-09T01:28:28+00:00\",\"mainEntityOfPage\":{\"@id\":\"https:\/\/www.suno.com.br\/noticias\/vibra-vbbr3-lucro-resultado-1t24-mm\/\"},\"wordCount\":775,\"publisher\":{\"@id\":\"https:\/\/www.suno.com.br\/noticias\/#organization\"},\"image\":{\"@id\":\"https:\/\/www.suno.com.br\/noticias\/vibra-vbbr3-lucro-resultado-1t24-mm\/#primaryimage\"},\"thumbnailUrl\":\"https:\/\/files.sunoresearch.com.br\/n\/uploads\/2023\/05\/vibra-energia.jpg\",\"keywords\":[\"A\u00e7\u00f5es\",\"balan\u00e7a comercial\",\"Vibra Energia (VBBR3)\"],\"articleSection\":[\"Neg\u00f3cios\"],\"inLanguage\":\"pt-BR\"},{\"@type\":\"WebPage\",\"@id\":\"https:\/\/www.suno.com.br\/noticias\/vibra-vbbr3-lucro-resultado-1t24-mm\/\",\"url\":\"https:\/\/www.suno.com.br\/noticias\/vibra-vbbr3-lucro-resultado-1t24-mm\/\",\"name\":\"Com ganho tribut\u00e1rio, Vibra (VBBR3) eleva lucro em 874% no 1T24\",\"isPartOf\":{\"@id\":\"https:\/\/www.suno.com.br\/noticias\/#website\"},\"primaryImageOfPage\":{\"@id\":\"https:\/\/www.suno.com.br\/noticias\/vibra-vbbr3-lucro-resultado-1t24-mm\/#primaryimage\"},\"image\":{\"@id\":\"https:\/\/www.suno.com.br\/noticias\/vibra-vbbr3-lucro-resultado-1t24-mm\/#primaryimage\"},\"thumbnailUrl\":\"https:\/\/files.sunoresearch.com.br\/n\/uploads\/2023\/05\/vibra-energia.jpg\",\"datePublished\":\"2024-05-09T01:28:19+00:00\",\"dateModified\":\"2024-05-09T01:28:28+00:00\",\"description\":\"O motivo dessa alta, segundo a empresa, \u00e9 por causa do reconhecimento de mais de R$ 535 milh\u00f5es em cr\u00e9ditos tribut\u00e1rios da Vibra no 1T24.\",\"breadcrumb\":{\"@id\":\"https:\/\/www.suno.com.br\/noticias\/vibra-vbbr3-lucro-resultado-1t24-mm\/#breadcrumb\"},\"inLanguage\":\"pt-BR\",\"potentialAction\":[{\"@type\":\"ReadAction\",\"target\":[\"https:\/\/www.suno.com.br\/noticias\/vibra-vbbr3-lucro-resultado-1t24-mm\/\"]}]},{\"@type\":\"ImageObject\",\"inLanguage\":\"pt-BR\",\"@id\":\"https:\/\/www.suno.com.br\/noticias\/vibra-vbbr3-lucro-resultado-1t24-mm\/#primaryimage\",\"url\":\"https:\/\/files.sunoresearch.com.br\/n\/uploads\/2023\/05\/vibra-energia.jpg\",\"contentUrl\":\"https:\/\/files.sunoresearch.com.br\/n\/uploads\/2023\/05\/vibra-energia.jpg\",\"width\":1450,\"height\":816,\"caption\":\"Vibra (VBBR3). Foto: Divulga\u00e7\u00e3o\"},{\"@type\":\"BreadcrumbList\",\"@id\":\"https:\/\/www.suno.com.br\/noticias\/vibra-vbbr3-lucro-resultado-1t24-mm\/#breadcrumb\",\"itemListElement\":[{\"@type\":\"ListItem\",\"position\":1,\"name\":\"Not\u00edcias\",\"item\":\"https:\/\/www.suno.com.br\/noticias\/\"},{\"@type\":\"ListItem\",\"position\":2,\"name\":\"Neg\u00f3cios\",\"item\":\"https:\/\/www.suno.com.br\/noticias\/negocios\/\"},{\"@type\":\"ListItem\",\"position\":3,\"name\":\"Com ganho tribut\u00e1rio, Vibra (VBBR3) eleva lucro em quase dez vezes mais no 1T24, para R$ 789 milh\u00f5es\"}]},{\"@type\":\"WebSite\",\"@id\":\"https:\/\/www.suno.com.br\/noticias\/#website\",\"url\":\"https:\/\/www.suno.com.br\/noticias\/\",\"name\":\"Suno Not\u00edcias\",\"description\":\"Seu portal de informa\u00e7\u00e3o sobre o mundo dos investimentos\",\"publisher\":{\"@id\":\"https:\/\/www.suno.com.br\/noticias\/#organization\"},\"potentialAction\":[{\"@type\":\"SearchAction\",\"target\":{\"@type\":\"EntryPoint\",\"urlTemplate\":\"https:\/\/www.suno.com.br\/noticias\/?s={search_term_string}\"},\"query-input\":{\"@type\":\"PropertyValueSpecification\",\"valueRequired\":true,\"valueName\":\"search_term_string\"}}],\"inLanguage\":\"pt-BR\"},{\"@type\":\"Organization\",\"@id\":\"https:\/\/www.suno.com.br\/noticias\/#organization\",\"name\":\"Suno Not\u00edcias\",\"url\":\"https:\/\/www.suno.com.br\/noticias\/\",\"logo\":{\"@type\":\"ImageObject\",\"inLanguage\":\"pt-BR\",\"@id\":\"https:\/\/www.suno.com.br\/noticias\/#\/schema\/logo\/image\/\",\"url\":\"https:\/\/files.sunoresearch.com.br\/n\/uploads\/2021\/09\/suno-logo.png\",\"contentUrl\":\"https:\/\/files.sunoresearch.com.br\/n\/uploads\/2021\/09\/suno-logo.png\",\"width\":180,\"height\":180,\"caption\":\"Suno Not\u00edcias\"},\"image\":{\"@id\":\"https:\/\/www.suno.com.br\/noticias\/#\/schema\/logo\/image\/\"},\"sameAs\":[\"https:\/\/facebook.com\/sunoresearch\",\"https:\/\/x.com\/sunoresearch\",\"https:\/\/www.instagram.com\/suno\",\"https:\/\/www.linkedin.com\/company\/suno-research\/\",\"https:\/\/www.youtube.com\/c\/sunoresearch\"]},{\"@type\":\"Person\",\"@id\":\"https:\/\/www.suno.com.br\/noticias\/#\/schema\/person\/32d4feb215afe4b317d446bb442400dd\",\"name\":\"Murilo Melo\",\"image\":{\"@type\":\"ImageObject\",\"inLanguage\":\"pt-BR\",\"@id\":\"https:\/\/www.suno.com.br\/noticias\/#\/schema\/person\/image\/\",\"url\":\"https:\/\/secure.gravatar.com\/avatar\/af7a693198b592028493c0e8b0583d4f?s=96&r=g\",\"contentUrl\":\"https:\/\/secure.gravatar.com\/avatar\/af7a693198b592028493c0e8b0583d4f?s=96&r=g\",\"caption\":\"Murilo Melo\"},\"description\":\"\u00c9 um jornalista e letr\u00f3logo com vasta experi\u00eancia em economia, finan\u00e7as e mercado. J\u00e1 foi rep\u00f3rter de jornais, revistas e sites noticiosos como A Tarde, Correio e Folha de S.Paulo. No Suno Not\u00edcias, escreve sobre neg\u00f3cios\",\"url\":\"https:\/\/www.suno.com.br\/noticias\/author\/murilomelo-jornalismogmail-com\/\"}]}<\/script>\n<!-- \/ Yoast SEO plugin. -->","yoast_head_json":{"title":"Com ganho tribut\u00e1rio, Vibra (VBBR3) eleva lucro em 874% no 1T24","description":"O motivo dessa alta, segundo a empresa, \u00e9 por causa do reconhecimento de mais de R$ 535 milh\u00f5es em cr\u00e9ditos tribut\u00e1rios da Vibra no 1T24.","robots":{"index":"index","follow":"follow","max-snippet":"max-snippet:-1","max-image-preview":"max-image-preview:large","max-video-preview":"max-video-preview:-1"},"canonical":"https:\/\/www.suno.com.br\/noticias\/vibra-vbbr3-lucro-resultado-1t24-mm\/","og_locale":"pt_BR","og_type":"article","og_title":"Com ganho tribut\u00e1rio, Vibra (VBBR3) eleva lucro em 874% no 1T24","og_description":"O motivo dessa alta, segundo a empresa, \u00e9 por causa do reconhecimento de mais de R$ 535 milh\u00f5es em cr\u00e9ditos tribut\u00e1rios da Vibra no 1T24.","og_url":"https:\/\/www.suno.com.br\/noticias\/vibra-vbbr3-lucro-resultado-1t24-mm\/","og_site_name":"Suno Not\u00edcias","article_publisher":"https:\/\/facebook.com\/sunoresearch","og_image":[{"width":1450,"height":816,"url":"https:\/\/files.sunoresearch.com.br\/n\/uploads\/2023\/05\/vibra-energia.jpg","type":"image\/jpeg"}],"author":"Murilo Melo","twitter_card":"summary_large_image","twitter_creator":"@sunoresearch","twitter_site":"@sunoresearch","twitter_misc":{"Escrito por":"Murilo Melo","Est. tempo de leitura":"4 minutos"},"schema":{"@context":"https:\/\/schema.org","@graph":[{"@type":"NewsArticle","@id":"https:\/\/www.suno.com.br\/noticias\/vibra-vbbr3-lucro-resultado-1t24-mm\/#article","isPartOf":{"@id":"https:\/\/www.suno.com.br\/noticias\/vibra-vbbr3-lucro-resultado-1t24-mm\/"},"author":{"name":"Murilo Melo","@id":"https:\/\/www.suno.com.br\/noticias\/#\/schema\/person\/32d4feb215afe4b317d446bb442400dd"},"headline":"Com ganho tribut\u00e1rio, Vibra (VBBR3) eleva lucro em quase dez vezes mais no 1T24, para R$ 789 milh\u00f5es","datePublished":"2024-05-09T01:28:19+00:00","dateModified":"2024-05-09T01:28:28+00:00","mainEntityOfPage":{"@id":"https:\/\/www.suno.com.br\/noticias\/vibra-vbbr3-lucro-resultado-1t24-mm\/"},"wordCount":775,"publisher":{"@id":"https:\/\/www.suno.com.br\/noticias\/#organization"},"image":{"@id":"https:\/\/www.suno.com.br\/noticias\/vibra-vbbr3-lucro-resultado-1t24-mm\/#primaryimage"},"thumbnailUrl":"https:\/\/files.sunoresearch.com.br\/n\/uploads\/2023\/05\/vibra-energia.jpg","keywords":["A\u00e7\u00f5es","balan\u00e7a comercial","Vibra Energia (VBBR3)"],"articleSection":["Neg\u00f3cios"],"inLanguage":"pt-BR"},{"@type":"WebPage","@id":"https:\/\/www.suno.com.br\/noticias\/vibra-vbbr3-lucro-resultado-1t24-mm\/","url":"https:\/\/www.suno.com.br\/noticias\/vibra-vbbr3-lucro-resultado-1t24-mm\/","name":"Com ganho tribut\u00e1rio, Vibra (VBBR3) eleva lucro em 874% no 1T24","isPartOf":{"@id":"https:\/\/www.suno.com.br\/noticias\/#website"},"primaryImageOfPage":{"@id":"https:\/\/www.suno.com.br\/noticias\/vibra-vbbr3-lucro-resultado-1t24-mm\/#primaryimage"},"image":{"@id":"https:\/\/www.suno.com.br\/noticias\/vibra-vbbr3-lucro-resultado-1t24-mm\/#primaryimage"},"thumbnailUrl":"https:\/\/files.sunoresearch.com.br\/n\/uploads\/2023\/05\/vibra-energia.jpg","datePublished":"2024-05-09T01:28:19+00:00","dateModified":"2024-05-09T01:28:28+00:00","description":"O motivo dessa alta, segundo a empresa, \u00e9 por causa do reconhecimento de mais de R$ 535 milh\u00f5es em cr\u00e9ditos tribut\u00e1rios da Vibra no 1T24.","breadcrumb":{"@id":"https:\/\/www.suno.com.br\/noticias\/vibra-vbbr3-lucro-resultado-1t24-mm\/#breadcrumb"},"inLanguage":"pt-BR","potentialAction":[{"@type":"ReadAction","target":["https:\/\/www.suno.com.br\/noticias\/vibra-vbbr3-lucro-resultado-1t24-mm\/"]}]},{"@type":"ImageObject","inLanguage":"pt-BR","@id":"https:\/\/www.suno.com.br\/noticias\/vibra-vbbr3-lucro-resultado-1t24-mm\/#primaryimage","url":"https:\/\/files.sunoresearch.com.br\/n\/uploads\/2023\/05\/vibra-energia.jpg","contentUrl":"https:\/\/files.sunoresearch.com.br\/n\/uploads\/2023\/05\/vibra-energia.jpg","width":1450,"height":816,"caption":"Vibra (VBBR3). Foto: Divulga\u00e7\u00e3o"},{"@type":"BreadcrumbList","@id":"https:\/\/www.suno.com.br\/noticias\/vibra-vbbr3-lucro-resultado-1t24-mm\/#breadcrumb","itemListElement":[{"@type":"ListItem","position":1,"name":"Not\u00edcias","item":"https:\/\/www.suno.com.br\/noticias\/"},{"@type":"ListItem","position":2,"name":"Neg\u00f3cios","item":"https:\/\/www.suno.com.br\/noticias\/negocios\/"},{"@type":"ListItem","position":3,"name":"Com ganho tribut\u00e1rio, Vibra (VBBR3) eleva lucro em quase dez vezes mais no 1T24, para R$ 789 milh\u00f5es"}]},{"@type":"WebSite","@id":"https:\/\/www.suno.com.br\/noticias\/#website","url":"https:\/\/www.suno.com.br\/noticias\/","name":"Suno Not\u00edcias","description":"Seu portal de informa\u00e7\u00e3o sobre o mundo dos investimentos","publisher":{"@id":"https:\/\/www.suno.com.br\/noticias\/#organization"},"potentialAction":[{"@type":"SearchAction","target":{"@type":"EntryPoint","urlTemplate":"https:\/\/www.suno.com.br\/noticias\/?s={search_term_string}"},"query-input":{"@type":"PropertyValueSpecification","valueRequired":true,"valueName":"search_term_string"}}],"inLanguage":"pt-BR"},{"@type":"Organization","@id":"https:\/\/www.suno.com.br\/noticias\/#organization","name":"Suno Not\u00edcias","url":"https:\/\/www.suno.com.br\/noticias\/","logo":{"@type":"ImageObject","inLanguage":"pt-BR","@id":"https:\/\/www.suno.com.br\/noticias\/#\/schema\/logo\/image\/","url":"https:\/\/files.sunoresearch.com.br\/n\/uploads\/2021\/09\/suno-logo.png","contentUrl":"https:\/\/files.sunoresearch.com.br\/n\/uploads\/2021\/09\/suno-logo.png","width":180,"height":180,"caption":"Suno Not\u00edcias"},"image":{"@id":"https:\/\/www.suno.com.br\/noticias\/#\/schema\/logo\/image\/"},"sameAs":["https:\/\/facebook.com\/sunoresearch","https:\/\/x.com\/sunoresearch","https:\/\/www.instagram.com\/suno","https:\/\/www.linkedin.com\/company\/suno-research\/","https:\/\/www.youtube.com\/c\/sunoresearch"]},{"@type":"Person","@id":"https:\/\/www.suno.com.br\/noticias\/#\/schema\/person\/32d4feb215afe4b317d446bb442400dd","name":"Murilo Melo","image":{"@type":"ImageObject","inLanguage":"pt-BR","@id":"https:\/\/www.suno.com.br\/noticias\/#\/schema\/person\/image\/","url":"https:\/\/secure.gravatar.com\/avatar\/af7a693198b592028493c0e8b0583d4f?s=96&r=g","contentUrl":"https:\/\/secure.gravatar.com\/avatar\/af7a693198b592028493c0e8b0583d4f?s=96&r=g","caption":"Murilo Melo"},"description":"\u00c9 um jornalista e letr\u00f3logo com vasta experi\u00eancia em economia, finan\u00e7as e mercado. J\u00e1 foi rep\u00f3rter de jornais, revistas e sites noticiosos como A Tarde, Correio e Folha de S.Paulo. No Suno Not\u00edcias, escreve sobre neg\u00f3cios","url":"https:\/\/www.suno.com.br\/noticias\/author\/murilomelo-jornalismogmail-com\/"}]}},"default_loop_html":"<div class=\"cardsPage__listCard__boxs\"><div class=\"cardsPage__listCard__boxs__img\"><a href=\"https:\/\/www.suno.com.br\/noticias\/vibra-vbbr3-lucro-resultado-1t24-mm\/\"><img class=\"mask\" src=\"https:\/\/www.suno.com.br\/noticias\/wp-content\/themes\/suno\/resources\/images\/spotlight\/spotlight1img\/bg-mask.png\" alt=\"Image Mask\"\/><img src=\"https:\/\/files.sunoresearch.com.br\/n\/uploads\/2023\/05\/vibra-energia-400x200.jpg\" alt=\"Com ganho tribut\u00e1rio, Vibra (VBBR3) eleva lucro em quase dez vezes mais no 1T24, para R$ 789 milh\u00f5es\"\/><\/a><span class=\"spotlightCategory\"><a href=\"https:\/\/www.suno.com.br\/noticias\/negocios\/\">Neg\u00f3cios<\/a><\/span><\/div><div class=\"cardsPage__listCard__boxs__content\"><a href=\"https:\/\/www.suno.com.br\/noticias\/vibra-vbbr3-lucro-resultado-1t24-mm\/\"><h2 class=\"content__title\">Com ganho tribut\u00e1rio, Vibra (VBBR3) eleva lucro em quase dez vezes mais no 1T24, para R$ 789 milh\u00f5es<\/h2><\/a><div class=\"newsContent__article__meta\"><div class=\"newsContent__article__meta__authorBox\"><a href=\"https:\/\/www.suno.com.br\/noticias\/author\/murilomelo-jornalismogmail-com\/\" class=\"authorBox__avatar noMobi\"><img src=\"https:\/\/files.sunoresearch.com.br\/n\/uploads\/2024\/02\/Murilo_Melo_Jornalista-e1708476456132-150x150.jpeg\" alt=\"Murilo Melo\"><\/a><div class=\"authorBox__name\"><span>por\n\t\t\t<a href=\"https:\/\/www.suno.com.br\/noticias\/author\/murilomelo-jornalismogmail-com\/\"><span itemprop=\"author\">Murilo Melo<\/span><\/a><\/span><time datetime=\"2024-05-08T22:28:19-03:00\" itemprop=\"datePublished\">08\/05\/2024 22:28<\/time><\/div><\/div><\/div><\/div><\/div>","single_layout":"posts","amp_enabled":true,"_links":{"self":[{"href":"https:\/\/www.suno.com.br\/noticias\/wp-json\/wp\/v2\/posts\/552283"}],"collection":[{"href":"https:\/\/www.suno.com.br\/noticias\/wp-json\/wp\/v2\/posts"}],"about":[{"href":"https:\/\/www.suno.com.br\/noticias\/wp-json\/wp\/v2\/types\/post"}],"author":[{"embeddable":true,"href":"https:\/\/www.suno.com.br\/noticias\/wp-json\/wp\/v2\/users\/345"}],"replies":[{"embeddable":true,"href":"https:\/\/www.suno.com.br\/noticias\/wp-json\/wp\/v2\/comments?post=552283"}],"version-history":[{"count":2,"href":"https:\/\/www.suno.com.br\/noticias\/wp-json\/wp\/v2\/posts\/552283\/revisions"}],"predecessor-version":[{"id":552330,"href":"https:\/\/www.suno.com.br\/noticias\/wp-json\/wp\/v2\/posts\/552283\/revisions\/552330"}],"wp:featuredmedia":[{"embeddable":true,"href":"https:\/\/www.suno.com.br\/noticias\/wp-json\/wp\/v2\/media\/404097"}],"wp:attachment":[{"href":"https:\/\/www.suno.com.br\/noticias\/wp-json\/wp\/v2\/media?parent=552283"}],"wp:term":[{"taxonomy":"category","embeddable":true,"href":"https:\/\/www.suno.com.br\/noticias\/wp-json\/wp\/v2\/categories?post=552283"},{"taxonomy":"post_tag","embeddable":true,"href":"https:\/\/www.suno.com.br\/noticias\/wp-json\/wp\/v2\/tags?post=552283"},{"taxonomy":"suno_strategy","embeddable":true,"href":"https:\/\/www.suno.com.br\/noticias\/wp-json\/wp\/v2\/suno_strategy?post=552283"}],"curies":[{"name":"wp","href":"https:\/\/api.w.org\/{rel}","templated":true}]}}