{"id":552203,"date":"2024-05-08T20:42:16","date_gmt":"2024-05-08T23:42:16","guid":{"rendered":"https:\/\/www.suno.com.br\/noticias\/?p=552203"},"modified":"2024-05-09T00:25:59","modified_gmt":"2024-05-09T03:25:59","slug":"copom-selic-ritmo-cortes-proximos-passos","status":"publish","type":"post","link":"https:\/\/www.suno.com.br\/noticias\/copom-selic-ritmo-cortes-proximos-passos\/","title":{"rendered":"Rachado, Copom desacelera corte da Selic. Quais os pr\u00f3ximos passos do BC?"},"content":{"rendered":"<p>O Comit\u00ea de <a class=\"suno-keyword\" target=\"_blank\" data-force=\"no\" data-priority=\"1\" href=\"https:\/\/www.suno.com.br\/artigos\/politica-monetaria\/\" rel=\"noopener\">Pol\u00edtica Monet\u00e1ria<\/a> (<strong>Copom<\/strong>) do Banco Central confirmou o abandono da indica\u00e7\u00e3o dada na \u00faltima reuni\u00e3o e reduziu a taxa Selic em 0,25 ponto porcentual (pp.) nesta quarta-feira, 8, travando um ciclo de seis cortes consecutivos de 0,50 pp. <\/p>\t<div class=\"wrapper-featured-image\">\n\t\t<figure class=\"spotlightImg\">\n\n\t\t\t<picture>\n\t\t\t\t<source media=\"(max-width: 768px)\" srcset=\"https:\/\/files.sunoresearch.com.br\/n\/uploads\/2021\/11\/banco_central_sede-400x200.jpg\">\n\t\t\t\t<img loading=\"lazy\" decoding=\"async\" class=\"newsContent__article__imgCapa lazyloadDisabled \" src=\"https:\/\/files.sunoresearch.com.br\/n\/uploads\/2021\/11\/banco_central_sede-800x450.jpg\" width=\"800\" height=\"450\" alt=\"Rachado, Copom desacelera corte da Selic. Quais os pr\u00f3ximos passos do BC?\" fetchpriority=high \/>\n\t\t\t<\/picture>\n\n\t\t\t<figcaption class=\"wp-caption-text wp-caption-text--show\">Ata do Copom. Foto: Marcello Casal Jr.\/Ag\u00eancia Brasil<\/figcaption>\n\t\t<\/figure>\n\t<\/div>\n\n\n\n\n\n\t<p>\n\t\t<a href=\"\" target=\"_blank\" data-element=\"shortcode-suno-banner\" title=\"Banner SUNO, clique e saiba mais\">\n\t\t\t<picture>\n\t\t\t\t<source media=\"(max-width: 500px)\" srcset=\"\">\n\t\t\t\t<img class=\"newsContent__article__imgCapa newsContent__article__imgCapa--banner\"\n\t\t\t\t\tsrc=\"\"\n\t\t\t\t\tdata-promo-id=\"240038\"\t\t\t\t\t\t\t\t\t\t\t\t\t\t\talt=\"\"\n\t\t\t\t>\n\t\t\t<\/picture>\n\t\t<\/a>\n\t<\/p>\n\n\n\n\n\n\n\n<p>Ap\u00f3s a decis\u00e3o dividida por 5 votos a 4 para reduzir a<strong> taxa Selic<\/strong> em 0,25 ponto porcentual na reuni\u00e3o desta quarta-feira, 8, o Comit\u00ea de Pol\u00edtica Monet\u00e1ria (Copom) do Banco Central optou por n\u00e3o dar nenhuma indica\u00e7\u00e3o sobre os pr\u00f3ximos passos, abandonando de vez o <a class=\"suno-keyword\" target=\"_blank\" data-force=\"no\" data-priority=\"1\" href=\"https:\/\/www.suno.com.br\/artigos\/forward-guidance\/\" rel=\"noopener\">forward guidance<\/a> que vinha sendo usado pelo colegiado desde agosto do ano passado. <\/p>\n\n\n\n<p>&#8220;O <strong>Comit\u00ea do BC<\/strong> tamb\u00e9m refor\u00e7a, com especial \u00eanfase, que a extens\u00e3o e a adequa\u00e7\u00e3o de ajustes futuros na taxa de juros ser\u00e3o ditadas pelo firme compromisso de converg\u00eancia da infla\u00e7\u00e3o \u00e0 meta&#8221;, foi o \u00fanico recado do BC sobre os pr\u00f3ximos passos sobre o <strong>ritmo de cortes da Selic<\/strong>.<\/p>\n\n\n\n<p>Apesar da divis\u00e3o dos votos, o Copom fez quest\u00e3o de enfatizar que, unanimemente, avalia que o cen\u00e1rio global incerto e o cen\u00e1rio dom\u00e9stico marcado por resili\u00eancia na atividade e expectativas desancoradas demandam maior cautela.<\/p>\n\n\n\n<p>&#8220;O Comit\u00ea ressalta, ainda, que a <strong>pol\u00edtica monet\u00e1ria do BC<\/strong> deve se manter contracionista at\u00e9 que se consolide n\u00e3o apenas o processo de desinfla\u00e7\u00e3o como tamb\u00e9m a ancoragem das expectativas em torno de suas metas&#8221;, completou o documento.<\/p>\n\n\n\n<p>O Copom ainda repetiu que a conjuntura atual, caracterizada por um est\u00e1gio do processo desinflacion\u00e1rio que tende a ser mais lento, expectativas de infla\u00e7\u00e3o desancoradas e um cen\u00e1rio global desafiador, demanda serenidade e modera\u00e7\u00e3o na condu\u00e7\u00e3o da pol\u00edtica monet\u00e1ria.<\/p>\n\n\n\n<p>A decis\u00e3o, que rachou o colegiado entre os indicados pelo governo anterior &#8211; que preferiram o <strong>corte da Selic<\/strong> em 0,25 pp &#8211; e os nomeados pelo Executivo atual, j\u00e1 tinha dividido as proje\u00e7\u00f5es do mercado. Era levemente majorit\u00e1ria a expectativa de que a c\u00fapula do BC optaria por uma redu\u00e7\u00e3o menor da taxa, de 0,25 ponto porcentual, interrompendo o ciclo de 0,50 pp. iniciado em agosto do ano passado.<\/p>\n\n\n\n<p>Marcelo Bolzan, planejador financeiro, CGA e s\u00f3cio da The Hill Capital, pontua: &#8220;O <strong>comunicado do Copom<\/strong> veio com tom bem \u201cHawkish\u201d, j\u00e1 que afirmam que a pol\u00edtica monet\u00e1ria deve se manter contracionista.&#8221; <\/p>\n\n\n\n<p>Ele complementa: &#8220;Comentam sobre a necessidade de maior cautela, j\u00e1 que o ambiente externo mostra-se mais adverso, em fun\u00e7\u00e3o da incerteza elevada sobre o in\u00edcio da flexibiliza\u00e7\u00e3o de pol\u00edtica monet\u00e1ria nos EUA. Sobre Brasil, destacam que os <a class=\"suno-keyword\" target=\"_blank\" data-force=\"no\" data-priority=\"1\" href=\"https:\/\/www.suno.com.br\/artigos\/indicadores-de-atividade\/\" rel=\"noopener\">indicadores de atividade<\/a> econ\u00f4mica e do mercado de trabalho tem apresentado maior dinamismo do que o esperado. N\u00e3o seguiram o foward guidance da \u00faltima reuni\u00e3o do copom, pois cen\u00e1rio aumentou as incertezas (externo e interno).&#8221;<\/p>\n\n\n\n<p>O Copom ficou dividido ao determinar o tamanho do corte da Selic. Mas S\u00e9rgio Goldenstein, Estrategista-Chefe da Warren Rena, anota: &#8220;Vale ressaltar que houve avalia\u00e7\u00e3o un\u00e2nime de que o cen\u00e1rio global incerto e o cen\u00e1rio dom\u00e9stico marcado por resili\u00eancia na atividade e expectativas desancoradas demandam maior cautela na condu\u00e7\u00e3o da pol\u00edtica monet\u00e1ria.&#8221; <\/p>\n\n\n\n<p>Ele complementa: &#8220;O Comit\u00ea refor\u00e7ou ainda, com especial \u00eanfase, que a extens\u00e3o e a adequa\u00e7\u00e3o de ajustes futuros na <strong>taxa de juros<\/strong> ser\u00e3o ditadas pelo firme compromisso de converg\u00eancia da infla\u00e7\u00e3o \u00e0 meta, deixando de sinalizar os passos futuros.&#8221;<\/p>\n\n\n\n<p>O especialista da Warren explica, em relat\u00f3rio: &#8220;As proje\u00e7\u00f5es de infla\u00e7\u00e3o do BC no cen\u00e1rio de refer\u00eancia subiram, para o ano de 2024, de 3,4% para 3,8% e, para 2025, de 3,2% para 3,3%. O aumento de 0,4 p.p. da proje\u00e7\u00e3o para o ano corrente pode ser atribu\u00eddo principalmente \u00e0 deprecia\u00e7\u00e3o de 4% da taxa de c\u00e2mbio desde o Copom de mar\u00e7o.&#8221; <\/p>\n\n\n\n<p>E adiciona: &#8220;Utiliza-se a taxa de c\u00e2mbio m\u00e9dia observada nos dez dias \u00fateis encerrados no \u00faltimo dia da semana anterior \u00e0 da reuni\u00e3o, que ficou em R$ 5,15, ante R$ 4,95 previamente. Isso explica tamb\u00e9m parte relevante da revis\u00e3o de pre\u00e7os administrados de 4,4% para 4,8%.&#8221;<\/p>\n\n\n\n<p>O que se pode esperar da Selic ao final de 2024, segundo a Warren Rena? &#8220;A avalia\u00e7\u00e3o do Copom, neste momento, aparenta indicar uma taxa Selic terminal suficientemente restritiva e, portanto,<br>seguimos com o call de uma taxa de 9,75% ao final do ciclo de flexibiliza\u00e7\u00e3o monet\u00e1ria.&#8221; <\/p>\n\n\n\n<p>Goldstein faz uma ressalva: &#8220;Entendemos que o comunicado falhou ao n\u00e3o apresentar, ainda que de forma sint\u00e9tica, os argumentos da ala dissidente, algo que deve ser detalhado na ata. O fato de os quatros membros que votaram por corte de 50 bps terem sido indicados pelo governo tende a gerar fortes ru\u00eddos no mercado, fortalecendo as opini\u00f5es de um Copom mais leniente no futuro, o que pode depreciar o c\u00e2mbio e aumentar a inclina\u00e7\u00e3o da curva de juros.&#8221;<\/p>\n\n\n\n<h2 class=\"wp-block-heading\">O que motivou a decis\u00e3o do BC pelo corte menor da Selic?<\/h2>\n\n\n\n<p>Leonardo Costa, economista da ASA&nbsp;Investments, resume o que motivou a <strong>decis\u00e3o do Copo<\/strong>m nesta quarta (8):<\/p>\n\n\n\n<ul class=\"wp-block-list\">\n<li>reconhecimento de cen\u00e1rio inequivocamente pior,<\/li>\n\n\n\n<li>atividade dom\u00e9stica mais quente<\/li>\n\n\n\n<li>externo pior por causa da infla\u00e7\u00e3o nos EUA (e sem sinal de corte de juro)<\/li>\n\n\n\n<li>desancoragem da expectativa dom\u00e9stica.<\/li>\n<\/ul>\n\n\n\n<p>&#8220;O comunicado foi hawk. Contudo, surpreendeu a divis\u00e3o do colegiado, com 4 dos 9 membros votando por corte maior, de 0,50%. Vamos acompanhar a ata para tentar entender melhor onde est\u00e1 a diverg\u00eancia&#8221;. afirma ele.<\/p>\n\n\n\n<p>&#8220;Nosso cen\u00e1rio \u00e9 de mais 3 cortes de 0,25%, com taxa terminal de 9,75% para a <strong>taxa Selic<\/strong> em 2024&#8243;, sublinha.<\/p>\n\n\n\n<p>&#8220;A principal mudan\u00e7a foi a eleva\u00e7\u00e3o da preocupa\u00e7\u00e3o em rela\u00e7\u00e3o ao mercado externo, com a pol\u00edtica de juros nos Estados Unidos sendo a maior adversidade exposta na reuni\u00e3o de maio. A despeito de se manter equilibrado, o balan\u00e7o de riscos indica aumento da incerteza na conjuntura internacional&#8221;, adiciona.<\/p>\n\n\n\n<p>&#8220;Mudan\u00e7a adicional, o comunicado passa a reconhecer que a expectativa de infla\u00e7\u00e3o esta desancorada, antes se referia como &#8216;parcialmente desancorada)'&#8221;, assinala.<\/p>\n\n\n\n<p>Finalmente, o \u00faltimo par\u00e1grafo veio mais duro, lembra ele: &#8220;O Comit\u00ea tamb\u00e9m refor\u00e7a, com especial \u00eanfase, que a extens\u00e3o e a adequa\u00e7\u00e3o de ajustes futuros na taxa de juros ser\u00e3o ditadas pelo firme compromisso de converg\u00eancia da infla\u00e7\u00e3o&nbsp;\u00e0&nbsp;meta&#8221;.<\/p>\n\n\n\n<p>Fernando Bento, CEO e s\u00f3cio da FMB Investimentos, comenta: &#8220;O Copom deu a entender que talvez a <strong>taxa terminal da Selic<\/strong> fique um pouco mais alta. A princ\u00edpio isso acaba atrapalhando a Bolsa de Valores. Mas n\u00e3o muito porque j\u00e1 era tamb\u00e9m amplamente esperado pela maioria dos analistas esse corte de 0,25 pp.&#8221;<\/p>\n\n\n\n<h2 class=\"wp-block-heading\">Quest\u00e3o fiscal e a encruzilhada para a Selic<\/h2>\n\n\n\n<p>Jos\u00e9 M\u00e1rcio Camargo, economista-chefe da Genial Investimentos, explica como as contas p\u00fablicas podem ter interferido na <strong>decis\u00e3o do BC<\/strong> sobre a Selic : &#8220;A quest\u00e3o fiscal no Brasil chegou a uma encruzilhada. Nesta semana, ser\u00e3o definidos alguns pontos que ir\u00e3o sinalizar se a estrat\u00e9gia adotada pelo Minist\u00e9rio da Fazenda de aprovar legisla\u00e7\u00e3o no Congresso para aumentar impostos e, portanto, as receitas do governo, para pagar os aumentos de gastos, ainda \u00e9 vi\u00e1vel.&#8221;<\/p>\n\n\n\n<p>Ele prossegue: &#8220;Em primeiro lugar, a vota\u00e7\u00e3o dos vetos do Presidente da Rep\u00fablica a projetos de leis aprovados pelo Congresso que podem gerar aumento de gastos. Em especial, os vetos ao aumento das emendas de comiss\u00e3o em R$ 5,6 bilh\u00f5es e ao calend\u00e1rio de empenho e execu\u00e7\u00e3o das emendas parlamentares impositivas s\u00e3o particularmente importantes.&#8221;<\/p>\n\n\n\n<p>Segundo, &#8220;a quest\u00e3o da desonera\u00e7\u00e3o da folha de pagamentos n\u00e3o est\u00e1 resolvida&#8221;. Camargo lembra: &#8220;O l\u00edder do governo no Senado, senador Jaques Wagner, declarou que &#8216;as conversas est\u00e3o sendo feitas. S\u00f3 para explicar que n\u00e3o ser\u00e1 zerada (a desonera\u00e7\u00e3o)&#8217;. Esta negocia\u00e7\u00e3o tem data para terminar. Afinal, caso nada mude, as empresas e as prefeituras ter\u00e3o de voltar a pagar os impostos sobre a folha no dia 20 de maio. Quanto vai custar este acordo?&#8221;<\/p>\n\n\n\n<p>A discuss\u00e3o sobre a volta dos quinqu\u00eanios para magistrados e procuradores, uma proposta apoiada pelo presidente do Congresso, senador Rodrigo Pacheco, continua no ar, complementa o economista da Genial. &#8220;Caso aprovado, seria extremamente custoso do ponto de vista fiscal, n\u00e3o apenas por seu custo direto, mas por ser um precedente que ir\u00e1 gerar forte demanda de outras categorias de servidores p\u00fablicos. Finalmente, quanto vai custar a &#8216;reconstru\u00e7\u00e3o&#8217; do Rio Grande do Sul?<\/p>\n\n\n\n<h2 class=\"wp-block-heading\">Mudan\u00e7a no ritmo dos cortes da Selic: o que houve?<\/h2>\n\n\n\n<p>Nicolas Borsoi, economista-Chefe da Nova Futura Investimentos, analisa: &#8220;Em linha com o esperado por n\u00f3s, o Copom cortou a Selic em 0,25%. As proje\u00e7\u00f5es de IPCA subiram de 3,5% para 3,8% em 2024 e de 3,2% para 3,3% em 2025. No cen\u00e1rio de riscos, o Copom manteve a descri\u00e7\u00e3o anterior, mas adicionou que as conjunturas local e global est\u00e3o mais incertas, exigindo uma maior (adicionado nesta decis\u00e3o) cautela na condu\u00e7\u00e3o da pol\u00edtica monet\u00e1ria.&#8221;<\/p>\n\n\n\n<p>O Copom afirmou que os eventos fiscais t\u00eam impactado a pol\u00edtica monet\u00e1ria, observa Borsoi, &#8220;devido \u00e0 exig\u00eancia de maiores pr\u00eamios de risco pelos investidores, em meio \u00e0 percep\u00e7\u00e3o de menor credibilidade e comprometimento com a sustentabilidade da d\u00edvida.&#8221; <\/p>\n\n\n\n<p>Outro destaque do texto sobre a <strong>redu\u00e7\u00e3o da Selic<\/strong> foi a altera\u00e7\u00e3o do trecho sob as expectativas de infla\u00e7\u00e3o: &#8220;O comit\u00ea trocou \u2018reancoragem parcial das expectativas\u2019 pelo termo \u2018desancoradas\u2019. Al\u00e9m disso, o Copom deixou a extens\u00e3o e o ritmo do ciclo condicional \u00e0 evolu\u00e7\u00e3o das expectativas, afirmando que \u2018a extens\u00e3o e adequa\u00e7\u00e3o de ajustes futuros na taxa de juros ser\u00e3o ditadas pelo firme compromisso de converg\u00eancia da infla\u00e7\u00e3o \u00e0 meta.\u2019&#8221; <\/p>\n\n\n\n<p>O Copom reconheceu que o horizonte relevante de pol\u00edtica monet\u00e1ria levar\u00e1 em conta somente 2025, diz o economista da Nova Futura.<\/p>\n\n\n\n<p>&#8220;Rea\u00e7\u00e3o adequada para o momento: caso o cen\u00e1rio de infla\u00e7\u00e3o fosse prevalente, o corte seria de 0,5%; caso o Copom optasse por uma postura mais de administra\u00e7\u00e3o de riscos (devido \u00e0s elevadas incertezas), a op\u00e7\u00e3o seria por cortar 0,25%. De fato, acreditamos que houve uma mudan\u00e7a na fun\u00e7\u00e3o de rea\u00e7\u00e3o do Copom, que n\u00e3o foi totalmente digerida pela diretoria&#8221;, argumenta. <\/p>\n\n\n\n<p>&#8220;Outro ponto relevante, em nossa vis\u00e3o, foi a caracteriza\u00e7\u00e3o das expectativas como desancoradas e que ritmo e extens\u00e3o do ciclo ser\u00e3o ditados pelo compromisso com a converg\u00eancia da infla\u00e7\u00e3o \u00e0 meta.&#8221;<\/p>\n\n\n\n<p>Ou seja, nota Borsai, o Copom pode terminar o ciclo de cortes de juros j\u00e1 na pr\u00f3xima reuni\u00e3o, se n\u00e3o ocorrer alguma melhora nas expectativas de IPCA. &#8220;Al\u00e9m disso, a calamidade no Rio Grande do Sul, e seus prov\u00e1veis efeitos altistas sobre a infla\u00e7\u00e3o local, pode levar o Copom a ser ainda mais defensivo \u00e0 frente. Esperamos mais dois cortes de 0,25% em 2024 e mantivemos nossas proje\u00e7\u00f5es de Selic, em 10% em 2024 e 9,0% em 2025.&#8221;<\/p>\n\n\n\t<p>\n\t\t<a href=\"https:\/\/lp.suno.com.br\/ebook-gratuito-investindo-no-exterior\/\" target=\"_blank\" data-element=\"shortcode-suno-banner\" title=\"Banner SUNO, clique e saiba mais\">\n\t\t\t<picture>\n\t\t\t\t<source media=\"(max-width: 500px)\" srcset=\"https:\/\/files.sunoresearch.com.br\/n\/uploads\/2023\/03\/400x300-Investindo-no-exterior.png\">\n\t\t\t\t<img class=\"newsContent__article__imgCapa newsContent__article__imgCapa--banner\"\n\t\t\t\t\tsrc=\"https:\/\/files.sunoresearch.com.br\/n\/uploads\/2023\/03\/1420x240-Investindo-no-exterior.png\"\n\t\t\t\t\tdata-promo-id=\"383161\"\t\t\t\t\t\t\t\t\t\twidth='1420' height='240'\t\t\t\t\talt=\"https:\/\/files.sunoresearch.com.br\/n\/uploads\/2023\/03\/1420x240-Investindo-no-exterior.png\"\n\t\t\t\t>\n\t\t\t<\/picture>\n\t\t<\/a>\n\t<\/p>\n\n\n\n\n\n<h2 class=\"wp-block-heading\">Copom rachado na decis\u00e3o sobre a Selic: o que vem agora?<\/h2>\n\n\n\n<p>Sobre a decis\u00e3o dividida do <strong>Copom sobre a Selic<\/strong>, Bolzan lembra que &#8220;o dissenso \u00e9 ruim, pois sinaliza que a pr\u00f3xima composi\u00e7\u00e3o do Banco Central (2025) \u00e9 mais dovish.&#8221; <\/p>\n\n\n\n<p>O comit\u00ea afirma &#8220;ter preocupa\u00e7\u00e3o com o fiscal e que est\u00e1 acompanhando com aten\u00e7\u00e3o os desenvolvimentos recentes da <a class=\"suno-keyword\" target=\"_blank\" data-force=\"no\" data-priority=\"1\" href=\"https:\/\/www.suno.com.br\/artigos\/politica-fiscal\/\" rel=\"noopener\">pol\u00edtica fiscal<\/a>.&#8221; <\/p>\n\n\n\n<p>Os integrantes do Copom ressaltam, tamb\u00e9m que uma &#8220;pol\u00edtica fiscal cr\u00edvel e comprometida com a sustentabilidade da d\u00edvida contribui para a ancoragem das expectativas de infla\u00e7\u00e3o&#8221;.<\/p>\n\n\n\n<p>E os pr\u00f3ximos passos? &#8220;O BC deixou em aberto os pr\u00f3ximos passos, mas o tom \u00e9 mais duro, sinalizando maior cautela e que ajustes futuros na taxa de juros ser\u00e3o ditadas pelo firme compromisso de converg\u00eancia da infla\u00e7\u00e3o \u00e0 meta.&#8221;<\/p>\n\n\n\n<p>Bolzan conclui: &#8220;Minha expectativa e mais uma redu\u00e7\u00e3o de 0,25pp. Com esse cen\u00e1rio, acredito que teremos amanh\u00e3 bolsa em queda e abertura dos juros.&#8221;<\/p>\n\n\n\n<p>Vinicius Moura, economista e s\u00f3cio da Matriz Capital, comenta: &#8220;O comunicado revela uma postura cautelosa do Banco Central em rela\u00e7\u00e3o \u00e0 pol\u00edtica monet\u00e1ria futura, destacando a complexidade do ambiente econ\u00f4mico global e dom\u00e9stico, com press\u00f5es de uma infla\u00e7\u00e3o subjacente acima da meta.&#8221;<\/p>\n\n\n\n<p>Moura considera o &#8220;tom do comunicado cautelosamente hawkish.&#8221; Ele explica: &#8220;Embora tenha decidido por uma redu\u00e7\u00e3o da taxa de juros, o BC enfatiza a import\u00e2ncia de manter a <a class=\"suno-keyword\" target=\"_blank\" data-force=\"no\" data-priority=\"1\" href=\"https:\/\/www.suno.com.br\/artigos\/politica-monetaria-contracionista\/\" rel=\"noopener\">pol\u00edtica monet\u00e1ria contracionista<\/a> para consolidar a desinfla\u00e7\u00e3o e a ancoragem das expectativas de infla\u00e7\u00e3o.&#8221;<\/p>\n\n\n\n<p>A decis\u00e3o de reduzir a <strong>taxa b\u00e1sica de juros<\/strong> em 0,25 ponto percentual n\u00e3o pegou o mercado de surpresa, ele lembra, e &#8220;veio dentro do consenso do mercado, que antecipava uma redu\u00e7\u00e3o moderada devido \u00e0s incertezas econ\u00f4micas e \u00e0s press\u00f5es inflacion\u00e1rias ainda existentes.&#8221;<\/p>\n\n\n\n<p>O que vem por a\u00ed? &#8220;Ainda acredito que o Fed mantendo juros altos podem atrapalhar no ciclo de queda de juros por aqui&#8221;, diz o economista da Matriz Capital. &#8220;Juros altos nos EUA podem fortalecer o d\u00f3lar e pressionar a infla\u00e7\u00e3o, dificultando a redu\u00e7\u00e3o da Selic aqui. Eventos como as enchentes no Rio Grande do Sul podem pressionar a infla\u00e7\u00e3o de alimentos, dificultando a <strong>queda da Selic <\/strong>tamb\u00e9m.&#8221;<\/p>\n\n\n\n<p>Para as pr\u00f3ximas reuni\u00f5es, a expectativa \u00e9 de que o <strong>Copom<\/strong> mantenha a cautela, monitorando de perto a evolu\u00e7\u00e3o da infla\u00e7\u00e3o e das expectativas. &#8220;A continuidade do ciclo de cortes depender\u00e1 da consolida\u00e7\u00e3o do processo de desinfla\u00e7\u00e3o e da ancoragem das expectativas. N\u00e3o houve um guidance para a pr\u00f3xima reuni\u00e3o&#8221;, observa ele.<\/p>\n\n\n\n<p>A autoridade monet\u00e1ria deixa aberto que os pr\u00f3ximos passos dependem da expectativa e da ancoragem dos n\u00fameros de infla\u00e7\u00e3o, diz Raphael Vieira, co-head de investimentos Arton Advisors. \u201cO<strong> Copom<\/strong>  tamb\u00e9m refor\u00e7a, com especial \u00eanfase, que a extens\u00e3o e a adequa\u00e7\u00e3o de ajustes futuros na taxa de juros ser\u00e3o ditadas pelo firme compromisso de converg\u00eancia da infla\u00e7\u00e3o \u00e0 meta, trazendo assim um tom bem mais hawkish do que nos \u00faltimos comunicados. Hoje as expectativas para 2025 mostram um n\u00famero acima da meta do banco central de 3%.&#8221;<\/p>\n\n\n\t<p>\n\t\t<a href=\"https:\/\/lp.suno.com.br\/planilha-da-vida-financeira\/\" target=\"_blank\" data-element=\"shortcode-suno-banner\" title=\"Banner SUNO, clique e saiba mais\">\n\t\t\t<picture>\n\t\t\t\t<source media=\"(max-width: 500px)\" srcset=\"https:\/\/files.sunoresearch.com.br\/n\/uploads\/2023\/04\/400x300-Planilha-vida-financeira-true.png\">\n\t\t\t\t<img class=\"newsContent__article__imgCapa newsContent__article__imgCapa--banner\"\n\t\t\t\t\tsrc=\"https:\/\/files.sunoresearch.com.br\/n\/uploads\/2023\/04\/1420x240-Planilha-vida-financeira-true.png\"\n\t\t\t\t\tdata-promo-id=\"383123\"\t\t\t\t\t\t\t\t\t\twidth='1420' height='240'\t\t\t\t\talt=\"https:\/\/files.sunoresearch.com.br\/n\/uploads\/2023\/04\/1420x240-Planilha-vida-financeira-true.png\"\n\t\t\t\t>\n\t\t\t<\/picture>\n\t\t<\/a>\n\t<\/p>\n\n\n","protected":false},"excerpt":{"rendered":"<p>O Comit\u00ea de Pol\u00edtica Monet\u00e1ria (Copom) do Banco Central confirmou o abandono da indica\u00e7\u00e3o dada na \u00faltima reuni\u00e3o e reduziu a taxa Selic em 0,25 ponto porcentual (pp.) nesta quarta-feira, 8, travando um ciclo de seis cortes consecutivos de 0,50 pp. Ata do Copom. Foto: Marcello Casal Jr.\/Ag\u00eancia Brasil Ap\u00f3s a decis\u00e3o dividida por 5 [&hellip;]<\/p>\n","protected":false},"author":98,"featured_media":200420,"comment_status":"closed","ping_status":"closed","sticky":false,"template":"","format":"standard","meta":[],"categories":[62],"tags":[1842,1752,290],"suno_strategy":[],"class_list":["post-552203","post","type-post","status-publish","format-standard","has-post-thumbnail","hentry","category-economia","tag-banco-central-bc","tag-taxa-de-juros","tag-taxa-selic"],"yoast_head":"<!-- This site is optimized with the Yoast SEO plugin v24.4 - https:\/\/yoast.com\/wordpress\/plugins\/seo\/ -->\n<title>Copom opta pela cautela com a Selic. E os pr\u00f3ximos passos?<\/title>\n<meta name=\"description\" content=\"O Copom confirmou o abandono da indica\u00e7\u00e3o dada na \u00faltima reuni\u00e3o e reduziu a taxa Selic em 0,25 pp. O que vem agora com a Selic?\" \/>\n<meta name=\"robots\" content=\"index, follow, max-snippet:-1, max-image-preview:large, max-video-preview:-1\" \/>\n<link rel=\"canonical\" href=\"https:\/\/www.suno.com.br\/noticias\/copom-selic-ritmo-cortes-proximos-passos\/\" \/>\n<meta property=\"og:locale\" content=\"pt_BR\" \/>\n<meta property=\"og:type\" content=\"article\" \/>\n<meta property=\"og:title\" content=\"Copom opta pela cautela com a Selic. E os pr\u00f3ximos passos?\" \/>\n<meta property=\"og:description\" content=\"O Copom confirmou o abandono da indica\u00e7\u00e3o dada na \u00faltima reuni\u00e3o e reduziu a taxa Selic em 0,25 pp. O que vem agora com a Selic?\" \/>\n<meta property=\"og:url\" content=\"https:\/\/www.suno.com.br\/noticias\/copom-selic-ritmo-cortes-proximos-passos\/\" \/>\n<meta property=\"og:site_name\" content=\"Suno Not\u00edcias\" \/>\n<meta property=\"article:publisher\" content=\"https:\/\/facebook.com\/sunoresearch\" \/>\n<meta property=\"og:image\" content=\"https:\/\/files.sunoresearch.com.br\/n\/uploads\/2021\/11\/banco_central_sede-scaled.jpg\" \/>\n\t<meta property=\"og:image:width\" content=\"2560\" \/>\n\t<meta property=\"og:image:height\" content=\"1704\" \/>\n\t<meta property=\"og:image:type\" content=\"image\/jpeg\" \/>\n<meta name=\"author\" content=\"Marco Ant\u00f4nio Lopes\" \/>\n<meta name=\"twitter:card\" content=\"summary_large_image\" \/>\n<meta name=\"twitter:creator\" content=\"@sunoresearch\" \/>\n<meta name=\"twitter:site\" content=\"@sunoresearch\" \/>\n<meta name=\"twitter:label1\" content=\"Escrito por\" \/>\n\t<meta name=\"twitter:data1\" content=\"Marco Ant\u00f4nio Lopes\" \/>\n\t<meta name=\"twitter:label2\" content=\"Est. tempo de leitura\" \/>\n\t<meta name=\"twitter:data2\" content=\"13 minutos\" \/>\n<script type=\"application\/ld+json\" class=\"yoast-schema-graph\">{\"@context\":\"https:\/\/schema.org\",\"@graph\":[{\"@type\":\"NewsArticle\",\"@id\":\"https:\/\/www.suno.com.br\/noticias\/copom-selic-ritmo-cortes-proximos-passos\/#article\",\"isPartOf\":{\"@id\":\"https:\/\/www.suno.com.br\/noticias\/copom-selic-ritmo-cortes-proximos-passos\/\"},\"author\":{\"name\":\"Marco Ant\u00f4nio Lopes\",\"@id\":\"https:\/\/www.suno.com.br\/noticias\/#\/schema\/person\/829bbe8d57f84333b966b96229c6bf5f\"},\"headline\":\"Rachado, Copom desacelera corte da Selic. Quais os pr\u00f3ximos passos do BC?\",\"datePublished\":\"2024-05-08T23:42:16+00:00\",\"dateModified\":\"2024-05-09T03:25:59+00:00\",\"mainEntityOfPage\":{\"@id\":\"https:\/\/www.suno.com.br\/noticias\/copom-selic-ritmo-cortes-proximos-passos\/\"},\"wordCount\":2404,\"publisher\":{\"@id\":\"https:\/\/www.suno.com.br\/noticias\/#organization\"},\"image\":{\"@id\":\"https:\/\/www.suno.com.br\/noticias\/copom-selic-ritmo-cortes-proximos-passos\/#primaryimage\"},\"thumbnailUrl\":\"https:\/\/files.sunoresearch.com.br\/n\/uploads\/2021\/11\/banco_central_sede-scaled.jpg\",\"keywords\":[\"Banco Central (BC)\",\"taxa de juros\",\"Taxa Selic\"],\"articleSection\":[\"Economia\"],\"inLanguage\":\"pt-BR\"},{\"@type\":\"WebPage\",\"@id\":\"https:\/\/www.suno.com.br\/noticias\/copom-selic-ritmo-cortes-proximos-passos\/\",\"url\":\"https:\/\/www.suno.com.br\/noticias\/copom-selic-ritmo-cortes-proximos-passos\/\",\"name\":\"Copom opta pela cautela com a Selic. E os pr\u00f3ximos passos?\",\"isPartOf\":{\"@id\":\"https:\/\/www.suno.com.br\/noticias\/#website\"},\"primaryImageOfPage\":{\"@id\":\"https:\/\/www.suno.com.br\/noticias\/copom-selic-ritmo-cortes-proximos-passos\/#primaryimage\"},\"image\":{\"@id\":\"https:\/\/www.suno.com.br\/noticias\/copom-selic-ritmo-cortes-proximos-passos\/#primaryimage\"},\"thumbnailUrl\":\"https:\/\/files.sunoresearch.com.br\/n\/uploads\/2021\/11\/banco_central_sede-scaled.jpg\",\"datePublished\":\"2024-05-08T23:42:16+00:00\",\"dateModified\":\"2024-05-09T03:25:59+00:00\",\"description\":\"O Copom confirmou o abandono da indica\u00e7\u00e3o dada na \u00faltima reuni\u00e3o e reduziu a taxa Selic em 0,25 pp. O que vem agora com a Selic?\",\"breadcrumb\":{\"@id\":\"https:\/\/www.suno.com.br\/noticias\/copom-selic-ritmo-cortes-proximos-passos\/#breadcrumb\"},\"inLanguage\":\"pt-BR\",\"potentialAction\":[{\"@type\":\"ReadAction\",\"target\":[\"https:\/\/www.suno.com.br\/noticias\/copom-selic-ritmo-cortes-proximos-passos\/\"]}]},{\"@type\":\"ImageObject\",\"inLanguage\":\"pt-BR\",\"@id\":\"https:\/\/www.suno.com.br\/noticias\/copom-selic-ritmo-cortes-proximos-passos\/#primaryimage\",\"url\":\"https:\/\/files.sunoresearch.com.br\/n\/uploads\/2021\/11\/banco_central_sede-scaled.jpg\",\"contentUrl\":\"https:\/\/files.sunoresearch.com.br\/n\/uploads\/2021\/11\/banco_central_sede-scaled.jpg\",\"width\":2560,\"height\":1704,\"caption\":\"Ata do Copom. Foto: Marcello Casal Jr.\/Ag\u00eancia Brasil\"},{\"@type\":\"BreadcrumbList\",\"@id\":\"https:\/\/www.suno.com.br\/noticias\/copom-selic-ritmo-cortes-proximos-passos\/#breadcrumb\",\"itemListElement\":[{\"@type\":\"ListItem\",\"position\":1,\"name\":\"Not\u00edcias\",\"item\":\"https:\/\/www.suno.com.br\/noticias\/\"},{\"@type\":\"ListItem\",\"position\":2,\"name\":\"Economia\",\"item\":\"https:\/\/www.suno.com.br\/noticias\/economia\/\"},{\"@type\":\"ListItem\",\"position\":3,\"name\":\"Rachado, Copom desacelera corte da Selic. Quais os pr\u00f3ximos passos do BC?\"}]},{\"@type\":\"WebSite\",\"@id\":\"https:\/\/www.suno.com.br\/noticias\/#website\",\"url\":\"https:\/\/www.suno.com.br\/noticias\/\",\"name\":\"Suno Not\u00edcias\",\"description\":\"Seu portal de informa\u00e7\u00e3o sobre o mundo dos investimentos\",\"publisher\":{\"@id\":\"https:\/\/www.suno.com.br\/noticias\/#organization\"},\"potentialAction\":[{\"@type\":\"SearchAction\",\"target\":{\"@type\":\"EntryPoint\",\"urlTemplate\":\"https:\/\/www.suno.com.br\/noticias\/?s={search_term_string}\"},\"query-input\":{\"@type\":\"PropertyValueSpecification\",\"valueRequired\":true,\"valueName\":\"search_term_string\"}}],\"inLanguage\":\"pt-BR\"},{\"@type\":\"Organization\",\"@id\":\"https:\/\/www.suno.com.br\/noticias\/#organization\",\"name\":\"Suno Not\u00edcias\",\"url\":\"https:\/\/www.suno.com.br\/noticias\/\",\"logo\":{\"@type\":\"ImageObject\",\"inLanguage\":\"pt-BR\",\"@id\":\"https:\/\/www.suno.com.br\/noticias\/#\/schema\/logo\/image\/\",\"url\":\"https:\/\/files.sunoresearch.com.br\/n\/uploads\/2021\/09\/suno-logo.png\",\"contentUrl\":\"https:\/\/files.sunoresearch.com.br\/n\/uploads\/2021\/09\/suno-logo.png\",\"width\":180,\"height\":180,\"caption\":\"Suno Not\u00edcias\"},\"image\":{\"@id\":\"https:\/\/www.suno.com.br\/noticias\/#\/schema\/logo\/image\/\"},\"sameAs\":[\"https:\/\/facebook.com\/sunoresearch\",\"https:\/\/x.com\/sunoresearch\",\"https:\/\/www.instagram.com\/suno\",\"https:\/\/www.linkedin.com\/company\/suno-research\/\",\"https:\/\/www.youtube.com\/c\/sunoresearch\"]},{\"@type\":\"Person\",\"@id\":\"https:\/\/www.suno.com.br\/noticias\/#\/schema\/person\/829bbe8d57f84333b966b96229c6bf5f\",\"name\":\"Marco Ant\u00f4nio Lopes\",\"image\":{\"@type\":\"ImageObject\",\"inLanguage\":\"pt-BR\",\"@id\":\"https:\/\/www.suno.com.br\/noticias\/#\/schema\/person\/image\/\",\"url\":\"https:\/\/secure.gravatar.com\/avatar\/385167b012fbc1cde32c5446ee253313?s=96&r=g\",\"contentUrl\":\"https:\/\/secure.gravatar.com\/avatar\/385167b012fbc1cde32c5446ee253313?s=96&r=g\",\"caption\":\"Marco Ant\u00f4nio Lopes\"},\"description\":\"Jornalista, \u00e9 editor no Suno Not\u00edcias. Trabalhou nas revistas Playboy, Super, Veja Comer &amp; Beber, Homem Vogue e Universo Masculino, al\u00e9m dos portais Abril.com, R7, nas editorias de Home, Esportes, Hora 7, Entretenimento e Geral, e Eu Quero Investir. Autor do livro Bruce Lee: Definitivo (Editora Conrad). Colaborou nas revistas Nova, Veja SP, Grandes Guerras, Placar, Bizz, Casa Claudia e Quatro Rodas.\",\"url\":\"https:\/\/www.suno.com.br\/noticias\/author\/marco-lopes\/\"}]}<\/script>\n<!-- \/ Yoast SEO plugin. -->","yoast_head_json":{"title":"Copom opta pela cautela com a Selic. E os pr\u00f3ximos passos?","description":"O Copom confirmou o abandono da indica\u00e7\u00e3o dada na \u00faltima reuni\u00e3o e reduziu a taxa Selic em 0,25 pp. O que vem agora com a Selic?","robots":{"index":"index","follow":"follow","max-snippet":"max-snippet:-1","max-image-preview":"max-image-preview:large","max-video-preview":"max-video-preview:-1"},"canonical":"https:\/\/www.suno.com.br\/noticias\/copom-selic-ritmo-cortes-proximos-passos\/","og_locale":"pt_BR","og_type":"article","og_title":"Copom opta pela cautela com a Selic. E os pr\u00f3ximos passos?","og_description":"O Copom confirmou o abandono da indica\u00e7\u00e3o dada na \u00faltima reuni\u00e3o e reduziu a taxa Selic em 0,25 pp. O que vem agora com a Selic?","og_url":"https:\/\/www.suno.com.br\/noticias\/copom-selic-ritmo-cortes-proximos-passos\/","og_site_name":"Suno Not\u00edcias","article_publisher":"https:\/\/facebook.com\/sunoresearch","og_image":[{"width":2560,"height":1704,"url":"https:\/\/files.sunoresearch.com.br\/n\/uploads\/2021\/11\/banco_central_sede-scaled.jpg","type":"image\/jpeg"}],"author":"Marco Ant\u00f4nio Lopes","twitter_card":"summary_large_image","twitter_creator":"@sunoresearch","twitter_site":"@sunoresearch","twitter_misc":{"Escrito por":"Marco Ant\u00f4nio Lopes","Est. tempo de leitura":"13 minutos"},"schema":{"@context":"https:\/\/schema.org","@graph":[{"@type":"NewsArticle","@id":"https:\/\/www.suno.com.br\/noticias\/copom-selic-ritmo-cortes-proximos-passos\/#article","isPartOf":{"@id":"https:\/\/www.suno.com.br\/noticias\/copom-selic-ritmo-cortes-proximos-passos\/"},"author":{"name":"Marco Ant\u00f4nio Lopes","@id":"https:\/\/www.suno.com.br\/noticias\/#\/schema\/person\/829bbe8d57f84333b966b96229c6bf5f"},"headline":"Rachado, Copom desacelera corte da Selic. Quais os pr\u00f3ximos passos do BC?","datePublished":"2024-05-08T23:42:16+00:00","dateModified":"2024-05-09T03:25:59+00:00","mainEntityOfPage":{"@id":"https:\/\/www.suno.com.br\/noticias\/copom-selic-ritmo-cortes-proximos-passos\/"},"wordCount":2404,"publisher":{"@id":"https:\/\/www.suno.com.br\/noticias\/#organization"},"image":{"@id":"https:\/\/www.suno.com.br\/noticias\/copom-selic-ritmo-cortes-proximos-passos\/#primaryimage"},"thumbnailUrl":"https:\/\/files.sunoresearch.com.br\/n\/uploads\/2021\/11\/banco_central_sede-scaled.jpg","keywords":["Banco Central (BC)","taxa de juros","Taxa Selic"],"articleSection":["Economia"],"inLanguage":"pt-BR"},{"@type":"WebPage","@id":"https:\/\/www.suno.com.br\/noticias\/copom-selic-ritmo-cortes-proximos-passos\/","url":"https:\/\/www.suno.com.br\/noticias\/copom-selic-ritmo-cortes-proximos-passos\/","name":"Copom opta pela cautela com a Selic. E os pr\u00f3ximos passos?","isPartOf":{"@id":"https:\/\/www.suno.com.br\/noticias\/#website"},"primaryImageOfPage":{"@id":"https:\/\/www.suno.com.br\/noticias\/copom-selic-ritmo-cortes-proximos-passos\/#primaryimage"},"image":{"@id":"https:\/\/www.suno.com.br\/noticias\/copom-selic-ritmo-cortes-proximos-passos\/#primaryimage"},"thumbnailUrl":"https:\/\/files.sunoresearch.com.br\/n\/uploads\/2021\/11\/banco_central_sede-scaled.jpg","datePublished":"2024-05-08T23:42:16+00:00","dateModified":"2024-05-09T03:25:59+00:00","description":"O Copom confirmou o abandono da indica\u00e7\u00e3o dada na \u00faltima reuni\u00e3o e reduziu a taxa Selic em 0,25 pp. O que vem agora com a Selic?","breadcrumb":{"@id":"https:\/\/www.suno.com.br\/noticias\/copom-selic-ritmo-cortes-proximos-passos\/#breadcrumb"},"inLanguage":"pt-BR","potentialAction":[{"@type":"ReadAction","target":["https:\/\/www.suno.com.br\/noticias\/copom-selic-ritmo-cortes-proximos-passos\/"]}]},{"@type":"ImageObject","inLanguage":"pt-BR","@id":"https:\/\/www.suno.com.br\/noticias\/copom-selic-ritmo-cortes-proximos-passos\/#primaryimage","url":"https:\/\/files.sunoresearch.com.br\/n\/uploads\/2021\/11\/banco_central_sede-scaled.jpg","contentUrl":"https:\/\/files.sunoresearch.com.br\/n\/uploads\/2021\/11\/banco_central_sede-scaled.jpg","width":2560,"height":1704,"caption":"Ata do Copom. Foto: Marcello Casal Jr.\/Ag\u00eancia Brasil"},{"@type":"BreadcrumbList","@id":"https:\/\/www.suno.com.br\/noticias\/copom-selic-ritmo-cortes-proximos-passos\/#breadcrumb","itemListElement":[{"@type":"ListItem","position":1,"name":"Not\u00edcias","item":"https:\/\/www.suno.com.br\/noticias\/"},{"@type":"ListItem","position":2,"name":"Economia","item":"https:\/\/www.suno.com.br\/noticias\/economia\/"},{"@type":"ListItem","position":3,"name":"Rachado, Copom desacelera corte da Selic. Quais os pr\u00f3ximos passos do BC?"}]},{"@type":"WebSite","@id":"https:\/\/www.suno.com.br\/noticias\/#website","url":"https:\/\/www.suno.com.br\/noticias\/","name":"Suno Not\u00edcias","description":"Seu portal de informa\u00e7\u00e3o sobre o mundo dos investimentos","publisher":{"@id":"https:\/\/www.suno.com.br\/noticias\/#organization"},"potentialAction":[{"@type":"SearchAction","target":{"@type":"EntryPoint","urlTemplate":"https:\/\/www.suno.com.br\/noticias\/?s={search_term_string}"},"query-input":{"@type":"PropertyValueSpecification","valueRequired":true,"valueName":"search_term_string"}}],"inLanguage":"pt-BR"},{"@type":"Organization","@id":"https:\/\/www.suno.com.br\/noticias\/#organization","name":"Suno Not\u00edcias","url":"https:\/\/www.suno.com.br\/noticias\/","logo":{"@type":"ImageObject","inLanguage":"pt-BR","@id":"https:\/\/www.suno.com.br\/noticias\/#\/schema\/logo\/image\/","url":"https:\/\/files.sunoresearch.com.br\/n\/uploads\/2021\/09\/suno-logo.png","contentUrl":"https:\/\/files.sunoresearch.com.br\/n\/uploads\/2021\/09\/suno-logo.png","width":180,"height":180,"caption":"Suno Not\u00edcias"},"image":{"@id":"https:\/\/www.suno.com.br\/noticias\/#\/schema\/logo\/image\/"},"sameAs":["https:\/\/facebook.com\/sunoresearch","https:\/\/x.com\/sunoresearch","https:\/\/www.instagram.com\/suno","https:\/\/www.linkedin.com\/company\/suno-research\/","https:\/\/www.youtube.com\/c\/sunoresearch"]},{"@type":"Person","@id":"https:\/\/www.suno.com.br\/noticias\/#\/schema\/person\/829bbe8d57f84333b966b96229c6bf5f","name":"Marco Ant\u00f4nio Lopes","image":{"@type":"ImageObject","inLanguage":"pt-BR","@id":"https:\/\/www.suno.com.br\/noticias\/#\/schema\/person\/image\/","url":"https:\/\/secure.gravatar.com\/avatar\/385167b012fbc1cde32c5446ee253313?s=96&r=g","contentUrl":"https:\/\/secure.gravatar.com\/avatar\/385167b012fbc1cde32c5446ee253313?s=96&r=g","caption":"Marco Ant\u00f4nio Lopes"},"description":"Jornalista, \u00e9 editor no Suno Not\u00edcias. Trabalhou nas revistas Playboy, Super, Veja Comer &amp; Beber, Homem Vogue e Universo Masculino, al\u00e9m dos portais Abril.com, R7, nas editorias de Home, Esportes, Hora 7, Entretenimento e Geral, e Eu Quero Investir. Autor do livro Bruce Lee: Definitivo (Editora Conrad). Colaborou nas revistas Nova, Veja SP, Grandes Guerras, Placar, Bizz, Casa Claudia e Quatro Rodas.","url":"https:\/\/www.suno.com.br\/noticias\/author\/marco-lopes\/"}]}},"default_loop_html":"<div class=\"cardsPage__listCard__boxs\"><div class=\"cardsPage__listCard__boxs__img\"><a href=\"https:\/\/www.suno.com.br\/noticias\/copom-selic-ritmo-cortes-proximos-passos\/\"><img class=\"mask\" src=\"https:\/\/www.suno.com.br\/noticias\/wp-content\/themes\/suno\/resources\/images\/spotlight\/spotlight1img\/bg-mask.png\" alt=\"Image Mask\"\/><img src=\"https:\/\/files.sunoresearch.com.br\/n\/uploads\/2021\/11\/banco_central_sede-400x200.jpg\" alt=\"Rachado, Copom desacelera corte da Selic. Quais os pr\u00f3ximos passos do BC?\"\/><\/a><span class=\"spotlightCategory\"><a href=\"https:\/\/www.suno.com.br\/noticias\/economia\/\">Economia<\/a><\/span><\/div><div class=\"cardsPage__listCard__boxs__content\"><a href=\"https:\/\/www.suno.com.br\/noticias\/copom-selic-ritmo-cortes-proximos-passos\/\"><h2 class=\"content__title\">Rachado, Copom desacelera corte da Selic. Quais os pr\u00f3ximos passos do BC?<\/h2><\/a><div class=\"newsContent__article__meta\"><div class=\"newsContent__article__meta__authorBox\"><a href=\"https:\/\/www.suno.com.br\/noticias\/author\/marco-lopes\/\" class=\"authorBox__avatar noMobi\"><img src=\"https:\/\/secure.gravatar.com\/avatar\/385167b012fbc1cde32c5446ee253313?s=96&#038;r=g\" alt=\"Marco Ant\u00f4nio Lopes\"><\/a><div class=\"authorBox__name\"><span>por\n\t\t\t<a href=\"https:\/\/www.suno.com.br\/noticias\/author\/marco-lopes\/\"><span itemprop=\"author\">Marco Ant\u00f4nio Lopes<\/span><\/a><\/span><time datetime=\"2024-05-08T20:42:16-03:00\" itemprop=\"datePublished\">08\/05\/2024 20:42<\/time><\/div><\/div><\/div><\/div><\/div>","single_layout":"posts","amp_enabled":true,"_links":{"self":[{"href":"https:\/\/www.suno.com.br\/noticias\/wp-json\/wp\/v2\/posts\/552203"}],"collection":[{"href":"https:\/\/www.suno.com.br\/noticias\/wp-json\/wp\/v2\/posts"}],"about":[{"href":"https:\/\/www.suno.com.br\/noticias\/wp-json\/wp\/v2\/types\/post"}],"author":[{"embeddable":true,"href":"https:\/\/www.suno.com.br\/noticias\/wp-json\/wp\/v2\/users\/98"}],"replies":[{"embeddable":true,"href":"https:\/\/www.suno.com.br\/noticias\/wp-json\/wp\/v2\/comments?post=552203"}],"version-history":[{"count":3,"href":"https:\/\/www.suno.com.br\/noticias\/wp-json\/wp\/v2\/posts\/552203\/revisions"}],"predecessor-version":[{"id":552375,"href":"https:\/\/www.suno.com.br\/noticias\/wp-json\/wp\/v2\/posts\/552203\/revisions\/552375"}],"wp:featuredmedia":[{"embeddable":true,"href":"https:\/\/www.suno.com.br\/noticias\/wp-json\/wp\/v2\/media\/200420"}],"wp:attachment":[{"href":"https:\/\/www.suno.com.br\/noticias\/wp-json\/wp\/v2\/media?parent=552203"}],"wp:term":[{"taxonomy":"category","embeddable":true,"href":"https:\/\/www.suno.com.br\/noticias\/wp-json\/wp\/v2\/categories?post=552203"},{"taxonomy":"post_tag","embeddable":true,"href":"https:\/\/www.suno.com.br\/noticias\/wp-json\/wp\/v2\/tags?post=552203"},{"taxonomy":"suno_strategy","embeddable":true,"href":"https:\/\/www.suno.com.br\/noticias\/wp-json\/wp\/v2\/suno_strategy?post=552203"}],"curies":[{"name":"wp","href":"https:\/\/api.w.org\/{rel}","templated":true}]}}