{"id":551687,"date":"2024-05-07T22:40:05","date_gmt":"2024-05-08T01:40:05","guid":{"rendered":"https:\/\/www.suno.com.br\/noticias\/?p=551687"},"modified":"2024-05-07T22:40:09","modified_gmt":"2024-05-08T01:40:09","slug":"prio-prio3-lucro-1t24-resultado-mm","status":"publish","type":"post","link":"https:\/\/www.suno.com.br\/noticias\/prio-prio3-lucro-1t24-resultado-mm\/","title":{"rendered":"Lucro da Prio (PRIO3) recua 2% no 1T24, para US$ 217,7 milh\u00f5es"},"content":{"rendered":"<p>A <a href=\"https:\/\/www.suno.com.br\/acoes\/prio3\/\"><strong>Prio<\/strong> (PRIO3) <\/a>informou que obteve um <a class=\"suno-keyword\" data-force=\"no\" data-priority=\"1\" href=\"https:\/\/www.suno.com.br\/artigos\/lucro-liquido\/\" target=\"_blank\" rel=\"noopener\">lucro l\u00edquido<\/a> de US$ 217,7 milh\u00f5es no primeiro trimestre deste ano (1T24), uma queda de 2% em compara\u00e7\u00e3o ao mesmo per\u00edodo do ano passado (1T23), conforme balan\u00e7o divulgado ao mercado nesta ter\u00e7a-feira (7).<\/p>\t<div class=\"wrapper-featured-image\">\n\t\t<figure class=\"spotlightImg\">\n\n\t\t\t<picture>\n\t\t\t\t<source media=\"(max-width: 768px)\" srcset=\"https:\/\/files.sunoresearch.com.br\/n\/uploads\/2021\/04\/fcfdce5e-oil-rig-3522594_1280-400x200.webp\">\n\t\t\t\t<img loading=\"lazy\" decoding=\"async\" class=\"newsContent__article__imgCapa lazyloadDisabled \" src=\"https:\/\/files.sunoresearch.com.br\/n\/uploads\/2021\/04\/fcfdce5e-oil-rig-3522594_1280-800x450.webp\" width=\"800\" height=\"450\" alt=\"Lucro da Prio (PRIO3) recua 2% no 1T24, para US$ 217,7 milh\u00f5es\" fetchpriority=high \/>\n\t\t\t<\/picture>\n\n\t\t\t<figcaption class=\"wp-caption-text wp-caption-text--show\">PRIO (PRIO3). Foto: Divulga\u00e7\u00e3o<\/figcaption>\n\t\t<\/figure>\n\t<\/div>\n\n\n\n\n\n\t<p>\n\t\t<a href=\"https:\/\/lp.suno.com.br\/planilha-da-vida-financeira\/\" target=\"_blank\" data-element=\"shortcode-suno-banner\" title=\"Banner SUNO, clique e saiba mais\">\n\t\t\t<picture>\n\t\t\t\t<source media=\"(max-width: 500px)\" srcset=\"https:\/\/files.sunoresearch.com.br\/n\/uploads\/2023\/04\/400x300-Planilha-vida-financeira-true.png\">\n\t\t\t\t<img class=\"newsContent__article__imgCapa newsContent__article__imgCapa--banner\"\n\t\t\t\t\tsrc=\"https:\/\/files.sunoresearch.com.br\/n\/uploads\/2023\/04\/1420x240-Planilha-vida-financeira-true.png\"\n\t\t\t\t\tdata-promo-id=\"106682\"\t\t\t\t\t\t\t\t\t\twidth='1420' height='240'\t\t\t\t\talt=\"https:\/\/files.sunoresearch.com.br\/n\/uploads\/2023\/04\/1420x240-Planilha-vida-financeira-true.png\"\n\t\t\t\t>\n\t\t\t<\/picture>\n\t\t<\/a>\n\t<\/p>\n\n\n\n\n\n<p>A empresa culpabiliza os percal\u00e7os operacionais no compressor de g\u00e1s em Frade e um problema no gerador em Albacora Leste como os respons\u00e1veis pela retra\u00e7\u00e3o do <strong>lucro da Prio<\/strong>. &#8220;Isso impactou temporariamente a produ\u00e7\u00e3o, resultando em uma produ\u00e7\u00e3o m\u00e9dia de 88,3 mil barris por dia no trimestre. No entanto, ambas as quest\u00f5es foram resolvidas e a produ\u00e7\u00e3o estabilizada&#8221;, diz a Prio.<\/p>\n\n\n\n<p>A <strong>receita total da Prio<\/strong> alcan\u00e7ou US$ 639,4 milh\u00f5es no trimestre, representando um aumento de 13% em rela\u00e7\u00e3o ao mesmo intervalo de 2023.<\/p>\n\n\n\n<p>J\u00e1 o<strong> <\/strong>Ebitda da<strong> Prio no 1T24<\/strong> (lucro antes de juros, impostos, <a class=\"suno-keyword\" data-force=\"no\" data-priority=\"1\" href=\"https:\/\/www.suno.com.br\/artigos\/depreciacao-amortizacao\/\" target=\"_blank\" rel=\"noopener\">deprecia\u00e7\u00e3o e amortiza\u00e7\u00e3o<\/a>) atingiu US$ 477,8 milh\u00f5es no primeiro trimestre, registrando um crescimento de 32% em rela\u00e7\u00e3o ao ano anterior.<\/p>\n\n\n\n<p>A <a class=\"suno-keyword\" data-force=\"no\" data-priority=\"1\" href=\"https:\/\/www.suno.com.br\/artigos\/margem-ebitda\/\" target=\"_blank\" rel=\"noopener\">margem Ebitda<\/a> aumentou 10 pontos percentuais no <strong>resultado do 1T24 da Prio<\/strong> em compara\u00e7\u00e3o ao ano anterior, alcan\u00e7ando 79%. Enquanto isso, o <a class=\"suno-keyword\" data-force=\"no\" data-priority=\"1\" href=\"https:\/\/www.suno.com.br\/artigos\/ebitda-ajustado\/\" target=\"_blank\" rel=\"noopener\">Ebitda ajustado<\/a>, que exclui os efeitos n\u00e3o recorrentes, apresentou um aumento de 23% no primeiro trimestre deste ano em compara\u00e7\u00e3o com o mesmo per\u00edodo do ano anterior, totalizando US$ 477,6 milh\u00f5es.<\/p>\n\n\n\n<p>Quando calculada, a margem Ebtida ajustada atingiu 79% no per\u00edodo, refletindo um aumento de 5 pontos percentuais na mesma base de compara\u00e7\u00e3o. O custo de extra\u00e7\u00e3o, tamb\u00e9m conhecido como lifting cost, apresentou uma queda de cerca de 21% em compara\u00e7\u00e3o com o 1T23, conforme a petrol\u00edfera.<\/p>\n\n\n\n<p>Ao final do trimestre deste ano, a <strong><a class=\"suno-keyword\" data-force=\"no\" data-priority=\"1\" href=\"https:\/\/www.suno.com.br\/artigos\/divida-liquida\/\" target=\"_blank\" rel=\"noopener\">d\u00edvida l\u00edquida<\/a> da<\/strong> <strong>Prio<\/strong> era de US$ 975 milh\u00f5es, diminuindo aproximadamente US$ 70 milh\u00f5es em compara\u00e7\u00e3o com o primeiro trimestre de 2023. A alavancagem, medida pela d\u00edvida l\u00edquida por Ebitda ajustado, encerrou o per\u00edodo em 0,6 vez, 0,1 p.p. menor que no trimestre imediatamente anterior, quando ficou em 0,7x.<\/p>\n\n\n\n<h2 class=\"wp-block-heading\">Produ\u00e7\u00e3o em Albacora Leste tem queda de 8%; empresa vende 7,6 milh\u00f5es de barris <\/h2>\n\n\n\n<p>No primeiro trimestre de 2024, a <strong>produ\u00e7\u00e3o total da Prio <\/strong>apresentou um aumento de 45% em compara\u00e7\u00e3o com o mesmo per\u00edodo de 2023. Esse crescimento, diz a empresa, foi impulsionado pela entrada em opera\u00e7\u00e3o dos novos po\u00e7os da segunda fase da campanha de revitaliza\u00e7\u00e3o de Frade, al\u00e9m da aquisi\u00e7\u00e3o do campo de Albacora Leste, conclu\u00edda em 26 de janeiro do ano passado.<\/p>\n\n\n\n<p>Segundo a Prio, o volume produzido em Frade aumentou 37% em rela\u00e7\u00e3o ao primeiro trimestre de 2023, mas registrou uma redu\u00e7\u00e3o de 16% em compara\u00e7\u00e3o com o \u00faltimo trimestre de 2023. <\/p>\n\n\n\n<p>No cluster Polvo e TBMT, o volume produzido no trimestre foi 27% maior do que no 1T23. Em contrapartida, o volume produzido no campo de Albacora Leste no primeiro trimestre de 2024 foi 8% inferior ao trimestre anterior.<\/p>\n\n\n\n<p>Durante o per\u00edodo, a Prio diz que realizou a venda de 7,6 milh\u00f5es de barris, distribu\u00eddos entre 4,2 milh\u00f5es provenientes de Frade &#8211; com 46.450 mil boed, eleva\u00e7\u00e3o de 37,3% na mesma base de compara\u00e7\u00e3o -, 2,4 milh\u00f5es de Albacora Leste e 1,0 milh\u00e3o do cluster Polvo e TBMT. O <a class=\"suno-keyword\" data-force=\"no\" data-priority=\"1\" href=\"https:\/\/www.suno.com.br\/artigos\/preco-medio\/\" target=\"_blank\" rel=\"noopener\">pre\u00e7o m\u00e9dio<\/a> do Brent de refer\u00eancia no trimestre foi de US$ 85,06, 3% superior ao valor registrado no primeiro trimestre de 2023. Das vendas realizadas, 8% foram precificadas em fevereiro, 81% em mar\u00e7o e 11% em abril, o que teve um impacto positivo na receita trimestral, segundo dados do balan\u00e7o.<\/p>\n\n\n\n<p>O <a class=\"suno-keyword\" target=\"_blank\" data-force=\"no\" data-priority=\"1\" href=\"https:\/\/www.suno.com.br\/artigos\/custo-producao\/\" rel=\"noopener\">custo de produ\u00e7\u00e3o<\/a>, conhecido como lifting cost, encerrou mar\u00e7o em US$ 7,5 por barril, uma queda de 21,5% quando comparado ao mesmo intervalo do ano anterior.<\/p>\n\n\n\n<p>No primeiro trimestre, a Prio vendeu 7,6 milh\u00f5es de barris, sendo 4,2 milh\u00f5es de Frade, 2,4 milh\u00f5es de Albacora Leste, al\u00e9m de 1 milh\u00e3o do cluster Polvo e Tubar\u00e3o Martelo. O pre\u00e7o m\u00e9dio do Brent de refer\u00eancia no per\u00edodo foi de US$ 85,06, 3% acima do registrado um ano antes.<\/p>\n\n\n\t<p>\n\t\t<a href=\"https:\/\/lp.suno.com.br\/ebook-como-analisar-uma-acao\/\" target=\"_blank\" data-element=\"shortcode-suno-banner\" title=\"Banner SUNO, clique e saiba mais\">\n\t\t\t<picture>\n\t\t\t\t<source media=\"(max-width: 500px)\" srcset=\"https:\/\/files.sunoresearch.com.br\/n\/uploads\/2023\/03\/Ebook-Acoes-Mobile.jpg\">\n\t\t\t\t<img class=\"newsContent__article__imgCapa newsContent__article__imgCapa--banner\"\n\t\t\t\t\tsrc=\"https:\/\/files.sunoresearch.com.br\/n\/uploads\/2023\/03\/Ebook-Acoes-Desktop.jpg\"\n\t\t\t\t\tdata-promo-id=\"378302\"\t\t\t\t\t\t\t\t\t\twidth='1420' height='286'\t\t\t\t\talt=\"https:\/\/files.sunoresearch.com.br\/n\/uploads\/2023\/03\/Ebook-Acoes-Desktop.jpg\"\n\t\t\t\t>\n\t\t\t<\/picture>\n\t\t<\/a>\n\t<\/p>\n\n\n\n\n\n<h2 class=\"wp-block-heading\">Prio vence processo arbitral<\/h2>\n\n\n\n<p>A<strong> <\/strong>Prio teve uma decis\u00e3o favor\u00e1vel da C\u00e2mara de&nbsp;<a href=\"https:\/\/www.suno.com.br\/artigos\/comercio-internacional\/\" target=\"_blank\" rel=\"noreferrer noopener\">Com\u00e9rcio Internacional<\/a>&nbsp;(ICC), em 11 de abril deste ano, no processo arbitral da concess\u00e3o do Campo de Wahoo.<\/p>\n\n\n\n<p>A ICC encerrou o processo afirmando n\u00e3o reconhecer as viola\u00e7\u00f5es contratuais da companhia ou de suas subsidi\u00e1rias, em decorr\u00eancia da declara\u00e7\u00e3o de opera\u00e7\u00e3o exclusiva do campo. Por causa dessa afirma\u00e7\u00e3o, a Prio vai continuar a executar o<strong>&nbsp;projeto de Wahoo&nbsp;<\/strong>individualmente e ter\u00e1 direito a 100% do \u00f3leo produzido. Al\u00e9m disso, a s\u00f3cia indiana IBV deve reembolsar todos os custos legais e de arbitragem da empresa, segundo determina\u00e7\u00e3o da&nbsp;ICC<strong>.<\/strong><\/p>\n\n\n\n<p>\u00c0 \u00e9poca em que a not\u00edcia foi veiculada, os analistas do Citi disseram que essa decis\u00e3o tem o potencial de impulsionar<strong>&nbsp;<\/strong>a<strong>&nbsp;produ\u00e7\u00e3o de petr\u00f3leo da Prio<\/strong>&nbsp;e resultar em menor custo operacional, uma vez que marca o fim da taxa de movimenta\u00e7\u00e3o da Wahoo com o FPSO Frade.<\/p>\n\n\n\n<p>O banco diz que o resultado da arbitragem representa um risco positivo para a tese de investimento na Prio. Entretanto, os analistas alertam para o risco representado pela greve no Instituto Brasileiro do Meio Ambiente e dos Recursos Naturais Renov\u00e1veis (Ibama), que pode impactar o projeto, dependente da aprova\u00e7\u00e3o de duas licen\u00e7as ambientais.<\/p>\n\n\n\n<p>A XP Investimentos, por sua vez, disse que essa decis\u00e3o da arbitragem \u00e9 vista como uma importante valida\u00e7\u00e3o para a <strong>Prio<\/strong>, consolidando sua posi\u00e7\u00e3o no&nbsp;setor de petr\u00f3leo&nbsp;e g\u00e1s. Embora uma decis\u00e3o favor\u00e1vel fosse amplamente esperada pelo mercado, a maioria dos analistas, incluindo a XP, n\u00e3o a considerou como um cen\u00e1rio base nos modelos, sendo uma op\u00e7\u00e3o adicional para a tese de investimento na empresa.<\/p>\n\n\n\t<p>\n\t\t<a href=\"https:\/\/lp.suno.com.br\/planilha-da-vida-financeira\/\" target=\"_blank\" data-element=\"shortcode-suno-banner\" title=\"Banner SUNO, clique e saiba mais\">\n\t\t\t<picture>\n\t\t\t\t<source media=\"(max-width: 500px)\" srcset=\"https:\/\/files.sunoresearch.com.br\/n\/uploads\/2023\/04\/400x300-Planilha-vida-financeira-true.png\">\n\t\t\t\t<img class=\"newsContent__article__imgCapa newsContent__article__imgCapa--banner\"\n\t\t\t\t\tsrc=\"https:\/\/files.sunoresearch.com.br\/n\/uploads\/2023\/04\/1420x240-Planilha-vida-financeira-true.png\"\n\t\t\t\t\tdata-promo-id=\"383123\"\t\t\t\t\t\t\t\t\t\twidth='1420' height='240'\t\t\t\t\talt=\"https:\/\/files.sunoresearch.com.br\/n\/uploads\/2023\/04\/1420x240-Planilha-vida-financeira-true.png\"\n\t\t\t\t>\n\t\t\t<\/picture>\n\t\t<\/a>\n\t<\/p>\n\n\n","protected":false},"excerpt":{"rendered":"<p>A Prio (PRIO3) informou que obteve um lucro l\u00edquido de US$ 217,7 milh\u00f5es no primeiro trimestre deste ano (1T24), uma queda de 2% em compara\u00e7\u00e3o ao mesmo per\u00edodo do ano passado (1T23), conforme balan\u00e7o divulgado ao mercado nesta ter\u00e7a-feira (7). PRIO (PRIO3). Foto: Divulga\u00e7\u00e3o A empresa culpabiliza os percal\u00e7os operacionais no compressor de g\u00e1s em [&hellip;]<\/p>\n","protected":false},"author":345,"featured_media":143671,"comment_status":"closed","ping_status":"closed","sticky":false,"template":"","format":"standard","meta":[],"categories":[64],"tags":[286,1029,107114],"suno_strategy":[],"class_list":["post-551687","post","type-post","status-publish","format-standard","has-post-thumbnail","hentry","category-negocios","tag-acoes","tag-balancos-trimestrais","tag-prio-prio3"],"yoast_head":"<!-- This site is optimized with the Yoast SEO plugin v24.4 - https:\/\/yoast.com\/wordpress\/plugins\/seo\/ -->\n<title>Lucro da Prio (PRIO3) recua 2% no 1T24, para US$ 217,7 milh\u00f5es<\/title>\n<meta name=\"description\" content=\"A Prio informou que obteve um lucro l\u00edquido de US$ 217,7 milh\u00f5es no primeiro trimestre deste ano (1T24), uma queda de 2%\" \/>\n<meta name=\"robots\" content=\"index, follow, max-snippet:-1, max-image-preview:large, max-video-preview:-1\" \/>\n<link rel=\"canonical\" href=\"https:\/\/www.suno.com.br\/noticias\/prio-prio3-lucro-1t24-resultado-mm\/\" \/>\n<meta property=\"og:locale\" content=\"pt_BR\" \/>\n<meta property=\"og:type\" content=\"article\" \/>\n<meta property=\"og:title\" content=\"Lucro da Prio (PRIO3) recua 2% no 1T24, para US$ 217,7 milh\u00f5es\" \/>\n<meta property=\"og:description\" content=\"A Prio informou que obteve um lucro l\u00edquido de US$ 217,7 milh\u00f5es no primeiro trimestre deste ano (1T24), uma queda de 2%\" \/>\n<meta property=\"og:url\" content=\"https:\/\/www.suno.com.br\/noticias\/prio-prio3-lucro-1t24-resultado-mm\/\" \/>\n<meta property=\"og:site_name\" content=\"Suno Not\u00edcias\" \/>\n<meta property=\"article:publisher\" content=\"https:\/\/facebook.com\/sunoresearch\" \/>\n<meta property=\"og:image\" content=\"https:\/\/files.sunoresearch.com.br\/n\/uploads\/2021\/04\/fcfdce5e-oil-rig-3522594_1280.jpg\" \/>\n\t<meta property=\"og:image:width\" content=\"1280\" \/>\n\t<meta property=\"og:image:height\" content=\"854\" \/>\n\t<meta property=\"og:image:type\" content=\"image\/jpeg\" \/>\n<meta name=\"author\" content=\"Murilo Melo\" \/>\n<meta name=\"twitter:card\" content=\"summary_large_image\" \/>\n<meta name=\"twitter:creator\" content=\"@sunoresearch\" \/>\n<meta name=\"twitter:site\" content=\"@sunoresearch\" \/>\n<meta name=\"twitter:label1\" content=\"Escrito por\" \/>\n\t<meta name=\"twitter:data1\" content=\"Murilo Melo\" \/>\n\t<meta name=\"twitter:label2\" content=\"Est. tempo de leitura\" \/>\n\t<meta name=\"twitter:data2\" content=\"6 minutos\" \/>\n<script type=\"application\/ld+json\" class=\"yoast-schema-graph\">{\"@context\":\"https:\/\/schema.org\",\"@graph\":[{\"@type\":\"NewsArticle\",\"@id\":\"https:\/\/www.suno.com.br\/noticias\/prio-prio3-lucro-1t24-resultado-mm\/#article\",\"isPartOf\":{\"@id\":\"https:\/\/www.suno.com.br\/noticias\/prio-prio3-lucro-1t24-resultado-mm\/\"},\"author\":{\"name\":\"Murilo Melo\",\"@id\":\"https:\/\/www.suno.com.br\/noticias\/#\/schema\/person\/32d4feb215afe4b317d446bb442400dd\"},\"headline\":\"Lucro da Prio (PRIO3) recua 2% no 1T24, para US$ 217,7 milh\u00f5es\",\"datePublished\":\"2024-05-08T01:40:05+00:00\",\"dateModified\":\"2024-05-08T01:40:09+00:00\",\"mainEntityOfPage\":{\"@id\":\"https:\/\/www.suno.com.br\/noticias\/prio-prio3-lucro-1t24-resultado-mm\/\"},\"wordCount\":990,\"publisher\":{\"@id\":\"https:\/\/www.suno.com.br\/noticias\/#organization\"},\"image\":{\"@id\":\"https:\/\/www.suno.com.br\/noticias\/prio-prio3-lucro-1t24-resultado-mm\/#primaryimage\"},\"thumbnailUrl\":\"https:\/\/files.sunoresearch.com.br\/n\/uploads\/2021\/04\/fcfdce5e-oil-rig-3522594_1280-jpg.webp\",\"keywords\":[\"A\u00e7\u00f5es\",\"balan\u00e7os trimestrais\",\"Prio (PRIO3)\"],\"articleSection\":[\"Neg\u00f3cios\"],\"inLanguage\":\"pt-BR\"},{\"@type\":\"WebPage\",\"@id\":\"https:\/\/www.suno.com.br\/noticias\/prio-prio3-lucro-1t24-resultado-mm\/\",\"url\":\"https:\/\/www.suno.com.br\/noticias\/prio-prio3-lucro-1t24-resultado-mm\/\",\"name\":\"Lucro da Prio (PRIO3) recua 2% no 1T24, para US$ 217,7 milh\u00f5es\",\"isPartOf\":{\"@id\":\"https:\/\/www.suno.com.br\/noticias\/#website\"},\"primaryImageOfPage\":{\"@id\":\"https:\/\/www.suno.com.br\/noticias\/prio-prio3-lucro-1t24-resultado-mm\/#primaryimage\"},\"image\":{\"@id\":\"https:\/\/www.suno.com.br\/noticias\/prio-prio3-lucro-1t24-resultado-mm\/#primaryimage\"},\"thumbnailUrl\":\"https:\/\/files.sunoresearch.com.br\/n\/uploads\/2021\/04\/fcfdce5e-oil-rig-3522594_1280-jpg.webp\",\"datePublished\":\"2024-05-08T01:40:05+00:00\",\"dateModified\":\"2024-05-08T01:40:09+00:00\",\"description\":\"A Prio informou que obteve um lucro l\u00edquido de US$ 217,7 milh\u00f5es no primeiro trimestre deste ano (1T24), uma queda de 2%\",\"breadcrumb\":{\"@id\":\"https:\/\/www.suno.com.br\/noticias\/prio-prio3-lucro-1t24-resultado-mm\/#breadcrumb\"},\"inLanguage\":\"pt-BR\",\"potentialAction\":[{\"@type\":\"ReadAction\",\"target\":[\"https:\/\/www.suno.com.br\/noticias\/prio-prio3-lucro-1t24-resultado-mm\/\"]}]},{\"@type\":\"ImageObject\",\"inLanguage\":\"pt-BR\",\"@id\":\"https:\/\/www.suno.com.br\/noticias\/prio-prio3-lucro-1t24-resultado-mm\/#primaryimage\",\"url\":\"https:\/\/files.sunoresearch.com.br\/n\/uploads\/2021\/04\/fcfdce5e-oil-rig-3522594_1280-jpg.webp\",\"contentUrl\":\"https:\/\/files.sunoresearch.com.br\/n\/uploads\/2021\/04\/fcfdce5e-oil-rig-3522594_1280-jpg.webp\",\"width\":1280,\"height\":854,\"caption\":\"PRIO (PRIO3). Foto: Divulga\u00e7\u00e3o\"},{\"@type\":\"BreadcrumbList\",\"@id\":\"https:\/\/www.suno.com.br\/noticias\/prio-prio3-lucro-1t24-resultado-mm\/#breadcrumb\",\"itemListElement\":[{\"@type\":\"ListItem\",\"position\":1,\"name\":\"Not\u00edcias\",\"item\":\"https:\/\/www.suno.com.br\/noticias\/\"},{\"@type\":\"ListItem\",\"position\":2,\"name\":\"Neg\u00f3cios\",\"item\":\"https:\/\/www.suno.com.br\/noticias\/negocios\/\"},{\"@type\":\"ListItem\",\"position\":3,\"name\":\"Lucro da Prio (PRIO3) recua 2% no 1T24, para US$ 217,7 milh\u00f5es\"}]},{\"@type\":\"WebSite\",\"@id\":\"https:\/\/www.suno.com.br\/noticias\/#website\",\"url\":\"https:\/\/www.suno.com.br\/noticias\/\",\"name\":\"Suno Not\u00edcias\",\"description\":\"Seu portal de informa\u00e7\u00e3o sobre o mundo dos investimentos\",\"publisher\":{\"@id\":\"https:\/\/www.suno.com.br\/noticias\/#organization\"},\"potentialAction\":[{\"@type\":\"SearchAction\",\"target\":{\"@type\":\"EntryPoint\",\"urlTemplate\":\"https:\/\/www.suno.com.br\/noticias\/?s={search_term_string}\"},\"query-input\":{\"@type\":\"PropertyValueSpecification\",\"valueRequired\":true,\"valueName\":\"search_term_string\"}}],\"inLanguage\":\"pt-BR\"},{\"@type\":\"Organization\",\"@id\":\"https:\/\/www.suno.com.br\/noticias\/#organization\",\"name\":\"Suno Not\u00edcias\",\"url\":\"https:\/\/www.suno.com.br\/noticias\/\",\"logo\":{\"@type\":\"ImageObject\",\"inLanguage\":\"pt-BR\",\"@id\":\"https:\/\/www.suno.com.br\/noticias\/#\/schema\/logo\/image\/\",\"url\":\"https:\/\/files.sunoresearch.com.br\/n\/uploads\/2021\/09\/suno-logo.png\",\"contentUrl\":\"https:\/\/files.sunoresearch.com.br\/n\/uploads\/2021\/09\/suno-logo.png\",\"width\":180,\"height\":180,\"caption\":\"Suno Not\u00edcias\"},\"image\":{\"@id\":\"https:\/\/www.suno.com.br\/noticias\/#\/schema\/logo\/image\/\"},\"sameAs\":[\"https:\/\/facebook.com\/sunoresearch\",\"https:\/\/x.com\/sunoresearch\",\"https:\/\/www.instagram.com\/suno\",\"https:\/\/www.linkedin.com\/company\/suno-research\/\",\"https:\/\/www.youtube.com\/c\/sunoresearch\"]},{\"@type\":\"Person\",\"@id\":\"https:\/\/www.suno.com.br\/noticias\/#\/schema\/person\/32d4feb215afe4b317d446bb442400dd\",\"name\":\"Murilo Melo\",\"image\":{\"@type\":\"ImageObject\",\"inLanguage\":\"pt-BR\",\"@id\":\"https:\/\/www.suno.com.br\/noticias\/#\/schema\/person\/image\/\",\"url\":\"https:\/\/secure.gravatar.com\/avatar\/af7a693198b592028493c0e8b0583d4f?s=96&r=g\",\"contentUrl\":\"https:\/\/secure.gravatar.com\/avatar\/af7a693198b592028493c0e8b0583d4f?s=96&r=g\",\"caption\":\"Murilo Melo\"},\"description\":\"\u00c9 um jornalista e letr\u00f3logo com vasta experi\u00eancia em economia, finan\u00e7as e mercado. J\u00e1 foi rep\u00f3rter de jornais, revistas e sites noticiosos como A Tarde, Correio e Folha de S.Paulo. No Suno Not\u00edcias, escreve sobre neg\u00f3cios\",\"url\":\"https:\/\/www.suno.com.br\/noticias\/author\/murilomelo-jornalismogmail-com\/\"}]}<\/script>\n<!-- \/ Yoast SEO plugin. -->","yoast_head_json":{"title":"Lucro da Prio (PRIO3) recua 2% no 1T24, para US$ 217,7 milh\u00f5es","description":"A Prio informou que obteve um lucro l\u00edquido de US$ 217,7 milh\u00f5es no primeiro trimestre deste ano (1T24), uma queda de 2%","robots":{"index":"index","follow":"follow","max-snippet":"max-snippet:-1","max-image-preview":"max-image-preview:large","max-video-preview":"max-video-preview:-1"},"canonical":"https:\/\/www.suno.com.br\/noticias\/prio-prio3-lucro-1t24-resultado-mm\/","og_locale":"pt_BR","og_type":"article","og_title":"Lucro da Prio (PRIO3) recua 2% no 1T24, para US$ 217,7 milh\u00f5es","og_description":"A Prio informou que obteve um lucro l\u00edquido de US$ 217,7 milh\u00f5es no primeiro trimestre deste ano (1T24), uma queda de 2%","og_url":"https:\/\/www.suno.com.br\/noticias\/prio-prio3-lucro-1t24-resultado-mm\/","og_site_name":"Suno Not\u00edcias","article_publisher":"https:\/\/facebook.com\/sunoresearch","og_image":[{"width":1280,"height":854,"url":"https:\/\/files.sunoresearch.com.br\/n\/uploads\/2021\/04\/fcfdce5e-oil-rig-3522594_1280.jpg","type":"image\/jpeg"}],"author":"Murilo Melo","twitter_card":"summary_large_image","twitter_creator":"@sunoresearch","twitter_site":"@sunoresearch","twitter_misc":{"Escrito por":"Murilo Melo","Est. tempo de leitura":"6 minutos"},"schema":{"@context":"https:\/\/schema.org","@graph":[{"@type":"NewsArticle","@id":"https:\/\/www.suno.com.br\/noticias\/prio-prio3-lucro-1t24-resultado-mm\/#article","isPartOf":{"@id":"https:\/\/www.suno.com.br\/noticias\/prio-prio3-lucro-1t24-resultado-mm\/"},"author":{"name":"Murilo Melo","@id":"https:\/\/www.suno.com.br\/noticias\/#\/schema\/person\/32d4feb215afe4b317d446bb442400dd"},"headline":"Lucro da Prio (PRIO3) recua 2% no 1T24, para US$ 217,7 milh\u00f5es","datePublished":"2024-05-08T01:40:05+00:00","dateModified":"2024-05-08T01:40:09+00:00","mainEntityOfPage":{"@id":"https:\/\/www.suno.com.br\/noticias\/prio-prio3-lucro-1t24-resultado-mm\/"},"wordCount":990,"publisher":{"@id":"https:\/\/www.suno.com.br\/noticias\/#organization"},"image":{"@id":"https:\/\/www.suno.com.br\/noticias\/prio-prio3-lucro-1t24-resultado-mm\/#primaryimage"},"thumbnailUrl":"https:\/\/files.sunoresearch.com.br\/n\/uploads\/2021\/04\/fcfdce5e-oil-rig-3522594_1280-jpg.webp","keywords":["A\u00e7\u00f5es","balan\u00e7os trimestrais","Prio (PRIO3)"],"articleSection":["Neg\u00f3cios"],"inLanguage":"pt-BR"},{"@type":"WebPage","@id":"https:\/\/www.suno.com.br\/noticias\/prio-prio3-lucro-1t24-resultado-mm\/","url":"https:\/\/www.suno.com.br\/noticias\/prio-prio3-lucro-1t24-resultado-mm\/","name":"Lucro da Prio (PRIO3) recua 2% no 1T24, para US$ 217,7 milh\u00f5es","isPartOf":{"@id":"https:\/\/www.suno.com.br\/noticias\/#website"},"primaryImageOfPage":{"@id":"https:\/\/www.suno.com.br\/noticias\/prio-prio3-lucro-1t24-resultado-mm\/#primaryimage"},"image":{"@id":"https:\/\/www.suno.com.br\/noticias\/prio-prio3-lucro-1t24-resultado-mm\/#primaryimage"},"thumbnailUrl":"https:\/\/files.sunoresearch.com.br\/n\/uploads\/2021\/04\/fcfdce5e-oil-rig-3522594_1280-jpg.webp","datePublished":"2024-05-08T01:40:05+00:00","dateModified":"2024-05-08T01:40:09+00:00","description":"A Prio informou que obteve um lucro l\u00edquido de US$ 217,7 milh\u00f5es no primeiro trimestre deste ano (1T24), uma queda de 2%","breadcrumb":{"@id":"https:\/\/www.suno.com.br\/noticias\/prio-prio3-lucro-1t24-resultado-mm\/#breadcrumb"},"inLanguage":"pt-BR","potentialAction":[{"@type":"ReadAction","target":["https:\/\/www.suno.com.br\/noticias\/prio-prio3-lucro-1t24-resultado-mm\/"]}]},{"@type":"ImageObject","inLanguage":"pt-BR","@id":"https:\/\/www.suno.com.br\/noticias\/prio-prio3-lucro-1t24-resultado-mm\/#primaryimage","url":"https:\/\/files.sunoresearch.com.br\/n\/uploads\/2021\/04\/fcfdce5e-oil-rig-3522594_1280-jpg.webp","contentUrl":"https:\/\/files.sunoresearch.com.br\/n\/uploads\/2021\/04\/fcfdce5e-oil-rig-3522594_1280-jpg.webp","width":1280,"height":854,"caption":"PRIO (PRIO3). Foto: Divulga\u00e7\u00e3o"},{"@type":"BreadcrumbList","@id":"https:\/\/www.suno.com.br\/noticias\/prio-prio3-lucro-1t24-resultado-mm\/#breadcrumb","itemListElement":[{"@type":"ListItem","position":1,"name":"Not\u00edcias","item":"https:\/\/www.suno.com.br\/noticias\/"},{"@type":"ListItem","position":2,"name":"Neg\u00f3cios","item":"https:\/\/www.suno.com.br\/noticias\/negocios\/"},{"@type":"ListItem","position":3,"name":"Lucro da Prio (PRIO3) recua 2% no 1T24, para US$ 217,7 milh\u00f5es"}]},{"@type":"WebSite","@id":"https:\/\/www.suno.com.br\/noticias\/#website","url":"https:\/\/www.suno.com.br\/noticias\/","name":"Suno Not\u00edcias","description":"Seu portal de informa\u00e7\u00e3o sobre o mundo dos investimentos","publisher":{"@id":"https:\/\/www.suno.com.br\/noticias\/#organization"},"potentialAction":[{"@type":"SearchAction","target":{"@type":"EntryPoint","urlTemplate":"https:\/\/www.suno.com.br\/noticias\/?s={search_term_string}"},"query-input":{"@type":"PropertyValueSpecification","valueRequired":true,"valueName":"search_term_string"}}],"inLanguage":"pt-BR"},{"@type":"Organization","@id":"https:\/\/www.suno.com.br\/noticias\/#organization","name":"Suno Not\u00edcias","url":"https:\/\/www.suno.com.br\/noticias\/","logo":{"@type":"ImageObject","inLanguage":"pt-BR","@id":"https:\/\/www.suno.com.br\/noticias\/#\/schema\/logo\/image\/","url":"https:\/\/files.sunoresearch.com.br\/n\/uploads\/2021\/09\/suno-logo.png","contentUrl":"https:\/\/files.sunoresearch.com.br\/n\/uploads\/2021\/09\/suno-logo.png","width":180,"height":180,"caption":"Suno Not\u00edcias"},"image":{"@id":"https:\/\/www.suno.com.br\/noticias\/#\/schema\/logo\/image\/"},"sameAs":["https:\/\/facebook.com\/sunoresearch","https:\/\/x.com\/sunoresearch","https:\/\/www.instagram.com\/suno","https:\/\/www.linkedin.com\/company\/suno-research\/","https:\/\/www.youtube.com\/c\/sunoresearch"]},{"@type":"Person","@id":"https:\/\/www.suno.com.br\/noticias\/#\/schema\/person\/32d4feb215afe4b317d446bb442400dd","name":"Murilo Melo","image":{"@type":"ImageObject","inLanguage":"pt-BR","@id":"https:\/\/www.suno.com.br\/noticias\/#\/schema\/person\/image\/","url":"https:\/\/secure.gravatar.com\/avatar\/af7a693198b592028493c0e8b0583d4f?s=96&r=g","contentUrl":"https:\/\/secure.gravatar.com\/avatar\/af7a693198b592028493c0e8b0583d4f?s=96&r=g","caption":"Murilo Melo"},"description":"\u00c9 um jornalista e letr\u00f3logo com vasta experi\u00eancia em economia, finan\u00e7as e mercado. J\u00e1 foi rep\u00f3rter de jornais, revistas e sites noticiosos como A Tarde, Correio e Folha de S.Paulo. No Suno Not\u00edcias, escreve sobre neg\u00f3cios","url":"https:\/\/www.suno.com.br\/noticias\/author\/murilomelo-jornalismogmail-com\/"}]}},"default_loop_html":"<div class=\"cardsPage__listCard__boxs\"><div class=\"cardsPage__listCard__boxs__img\"><a href=\"https:\/\/www.suno.com.br\/noticias\/prio-prio3-lucro-1t24-resultado-mm\/\"><img class=\"mask\" src=\"https:\/\/www.suno.com.br\/noticias\/wp-content\/themes\/suno\/resources\/images\/spotlight\/spotlight1img\/bg-mask.png\" alt=\"Image Mask\"\/><img src=\"https:\/\/files.sunoresearch.com.br\/n\/uploads\/2021\/04\/fcfdce5e-oil-rig-3522594_1280-400x200.webp\" alt=\"Lucro da Prio (PRIO3) recua 2% no 1T24, para US$ 217,7 milh\u00f5es\"\/><\/a><span class=\"spotlightCategory\"><a href=\"https:\/\/www.suno.com.br\/noticias\/negocios\/\">Neg\u00f3cios<\/a><\/span><\/div><div class=\"cardsPage__listCard__boxs__content\"><a href=\"https:\/\/www.suno.com.br\/noticias\/prio-prio3-lucro-1t24-resultado-mm\/\"><h2 class=\"content__title\">Lucro da Prio (PRIO3) recua 2% no 1T24, para US$ 217,7 milh\u00f5es<\/h2><\/a><div class=\"newsContent__article__meta\"><div class=\"newsContent__article__meta__authorBox\"><a href=\"https:\/\/www.suno.com.br\/noticias\/author\/murilomelo-jornalismogmail-com\/\" class=\"authorBox__avatar noMobi\"><img src=\"https:\/\/files.sunoresearch.com.br\/n\/uploads\/2024\/02\/Murilo_Melo_Jornalista-e1708476456132-150x150.jpeg\" alt=\"Murilo Melo\"><\/a><div class=\"authorBox__name\"><span>por\n\t\t\t<a href=\"https:\/\/www.suno.com.br\/noticias\/author\/murilomelo-jornalismogmail-com\/\"><span itemprop=\"author\">Murilo Melo<\/span><\/a><\/span><time datetime=\"2024-05-07T22:40:05-03:00\" itemprop=\"datePublished\">07\/05\/2024 22:40<\/time><\/div><\/div><\/div><\/div><\/div>","single_layout":"posts","amp_enabled":true,"_links":{"self":[{"href":"https:\/\/www.suno.com.br\/noticias\/wp-json\/wp\/v2\/posts\/551687"}],"collection":[{"href":"https:\/\/www.suno.com.br\/noticias\/wp-json\/wp\/v2\/posts"}],"about":[{"href":"https:\/\/www.suno.com.br\/noticias\/wp-json\/wp\/v2\/types\/post"}],"author":[{"embeddable":true,"href":"https:\/\/www.suno.com.br\/noticias\/wp-json\/wp\/v2\/users\/345"}],"replies":[{"embeddable":true,"href":"https:\/\/www.suno.com.br\/noticias\/wp-json\/wp\/v2\/comments?post=551687"}],"version-history":[{"count":2,"href":"https:\/\/www.suno.com.br\/noticias\/wp-json\/wp\/v2\/posts\/551687\/revisions"}],"predecessor-version":[{"id":551752,"href":"https:\/\/www.suno.com.br\/noticias\/wp-json\/wp\/v2\/posts\/551687\/revisions\/551752"}],"wp:featuredmedia":[{"embeddable":true,"href":"https:\/\/www.suno.com.br\/noticias\/wp-json\/wp\/v2\/media\/143671"}],"wp:attachment":[{"href":"https:\/\/www.suno.com.br\/noticias\/wp-json\/wp\/v2\/media?parent=551687"}],"wp:term":[{"taxonomy":"category","embeddable":true,"href":"https:\/\/www.suno.com.br\/noticias\/wp-json\/wp\/v2\/categories?post=551687"},{"taxonomy":"post_tag","embeddable":true,"href":"https:\/\/www.suno.com.br\/noticias\/wp-json\/wp\/v2\/tags?post=551687"},{"taxonomy":"suno_strategy","embeddable":true,"href":"https:\/\/www.suno.com.br\/noticias\/wp-json\/wp\/v2\/suno_strategy?post=551687"}],"curies":[{"name":"wp","href":"https:\/\/api.w.org\/{rel}","templated":true}]}}