{"id":551614,"date":"2024-05-07T19:24:40","date_gmt":"2024-05-07T22:24:40","guid":{"rendered":"https:\/\/www.suno.com.br\/noticias\/?p=551614"},"modified":"2024-05-07T19:32:15","modified_gmt":"2024-05-07T22:32:15","slug":"dolar-tem-leve-queda-vespera-copom","status":"publish","type":"post","link":"https:\/\/www.suno.com.br\/noticias\/dolar-tem-leve-queda-vespera-copom\/","title":{"rendered":"Na contram\u00e3o do exterior, d\u00f3lar tem leve queda"},"content":{"rendered":"<p>Com trocas de sinal ao longo do preg\u00e3o, o <strong>d\u00f3lar<\/strong> \u00e0 vista encerrou a sess\u00e3o desta ter\u00e7a-feira, 7, em queda de 0,13%, a R$ 5,0673. Como na segunda-feira, as oscila\u00e7\u00f5es foram modestas, com varia\u00e7\u00e3o de pouco menos de quatro centavos entre a m\u00ednima (R$ 5,0494) e a m\u00e1xima (R$ 5,0842). Na aus\u00eancia de indicadores relevantes para guiar os neg\u00f3cios, investidores adotam postura cautelosa \u00e0 espera da decis\u00e3o do <a class=\"suno-keyword\" target=\"_blank\" data-force=\"no\" data-priority=\"2\" href=\"https:\/\/www.suno.com.br\/artigos\/copom\/\" rel=\"noopener\">Comit\u00ea de Pol\u00edtica Monet\u00e1ria (Copom)<\/a> do Banco Central nesta quarta-feira, 8.<\/p>\t<div class=\"wrapper-featured-image\">\n\t\t<figure class=\"spotlightImg\">\n\n\t\t\t<picture>\n\t\t\t\t<source media=\"(max-width: 768px)\" srcset=\"https:\/\/files.sunoresearch.com.br\/n\/uploads\/2024\/03\/cedula-de-dolar-usd-400x200.jpg\">\n\t\t\t\t<img loading=\"lazy\" decoding=\"async\" class=\"newsContent__article__imgCapa lazyloadDisabled \" src=\"https:\/\/files.sunoresearch.com.br\/n\/uploads\/2024\/03\/cedula-de-dolar-usd-800x450.jpg\" width=\"800\" height=\"450\" alt=\"Na contram\u00e3o do exterior, d\u00f3lar tem leve queda\" fetchpriority=high \/>\n\t\t\t<\/picture>\n\n\t\t\t<figcaption class=\"wp-caption-text wp-caption-text--show\">D\u00f3lar - Foto: Unsplash<\/figcaption>\n\t\t<\/figure>\n\t<\/div>\n\n\n\n\n\n\t<p>\n\t\t<a href=\"\" target=\"_blank\" data-element=\"shortcode-suno-banner\" title=\"Banner SUNO, clique e saiba mais\">\n\t\t\t<picture>\n\t\t\t\t<source media=\"(max-width: 500px)\" srcset=\"\">\n\t\t\t\t<img class=\"newsContent__article__imgCapa newsContent__article__imgCapa--banner\"\n\t\t\t\t\tsrc=\"\"\n\t\t\t\t\tdata-promo-id=\"240038\"\t\t\t\t\t\t\t\t\t\t\t\t\t\t\talt=\"\"\n\t\t\t\t>\n\t\t\t<\/picture>\n\t\t<\/a>\n\t<\/p>\n\n\n\n\n\n\n\n<p>Analistas observam que a forma\u00e7\u00e3o da <strong>taxa de c\u00e2mbio<\/strong> se deu sob for\u00e7as opostas. Jogaram a favor do real os sinais de que o aux\u00edlio financeiro ao Rio Grande do Sul n\u00e3o se converter\u00e1 em uma brecha para aumento indiscriminado de gastos e abandono, mesmo que informal, das metas fiscais.<\/p>\n\n\n\n<p>De outro lado, exerceu press\u00e3o sobre a <strong>cota\u00e7\u00e3o do d\u00f3lar<\/strong> no mercado dom\u00e9stico o fortalecimento da moeda americana no exterior, na esteira de declara\u00e7\u00f5es mais duras de dirigente do Federal Reserve (Fed, o banco central dos EUA).<\/p>\n\n\n\n<p>O head da Tesouraria do Travelex Bank, Marcos Weigt, observa que n\u00e3o houve fatos ou indicadores que pudessem mexer de forma significativa com o d\u00f3lar hoje, o que explica as oscila\u00e7\u00f5es modestas da taxa de c\u00e2mbio ao longo do preg\u00e3o.<\/p>\n\n\n\n<p>Ele v\u00ea o desempenho do real ainda muito ligado ao comportamento das taxas dos Treasuries no <a class=\"suno-keyword\" target=\"_blank\" data-force=\"no\" data-priority=\"1\" href=\"https:\/\/www.suno.com.br\/artigos\/curto-prazo\/\" rel=\"noopener\">curto prazo<\/a>, que refletem as expectativas para o rumo da <a class=\"suno-keyword\" target=\"_blank\" data-force=\"no\" data-priority=\"1\" href=\"https:\/\/www.suno.com.br\/artigos\/politica-monetaria\/\" rel=\"noopener\">pol\u00edtica monet\u00e1ria<\/a> americana.<\/p>\n\n\n\t<p>\n\t\t<a href=\"https:\/\/lp.suno.com.br\/ebook-gratuito-investindo-no-exterior\/\" target=\"_blank\" data-element=\"shortcode-suno-banner\" title=\"Banner SUNO, clique e saiba mais\">\n\t\t\t<picture>\n\t\t\t\t<source media=\"(max-width: 500px)\" srcset=\"https:\/\/files.sunoresearch.com.br\/n\/uploads\/2023\/03\/400x300-Investindo-no-exterior.png\">\n\t\t\t\t<img class=\"newsContent__article__imgCapa newsContent__article__imgCapa--banner\"\n\t\t\t\t\tsrc=\"https:\/\/files.sunoresearch.com.br\/n\/uploads\/2023\/03\/1420x240-Investindo-no-exterior.png\"\n\t\t\t\t\tdata-promo-id=\"383161\"\t\t\t\t\t\t\t\t\t\twidth='1420' height='240'\t\t\t\t\talt=\"https:\/\/files.sunoresearch.com.br\/n\/uploads\/2023\/03\/1420x240-Investindo-no-exterior.png\"\n\t\t\t\t>\n\t\t\t<\/picture>\n\t\t<\/a>\n\t<\/p>\n\n\n\n\n\n<h2 class=\"wp-block-heading\">D\u00f3lar e decis\u00e3o do Copom<\/h2>\n\n\n\n<p>Por aqui, Weigt acredita que o Copom deve reduzir o ritmo de cortes da taxa Selic, anunciando na quarta-feira uma redu\u00e7\u00e3o em 0,25 ponto porcentual, para 10,50% ao ano. &#8220;As expectativas de infla\u00e7\u00e3o para o ano que vem est\u00e3o desancoradas e subindo. Se o Copom cortar 0,50 ponto porcentual, vai afetar o c\u00e2mbio aqui. Podemos ter uma pequena subida. Ainda mais com as taxas dos Treasuries precificando s\u00f3 um corte de juros nos EUA&#8221;, dia Weigt.<\/p>\n\n\n\n<p>Em live promovida pela Warren Investimentos, o CIO e s\u00f3cio-fundador da Armor Capital, Alfredo Menezes, disse que o Banco Central &#8220;n\u00e3o teria nada a perder&#8221; se, em vez de um corte de 0,50 ponto nesta reuni\u00e3o, optasse por dois cortes de 0,25 ponto nos dois pr\u00f3ximos encontros do colegiado.<\/p>\n\n\n\n<p>Para Menezes, houve certa melhora recente no c\u00e2mbio, ap\u00f3s um momento de muito estresse, mas h\u00e1 quest\u00f5es que justificariam uma postura cautelosa por parte do BC. Entre esses pontos de incerteza, ele citou o desastre ambiental no Rio Grande do Sul, que pode provocar impactos na infla\u00e7\u00e3o e levar a mais gastos p\u00fablicos.<\/p>\n\n\n\n<p>Na segunda \u00e0 noite, a C\u00e2mara dos Deputados aprovou projeto de decreto legislativo de calamidade p\u00fablica no Rio Grande do Sul e retira da meta de resultado prim\u00e1rio os recursos que ser\u00e3o desembolsados para recupera\u00e7\u00e3o do Estado. Temia-se que a op\u00e7\u00e3o escolhida fosse uma Proposta de Emenda \u00e0 Constitui\u00e7\u00e3o (PEC), ideia defendida pelo presidente do Senado, Rodrigo Pacheco (PSD-MG) e pela Executiva Nacional do PT. Em tese, a PEC abriria espa\u00e7o maior para expans\u00e3o dos gastos p\u00fablicos sem controle da equipe econ\u00f4mica.<\/p>\n\n\n\n<p>A economista Cristiane Quartaroli, do Ouribank, afirma que as oscila\u00e7\u00f5es contidas do d\u00f3lar na segunda e ter\u00e7a refletem a postura cautelosa dos investidores em raz\u00e3o das incertezas que cercam a decis\u00e3o da quarta do Copom, com apostas tanto em manuten\u00e7\u00e3o do ritmo de cortes da Selic em 0,50 ponto porcentual quanto em uma redu\u00e7\u00e3o menor, de 0,25 ponto.<\/p>\n\n\n\n<p>&#8220;Hoje tivemos uma pequena queda do <strong>d\u00f3lar<\/strong>, mas o mercado est\u00e1 bastante parado. Se o BC reduzir a Selic em 0,50 ponto, pode ser ruim, em um primeiro momento, do ponto de vista de fluxo externo. Mas pode ter impacto positivo mais \u00e0 frente com a percep\u00e7\u00e3o de crescimento maior da economia com juros menores&#8221;, afirma Quartaroli.<\/p>\n\n\n\n<p><em>Com Estad\u00e3o Conte\u00fado<\/em><\/p>\n\n\n\t<p>\n\t\t<a href=\"https:\/\/lp.suno.com.br\/planilha-da-vida-financeira\/\" target=\"_blank\" data-element=\"shortcode-suno-banner\" title=\"Banner SUNO, clique e saiba mais\">\n\t\t\t<picture>\n\t\t\t\t<source media=\"(max-width: 500px)\" srcset=\"https:\/\/files.sunoresearch.com.br\/n\/uploads\/2023\/04\/400x300-Planilha-vida-financeira-true.png\">\n\t\t\t\t<img class=\"newsContent__article__imgCapa newsContent__article__imgCapa--banner\"\n\t\t\t\t\tsrc=\"https:\/\/files.sunoresearch.com.br\/n\/uploads\/2023\/04\/1420x240-Planilha-vida-financeira-true.png\"\n\t\t\t\t\tdata-promo-id=\"383123\"\t\t\t\t\t\t\t\t\t\twidth='1420' height='240'\t\t\t\t\talt=\"https:\/\/files.sunoresearch.com.br\/n\/uploads\/2023\/04\/1420x240-Planilha-vida-financeira-true.png\"\n\t\t\t\t>\n\t\t\t<\/picture>\n\t\t<\/a>\n\t<\/p>\n\n\n","protected":false},"excerpt":{"rendered":"<p>Com trocas de sinal ao longo do preg\u00e3o, o d\u00f3lar \u00e0 vista encerrou a sess\u00e3o desta ter\u00e7a-feira, 7, em queda de 0,13%, a R$ 5,0673. Como na segunda-feira, as oscila\u00e7\u00f5es foram modestas, com varia\u00e7\u00e3o de pouco menos de quatro centavos entre a m\u00ednima (R$ 5,0494) e a m\u00e1xima (R$ 5,0842). Na aus\u00eancia de indicadores relevantes [&hellip;]<\/p>\n","protected":false},"author":43,"featured_media":534878,"comment_status":"closed","ping_status":"closed","sticky":false,"template":"","format":"standard","meta":[],"categories":[60],"tags":[326,1852],"suno_strategy":[],"class_list":["post-551614","post","type-post","status-publish","format-standard","has-post-thumbnail","hentry","category-mercado","tag-dolar","tag-dolar-futuro"],"yoast_head":"<!-- This site is optimized with the Yoast SEO plugin v24.4 - https:\/\/yoast.com\/wordpress\/plugins\/seo\/ -->\n<title>Na contram\u00e3o do exterior, d\u00f3lar tem leve queda<\/title>\n<meta name=\"description\" content=\"Com trocas de sinal ao longo do preg\u00e3o, o d\u00f3lar \u00e0 vista encerrou a sess\u00e3o desta ter\u00e7a-feira, 7, em queda de 0,13%, a R$ 5,0673.\" \/>\n<meta name=\"robots\" content=\"index, follow, max-snippet:-1, max-image-preview:large, max-video-preview:-1\" \/>\n<link rel=\"canonical\" href=\"https:\/\/www.suno.com.br\/noticias\/dolar-tem-leve-queda-vespera-copom\/\" \/>\n<meta property=\"og:locale\" content=\"pt_BR\" \/>\n<meta property=\"og:type\" content=\"article\" \/>\n<meta property=\"og:title\" content=\"Na contram\u00e3o do exterior, d\u00f3lar tem leve queda\" \/>\n<meta property=\"og:description\" content=\"Com trocas de sinal ao longo do preg\u00e3o, o d\u00f3lar \u00e0 vista encerrou a sess\u00e3o desta ter\u00e7a-feira, 7, em queda de 0,13%, a R$ 5,0673.\" \/>\n<meta property=\"og:url\" content=\"https:\/\/www.suno.com.br\/noticias\/dolar-tem-leve-queda-vespera-copom\/\" \/>\n<meta property=\"og:site_name\" content=\"Suno Not\u00edcias\" \/>\n<meta property=\"article:publisher\" content=\"https:\/\/facebook.com\/sunoresearch\" \/>\n<meta property=\"article:author\" content=\"https:\/\/www.facebook.com\/sunonoticias\/\" \/>\n<meta property=\"og:image\" content=\"https:\/\/files.sunoresearch.com.br\/n\/uploads\/2024\/03\/cedula-de-dolar-usd.jpg\" \/>\n\t<meta property=\"og:image:width\" content=\"1200\" \/>\n\t<meta property=\"og:image:height\" content=\"800\" \/>\n\t<meta property=\"og:image:type\" content=\"image\/jpeg\" \/>\n<meta name=\"author\" content=\"Reda\u00e7\u00e3o Suno Not\u00edcias\" \/>\n<meta name=\"twitter:card\" content=\"summary_large_image\" \/>\n<meta name=\"twitter:creator\" content=\"@https:\/\/twitter.com\/sunoresearch\" \/>\n<meta name=\"twitter:site\" content=\"@sunoresearch\" \/>\n<meta name=\"twitter:label1\" content=\"Escrito por\" \/>\n\t<meta name=\"twitter:data1\" content=\"Reda\u00e7\u00e3o Suno Not\u00edcias\" \/>\n\t<meta name=\"twitter:label2\" content=\"Est. tempo de leitura\" \/>\n\t<meta name=\"twitter:data2\" content=\"4 minutos\" \/>\n<script type=\"application\/ld+json\" class=\"yoast-schema-graph\">{\"@context\":\"https:\/\/schema.org\",\"@graph\":[{\"@type\":\"NewsArticle\",\"@id\":\"https:\/\/www.suno.com.br\/noticias\/dolar-tem-leve-queda-vespera-copom\/#article\",\"isPartOf\":{\"@id\":\"https:\/\/www.suno.com.br\/noticias\/dolar-tem-leve-queda-vespera-copom\/\"},\"author\":{\"name\":\"Reda\u00e7\u00e3o Suno Not\u00edcias\",\"@id\":\"https:\/\/www.suno.com.br\/noticias\/#\/schema\/person\/c1b1bd3727fa852bd045e9dbff3673ea\"},\"headline\":\"Na contram\u00e3o do exterior, d\u00f3lar tem leve queda\",\"datePublished\":\"2024-05-07T22:24:40+00:00\",\"dateModified\":\"2024-05-07T22:32:15+00:00\",\"mainEntityOfPage\":{\"@id\":\"https:\/\/www.suno.com.br\/noticias\/dolar-tem-leve-queda-vespera-copom\/\"},\"wordCount\":685,\"publisher\":{\"@id\":\"https:\/\/www.suno.com.br\/noticias\/#organization\"},\"image\":{\"@id\":\"https:\/\/www.suno.com.br\/noticias\/dolar-tem-leve-queda-vespera-copom\/#primaryimage\"},\"thumbnailUrl\":\"https:\/\/files.sunoresearch.com.br\/n\/uploads\/2024\/03\/cedula-de-dolar-usd.jpg\",\"keywords\":[\"d\u00f3lar\",\"d\u00f3lar futuro\"],\"articleSection\":[\"Mercado\"],\"inLanguage\":\"pt-BR\"},{\"@type\":\"WebPage\",\"@id\":\"https:\/\/www.suno.com.br\/noticias\/dolar-tem-leve-queda-vespera-copom\/\",\"url\":\"https:\/\/www.suno.com.br\/noticias\/dolar-tem-leve-queda-vespera-copom\/\",\"name\":\"Na contram\u00e3o do exterior, d\u00f3lar tem leve queda\",\"isPartOf\":{\"@id\":\"https:\/\/www.suno.com.br\/noticias\/#website\"},\"primaryImageOfPage\":{\"@id\":\"https:\/\/www.suno.com.br\/noticias\/dolar-tem-leve-queda-vespera-copom\/#primaryimage\"},\"image\":{\"@id\":\"https:\/\/www.suno.com.br\/noticias\/dolar-tem-leve-queda-vespera-copom\/#primaryimage\"},\"thumbnailUrl\":\"https:\/\/files.sunoresearch.com.br\/n\/uploads\/2024\/03\/cedula-de-dolar-usd.jpg\",\"datePublished\":\"2024-05-07T22:24:40+00:00\",\"dateModified\":\"2024-05-07T22:32:15+00:00\",\"description\":\"Com trocas de sinal ao longo do preg\u00e3o, o d\u00f3lar \u00e0 vista encerrou a sess\u00e3o desta ter\u00e7a-feira, 7, em queda de 0,13%, a R$ 5,0673.\",\"breadcrumb\":{\"@id\":\"https:\/\/www.suno.com.br\/noticias\/dolar-tem-leve-queda-vespera-copom\/#breadcrumb\"},\"inLanguage\":\"pt-BR\",\"potentialAction\":[{\"@type\":\"ReadAction\",\"target\":[\"https:\/\/www.suno.com.br\/noticias\/dolar-tem-leve-queda-vespera-copom\/\"]}]},{\"@type\":\"ImageObject\",\"inLanguage\":\"pt-BR\",\"@id\":\"https:\/\/www.suno.com.br\/noticias\/dolar-tem-leve-queda-vespera-copom\/#primaryimage\",\"url\":\"https:\/\/files.sunoresearch.com.br\/n\/uploads\/2024\/03\/cedula-de-dolar-usd.jpg\",\"contentUrl\":\"https:\/\/files.sunoresearch.com.br\/n\/uploads\/2024\/03\/cedula-de-dolar-usd.jpg\",\"width\":1200,\"height\":800,\"caption\":\"D\u00f3lar - Foto: Unsplash\"},{\"@type\":\"BreadcrumbList\",\"@id\":\"https:\/\/www.suno.com.br\/noticias\/dolar-tem-leve-queda-vespera-copom\/#breadcrumb\",\"itemListElement\":[{\"@type\":\"ListItem\",\"position\":1,\"name\":\"Not\u00edcias\",\"item\":\"https:\/\/www.suno.com.br\/noticias\/\"},{\"@type\":\"ListItem\",\"position\":2,\"name\":\"Mercado\",\"item\":\"https:\/\/www.suno.com.br\/noticias\/mercado\/\"},{\"@type\":\"ListItem\",\"position\":3,\"name\":\"Na contram\u00e3o do exterior, d\u00f3lar tem leve queda\"}]},{\"@type\":\"WebSite\",\"@id\":\"https:\/\/www.suno.com.br\/noticias\/#website\",\"url\":\"https:\/\/www.suno.com.br\/noticias\/\",\"name\":\"Suno Not\u00edcias\",\"description\":\"Seu portal de informa\u00e7\u00e3o sobre o mundo dos investimentos\",\"publisher\":{\"@id\":\"https:\/\/www.suno.com.br\/noticias\/#organization\"},\"potentialAction\":[{\"@type\":\"SearchAction\",\"target\":{\"@type\":\"EntryPoint\",\"urlTemplate\":\"https:\/\/www.suno.com.br\/noticias\/?s={search_term_string}\"},\"query-input\":{\"@type\":\"PropertyValueSpecification\",\"valueRequired\":true,\"valueName\":\"search_term_string\"}}],\"inLanguage\":\"pt-BR\"},{\"@type\":\"Organization\",\"@id\":\"https:\/\/www.suno.com.br\/noticias\/#organization\",\"name\":\"Suno Not\u00edcias\",\"url\":\"https:\/\/www.suno.com.br\/noticias\/\",\"logo\":{\"@type\":\"ImageObject\",\"inLanguage\":\"pt-BR\",\"@id\":\"https:\/\/www.suno.com.br\/noticias\/#\/schema\/logo\/image\/\",\"url\":\"https:\/\/files.sunoresearch.com.br\/n\/uploads\/2021\/09\/suno-logo.png\",\"contentUrl\":\"https:\/\/files.sunoresearch.com.br\/n\/uploads\/2021\/09\/suno-logo.png\",\"width\":180,\"height\":180,\"caption\":\"Suno Not\u00edcias\"},\"image\":{\"@id\":\"https:\/\/www.suno.com.br\/noticias\/#\/schema\/logo\/image\/\"},\"sameAs\":[\"https:\/\/facebook.com\/sunoresearch\",\"https:\/\/x.com\/sunoresearch\",\"https:\/\/www.instagram.com\/suno\",\"https:\/\/www.linkedin.com\/company\/suno-research\/\",\"https:\/\/www.youtube.com\/c\/sunoresearch\"]},{\"@type\":\"Person\",\"@id\":\"https:\/\/www.suno.com.br\/noticias\/#\/schema\/person\/c1b1bd3727fa852bd045e9dbff3673ea\",\"name\":\"Reda\u00e7\u00e3o Suno Not\u00edcias\",\"image\":{\"@type\":\"ImageObject\",\"inLanguage\":\"pt-BR\",\"@id\":\"https:\/\/www.suno.com.br\/noticias\/#\/schema\/person\/image\/\",\"url\":\"https:\/\/secure.gravatar.com\/avatar\/b8104b9b5a71985d5238ee59fbe418af?s=96&r=g\",\"contentUrl\":\"https:\/\/secure.gravatar.com\/avatar\/b8104b9b5a71985d5238ee59fbe418af?s=96&r=g\",\"caption\":\"Reda\u00e7\u00e3o Suno Not\u00edcias\"},\"description\":\"O Suno Not\u00edcias \u00e9 um portal de informa\u00e7\u00f5es sobre Mercado Financeiro, Pol\u00edtica, Neg\u00f3cios, Economia e Finan\u00e7as Pessoais.\",\"sameAs\":[\"https:\/\/www.suno.com.br\/noticias\",\"https:\/\/www.facebook.com\/sunonoticias\/\",\"https:\/\/www.instagram.com\/sunonoticias\/\",\"https:\/\/x.com\/https:\/\/twitter.com\/sunoresearch\",\"https:\/\/www.youtube.com\/sunonoticias\"],\"url\":\"https:\/\/www.suno.com.br\/noticias\/author\/redacao-suno\/\"}]}<\/script>\n<!-- \/ Yoast SEO plugin. -->","yoast_head_json":{"title":"Na contram\u00e3o do exterior, d\u00f3lar tem leve queda","description":"Com trocas de sinal ao longo do preg\u00e3o, o d\u00f3lar \u00e0 vista encerrou a sess\u00e3o desta ter\u00e7a-feira, 7, em queda de 0,13%, a R$ 5,0673.","robots":{"index":"index","follow":"follow","max-snippet":"max-snippet:-1","max-image-preview":"max-image-preview:large","max-video-preview":"max-video-preview:-1"},"canonical":"https:\/\/www.suno.com.br\/noticias\/dolar-tem-leve-queda-vespera-copom\/","og_locale":"pt_BR","og_type":"article","og_title":"Na contram\u00e3o do exterior, d\u00f3lar tem leve queda","og_description":"Com trocas de sinal ao longo do preg\u00e3o, o d\u00f3lar \u00e0 vista encerrou a sess\u00e3o desta ter\u00e7a-feira, 7, em queda de 0,13%, a R$ 5,0673.","og_url":"https:\/\/www.suno.com.br\/noticias\/dolar-tem-leve-queda-vespera-copom\/","og_site_name":"Suno Not\u00edcias","article_publisher":"https:\/\/facebook.com\/sunoresearch","article_author":"https:\/\/www.facebook.com\/sunonoticias\/","og_image":[{"width":1200,"height":800,"url":"https:\/\/files.sunoresearch.com.br\/n\/uploads\/2024\/03\/cedula-de-dolar-usd.jpg","type":"image\/jpeg"}],"author":"Reda\u00e7\u00e3o Suno Not\u00edcias","twitter_card":"summary_large_image","twitter_creator":"@https:\/\/twitter.com\/sunoresearch","twitter_site":"@sunoresearch","twitter_misc":{"Escrito por":"Reda\u00e7\u00e3o Suno Not\u00edcias","Est. tempo de leitura":"4 minutos"},"schema":{"@context":"https:\/\/schema.org","@graph":[{"@type":"NewsArticle","@id":"https:\/\/www.suno.com.br\/noticias\/dolar-tem-leve-queda-vespera-copom\/#article","isPartOf":{"@id":"https:\/\/www.suno.com.br\/noticias\/dolar-tem-leve-queda-vespera-copom\/"},"author":{"name":"Reda\u00e7\u00e3o Suno Not\u00edcias","@id":"https:\/\/www.suno.com.br\/noticias\/#\/schema\/person\/c1b1bd3727fa852bd045e9dbff3673ea"},"headline":"Na contram\u00e3o do exterior, d\u00f3lar tem leve queda","datePublished":"2024-05-07T22:24:40+00:00","dateModified":"2024-05-07T22:32:15+00:00","mainEntityOfPage":{"@id":"https:\/\/www.suno.com.br\/noticias\/dolar-tem-leve-queda-vespera-copom\/"},"wordCount":685,"publisher":{"@id":"https:\/\/www.suno.com.br\/noticias\/#organization"},"image":{"@id":"https:\/\/www.suno.com.br\/noticias\/dolar-tem-leve-queda-vespera-copom\/#primaryimage"},"thumbnailUrl":"https:\/\/files.sunoresearch.com.br\/n\/uploads\/2024\/03\/cedula-de-dolar-usd.jpg","keywords":["d\u00f3lar","d\u00f3lar futuro"],"articleSection":["Mercado"],"inLanguage":"pt-BR"},{"@type":"WebPage","@id":"https:\/\/www.suno.com.br\/noticias\/dolar-tem-leve-queda-vespera-copom\/","url":"https:\/\/www.suno.com.br\/noticias\/dolar-tem-leve-queda-vespera-copom\/","name":"Na contram\u00e3o do exterior, d\u00f3lar tem leve queda","isPartOf":{"@id":"https:\/\/www.suno.com.br\/noticias\/#website"},"primaryImageOfPage":{"@id":"https:\/\/www.suno.com.br\/noticias\/dolar-tem-leve-queda-vespera-copom\/#primaryimage"},"image":{"@id":"https:\/\/www.suno.com.br\/noticias\/dolar-tem-leve-queda-vespera-copom\/#primaryimage"},"thumbnailUrl":"https:\/\/files.sunoresearch.com.br\/n\/uploads\/2024\/03\/cedula-de-dolar-usd.jpg","datePublished":"2024-05-07T22:24:40+00:00","dateModified":"2024-05-07T22:32:15+00:00","description":"Com trocas de sinal ao longo do preg\u00e3o, o d\u00f3lar \u00e0 vista encerrou a sess\u00e3o desta ter\u00e7a-feira, 7, em queda de 0,13%, a R$ 5,0673.","breadcrumb":{"@id":"https:\/\/www.suno.com.br\/noticias\/dolar-tem-leve-queda-vespera-copom\/#breadcrumb"},"inLanguage":"pt-BR","potentialAction":[{"@type":"ReadAction","target":["https:\/\/www.suno.com.br\/noticias\/dolar-tem-leve-queda-vespera-copom\/"]}]},{"@type":"ImageObject","inLanguage":"pt-BR","@id":"https:\/\/www.suno.com.br\/noticias\/dolar-tem-leve-queda-vespera-copom\/#primaryimage","url":"https:\/\/files.sunoresearch.com.br\/n\/uploads\/2024\/03\/cedula-de-dolar-usd.jpg","contentUrl":"https:\/\/files.sunoresearch.com.br\/n\/uploads\/2024\/03\/cedula-de-dolar-usd.jpg","width":1200,"height":800,"caption":"D\u00f3lar - Foto: Unsplash"},{"@type":"BreadcrumbList","@id":"https:\/\/www.suno.com.br\/noticias\/dolar-tem-leve-queda-vespera-copom\/#breadcrumb","itemListElement":[{"@type":"ListItem","position":1,"name":"Not\u00edcias","item":"https:\/\/www.suno.com.br\/noticias\/"},{"@type":"ListItem","position":2,"name":"Mercado","item":"https:\/\/www.suno.com.br\/noticias\/mercado\/"},{"@type":"ListItem","position":3,"name":"Na contram\u00e3o do exterior, d\u00f3lar tem leve queda"}]},{"@type":"WebSite","@id":"https:\/\/www.suno.com.br\/noticias\/#website","url":"https:\/\/www.suno.com.br\/noticias\/","name":"Suno Not\u00edcias","description":"Seu portal de informa\u00e7\u00e3o sobre o mundo dos investimentos","publisher":{"@id":"https:\/\/www.suno.com.br\/noticias\/#organization"},"potentialAction":[{"@type":"SearchAction","target":{"@type":"EntryPoint","urlTemplate":"https:\/\/www.suno.com.br\/noticias\/?s={search_term_string}"},"query-input":{"@type":"PropertyValueSpecification","valueRequired":true,"valueName":"search_term_string"}}],"inLanguage":"pt-BR"},{"@type":"Organization","@id":"https:\/\/www.suno.com.br\/noticias\/#organization","name":"Suno Not\u00edcias","url":"https:\/\/www.suno.com.br\/noticias\/","logo":{"@type":"ImageObject","inLanguage":"pt-BR","@id":"https:\/\/www.suno.com.br\/noticias\/#\/schema\/logo\/image\/","url":"https:\/\/files.sunoresearch.com.br\/n\/uploads\/2021\/09\/suno-logo.png","contentUrl":"https:\/\/files.sunoresearch.com.br\/n\/uploads\/2021\/09\/suno-logo.png","width":180,"height":180,"caption":"Suno Not\u00edcias"},"image":{"@id":"https:\/\/www.suno.com.br\/noticias\/#\/schema\/logo\/image\/"},"sameAs":["https:\/\/facebook.com\/sunoresearch","https:\/\/x.com\/sunoresearch","https:\/\/www.instagram.com\/suno","https:\/\/www.linkedin.com\/company\/suno-research\/","https:\/\/www.youtube.com\/c\/sunoresearch"]},{"@type":"Person","@id":"https:\/\/www.suno.com.br\/noticias\/#\/schema\/person\/c1b1bd3727fa852bd045e9dbff3673ea","name":"Reda\u00e7\u00e3o Suno Not\u00edcias","image":{"@type":"ImageObject","inLanguage":"pt-BR","@id":"https:\/\/www.suno.com.br\/noticias\/#\/schema\/person\/image\/","url":"https:\/\/secure.gravatar.com\/avatar\/b8104b9b5a71985d5238ee59fbe418af?s=96&r=g","contentUrl":"https:\/\/secure.gravatar.com\/avatar\/b8104b9b5a71985d5238ee59fbe418af?s=96&r=g","caption":"Reda\u00e7\u00e3o Suno Not\u00edcias"},"description":"O Suno Not\u00edcias \u00e9 um portal de informa\u00e7\u00f5es sobre Mercado Financeiro, Pol\u00edtica, Neg\u00f3cios, Economia e Finan\u00e7as Pessoais.","sameAs":["https:\/\/www.suno.com.br\/noticias","https:\/\/www.facebook.com\/sunonoticias\/","https:\/\/www.instagram.com\/sunonoticias\/","https:\/\/x.com\/https:\/\/twitter.com\/sunoresearch","https:\/\/www.youtube.com\/sunonoticias"],"url":"https:\/\/www.suno.com.br\/noticias\/author\/redacao-suno\/"}]}},"default_loop_html":"<div class=\"cardsPage__listCard__boxs\"><div class=\"cardsPage__listCard__boxs__img\"><a href=\"https:\/\/www.suno.com.br\/noticias\/dolar-tem-leve-queda-vespera-copom\/\"><img class=\"mask\" src=\"https:\/\/www.suno.com.br\/noticias\/wp-content\/themes\/suno\/resources\/images\/spotlight\/spotlight1img\/bg-mask.png\" alt=\"Image Mask\"\/><img src=\"https:\/\/files.sunoresearch.com.br\/n\/uploads\/2024\/03\/cedula-de-dolar-usd-400x200.jpg\" alt=\"Na contram\u00e3o do exterior, d\u00f3lar tem leve queda\"\/><\/a><span class=\"spotlightCategory\"><a href=\"https:\/\/www.suno.com.br\/noticias\/mercado\/\">Mercado<\/a><\/span><\/div><div class=\"cardsPage__listCard__boxs__content\"><a href=\"https:\/\/www.suno.com.br\/noticias\/dolar-tem-leve-queda-vespera-copom\/\"><h2 class=\"content__title\">Na contram\u00e3o do exterior, d\u00f3lar tem leve queda<\/h2><\/a><div class=\"newsContent__article__meta\"><div class=\"newsContent__article__meta__authorBox\"><a href=\"https:\/\/www.suno.com.br\/noticias\/author\/redacao-suno\/\" class=\"authorBox__avatar noMobi\"><img src=\"https:\/\/files.sunoresearch.com.br\/n\/uploads\/2020\/08\/0ace682d-redacao-1-150x150.webp\" alt=\"Reda\u00e7\u00e3o Suno Not\u00edcias\"><\/a><div class=\"authorBox__name\"><span>por\n\t\t\t<a href=\"https:\/\/www.suno.com.br\/noticias\/author\/redacao-suno\/\"><span itemprop=\"author\">Reda\u00e7\u00e3o Suno Not\u00edcias<\/span><\/a><\/span><time datetime=\"2024-05-07T19:24:40-03:00\" itemprop=\"datePublished\">07\/05\/2024 19:24<\/time><\/div><\/div><\/div><\/div><\/div>","single_layout":"posts","amp_enabled":true,"_links":{"self":[{"href":"https:\/\/www.suno.com.br\/noticias\/wp-json\/wp\/v2\/posts\/551614"}],"collection":[{"href":"https:\/\/www.suno.com.br\/noticias\/wp-json\/wp\/v2\/posts"}],"about":[{"href":"https:\/\/www.suno.com.br\/noticias\/wp-json\/wp\/v2\/types\/post"}],"author":[{"embeddable":true,"href":"https:\/\/www.suno.com.br\/noticias\/wp-json\/wp\/v2\/users\/43"}],"replies":[{"embeddable":true,"href":"https:\/\/www.suno.com.br\/noticias\/wp-json\/wp\/v2\/comments?post=551614"}],"version-history":[{"count":3,"href":"https:\/\/www.suno.com.br\/noticias\/wp-json\/wp\/v2\/posts\/551614\/revisions"}],"predecessor-version":[{"id":551672,"href":"https:\/\/www.suno.com.br\/noticias\/wp-json\/wp\/v2\/posts\/551614\/revisions\/551672"}],"wp:featuredmedia":[{"embeddable":true,"href":"https:\/\/www.suno.com.br\/noticias\/wp-json\/wp\/v2\/media\/534878"}],"wp:attachment":[{"href":"https:\/\/www.suno.com.br\/noticias\/wp-json\/wp\/v2\/media?parent=551614"}],"wp:term":[{"taxonomy":"category","embeddable":true,"href":"https:\/\/www.suno.com.br\/noticias\/wp-json\/wp\/v2\/categories?post=551614"},{"taxonomy":"post_tag","embeddable":true,"href":"https:\/\/www.suno.com.br\/noticias\/wp-json\/wp\/v2\/tags?post=551614"},{"taxonomy":"suno_strategy","embeddable":true,"href":"https:\/\/www.suno.com.br\/noticias\/wp-json\/wp\/v2\/suno_strategy?post=551614"}],"curies":[{"name":"wp","href":"https:\/\/api.w.org\/{rel}","templated":true}]}}