{"id":551586,"date":"2024-05-07T21:56:09","date_gmt":"2024-05-08T00:56:09","guid":{"rendered":"https:\/\/www.suno.com.br\/noticias\/?p=551586"},"modified":"2024-05-07T21:56:20","modified_gmt":"2024-05-08T00:56:20","slug":"chuva-rs-vai-impactar-varejistas-inflacao-va","status":"publish","type":"post","link":"https:\/\/www.suno.com.br\/noticias\/chuva-rs-vai-impactar-varejistas-inflacao-va\/","title":{"rendered":"Chuvas no RS impactam opera\u00e7\u00f5es de varejistas e podem provocar alta da infla\u00e7\u00e3o"},"content":{"rendered":"<p>O desastre natural causado pelas fortes inunda\u00e7\u00f5es e chuvas no estado do Rio Grande do Sul afeta vendas, funcionamento e opera\u00e7\u00f5es de lojas e a distribui\u00e7\u00e3o log\u00edstica para os principais varejistas do estado, como <a class=\"suno-keyword\" data-force=\"yes\" data-priority=\"2\" href=\"https:\/\/www.suno.com.br\/acoes\/LREN3\/\" target=\"_blank\" rel=\"noopener\">Lojas Renner (LREN3)<\/a>, Arezzo&amp;Co (ARZZ3) e <a class=\"suno-keyword\" data-force=\"yes\" data-priority=\"2\" href=\"https:\/\/www.suno.com.br\/acoes\/CRFB3\/\" target=\"_blank\" rel=\"noopener\">Carrefour (CRFB3)<\/a>.\u00a0Analistas estimaram o impacto das <strong>chuvas no RS<\/strong> entre essas empresas.<\/p>\t<div class=\"wrapper-featured-image\">\n\t\t<figure class=\"spotlightImg\">\n\n\t\t\t<picture>\n\t\t\t\t<source media=\"(max-width: 768px)\" srcset=\"https:\/\/files.sunoresearch.com.br\/n\/uploads\/2023\/09\/varejo-400x200.jpg\">\n\t\t\t\t<img loading=\"lazy\" decoding=\"async\" class=\"newsContent__article__imgCapa lazyloadDisabled \" src=\"https:\/\/files.sunoresearch.com.br\/n\/uploads\/2023\/09\/varejo-800x450.jpg\" width=\"800\" height=\"450\" alt=\"Chuvas no RS impactam opera\u00e7\u00f5es de varejistas e podem provocar alta da infla\u00e7\u00e3o\" fetchpriority=high \/>\n\t\t\t<\/picture>\n\n\t\t\t<figcaption class=\"wp-caption-text wp-caption-text--show\">Chuva no RJ deve impactar varejo. Foto: Pixabay..<\/figcaption>\n\t\t<\/figure>\n\t<\/div>\n\n\n\n\n\n\t<p>\n\t\t<a href=\"https:\/\/lp.suno.com.br\/planilha-da-vida-financeira\/\" target=\"_blank\" data-element=\"shortcode-suno-banner\" title=\"Banner SUNO, clique e saiba mais\">\n\t\t\t<picture>\n\t\t\t\t<source media=\"(max-width: 500px)\" srcset=\"https:\/\/files.sunoresearch.com.br\/n\/uploads\/2023\/04\/400x300-Planilha-vida-financeira-true.png\">\n\t\t\t\t<img class=\"newsContent__article__imgCapa newsContent__article__imgCapa--banner\"\n\t\t\t\t\tsrc=\"https:\/\/files.sunoresearch.com.br\/n\/uploads\/2023\/04\/1420x240-Planilha-vida-financeira-true.png\"\n\t\t\t\t\tdata-promo-id=\"106682\"\t\t\t\t\t\t\t\t\t\twidth='1420' height='240'\t\t\t\t\talt=\"https:\/\/files.sunoresearch.com.br\/n\/uploads\/2023\/04\/1420x240-Planilha-vida-financeira-true.png\"\n\t\t\t\t>\n\t\t\t<\/picture>\n\t\t<\/a>\n\t<\/p>\n\n\n\n\n\n<p>As trag\u00e9dias das <strong>chuvas no Rio Grande do Sul<\/strong> provocaram 95 mortes at\u00e9 agora, sendo que quatro casos est\u00e3o em avalia\u00e7\u00e3o, segundo reportagem da Ag\u00eancia Brasil. O governador Eduardo Leite confirmou que 131 pessoas est\u00e3o desaparecidas. Pelo menos, 401 cidades foram afetadas, o que representa 80,6% do total de 497 cidades ga\u00fachas.<\/p>\n\n\n\n<p>Em entrevista \u00e0 imprensa nesta ter\u00e7a-feira (7), o governador classificou a situa\u00e7\u00e3o de \u201ccat\u00e1strofe\u201d. Al\u00e9m disso, 48.799 pessoas deixaram suas casas e est\u00e3o em abrigos contras as <strong>chuvas no RS<\/strong>.<\/p>\n\n\n\n<p>O governo contabiliza um total de 159.036 cidad\u00e3os na condi\u00e7\u00e3o de desalojados. O desastre deixou, at\u00e9 o momento, 1,4 milh\u00e3o de pessoas afetadas pelo desastre. O Rio Grande do Sul tem 10,8 milh\u00f5es de habitantes, segundo o censo de 2022 do IBGE.<\/p>\n\n\n\n<p>\u201cO tamanho da<strong> crise no Rio Grande do Sul <\/strong>\u00e9 o que especialmente torna essa situa\u00e7\u00e3o dif\u00edcil de tratarmos. Praticamente todo o estado est\u00e1 atingido de alguma forma\u201d, lamentou o governador.<\/p>\n\n\n\n<p>Recentemente, a Lojas Renner emitiu um comunicado \u00e0 imprensa anunciando que cerca de 4% de suas lojas estavam temporariamente fechadas. Como contexto, 13% da <a class=\"suno-keyword\" data-force=\"no\" data-priority=\"1\" href=\"https:\/\/www.suno.com.br\/artigos\/area-de-vendas\/\" target=\"_blank\" rel=\"noopener\">\u00e1rea de vendas<\/a> da varejista est\u00e3o baseadas no estado.\u00a0<\/p>\n\n\n\n<p>\u201cEmbora a dura\u00e7\u00e3o desses fechamentos ainda seja incerta, observamos que cada semana de fechamento pode impactar as <strong>receitas do 2T24<\/strong> <strong>das varejistas<\/strong> em cerca de -0,3%\u201d, diz o Sachs.\u00a0<\/p>\n\n\n\n<p>Para os analistas do banco, como essas lojas s\u00e3o mais produtivas (dada a forte presen\u00e7a da <strong>marca Renner<\/strong> no Sul e o <a class=\"suno-keyword\" data-force=\"no\" data-priority=\"1\" href=\"https:\/\/www.suno.com.br\/artigos\/poder-de-compra\/\" target=\"_blank\" rel=\"noopener\">poder de compra<\/a> no estado) e tamb\u00e9m porque o fechamento est\u00e1 ocorrendo em um per\u00edodo cr\u00edtico para o principal evento comercial do trimestre (Dia das M\u00e3es em 12 de maio), \u00e9 poss\u00edvel que o <strong>impacto das chuvas no RS<\/strong> seja potencialmente maior.<\/p>\n\n\n\n<p>A Arezzo&amp;Co tem cerca de 5% das vendas totais provenientes do estado, de acordo com a empresa, mas a extens\u00e3o das vendas impactadas por poss\u00edveis fechamentos \u00e9 desconhecida neste momento.&nbsp;<\/p>\n\n\n\n<p>J\u00e1 o <a class=\"suno-keyword\" data-force=\"yes\" data-priority=\"2\" href=\"https:\/\/www.suno.com.br\/acoes\/SOMA3\/\" target=\"_blank\" rel=\"noopener\">Grupo Soma (SOMA3)<\/a> teve cerca de 3% das receitas brutas de 2023 provenientes do <strong>estado do RS<\/strong>. O Grupo SBF (SBFG3), dono da Centauro, possui cerca de 6% de sua base de lojas no estado (4% est\u00e1 atualmente fechada).<\/p>\n\n\n\n\t<div data-element=\"shortcode-read-more\" class=\"readToo\">\n\t\t\t\t<span class=\"readToo__title\">Leia mais<\/span>\n\t\t\t\t<ul class=\"readToo__list\">\n\t\t\t<li><a href=\"https:\/\/www.suno.com.br\/noticias\/embraer-embr3-1t24-btg-gpj\/\">Embraer (EMBR3): balan\u00e7o do 1T24 tem n\u00fameros fracos, mas dados indicam recupera\u00e7\u00e3o, segundo o BTG; a\u00e7\u00f5es caem no Ibovespa<\/a><\/li><li><a href=\"https:\/\/www.suno.com.br\/noticias\/weg-wege3-santander-alvo-neutro-eolico-va\/\">Weg (WEGE3): Santander eleva pre\u00e7o-alvo ap\u00f3s entrada no setor e\u00f3lico, mas mant\u00e9m &#8216;neutro&#8217;<\/a><\/li>\t\t<\/ul>\n\t<\/div>\n\n\n\n\n<h2 class=\"wp-block-heading\">Chuvas no RS devem provocar aumento da infla\u00e7\u00e3o alimentar<\/h2>\n\n\n\n<p>O <strong>Rio Grande do Sul <\/strong>tem um papel importante no apoio \u00e0 ind\u00fastria agropecu\u00e1ria do Brasil. O alagamento de \u00e1reas plantadas, bem como as interrup\u00e7\u00f5es no transporte de gr\u00e3os, outras commodities e perec\u00edveis, podem impactar os rendimentos e o equil\u00edbrio entre <a class=\"suno-keyword\" target=\"_blank\" data-force=\"no\" data-priority=\"1\" href=\"https:\/\/www.suno.com.br\/artigos\/oferta-demanda\/\" rel=\"noopener\">oferta e demanda<\/a>, gerando press\u00f5es inflacion\u00e1rias.<\/p>\n\n\n\n<p>Dessa forma,&nbsp; o mercado j\u00e1 come\u00e7ou a revisar para cima as previs\u00f5es de infla\u00e7\u00e3o alimentar em domic\u00edlio com base na interrup\u00e7\u00e3o. De acordo com not\u00edcias recentes, a empresa brasileira de pesquisa econ\u00f4mica LCA Consultants elevou sua expectativa de infla\u00e7\u00e3o alimentar em domic\u00edlio para 2024 de 3,9% para 4,5%.&nbsp;<\/p>\n\n\n\n<p>\u201cOs dados compilados pelo Banco Central do Brasil apontam para uma expectativa de mercado mediana de 4,6% (at\u00e9 3 de maio) contra 4,3% na semana anterior, um n\u00famero que acreditamos poder ser revisado para cima na pr\u00f3xima semana\u201d, diz o Sachs.&nbsp;<\/p>\n\n\n\n<p>Para evitar uma poss\u00edvel escalada no pre\u00e7o arroz, a Companhia Nacional de Abastecimento (Conab) vai comprar o produto j\u00e1 industrializado e empacotado no mercado internacional. A informa\u00e7\u00e3o foi dada nesta ter\u00e7a-feira (7) pelo ministro da Agricultura e Pecu\u00e1ria, Carlos F\u00e1varo. Trata-se de um dos efeitos das <strong>enchentes no Rio Grande do Sul<\/strong>, estado respons\u00e1vel por 70% da produ\u00e7\u00e3o nacional de arroz.<\/p>\n\n\n\n<p>De acordo com o ministro, perdas na lavoura, em armaz\u00e9ns alagados e, principalmente, a dificuldade log\u00edstica para escoar o produto, com rodovias interditadas, poderia criar uma situa\u00e7\u00e3o de desabastecimento, elevando os pre\u00e7os no com\u00e9rcio.<\/p>\n\n\n\n<p>&#8220;O problema \u00e9 que teremos perdas do que ainda est\u00e1 na lavoura, e algumas coisas que j\u00e1 est\u00e3o nos armaz\u00e9ns, nos silos, que est\u00e3o alagados. Al\u00e9m disso, a grande dificuldade \u00e9 a infraestrutura log\u00edstica de tirar do Rio Grande do Sul, neste momento, e levar para os centros consumidores&#8221;, explicou. Os recursos para a compra p\u00fablica de estoques de arroz empacotado ser\u00e3o viabilizados por meio da abertura de cr\u00e9dito extraordin\u00e1rio.<\/p>\n\n\n\n<p>&#8220;Uma das medidas j\u00e1 est\u00e1 sendo preparada, uma medida provis\u00f3ria autorizando a Conab a fazer compras, na ordem de 1 milh\u00e3o de toneladas, mas n\u00e3o \u00e9 concorrer. A Conab n\u00e3o vai importar arroz e vender aos atacadistas, que s\u00e3o compradores dos produtos do agricultor. O primeiro momento \u00e9 evitar desabastecimento, evitar especula\u00e7\u00e3o&#8221;, acrescentou o ministro. A MP depende da aprova\u00e7\u00e3o, pelo Congresso Nacional, de um decreto legislativo que reconhece a calamidade p\u00fablica no Rio Grande do Sul e, com isso, suspende os limites fiscais impostos pela legisla\u00e7\u00e3o para a amplia\u00e7\u00e3o do or\u00e7amento. O decreto, j\u00e1 foi aprovado na C\u00e2mara dos Deputados, deve ser votado ainda nesta ter\u00e7a pelo Senado.<\/p>\n\n\n\n<h2 class=\"wp-block-heading\">Assa\u00ed e P\u00e3o de A\u00e7\u00facar e a infla\u00e7\u00e3o alimentar<\/h2>\n\n\n\n<p>Segundo o Sachs, os operadores de cash &amp; carry est\u00e3o geralmente bem posicionados para uma potencial reacelera\u00e7\u00e3o na infla\u00e7\u00e3o alimentar, mesmo que tempor\u00e1ria, devido ao seu repasse de pre\u00e7os relativamente imediato e ao valor que oferecem aos consumidores<\/p>\n\n\n\n<p>\u201cConsiderando que a <a class=\"suno-keyword\" data-force=\"yes\" data-priority=\"2\" href=\"https:\/\/www.suno.com.br\/acoes\/asai3\/\" target=\"_blank\" rel=\"noopener\">Assa\u00ed (ASAI3)<\/a> n\u00e3o tem opera\u00e7\u00f5es no estado, acreditamos que a empresa poderia ser a principal benefici\u00e1ria de um aumento na infla\u00e7\u00e3o alimentar em domic\u00edlio. O <a class=\"suno-keyword\" data-force=\"yes\" data-priority=\"2\" href=\"https:\/\/www.suno.com.br\/acoes\/PCAR3\/\" target=\"_blank\" rel=\"noopener\">P\u00e3o de A\u00e7\u00facar (PCAR3)<\/a> tamb\u00e9m n\u00e3o tem opera\u00e7\u00f5es no estado e poderia se beneficiar dessa reacelera\u00e7\u00e3o, embora em menor medida quando comparado \u00e0 ASAI, em nossa opini\u00e3o\u201d, afirma o Sachs.\u00a0<\/p>\n\n\n\n<p>Para o Carrefour, o banco estima que cerca de 9% da \u00e1rea de lojas esteja no RS, o que acredita compensar qualquer benef\u00edcio de uma acelera\u00e7\u00e3o nos pre\u00e7os dos alimentos.<\/p>\n\n\n\n<h2 class=\"wp-block-heading\">Carrefour tem 7 lojas fechadas pelas enchentes no RS<\/h2>\n\n\n\n<p>O Carrefour afirmou ter 7 lojas fechadas em virtude da<strong> inunda\u00e7\u00e3o no Rio Grande do Sul<\/strong>.<\/p>\n\n\n\n<p>A rede, que destinou cestas b\u00e1sicas para doa\u00e7\u00e3o na regi\u00e3o em car\u00e1ter de emerg\u00eancia, tem cerca de 7% das vendas vindas do Estado. No entanto, as lojas fechadas dizem respeito a menos de 1% das vendas do grupo.<\/p>\n\n\n\n<p>O CEO, Stephane Maquaire, afirmou que a companhia busca dar assist\u00eancia aos seus funcion\u00e1rios, bem como prestar ajuda aos moradores do entorno.<\/p>\n\n\n\n<h2 class=\"wp-block-heading\">Braskem, Weg e Gerdau paralisam atividades no RS<\/h2>\n\n\n\n<p>As fortes\u00a0<strong>chuvas que assolam o Rio Grande do Sul<\/strong>\u00a0t\u00eam impactado as atividades de algumas empresas listadas na bolsa brasileira, incluindo\u00a0<a class=\"suno-keyword\" data-force=\"yes\" data-priority=\"2\" href=\"https:\/\/www.suno.com.br\/acoes\/POMO4\/\" target=\"_blank\" rel=\"noopener\">Marcopolo (POMO4)<\/a>,\u00a0<a class=\"suno-keyword\" data-force=\"yes\" data-priority=\"2\" href=\"https:\/\/www.suno.com.br\/acoes\/BRKM5\/\" target=\"_blank\" rel=\"noopener\">Braskem (BRKM5)<\/a>,\u00a0<a class=\"suno-keyword\" data-force=\"yes\" data-priority=\"2\" href=\"https:\/\/www.suno.com.br\/acoes\/GGBR4\/\" target=\"_blank\" rel=\"noopener\">Gerdau (GGBR4)<\/a>\u00a0e\u00a0<a class=\"suno-keyword\" data-force=\"yes\" data-priority=\"2\" href=\"https:\/\/www.suno.com.br\/acoes\/WEGE3\/\" target=\"_blank\" rel=\"noopener\">Weg (WEGE3)<\/a>\u00a0\u2013 sendo que todas estas tiveram que suspender opera\u00e7\u00f5es em algumas de suas unidades.<\/p>\n\n\n\n<p>A&nbsp;<strong>Braskem<\/strong>, maior petroqu\u00edmica do Brasil, iniciou uma parada programada em algumas unidades do Polo Petroqu\u00edmico de Triunfo (RS) devido aos alagamentos e bloqueios de estradas, afetando o fornecimento de insumos.<\/p>\n\n\n\n<p>A&nbsp;<strong>Marcopolo<\/strong>, fabricante de \u00f4nibus, decidiu suspender as opera\u00e7\u00f5es de suas duas unidades em Caxias do Sul como medida preventiva at\u00e9 domingo, devido \u00e0 intensidade das chuvas.<\/p>\n\n\n\t<p>\n\t\t<a href=\"https:\/\/lp.suno.com.br\/ebook-como-analisar-uma-acao\/\" target=\"_blank\" data-element=\"shortcode-suno-banner\" title=\"Banner SUNO, clique e saiba mais\">\n\t\t\t<picture>\n\t\t\t\t<source media=\"(max-width: 500px)\" srcset=\"https:\/\/files.sunoresearch.com.br\/n\/uploads\/2023\/03\/Ebook-Acoes-Mobile.jpg\">\n\t\t\t\t<img class=\"newsContent__article__imgCapa newsContent__article__imgCapa--banner\"\n\t\t\t\t\tsrc=\"https:\/\/files.sunoresearch.com.br\/n\/uploads\/2023\/03\/Ebook-Acoes-Desktop.jpg\"\n\t\t\t\t\tdata-promo-id=\"378302\"\t\t\t\t\t\t\t\t\t\twidth='1420' height='286'\t\t\t\t\talt=\"https:\/\/files.sunoresearch.com.br\/n\/uploads\/2023\/03\/Ebook-Acoes-Desktop.jpg\"\n\t\t\t\t>\n\t\t\t<\/picture>\n\t\t<\/a>\n\t<\/p>\n\n\n\n\n\n<p>A empresa afirmou que a extens\u00e3o da paralisa\u00e7\u00e3o depender\u00e1 das condi\u00e7\u00f5es clim\u00e1ticas do fim de semana.<\/p>\n\n\n\n<p>Da mesma forma a&nbsp;<strong>Gerdau<\/strong>&nbsp;tamb\u00e9m teve que suspender opera\u00e7\u00f5es nas unidades de Charqueadas e Riograndense at\u00e9 domingo, embora n\u00e3o tenham sido diretamente afetadas pelas chuvas.<\/p>\n\n\n\n<p>A decis\u00e3o foi tomada considerando a situa\u00e7\u00e3o dos funcion\u00e1rios e a dificuldade de acesso \u00e0s instala\u00e7\u00f5es.<\/p>\n\n\n\n<p>\u201cNeste momento delicado, temos mobilizado esfor\u00e7os para priorizar a prote\u00e7\u00e3o e seguran\u00e7a das pessoas. Por isso, paralisamos nossas opera\u00e7\u00f5es no Estado at\u00e9 que possamos retomar com seguran\u00e7a. Tamb\u00e9m estamos oferecendo apoio a todos os colaboradores que necessitem\u201d, disse a companhia, em uma postagem no X, antigo Twitter.<\/p>\n\n\n\n<p>A fabricante de equipamentos\u00a0<strong>Weg\u00a0<\/strong>enfrenta desafios semelhantes em suas unidades em Gravata\u00ed e Bento Gon\u00e7alves.<\/p>\n\n\n\n<p>Embora n\u00e3o tenham sido diretamente impactadas pelas <strong>chuvas no<\/strong> <strong>RS<\/strong>, a empresa prioriza a seguran\u00e7a de seus funcion\u00e1rios.<\/p>\n\n\n\n<p><em>Com Ag\u00eancia Brasil<\/em><\/p>\n\n\n\n\n\t<p>\n\t\t<a href=\"https:\/\/lp.suno.com.br\/planilha-da-vida-financeira\/\" target=\"_blank\" data-element=\"shortcode-suno-banner\" title=\"Banner SUNO, clique e saiba mais\">\n\t\t\t<picture>\n\t\t\t\t<source media=\"(max-width: 500px)\" srcset=\"https:\/\/files.sunoresearch.com.br\/n\/uploads\/2023\/04\/400x300-Planilha-vida-financeira-true.png\">\n\t\t\t\t<img class=\"newsContent__article__imgCapa newsContent__article__imgCapa--banner\"\n\t\t\t\t\tsrc=\"https:\/\/files.sunoresearch.com.br\/n\/uploads\/2023\/04\/1420x240-Planilha-vida-financeira-true.png\"\n\t\t\t\t\tdata-promo-id=\"383123\"\t\t\t\t\t\t\t\t\t\twidth='1420' height='240'\t\t\t\t\talt=\"https:\/\/files.sunoresearch.com.br\/n\/uploads\/2023\/04\/1420x240-Planilha-vida-financeira-true.png\"\n\t\t\t\t>\n\t\t\t<\/picture>\n\t\t<\/a>\n\t<\/p>\n\n\n","protected":false},"excerpt":{"rendered":"<p>O desastre natural causado pelas fortes inunda\u00e7\u00f5es e chuvas no estado do Rio Grande do Sul afeta vendas, funcionamento e opera\u00e7\u00f5es de lojas e a distribui\u00e7\u00e3o log\u00edstica para os principais varejistas do estado, como Lojas Renner (LREN3), Arezzo&amp;Co (ARZZ3) e Carrefour (CRFB3).\u00a0Analistas estimaram o impacto das chuvas no RS entre essas empresas. Chuva no RJ [&hellip;]<\/p>\n","protected":false},"author":301,"featured_media":463708,"comment_status":"closed","ping_status":"closed","sticky":false,"template":"","format":"standard","meta":[],"categories":[64],"tags":[286,106043,803],"suno_strategy":[],"class_list":["post-551586","post","type-post","status-publish","format-standard","has-post-thumbnail","hentry","category-negocios","tag-acoes","tag-rio-grande-do-sul","tag-varejo"],"yoast_head":"<!-- This site is optimized with the Yoast SEO plugin v24.4 - https:\/\/yoast.com\/wordpress\/plugins\/seo\/ -->\n<title>Chuva no RS impactam opera\u00e7\u00f5es de empresas varejistas<\/title>\n<meta name=\"description\" content=\"O desastre natural causado pelas fortes chuvas no estado do Rio Grande do Sul (RS) tem 401 cidades afetadas, 80,6% das 497 cidades ga\u00fachas.\" \/>\n<meta name=\"robots\" content=\"index, follow, max-snippet:-1, max-image-preview:large, max-video-preview:-1\" \/>\n<link rel=\"canonical\" href=\"https:\/\/www.suno.com.br\/noticias\/chuva-rs-vai-impactar-varejistas-inflacao-va\/\" \/>\n<meta property=\"og:locale\" content=\"pt_BR\" \/>\n<meta property=\"og:type\" content=\"article\" \/>\n<meta property=\"og:title\" content=\"Chuva no RS impactam opera\u00e7\u00f5es de empresas varejistas\" \/>\n<meta property=\"og:description\" content=\"O desastre natural causado pelas fortes chuvas no estado do Rio Grande do Sul (RS) tem 401 cidades afetadas, 80,6% das 497 cidades ga\u00fachas.\" \/>\n<meta property=\"og:url\" content=\"https:\/\/www.suno.com.br\/noticias\/chuva-rs-vai-impactar-varejistas-inflacao-va\/\" \/>\n<meta property=\"og:site_name\" content=\"Suno Not\u00edcias\" \/>\n<meta property=\"article:publisher\" content=\"https:\/\/facebook.com\/sunoresearch\" \/>\n<meta property=\"og:image\" content=\"https:\/\/files.sunoresearch.com.br\/n\/uploads\/2023\/09\/varejo.jpg\" \/>\n\t<meta property=\"og:image:width\" content=\"1280\" \/>\n\t<meta property=\"og:image:height\" content=\"736\" \/>\n\t<meta property=\"og:image:type\" content=\"image\/jpeg\" \/>\n<meta name=\"author\" content=\"Vin\u00edcius Alves\" \/>\n<meta name=\"twitter:card\" content=\"summary_large_image\" \/>\n<meta name=\"twitter:creator\" content=\"@sunoresearch\" \/>\n<meta name=\"twitter:site\" content=\"@sunoresearch\" \/>\n<meta name=\"twitter:label1\" content=\"Escrito por\" \/>\n\t<meta name=\"twitter:data1\" content=\"Vin\u00edcius Alves\" \/>\n\t<meta name=\"twitter:label2\" content=\"Est. tempo de leitura\" \/>\n\t<meta name=\"twitter:data2\" content=\"8 minutos\" \/>\n<script type=\"application\/ld+json\" class=\"yoast-schema-graph\">{\"@context\":\"https:\/\/schema.org\",\"@graph\":[{\"@type\":\"NewsArticle\",\"@id\":\"https:\/\/www.suno.com.br\/noticias\/chuva-rs-vai-impactar-varejistas-inflacao-va\/#article\",\"isPartOf\":{\"@id\":\"https:\/\/www.suno.com.br\/noticias\/chuva-rs-vai-impactar-varejistas-inflacao-va\/\"},\"author\":{\"name\":\"Vin\u00edcius Alves\",\"@id\":\"https:\/\/www.suno.com.br\/noticias\/#\/schema\/person\/4a180549702d0e236b3e420862bcded3\"},\"headline\":\"Chuvas no RS impactam opera\u00e7\u00f5es de varejistas e podem provocar alta da infla\u00e7\u00e3o\",\"datePublished\":\"2024-05-08T00:56:09+00:00\",\"dateModified\":\"2024-05-08T00:56:20+00:00\",\"mainEntityOfPage\":{\"@id\":\"https:\/\/www.suno.com.br\/noticias\/chuva-rs-vai-impactar-varejistas-inflacao-va\/\"},\"wordCount\":1432,\"publisher\":{\"@id\":\"https:\/\/www.suno.com.br\/noticias\/#organization\"},\"image\":{\"@id\":\"https:\/\/www.suno.com.br\/noticias\/chuva-rs-vai-impactar-varejistas-inflacao-va\/#primaryimage\"},\"thumbnailUrl\":\"https:\/\/files.sunoresearch.com.br\/n\/uploads\/2023\/09\/varejo.jpg\",\"keywords\":[\"A\u00e7\u00f5es\",\"Rio Grande do Sul\",\"varejo\"],\"articleSection\":[\"Neg\u00f3cios\"],\"inLanguage\":\"pt-BR\"},{\"@type\":\"WebPage\",\"@id\":\"https:\/\/www.suno.com.br\/noticias\/chuva-rs-vai-impactar-varejistas-inflacao-va\/\",\"url\":\"https:\/\/www.suno.com.br\/noticias\/chuva-rs-vai-impactar-varejistas-inflacao-va\/\",\"name\":\"Chuva no RS impactam opera\u00e7\u00f5es de empresas varejistas\",\"isPartOf\":{\"@id\":\"https:\/\/www.suno.com.br\/noticias\/#website\"},\"primaryImageOfPage\":{\"@id\":\"https:\/\/www.suno.com.br\/noticias\/chuva-rs-vai-impactar-varejistas-inflacao-va\/#primaryimage\"},\"image\":{\"@id\":\"https:\/\/www.suno.com.br\/noticias\/chuva-rs-vai-impactar-varejistas-inflacao-va\/#primaryimage\"},\"thumbnailUrl\":\"https:\/\/files.sunoresearch.com.br\/n\/uploads\/2023\/09\/varejo.jpg\",\"datePublished\":\"2024-05-08T00:56:09+00:00\",\"dateModified\":\"2024-05-08T00:56:20+00:00\",\"description\":\"O desastre natural causado pelas fortes chuvas no estado do Rio Grande do Sul (RS) tem 401 cidades afetadas, 80,6% das 497 cidades ga\u00fachas.\",\"breadcrumb\":{\"@id\":\"https:\/\/www.suno.com.br\/noticias\/chuva-rs-vai-impactar-varejistas-inflacao-va\/#breadcrumb\"},\"inLanguage\":\"pt-BR\",\"potentialAction\":[{\"@type\":\"ReadAction\",\"target\":[\"https:\/\/www.suno.com.br\/noticias\/chuva-rs-vai-impactar-varejistas-inflacao-va\/\"]}]},{\"@type\":\"ImageObject\",\"inLanguage\":\"pt-BR\",\"@id\":\"https:\/\/www.suno.com.br\/noticias\/chuva-rs-vai-impactar-varejistas-inflacao-va\/#primaryimage\",\"url\":\"https:\/\/files.sunoresearch.com.br\/n\/uploads\/2023\/09\/varejo.jpg\",\"contentUrl\":\"https:\/\/files.sunoresearch.com.br\/n\/uploads\/2023\/09\/varejo.jpg\",\"width\":1280,\"height\":736,\"caption\":\"Chuva no RJ deve impactar varejo. Foto: Pixabay..\"},{\"@type\":\"BreadcrumbList\",\"@id\":\"https:\/\/www.suno.com.br\/noticias\/chuva-rs-vai-impactar-varejistas-inflacao-va\/#breadcrumb\",\"itemListElement\":[{\"@type\":\"ListItem\",\"position\":1,\"name\":\"Not\u00edcias\",\"item\":\"https:\/\/www.suno.com.br\/noticias\/\"},{\"@type\":\"ListItem\",\"position\":2,\"name\":\"Neg\u00f3cios\",\"item\":\"https:\/\/www.suno.com.br\/noticias\/negocios\/\"},{\"@type\":\"ListItem\",\"position\":3,\"name\":\"Chuvas no RS impactam opera\u00e7\u00f5es de varejistas e podem provocar alta da infla\u00e7\u00e3o\"}]},{\"@type\":\"WebSite\",\"@id\":\"https:\/\/www.suno.com.br\/noticias\/#website\",\"url\":\"https:\/\/www.suno.com.br\/noticias\/\",\"name\":\"Suno Not\u00edcias\",\"description\":\"Seu portal de informa\u00e7\u00e3o sobre o mundo dos investimentos\",\"publisher\":{\"@id\":\"https:\/\/www.suno.com.br\/noticias\/#organization\"},\"potentialAction\":[{\"@type\":\"SearchAction\",\"target\":{\"@type\":\"EntryPoint\",\"urlTemplate\":\"https:\/\/www.suno.com.br\/noticias\/?s={search_term_string}\"},\"query-input\":{\"@type\":\"PropertyValueSpecification\",\"valueRequired\":true,\"valueName\":\"search_term_string\"}}],\"inLanguage\":\"pt-BR\"},{\"@type\":\"Organization\",\"@id\":\"https:\/\/www.suno.com.br\/noticias\/#organization\",\"name\":\"Suno Not\u00edcias\",\"url\":\"https:\/\/www.suno.com.br\/noticias\/\",\"logo\":{\"@type\":\"ImageObject\",\"inLanguage\":\"pt-BR\",\"@id\":\"https:\/\/www.suno.com.br\/noticias\/#\/schema\/logo\/image\/\",\"url\":\"https:\/\/files.sunoresearch.com.br\/n\/uploads\/2021\/09\/suno-logo.png\",\"contentUrl\":\"https:\/\/files.sunoresearch.com.br\/n\/uploads\/2021\/09\/suno-logo.png\",\"width\":180,\"height\":180,\"caption\":\"Suno Not\u00edcias\"},\"image\":{\"@id\":\"https:\/\/www.suno.com.br\/noticias\/#\/schema\/logo\/image\/\"},\"sameAs\":[\"https:\/\/facebook.com\/sunoresearch\",\"https:\/\/x.com\/sunoresearch\",\"https:\/\/www.instagram.com\/suno\",\"https:\/\/www.linkedin.com\/company\/suno-research\/\",\"https:\/\/www.youtube.com\/c\/sunoresearch\"]},{\"@type\":\"Person\",\"@id\":\"https:\/\/www.suno.com.br\/noticias\/#\/schema\/person\/4a180549702d0e236b3e420862bcded3\",\"name\":\"Vin\u00edcius Alves\",\"image\":{\"@type\":\"ImageObject\",\"inLanguage\":\"pt-BR\",\"@id\":\"https:\/\/www.suno.com.br\/noticias\/#\/schema\/person\/image\/\",\"url\":\"https:\/\/secure.gravatar.com\/avatar\/a95b7fe6d1b813f7907d4f476d5a39e1?s=96&r=g\",\"contentUrl\":\"https:\/\/secure.gravatar.com\/avatar\/a95b7fe6d1b813f7907d4f476d5a39e1?s=96&r=g\",\"caption\":\"Vin\u00edcius Alves\"},\"description\":\"Jornalista formado na Faculdade C\u00e1sper L\u00edbero. Com passagens pela Ag\u00eancia Estado, InfoMoney e Editora Globo.\",\"url\":\"https:\/\/www.suno.com.br\/noticias\/author\/vini08correiagmail-com\/\"}]}<\/script>\n<!-- \/ Yoast SEO plugin. -->","yoast_head_json":{"title":"Chuva no RS impactam opera\u00e7\u00f5es de empresas varejistas","description":"O desastre natural causado pelas fortes chuvas no estado do Rio Grande do Sul (RS) tem 401 cidades afetadas, 80,6% das 497 cidades ga\u00fachas.","robots":{"index":"index","follow":"follow","max-snippet":"max-snippet:-1","max-image-preview":"max-image-preview:large","max-video-preview":"max-video-preview:-1"},"canonical":"https:\/\/www.suno.com.br\/noticias\/chuva-rs-vai-impactar-varejistas-inflacao-va\/","og_locale":"pt_BR","og_type":"article","og_title":"Chuva no RS impactam opera\u00e7\u00f5es de empresas varejistas","og_description":"O desastre natural causado pelas fortes chuvas no estado do Rio Grande do Sul (RS) tem 401 cidades afetadas, 80,6% das 497 cidades ga\u00fachas.","og_url":"https:\/\/www.suno.com.br\/noticias\/chuva-rs-vai-impactar-varejistas-inflacao-va\/","og_site_name":"Suno Not\u00edcias","article_publisher":"https:\/\/facebook.com\/sunoresearch","og_image":[{"width":1280,"height":736,"url":"https:\/\/files.sunoresearch.com.br\/n\/uploads\/2023\/09\/varejo.jpg","type":"image\/jpeg"}],"author":"Vin\u00edcius Alves","twitter_card":"summary_large_image","twitter_creator":"@sunoresearch","twitter_site":"@sunoresearch","twitter_misc":{"Escrito por":"Vin\u00edcius Alves","Est. tempo de leitura":"8 minutos"},"schema":{"@context":"https:\/\/schema.org","@graph":[{"@type":"NewsArticle","@id":"https:\/\/www.suno.com.br\/noticias\/chuva-rs-vai-impactar-varejistas-inflacao-va\/#article","isPartOf":{"@id":"https:\/\/www.suno.com.br\/noticias\/chuva-rs-vai-impactar-varejistas-inflacao-va\/"},"author":{"name":"Vin\u00edcius Alves","@id":"https:\/\/www.suno.com.br\/noticias\/#\/schema\/person\/4a180549702d0e236b3e420862bcded3"},"headline":"Chuvas no RS impactam opera\u00e7\u00f5es de varejistas e podem provocar alta da infla\u00e7\u00e3o","datePublished":"2024-05-08T00:56:09+00:00","dateModified":"2024-05-08T00:56:20+00:00","mainEntityOfPage":{"@id":"https:\/\/www.suno.com.br\/noticias\/chuva-rs-vai-impactar-varejistas-inflacao-va\/"},"wordCount":1432,"publisher":{"@id":"https:\/\/www.suno.com.br\/noticias\/#organization"},"image":{"@id":"https:\/\/www.suno.com.br\/noticias\/chuva-rs-vai-impactar-varejistas-inflacao-va\/#primaryimage"},"thumbnailUrl":"https:\/\/files.sunoresearch.com.br\/n\/uploads\/2023\/09\/varejo.jpg","keywords":["A\u00e7\u00f5es","Rio Grande do Sul","varejo"],"articleSection":["Neg\u00f3cios"],"inLanguage":"pt-BR"},{"@type":"WebPage","@id":"https:\/\/www.suno.com.br\/noticias\/chuva-rs-vai-impactar-varejistas-inflacao-va\/","url":"https:\/\/www.suno.com.br\/noticias\/chuva-rs-vai-impactar-varejistas-inflacao-va\/","name":"Chuva no RS impactam opera\u00e7\u00f5es de empresas varejistas","isPartOf":{"@id":"https:\/\/www.suno.com.br\/noticias\/#website"},"primaryImageOfPage":{"@id":"https:\/\/www.suno.com.br\/noticias\/chuva-rs-vai-impactar-varejistas-inflacao-va\/#primaryimage"},"image":{"@id":"https:\/\/www.suno.com.br\/noticias\/chuva-rs-vai-impactar-varejistas-inflacao-va\/#primaryimage"},"thumbnailUrl":"https:\/\/files.sunoresearch.com.br\/n\/uploads\/2023\/09\/varejo.jpg","datePublished":"2024-05-08T00:56:09+00:00","dateModified":"2024-05-08T00:56:20+00:00","description":"O desastre natural causado pelas fortes chuvas no estado do Rio Grande do Sul (RS) tem 401 cidades afetadas, 80,6% das 497 cidades ga\u00fachas.","breadcrumb":{"@id":"https:\/\/www.suno.com.br\/noticias\/chuva-rs-vai-impactar-varejistas-inflacao-va\/#breadcrumb"},"inLanguage":"pt-BR","potentialAction":[{"@type":"ReadAction","target":["https:\/\/www.suno.com.br\/noticias\/chuva-rs-vai-impactar-varejistas-inflacao-va\/"]}]},{"@type":"ImageObject","inLanguage":"pt-BR","@id":"https:\/\/www.suno.com.br\/noticias\/chuva-rs-vai-impactar-varejistas-inflacao-va\/#primaryimage","url":"https:\/\/files.sunoresearch.com.br\/n\/uploads\/2023\/09\/varejo.jpg","contentUrl":"https:\/\/files.sunoresearch.com.br\/n\/uploads\/2023\/09\/varejo.jpg","width":1280,"height":736,"caption":"Chuva no RJ deve impactar varejo. Foto: Pixabay.."},{"@type":"BreadcrumbList","@id":"https:\/\/www.suno.com.br\/noticias\/chuva-rs-vai-impactar-varejistas-inflacao-va\/#breadcrumb","itemListElement":[{"@type":"ListItem","position":1,"name":"Not\u00edcias","item":"https:\/\/www.suno.com.br\/noticias\/"},{"@type":"ListItem","position":2,"name":"Neg\u00f3cios","item":"https:\/\/www.suno.com.br\/noticias\/negocios\/"},{"@type":"ListItem","position":3,"name":"Chuvas no RS impactam opera\u00e7\u00f5es de varejistas e podem provocar alta da infla\u00e7\u00e3o"}]},{"@type":"WebSite","@id":"https:\/\/www.suno.com.br\/noticias\/#website","url":"https:\/\/www.suno.com.br\/noticias\/","name":"Suno Not\u00edcias","description":"Seu portal de informa\u00e7\u00e3o sobre o mundo dos investimentos","publisher":{"@id":"https:\/\/www.suno.com.br\/noticias\/#organization"},"potentialAction":[{"@type":"SearchAction","target":{"@type":"EntryPoint","urlTemplate":"https:\/\/www.suno.com.br\/noticias\/?s={search_term_string}"},"query-input":{"@type":"PropertyValueSpecification","valueRequired":true,"valueName":"search_term_string"}}],"inLanguage":"pt-BR"},{"@type":"Organization","@id":"https:\/\/www.suno.com.br\/noticias\/#organization","name":"Suno Not\u00edcias","url":"https:\/\/www.suno.com.br\/noticias\/","logo":{"@type":"ImageObject","inLanguage":"pt-BR","@id":"https:\/\/www.suno.com.br\/noticias\/#\/schema\/logo\/image\/","url":"https:\/\/files.sunoresearch.com.br\/n\/uploads\/2021\/09\/suno-logo.png","contentUrl":"https:\/\/files.sunoresearch.com.br\/n\/uploads\/2021\/09\/suno-logo.png","width":180,"height":180,"caption":"Suno Not\u00edcias"},"image":{"@id":"https:\/\/www.suno.com.br\/noticias\/#\/schema\/logo\/image\/"},"sameAs":["https:\/\/facebook.com\/sunoresearch","https:\/\/x.com\/sunoresearch","https:\/\/www.instagram.com\/suno","https:\/\/www.linkedin.com\/company\/suno-research\/","https:\/\/www.youtube.com\/c\/sunoresearch"]},{"@type":"Person","@id":"https:\/\/www.suno.com.br\/noticias\/#\/schema\/person\/4a180549702d0e236b3e420862bcded3","name":"Vin\u00edcius Alves","image":{"@type":"ImageObject","inLanguage":"pt-BR","@id":"https:\/\/www.suno.com.br\/noticias\/#\/schema\/person\/image\/","url":"https:\/\/secure.gravatar.com\/avatar\/a95b7fe6d1b813f7907d4f476d5a39e1?s=96&r=g","contentUrl":"https:\/\/secure.gravatar.com\/avatar\/a95b7fe6d1b813f7907d4f476d5a39e1?s=96&r=g","caption":"Vin\u00edcius Alves"},"description":"Jornalista formado na Faculdade C\u00e1sper L\u00edbero. Com passagens pela Ag\u00eancia Estado, InfoMoney e Editora Globo.","url":"https:\/\/www.suno.com.br\/noticias\/author\/vini08correiagmail-com\/"}]}},"default_loop_html":"<div class=\"cardsPage__listCard__boxs\"><div class=\"cardsPage__listCard__boxs__img\"><a href=\"https:\/\/www.suno.com.br\/noticias\/chuva-rs-vai-impactar-varejistas-inflacao-va\/\"><img class=\"mask\" src=\"https:\/\/www.suno.com.br\/noticias\/wp-content\/themes\/suno\/resources\/images\/spotlight\/spotlight1img\/bg-mask.png\" alt=\"Image Mask\"\/><img src=\"https:\/\/files.sunoresearch.com.br\/n\/uploads\/2023\/09\/varejo-400x200.jpg\" alt=\"Chuvas no RS impactam opera\u00e7\u00f5es de varejistas e podem provocar alta da infla\u00e7\u00e3o\"\/><\/a><span class=\"spotlightCategory\"><a href=\"https:\/\/www.suno.com.br\/noticias\/negocios\/\">Neg\u00f3cios<\/a><\/span><\/div><div class=\"cardsPage__listCard__boxs__content\"><a href=\"https:\/\/www.suno.com.br\/noticias\/chuva-rs-vai-impactar-varejistas-inflacao-va\/\"><h2 class=\"content__title\">Chuvas no RS impactam opera\u00e7\u00f5es de varejistas e podem provocar alta da infla\u00e7\u00e3o<\/h2><\/a><div class=\"newsContent__article__meta\"><div class=\"newsContent__article__meta__authorBox\"><a href=\"https:\/\/www.suno.com.br\/noticias\/author\/vini08correiagmail-com\/\" class=\"authorBox__avatar noMobi\"><img src=\"https:\/\/files.sunoresearch.com.br\/n\/uploads\/2026\/04\/WhatsApp-Image-2026-04-20-at-19.35.48-150x150.webp\" alt=\"Vin\u00edcius Alves\"><\/a><div class=\"authorBox__name\"><span>por\n\t\t\t<a href=\"https:\/\/www.suno.com.br\/noticias\/author\/vini08correiagmail-com\/\"><span itemprop=\"author\">Vin\u00edcius Alves<\/span><\/a><\/span><time datetime=\"2024-05-07T21:56:09-03:00\" itemprop=\"datePublished\">07\/05\/2024 21:56<\/time><\/div><\/div><\/div><\/div><\/div>","single_layout":"posts","amp_enabled":true,"_links":{"self":[{"href":"https:\/\/www.suno.com.br\/noticias\/wp-json\/wp\/v2\/posts\/551586"}],"collection":[{"href":"https:\/\/www.suno.com.br\/noticias\/wp-json\/wp\/v2\/posts"}],"about":[{"href":"https:\/\/www.suno.com.br\/noticias\/wp-json\/wp\/v2\/types\/post"}],"author":[{"embeddable":true,"href":"https:\/\/www.suno.com.br\/noticias\/wp-json\/wp\/v2\/users\/301"}],"replies":[{"embeddable":true,"href":"https:\/\/www.suno.com.br\/noticias\/wp-json\/wp\/v2\/comments?post=551586"}],"version-history":[{"count":2,"href":"https:\/\/www.suno.com.br\/noticias\/wp-json\/wp\/v2\/posts\/551586\/revisions"}],"predecessor-version":[{"id":551734,"href":"https:\/\/www.suno.com.br\/noticias\/wp-json\/wp\/v2\/posts\/551586\/revisions\/551734"}],"wp:featuredmedia":[{"embeddable":true,"href":"https:\/\/www.suno.com.br\/noticias\/wp-json\/wp\/v2\/media\/463708"}],"wp:attachment":[{"href":"https:\/\/www.suno.com.br\/noticias\/wp-json\/wp\/v2\/media?parent=551586"}],"wp:term":[{"taxonomy":"category","embeddable":true,"href":"https:\/\/www.suno.com.br\/noticias\/wp-json\/wp\/v2\/categories?post=551586"},{"taxonomy":"post_tag","embeddable":true,"href":"https:\/\/www.suno.com.br\/noticias\/wp-json\/wp\/v2\/tags?post=551586"},{"taxonomy":"suno_strategy","embeddable":true,"href":"https:\/\/www.suno.com.br\/noticias\/wp-json\/wp\/v2\/suno_strategy?post=551586"}],"curies":[{"name":"wp","href":"https:\/\/api.w.org\/{rel}","templated":true}]}}