{"id":551464,"date":"2024-05-07T12:12:09","date_gmt":"2024-05-07T15:12:09","guid":{"rendered":"https:\/\/www.suno.com.br\/noticias\/?p=551464"},"modified":"2024-05-07T12:17:05","modified_gmt":"2024-05-07T15:17:05","slug":"itau-itub4-dividendos-banco-excesso-de-capital-evm","status":"publish","type":"post","link":"https:\/\/www.suno.com.br\/noticias\/itau-itub4-dividendos-banco-excesso-de-capital-evm\/","title":{"rendered":"Mais dividendos do Ita\u00fa (ITUB4)? Banco quer calibrar &#8216;excesso de capital&#8217;"},"content":{"rendered":"<p>Em coletiva nesta ter\u00e7a (7), o CEO do <a class=\"suno-keyword\" data-force=\"yes\" data-priority=\"2\" href=\"https:\/\/www.suno.com.br\/acoes\/ITUB4\/\" target=\"_blank\" rel=\"noopener\"><strong>Ita\u00fa<\/strong> (ITUB4)<\/a>, Milton Maluhy Filho, disse que o banco ir\u00e1 calibrar seu excesso de capital e &#8220;eventualmente fazer dividendo extraordin\u00e1rio&#8221;.<\/p><div class=\"videoFull \">\n\t\t\t<div class=\"videoWrapper yt-lazyload center\"\n\t\t\t\tdata-width=\"960\"\n\t\t\t\tdata-height=\"540\"\n\t\t\t\tdata-id=\"ghOya2hd2fU\"\n\t\t\t\tdata-alt=\"V\u00eddeo do YouTube - clique para reproduzir\"\n\t\t\t\tdata-logo=\"3\"\n\t\t\t\tdata-imagequality=\"maxres\">\n\t\t\t<\/div>\n\t\t<\/div><script type=\"application\/ld+json\">{\"@context\":\"https:\/\/schema.org\",\"@type\":\"VideoObject\",\"name\":\"\ud83d\udd34 BRASKEM (BRKM5) AFUNDA COM RECUO DA ADNOC | Fraude no Magazine Luiza (MGLU3)? | Ibovespa cai\",\"description\":\"#mercadofinanceiro #a\u00e7\u00f5es #investimentos #bolsadevalores #ibovespa #dinheiro #finan\u00e7as #pol\u00edtica #d\u00f3lar #livedas19h #petr4 #petr3 #petrobras #vale3 #vale #a\u00e7\u00f5es #economia #dividendos #min\u00e9riodeferro #min\u00e9rio #petr\u00f3leo #commodities #proventos #jcp #statusinvest #statusalpha #braskem #brkm5 #magazineluiza #mglu3 #poa #riograndedosul #rs #bbse3 #bbseguridade \ud83d\udd34SUNO CONSULTORIA: https:\/\/lp.suno.com.br\/ao\/consultoria-de-investimentos\/?utm_source=youtube.noticias&utm_campaign=020524&utm_medium=live \ud83d\udd34\ud83d\udccaINVISTA MELHOR COM STATUS ALPHA: https:\/\/lp.statusinvest.com.br\/ao\/status-alpha\/?utm_source=youtube.noticias&utm_medium=live 00:00 In\u00edcio do v\u00eddeo 02:05 Fechamento de preg\u00e3o 06:50 Fraude no\u2026\",\"duration\":\"PT24M42S\",\"embedUrl\":\"https:\/\/www.youtube.com\/embed\/ghOya2hd2fU\",\"regionsAllowed\":\"en-US\",\"interactionStatistic\":{\"@type\":\"InteractionCounter\",\"interactionType\":{\"@type\":\"WatchAction\"},\"userInteractionCount\":3782},\"thumbnailUrl\":\"https:\/\/i.ytimg.com\/vi\/ghOya2hd2fU\/default.jpg\",\"uploadDate\":\"2024-05-06T22:29:37Z\"}<\/script>\n\n\n\n\n\t<p>\n\t\t<a href=\"\" target=\"_blank\" data-element=\"shortcode-suno-banner\" title=\"Banner SUNO, clique e saiba mais\">\n\t\t\t<picture>\n\t\t\t\t<source media=\"(max-width: 500px)\" srcset=\"\">\n\t\t\t\t<img class=\"newsContent__article__imgCapa newsContent__article__imgCapa--banner\"\n\t\t\t\t\tsrc=\"\"\n\t\t\t\t\tdata-promo-id=\"265406\"\t\t\t\t\t\t\t\t\t\t\t\t\t\t\talt=\"\"\n\t\t\t\t>\n\t\t\t<\/picture>\n\t\t<\/a>\n\t<\/p>\n\n\n\n\n\n\n\n<p>&#8220;Em tendo excesso de capital, a ideia \u00e9 distribuir sim\u201d, disse o <strong>CEO do Ita\u00fa<\/strong> acerca da possibilidade de <strong>dividendos extraordin\u00e1rios<\/strong> durante a teleconfer\u00eancia de resultados da companhia.<\/p>\n\n\n\n<p>A tese \u00e9 de que o Ita\u00fa (<strong>ITUB4<\/strong>) deve chegar ao fim de 2024 com condi\u00e7\u00f5es de pagar <a class=\"suno-keyword\" data-force=\"no\" data-priority=\"1\" href=\"https:\/\/www.suno.com.br\/guias\/dividendos\/\" target=\"_blank\" rel=\"noopener\">dividendos<\/a> extraordin\u00e1rios, por\u00e9m ainda h\u00e1 &#8216;pontos a serem observados&#8217;.<\/p>\n\n\n\n<p>&#8220;T\u00ednhamos expectativa que a reforma tribut\u00e1ria [da renda] poderia custar 60 pontos-base em capita, mas n\u00e3o deve ficar para esse ano de 2024&#8221;, disse Maluhy.<\/p>\n\n\n\n<p>Al\u00e9m disso, o executivo disse que considera mais saud\u00e1vel pagar <strong>dividendos extraordin\u00e1rios do Ita\u00fa<\/strong> ao longo dos anos do que fazer uma distribui\u00e7\u00e3o \u00fanica em uma grande remessa e trabalhar com capital apertado.<\/p>\n\n\n\n<p>&#8220;A nossa pol\u00edtica ser\u00e1 trabalhar com o capital adequado para fazer frente aos desafios, para crescer o banco, investir no neg\u00f3cio, esse \u00e9 o nosso objetivo central&#8221;, declarou.<\/p>\n\n\n\n<p>O CEO considerou que o cen\u00e1rio atual, de o banco estar muito capitalizado, \u00e9 um &#8220;bom problema&#8221;.<\/p>\n\n\n\t<p>\n\t\t<a href=\"https:\/\/lp.suno.com.br\/ebook-como-analisar-uma-acao\/\" target=\"_blank\" data-element=\"shortcode-suno-banner\" title=\"Banner SUNO, clique e saiba mais\">\n\t\t\t<picture>\n\t\t\t\t<source media=\"(max-width: 500px)\" srcset=\"https:\/\/files.sunoresearch.com.br\/n\/uploads\/2023\/03\/Ebook-Acoes-Mobile.jpg\">\n\t\t\t\t<img class=\"newsContent__article__imgCapa newsContent__article__imgCapa--banner\"\n\t\t\t\t\tsrc=\"https:\/\/files.sunoresearch.com.br\/n\/uploads\/2023\/03\/Ebook-Acoes-Desktop.jpg\"\n\t\t\t\t\tdata-promo-id=\"378302\"\t\t\t\t\t\t\t\t\t\twidth='1420' height='286'\t\t\t\t\talt=\"https:\/\/files.sunoresearch.com.br\/n\/uploads\/2023\/03\/Ebook-Acoes-Desktop.jpg\"\n\t\t\t\t>\n\t\t\t<\/picture>\n\t\t<\/a>\n\t<\/p>\n\n\n\n\n\n<h2 class=\"wp-block-heading\">CEO do Ita\u00fa sobre inadimpl\u00eancia<\/h2>\n\n\n\n<p>Durante a <strong>teleconfer\u00eancia de resultados do Ita\u00fa<\/strong>, Maluhy tamb\u00e9m declarou que espera certa estabiliza\u00e7\u00e3o dos \u00edndices de inadimpl\u00eancia em um futuro breve, e eventualmente uma leve queda.<\/p>\n\n\n\n<p>Apesar disso, atrelou esse cen\u00e1rio a um ritmo de crescimento de carteira de cr\u00e9dito e do mix onde essa carteira ser\u00e1 constru\u00edda.<\/p>\n\n\n\n<p>&#8220;Mas o banco est\u00e1 super confort\u00e1vel com os indicadores, eu acho que o pior da crise j\u00e1 ficou para tr\u00e1s no nosso caso h\u00e1 bastante tempo&#8221;, disse. <\/p>\n\n\n\n<p>&#8220;Daqui para frente, talvez, eu espero menos redu\u00e7\u00f5es, s\u00e3o sutis os efeitos, mas uma estabilidade nesses patamares eu acho que \u00e9 bem adequado para a gente continuar crescendo com qualidade&#8221;, acrescentou.<\/p>\n\n\n\n<p>Conforme o <strong><a href=\"https:\/\/www.suno.com.br\/noticias\/itau-itub4-balanco-resultados-1t24-jvj\/#:~:text=O%20Ita%C3%BA%20(ITUB4)%20apresentou%20um,o%20mesmo%20per%C3%ADodo%20de%202023.\">resultado do Ita\u00fa<\/a><\/strong> divulgado na v\u00e9spera, a carteira de cr\u00e9dito total ajustada mostrou uma expans\u00e3o de 2,8%, para R$ 1,18 trilh\u00e3o em mar\u00e7o, enquanto o \u00edndice de inadimpl\u00eancia de 90 dias caiu de 2,9% para 2,7%. <\/p>\n\n\n\n<p>O custo do cr\u00e9dito, por sua vez, somou R$ 8,793 bilh\u00f5es, representando uma queda de 3,2% na base anual.<\/p>\n\n\n\n<p>Segundo o CEO do <strong>Ita\u00fa<\/strong>, esse cen\u00e1rio \u00e9 fruto de uma &#8220;a\u00e7\u00e3o direcional do banco&#8221;, que reduziu exposi\u00e7\u00e3o em determinados segmentos que a companhia entende como menos interessantes.<\/p>\n\n\n\t<p>\n\t\t<a href=\"https:\/\/lp.suno.com.br\/plataforma-de-controle-de-investimentos\/\" target=\"_blank\" data-element=\"shortcode-suno-banner\" title=\"Banner SUNO, clique e saiba mais\">\n\t\t\t<picture>\n\t\t\t\t<source media=\"(max-width: 500px)\" srcset=\"https:\/\/files.sunoresearch.com.br\/n\/uploads\/2023\/03\/400x300-Controle-de-Investimentos.png\">\n\t\t\t\t<img class=\"newsContent__article__imgCapa newsContent__article__imgCapa--banner\"\n\t\t\t\t\tsrc=\"https:\/\/files.sunoresearch.com.br\/n\/uploads\/2023\/03\/1420x240-Controle-de-Investimentos.png\"\n\t\t\t\t\tdata-promo-id=\"383162\"\t\t\t\t\t\t\t\t\t\twidth='1420' height='240'\t\t\t\t\talt=\"https:\/\/files.sunoresearch.com.br\/n\/uploads\/2023\/03\/1420x240-Controle-de-Investimentos.png\"\n\t\t\t\t>\n\t\t\t<\/picture>\n\t\t<\/a>\n\t<\/p>\n\n\n","protected":false},"excerpt":{"rendered":"<p>Em coletiva nesta ter\u00e7a (7), o CEO do Ita\u00fa (ITUB4), Milton Maluhy Filho, disse que o banco ir\u00e1 calibrar seu excesso de capital e &#8220;eventualmente fazer dividendo extraordin\u00e1rio&#8221;. &#8220;Em tendo excesso de capital, a ideia \u00e9 distribuir sim\u201d, disse o CEO do Ita\u00fa acerca da possibilidade de dividendos extraordin\u00e1rios durante a teleconfer\u00eancia de resultados da [&hellip;]<\/p>\n","protected":false},"author":73,"featured_media":266005,"comment_status":"closed","ping_status":"closed","sticky":false,"template":"","format":"standard","meta":[],"categories":[64],"tags":[295,519],"suno_strategy":[],"class_list":["post-551464","post","type-post","status-publish","format-standard","has-post-thumbnail","hentry","category-negocios","tag-dividendos","tag-itau-unibanco-itub3-itub4"],"yoast_head":"<!-- This site is optimized with the Yoast SEO plugin v24.4 - https:\/\/yoast.com\/wordpress\/plugins\/seo\/ -->\n<title>Ita\u00fa (ITUB4): CEO fala sobre possibilidade de dividendos extras<\/title>\n<meta name=\"description\" content=\"&quot;Em tendo excesso de capital, a ideia \u00e9 distribuir sim\u201d, disse o CEO do Ita\u00fa (ITUB4) acerca da possibilidade de dividendos extraordin\u00e1rios\" \/>\n<meta name=\"robots\" content=\"index, follow, max-snippet:-1, max-image-preview:large, max-video-preview:-1\" \/>\n<link rel=\"canonical\" href=\"https:\/\/www.suno.com.br\/noticias\/itau-itub4-dividendos-banco-excesso-de-capital-evm\/\" \/>\n<meta property=\"og:locale\" content=\"pt_BR\" \/>\n<meta property=\"og:type\" content=\"article\" \/>\n<meta property=\"og:title\" content=\"Ita\u00fa (ITUB4): CEO fala sobre possibilidade de dividendos extras\" \/>\n<meta property=\"og:description\" content=\"&quot;Em tendo excesso de capital, a ideia \u00e9 distribuir sim\u201d, disse o CEO do Ita\u00fa (ITUB4) acerca da possibilidade de dividendos extraordin\u00e1rios\" \/>\n<meta property=\"og:url\" content=\"https:\/\/www.suno.com.br\/noticias\/itau-itub4-dividendos-banco-excesso-de-capital-evm\/\" \/>\n<meta property=\"og:site_name\" content=\"Suno Not\u00edcias\" \/>\n<meta property=\"article:publisher\" content=\"https:\/\/facebook.com\/sunoresearch\" \/>\n<meta property=\"og:image\" content=\"https:\/\/files.sunoresearch.com.br\/n\/uploads\/2022\/06\/IMAGEM_NOTICIA_0.jpg\" \/>\n\t<meta property=\"og:image:width\" content=\"1200\" \/>\n\t<meta property=\"og:image:height\" content=\"800\" \/>\n\t<meta property=\"og:image:type\" content=\"image\/jpeg\" \/>\n<meta name=\"author\" content=\"Eduardo Vargas\" \/>\n<meta name=\"twitter:card\" content=\"summary_large_image\" \/>\n<meta name=\"twitter:creator\" content=\"@sunoresearch\" \/>\n<meta name=\"twitter:site\" content=\"@sunoresearch\" \/>\n<meta name=\"twitter:label1\" content=\"Escrito por\" \/>\n\t<meta name=\"twitter:data1\" content=\"Eduardo Vargas\" \/>\n\t<meta name=\"twitter:label2\" content=\"Est. tempo de leitura\" \/>\n\t<meta name=\"twitter:data2\" content=\"3 minutos\" \/>\n<script type=\"application\/ld+json\" class=\"yoast-schema-graph\">{\"@context\":\"https:\/\/schema.org\",\"@graph\":[{\"@type\":\"NewsArticle\",\"@id\":\"https:\/\/www.suno.com.br\/noticias\/itau-itub4-dividendos-banco-excesso-de-capital-evm\/#article\",\"isPartOf\":{\"@id\":\"https:\/\/www.suno.com.br\/noticias\/itau-itub4-dividendos-banco-excesso-de-capital-evm\/\"},\"author\":{\"name\":\"Eduardo Vargas\",\"@id\":\"https:\/\/www.suno.com.br\/noticias\/#\/schema\/person\/7f4d362bf3518e76090143ae77bb49a5\"},\"headline\":\"Mais dividendos do Ita\u00fa (ITUB4)? Banco quer calibrar &#8216;excesso de capital&#8217;\",\"datePublished\":\"2024-05-07T15:12:09+00:00\",\"dateModified\":\"2024-05-07T15:17:05+00:00\",\"mainEntityOfPage\":{\"@id\":\"https:\/\/www.suno.com.br\/noticias\/itau-itub4-dividendos-banco-excesso-de-capital-evm\/\"},\"wordCount\":426,\"publisher\":{\"@id\":\"https:\/\/www.suno.com.br\/noticias\/#organization\"},\"image\":{\"@id\":\"https:\/\/www.suno.com.br\/noticias\/itau-itub4-dividendos-banco-excesso-de-capital-evm\/#primaryimage\"},\"thumbnailUrl\":\"https:\/\/files.sunoresearch.com.br\/n\/uploads\/2022\/06\/IMAGEM_NOTICIA_0.jpg\",\"keywords\":[\"dividendos\",\"Ita\u00fa Unibanco (ITUB3\/ITUB4)\"],\"articleSection\":[\"Neg\u00f3cios\"],\"inLanguage\":\"pt-BR\"},{\"@type\":\"WebPage\",\"@id\":\"https:\/\/www.suno.com.br\/noticias\/itau-itub4-dividendos-banco-excesso-de-capital-evm\/\",\"url\":\"https:\/\/www.suno.com.br\/noticias\/itau-itub4-dividendos-banco-excesso-de-capital-evm\/\",\"name\":\"Ita\u00fa (ITUB4): CEO fala sobre possibilidade de dividendos extras\",\"isPartOf\":{\"@id\":\"https:\/\/www.suno.com.br\/noticias\/#website\"},\"primaryImageOfPage\":{\"@id\":\"https:\/\/www.suno.com.br\/noticias\/itau-itub4-dividendos-banco-excesso-de-capital-evm\/#primaryimage\"},\"image\":{\"@id\":\"https:\/\/www.suno.com.br\/noticias\/itau-itub4-dividendos-banco-excesso-de-capital-evm\/#primaryimage\"},\"thumbnailUrl\":\"https:\/\/files.sunoresearch.com.br\/n\/uploads\/2022\/06\/IMAGEM_NOTICIA_0.jpg\",\"datePublished\":\"2024-05-07T15:12:09+00:00\",\"dateModified\":\"2024-05-07T15:17:05+00:00\",\"description\":\"\\\"Em tendo excesso de capital, a ideia \u00e9 distribuir sim\u201d, disse o CEO do Ita\u00fa (ITUB4) acerca da possibilidade de dividendos extraordin\u00e1rios\",\"breadcrumb\":{\"@id\":\"https:\/\/www.suno.com.br\/noticias\/itau-itub4-dividendos-banco-excesso-de-capital-evm\/#breadcrumb\"},\"inLanguage\":\"pt-BR\",\"potentialAction\":[{\"@type\":\"ReadAction\",\"target\":[\"https:\/\/www.suno.com.br\/noticias\/itau-itub4-dividendos-banco-excesso-de-capital-evm\/\"]}]},{\"@type\":\"ImageObject\",\"inLanguage\":\"pt-BR\",\"@id\":\"https:\/\/www.suno.com.br\/noticias\/itau-itub4-dividendos-banco-excesso-de-capital-evm\/#primaryimage\",\"url\":\"https:\/\/files.sunoresearch.com.br\/n\/uploads\/2022\/06\/IMAGEM_NOTICIA_0.jpg\",\"contentUrl\":\"https:\/\/files.sunoresearch.com.br\/n\/uploads\/2022\/06\/IMAGEM_NOTICIA_0.jpg\",\"width\":1200,\"height\":800,\"caption\":\"Temporada de balan\u00e7os. Foto: Ag\u00eancia Brasil.\"},{\"@type\":\"BreadcrumbList\",\"@id\":\"https:\/\/www.suno.com.br\/noticias\/itau-itub4-dividendos-banco-excesso-de-capital-evm\/#breadcrumb\",\"itemListElement\":[{\"@type\":\"ListItem\",\"position\":1,\"name\":\"Not\u00edcias\",\"item\":\"https:\/\/www.suno.com.br\/noticias\/\"},{\"@type\":\"ListItem\",\"position\":2,\"name\":\"Neg\u00f3cios\",\"item\":\"https:\/\/www.suno.com.br\/noticias\/negocios\/\"},{\"@type\":\"ListItem\",\"position\":3,\"name\":\"Mais dividendos do Ita\u00fa (ITUB4)? Banco quer calibrar &#8216;excesso de capital&#8217;\"}]},{\"@type\":\"WebSite\",\"@id\":\"https:\/\/www.suno.com.br\/noticias\/#website\",\"url\":\"https:\/\/www.suno.com.br\/noticias\/\",\"name\":\"Suno Not\u00edcias\",\"description\":\"Seu portal de informa\u00e7\u00e3o sobre o mundo dos investimentos\",\"publisher\":{\"@id\":\"https:\/\/www.suno.com.br\/noticias\/#organization\"},\"potentialAction\":[{\"@type\":\"SearchAction\",\"target\":{\"@type\":\"EntryPoint\",\"urlTemplate\":\"https:\/\/www.suno.com.br\/noticias\/?s={search_term_string}\"},\"query-input\":{\"@type\":\"PropertyValueSpecification\",\"valueRequired\":true,\"valueName\":\"search_term_string\"}}],\"inLanguage\":\"pt-BR\"},{\"@type\":\"Organization\",\"@id\":\"https:\/\/www.suno.com.br\/noticias\/#organization\",\"name\":\"Suno Not\u00edcias\",\"url\":\"https:\/\/www.suno.com.br\/noticias\/\",\"logo\":{\"@type\":\"ImageObject\",\"inLanguage\":\"pt-BR\",\"@id\":\"https:\/\/www.suno.com.br\/noticias\/#\/schema\/logo\/image\/\",\"url\":\"https:\/\/files.sunoresearch.com.br\/n\/uploads\/2021\/09\/suno-logo.png\",\"contentUrl\":\"https:\/\/files.sunoresearch.com.br\/n\/uploads\/2021\/09\/suno-logo.png\",\"width\":180,\"height\":180,\"caption\":\"Suno Not\u00edcias\"},\"image\":{\"@id\":\"https:\/\/www.suno.com.br\/noticias\/#\/schema\/logo\/image\/\"},\"sameAs\":[\"https:\/\/facebook.com\/sunoresearch\",\"https:\/\/x.com\/sunoresearch\",\"https:\/\/www.instagram.com\/suno\",\"https:\/\/www.linkedin.com\/company\/suno-research\/\",\"https:\/\/www.youtube.com\/c\/sunoresearch\"]},{\"@type\":\"Person\",\"@id\":\"https:\/\/www.suno.com.br\/noticias\/#\/schema\/person\/7f4d362bf3518e76090143ae77bb49a5\",\"name\":\"Eduardo Vargas\",\"image\":{\"@type\":\"ImageObject\",\"inLanguage\":\"pt-BR\",\"@id\":\"https:\/\/www.suno.com.br\/noticias\/#\/schema\/person\/image\/\",\"url\":\"https:\/\/secure.gravatar.com\/avatar\/dac340933427a22924c9f99d1eb2e3f2?s=96&r=g\",\"contentUrl\":\"https:\/\/secure.gravatar.com\/avatar\/dac340933427a22924c9f99d1eb2e3f2?s=96&r=g\",\"caption\":\"Eduardo Vargas\"},\"description\":\"Jornalista formado pela UFSC, cobre macroeconomia, neg\u00f3cios e startups para o Suno Not\u00edcias, escrevendo principalmente not\u00edcias sobre o mercado financeiro e a bolsa de valores. No YouTube e no Instagram, \u00e9 respons\u00e1vel pela produ\u00e7\u00e3o de Reels e Shorts do Suno Not\u00edcias. Anteriormente, trabalhou cobrindo economia e cotidiano no ND+ e para o ND, maior jornal impresso de Santa Catarina. Cursou um semestre letivo de Estudos de M\u00eddia na Universidad de Buenos Aires.\",\"url\":\"https:\/\/www.suno.com.br\/noticias\/author\/eduardo-vargas\/\"}]}<\/script>\n<!-- \/ Yoast SEO plugin. -->","yoast_head_json":{"title":"Ita\u00fa (ITUB4): CEO fala sobre possibilidade de dividendos extras","description":"\"Em tendo excesso de capital, a ideia \u00e9 distribuir sim\u201d, disse o CEO do Ita\u00fa (ITUB4) acerca da possibilidade de dividendos extraordin\u00e1rios","robots":{"index":"index","follow":"follow","max-snippet":"max-snippet:-1","max-image-preview":"max-image-preview:large","max-video-preview":"max-video-preview:-1"},"canonical":"https:\/\/www.suno.com.br\/noticias\/itau-itub4-dividendos-banco-excesso-de-capital-evm\/","og_locale":"pt_BR","og_type":"article","og_title":"Ita\u00fa (ITUB4): CEO fala sobre possibilidade de dividendos extras","og_description":"\"Em tendo excesso de capital, a ideia \u00e9 distribuir sim\u201d, disse o CEO do Ita\u00fa (ITUB4) acerca da possibilidade de dividendos extraordin\u00e1rios","og_url":"https:\/\/www.suno.com.br\/noticias\/itau-itub4-dividendos-banco-excesso-de-capital-evm\/","og_site_name":"Suno Not\u00edcias","article_publisher":"https:\/\/facebook.com\/sunoresearch","og_image":[{"width":1200,"height":800,"url":"https:\/\/files.sunoresearch.com.br\/n\/uploads\/2022\/06\/IMAGEM_NOTICIA_0.jpg","type":"image\/jpeg"}],"author":"Eduardo Vargas","twitter_card":"summary_large_image","twitter_creator":"@sunoresearch","twitter_site":"@sunoresearch","twitter_misc":{"Escrito por":"Eduardo Vargas","Est. tempo de leitura":"3 minutos"},"schema":{"@context":"https:\/\/schema.org","@graph":[{"@type":"NewsArticle","@id":"https:\/\/www.suno.com.br\/noticias\/itau-itub4-dividendos-banco-excesso-de-capital-evm\/#article","isPartOf":{"@id":"https:\/\/www.suno.com.br\/noticias\/itau-itub4-dividendos-banco-excesso-de-capital-evm\/"},"author":{"name":"Eduardo Vargas","@id":"https:\/\/www.suno.com.br\/noticias\/#\/schema\/person\/7f4d362bf3518e76090143ae77bb49a5"},"headline":"Mais dividendos do Ita\u00fa (ITUB4)? Banco quer calibrar &#8216;excesso de capital&#8217;","datePublished":"2024-05-07T15:12:09+00:00","dateModified":"2024-05-07T15:17:05+00:00","mainEntityOfPage":{"@id":"https:\/\/www.suno.com.br\/noticias\/itau-itub4-dividendos-banco-excesso-de-capital-evm\/"},"wordCount":426,"publisher":{"@id":"https:\/\/www.suno.com.br\/noticias\/#organization"},"image":{"@id":"https:\/\/www.suno.com.br\/noticias\/itau-itub4-dividendos-banco-excesso-de-capital-evm\/#primaryimage"},"thumbnailUrl":"https:\/\/files.sunoresearch.com.br\/n\/uploads\/2022\/06\/IMAGEM_NOTICIA_0.jpg","keywords":["dividendos","Ita\u00fa Unibanco (ITUB3\/ITUB4)"],"articleSection":["Neg\u00f3cios"],"inLanguage":"pt-BR"},{"@type":"WebPage","@id":"https:\/\/www.suno.com.br\/noticias\/itau-itub4-dividendos-banco-excesso-de-capital-evm\/","url":"https:\/\/www.suno.com.br\/noticias\/itau-itub4-dividendos-banco-excesso-de-capital-evm\/","name":"Ita\u00fa (ITUB4): CEO fala sobre possibilidade de dividendos extras","isPartOf":{"@id":"https:\/\/www.suno.com.br\/noticias\/#website"},"primaryImageOfPage":{"@id":"https:\/\/www.suno.com.br\/noticias\/itau-itub4-dividendos-banco-excesso-de-capital-evm\/#primaryimage"},"image":{"@id":"https:\/\/www.suno.com.br\/noticias\/itau-itub4-dividendos-banco-excesso-de-capital-evm\/#primaryimage"},"thumbnailUrl":"https:\/\/files.sunoresearch.com.br\/n\/uploads\/2022\/06\/IMAGEM_NOTICIA_0.jpg","datePublished":"2024-05-07T15:12:09+00:00","dateModified":"2024-05-07T15:17:05+00:00","description":"\"Em tendo excesso de capital, a ideia \u00e9 distribuir sim\u201d, disse o CEO do Ita\u00fa (ITUB4) acerca da possibilidade de dividendos extraordin\u00e1rios","breadcrumb":{"@id":"https:\/\/www.suno.com.br\/noticias\/itau-itub4-dividendos-banco-excesso-de-capital-evm\/#breadcrumb"},"inLanguage":"pt-BR","potentialAction":[{"@type":"ReadAction","target":["https:\/\/www.suno.com.br\/noticias\/itau-itub4-dividendos-banco-excesso-de-capital-evm\/"]}]},{"@type":"ImageObject","inLanguage":"pt-BR","@id":"https:\/\/www.suno.com.br\/noticias\/itau-itub4-dividendos-banco-excesso-de-capital-evm\/#primaryimage","url":"https:\/\/files.sunoresearch.com.br\/n\/uploads\/2022\/06\/IMAGEM_NOTICIA_0.jpg","contentUrl":"https:\/\/files.sunoresearch.com.br\/n\/uploads\/2022\/06\/IMAGEM_NOTICIA_0.jpg","width":1200,"height":800,"caption":"Temporada de balan\u00e7os. Foto: Ag\u00eancia Brasil."},{"@type":"BreadcrumbList","@id":"https:\/\/www.suno.com.br\/noticias\/itau-itub4-dividendos-banco-excesso-de-capital-evm\/#breadcrumb","itemListElement":[{"@type":"ListItem","position":1,"name":"Not\u00edcias","item":"https:\/\/www.suno.com.br\/noticias\/"},{"@type":"ListItem","position":2,"name":"Neg\u00f3cios","item":"https:\/\/www.suno.com.br\/noticias\/negocios\/"},{"@type":"ListItem","position":3,"name":"Mais dividendos do Ita\u00fa (ITUB4)? Banco quer calibrar &#8216;excesso de capital&#8217;"}]},{"@type":"WebSite","@id":"https:\/\/www.suno.com.br\/noticias\/#website","url":"https:\/\/www.suno.com.br\/noticias\/","name":"Suno Not\u00edcias","description":"Seu portal de informa\u00e7\u00e3o sobre o mundo dos investimentos","publisher":{"@id":"https:\/\/www.suno.com.br\/noticias\/#organization"},"potentialAction":[{"@type":"SearchAction","target":{"@type":"EntryPoint","urlTemplate":"https:\/\/www.suno.com.br\/noticias\/?s={search_term_string}"},"query-input":{"@type":"PropertyValueSpecification","valueRequired":true,"valueName":"search_term_string"}}],"inLanguage":"pt-BR"},{"@type":"Organization","@id":"https:\/\/www.suno.com.br\/noticias\/#organization","name":"Suno Not\u00edcias","url":"https:\/\/www.suno.com.br\/noticias\/","logo":{"@type":"ImageObject","inLanguage":"pt-BR","@id":"https:\/\/www.suno.com.br\/noticias\/#\/schema\/logo\/image\/","url":"https:\/\/files.sunoresearch.com.br\/n\/uploads\/2021\/09\/suno-logo.png","contentUrl":"https:\/\/files.sunoresearch.com.br\/n\/uploads\/2021\/09\/suno-logo.png","width":180,"height":180,"caption":"Suno Not\u00edcias"},"image":{"@id":"https:\/\/www.suno.com.br\/noticias\/#\/schema\/logo\/image\/"},"sameAs":["https:\/\/facebook.com\/sunoresearch","https:\/\/x.com\/sunoresearch","https:\/\/www.instagram.com\/suno","https:\/\/www.linkedin.com\/company\/suno-research\/","https:\/\/www.youtube.com\/c\/sunoresearch"]},{"@type":"Person","@id":"https:\/\/www.suno.com.br\/noticias\/#\/schema\/person\/7f4d362bf3518e76090143ae77bb49a5","name":"Eduardo Vargas","image":{"@type":"ImageObject","inLanguage":"pt-BR","@id":"https:\/\/www.suno.com.br\/noticias\/#\/schema\/person\/image\/","url":"https:\/\/secure.gravatar.com\/avatar\/dac340933427a22924c9f99d1eb2e3f2?s=96&r=g","contentUrl":"https:\/\/secure.gravatar.com\/avatar\/dac340933427a22924c9f99d1eb2e3f2?s=96&r=g","caption":"Eduardo Vargas"},"description":"Jornalista formado pela UFSC, cobre macroeconomia, neg\u00f3cios e startups para o Suno Not\u00edcias, escrevendo principalmente not\u00edcias sobre o mercado financeiro e a bolsa de valores. No YouTube e no Instagram, \u00e9 respons\u00e1vel pela produ\u00e7\u00e3o de Reels e Shorts do Suno Not\u00edcias. Anteriormente, trabalhou cobrindo economia e cotidiano no ND+ e para o ND, maior jornal impresso de Santa Catarina. Cursou um semestre letivo de Estudos de M\u00eddia na Universidad de Buenos Aires.","url":"https:\/\/www.suno.com.br\/noticias\/author\/eduardo-vargas\/"}]}},"default_loop_html":"<div class=\"cardsPage__listCard__boxs\"><div class=\"cardsPage__listCard__boxs__img\"><a href=\"https:\/\/www.suno.com.br\/noticias\/itau-itub4-dividendos-banco-excesso-de-capital-evm\/\"><img class=\"mask\" src=\"https:\/\/www.suno.com.br\/noticias\/wp-content\/themes\/suno\/resources\/images\/spotlight\/spotlight1img\/bg-mask.png\" alt=\"Image Mask\"\/><img src=\"https:\/\/files.sunoresearch.com.br\/n\/uploads\/2022\/06\/IMAGEM_NOTICIA_0-400x200.jpg\" alt=\"Mais dividendos do Ita\u00fa (ITUB4)? Banco quer calibrar &#8216;excesso de capital&#8217;\"\/><\/a><span class=\"spotlightCategory\"><a href=\"https:\/\/www.suno.com.br\/noticias\/negocios\/\">Neg\u00f3cios<\/a><\/span><\/div><div class=\"cardsPage__listCard__boxs__content\"><a href=\"https:\/\/www.suno.com.br\/noticias\/itau-itub4-dividendos-banco-excesso-de-capital-evm\/\"><h2 class=\"content__title\">Mais dividendos do Ita\u00fa (ITUB4)? Banco quer calibrar &#8216;excesso de capital&#8217;<\/h2><\/a><div class=\"newsContent__article__meta\"><div class=\"newsContent__article__meta__authorBox\"><a href=\"https:\/\/www.suno.com.br\/noticias\/author\/eduardo-vargas\/\" class=\"authorBox__avatar noMobi\"><img src=\"https:\/\/secure.gravatar.com\/avatar\/dac340933427a22924c9f99d1eb2e3f2?s=96&#038;r=g\" alt=\"Eduardo Vargas\"><\/a><div class=\"authorBox__name\"><span>por\n\t\t\t<a href=\"https:\/\/www.suno.com.br\/noticias\/author\/eduardo-vargas\/\"><span itemprop=\"author\">Eduardo Vargas<\/span><\/a><\/span><time datetime=\"2024-05-07T12:12:09-03:00\" itemprop=\"datePublished\">07\/05\/2024 12:12<\/time><\/div><\/div><\/div><\/div><\/div>","single_layout":"posts","amp_enabled":true,"_links":{"self":[{"href":"https:\/\/www.suno.com.br\/noticias\/wp-json\/wp\/v2\/posts\/551464"}],"collection":[{"href":"https:\/\/www.suno.com.br\/noticias\/wp-json\/wp\/v2\/posts"}],"about":[{"href":"https:\/\/www.suno.com.br\/noticias\/wp-json\/wp\/v2\/types\/post"}],"author":[{"embeddable":true,"href":"https:\/\/www.suno.com.br\/noticias\/wp-json\/wp\/v2\/users\/73"}],"replies":[{"embeddable":true,"href":"https:\/\/www.suno.com.br\/noticias\/wp-json\/wp\/v2\/comments?post=551464"}],"version-history":[{"count":2,"href":"https:\/\/www.suno.com.br\/noticias\/wp-json\/wp\/v2\/posts\/551464\/revisions"}],"predecessor-version":[{"id":551476,"href":"https:\/\/www.suno.com.br\/noticias\/wp-json\/wp\/v2\/posts\/551464\/revisions\/551476"}],"wp:featuredmedia":[{"embeddable":true,"href":"https:\/\/www.suno.com.br\/noticias\/wp-json\/wp\/v2\/media\/266005"}],"wp:attachment":[{"href":"https:\/\/www.suno.com.br\/noticias\/wp-json\/wp\/v2\/media?parent=551464"}],"wp:term":[{"taxonomy":"category","embeddable":true,"href":"https:\/\/www.suno.com.br\/noticias\/wp-json\/wp\/v2\/categories?post=551464"},{"taxonomy":"post_tag","embeddable":true,"href":"https:\/\/www.suno.com.br\/noticias\/wp-json\/wp\/v2\/tags?post=551464"},{"taxonomy":"suno_strategy","embeddable":true,"href":"https:\/\/www.suno.com.br\/noticias\/wp-json\/wp\/v2\/suno_strategy?post=551464"}],"curies":[{"name":"wp","href":"https:\/\/api.w.org\/{rel}","templated":true}]}}