{"id":551458,"date":"2024-05-07T13:34:47","date_gmt":"2024-05-07T16:34:47","guid":{"rendered":"https:\/\/www.suno.com.br\/noticias\/?p=551458"},"modified":"2024-05-07T13:34:53","modified_gmt":"2024-05-07T16:34:53","slug":"embraer-embr3-1t24-btg-gpj","status":"publish","type":"post","link":"https:\/\/www.suno.com.br\/noticias\/embraer-embr3-1t24-btg-gpj\/","title":{"rendered":"Embraer (EMBR3): balan\u00e7o do 1T24 tem n\u00fameros fracos, mas dados indicam recupera\u00e7\u00e3o, segundo o BTG; a\u00e7\u00f5es caem no Ibovespa"},"content":{"rendered":"<p>Em relat\u00f3rio sobre a <a href=\"https:\/\/www.suno.com.br\/acoes\/EMBR3\/\"><strong>Embraer<\/strong> (EMBR3)<\/a>, analistas do BTG Pactual pontuaram que os resultados do 1T24 da companhia vieram sazonalmente mais fracos, mas que esperam uma recupera\u00e7\u00e3o ao longo do ano. As a\u00e7\u00f5es da companhia caem nesta ter\u00e7a-feira (7) no Ibovespa.<\/p>\t<div class=\"wrapper-featured-image\">\n\t\t<figure class=\"spotlightImg\">\n\n\t\t\t<picture>\n\t\t\t\t<source media=\"(max-width: 768px)\" srcset=\"https:\/\/files.sunoresearch.com.br\/n\/uploads\/2022\/11\/embraer-embr3-400x200.jpg\">\n\t\t\t\t<img loading=\"lazy\" decoding=\"async\" class=\"newsContent__article__imgCapa lazyloadDisabled \" src=\"https:\/\/files.sunoresearch.com.br\/n\/uploads\/2022\/11\/embraer-embr3-800x450.jpg\" width=\"800\" height=\"450\" alt=\"Embraer (EMBR3): balan\u00e7o do 1T24 tem n\u00fameros fracos, mas dados indicam recupera\u00e7\u00e3o, segundo o BTG; a\u00e7\u00f5es caem no Ibovespa\" fetchpriority=high \/>\n\t\t\t<\/picture>\n\n\t\t\t<figcaption class=\"wp-caption-text wp-caption-text--show\">Embraer (EMBR3). Foto: Divulga\u00e7\u00e3o.<\/figcaption>\n\t\t<\/figure>\n\t<\/div>\n\n\n\n\n\n\n\n\t<p>\n\t\t<a href=\"https:\/\/lp.suno.com.br\/planilha-da-vida-financeira\/\" target=\"_blank\" data-element=\"shortcode-suno-banner\" title=\"Banner SUNO, clique e saiba mais\">\n\t\t\t<picture>\n\t\t\t\t<source media=\"(max-width: 500px)\" srcset=\"https:\/\/files.sunoresearch.com.br\/n\/uploads\/2023\/04\/400x300-Planilha-vida-financeira-true.png\">\n\t\t\t\t<img class=\"newsContent__article__imgCapa newsContent__article__imgCapa--banner\"\n\t\t\t\t\tsrc=\"https:\/\/files.sunoresearch.com.br\/n\/uploads\/2023\/04\/1420x240-Planilha-vida-financeira-true.png\"\n\t\t\t\t\tdata-promo-id=\"106682\"\t\t\t\t\t\t\t\t\t\twidth='1420' height='240'\t\t\t\t\talt=\"https:\/\/files.sunoresearch.com.br\/n\/uploads\/2023\/04\/1420x240-Planilha-vida-financeira-true.png\"\n\t\t\t\t>\n\t\t\t<\/picture>\n\t\t<\/a>\n\t<\/p>\n\n\n\n\n\n<p>No intradia, as <strong>a\u00e7\u00f5es<\/strong> <strong>EMBR3<\/strong> ca\u00edam 0,96%, cotadas a R$ 34,02.<\/p>\n\n\n\n<div class=\"pluginQuotation\">\n  <p class=\"ticker\">\n    Cota\u00e7\u00e3o <span>EMBR3<\/span>\n  <\/p>\n  <div class=\"info\">\n    <div class=\"leftSide\">\n      Gr\u00e1fico gerado em: 07\/05\/2024    <\/div>\n\t\t\t\t\t<div class=\"rightSide\">\n\t\t\t\t\t<span class=\"period\">\n\t\t\t\t\t\t1 Dia\t\t\t\t\t<\/span>\n\t\t\t<\/div>\n\t\t  <\/div>\n\n  <div id=\"chart-2db72492b396d64b4bb9f1dd9d4b1b6c\" data-block-hash=\"2db72492b396d64b4bb9f1dd9d4b1b6c\"  class=\"chart\" style=\"width:100%;height:400px;\"><\/div>\n\n  <div class=\"pluginQuotation__footer\">\n    <div class=\"dataChart\">\n\n      <div class=\"dataChart__div1 variation\">\n        <div class=\"value-negative\">\n          -2,46 (-0,83%)        <\/div>\n        <div class=\"text\">\n          Varia\u00e7\u00e3o do per\u00edodo\n        <\/div>\n      <\/div>\n\n      <div class=\"dataChart__div2 minMax\">\n        <div class=\"value\">\n          R$\u00a032,91        <\/div>\n        <div class=\"text\">\n          M\u00ednima\n        <\/div>\n      <\/div>\n\n      <div class=\"dataChart__div3 minMax\">\n        <div class=\"value\">\n          R$\u00a033,80        <\/div>\n        <div class=\"text\">\n          M\u00e1xima\n        <\/div>\n      <\/div>\n\n\t\t\t<div class=\"dataChart__div4 rightSide\">\n\t\t\t\t<div class=\"analiticaSource\">\n\t\t\t\t\t<span>\n\t\t\t\t\t\tFonte:\n\t\t\t\t\t<\/span>\n\t\t\t\t\t<img decoding=\"async\" class=\"analiticaLogo\" src=\"https:\/\/www.suno.com.br\/noticias\/wp-content\/plugins\/suno-block-ticker-quotation\/src\/suno-analitica-logo.png\" alt=\"Logo Suno Anal\u00edtica\" \/>\n\t\t\t\t<\/div>\n\n\t\t\t\t<a href=\"https:\/\/www.suno.com.br\/analitica\/acoes\/EMBR3\" target=\"_blank\">\n\t\t\t\t\t<span>\n\t\t\t\t\t\tVer mais cota\u00e7\u00f5es\n\t\t\t\t\t<\/span>\n\t\t\t\t\t<svg xmlns=\"http:\/\/www.w3.org\/2000\/svg\" width=\"9\" height=\"8\" viewBox=\"0 0 9 8\" fill=\"none\">\n\t\t\t\t\t\t<path d=\"M4.20996 0L3.50496 0.705L6.29496 3.5H0.209961V4.5H6.29496L3.50496 7.295L4.20996 8L8.20996 4L4.20996 0Z\" fill=\"#D42126\" \/>\n\t\t\t\t\t<\/svg>\n\t\t\t\t<\/a>\n    <\/div>\n\n    <\/div>\n  <\/div>\n<\/div>\n\n\n<script type=\"text\/javascript\">\n  let chart_2db72492b396d64b4bb9f1dd9d4b1b6c = document.getElementById('chart-2db72492b396d64b4bb9f1dd9d4b1b6c');\n  let data_json_2db72492b396d64b4bb9f1dd9d4b1b6c = \"[{\\\"date\\\":\\\"07\\\\\\\/05\\\\\\\/24 10:30\\\",\\\"value\\\":33.8},{\\\"date\\\":\\\"07\\\\\\\/05\\\\\\\/24 10:32\\\",\\\"value\\\":33.33},{\\\"date\\\":\\\"07\\\\\\\/05\\\\\\\/24 10:34\\\",\\\"value\\\":33.32},{\\\"date\\\":\\\"07\\\\\\\/05\\\\\\\/24 10:36\\\",\\\"value\\\":33.21},{\\\"date\\\":\\\"07\\\\\\\/05\\\\\\\/24 10:38\\\",\\\"value\\\":32.91},{\\\"date\\\":\\\"07\\\\\\\/05\\\\\\\/24 10:40\\\",\\\"value\\\":32.95},{\\\"date\\\":\\\"07\\\\\\\/05\\\\\\\/24 10:42\\\",\\\"value\\\":33.11},{\\\"date\\\":\\\"07\\\\\\\/05\\\\\\\/24 10:44\\\",\\\"value\\\":32.98},{\\\"date\\\":\\\"07\\\\\\\/05\\\\\\\/24 10:46\\\",\\\"value\\\":33.12},{\\\"date\\\":\\\"07\\\\\\\/05\\\\\\\/24 10:48\\\",\\\"value\\\":33.27},{\\\"date\\\":\\\"07\\\\\\\/05\\\\\\\/24 10:50\\\",\\\"value\\\":33.34},{\\\"date\\\":\\\"07\\\\\\\/05\\\\\\\/24 10:52\\\",\\\"value\\\":33.21},{\\\"date\\\":\\\"07\\\\\\\/05\\\\\\\/24 10:54\\\",\\\"value\\\":33.21},{\\\"date\\\":\\\"07\\\\\\\/05\\\\\\\/24 10:56\\\",\\\"value\\\":33.04},{\\\"date\\\":\\\"07\\\\\\\/05\\\\\\\/24 10:58\\\",\\\"value\\\":33.15},{\\\"date\\\":\\\"07\\\\\\\/05\\\\\\\/24 11:00\\\",\\\"value\\\":33.43},{\\\"date\\\":\\\"07\\\\\\\/05\\\\\\\/24 11:02\\\",\\\"value\\\":33.21},{\\\"date\\\":\\\"07\\\\\\\/05\\\\\\\/24 11:04\\\",\\\"value\\\":33.24},{\\\"date\\\":\\\"07\\\\\\\/05\\\\\\\/24 11:06\\\",\\\"value\\\":33.3},{\\\"date\\\":\\\"07\\\\\\\/05\\\\\\\/24 11:08\\\",\\\"value\\\":33.48},{\\\"date\\\":\\\"07\\\\\\\/05\\\\\\\/24 11:10\\\",\\\"value\\\":32.97},{\\\"date\\\":\\\"07\\\\\\\/05\\\\\\\/24 11:12\\\",\\\"value\\\":33.54},{\\\"date\\\":\\\"07\\\\\\\/05\\\\\\\/24 11:14\\\",\\\"value\\\":32.97}]\";\n  let isPositive_2db72492b396d64b4bb9f1dd9d4b1b6c = \"\";\n\n  let color_2db72492b396d64b4bb9f1dd9d4b1b6c = isPositive_2db72492b396d64b4bb9f1dd9d4b1b6c ? '#3AB53A' : '#D92C2D';\n\n  let data_2db72492b396d64b4bb9f1dd9d4b1b6c = JSON.parse(data_json_2db72492b396d64b4bb9f1dd9d4b1b6c);\n\n  const result_2db72492b396d64b4bb9f1dd9d4b1b6c = {\n    date: [],\n    value: [],\n  };\n\n  data_2db72492b396d64b4bb9f1dd9d4b1b6c.forEach((item) => {\n    result_2db72492b396d64b4bb9f1dd9d4b1b6c.date.push(item.date);\n    result_2db72492b396d64b4bb9f1dd9d4b1b6c.value.push(Number(item.value));\n  });\n\n  let option_2db72492b396d64b4bb9f1dd9d4b1b6c = {\n    \/\/ variavel de cor global\n    color: [color_2db72492b396d64b4bb9f1dd9d4b1b6c],\n    title: {\n      text: '',\n    },\n    tooltip: {\n      trigger: 'axis',\n      axisPointer: {\n        type: 'cross',\n        label: {\n          \/\/ cor dos valores em X e Y\n          backgroundColor: color_2db72492b396d64b4bb9f1dd9d4b1b6c,\n          formatter: (value) => {\n            if (typeof value.value === 'number') {\n              return Number(value.value).toLocaleString('pt-br', {\n                style: 'currency',\n                currency: 'BRL'\n              });\n            }\n            return value.value;\n          },\n        },\n      },\n      valueFormatter: (value) => Number(value).toLocaleString('pt-br', {\n        style: 'currency',\n        currency: 'BRL'\n      }),\n    },\n    legend: {\n      \/\/ data: ['Valor de Fechamento'],\n      show: false,\n    },\n    toolbox: {\n      feature: {\n        saveAsImage: {\n          show: false,\n        },\n      },\n    },\n    grid: {\n      left: '0px',\n      right: '0px',\n      bottom: '0px',\n      containLabel: true,\n    },\n    xAxis: [{\n      type: 'category',\n      data: result_2db72492b396d64b4bb9f1dd9d4b1b6c.date,\n      boundaryGap: true,\n    }],\n    yAxis: [{\n      type: 'value',\n      min: Math.min(...result_2db72492b396d64b4bb9f1dd9d4b1b6c.value),\n      max: Math.max(...result_2db72492b396d64b4bb9f1dd9d4b1b6c.value),\n      axisLabel: {\n        formatter: (value) => value.toLocaleString('pt-br', {\n          style: 'currency',\n          currency: 'BRL'\n        }),\n      },\n    }],\n    series: [{\n      name: 'Valor de Fechamento',\n      type: 'line',\n      stack: 'Total',\n      \/\/ cor do grafico\n      areaStyle: {},\n      emphasis: {\n        focus: 'series',\n      },\n      data: result_2db72492b396d64b4bb9f1dd9d4b1b6c.value,\n      \/\/ cor da linha\n      lineStyle: {\n        color: color_2db72492b396d64b4bb9f1dd9d4b1b6c,\n      },\n    }, ],\n  };\n\n\twindow.chart_2db72492b396d64b4bb9f1dd9d4b1b6c = {\n\t\tel: chart_2db72492b396d64b4bb9f1dd9d4b1b6c,\n\t\toption: option_2db72492b396d64b4bb9f1dd9d4b1b6c\t};\n\n\n<\/script>\n\n\n\n<p>No primeiro trimestre de 2024 (1T24), a Embraer (<strong>EMBR3<\/strong>) teve um preju\u00edzo l\u00edquido ajustado de R$ 63,5 milh\u00f5es, queda de 86,2% ante preju\u00edzo de R$ 460,5 milh\u00f5es no mesmo per\u00edodo do ano anterior. <\/p>\n\n\n\n<p>De janeiro a mar\u00e7o, considerando o resultado atribu\u00eddo aos acionistas, o <strong>1T24 da Embraer<\/strong> apontou lucro de R$ 142,7 milh\u00f5es, ante R$ 943,6 milh\u00f5es reportado no primeiro trimestre de 2023.<\/p>\n\n\n\t<div data-element=\"shortcode-read-more\" class=\"knowMore\">\n\t\t\t\t<span class=\"knowMore__title\">Leia mais<\/span>\n\t\t\t\t<a class=\"knowMore__link\" href=\"https:\/\/www.suno.com.br\/noticias\/embraer-embr3-balanco-1t24-gpj\/\">\n\t\t\tEmbraer (EMBR3) reduz preju\u00edzo ajustado em 86,2% no 1T24, para R$ 63,5 milh\u00f5es; confira guidance\t\t<\/a>\n\t<\/div>\n\n\n\n\n<p>Em relat\u00f3rio, o <a href=\"https:\/\/www.suno.com.br\/acoes\/bpac11\/\">BTG Pactual (BPAC11)<\/a> avaliou que apesar de um primeiro trimestre sazonalmente mais fraco, espera que os <strong>resultados da Embraer<\/strong> se recuperem gradualmente ao longo do ano, refletindo o aumento gradual das entregas. O banco lembra que a <strong>carteira de pedidos da Embraer<\/strong> encerrou o primeiro trimestre em US$ 21 bilh\u00f5es &#8211; maior em sete anos.<\/p>\n\n\n\n<p>&#8220;\u00c9 uma empresa que oferece uma boa exposi\u00e7\u00e3o \u00e0 forte ind\u00fastria da avia\u00e7\u00e3o. Apesar de ter crescido 52% no acumulado do ano, a Embraer \u00e9 negociada a 9x e 7x EV\/Ebitda 2024 e 2025, respectivamente, o que ainda consideramos atraente&#8221;, escrevem os analistas Lucas Marquiori, Fernanda Recchia e Marcelo Arazi.<\/p>\n\n\n\n<p>O BTG tem recomenda\u00e7\u00e3o de &#8216;compra&#8217; para as <strong>a\u00e7\u00f5es de Embraer<\/strong>, com pre\u00e7o-alvo a US$ 32,00.<\/p>\n\n\n\n<p>Tamb\u00e9m em relat\u00f3rio, o <a href=\"https:\/\/www.suno.com.br\/bdrs\/gsgi34\/\">Goldman Sachs (GSGI34)<\/a> destacou que a Embraer reportou resultados s\u00f3lidos no 1T24, com destaque para uma <a href=\"https:\/\/www.suno.com.br\/artigos\/o-que-receita-liquida\/\">receita l\u00edquida<\/a> 1% acima do consenso. &#8220;O caixa livre negativo no trimestre, mas \u00e9 sazonal ao longo do ano e est\u00e1 em linha com o consenso&#8221;, escrevem os analistas Noah Poponak, Anthony Valentini e Nicholas Walker.<\/p>\n\n\n\n<p>O Goldman tem recomenda\u00e7\u00e3o de &#8216;compra&#8217; para as a\u00e7\u00f5es de <strong>Embraer<\/strong>, com pre\u00e7o-alvo a R$ 36,00.<\/p>\n\n\n\t<p>\n\t\t<a href=\"https:\/\/lp.suno.com.br\/ebook-como-analisar-uma-acao\/\" target=\"_blank\" data-element=\"shortcode-suno-banner\" title=\"Banner SUNO, clique e saiba mais\">\n\t\t\t<picture>\n\t\t\t\t<source media=\"(max-width: 500px)\" srcset=\"https:\/\/files.sunoresearch.com.br\/n\/uploads\/2023\/03\/Ebook-Acoes-Mobile.jpg\">\n\t\t\t\t<img class=\"newsContent__article__imgCapa newsContent__article__imgCapa--banner\"\n\t\t\t\t\tsrc=\"https:\/\/files.sunoresearch.com.br\/n\/uploads\/2023\/03\/Ebook-Acoes-Desktop.jpg\"\n\t\t\t\t\tdata-promo-id=\"378302\"\t\t\t\t\t\t\t\t\t\twidth='1420' height='286'\t\t\t\t\talt=\"https:\/\/files.sunoresearch.com.br\/n\/uploads\/2023\/03\/Ebook-Acoes-Desktop.jpg\"\n\t\t\t\t>\n\t\t\t<\/picture>\n\t\t<\/a>\n\t<\/p>\n\n\n","protected":false},"excerpt":{"rendered":"<p>Em relat\u00f3rio sobre a Embraer (EMBR3), analistas do BTG Pactual pontuaram que os resultados do 1T24 da companhia vieram sazonalmente mais fracos, mas que esperam uma recupera\u00e7\u00e3o ao longo do ano. As a\u00e7\u00f5es da companhia caem nesta ter\u00e7a-feira (7) no Ibovespa. Embraer (EMBR3). Foto: Divulga\u00e7\u00e3o. No intradia, as a\u00e7\u00f5es EMBR3 ca\u00edam 0,96%, cotadas a R$ [&hellip;]<\/p>\n","protected":false},"author":313,"featured_media":326325,"comment_status":"closed","ping_status":"closed","sticky":false,"template":"","format":"standard","meta":[],"categories":[64],"tags":[286,460,105816],"suno_strategy":[],"class_list":["post-551458","post","type-post","status-publish","format-standard","has-post-thumbnail","hentry","category-negocios","tag-acoes","tag-embraer-embr3","tag-especialistas"],"yoast_head":"<!-- This site is optimized with the Yoast SEO plugin v24.4 - https:\/\/yoast.com\/wordpress\/plugins\/seo\/ -->\n<title>Embraer (EMBR3): 1T24 foi sazonalmente mais fraco, diz BTG<\/title>\n<meta name=\"description\" content=\"Em relat\u00f3rio mais recente sobre a Embraer, analistas do BTG Pactual esperam uma recupera\u00e7\u00e3o ao longo do ano ap\u00f3s os resultados do 1T24.\" \/>\n<meta name=\"robots\" content=\"index, follow, max-snippet:-1, max-image-preview:large, max-video-preview:-1\" \/>\n<link rel=\"canonical\" href=\"https:\/\/www.suno.com.br\/noticias\/embraer-embr3-1t24-btg-gpj\/\" \/>\n<meta property=\"og:locale\" content=\"pt_BR\" \/>\n<meta property=\"og:type\" content=\"article\" \/>\n<meta property=\"og:title\" content=\"Embraer (EMBR3): 1T24 foi sazonalmente mais fraco, diz BTG\" \/>\n<meta property=\"og:description\" content=\"Em relat\u00f3rio mais recente sobre a Embraer, analistas do BTG Pactual esperam uma recupera\u00e7\u00e3o ao longo do ano ap\u00f3s os resultados do 1T24.\" \/>\n<meta property=\"og:url\" content=\"https:\/\/www.suno.com.br\/noticias\/embraer-embr3-1t24-btg-gpj\/\" \/>\n<meta property=\"og:site_name\" content=\"Suno Not\u00edcias\" \/>\n<meta property=\"article:publisher\" content=\"https:\/\/facebook.com\/sunoresearch\" \/>\n<meta property=\"og:image\" content=\"https:\/\/files.sunoresearch.com.br\/n\/uploads\/2022\/11\/embraer-embr3.jpg\" \/>\n\t<meta property=\"og:image:width\" content=\"1200\" \/>\n\t<meta property=\"og:image:height\" content=\"800\" \/>\n\t<meta property=\"og:image:type\" content=\"image\/jpeg\" \/>\n<meta name=\"author\" content=\"Giovanni Porf\u00edrio Jacomino\" \/>\n<meta name=\"twitter:card\" content=\"summary_large_image\" \/>\n<meta name=\"twitter:creator\" content=\"@sunoresearch\" \/>\n<meta name=\"twitter:site\" content=\"@sunoresearch\" \/>\n<meta name=\"twitter:label1\" content=\"Escrito por\" \/>\n\t<meta name=\"twitter:data1\" content=\"Giovanni Porf\u00edrio Jacomino\" \/>\n\t<meta name=\"twitter:label2\" content=\"Est. tempo de leitura\" \/>\n\t<meta name=\"twitter:data2\" content=\"2 minutos\" \/>\n<script type=\"application\/ld+json\" class=\"yoast-schema-graph\">{\"@context\":\"https:\/\/schema.org\",\"@graph\":[{\"@type\":\"NewsArticle\",\"@id\":\"https:\/\/www.suno.com.br\/noticias\/embraer-embr3-1t24-btg-gpj\/#article\",\"isPartOf\":{\"@id\":\"https:\/\/www.suno.com.br\/noticias\/embraer-embr3-1t24-btg-gpj\/\"},\"author\":{\"name\":\"Giovanni Porf\u00edrio Jacomino\",\"@id\":\"https:\/\/www.suno.com.br\/noticias\/#\/schema\/person\/d0f32748bbca4bee871fa191ee4e2d40\"},\"headline\":\"Embraer (EMBR3): balan\u00e7o do 1T24 tem n\u00fameros fracos, mas dados indicam recupera\u00e7\u00e3o, segundo o BTG; a\u00e7\u00f5es caem no Ibovespa\",\"datePublished\":\"2024-05-07T16:34:47+00:00\",\"dateModified\":\"2024-05-07T16:34:53+00:00\",\"mainEntityOfPage\":{\"@id\":\"https:\/\/www.suno.com.br\/noticias\/embraer-embr3-1t24-btg-gpj\/\"},\"wordCount\":351,\"publisher\":{\"@id\":\"https:\/\/www.suno.com.br\/noticias\/#organization\"},\"image\":{\"@id\":\"https:\/\/www.suno.com.br\/noticias\/embraer-embr3-1t24-btg-gpj\/#primaryimage\"},\"thumbnailUrl\":\"https:\/\/files.sunoresearch.com.br\/n\/uploads\/2022\/11\/embraer-embr3.jpg\",\"keywords\":[\"A\u00e7\u00f5es\",\"Embraer (EMBR3)\",\"Especialistas\"],\"articleSection\":[\"Neg\u00f3cios\"],\"inLanguage\":\"pt-BR\"},{\"@type\":\"WebPage\",\"@id\":\"https:\/\/www.suno.com.br\/noticias\/embraer-embr3-1t24-btg-gpj\/\",\"url\":\"https:\/\/www.suno.com.br\/noticias\/embraer-embr3-1t24-btg-gpj\/\",\"name\":\"Embraer (EMBR3): 1T24 foi sazonalmente mais fraco, diz BTG\",\"isPartOf\":{\"@id\":\"https:\/\/www.suno.com.br\/noticias\/#website\"},\"primaryImageOfPage\":{\"@id\":\"https:\/\/www.suno.com.br\/noticias\/embraer-embr3-1t24-btg-gpj\/#primaryimage\"},\"image\":{\"@id\":\"https:\/\/www.suno.com.br\/noticias\/embraer-embr3-1t24-btg-gpj\/#primaryimage\"},\"thumbnailUrl\":\"https:\/\/files.sunoresearch.com.br\/n\/uploads\/2022\/11\/embraer-embr3.jpg\",\"datePublished\":\"2024-05-07T16:34:47+00:00\",\"dateModified\":\"2024-05-07T16:34:53+00:00\",\"description\":\"Em relat\u00f3rio mais recente sobre a Embraer, analistas do BTG Pactual esperam uma recupera\u00e7\u00e3o ao longo do ano ap\u00f3s os resultados do 1T24.\",\"breadcrumb\":{\"@id\":\"https:\/\/www.suno.com.br\/noticias\/embraer-embr3-1t24-btg-gpj\/#breadcrumb\"},\"inLanguage\":\"pt-BR\",\"potentialAction\":[{\"@type\":\"ReadAction\",\"target\":[\"https:\/\/www.suno.com.br\/noticias\/embraer-embr3-1t24-btg-gpj\/\"]}]},{\"@type\":\"ImageObject\",\"inLanguage\":\"pt-BR\",\"@id\":\"https:\/\/www.suno.com.br\/noticias\/embraer-embr3-1t24-btg-gpj\/#primaryimage\",\"url\":\"https:\/\/files.sunoresearch.com.br\/n\/uploads\/2022\/11\/embraer-embr3.jpg\",\"contentUrl\":\"https:\/\/files.sunoresearch.com.br\/n\/uploads\/2022\/11\/embraer-embr3.jpg\",\"width\":1200,\"height\":800,\"caption\":\"Embraer (EMBR3). Foto: Divulga\u00e7\u00e3o.\"},{\"@type\":\"BreadcrumbList\",\"@id\":\"https:\/\/www.suno.com.br\/noticias\/embraer-embr3-1t24-btg-gpj\/#breadcrumb\",\"itemListElement\":[{\"@type\":\"ListItem\",\"position\":1,\"name\":\"Not\u00edcias\",\"item\":\"https:\/\/www.suno.com.br\/noticias\/\"},{\"@type\":\"ListItem\",\"position\":2,\"name\":\"Neg\u00f3cios\",\"item\":\"https:\/\/www.suno.com.br\/noticias\/negocios\/\"},{\"@type\":\"ListItem\",\"position\":3,\"name\":\"Embraer (EMBR3): balan\u00e7o do 1T24 tem n\u00fameros fracos, mas dados indicam recupera\u00e7\u00e3o, segundo o BTG; a\u00e7\u00f5es caem no Ibovespa\"}]},{\"@type\":\"WebSite\",\"@id\":\"https:\/\/www.suno.com.br\/noticias\/#website\",\"url\":\"https:\/\/www.suno.com.br\/noticias\/\",\"name\":\"Suno Not\u00edcias\",\"description\":\"Seu portal de informa\u00e7\u00e3o sobre o mundo dos investimentos\",\"publisher\":{\"@id\":\"https:\/\/www.suno.com.br\/noticias\/#organization\"},\"potentialAction\":[{\"@type\":\"SearchAction\",\"target\":{\"@type\":\"EntryPoint\",\"urlTemplate\":\"https:\/\/www.suno.com.br\/noticias\/?s={search_term_string}\"},\"query-input\":{\"@type\":\"PropertyValueSpecification\",\"valueRequired\":true,\"valueName\":\"search_term_string\"}}],\"inLanguage\":\"pt-BR\"},{\"@type\":\"Organization\",\"@id\":\"https:\/\/www.suno.com.br\/noticias\/#organization\",\"name\":\"Suno Not\u00edcias\",\"url\":\"https:\/\/www.suno.com.br\/noticias\/\",\"logo\":{\"@type\":\"ImageObject\",\"inLanguage\":\"pt-BR\",\"@id\":\"https:\/\/www.suno.com.br\/noticias\/#\/schema\/logo\/image\/\",\"url\":\"https:\/\/files.sunoresearch.com.br\/n\/uploads\/2021\/09\/suno-logo.png\",\"contentUrl\":\"https:\/\/files.sunoresearch.com.br\/n\/uploads\/2021\/09\/suno-logo.png\",\"width\":180,\"height\":180,\"caption\":\"Suno Not\u00edcias\"},\"image\":{\"@id\":\"https:\/\/www.suno.com.br\/noticias\/#\/schema\/logo\/image\/\"},\"sameAs\":[\"https:\/\/facebook.com\/sunoresearch\",\"https:\/\/x.com\/sunoresearch\",\"https:\/\/www.instagram.com\/suno\",\"https:\/\/www.linkedin.com\/company\/suno-research\/\",\"https:\/\/www.youtube.com\/c\/sunoresearch\"]},{\"@type\":\"Person\",\"@id\":\"https:\/\/www.suno.com.br\/noticias\/#\/schema\/person\/d0f32748bbca4bee871fa191ee4e2d40\",\"name\":\"Giovanni Porf\u00edrio Jacomino\",\"image\":{\"@type\":\"ImageObject\",\"inLanguage\":\"pt-BR\",\"@id\":\"https:\/\/www.suno.com.br\/noticias\/#\/schema\/person\/image\/\",\"url\":\"https:\/\/secure.gravatar.com\/avatar\/efb32e19b730a121cb7a80f41ffec01a?s=96&r=g\",\"contentUrl\":\"https:\/\/secure.gravatar.com\/avatar\/efb32e19b730a121cb7a80f41ffec01a?s=96&r=g\",\"caption\":\"Giovanni Porf\u00edrio Jacomino\"},\"description\":\"Giovanni Porf\u00edrio Jacomino \u00e9 jornalista formado pela Universidade Estadual de Londrina (UEL) e p\u00f3s-graduado em Produ\u00e7\u00e3o e Pr\u00e1ticas Jornal\u00edsticas na Contemporaneidade na Faculdade C\u00e1sper L\u00edbero (FCL). Foi editor web no Startupi e no Finsiders, atuando ainda como editor no TC Mover, portal de not\u00edcias da TradersClub, fazendo a cobertura de assuntos relacionados ao mercado financeiro interno e externo. Atualmente, \u00e9 Rep\u00f3rter do Suno Not\u00edcias.\",\"url\":\"https:\/\/www.suno.com.br\/noticias\/author\/giovanni-porfiriosuno-com-br\/\"}]}<\/script>\n<!-- \/ Yoast SEO plugin. -->","yoast_head_json":{"title":"Embraer (EMBR3): 1T24 foi sazonalmente mais fraco, diz BTG","description":"Em relat\u00f3rio mais recente sobre a Embraer, analistas do BTG Pactual esperam uma recupera\u00e7\u00e3o ao longo do ano ap\u00f3s os resultados do 1T24.","robots":{"index":"index","follow":"follow","max-snippet":"max-snippet:-1","max-image-preview":"max-image-preview:large","max-video-preview":"max-video-preview:-1"},"canonical":"https:\/\/www.suno.com.br\/noticias\/embraer-embr3-1t24-btg-gpj\/","og_locale":"pt_BR","og_type":"article","og_title":"Embraer (EMBR3): 1T24 foi sazonalmente mais fraco, diz BTG","og_description":"Em relat\u00f3rio mais recente sobre a Embraer, analistas do BTG Pactual esperam uma recupera\u00e7\u00e3o ao longo do ano ap\u00f3s os resultados do 1T24.","og_url":"https:\/\/www.suno.com.br\/noticias\/embraer-embr3-1t24-btg-gpj\/","og_site_name":"Suno Not\u00edcias","article_publisher":"https:\/\/facebook.com\/sunoresearch","og_image":[{"width":1200,"height":800,"url":"https:\/\/files.sunoresearch.com.br\/n\/uploads\/2022\/11\/embraer-embr3.jpg","type":"image\/jpeg"}],"author":"Giovanni Porf\u00edrio Jacomino","twitter_card":"summary_large_image","twitter_creator":"@sunoresearch","twitter_site":"@sunoresearch","twitter_misc":{"Escrito por":"Giovanni Porf\u00edrio Jacomino","Est. tempo de leitura":"2 minutos"},"schema":{"@context":"https:\/\/schema.org","@graph":[{"@type":"NewsArticle","@id":"https:\/\/www.suno.com.br\/noticias\/embraer-embr3-1t24-btg-gpj\/#article","isPartOf":{"@id":"https:\/\/www.suno.com.br\/noticias\/embraer-embr3-1t24-btg-gpj\/"},"author":{"name":"Giovanni Porf\u00edrio Jacomino","@id":"https:\/\/www.suno.com.br\/noticias\/#\/schema\/person\/d0f32748bbca4bee871fa191ee4e2d40"},"headline":"Embraer (EMBR3): balan\u00e7o do 1T24 tem n\u00fameros fracos, mas dados indicam recupera\u00e7\u00e3o, segundo o BTG; a\u00e7\u00f5es caem no Ibovespa","datePublished":"2024-05-07T16:34:47+00:00","dateModified":"2024-05-07T16:34:53+00:00","mainEntityOfPage":{"@id":"https:\/\/www.suno.com.br\/noticias\/embraer-embr3-1t24-btg-gpj\/"},"wordCount":351,"publisher":{"@id":"https:\/\/www.suno.com.br\/noticias\/#organization"},"image":{"@id":"https:\/\/www.suno.com.br\/noticias\/embraer-embr3-1t24-btg-gpj\/#primaryimage"},"thumbnailUrl":"https:\/\/files.sunoresearch.com.br\/n\/uploads\/2022\/11\/embraer-embr3.jpg","keywords":["A\u00e7\u00f5es","Embraer (EMBR3)","Especialistas"],"articleSection":["Neg\u00f3cios"],"inLanguage":"pt-BR"},{"@type":"WebPage","@id":"https:\/\/www.suno.com.br\/noticias\/embraer-embr3-1t24-btg-gpj\/","url":"https:\/\/www.suno.com.br\/noticias\/embraer-embr3-1t24-btg-gpj\/","name":"Embraer (EMBR3): 1T24 foi sazonalmente mais fraco, diz BTG","isPartOf":{"@id":"https:\/\/www.suno.com.br\/noticias\/#website"},"primaryImageOfPage":{"@id":"https:\/\/www.suno.com.br\/noticias\/embraer-embr3-1t24-btg-gpj\/#primaryimage"},"image":{"@id":"https:\/\/www.suno.com.br\/noticias\/embraer-embr3-1t24-btg-gpj\/#primaryimage"},"thumbnailUrl":"https:\/\/files.sunoresearch.com.br\/n\/uploads\/2022\/11\/embraer-embr3.jpg","datePublished":"2024-05-07T16:34:47+00:00","dateModified":"2024-05-07T16:34:53+00:00","description":"Em relat\u00f3rio mais recente sobre a Embraer, analistas do BTG Pactual esperam uma recupera\u00e7\u00e3o ao longo do ano ap\u00f3s os resultados do 1T24.","breadcrumb":{"@id":"https:\/\/www.suno.com.br\/noticias\/embraer-embr3-1t24-btg-gpj\/#breadcrumb"},"inLanguage":"pt-BR","potentialAction":[{"@type":"ReadAction","target":["https:\/\/www.suno.com.br\/noticias\/embraer-embr3-1t24-btg-gpj\/"]}]},{"@type":"ImageObject","inLanguage":"pt-BR","@id":"https:\/\/www.suno.com.br\/noticias\/embraer-embr3-1t24-btg-gpj\/#primaryimage","url":"https:\/\/files.sunoresearch.com.br\/n\/uploads\/2022\/11\/embraer-embr3.jpg","contentUrl":"https:\/\/files.sunoresearch.com.br\/n\/uploads\/2022\/11\/embraer-embr3.jpg","width":1200,"height":800,"caption":"Embraer (EMBR3). Foto: Divulga\u00e7\u00e3o."},{"@type":"BreadcrumbList","@id":"https:\/\/www.suno.com.br\/noticias\/embraer-embr3-1t24-btg-gpj\/#breadcrumb","itemListElement":[{"@type":"ListItem","position":1,"name":"Not\u00edcias","item":"https:\/\/www.suno.com.br\/noticias\/"},{"@type":"ListItem","position":2,"name":"Neg\u00f3cios","item":"https:\/\/www.suno.com.br\/noticias\/negocios\/"},{"@type":"ListItem","position":3,"name":"Embraer (EMBR3): balan\u00e7o do 1T24 tem n\u00fameros fracos, mas dados indicam recupera\u00e7\u00e3o, segundo o BTG; a\u00e7\u00f5es caem no Ibovespa"}]},{"@type":"WebSite","@id":"https:\/\/www.suno.com.br\/noticias\/#website","url":"https:\/\/www.suno.com.br\/noticias\/","name":"Suno Not\u00edcias","description":"Seu portal de informa\u00e7\u00e3o sobre o mundo dos investimentos","publisher":{"@id":"https:\/\/www.suno.com.br\/noticias\/#organization"},"potentialAction":[{"@type":"SearchAction","target":{"@type":"EntryPoint","urlTemplate":"https:\/\/www.suno.com.br\/noticias\/?s={search_term_string}"},"query-input":{"@type":"PropertyValueSpecification","valueRequired":true,"valueName":"search_term_string"}}],"inLanguage":"pt-BR"},{"@type":"Organization","@id":"https:\/\/www.suno.com.br\/noticias\/#organization","name":"Suno Not\u00edcias","url":"https:\/\/www.suno.com.br\/noticias\/","logo":{"@type":"ImageObject","inLanguage":"pt-BR","@id":"https:\/\/www.suno.com.br\/noticias\/#\/schema\/logo\/image\/","url":"https:\/\/files.sunoresearch.com.br\/n\/uploads\/2021\/09\/suno-logo.png","contentUrl":"https:\/\/files.sunoresearch.com.br\/n\/uploads\/2021\/09\/suno-logo.png","width":180,"height":180,"caption":"Suno Not\u00edcias"},"image":{"@id":"https:\/\/www.suno.com.br\/noticias\/#\/schema\/logo\/image\/"},"sameAs":["https:\/\/facebook.com\/sunoresearch","https:\/\/x.com\/sunoresearch","https:\/\/www.instagram.com\/suno","https:\/\/www.linkedin.com\/company\/suno-research\/","https:\/\/www.youtube.com\/c\/sunoresearch"]},{"@type":"Person","@id":"https:\/\/www.suno.com.br\/noticias\/#\/schema\/person\/d0f32748bbca4bee871fa191ee4e2d40","name":"Giovanni Porf\u00edrio Jacomino","image":{"@type":"ImageObject","inLanguage":"pt-BR","@id":"https:\/\/www.suno.com.br\/noticias\/#\/schema\/person\/image\/","url":"https:\/\/secure.gravatar.com\/avatar\/efb32e19b730a121cb7a80f41ffec01a?s=96&r=g","contentUrl":"https:\/\/secure.gravatar.com\/avatar\/efb32e19b730a121cb7a80f41ffec01a?s=96&r=g","caption":"Giovanni Porf\u00edrio Jacomino"},"description":"Giovanni Porf\u00edrio Jacomino \u00e9 jornalista formado pela Universidade Estadual de Londrina (UEL) e p\u00f3s-graduado em Produ\u00e7\u00e3o e Pr\u00e1ticas Jornal\u00edsticas na Contemporaneidade na Faculdade C\u00e1sper L\u00edbero (FCL). Foi editor web no Startupi e no Finsiders, atuando ainda como editor no TC Mover, portal de not\u00edcias da TradersClub, fazendo a cobertura de assuntos relacionados ao mercado financeiro interno e externo. Atualmente, \u00e9 Rep\u00f3rter do Suno Not\u00edcias.","url":"https:\/\/www.suno.com.br\/noticias\/author\/giovanni-porfiriosuno-com-br\/"}]}},"default_loop_html":"<div class=\"cardsPage__listCard__boxs\"><div class=\"cardsPage__listCard__boxs__img\"><a href=\"https:\/\/www.suno.com.br\/noticias\/embraer-embr3-1t24-btg-gpj\/\"><img class=\"mask\" src=\"https:\/\/www.suno.com.br\/noticias\/wp-content\/themes\/suno\/resources\/images\/spotlight\/spotlight1img\/bg-mask.png\" alt=\"Image Mask\"\/><img src=\"https:\/\/files.sunoresearch.com.br\/n\/uploads\/2022\/11\/embraer-embr3-400x200.jpg\" alt=\"Embraer (EMBR3): balan\u00e7o do 1T24 tem n\u00fameros fracos, mas dados indicam recupera\u00e7\u00e3o, segundo o BTG; a\u00e7\u00f5es caem no Ibovespa\"\/><\/a><span class=\"spotlightCategory\"><a href=\"https:\/\/www.suno.com.br\/noticias\/negocios\/\">Neg\u00f3cios<\/a><\/span><\/div><div class=\"cardsPage__listCard__boxs__content\"><a href=\"https:\/\/www.suno.com.br\/noticias\/embraer-embr3-1t24-btg-gpj\/\"><h2 class=\"content__title\">Embraer (EMBR3): balan\u00e7o do 1T24 tem n\u00fameros fracos, mas dados indicam recupera\u00e7\u00e3o, segundo o BTG; a\u00e7\u00f5es caem no Ibovespa<\/h2><\/a><div class=\"newsContent__article__meta\"><div class=\"newsContent__article__meta__authorBox\"><a href=\"https:\/\/www.suno.com.br\/noticias\/author\/giovanni-porfiriosuno-com-br\/\" class=\"authorBox__avatar noMobi\"><img src=\"https:\/\/files.sunoresearch.com.br\/n\/uploads\/2024\/05\/DSCF4115-1-1-150x150.webp\" alt=\"Giovanni Porf\u00edrio Jacomino\"><\/a><div class=\"authorBox__name\"><span>por\n\t\t\t<a href=\"https:\/\/www.suno.com.br\/noticias\/author\/giovanni-porfiriosuno-com-br\/\"><span itemprop=\"author\">Giovanni Porf\u00edrio Jacomino<\/span><\/a><\/span><time datetime=\"2024-05-07T13:34:47-03:00\" itemprop=\"datePublished\">07\/05\/2024 13:34<\/time><\/div><\/div><\/div><\/div><\/div>","single_layout":"posts","amp_enabled":true,"_links":{"self":[{"href":"https:\/\/www.suno.com.br\/noticias\/wp-json\/wp\/v2\/posts\/551458"}],"collection":[{"href":"https:\/\/www.suno.com.br\/noticias\/wp-json\/wp\/v2\/posts"}],"about":[{"href":"https:\/\/www.suno.com.br\/noticias\/wp-json\/wp\/v2\/types\/post"}],"author":[{"embeddable":true,"href":"https:\/\/www.suno.com.br\/noticias\/wp-json\/wp\/v2\/users\/313"}],"replies":[{"embeddable":true,"href":"https:\/\/www.suno.com.br\/noticias\/wp-json\/wp\/v2\/comments?post=551458"}],"version-history":[{"count":2,"href":"https:\/\/www.suno.com.br\/noticias\/wp-json\/wp\/v2\/posts\/551458\/revisions"}],"predecessor-version":[{"id":551507,"href":"https:\/\/www.suno.com.br\/noticias\/wp-json\/wp\/v2\/posts\/551458\/revisions\/551507"}],"wp:featuredmedia":[{"embeddable":true,"href":"https:\/\/www.suno.com.br\/noticias\/wp-json\/wp\/v2\/media\/326325"}],"wp:attachment":[{"href":"https:\/\/www.suno.com.br\/noticias\/wp-json\/wp\/v2\/media?parent=551458"}],"wp:term":[{"taxonomy":"category","embeddable":true,"href":"https:\/\/www.suno.com.br\/noticias\/wp-json\/wp\/v2\/categories?post=551458"},{"taxonomy":"post_tag","embeddable":true,"href":"https:\/\/www.suno.com.br\/noticias\/wp-json\/wp\/v2\/tags?post=551458"},{"taxonomy":"suno_strategy","embeddable":true,"href":"https:\/\/www.suno.com.br\/noticias\/wp-json\/wp\/v2\/suno_strategy?post=551458"}],"curies":[{"name":"wp","href":"https:\/\/api.w.org\/{rel}","templated":true}]}}