{"id":551334,"date":"2024-05-07T08:16:08","date_gmt":"2024-05-07T11:16:08","guid":{"rendered":"https:\/\/www.suno.com.br\/noticias\/?p=551334"},"modified":"2024-05-07T08:16:15","modified_gmt":"2024-05-07T11:16:15","slug":"embraer-embr3-balanco-1t24-gpj","status":"publish","type":"post","link":"https:\/\/www.suno.com.br\/noticias\/embraer-embr3-balanco-1t24-gpj\/","title":{"rendered":"Embraer (EMBR3) reduz preju\u00edzo ajustado em 86,2% no 1T24, para R$ 63,5 milh\u00f5es; confira guidance"},"content":{"rendered":"<p>Conforme balan\u00e7o divulgado na manh\u00e3 desta ter\u00e7a-feira (7), a<strong> <a href=\"https:\/\/www.suno.com.br\/acoes\/EMBR3\/\">Embraer <\/a><\/strong><a href=\"https:\/\/www.suno.com.br\/acoes\/EMBR3\/\">(EMBR3)<\/a> teve preju\u00edzo l\u00edquido ajustado de R$ 63,5 milh\u00f5es no primeiro trimestre de 2024 (1T24), queda de 86,2% ante preju\u00edzo de R$ 460,5 milh\u00f5es no mesmo per\u00edodo do ano anterior. A companhia tamb\u00e9m divulgou seu guidance para 2024.<\/p>\t<div class=\"wrapper-featured-image\">\n\t\t<figure class=\"spotlightImg\">\n\n\t\t\t<picture>\n\t\t\t\t<source media=\"(max-width: 768px)\" srcset=\"https:\/\/files.sunoresearch.com.br\/n\/uploads\/2021\/05\/90793dc2-186551469_3625427630896041_6722251706334548378_n-e1697205852968-400x200.jpg\">\n\t\t\t\t<img loading=\"lazy\" decoding=\"async\" class=\"newsContent__article__imgCapa lazyloadDisabled \" src=\"https:\/\/files.sunoresearch.com.br\/n\/uploads\/2021\/05\/90793dc2-186551469_3625427630896041_6722251706334548378_n-e1697205852968-800x450.jpg\" width=\"800\" height=\"450\" alt=\"Embraer (EMBR3) reduz preju\u00edzo ajustado em 86,2% no 1T24, para R$ 63,5 milh\u00f5es; confira guidance\" fetchpriority=high \/>\n\t\t\t<\/picture>\n\n\t\t\t<figcaption class=\"wp-caption-text wp-caption-text--show\">Embraer (EMBR3). Foto: Reprodu\u00e7\u00e3o Facebook<\/figcaption>\n\t\t<\/figure>\n\t<\/div>\n\n\n\n\n\n\n\n\t<p>\n\t\t<a href=\"https:\/\/lp.suno.com.br\/planilha-da-vida-financeira\/\" target=\"_blank\" data-element=\"shortcode-suno-banner\" title=\"Banner SUNO, clique e saiba mais\">\n\t\t\t<picture>\n\t\t\t\t<source media=\"(max-width: 500px)\" srcset=\"https:\/\/files.sunoresearch.com.br\/n\/uploads\/2023\/04\/400x300-Planilha-vida-financeira-true.png\">\n\t\t\t\t<img class=\"newsContent__article__imgCapa newsContent__article__imgCapa--banner\"\n\t\t\t\t\tsrc=\"https:\/\/files.sunoresearch.com.br\/n\/uploads\/2023\/04\/1420x240-Planilha-vida-financeira-true.png\"\n\t\t\t\t\tdata-promo-id=\"106682\"\t\t\t\t\t\t\t\t\t\twidth='1420' height='240'\t\t\t\t\talt=\"https:\/\/files.sunoresearch.com.br\/n\/uploads\/2023\/04\/1420x240-Planilha-vida-financeira-true.png\"\n\t\t\t\t>\n\t\t\t<\/picture>\n\t\t<\/a>\n\t<\/p>\n\n\n\n\n\n<p>De janeiro a mar\u00e7o, considerando o resultado atribu\u00eddo aos acionistas, a Embraer (<strong>EMBR3<\/strong>) registrou um lucro de R$ 142,7 milh\u00f5es, ante lucro de R$ 943,6 milh\u00f5es reportado no primeiro trimestre de 2023.<\/p>\n\n\n\n<p>O Ebitda (lucro antes de juros, impostos, <a href=\"https:\/\/www.suno.com.br\/artigos\/depreciacao-amortizacao\/\">deprecia\u00e7\u00e3o e amortiza\u00e7\u00e3o<\/a>) ajustado ficou em R$ 233,7 milh\u00f5es no primeiro trimestre, representando alta ante os R$ 53,9 milh\u00f5es de janeiro a mar\u00e7o do ano anterior.<\/p>\n\n\n\n<p>Com isso, a <a href=\"https:\/\/www.suno.com.br\/artigos\/margem-ebitda\/\">margem Ebitda<\/a> ajustada ficou positiva em 5,3% no per\u00edodo, ante 1,4% positiva um ano antes.<\/p>\n\n\n\n<p>A Embraer entregou 25 jatos no primeiro trimestre, sendo 7 comerciais (3 E1-175 e 4 E2-195) e 18 executivos (11 leves e 7 m\u00e9dios), registrando um aumento de 67% em rela\u00e7\u00e3o \u00e0s 15 aeronaves entregues no 1T23.<\/p>\n\n\n\n<p>&#8220;O n\u00famero de entregas na Avia\u00e7\u00e3o Executiva foi o melhor primeiro trimestre dos \u00faltimos 8 anos, e mais do que dobrou em rela\u00e7\u00e3o ao mesmo per\u00edodo do ano anterior&#8221;, explica a companhia.<\/p>\n\n\n\t<p>\n\t\t<a href=\"https:\/\/lp.suno.com.br\/ebook-como-analisar-uma-acao\/\" target=\"_blank\" data-element=\"shortcode-suno-banner\" title=\"Banner SUNO, clique e saiba mais\">\n\t\t\t<picture>\n\t\t\t\t<source media=\"(max-width: 500px)\" srcset=\"https:\/\/files.sunoresearch.com.br\/n\/uploads\/2023\/03\/Ebook-Acoes-Mobile.jpg\">\n\t\t\t\t<img class=\"newsContent__article__imgCapa newsContent__article__imgCapa--banner\"\n\t\t\t\t\tsrc=\"https:\/\/files.sunoresearch.com.br\/n\/uploads\/2023\/03\/Ebook-Acoes-Desktop.jpg\"\n\t\t\t\t\tdata-promo-id=\"378302\"\t\t\t\t\t\t\t\t\t\twidth='1420' height='286'\t\t\t\t\talt=\"https:\/\/files.sunoresearch.com.br\/n\/uploads\/2023\/03\/Ebook-Acoes-Desktop.jpg\"\n\t\t\t\t>\n\t\t\t<\/picture>\n\t\t<\/a>\n\t<\/p>\n\n\n\n\n\n<p>A <strong>receita l\u00edquida da Embraer<\/strong> foi de R$ 4,448 bilh\u00f5es no per\u00edodo de janeiro a mar\u00e7o de 2024, aumento de 19% ante os R$ 3,726 bilh\u00f5es registrados no 1T23. &#8220;Destaque para a Avia\u00e7\u00e3o Executiva, com crescimento de 2,6 vezes durante o per\u00edodo (R$ 0,5 bilh\u00e3o no 1T23 para R$ 1,2 bilh\u00e3o no 1T24)&#8221;, escreve.<\/p>\n\n\n\n<p>A unidade de defesa e seguran\u00e7a caiu 21% no per\u00edodo, com receita de R$ 400 milh\u00f5es. J\u00e1 na unidade de avia\u00e7\u00e3o comercial da Embraer, a receita totalizou R$ 1 bilh\u00e3o, ou 3,5% menor em rela\u00e7\u00e3o ao ano anterior. Em servi\u00e7os e suporte, as receitas totalizaram R$ 1,8 bilh\u00e3o, ou 7% a mais em rela\u00e7\u00e3o ao ano anterior.<\/p>\n\n\n\n<p>A <strong>carteira de pedidos total da Embraer<\/strong> chegou aos US$ 21,1 bilh\u00f5es no 1T24.<\/p>\n\n\n\n<h2 class=\"wp-block-heading\">Proje\u00e7\u00f5es da Embraer para 2024<\/h2>\n\n\n\n<p>Junto ao balan\u00e7o de <strong>resultados do 1T24 da Embraer<\/strong>, a companhia tamb\u00e9m divulgou as estimativas de resultados para o ano de 2024. <\/p>\n\n\n\n<p>No per\u00edodo, a empresa espera que as entregas de aeronaves da avia\u00e7\u00e3o comercial fiquem entre 72 e 80, enquanto as entregas de aeronaves da avia\u00e7\u00e3o executiva fiquem entre 125 e 135.<\/p>\n\n\n\n<p>Al\u00e9m disso, a Embraer projeta que a <a href=\"https:\/\/www.suno.com.br\/artigos\/receita-total\/\">receita total<\/a> da companhia em 2024 fique entre US$ 6 e US$ 6,4 milh\u00f5es, <a href=\"https:\/\/www.suno.com.br\/artigos\/margem-ebit\/\">margem EBIT<\/a> ajustada entre 6,5% e 7,5% e <a href=\"https:\/\/www.suno.com.br\/artigos\/fluxo-caixa-livre\/\">fluxo de caixa livre<\/a> ajustado de US$ 220 milh\u00f5es ou maior para o ano.<\/p>\n\n\n\n<h2 class=\"wp-block-heading\">Desempenho das a\u00e7\u00f5es da Embraer<\/h2>\n\n\n\n<p>No m\u00eas, as a\u00e7\u00f5es da <strong>Embraer<\/strong> sobem 2,99%, enquanto no ano, os pap\u00e9is avan\u00e7am 53,41%.<\/p>\n\n\n\n<div class=\"pluginQuotation\">\n  <p class=\"ticker\">\n    Cota\u00e7\u00e3o <span>EMBR3<\/span>\n  <\/p>\n  <div class=\"info\">\n    <div class=\"leftSide\">\n      Gr\u00e1fico gerado em: 07\/05\/2024    <\/div>\n\t\t\t\t\t<div class=\"rightSide\">\n\t\t\t\t\t<span class=\"period\">\n\t\t\t\t\t\t5 Dias\t\t\t\t\t<\/span>\n\t\t\t<\/div>\n\t\t  <\/div>\n\n  <div id=\"chart-2db72492b396d64b4bb9f1dd9d4b1b6c\" data-block-hash=\"2db72492b396d64b4bb9f1dd9d4b1b6c\"  class=\"chart\" style=\"width:100%;height:400px;\"><\/div>\n\n  <div class=\"pluginQuotation__footer\">\n    <div class=\"dataChart\">\n\n      <div class=\"dataChart__div1 variation\">\n        <div class=\"value-positive\">\n          4,65 (+1,53%)        <\/div>\n        <div class=\"text\">\n          Varia\u00e7\u00e3o do per\u00edodo\n        <\/div>\n      <\/div>\n\n      <div class=\"dataChart__div2 minMax\">\n        <div class=\"value\">\n          R$\u00a032,80        <\/div>\n        <div class=\"text\">\n          M\u00ednima\n        <\/div>\n      <\/div>\n\n      <div class=\"dataChart__div3 minMax\">\n        <div class=\"value\">\n          R$\u00a034,40        <\/div>\n        <div class=\"text\">\n          M\u00e1xima\n        <\/div>\n      <\/div>\n\n\t\t\t<div class=\"dataChart__div4 rightSide\">\n\t\t\t\t<div class=\"analiticaSource\">\n\t\t\t\t\t<span>\n\t\t\t\t\t\tFonte:\n\t\t\t\t\t<\/span>\n\t\t\t\t\t<img decoding=\"async\" class=\"analiticaLogo\" src=\"https:\/\/www.suno.com.br\/noticias\/wp-content\/plugins\/suno-block-ticker-quotation\/src\/suno-analitica-logo.png\" alt=\"Logo Suno Anal\u00edtica\" \/>\n\t\t\t\t<\/div>\n\n\t\t\t\t<a href=\"https:\/\/www.suno.com.br\/analitica\/acoes\/EMBR3\" target=\"_blank\">\n\t\t\t\t\t<span>\n\t\t\t\t\t\tVer mais cota\u00e7\u00f5es\n\t\t\t\t\t<\/span>\n\t\t\t\t\t<svg xmlns=\"http:\/\/www.w3.org\/2000\/svg\" width=\"9\" height=\"8\" viewBox=\"0 0 9 8\" fill=\"none\">\n\t\t\t\t\t\t<path d=\"M4.20996 0L3.50496 0.705L6.29496 3.5H0.209961V4.5H6.29496L3.50496 7.295L4.20996 8L8.20996 4L4.20996 0Z\" fill=\"#D42126\" \/>\n\t\t\t\t\t<\/svg>\n\t\t\t\t<\/a>\n    <\/div>\n\n    <\/div>\n  <\/div>\n<\/div>\n\n\n<script type=\"text\/javascript\">\n  let chart_2db72492b396d64b4bb9f1dd9d4b1b6c = document.getElementById('chart-2db72492b396d64b4bb9f1dd9d4b1b6c');\n  let data_json_2db72492b396d64b4bb9f1dd9d4b1b6c = \"[{\\\"date\\\":\\\"02\\\\\\\/05\\\\\\\/24 12:50\\\",\\\"value\\\":32.87},{\\\"date\\\":\\\"02\\\\\\\/05\\\\\\\/24 13:00\\\",\\\"value\\\":32.81},{\\\"date\\\":\\\"02\\\\\\\/05\\\\\\\/24 13:10\\\",\\\"value\\\":32.8},{\\\"date\\\":\\\"02\\\\\\\/05\\\\\\\/24 13:20\\\",\\\"value\\\":32.89},{\\\"date\\\":\\\"02\\\\\\\/05\\\\\\\/24 13:30\\\",\\\"value\\\":32.84},{\\\"date\\\":\\\"03\\\\\\\/05\\\\\\\/24 16:40\\\",\\\"value\\\":34.18},{\\\"date\\\":\\\"06\\\\\\\/05\\\\\\\/24 16:00\\\",\\\"value\\\":34.37},{\\\"date\\\":\\\"06\\\\\\\/05\\\\\\\/24 16:10\\\",\\\"value\\\":34.4},{\\\"date\\\":\\\"06\\\\\\\/05\\\\\\\/24 16:20\\\",\\\"value\\\":34.37},{\\\"date\\\":\\\"06\\\\\\\/05\\\\\\\/24 16:30\\\",\\\"value\\\":34.4}]\";\n  let isPositive_2db72492b396d64b4bb9f1dd9d4b1b6c = true;\n\n  let color_2db72492b396d64b4bb9f1dd9d4b1b6c = isPositive_2db72492b396d64b4bb9f1dd9d4b1b6c ? '#3AB53A' : '#D92C2D';\n\n  let data_2db72492b396d64b4bb9f1dd9d4b1b6c = JSON.parse(data_json_2db72492b396d64b4bb9f1dd9d4b1b6c);\n\n  const result_2db72492b396d64b4bb9f1dd9d4b1b6c = {\n    date: [],\n    value: [],\n  };\n\n  data_2db72492b396d64b4bb9f1dd9d4b1b6c.forEach((item) => {\n    result_2db72492b396d64b4bb9f1dd9d4b1b6c.date.push(item.date);\n    result_2db72492b396d64b4bb9f1dd9d4b1b6c.value.push(Number(item.value));\n  });\n\n  let option_2db72492b396d64b4bb9f1dd9d4b1b6c = {\n    \/\/ variavel de cor global\n    color: [color_2db72492b396d64b4bb9f1dd9d4b1b6c],\n    title: {\n      text: '',\n    },\n    tooltip: {\n      trigger: 'axis',\n      axisPointer: {\n        type: 'cross',\n        label: {\n          \/\/ cor dos valores em X e Y\n          backgroundColor: color_2db72492b396d64b4bb9f1dd9d4b1b6c,\n          formatter: (value) => {\n            if (typeof value.value === 'number') {\n              return Number(value.value).toLocaleString('pt-br', {\n                style: 'currency',\n                currency: 'BRL'\n              });\n            }\n            return value.value;\n          },\n        },\n      },\n      valueFormatter: (value) => Number(value).toLocaleString('pt-br', {\n        style: 'currency',\n        currency: 'BRL'\n      }),\n    },\n    legend: {\n      \/\/ data: ['Valor de Fechamento'],\n      show: false,\n    },\n    toolbox: {\n      feature: {\n        saveAsImage: {\n          show: false,\n        },\n      },\n    },\n    grid: {\n      left: '0px',\n      right: '0px',\n      bottom: '0px',\n      containLabel: true,\n    },\n    xAxis: [{\n      type: 'category',\n      data: result_2db72492b396d64b4bb9f1dd9d4b1b6c.date,\n      boundaryGap: true,\n    }],\n    yAxis: [{\n      type: 'value',\n      min: Math.min(...result_2db72492b396d64b4bb9f1dd9d4b1b6c.value),\n      max: Math.max(...result_2db72492b396d64b4bb9f1dd9d4b1b6c.value),\n      axisLabel: {\n        formatter: (value) => value.toLocaleString('pt-br', {\n          style: 'currency',\n          currency: 'BRL'\n        }),\n      },\n    }],\n    series: [{\n      name: 'Valor de Fechamento',\n      type: 'line',\n      stack: 'Total',\n      \/\/ cor do grafico\n      areaStyle: {},\n      emphasis: {\n        focus: 'series',\n      },\n      data: result_2db72492b396d64b4bb9f1dd9d4b1b6c.value,\n      \/\/ cor da linha\n      lineStyle: {\n        color: color_2db72492b396d64b4bb9f1dd9d4b1b6c,\n      },\n    }, ],\n  };\n\n\twindow.chart_2db72492b396d64b4bb9f1dd9d4b1b6c = {\n\t\tel: chart_2db72492b396d64b4bb9f1dd9d4b1b6c,\n\t\toption: option_2db72492b396d64b4bb9f1dd9d4b1b6c\t};\n\n\n<\/script>\n\n\n\t<p>\n\t\t<a href=\"https:\/\/lp.suno.com.br\/planilha-da-vida-financeira\/\" target=\"_blank\" data-element=\"shortcode-suno-banner\" title=\"Banner SUNO, clique e saiba mais\">\n\t\t\t<picture>\n\t\t\t\t<source media=\"(max-width: 500px)\" srcset=\"https:\/\/files.sunoresearch.com.br\/n\/uploads\/2023\/04\/400x300-Planilha-vida-financeira-true.png\">\n\t\t\t\t<img class=\"newsContent__article__imgCapa newsContent__article__imgCapa--banner\"\n\t\t\t\t\tsrc=\"https:\/\/files.sunoresearch.com.br\/n\/uploads\/2023\/04\/1420x240-Planilha-vida-financeira-true.png\"\n\t\t\t\t\tdata-promo-id=\"383123\"\t\t\t\t\t\t\t\t\t\twidth='1420' height='240'\t\t\t\t\talt=\"https:\/\/files.sunoresearch.com.br\/n\/uploads\/2023\/04\/1420x240-Planilha-vida-financeira-true.png\"\n\t\t\t\t>\n\t\t\t<\/picture>\n\t\t<\/a>\n\t<\/p>\n\n\n","protected":false},"excerpt":{"rendered":"<p>Conforme balan\u00e7o divulgado na manh\u00e3 desta ter\u00e7a-feira (7), a Embraer (EMBR3) teve preju\u00edzo l\u00edquido ajustado de R$ 63,5 milh\u00f5es no primeiro trimestre de 2024 (1T24), queda de 86,2% ante preju\u00edzo de R$ 460,5 milh\u00f5es no mesmo per\u00edodo do ano anterior. A companhia tamb\u00e9m divulgou seu guidance para 2024. Embraer (EMBR3). Foto: Reprodu\u00e7\u00e3o Facebook De janeiro [&hellip;]<\/p>\n","protected":false},"author":313,"featured_media":150054,"comment_status":"closed","ping_status":"closed","sticky":false,"template":"","format":"standard","meta":[],"categories":[64],"tags":[1029,460,1607],"suno_strategy":[],"class_list":["post-551334","post","type-post","status-publish","format-standard","has-post-thumbnail","hentry","category-negocios","tag-balancos-trimestrais","tag-embraer-embr3","tag-resultado-das-empresas"],"yoast_head":"<!-- This site is optimized with the Yoast SEO plugin v24.4 - https:\/\/yoast.com\/wordpress\/plugins\/seo\/ -->\n<title>Embraer (EMBR3) reduz preju\u00edzo ajustado em 86,2% no 1T24<\/title>\n<meta name=\"description\" content=\"A Embraer (EMBR3) divulgou seus resultados referentes ao primeiro trimestre de 2024. Confira o resultado do 1T24 da Embraer.\" \/>\n<meta name=\"robots\" content=\"index, follow, max-snippet:-1, max-image-preview:large, max-video-preview:-1\" \/>\n<link rel=\"canonical\" href=\"https:\/\/www.suno.com.br\/noticias\/embraer-embr3-balanco-1t24-gpj\/\" \/>\n<meta property=\"og:locale\" content=\"pt_BR\" \/>\n<meta property=\"og:type\" content=\"article\" \/>\n<meta property=\"og:title\" content=\"Embraer (EMBR3) reduz preju\u00edzo ajustado em 86,2% no 1T24\" \/>\n<meta property=\"og:description\" content=\"A Embraer (EMBR3) divulgou seus resultados referentes ao primeiro trimestre de 2024. Confira o resultado do 1T24 da Embraer.\" \/>\n<meta property=\"og:url\" content=\"https:\/\/www.suno.com.br\/noticias\/embraer-embr3-balanco-1t24-gpj\/\" \/>\n<meta property=\"og:site_name\" content=\"Suno Not\u00edcias\" \/>\n<meta property=\"article:publisher\" content=\"https:\/\/facebook.com\/sunoresearch\" \/>\n<meta property=\"og:image\" content=\"https:\/\/files.sunoresearch.com.br\/n\/uploads\/2021\/05\/90793dc2-186551469_3625427630896041_6722251706334548378_n-e1697205852968.jpg\" \/>\n\t<meta property=\"og:image:width\" content=\"1200\" \/>\n\t<meta property=\"og:image:height\" content=\"800\" \/>\n\t<meta property=\"og:image:type\" content=\"image\/jpeg\" \/>\n<meta name=\"author\" content=\"Giovanni Porf\u00edrio Jacomino\" \/>\n<meta name=\"twitter:card\" content=\"summary_large_image\" \/>\n<meta name=\"twitter:creator\" content=\"@sunoresearch\" \/>\n<meta name=\"twitter:site\" content=\"@sunoresearch\" \/>\n<meta name=\"twitter:label1\" content=\"Escrito por\" \/>\n\t<meta name=\"twitter:data1\" content=\"Giovanni Porf\u00edrio Jacomino\" \/>\n\t<meta name=\"twitter:label2\" content=\"Est. tempo de leitura\" \/>\n\t<meta name=\"twitter:data2\" content=\"3 minutos\" \/>\n<script type=\"application\/ld+json\" class=\"yoast-schema-graph\">{\"@context\":\"https:\/\/schema.org\",\"@graph\":[{\"@type\":\"NewsArticle\",\"@id\":\"https:\/\/www.suno.com.br\/noticias\/embraer-embr3-balanco-1t24-gpj\/#article\",\"isPartOf\":{\"@id\":\"https:\/\/www.suno.com.br\/noticias\/embraer-embr3-balanco-1t24-gpj\/\"},\"author\":{\"name\":\"Giovanni Porf\u00edrio Jacomino\",\"@id\":\"https:\/\/www.suno.com.br\/noticias\/#\/schema\/person\/d0f32748bbca4bee871fa191ee4e2d40\"},\"headline\":\"Embraer (EMBR3) reduz preju\u00edzo ajustado em 86,2% no 1T24, para R$ 63,5 milh\u00f5es; confira guidance\",\"datePublished\":\"2024-05-07T11:16:08+00:00\",\"dateModified\":\"2024-05-07T11:16:15+00:00\",\"mainEntityOfPage\":{\"@id\":\"https:\/\/www.suno.com.br\/noticias\/embraer-embr3-balanco-1t24-gpj\/\"},\"wordCount\":479,\"publisher\":{\"@id\":\"https:\/\/www.suno.com.br\/noticias\/#organization\"},\"image\":{\"@id\":\"https:\/\/www.suno.com.br\/noticias\/embraer-embr3-balanco-1t24-gpj\/#primaryimage\"},\"thumbnailUrl\":\"https:\/\/files.sunoresearch.com.br\/n\/uploads\/2021\/05\/90793dc2-186551469_3625427630896041_6722251706334548378_n-e1697205852968.jpg\",\"keywords\":[\"balan\u00e7os trimestrais\",\"Embraer (EMBR3)\",\"Resultado das empresas\"],\"articleSection\":[\"Neg\u00f3cios\"],\"inLanguage\":\"pt-BR\"},{\"@type\":\"WebPage\",\"@id\":\"https:\/\/www.suno.com.br\/noticias\/embraer-embr3-balanco-1t24-gpj\/\",\"url\":\"https:\/\/www.suno.com.br\/noticias\/embraer-embr3-balanco-1t24-gpj\/\",\"name\":\"Embraer (EMBR3) reduz preju\u00edzo ajustado em 86,2% no 1T24\",\"isPartOf\":{\"@id\":\"https:\/\/www.suno.com.br\/noticias\/#website\"},\"primaryImageOfPage\":{\"@id\":\"https:\/\/www.suno.com.br\/noticias\/embraer-embr3-balanco-1t24-gpj\/#primaryimage\"},\"image\":{\"@id\":\"https:\/\/www.suno.com.br\/noticias\/embraer-embr3-balanco-1t24-gpj\/#primaryimage\"},\"thumbnailUrl\":\"https:\/\/files.sunoresearch.com.br\/n\/uploads\/2021\/05\/90793dc2-186551469_3625427630896041_6722251706334548378_n-e1697205852968.jpg\",\"datePublished\":\"2024-05-07T11:16:08+00:00\",\"dateModified\":\"2024-05-07T11:16:15+00:00\",\"description\":\"A Embraer (EMBR3) divulgou seus resultados referentes ao primeiro trimestre de 2024. Confira o resultado do 1T24 da Embraer.\",\"breadcrumb\":{\"@id\":\"https:\/\/www.suno.com.br\/noticias\/embraer-embr3-balanco-1t24-gpj\/#breadcrumb\"},\"inLanguage\":\"pt-BR\",\"potentialAction\":[{\"@type\":\"ReadAction\",\"target\":[\"https:\/\/www.suno.com.br\/noticias\/embraer-embr3-balanco-1t24-gpj\/\"]}]},{\"@type\":\"ImageObject\",\"inLanguage\":\"pt-BR\",\"@id\":\"https:\/\/www.suno.com.br\/noticias\/embraer-embr3-balanco-1t24-gpj\/#primaryimage\",\"url\":\"https:\/\/files.sunoresearch.com.br\/n\/uploads\/2021\/05\/90793dc2-186551469_3625427630896041_6722251706334548378_n-e1697205852968.jpg\",\"contentUrl\":\"https:\/\/files.sunoresearch.com.br\/n\/uploads\/2021\/05\/90793dc2-186551469_3625427630896041_6722251706334548378_n-e1697205852968.jpg\",\"width\":1200,\"height\":800,\"caption\":\"Embraer (EMBR3). Foto: Reprodu\u00e7\u00e3o Facebook\"},{\"@type\":\"BreadcrumbList\",\"@id\":\"https:\/\/www.suno.com.br\/noticias\/embraer-embr3-balanco-1t24-gpj\/#breadcrumb\",\"itemListElement\":[{\"@type\":\"ListItem\",\"position\":1,\"name\":\"Not\u00edcias\",\"item\":\"https:\/\/www.suno.com.br\/noticias\/\"},{\"@type\":\"ListItem\",\"position\":2,\"name\":\"Neg\u00f3cios\",\"item\":\"https:\/\/www.suno.com.br\/noticias\/negocios\/\"},{\"@type\":\"ListItem\",\"position\":3,\"name\":\"Embraer (EMBR3) reduz preju\u00edzo ajustado em 86,2% no 1T24, para R$ 63,5 milh\u00f5es; confira guidance\"}]},{\"@type\":\"WebSite\",\"@id\":\"https:\/\/www.suno.com.br\/noticias\/#website\",\"url\":\"https:\/\/www.suno.com.br\/noticias\/\",\"name\":\"Suno Not\u00edcias\",\"description\":\"Seu portal de informa\u00e7\u00e3o sobre o mundo dos investimentos\",\"publisher\":{\"@id\":\"https:\/\/www.suno.com.br\/noticias\/#organization\"},\"potentialAction\":[{\"@type\":\"SearchAction\",\"target\":{\"@type\":\"EntryPoint\",\"urlTemplate\":\"https:\/\/www.suno.com.br\/noticias\/?s={search_term_string}\"},\"query-input\":{\"@type\":\"PropertyValueSpecification\",\"valueRequired\":true,\"valueName\":\"search_term_string\"}}],\"inLanguage\":\"pt-BR\"},{\"@type\":\"Organization\",\"@id\":\"https:\/\/www.suno.com.br\/noticias\/#organization\",\"name\":\"Suno Not\u00edcias\",\"url\":\"https:\/\/www.suno.com.br\/noticias\/\",\"logo\":{\"@type\":\"ImageObject\",\"inLanguage\":\"pt-BR\",\"@id\":\"https:\/\/www.suno.com.br\/noticias\/#\/schema\/logo\/image\/\",\"url\":\"https:\/\/files.sunoresearch.com.br\/n\/uploads\/2021\/09\/suno-logo.png\",\"contentUrl\":\"https:\/\/files.sunoresearch.com.br\/n\/uploads\/2021\/09\/suno-logo.png\",\"width\":180,\"height\":180,\"caption\":\"Suno Not\u00edcias\"},\"image\":{\"@id\":\"https:\/\/www.suno.com.br\/noticias\/#\/schema\/logo\/image\/\"},\"sameAs\":[\"https:\/\/facebook.com\/sunoresearch\",\"https:\/\/x.com\/sunoresearch\",\"https:\/\/www.instagram.com\/suno\",\"https:\/\/www.linkedin.com\/company\/suno-research\/\",\"https:\/\/www.youtube.com\/c\/sunoresearch\"]},{\"@type\":\"Person\",\"@id\":\"https:\/\/www.suno.com.br\/noticias\/#\/schema\/person\/d0f32748bbca4bee871fa191ee4e2d40\",\"name\":\"Giovanni Porf\u00edrio Jacomino\",\"image\":{\"@type\":\"ImageObject\",\"inLanguage\":\"pt-BR\",\"@id\":\"https:\/\/www.suno.com.br\/noticias\/#\/schema\/person\/image\/\",\"url\":\"https:\/\/secure.gravatar.com\/avatar\/efb32e19b730a121cb7a80f41ffec01a?s=96&r=g\",\"contentUrl\":\"https:\/\/secure.gravatar.com\/avatar\/efb32e19b730a121cb7a80f41ffec01a?s=96&r=g\",\"caption\":\"Giovanni Porf\u00edrio Jacomino\"},\"description\":\"Giovanni Porf\u00edrio Jacomino \u00e9 jornalista formado pela Universidade Estadual de Londrina (UEL) e p\u00f3s-graduado em Produ\u00e7\u00e3o e Pr\u00e1ticas Jornal\u00edsticas na Contemporaneidade na Faculdade C\u00e1sper L\u00edbero (FCL). Foi editor web no Startupi e no Finsiders, atuando ainda como editor no TC Mover, portal de not\u00edcias da TradersClub, fazendo a cobertura de assuntos relacionados ao mercado financeiro interno e externo. Atualmente, \u00e9 Rep\u00f3rter do Suno Not\u00edcias.\",\"url\":\"https:\/\/www.suno.com.br\/noticias\/author\/giovanni-porfiriosuno-com-br\/\"}]}<\/script>\n<!-- \/ Yoast SEO plugin. -->","yoast_head_json":{"title":"Embraer (EMBR3) reduz preju\u00edzo ajustado em 86,2% no 1T24","description":"A Embraer (EMBR3) divulgou seus resultados referentes ao primeiro trimestre de 2024. Confira o resultado do 1T24 da Embraer.","robots":{"index":"index","follow":"follow","max-snippet":"max-snippet:-1","max-image-preview":"max-image-preview:large","max-video-preview":"max-video-preview:-1"},"canonical":"https:\/\/www.suno.com.br\/noticias\/embraer-embr3-balanco-1t24-gpj\/","og_locale":"pt_BR","og_type":"article","og_title":"Embraer (EMBR3) reduz preju\u00edzo ajustado em 86,2% no 1T24","og_description":"A Embraer (EMBR3) divulgou seus resultados referentes ao primeiro trimestre de 2024. Confira o resultado do 1T24 da Embraer.","og_url":"https:\/\/www.suno.com.br\/noticias\/embraer-embr3-balanco-1t24-gpj\/","og_site_name":"Suno Not\u00edcias","article_publisher":"https:\/\/facebook.com\/sunoresearch","og_image":[{"width":1200,"height":800,"url":"https:\/\/files.sunoresearch.com.br\/n\/uploads\/2021\/05\/90793dc2-186551469_3625427630896041_6722251706334548378_n-e1697205852968.jpg","type":"image\/jpeg"}],"author":"Giovanni Porf\u00edrio Jacomino","twitter_card":"summary_large_image","twitter_creator":"@sunoresearch","twitter_site":"@sunoresearch","twitter_misc":{"Escrito por":"Giovanni Porf\u00edrio Jacomino","Est. tempo de leitura":"3 minutos"},"schema":{"@context":"https:\/\/schema.org","@graph":[{"@type":"NewsArticle","@id":"https:\/\/www.suno.com.br\/noticias\/embraer-embr3-balanco-1t24-gpj\/#article","isPartOf":{"@id":"https:\/\/www.suno.com.br\/noticias\/embraer-embr3-balanco-1t24-gpj\/"},"author":{"name":"Giovanni Porf\u00edrio Jacomino","@id":"https:\/\/www.suno.com.br\/noticias\/#\/schema\/person\/d0f32748bbca4bee871fa191ee4e2d40"},"headline":"Embraer (EMBR3) reduz preju\u00edzo ajustado em 86,2% no 1T24, para R$ 63,5 milh\u00f5es; confira guidance","datePublished":"2024-05-07T11:16:08+00:00","dateModified":"2024-05-07T11:16:15+00:00","mainEntityOfPage":{"@id":"https:\/\/www.suno.com.br\/noticias\/embraer-embr3-balanco-1t24-gpj\/"},"wordCount":479,"publisher":{"@id":"https:\/\/www.suno.com.br\/noticias\/#organization"},"image":{"@id":"https:\/\/www.suno.com.br\/noticias\/embraer-embr3-balanco-1t24-gpj\/#primaryimage"},"thumbnailUrl":"https:\/\/files.sunoresearch.com.br\/n\/uploads\/2021\/05\/90793dc2-186551469_3625427630896041_6722251706334548378_n-e1697205852968.jpg","keywords":["balan\u00e7os trimestrais","Embraer (EMBR3)","Resultado das empresas"],"articleSection":["Neg\u00f3cios"],"inLanguage":"pt-BR"},{"@type":"WebPage","@id":"https:\/\/www.suno.com.br\/noticias\/embraer-embr3-balanco-1t24-gpj\/","url":"https:\/\/www.suno.com.br\/noticias\/embraer-embr3-balanco-1t24-gpj\/","name":"Embraer (EMBR3) reduz preju\u00edzo ajustado em 86,2% no 1T24","isPartOf":{"@id":"https:\/\/www.suno.com.br\/noticias\/#website"},"primaryImageOfPage":{"@id":"https:\/\/www.suno.com.br\/noticias\/embraer-embr3-balanco-1t24-gpj\/#primaryimage"},"image":{"@id":"https:\/\/www.suno.com.br\/noticias\/embraer-embr3-balanco-1t24-gpj\/#primaryimage"},"thumbnailUrl":"https:\/\/files.sunoresearch.com.br\/n\/uploads\/2021\/05\/90793dc2-186551469_3625427630896041_6722251706334548378_n-e1697205852968.jpg","datePublished":"2024-05-07T11:16:08+00:00","dateModified":"2024-05-07T11:16:15+00:00","description":"A Embraer (EMBR3) divulgou seus resultados referentes ao primeiro trimestre de 2024. Confira o resultado do 1T24 da Embraer.","breadcrumb":{"@id":"https:\/\/www.suno.com.br\/noticias\/embraer-embr3-balanco-1t24-gpj\/#breadcrumb"},"inLanguage":"pt-BR","potentialAction":[{"@type":"ReadAction","target":["https:\/\/www.suno.com.br\/noticias\/embraer-embr3-balanco-1t24-gpj\/"]}]},{"@type":"ImageObject","inLanguage":"pt-BR","@id":"https:\/\/www.suno.com.br\/noticias\/embraer-embr3-balanco-1t24-gpj\/#primaryimage","url":"https:\/\/files.sunoresearch.com.br\/n\/uploads\/2021\/05\/90793dc2-186551469_3625427630896041_6722251706334548378_n-e1697205852968.jpg","contentUrl":"https:\/\/files.sunoresearch.com.br\/n\/uploads\/2021\/05\/90793dc2-186551469_3625427630896041_6722251706334548378_n-e1697205852968.jpg","width":1200,"height":800,"caption":"Embraer (EMBR3). Foto: Reprodu\u00e7\u00e3o Facebook"},{"@type":"BreadcrumbList","@id":"https:\/\/www.suno.com.br\/noticias\/embraer-embr3-balanco-1t24-gpj\/#breadcrumb","itemListElement":[{"@type":"ListItem","position":1,"name":"Not\u00edcias","item":"https:\/\/www.suno.com.br\/noticias\/"},{"@type":"ListItem","position":2,"name":"Neg\u00f3cios","item":"https:\/\/www.suno.com.br\/noticias\/negocios\/"},{"@type":"ListItem","position":3,"name":"Embraer (EMBR3) reduz preju\u00edzo ajustado em 86,2% no 1T24, para R$ 63,5 milh\u00f5es; confira guidance"}]},{"@type":"WebSite","@id":"https:\/\/www.suno.com.br\/noticias\/#website","url":"https:\/\/www.suno.com.br\/noticias\/","name":"Suno Not\u00edcias","description":"Seu portal de informa\u00e7\u00e3o sobre o mundo dos investimentos","publisher":{"@id":"https:\/\/www.suno.com.br\/noticias\/#organization"},"potentialAction":[{"@type":"SearchAction","target":{"@type":"EntryPoint","urlTemplate":"https:\/\/www.suno.com.br\/noticias\/?s={search_term_string}"},"query-input":{"@type":"PropertyValueSpecification","valueRequired":true,"valueName":"search_term_string"}}],"inLanguage":"pt-BR"},{"@type":"Organization","@id":"https:\/\/www.suno.com.br\/noticias\/#organization","name":"Suno Not\u00edcias","url":"https:\/\/www.suno.com.br\/noticias\/","logo":{"@type":"ImageObject","inLanguage":"pt-BR","@id":"https:\/\/www.suno.com.br\/noticias\/#\/schema\/logo\/image\/","url":"https:\/\/files.sunoresearch.com.br\/n\/uploads\/2021\/09\/suno-logo.png","contentUrl":"https:\/\/files.sunoresearch.com.br\/n\/uploads\/2021\/09\/suno-logo.png","width":180,"height":180,"caption":"Suno Not\u00edcias"},"image":{"@id":"https:\/\/www.suno.com.br\/noticias\/#\/schema\/logo\/image\/"},"sameAs":["https:\/\/facebook.com\/sunoresearch","https:\/\/x.com\/sunoresearch","https:\/\/www.instagram.com\/suno","https:\/\/www.linkedin.com\/company\/suno-research\/","https:\/\/www.youtube.com\/c\/sunoresearch"]},{"@type":"Person","@id":"https:\/\/www.suno.com.br\/noticias\/#\/schema\/person\/d0f32748bbca4bee871fa191ee4e2d40","name":"Giovanni Porf\u00edrio Jacomino","image":{"@type":"ImageObject","inLanguage":"pt-BR","@id":"https:\/\/www.suno.com.br\/noticias\/#\/schema\/person\/image\/","url":"https:\/\/secure.gravatar.com\/avatar\/efb32e19b730a121cb7a80f41ffec01a?s=96&r=g","contentUrl":"https:\/\/secure.gravatar.com\/avatar\/efb32e19b730a121cb7a80f41ffec01a?s=96&r=g","caption":"Giovanni Porf\u00edrio Jacomino"},"description":"Giovanni Porf\u00edrio Jacomino \u00e9 jornalista formado pela Universidade Estadual de Londrina (UEL) e p\u00f3s-graduado em Produ\u00e7\u00e3o e Pr\u00e1ticas Jornal\u00edsticas na Contemporaneidade na Faculdade C\u00e1sper L\u00edbero (FCL). Foi editor web no Startupi e no Finsiders, atuando ainda como editor no TC Mover, portal de not\u00edcias da TradersClub, fazendo a cobertura de assuntos relacionados ao mercado financeiro interno e externo. Atualmente, \u00e9 Rep\u00f3rter do Suno Not\u00edcias.","url":"https:\/\/www.suno.com.br\/noticias\/author\/giovanni-porfiriosuno-com-br\/"}]}},"default_loop_html":"<div class=\"cardsPage__listCard__boxs\"><div class=\"cardsPage__listCard__boxs__img\"><a href=\"https:\/\/www.suno.com.br\/noticias\/embraer-embr3-balanco-1t24-gpj\/\"><img class=\"mask\" src=\"https:\/\/www.suno.com.br\/noticias\/wp-content\/themes\/suno\/resources\/images\/spotlight\/spotlight1img\/bg-mask.png\" alt=\"Image Mask\"\/><img src=\"https:\/\/files.sunoresearch.com.br\/n\/uploads\/2021\/05\/90793dc2-186551469_3625427630896041_6722251706334548378_n-e1697205852968-400x200.jpg\" alt=\"Embraer (EMBR3) reduz preju\u00edzo ajustado em 86,2% no 1T24, para R$ 63,5 milh\u00f5es; confira guidance\"\/><\/a><span class=\"spotlightCategory\"><a href=\"https:\/\/www.suno.com.br\/noticias\/negocios\/\">Neg\u00f3cios<\/a><\/span><\/div><div class=\"cardsPage__listCard__boxs__content\"><a href=\"https:\/\/www.suno.com.br\/noticias\/embraer-embr3-balanco-1t24-gpj\/\"><h2 class=\"content__title\">Embraer (EMBR3) reduz preju\u00edzo ajustado em 86,2% no 1T24, para R$ 63,5 milh\u00f5es; confira guidance<\/h2><\/a><div class=\"newsContent__article__meta\"><div class=\"newsContent__article__meta__authorBox\"><a href=\"https:\/\/www.suno.com.br\/noticias\/author\/giovanni-porfiriosuno-com-br\/\" class=\"authorBox__avatar noMobi\"><img src=\"https:\/\/files.sunoresearch.com.br\/n\/uploads\/2024\/05\/DSCF4115-1-1-150x150.webp\" alt=\"Giovanni Porf\u00edrio Jacomino\"><\/a><div class=\"authorBox__name\"><span>por\n\t\t\t<a href=\"https:\/\/www.suno.com.br\/noticias\/author\/giovanni-porfiriosuno-com-br\/\"><span itemprop=\"author\">Giovanni Porf\u00edrio Jacomino<\/span><\/a><\/span><time datetime=\"2024-05-07T08:16:08-03:00\" itemprop=\"datePublished\">07\/05\/2024 08:16<\/time><\/div><\/div><\/div><\/div><\/div>","single_layout":"posts","amp_enabled":true,"_links":{"self":[{"href":"https:\/\/www.suno.com.br\/noticias\/wp-json\/wp\/v2\/posts\/551334"}],"collection":[{"href":"https:\/\/www.suno.com.br\/noticias\/wp-json\/wp\/v2\/posts"}],"about":[{"href":"https:\/\/www.suno.com.br\/noticias\/wp-json\/wp\/v2\/types\/post"}],"author":[{"embeddable":true,"href":"https:\/\/www.suno.com.br\/noticias\/wp-json\/wp\/v2\/users\/313"}],"replies":[{"embeddable":true,"href":"https:\/\/www.suno.com.br\/noticias\/wp-json\/wp\/v2\/comments?post=551334"}],"version-history":[{"count":2,"href":"https:\/\/www.suno.com.br\/noticias\/wp-json\/wp\/v2\/posts\/551334\/revisions"}],"predecessor-version":[{"id":551347,"href":"https:\/\/www.suno.com.br\/noticias\/wp-json\/wp\/v2\/posts\/551334\/revisions\/551347"}],"wp:featuredmedia":[{"embeddable":true,"href":"https:\/\/www.suno.com.br\/noticias\/wp-json\/wp\/v2\/media\/150054"}],"wp:attachment":[{"href":"https:\/\/www.suno.com.br\/noticias\/wp-json\/wp\/v2\/media?parent=551334"}],"wp:term":[{"taxonomy":"category","embeddable":true,"href":"https:\/\/www.suno.com.br\/noticias\/wp-json\/wp\/v2\/categories?post=551334"},{"taxonomy":"post_tag","embeddable":true,"href":"https:\/\/www.suno.com.br\/noticias\/wp-json\/wp\/v2\/tags?post=551334"},{"taxonomy":"suno_strategy","embeddable":true,"href":"https:\/\/www.suno.com.br\/noticias\/wp-json\/wp\/v2\/suno_strategy?post=551334"}],"curies":[{"name":"wp","href":"https:\/\/api.w.org\/{rel}","templated":true}]}}