{"id":551103,"date":"2024-05-08T08:27:52","date_gmt":"2024-05-08T11:27:52","guid":{"rendered":"https:\/\/www.suno.com.br\/noticias\/?p=551103"},"modified":"2024-05-08T08:27:58","modified_gmt":"2024-05-08T11:27:58","slug":"dia-das-maes-varejo-selic-clima-xp-cpf","status":"publish","type":"post","link":"https:\/\/www.suno.com.br\/noticias\/dia-das-maes-varejo-selic-clima-xp-cpf\/","title":{"rendered":"Dia das M\u00e3es vai agitar o varejo? Selic e altas temperaturas podem impactar vendas e resultados do 2T24, diz analista"},"content":{"rendered":"<p>O setor do <strong>varejo <\/strong>no Dia das M\u00e3es tradicionalmente passa por uma \u00e9poca de otimismo econ\u00f4mico. Este ano, a data \u00e9 celebrada em 12 de maio, pr\u00f3ximo domingo.<\/p>\t<div class=\"wrapper-featured-image\">\n\t\t<figure class=\"spotlightImg\">\n\n\t\t\t<picture>\n\t\t\t\t<source media=\"(max-width: 768px)\" srcset=\"https:\/\/files.sunoresearch.com.br\/n\/uploads\/2024\/05\/dia-das-maes-compras-online-varejo-400x200.jpg\">\n\t\t\t\t<img loading=\"lazy\" decoding=\"async\" class=\"newsContent__article__imgCapa lazyloadDisabled \" src=\"https:\/\/files.sunoresearch.com.br\/n\/uploads\/2024\/05\/dia-das-maes-compras-online-varejo-800x450.jpg\" width=\"800\" height=\"450\" alt=\"Dia das M\u00e3es vai agitar o varejo? Selic e altas temperaturas podem impactar vendas e resultados do 2T24, diz analista\" fetchpriority=high \/>\n\t\t\t<\/picture>\n\n\t\t\t<figcaption class=\"wp-caption-text wp-caption-text--show\">Dia das M\u00e3es. Foto: iStock<\/figcaption>\n\t\t<\/figure>\n\t<\/div>\n\n\n\n\n\n\n\n\t<p>\n\t\t<a href=\"\" target=\"_blank\" data-element=\"shortcode-suno-banner\" title=\"Banner SUNO, clique e saiba mais\">\n\t\t\t<picture>\n\t\t\t\t<source media=\"(max-width: 500px)\" srcset=\"\">\n\t\t\t\t<img class=\"newsContent__article__imgCapa newsContent__article__imgCapa--banner\"\n\t\t\t\t\tsrc=\"\"\n\t\t\t\t\tdata-promo-id=\"240038\"\t\t\t\t\t\t\t\t\t\t\t\t\t\t\talt=\"\"\n\t\t\t\t>\n\t\t\t<\/picture>\n\t\t<\/a>\n\t<\/p>\n\n\n\n\n\n<p>A procura de <strong>presentes para as m\u00e3es<\/strong> movimenta shoppings centers e lojas online. Entretanto, o &#8220;agito&#8221; da data pode ser reduzido este ano. <\/p>\n\n\n\n<p>Segundo explica a analista da XP, Daniella Eiger, o n\u00edvel do consumo deve ser melhor definido ao longo desta semana, mas alguns pontos j\u00e1 cautela. <\/p>\n\n\n\n<p>&#8220;A <strong>infla\u00e7\u00e3o <\/strong>ainda tem pesado no <a class=\"suno-keyword\" data-force=\"no\" data-priority=\"1\" href=\"https:\/\/www.suno.com.br\/artigos\/poder-de-compra\/\" target=\"_blank\" rel=\"noopener\">poder de compra<\/a>, os juros elevados, o endividamento. Ent\u00e3o, a gente ainda n\u00e3o v\u00ea tanto espa\u00e7o para uma recupera\u00e7\u00e3o muito forte, mas existe uma base de compara\u00e7\u00e3o um pouco mais f\u00e1cil,&#8221; comenta Eiger.<\/p>\n\n\n\n<h2 class=\"wp-block-heading\">Clima poder\u00e1 ser mais agravante para o Dia das M\u00e3es do que a Selic<\/h2>\n\n\n\n<p>A <strong>taxa Selic<\/strong>, instrumento de controle da infla\u00e7\u00e3o do Banco Central, tem um impacto direto sobre o com\u00e9rcio. A previs\u00e3o de redu\u00e7\u00e3o no ritmo de cortes da <a class=\"suno-keyword\" data-force=\"no\" data-priority=\"1\" href=\"https:\/\/www.suno.com.br\/artigos\/taxa-de-juros\/\" target=\"_blank\" rel=\"noopener\">taxa b\u00e1sica de juros<\/a> \u00e9 um fator que estressa o mercado, que poder\u00e1 ser impactado por um per\u00edodo mais prolongado de infla\u00e7\u00e3o alta. <\/p>\n\n\n\n<p>Entretanto, Eiger acredita que a <strong>Selic<\/strong> n\u00e3o \u00e9 o maior obst\u00e1culo do <strong>varejo no Dia das M\u00e3es<\/strong> e pr\u00f3ximos feriados oportunos ao varejo.<\/p>\n\n\n\n<blockquote class=\"wp-block-quote is-layout-flow wp-block-quote-is-layout-flow\">\n<p>&#8220;O que a gente v\u00ea como risco principal \u00e9 a quest\u00e3o da temperatura, do clima. Est\u00e1 muito calor e v\u00e1rias varejistas j\u00e1 mudaram a cole\u00e7\u00e3o de vestu\u00e1rio,&#8221; aponta a head de varejo da XP. <\/p>\n<\/blockquote>\n\n\n\t<p>\n\t\t<a href=\"https:\/\/lp.suno.com.br\/ebook-gratuito-investindo-no-exterior\/\" target=\"_blank\" data-element=\"shortcode-suno-banner\" title=\"Banner SUNO, clique e saiba mais\">\n\t\t\t<picture>\n\t\t\t\t<source media=\"(max-width: 500px)\" srcset=\"https:\/\/files.sunoresearch.com.br\/n\/uploads\/2023\/03\/400x300-Investindo-no-exterior.png\">\n\t\t\t\t<img class=\"newsContent__article__imgCapa newsContent__article__imgCapa--banner\"\n\t\t\t\t\tsrc=\"https:\/\/files.sunoresearch.com.br\/n\/uploads\/2023\/03\/1420x240-Investindo-no-exterior.png\"\n\t\t\t\t\tdata-promo-id=\"383161\"\t\t\t\t\t\t\t\t\t\twidth='1420' height='240'\t\t\t\t\talt=\"https:\/\/files.sunoresearch.com.br\/n\/uploads\/2023\/03\/1420x240-Investindo-no-exterior.png\"\n\t\t\t\t>\n\t\t\t<\/picture>\n\t\t<\/a>\n\t<\/p>\n\n\n\n\n\n<h2 class=\"wp-block-heading\">Expectativas da XP para o varejo<\/h2>\n\n\n\n<p>Em relat\u00f3rio da XP, assinado por Eiger junto com os analistas Gustavo Senday e Laryssa Sumer, ressalta-se que as tend\u00eancias e previs\u00f5es para as <strong>companhias de varejo<\/strong> levantam uma &#8220;bandeira amarela&#8221; para o trimestre (2T24). <\/p>\n\n\n\n<p>&#8220;As datas comemorativas de <strong>Dia das M\u00e3es <\/strong>e <strong>Dia dos Namorados <\/strong>s\u00e3o determinantes chaves para a performance do [segundo] trimestre&#8221;, comentam. <\/p>\n\n\n\n<p>Com as previs\u00f5es clim\u00e1ticas de um inverno mais ameno pela frente, os analistas apontam que ainda ser\u00e1 preciso observar como o setor desempenha em face ao cen\u00e1rio desafiador. <\/p>\n\n\n\n<p>&#8220;A gente espera sim uma acelera\u00e7\u00e3o por conta da sazonalidade do trimestre [abril, maio e junho] ainda com algum impacto dos dados macros mais desfavor\u00e1veis pesando no consumo do <strong>varejo<\/strong>&#8220;, afirma Eiger.<\/p>\n\n\n\n\t<div data-element=\"shortcode-read-more\" class=\"readToo\">\n\t\t\t\t<span class=\"readToo__title\">Leia mais<\/span>\n\t\t\t\t<ul class=\"readToo__list\">\n\t\t\t<li><a href=\"https:\/\/www.suno.com.br\/noticias\/nubank-roxo34-dia-das-maes-estudo-evm\/\">Nubank (ROXO34) revela tend\u00eancias de compra no Dia das M\u00e3es em estudo exclusivo<\/a><\/li><li><a href=\"https:\/\/www.suno.com.br\/noticias\/dolar-juros-altos-eua-cambio-gestoras-gss\/\">D\u00f3lar: com juros altos por mais tempo nos EUA, o que esperar do c\u00e2mbio e como aproveitar o cen\u00e1rio?<\/a><\/li><li><a href=\"https:\/\/www.suno.com.br\/noticias\/magazine-luiza-mglu3-ceo-assembleia-gpj\/\">Magazine Luiza (MGLU3): acionistas convocam assembleia sobre CEO, ap\u00f3s pedido de fundadores do Kabum; a\u00e7\u00f5es caem no Ibovespa<\/a><\/li>\t\t<\/ul>\n\t<\/div>\n\n\n\n\t<p>\n\t\t<a href=\"https:\/\/lp.suno.com.br\/planilha-da-vida-financeira\/\" target=\"_blank\" data-element=\"shortcode-suno-banner\" title=\"Banner SUNO, clique e saiba mais\">\n\t\t\t<picture>\n\t\t\t\t<source media=\"(max-width: 500px)\" srcset=\"https:\/\/files.sunoresearch.com.br\/n\/uploads\/2023\/04\/400x300-Planilha-vida-financeira-true.png\">\n\t\t\t\t<img class=\"newsContent__article__imgCapa newsContent__article__imgCapa--banner\"\n\t\t\t\t\tsrc=\"https:\/\/files.sunoresearch.com.br\/n\/uploads\/2023\/04\/1420x240-Planilha-vida-financeira-true.png\"\n\t\t\t\t\tdata-promo-id=\"383123\"\t\t\t\t\t\t\t\t\t\twidth='1420' height='240'\t\t\t\t\talt=\"https:\/\/files.sunoresearch.com.br\/n\/uploads\/2023\/04\/1420x240-Planilha-vida-financeira-true.png\"\n\t\t\t\t>\n\t\t\t<\/picture>\n\t\t<\/a>\n\t<\/p>\n\n\n","protected":false},"excerpt":{"rendered":"<p>O setor do varejo no Dia das M\u00e3es tradicionalmente passa por uma \u00e9poca de otimismo econ\u00f4mico. Este ano, a data \u00e9 celebrada em 12 de maio, pr\u00f3ximo domingo. Dia das M\u00e3es. Foto: iStock A procura de presentes para as m\u00e3es movimenta shoppings centers e lojas online. Entretanto, o &#8220;agito&#8221; da data pode ser reduzido este [&hellip;]<\/p>\n","protected":false},"author":283,"featured_media":551140,"comment_status":"closed","ping_status":"closed","sticky":false,"template":"","format":"standard","meta":[],"categories":[62],"tags":[105816,105634,290,803],"suno_strategy":[],"class_list":["post-551103","post","type-post","status-publish","format-standard","has-post-thumbnail","hentry","category-economia","tag-especialistas","tag-mudancas-climaticas","tag-taxa-selic","tag-varejo"],"yoast_head":"<!-- This site is optimized with the Yoast SEO plugin v24.4 - https:\/\/yoast.com\/wordpress\/plugins\/seo\/ -->\n<title>Dia das M\u00e3es agita o varejo? Selic e clima devem impactar, diz XP<\/title>\n<meta name=\"description\" content=\"O varejo no Dia das M\u00e3es tem uma \u00e9poca de otimismo econ\u00f4mico, que pode ser impactado pelo clima e Selic este ano.\" \/>\n<meta name=\"robots\" content=\"index, follow, max-snippet:-1, max-image-preview:large, max-video-preview:-1\" \/>\n<link rel=\"canonical\" href=\"https:\/\/www.suno.com.br\/noticias\/dia-das-maes-varejo-selic-clima-xp-cpf\/\" \/>\n<meta property=\"og:locale\" content=\"pt_BR\" \/>\n<meta property=\"og:type\" content=\"article\" \/>\n<meta property=\"og:title\" content=\"Dia das M\u00e3es agita o varejo? Selic e clima devem impactar, diz XP\" \/>\n<meta property=\"og:description\" content=\"O varejo no Dia das M\u00e3es tem uma \u00e9poca de otimismo econ\u00f4mico, que pode ser impactado pelo clima e Selic este ano.\" \/>\n<meta property=\"og:url\" content=\"https:\/\/www.suno.com.br\/noticias\/dia-das-maes-varejo-selic-clima-xp-cpf\/\" \/>\n<meta property=\"og:site_name\" content=\"Suno Not\u00edcias\" \/>\n<meta property=\"article:publisher\" content=\"https:\/\/facebook.com\/sunoresearch\" \/>\n<meta property=\"og:image\" content=\"https:\/\/files.sunoresearch.com.br\/n\/uploads\/2024\/05\/dia-das-maes-compras-online-varejo.jpg\" \/>\n\t<meta property=\"og:image:width\" content=\"1200\" \/>\n\t<meta property=\"og:image:height\" content=\"801\" \/>\n\t<meta property=\"og:image:type\" content=\"image\/jpeg\" \/>\n<meta name=\"author\" content=\"Camila Paim\" \/>\n<meta name=\"twitter:card\" content=\"summary_large_image\" \/>\n<meta name=\"twitter:creator\" content=\"@sunoresearch\" \/>\n<meta name=\"twitter:site\" content=\"@sunoresearch\" \/>\n<meta name=\"twitter:label1\" content=\"Escrito por\" \/>\n\t<meta name=\"twitter:data1\" content=\"Camila Paim\" \/>\n\t<meta name=\"twitter:label2\" content=\"Est. tempo de leitura\" \/>\n\t<meta name=\"twitter:data2\" content=\"2 minutos\" \/>\n<script type=\"application\/ld+json\" class=\"yoast-schema-graph\">{\"@context\":\"https:\/\/schema.org\",\"@graph\":[{\"@type\":\"NewsArticle\",\"@id\":\"https:\/\/www.suno.com.br\/noticias\/dia-das-maes-varejo-selic-clima-xp-cpf\/#article\",\"isPartOf\":{\"@id\":\"https:\/\/www.suno.com.br\/noticias\/dia-das-maes-varejo-selic-clima-xp-cpf\/\"},\"author\":{\"name\":\"Camila Paim\",\"@id\":\"https:\/\/www.suno.com.br\/noticias\/#\/schema\/person\/f341d3ae5d1cc685176c9a5327cdfdbb\"},\"headline\":\"Dia das M\u00e3es vai agitar o varejo? Selic e altas temperaturas podem impactar vendas e resultados do 2T24, diz analista\",\"datePublished\":\"2024-05-08T11:27:52+00:00\",\"dateModified\":\"2024-05-08T11:27:58+00:00\",\"mainEntityOfPage\":{\"@id\":\"https:\/\/www.suno.com.br\/noticias\/dia-das-maes-varejo-selic-clima-xp-cpf\/\"},\"wordCount\":421,\"publisher\":{\"@id\":\"https:\/\/www.suno.com.br\/noticias\/#organization\"},\"image\":{\"@id\":\"https:\/\/www.suno.com.br\/noticias\/dia-das-maes-varejo-selic-clima-xp-cpf\/#primaryimage\"},\"thumbnailUrl\":\"https:\/\/files.sunoresearch.com.br\/n\/uploads\/2024\/05\/dia-das-maes-compras-online-varejo.jpg\",\"keywords\":[\"Especialistas\",\"mudan\u00e7as clim\u00e1ticas\",\"Taxa Selic\",\"varejo\"],\"articleSection\":[\"Economia\"],\"inLanguage\":\"pt-BR\"},{\"@type\":\"WebPage\",\"@id\":\"https:\/\/www.suno.com.br\/noticias\/dia-das-maes-varejo-selic-clima-xp-cpf\/\",\"url\":\"https:\/\/www.suno.com.br\/noticias\/dia-das-maes-varejo-selic-clima-xp-cpf\/\",\"name\":\"Dia das M\u00e3es agita o varejo? Selic e clima devem impactar, diz XP\",\"isPartOf\":{\"@id\":\"https:\/\/www.suno.com.br\/noticias\/#website\"},\"primaryImageOfPage\":{\"@id\":\"https:\/\/www.suno.com.br\/noticias\/dia-das-maes-varejo-selic-clima-xp-cpf\/#primaryimage\"},\"image\":{\"@id\":\"https:\/\/www.suno.com.br\/noticias\/dia-das-maes-varejo-selic-clima-xp-cpf\/#primaryimage\"},\"thumbnailUrl\":\"https:\/\/files.sunoresearch.com.br\/n\/uploads\/2024\/05\/dia-das-maes-compras-online-varejo.jpg\",\"datePublished\":\"2024-05-08T11:27:52+00:00\",\"dateModified\":\"2024-05-08T11:27:58+00:00\",\"description\":\"O varejo no Dia das M\u00e3es tem uma \u00e9poca de otimismo econ\u00f4mico, que pode ser impactado pelo clima e Selic este ano.\",\"breadcrumb\":{\"@id\":\"https:\/\/www.suno.com.br\/noticias\/dia-das-maes-varejo-selic-clima-xp-cpf\/#breadcrumb\"},\"inLanguage\":\"pt-BR\",\"potentialAction\":[{\"@type\":\"ReadAction\",\"target\":[\"https:\/\/www.suno.com.br\/noticias\/dia-das-maes-varejo-selic-clima-xp-cpf\/\"]}]},{\"@type\":\"ImageObject\",\"inLanguage\":\"pt-BR\",\"@id\":\"https:\/\/www.suno.com.br\/noticias\/dia-das-maes-varejo-selic-clima-xp-cpf\/#primaryimage\",\"url\":\"https:\/\/files.sunoresearch.com.br\/n\/uploads\/2024\/05\/dia-das-maes-compras-online-varejo.jpg\",\"contentUrl\":\"https:\/\/files.sunoresearch.com.br\/n\/uploads\/2024\/05\/dia-das-maes-compras-online-varejo.jpg\",\"width\":1200,\"height\":801,\"caption\":\"Dia das M\u00e3es. Foto: iStock\"},{\"@type\":\"BreadcrumbList\",\"@id\":\"https:\/\/www.suno.com.br\/noticias\/dia-das-maes-varejo-selic-clima-xp-cpf\/#breadcrumb\",\"itemListElement\":[{\"@type\":\"ListItem\",\"position\":1,\"name\":\"Not\u00edcias\",\"item\":\"https:\/\/www.suno.com.br\/noticias\/\"},{\"@type\":\"ListItem\",\"position\":2,\"name\":\"Economia\",\"item\":\"https:\/\/www.suno.com.br\/noticias\/economia\/\"},{\"@type\":\"ListItem\",\"position\":3,\"name\":\"Dia das M\u00e3es vai agitar o varejo? Selic e altas temperaturas podem impactar vendas e resultados do 2T24, diz analista\"}]},{\"@type\":\"WebSite\",\"@id\":\"https:\/\/www.suno.com.br\/noticias\/#website\",\"url\":\"https:\/\/www.suno.com.br\/noticias\/\",\"name\":\"Suno Not\u00edcias\",\"description\":\"Seu portal de informa\u00e7\u00e3o sobre o mundo dos investimentos\",\"publisher\":{\"@id\":\"https:\/\/www.suno.com.br\/noticias\/#organization\"},\"potentialAction\":[{\"@type\":\"SearchAction\",\"target\":{\"@type\":\"EntryPoint\",\"urlTemplate\":\"https:\/\/www.suno.com.br\/noticias\/?s={search_term_string}\"},\"query-input\":{\"@type\":\"PropertyValueSpecification\",\"valueRequired\":true,\"valueName\":\"search_term_string\"}}],\"inLanguage\":\"pt-BR\"},{\"@type\":\"Organization\",\"@id\":\"https:\/\/www.suno.com.br\/noticias\/#organization\",\"name\":\"Suno Not\u00edcias\",\"url\":\"https:\/\/www.suno.com.br\/noticias\/\",\"logo\":{\"@type\":\"ImageObject\",\"inLanguage\":\"pt-BR\",\"@id\":\"https:\/\/www.suno.com.br\/noticias\/#\/schema\/logo\/image\/\",\"url\":\"https:\/\/files.sunoresearch.com.br\/n\/uploads\/2021\/09\/suno-logo.png\",\"contentUrl\":\"https:\/\/files.sunoresearch.com.br\/n\/uploads\/2021\/09\/suno-logo.png\",\"width\":180,\"height\":180,\"caption\":\"Suno Not\u00edcias\"},\"image\":{\"@id\":\"https:\/\/www.suno.com.br\/noticias\/#\/schema\/logo\/image\/\"},\"sameAs\":[\"https:\/\/facebook.com\/sunoresearch\",\"https:\/\/x.com\/sunoresearch\",\"https:\/\/www.instagram.com\/suno\",\"https:\/\/www.linkedin.com\/company\/suno-research\/\",\"https:\/\/www.youtube.com\/c\/sunoresearch\"]},{\"@type\":\"Person\",\"@id\":\"https:\/\/www.suno.com.br\/noticias\/#\/schema\/person\/f341d3ae5d1cc685176c9a5327cdfdbb\",\"name\":\"Camila Paim\",\"image\":{\"@type\":\"ImageObject\",\"inLanguage\":\"pt-BR\",\"@id\":\"https:\/\/www.suno.com.br\/noticias\/#\/schema\/person\/image\/\",\"url\":\"https:\/\/secure.gravatar.com\/avatar\/f33728e65febb1aa7ecf6792956f9b20?s=96&r=g\",\"contentUrl\":\"https:\/\/secure.gravatar.com\/avatar\/f33728e65febb1aa7ecf6792956f9b20?s=96&r=g\",\"caption\":\"Camila Paim\"},\"description\":\"Jornalista formada pela USP, tem experi\u00eancia em reda\u00e7\u00f5es, SEO, Branded Content e Webdesign. Com passagem pelo Jornal da USP, Empiricus e C6 Bank, hoje \u00e9 rep\u00f3rter no Suno Not\u00edcias cobrindo macroeconomia, finan\u00e7as pessoais e startups.\",\"url\":\"https:\/\/www.suno.com.br\/noticias\/author\/camila-figueiredosuno-com-br\/\"}]}<\/script>\n<!-- \/ Yoast SEO plugin. -->","yoast_head_json":{"title":"Dia das M\u00e3es agita o varejo? Selic e clima devem impactar, diz XP","description":"O varejo no Dia das M\u00e3es tem uma \u00e9poca de otimismo econ\u00f4mico, que pode ser impactado pelo clima e Selic este ano.","robots":{"index":"index","follow":"follow","max-snippet":"max-snippet:-1","max-image-preview":"max-image-preview:large","max-video-preview":"max-video-preview:-1"},"canonical":"https:\/\/www.suno.com.br\/noticias\/dia-das-maes-varejo-selic-clima-xp-cpf\/","og_locale":"pt_BR","og_type":"article","og_title":"Dia das M\u00e3es agita o varejo? Selic e clima devem impactar, diz XP","og_description":"O varejo no Dia das M\u00e3es tem uma \u00e9poca de otimismo econ\u00f4mico, que pode ser impactado pelo clima e Selic este ano.","og_url":"https:\/\/www.suno.com.br\/noticias\/dia-das-maes-varejo-selic-clima-xp-cpf\/","og_site_name":"Suno Not\u00edcias","article_publisher":"https:\/\/facebook.com\/sunoresearch","og_image":[{"width":1200,"height":801,"url":"https:\/\/files.sunoresearch.com.br\/n\/uploads\/2024\/05\/dia-das-maes-compras-online-varejo.jpg","type":"image\/jpeg"}],"author":"Camila Paim","twitter_card":"summary_large_image","twitter_creator":"@sunoresearch","twitter_site":"@sunoresearch","twitter_misc":{"Escrito por":"Camila Paim","Est. tempo de leitura":"2 minutos"},"schema":{"@context":"https:\/\/schema.org","@graph":[{"@type":"NewsArticle","@id":"https:\/\/www.suno.com.br\/noticias\/dia-das-maes-varejo-selic-clima-xp-cpf\/#article","isPartOf":{"@id":"https:\/\/www.suno.com.br\/noticias\/dia-das-maes-varejo-selic-clima-xp-cpf\/"},"author":{"name":"Camila Paim","@id":"https:\/\/www.suno.com.br\/noticias\/#\/schema\/person\/f341d3ae5d1cc685176c9a5327cdfdbb"},"headline":"Dia das M\u00e3es vai agitar o varejo? Selic e altas temperaturas podem impactar vendas e resultados do 2T24, diz analista","datePublished":"2024-05-08T11:27:52+00:00","dateModified":"2024-05-08T11:27:58+00:00","mainEntityOfPage":{"@id":"https:\/\/www.suno.com.br\/noticias\/dia-das-maes-varejo-selic-clima-xp-cpf\/"},"wordCount":421,"publisher":{"@id":"https:\/\/www.suno.com.br\/noticias\/#organization"},"image":{"@id":"https:\/\/www.suno.com.br\/noticias\/dia-das-maes-varejo-selic-clima-xp-cpf\/#primaryimage"},"thumbnailUrl":"https:\/\/files.sunoresearch.com.br\/n\/uploads\/2024\/05\/dia-das-maes-compras-online-varejo.jpg","keywords":["Especialistas","mudan\u00e7as clim\u00e1ticas","Taxa Selic","varejo"],"articleSection":["Economia"],"inLanguage":"pt-BR"},{"@type":"WebPage","@id":"https:\/\/www.suno.com.br\/noticias\/dia-das-maes-varejo-selic-clima-xp-cpf\/","url":"https:\/\/www.suno.com.br\/noticias\/dia-das-maes-varejo-selic-clima-xp-cpf\/","name":"Dia das M\u00e3es agita o varejo? Selic e clima devem impactar, diz XP","isPartOf":{"@id":"https:\/\/www.suno.com.br\/noticias\/#website"},"primaryImageOfPage":{"@id":"https:\/\/www.suno.com.br\/noticias\/dia-das-maes-varejo-selic-clima-xp-cpf\/#primaryimage"},"image":{"@id":"https:\/\/www.suno.com.br\/noticias\/dia-das-maes-varejo-selic-clima-xp-cpf\/#primaryimage"},"thumbnailUrl":"https:\/\/files.sunoresearch.com.br\/n\/uploads\/2024\/05\/dia-das-maes-compras-online-varejo.jpg","datePublished":"2024-05-08T11:27:52+00:00","dateModified":"2024-05-08T11:27:58+00:00","description":"O varejo no Dia das M\u00e3es tem uma \u00e9poca de otimismo econ\u00f4mico, que pode ser impactado pelo clima e Selic este ano.","breadcrumb":{"@id":"https:\/\/www.suno.com.br\/noticias\/dia-das-maes-varejo-selic-clima-xp-cpf\/#breadcrumb"},"inLanguage":"pt-BR","potentialAction":[{"@type":"ReadAction","target":["https:\/\/www.suno.com.br\/noticias\/dia-das-maes-varejo-selic-clima-xp-cpf\/"]}]},{"@type":"ImageObject","inLanguage":"pt-BR","@id":"https:\/\/www.suno.com.br\/noticias\/dia-das-maes-varejo-selic-clima-xp-cpf\/#primaryimage","url":"https:\/\/files.sunoresearch.com.br\/n\/uploads\/2024\/05\/dia-das-maes-compras-online-varejo.jpg","contentUrl":"https:\/\/files.sunoresearch.com.br\/n\/uploads\/2024\/05\/dia-das-maes-compras-online-varejo.jpg","width":1200,"height":801,"caption":"Dia das M\u00e3es. Foto: iStock"},{"@type":"BreadcrumbList","@id":"https:\/\/www.suno.com.br\/noticias\/dia-das-maes-varejo-selic-clima-xp-cpf\/#breadcrumb","itemListElement":[{"@type":"ListItem","position":1,"name":"Not\u00edcias","item":"https:\/\/www.suno.com.br\/noticias\/"},{"@type":"ListItem","position":2,"name":"Economia","item":"https:\/\/www.suno.com.br\/noticias\/economia\/"},{"@type":"ListItem","position":3,"name":"Dia das M\u00e3es vai agitar o varejo? Selic e altas temperaturas podem impactar vendas e resultados do 2T24, diz analista"}]},{"@type":"WebSite","@id":"https:\/\/www.suno.com.br\/noticias\/#website","url":"https:\/\/www.suno.com.br\/noticias\/","name":"Suno Not\u00edcias","description":"Seu portal de informa\u00e7\u00e3o sobre o mundo dos investimentos","publisher":{"@id":"https:\/\/www.suno.com.br\/noticias\/#organization"},"potentialAction":[{"@type":"SearchAction","target":{"@type":"EntryPoint","urlTemplate":"https:\/\/www.suno.com.br\/noticias\/?s={search_term_string}"},"query-input":{"@type":"PropertyValueSpecification","valueRequired":true,"valueName":"search_term_string"}}],"inLanguage":"pt-BR"},{"@type":"Organization","@id":"https:\/\/www.suno.com.br\/noticias\/#organization","name":"Suno Not\u00edcias","url":"https:\/\/www.suno.com.br\/noticias\/","logo":{"@type":"ImageObject","inLanguage":"pt-BR","@id":"https:\/\/www.suno.com.br\/noticias\/#\/schema\/logo\/image\/","url":"https:\/\/files.sunoresearch.com.br\/n\/uploads\/2021\/09\/suno-logo.png","contentUrl":"https:\/\/files.sunoresearch.com.br\/n\/uploads\/2021\/09\/suno-logo.png","width":180,"height":180,"caption":"Suno Not\u00edcias"},"image":{"@id":"https:\/\/www.suno.com.br\/noticias\/#\/schema\/logo\/image\/"},"sameAs":["https:\/\/facebook.com\/sunoresearch","https:\/\/x.com\/sunoresearch","https:\/\/www.instagram.com\/suno","https:\/\/www.linkedin.com\/company\/suno-research\/","https:\/\/www.youtube.com\/c\/sunoresearch"]},{"@type":"Person","@id":"https:\/\/www.suno.com.br\/noticias\/#\/schema\/person\/f341d3ae5d1cc685176c9a5327cdfdbb","name":"Camila Paim","image":{"@type":"ImageObject","inLanguage":"pt-BR","@id":"https:\/\/www.suno.com.br\/noticias\/#\/schema\/person\/image\/","url":"https:\/\/secure.gravatar.com\/avatar\/f33728e65febb1aa7ecf6792956f9b20?s=96&r=g","contentUrl":"https:\/\/secure.gravatar.com\/avatar\/f33728e65febb1aa7ecf6792956f9b20?s=96&r=g","caption":"Camila Paim"},"description":"Jornalista formada pela USP, tem experi\u00eancia em reda\u00e7\u00f5es, SEO, Branded Content e Webdesign. Com passagem pelo Jornal da USP, Empiricus e C6 Bank, hoje \u00e9 rep\u00f3rter no Suno Not\u00edcias cobrindo macroeconomia, finan\u00e7as pessoais e startups.","url":"https:\/\/www.suno.com.br\/noticias\/author\/camila-figueiredosuno-com-br\/"}]}},"default_loop_html":"<div class=\"cardsPage__listCard__boxs\"><div class=\"cardsPage__listCard__boxs__img\"><a href=\"https:\/\/www.suno.com.br\/noticias\/dia-das-maes-varejo-selic-clima-xp-cpf\/\"><img class=\"mask\" src=\"https:\/\/www.suno.com.br\/noticias\/wp-content\/themes\/suno\/resources\/images\/spotlight\/spotlight1img\/bg-mask.png\" alt=\"Image Mask\"\/><img src=\"https:\/\/files.sunoresearch.com.br\/n\/uploads\/2024\/05\/dia-das-maes-compras-online-varejo-400x200.jpg\" alt=\"Dia das M\u00e3es vai agitar o varejo? Selic e altas temperaturas podem impactar vendas e resultados do 2T24, diz analista\"\/><\/a><span class=\"spotlightCategory\"><a href=\"https:\/\/www.suno.com.br\/noticias\/economia\/\">Economia<\/a><\/span><\/div><div class=\"cardsPage__listCard__boxs__content\"><a href=\"https:\/\/www.suno.com.br\/noticias\/dia-das-maes-varejo-selic-clima-xp-cpf\/\"><h2 class=\"content__title\">Dia das M\u00e3es vai agitar o varejo? Selic e altas temperaturas podem impactar vendas e resultados do 2T24, diz analista<\/h2><\/a><div class=\"newsContent__article__meta\"><div class=\"newsContent__article__meta__authorBox\"><a href=\"https:\/\/www.suno.com.br\/noticias\/author\/giovanni-porfiriosuno-com-br\/\" class=\"authorBox__avatar noMobi\"><img src=\"https:\/\/files.sunoresearch.com.br\/n\/uploads\/2024\/05\/DSCF4115-1-1-150x150.webp\" alt=\"Giovanni Porf\u00edrio Jacomino\"><\/a><div class=\"authorBox__name\"><span>por\n\t\t\t<a href=\"https:\/\/www.suno.com.br\/noticias\/author\/giovanni-porfiriosuno-com-br\/\"><span itemprop=\"author\">Giovanni Porf\u00edrio Jacomino<\/span><\/a><\/span><time datetime=\"2024-05-08T08:27:52-03:00\" itemprop=\"datePublished\">08\/05\/2024 08:27<\/time><\/div><\/div><\/div><\/div><\/div>","single_layout":"posts","amp_enabled":true,"_links":{"self":[{"href":"https:\/\/www.suno.com.br\/noticias\/wp-json\/wp\/v2\/posts\/551103"}],"collection":[{"href":"https:\/\/www.suno.com.br\/noticias\/wp-json\/wp\/v2\/posts"}],"about":[{"href":"https:\/\/www.suno.com.br\/noticias\/wp-json\/wp\/v2\/types\/post"}],"author":[{"embeddable":true,"href":"https:\/\/www.suno.com.br\/noticias\/wp-json\/wp\/v2\/users\/283"}],"replies":[{"embeddable":true,"href":"https:\/\/www.suno.com.br\/noticias\/wp-json\/wp\/v2\/comments?post=551103"}],"version-history":[{"count":2,"href":"https:\/\/www.suno.com.br\/noticias\/wp-json\/wp\/v2\/posts\/551103\/revisions"}],"predecessor-version":[{"id":551809,"href":"https:\/\/www.suno.com.br\/noticias\/wp-json\/wp\/v2\/posts\/551103\/revisions\/551809"}],"wp:featuredmedia":[{"embeddable":true,"href":"https:\/\/www.suno.com.br\/noticias\/wp-json\/wp\/v2\/media\/551140"}],"wp:attachment":[{"href":"https:\/\/www.suno.com.br\/noticias\/wp-json\/wp\/v2\/media?parent=551103"}],"wp:term":[{"taxonomy":"category","embeddable":true,"href":"https:\/\/www.suno.com.br\/noticias\/wp-json\/wp\/v2\/categories?post=551103"},{"taxonomy":"post_tag","embeddable":true,"href":"https:\/\/www.suno.com.br\/noticias\/wp-json\/wp\/v2\/tags?post=551103"},{"taxonomy":"suno_strategy","embeddable":true,"href":"https:\/\/www.suno.com.br\/noticias\/wp-json\/wp\/v2\/suno_strategy?post=551103"}],"curies":[{"name":"wp","href":"https:\/\/api.w.org\/{rel}","templated":true}]}}