{"id":550823,"date":"2024-05-05T17:00:34","date_gmt":"2024-05-05T20:00:34","guid":{"rendered":"https:\/\/www.suno.com.br\/noticias\/?p=550823"},"modified":"2024-05-05T17:00:39","modified_gmt":"2024-05-05T20:00:39","slug":"kora-saude-krsa3-controladores-opa-evm","status":"publish","type":"post","link":"https:\/\/www.suno.com.br\/noticias\/kora-saude-krsa3-controladores-opa-evm\/","title":{"rendered":"Kora (KRSA3): Controladores prop\u00f5em sa\u00edda volunt\u00e1ria do novo mercado e dispensa de OPA"},"content":{"rendered":"<p>A <a href=\"https:\/\/www.suno.com.br\/acoes\/krsa3\"><strong>Kora<\/strong> Sa\u00fade (KRSA3)<\/a> comunicou neste domingo (5) que os acionistas controladores pediram a convoca\u00e7\u00e3o de uma assembleia geral extraordin\u00e1ria para votar a proposta de sa\u00edda volunt\u00e1ria da companhia do segmento especial de listagem da B3, chamado de <a class=\"suno-keyword\" data-force=\"no\" data-priority=\"1\" href=\"https:\/\/www.suno.com.br\/artigos\/novo-mercado\/\" target=\"_blank\" rel=\"noopener\">Novo Mercado<\/a>, com a dispensa da realiza\u00e7\u00e3o de <a class=\"suno-keyword\" data-force=\"no\" data-priority=\"1\" href=\"https:\/\/www.suno.com.br\/artigos\/oferta-publica-aquisicao\/\" target=\"_blank\" rel=\"noopener\">oferta p\u00fablica de aquisi\u00e7\u00e3o<\/a> de a\u00e7\u00f5es (OPA).<\/p><div class=\"videoFull \">\n\t\t\t<div class=\"videoWrapper yt-lazyload center\"\n\t\t\t\tdata-width=\"960\"\n\t\t\t\tdata-height=\"540\"\n\t\t\t\tdata-id=\"ZFtlPahFFXs\"\n\t\t\t\tdata-alt=\"V\u00eddeo do YouTube - clique para reproduzir\"\n\t\t\t\tdata-logo=\"3\"\n\t\t\t\tdata-imagequality=\"maxres\">\n\t\t\t<\/div>\n\t\t<\/div><script type=\"application\/ld+json\">{\"@context\":\"https:\/\/schema.org\",\"@type\":\"VideoObject\",\"name\":\"\ud83d\udd34PAYROLL IMPULSIONA MERCADOS; ENTENDA | Petrobras (PETR4) atualiza dividendos | Gerdau dispara\",\"description\":\"#mercadofinanceiro #a\u00e7\u00f5es #investimentos #bolsadevalores #ibovespa #dinheiro #finan\u00e7as #pol\u00edtica #d\u00f3lar #livedas19h #petr4 #petr3 #petrobras #vale3 #vale #a\u00e7\u00f5es #economia #dividendos #min\u00e9riodeferro #min\u00e9rio #petr\u00f3leo #commodities #proventos #jcp #statusinvest #statusalpha #payroll #gerdau #ggbr4 \ud83d\udd34SUNO CONSULTORIA: https:\/\/lp.suno.com.br\/ao\/consultoria-de-investimentos\/?utm_source=youtube.noticias&utm_campaign=020524&utm_medium=live \ud83d\udd34\ud83d\udccaINVISTA MELHOR COM STATUS ALPHA: https:\/\/lp.statusinvest.com.br\/ao\/status-alpha\/?utm_source=youtube.noticias&utm_medium=live O Ibovespa abriu a sess\u00e3o desta sexta-feira (03) em alta, e por volta das 11h30, o \u00edndice\u2026\",\"duration\":\"PT17M56S\",\"embedUrl\":\"https:\/\/www.youtube.com\/embed\/ZFtlPahFFXs\",\"regionsAllowed\":\"en-US\",\"interactionStatistic\":{\"@type\":\"InteractionCounter\",\"interactionType\":{\"@type\":\"WatchAction\"},\"userInteractionCount\":3138},\"thumbnailUrl\":\"https:\/\/i.ytimg.com\/vi\/ZFtlPahFFXs\/default.jpg\",\"uploadDate\":\"2024-05-03T22:23:48Z\"}<\/script>\n\n\n\n\n\t<p>\n\t\t<a href=\"https:\/\/lp.suno.com.br\/planilha-da-vida-financeira\/\" target=\"_blank\" data-element=\"shortcode-suno-banner\" title=\"Banner SUNO, clique e saiba mais\">\n\t\t\t<picture>\n\t\t\t\t<source media=\"(max-width: 500px)\" srcset=\"https:\/\/files.sunoresearch.com.br\/n\/uploads\/2023\/04\/400x300-Planilha-vida-financeira-true.png\">\n\t\t\t\t<img class=\"newsContent__article__imgCapa newsContent__article__imgCapa--banner\"\n\t\t\t\t\tsrc=\"https:\/\/files.sunoresearch.com.br\/n\/uploads\/2023\/04\/1420x240-Planilha-vida-financeira-true.png\"\n\t\t\t\t\tdata-promo-id=\"106682\"\t\t\t\t\t\t\t\t\t\twidth='1420' height='240'\t\t\t\t\talt=\"https:\/\/files.sunoresearch.com.br\/n\/uploads\/2023\/04\/1420x240-Planilha-vida-financeira-true.png\"\n\t\t\t\t>\n\t\t\t<\/picture>\n\t\t<\/a>\n\t<\/p>\n\n\n\n\n\n\n\n<p>Com isso, a Kora migraria para o segmento b\u00e1sico de listagem da B3. <\/p>\n\n\n\n<p>O pedido de assembleia incluiu tamb\u00e9m como pauta a reforma e consolida\u00e7\u00e3o do <a class=\"suno-keyword\" target=\"_blank\" data-force=\"no\" data-priority=\"1\" href=\"https:\/\/www.suno.com.br\/artigos\/estatuto-social\/\" rel=\"noopener\">estatuto social<\/a> da companhia, sujeita \u00e0 aprova\u00e7\u00e3o da sa\u00edda do Novo Mercado.<\/p>\n\n\n\n<p>O comunicado n\u00e3o informou a data de realiza\u00e7\u00e3o da assembleia. Por ora, a dire\u00e7\u00e3o da Kora se limitou a dizer que manter\u00e1 seus acionistas e o mercado em geral informados sobre o desenvolvimento do assunto.<\/p>\n\n\n\n<p>A Kora \u00e9 um dos maiores grupos hospitalares do Pa\u00eds, com sete hospitais no Esp\u00edrito Santo, dois no Tocantins e est\u00e1 presente ainda no Mato Grosso, Distrito Federal e Cear\u00e1.<\/p>\n\n\n\t<p>\n\t\t<a href=\"https:\/\/lp.suno.com.br\/ebook-como-analisar-uma-acao\/\" target=\"_blank\" data-element=\"shortcode-suno-banner\" title=\"Banner SUNO, clique e saiba mais\">\n\t\t\t<picture>\n\t\t\t\t<source media=\"(max-width: 500px)\" srcset=\"https:\/\/files.sunoresearch.com.br\/n\/uploads\/2023\/03\/Ebook-Acoes-Mobile.jpg\">\n\t\t\t\t<img class=\"newsContent__article__imgCapa newsContent__article__imgCapa--banner\"\n\t\t\t\t\tsrc=\"https:\/\/files.sunoresearch.com.br\/n\/uploads\/2023\/03\/Ebook-Acoes-Desktop.jpg\"\n\t\t\t\t\tdata-promo-id=\"378302\"\t\t\t\t\t\t\t\t\t\twidth='1420' height='286'\t\t\t\t\talt=\"https:\/\/files.sunoresearch.com.br\/n\/uploads\/2023\/03\/Ebook-Acoes-Desktop.jpg\"\n\t\t\t\t>\n\t\t\t<\/picture>\n\t\t<\/a>\n\t<\/p>\n\n\n\n\n\n<h2 class=\"wp-block-heading\">Quem s\u00e3o os controladores da Kora<\/h2>\n\n\n\n<p>Os controladores do grupo s\u00e3o os fundos Fuji Brasil Partners e Viso Advantage, detentores de 68,4% das a\u00e7\u00f5es. Eles enviaram uma carta \u00e0 empresa na sexta-feira, 3, com as justificativas para os pedidos.<\/p>\n\n\n\n<p>Na carta, eles afirmaram que a Kora, como outras empresas do setor de sa\u00fade, vem enfrentando um cen\u00e1rio dif\u00edcil ao longo dos \u00faltimos anos, agravado pela <a class=\"suno-keyword\" target=\"_blank\" data-force=\"no\" data-priority=\"1\" href=\"https:\/\/www.suno.com.br\/artigos\/crise-financeira\/\" rel=\"noopener\">crise financeira<\/a> dos planos de sa\u00fade e da taxa elevada de juros no Brasil. <\/p>\n\n\n\n<p>&#8220;Devido \u00e0 alavancagem atual da companhia, isso tem drenado parte fundamental da <a class=\"suno-keyword\" target=\"_blank\" data-force=\"no\" data-priority=\"1\" href=\"https:\/\/www.suno.com.br\/artigos\/geracao-de-caixa\/\" rel=\"noopener\">gera\u00e7\u00e3o de caixa<\/a> que deveria ser destinada \u00e0 opera\u00e7\u00e3o&#8221;, escrevem.<\/p>\n\n\n\n<p>Na avalia\u00e7\u00e3o dos controladores, esses desafios foram intensificados nos \u00faltimos meses e t\u00eam pressionado a cota\u00e7\u00e3o das a\u00e7\u00f5es da <strong>Kora<\/strong>, que acumulam quedas de 34,62% desde o come\u00e7o de 2024 e de 74,63% nos \u00faltimos 24 meses.<\/p>\n\n\n\n<p>Com Estad\u00e3o Conte\u00fado<\/p>\n\n\n\t<p>\n\t\t<a href=\"https:\/\/lp.suno.com.br\/planilha-da-vida-financeira\/\" target=\"_blank\" data-element=\"shortcode-suno-banner\" title=\"Banner SUNO, clique e saiba mais\">\n\t\t\t<picture>\n\t\t\t\t<source media=\"(max-width: 500px)\" srcset=\"https:\/\/files.sunoresearch.com.br\/n\/uploads\/2023\/04\/400x300-Planilha-vida-financeira-true.png\">\n\t\t\t\t<img class=\"newsContent__article__imgCapa newsContent__article__imgCapa--banner\"\n\t\t\t\t\tsrc=\"https:\/\/files.sunoresearch.com.br\/n\/uploads\/2023\/04\/1420x240-Planilha-vida-financeira-true.png\"\n\t\t\t\t\tdata-promo-id=\"383123\"\t\t\t\t\t\t\t\t\t\twidth='1420' height='240'\t\t\t\t\talt=\"https:\/\/files.sunoresearch.com.br\/n\/uploads\/2023\/04\/1420x240-Planilha-vida-financeira-true.png\"\n\t\t\t\t>\n\t\t\t<\/picture>\n\t\t<\/a>\n\t<\/p>\n\n\n","protected":false},"excerpt":{"rendered":"<p>A Kora Sa\u00fade (KRSA3) comunicou neste domingo (5) que os acionistas controladores pediram a convoca\u00e7\u00e3o de uma assembleia geral extraordin\u00e1ria para votar a proposta de sa\u00edda volunt\u00e1ria da companhia do segmento especial de listagem da B3, chamado de Novo Mercado, com a dispensa da realiza\u00e7\u00e3o de oferta p\u00fablica de aquisi\u00e7\u00e3o de a\u00e7\u00f5es (OPA). Com isso, [&hellip;]<\/p>\n","protected":false},"author":73,"featured_media":192783,"comment_status":"closed","ping_status":"closed","sticky":false,"template":"","format":"standard","meta":[],"categories":[64],"tags":[106444,105852],"suno_strategy":[],"class_list":["post-550823","post","type-post","status-publish","format-standard","has-post-thumbnail","hentry","category-negocios","tag-agencias","tag-kora-saude-krsa3"],"yoast_head":"<!-- This site is optimized with the Yoast SEO plugin v24.4 - https:\/\/yoast.com\/wordpress\/plugins\/seo\/ -->\n<title>Kora (KRSA3): Controladores prop\u00f5em sa\u00edda volunt\u00e1ria do novo mercado e dispensa de OPA<\/title>\n<meta name=\"description\" content=\"Com isso, a Kora migraria para o segmento b\u00e1sico de listagem da B3; controladores da companhia s\u00e3o Fuji Brasil Partners e Viso Advantage\" \/>\n<meta name=\"robots\" content=\"index, follow, max-snippet:-1, max-image-preview:large, max-video-preview:-1\" \/>\n<link rel=\"canonical\" href=\"https:\/\/www.suno.com.br\/noticias\/kora-saude-krsa3-controladores-opa-evm\/\" \/>\n<meta property=\"og:locale\" content=\"pt_BR\" \/>\n<meta property=\"og:type\" content=\"article\" \/>\n<meta property=\"og:title\" content=\"Kora (KRSA3): Controladores prop\u00f5em sa\u00edda volunt\u00e1ria do novo mercado e dispensa de OPA\" \/>\n<meta property=\"og:description\" content=\"Com isso, a Kora migraria para o segmento b\u00e1sico de listagem da B3; controladores da companhia s\u00e3o Fuji Brasil Partners e Viso Advantage\" \/>\n<meta property=\"og:url\" content=\"https:\/\/www.suno.com.br\/noticias\/kora-saude-krsa3-controladores-opa-evm\/\" \/>\n<meta property=\"og:site_name\" content=\"Suno Not\u00edcias\" \/>\n<meta property=\"article:publisher\" content=\"https:\/\/facebook.com\/sunoresearch\" \/>\n<meta property=\"og:image\" content=\"https:\/\/files.sunoresearch.com.br\/n\/uploads\/2021\/10\/Foto4.jpg\" \/>\n\t<meta property=\"og:image:width\" content=\"2500\" \/>\n\t<meta property=\"og:image:height\" content=\"1667\" \/>\n\t<meta property=\"og:image:type\" content=\"image\/jpeg\" \/>\n<meta name=\"author\" content=\"Eduardo Vargas\" \/>\n<meta name=\"twitter:card\" content=\"summary_large_image\" \/>\n<meta name=\"twitter:creator\" content=\"@sunoresearch\" \/>\n<meta name=\"twitter:site\" content=\"@sunoresearch\" \/>\n<meta name=\"twitter:label1\" content=\"Escrito por\" \/>\n\t<meta name=\"twitter:data1\" content=\"Eduardo Vargas\" \/>\n\t<meta name=\"twitter:label2\" content=\"Est. tempo de leitura\" \/>\n\t<meta name=\"twitter:data2\" content=\"2 minutos\" \/>\n<script type=\"application\/ld+json\" class=\"yoast-schema-graph\">{\"@context\":\"https:\/\/schema.org\",\"@graph\":[{\"@type\":\"NewsArticle\",\"@id\":\"https:\/\/www.suno.com.br\/noticias\/kora-saude-krsa3-controladores-opa-evm\/#article\",\"isPartOf\":{\"@id\":\"https:\/\/www.suno.com.br\/noticias\/kora-saude-krsa3-controladores-opa-evm\/\"},\"author\":{\"name\":\"Eduardo Vargas\",\"@id\":\"https:\/\/www.suno.com.br\/noticias\/#\/schema\/person\/7f4d362bf3518e76090143ae77bb49a5\"},\"headline\":\"Kora (KRSA3): Controladores prop\u00f5em sa\u00edda volunt\u00e1ria do novo mercado e dispensa de OPA\",\"datePublished\":\"2024-05-05T20:00:34+00:00\",\"dateModified\":\"2024-05-05T20:00:39+00:00\",\"mainEntityOfPage\":{\"@id\":\"https:\/\/www.suno.com.br\/noticias\/kora-saude-krsa3-controladores-opa-evm\/\"},\"wordCount\":345,\"publisher\":{\"@id\":\"https:\/\/www.suno.com.br\/noticias\/#organization\"},\"image\":{\"@id\":\"https:\/\/www.suno.com.br\/noticias\/kora-saude-krsa3-controladores-opa-evm\/#primaryimage\"},\"thumbnailUrl\":\"https:\/\/files.sunoresearch.com.br\/n\/uploads\/2021\/10\/Foto4.jpg\",\"keywords\":[\"Ag\u00eancias\",\"Kora Sa\u00fade (KRSA3)\"],\"articleSection\":[\"Neg\u00f3cios\"],\"inLanguage\":\"pt-BR\"},{\"@type\":\"WebPage\",\"@id\":\"https:\/\/www.suno.com.br\/noticias\/kora-saude-krsa3-controladores-opa-evm\/\",\"url\":\"https:\/\/www.suno.com.br\/noticias\/kora-saude-krsa3-controladores-opa-evm\/\",\"name\":\"Kora (KRSA3): Controladores prop\u00f5em sa\u00edda volunt\u00e1ria do novo mercado e dispensa de OPA\",\"isPartOf\":{\"@id\":\"https:\/\/www.suno.com.br\/noticias\/#website\"},\"primaryImageOfPage\":{\"@id\":\"https:\/\/www.suno.com.br\/noticias\/kora-saude-krsa3-controladores-opa-evm\/#primaryimage\"},\"image\":{\"@id\":\"https:\/\/www.suno.com.br\/noticias\/kora-saude-krsa3-controladores-opa-evm\/#primaryimage\"},\"thumbnailUrl\":\"https:\/\/files.sunoresearch.com.br\/n\/uploads\/2021\/10\/Foto4.jpg\",\"datePublished\":\"2024-05-05T20:00:34+00:00\",\"dateModified\":\"2024-05-05T20:00:39+00:00\",\"description\":\"Com isso, a Kora migraria para o segmento b\u00e1sico de listagem da B3; controladores da companhia s\u00e3o Fuji Brasil Partners e Viso Advantage\",\"breadcrumb\":{\"@id\":\"https:\/\/www.suno.com.br\/noticias\/kora-saude-krsa3-controladores-opa-evm\/#breadcrumb\"},\"inLanguage\":\"pt-BR\",\"potentialAction\":[{\"@type\":\"ReadAction\",\"target\":[\"https:\/\/www.suno.com.br\/noticias\/kora-saude-krsa3-controladores-opa-evm\/\"]}]},{\"@type\":\"ImageObject\",\"inLanguage\":\"pt-BR\",\"@id\":\"https:\/\/www.suno.com.br\/noticias\/kora-saude-krsa3-controladores-opa-evm\/#primaryimage\",\"url\":\"https:\/\/files.sunoresearch.com.br\/n\/uploads\/2021\/10\/Foto4.jpg\",\"contentUrl\":\"https:\/\/files.sunoresearch.com.br\/n\/uploads\/2021\/10\/Foto4.jpg\",\"width\":2500,\"height\":1667,\"caption\":\"Kora Sa\u00fade entrou na bolsa em meados de agosto - Foto: Divulga\u00e7\u00e3o\/Kora\"},{\"@type\":\"BreadcrumbList\",\"@id\":\"https:\/\/www.suno.com.br\/noticias\/kora-saude-krsa3-controladores-opa-evm\/#breadcrumb\",\"itemListElement\":[{\"@type\":\"ListItem\",\"position\":1,\"name\":\"Not\u00edcias\",\"item\":\"https:\/\/www.suno.com.br\/noticias\/\"},{\"@type\":\"ListItem\",\"position\":2,\"name\":\"Neg\u00f3cios\",\"item\":\"https:\/\/www.suno.com.br\/noticias\/negocios\/\"},{\"@type\":\"ListItem\",\"position\":3,\"name\":\"Kora (KRSA3): Controladores prop\u00f5em sa\u00edda volunt\u00e1ria do novo mercado e dispensa de OPA\"}]},{\"@type\":\"WebSite\",\"@id\":\"https:\/\/www.suno.com.br\/noticias\/#website\",\"url\":\"https:\/\/www.suno.com.br\/noticias\/\",\"name\":\"Suno Not\u00edcias\",\"description\":\"Seu portal de informa\u00e7\u00e3o sobre o mundo dos investimentos\",\"publisher\":{\"@id\":\"https:\/\/www.suno.com.br\/noticias\/#organization\"},\"potentialAction\":[{\"@type\":\"SearchAction\",\"target\":{\"@type\":\"EntryPoint\",\"urlTemplate\":\"https:\/\/www.suno.com.br\/noticias\/?s={search_term_string}\"},\"query-input\":{\"@type\":\"PropertyValueSpecification\",\"valueRequired\":true,\"valueName\":\"search_term_string\"}}],\"inLanguage\":\"pt-BR\"},{\"@type\":\"Organization\",\"@id\":\"https:\/\/www.suno.com.br\/noticias\/#organization\",\"name\":\"Suno Not\u00edcias\",\"url\":\"https:\/\/www.suno.com.br\/noticias\/\",\"logo\":{\"@type\":\"ImageObject\",\"inLanguage\":\"pt-BR\",\"@id\":\"https:\/\/www.suno.com.br\/noticias\/#\/schema\/logo\/image\/\",\"url\":\"https:\/\/files.sunoresearch.com.br\/n\/uploads\/2021\/09\/suno-logo.png\",\"contentUrl\":\"https:\/\/files.sunoresearch.com.br\/n\/uploads\/2021\/09\/suno-logo.png\",\"width\":180,\"height\":180,\"caption\":\"Suno Not\u00edcias\"},\"image\":{\"@id\":\"https:\/\/www.suno.com.br\/noticias\/#\/schema\/logo\/image\/\"},\"sameAs\":[\"https:\/\/facebook.com\/sunoresearch\",\"https:\/\/x.com\/sunoresearch\",\"https:\/\/www.instagram.com\/suno\",\"https:\/\/www.linkedin.com\/company\/suno-research\/\",\"https:\/\/www.youtube.com\/c\/sunoresearch\"]},{\"@type\":\"Person\",\"@id\":\"https:\/\/www.suno.com.br\/noticias\/#\/schema\/person\/7f4d362bf3518e76090143ae77bb49a5\",\"name\":\"Eduardo Vargas\",\"image\":{\"@type\":\"ImageObject\",\"inLanguage\":\"pt-BR\",\"@id\":\"https:\/\/www.suno.com.br\/noticias\/#\/schema\/person\/image\/\",\"url\":\"https:\/\/secure.gravatar.com\/avatar\/dac340933427a22924c9f99d1eb2e3f2?s=96&r=g\",\"contentUrl\":\"https:\/\/secure.gravatar.com\/avatar\/dac340933427a22924c9f99d1eb2e3f2?s=96&r=g\",\"caption\":\"Eduardo Vargas\"},\"description\":\"Jornalista formado pela UFSC, cobre macroeconomia, neg\u00f3cios e startups para o Suno Not\u00edcias, escrevendo principalmente not\u00edcias sobre o mercado financeiro e a bolsa de valores. No YouTube e no Instagram, \u00e9 respons\u00e1vel pela produ\u00e7\u00e3o de Reels e Shorts do Suno Not\u00edcias. Anteriormente, trabalhou cobrindo economia e cotidiano no ND+ e para o ND, maior jornal impresso de Santa Catarina. Cursou um semestre letivo de Estudos de M\u00eddia na Universidad de Buenos Aires.\",\"url\":\"https:\/\/www.suno.com.br\/noticias\/author\/eduardo-vargas\/\"}]}<\/script>\n<!-- \/ Yoast SEO plugin. -->","yoast_head_json":{"title":"Kora (KRSA3): Controladores prop\u00f5em sa\u00edda volunt\u00e1ria do novo mercado e dispensa de OPA","description":"Com isso, a Kora migraria para o segmento b\u00e1sico de listagem da B3; controladores da companhia s\u00e3o Fuji Brasil Partners e Viso Advantage","robots":{"index":"index","follow":"follow","max-snippet":"max-snippet:-1","max-image-preview":"max-image-preview:large","max-video-preview":"max-video-preview:-1"},"canonical":"https:\/\/www.suno.com.br\/noticias\/kora-saude-krsa3-controladores-opa-evm\/","og_locale":"pt_BR","og_type":"article","og_title":"Kora (KRSA3): Controladores prop\u00f5em sa\u00edda volunt\u00e1ria do novo mercado e dispensa de OPA","og_description":"Com isso, a Kora migraria para o segmento b\u00e1sico de listagem da B3; controladores da companhia s\u00e3o Fuji Brasil Partners e Viso Advantage","og_url":"https:\/\/www.suno.com.br\/noticias\/kora-saude-krsa3-controladores-opa-evm\/","og_site_name":"Suno Not\u00edcias","article_publisher":"https:\/\/facebook.com\/sunoresearch","og_image":[{"width":2500,"height":1667,"url":"https:\/\/files.sunoresearch.com.br\/n\/uploads\/2021\/10\/Foto4.jpg","type":"image\/jpeg"}],"author":"Eduardo Vargas","twitter_card":"summary_large_image","twitter_creator":"@sunoresearch","twitter_site":"@sunoresearch","twitter_misc":{"Escrito por":"Eduardo Vargas","Est. tempo de leitura":"2 minutos"},"schema":{"@context":"https:\/\/schema.org","@graph":[{"@type":"NewsArticle","@id":"https:\/\/www.suno.com.br\/noticias\/kora-saude-krsa3-controladores-opa-evm\/#article","isPartOf":{"@id":"https:\/\/www.suno.com.br\/noticias\/kora-saude-krsa3-controladores-opa-evm\/"},"author":{"name":"Eduardo Vargas","@id":"https:\/\/www.suno.com.br\/noticias\/#\/schema\/person\/7f4d362bf3518e76090143ae77bb49a5"},"headline":"Kora (KRSA3): Controladores prop\u00f5em sa\u00edda volunt\u00e1ria do novo mercado e dispensa de OPA","datePublished":"2024-05-05T20:00:34+00:00","dateModified":"2024-05-05T20:00:39+00:00","mainEntityOfPage":{"@id":"https:\/\/www.suno.com.br\/noticias\/kora-saude-krsa3-controladores-opa-evm\/"},"wordCount":345,"publisher":{"@id":"https:\/\/www.suno.com.br\/noticias\/#organization"},"image":{"@id":"https:\/\/www.suno.com.br\/noticias\/kora-saude-krsa3-controladores-opa-evm\/#primaryimage"},"thumbnailUrl":"https:\/\/files.sunoresearch.com.br\/n\/uploads\/2021\/10\/Foto4.jpg","keywords":["Ag\u00eancias","Kora Sa\u00fade (KRSA3)"],"articleSection":["Neg\u00f3cios"],"inLanguage":"pt-BR"},{"@type":"WebPage","@id":"https:\/\/www.suno.com.br\/noticias\/kora-saude-krsa3-controladores-opa-evm\/","url":"https:\/\/www.suno.com.br\/noticias\/kora-saude-krsa3-controladores-opa-evm\/","name":"Kora (KRSA3): Controladores prop\u00f5em sa\u00edda volunt\u00e1ria do novo mercado e dispensa de OPA","isPartOf":{"@id":"https:\/\/www.suno.com.br\/noticias\/#website"},"primaryImageOfPage":{"@id":"https:\/\/www.suno.com.br\/noticias\/kora-saude-krsa3-controladores-opa-evm\/#primaryimage"},"image":{"@id":"https:\/\/www.suno.com.br\/noticias\/kora-saude-krsa3-controladores-opa-evm\/#primaryimage"},"thumbnailUrl":"https:\/\/files.sunoresearch.com.br\/n\/uploads\/2021\/10\/Foto4.jpg","datePublished":"2024-05-05T20:00:34+00:00","dateModified":"2024-05-05T20:00:39+00:00","description":"Com isso, a Kora migraria para o segmento b\u00e1sico de listagem da B3; controladores da companhia s\u00e3o Fuji Brasil Partners e Viso Advantage","breadcrumb":{"@id":"https:\/\/www.suno.com.br\/noticias\/kora-saude-krsa3-controladores-opa-evm\/#breadcrumb"},"inLanguage":"pt-BR","potentialAction":[{"@type":"ReadAction","target":["https:\/\/www.suno.com.br\/noticias\/kora-saude-krsa3-controladores-opa-evm\/"]}]},{"@type":"ImageObject","inLanguage":"pt-BR","@id":"https:\/\/www.suno.com.br\/noticias\/kora-saude-krsa3-controladores-opa-evm\/#primaryimage","url":"https:\/\/files.sunoresearch.com.br\/n\/uploads\/2021\/10\/Foto4.jpg","contentUrl":"https:\/\/files.sunoresearch.com.br\/n\/uploads\/2021\/10\/Foto4.jpg","width":2500,"height":1667,"caption":"Kora Sa\u00fade entrou na bolsa em meados de agosto - Foto: Divulga\u00e7\u00e3o\/Kora"},{"@type":"BreadcrumbList","@id":"https:\/\/www.suno.com.br\/noticias\/kora-saude-krsa3-controladores-opa-evm\/#breadcrumb","itemListElement":[{"@type":"ListItem","position":1,"name":"Not\u00edcias","item":"https:\/\/www.suno.com.br\/noticias\/"},{"@type":"ListItem","position":2,"name":"Neg\u00f3cios","item":"https:\/\/www.suno.com.br\/noticias\/negocios\/"},{"@type":"ListItem","position":3,"name":"Kora (KRSA3): Controladores prop\u00f5em sa\u00edda volunt\u00e1ria do novo mercado e dispensa de OPA"}]},{"@type":"WebSite","@id":"https:\/\/www.suno.com.br\/noticias\/#website","url":"https:\/\/www.suno.com.br\/noticias\/","name":"Suno Not\u00edcias","description":"Seu portal de informa\u00e7\u00e3o sobre o mundo dos investimentos","publisher":{"@id":"https:\/\/www.suno.com.br\/noticias\/#organization"},"potentialAction":[{"@type":"SearchAction","target":{"@type":"EntryPoint","urlTemplate":"https:\/\/www.suno.com.br\/noticias\/?s={search_term_string}"},"query-input":{"@type":"PropertyValueSpecification","valueRequired":true,"valueName":"search_term_string"}}],"inLanguage":"pt-BR"},{"@type":"Organization","@id":"https:\/\/www.suno.com.br\/noticias\/#organization","name":"Suno Not\u00edcias","url":"https:\/\/www.suno.com.br\/noticias\/","logo":{"@type":"ImageObject","inLanguage":"pt-BR","@id":"https:\/\/www.suno.com.br\/noticias\/#\/schema\/logo\/image\/","url":"https:\/\/files.sunoresearch.com.br\/n\/uploads\/2021\/09\/suno-logo.png","contentUrl":"https:\/\/files.sunoresearch.com.br\/n\/uploads\/2021\/09\/suno-logo.png","width":180,"height":180,"caption":"Suno Not\u00edcias"},"image":{"@id":"https:\/\/www.suno.com.br\/noticias\/#\/schema\/logo\/image\/"},"sameAs":["https:\/\/facebook.com\/sunoresearch","https:\/\/x.com\/sunoresearch","https:\/\/www.instagram.com\/suno","https:\/\/www.linkedin.com\/company\/suno-research\/","https:\/\/www.youtube.com\/c\/sunoresearch"]},{"@type":"Person","@id":"https:\/\/www.suno.com.br\/noticias\/#\/schema\/person\/7f4d362bf3518e76090143ae77bb49a5","name":"Eduardo Vargas","image":{"@type":"ImageObject","inLanguage":"pt-BR","@id":"https:\/\/www.suno.com.br\/noticias\/#\/schema\/person\/image\/","url":"https:\/\/secure.gravatar.com\/avatar\/dac340933427a22924c9f99d1eb2e3f2?s=96&r=g","contentUrl":"https:\/\/secure.gravatar.com\/avatar\/dac340933427a22924c9f99d1eb2e3f2?s=96&r=g","caption":"Eduardo Vargas"},"description":"Jornalista formado pela UFSC, cobre macroeconomia, neg\u00f3cios e startups para o Suno Not\u00edcias, escrevendo principalmente not\u00edcias sobre o mercado financeiro e a bolsa de valores. No YouTube e no Instagram, \u00e9 respons\u00e1vel pela produ\u00e7\u00e3o de Reels e Shorts do Suno Not\u00edcias. Anteriormente, trabalhou cobrindo economia e cotidiano no ND+ e para o ND, maior jornal impresso de Santa Catarina. Cursou um semestre letivo de Estudos de M\u00eddia na Universidad de Buenos Aires.","url":"https:\/\/www.suno.com.br\/noticias\/author\/eduardo-vargas\/"}]}},"default_loop_html":"<div class=\"cardsPage__listCard__boxs\"><div class=\"cardsPage__listCard__boxs__img\"><a href=\"https:\/\/www.suno.com.br\/noticias\/kora-saude-krsa3-controladores-opa-evm\/\"><img class=\"mask\" src=\"https:\/\/www.suno.com.br\/noticias\/wp-content\/themes\/suno\/resources\/images\/spotlight\/spotlight1img\/bg-mask.png\" alt=\"Image Mask\"\/><img src=\"https:\/\/files.sunoresearch.com.br\/n\/uploads\/2021\/10\/Foto4-400x200.jpg\" alt=\"Kora (KRSA3): Controladores prop\u00f5em sa\u00edda volunt\u00e1ria do novo mercado e dispensa de OPA\"\/><\/a><span class=\"spotlightCategory\"><a href=\"https:\/\/www.suno.com.br\/noticias\/negocios\/\">Neg\u00f3cios<\/a><\/span><\/div><div class=\"cardsPage__listCard__boxs__content\"><a href=\"https:\/\/www.suno.com.br\/noticias\/kora-saude-krsa3-controladores-opa-evm\/\"><h2 class=\"content__title\">Kora (KRSA3): Controladores prop\u00f5em sa\u00edda volunt\u00e1ria do novo mercado e dispensa de OPA<\/h2><\/a><div class=\"newsContent__article__meta\"><div class=\"newsContent__article__meta__authorBox\"><a href=\"https:\/\/www.suno.com.br\/noticias\/author\/eduardo-vargas\/\" class=\"authorBox__avatar noMobi\"><img src=\"https:\/\/secure.gravatar.com\/avatar\/dac340933427a22924c9f99d1eb2e3f2?s=96&#038;r=g\" alt=\"Eduardo Vargas\"><\/a><div class=\"authorBox__name\"><span>por\n\t\t\t<a href=\"https:\/\/www.suno.com.br\/noticias\/author\/eduardo-vargas\/\"><span itemprop=\"author\">Eduardo Vargas<\/span><\/a><\/span><time datetime=\"2024-05-05T17:00:34-03:00\" itemprop=\"datePublished\">05\/05\/2024 17:00<\/time><\/div><\/div><\/div><\/div><\/div>","single_layout":"posts","amp_enabled":true,"_links":{"self":[{"href":"https:\/\/www.suno.com.br\/noticias\/wp-json\/wp\/v2\/posts\/550823"}],"collection":[{"href":"https:\/\/www.suno.com.br\/noticias\/wp-json\/wp\/v2\/posts"}],"about":[{"href":"https:\/\/www.suno.com.br\/noticias\/wp-json\/wp\/v2\/types\/post"}],"author":[{"embeddable":true,"href":"https:\/\/www.suno.com.br\/noticias\/wp-json\/wp\/v2\/users\/73"}],"replies":[{"embeddable":true,"href":"https:\/\/www.suno.com.br\/noticias\/wp-json\/wp\/v2\/comments?post=550823"}],"version-history":[{"count":3,"href":"https:\/\/www.suno.com.br\/noticias\/wp-json\/wp\/v2\/posts\/550823\/revisions"}],"predecessor-version":[{"id":550828,"href":"https:\/\/www.suno.com.br\/noticias\/wp-json\/wp\/v2\/posts\/550823\/revisions\/550828"}],"wp:featuredmedia":[{"embeddable":true,"href":"https:\/\/www.suno.com.br\/noticias\/wp-json\/wp\/v2\/media\/192783"}],"wp:attachment":[{"href":"https:\/\/www.suno.com.br\/noticias\/wp-json\/wp\/v2\/media?parent=550823"}],"wp:term":[{"taxonomy":"category","embeddable":true,"href":"https:\/\/www.suno.com.br\/noticias\/wp-json\/wp\/v2\/categories?post=550823"},{"taxonomy":"post_tag","embeddable":true,"href":"https:\/\/www.suno.com.br\/noticias\/wp-json\/wp\/v2\/tags?post=550823"},{"taxonomy":"suno_strategy","embeddable":true,"href":"https:\/\/www.suno.com.br\/noticias\/wp-json\/wp\/v2\/suno_strategy?post=550823"}],"curies":[{"name":"wp","href":"https:\/\/api.w.org\/{rel}","templated":true}]}}