{"id":550734,"date":"2024-05-04T11:58:48","date_gmt":"2024-05-04T14:58:48","guid":{"rendered":"https:\/\/www.suno.com.br\/noticias\/?p=550734"},"modified":"2024-05-04T11:58:55","modified_gmt":"2024-05-04T14:58:55","slug":"dolar-queda-menor-valor-desde-abril-va","status":"publish","type":"post","link":"https:\/\/www.suno.com.br\/noticias\/dolar-queda-menor-valor-desde-abril-va\/","title":{"rendered":"D\u00f3lar encerra semana em queda, atingindo menor valor desde abril; moeda ficar\u00e1 acima de R$ 5 em maio?"},"content":{"rendered":"<p>Na sexta-feira (03), os dados de emprego dos Estados Unidos (Payroll) causaram uma queda significativa no <strong>d\u00f3lar<\/strong>, que encerrou o dia em R$ 5,06, uma redu\u00e7\u00e3o de 0,85%. Esse valor representa o patamar mais baixo desde 9 de abril, quando a moeda estava cotada a R$ 5,0067. Na semana, o d\u00f3lar acumulou uma queda de 0,93%.<\/p>\t<div class=\"wrapper-featured-image\">\n\t\t<figure class=\"spotlightImg\">\n\n\t\t\t<picture>\n\t\t\t\t<source media=\"(max-width: 768px)\" srcset=\"https:\/\/files.sunoresearch.com.br\/n\/uploads\/2024\/04\/dolar-eua-cambio-400x200.jpg\">\n\t\t\t\t<img loading=\"lazy\" decoding=\"async\" class=\"newsContent__article__imgCapa lazyloadDisabled \" src=\"https:\/\/files.sunoresearch.com.br\/n\/uploads\/2024\/04\/dolar-eua-cambio-800x450.jpg\" width=\"800\" height=\"450\" alt=\"D\u00f3lar encerra semana em queda, atingindo menor valor desde abril; moeda ficar\u00e1 acima de R$ 5 em maio?\" fetchpriority=high \/>\n\t\t\t<\/picture>\n\n\t\t\t<figcaption class=\"wp-caption-text wp-caption-text--show\">tarifas - Foto: Pexels<\/figcaption>\n\t\t<\/figure>\n\t<\/div>\n\n\n\n\n\n\t<p>\n\t\t<a href=\"https:\/\/lp.suno.com.br\/ebook-como-analisar-uma-acao\/\" target=\"_blank\" data-element=\"shortcode-suno-banner\" title=\"Banner SUNO, clique e saiba mais\">\n\t\t\t<picture>\n\t\t\t\t<source media=\"(max-width: 500px)\" srcset=\"https:\/\/files.sunoresearch.com.br\/n\/uploads\/2023\/03\/Ebook-Acoes-Mobile.jpg\">\n\t\t\t\t<img class=\"newsContent__article__imgCapa newsContent__article__imgCapa--banner\"\n\t\t\t\t\tsrc=\"https:\/\/files.sunoresearch.com.br\/n\/uploads\/2023\/03\/Ebook-Acoes-Desktop.jpg\"\n\t\t\t\t\tdata-promo-id=\"378302\"\t\t\t\t\t\t\t\t\t\twidth='1420' height='286'\t\t\t\t\talt=\"https:\/\/files.sunoresearch.com.br\/n\/uploads\/2023\/03\/Ebook-Acoes-Desktop.jpg\"\n\t\t\t\t>\n\t\t\t<\/picture>\n\t\t<\/a>\n\t<\/p>\n\n\n\n\n\n<p>Segundo Diego Costa, Head de c\u00e2mbio para o norte e nordeste da B&amp;T C\u00e2mbio, a <strong>divulga\u00e7\u00e3o do Payroll <\/strong>nos Estados Unidos animou os investidores que buscam rentabilidade.&nbsp;<\/p>\n\n\n\n<p>&#8220;Os n\u00fameros indicam que a economia americana pode estar entrando em um ritmo mais moderado de crescimento, o que abre espa\u00e7o para a possibilidade de o Federal Reserve recalibrar seu cronograma de cortes nos juros. Essa mudan\u00e7a seria potencialmente positiva para os mercados emergentes&#8221;, afirma Costa.&nbsp;<\/p>\n\n\n\n<p>Com a perspectiva de juros mais baixos no futuro, os investidores se sentem mais confiantes para buscar retornos mais altos em ativos de risco, como a\u00e7\u00f5es e t\u00edtulos de mercados emergentes, o que pressionaria para baixo as<strong> cota\u00e7\u00f5es do d\u00f3lar<\/strong>.&nbsp;<\/p>\n\n\n\n<p>Al\u00e9m disso, na semana, o real tamb\u00e9m se beneficiou da avalia\u00e7\u00e3o positiva da Moody&#8217;s, com a demanda pela moeda local aumentando e resultando em uma valoriza\u00e7\u00e3o de 1,53% em rela\u00e7\u00e3o ao <strong>d\u00f3lar americano<\/strong> na quinta-feira (02).&nbsp;<\/p>\n\n\n\n\t<div data-element=\"shortcode-read-more\" class=\"readToo\">\n\t\t\t\t<span class=\"readToo__title\">Leia mais<\/span>\n\t\t\t\t<ul class=\"readToo__list\">\n\t\t\t<li><a href=\"https:\/\/www.suno.com.br\/noticias\/oi-oibr3-casas-bahia-bhia3-mais-lidas-jvj\/\">O que sobrar\u00e1 da Oi (OIBR3) ap\u00f3s a recupera\u00e7\u00e3o judicial e Casas Bahia (BHIA3) derrete no Ibovespa; veja as mais lidas da semana<\/a><\/li><li><a href=\"https:\/\/www.suno.com.br\/noticias\/dolar-forte-baixa-dados-geracao-emprego-eua\/\">D\u00f3lar tem forte queda com dados de emprego nos EUA<\/a><\/li>\t\t<\/ul>\n\t<\/div>\n\n\n\n\n<h2 class=\"wp-block-heading\">D\u00f3lar: qual a tend\u00eancia para a moeda americana em maio?<\/h2>\n\n\n\n<p>Em abril, o m\u00eas foi fechado com um aumento de mais de 3,6% no valor do d\u00f3lar. Para Anilson Moretti, head de c\u00e2mbio da HCI Invest e planejador financeiro CFP pela Planejar, a tend\u00eancia para maio \u00e9 de que essa valoriza\u00e7\u00e3o prossiga, especialmente ap\u00f3s o mercado abrir com uma queda significativa no dia da not\u00edcia da manuten\u00e7\u00e3o da <a class=\"suno-keyword\" target=\"_blank\" data-force=\"no\" data-priority=\"2\" href=\"https:\/\/www.suno.com.br\/artigos\/juros\/\" rel=\"noopener\">taxa de juros<\/a> o Fed.&nbsp;<\/p>\n\n\n\n<p>Na quarta-feira, 1\u00ba, o presidente do Fed,&nbsp;<a href=\"https:\/\/www.suno.com.br\/tudo-sobre\/jerome-powell\/\" target=\"_blank\" rel=\"noreferrer noopener\">Jerome Powell<\/a>, descartou a possibilidade de alta de juros, tese que come\u00e7ava a ser ventilada por uma ala minorit\u00e1ria do mercado, e disse ser \u201cprov\u00e1vel\u201d queda da taxa b\u00e1sica ainda em 2024. Monitoramento do CME Group mostrou que as chances de o Federal Reserve cortar juros em setembro subiram de pouco mais de 50% na quinta-feira para mais de 70% nesta sexta-feira, o que certamente vai afetar o desempenho do d\u00f3lar.<\/p>\n\n\n\n<p>\u201cAl\u00e9m disso, observamos que o mercado americano est\u00e1 em alta, o que pode fortalecer ainda mais o d\u00f3lar. Isso resultar\u00e1 na desvaloriza\u00e7\u00e3o das <strong>moedas de pa\u00edses emergentes<\/strong> como o Brasil, M\u00e9xico e outros, devido \u00e0 previs\u00e3o de queda nas taxas de juros nos Estados Unidos, que provavelmente ocorrer\u00e1 somente em setembro ou outubro deste ano\u201d, pontua Moretti.&nbsp;<\/p>\n\n\n\t<p>\n\t\t<a href=\"https:\/\/lp.suno.com.br\/ebook-gratuito-investindo-no-exterior\/\" target=\"_blank\" data-element=\"shortcode-suno-banner\" title=\"Banner SUNO, clique e saiba mais\">\n\t\t\t<picture>\n\t\t\t\t<source media=\"(max-width: 500px)\" srcset=\"https:\/\/files.sunoresearch.com.br\/n\/uploads\/2023\/03\/400x300-Investindo-no-exterior.png\">\n\t\t\t\t<img class=\"newsContent__article__imgCapa newsContent__article__imgCapa--banner\"\n\t\t\t\t\tsrc=\"https:\/\/files.sunoresearch.com.br\/n\/uploads\/2023\/03\/1420x240-Investindo-no-exterior.png\"\n\t\t\t\t\tdata-promo-id=\"383161\"\t\t\t\t\t\t\t\t\t\twidth='1420' height='240'\t\t\t\t\talt=\"https:\/\/files.sunoresearch.com.br\/n\/uploads\/2023\/03\/1420x240-Investindo-no-exterior.png\"\n\t\t\t\t>\n\t\t\t<\/picture>\n\t\t<\/a>\n\t<\/p>\n\n\n\n\n\n<p>No Brasil, o foco ainda est\u00e1 nas incertezas fiscais relacionadas \u00e0 desonera\u00e7\u00e3o fiscal e \u00e0 redu\u00e7\u00e3o das taxas de juros. Essa situa\u00e7\u00e3o tem levado os investidores a retirarem seus investimentos do pa\u00eds, resultando em um significativo<strong> fluxo estrangeiro negativo<\/strong>.<\/p>\n\n\n\n<p>\u201cNa \u00faltima semana, tivemos um recorde negativo deste ano, com um saldo negativo de 11 milh\u00f5es. Provavelmente encerramos com o maior patamar negativo do fluxo estrangeiro na bolsa. Isso \u00e9 prejudicial para o mercado brasileiro e contribui para a <strong>valoriza\u00e7\u00e3o do d\u00f3lar<\/strong>. Acredito que atualmente estamos em um patamar favor\u00e1vel para a compra de d\u00f3lares, especialmente para importadores e prestadores de servi\u00e7os que precisam efetuar pagamentos no exterior\u201d, diz Moretti.&nbsp;<\/p>\n\n\n\n<h2 class=\"wp-block-heading\">Qual patamar a moeda americana deve ficar daqui para frente?<\/h2>\n\n\n\n<p>De acordo com Andr\u00e9 Fernandes, head de <a class=\"suno-keyword\" target=\"_blank\" data-force=\"no\" data-priority=\"2\" href=\"https:\/\/www.suno.com.br\/artigos\/renda-variavel-7-dicas\/\" rel=\"noopener\">renda vari\u00e1vel<\/a> e s\u00f3cio da A7 Capital, as incertezas em torno do cen\u00e1rio fiscal, juntamente com a possibilidade de o Federal Reserve manter os juros por mais tempo devido a uma infla\u00e7\u00e3o mais persistente nos Estados Unidos, sugerem que o d\u00f3lar deve se manter entre 5,00 e 5,10 em 2024.<\/p>\n\n\n\n<p>\u201cA perspectiva de ver o <strong>d\u00f3la<\/strong>r abaixo de 5,00 novamente depende de uma poss\u00edvel revers\u00e3o do fluxo vendedor por parte do <a class=\"suno-keyword\" target=\"_blank\" data-force=\"no\" data-priority=\"1\" href=\"https:\/\/www.suno.com.br\/artigos\/investidor-estrangeiro\/\" rel=\"noopener\">investidor estrangeiro<\/a>, que j\u00e1 retirou mais de R$ 30 bilh\u00f5es da nossa bolsa em 2024, al\u00e9m de grandes melhorias nas contas p\u00fablicas. Sem esses elementos, \u00e9 improv\u00e1vel que o d\u00f3lar caia abaixo de R$ 5,00 este ano\u201d, explica o analista.&nbsp;<\/p>\n\n\n\n\n\t<p>\n\t\t<a href=\"https:\/\/lp.suno.com.br\/planilha-da-vida-financeira\/\" target=\"_blank\" data-element=\"shortcode-suno-banner\" title=\"Banner SUNO, clique e saiba mais\">\n\t\t\t<picture>\n\t\t\t\t<source media=\"(max-width: 500px)\" srcset=\"https:\/\/files.sunoresearch.com.br\/n\/uploads\/2023\/04\/400x300-Planilha-vida-financeira-true.png\">\n\t\t\t\t<img class=\"newsContent__article__imgCapa newsContent__article__imgCapa--banner\"\n\t\t\t\t\tsrc=\"https:\/\/files.sunoresearch.com.br\/n\/uploads\/2023\/04\/1420x240-Planilha-vida-financeira-true.png\"\n\t\t\t\t\tdata-promo-id=\"383123\"\t\t\t\t\t\t\t\t\t\twidth='1420' height='240'\t\t\t\t\talt=\"https:\/\/files.sunoresearch.com.br\/n\/uploads\/2023\/04\/1420x240-Planilha-vida-financeira-true.png\"\n\t\t\t\t>\n\t\t\t<\/picture>\n\t\t<\/a>\n\t<\/p>\n\n\n","protected":false},"excerpt":{"rendered":"<p>Na sexta-feira (03), os dados de emprego dos Estados Unidos (Payroll) causaram uma queda significativa no d\u00f3lar, que encerrou o dia em R$ 5,06, uma redu\u00e7\u00e3o de 0,85%. Esse valor representa o patamar mais baixo desde 9 de abril, quando a moeda estava cotada a R$ 5,0067. Na semana, o d\u00f3lar acumulou uma queda de [&hellip;]<\/p>\n","protected":false},"author":301,"featured_media":544434,"comment_status":"closed","ping_status":"closed","sticky":false,"template":"","format":"standard","meta":[],"categories":[64],"tags":[326],"suno_strategy":[],"class_list":["post-550734","post","type-post","status-publish","format-standard","has-post-thumbnail","hentry","category-negocios","tag-dolar"],"yoast_head":"<!-- This site is optimized with the Yoast SEO plugin v24.4 - https:\/\/yoast.com\/wordpress\/plugins\/seo\/ -->\n<title>D\u00f3lar encerra semana em queda, atingindo menor valor desde abril<\/title>\n<meta name=\"description\" content=\"Na sexta-feira (03), os dados do Payroll dos EUA causaram uma queda significativa no d\u00f3lar, que encerrou o dia em R$ 5,06.\" \/>\n<meta name=\"robots\" content=\"index, follow, max-snippet:-1, max-image-preview:large, max-video-preview:-1\" \/>\n<link rel=\"canonical\" href=\"https:\/\/www.suno.com.br\/noticias\/dolar-queda-menor-valor-desde-abril-va\/\" \/>\n<meta property=\"og:locale\" content=\"pt_BR\" \/>\n<meta property=\"og:type\" content=\"article\" \/>\n<meta property=\"og:title\" content=\"D\u00f3lar encerra semana em queda, atingindo menor valor desde abril\" \/>\n<meta property=\"og:description\" content=\"Na sexta-feira (03), os dados do Payroll dos EUA causaram uma queda significativa no d\u00f3lar, que encerrou o dia em R$ 5,06.\" \/>\n<meta property=\"og:url\" content=\"https:\/\/www.suno.com.br\/noticias\/dolar-queda-menor-valor-desde-abril-va\/\" \/>\n<meta property=\"og:site_name\" content=\"Suno Not\u00edcias\" \/>\n<meta property=\"article:publisher\" content=\"https:\/\/facebook.com\/sunoresearch\" \/>\n<meta property=\"og:image\" content=\"https:\/\/files.sunoresearch.com.br\/n\/uploads\/2024\/04\/dolar-eua-cambio.jpg\" \/>\n\t<meta property=\"og:image:width\" content=\"1200\" \/>\n\t<meta property=\"og:image:height\" content=\"800\" \/>\n\t<meta property=\"og:image:type\" content=\"image\/jpeg\" \/>\n<meta name=\"author\" content=\"Vin\u00edcius Alves\" \/>\n<meta name=\"twitter:card\" content=\"summary_large_image\" \/>\n<meta name=\"twitter:creator\" content=\"@sunoresearch\" \/>\n<meta name=\"twitter:site\" content=\"@sunoresearch\" \/>\n<meta name=\"twitter:label1\" content=\"Escrito por\" \/>\n\t<meta name=\"twitter:data1\" content=\"Vin\u00edcius Alves\" \/>\n\t<meta name=\"twitter:label2\" content=\"Est. tempo de leitura\" \/>\n\t<meta name=\"twitter:data2\" content=\"4 minutos\" \/>\n<script type=\"application\/ld+json\" class=\"yoast-schema-graph\">{\"@context\":\"https:\/\/schema.org\",\"@graph\":[{\"@type\":\"NewsArticle\",\"@id\":\"https:\/\/www.suno.com.br\/noticias\/dolar-queda-menor-valor-desde-abril-va\/#article\",\"isPartOf\":{\"@id\":\"https:\/\/www.suno.com.br\/noticias\/dolar-queda-menor-valor-desde-abril-va\/\"},\"author\":{\"name\":\"Vin\u00edcius Alves\",\"@id\":\"https:\/\/www.suno.com.br\/noticias\/#\/schema\/person\/4a180549702d0e236b3e420862bcded3\"},\"headline\":\"D\u00f3lar encerra semana em queda, atingindo menor valor desde abril; moeda ficar\u00e1 acima de R$ 5 em maio?\",\"datePublished\":\"2024-05-04T14:58:48+00:00\",\"dateModified\":\"2024-05-04T14:58:55+00:00\",\"mainEntityOfPage\":{\"@id\":\"https:\/\/www.suno.com.br\/noticias\/dolar-queda-menor-valor-desde-abril-va\/\"},\"wordCount\":725,\"publisher\":{\"@id\":\"https:\/\/www.suno.com.br\/noticias\/#organization\"},\"image\":{\"@id\":\"https:\/\/www.suno.com.br\/noticias\/dolar-queda-menor-valor-desde-abril-va\/#primaryimage\"},\"thumbnailUrl\":\"https:\/\/files.sunoresearch.com.br\/n\/uploads\/2024\/04\/dolar-eua-cambio.jpg\",\"keywords\":[\"d\u00f3lar\"],\"articleSection\":[\"Neg\u00f3cios\"],\"inLanguage\":\"pt-BR\"},{\"@type\":\"WebPage\",\"@id\":\"https:\/\/www.suno.com.br\/noticias\/dolar-queda-menor-valor-desde-abril-va\/\",\"url\":\"https:\/\/www.suno.com.br\/noticias\/dolar-queda-menor-valor-desde-abril-va\/\",\"name\":\"D\u00f3lar encerra semana em queda, atingindo menor valor desde abril\",\"isPartOf\":{\"@id\":\"https:\/\/www.suno.com.br\/noticias\/#website\"},\"primaryImageOfPage\":{\"@id\":\"https:\/\/www.suno.com.br\/noticias\/dolar-queda-menor-valor-desde-abril-va\/#primaryimage\"},\"image\":{\"@id\":\"https:\/\/www.suno.com.br\/noticias\/dolar-queda-menor-valor-desde-abril-va\/#primaryimage\"},\"thumbnailUrl\":\"https:\/\/files.sunoresearch.com.br\/n\/uploads\/2024\/04\/dolar-eua-cambio.jpg\",\"datePublished\":\"2024-05-04T14:58:48+00:00\",\"dateModified\":\"2024-05-04T14:58:55+00:00\",\"description\":\"Na sexta-feira (03), os dados do Payroll dos EUA causaram uma queda significativa no d\u00f3lar, que encerrou o dia em R$ 5,06.\",\"breadcrumb\":{\"@id\":\"https:\/\/www.suno.com.br\/noticias\/dolar-queda-menor-valor-desde-abril-va\/#breadcrumb\"},\"inLanguage\":\"pt-BR\",\"potentialAction\":[{\"@type\":\"ReadAction\",\"target\":[\"https:\/\/www.suno.com.br\/noticias\/dolar-queda-menor-valor-desde-abril-va\/\"]}]},{\"@type\":\"ImageObject\",\"inLanguage\":\"pt-BR\",\"@id\":\"https:\/\/www.suno.com.br\/noticias\/dolar-queda-menor-valor-desde-abril-va\/#primaryimage\",\"url\":\"https:\/\/files.sunoresearch.com.br\/n\/uploads\/2024\/04\/dolar-eua-cambio.jpg\",\"contentUrl\":\"https:\/\/files.sunoresearch.com.br\/n\/uploads\/2024\/04\/dolar-eua-cambio.jpg\",\"width\":1200,\"height\":800,\"caption\":\"tarifas - Foto: Pexels\"},{\"@type\":\"BreadcrumbList\",\"@id\":\"https:\/\/www.suno.com.br\/noticias\/dolar-queda-menor-valor-desde-abril-va\/#breadcrumb\",\"itemListElement\":[{\"@type\":\"ListItem\",\"position\":1,\"name\":\"Not\u00edcias\",\"item\":\"https:\/\/www.suno.com.br\/noticias\/\"},{\"@type\":\"ListItem\",\"position\":2,\"name\":\"Neg\u00f3cios\",\"item\":\"https:\/\/www.suno.com.br\/noticias\/negocios\/\"},{\"@type\":\"ListItem\",\"position\":3,\"name\":\"D\u00f3lar encerra semana em queda, atingindo menor valor desde abril; moeda ficar\u00e1 acima de R$ 5 em maio?\"}]},{\"@type\":\"WebSite\",\"@id\":\"https:\/\/www.suno.com.br\/noticias\/#website\",\"url\":\"https:\/\/www.suno.com.br\/noticias\/\",\"name\":\"Suno Not\u00edcias\",\"description\":\"Seu portal de informa\u00e7\u00e3o sobre o mundo dos investimentos\",\"publisher\":{\"@id\":\"https:\/\/www.suno.com.br\/noticias\/#organization\"},\"potentialAction\":[{\"@type\":\"SearchAction\",\"target\":{\"@type\":\"EntryPoint\",\"urlTemplate\":\"https:\/\/www.suno.com.br\/noticias\/?s={search_term_string}\"},\"query-input\":{\"@type\":\"PropertyValueSpecification\",\"valueRequired\":true,\"valueName\":\"search_term_string\"}}],\"inLanguage\":\"pt-BR\"},{\"@type\":\"Organization\",\"@id\":\"https:\/\/www.suno.com.br\/noticias\/#organization\",\"name\":\"Suno Not\u00edcias\",\"url\":\"https:\/\/www.suno.com.br\/noticias\/\",\"logo\":{\"@type\":\"ImageObject\",\"inLanguage\":\"pt-BR\",\"@id\":\"https:\/\/www.suno.com.br\/noticias\/#\/schema\/logo\/image\/\",\"url\":\"https:\/\/files.sunoresearch.com.br\/n\/uploads\/2021\/09\/suno-logo.png\",\"contentUrl\":\"https:\/\/files.sunoresearch.com.br\/n\/uploads\/2021\/09\/suno-logo.png\",\"width\":180,\"height\":180,\"caption\":\"Suno Not\u00edcias\"},\"image\":{\"@id\":\"https:\/\/www.suno.com.br\/noticias\/#\/schema\/logo\/image\/\"},\"sameAs\":[\"https:\/\/facebook.com\/sunoresearch\",\"https:\/\/x.com\/sunoresearch\",\"https:\/\/www.instagram.com\/suno\",\"https:\/\/www.linkedin.com\/company\/suno-research\/\",\"https:\/\/www.youtube.com\/c\/sunoresearch\"]},{\"@type\":\"Person\",\"@id\":\"https:\/\/www.suno.com.br\/noticias\/#\/schema\/person\/4a180549702d0e236b3e420862bcded3\",\"name\":\"Vin\u00edcius Alves\",\"image\":{\"@type\":\"ImageObject\",\"inLanguage\":\"pt-BR\",\"@id\":\"https:\/\/www.suno.com.br\/noticias\/#\/schema\/person\/image\/\",\"url\":\"https:\/\/secure.gravatar.com\/avatar\/a95b7fe6d1b813f7907d4f476d5a39e1?s=96&r=g\",\"contentUrl\":\"https:\/\/secure.gravatar.com\/avatar\/a95b7fe6d1b813f7907d4f476d5a39e1?s=96&r=g\",\"caption\":\"Vin\u00edcius Alves\"},\"description\":\"Jornalista formado na Faculdade C\u00e1sper L\u00edbero. Com passagens pela Ag\u00eancia Estado, InfoMoney e Editora Globo.\",\"url\":\"https:\/\/www.suno.com.br\/noticias\/author\/vini08correiagmail-com\/\"}]}<\/script>\n<!-- \/ Yoast SEO plugin. -->","yoast_head_json":{"title":"D\u00f3lar encerra semana em queda, atingindo menor valor desde abril","description":"Na sexta-feira (03), os dados do Payroll dos EUA causaram uma queda significativa no d\u00f3lar, que encerrou o dia em R$ 5,06.","robots":{"index":"index","follow":"follow","max-snippet":"max-snippet:-1","max-image-preview":"max-image-preview:large","max-video-preview":"max-video-preview:-1"},"canonical":"https:\/\/www.suno.com.br\/noticias\/dolar-queda-menor-valor-desde-abril-va\/","og_locale":"pt_BR","og_type":"article","og_title":"D\u00f3lar encerra semana em queda, atingindo menor valor desde abril","og_description":"Na sexta-feira (03), os dados do Payroll dos EUA causaram uma queda significativa no d\u00f3lar, que encerrou o dia em R$ 5,06.","og_url":"https:\/\/www.suno.com.br\/noticias\/dolar-queda-menor-valor-desde-abril-va\/","og_site_name":"Suno Not\u00edcias","article_publisher":"https:\/\/facebook.com\/sunoresearch","og_image":[{"width":1200,"height":800,"url":"https:\/\/files.sunoresearch.com.br\/n\/uploads\/2024\/04\/dolar-eua-cambio.jpg","type":"image\/jpeg"}],"author":"Vin\u00edcius Alves","twitter_card":"summary_large_image","twitter_creator":"@sunoresearch","twitter_site":"@sunoresearch","twitter_misc":{"Escrito por":"Vin\u00edcius Alves","Est. tempo de leitura":"4 minutos"},"schema":{"@context":"https:\/\/schema.org","@graph":[{"@type":"NewsArticle","@id":"https:\/\/www.suno.com.br\/noticias\/dolar-queda-menor-valor-desde-abril-va\/#article","isPartOf":{"@id":"https:\/\/www.suno.com.br\/noticias\/dolar-queda-menor-valor-desde-abril-va\/"},"author":{"name":"Vin\u00edcius Alves","@id":"https:\/\/www.suno.com.br\/noticias\/#\/schema\/person\/4a180549702d0e236b3e420862bcded3"},"headline":"D\u00f3lar encerra semana em queda, atingindo menor valor desde abril; moeda ficar\u00e1 acima de R$ 5 em maio?","datePublished":"2024-05-04T14:58:48+00:00","dateModified":"2024-05-04T14:58:55+00:00","mainEntityOfPage":{"@id":"https:\/\/www.suno.com.br\/noticias\/dolar-queda-menor-valor-desde-abril-va\/"},"wordCount":725,"publisher":{"@id":"https:\/\/www.suno.com.br\/noticias\/#organization"},"image":{"@id":"https:\/\/www.suno.com.br\/noticias\/dolar-queda-menor-valor-desde-abril-va\/#primaryimage"},"thumbnailUrl":"https:\/\/files.sunoresearch.com.br\/n\/uploads\/2024\/04\/dolar-eua-cambio.jpg","keywords":["d\u00f3lar"],"articleSection":["Neg\u00f3cios"],"inLanguage":"pt-BR"},{"@type":"WebPage","@id":"https:\/\/www.suno.com.br\/noticias\/dolar-queda-menor-valor-desde-abril-va\/","url":"https:\/\/www.suno.com.br\/noticias\/dolar-queda-menor-valor-desde-abril-va\/","name":"D\u00f3lar encerra semana em queda, atingindo menor valor desde abril","isPartOf":{"@id":"https:\/\/www.suno.com.br\/noticias\/#website"},"primaryImageOfPage":{"@id":"https:\/\/www.suno.com.br\/noticias\/dolar-queda-menor-valor-desde-abril-va\/#primaryimage"},"image":{"@id":"https:\/\/www.suno.com.br\/noticias\/dolar-queda-menor-valor-desde-abril-va\/#primaryimage"},"thumbnailUrl":"https:\/\/files.sunoresearch.com.br\/n\/uploads\/2024\/04\/dolar-eua-cambio.jpg","datePublished":"2024-05-04T14:58:48+00:00","dateModified":"2024-05-04T14:58:55+00:00","description":"Na sexta-feira (03), os dados do Payroll dos EUA causaram uma queda significativa no d\u00f3lar, que encerrou o dia em R$ 5,06.","breadcrumb":{"@id":"https:\/\/www.suno.com.br\/noticias\/dolar-queda-menor-valor-desde-abril-va\/#breadcrumb"},"inLanguage":"pt-BR","potentialAction":[{"@type":"ReadAction","target":["https:\/\/www.suno.com.br\/noticias\/dolar-queda-menor-valor-desde-abril-va\/"]}]},{"@type":"ImageObject","inLanguage":"pt-BR","@id":"https:\/\/www.suno.com.br\/noticias\/dolar-queda-menor-valor-desde-abril-va\/#primaryimage","url":"https:\/\/files.sunoresearch.com.br\/n\/uploads\/2024\/04\/dolar-eua-cambio.jpg","contentUrl":"https:\/\/files.sunoresearch.com.br\/n\/uploads\/2024\/04\/dolar-eua-cambio.jpg","width":1200,"height":800,"caption":"tarifas - Foto: Pexels"},{"@type":"BreadcrumbList","@id":"https:\/\/www.suno.com.br\/noticias\/dolar-queda-menor-valor-desde-abril-va\/#breadcrumb","itemListElement":[{"@type":"ListItem","position":1,"name":"Not\u00edcias","item":"https:\/\/www.suno.com.br\/noticias\/"},{"@type":"ListItem","position":2,"name":"Neg\u00f3cios","item":"https:\/\/www.suno.com.br\/noticias\/negocios\/"},{"@type":"ListItem","position":3,"name":"D\u00f3lar encerra semana em queda, atingindo menor valor desde abril; moeda ficar\u00e1 acima de R$ 5 em maio?"}]},{"@type":"WebSite","@id":"https:\/\/www.suno.com.br\/noticias\/#website","url":"https:\/\/www.suno.com.br\/noticias\/","name":"Suno Not\u00edcias","description":"Seu portal de informa\u00e7\u00e3o sobre o mundo dos investimentos","publisher":{"@id":"https:\/\/www.suno.com.br\/noticias\/#organization"},"potentialAction":[{"@type":"SearchAction","target":{"@type":"EntryPoint","urlTemplate":"https:\/\/www.suno.com.br\/noticias\/?s={search_term_string}"},"query-input":{"@type":"PropertyValueSpecification","valueRequired":true,"valueName":"search_term_string"}}],"inLanguage":"pt-BR"},{"@type":"Organization","@id":"https:\/\/www.suno.com.br\/noticias\/#organization","name":"Suno Not\u00edcias","url":"https:\/\/www.suno.com.br\/noticias\/","logo":{"@type":"ImageObject","inLanguage":"pt-BR","@id":"https:\/\/www.suno.com.br\/noticias\/#\/schema\/logo\/image\/","url":"https:\/\/files.sunoresearch.com.br\/n\/uploads\/2021\/09\/suno-logo.png","contentUrl":"https:\/\/files.sunoresearch.com.br\/n\/uploads\/2021\/09\/suno-logo.png","width":180,"height":180,"caption":"Suno Not\u00edcias"},"image":{"@id":"https:\/\/www.suno.com.br\/noticias\/#\/schema\/logo\/image\/"},"sameAs":["https:\/\/facebook.com\/sunoresearch","https:\/\/x.com\/sunoresearch","https:\/\/www.instagram.com\/suno","https:\/\/www.linkedin.com\/company\/suno-research\/","https:\/\/www.youtube.com\/c\/sunoresearch"]},{"@type":"Person","@id":"https:\/\/www.suno.com.br\/noticias\/#\/schema\/person\/4a180549702d0e236b3e420862bcded3","name":"Vin\u00edcius Alves","image":{"@type":"ImageObject","inLanguage":"pt-BR","@id":"https:\/\/www.suno.com.br\/noticias\/#\/schema\/person\/image\/","url":"https:\/\/secure.gravatar.com\/avatar\/a95b7fe6d1b813f7907d4f476d5a39e1?s=96&r=g","contentUrl":"https:\/\/secure.gravatar.com\/avatar\/a95b7fe6d1b813f7907d4f476d5a39e1?s=96&r=g","caption":"Vin\u00edcius Alves"},"description":"Jornalista formado na Faculdade C\u00e1sper L\u00edbero. Com passagens pela Ag\u00eancia Estado, InfoMoney e Editora Globo.","url":"https:\/\/www.suno.com.br\/noticias\/author\/vini08correiagmail-com\/"}]}},"default_loop_html":"<div class=\"cardsPage__listCard__boxs\"><div class=\"cardsPage__listCard__boxs__img\"><a href=\"https:\/\/www.suno.com.br\/noticias\/dolar-queda-menor-valor-desde-abril-va\/\"><img class=\"mask\" src=\"https:\/\/www.suno.com.br\/noticias\/wp-content\/themes\/suno\/resources\/images\/spotlight\/spotlight1img\/bg-mask.png\" alt=\"Image Mask\"\/><img src=\"https:\/\/files.sunoresearch.com.br\/n\/uploads\/2024\/04\/dolar-eua-cambio-400x200.jpg\" alt=\"D\u00f3lar encerra semana em queda, atingindo menor valor desde abril; moeda ficar\u00e1 acima de R$ 5 em maio?\"\/><\/a><span class=\"spotlightCategory\"><a href=\"https:\/\/www.suno.com.br\/noticias\/negocios\/\">Neg\u00f3cios<\/a><\/span><\/div><div class=\"cardsPage__listCard__boxs__content\"><a href=\"https:\/\/www.suno.com.br\/noticias\/dolar-queda-menor-valor-desde-abril-va\/\"><h2 class=\"content__title\">D\u00f3lar encerra semana em queda, atingindo menor valor desde abril; moeda ficar\u00e1 acima de R$ 5 em maio?<\/h2><\/a><div class=\"newsContent__article__meta\"><div class=\"newsContent__article__meta__authorBox\"><a href=\"https:\/\/www.suno.com.br\/noticias\/author\/redacao-suno\/\" class=\"authorBox__avatar noMobi\"><img src=\"https:\/\/files.sunoresearch.com.br\/n\/uploads\/2020\/08\/0ace682d-redacao-1-150x150.webp\" alt=\"Reda\u00e7\u00e3o Suno Not\u00edcias\"><\/a><div class=\"authorBox__name\"><span>por\n\t\t\t<a href=\"https:\/\/www.suno.com.br\/noticias\/author\/redacao-suno\/\"><span itemprop=\"author\">Reda\u00e7\u00e3o Suno Not\u00edcias<\/span><\/a><\/span><time datetime=\"2024-05-04T11:58:48-03:00\" itemprop=\"datePublished\">04\/05\/2024 11:58<\/time><\/div><\/div><\/div><\/div><\/div>","single_layout":"posts","amp_enabled":true,"_links":{"self":[{"href":"https:\/\/www.suno.com.br\/noticias\/wp-json\/wp\/v2\/posts\/550734"}],"collection":[{"href":"https:\/\/www.suno.com.br\/noticias\/wp-json\/wp\/v2\/posts"}],"about":[{"href":"https:\/\/www.suno.com.br\/noticias\/wp-json\/wp\/v2\/types\/post"}],"author":[{"embeddable":true,"href":"https:\/\/www.suno.com.br\/noticias\/wp-json\/wp\/v2\/users\/301"}],"replies":[{"embeddable":true,"href":"https:\/\/www.suno.com.br\/noticias\/wp-json\/wp\/v2\/comments?post=550734"}],"version-history":[{"count":3,"href":"https:\/\/www.suno.com.br\/noticias\/wp-json\/wp\/v2\/posts\/550734\/revisions"}],"predecessor-version":[{"id":550737,"href":"https:\/\/www.suno.com.br\/noticias\/wp-json\/wp\/v2\/posts\/550734\/revisions\/550737"}],"wp:featuredmedia":[{"embeddable":true,"href":"https:\/\/www.suno.com.br\/noticias\/wp-json\/wp\/v2\/media\/544434"}],"wp:attachment":[{"href":"https:\/\/www.suno.com.br\/noticias\/wp-json\/wp\/v2\/media?parent=550734"}],"wp:term":[{"taxonomy":"category","embeddable":true,"href":"https:\/\/www.suno.com.br\/noticias\/wp-json\/wp\/v2\/categories?post=550734"},{"taxonomy":"post_tag","embeddable":true,"href":"https:\/\/www.suno.com.br\/noticias\/wp-json\/wp\/v2\/tags?post=550734"},{"taxonomy":"suno_strategy","embeddable":true,"href":"https:\/\/www.suno.com.br\/noticias\/wp-json\/wp\/v2\/suno_strategy?post=550734"}],"curies":[{"name":"wp","href":"https:\/\/api.w.org\/{rel}","templated":true}]}}