{"id":550475,"date":"2024-05-03T10:36:48","date_gmt":"2024-05-03T13:36:48","guid":{"rendered":"https:\/\/www.suno.com.br\/noticias\/?p=550475"},"modified":"2024-05-03T10:36:54","modified_gmt":"2024-05-03T13:36:54","slug":"dolar-payroll-fed-juros-moodys-cpf","status":"publish","type":"post","link":"https:\/\/www.suno.com.br\/noticias\/dolar-payroll-fed-juros-moodys-cpf\/","title":{"rendered":"D\u00f3lar \u00e9 &#8216;derrubado&#8217; por payroll abaixo do esperado: Investidores apostam em modera\u00e7\u00e3o do Fed"},"content":{"rendered":"<p>O c\u00e2mbio do <strong>d\u00f3lar <\/strong>come\u00e7ou esta sexta-feira (3) sendo &#8220;derrubado&#8221; ap\u00f3s o resultado do payroll \u2013 gera\u00e7\u00e3o de empregos nos Estados Unidos \u2013 que desagradou o mercado. <\/p>\t<div class=\"wrapper-featured-image\">\n\t\t<figure class=\"spotlightImg\">\n\n\t\t\t<picture>\n\t\t\t\t<source media=\"(max-width: 768px)\" srcset=\"https:\/\/files.sunoresearch.com.br\/n\/uploads\/2024\/05\/eua-dolar-cotacao-cambio-400x200.jpg\">\n\t\t\t\t<img loading=\"lazy\" decoding=\"async\" class=\"newsContent__article__imgCapa lazyloadDisabled \" src=\"https:\/\/files.sunoresearch.com.br\/n\/uploads\/2024\/05\/eua-dolar-cotacao-cambio-800x450.jpg\" width=\"800\" height=\"450\" alt=\"D\u00f3lar \u00e9 &#8216;derrubado&#8217; por payroll abaixo do esperado: Investidores apostam em modera\u00e7\u00e3o do Fed\" fetchpriority=high \/>\n\t\t\t<\/picture>\n\n\t\t\t<figcaption class=\"wp-caption-text wp-caption-text--show\">ETFs - Foto: iStock<\/figcaption>\n\t\t<\/figure>\n\t<\/div>\n\n\n\n\n\n\n\n\t<p>\n\t\t<a href=\"https:\/\/lp.suno.com.br\/ebook-como-analisar-uma-acao\/\" target=\"_blank\" data-element=\"shortcode-suno-banner\" title=\"Banner SUNO, clique e saiba mais\">\n\t\t\t<picture>\n\t\t\t\t<source media=\"(max-width: 500px)\" srcset=\"https:\/\/files.sunoresearch.com.br\/n\/uploads\/2023\/03\/Ebook-Acoes-Mobile.jpg\">\n\t\t\t\t<img class=\"newsContent__article__imgCapa newsContent__article__imgCapa--banner\"\n\t\t\t\t\tsrc=\"https:\/\/files.sunoresearch.com.br\/n\/uploads\/2023\/03\/Ebook-Acoes-Desktop.jpg\"\n\t\t\t\t\tdata-promo-id=\"378302\"\t\t\t\t\t\t\t\t\t\twidth='1420' height='286'\t\t\t\t\talt=\"https:\/\/files.sunoresearch.com.br\/n\/uploads\/2023\/03\/Ebook-Acoes-Desktop.jpg\"\n\t\t\t\t>\n\t\t\t<\/picture>\n\t\t<\/a>\n\t<\/p>\n\n\n\n\n\n<p>A <strong>cota\u00e7\u00e3o do d\u00f3lar<\/strong> no exterior perde for\u00e7a tamb\u00e9m com os dados da produ\u00e7\u00e3o industrial brasileira, cuja alta de 0,90% em mar\u00e7o veio abaixo da mediana do mercado (+1,4%). O recuo dos retornos dos <strong>Treasuries <\/strong>tamb\u00e9m contribui. <\/p>\n\n\n\n<p>Al\u00e9m disso, ap\u00f3s a avalia\u00e7\u00e3o positiva da Moody&#8217;s, o Brasil se fortalece na cota\u00e7\u00e3o do <strong>d\u00f3lar para real brasileiro<\/strong>.<\/p>\n\n\n\n<p>Diego Costa, head de c\u00e2mbio para o norte e nordeste da B&amp;T C\u00e2mbio, conta que ap\u00f3s a avalia\u00e7\u00e3o, a demanda pela moeda local aumentou, gerando uma<a href=\"https:\/\/www.suno.com.br\/artigos\/alta-do-dolar\/\" target=\"_blank\" rel=\"noreferrer noopener\"> valoriza\u00e7\u00e3o do real <\/a>de 1,53% em rela\u00e7\u00e3o ao <strong>d\u00f3lar americano <\/strong>ontem.<\/p>\n\n\n\t<p>\n\t\t<a href=\"https:\/\/lp.suno.com.br\/ebook-gratuito-investindo-no-exterior\/\" target=\"_blank\" data-element=\"shortcode-suno-banner\" title=\"Banner SUNO, clique e saiba mais\">\n\t\t\t<picture>\n\t\t\t\t<source media=\"(max-width: 500px)\" srcset=\"https:\/\/files.sunoresearch.com.br\/n\/uploads\/2023\/03\/400x300-Investindo-no-exterior.png\">\n\t\t\t\t<img class=\"newsContent__article__imgCapa newsContent__article__imgCapa--banner\"\n\t\t\t\t\tsrc=\"https:\/\/files.sunoresearch.com.br\/n\/uploads\/2023\/03\/1420x240-Investindo-no-exterior.png\"\n\t\t\t\t\tdata-promo-id=\"383161\"\t\t\t\t\t\t\t\t\t\twidth='1420' height='240'\t\t\t\t\talt=\"https:\/\/files.sunoresearch.com.br\/n\/uploads\/2023\/03\/1420x240-Investindo-no-exterior.png\"\n\t\t\t\t>\n\t\t\t<\/picture>\n\t\t<\/a>\n\t<\/p>\n\n\n\n\n\n<h2 class=\"wp-block-heading\">Payroll dos EUA abala cota\u00e7\u00e3o do d\u00f3lar<\/h2>\n\n\n\n<p>A economia dos<strong> Estados Unidos <\/strong>criou 175 mil empregos em abril, em termos l\u00edquidos, segundo relat\u00f3rio publicado nesta sexta-feira pelo Departamento do Trabalho do pa\u00eds. <\/p>\n\n\n\n<p>O resultado do <strong>payroll de abril<\/strong> ficou abaixo da mediana das expectativas de analistas consultados pelo Proje\u00e7\u00f5es Broadcast, de 225 mil postos de trabalho, e perto do piso das estimativas, que variavam de 150 mil a 275 mil vagas.<\/p>\n\n\n\n<p>Al\u00e9m do relat\u00f3rio de emprego n\u00e3o-agr\u00edcola nos <strong>EUA <\/strong>vir abaixo das expectativas, tamb\u00e9m foi observada uma queda no ganho m\u00e9dio por hora trabalhada de 0,2% em vez dos 0,3% projetados. <\/p>\n\n\n\n<p>No setor privado, a queda foi menor, mas ainda ficou aqu\u00e9m das expectativas, com 167 mil vagas criadas em compara\u00e7\u00e3o com as 181 mil esperadas. A <strong>taxa de desemprego<\/strong> tamb\u00e9m aumentou para 3,9% em vez dos 3,8% esperados.<\/p>\n\n\n\n<blockquote class=\"wp-block-quote is-layout-flow wp-block-quote-is-layout-flow\">\n<p>&#8220;A divulga\u00e7\u00e3o do <strong>Payroll <\/strong>nos Estados Unidos animou ainda mais os investidores que buscam rentabilidade&#8221;, avalia Costa. <\/p>\n<\/blockquote>\n\n\n\n<p>Segundo ele, os n\u00fameros indicam que a economia americana pode estar entrando em um ritmo mais moderado de crescimento, o que abre espa\u00e7o para a possibilidade de o <strong>Federal Reserve <\/strong>(banco central dos EUA) recalibrar seu cronograma de cortes nos juros. <\/p>\n\n\n\n<p>&#8220;Essa mudan\u00e7a seria potencialmente positiva para os mercados emergentes. Com a perspectiva de juros mais baixos no futuro, os <a href=\"https:\/\/www.suno.com.br\/artigos\/investir-em-dolar\/\" target=\"_blank\" rel=\"noreferrer noopener\">investidores <\/a>se sentem mais confiantes para buscar retornos mais altos em ativos de risco, como a\u00e7\u00f5es e t\u00edtulos de mercados emergentes&#8221;, completa Costa, lembrando que essa confian\u00e7a ainda \u00e9 bem cautelosa por incertezas da economia global.<\/p>\n\n\n\n<p>Sinais mais concretos sobre os pr\u00f3ximos planos do <strong>Fed<\/strong> devem ser esperados na Ata do FOMC. <\/p>\n\n\n\n<p>Al\u00e9m disso, as declara\u00e7\u00f5es do presidente do BC dos EUA, <strong>Jerome Powell<\/strong>, impulsiona as bolsas globais, come\u00e7ando a sexta-feira (3) em alta.  Ainda nos EUA, ser\u00e1 divulgado o resultado do \u00edndice dos gerentes de compras (PMI) Composto da S&amp;P Global.<\/p>\n\n\n\n<p>\u00c0s 9h26, o <strong>d\u00f3lar \u00e0 vista <\/strong>ca\u00eda 0,06%, a R$ 5,1099. O <strong>d\u00f3lar <\/strong>para junho cedia 0,08%, a R$ 5,1225.<\/p>\n\n\n\n<p><em>Com informa\u00e7\u00f5es de Estad\u00e3o Conte\u00fado.<\/em><\/p>\n\n\n\n\t<div data-element=\"shortcode-read-more\" class=\"readToo\">\n\t\t\t\t<span class=\"readToo__title\">Leia mais<\/span>\n\t\t\t\t<ul class=\"readToo__list\">\n\t\t\t<li><a href=\"https:\/\/www.suno.com.br\/noticias\/nubank-nota-credito-subsidiaria-gpj\/\">Nubank (ROXO34): S&#038;P eleva nota de cr\u00e9dito de subsidi\u00e1ria pela 2\u00aa vez em menos de um ano<\/a><\/li><li><a href=\"https:\/\/www.suno.com.br\/noticias\/vale-vale3-avaliacao-moodys-risco-brasil-cpf\/\">Moody&#8217;s eleva perspectiva da Vale (VALE3), mas cita press\u00e3o do risco Brasil e d\u00edvidas com Brumadinho e Samarco<\/a><\/li><li><a href=\"https:\/\/www.suno.com.br\/noticias\/petrobras-petr4-valor-dividendos-extraordinarios-atualizacao-gpj\/\">Petrobras (PETR4) atualiza valor de dividendos extraordin\u00e1rios; confira<\/a><\/li>\t\t<\/ul>\n\t<\/div>\n\n\n\n\t<p>\n\t\t<a href=\"https:\/\/lp.suno.com.br\/planilha-da-vida-financeira\/\" target=\"_blank\" data-element=\"shortcode-suno-banner\" title=\"Banner SUNO, clique e saiba mais\">\n\t\t\t<picture>\n\t\t\t\t<source media=\"(max-width: 500px)\" srcset=\"https:\/\/files.sunoresearch.com.br\/n\/uploads\/2023\/04\/400x300-Planilha-vida-financeira-true.png\">\n\t\t\t\t<img class=\"newsContent__article__imgCapa newsContent__article__imgCapa--banner\"\n\t\t\t\t\tsrc=\"https:\/\/files.sunoresearch.com.br\/n\/uploads\/2023\/04\/1420x240-Planilha-vida-financeira-true.png\"\n\t\t\t\t\tdata-promo-id=\"383123\"\t\t\t\t\t\t\t\t\t\twidth='1420' height='240'\t\t\t\t\talt=\"https:\/\/files.sunoresearch.com.br\/n\/uploads\/2023\/04\/1420x240-Planilha-vida-financeira-true.png\"\n\t\t\t\t>\n\t\t\t<\/picture>\n\t\t<\/a>\n\t<\/p>\n\n\n","protected":false},"excerpt":{"rendered":"<p>O c\u00e2mbio do d\u00f3lar come\u00e7ou esta sexta-feira (3) sendo &#8220;derrubado&#8221; ap\u00f3s o resultado do payroll \u2013 gera\u00e7\u00e3o de empregos nos Estados Unidos \u2013 que desagradou o mercado. ETFs &#8211; Foto: iStock A cota\u00e7\u00e3o do d\u00f3lar no exterior perde for\u00e7a tamb\u00e9m com os dados da produ\u00e7\u00e3o industrial brasileira, cuja alta de 0,90% em mar\u00e7o veio abaixo [&hellip;]<\/p>\n","protected":false},"author":283,"featured_media":550480,"comment_status":"closed","ping_status":"closed","sticky":false,"template":"","format":"standard","meta":[],"categories":[60],"tags":[326,1852,105816,15483],"suno_strategy":[],"class_list":["post-550475","post","type-post","status-publish","format-standard","has-post-thumbnail","hentry","category-mercado","tag-dolar","tag-dolar-futuro","tag-especialistas","tag-payroll"],"yoast_head":"<!-- This site is optimized with the Yoast SEO plugin v24.4 - https:\/\/yoast.com\/wordpress\/plugins\/seo\/ -->\n<title>D\u00f3lar \u00e9 &#039;derrubado&#039; por payroll abaixo do esperado<\/title>\n<meta name=\"description\" content=\"Moody&#039;s, Payroll e corte de juros: veja os principais fatores que abalam a cota\u00e7\u00e3o do d\u00f3lar (USD\/BRL) nesta setxa-feira (3).\" \/>\n<meta name=\"robots\" content=\"index, follow, max-snippet:-1, max-image-preview:large, max-video-preview:-1\" \/>\n<link rel=\"canonical\" href=\"https:\/\/www.suno.com.br\/noticias\/dolar-payroll-fed-juros-moodys-cpf\/\" \/>\n<meta property=\"og:locale\" content=\"pt_BR\" \/>\n<meta property=\"og:type\" content=\"article\" \/>\n<meta property=\"og:title\" content=\"D\u00f3lar \u00e9 &#039;derrubado&#039; por payroll abaixo do esperado\" \/>\n<meta property=\"og:description\" content=\"Moody&#039;s, Payroll e corte de juros: veja os principais fatores que abalam a cota\u00e7\u00e3o do d\u00f3lar (USD\/BRL) nesta setxa-feira (3).\" \/>\n<meta property=\"og:url\" content=\"https:\/\/www.suno.com.br\/noticias\/dolar-payroll-fed-juros-moodys-cpf\/\" \/>\n<meta property=\"og:site_name\" content=\"Suno Not\u00edcias\" \/>\n<meta property=\"article:publisher\" content=\"https:\/\/facebook.com\/sunoresearch\" \/>\n<meta property=\"og:image\" content=\"https:\/\/files.sunoresearch.com.br\/n\/uploads\/2024\/05\/eua-dolar-cotacao-cambio.jpg\" \/>\n\t<meta property=\"og:image:width\" content=\"1200\" \/>\n\t<meta property=\"og:image:height\" content=\"801\" \/>\n\t<meta property=\"og:image:type\" content=\"image\/jpeg\" \/>\n<meta name=\"author\" content=\"Camila Paim\" \/>\n<meta name=\"twitter:card\" content=\"summary_large_image\" \/>\n<meta name=\"twitter:creator\" content=\"@sunoresearch\" \/>\n<meta name=\"twitter:site\" content=\"@sunoresearch\" \/>\n<meta name=\"twitter:label1\" content=\"Escrito por\" \/>\n\t<meta name=\"twitter:data1\" content=\"Camila Paim\" \/>\n\t<meta name=\"twitter:label2\" content=\"Est. tempo de leitura\" \/>\n\t<meta name=\"twitter:data2\" content=\"3 minutos\" \/>\n<script type=\"application\/ld+json\" class=\"yoast-schema-graph\">{\"@context\":\"https:\/\/schema.org\",\"@graph\":[{\"@type\":\"NewsArticle\",\"@id\":\"https:\/\/www.suno.com.br\/noticias\/dolar-payroll-fed-juros-moodys-cpf\/#article\",\"isPartOf\":{\"@id\":\"https:\/\/www.suno.com.br\/noticias\/dolar-payroll-fed-juros-moodys-cpf\/\"},\"author\":{\"name\":\"Camila Paim\",\"@id\":\"https:\/\/www.suno.com.br\/noticias\/#\/schema\/person\/f341d3ae5d1cc685176c9a5327cdfdbb\"},\"headline\":\"D\u00f3lar \u00e9 &#8216;derrubado&#8217; por payroll abaixo do esperado: Investidores apostam em modera\u00e7\u00e3o do Fed\",\"datePublished\":\"2024-05-03T13:36:48+00:00\",\"dateModified\":\"2024-05-03T13:36:54+00:00\",\"mainEntityOfPage\":{\"@id\":\"https:\/\/www.suno.com.br\/noticias\/dolar-payroll-fed-juros-moodys-cpf\/\"},\"wordCount\":515,\"publisher\":{\"@id\":\"https:\/\/www.suno.com.br\/noticias\/#organization\"},\"image\":{\"@id\":\"https:\/\/www.suno.com.br\/noticias\/dolar-payroll-fed-juros-moodys-cpf\/#primaryimage\"},\"thumbnailUrl\":\"https:\/\/files.sunoresearch.com.br\/n\/uploads\/2024\/05\/eua-dolar-cotacao-cambio.jpg\",\"keywords\":[\"d\u00f3lar\",\"d\u00f3lar futuro\",\"Especialistas\",\"Payroll\"],\"articleSection\":[\"Mercado\"],\"inLanguage\":\"pt-BR\"},{\"@type\":\"WebPage\",\"@id\":\"https:\/\/www.suno.com.br\/noticias\/dolar-payroll-fed-juros-moodys-cpf\/\",\"url\":\"https:\/\/www.suno.com.br\/noticias\/dolar-payroll-fed-juros-moodys-cpf\/\",\"name\":\"D\u00f3lar \u00e9 'derrubado' por payroll abaixo do esperado\",\"isPartOf\":{\"@id\":\"https:\/\/www.suno.com.br\/noticias\/#website\"},\"primaryImageOfPage\":{\"@id\":\"https:\/\/www.suno.com.br\/noticias\/dolar-payroll-fed-juros-moodys-cpf\/#primaryimage\"},\"image\":{\"@id\":\"https:\/\/www.suno.com.br\/noticias\/dolar-payroll-fed-juros-moodys-cpf\/#primaryimage\"},\"thumbnailUrl\":\"https:\/\/files.sunoresearch.com.br\/n\/uploads\/2024\/05\/eua-dolar-cotacao-cambio.jpg\",\"datePublished\":\"2024-05-03T13:36:48+00:00\",\"dateModified\":\"2024-05-03T13:36:54+00:00\",\"description\":\"Moody's, Payroll e corte de juros: veja os principais fatores que abalam a cota\u00e7\u00e3o do d\u00f3lar (USD\/BRL) nesta setxa-feira (3).\",\"breadcrumb\":{\"@id\":\"https:\/\/www.suno.com.br\/noticias\/dolar-payroll-fed-juros-moodys-cpf\/#breadcrumb\"},\"inLanguage\":\"pt-BR\",\"potentialAction\":[{\"@type\":\"ReadAction\",\"target\":[\"https:\/\/www.suno.com.br\/noticias\/dolar-payroll-fed-juros-moodys-cpf\/\"]}]},{\"@type\":\"ImageObject\",\"inLanguage\":\"pt-BR\",\"@id\":\"https:\/\/www.suno.com.br\/noticias\/dolar-payroll-fed-juros-moodys-cpf\/#primaryimage\",\"url\":\"https:\/\/files.sunoresearch.com.br\/n\/uploads\/2024\/05\/eua-dolar-cotacao-cambio.jpg\",\"contentUrl\":\"https:\/\/files.sunoresearch.com.br\/n\/uploads\/2024\/05\/eua-dolar-cotacao-cambio.jpg\",\"width\":1200,\"height\":801,\"caption\":\"ETFs - Foto: iStock\"},{\"@type\":\"BreadcrumbList\",\"@id\":\"https:\/\/www.suno.com.br\/noticias\/dolar-payroll-fed-juros-moodys-cpf\/#breadcrumb\",\"itemListElement\":[{\"@type\":\"ListItem\",\"position\":1,\"name\":\"Not\u00edcias\",\"item\":\"https:\/\/www.suno.com.br\/noticias\/\"},{\"@type\":\"ListItem\",\"position\":2,\"name\":\"Mercado\",\"item\":\"https:\/\/www.suno.com.br\/noticias\/mercado\/\"},{\"@type\":\"ListItem\",\"position\":3,\"name\":\"D\u00f3lar \u00e9 &#8216;derrubado&#8217; por payroll abaixo do esperado: Investidores apostam em modera\u00e7\u00e3o do Fed\"}]},{\"@type\":\"WebSite\",\"@id\":\"https:\/\/www.suno.com.br\/noticias\/#website\",\"url\":\"https:\/\/www.suno.com.br\/noticias\/\",\"name\":\"Suno Not\u00edcias\",\"description\":\"Seu portal de informa\u00e7\u00e3o sobre o mundo dos investimentos\",\"publisher\":{\"@id\":\"https:\/\/www.suno.com.br\/noticias\/#organization\"},\"potentialAction\":[{\"@type\":\"SearchAction\",\"target\":{\"@type\":\"EntryPoint\",\"urlTemplate\":\"https:\/\/www.suno.com.br\/noticias\/?s={search_term_string}\"},\"query-input\":{\"@type\":\"PropertyValueSpecification\",\"valueRequired\":true,\"valueName\":\"search_term_string\"}}],\"inLanguage\":\"pt-BR\"},{\"@type\":\"Organization\",\"@id\":\"https:\/\/www.suno.com.br\/noticias\/#organization\",\"name\":\"Suno Not\u00edcias\",\"url\":\"https:\/\/www.suno.com.br\/noticias\/\",\"logo\":{\"@type\":\"ImageObject\",\"inLanguage\":\"pt-BR\",\"@id\":\"https:\/\/www.suno.com.br\/noticias\/#\/schema\/logo\/image\/\",\"url\":\"https:\/\/files.sunoresearch.com.br\/n\/uploads\/2021\/09\/suno-logo.png\",\"contentUrl\":\"https:\/\/files.sunoresearch.com.br\/n\/uploads\/2021\/09\/suno-logo.png\",\"width\":180,\"height\":180,\"caption\":\"Suno Not\u00edcias\"},\"image\":{\"@id\":\"https:\/\/www.suno.com.br\/noticias\/#\/schema\/logo\/image\/\"},\"sameAs\":[\"https:\/\/facebook.com\/sunoresearch\",\"https:\/\/x.com\/sunoresearch\",\"https:\/\/www.instagram.com\/suno\",\"https:\/\/www.linkedin.com\/company\/suno-research\/\",\"https:\/\/www.youtube.com\/c\/sunoresearch\"]},{\"@type\":\"Person\",\"@id\":\"https:\/\/www.suno.com.br\/noticias\/#\/schema\/person\/f341d3ae5d1cc685176c9a5327cdfdbb\",\"name\":\"Camila Paim\",\"image\":{\"@type\":\"ImageObject\",\"inLanguage\":\"pt-BR\",\"@id\":\"https:\/\/www.suno.com.br\/noticias\/#\/schema\/person\/image\/\",\"url\":\"https:\/\/secure.gravatar.com\/avatar\/f33728e65febb1aa7ecf6792956f9b20?s=96&r=g\",\"contentUrl\":\"https:\/\/secure.gravatar.com\/avatar\/f33728e65febb1aa7ecf6792956f9b20?s=96&r=g\",\"caption\":\"Camila Paim\"},\"description\":\"Jornalista formada pela USP, tem experi\u00eancia em reda\u00e7\u00f5es, SEO, Branded Content e Webdesign. Com passagem pelo Jornal da USP, Empiricus e C6 Bank, hoje \u00e9 rep\u00f3rter no Suno Not\u00edcias cobrindo macroeconomia, finan\u00e7as pessoais e startups.\",\"url\":\"https:\/\/www.suno.com.br\/noticias\/author\/camila-figueiredosuno-com-br\/\"}]}<\/script>\n<!-- \/ Yoast SEO plugin. -->","yoast_head_json":{"title":"D\u00f3lar \u00e9 'derrubado' por payroll abaixo do esperado","description":"Moody's, Payroll e corte de juros: veja os principais fatores que abalam a cota\u00e7\u00e3o do d\u00f3lar (USD\/BRL) nesta setxa-feira (3).","robots":{"index":"index","follow":"follow","max-snippet":"max-snippet:-1","max-image-preview":"max-image-preview:large","max-video-preview":"max-video-preview:-1"},"canonical":"https:\/\/www.suno.com.br\/noticias\/dolar-payroll-fed-juros-moodys-cpf\/","og_locale":"pt_BR","og_type":"article","og_title":"D\u00f3lar \u00e9 'derrubado' por payroll abaixo do esperado","og_description":"Moody's, Payroll e corte de juros: veja os principais fatores que abalam a cota\u00e7\u00e3o do d\u00f3lar (USD\/BRL) nesta setxa-feira (3).","og_url":"https:\/\/www.suno.com.br\/noticias\/dolar-payroll-fed-juros-moodys-cpf\/","og_site_name":"Suno Not\u00edcias","article_publisher":"https:\/\/facebook.com\/sunoresearch","og_image":[{"width":1200,"height":801,"url":"https:\/\/files.sunoresearch.com.br\/n\/uploads\/2024\/05\/eua-dolar-cotacao-cambio.jpg","type":"image\/jpeg"}],"author":"Camila Paim","twitter_card":"summary_large_image","twitter_creator":"@sunoresearch","twitter_site":"@sunoresearch","twitter_misc":{"Escrito por":"Camila Paim","Est. tempo de leitura":"3 minutos"},"schema":{"@context":"https:\/\/schema.org","@graph":[{"@type":"NewsArticle","@id":"https:\/\/www.suno.com.br\/noticias\/dolar-payroll-fed-juros-moodys-cpf\/#article","isPartOf":{"@id":"https:\/\/www.suno.com.br\/noticias\/dolar-payroll-fed-juros-moodys-cpf\/"},"author":{"name":"Camila Paim","@id":"https:\/\/www.suno.com.br\/noticias\/#\/schema\/person\/f341d3ae5d1cc685176c9a5327cdfdbb"},"headline":"D\u00f3lar \u00e9 &#8216;derrubado&#8217; por payroll abaixo do esperado: Investidores apostam em modera\u00e7\u00e3o do Fed","datePublished":"2024-05-03T13:36:48+00:00","dateModified":"2024-05-03T13:36:54+00:00","mainEntityOfPage":{"@id":"https:\/\/www.suno.com.br\/noticias\/dolar-payroll-fed-juros-moodys-cpf\/"},"wordCount":515,"publisher":{"@id":"https:\/\/www.suno.com.br\/noticias\/#organization"},"image":{"@id":"https:\/\/www.suno.com.br\/noticias\/dolar-payroll-fed-juros-moodys-cpf\/#primaryimage"},"thumbnailUrl":"https:\/\/files.sunoresearch.com.br\/n\/uploads\/2024\/05\/eua-dolar-cotacao-cambio.jpg","keywords":["d\u00f3lar","d\u00f3lar futuro","Especialistas","Payroll"],"articleSection":["Mercado"],"inLanguage":"pt-BR"},{"@type":"WebPage","@id":"https:\/\/www.suno.com.br\/noticias\/dolar-payroll-fed-juros-moodys-cpf\/","url":"https:\/\/www.suno.com.br\/noticias\/dolar-payroll-fed-juros-moodys-cpf\/","name":"D\u00f3lar \u00e9 'derrubado' por payroll abaixo do esperado","isPartOf":{"@id":"https:\/\/www.suno.com.br\/noticias\/#website"},"primaryImageOfPage":{"@id":"https:\/\/www.suno.com.br\/noticias\/dolar-payroll-fed-juros-moodys-cpf\/#primaryimage"},"image":{"@id":"https:\/\/www.suno.com.br\/noticias\/dolar-payroll-fed-juros-moodys-cpf\/#primaryimage"},"thumbnailUrl":"https:\/\/files.sunoresearch.com.br\/n\/uploads\/2024\/05\/eua-dolar-cotacao-cambio.jpg","datePublished":"2024-05-03T13:36:48+00:00","dateModified":"2024-05-03T13:36:54+00:00","description":"Moody's, Payroll e corte de juros: veja os principais fatores que abalam a cota\u00e7\u00e3o do d\u00f3lar (USD\/BRL) nesta setxa-feira (3).","breadcrumb":{"@id":"https:\/\/www.suno.com.br\/noticias\/dolar-payroll-fed-juros-moodys-cpf\/#breadcrumb"},"inLanguage":"pt-BR","potentialAction":[{"@type":"ReadAction","target":["https:\/\/www.suno.com.br\/noticias\/dolar-payroll-fed-juros-moodys-cpf\/"]}]},{"@type":"ImageObject","inLanguage":"pt-BR","@id":"https:\/\/www.suno.com.br\/noticias\/dolar-payroll-fed-juros-moodys-cpf\/#primaryimage","url":"https:\/\/files.sunoresearch.com.br\/n\/uploads\/2024\/05\/eua-dolar-cotacao-cambio.jpg","contentUrl":"https:\/\/files.sunoresearch.com.br\/n\/uploads\/2024\/05\/eua-dolar-cotacao-cambio.jpg","width":1200,"height":801,"caption":"ETFs - Foto: iStock"},{"@type":"BreadcrumbList","@id":"https:\/\/www.suno.com.br\/noticias\/dolar-payroll-fed-juros-moodys-cpf\/#breadcrumb","itemListElement":[{"@type":"ListItem","position":1,"name":"Not\u00edcias","item":"https:\/\/www.suno.com.br\/noticias\/"},{"@type":"ListItem","position":2,"name":"Mercado","item":"https:\/\/www.suno.com.br\/noticias\/mercado\/"},{"@type":"ListItem","position":3,"name":"D\u00f3lar \u00e9 &#8216;derrubado&#8217; por payroll abaixo do esperado: Investidores apostam em modera\u00e7\u00e3o do Fed"}]},{"@type":"WebSite","@id":"https:\/\/www.suno.com.br\/noticias\/#website","url":"https:\/\/www.suno.com.br\/noticias\/","name":"Suno Not\u00edcias","description":"Seu portal de informa\u00e7\u00e3o sobre o mundo dos investimentos","publisher":{"@id":"https:\/\/www.suno.com.br\/noticias\/#organization"},"potentialAction":[{"@type":"SearchAction","target":{"@type":"EntryPoint","urlTemplate":"https:\/\/www.suno.com.br\/noticias\/?s={search_term_string}"},"query-input":{"@type":"PropertyValueSpecification","valueRequired":true,"valueName":"search_term_string"}}],"inLanguage":"pt-BR"},{"@type":"Organization","@id":"https:\/\/www.suno.com.br\/noticias\/#organization","name":"Suno Not\u00edcias","url":"https:\/\/www.suno.com.br\/noticias\/","logo":{"@type":"ImageObject","inLanguage":"pt-BR","@id":"https:\/\/www.suno.com.br\/noticias\/#\/schema\/logo\/image\/","url":"https:\/\/files.sunoresearch.com.br\/n\/uploads\/2021\/09\/suno-logo.png","contentUrl":"https:\/\/files.sunoresearch.com.br\/n\/uploads\/2021\/09\/suno-logo.png","width":180,"height":180,"caption":"Suno Not\u00edcias"},"image":{"@id":"https:\/\/www.suno.com.br\/noticias\/#\/schema\/logo\/image\/"},"sameAs":["https:\/\/facebook.com\/sunoresearch","https:\/\/x.com\/sunoresearch","https:\/\/www.instagram.com\/suno","https:\/\/www.linkedin.com\/company\/suno-research\/","https:\/\/www.youtube.com\/c\/sunoresearch"]},{"@type":"Person","@id":"https:\/\/www.suno.com.br\/noticias\/#\/schema\/person\/f341d3ae5d1cc685176c9a5327cdfdbb","name":"Camila Paim","image":{"@type":"ImageObject","inLanguage":"pt-BR","@id":"https:\/\/www.suno.com.br\/noticias\/#\/schema\/person\/image\/","url":"https:\/\/secure.gravatar.com\/avatar\/f33728e65febb1aa7ecf6792956f9b20?s=96&r=g","contentUrl":"https:\/\/secure.gravatar.com\/avatar\/f33728e65febb1aa7ecf6792956f9b20?s=96&r=g","caption":"Camila Paim"},"description":"Jornalista formada pela USP, tem experi\u00eancia em reda\u00e7\u00f5es, SEO, Branded Content e Webdesign. Com passagem pelo Jornal da USP, Empiricus e C6 Bank, hoje \u00e9 rep\u00f3rter no Suno Not\u00edcias cobrindo macroeconomia, finan\u00e7as pessoais e startups.","url":"https:\/\/www.suno.com.br\/noticias\/author\/camila-figueiredosuno-com-br\/"}]}},"default_loop_html":"<div class=\"cardsPage__listCard__boxs\"><div class=\"cardsPage__listCard__boxs__img\"><a href=\"https:\/\/www.suno.com.br\/noticias\/dolar-payroll-fed-juros-moodys-cpf\/\"><img class=\"mask\" src=\"https:\/\/www.suno.com.br\/noticias\/wp-content\/themes\/suno\/resources\/images\/spotlight\/spotlight1img\/bg-mask.png\" alt=\"Image Mask\"\/><img src=\"https:\/\/files.sunoresearch.com.br\/n\/uploads\/2024\/05\/eua-dolar-cotacao-cambio-400x200.jpg\" alt=\"D\u00f3lar \u00e9 &#8216;derrubado&#8217; por payroll abaixo do esperado: Investidores apostam em modera\u00e7\u00e3o do Fed\"\/><\/a><span class=\"spotlightCategory\"><a href=\"https:\/\/www.suno.com.br\/noticias\/mercado\/\">Mercado<\/a><\/span><\/div><div class=\"cardsPage__listCard__boxs__content\"><a href=\"https:\/\/www.suno.com.br\/noticias\/dolar-payroll-fed-juros-moodys-cpf\/\"><h2 class=\"content__title\">D\u00f3lar \u00e9 &#8216;derrubado&#8217; por payroll abaixo do esperado: Investidores apostam em modera\u00e7\u00e3o do Fed<\/h2><\/a><div class=\"newsContent__article__meta\"><div class=\"newsContent__article__meta__authorBox\"><a href=\"https:\/\/www.suno.com.br\/noticias\/author\/giovanni-porfiriosuno-com-br\/\" class=\"authorBox__avatar noMobi\"><img src=\"https:\/\/files.sunoresearch.com.br\/n\/uploads\/2024\/05\/DSCF4115-1-1-150x150.webp\" alt=\"Giovanni Porf\u00edrio Jacomino\"><\/a><div class=\"authorBox__name\"><span>por\n\t\t\t<a href=\"https:\/\/www.suno.com.br\/noticias\/author\/giovanni-porfiriosuno-com-br\/\"><span itemprop=\"author\">Giovanni Porf\u00edrio Jacomino<\/span><\/a><\/span><time datetime=\"2024-05-03T10:36:48-03:00\" itemprop=\"datePublished\">03\/05\/2024 10:36<\/time><\/div><\/div><\/div><\/div><\/div>","single_layout":"posts","amp_enabled":true,"_links":{"self":[{"href":"https:\/\/www.suno.com.br\/noticias\/wp-json\/wp\/v2\/posts\/550475"}],"collection":[{"href":"https:\/\/www.suno.com.br\/noticias\/wp-json\/wp\/v2\/posts"}],"about":[{"href":"https:\/\/www.suno.com.br\/noticias\/wp-json\/wp\/v2\/types\/post"}],"author":[{"embeddable":true,"href":"https:\/\/www.suno.com.br\/noticias\/wp-json\/wp\/v2\/users\/283"}],"replies":[{"embeddable":true,"href":"https:\/\/www.suno.com.br\/noticias\/wp-json\/wp\/v2\/comments?post=550475"}],"version-history":[{"count":3,"href":"https:\/\/www.suno.com.br\/noticias\/wp-json\/wp\/v2\/posts\/550475\/revisions"}],"predecessor-version":[{"id":550485,"href":"https:\/\/www.suno.com.br\/noticias\/wp-json\/wp\/v2\/posts\/550475\/revisions\/550485"}],"wp:featuredmedia":[{"embeddable":true,"href":"https:\/\/www.suno.com.br\/noticias\/wp-json\/wp\/v2\/media\/550480"}],"wp:attachment":[{"href":"https:\/\/www.suno.com.br\/noticias\/wp-json\/wp\/v2\/media?parent=550475"}],"wp:term":[{"taxonomy":"category","embeddable":true,"href":"https:\/\/www.suno.com.br\/noticias\/wp-json\/wp\/v2\/categories?post=550475"},{"taxonomy":"post_tag","embeddable":true,"href":"https:\/\/www.suno.com.br\/noticias\/wp-json\/wp\/v2\/tags?post=550475"},{"taxonomy":"suno_strategy","embeddable":true,"href":"https:\/\/www.suno.com.br\/noticias\/wp-json\/wp\/v2\/suno_strategy?post=550475"}],"curies":[{"name":"wp","href":"https:\/\/api.w.org\/{rel}","templated":true}]}}