{"id":550431,"date":"2024-05-03T09:45:02","date_gmt":"2024-05-03T12:45:02","guid":{"rendered":"https:\/\/www.suno.com.br\/noticias\/?p=550431"},"modified":"2024-05-03T10:09:35","modified_gmt":"2024-05-03T13:09:35","slug":"vale-vale3-avaliacao-moodys-risco-brasil-cpf","status":"publish","type":"post","link":"https:\/\/www.suno.com.br\/noticias\/vale-vale3-avaliacao-moodys-risco-brasil-cpf\/","title":{"rendered":"Moody&#8217;s eleva perspectiva da Vale (VALE3), mas cita press\u00e3o do risco Brasil e d\u00edvidas com Brumadinho e Samarco"},"content":{"rendered":"<p>A ag\u00eancia de avalia\u00e7\u00e3o de <a class=\"suno-keyword\" data-force=\"no\" data-priority=\"1\" href=\"https:\/\/www.suno.com.br\/artigos\/risco-de-credito\/\" target=\"_blank\" rel=\"noopener\">risco de cr\u00e9dito<\/a> Moody&#8217;s atualizou sua avalia\u00e7\u00e3o sobre a <strong>Vale <\/strong>(<a href=\"https:\/\/www.suno.com.br\/acoes\/vale3\/\" target=\"_blank\" rel=\"noreferrer noopener\">VALE3<\/a>), de perspectiva &#8220;est\u00e1vel&#8221; para &#8220;positiva&#8221;, refor\u00e7ando a posi\u00e7\u00e3o da empresa como &#8220;Baa3&#8221;.<\/p>\t<div class=\"wrapper-featured-image\">\n\t\t<figure class=\"spotlightImg\">\n\n\t\t\t<picture>\n\t\t\t\t<source media=\"(max-width: 768px)\" srcset=\"https:\/\/files.sunoresearch.com.br\/n\/uploads\/2024\/03\/iStock-858917706-400x200.jpg\">\n\t\t\t\t<img loading=\"lazy\" decoding=\"async\" class=\"newsContent__article__imgCapa lazyloadDisabled \" src=\"https:\/\/files.sunoresearch.com.br\/n\/uploads\/2024\/03\/iStock-858917706-800x450.jpg\" width=\"800\" height=\"450\" alt=\"Moody&#8217;s eleva perspectiva da Vale (VALE3), mas cita press\u00e3o do risco Brasil e d\u00edvidas com Brumadinho e Samarco\" fetchpriority=high \/>\n\t\t\t<\/picture>\n\n\t\t\t<figcaption class=\"wp-caption-text wp-caption-text--show\">Vale (VALE3). Foto: iStock.<\/figcaption>\n\t\t<\/figure>\n\t<\/div>\n\n\n\n\n\n\n\n\t<p>\n\t\t<a href=\"\" target=\"_blank\" data-element=\"shortcode-suno-banner\" title=\"Banner SUNO, clique e saiba mais\">\n\t\t\t<picture>\n\t\t\t\t<source media=\"(max-width: 500px)\" srcset=\"\">\n\t\t\t\t<img class=\"newsContent__article__imgCapa newsContent__article__imgCapa--banner\"\n\t\t\t\t\tsrc=\"\"\n\t\t\t\t\tdata-promo-id=\"250706\"\t\t\t\t\t\t\t\t\t\t\t\t\t\t\talt=\"\"\n\t\t\t\t>\n\t\t\t<\/picture>\n\t\t<\/a>\n\t<\/p>\n\n\n\n\n\n<p>A classifica\u00e7\u00e3o para as d\u00edvidas s\u00eanior da Vale, Vale Overseas Limited e Vale Canada tamb\u00e9m moveram para o espectro mais otimista da Moody&#8217;s. <\/p>\n\n\n\n<p>Nesta quarta-feira (1\u00ba), durante o feriado, a ag\u00eancia de risco tamb\u00e9m alterou para &#8220;positiva&#8221; a perspectiva sobre o rating do Brasil, mantido em \u201cBa2\u201d. <\/p>\n\n\n\n<p>Essa foi a primeira atualiza\u00e7\u00e3o da Moody&#8217;s no Brasil desde 2018 e ainda n\u00e3o coloca o pa\u00eds no n\u00edvel atraente de \u201c<a class=\"suno-keyword\" data-force=\"no\" data-priority=\"1\" href=\"https:\/\/www.suno.com.br\/artigos\/grau-de-investimento\/\" target=\"_blank\" rel=\"noopener\">grau de investimento<\/a>\u201d. Para esta &#8220;garantia de bom pagador\u201d, a avalia\u00e7\u00e3o passa a valer a partir do n\u00edvel que est\u00e1 a <strong>VALE3<\/strong>, de \u201cBaa3\u201d. <\/p>\n\n\n\n<h2 class=\"wp-block-heading\">Moody&#8217;s sobre a Vale (VALE3)<\/h2>\n\n\n\n<p>Segundo o relat\u00f3rio da Moody&#8217;s, divulgado nesta quinta-feira (2), a Vale S.A. mant\u00e9m sua classifica\u00e7\u00e3o duas notas acima do Governo do Brasil.<\/p>\n\n\n\n<p>Isso \u00e9 apoiado pelo &#8220;forte perfil de neg\u00f3cios da Vale&#8221; e a lideran\u00e7a na produ\u00e7\u00e3o global de <strong>min\u00e9rio de ferro <\/strong>e n\u00edquel, com fluxo de caixa e lucratividade mostrando correla\u00e7\u00e3o m\u00ednima com as condi\u00e7\u00f5es econ\u00f4micas dom\u00e9sticas, diz a ag\u00eancia.<\/p>\n\n\n\n<p>&#8220;A Vale \u00e9 altamente improv\u00e1vel de entrar em default como consequ\u00eancia do estresse ou default de cr\u00e9dito soberano, j\u00e1 que sua grande depend\u00eancia da China e de grandes pa\u00edses desenvolvidos oferece uma prote\u00e7\u00e3o razo\u00e1vel do ambiente macroecon\u00f4mico e pol\u00edtico do Brasil&#8221;, afirmam os analistas da Moody&#8217;s.<\/p>\n\n\n\n<blockquote class=\"wp-block-quote is-layout-flow wp-block-quote-is-layout-flow\">\n<p>&#8220;Cerca de 90% das receitas da Vale<strong> <\/strong>s\u00e3o geradas fora do Brasil&#8221;, diz a Moody&#8217;s. <\/p>\n<\/blockquote>\n\n\n\n<p>A ag\u00eancia enxerga que a mineradora consegue se destacar no mercado apesar do cen\u00e1rio intrincado do Brasil, visto que sua receita est\u00e1 vinculada tamb\u00e9m com o com\u00e9rcio exterior e pela lideran\u00e7a em seu setor. <\/p>\n\n\n\n<p>Entretanto, a preponder\u00e2ncia dos ativos fixos no Brasil (69%), a maioria dos quais se concentra em min\u00e9rio de ferro, acaba gerando uma restri\u00e7\u00e3o \u00e0 eleva\u00e7\u00e3o da classifica\u00e7\u00e3o de cr\u00e9dito soberano, em raz\u00e3o do rating do Governo brasileiro. <\/p>\n\n\n\n<p>Por isso, a atualiza\u00e7\u00e3o da <strong>classifica\u00e7\u00e3o da Vale na Moody&#8217;s<\/strong> acontece com a expectativa de que a companhia conseguir\u00e1 manter o perfil de neg\u00f3cios e m\u00e9tricas de cr\u00e9dito compat\u00edvel com a sua classifica\u00e7\u00e3o, ao mesmo tempo que incorpora que n\u00e3o haver\u00e1 aumento significativo em desembolsos de caixa relacionados aos desastre ocorridos em Brumadinho ou pela Samarco que possam afetar a liquidez ou alavancagem da empresa.<\/p>\n\n\n\t<p>\n\t\t<a href=\"https:\/\/lp.suno.com.br\/ebook-como-analisar-uma-acao\/\" target=\"_blank\" data-element=\"shortcode-suno-banner\" title=\"Banner SUNO, clique e saiba mais\">\n\t\t\t<picture>\n\t\t\t\t<source media=\"(max-width: 500px)\" srcset=\"https:\/\/files.sunoresearch.com.br\/n\/uploads\/2023\/03\/Ebook-Acoes-Mobile.jpg\">\n\t\t\t\t<img class=\"newsContent__article__imgCapa newsContent__article__imgCapa--banner\"\n\t\t\t\t\tsrc=\"https:\/\/files.sunoresearch.com.br\/n\/uploads\/2023\/03\/Ebook-Acoes-Desktop.jpg\"\n\t\t\t\t\tdata-promo-id=\"378302\"\t\t\t\t\t\t\t\t\t\twidth='1420' height='286'\t\t\t\t\talt=\"https:\/\/files.sunoresearch.com.br\/n\/uploads\/2023\/03\/Ebook-Acoes-Desktop.jpg\"\n\t\t\t\t>\n\t\t\t<\/picture>\n\t\t<\/a>\n\t<\/p>\n\n\n\n\n\n<h2 class=\"wp-block-heading\">Positivo X Negativo: como a mineradora pode mudar de rating<\/h2>\n\n\n\n<p>A Moody&#8217;s ainda aponta que o <strong>rating da Vale <\/strong>poderia melhorar, caso o cen\u00e1rio econ\u00f4mico no pa\u00eds conseguisse elevar a nota brasileira ou se a empresa apresentasse um controle de risco aprimorado e supervis\u00e3o de governan\u00e7a. <\/p>\n\n\n\n<p>Al\u00e9m disso, a rela\u00e7\u00e3o <a class=\"suno-keyword\" target=\"_blank\" data-force=\"no\" data-priority=\"1\" href=\"https:\/\/www.suno.com.br\/artigos\/divida-liquida\/\" rel=\"noopener\">d\u00edvida l\u00edquida<\/a> ajustada\/EBITDA da Vale teria que permanecer abaixo de 2x e o EBIT\/despesas com juros acima de 5,5x de forma sustent\u00e1vel. <\/p>\n\n\n\n<p>J\u00e1 o rebaixamento da Vale poderia ocorrer caso os custos finais relacionados aos desastres em Brumadinho ou os desembolsos relacionados \u00e0 Samarco fossem significativamente superiores aos valores j\u00e1 provisionados ou se as opera\u00e7\u00f5es n\u00e3o se recuperarem completamente dentro do prazo esperado, afetando os custos em dinheiro e a gera\u00e7\u00e3o de <a class=\"suno-keyword\" target=\"_blank\" data-force=\"no\" data-priority=\"1\" href=\"https:\/\/www.suno.com.br\/artigos\/fluxo-caixa-livre\/\" rel=\"noopener\">fluxo de caixa livre<\/a>.<\/p>\n\n\n\n<p>Al\u00e9m disso, as classifica\u00e7\u00f5es ou perspectivas poderiam sofrer press\u00e3o negativa se as condi\u00e7\u00f5es para min\u00e9rio de ferro e metais b\u00e1sicos se deteriorassem, levando a uma menor lucratividade, assim como um  rebaixamento na classifica\u00e7\u00e3o soberana do Brasil (Governo do Brasil, Ba2 positivo) poderia pressionar as classifica\u00e7\u00f5es da <strong>Vale<\/strong>.<\/p>\n\n\n\n\t<div data-element=\"shortcode-read-more\" class=\"readToo\">\n\t\t\t\t<span class=\"readToo__title\">Leia mais<\/span>\n\t\t\t\t<ul class=\"readToo__list\">\n\t\t\t<li><a href=\"https:\/\/www.suno.com.br\/noticias\/petrobras-petr4-valor-dividendos-extraordinarios-atualizacao-gpj\/\">Petrobras (PETR4) atualiza valor de dividendos extraordin\u00e1rios; confira<\/a><\/li><li><a href=\"https:\/\/www.suno.com.br\/noticias\/metalurgica-gerdau-goau4-balanco-1t24-gpj\/\">Metal\u00fargica Gerdau (GOAU4) v\u00ea lucro cair 48,2% no 1T24<\/a><\/li>\t\t<\/ul>\n\t<\/div>\n\n\n\n\t<p>\n\t\t<a href=\"https:\/\/lp.suno.com.br\/plataforma-de-controle-de-investimentos\/\" target=\"_blank\" data-element=\"shortcode-suno-banner\" title=\"Banner SUNO, clique e saiba mais\">\n\t\t\t<picture>\n\t\t\t\t<source media=\"(max-width: 500px)\" srcset=\"https:\/\/files.sunoresearch.com.br\/n\/uploads\/2023\/03\/400x300-Controle-de-Investimentos.png\">\n\t\t\t\t<img class=\"newsContent__article__imgCapa newsContent__article__imgCapa--banner\"\n\t\t\t\t\tsrc=\"https:\/\/files.sunoresearch.com.br\/n\/uploads\/2023\/03\/1420x240-Controle-de-Investimentos.png\"\n\t\t\t\t\tdata-promo-id=\"383162\"\t\t\t\t\t\t\t\t\t\twidth='1420' height='240'\t\t\t\t\talt=\"https:\/\/files.sunoresearch.com.br\/n\/uploads\/2023\/03\/1420x240-Controle-de-Investimentos.png\"\n\t\t\t\t>\n\t\t\t<\/picture>\n\t\t<\/a>\n\t<\/p>\n\n\n","protected":false},"excerpt":{"rendered":"<p>A ag\u00eancia de avalia\u00e7\u00e3o de risco de cr\u00e9dito Moody&#8217;s atualizou sua avalia\u00e7\u00e3o sobre a Vale (VALE3), de perspectiva &#8220;est\u00e1vel&#8221; para &#8220;positiva&#8221;, refor\u00e7ando a posi\u00e7\u00e3o da empresa como &#8220;Baa3&#8221;. Vale (VALE3). Foto: iStock. A classifica\u00e7\u00e3o para as d\u00edvidas s\u00eanior da Vale, Vale Overseas Limited e Vale Canada tamb\u00e9m moveram para o espectro mais otimista da Moody&#8217;s. [&hellip;]<\/p>\n","protected":false},"author":283,"featured_media":531716,"comment_status":"closed","ping_status":"closed","sticky":false,"template":"","format":"standard","meta":[],"categories":[64],"tags":[105816,963,1630,676],"suno_strategy":[],"class_list":["post-550431","post","type-post","status-publish","format-standard","has-post-thumbnail","hentry","category-negocios","tag-especialistas","tag-moodys","tag-risco-pais","tag-vale-vale3"],"yoast_head":"<!-- This site is optimized with the Yoast SEO plugin v24.4 - https:\/\/yoast.com\/wordpress\/plugins\/seo\/ -->\n<title>Vale (VALE3): Moody&#039;s eleva perspectiva, mas cita risco Brasil<\/title>\n<meta name=\"description\" content=\"A ag\u00eancia de avalia\u00e7\u00e3o de risco Moody&#039;s atualizou sua avalia\u00e7\u00e3o sobre a Vale (VALE3), de perspectiva &quot;est\u00e1vel&quot; para &quot;positiva&quot;. Leia mais.\" \/>\n<meta name=\"robots\" content=\"index, follow, max-snippet:-1, max-image-preview:large, max-video-preview:-1\" \/>\n<link rel=\"canonical\" href=\"https:\/\/www.suno.com.br\/noticias\/vale-vale3-avaliacao-moodys-risco-brasil-cpf\/\" \/>\n<meta property=\"og:locale\" content=\"pt_BR\" \/>\n<meta property=\"og:type\" content=\"article\" \/>\n<meta property=\"og:title\" content=\"Vale (VALE3): Moody&#039;s eleva perspectiva, mas cita risco Brasil\" \/>\n<meta property=\"og:description\" content=\"A ag\u00eancia de avalia\u00e7\u00e3o de risco Moody&#039;s atualizou sua avalia\u00e7\u00e3o sobre a Vale (VALE3), de perspectiva &quot;est\u00e1vel&quot; para &quot;positiva&quot;. Leia mais.\" \/>\n<meta property=\"og:url\" content=\"https:\/\/www.suno.com.br\/noticias\/vale-vale3-avaliacao-moodys-risco-brasil-cpf\/\" \/>\n<meta property=\"og:site_name\" content=\"Suno Not\u00edcias\" \/>\n<meta property=\"article:publisher\" content=\"https:\/\/facebook.com\/sunoresearch\" \/>\n<meta property=\"og:image\" content=\"https:\/\/files.sunoresearch.com.br\/n\/uploads\/2024\/03\/iStock-858917706.jpg\" \/>\n\t<meta property=\"og:image:width\" content=\"1254\" \/>\n\t<meta property=\"og:image:height\" content=\"837\" \/>\n\t<meta property=\"og:image:type\" content=\"image\/jpeg\" \/>\n<meta name=\"author\" content=\"Camila Paim\" \/>\n<meta name=\"twitter:card\" content=\"summary_large_image\" \/>\n<meta name=\"twitter:creator\" content=\"@sunoresearch\" \/>\n<meta name=\"twitter:site\" content=\"@sunoresearch\" \/>\n<meta name=\"twitter:label1\" content=\"Escrito por\" \/>\n\t<meta name=\"twitter:data1\" content=\"Camila Paim\" \/>\n\t<meta name=\"twitter:label2\" content=\"Est. tempo de leitura\" \/>\n\t<meta name=\"twitter:data2\" content=\"4 minutos\" \/>\n<script type=\"application\/ld+json\" class=\"yoast-schema-graph\">{\"@context\":\"https:\/\/schema.org\",\"@graph\":[{\"@type\":\"NewsArticle\",\"@id\":\"https:\/\/www.suno.com.br\/noticias\/vale-vale3-avaliacao-moodys-risco-brasil-cpf\/#article\",\"isPartOf\":{\"@id\":\"https:\/\/www.suno.com.br\/noticias\/vale-vale3-avaliacao-moodys-risco-brasil-cpf\/\"},\"author\":{\"name\":\"Camila Paim\",\"@id\":\"https:\/\/www.suno.com.br\/noticias\/#\/schema\/person\/f341d3ae5d1cc685176c9a5327cdfdbb\"},\"headline\":\"Moody&#8217;s eleva perspectiva da Vale (VALE3), mas cita press\u00e3o do risco Brasil e d\u00edvidas com Brumadinho e Samarco\",\"datePublished\":\"2024-05-03T12:45:02+00:00\",\"dateModified\":\"2024-05-03T13:09:35+00:00\",\"mainEntityOfPage\":{\"@id\":\"https:\/\/www.suno.com.br\/noticias\/vale-vale3-avaliacao-moodys-risco-brasil-cpf\/\"},\"wordCount\":673,\"publisher\":{\"@id\":\"https:\/\/www.suno.com.br\/noticias\/#organization\"},\"image\":{\"@id\":\"https:\/\/www.suno.com.br\/noticias\/vale-vale3-avaliacao-moodys-risco-brasil-cpf\/#primaryimage\"},\"thumbnailUrl\":\"https:\/\/files.sunoresearch.com.br\/n\/uploads\/2024\/03\/iStock-858917706.jpg\",\"keywords\":[\"Especialistas\",\"Moody's\",\"risco Pa\u00eds\",\"Vale (VALE3)\"],\"articleSection\":[\"Neg\u00f3cios\"],\"inLanguage\":\"pt-BR\"},{\"@type\":\"WebPage\",\"@id\":\"https:\/\/www.suno.com.br\/noticias\/vale-vale3-avaliacao-moodys-risco-brasil-cpf\/\",\"url\":\"https:\/\/www.suno.com.br\/noticias\/vale-vale3-avaliacao-moodys-risco-brasil-cpf\/\",\"name\":\"Vale (VALE3): Moody's eleva perspectiva, mas cita risco Brasil\",\"isPartOf\":{\"@id\":\"https:\/\/www.suno.com.br\/noticias\/#website\"},\"primaryImageOfPage\":{\"@id\":\"https:\/\/www.suno.com.br\/noticias\/vale-vale3-avaliacao-moodys-risco-brasil-cpf\/#primaryimage\"},\"image\":{\"@id\":\"https:\/\/www.suno.com.br\/noticias\/vale-vale3-avaliacao-moodys-risco-brasil-cpf\/#primaryimage\"},\"thumbnailUrl\":\"https:\/\/files.sunoresearch.com.br\/n\/uploads\/2024\/03\/iStock-858917706.jpg\",\"datePublished\":\"2024-05-03T12:45:02+00:00\",\"dateModified\":\"2024-05-03T13:09:35+00:00\",\"description\":\"A ag\u00eancia de avalia\u00e7\u00e3o de risco Moody's atualizou sua avalia\u00e7\u00e3o sobre a Vale (VALE3), de perspectiva \\\"est\u00e1vel\\\" para \\\"positiva\\\". Leia mais.\",\"breadcrumb\":{\"@id\":\"https:\/\/www.suno.com.br\/noticias\/vale-vale3-avaliacao-moodys-risco-brasil-cpf\/#breadcrumb\"},\"inLanguage\":\"pt-BR\",\"potentialAction\":[{\"@type\":\"ReadAction\",\"target\":[\"https:\/\/www.suno.com.br\/noticias\/vale-vale3-avaliacao-moodys-risco-brasil-cpf\/\"]}]},{\"@type\":\"ImageObject\",\"inLanguage\":\"pt-BR\",\"@id\":\"https:\/\/www.suno.com.br\/noticias\/vale-vale3-avaliacao-moodys-risco-brasil-cpf\/#primaryimage\",\"url\":\"https:\/\/files.sunoresearch.com.br\/n\/uploads\/2024\/03\/iStock-858917706.jpg\",\"contentUrl\":\"https:\/\/files.sunoresearch.com.br\/n\/uploads\/2024\/03\/iStock-858917706.jpg\",\"width\":1254,\"height\":837,\"caption\":\"Vale (VALE3). Foto: iStock.\"},{\"@type\":\"BreadcrumbList\",\"@id\":\"https:\/\/www.suno.com.br\/noticias\/vale-vale3-avaliacao-moodys-risco-brasil-cpf\/#breadcrumb\",\"itemListElement\":[{\"@type\":\"ListItem\",\"position\":1,\"name\":\"Not\u00edcias\",\"item\":\"https:\/\/www.suno.com.br\/noticias\/\"},{\"@type\":\"ListItem\",\"position\":2,\"name\":\"Neg\u00f3cios\",\"item\":\"https:\/\/www.suno.com.br\/noticias\/negocios\/\"},{\"@type\":\"ListItem\",\"position\":3,\"name\":\"Moody&#8217;s eleva perspectiva da Vale (VALE3), mas cita press\u00e3o do risco Brasil e d\u00edvidas com Brumadinho e Samarco\"}]},{\"@type\":\"WebSite\",\"@id\":\"https:\/\/www.suno.com.br\/noticias\/#website\",\"url\":\"https:\/\/www.suno.com.br\/noticias\/\",\"name\":\"Suno Not\u00edcias\",\"description\":\"Seu portal de informa\u00e7\u00e3o sobre o mundo dos investimentos\",\"publisher\":{\"@id\":\"https:\/\/www.suno.com.br\/noticias\/#organization\"},\"potentialAction\":[{\"@type\":\"SearchAction\",\"target\":{\"@type\":\"EntryPoint\",\"urlTemplate\":\"https:\/\/www.suno.com.br\/noticias\/?s={search_term_string}\"},\"query-input\":{\"@type\":\"PropertyValueSpecification\",\"valueRequired\":true,\"valueName\":\"search_term_string\"}}],\"inLanguage\":\"pt-BR\"},{\"@type\":\"Organization\",\"@id\":\"https:\/\/www.suno.com.br\/noticias\/#organization\",\"name\":\"Suno Not\u00edcias\",\"url\":\"https:\/\/www.suno.com.br\/noticias\/\",\"logo\":{\"@type\":\"ImageObject\",\"inLanguage\":\"pt-BR\",\"@id\":\"https:\/\/www.suno.com.br\/noticias\/#\/schema\/logo\/image\/\",\"url\":\"https:\/\/files.sunoresearch.com.br\/n\/uploads\/2021\/09\/suno-logo.png\",\"contentUrl\":\"https:\/\/files.sunoresearch.com.br\/n\/uploads\/2021\/09\/suno-logo.png\",\"width\":180,\"height\":180,\"caption\":\"Suno Not\u00edcias\"},\"image\":{\"@id\":\"https:\/\/www.suno.com.br\/noticias\/#\/schema\/logo\/image\/\"},\"sameAs\":[\"https:\/\/facebook.com\/sunoresearch\",\"https:\/\/x.com\/sunoresearch\",\"https:\/\/www.instagram.com\/suno\",\"https:\/\/www.linkedin.com\/company\/suno-research\/\",\"https:\/\/www.youtube.com\/c\/sunoresearch\"]},{\"@type\":\"Person\",\"@id\":\"https:\/\/www.suno.com.br\/noticias\/#\/schema\/person\/f341d3ae5d1cc685176c9a5327cdfdbb\",\"name\":\"Camila Paim\",\"image\":{\"@type\":\"ImageObject\",\"inLanguage\":\"pt-BR\",\"@id\":\"https:\/\/www.suno.com.br\/noticias\/#\/schema\/person\/image\/\",\"url\":\"https:\/\/secure.gravatar.com\/avatar\/f33728e65febb1aa7ecf6792956f9b20?s=96&r=g\",\"contentUrl\":\"https:\/\/secure.gravatar.com\/avatar\/f33728e65febb1aa7ecf6792956f9b20?s=96&r=g\",\"caption\":\"Camila Paim\"},\"description\":\"Jornalista formada pela USP, tem experi\u00eancia em reda\u00e7\u00f5es, SEO, Branded Content e Webdesign. Com passagem pelo Jornal da USP, Empiricus e C6 Bank, hoje \u00e9 rep\u00f3rter no Suno Not\u00edcias cobrindo macroeconomia, finan\u00e7as pessoais e startups.\",\"url\":\"https:\/\/www.suno.com.br\/noticias\/author\/camila-figueiredosuno-com-br\/\"}]}<\/script>\n<!-- \/ Yoast SEO plugin. -->","yoast_head_json":{"title":"Vale (VALE3): Moody's eleva perspectiva, mas cita risco Brasil","description":"A ag\u00eancia de avalia\u00e7\u00e3o de risco Moody's atualizou sua avalia\u00e7\u00e3o sobre a Vale (VALE3), de perspectiva \"est\u00e1vel\" para \"positiva\". Leia mais.","robots":{"index":"index","follow":"follow","max-snippet":"max-snippet:-1","max-image-preview":"max-image-preview:large","max-video-preview":"max-video-preview:-1"},"canonical":"https:\/\/www.suno.com.br\/noticias\/vale-vale3-avaliacao-moodys-risco-brasil-cpf\/","og_locale":"pt_BR","og_type":"article","og_title":"Vale (VALE3): Moody's eleva perspectiva, mas cita risco Brasil","og_description":"A ag\u00eancia de avalia\u00e7\u00e3o de risco Moody's atualizou sua avalia\u00e7\u00e3o sobre a Vale (VALE3), de perspectiva \"est\u00e1vel\" para \"positiva\". Leia mais.","og_url":"https:\/\/www.suno.com.br\/noticias\/vale-vale3-avaliacao-moodys-risco-brasil-cpf\/","og_site_name":"Suno Not\u00edcias","article_publisher":"https:\/\/facebook.com\/sunoresearch","og_image":[{"width":1254,"height":837,"url":"https:\/\/files.sunoresearch.com.br\/n\/uploads\/2024\/03\/iStock-858917706.jpg","type":"image\/jpeg"}],"author":"Camila Paim","twitter_card":"summary_large_image","twitter_creator":"@sunoresearch","twitter_site":"@sunoresearch","twitter_misc":{"Escrito por":"Camila Paim","Est. tempo de leitura":"4 minutos"},"schema":{"@context":"https:\/\/schema.org","@graph":[{"@type":"NewsArticle","@id":"https:\/\/www.suno.com.br\/noticias\/vale-vale3-avaliacao-moodys-risco-brasil-cpf\/#article","isPartOf":{"@id":"https:\/\/www.suno.com.br\/noticias\/vale-vale3-avaliacao-moodys-risco-brasil-cpf\/"},"author":{"name":"Camila Paim","@id":"https:\/\/www.suno.com.br\/noticias\/#\/schema\/person\/f341d3ae5d1cc685176c9a5327cdfdbb"},"headline":"Moody&#8217;s eleva perspectiva da Vale (VALE3), mas cita press\u00e3o do risco Brasil e d\u00edvidas com Brumadinho e Samarco","datePublished":"2024-05-03T12:45:02+00:00","dateModified":"2024-05-03T13:09:35+00:00","mainEntityOfPage":{"@id":"https:\/\/www.suno.com.br\/noticias\/vale-vale3-avaliacao-moodys-risco-brasil-cpf\/"},"wordCount":673,"publisher":{"@id":"https:\/\/www.suno.com.br\/noticias\/#organization"},"image":{"@id":"https:\/\/www.suno.com.br\/noticias\/vale-vale3-avaliacao-moodys-risco-brasil-cpf\/#primaryimage"},"thumbnailUrl":"https:\/\/files.sunoresearch.com.br\/n\/uploads\/2024\/03\/iStock-858917706.jpg","keywords":["Especialistas","Moody's","risco Pa\u00eds","Vale (VALE3)"],"articleSection":["Neg\u00f3cios"],"inLanguage":"pt-BR"},{"@type":"WebPage","@id":"https:\/\/www.suno.com.br\/noticias\/vale-vale3-avaliacao-moodys-risco-brasil-cpf\/","url":"https:\/\/www.suno.com.br\/noticias\/vale-vale3-avaliacao-moodys-risco-brasil-cpf\/","name":"Vale (VALE3): Moody's eleva perspectiva, mas cita risco Brasil","isPartOf":{"@id":"https:\/\/www.suno.com.br\/noticias\/#website"},"primaryImageOfPage":{"@id":"https:\/\/www.suno.com.br\/noticias\/vale-vale3-avaliacao-moodys-risco-brasil-cpf\/#primaryimage"},"image":{"@id":"https:\/\/www.suno.com.br\/noticias\/vale-vale3-avaliacao-moodys-risco-brasil-cpf\/#primaryimage"},"thumbnailUrl":"https:\/\/files.sunoresearch.com.br\/n\/uploads\/2024\/03\/iStock-858917706.jpg","datePublished":"2024-05-03T12:45:02+00:00","dateModified":"2024-05-03T13:09:35+00:00","description":"A ag\u00eancia de avalia\u00e7\u00e3o de risco Moody's atualizou sua avalia\u00e7\u00e3o sobre a Vale (VALE3), de perspectiva \"est\u00e1vel\" para \"positiva\". Leia mais.","breadcrumb":{"@id":"https:\/\/www.suno.com.br\/noticias\/vale-vale3-avaliacao-moodys-risco-brasil-cpf\/#breadcrumb"},"inLanguage":"pt-BR","potentialAction":[{"@type":"ReadAction","target":["https:\/\/www.suno.com.br\/noticias\/vale-vale3-avaliacao-moodys-risco-brasil-cpf\/"]}]},{"@type":"ImageObject","inLanguage":"pt-BR","@id":"https:\/\/www.suno.com.br\/noticias\/vale-vale3-avaliacao-moodys-risco-brasil-cpf\/#primaryimage","url":"https:\/\/files.sunoresearch.com.br\/n\/uploads\/2024\/03\/iStock-858917706.jpg","contentUrl":"https:\/\/files.sunoresearch.com.br\/n\/uploads\/2024\/03\/iStock-858917706.jpg","width":1254,"height":837,"caption":"Vale (VALE3). Foto: iStock."},{"@type":"BreadcrumbList","@id":"https:\/\/www.suno.com.br\/noticias\/vale-vale3-avaliacao-moodys-risco-brasil-cpf\/#breadcrumb","itemListElement":[{"@type":"ListItem","position":1,"name":"Not\u00edcias","item":"https:\/\/www.suno.com.br\/noticias\/"},{"@type":"ListItem","position":2,"name":"Neg\u00f3cios","item":"https:\/\/www.suno.com.br\/noticias\/negocios\/"},{"@type":"ListItem","position":3,"name":"Moody&#8217;s eleva perspectiva da Vale (VALE3), mas cita press\u00e3o do risco Brasil e d\u00edvidas com Brumadinho e Samarco"}]},{"@type":"WebSite","@id":"https:\/\/www.suno.com.br\/noticias\/#website","url":"https:\/\/www.suno.com.br\/noticias\/","name":"Suno Not\u00edcias","description":"Seu portal de informa\u00e7\u00e3o sobre o mundo dos investimentos","publisher":{"@id":"https:\/\/www.suno.com.br\/noticias\/#organization"},"potentialAction":[{"@type":"SearchAction","target":{"@type":"EntryPoint","urlTemplate":"https:\/\/www.suno.com.br\/noticias\/?s={search_term_string}"},"query-input":{"@type":"PropertyValueSpecification","valueRequired":true,"valueName":"search_term_string"}}],"inLanguage":"pt-BR"},{"@type":"Organization","@id":"https:\/\/www.suno.com.br\/noticias\/#organization","name":"Suno Not\u00edcias","url":"https:\/\/www.suno.com.br\/noticias\/","logo":{"@type":"ImageObject","inLanguage":"pt-BR","@id":"https:\/\/www.suno.com.br\/noticias\/#\/schema\/logo\/image\/","url":"https:\/\/files.sunoresearch.com.br\/n\/uploads\/2021\/09\/suno-logo.png","contentUrl":"https:\/\/files.sunoresearch.com.br\/n\/uploads\/2021\/09\/suno-logo.png","width":180,"height":180,"caption":"Suno Not\u00edcias"},"image":{"@id":"https:\/\/www.suno.com.br\/noticias\/#\/schema\/logo\/image\/"},"sameAs":["https:\/\/facebook.com\/sunoresearch","https:\/\/x.com\/sunoresearch","https:\/\/www.instagram.com\/suno","https:\/\/www.linkedin.com\/company\/suno-research\/","https:\/\/www.youtube.com\/c\/sunoresearch"]},{"@type":"Person","@id":"https:\/\/www.suno.com.br\/noticias\/#\/schema\/person\/f341d3ae5d1cc685176c9a5327cdfdbb","name":"Camila Paim","image":{"@type":"ImageObject","inLanguage":"pt-BR","@id":"https:\/\/www.suno.com.br\/noticias\/#\/schema\/person\/image\/","url":"https:\/\/secure.gravatar.com\/avatar\/f33728e65febb1aa7ecf6792956f9b20?s=96&r=g","contentUrl":"https:\/\/secure.gravatar.com\/avatar\/f33728e65febb1aa7ecf6792956f9b20?s=96&r=g","caption":"Camila Paim"},"description":"Jornalista formada pela USP, tem experi\u00eancia em reda\u00e7\u00f5es, SEO, Branded Content e Webdesign. Com passagem pelo Jornal da USP, Empiricus e C6 Bank, hoje \u00e9 rep\u00f3rter no Suno Not\u00edcias cobrindo macroeconomia, finan\u00e7as pessoais e startups.","url":"https:\/\/www.suno.com.br\/noticias\/author\/camila-figueiredosuno-com-br\/"}]}},"default_loop_html":"<div class=\"cardsPage__listCard__boxs\"><div class=\"cardsPage__listCard__boxs__img\"><a href=\"https:\/\/www.suno.com.br\/noticias\/vale-vale3-avaliacao-moodys-risco-brasil-cpf\/\"><img class=\"mask\" src=\"https:\/\/www.suno.com.br\/noticias\/wp-content\/themes\/suno\/resources\/images\/spotlight\/spotlight1img\/bg-mask.png\" alt=\"Image Mask\"\/><img src=\"https:\/\/files.sunoresearch.com.br\/n\/uploads\/2024\/03\/iStock-858917706-400x200.jpg\" alt=\"Moody&#8217;s eleva perspectiva da Vale (VALE3), mas cita press\u00e3o do risco Brasil e d\u00edvidas com Brumadinho e Samarco\"\/><\/a><span class=\"spotlightCategory\"><a href=\"https:\/\/www.suno.com.br\/noticias\/negocios\/\">Neg\u00f3cios<\/a><\/span><\/div><div class=\"cardsPage__listCard__boxs__content\"><a href=\"https:\/\/www.suno.com.br\/noticias\/vale-vale3-avaliacao-moodys-risco-brasil-cpf\/\"><h2 class=\"content__title\">Moody&#8217;s eleva perspectiva da Vale (VALE3), mas cita press\u00e3o do risco Brasil e d\u00edvidas com Brumadinho e Samarco<\/h2><\/a><div class=\"newsContent__article__meta\"><div class=\"newsContent__article__meta__authorBox\"><a href=\"https:\/\/www.suno.com.br\/noticias\/author\/giovanni-porfiriosuno-com-br\/\" class=\"authorBox__avatar noMobi\"><img src=\"https:\/\/files.sunoresearch.com.br\/n\/uploads\/2024\/05\/DSCF4115-1-1-150x150.webp\" alt=\"Giovanni Porf\u00edrio Jacomino\"><\/a><div class=\"authorBox__name\"><span>por\n\t\t\t<a href=\"https:\/\/www.suno.com.br\/noticias\/author\/giovanni-porfiriosuno-com-br\/\"><span itemprop=\"author\">Giovanni Porf\u00edrio Jacomino<\/span><\/a><\/span><time datetime=\"2024-05-03T09:45:02-03:00\" itemprop=\"datePublished\">03\/05\/2024 09:45<\/time><\/div><\/div><\/div><\/div><\/div>","single_layout":"posts","amp_enabled":true,"_links":{"self":[{"href":"https:\/\/www.suno.com.br\/noticias\/wp-json\/wp\/v2\/posts\/550431"}],"collection":[{"href":"https:\/\/www.suno.com.br\/noticias\/wp-json\/wp\/v2\/posts"}],"about":[{"href":"https:\/\/www.suno.com.br\/noticias\/wp-json\/wp\/v2\/types\/post"}],"author":[{"embeddable":true,"href":"https:\/\/www.suno.com.br\/noticias\/wp-json\/wp\/v2\/users\/283"}],"replies":[{"embeddable":true,"href":"https:\/\/www.suno.com.br\/noticias\/wp-json\/wp\/v2\/comments?post=550431"}],"version-history":[{"count":2,"href":"https:\/\/www.suno.com.br\/noticias\/wp-json\/wp\/v2\/posts\/550431\/revisions"}],"predecessor-version":[{"id":550470,"href":"https:\/\/www.suno.com.br\/noticias\/wp-json\/wp\/v2\/posts\/550431\/revisions\/550470"}],"wp:featuredmedia":[{"embeddable":true,"href":"https:\/\/www.suno.com.br\/noticias\/wp-json\/wp\/v2\/media\/531716"}],"wp:attachment":[{"href":"https:\/\/www.suno.com.br\/noticias\/wp-json\/wp\/v2\/media?parent=550431"}],"wp:term":[{"taxonomy":"category","embeddable":true,"href":"https:\/\/www.suno.com.br\/noticias\/wp-json\/wp\/v2\/categories?post=550431"},{"taxonomy":"post_tag","embeddable":true,"href":"https:\/\/www.suno.com.br\/noticias\/wp-json\/wp\/v2\/tags?post=550431"},{"taxonomy":"suno_strategy","embeddable":true,"href":"https:\/\/www.suno.com.br\/noticias\/wp-json\/wp\/v2\/suno_strategy?post=550431"}],"curies":[{"name":"wp","href":"https:\/\/api.w.org\/{rel}","templated":true}]}}