{"id":5502,"date":"2018-10-19T16:47:26","date_gmt":"2018-10-19T19:47:26","guid":{"rendered":"https:\/\/www.suno.com.br\/noticias\/?p=5502"},"modified":"2021-02-18T15:25:22","modified_gmt":"2021-02-18T18:25:22","slug":"energia-sao-paulo-compra-cesp","status":"publish","type":"post","link":"https:\/\/www.suno.com.br\/noticias\/energia-sao-paulo-compra-cesp\/","title":{"rendered":"Cons\u00f3rcio Energia S\u00e3o Paulo compra fatia pertencente ao governo de SP da Cesp"},"content":{"rendered":"<p>A Companhia Energ\u00e9tica de S\u00e3o Paulo (Cesp) teve seu controle acion\u00e1rio adquirido pelo cons\u00f3rcio S\u00e3o Paulo Energia, que \u00e9 formado pela Votorantim Energia e pelo fundo de pens\u00e3o canadense CPPIB. O grupo arrematou a empresa de energia por uma oferta \u00fanica de R$ 14,60 por a\u00e7\u00e3o, informou a B3, que foi a respons\u00e1vel pela privatiza\u00e7\u00e3o.<\/p>\t<div class=\"wrapper-featured-image\">\n\t\t<figure class=\"spotlightImg\">\n\n\t\t\t<picture>\n\t\t\t\t<source media=\"(max-width: 768px)\" srcset=\"https:\/\/files.sunoresearch.com.br\/n\/uploads\/2018\/10\/71caf93c-cesp-youtube-400x200.webp\">\n\t\t\t\t<img loading=\"lazy\" decoding=\"async\" class=\"newsContent__article__imgCapa lazyloadDisabled newsContent__article__imgCapa--noCaption\" src=\"https:\/\/files.sunoresearch.com.br\/n\/uploads\/2018\/10\/71caf93c-cesp-youtube-jpg.webp\" width=\"800\" height=\"450\" alt=\"Cons\u00f3rcio Energia S\u00e3o Paulo compra fatia pertencente ao governo de SP da Cesp\" fetchpriority=high \/>\n\t\t\t<\/picture>\n\n\t\t\t<figcaption class=\"wp-caption-text wp-caption-text--hide\"><\/figcaption>\n\t\t<\/figure>\n\t<\/div>\n\n\n<p>A empresa pagou cerca de R$ 1,7 bilh\u00e3o pela fatia que o governo era detentora. Com isso, as a\u00e7\u00f5es da Cesp valorizaram na B3, com os investidores aliviados com a compra.<\/p>\n<p>Por volta das 15h15, as a\u00e7\u00f5es da empresa subiam cerca de 15% para R$ 17,49, enquanto o giro financeiro era de R$ 280 milh\u00f5es.<\/p>\n<p>Hoje cedo, a Procuradoria Geral do Estado de S\u00e3o Paulo, anulou a decis\u00e3o judicial que pretendia suspender a renova\u00e7\u00e3o contratual da hidrel\u00e9trica de porto Primavera.<\/p>\n<p>A Justi\u00e7a Federal de Presidente Prudente (SP) ordenou que o processo de renova\u00e7\u00e3o ficasse suspenso at\u00e9 uma audi\u00eancia p\u00fablica acontecer no munic\u00edpio de Rosana, sede da usina, e que \u00e9 muito prejudicado pela hidrel\u00e9trica.<\/p>\n<p>A decis\u00e3o judicial n\u00e3o tinha o poder de desqualificar a privatiza\u00e7\u00e3o, entretanto poderia diminuir o valor de venda, j\u00e1 que a usina de Porto Primavera \u00e9 a principal geradora de energia para a Cesp, cerca de 1,65 gigawatts<\/p>\n","protected":false},"excerpt":{"rendered":"<p>A Companhia Energ\u00e9tica de S\u00e3o Paulo (Cesp) teve seu controle acion\u00e1rio adquirido pelo cons\u00f3rcio S\u00e3o Paulo Energia, que \u00e9 formado pela Votorantim Energia e pelo fundo de pens\u00e3o canadense CPPIB. O grupo arrematou a empresa de energia por uma oferta \u00fanica de R$ 14,60 por a\u00e7\u00e3o, informou a B3, que foi a respons\u00e1vel pela privatiza\u00e7\u00e3o. [&hellip;]<\/p>\n","protected":false},"author":6,"featured_media":5503,"comment_status":"closed","ping_status":"closed","sticky":false,"template":"","format":"standard","meta":[],"categories":[64],"tags":[421,62812],"suno_strategy":[],"class_list":["post-5502","post","type-post","status-publish","format-standard","has-post-thumbnail","hentry","category-negocios","tag-cesp-cesp3-cesp5-cesp6","tag-fusoes-e-aquisicoes"],"yoast_head":"<!-- This site is optimized with the Yoast SEO plugin v24.4 - https:\/\/yoast.com\/wordpress\/plugins\/seo\/ -->\n<title>Cons\u00f3rcio Energia S\u00e3o Paulo compra fatia pertencente ao governo de SP da Cesp<\/title>\n<meta name=\"robots\" content=\"index, follow, max-snippet:-1, max-image-preview:large, max-video-preview:-1\" \/>\n<link rel=\"canonical\" href=\"https:\/\/www.suno.com.br\/noticias\/energia-sao-paulo-compra-cesp\/\" \/>\n<meta property=\"og:locale\" content=\"pt_BR\" \/>\n<meta property=\"og:type\" content=\"article\" \/>\n<meta property=\"og:title\" content=\"Cons\u00f3rcio Energia S\u00e3o Paulo compra fatia pertencente ao governo de SP da Cesp\" \/>\n<meta property=\"og:description\" content=\"A Companhia Energ\u00e9tica de S\u00e3o Paulo (Cesp) teve seu controle acion\u00e1rio adquirido pelo cons\u00f3rcio S\u00e3o Paulo Energia, que \u00e9 formado pela Votorantim Energia e pelo fundo de pens\u00e3o canadense CPPIB. O grupo arrematou a empresa de energia por uma oferta \u00fanica de R$ 14,60 por a\u00e7\u00e3o, informou a B3, que foi a respons\u00e1vel pela privatiza\u00e7\u00e3o. [&hellip;]\" \/>\n<meta property=\"og:url\" content=\"https:\/\/www.suno.com.br\/noticias\/energia-sao-paulo-compra-cesp\/\" \/>\n<meta property=\"og:site_name\" content=\"Suno Not\u00edcias\" \/>\n<meta property=\"article:publisher\" content=\"https:\/\/facebook.com\/sunoresearch\" \/>\n<meta property=\"article:author\" content=\"https:\/\/www.linkedin.com\/in\/paulo-jaschke-328221168\/\" \/>\n<meta property=\"og:image\" content=\"https:\/\/files.sunoresearch.com.br\/n\/uploads\/2018\/10\/71caf93c-cesp-youtube.jpg\" \/>\n\t<meta property=\"og:image:width\" content=\"620\" \/>\n\t<meta property=\"og:image:height\" content=\"430\" \/>\n\t<meta property=\"og:image:type\" content=\"image\/jpeg\" \/>\n<meta name=\"author\" content=\"Paulo Jaschke\" \/>\n<meta name=\"twitter:card\" content=\"summary_large_image\" \/>\n<meta name=\"twitter:creator\" content=\"@sunoresearch\" \/>\n<meta name=\"twitter:site\" content=\"@sunoresearch\" \/>\n<meta name=\"twitter:label1\" content=\"Escrito por\" \/>\n\t<meta name=\"twitter:data1\" content=\"Paulo Jaschke\" \/>\n\t<meta name=\"twitter:label2\" content=\"Est. tempo de leitura\" \/>\n\t<meta name=\"twitter:data2\" content=\"1 minuto\" \/>\n<script type=\"application\/ld+json\" class=\"yoast-schema-graph\">{\"@context\":\"https:\/\/schema.org\",\"@graph\":[{\"@type\":\"NewsArticle\",\"@id\":\"https:\/\/www.suno.com.br\/noticias\/energia-sao-paulo-compra-cesp\/#article\",\"isPartOf\":{\"@id\":\"https:\/\/www.suno.com.br\/noticias\/energia-sao-paulo-compra-cesp\/\"},\"author\":{\"name\":\"Paulo Jaschke\",\"@id\":\"https:\/\/www.suno.com.br\/noticias\/#\/schema\/person\/edc78e26bff487bcad4a7d5e75ca2938\"},\"headline\":\"Cons\u00f3rcio Energia S\u00e3o Paulo compra fatia pertencente ao governo de SP da Cesp\",\"datePublished\":\"2018-10-19T19:47:26+00:00\",\"dateModified\":\"2021-02-18T18:25:22+00:00\",\"mainEntityOfPage\":{\"@id\":\"https:\/\/www.suno.com.br\/noticias\/energia-sao-paulo-compra-cesp\/\"},\"wordCount\":239,\"publisher\":{\"@id\":\"https:\/\/www.suno.com.br\/noticias\/#organization\"},\"image\":{\"@id\":\"https:\/\/www.suno.com.br\/noticias\/energia-sao-paulo-compra-cesp\/#primaryimage\"},\"thumbnailUrl\":\"https:\/\/files.sunoresearch.com.br\/n\/uploads\/2018\/10\/71caf93c-cesp-youtube-jpg.webp\",\"keywords\":[\"Cesp (CESP3\/CESP5\/CESP6)\",\"fus\u00f5es e aquisi\u00e7\u00f5es\"],\"articleSection\":[\"Neg\u00f3cios\"],\"inLanguage\":\"pt-BR\"},{\"@type\":\"WebPage\",\"@id\":\"https:\/\/www.suno.com.br\/noticias\/energia-sao-paulo-compra-cesp\/\",\"url\":\"https:\/\/www.suno.com.br\/noticias\/energia-sao-paulo-compra-cesp\/\",\"name\":\"Cons\u00f3rcio Energia S\u00e3o Paulo compra fatia pertencente ao governo de SP da Cesp\",\"isPartOf\":{\"@id\":\"https:\/\/www.suno.com.br\/noticias\/#website\"},\"primaryImageOfPage\":{\"@id\":\"https:\/\/www.suno.com.br\/noticias\/energia-sao-paulo-compra-cesp\/#primaryimage\"},\"image\":{\"@id\":\"https:\/\/www.suno.com.br\/noticias\/energia-sao-paulo-compra-cesp\/#primaryimage\"},\"thumbnailUrl\":\"https:\/\/files.sunoresearch.com.br\/n\/uploads\/2018\/10\/71caf93c-cesp-youtube-jpg.webp\",\"datePublished\":\"2018-10-19T19:47:26+00:00\",\"dateModified\":\"2021-02-18T18:25:22+00:00\",\"breadcrumb\":{\"@id\":\"https:\/\/www.suno.com.br\/noticias\/energia-sao-paulo-compra-cesp\/#breadcrumb\"},\"inLanguage\":\"pt-BR\",\"potentialAction\":[{\"@type\":\"ReadAction\",\"target\":[\"https:\/\/www.suno.com.br\/noticias\/energia-sao-paulo-compra-cesp\/\"]}]},{\"@type\":\"ImageObject\",\"inLanguage\":\"pt-BR\",\"@id\":\"https:\/\/www.suno.com.br\/noticias\/energia-sao-paulo-compra-cesp\/#primaryimage\",\"url\":\"https:\/\/files.sunoresearch.com.br\/n\/uploads\/2018\/10\/71caf93c-cesp-youtube-jpg.webp\",\"contentUrl\":\"https:\/\/files.sunoresearch.com.br\/n\/uploads\/2018\/10\/71caf93c-cesp-youtube-jpg.webp\",\"width\":620,\"height\":430},{\"@type\":\"BreadcrumbList\",\"@id\":\"https:\/\/www.suno.com.br\/noticias\/energia-sao-paulo-compra-cesp\/#breadcrumb\",\"itemListElement\":[{\"@type\":\"ListItem\",\"position\":1,\"name\":\"Not\u00edcias\",\"item\":\"https:\/\/www.suno.com.br\/noticias\/\"},{\"@type\":\"ListItem\",\"position\":2,\"name\":\"Neg\u00f3cios\",\"item\":\"https:\/\/www.suno.com.br\/noticias\/negocios\/\"},{\"@type\":\"ListItem\",\"position\":3,\"name\":\"Cons\u00f3rcio Energia S\u00e3o Paulo compra fatia pertencente ao governo de SP da Cesp\"}]},{\"@type\":\"WebSite\",\"@id\":\"https:\/\/www.suno.com.br\/noticias\/#website\",\"url\":\"https:\/\/www.suno.com.br\/noticias\/\",\"name\":\"Suno Not\u00edcias\",\"description\":\"Seu portal de informa\u00e7\u00e3o sobre o mundo dos investimentos\",\"publisher\":{\"@id\":\"https:\/\/www.suno.com.br\/noticias\/#organization\"},\"potentialAction\":[{\"@type\":\"SearchAction\",\"target\":{\"@type\":\"EntryPoint\",\"urlTemplate\":\"https:\/\/www.suno.com.br\/noticias\/?s={search_term_string}\"},\"query-input\":{\"@type\":\"PropertyValueSpecification\",\"valueRequired\":true,\"valueName\":\"search_term_string\"}}],\"inLanguage\":\"pt-BR\"},{\"@type\":\"Organization\",\"@id\":\"https:\/\/www.suno.com.br\/noticias\/#organization\",\"name\":\"Suno Not\u00edcias\",\"url\":\"https:\/\/www.suno.com.br\/noticias\/\",\"logo\":{\"@type\":\"ImageObject\",\"inLanguage\":\"pt-BR\",\"@id\":\"https:\/\/www.suno.com.br\/noticias\/#\/schema\/logo\/image\/\",\"url\":\"https:\/\/files.sunoresearch.com.br\/n\/uploads\/2021\/09\/suno-logo.png\",\"contentUrl\":\"https:\/\/files.sunoresearch.com.br\/n\/uploads\/2021\/09\/suno-logo.png\",\"width\":180,\"height\":180,\"caption\":\"Suno Not\u00edcias\"},\"image\":{\"@id\":\"https:\/\/www.suno.com.br\/noticias\/#\/schema\/logo\/image\/\"},\"sameAs\":[\"https:\/\/facebook.com\/sunoresearch\",\"https:\/\/x.com\/sunoresearch\",\"https:\/\/www.instagram.com\/suno\",\"https:\/\/www.linkedin.com\/company\/suno-research\/\",\"https:\/\/www.youtube.com\/c\/sunoresearch\"]},{\"@type\":\"Person\",\"@id\":\"https:\/\/www.suno.com.br\/noticias\/#\/schema\/person\/edc78e26bff487bcad4a7d5e75ca2938\",\"name\":\"Paulo Jaschke\",\"image\":{\"@type\":\"ImageObject\",\"inLanguage\":\"pt-BR\",\"@id\":\"https:\/\/www.suno.com.br\/noticias\/#\/schema\/person\/image\/\",\"url\":\"https:\/\/secure.gravatar.com\/avatar\/d866ede420b0a0e4741620ba27841b8f?s=96&r=g\",\"contentUrl\":\"https:\/\/secure.gravatar.com\/avatar\/d866ede420b0a0e4741620ba27841b8f?s=96&r=g\",\"caption\":\"Paulo Jaschke\"},\"description\":\"Paulo Jaschke \u00e9 estudante de jornalismo na ESPM-SP. Escreve sobre o mercado financeiro, economia e pol\u00edtica internacional para o portal da Suno Research. Tamb\u00e9m escreve sobre economia internacional na ag\u00eancia CMA e \u00e9 rep\u00f3rter esportivo pela Web r\u00e1dio EsportesNet. Em 2018, foi rep\u00f3rter esportivo pela R\u00e1dio ESPM na Copa do Mundo 2018 e escreveu para a Revista Plural ESPM.\",\"sameAs\":[\"https:\/\/www.suno.com.br\/\",\"https:\/\/www.linkedin.com\/in\/paulo-jaschke-328221168\/\"],\"url\":\"https:\/\/www.suno.com.br\/noticias\/author\/paulo-jaschke\/\"}]}<\/script>\n<!-- \/ Yoast SEO plugin. -->","yoast_head_json":{"title":"Cons\u00f3rcio Energia S\u00e3o Paulo compra fatia pertencente ao governo de SP da Cesp","robots":{"index":"index","follow":"follow","max-snippet":"max-snippet:-1","max-image-preview":"max-image-preview:large","max-video-preview":"max-video-preview:-1"},"canonical":"https:\/\/www.suno.com.br\/noticias\/energia-sao-paulo-compra-cesp\/","og_locale":"pt_BR","og_type":"article","og_title":"Cons\u00f3rcio Energia S\u00e3o Paulo compra fatia pertencente ao governo de SP da Cesp","og_description":"A Companhia Energ\u00e9tica de S\u00e3o Paulo (Cesp) teve seu controle acion\u00e1rio adquirido pelo cons\u00f3rcio S\u00e3o Paulo Energia, que \u00e9 formado pela Votorantim Energia e pelo fundo de pens\u00e3o canadense CPPIB. O grupo arrematou a empresa de energia por uma oferta \u00fanica de R$ 14,60 por a\u00e7\u00e3o, informou a B3, que foi a respons\u00e1vel pela privatiza\u00e7\u00e3o. [&hellip;]","og_url":"https:\/\/www.suno.com.br\/noticias\/energia-sao-paulo-compra-cesp\/","og_site_name":"Suno Not\u00edcias","article_publisher":"https:\/\/facebook.com\/sunoresearch","article_author":"https:\/\/www.linkedin.com\/in\/paulo-jaschke-328221168\/","og_image":[{"width":620,"height":430,"url":"https:\/\/files.sunoresearch.com.br\/n\/uploads\/2018\/10\/71caf93c-cesp-youtube.jpg","type":"image\/jpeg"}],"author":"Paulo Jaschke","twitter_card":"summary_large_image","twitter_creator":"@sunoresearch","twitter_site":"@sunoresearch","twitter_misc":{"Escrito por":"Paulo Jaschke","Est. tempo de leitura":"1 minuto"},"schema":{"@context":"https:\/\/schema.org","@graph":[{"@type":"NewsArticle","@id":"https:\/\/www.suno.com.br\/noticias\/energia-sao-paulo-compra-cesp\/#article","isPartOf":{"@id":"https:\/\/www.suno.com.br\/noticias\/energia-sao-paulo-compra-cesp\/"},"author":{"name":"Paulo Jaschke","@id":"https:\/\/www.suno.com.br\/noticias\/#\/schema\/person\/edc78e26bff487bcad4a7d5e75ca2938"},"headline":"Cons\u00f3rcio Energia S\u00e3o Paulo compra fatia pertencente ao governo de SP da Cesp","datePublished":"2018-10-19T19:47:26+00:00","dateModified":"2021-02-18T18:25:22+00:00","mainEntityOfPage":{"@id":"https:\/\/www.suno.com.br\/noticias\/energia-sao-paulo-compra-cesp\/"},"wordCount":239,"publisher":{"@id":"https:\/\/www.suno.com.br\/noticias\/#organization"},"image":{"@id":"https:\/\/www.suno.com.br\/noticias\/energia-sao-paulo-compra-cesp\/#primaryimage"},"thumbnailUrl":"https:\/\/files.sunoresearch.com.br\/n\/uploads\/2018\/10\/71caf93c-cesp-youtube-jpg.webp","keywords":["Cesp (CESP3\/CESP5\/CESP6)","fus\u00f5es e aquisi\u00e7\u00f5es"],"articleSection":["Neg\u00f3cios"],"inLanguage":"pt-BR"},{"@type":"WebPage","@id":"https:\/\/www.suno.com.br\/noticias\/energia-sao-paulo-compra-cesp\/","url":"https:\/\/www.suno.com.br\/noticias\/energia-sao-paulo-compra-cesp\/","name":"Cons\u00f3rcio Energia S\u00e3o Paulo compra fatia pertencente ao governo de SP da Cesp","isPartOf":{"@id":"https:\/\/www.suno.com.br\/noticias\/#website"},"primaryImageOfPage":{"@id":"https:\/\/www.suno.com.br\/noticias\/energia-sao-paulo-compra-cesp\/#primaryimage"},"image":{"@id":"https:\/\/www.suno.com.br\/noticias\/energia-sao-paulo-compra-cesp\/#primaryimage"},"thumbnailUrl":"https:\/\/files.sunoresearch.com.br\/n\/uploads\/2018\/10\/71caf93c-cesp-youtube-jpg.webp","datePublished":"2018-10-19T19:47:26+00:00","dateModified":"2021-02-18T18:25:22+00:00","breadcrumb":{"@id":"https:\/\/www.suno.com.br\/noticias\/energia-sao-paulo-compra-cesp\/#breadcrumb"},"inLanguage":"pt-BR","potentialAction":[{"@type":"ReadAction","target":["https:\/\/www.suno.com.br\/noticias\/energia-sao-paulo-compra-cesp\/"]}]},{"@type":"ImageObject","inLanguage":"pt-BR","@id":"https:\/\/www.suno.com.br\/noticias\/energia-sao-paulo-compra-cesp\/#primaryimage","url":"https:\/\/files.sunoresearch.com.br\/n\/uploads\/2018\/10\/71caf93c-cesp-youtube-jpg.webp","contentUrl":"https:\/\/files.sunoresearch.com.br\/n\/uploads\/2018\/10\/71caf93c-cesp-youtube-jpg.webp","width":620,"height":430},{"@type":"BreadcrumbList","@id":"https:\/\/www.suno.com.br\/noticias\/energia-sao-paulo-compra-cesp\/#breadcrumb","itemListElement":[{"@type":"ListItem","position":1,"name":"Not\u00edcias","item":"https:\/\/www.suno.com.br\/noticias\/"},{"@type":"ListItem","position":2,"name":"Neg\u00f3cios","item":"https:\/\/www.suno.com.br\/noticias\/negocios\/"},{"@type":"ListItem","position":3,"name":"Cons\u00f3rcio Energia S\u00e3o Paulo compra fatia pertencente ao governo de SP da Cesp"}]},{"@type":"WebSite","@id":"https:\/\/www.suno.com.br\/noticias\/#website","url":"https:\/\/www.suno.com.br\/noticias\/","name":"Suno Not\u00edcias","description":"Seu portal de informa\u00e7\u00e3o sobre o mundo dos investimentos","publisher":{"@id":"https:\/\/www.suno.com.br\/noticias\/#organization"},"potentialAction":[{"@type":"SearchAction","target":{"@type":"EntryPoint","urlTemplate":"https:\/\/www.suno.com.br\/noticias\/?s={search_term_string}"},"query-input":{"@type":"PropertyValueSpecification","valueRequired":true,"valueName":"search_term_string"}}],"inLanguage":"pt-BR"},{"@type":"Organization","@id":"https:\/\/www.suno.com.br\/noticias\/#organization","name":"Suno Not\u00edcias","url":"https:\/\/www.suno.com.br\/noticias\/","logo":{"@type":"ImageObject","inLanguage":"pt-BR","@id":"https:\/\/www.suno.com.br\/noticias\/#\/schema\/logo\/image\/","url":"https:\/\/files.sunoresearch.com.br\/n\/uploads\/2021\/09\/suno-logo.png","contentUrl":"https:\/\/files.sunoresearch.com.br\/n\/uploads\/2021\/09\/suno-logo.png","width":180,"height":180,"caption":"Suno Not\u00edcias"},"image":{"@id":"https:\/\/www.suno.com.br\/noticias\/#\/schema\/logo\/image\/"},"sameAs":["https:\/\/facebook.com\/sunoresearch","https:\/\/x.com\/sunoresearch","https:\/\/www.instagram.com\/suno","https:\/\/www.linkedin.com\/company\/suno-research\/","https:\/\/www.youtube.com\/c\/sunoresearch"]},{"@type":"Person","@id":"https:\/\/www.suno.com.br\/noticias\/#\/schema\/person\/edc78e26bff487bcad4a7d5e75ca2938","name":"Paulo Jaschke","image":{"@type":"ImageObject","inLanguage":"pt-BR","@id":"https:\/\/www.suno.com.br\/noticias\/#\/schema\/person\/image\/","url":"https:\/\/secure.gravatar.com\/avatar\/d866ede420b0a0e4741620ba27841b8f?s=96&r=g","contentUrl":"https:\/\/secure.gravatar.com\/avatar\/d866ede420b0a0e4741620ba27841b8f?s=96&r=g","caption":"Paulo Jaschke"},"description":"Paulo Jaschke \u00e9 estudante de jornalismo na ESPM-SP. Escreve sobre o mercado financeiro, economia e pol\u00edtica internacional para o portal da Suno Research. Tamb\u00e9m escreve sobre economia internacional na ag\u00eancia CMA e \u00e9 rep\u00f3rter esportivo pela Web r\u00e1dio EsportesNet. Em 2018, foi rep\u00f3rter esportivo pela R\u00e1dio ESPM na Copa do Mundo 2018 e escreveu para a Revista Plural ESPM.","sameAs":["https:\/\/www.suno.com.br\/","https:\/\/www.linkedin.com\/in\/paulo-jaschke-328221168\/"],"url":"https:\/\/www.suno.com.br\/noticias\/author\/paulo-jaschke\/"}]}},"default_loop_html":"<div class=\"cardsPage__listCard__boxs\"><div class=\"cardsPage__listCard__boxs__img\"><a href=\"https:\/\/www.suno.com.br\/noticias\/energia-sao-paulo-compra-cesp\/\"><img class=\"mask\" src=\"https:\/\/www.suno.com.br\/noticias\/wp-content\/themes\/suno\/resources\/images\/spotlight\/spotlight1img\/bg-mask.png\" alt=\"Image Mask\"\/><img src=\"https:\/\/files.sunoresearch.com.br\/n\/uploads\/2018\/10\/71caf93c-cesp-youtube-400x200.webp\" alt=\"Cons\u00f3rcio Energia S\u00e3o Paulo compra fatia pertencente ao governo de SP da Cesp\"\/><\/a><span class=\"spotlightCategory\"><a href=\"https:\/\/www.suno.com.br\/noticias\/negocios\/\">Neg\u00f3cios<\/a><\/span><\/div><div class=\"cardsPage__listCard__boxs__content\"><a href=\"https:\/\/www.suno.com.br\/noticias\/energia-sao-paulo-compra-cesp\/\"><h2 class=\"content__title\">Cons\u00f3rcio Energia S\u00e3o Paulo compra fatia pertencente ao governo de SP da Cesp<\/h2><\/a><div class=\"newsContent__article__meta\"><div class=\"newsContent__article__meta__authorBox\"><a href=\"https:\/\/www.suno.com.br\/noticias\/author\/paulo-jaschke\/\" class=\"authorBox__avatar noMobi\"><img src=\"https:\/\/secure.gravatar.com\/avatar\/d866ede420b0a0e4741620ba27841b8f?s=96&#038;r=g\" alt=\"Paulo Jaschke\"><\/a><div class=\"authorBox__name\"><span>por\n\t\t\t<a href=\"https:\/\/www.suno.com.br\/noticias\/author\/paulo-jaschke\/\"><span itemprop=\"author\">Paulo Jaschke<\/span><\/a><\/span><time datetime=\"2018-10-19T16:47:26-03:00\" itemprop=\"datePublished\">19\/10\/2018 16:47<\/time><\/div><\/div><\/div><\/div><\/div>","single_layout":"posts","amp_enabled":true,"_links":{"self":[{"href":"https:\/\/www.suno.com.br\/noticias\/wp-json\/wp\/v2\/posts\/5502"}],"collection":[{"href":"https:\/\/www.suno.com.br\/noticias\/wp-json\/wp\/v2\/posts"}],"about":[{"href":"https:\/\/www.suno.com.br\/noticias\/wp-json\/wp\/v2\/types\/post"}],"author":[{"embeddable":true,"href":"https:\/\/www.suno.com.br\/noticias\/wp-json\/wp\/v2\/users\/6"}],"replies":[{"embeddable":true,"href":"https:\/\/www.suno.com.br\/noticias\/wp-json\/wp\/v2\/comments?post=5502"}],"version-history":[{"count":0,"href":"https:\/\/www.suno.com.br\/noticias\/wp-json\/wp\/v2\/posts\/5502\/revisions"}],"wp:featuredmedia":[{"embeddable":true,"href":"https:\/\/www.suno.com.br\/noticias\/wp-json\/wp\/v2\/media\/5503"}],"wp:attachment":[{"href":"https:\/\/www.suno.com.br\/noticias\/wp-json\/wp\/v2\/media?parent=5502"}],"wp:term":[{"taxonomy":"category","embeddable":true,"href":"https:\/\/www.suno.com.br\/noticias\/wp-json\/wp\/v2\/categories?post=5502"},{"taxonomy":"post_tag","embeddable":true,"href":"https:\/\/www.suno.com.br\/noticias\/wp-json\/wp\/v2\/tags?post=5502"},{"taxonomy":"suno_strategy","embeddable":true,"href":"https:\/\/www.suno.com.br\/noticias\/wp-json\/wp\/v2\/suno_strategy?post=5502"}],"curies":[{"name":"wp","href":"https:\/\/api.w.org\/{rel}","templated":true}]}}