{"id":549976,"date":"2024-05-02T09:41:01","date_gmt":"2024-05-02T12:41:01","guid":{"rendered":"https:\/\/www.suno.com.br\/noticias\/?p=549976"},"modified":"2024-05-02T09:41:05","modified_gmt":"2024-05-02T12:41:05","slug":"fundos-imobiliarios-maiores-quedas-abril-2024-jvj","status":"publish","type":"post","link":"https:\/\/www.suno.com.br\/noticias\/fundos-imobiliarios-maiores-quedas-abril-2024-jvj\/","title":{"rendered":"CNES11 recua 39%; veja os fundos imobili\u00e1rios que mais ca\u00edram em abril"},"content":{"rendered":"<p>O IFIX, principal \u00edndice de <strong>fundos imobili\u00e1rios <\/strong>da B3, terminou o m\u00eas de abril em queda de 0,779%, aos 3.381,79 pontos, interrompendo uma sequ\u00eancia de cinco meses seguidos de valoriza\u00e7\u00e3o.<\/p>\t<div class=\"wrapper-featured-image\">\n\t\t<figure class=\"spotlightImg\">\n\n\t\t\t<picture>\n\t\t\t\t<source media=\"(max-width: 768px)\" srcset=\"https:\/\/files.sunoresearch.com.br\/n\/uploads\/2024\/03\/20241082_6257814-400x200.jpg\">\n\t\t\t\t<img loading=\"lazy\" decoding=\"async\" class=\"newsContent__article__imgCapa lazyloadDisabled \" src=\"https:\/\/files.sunoresearch.com.br\/n\/uploads\/2024\/03\/20241082_6257814-800x450.jpg\" width=\"800\" height=\"450\" alt=\"CNES11 recua 39%; veja os fundos imobili\u00e1rios que mais ca\u00edram em abril\" fetchpriority=high \/>\n\t\t\t<\/picture>\n\n\t\t\t<figcaption class=\"wp-caption-text wp-caption-text--show\">Dividendos. Foto: Freepik.<\/figcaption>\n\t\t<\/figure>\n\t<\/div>\n\n\n\n\n\n\t<p>\n\t\t<a href=\"https:\/\/lp.suno.com.br\/ebook-como-analisar-uma-acao\/\" target=\"_blank\" data-element=\"shortcode-suno-banner\" title=\"Banner SUNO, clique e saiba mais\">\n\t\t\t<picture>\n\t\t\t\t<source media=\"(max-width: 500px)\" srcset=\"https:\/\/files.sunoresearch.com.br\/n\/uploads\/2023\/12\/Ebook-Acoes-Mobile.jpg\">\n\t\t\t\t<img class=\"newsContent__article__imgCapa newsContent__article__imgCapa--banner\"\n\t\t\t\t\tsrc=\"https:\/\/files.sunoresearch.com.br\/n\/uploads\/2023\/12\/Ebook-Acoes-Desktop.webp\"\n\t\t\t\t\tdata-promo-id=\"311260\"\t\t\t\t\t\t\t\t\t\twidth='1420' height='286'\t\t\t\t\talt=\"https:\/\/files.sunoresearch.com.br\/n\/uploads\/2023\/12\/Ebook-Acoes-Desktop.webp\"\n\t\t\t\t>\n\t\t\t<\/picture>\n\t\t<\/a>\n\t<\/p>\n\n\n\n\n\n<p>Apesar da queda mensal, o \u00edndice de <a class=\"suno-keyword\" target=\"_blank\" data-force=\"no\" data-priority=\"2\" href=\"https:\/\/www.suno.com.br\/fundos-imobiliarios\/\" rel=\"noopener\">fundos imobili\u00e1rios<\/a> chegou a renovar uma nova m\u00e1xima hist\u00f3rica durante o m\u00eas, quando atingiu 3.426,52 pontos. A \u00faltima queda mensal registrada pelo IFIX tinha sido observada em outubro de 2023, quando caiu 1,97%.<\/p>\n\n\n\n<p>Dentre os destaques negativos do IFIX em abril, o que liderou as perdas foi o <a class=\"suno-keyword\" target=\"_blank\" data-force=\"yes\" data-priority=\"2\" href=\"https:\/\/www.suno.com.br\/fundos-imobiliarios\/cnes11\/\" rel=\"noopener\">CNES11<\/a>, embora ele seja o FII menos representativo do \u00edndice. Considerando apenas os 5 <strong>FIIs<\/strong> mais relevantes no IFIX, o \u00edndice encerrou alinhado com <a class=\"suno-keyword\" target=\"_blank\" data-force=\"yes\" data-priority=\"2\" href=\"https:\/\/www.suno.com.br\/fundos-imobiliarios\/knip11\/\" rel=\"noopener\">KNIP11<\/a>, <a class=\"suno-keyword\" target=\"_blank\" data-force=\"yes\" data-priority=\"2\" href=\"https:\/\/www.suno.com.br\/fundos-imobiliarios\/hglg11\/\" rel=\"noopener\">HGLG11<\/a> e <a class=\"suno-keyword\" target=\"_blank\" data-force=\"yes\" data-priority=\"2\" href=\"https:\/\/www.suno.com.br\/fundos-imobiliarios\/knri11\/\" rel=\"noopener\">KNRI11<\/a>, embora <a class=\"suno-keyword\" target=\"_blank\" data-force=\"yes\" data-priority=\"2\" href=\"https:\/\/www.suno.com.br\/fundos-imobiliarios\/xpml11\/\" rel=\"noopener\">XPML11<\/a> e <a class=\"suno-keyword\" target=\"_blank\" data-force=\"yes\" data-priority=\"2\" href=\"https:\/\/www.suno.com.br\/fundos-imobiliarios\/kncr11\/\" rel=\"noopener\">KNCR11<\/a> tenham fechado no campo positivo.<\/p>\n\n\n\n<ul class=\"wp-block-list\">\n<li>KNIP11: -0,05%<\/li>\n\n\n\n<li>XPML11: +0,85%<\/li>\n\n\n\n<li>KNCR11: +2,48%<\/li>\n\n\n\n<li>HGLG11: -0,76%<\/li>\n\n\n\n<li>KNRI11: -0,86%<\/li>\n<\/ul>\n\n\n\t<div data-element=\"shortcode-read-more\" class=\"knowMore\">\n\t\t\t\t<span class=\"knowMore__title\">Leia mais<\/span>\n\t\t\t\t<a class=\"knowMore__link\" href=\"https:\/\/www.suno.com.br\/noticias\/acoes-ibovespa-mais-cairam-abril-2024-jvj\/\">\n\t\t\tMagazine Luiza (MGLU3) recua mais de 24%; veja as a\u00e7\u00f5es que mais ca\u00edram em abril\t\t<\/a>\n\t<\/div>\n\n\n\n\n<p>Confira a seguir quais foram os fundos imobili\u00e1rios que mais ca\u00edram em abril, assim como os principais destaques de cada FII.<\/p>\n\n\n\n<h2 class=\"wp-block-heading\"><a><\/a>Maiores quedas de abril<\/h2>\n\n\n\n<ul class=\"wp-block-list\">\n<li>CNES11: -39,10%<\/li>\n\n\n\n<li>RECT11: -11,58%<\/li>\n\n\n\n<li>PATL11: -9,42%<\/li>\n\n\n\n<li>XPPR11: -8,72%<\/li>\n\n\n\n<li>BTRA11: -8,62%<\/li>\n<\/ul>\n\n\n\n<h2 class=\"wp-block-heading\"><a><\/a>CNES11<\/h2>\n\n\n\n<p>O<strong> fundo imobili\u00e1rio CNES11 <\/strong>registrou uma forte perda de 39,10% em abril, revertendo o ganho de 30,65% visto em mar\u00e7o. Esse FII apresenta uma alta vac\u00e2ncia em sua carteira que, segundo o portal Status Invest, est\u00e1 na casa dos 54,6%.<\/p>\n\n\n\n<p>Para o m\u00eas de abril, o FII reduziu seu pagamento de <a class=\"suno-keyword\" target=\"_blank\" data-force=\"no\" data-priority=\"1\" href=\"https:\/\/www.suno.com.br\/guias\/dividendos\/\" rel=\"noopener\">dividendos<\/a> novamente, para o patamar de R$ 0,00787707 por cota. No m\u00eas anterior, a distribui\u00e7\u00e3o tinha sido de R$ 0,009256 por cota. O <a class=\"suno-keyword\" target=\"_blank\" data-force=\"no\" data-priority=\"1\" href=\"https:\/\/www.suno.com.br\/artigos\/valor-de-mercado\/\" rel=\"noopener\">valor de mercado<\/a> atual do CNES11 est\u00e1 77% abaixo do seu <a class=\"suno-keyword\" target=\"_blank\" data-force=\"no\" data-priority=\"1\" href=\"https:\/\/www.suno.com.br\/artigos\/valor-patrimonial\/\" rel=\"noopener\">valor patrimonial<\/a>.<\/p>\n\n\n\n<h2 class=\"wp-block-heading\"><a><\/a>RECT11<\/h2>\n\n\n\n<p>O <strong>fundo imobili\u00e1rio RECT11 <\/strong>teve uma baixa de 11,58% em abril e acabou interrompendo a sequ\u00eancia positiva registrada em fevereiro e mar\u00e7o. Seu valor de mercado total \u00e9 de R$ 321,49 milh\u00f5es, cerca de 59% abaixo do valor patrimonial, que \u00e9 de quase R$ 785,42 milh\u00f5es.<\/p>\n\n\n\n<p>Ap\u00f3s pagar dividendos de R$ 0,40 por cota durante 10 meses consecutivos, o FII RECT11 reduziu o patamar de rendimentos para R$ 0,36 por cota para o m\u00eas de abril. De todos os preg\u00f5es do m\u00eas, apenas 2 foram positivos para o fundo no cen\u00e1rio mensal.<\/p>\n\n\n\n<h2 class=\"wp-block-heading\"><a><\/a>PATL11<\/h2>\n\n\n\n<p>O<strong> fundo imobili\u00e1rio PATL11<\/strong>, por sua vez, caiu 9,42%, dando continuidade a leve baixa observada em mar\u00e7o. Para o m\u00eas de abril, os dividendos do FII foram mantidos em R$ 0,60 por cota, enquanto o resultado de mar\u00e7o foi de R$ 2,8 milh\u00f5es.<\/p>\n\n\n\n<p>Depois dessa nova queda mensal, o FII <a class=\"suno-keyword\" target=\"_blank\" data-force=\"yes\" data-priority=\"2\" href=\"https:\/\/www.suno.com.br\/fundos-imobiliarios\/patl11\/\" rel=\"noopener\">PATL11<\/a> acumula um valor de mercado total de R$ 311,07 milh\u00f5es, cerca de 37% abaixo do valor patrimonial do fundo, que \u00e9 de R$ 491,093 milh\u00f5es, ou R$ 98,39 por cota.<\/p>\n\n\n\n<h2 class=\"wp-block-heading\"><a><\/a>XPPR11<\/h2>\n\n\n\n<p>O<strong> fundo imobili\u00e1rio XPPR11<\/strong> recuou 8,72% em abril, elevando seu patamar de desconto sobre o valor patrimonial, que atualmente \u00e9 de 68%. No m\u00eas de mar\u00e7o, o desempenho do FII j\u00e1 tinha sido negativo em 9,94%.<\/p>\n\n\n\n<p>Para o m\u00eas de abril, os dividendos do <a class=\"suno-keyword\" target=\"_blank\" data-force=\"yes\" data-priority=\"2\" href=\"https:\/\/www.suno.com.br\/fundos-imobiliarios\/xppr11\/\" rel=\"noopener\">XPPR11<\/a> foram mantidos em R$ 0,07 por cota que, embora tenham se repetido por 3 meses consecutivos, representam o menor patamar de rendimentos da hist\u00f3ria do FII.<\/p>\n\n\n\n<h2 class=\"wp-block-heading\"><a><\/a>BTRA11<\/h2>\n\n\n\n<p>O <strong>fundo imobili\u00e1rio BTRA11<\/strong> recuou 8,62% na Bolsa de Valores e, assim como os demais FIIs dessa lista, negocia com um desconto relevante em rela\u00e7\u00e3o ao seu valor patrimonial. Em abril, os rendimentos pagos pelo FII foram de R$ 0,30 por cota, o que representa um dos menores valores desde que o fundo foi criado.<\/p>\n\n\n\n<p>O resultado doFII em mar\u00e7o foi de R$ 922 mil, abaixo do valor registrado em fevereiro, que foi de R$ 1,091 milh\u00e3o. As receitas de mar\u00e7o somaram R$ 1,428 milh\u00e3o, inferior ao R$ 1,508 milh\u00e3o observado em fevereiro. Assim, o <a class=\"suno-keyword\" target=\"_blank\" data-force=\"yes\" data-priority=\"2\" href=\"https:\/\/www.suno.com.br\/fundos-imobiliarios\/btra11\/\" rel=\"noopener\">BTRA11<\/a> ficou entre os principais destaques negativos de<strong> fundos imobili\u00e1rios<\/strong> em abril.<\/p>\n\n\n\t<p>\n\t\t<a href=\"https:\/\/lp2.suno.com.br\/cl\/black-friday-2025\/?utm_campaign=_SNCDF0E4858_\" target=\"_blank\" data-element=\"shortcode-suno-banner\" title=\"Banner SUNO, clique e saiba mais\">\n\t\t\t<picture>\n\t\t\t\t<source media=\"(max-width: 500px)\" srcset=\"https:\/\/files.sunoresearch.com.br\/n\/uploads\/2025\/10\/Artigos-e-Noticias-Banner-Home-artigos-01-Mobile_-400x300-1-png.webp\">\n\t\t\t\t<img class=\"newsContent__article__imgCapa newsContent__article__imgCapa--banner\"\n\t\t\t\t\tsrc=\"https:\/\/files.sunoresearch.com.br\/n\/uploads\/2025\/10\/Artigos-e-Noticias-Banner-Home-artigos-01-Desktop_-1420x240-1-png.webp\"\n\t\t\t\t\tdata-promo-id=\"311259\"\t\t\t\t\t\t\t\t\t\twidth='1420' height='240'\t\t\t\t\talt=\"https:\/\/files.sunoresearch.com.br\/n\/uploads\/2025\/10\/Artigos-e-Noticias-Banner-Home-artigos-01-Desktop_-1420x240-1-png.webp\"\n\t\t\t\t>\n\t\t\t<\/picture>\n\t\t<\/a>\n\t<\/p>\n\n\n","protected":false},"excerpt":{"rendered":"<p>O IFIX, principal \u00edndice de fundos imobili\u00e1rios da B3, terminou o m\u00eas de abril em queda de 0,779%, aos 3.381,79 pontos, interrompendo uma sequ\u00eancia de cinco meses seguidos de valoriza\u00e7\u00e3o. Dividendos. Foto: Freepik. Apesar da queda mensal, o \u00edndice de fundos imobili\u00e1rios chegou a renovar uma nova m\u00e1xima hist\u00f3rica durante o m\u00eas, quando atingiu 3.426,52 [&hellip;]<\/p>\n","protected":false},"author":173,"featured_media":536724,"comment_status":"closed","ping_status":"closed","sticky":false,"template":"","format":"standard","meta":[],"categories":[64],"tags":[2368,315,105962,105869],"suno_strategy":[],"class_list":["post-549976","post","type-post","status-publish","format-standard","has-post-thumbnail","hentry","category-negocios","tag-cnes11","tag-fundos-imobiliarios-fiis","tag-rect11","tag-xppr11"],"yoast_head":"<!-- This site is optimized with the Yoast SEO plugin v24.4 - https:\/\/yoast.com\/wordpress\/plugins\/seo\/ -->\n<title>FII recua 39%; veja os fundos imobili\u00e1rios que mais ca\u00edram em abril<\/title>\n<meta name=\"description\" content=\"Um FII recuou 39% e liderou as perdas dos fundos do IFIX em abril. Veja os fundos imobili\u00e1rios que mais ca\u00edram em abril.\" \/>\n<meta name=\"robots\" content=\"index, follow, max-snippet:-1, max-image-preview:large, max-video-preview:-1\" \/>\n<link rel=\"canonical\" href=\"https:\/\/www.suno.com.br\/noticias\/fundos-imobiliarios-maiores-quedas-abril-2024-jvj\/\" \/>\n<meta property=\"og:locale\" content=\"pt_BR\" \/>\n<meta property=\"og:type\" content=\"article\" \/>\n<meta property=\"og:title\" content=\"FII recua 39%; veja os fundos imobili\u00e1rios que mais ca\u00edram em abril\" \/>\n<meta property=\"og:description\" content=\"Um FII recuou 39% e liderou as perdas dos fundos do IFIX em abril. Veja os fundos imobili\u00e1rios que mais ca\u00edram em abril.\" \/>\n<meta property=\"og:url\" content=\"https:\/\/www.suno.com.br\/noticias\/fundos-imobiliarios-maiores-quedas-abril-2024-jvj\/\" \/>\n<meta property=\"og:site_name\" content=\"Suno Not\u00edcias\" \/>\n<meta property=\"article:publisher\" content=\"https:\/\/facebook.com\/sunoresearch\" \/>\n<meta property=\"og:image\" content=\"https:\/\/files.sunoresearch.com.br\/n\/uploads\/2024\/03\/20241082_6257814-scaled.jpg\" \/>\n\t<meta property=\"og:image:width\" content=\"2560\" \/>\n\t<meta property=\"og:image:height\" content=\"1707\" \/>\n\t<meta property=\"og:image:type\" content=\"image\/jpeg\" \/>\n<meta name=\"author\" content=\"Jo\u00e3o Vitor\" \/>\n<meta name=\"twitter:card\" content=\"summary_large_image\" \/>\n<meta name=\"twitter:creator\" content=\"@sunoresearch\" \/>\n<meta name=\"twitter:site\" content=\"@sunoresearch\" \/>\n<meta name=\"twitter:label1\" content=\"Escrito por\" \/>\n\t<meta name=\"twitter:data1\" content=\"Jo\u00e3o Vitor\" \/>\n\t<meta name=\"twitter:label2\" content=\"Est. tempo de leitura\" \/>\n\t<meta name=\"twitter:data2\" content=\"4 minutos\" \/>\n<script type=\"application\/ld+json\" class=\"yoast-schema-graph\">{\"@context\":\"https:\/\/schema.org\",\"@graph\":[{\"@type\":\"NewsArticle\",\"@id\":\"https:\/\/www.suno.com.br\/noticias\/fundos-imobiliarios-maiores-quedas-abril-2024-jvj\/#article\",\"isPartOf\":{\"@id\":\"https:\/\/www.suno.com.br\/noticias\/fundos-imobiliarios-maiores-quedas-abril-2024-jvj\/\"},\"author\":{\"name\":\"Jo\u00e3o Vitor\",\"@id\":\"https:\/\/www.suno.com.br\/noticias\/#\/schema\/person\/87fc6973867c52dd884811905c43afba\"},\"headline\":\"CNES11 recua 39%; veja os fundos imobili\u00e1rios que mais ca\u00edram em abril\",\"datePublished\":\"2024-05-02T12:41:01+00:00\",\"dateModified\":\"2024-05-02T12:41:05+00:00\",\"mainEntityOfPage\":{\"@id\":\"https:\/\/www.suno.com.br\/noticias\/fundos-imobiliarios-maiores-quedas-abril-2024-jvj\/\"},\"wordCount\":631,\"publisher\":{\"@id\":\"https:\/\/www.suno.com.br\/noticias\/#organization\"},\"image\":{\"@id\":\"https:\/\/www.suno.com.br\/noticias\/fundos-imobiliarios-maiores-quedas-abril-2024-jvj\/#primaryimage\"},\"thumbnailUrl\":\"https:\/\/files.sunoresearch.com.br\/n\/uploads\/2024\/03\/20241082_6257814-scaled.jpg\",\"keywords\":[\"CNES11\",\"Fundos Imobili\u00e1rios (FIIs)\",\"RECT11\",\"XPPR11\"],\"articleSection\":[\"Neg\u00f3cios\"],\"inLanguage\":\"pt-BR\"},{\"@type\":\"WebPage\",\"@id\":\"https:\/\/www.suno.com.br\/noticias\/fundos-imobiliarios-maiores-quedas-abril-2024-jvj\/\",\"url\":\"https:\/\/www.suno.com.br\/noticias\/fundos-imobiliarios-maiores-quedas-abril-2024-jvj\/\",\"name\":\"FII recua 39%; veja os fundos imobili\u00e1rios que mais ca\u00edram em abril\",\"isPartOf\":{\"@id\":\"https:\/\/www.suno.com.br\/noticias\/#website\"},\"primaryImageOfPage\":{\"@id\":\"https:\/\/www.suno.com.br\/noticias\/fundos-imobiliarios-maiores-quedas-abril-2024-jvj\/#primaryimage\"},\"image\":{\"@id\":\"https:\/\/www.suno.com.br\/noticias\/fundos-imobiliarios-maiores-quedas-abril-2024-jvj\/#primaryimage\"},\"thumbnailUrl\":\"https:\/\/files.sunoresearch.com.br\/n\/uploads\/2024\/03\/20241082_6257814-scaled.jpg\",\"datePublished\":\"2024-05-02T12:41:01+00:00\",\"dateModified\":\"2024-05-02T12:41:05+00:00\",\"description\":\"Um FII recuou 39% e liderou as perdas dos fundos do IFIX em abril. Veja os fundos imobili\u00e1rios que mais ca\u00edram em abril.\",\"breadcrumb\":{\"@id\":\"https:\/\/www.suno.com.br\/noticias\/fundos-imobiliarios-maiores-quedas-abril-2024-jvj\/#breadcrumb\"},\"inLanguage\":\"pt-BR\",\"potentialAction\":[{\"@type\":\"ReadAction\",\"target\":[\"https:\/\/www.suno.com.br\/noticias\/fundos-imobiliarios-maiores-quedas-abril-2024-jvj\/\"]}]},{\"@type\":\"ImageObject\",\"inLanguage\":\"pt-BR\",\"@id\":\"https:\/\/www.suno.com.br\/noticias\/fundos-imobiliarios-maiores-quedas-abril-2024-jvj\/#primaryimage\",\"url\":\"https:\/\/files.sunoresearch.com.br\/n\/uploads\/2024\/03\/20241082_6257814-scaled.jpg\",\"contentUrl\":\"https:\/\/files.sunoresearch.com.br\/n\/uploads\/2024\/03\/20241082_6257814-scaled.jpg\",\"width\":2560,\"height\":1707,\"caption\":\"Dividendos. Foto: Freepik.\"},{\"@type\":\"BreadcrumbList\",\"@id\":\"https:\/\/www.suno.com.br\/noticias\/fundos-imobiliarios-maiores-quedas-abril-2024-jvj\/#breadcrumb\",\"itemListElement\":[{\"@type\":\"ListItem\",\"position\":1,\"name\":\"Not\u00edcias\",\"item\":\"https:\/\/www.suno.com.br\/noticias\/\"},{\"@type\":\"ListItem\",\"position\":2,\"name\":\"Neg\u00f3cios\",\"item\":\"https:\/\/www.suno.com.br\/noticias\/negocios\/\"},{\"@type\":\"ListItem\",\"position\":3,\"name\":\"CNES11 recua 39%; veja os fundos imobili\u00e1rios que mais ca\u00edram em abril\"}]},{\"@type\":\"WebSite\",\"@id\":\"https:\/\/www.suno.com.br\/noticias\/#website\",\"url\":\"https:\/\/www.suno.com.br\/noticias\/\",\"name\":\"Suno Not\u00edcias\",\"description\":\"Seu portal de informa\u00e7\u00e3o sobre o mundo dos investimentos\",\"publisher\":{\"@id\":\"https:\/\/www.suno.com.br\/noticias\/#organization\"},\"potentialAction\":[{\"@type\":\"SearchAction\",\"target\":{\"@type\":\"EntryPoint\",\"urlTemplate\":\"https:\/\/www.suno.com.br\/noticias\/?s={search_term_string}\"},\"query-input\":{\"@type\":\"PropertyValueSpecification\",\"valueRequired\":true,\"valueName\":\"search_term_string\"}}],\"inLanguage\":\"pt-BR\"},{\"@type\":\"Organization\",\"@id\":\"https:\/\/www.suno.com.br\/noticias\/#organization\",\"name\":\"Suno Not\u00edcias\",\"url\":\"https:\/\/www.suno.com.br\/noticias\/\",\"logo\":{\"@type\":\"ImageObject\",\"inLanguage\":\"pt-BR\",\"@id\":\"https:\/\/www.suno.com.br\/noticias\/#\/schema\/logo\/image\/\",\"url\":\"https:\/\/files.sunoresearch.com.br\/n\/uploads\/2021\/09\/suno-logo.png\",\"contentUrl\":\"https:\/\/files.sunoresearch.com.br\/n\/uploads\/2021\/09\/suno-logo.png\",\"width\":180,\"height\":180,\"caption\":\"Suno Not\u00edcias\"},\"image\":{\"@id\":\"https:\/\/www.suno.com.br\/noticias\/#\/schema\/logo\/image\/\"},\"sameAs\":[\"https:\/\/facebook.com\/sunoresearch\",\"https:\/\/x.com\/sunoresearch\",\"https:\/\/www.instagram.com\/suno\",\"https:\/\/www.linkedin.com\/company\/suno-research\/\",\"https:\/\/www.youtube.com\/c\/sunoresearch\"]},{\"@type\":\"Person\",\"@id\":\"https:\/\/www.suno.com.br\/noticias\/#\/schema\/person\/87fc6973867c52dd884811905c43afba\",\"name\":\"Jo\u00e3o Vitor\",\"image\":{\"@type\":\"ImageObject\",\"inLanguage\":\"pt-BR\",\"@id\":\"https:\/\/www.suno.com.br\/noticias\/#\/schema\/person\/image\/\",\"url\":\"https:\/\/secure.gravatar.com\/avatar\/2843227ca03ccf8cc7ccca45204c127e?s=96&r=g\",\"contentUrl\":\"https:\/\/secure.gravatar.com\/avatar\/2843227ca03ccf8cc7ccca45204c127e?s=96&r=g\",\"caption\":\"Jo\u00e3o Vitor\"},\"description\":\"Redator profissional, com atua\u00e7\u00e3o no mercado editorial na produ\u00e7\u00e3o de not\u00edcias e conte\u00fados sobre o mercado de a\u00e7\u00f5es, fundos imobili\u00e1rios e economia popular. Graduando em Engenharia Qu\u00edmica pela Unesp, tamb\u00e9m j\u00e1 atuou como consultor financeiro.\",\"url\":\"https:\/\/www.suno.com.br\/noticias\/author\/joao-vitor-jacintho\/\"}]}<\/script>\n<!-- \/ Yoast SEO plugin. -->","yoast_head_json":{"title":"FII recua 39%; veja os fundos imobili\u00e1rios que mais ca\u00edram em abril","description":"Um FII recuou 39% e liderou as perdas dos fundos do IFIX em abril. Veja os fundos imobili\u00e1rios que mais ca\u00edram em abril.","robots":{"index":"index","follow":"follow","max-snippet":"max-snippet:-1","max-image-preview":"max-image-preview:large","max-video-preview":"max-video-preview:-1"},"canonical":"https:\/\/www.suno.com.br\/noticias\/fundos-imobiliarios-maiores-quedas-abril-2024-jvj\/","og_locale":"pt_BR","og_type":"article","og_title":"FII recua 39%; veja os fundos imobili\u00e1rios que mais ca\u00edram em abril","og_description":"Um FII recuou 39% e liderou as perdas dos fundos do IFIX em abril. Veja os fundos imobili\u00e1rios que mais ca\u00edram em abril.","og_url":"https:\/\/www.suno.com.br\/noticias\/fundos-imobiliarios-maiores-quedas-abril-2024-jvj\/","og_site_name":"Suno Not\u00edcias","article_publisher":"https:\/\/facebook.com\/sunoresearch","og_image":[{"width":2560,"height":1707,"url":"https:\/\/files.sunoresearch.com.br\/n\/uploads\/2024\/03\/20241082_6257814-scaled.jpg","type":"image\/jpeg"}],"author":"Jo\u00e3o Vitor","twitter_card":"summary_large_image","twitter_creator":"@sunoresearch","twitter_site":"@sunoresearch","twitter_misc":{"Escrito por":"Jo\u00e3o Vitor","Est. tempo de leitura":"4 minutos"},"schema":{"@context":"https:\/\/schema.org","@graph":[{"@type":"NewsArticle","@id":"https:\/\/www.suno.com.br\/noticias\/fundos-imobiliarios-maiores-quedas-abril-2024-jvj\/#article","isPartOf":{"@id":"https:\/\/www.suno.com.br\/noticias\/fundos-imobiliarios-maiores-quedas-abril-2024-jvj\/"},"author":{"name":"Jo\u00e3o Vitor","@id":"https:\/\/www.suno.com.br\/noticias\/#\/schema\/person\/87fc6973867c52dd884811905c43afba"},"headline":"CNES11 recua 39%; veja os fundos imobili\u00e1rios que mais ca\u00edram em abril","datePublished":"2024-05-02T12:41:01+00:00","dateModified":"2024-05-02T12:41:05+00:00","mainEntityOfPage":{"@id":"https:\/\/www.suno.com.br\/noticias\/fundos-imobiliarios-maiores-quedas-abril-2024-jvj\/"},"wordCount":631,"publisher":{"@id":"https:\/\/www.suno.com.br\/noticias\/#organization"},"image":{"@id":"https:\/\/www.suno.com.br\/noticias\/fundos-imobiliarios-maiores-quedas-abril-2024-jvj\/#primaryimage"},"thumbnailUrl":"https:\/\/files.sunoresearch.com.br\/n\/uploads\/2024\/03\/20241082_6257814-scaled.jpg","keywords":["CNES11","Fundos Imobili\u00e1rios (FIIs)","RECT11","XPPR11"],"articleSection":["Neg\u00f3cios"],"inLanguage":"pt-BR"},{"@type":"WebPage","@id":"https:\/\/www.suno.com.br\/noticias\/fundos-imobiliarios-maiores-quedas-abril-2024-jvj\/","url":"https:\/\/www.suno.com.br\/noticias\/fundos-imobiliarios-maiores-quedas-abril-2024-jvj\/","name":"FII recua 39%; veja os fundos imobili\u00e1rios que mais ca\u00edram em abril","isPartOf":{"@id":"https:\/\/www.suno.com.br\/noticias\/#website"},"primaryImageOfPage":{"@id":"https:\/\/www.suno.com.br\/noticias\/fundos-imobiliarios-maiores-quedas-abril-2024-jvj\/#primaryimage"},"image":{"@id":"https:\/\/www.suno.com.br\/noticias\/fundos-imobiliarios-maiores-quedas-abril-2024-jvj\/#primaryimage"},"thumbnailUrl":"https:\/\/files.sunoresearch.com.br\/n\/uploads\/2024\/03\/20241082_6257814-scaled.jpg","datePublished":"2024-05-02T12:41:01+00:00","dateModified":"2024-05-02T12:41:05+00:00","description":"Um FII recuou 39% e liderou as perdas dos fundos do IFIX em abril. Veja os fundos imobili\u00e1rios que mais ca\u00edram em abril.","breadcrumb":{"@id":"https:\/\/www.suno.com.br\/noticias\/fundos-imobiliarios-maiores-quedas-abril-2024-jvj\/#breadcrumb"},"inLanguage":"pt-BR","potentialAction":[{"@type":"ReadAction","target":["https:\/\/www.suno.com.br\/noticias\/fundos-imobiliarios-maiores-quedas-abril-2024-jvj\/"]}]},{"@type":"ImageObject","inLanguage":"pt-BR","@id":"https:\/\/www.suno.com.br\/noticias\/fundos-imobiliarios-maiores-quedas-abril-2024-jvj\/#primaryimage","url":"https:\/\/files.sunoresearch.com.br\/n\/uploads\/2024\/03\/20241082_6257814-scaled.jpg","contentUrl":"https:\/\/files.sunoresearch.com.br\/n\/uploads\/2024\/03\/20241082_6257814-scaled.jpg","width":2560,"height":1707,"caption":"Dividendos. Foto: Freepik."},{"@type":"BreadcrumbList","@id":"https:\/\/www.suno.com.br\/noticias\/fundos-imobiliarios-maiores-quedas-abril-2024-jvj\/#breadcrumb","itemListElement":[{"@type":"ListItem","position":1,"name":"Not\u00edcias","item":"https:\/\/www.suno.com.br\/noticias\/"},{"@type":"ListItem","position":2,"name":"Neg\u00f3cios","item":"https:\/\/www.suno.com.br\/noticias\/negocios\/"},{"@type":"ListItem","position":3,"name":"CNES11 recua 39%; veja os fundos imobili\u00e1rios que mais ca\u00edram em abril"}]},{"@type":"WebSite","@id":"https:\/\/www.suno.com.br\/noticias\/#website","url":"https:\/\/www.suno.com.br\/noticias\/","name":"Suno Not\u00edcias","description":"Seu portal de informa\u00e7\u00e3o sobre o mundo dos investimentos","publisher":{"@id":"https:\/\/www.suno.com.br\/noticias\/#organization"},"potentialAction":[{"@type":"SearchAction","target":{"@type":"EntryPoint","urlTemplate":"https:\/\/www.suno.com.br\/noticias\/?s={search_term_string}"},"query-input":{"@type":"PropertyValueSpecification","valueRequired":true,"valueName":"search_term_string"}}],"inLanguage":"pt-BR"},{"@type":"Organization","@id":"https:\/\/www.suno.com.br\/noticias\/#organization","name":"Suno Not\u00edcias","url":"https:\/\/www.suno.com.br\/noticias\/","logo":{"@type":"ImageObject","inLanguage":"pt-BR","@id":"https:\/\/www.suno.com.br\/noticias\/#\/schema\/logo\/image\/","url":"https:\/\/files.sunoresearch.com.br\/n\/uploads\/2021\/09\/suno-logo.png","contentUrl":"https:\/\/files.sunoresearch.com.br\/n\/uploads\/2021\/09\/suno-logo.png","width":180,"height":180,"caption":"Suno Not\u00edcias"},"image":{"@id":"https:\/\/www.suno.com.br\/noticias\/#\/schema\/logo\/image\/"},"sameAs":["https:\/\/facebook.com\/sunoresearch","https:\/\/x.com\/sunoresearch","https:\/\/www.instagram.com\/suno","https:\/\/www.linkedin.com\/company\/suno-research\/","https:\/\/www.youtube.com\/c\/sunoresearch"]},{"@type":"Person","@id":"https:\/\/www.suno.com.br\/noticias\/#\/schema\/person\/87fc6973867c52dd884811905c43afba","name":"Jo\u00e3o Vitor","image":{"@type":"ImageObject","inLanguage":"pt-BR","@id":"https:\/\/www.suno.com.br\/noticias\/#\/schema\/person\/image\/","url":"https:\/\/secure.gravatar.com\/avatar\/2843227ca03ccf8cc7ccca45204c127e?s=96&r=g","contentUrl":"https:\/\/secure.gravatar.com\/avatar\/2843227ca03ccf8cc7ccca45204c127e?s=96&r=g","caption":"Jo\u00e3o Vitor"},"description":"Redator profissional, com atua\u00e7\u00e3o no mercado editorial na produ\u00e7\u00e3o de not\u00edcias e conte\u00fados sobre o mercado de a\u00e7\u00f5es, fundos imobili\u00e1rios e economia popular. Graduando em Engenharia Qu\u00edmica pela Unesp, tamb\u00e9m j\u00e1 atuou como consultor financeiro.","url":"https:\/\/www.suno.com.br\/noticias\/author\/joao-vitor-jacintho\/"}]}},"default_loop_html":"<div class=\"cardsPage__listCard__boxs\"><div class=\"cardsPage__listCard__boxs__img\"><a href=\"https:\/\/www.suno.com.br\/noticias\/fundos-imobiliarios-maiores-quedas-abril-2024-jvj\/\"><img class=\"mask\" src=\"https:\/\/www.suno.com.br\/noticias\/wp-content\/themes\/suno\/resources\/images\/spotlight\/spotlight1img\/bg-mask.png\" alt=\"Image Mask\"\/><img src=\"https:\/\/files.sunoresearch.com.br\/n\/uploads\/2024\/03\/20241082_6257814-400x200.jpg\" alt=\"CNES11 recua 39%; veja os fundos imobili\u00e1rios que mais ca\u00edram em abril\"\/><\/a><span class=\"spotlightCategory\"><a href=\"https:\/\/www.suno.com.br\/noticias\/negocios\/\">Neg\u00f3cios<\/a><\/span><\/div><div class=\"cardsPage__listCard__boxs__content\"><a href=\"https:\/\/www.suno.com.br\/noticias\/fundos-imobiliarios-maiores-quedas-abril-2024-jvj\/\"><h2 class=\"content__title\">CNES11 recua 39%; veja os fundos imobili\u00e1rios que mais ca\u00edram em abril<\/h2><\/a><div class=\"newsContent__article__meta\"><div class=\"newsContent__article__meta__authorBox\"><a href=\"https:\/\/www.suno.com.br\/noticias\/author\/joao-vitor-jacintho\/\" class=\"authorBox__avatar noMobi\"><img src=\"https:\/\/secure.gravatar.com\/avatar\/2843227ca03ccf8cc7ccca45204c127e?s=96&#038;r=g\" alt=\"Jo\u00e3o Vitor Jacintho\"><\/a><div class=\"authorBox__name\"><span>por\n\t\t\t<a href=\"https:\/\/www.suno.com.br\/noticias\/author\/joao-vitor-jacintho\/\"><span itemprop=\"author\">Jo\u00e3o Vitor Jacintho<\/span><\/a><\/span><time datetime=\"2024-05-02T09:41:01-03:00\" itemprop=\"datePublished\">02\/05\/2024 09:41<\/time><\/div><\/div><\/div><\/div><\/div>","single_layout":"posts","amp_enabled":true,"_links":{"self":[{"href":"https:\/\/www.suno.com.br\/noticias\/wp-json\/wp\/v2\/posts\/549976"}],"collection":[{"href":"https:\/\/www.suno.com.br\/noticias\/wp-json\/wp\/v2\/posts"}],"about":[{"href":"https:\/\/www.suno.com.br\/noticias\/wp-json\/wp\/v2\/types\/post"}],"author":[{"embeddable":true,"href":"https:\/\/www.suno.com.br\/noticias\/wp-json\/wp\/v2\/users\/173"}],"replies":[{"embeddable":true,"href":"https:\/\/www.suno.com.br\/noticias\/wp-json\/wp\/v2\/comments?post=549976"}],"version-history":[{"count":2,"href":"https:\/\/www.suno.com.br\/noticias\/wp-json\/wp\/v2\/posts\/549976\/revisions"}],"predecessor-version":[{"id":549983,"href":"https:\/\/www.suno.com.br\/noticias\/wp-json\/wp\/v2\/posts\/549976\/revisions\/549983"}],"wp:featuredmedia":[{"embeddable":true,"href":"https:\/\/www.suno.com.br\/noticias\/wp-json\/wp\/v2\/media\/536724"}],"wp:attachment":[{"href":"https:\/\/www.suno.com.br\/noticias\/wp-json\/wp\/v2\/media?parent=549976"}],"wp:term":[{"taxonomy":"category","embeddable":true,"href":"https:\/\/www.suno.com.br\/noticias\/wp-json\/wp\/v2\/categories?post=549976"},{"taxonomy":"post_tag","embeddable":true,"href":"https:\/\/www.suno.com.br\/noticias\/wp-json\/wp\/v2\/tags?post=549976"},{"taxonomy":"suno_strategy","embeddable":true,"href":"https:\/\/www.suno.com.br\/noticias\/wp-json\/wp\/v2\/suno_strategy?post=549976"}],"curies":[{"name":"wp","href":"https:\/\/api.w.org\/{rel}","templated":true}]}}