{"id":549796,"date":"2024-05-01T14:50:10","date_gmt":"2024-05-01T17:50:10","guid":{"rendered":"https:\/\/www.suno.com.br\/noticias\/?p=549796"},"modified":"2024-05-01T15:49:20","modified_gmt":"2024-05-01T18:49:20","slug":"moodys-melhora-perspectiva-credito-brasil","status":"publish","type":"post","link":"https:\/\/www.suno.com.br\/noticias\/moodys-melhora-perspectiva-credito-brasil\/","title":{"rendered":"Moody&#8217;s melhora perspectiva de classifica\u00e7\u00e3o para risco de cr\u00e9dito do Brasil"},"content":{"rendered":"<p>A ag\u00eancia de classifica\u00e7\u00e3o de risco Moody\u2019s elevou nesta quarta-feira (1\u00ba) a perspectiva da avalia\u00e7\u00e3o de risco de <strong>cr\u00e9dito do Brasil<\/strong> de est\u00e1vel para positiva. A nota brasileira atualmente \u00e9 Ba2, a dois degraus do chamado \u201c<a class=\"suno-keyword\" target=\"_blank\" data-force=\"no\" data-priority=\"1\" href=\"https:\/\/www.suno.com.br\/artigos\/grau-de-investimento\/\" rel=\"noopener\">grau de investimento<\/a>\u201d.<\/p>\t<div class=\"wrapper-featured-image\">\n\t\t<figure class=\"spotlightImg\">\n\n\t\t\t<picture>\n\t\t\t\t<source media=\"(max-width: 768px)\" srcset=\"https:\/\/files.sunoresearch.com.br\/n\/uploads\/2024\/05\/FIIs-carteiras-recomendadas-3-iStock-400x200.jpg\">\n\t\t\t\t<img loading=\"lazy\" decoding=\"async\" class=\"newsContent__article__imgCapa lazyloadDisabled \" src=\"https:\/\/files.sunoresearch.com.br\/n\/uploads\/2024\/05\/FIIs-carteiras-recomendadas-3-iStock-800x450.jpg\" width=\"800\" height=\"450\" alt=\"Moody&#8217;s melhora perspectiva de classifica\u00e7\u00e3o para risco de cr\u00e9dito do Brasil\" fetchpriority=high \/>\n\t\t\t<\/picture>\n\n\t\t\t<figcaption class=\"wp-caption-text wp-caption-text--show\">Voc\u00ea j\u00e1 ouviu falar em investimentos alternativos? Saiba como isso pode \u201cturbinar\u201d sua carteira. Foto: iStock<\/figcaption>\n\t\t<\/figure>\n\t<\/div>\n\n\n\n\n\n\t<p>\n\t\t<a href=\"\" target=\"_blank\" data-element=\"shortcode-suno-banner\" title=\"Banner SUNO, clique e saiba mais\">\n\t\t\t<picture>\n\t\t\t\t<source media=\"(max-width: 500px)\" srcset=\"\">\n\t\t\t\t<img class=\"newsContent__article__imgCapa newsContent__article__imgCapa--banner\"\n\t\t\t\t\tsrc=\"\"\n\t\t\t\t\tdata-promo-id=\"240038\"\t\t\t\t\t\t\t\t\t\t\t\t\t\t\talt=\"\"\n\t\t\t\t>\n\t\t\t<\/picture>\n\t\t<\/a>\n\t<\/p>\n\n\n\n\n\n<p>\u201cA Moody\u2019s avalia que as perspectivas de crescimento real do Produto Interno Bruto (PIB) do <strong>Brasil <\/strong>s\u00e3o mais robustas do que nos anos pr\u00e9-pandemia, apoiadas pela implementa\u00e7\u00e3o de reformas estruturais em m\u00faltiplas administra\u00e7\u00f5es, bem como pela presen\u00e7a de barreiras de prote\u00e7\u00e3o institucionais que reduzem a incerteza em torno da dire\u00e7\u00e3o pol\u00edtica futura\u201d, explicou a empresa em comunicado.<\/p>\n\n\n\n<p>A ag\u00eancia de rating salientou que a mudan\u00e7a para a perspectiva positiva \u00e9 sustentada pela avalia\u00e7\u00e3o de que um crescimento mais robusto, combinado com um progresso cont\u00ednuo, embora gradual, em dire\u00e7\u00e3o \u00e0 consolida\u00e7\u00e3o fiscal, poder\u00e1 permitir a estabiliza\u00e7\u00e3o do peso da <strong>d\u00edvida do Brasil<\/strong>.&nbsp;<\/p>\n\n\n\n<p>A expectativa de que a Moody\u2019s poderia anunciar alguma revis\u00e3o na nota ou perspectiva brasileira ainda esta semana havia sido adiantada pelo ministro da Fazenda, Fernando Haddad, em coletiva na noite da ter\u00e7a-feira (30). Ele disse que outra ag\u00eancia de classifica\u00e7\u00e3o de risco, a Fitch, tamb\u00e9m est\u00e1 prestes a concluir um relat\u00f3rio.<\/p>\n\n\n\n<p>O texto da Moody\u2019s, no entanto, alerta que o <strong>risco fiscal<\/strong> segue presente. \u201cNo entanto, existem riscos para a execu\u00e7\u00e3o, por parte do governo, da consolida\u00e7\u00e3o or\u00e7ament\u00e1ria cont\u00ednua\u201d, pontuam os analistas.<\/p>\n\n\n\n<p>A afirma\u00e7\u00e3o da <strong>classifica\u00e7\u00e3o Ba2 <\/strong>foi impulsionada, de acordo com a empresa, pela for\u00e7a fiscal ainda relativamente sens\u00edvel, dada a elevada carga da d\u00edvida do Brasil e a fraca <a class=\"suno-keyword\" target=\"_blank\" data-force=\"no\" data-priority=\"1\" href=\"https:\/\/www.suno.com.br\/artigos\/capacidade-de-pagamento\/\" rel=\"noopener\">capacidade de pagamento<\/a> da d\u00edvida, que permanece sens\u00edvel a choques econ\u00f4micos ou financeiros.<\/p>\n\n\n\n<p>A <strong>depend\u00eancia do Brasil <\/strong>do financiamento em moeda local e de um mercado financeiro interno profundo, no entanto, mitiga os riscos de financiamento. A decis\u00e3o pela manuten\u00e7\u00e3o do Ba2 tamb\u00e9m tem em conta a for\u00e7a de cr\u00e9dito subjacente soberano, incluindo uma economia grande e diversificada, institui\u00e7\u00f5es e governan\u00e7a moderadamente fortes e uma posi\u00e7\u00e3o externa forte, diz a ag\u00eancia.<\/p>\n\n\n\t<p>\n\t\t<a href=\"https:\/\/lp.suno.com.br\/ebook-gratuito-investindo-no-exterior\/\" target=\"_blank\" data-element=\"shortcode-suno-banner\" title=\"Banner SUNO, clique e saiba mais\">\n\t\t\t<picture>\n\t\t\t\t<source media=\"(max-width: 500px)\" srcset=\"https:\/\/files.sunoresearch.com.br\/n\/uploads\/2023\/03\/400x300-Investindo-no-exterior.png\">\n\t\t\t\t<img class=\"newsContent__article__imgCapa newsContent__article__imgCapa--banner\"\n\t\t\t\t\tsrc=\"https:\/\/files.sunoresearch.com.br\/n\/uploads\/2023\/03\/1420x240-Investindo-no-exterior.png\"\n\t\t\t\t\tdata-promo-id=\"383161\"\t\t\t\t\t\t\t\t\t\twidth='1420' height='240'\t\t\t\t\talt=\"https:\/\/files.sunoresearch.com.br\/n\/uploads\/2023\/03\/1420x240-Investindo-no-exterior.png\"\n\t\t\t\t>\n\t\t\t<\/picture>\n\t\t<\/a>\n\t<\/p>\n\n\n\n\n\n<h2 class=\"wp-block-heading\">Risco de cr\u00e9dito do Brasil: quest\u00e3o fiscal ser\u00e1 decisiva<\/h2>\n\n\n\n<p>Segundo a ag\u00eancia, al\u00e9m da perspectiva, a classifica\u00e7\u00e3o soberana do Brasil seria elevada se o governo se mostrasse bem-sucedido na melhoria constante do saldo prim\u00e1rio e dos d\u00e9ficits fiscais globais, o que aumentaria a credibilidade da <a class=\"suno-keyword\" target=\"_blank\" data-force=\"no\" data-priority=\"1\" href=\"https:\/\/www.suno.com.br\/artigos\/politica-fiscal\/\" rel=\"noopener\">pol\u00edtica fiscal<\/a>.<\/p>\n\n\n\n<p>\u201cEste desenvolvimento indicaria a capacidade do governo de manter o rumo, refor\u00e7ando as perspectivas favor\u00e1veis para a trajet\u00f3ria fiscal do Brasil e apoiando a redu\u00e7\u00e3o do <a class=\"suno-keyword\" target=\"_blank\" data-force=\"no\" data-priority=\"1\" href=\"https:\/\/www.suno.com.br\/artigos\/premio-de-risco\/\" rel=\"noopener\">pr\u00eamio de risco<\/a> soberano, reduzindo, por sua vez, os custos de empr\u00e9stimos para o governo\u201d, trouxe a empresa em comunicado<\/p>\n\n\n\n<p>No documento, a empresa refor\u00e7a que a manuten\u00e7\u00e3o de um <strong>crescimento do PIB<\/strong> (Produto Interno Bruto) de forma s\u00f3lida, em linha com as atuais previs\u00f5es da Moody\u2019s, apoiaria a capacidade do governo de proporcionar melhorias nas m\u00e9tricas fiscais.<\/p>\n\n\n\n<p>Por outro lado, a ag\u00eancia de rating salientou que emergiriam press\u00f5es de cr\u00e9dito negativas se o compromisso com a consolida\u00e7\u00e3o or\u00e7ament\u00e1ria enfraquecesse, conduzindo a uma deteriora\u00e7\u00e3o dos saldos or\u00e7amentais prim\u00e1rio e global.<\/p>\n\n\n\n<p>\u201cA eros\u00e3o da credibilidade pol\u00edtica que enfraquece a confian\u00e7a dos investidores, pesando sobre o crescimento e o investimento, e o aumento dos custos de financiamento do governo tamb\u00e9m enfraqueceriam a qualidade de cr\u00e9dito do Estado\u201d, pontuou a Moody\u2019s, observando que o crescimento persistentemente baixo do PIB representaria um desenvolvimento negativo em termos de cr\u00e9dito que afetaria negativamente o perfil de <strong>cr\u00e9dito do Brasil.<\/strong><\/p>\n\n\n\n<h2 class=\"wp-block-heading\">Moody&#8217;s est\u00e1 otimista, diz Ma\u00edlson; Fazenda v\u00ea reconhecimento<\/h2>\n\n\n\n<p>O ex-ministro da Fazenda Ma\u00edlson da N\u00f3brega, atual s\u00f3cio da Tend\u00eancias Consultoria Integrada, afirma que a Moody\u2019s est\u00e1 mais otimista que os economistas brasileiros, e a que o novo relat\u00f3rio acaba sendo uma surpresa, sobretudo porque todas as an\u00e1lises dispon\u00edveis s\u00e3o praticamente un\u00e2nimes em afirmar que o Brasil n\u00e3o conseguir\u00e1 estabilizar a sua rela\u00e7\u00e3o d\u00edvida\/PIB pelo menos ao longo dos pr\u00f3ximos dez anos.<\/p>\n\n\n\n<p>\u201cAs previs\u00f5es para a d\u00edvida proporcionalmente ao PIB para o per\u00edodo varia de 81% a 84%, a depender da composi\u00e7\u00e3o da taxa de juro. Todos que acompanham de perto o fiscal falam isso\u201d, disse Ma\u00edlson, acrescentando, contudo, que de qualquer forma \u00e9 uma not\u00edcia positiva se trata de uma grande e importante ag\u00eancia de classifica\u00e7\u00e3o de riscos endossando melhoras na economia brasileira. <\/p>\n\n\n\n<p>\u201cO governo tem mais \u00e9 que comemorar muito mesmo esta not\u00edcia. O dif\u00edcil ser\u00e1 conseguir de volta o grau de investimento. Isso n\u00e3o ocorrer\u00e1 nem neste e nem no pr\u00f3ximo governo porque houve uma piora consider\u00e1vel da rigidez or\u00e7ament\u00e1ria, o que impede o governo de gerar super\u00e1vits prim\u00e1rios e reduzir a d\u00edvida. E para estabilizar a d\u00edvida precisaria de super\u00e1vits seguidos de 1,5% a 2% do PIB\u201d, ponderou o ex-ministro.<\/p>\n\n\n\n<p>Ma\u00edlson diz ainda que n\u00e3o consegue ver como o governo poderia atacar a quest\u00e3o da d\u00edvida, cor conta, entre outras coisas, dos reajustes dos sal\u00e1rios defasados do funcionalismo publico.<\/p>\n\n\n\n<p>\u201cUma das raz\u00f5es para o governo ter reduzido para zero a meta do resultado prim\u00e1rio para 2025 foi para ter margem de manobra para aliviar a press\u00e3o dos \u00f3rg\u00e3os gastadores e poder mandar dinheiro para ci\u00eancia e tecnologia, educa\u00e7\u00e3o, etc. Mas daqui a pouco vamos ter Pol\u00edcia Federal reclamando que n\u00e3o tem dinheiro para passaportes, Ibama dizendo que n\u00e3o vem recursos para fazer as fiscaliza\u00e7\u00f5es\u201d, preveniu Ma\u00edlson, acrescentando que a Moody\u2019s n\u00e3o deve ter avaliado corretamente a incapacidade do Brasil de estabilizar a rela\u00e7\u00e3o d\u00edvida\/PIB.<\/p>\n\n\n\n<p>O Minist\u00e9rio da Fazenda avaliou que a decis\u00e3o da ag\u00eancia Moodys refor\u00e7a a melhoria na trajet\u00f3ria da nota de cr\u00e9dito verificada desde 2023, com a eleva\u00e7\u00e3o do rating tanto pela S&amp;P quanto pela Fitch.<\/p>\n\n\n\n<p>&#8220;Ocorrendo a efetiva\u00e7\u00e3o da mudan\u00e7a da nota de cr\u00e9dito, o Brasil estar\u00e1 a um degrau de voltar a possuir grau de investimento, um marco significativo para os indicadores de estabilidade econ\u00f4mica do Pa\u00eds&#8221;, disse a pasta em nota divulgada \u00e0 imprensa h\u00e1 pouco.<\/p>\n\n\n\n<p>O Minist\u00e9rio destacou ainda que, no \u00e2mbito fiscal, a ag\u00eancia reconheceu o papel do novo arcabou\u00e7o para a consolida\u00e7\u00e3o das contas p\u00fablicas, com redu\u00e7\u00e3o gradual dos d\u00e9ficits, e enfatizou a import\u00e2ncia de manter a credibilidade das regras para redu\u00e7\u00e3o de incertezas no cen\u00e1rio fiscal. &#8220;A ag\u00eancia espera que o crescimento robusto, em conjunto com progresso cont\u00ednuo na consolida\u00e7\u00e3o fiscal, possibilite a estabiliza\u00e7\u00e3o da d\u00edvida do Pa\u00eds&#8221;, afirma a nota.<\/p>\n\n\n\n<p>A pasta tamb\u00e9m deu \u00eanfase ao destaque feito pela ag\u00eancia no que diz respeito \u00e0 melhoria na perspectiva do crescimento do Pa\u00eds, ap\u00f3s aprova\u00e7\u00e3o de reformas estruturais implementadas ao longo de sucessivas administra\u00e7\u00f5es. &#8220;Entre as reformas citadas, enfatiza a import\u00e2ncia da reforma tribut\u00e1ria em curso. Al\u00e9m disso, tamb\u00e9m destaca a agenda de transi\u00e7\u00e3o energ\u00e9tica do governo que, com o objetivo de atrair investimentos privados para projetos de energia limpa, pode tamb\u00e9m contribuir para alavancar o crescimento&#8221;, diz a Fazenda.<\/p>\n\n\n\n<p>A pasta reafirmou o compromisso do Brasil com uma trajet\u00f3ria sustent\u00e1vel das contas p\u00fablicas, conciliando uma agenda de melhoria na arrecada\u00e7\u00e3o com medidas de conten\u00e7\u00e3o de despesas. O balan\u00e7o fiscal do governo, afirma o Minist\u00e9rio, levar\u00e1 \u00e0 redu\u00e7\u00e3o das taxas de juros e avan\u00e7os nas condi\u00e7\u00f5es de cr\u00e9dito.<\/p>\n\n\n\n<p>&#8220;Desta forma, ser\u00e3o criadas as condi\u00e7\u00f5es para a amplia\u00e7\u00e3o dos investimentos p\u00fablicos e privados e a gera\u00e7\u00e3o de empregos, aumento da renda e maior efici\u00eancia econ\u00f4mica, elementos essenciais para o desenvolvimento econ\u00f4mico e social do Brasil&#8221;, diz o documento.<\/p>\n\n\n\n<p><em>Com Estad\u00e3o Conte\u00fado<\/em><\/p>\n\n\n\t<p>\n\t\t<a href=\"https:\/\/lp.suno.com.br\/planilha-da-vida-financeira\/\" target=\"_blank\" data-element=\"shortcode-suno-banner\" title=\"Banner SUNO, clique e saiba mais\">\n\t\t\t<picture>\n\t\t\t\t<source media=\"(max-width: 500px)\" srcset=\"https:\/\/files.sunoresearch.com.br\/n\/uploads\/2023\/04\/400x300-Planilha-vida-financeira-true.png\">\n\t\t\t\t<img class=\"newsContent__article__imgCapa newsContent__article__imgCapa--banner\"\n\t\t\t\t\tsrc=\"https:\/\/files.sunoresearch.com.br\/n\/uploads\/2023\/04\/1420x240-Planilha-vida-financeira-true.png\"\n\t\t\t\t\tdata-promo-id=\"383123\"\t\t\t\t\t\t\t\t\t\twidth='1420' height='240'\t\t\t\t\talt=\"https:\/\/files.sunoresearch.com.br\/n\/uploads\/2023\/04\/1420x240-Planilha-vida-financeira-true.png\"\n\t\t\t\t>\n\t\t\t<\/picture>\n\t\t<\/a>\n\t<\/p>\n\n\n","protected":false},"excerpt":{"rendered":"<p>An\u00fancio da Moodt&#8217;s sobre poss\u00edvel varia\u00e7\u00e3o positiva do risco de cr\u00e9dito do Brasil veio acompanhada de alertas na quest\u00e3o fiscal.<\/p>\n","protected":false},"author":43,"featured_media":549799,"comment_status":"closed","ping_status":"closed","sticky":false,"template":"","format":"standard","meta":[],"categories":[62,60],"tags":[943,963,1630],"suno_strategy":[],"class_list":["post-549796","post","type-post","status-publish","format-standard","has-post-thumbnail","hentry","category-economia","category-mercado","tag-credito","tag-moodys","tag-risco-pais"],"yoast_head":"<!-- This site is optimized with the Yoast SEO plugin v24.4 - https:\/\/yoast.com\/wordpress\/plugins\/seo\/ -->\n<title>Moody&#039;s melhora perspectiva de classifica\u00e7\u00e3o de cr\u00e9dito do Brasil<\/title>\n<meta name=\"description\" content=\"An\u00fancio da Moodt&#039;s sobre poss\u00edvel varia\u00e7\u00e3o positiva do risco de cr\u00e9dito do Brasil veio acompanhada de alertas na quest\u00e3o fiscal.\" \/>\n<meta name=\"robots\" content=\"index, follow, max-snippet:-1, max-image-preview:large, max-video-preview:-1\" \/>\n<link rel=\"canonical\" href=\"https:\/\/www.suno.com.br\/noticias\/moodys-melhora-perspectiva-credito-brasil\/\" \/>\n<meta property=\"og:locale\" content=\"pt_BR\" \/>\n<meta property=\"og:type\" content=\"article\" \/>\n<meta property=\"og:title\" content=\"Moody&#039;s melhora perspectiva de classifica\u00e7\u00e3o de cr\u00e9dito do Brasil\" \/>\n<meta property=\"og:description\" content=\"An\u00fancio da Moodt&#039;s sobre poss\u00edvel varia\u00e7\u00e3o positiva do risco de cr\u00e9dito do Brasil veio acompanhada de alertas na quest\u00e3o fiscal.\" \/>\n<meta property=\"og:url\" content=\"https:\/\/www.suno.com.br\/noticias\/moodys-melhora-perspectiva-credito-brasil\/\" \/>\n<meta property=\"og:site_name\" content=\"Suno Not\u00edcias\" \/>\n<meta property=\"article:publisher\" content=\"https:\/\/facebook.com\/sunoresearch\" \/>\n<meta property=\"article:author\" content=\"https:\/\/www.facebook.com\/sunonoticias\/\" \/>\n<meta property=\"og:image\" content=\"https:\/\/files.sunoresearch.com.br\/n\/uploads\/2024\/05\/FIIs-carteiras-recomendadas-3-iStock.jpg\" \/>\n\t<meta property=\"og:image:width\" content=\"1254\" \/>\n\t<meta property=\"og:image:height\" content=\"836\" \/>\n\t<meta property=\"og:image:type\" content=\"image\/jpeg\" \/>\n<meta name=\"author\" content=\"Reda\u00e7\u00e3o Suno Not\u00edcias\" \/>\n<meta name=\"twitter:card\" content=\"summary_large_image\" \/>\n<meta name=\"twitter:creator\" content=\"@https:\/\/twitter.com\/sunoresearch\" \/>\n<meta name=\"twitter:site\" content=\"@sunoresearch\" \/>\n<meta name=\"twitter:label1\" content=\"Escrito por\" \/>\n\t<meta name=\"twitter:data1\" content=\"Reda\u00e7\u00e3o Suno Not\u00edcias\" \/>\n\t<meta name=\"twitter:label2\" content=\"Est. tempo de leitura\" \/>\n\t<meta name=\"twitter:data2\" content=\"7 minutos\" \/>\n<script type=\"application\/ld+json\" class=\"yoast-schema-graph\">{\"@context\":\"https:\/\/schema.org\",\"@graph\":[{\"@type\":\"NewsArticle\",\"@id\":\"https:\/\/www.suno.com.br\/noticias\/moodys-melhora-perspectiva-credito-brasil\/#article\",\"isPartOf\":{\"@id\":\"https:\/\/www.suno.com.br\/noticias\/moodys-melhora-perspectiva-credito-brasil\/\"},\"author\":{\"name\":\"Reda\u00e7\u00e3o Suno Not\u00edcias\",\"@id\":\"https:\/\/www.suno.com.br\/noticias\/#\/schema\/person\/c1b1bd3727fa852bd045e9dbff3673ea\"},\"headline\":\"Moody&#8217;s melhora perspectiva de classifica\u00e7\u00e3o para risco de cr\u00e9dito do Brasil\",\"datePublished\":\"2024-05-01T17:50:10+00:00\",\"dateModified\":\"2024-05-01T18:49:20+00:00\",\"mainEntityOfPage\":{\"@id\":\"https:\/\/www.suno.com.br\/noticias\/moodys-melhora-perspectiva-credito-brasil\/\"},\"wordCount\":1403,\"publisher\":{\"@id\":\"https:\/\/www.suno.com.br\/noticias\/#organization\"},\"image\":{\"@id\":\"https:\/\/www.suno.com.br\/noticias\/moodys-melhora-perspectiva-credito-brasil\/#primaryimage\"},\"thumbnailUrl\":\"https:\/\/files.sunoresearch.com.br\/n\/uploads\/2024\/05\/FIIs-carteiras-recomendadas-3-iStock.jpg\",\"keywords\":[\"cr\u00e9dito\",\"Moody's\",\"risco Pa\u00eds\"],\"articleSection\":[\"Economia\",\"Mercado\"],\"inLanguage\":\"pt-BR\"},{\"@type\":\"WebPage\",\"@id\":\"https:\/\/www.suno.com.br\/noticias\/moodys-melhora-perspectiva-credito-brasil\/\",\"url\":\"https:\/\/www.suno.com.br\/noticias\/moodys-melhora-perspectiva-credito-brasil\/\",\"name\":\"Moody's melhora perspectiva de classifica\u00e7\u00e3o de cr\u00e9dito do Brasil\",\"isPartOf\":{\"@id\":\"https:\/\/www.suno.com.br\/noticias\/#website\"},\"primaryImageOfPage\":{\"@id\":\"https:\/\/www.suno.com.br\/noticias\/moodys-melhora-perspectiva-credito-brasil\/#primaryimage\"},\"image\":{\"@id\":\"https:\/\/www.suno.com.br\/noticias\/moodys-melhora-perspectiva-credito-brasil\/#primaryimage\"},\"thumbnailUrl\":\"https:\/\/files.sunoresearch.com.br\/n\/uploads\/2024\/05\/FIIs-carteiras-recomendadas-3-iStock.jpg\",\"datePublished\":\"2024-05-01T17:50:10+00:00\",\"dateModified\":\"2024-05-01T18:49:20+00:00\",\"description\":\"An\u00fancio da Moodt's sobre poss\u00edvel varia\u00e7\u00e3o positiva do risco de cr\u00e9dito do Brasil veio acompanhada de alertas na quest\u00e3o fiscal.\",\"breadcrumb\":{\"@id\":\"https:\/\/www.suno.com.br\/noticias\/moodys-melhora-perspectiva-credito-brasil\/#breadcrumb\"},\"inLanguage\":\"pt-BR\",\"potentialAction\":[{\"@type\":\"ReadAction\",\"target\":[\"https:\/\/www.suno.com.br\/noticias\/moodys-melhora-perspectiva-credito-brasil\/\"]}]},{\"@type\":\"ImageObject\",\"inLanguage\":\"pt-BR\",\"@id\":\"https:\/\/www.suno.com.br\/noticias\/moodys-melhora-perspectiva-credito-brasil\/#primaryimage\",\"url\":\"https:\/\/files.sunoresearch.com.br\/n\/uploads\/2024\/05\/FIIs-carteiras-recomendadas-3-iStock.jpg\",\"contentUrl\":\"https:\/\/files.sunoresearch.com.br\/n\/uploads\/2024\/05\/FIIs-carteiras-recomendadas-3-iStock.jpg\",\"width\":1254,\"height\":836,\"caption\":\"Voc\u00ea j\u00e1 ouviu falar em investimentos alternativos? Saiba como isso pode \u201cturbinar\u201d sua carteira. Foto: iStock\"},{\"@type\":\"BreadcrumbList\",\"@id\":\"https:\/\/www.suno.com.br\/noticias\/moodys-melhora-perspectiva-credito-brasil\/#breadcrumb\",\"itemListElement\":[{\"@type\":\"ListItem\",\"position\":1,\"name\":\"Not\u00edcias\",\"item\":\"https:\/\/www.suno.com.br\/noticias\/\"},{\"@type\":\"ListItem\",\"position\":2,\"name\":\"Economia\",\"item\":\"https:\/\/www.suno.com.br\/noticias\/economia\/\"},{\"@type\":\"ListItem\",\"position\":3,\"name\":\"Moody&#8217;s melhora perspectiva de classifica\u00e7\u00e3o para risco de cr\u00e9dito do Brasil\"}]},{\"@type\":\"WebSite\",\"@id\":\"https:\/\/www.suno.com.br\/noticias\/#website\",\"url\":\"https:\/\/www.suno.com.br\/noticias\/\",\"name\":\"Suno Not\u00edcias\",\"description\":\"Seu portal de informa\u00e7\u00e3o sobre o mundo dos investimentos\",\"publisher\":{\"@id\":\"https:\/\/www.suno.com.br\/noticias\/#organization\"},\"potentialAction\":[{\"@type\":\"SearchAction\",\"target\":{\"@type\":\"EntryPoint\",\"urlTemplate\":\"https:\/\/www.suno.com.br\/noticias\/?s={search_term_string}\"},\"query-input\":{\"@type\":\"PropertyValueSpecification\",\"valueRequired\":true,\"valueName\":\"search_term_string\"}}],\"inLanguage\":\"pt-BR\"},{\"@type\":\"Organization\",\"@id\":\"https:\/\/www.suno.com.br\/noticias\/#organization\",\"name\":\"Suno Not\u00edcias\",\"url\":\"https:\/\/www.suno.com.br\/noticias\/\",\"logo\":{\"@type\":\"ImageObject\",\"inLanguage\":\"pt-BR\",\"@id\":\"https:\/\/www.suno.com.br\/noticias\/#\/schema\/logo\/image\/\",\"url\":\"https:\/\/files.sunoresearch.com.br\/n\/uploads\/2021\/09\/suno-logo.png\",\"contentUrl\":\"https:\/\/files.sunoresearch.com.br\/n\/uploads\/2021\/09\/suno-logo.png\",\"width\":180,\"height\":180,\"caption\":\"Suno Not\u00edcias\"},\"image\":{\"@id\":\"https:\/\/www.suno.com.br\/noticias\/#\/schema\/logo\/image\/\"},\"sameAs\":[\"https:\/\/facebook.com\/sunoresearch\",\"https:\/\/x.com\/sunoresearch\",\"https:\/\/www.instagram.com\/suno\",\"https:\/\/www.linkedin.com\/company\/suno-research\/\",\"https:\/\/www.youtube.com\/c\/sunoresearch\"]},{\"@type\":\"Person\",\"@id\":\"https:\/\/www.suno.com.br\/noticias\/#\/schema\/person\/c1b1bd3727fa852bd045e9dbff3673ea\",\"name\":\"Reda\u00e7\u00e3o Suno Not\u00edcias\",\"image\":{\"@type\":\"ImageObject\",\"inLanguage\":\"pt-BR\",\"@id\":\"https:\/\/www.suno.com.br\/noticias\/#\/schema\/person\/image\/\",\"url\":\"https:\/\/secure.gravatar.com\/avatar\/b8104b9b5a71985d5238ee59fbe418af?s=96&r=g\",\"contentUrl\":\"https:\/\/secure.gravatar.com\/avatar\/b8104b9b5a71985d5238ee59fbe418af?s=96&r=g\",\"caption\":\"Reda\u00e7\u00e3o Suno Not\u00edcias\"},\"description\":\"O Suno Not\u00edcias \u00e9 um portal de informa\u00e7\u00f5es sobre Mercado Financeiro, Pol\u00edtica, Neg\u00f3cios, Economia e Finan\u00e7as Pessoais.\",\"sameAs\":[\"https:\/\/www.suno.com.br\/noticias\",\"https:\/\/www.facebook.com\/sunonoticias\/\",\"https:\/\/www.instagram.com\/sunonoticias\/\",\"https:\/\/x.com\/https:\/\/twitter.com\/sunoresearch\",\"https:\/\/www.youtube.com\/sunonoticias\"],\"url\":\"https:\/\/www.suno.com.br\/noticias\/author\/redacao-suno\/\"}]}<\/script>\n<!-- \/ Yoast SEO plugin. -->","yoast_head_json":{"title":"Moody's melhora perspectiva de classifica\u00e7\u00e3o de cr\u00e9dito do Brasil","description":"An\u00fancio da Moodt's sobre poss\u00edvel varia\u00e7\u00e3o positiva do risco de cr\u00e9dito do Brasil veio acompanhada de alertas na quest\u00e3o fiscal.","robots":{"index":"index","follow":"follow","max-snippet":"max-snippet:-1","max-image-preview":"max-image-preview:large","max-video-preview":"max-video-preview:-1"},"canonical":"https:\/\/www.suno.com.br\/noticias\/moodys-melhora-perspectiva-credito-brasil\/","og_locale":"pt_BR","og_type":"article","og_title":"Moody's melhora perspectiva de classifica\u00e7\u00e3o de cr\u00e9dito do Brasil","og_description":"An\u00fancio da Moodt's sobre poss\u00edvel varia\u00e7\u00e3o positiva do risco de cr\u00e9dito do Brasil veio acompanhada de alertas na quest\u00e3o fiscal.","og_url":"https:\/\/www.suno.com.br\/noticias\/moodys-melhora-perspectiva-credito-brasil\/","og_site_name":"Suno Not\u00edcias","article_publisher":"https:\/\/facebook.com\/sunoresearch","article_author":"https:\/\/www.facebook.com\/sunonoticias\/","og_image":[{"width":1254,"height":836,"url":"https:\/\/files.sunoresearch.com.br\/n\/uploads\/2024\/05\/FIIs-carteiras-recomendadas-3-iStock.jpg","type":"image\/jpeg"}],"author":"Reda\u00e7\u00e3o Suno Not\u00edcias","twitter_card":"summary_large_image","twitter_creator":"@https:\/\/twitter.com\/sunoresearch","twitter_site":"@sunoresearch","twitter_misc":{"Escrito por":"Reda\u00e7\u00e3o Suno Not\u00edcias","Est. tempo de leitura":"7 minutos"},"schema":{"@context":"https:\/\/schema.org","@graph":[{"@type":"NewsArticle","@id":"https:\/\/www.suno.com.br\/noticias\/moodys-melhora-perspectiva-credito-brasil\/#article","isPartOf":{"@id":"https:\/\/www.suno.com.br\/noticias\/moodys-melhora-perspectiva-credito-brasil\/"},"author":{"name":"Reda\u00e7\u00e3o Suno Not\u00edcias","@id":"https:\/\/www.suno.com.br\/noticias\/#\/schema\/person\/c1b1bd3727fa852bd045e9dbff3673ea"},"headline":"Moody&#8217;s melhora perspectiva de classifica\u00e7\u00e3o para risco de cr\u00e9dito do Brasil","datePublished":"2024-05-01T17:50:10+00:00","dateModified":"2024-05-01T18:49:20+00:00","mainEntityOfPage":{"@id":"https:\/\/www.suno.com.br\/noticias\/moodys-melhora-perspectiva-credito-brasil\/"},"wordCount":1403,"publisher":{"@id":"https:\/\/www.suno.com.br\/noticias\/#organization"},"image":{"@id":"https:\/\/www.suno.com.br\/noticias\/moodys-melhora-perspectiva-credito-brasil\/#primaryimage"},"thumbnailUrl":"https:\/\/files.sunoresearch.com.br\/n\/uploads\/2024\/05\/FIIs-carteiras-recomendadas-3-iStock.jpg","keywords":["cr\u00e9dito","Moody's","risco Pa\u00eds"],"articleSection":["Economia","Mercado"],"inLanguage":"pt-BR"},{"@type":"WebPage","@id":"https:\/\/www.suno.com.br\/noticias\/moodys-melhora-perspectiva-credito-brasil\/","url":"https:\/\/www.suno.com.br\/noticias\/moodys-melhora-perspectiva-credito-brasil\/","name":"Moody's melhora perspectiva de classifica\u00e7\u00e3o de cr\u00e9dito do Brasil","isPartOf":{"@id":"https:\/\/www.suno.com.br\/noticias\/#website"},"primaryImageOfPage":{"@id":"https:\/\/www.suno.com.br\/noticias\/moodys-melhora-perspectiva-credito-brasil\/#primaryimage"},"image":{"@id":"https:\/\/www.suno.com.br\/noticias\/moodys-melhora-perspectiva-credito-brasil\/#primaryimage"},"thumbnailUrl":"https:\/\/files.sunoresearch.com.br\/n\/uploads\/2024\/05\/FIIs-carteiras-recomendadas-3-iStock.jpg","datePublished":"2024-05-01T17:50:10+00:00","dateModified":"2024-05-01T18:49:20+00:00","description":"An\u00fancio da Moodt's sobre poss\u00edvel varia\u00e7\u00e3o positiva do risco de cr\u00e9dito do Brasil veio acompanhada de alertas na quest\u00e3o fiscal.","breadcrumb":{"@id":"https:\/\/www.suno.com.br\/noticias\/moodys-melhora-perspectiva-credito-brasil\/#breadcrumb"},"inLanguage":"pt-BR","potentialAction":[{"@type":"ReadAction","target":["https:\/\/www.suno.com.br\/noticias\/moodys-melhora-perspectiva-credito-brasil\/"]}]},{"@type":"ImageObject","inLanguage":"pt-BR","@id":"https:\/\/www.suno.com.br\/noticias\/moodys-melhora-perspectiva-credito-brasil\/#primaryimage","url":"https:\/\/files.sunoresearch.com.br\/n\/uploads\/2024\/05\/FIIs-carteiras-recomendadas-3-iStock.jpg","contentUrl":"https:\/\/files.sunoresearch.com.br\/n\/uploads\/2024\/05\/FIIs-carteiras-recomendadas-3-iStock.jpg","width":1254,"height":836,"caption":"Voc\u00ea j\u00e1 ouviu falar em investimentos alternativos? Saiba como isso pode \u201cturbinar\u201d sua carteira. Foto: iStock"},{"@type":"BreadcrumbList","@id":"https:\/\/www.suno.com.br\/noticias\/moodys-melhora-perspectiva-credito-brasil\/#breadcrumb","itemListElement":[{"@type":"ListItem","position":1,"name":"Not\u00edcias","item":"https:\/\/www.suno.com.br\/noticias\/"},{"@type":"ListItem","position":2,"name":"Economia","item":"https:\/\/www.suno.com.br\/noticias\/economia\/"},{"@type":"ListItem","position":3,"name":"Moody&#8217;s melhora perspectiva de classifica\u00e7\u00e3o para risco de cr\u00e9dito do Brasil"}]},{"@type":"WebSite","@id":"https:\/\/www.suno.com.br\/noticias\/#website","url":"https:\/\/www.suno.com.br\/noticias\/","name":"Suno Not\u00edcias","description":"Seu portal de informa\u00e7\u00e3o sobre o mundo dos investimentos","publisher":{"@id":"https:\/\/www.suno.com.br\/noticias\/#organization"},"potentialAction":[{"@type":"SearchAction","target":{"@type":"EntryPoint","urlTemplate":"https:\/\/www.suno.com.br\/noticias\/?s={search_term_string}"},"query-input":{"@type":"PropertyValueSpecification","valueRequired":true,"valueName":"search_term_string"}}],"inLanguage":"pt-BR"},{"@type":"Organization","@id":"https:\/\/www.suno.com.br\/noticias\/#organization","name":"Suno Not\u00edcias","url":"https:\/\/www.suno.com.br\/noticias\/","logo":{"@type":"ImageObject","inLanguage":"pt-BR","@id":"https:\/\/www.suno.com.br\/noticias\/#\/schema\/logo\/image\/","url":"https:\/\/files.sunoresearch.com.br\/n\/uploads\/2021\/09\/suno-logo.png","contentUrl":"https:\/\/files.sunoresearch.com.br\/n\/uploads\/2021\/09\/suno-logo.png","width":180,"height":180,"caption":"Suno Not\u00edcias"},"image":{"@id":"https:\/\/www.suno.com.br\/noticias\/#\/schema\/logo\/image\/"},"sameAs":["https:\/\/facebook.com\/sunoresearch","https:\/\/x.com\/sunoresearch","https:\/\/www.instagram.com\/suno","https:\/\/www.linkedin.com\/company\/suno-research\/","https:\/\/www.youtube.com\/c\/sunoresearch"]},{"@type":"Person","@id":"https:\/\/www.suno.com.br\/noticias\/#\/schema\/person\/c1b1bd3727fa852bd045e9dbff3673ea","name":"Reda\u00e7\u00e3o Suno Not\u00edcias","image":{"@type":"ImageObject","inLanguage":"pt-BR","@id":"https:\/\/www.suno.com.br\/noticias\/#\/schema\/person\/image\/","url":"https:\/\/secure.gravatar.com\/avatar\/b8104b9b5a71985d5238ee59fbe418af?s=96&r=g","contentUrl":"https:\/\/secure.gravatar.com\/avatar\/b8104b9b5a71985d5238ee59fbe418af?s=96&r=g","caption":"Reda\u00e7\u00e3o Suno Not\u00edcias"},"description":"O Suno Not\u00edcias \u00e9 um portal de informa\u00e7\u00f5es sobre Mercado Financeiro, Pol\u00edtica, Neg\u00f3cios, Economia e Finan\u00e7as Pessoais.","sameAs":["https:\/\/www.suno.com.br\/noticias","https:\/\/www.facebook.com\/sunonoticias\/","https:\/\/www.instagram.com\/sunonoticias\/","https:\/\/x.com\/https:\/\/twitter.com\/sunoresearch","https:\/\/www.youtube.com\/sunonoticias"],"url":"https:\/\/www.suno.com.br\/noticias\/author\/redacao-suno\/"}]}},"default_loop_html":"<div class=\"cardsPage__listCard__boxs\"><div class=\"cardsPage__listCard__boxs__img\"><a href=\"https:\/\/www.suno.com.br\/noticias\/moodys-melhora-perspectiva-credito-brasil\/\"><img class=\"mask\" src=\"https:\/\/www.suno.com.br\/noticias\/wp-content\/themes\/suno\/resources\/images\/spotlight\/spotlight1img\/bg-mask.png\" alt=\"Image Mask\"\/><img src=\"https:\/\/files.sunoresearch.com.br\/n\/uploads\/2024\/05\/FIIs-carteiras-recomendadas-3-iStock-400x200.jpg\" alt=\"Moody&#8217;s melhora perspectiva de classifica\u00e7\u00e3o para risco de cr\u00e9dito do Brasil\"\/><\/a><span class=\"spotlightCategory\"><a href=\"https:\/\/www.suno.com.br\/noticias\/economia\/\">Economia<\/a><\/span><\/div><div class=\"cardsPage__listCard__boxs__content\"><a href=\"https:\/\/www.suno.com.br\/noticias\/moodys-melhora-perspectiva-credito-brasil\/\"><h2 class=\"content__title\">Moody&#8217;s melhora perspectiva de classifica\u00e7\u00e3o para risco de cr\u00e9dito do Brasil<\/h2><\/a><div class=\"newsContent__article__meta\"><div class=\"newsContent__article__meta__authorBox\"><a href=\"https:\/\/www.suno.com.br\/noticias\/author\/redacao-suno\/\" class=\"authorBox__avatar noMobi\"><img src=\"https:\/\/files.sunoresearch.com.br\/n\/uploads\/2020\/08\/0ace682d-redacao-1-150x150.webp\" alt=\"Reda\u00e7\u00e3o Suno Not\u00edcias\"><\/a><div class=\"authorBox__name\"><span>por\n\t\t\t<a href=\"https:\/\/www.suno.com.br\/noticias\/author\/redacao-suno\/\"><span itemprop=\"author\">Reda\u00e7\u00e3o Suno Not\u00edcias<\/span><\/a><\/span><time datetime=\"2024-05-01T14:50:10-03:00\" itemprop=\"datePublished\">01\/05\/2024 14:50<\/time><\/div><\/div><\/div><\/div><\/div>","single_layout":"posts","amp_enabled":true,"_links":{"self":[{"href":"https:\/\/www.suno.com.br\/noticias\/wp-json\/wp\/v2\/posts\/549796"}],"collection":[{"href":"https:\/\/www.suno.com.br\/noticias\/wp-json\/wp\/v2\/posts"}],"about":[{"href":"https:\/\/www.suno.com.br\/noticias\/wp-json\/wp\/v2\/types\/post"}],"author":[{"embeddable":true,"href":"https:\/\/www.suno.com.br\/noticias\/wp-json\/wp\/v2\/users\/43"}],"replies":[{"embeddable":true,"href":"https:\/\/www.suno.com.br\/noticias\/wp-json\/wp\/v2\/comments?post=549796"}],"version-history":[{"count":3,"href":"https:\/\/www.suno.com.br\/noticias\/wp-json\/wp\/v2\/posts\/549796\/revisions"}],"predecessor-version":[{"id":549827,"href":"https:\/\/www.suno.com.br\/noticias\/wp-json\/wp\/v2\/posts\/549796\/revisions\/549827"}],"wp:featuredmedia":[{"embeddable":true,"href":"https:\/\/www.suno.com.br\/noticias\/wp-json\/wp\/v2\/media\/549799"}],"wp:attachment":[{"href":"https:\/\/www.suno.com.br\/noticias\/wp-json\/wp\/v2\/media?parent=549796"}],"wp:term":[{"taxonomy":"category","embeddable":true,"href":"https:\/\/www.suno.com.br\/noticias\/wp-json\/wp\/v2\/categories?post=549796"},{"taxonomy":"post_tag","embeddable":true,"href":"https:\/\/www.suno.com.br\/noticias\/wp-json\/wp\/v2\/tags?post=549796"},{"taxonomy":"suno_strategy","embeddable":true,"href":"https:\/\/www.suno.com.br\/noticias\/wp-json\/wp\/v2\/suno_strategy?post=549796"}],"curies":[{"name":"wp","href":"https:\/\/api.w.org\/{rel}","templated":true}]}}