{"id":549588,"date":"2024-04-30T21:35:45","date_gmt":"2024-05-01T00:35:45","guid":{"rendered":"https:\/\/www.suno.com.br\/noticias\/?p=549588"},"modified":"2024-05-01T00:06:32","modified_gmt":"2024-05-01T03:06:32","slug":"equatorial-eqtl3-dividendos-valor-acao-mm","status":"publish","type":"post","link":"https:\/\/www.suno.com.br\/noticias\/equatorial-eqtl3-dividendos-valor-acao-mm\/","title":{"rendered":"Equatorial (EQTL3) vai pagar R$ 516,1 milh\u00f5es em dividendos"},"content":{"rendered":"<p>A <strong>Equatorial <\/strong>Energia<a href=\"https:\/\/www.suno.com.br\/acoes\/EQTL3\/\">&nbsp;(EQTL3)<\/a> informou que vai pagar R$ 516.198.688,66 em dividendos extraordin\u00e1rios aos seus acionistas, o equivalente a 0,44999346846 por a\u00e7\u00e3o ordin\u00e1ria. A empresa diz que a decis\u00e3o foi tomada em <a class=\"suno-keyword\" data-force=\"no\" data-priority=\"1\" href=\"https:\/\/www.suno.com.br\/artigos\/assembleia-geral-ordinaria\/\" target=\"_blank\" rel=\"noopener\">assembleia geral ordin\u00e1ria<\/a> e extraordin\u00e1ria nesta ter\u00e7a-feira (30).<\/p>\t<div class=\"wrapper-featured-image\">\n\t\t<figure class=\"spotlightImg\">\n\n\t\t\t<picture>\n\t\t\t\t<source media=\"(max-width: 768px)\" srcset=\"https:\/\/files.sunoresearch.com.br\/n\/uploads\/2022\/09\/Equatorial-400x200.jpg\">\n\t\t\t\t<img loading=\"lazy\" decoding=\"async\" class=\"newsContent__article__imgCapa lazyloadDisabled \" src=\"https:\/\/files.sunoresearch.com.br\/n\/uploads\/2022\/09\/Equatorial-800x450.jpg\" width=\"800\" height=\"450\" alt=\"Equatorial (EQTL3) vai pagar R$ 516,1 milh\u00f5es em dividendos\" fetchpriority=high \/>\n\t\t\t<\/picture>\n\n\t\t\t<figcaption class=\"wp-caption-text wp-caption-text--show\">Equatorial (EQTL3) Foto: Divulga\u00e7\u00e3o<\/figcaption>\n\t\t<\/figure>\n\t<\/div>\n\n\n\n\n\n\t<p>\n\t\t<a href=\"https:\/\/lp.suno.com.br\/planilha-da-vida-financeira\/\" target=\"_blank\" data-element=\"shortcode-suno-banner\" title=\"Banner SUNO, clique e saiba mais\">\n\t\t\t<picture>\n\t\t\t\t<source media=\"(max-width: 500px)\" srcset=\"https:\/\/files.sunoresearch.com.br\/n\/uploads\/2023\/04\/400x300-Planilha-vida-financeira-true.png\">\n\t\t\t\t<img class=\"newsContent__article__imgCapa newsContent__article__imgCapa--banner\"\n\t\t\t\t\tsrc=\"https:\/\/files.sunoresearch.com.br\/n\/uploads\/2023\/04\/1420x240-Planilha-vida-financeira-true.png\"\n\t\t\t\t\tdata-promo-id=\"106682\"\t\t\t\t\t\t\t\t\t\twidth='1420' height='240'\t\t\t\t\talt=\"https:\/\/files.sunoresearch.com.br\/n\/uploads\/2023\/04\/1420x240-Planilha-vida-financeira-true.png\"\n\t\t\t\t>\n\t\t\t<\/picture>\n\t\t<\/a>\n\t<\/p>\n\n\n\n\n\n\n\n<p>De acordo com condi\u00e7\u00f5es estabelecidas, os&nbsp;<strong>dividendos complementares da Equatorial <\/strong>ser\u00e3o imputados aos dividendos obrigat\u00f3rios a serem declarados com base no exerc\u00edcio de 2023. A companhia n\u00e3o divulgou quantos acionistas devem ser contemplados pelas&nbsp;<a href=\"https:\/\/www.suno.com.br\/artigos\/o-que-sao-acoes-ordinarias-preferenciais-e-units\/\" target=\"_blank\" rel=\"noreferrer noopener\">a\u00e7\u00f5es ordin\u00e1rias<\/a>.<\/p>\n\n\n\n<p>Os valores devem ser pagos em 10 de junho, em parcela \u00fanica, aos&nbsp;acionistas&nbsp;que est\u00e3o listados na <strong>base acion\u00e1ria da Equatorial<\/strong> ao t\u00e9rmino do preg\u00e3o desta ter\u00e7a-feira (30). A partir desta quinta-feira (2), os pap\u00e9is ser\u00e3o negociados como ex-dividendos.<\/p>\n\n\n\n<p>No dia 25 deste m\u00eas, o <a class=\"suno-keyword\" target=\"_blank\" data-force=\"no\" data-priority=\"1\" href=\"https:\/\/www.suno.com.br\/artigos\/conselho-administracao\/\" rel=\"noopener\">conselho de administra\u00e7\u00e3o<\/a> da empresa aprovou o aumento do capital social em um valor correspondente ao dividendo distribu\u00eddo. A opera\u00e7\u00e3o deve ser realizada por meio de uma emiss\u00e3o privada de at\u00e9 17.498.261 novas a\u00e7\u00f5es ordin\u00e1rias, nominativas, escriturais e sem <a class=\"suno-keyword\" target=\"_blank\" data-force=\"no\" data-priority=\"1\" href=\"https:\/\/www.suno.com.br\/artigos\/valor-nominal\/\" rel=\"noopener\">valor nominal<\/a>, segundo a <strong>Equatorial<\/strong>. Durante a emiss\u00e3o, cada a\u00e7\u00e3o foi avaliada em R$ 29,50, com base na cota\u00e7\u00e3o entre 13 de mar\u00e7o e 24 de abril. Um des\u00e1gio de 8,46% foi aplicado no processo.<\/p>\n\n\n\n<ul class=\"wp-block-list\">\n<li><strong>Tipo:<\/strong> dividendo<\/li>\n\n\n\n<li><strong>Valor por a\u00e7\u00e3o<\/strong>: R$ 0,4499<\/li>\n\n\n\n<li><strong>Data de corte<\/strong>: 30 de abril<\/li>\n\n\n\n<li><strong>Valor bruto do dividendo<\/strong>: R$ 516.198.688,66<\/li>\n\n\n\n<li>Rendimento (yield): 1,14%<\/li>\n<\/ul>\n\n\n\t<p>\n\t\t<a href=\"https:\/\/lp.suno.com.br\/ebook-como-analisar-uma-acao\/\" target=\"_blank\" data-element=\"shortcode-suno-banner\" title=\"Banner SUNO, clique e saiba mais\">\n\t\t\t<picture>\n\t\t\t\t<source media=\"(max-width: 500px)\" srcset=\"https:\/\/files.sunoresearch.com.br\/n\/uploads\/2023\/03\/Ebook-Acoes-Mobile.jpg\">\n\t\t\t\t<img class=\"newsContent__article__imgCapa newsContent__article__imgCapa--banner\"\n\t\t\t\t\tsrc=\"https:\/\/files.sunoresearch.com.br\/n\/uploads\/2023\/03\/Ebook-Acoes-Desktop.jpg\"\n\t\t\t\t\tdata-promo-id=\"378302\"\t\t\t\t\t\t\t\t\t\twidth='1420' height='286'\t\t\t\t\talt=\"https:\/\/files.sunoresearch.com.br\/n\/uploads\/2023\/03\/Ebook-Acoes-Desktop.jpg\"\n\t\t\t\t>\n\t\t\t<\/picture>\n\t\t<\/a>\n\t<\/p>\n\n\n\n\n\n<h2 class=\"wp-block-heading\">Equatorial: lucro l\u00edquido avan\u00e7a 20,6% no 4T23, para R$ 1,059 bi<\/h2>\n\n\n\n<p>A<strong>&nbsp;<\/strong>Equatorial, holding que atua nos segmentos de distribui\u00e7\u00e3o, transmiss\u00e3o, gera\u00e7\u00e3o e comercializa\u00e7\u00e3o de energia, al\u00e9m de servi\u00e7os em saneamento e telecomunica\u00e7\u00f5es, reportou um&nbsp;<a href=\"https:\/\/www.suno.com.br\/artigos\/lucro-liquido\/\">lucro l\u00edquido<\/a>&nbsp;ajustado de R$ 1,059 bilh\u00e3o no quarto trimestre de 2023, alta de 20,6% na compara\u00e7\u00e3o com o mesmo per\u00edodo do ano anterior.<\/p>\n\n\n\n<p>A&nbsp;<a href=\"https:\/\/www.suno.com.br\/artigos\/receita-liquida-operacional\/\">receita operacional l\u00edquida<\/a>&nbsp;da Equatorial saltou 42% no mesmo intervalo de tempo, para R$ 11,2 bilh\u00f5es, enquanto o Ebitda (lucro antes de juros, impostos, deprecia\u00e7\u00f5es e amortiza\u00e7\u00f5es) em base ajustada avan\u00e7ou 25,5%, para R$ 2,757 bilh\u00f5es.<\/p>\n\n\n\n<p>O resultado forte no&nbsp;<strong>4T23 da Equatorial<\/strong>&nbsp;\u00e9 explicado, principalmente, pela consolida\u00e7\u00e3o da Equatorial Goi\u00e1s no trimestre, que adiciona R$ 858 milh\u00f5es ao resultado.<\/p>\n\n\n\n<p>\u201cAl\u00e9m da consolida\u00e7\u00e3o da Equatorial Goi\u00e1s, na varia\u00e7\u00e3o entre trimestres, \u00e9 importante destacar outros movimentos que contribu\u00edram para o crescimento da margem nas demais distribuidoras, como o forte crescimento de mercado, melhora de perdas, aumento em outras receitas, que foi parcialmente compensado pela queda da tarifa fio-b\u201d, destaca trecho do relat\u00f3rio.<\/p>\n\n\n\n<p>Ainda no<strong>&nbsp;<\/strong>balan\u00e7o da<strong> Equatorial<\/strong>, a&nbsp;<a href=\"https:\/\/www.suno.com.br\/artigos\/divida-liquida\/\">d\u00edvida l\u00edquida<\/a>&nbsp;encerrou dezembro em R$ 35,338 bilh\u00f5es, montante 48,4% maior do que um ano antes. J\u00e1 os investimentos somaram R$ 2,638 bilh\u00f5es, eleva\u00e7\u00e3o de 54,3% em base anual de compara\u00e7\u00e3o.<\/p>\n\n\n\t<div data-element=\"shortcode-read-more\" class=\"knowMore\">\n\t\t\t\t<span class=\"knowMore__title\">Leia mais<\/span>\n\t\t\t\t<a class=\"knowMore__link\" href=\"https:\/\/www.suno.com.br\/noticias\/equatorial-eqtl3-4t23-gpj\/\">\n\t\t\tEquatorial (EQTL3): lucro l\u00edquido avan\u00e7a 20,6% no 4T23, para R$ 1,059 bilh\u00e3o\t\t<\/a>\n\t<\/div>\n\n\n\n\t<p>\n\t\t<a href=\"https:\/\/lp.suno.com.br\/planilha-da-vida-financeira\/\" target=\"_blank\" data-element=\"shortcode-suno-banner\" title=\"Banner SUNO, clique e saiba mais\">\n\t\t\t<picture>\n\t\t\t\t<source media=\"(max-width: 500px)\" srcset=\"https:\/\/files.sunoresearch.com.br\/n\/uploads\/2023\/04\/400x300-Planilha-vida-financeira-true.png\">\n\t\t\t\t<img class=\"newsContent__article__imgCapa newsContent__article__imgCapa--banner\"\n\t\t\t\t\tsrc=\"https:\/\/files.sunoresearch.com.br\/n\/uploads\/2023\/04\/1420x240-Planilha-vida-financeira-true.png\"\n\t\t\t\t\tdata-promo-id=\"383123\"\t\t\t\t\t\t\t\t\t\twidth='1420' height='240'\t\t\t\t\talt=\"https:\/\/files.sunoresearch.com.br\/n\/uploads\/2023\/04\/1420x240-Planilha-vida-financeira-true.png\"\n\t\t\t\t>\n\t\t\t<\/picture>\n\t\t<\/a>\n\t<\/p>\n\n\n","protected":false},"excerpt":{"rendered":"<p>A Equatorial Energia&nbsp;(EQTL3) informou que vai pagar R$ 516.198.688,66 em dividendos extraordin\u00e1rios aos seus acionistas, o equivalente a 0,44999346846 por a\u00e7\u00e3o ordin\u00e1ria. A empresa diz que a decis\u00e3o foi tomada em assembleia geral ordin\u00e1ria e extraordin\u00e1ria nesta ter\u00e7a-feira (30). Equatorial (EQTL3) Foto: Divulga\u00e7\u00e3o De acordo com condi\u00e7\u00f5es estabelecidas, os&nbsp;dividendos complementares da Equatorial ser\u00e3o imputados aos [&hellip;]<\/p>\n","protected":false},"author":345,"featured_media":301956,"comment_status":"closed","ping_status":"closed","sticky":false,"template":"","format":"standard","meta":[],"categories":[64],"tags":[286,295,105039],"suno_strategy":[],"class_list":["post-549588","post","type-post","status-publish","format-standard","has-post-thumbnail","hentry","category-negocios","tag-acoes","tag-dividendos","tag-equatorial-eqtl3"],"yoast_head":"<!-- This site is optimized with the Yoast SEO plugin v24.4 - https:\/\/yoast.com\/wordpress\/plugins\/seo\/ -->\n<title>Equatorial (EQTL3) vai pagar R$ 516,1 milh\u00f5es em dividendos<\/title>\n<meta name=\"description\" content=\"O pagamento acontece em 10 de junho aos\u00a0acionistas\u00a0que est\u00e3o listados na base acion\u00e1ria da empresa ao fim do preg\u00e3o desta ter\u00e7a-feira (30).\" \/>\n<meta name=\"robots\" content=\"index, follow, max-snippet:-1, max-image-preview:large, max-video-preview:-1\" \/>\n<link rel=\"canonical\" href=\"https:\/\/www.suno.com.br\/noticias\/equatorial-eqtl3-dividendos-valor-acao-mm\/\" \/>\n<meta property=\"og:locale\" content=\"pt_BR\" \/>\n<meta property=\"og:type\" content=\"article\" \/>\n<meta property=\"og:title\" content=\"Equatorial (EQTL3) vai pagar R$ 516,1 milh\u00f5es em dividendos\" \/>\n<meta property=\"og:description\" content=\"O pagamento acontece em 10 de junho aos\u00a0acionistas\u00a0que est\u00e3o listados na base acion\u00e1ria da empresa ao fim do preg\u00e3o desta ter\u00e7a-feira (30).\" \/>\n<meta property=\"og:url\" content=\"https:\/\/www.suno.com.br\/noticias\/equatorial-eqtl3-dividendos-valor-acao-mm\/\" \/>\n<meta property=\"og:site_name\" content=\"Suno Not\u00edcias\" \/>\n<meta property=\"article:publisher\" content=\"https:\/\/facebook.com\/sunoresearch\" \/>\n<meta property=\"og:image\" content=\"https:\/\/files.sunoresearch.com.br\/n\/uploads\/2022\/09\/Equatorial.jpg\" \/>\n\t<meta property=\"og:image:width\" content=\"1400\" \/>\n\t<meta property=\"og:image:height\" content=\"801\" \/>\n\t<meta property=\"og:image:type\" content=\"image\/jpeg\" \/>\n<meta name=\"author\" content=\"Murilo Melo\" \/>\n<meta name=\"twitter:card\" content=\"summary_large_image\" \/>\n<meta name=\"twitter:creator\" content=\"@sunoresearch\" \/>\n<meta name=\"twitter:site\" content=\"@sunoresearch\" \/>\n<meta name=\"twitter:label1\" content=\"Escrito por\" \/>\n\t<meta name=\"twitter:data1\" content=\"Murilo Melo\" \/>\n\t<meta name=\"twitter:label2\" content=\"Est. tempo de leitura\" \/>\n\t<meta name=\"twitter:data2\" content=\"3 minutos\" \/>\n<script type=\"application\/ld+json\" class=\"yoast-schema-graph\">{\"@context\":\"https:\/\/schema.org\",\"@graph\":[{\"@type\":\"NewsArticle\",\"@id\":\"https:\/\/www.suno.com.br\/noticias\/equatorial-eqtl3-dividendos-valor-acao-mm\/#article\",\"isPartOf\":{\"@id\":\"https:\/\/www.suno.com.br\/noticias\/equatorial-eqtl3-dividendos-valor-acao-mm\/\"},\"author\":{\"name\":\"Murilo Melo\",\"@id\":\"https:\/\/www.suno.com.br\/noticias\/#\/schema\/person\/32d4feb215afe4b317d446bb442400dd\"},\"headline\":\"Equatorial (EQTL3) vai pagar R$ 516,1 milh\u00f5es em dividendos\",\"datePublished\":\"2024-05-01T00:35:45+00:00\",\"dateModified\":\"2024-05-01T03:06:32+00:00\",\"mainEntityOfPage\":{\"@id\":\"https:\/\/www.suno.com.br\/noticias\/equatorial-eqtl3-dividendos-valor-acao-mm\/\"},\"wordCount\":495,\"publisher\":{\"@id\":\"https:\/\/www.suno.com.br\/noticias\/#organization\"},\"image\":{\"@id\":\"https:\/\/www.suno.com.br\/noticias\/equatorial-eqtl3-dividendos-valor-acao-mm\/#primaryimage\"},\"thumbnailUrl\":\"https:\/\/files.sunoresearch.com.br\/n\/uploads\/2022\/09\/Equatorial.jpg\",\"keywords\":[\"A\u00e7\u00f5es\",\"dividendos\",\"Equatorial (EQTL3)\"],\"articleSection\":[\"Neg\u00f3cios\"],\"inLanguage\":\"pt-BR\"},{\"@type\":\"WebPage\",\"@id\":\"https:\/\/www.suno.com.br\/noticias\/equatorial-eqtl3-dividendos-valor-acao-mm\/\",\"url\":\"https:\/\/www.suno.com.br\/noticias\/equatorial-eqtl3-dividendos-valor-acao-mm\/\",\"name\":\"Equatorial (EQTL3) vai pagar R$ 516,1 milh\u00f5es em dividendos\",\"isPartOf\":{\"@id\":\"https:\/\/www.suno.com.br\/noticias\/#website\"},\"primaryImageOfPage\":{\"@id\":\"https:\/\/www.suno.com.br\/noticias\/equatorial-eqtl3-dividendos-valor-acao-mm\/#primaryimage\"},\"image\":{\"@id\":\"https:\/\/www.suno.com.br\/noticias\/equatorial-eqtl3-dividendos-valor-acao-mm\/#primaryimage\"},\"thumbnailUrl\":\"https:\/\/files.sunoresearch.com.br\/n\/uploads\/2022\/09\/Equatorial.jpg\",\"datePublished\":\"2024-05-01T00:35:45+00:00\",\"dateModified\":\"2024-05-01T03:06:32+00:00\",\"description\":\"O pagamento acontece em 10 de junho aos\u00a0acionistas\u00a0que est\u00e3o listados na base acion\u00e1ria da empresa ao fim do preg\u00e3o desta ter\u00e7a-feira (30).\",\"breadcrumb\":{\"@id\":\"https:\/\/www.suno.com.br\/noticias\/equatorial-eqtl3-dividendos-valor-acao-mm\/#breadcrumb\"},\"inLanguage\":\"pt-BR\",\"potentialAction\":[{\"@type\":\"ReadAction\",\"target\":[\"https:\/\/www.suno.com.br\/noticias\/equatorial-eqtl3-dividendos-valor-acao-mm\/\"]}]},{\"@type\":\"ImageObject\",\"inLanguage\":\"pt-BR\",\"@id\":\"https:\/\/www.suno.com.br\/noticias\/equatorial-eqtl3-dividendos-valor-acao-mm\/#primaryimage\",\"url\":\"https:\/\/files.sunoresearch.com.br\/n\/uploads\/2022\/09\/Equatorial.jpg\",\"contentUrl\":\"https:\/\/files.sunoresearch.com.br\/n\/uploads\/2022\/09\/Equatorial.jpg\",\"width\":1400,\"height\":801,\"caption\":\"Equatorial (EQTL3) Foto: Divulga\u00e7\u00e3o\"},{\"@type\":\"BreadcrumbList\",\"@id\":\"https:\/\/www.suno.com.br\/noticias\/equatorial-eqtl3-dividendos-valor-acao-mm\/#breadcrumb\",\"itemListElement\":[{\"@type\":\"ListItem\",\"position\":1,\"name\":\"Not\u00edcias\",\"item\":\"https:\/\/www.suno.com.br\/noticias\/\"},{\"@type\":\"ListItem\",\"position\":2,\"name\":\"Neg\u00f3cios\",\"item\":\"https:\/\/www.suno.com.br\/noticias\/negocios\/\"},{\"@type\":\"ListItem\",\"position\":3,\"name\":\"Equatorial (EQTL3) vai pagar R$ 516,1 milh\u00f5es em dividendos\"}]},{\"@type\":\"WebSite\",\"@id\":\"https:\/\/www.suno.com.br\/noticias\/#website\",\"url\":\"https:\/\/www.suno.com.br\/noticias\/\",\"name\":\"Suno Not\u00edcias\",\"description\":\"Seu portal de informa\u00e7\u00e3o sobre o mundo dos investimentos\",\"publisher\":{\"@id\":\"https:\/\/www.suno.com.br\/noticias\/#organization\"},\"potentialAction\":[{\"@type\":\"SearchAction\",\"target\":{\"@type\":\"EntryPoint\",\"urlTemplate\":\"https:\/\/www.suno.com.br\/noticias\/?s={search_term_string}\"},\"query-input\":{\"@type\":\"PropertyValueSpecification\",\"valueRequired\":true,\"valueName\":\"search_term_string\"}}],\"inLanguage\":\"pt-BR\"},{\"@type\":\"Organization\",\"@id\":\"https:\/\/www.suno.com.br\/noticias\/#organization\",\"name\":\"Suno Not\u00edcias\",\"url\":\"https:\/\/www.suno.com.br\/noticias\/\",\"logo\":{\"@type\":\"ImageObject\",\"inLanguage\":\"pt-BR\",\"@id\":\"https:\/\/www.suno.com.br\/noticias\/#\/schema\/logo\/image\/\",\"url\":\"https:\/\/files.sunoresearch.com.br\/n\/uploads\/2021\/09\/suno-logo.png\",\"contentUrl\":\"https:\/\/files.sunoresearch.com.br\/n\/uploads\/2021\/09\/suno-logo.png\",\"width\":180,\"height\":180,\"caption\":\"Suno Not\u00edcias\"},\"image\":{\"@id\":\"https:\/\/www.suno.com.br\/noticias\/#\/schema\/logo\/image\/\"},\"sameAs\":[\"https:\/\/facebook.com\/sunoresearch\",\"https:\/\/x.com\/sunoresearch\",\"https:\/\/www.instagram.com\/suno\",\"https:\/\/www.linkedin.com\/company\/suno-research\/\",\"https:\/\/www.youtube.com\/c\/sunoresearch\"]},{\"@type\":\"Person\",\"@id\":\"https:\/\/www.suno.com.br\/noticias\/#\/schema\/person\/32d4feb215afe4b317d446bb442400dd\",\"name\":\"Murilo Melo\",\"image\":{\"@type\":\"ImageObject\",\"inLanguage\":\"pt-BR\",\"@id\":\"https:\/\/www.suno.com.br\/noticias\/#\/schema\/person\/image\/\",\"url\":\"https:\/\/secure.gravatar.com\/avatar\/af7a693198b592028493c0e8b0583d4f?s=96&r=g\",\"contentUrl\":\"https:\/\/secure.gravatar.com\/avatar\/af7a693198b592028493c0e8b0583d4f?s=96&r=g\",\"caption\":\"Murilo Melo\"},\"description\":\"\u00c9 um jornalista e letr\u00f3logo com vasta experi\u00eancia em economia, finan\u00e7as e mercado. J\u00e1 foi rep\u00f3rter de jornais, revistas e sites noticiosos como A Tarde, Correio e Folha de S.Paulo. No Suno Not\u00edcias, escreve sobre neg\u00f3cios\",\"url\":\"https:\/\/www.suno.com.br\/noticias\/author\/murilomelo-jornalismogmail-com\/\"}]}<\/script>\n<!-- \/ Yoast SEO plugin. -->","yoast_head_json":{"title":"Equatorial (EQTL3) vai pagar R$ 516,1 milh\u00f5es em dividendos","description":"O pagamento acontece em 10 de junho aos\u00a0acionistas\u00a0que est\u00e3o listados na base acion\u00e1ria da empresa ao fim do preg\u00e3o desta ter\u00e7a-feira (30).","robots":{"index":"index","follow":"follow","max-snippet":"max-snippet:-1","max-image-preview":"max-image-preview:large","max-video-preview":"max-video-preview:-1"},"canonical":"https:\/\/www.suno.com.br\/noticias\/equatorial-eqtl3-dividendos-valor-acao-mm\/","og_locale":"pt_BR","og_type":"article","og_title":"Equatorial (EQTL3) vai pagar R$ 516,1 milh\u00f5es em dividendos","og_description":"O pagamento acontece em 10 de junho aos\u00a0acionistas\u00a0que est\u00e3o listados na base acion\u00e1ria da empresa ao fim do preg\u00e3o desta ter\u00e7a-feira (30).","og_url":"https:\/\/www.suno.com.br\/noticias\/equatorial-eqtl3-dividendos-valor-acao-mm\/","og_site_name":"Suno Not\u00edcias","article_publisher":"https:\/\/facebook.com\/sunoresearch","og_image":[{"width":1400,"height":801,"url":"https:\/\/files.sunoresearch.com.br\/n\/uploads\/2022\/09\/Equatorial.jpg","type":"image\/jpeg"}],"author":"Murilo Melo","twitter_card":"summary_large_image","twitter_creator":"@sunoresearch","twitter_site":"@sunoresearch","twitter_misc":{"Escrito por":"Murilo Melo","Est. tempo de leitura":"3 minutos"},"schema":{"@context":"https:\/\/schema.org","@graph":[{"@type":"NewsArticle","@id":"https:\/\/www.suno.com.br\/noticias\/equatorial-eqtl3-dividendos-valor-acao-mm\/#article","isPartOf":{"@id":"https:\/\/www.suno.com.br\/noticias\/equatorial-eqtl3-dividendos-valor-acao-mm\/"},"author":{"name":"Murilo Melo","@id":"https:\/\/www.suno.com.br\/noticias\/#\/schema\/person\/32d4feb215afe4b317d446bb442400dd"},"headline":"Equatorial (EQTL3) vai pagar R$ 516,1 milh\u00f5es em dividendos","datePublished":"2024-05-01T00:35:45+00:00","dateModified":"2024-05-01T03:06:32+00:00","mainEntityOfPage":{"@id":"https:\/\/www.suno.com.br\/noticias\/equatorial-eqtl3-dividendos-valor-acao-mm\/"},"wordCount":495,"publisher":{"@id":"https:\/\/www.suno.com.br\/noticias\/#organization"},"image":{"@id":"https:\/\/www.suno.com.br\/noticias\/equatorial-eqtl3-dividendos-valor-acao-mm\/#primaryimage"},"thumbnailUrl":"https:\/\/files.sunoresearch.com.br\/n\/uploads\/2022\/09\/Equatorial.jpg","keywords":["A\u00e7\u00f5es","dividendos","Equatorial (EQTL3)"],"articleSection":["Neg\u00f3cios"],"inLanguage":"pt-BR"},{"@type":"WebPage","@id":"https:\/\/www.suno.com.br\/noticias\/equatorial-eqtl3-dividendos-valor-acao-mm\/","url":"https:\/\/www.suno.com.br\/noticias\/equatorial-eqtl3-dividendos-valor-acao-mm\/","name":"Equatorial (EQTL3) vai pagar R$ 516,1 milh\u00f5es em dividendos","isPartOf":{"@id":"https:\/\/www.suno.com.br\/noticias\/#website"},"primaryImageOfPage":{"@id":"https:\/\/www.suno.com.br\/noticias\/equatorial-eqtl3-dividendos-valor-acao-mm\/#primaryimage"},"image":{"@id":"https:\/\/www.suno.com.br\/noticias\/equatorial-eqtl3-dividendos-valor-acao-mm\/#primaryimage"},"thumbnailUrl":"https:\/\/files.sunoresearch.com.br\/n\/uploads\/2022\/09\/Equatorial.jpg","datePublished":"2024-05-01T00:35:45+00:00","dateModified":"2024-05-01T03:06:32+00:00","description":"O pagamento acontece em 10 de junho aos\u00a0acionistas\u00a0que est\u00e3o listados na base acion\u00e1ria da empresa ao fim do preg\u00e3o desta ter\u00e7a-feira (30).","breadcrumb":{"@id":"https:\/\/www.suno.com.br\/noticias\/equatorial-eqtl3-dividendos-valor-acao-mm\/#breadcrumb"},"inLanguage":"pt-BR","potentialAction":[{"@type":"ReadAction","target":["https:\/\/www.suno.com.br\/noticias\/equatorial-eqtl3-dividendos-valor-acao-mm\/"]}]},{"@type":"ImageObject","inLanguage":"pt-BR","@id":"https:\/\/www.suno.com.br\/noticias\/equatorial-eqtl3-dividendos-valor-acao-mm\/#primaryimage","url":"https:\/\/files.sunoresearch.com.br\/n\/uploads\/2022\/09\/Equatorial.jpg","contentUrl":"https:\/\/files.sunoresearch.com.br\/n\/uploads\/2022\/09\/Equatorial.jpg","width":1400,"height":801,"caption":"Equatorial (EQTL3) Foto: Divulga\u00e7\u00e3o"},{"@type":"BreadcrumbList","@id":"https:\/\/www.suno.com.br\/noticias\/equatorial-eqtl3-dividendos-valor-acao-mm\/#breadcrumb","itemListElement":[{"@type":"ListItem","position":1,"name":"Not\u00edcias","item":"https:\/\/www.suno.com.br\/noticias\/"},{"@type":"ListItem","position":2,"name":"Neg\u00f3cios","item":"https:\/\/www.suno.com.br\/noticias\/negocios\/"},{"@type":"ListItem","position":3,"name":"Equatorial (EQTL3) vai pagar R$ 516,1 milh\u00f5es em dividendos"}]},{"@type":"WebSite","@id":"https:\/\/www.suno.com.br\/noticias\/#website","url":"https:\/\/www.suno.com.br\/noticias\/","name":"Suno Not\u00edcias","description":"Seu portal de informa\u00e7\u00e3o sobre o mundo dos investimentos","publisher":{"@id":"https:\/\/www.suno.com.br\/noticias\/#organization"},"potentialAction":[{"@type":"SearchAction","target":{"@type":"EntryPoint","urlTemplate":"https:\/\/www.suno.com.br\/noticias\/?s={search_term_string}"},"query-input":{"@type":"PropertyValueSpecification","valueRequired":true,"valueName":"search_term_string"}}],"inLanguage":"pt-BR"},{"@type":"Organization","@id":"https:\/\/www.suno.com.br\/noticias\/#organization","name":"Suno Not\u00edcias","url":"https:\/\/www.suno.com.br\/noticias\/","logo":{"@type":"ImageObject","inLanguage":"pt-BR","@id":"https:\/\/www.suno.com.br\/noticias\/#\/schema\/logo\/image\/","url":"https:\/\/files.sunoresearch.com.br\/n\/uploads\/2021\/09\/suno-logo.png","contentUrl":"https:\/\/files.sunoresearch.com.br\/n\/uploads\/2021\/09\/suno-logo.png","width":180,"height":180,"caption":"Suno Not\u00edcias"},"image":{"@id":"https:\/\/www.suno.com.br\/noticias\/#\/schema\/logo\/image\/"},"sameAs":["https:\/\/facebook.com\/sunoresearch","https:\/\/x.com\/sunoresearch","https:\/\/www.instagram.com\/suno","https:\/\/www.linkedin.com\/company\/suno-research\/","https:\/\/www.youtube.com\/c\/sunoresearch"]},{"@type":"Person","@id":"https:\/\/www.suno.com.br\/noticias\/#\/schema\/person\/32d4feb215afe4b317d446bb442400dd","name":"Murilo Melo","image":{"@type":"ImageObject","inLanguage":"pt-BR","@id":"https:\/\/www.suno.com.br\/noticias\/#\/schema\/person\/image\/","url":"https:\/\/secure.gravatar.com\/avatar\/af7a693198b592028493c0e8b0583d4f?s=96&r=g","contentUrl":"https:\/\/secure.gravatar.com\/avatar\/af7a693198b592028493c0e8b0583d4f?s=96&r=g","caption":"Murilo Melo"},"description":"\u00c9 um jornalista e letr\u00f3logo com vasta experi\u00eancia em economia, finan\u00e7as e mercado. J\u00e1 foi rep\u00f3rter de jornais, revistas e sites noticiosos como A Tarde, Correio e Folha de S.Paulo. No Suno Not\u00edcias, escreve sobre neg\u00f3cios","url":"https:\/\/www.suno.com.br\/noticias\/author\/murilomelo-jornalismogmail-com\/"}]}},"default_loop_html":"<div class=\"cardsPage__listCard__boxs\"><div class=\"cardsPage__listCard__boxs__img\"><a href=\"https:\/\/www.suno.com.br\/noticias\/equatorial-eqtl3-dividendos-valor-acao-mm\/\"><img class=\"mask\" src=\"https:\/\/www.suno.com.br\/noticias\/wp-content\/themes\/suno\/resources\/images\/spotlight\/spotlight1img\/bg-mask.png\" alt=\"Image Mask\"\/><img src=\"https:\/\/files.sunoresearch.com.br\/n\/uploads\/2022\/09\/Equatorial-400x200.jpg\" alt=\"Equatorial (EQTL3) vai pagar R$ 516,1 milh\u00f5es em dividendos\"\/><\/a><span class=\"spotlightCategory\"><a href=\"https:\/\/www.suno.com.br\/noticias\/negocios\/\">Neg\u00f3cios<\/a><\/span><\/div><div class=\"cardsPage__listCard__boxs__content\"><a href=\"https:\/\/www.suno.com.br\/noticias\/equatorial-eqtl3-dividendos-valor-acao-mm\/\"><h2 class=\"content__title\">Equatorial (EQTL3) vai pagar R$ 516,1 milh\u00f5es em dividendos<\/h2><\/a><div class=\"newsContent__article__meta\"><div class=\"newsContent__article__meta__authorBox\"><a href=\"https:\/\/www.suno.com.br\/noticias\/author\/murilomelo-jornalismogmail-com\/\" class=\"authorBox__avatar noMobi\"><img src=\"https:\/\/files.sunoresearch.com.br\/n\/uploads\/2024\/02\/Murilo_Melo_Jornalista-e1708476456132-150x150.jpeg\" alt=\"Murilo Melo\"><\/a><div class=\"authorBox__name\"><span>por\n\t\t\t<a href=\"https:\/\/www.suno.com.br\/noticias\/author\/murilomelo-jornalismogmail-com\/\"><span itemprop=\"author\">Murilo Melo<\/span><\/a><\/span><time datetime=\"2024-04-30T21:35:45-03:00\" itemprop=\"datePublished\">30\/04\/2024 21:35<\/time><\/div><\/div><\/div><\/div><\/div>","single_layout":"posts","amp_enabled":true,"_links":{"self":[{"href":"https:\/\/www.suno.com.br\/noticias\/wp-json\/wp\/v2\/posts\/549588"}],"collection":[{"href":"https:\/\/www.suno.com.br\/noticias\/wp-json\/wp\/v2\/posts"}],"about":[{"href":"https:\/\/www.suno.com.br\/noticias\/wp-json\/wp\/v2\/types\/post"}],"author":[{"embeddable":true,"href":"https:\/\/www.suno.com.br\/noticias\/wp-json\/wp\/v2\/users\/345"}],"replies":[{"embeddable":true,"href":"https:\/\/www.suno.com.br\/noticias\/wp-json\/wp\/v2\/comments?post=549588"}],"version-history":[{"count":3,"href":"https:\/\/www.suno.com.br\/noticias\/wp-json\/wp\/v2\/posts\/549588\/revisions"}],"predecessor-version":[{"id":549662,"href":"https:\/\/www.suno.com.br\/noticias\/wp-json\/wp\/v2\/posts\/549588\/revisions\/549662"}],"wp:featuredmedia":[{"embeddable":true,"href":"https:\/\/www.suno.com.br\/noticias\/wp-json\/wp\/v2\/media\/301956"}],"wp:attachment":[{"href":"https:\/\/www.suno.com.br\/noticias\/wp-json\/wp\/v2\/media?parent=549588"}],"wp:term":[{"taxonomy":"category","embeddable":true,"href":"https:\/\/www.suno.com.br\/noticias\/wp-json\/wp\/v2\/categories?post=549588"},{"taxonomy":"post_tag","embeddable":true,"href":"https:\/\/www.suno.com.br\/noticias\/wp-json\/wp\/v2\/tags?post=549588"},{"taxonomy":"suno_strategy","embeddable":true,"href":"https:\/\/www.suno.com.br\/noticias\/wp-json\/wp\/v2\/suno_strategy?post=549588"}],"curies":[{"name":"wp","href":"https:\/\/api.w.org\/{rel}","templated":true}]}}