{"id":549304,"date":"2024-04-30T13:06:34","date_gmt":"2024-04-30T16:06:34","guid":{"rendered":"https:\/\/www.suno.com.br\/noticias\/?p=549304"},"modified":"2024-04-30T13:06:40","modified_gmt":"2024-04-30T16:06:40","slug":"taxa-de-desemprego-primeiro-trimestre-ibge-gpj","status":"publish","type":"post","link":"https:\/\/www.suno.com.br\/noticias\/taxa-de-desemprego-primeiro-trimestre-ibge-gpj\/","title":{"rendered":"Taxa de desemprego sobe para 7,9% no primeiro trimestre, revela IBGE"},"content":{"rendered":"<p class=\"has-text-align-left\">A<strong> taxa de<\/strong> <strong>desemprego<\/strong> no primeiro trimestre de 2024 ficou em 7,9%. O resultado representa uma eleva\u00e7\u00e3o de 0,5 ponto percentual em rela\u00e7\u00e3o ao trimestre encerrado em dezembro de 2023 (7,4%). Apesar da alta, o \u00edndice do primeiro trimestre \u00e9 o menor para o per\u00edodo desde 2014, quando alcan\u00e7ou 7,2%.<img decoding=\"async\" style=\"width: 1px; height: 1px; display: inline;\" src=\"https:\/\/agenciabrasil.ebc.com.br\/ebc.png?id=1592856&amp;o=rss\"><img decoding=\"async\" style=\"width: 1px; height: 1px; display: inline;\" src=\"https:\/\/agenciabrasil.ebc.com.br\/ebc.gif?id=1592856&amp;o=rss\"><\/p>\t<div class=\"wrapper-featured-image\">\n\t\t<figure class=\"spotlightImg\">\n\n\t\t\t<picture>\n\t\t\t\t<source media=\"(max-width: 768px)\" srcset=\"https:\/\/files.sunoresearch.com.br\/n\/uploads\/2024\/04\/iStock-1337134292-400x200.jpg\">\n\t\t\t\t<img loading=\"lazy\" decoding=\"async\" class=\"newsContent__article__imgCapa lazyloadDisabled \" src=\"https:\/\/files.sunoresearch.com.br\/n\/uploads\/2024\/04\/iStock-1337134292-800x450.jpg\" width=\"800\" height=\"450\" alt=\"Taxa de desemprego sobe para 7,9% no primeiro trimestre, revela IBGE\" fetchpriority=high \/>\n\t\t\t<\/picture>\n\n\t\t\t<figcaption class=\"wp-caption-text wp-caption-text--show\">Desemprego. Foto: iStock.<\/figcaption>\n\t\t<\/figure>\n\t<\/div>\n\n\n<p class=\"has-text-align-left\">A<strong> taxa de<\/strong> <strong>desemprego<\/strong> no primeiro trimestre de 2024 ficou em 7,9%. O resultado representa uma eleva\u00e7\u00e3o de 0,5 ponto percentual em rela\u00e7\u00e3o ao trimestre encerrado em dezembro de 2023 (7,4%). Apesar da alta, o \u00edndice do primeiro trimestre \u00e9 o menor para o per\u00edodo desde 2014, quando alcan\u00e7ou 7,2%.<img decoding=\"async\" style=\"width: 1px; height: 1px; display: inline;\" src=\"https:\/\/agenciabrasil.ebc.com.br\/ebc.png?id=1592856&amp;o=rss\"><img decoding=\"async\" style=\"width: 1px; height: 1px; display: inline;\" src=\"https:\/\/agenciabrasil.ebc.com.br\/ebc.gif?id=1592856&amp;o=rss\"><\/p>\n\n\n\n\n\t<p>\n\t\t<a href=\"https:\/\/lp.suno.com.br\/ebook-gratuito-investindo-no-exterior\/\" target=\"_blank\" data-element=\"shortcode-suno-banner\" title=\"Banner SUNO, clique e saiba mais\">\n\t\t\t<picture>\n\t\t\t\t<source media=\"(max-width: 500px)\" srcset=\"https:\/\/files.sunoresearch.com.br\/n\/uploads\/2023\/03\/400x300-Investindo-no-exterior.png\">\n\t\t\t\t<img class=\"newsContent__article__imgCapa newsContent__article__imgCapa--banner\"\n\t\t\t\t\tsrc=\"https:\/\/files.sunoresearch.com.br\/n\/uploads\/2023\/03\/1420x240-Investindo-no-exterior.png\"\n\t\t\t\t\tdata-promo-id=\"383161\"\t\t\t\t\t\t\t\t\t\twidth='1420' height='240'\t\t\t\t\talt=\"https:\/\/files.sunoresearch.com.br\/n\/uploads\/2023\/03\/1420x240-Investindo-no-exterior.png\"\n\t\t\t\t>\n\t\t\t<\/picture>\n\t\t<\/a>\n\t<\/p>\n\n\n\n\n\n\n\n\n\n<p>Segundo o IBGE, o pa\u00eds tinha 8,6 milh\u00f5es de pessoas desocupadas no primeiro trimestre, 542 mil a mais (+6,7%) que no fim do ano passado. J\u00e1 em rela\u00e7\u00e3o ao mesmo per\u00edodo de 2023, o saldo \u00e9 de 808 mil pessoas a menos (-8,6%). O IBGE classifica como desocupadas as pessoas que est\u00e3o procurando trabalho.<\/p>\n\n\n\n<p>J\u00e1 o<strong> n\u00famero de ocupados no Brasil<\/strong> ficou em 100,2 milh\u00f5es de pessoas no primeiro trimestre de 2024, uma queda de 782 mil (-0,8%) em rela\u00e7\u00e3o ao \u00faltimo trimestre de 2023 e um acr\u00e9scimo de 2,4 milh\u00f5es (+2,4%) em rela\u00e7\u00e3o aos tr\u00eas primeiros meses de 2023.<\/p>\n\n\n\n<p>O <strong>levantamento do IBGE<\/strong> apura todas as formas de ocupa\u00e7\u00e3o, seja emprego com ou sem carteira assinada, tempor\u00e1rio e por conta pr\u00f3pria, por exemplo.<\/p>\n\n\n\n<h2 class=\"wp-block-heading\">Sazonalidade<\/h2>\n\n\n\n<p>Para a coordenadora da Pesquisa, Adriana Beringuy, o aumento da taxa de desocupa\u00e7\u00e3o \u00e9 um comportamento t\u00edpico de in\u00edcio de ano. \u201cO primeiro trimestre de cada ano \u00e9 caracterizado por perdas na ocupa\u00e7\u00e3o. Parte vem de dispensa de trabalhadores tempor\u00e1rios\u201d, opina.<\/p>\n\n\n\n<p>Entre os postos tempor\u00e1rios, ela inclui trabalhadores do setor p\u00fablico. \u201cParte importante veio da administra\u00e7\u00e3o p\u00fablica, especificamente no segmento da educa\u00e7\u00e3o. Na virada do ano esses trabalhadores s\u00e3o dispensados. \u00c0 medida que se retorna o ano letivo, h\u00e1 tend\u00eancia de retorno desse contingente\u201d, observa.<\/p>\n\n\n\n<p>A pesquisadora avalia que est\u00e1 mantida uma tend\u00eancia de redu\u00e7\u00e3o no <strong>desemprego no Brasil<\/strong>. \u201cO movimento sazonal desse trimestre n\u00e3o anula a tend\u00eancia de redu\u00e7\u00e3o da taxa de desocupa\u00e7\u00e3o observada nos \u00faltimos dois anos\u201d, acrescenta Adriana.&nbsp;<\/p>\n\n\n\n<h2 class=\"wp-block-heading\">Carteira assinada<\/h2>\n\n\n\n<p>A pesquisa aponta que, mesmo com redu\u00e7\u00e3o na ocupa\u00e7\u00e3o no primeiro trimestre ante o fim de 2023, n\u00e3o houve mudan\u00e7a significativa no n\u00edvel de <strong>emprego com carteira assinada<\/strong>, cerca de 38 milh\u00f5es de pessoas. Esse quantitativo representa alta de 3,5% em rela\u00e7\u00e3o ao mesmo per\u00edodo do ano passado.<\/p>\n\n\n\n<p>Adriana detalha que, das 782 mil pessoas que ficaram desocupadas, a maior parte &#8211; mais de 500 mil &#8211; foi de trabalhadores informais. \u201cA gente teve uma perda de ocupa\u00e7\u00e3o como um todo, mas a popula\u00e7\u00e3o com carteira ficou constante\u201d, resume.<\/p>\n\n\n\n<p>A <strong>taxa de informalidade<\/strong> nos primeiros tr\u00eas meses de 2024 ficou em 38,9% da popula\u00e7\u00e3o ocupada (38,9 milh\u00f5es de trabalhadores informais) contra 39,1% no trimestre anterior.<\/p>\n\n\n\n<h2 class=\"wp-block-heading\">Rendimento<\/h2>\n\n\n\n<p>Na m\u00e9dia de janeiro, fevereiro e mar\u00e7o deste ano, o <strong>rendimento m\u00e9dio do trabalhador <\/strong>alcan\u00e7ou R$ 3.123. O valor representa alta de 1,5% entre trimestres seguidos e 4% ante o primeiro trimestre de 2023.<\/p>\n\n\n\n<p>J\u00e1 a massa de rendimentos atingiu R$ 308,3 bilh\u00f5es, um recorde na s\u00e9rie hist\u00f3rica iniciada em 2012. Esse \u00e9 o valor que os trabalhadores ocupados recebem para movimentar a economia. Apesar de recorde, o montante apresenta uma estabilidade em rela\u00e7\u00e3o ao trimestre final de 2023.<\/p>\n\n\n\n<p>\u201cEmbora tenha havido crescimento do rendimento do trabalhador, o contingente de ocupados caiu, \u00e9 como se um efeito tivesse anulado o outro\u201d, acrescenta Adriana Beringuy sobre o levantamento do IBGE, que trouxe a <strong>taxa de desemprego<\/strong> no Brasil em mar\u00e7o.<\/p>\n\n\n\n<p><em>*Com informa\u00e7\u00f5es de Ag\u00eancia Brasil e Estad\u00e3o Conte\u00fado<\/em><\/p>\n\n\n\t<p>\n\t\t<a href=\"https:\/\/lp.suno.com.br\/planilha-da-vida-financeira\/\" target=\"_blank\" data-element=\"shortcode-suno-banner\" title=\"Banner SUNO, clique e saiba mais\">\n\t\t\t<picture>\n\t\t\t\t<source media=\"(max-width: 500px)\" srcset=\"https:\/\/files.sunoresearch.com.br\/n\/uploads\/2023\/04\/400x300-Planilha-vida-financeira-true.png\">\n\t\t\t\t<img class=\"newsContent__article__imgCapa newsContent__article__imgCapa--banner\"\n\t\t\t\t\tsrc=\"https:\/\/files.sunoresearch.com.br\/n\/uploads\/2023\/04\/1420x240-Planilha-vida-financeira-true.png\"\n\t\t\t\t\tdata-promo-id=\"383123\"\t\t\t\t\t\t\t\t\t\twidth='1420' height='240'\t\t\t\t\talt=\"https:\/\/files.sunoresearch.com.br\/n\/uploads\/2023\/04\/1420x240-Planilha-vida-financeira-true.png\"\n\t\t\t\t>\n\t\t\t<\/picture>\n\t\t<\/a>\n\t<\/p>\n\n\n","protected":false},"excerpt":{"rendered":"<p>A taxa de desemprego no primeiro trimestre de 2024 ficou em 7,9%. O resultado representa uma eleva\u00e7\u00e3o de 0,5 ponto percentual em rela\u00e7\u00e3o ao trimestre encerrado em dezembro de 2023 (7,4%). Apesar da alta, o \u00edndice do primeiro trimestre \u00e9 o menor para o per\u00edodo desde 2014, quando alcan\u00e7ou 7,2%. Desemprego. Foto: iStock. A taxa [&hellip;]<\/p>\n","protected":false},"author":313,"featured_media":549328,"comment_status":"closed","ping_status":"closed","sticky":false,"template":"","format":"standard","meta":[],"categories":[62],"tags":[1296,1796,105816,821],"suno_strategy":[],"class_list":["post-549304","post","type-post","status-publish","format-standard","has-post-thumbnail","hentry","category-economia","tag-desemprego","tag-emprego","tag-especialistas","tag-ibge"],"yoast_head":"<!-- This site is optimized with the Yoast SEO plugin v24.4 - https:\/\/yoast.com\/wordpress\/plugins\/seo\/ -->\n<title>Taxa de desemprego sobe para 7,9% no primeiro tri, revela IBGE<\/title>\n<meta name=\"description\" content=\"A taxa de desemprego representa uma eleva\u00e7\u00e3o de 0,5 p.p em rela\u00e7\u00e3o ao tri encerrado em dezembro de 2023, segundo o IBGE. Saiba mais!\" \/>\n<meta name=\"robots\" content=\"index, follow, max-snippet:-1, max-image-preview:large, max-video-preview:-1\" \/>\n<link rel=\"canonical\" href=\"https:\/\/www.suno.com.br\/noticias\/taxa-de-desemprego-primeiro-trimestre-ibge-gpj\/\" \/>\n<meta property=\"og:locale\" content=\"pt_BR\" \/>\n<meta property=\"og:type\" content=\"article\" \/>\n<meta property=\"og:title\" content=\"Taxa de desemprego sobe para 7,9% no primeiro tri, revela IBGE\" \/>\n<meta property=\"og:description\" content=\"A taxa de desemprego representa uma eleva\u00e7\u00e3o de 0,5 p.p em rela\u00e7\u00e3o ao tri encerrado em dezembro de 2023, segundo o IBGE. Saiba mais!\" \/>\n<meta property=\"og:url\" content=\"https:\/\/www.suno.com.br\/noticias\/taxa-de-desemprego-primeiro-trimestre-ibge-gpj\/\" \/>\n<meta property=\"og:site_name\" content=\"Suno Not\u00edcias\" \/>\n<meta property=\"article:publisher\" content=\"https:\/\/facebook.com\/sunoresearch\" \/>\n<meta property=\"og:image\" content=\"https:\/\/files.sunoresearch.com.br\/n\/uploads\/2024\/04\/iStock-1337134292.jpg\" \/>\n\t<meta property=\"og:image:width\" content=\"2121\" \/>\n\t<meta property=\"og:image:height\" content=\"1414\" \/>\n\t<meta property=\"og:image:type\" content=\"image\/jpeg\" \/>\n<meta name=\"author\" content=\"Giovanni Porf\u00edrio Jacomino\" \/>\n<meta name=\"twitter:card\" content=\"summary_large_image\" \/>\n<meta name=\"twitter:creator\" content=\"@sunoresearch\" \/>\n<meta name=\"twitter:site\" content=\"@sunoresearch\" \/>\n<meta name=\"twitter:label1\" content=\"Escrito por\" \/>\n\t<meta name=\"twitter:data1\" content=\"Giovanni Porf\u00edrio Jacomino\" \/>\n\t<meta name=\"twitter:label2\" content=\"Est. tempo de leitura\" \/>\n\t<meta name=\"twitter:data2\" content=\"4 minutos\" \/>\n<script type=\"application\/ld+json\" class=\"yoast-schema-graph\">{\"@context\":\"https:\/\/schema.org\",\"@graph\":[{\"@type\":\"NewsArticle\",\"@id\":\"https:\/\/www.suno.com.br\/noticias\/taxa-de-desemprego-primeiro-trimestre-ibge-gpj\/#article\",\"isPartOf\":{\"@id\":\"https:\/\/www.suno.com.br\/noticias\/taxa-de-desemprego-primeiro-trimestre-ibge-gpj\/\"},\"author\":{\"name\":\"Giovanni Porf\u00edrio Jacomino\",\"@id\":\"https:\/\/www.suno.com.br\/noticias\/#\/schema\/person\/d0f32748bbca4bee871fa191ee4e2d40\"},\"headline\":\"Taxa de desemprego sobe para 7,9% no primeiro trimestre, revela IBGE\",\"datePublished\":\"2024-04-30T16:06:34+00:00\",\"dateModified\":\"2024-04-30T16:06:40+00:00\",\"mainEntityOfPage\":{\"@id\":\"https:\/\/www.suno.com.br\/noticias\/taxa-de-desemprego-primeiro-trimestre-ibge-gpj\/\"},\"wordCount\":624,\"publisher\":{\"@id\":\"https:\/\/www.suno.com.br\/noticias\/#organization\"},\"image\":{\"@id\":\"https:\/\/www.suno.com.br\/noticias\/taxa-de-desemprego-primeiro-trimestre-ibge-gpj\/#primaryimage\"},\"thumbnailUrl\":\"https:\/\/files.sunoresearch.com.br\/n\/uploads\/2024\/04\/iStock-1337134292.jpg\",\"keywords\":[\"Desemprego\",\"Emprego\",\"Especialistas\",\"IBGE\"],\"articleSection\":[\"Economia\"],\"inLanguage\":\"pt-BR\"},{\"@type\":\"WebPage\",\"@id\":\"https:\/\/www.suno.com.br\/noticias\/taxa-de-desemprego-primeiro-trimestre-ibge-gpj\/\",\"url\":\"https:\/\/www.suno.com.br\/noticias\/taxa-de-desemprego-primeiro-trimestre-ibge-gpj\/\",\"name\":\"Taxa de desemprego sobe para 7,9% no primeiro tri, revela IBGE\",\"isPartOf\":{\"@id\":\"https:\/\/www.suno.com.br\/noticias\/#website\"},\"primaryImageOfPage\":{\"@id\":\"https:\/\/www.suno.com.br\/noticias\/taxa-de-desemprego-primeiro-trimestre-ibge-gpj\/#primaryimage\"},\"image\":{\"@id\":\"https:\/\/www.suno.com.br\/noticias\/taxa-de-desemprego-primeiro-trimestre-ibge-gpj\/#primaryimage\"},\"thumbnailUrl\":\"https:\/\/files.sunoresearch.com.br\/n\/uploads\/2024\/04\/iStock-1337134292.jpg\",\"datePublished\":\"2024-04-30T16:06:34+00:00\",\"dateModified\":\"2024-04-30T16:06:40+00:00\",\"description\":\"A taxa de desemprego representa uma eleva\u00e7\u00e3o de 0,5 p.p em rela\u00e7\u00e3o ao tri encerrado em dezembro de 2023, segundo o IBGE. Saiba mais!\",\"breadcrumb\":{\"@id\":\"https:\/\/www.suno.com.br\/noticias\/taxa-de-desemprego-primeiro-trimestre-ibge-gpj\/#breadcrumb\"},\"inLanguage\":\"pt-BR\",\"potentialAction\":[{\"@type\":\"ReadAction\",\"target\":[\"https:\/\/www.suno.com.br\/noticias\/taxa-de-desemprego-primeiro-trimestre-ibge-gpj\/\"]}]},{\"@type\":\"ImageObject\",\"inLanguage\":\"pt-BR\",\"@id\":\"https:\/\/www.suno.com.br\/noticias\/taxa-de-desemprego-primeiro-trimestre-ibge-gpj\/#primaryimage\",\"url\":\"https:\/\/files.sunoresearch.com.br\/n\/uploads\/2024\/04\/iStock-1337134292.jpg\",\"contentUrl\":\"https:\/\/files.sunoresearch.com.br\/n\/uploads\/2024\/04\/iStock-1337134292.jpg\",\"width\":2121,\"height\":1414,\"caption\":\"Desemprego. Foto: iStock.\"},{\"@type\":\"BreadcrumbList\",\"@id\":\"https:\/\/www.suno.com.br\/noticias\/taxa-de-desemprego-primeiro-trimestre-ibge-gpj\/#breadcrumb\",\"itemListElement\":[{\"@type\":\"ListItem\",\"position\":1,\"name\":\"Not\u00edcias\",\"item\":\"https:\/\/www.suno.com.br\/noticias\/\"},{\"@type\":\"ListItem\",\"position\":2,\"name\":\"Economia\",\"item\":\"https:\/\/www.suno.com.br\/noticias\/economia\/\"},{\"@type\":\"ListItem\",\"position\":3,\"name\":\"Taxa de desemprego sobe para 7,9% no primeiro trimestre, revela IBGE\"}]},{\"@type\":\"WebSite\",\"@id\":\"https:\/\/www.suno.com.br\/noticias\/#website\",\"url\":\"https:\/\/www.suno.com.br\/noticias\/\",\"name\":\"Suno Not\u00edcias\",\"description\":\"Seu portal de informa\u00e7\u00e3o sobre o mundo dos investimentos\",\"publisher\":{\"@id\":\"https:\/\/www.suno.com.br\/noticias\/#organization\"},\"potentialAction\":[{\"@type\":\"SearchAction\",\"target\":{\"@type\":\"EntryPoint\",\"urlTemplate\":\"https:\/\/www.suno.com.br\/noticias\/?s={search_term_string}\"},\"query-input\":{\"@type\":\"PropertyValueSpecification\",\"valueRequired\":true,\"valueName\":\"search_term_string\"}}],\"inLanguage\":\"pt-BR\"},{\"@type\":\"Organization\",\"@id\":\"https:\/\/www.suno.com.br\/noticias\/#organization\",\"name\":\"Suno Not\u00edcias\",\"url\":\"https:\/\/www.suno.com.br\/noticias\/\",\"logo\":{\"@type\":\"ImageObject\",\"inLanguage\":\"pt-BR\",\"@id\":\"https:\/\/www.suno.com.br\/noticias\/#\/schema\/logo\/image\/\",\"url\":\"https:\/\/files.sunoresearch.com.br\/n\/uploads\/2021\/09\/suno-logo.png\",\"contentUrl\":\"https:\/\/files.sunoresearch.com.br\/n\/uploads\/2021\/09\/suno-logo.png\",\"width\":180,\"height\":180,\"caption\":\"Suno Not\u00edcias\"},\"image\":{\"@id\":\"https:\/\/www.suno.com.br\/noticias\/#\/schema\/logo\/image\/\"},\"sameAs\":[\"https:\/\/facebook.com\/sunoresearch\",\"https:\/\/x.com\/sunoresearch\",\"https:\/\/www.instagram.com\/suno\",\"https:\/\/www.linkedin.com\/company\/suno-research\/\",\"https:\/\/www.youtube.com\/c\/sunoresearch\"]},{\"@type\":\"Person\",\"@id\":\"https:\/\/www.suno.com.br\/noticias\/#\/schema\/person\/d0f32748bbca4bee871fa191ee4e2d40\",\"name\":\"Giovanni Porf\u00edrio Jacomino\",\"image\":{\"@type\":\"ImageObject\",\"inLanguage\":\"pt-BR\",\"@id\":\"https:\/\/www.suno.com.br\/noticias\/#\/schema\/person\/image\/\",\"url\":\"https:\/\/secure.gravatar.com\/avatar\/efb32e19b730a121cb7a80f41ffec01a?s=96&r=g\",\"contentUrl\":\"https:\/\/secure.gravatar.com\/avatar\/efb32e19b730a121cb7a80f41ffec01a?s=96&r=g\",\"caption\":\"Giovanni Porf\u00edrio Jacomino\"},\"description\":\"Giovanni Porf\u00edrio Jacomino \u00e9 jornalista formado pela Universidade Estadual de Londrina (UEL) e p\u00f3s-graduado em Produ\u00e7\u00e3o e Pr\u00e1ticas Jornal\u00edsticas na Contemporaneidade na Faculdade C\u00e1sper L\u00edbero (FCL). Foi editor web no Startupi e no Finsiders, atuando ainda como editor no TC Mover, portal de not\u00edcias da TradersClub, fazendo a cobertura de assuntos relacionados ao mercado financeiro interno e externo. Atualmente, \u00e9 Rep\u00f3rter do Suno Not\u00edcias.\",\"url\":\"https:\/\/www.suno.com.br\/noticias\/author\/giovanni-porfiriosuno-com-br\/\"}]}<\/script>\n<!-- \/ Yoast SEO plugin. -->","yoast_head_json":{"title":"Taxa de desemprego sobe para 7,9% no primeiro tri, revela IBGE","description":"A taxa de desemprego representa uma eleva\u00e7\u00e3o de 0,5 p.p em rela\u00e7\u00e3o ao tri encerrado em dezembro de 2023, segundo o IBGE. Saiba mais!","robots":{"index":"index","follow":"follow","max-snippet":"max-snippet:-1","max-image-preview":"max-image-preview:large","max-video-preview":"max-video-preview:-1"},"canonical":"https:\/\/www.suno.com.br\/noticias\/taxa-de-desemprego-primeiro-trimestre-ibge-gpj\/","og_locale":"pt_BR","og_type":"article","og_title":"Taxa de desemprego sobe para 7,9% no primeiro tri, revela IBGE","og_description":"A taxa de desemprego representa uma eleva\u00e7\u00e3o de 0,5 p.p em rela\u00e7\u00e3o ao tri encerrado em dezembro de 2023, segundo o IBGE. Saiba mais!","og_url":"https:\/\/www.suno.com.br\/noticias\/taxa-de-desemprego-primeiro-trimestre-ibge-gpj\/","og_site_name":"Suno Not\u00edcias","article_publisher":"https:\/\/facebook.com\/sunoresearch","og_image":[{"width":2121,"height":1414,"url":"https:\/\/files.sunoresearch.com.br\/n\/uploads\/2024\/04\/iStock-1337134292.jpg","type":"image\/jpeg"}],"author":"Giovanni Porf\u00edrio Jacomino","twitter_card":"summary_large_image","twitter_creator":"@sunoresearch","twitter_site":"@sunoresearch","twitter_misc":{"Escrito por":"Giovanni Porf\u00edrio Jacomino","Est. tempo de leitura":"4 minutos"},"schema":{"@context":"https:\/\/schema.org","@graph":[{"@type":"NewsArticle","@id":"https:\/\/www.suno.com.br\/noticias\/taxa-de-desemprego-primeiro-trimestre-ibge-gpj\/#article","isPartOf":{"@id":"https:\/\/www.suno.com.br\/noticias\/taxa-de-desemprego-primeiro-trimestre-ibge-gpj\/"},"author":{"name":"Giovanni Porf\u00edrio Jacomino","@id":"https:\/\/www.suno.com.br\/noticias\/#\/schema\/person\/d0f32748bbca4bee871fa191ee4e2d40"},"headline":"Taxa de desemprego sobe para 7,9% no primeiro trimestre, revela IBGE","datePublished":"2024-04-30T16:06:34+00:00","dateModified":"2024-04-30T16:06:40+00:00","mainEntityOfPage":{"@id":"https:\/\/www.suno.com.br\/noticias\/taxa-de-desemprego-primeiro-trimestre-ibge-gpj\/"},"wordCount":624,"publisher":{"@id":"https:\/\/www.suno.com.br\/noticias\/#organization"},"image":{"@id":"https:\/\/www.suno.com.br\/noticias\/taxa-de-desemprego-primeiro-trimestre-ibge-gpj\/#primaryimage"},"thumbnailUrl":"https:\/\/files.sunoresearch.com.br\/n\/uploads\/2024\/04\/iStock-1337134292.jpg","keywords":["Desemprego","Emprego","Especialistas","IBGE"],"articleSection":["Economia"],"inLanguage":"pt-BR"},{"@type":"WebPage","@id":"https:\/\/www.suno.com.br\/noticias\/taxa-de-desemprego-primeiro-trimestre-ibge-gpj\/","url":"https:\/\/www.suno.com.br\/noticias\/taxa-de-desemprego-primeiro-trimestre-ibge-gpj\/","name":"Taxa de desemprego sobe para 7,9% no primeiro tri, revela IBGE","isPartOf":{"@id":"https:\/\/www.suno.com.br\/noticias\/#website"},"primaryImageOfPage":{"@id":"https:\/\/www.suno.com.br\/noticias\/taxa-de-desemprego-primeiro-trimestre-ibge-gpj\/#primaryimage"},"image":{"@id":"https:\/\/www.suno.com.br\/noticias\/taxa-de-desemprego-primeiro-trimestre-ibge-gpj\/#primaryimage"},"thumbnailUrl":"https:\/\/files.sunoresearch.com.br\/n\/uploads\/2024\/04\/iStock-1337134292.jpg","datePublished":"2024-04-30T16:06:34+00:00","dateModified":"2024-04-30T16:06:40+00:00","description":"A taxa de desemprego representa uma eleva\u00e7\u00e3o de 0,5 p.p em rela\u00e7\u00e3o ao tri encerrado em dezembro de 2023, segundo o IBGE. Saiba mais!","breadcrumb":{"@id":"https:\/\/www.suno.com.br\/noticias\/taxa-de-desemprego-primeiro-trimestre-ibge-gpj\/#breadcrumb"},"inLanguage":"pt-BR","potentialAction":[{"@type":"ReadAction","target":["https:\/\/www.suno.com.br\/noticias\/taxa-de-desemprego-primeiro-trimestre-ibge-gpj\/"]}]},{"@type":"ImageObject","inLanguage":"pt-BR","@id":"https:\/\/www.suno.com.br\/noticias\/taxa-de-desemprego-primeiro-trimestre-ibge-gpj\/#primaryimage","url":"https:\/\/files.sunoresearch.com.br\/n\/uploads\/2024\/04\/iStock-1337134292.jpg","contentUrl":"https:\/\/files.sunoresearch.com.br\/n\/uploads\/2024\/04\/iStock-1337134292.jpg","width":2121,"height":1414,"caption":"Desemprego. Foto: iStock."},{"@type":"BreadcrumbList","@id":"https:\/\/www.suno.com.br\/noticias\/taxa-de-desemprego-primeiro-trimestre-ibge-gpj\/#breadcrumb","itemListElement":[{"@type":"ListItem","position":1,"name":"Not\u00edcias","item":"https:\/\/www.suno.com.br\/noticias\/"},{"@type":"ListItem","position":2,"name":"Economia","item":"https:\/\/www.suno.com.br\/noticias\/economia\/"},{"@type":"ListItem","position":3,"name":"Taxa de desemprego sobe para 7,9% no primeiro trimestre, revela IBGE"}]},{"@type":"WebSite","@id":"https:\/\/www.suno.com.br\/noticias\/#website","url":"https:\/\/www.suno.com.br\/noticias\/","name":"Suno Not\u00edcias","description":"Seu portal de informa\u00e7\u00e3o sobre o mundo dos investimentos","publisher":{"@id":"https:\/\/www.suno.com.br\/noticias\/#organization"},"potentialAction":[{"@type":"SearchAction","target":{"@type":"EntryPoint","urlTemplate":"https:\/\/www.suno.com.br\/noticias\/?s={search_term_string}"},"query-input":{"@type":"PropertyValueSpecification","valueRequired":true,"valueName":"search_term_string"}}],"inLanguage":"pt-BR"},{"@type":"Organization","@id":"https:\/\/www.suno.com.br\/noticias\/#organization","name":"Suno Not\u00edcias","url":"https:\/\/www.suno.com.br\/noticias\/","logo":{"@type":"ImageObject","inLanguage":"pt-BR","@id":"https:\/\/www.suno.com.br\/noticias\/#\/schema\/logo\/image\/","url":"https:\/\/files.sunoresearch.com.br\/n\/uploads\/2021\/09\/suno-logo.png","contentUrl":"https:\/\/files.sunoresearch.com.br\/n\/uploads\/2021\/09\/suno-logo.png","width":180,"height":180,"caption":"Suno Not\u00edcias"},"image":{"@id":"https:\/\/www.suno.com.br\/noticias\/#\/schema\/logo\/image\/"},"sameAs":["https:\/\/facebook.com\/sunoresearch","https:\/\/x.com\/sunoresearch","https:\/\/www.instagram.com\/suno","https:\/\/www.linkedin.com\/company\/suno-research\/","https:\/\/www.youtube.com\/c\/sunoresearch"]},{"@type":"Person","@id":"https:\/\/www.suno.com.br\/noticias\/#\/schema\/person\/d0f32748bbca4bee871fa191ee4e2d40","name":"Giovanni Porf\u00edrio Jacomino","image":{"@type":"ImageObject","inLanguage":"pt-BR","@id":"https:\/\/www.suno.com.br\/noticias\/#\/schema\/person\/image\/","url":"https:\/\/secure.gravatar.com\/avatar\/efb32e19b730a121cb7a80f41ffec01a?s=96&r=g","contentUrl":"https:\/\/secure.gravatar.com\/avatar\/efb32e19b730a121cb7a80f41ffec01a?s=96&r=g","caption":"Giovanni Porf\u00edrio Jacomino"},"description":"Giovanni Porf\u00edrio Jacomino \u00e9 jornalista formado pela Universidade Estadual de Londrina (UEL) e p\u00f3s-graduado em Produ\u00e7\u00e3o e Pr\u00e1ticas Jornal\u00edsticas na Contemporaneidade na Faculdade C\u00e1sper L\u00edbero (FCL). Foi editor web no Startupi e no Finsiders, atuando ainda como editor no TC Mover, portal de not\u00edcias da TradersClub, fazendo a cobertura de assuntos relacionados ao mercado financeiro interno e externo. Atualmente, \u00e9 Rep\u00f3rter do Suno Not\u00edcias.","url":"https:\/\/www.suno.com.br\/noticias\/author\/giovanni-porfiriosuno-com-br\/"}]}},"default_loop_html":"<div class=\"cardsPage__listCard__boxs\"><div class=\"cardsPage__listCard__boxs__img\"><a href=\"https:\/\/www.suno.com.br\/noticias\/taxa-de-desemprego-primeiro-trimestre-ibge-gpj\/\"><img class=\"mask\" src=\"https:\/\/www.suno.com.br\/noticias\/wp-content\/themes\/suno\/resources\/images\/spotlight\/spotlight1img\/bg-mask.png\" alt=\"Image Mask\"\/><img src=\"https:\/\/files.sunoresearch.com.br\/n\/uploads\/2024\/04\/iStock-1337134292-400x200.jpg\" alt=\"Taxa de desemprego sobe para 7,9% no primeiro trimestre, revela IBGE\"\/><\/a><span class=\"spotlightCategory\"><a href=\"https:\/\/www.suno.com.br\/noticias\/economia\/\">Economia<\/a><\/span><\/div><div class=\"cardsPage__listCard__boxs__content\"><a href=\"https:\/\/www.suno.com.br\/noticias\/taxa-de-desemprego-primeiro-trimestre-ibge-gpj\/\"><h2 class=\"content__title\">Taxa de desemprego sobe para 7,9% no primeiro trimestre, revela IBGE<\/h2><\/a><div class=\"newsContent__article__meta\"><div class=\"newsContent__article__meta__authorBox\"><a href=\"https:\/\/www.suno.com.br\/noticias\/author\/giovanni-porfiriosuno-com-br\/\" class=\"authorBox__avatar noMobi\"><img src=\"https:\/\/files.sunoresearch.com.br\/n\/uploads\/2024\/05\/DSCF4115-1-1-150x150.webp\" alt=\"Giovanni Porf\u00edrio Jacomino\"><\/a><div class=\"authorBox__name\"><span>por\n\t\t\t<a href=\"https:\/\/www.suno.com.br\/noticias\/author\/giovanni-porfiriosuno-com-br\/\"><span itemprop=\"author\">Giovanni Porf\u00edrio Jacomino<\/span><\/a><\/span><time datetime=\"2024-04-30T13:06:34-03:00\" itemprop=\"datePublished\">30\/04\/2024 13:06<\/time><\/div><\/div><\/div><\/div><\/div>","single_layout":"posts","amp_enabled":true,"_links":{"self":[{"href":"https:\/\/www.suno.com.br\/noticias\/wp-json\/wp\/v2\/posts\/549304"}],"collection":[{"href":"https:\/\/www.suno.com.br\/noticias\/wp-json\/wp\/v2\/posts"}],"about":[{"href":"https:\/\/www.suno.com.br\/noticias\/wp-json\/wp\/v2\/types\/post"}],"author":[{"embeddable":true,"href":"https:\/\/www.suno.com.br\/noticias\/wp-json\/wp\/v2\/users\/313"}],"replies":[{"embeddable":true,"href":"https:\/\/www.suno.com.br\/noticias\/wp-json\/wp\/v2\/comments?post=549304"}],"version-history":[{"count":3,"href":"https:\/\/www.suno.com.br\/noticias\/wp-json\/wp\/v2\/posts\/549304\/revisions"}],"predecessor-version":[{"id":549370,"href":"https:\/\/www.suno.com.br\/noticias\/wp-json\/wp\/v2\/posts\/549304\/revisions\/549370"}],"wp:featuredmedia":[{"embeddable":true,"href":"https:\/\/www.suno.com.br\/noticias\/wp-json\/wp\/v2\/media\/549328"}],"wp:attachment":[{"href":"https:\/\/www.suno.com.br\/noticias\/wp-json\/wp\/v2\/media?parent=549304"}],"wp:term":[{"taxonomy":"category","embeddable":true,"href":"https:\/\/www.suno.com.br\/noticias\/wp-json\/wp\/v2\/categories?post=549304"},{"taxonomy":"post_tag","embeddable":true,"href":"https:\/\/www.suno.com.br\/noticias\/wp-json\/wp\/v2\/tags?post=549304"},{"taxonomy":"suno_strategy","embeddable":true,"href":"https:\/\/www.suno.com.br\/noticias\/wp-json\/wp\/v2\/suno_strategy?post=549304"}],"curies":[{"name":"wp","href":"https:\/\/api.w.org\/{rel}","templated":true}]}}