{"id":549267,"date":"2024-04-30T14:24:43","date_gmt":"2024-04-30T17:24:43","guid":{"rendered":"https:\/\/www.suno.com.br\/noticias\/?p=549267"},"modified":"2024-04-30T14:38:42","modified_gmt":"2024-04-30T17:38:42","slug":"oi-oibr3-vivo-vivt3-enfrentam-queda-fibra-domestica-cpf","status":"publish","type":"post","link":"https:\/\/www.suno.com.br\/noticias\/oi-oibr3-vivo-vivt3-enfrentam-queda-fibra-domestica-cpf\/","title":{"rendered":"Oi (OIBR3) e Vivo (VIVT3) enfrentam queda na fibra dom\u00e9stica, enquanto Claro acelera"},"content":{"rendered":"<p>As grandes operadoras de telefonia, especialmente a <strong>Oi<\/strong> (OIBR3) e a Vivo, da <a class=\"suno-keyword\" target=\"_blank\" data-force=\"yes\" data-priority=\"2\" href=\"https:\/\/www.suno.com.br\/acoes\/VIVT3\/\" rel=\"noopener\">Telef\u00f4nica (VIVT3)<\/a> est\u00e3o enfrentando uma queda nas adi\u00e7\u00f5es l\u00edquidas de rede FTTH (Fiber to the Home, ou &#8220;fibra em casa&#8221;).<\/p>\t<div class=\"wrapper-featured-image\">\n\t\t<figure class=\"spotlightImg\">\n\n\t\t\t<picture>\n\t\t\t\t<source media=\"(max-width: 768px)\" srcset=\"https:\/\/files.sunoresearch.com.br\/n\/uploads\/2023\/02\/oi-oibr3-dividas-intervencao-anatel-foto-divulgacao-400x200.jpg\">\n\t\t\t\t<img loading=\"lazy\" decoding=\"async\" class=\"newsContent__article__imgCapa lazyloadDisabled \" src=\"https:\/\/files.sunoresearch.com.br\/n\/uploads\/2023\/02\/oi-oibr3-dividas-intervencao-anatel-foto-divulgacao-800x450.jpg\" width=\"800\" height=\"450\" alt=\"Oi (OIBR3) e Vivo (VIVT3) enfrentam queda na fibra dom\u00e9stica, enquanto Claro acelera\" fetchpriority=high \/>\n\t\t\t<\/picture>\n\n\t\t\t<figcaption class=\"wp-caption-text wp-caption-text--show\">Oi (OIBR3). Foto: Divulga\u00e7\u00e3o.<\/figcaption>\n\t\t<\/figure>\n\t<\/div>\n\n\n\n\n\n\t<p>\n\t\t<a href=\"\" target=\"_blank\" data-element=\"shortcode-suno-banner\" title=\"Banner SUNO, clique e saiba mais\">\n\t\t\t<picture>\n\t\t\t\t<source media=\"(max-width: 500px)\" srcset=\"\">\n\t\t\t\t<img class=\"newsContent__article__imgCapa newsContent__article__imgCapa--banner\"\n\t\t\t\t\tsrc=\"\"\n\t\t\t\t\tdata-promo-id=\"250705\"\t\t\t\t\t\t\t\t\t\t\t\t\t\t\talt=\"\"\n\t\t\t\t>\n\t\t\t<\/picture>\n\t\t<\/a>\n\t<\/p>\n\n\n\n\n\n<p>No caso da fibra na Oi, companhia que passa por uma longa reestrutura\u00e7\u00e3o de seu balan\u00e7o patrimonial e por um processo de recupera\u00e7\u00e3o judicial, a queda foi muito relevante. <\/p>\n\n\n\n<p>Conforme aponta relat\u00f3rio do BTG Pactual, foram 30 mil desconex\u00f5es l\u00edquidas na segunda parte de 2023, em compara\u00e7\u00e3o com adi\u00e7\u00f5es l\u00edquidas de 150 mil no primeiro semestre de 2023 e 536 mil adi\u00e7\u00f5es l\u00edquidas em 2022.<\/p>\n\n\n\n<p>A <strong>VIVT3 <\/strong>tamb\u00e9m experimentou uma queda nas adi\u00e7\u00f5es l\u00edquidas de FTTH, mas ainda menos acentuada do que a <strong>OIBR3<\/strong>. <\/p>\n\n\n\n<p>&#8220;Na verdade, as adi\u00e7\u00f5es l\u00edquidas de FTTH da <strong>Vivo <\/strong>permanecem bastante saud\u00e1veis, com uma m\u00e9dia de aproximadamente 60 mil por m\u00eas ao longo de 2023 e nos dois primeiros meses de 2024 &#8211; adi\u00e7\u00f5es l\u00edquidas m\u00e9dias foram de 73 mil em 2022 e 103 mil em 2021&#8243;, escrevem Carlos Sequeira, Osni Carfi e Guilherme Guttilla, analistas do BTG Pactual de olho no setor de telecomunica\u00e7\u00f5es.<\/p>\n\n\n\n<p>Outra concorrente, a <strong>Claro <\/strong>viu as suas adi\u00e7\u00f5es l\u00edquidas de FTTH acelerarem recentemente. <\/p>\n\n\n\n<p>A empresa adicionou em m\u00e9dia 41 mil clientes na segunda metade de 2023 e nos dois primeiros meses de 2024, em compara\u00e7\u00e3o com 29 mil no primeiro semestre de 2023 e 22 mil em 2022. <\/p>\n\n\n\n<p>Isso ocorre porque a Claro est\u00e1 expandindo sua rede FTTH para novas cidades, enquanto tamb\u00e9m est\u00e1 substituindo parte de sua rede de cabo\/HFC existente por fibra. <\/p>\n\n\n\n\t<div data-element=\"shortcode-read-more\" class=\"readToo\">\n\t\t\t\t<span class=\"readToo__title\">Leia mais<\/span>\n\t\t\t\t<ul class=\"readToo__list\">\n\t\t\t<li><a href=\"https:\/\/www.suno.com.br\/noticias\/brasil-investidor-estrangeiro-ocde-evm\/\">Investidor estrangeiro: Brasil \u00e9 2\u00ba maior receptor global de investimento direto em 2023, diz OCDE<\/a><\/li><li><a href=\"https:\/\/www.suno.com.br\/noticias\/dia-do-trabalho-feriado-bolsa-gpj\/\">1\u00ba de maio: bolsa vai funcionar no feriado? Saiba o que abre e fecha no Dia do Trabalho<\/a><\/li><li><a href=\"https:\/\/www.suno.com.br\/noticias\/vale-vale3-efeito-mariana-mg-evm\/\">Vale (VALE3) e a proposta de indeniza\u00e7\u00e3o de Mariana: veja impactos estimados pelos analistas<\/a><\/li>\t\t<\/ul>\n\t<\/div>\n\n\n\n\t<p>\n\t\t<a href=\"https:\/\/lp.suno.com.br\/ebook-como-analisar-uma-acao\/\" target=\"_blank\" data-element=\"shortcode-suno-banner\" title=\"Banner SUNO, clique e saiba mais\">\n\t\t\t<picture>\n\t\t\t\t<source media=\"(max-width: 500px)\" srcset=\"https:\/\/files.sunoresearch.com.br\/n\/uploads\/2023\/03\/Ebook-Acoes-Mobile.jpg\">\n\t\t\t\t<img class=\"newsContent__article__imgCapa newsContent__article__imgCapa--banner\"\n\t\t\t\t\tsrc=\"https:\/\/files.sunoresearch.com.br\/n\/uploads\/2023\/03\/Ebook-Acoes-Desktop.jpg\"\n\t\t\t\t\tdata-promo-id=\"378302\"\t\t\t\t\t\t\t\t\t\twidth='1420' height='286'\t\t\t\t\talt=\"https:\/\/files.sunoresearch.com.br\/n\/uploads\/2023\/03\/Ebook-Acoes-Desktop.jpg\"\n\t\t\t\t>\n\t\t\t<\/picture>\n\t\t<\/a>\n\t<\/p>\n\n\n\n\n\n<h2 class=\"wp-block-heading\">ISPs ocupam mercado de operadoras como Oi e Vivo<\/h2>\n\n\n\n<p>De acordo com os analistas do BTG, os provedores de servi\u00e7os de internet (ISPs) ganharam mais participa\u00e7\u00e3o no mercado de banda larga ao longo dos anos e hoje representam 53% de todas as conex\u00f5es. <\/p>\n\n\n\n<p>&#8220;Eles aproveitaram as ofertas de baixa qualidade das grandes operadoras de telefonia (principalmente conex\u00f5es baseadas em cobre) e cresceram consistentemente oferecendo banda larga baseada em fibra&#8221;, comentam.<\/p>\n\n\n\n<p>Nos \u00faltimos cinco anos, as grandes operadoras de telefonia, principalmente Vivo e Oi, aceleraram os investimentos em redes FTTH (fibra at\u00e9 a casa). Vivo e <strong>Oi <\/strong>encerraram fevereiro com 6,3 milh\u00f5es e 4,0 milh\u00f5es de clientes de banda larga FTTH e s\u00e3o os dois maiores players de FTTH do pa\u00eds.<\/p>\n\n\n\n\n\t<p>\n\t\t<a href=\"https:\/\/lp.suno.com.br\/plataforma-de-controle-de-investimentos\/\" target=\"_blank\" data-element=\"shortcode-suno-banner\" title=\"Banner SUNO, clique e saiba mais\">\n\t\t\t<picture>\n\t\t\t\t<source media=\"(max-width: 500px)\" srcset=\"https:\/\/files.sunoresearch.com.br\/n\/uploads\/2023\/03\/400x300-Controle-de-Investimentos.png\">\n\t\t\t\t<img class=\"newsContent__article__imgCapa newsContent__article__imgCapa--banner\"\n\t\t\t\t\tsrc=\"https:\/\/files.sunoresearch.com.br\/n\/uploads\/2023\/03\/1420x240-Controle-de-Investimentos.png\"\n\t\t\t\t\tdata-promo-id=\"383162\"\t\t\t\t\t\t\t\t\t\twidth='1420' height='240'\t\t\t\t\talt=\"https:\/\/files.sunoresearch.com.br\/n\/uploads\/2023\/03\/1420x240-Controle-de-Investimentos.png\"\n\t\t\t\t>\n\t\t\t<\/picture>\n\t\t<\/a>\n\t<\/p>\n\n\n","protected":false},"excerpt":{"rendered":"<p>As grandes operadoras de telefonia, especialmente a Oi (OIBR3) e a Vivo, da Telef\u00f4nica (VIVT3) est\u00e3o enfrentando uma queda nas adi\u00e7\u00f5es l\u00edquidas de rede FTTH (Fiber to the Home, ou &#8220;fibra em casa&#8221;). Oi (OIBR3). Foto: Divulga\u00e7\u00e3o. No caso da fibra na Oi, companhia que passa por uma longa reestrutura\u00e7\u00e3o de seu balan\u00e7o patrimonial e [&hellip;]<\/p>\n","protected":false},"author":283,"featured_media":357961,"comment_status":"closed","ping_status":"closed","sticky":false,"template":"","format":"standard","meta":[],"categories":[64],"tags":[1140,105816,584,1141],"suno_strategy":[],"class_list":["post-549267","post","type-post","status-publish","format-standard","has-post-thumbnail","hentry","category-negocios","tag-claro","tag-especialistas","tag-oi-oibr3-oibr4","tag-vivo"],"yoast_head":"<!-- This site is optimized with the Yoast SEO plugin v24.4 - https:\/\/yoast.com\/wordpress\/plugins\/seo\/ -->\n<title>Oi (OIBR3) e Vivo (VIVT3) enfrentam queda na fibra, diz BTG<\/title>\n<meta name=\"description\" content=\"As grandes operadoras de telefonia, especialmente a Oi (OIBR3) e a Vivo, da Telef\u00f4nica (VIVT3) est\u00e3o enfrentando uma queda nas adi\u00e7\u00f5es.\" \/>\n<meta name=\"robots\" content=\"index, follow, max-snippet:-1, max-image-preview:large, max-video-preview:-1\" \/>\n<link rel=\"canonical\" href=\"https:\/\/www.suno.com.br\/noticias\/oi-oibr3-vivo-vivt3-enfrentam-queda-fibra-domestica-cpf\/\" \/>\n<meta property=\"og:locale\" content=\"pt_BR\" \/>\n<meta property=\"og:type\" content=\"article\" \/>\n<meta property=\"og:title\" content=\"Oi (OIBR3) e Vivo (VIVT3) enfrentam queda na fibra, diz BTG\" \/>\n<meta property=\"og:description\" content=\"As grandes operadoras de telefonia, especialmente a Oi (OIBR3) e a Vivo, da Telef\u00f4nica (VIVT3) est\u00e3o enfrentando uma queda nas adi\u00e7\u00f5es.\" \/>\n<meta property=\"og:url\" content=\"https:\/\/www.suno.com.br\/noticias\/oi-oibr3-vivo-vivt3-enfrentam-queda-fibra-domestica-cpf\/\" \/>\n<meta property=\"og:site_name\" content=\"Suno Not\u00edcias\" \/>\n<meta property=\"article:publisher\" content=\"https:\/\/facebook.com\/sunoresearch\" \/>\n<meta property=\"og:image\" content=\"https:\/\/files.sunoresearch.com.br\/n\/uploads\/2023\/02\/oi-oibr3-dividas-intervencao-anatel-foto-divulgacao.jpg\" \/>\n\t<meta property=\"og:image:width\" content=\"1200\" \/>\n\t<meta property=\"og:image:height\" content=\"675\" \/>\n\t<meta property=\"og:image:type\" content=\"image\/jpeg\" \/>\n<meta name=\"author\" content=\"Camila Paim\" \/>\n<meta name=\"twitter:card\" content=\"summary_large_image\" \/>\n<meta name=\"twitter:creator\" content=\"@sunoresearch\" \/>\n<meta name=\"twitter:site\" content=\"@sunoresearch\" \/>\n<meta name=\"twitter:label1\" content=\"Escrito por\" \/>\n\t<meta name=\"twitter:data1\" content=\"Camila Paim\" \/>\n\t<meta name=\"twitter:label2\" content=\"Est. tempo de leitura\" \/>\n\t<meta name=\"twitter:data2\" content=\"3 minutos\" \/>\n<script type=\"application\/ld+json\" class=\"yoast-schema-graph\">{\"@context\":\"https:\/\/schema.org\",\"@graph\":[{\"@type\":\"NewsArticle\",\"@id\":\"https:\/\/www.suno.com.br\/noticias\/oi-oibr3-vivo-vivt3-enfrentam-queda-fibra-domestica-cpf\/#article\",\"isPartOf\":{\"@id\":\"https:\/\/www.suno.com.br\/noticias\/oi-oibr3-vivo-vivt3-enfrentam-queda-fibra-domestica-cpf\/\"},\"author\":{\"name\":\"Camila Paim\",\"@id\":\"https:\/\/www.suno.com.br\/noticias\/#\/schema\/person\/f341d3ae5d1cc685176c9a5327cdfdbb\"},\"headline\":\"Oi (OIBR3) e Vivo (VIVT3) enfrentam queda na fibra dom\u00e9stica, enquanto Claro acelera\",\"datePublished\":\"2024-04-30T17:24:43+00:00\",\"dateModified\":\"2024-04-30T17:38:42+00:00\",\"mainEntityOfPage\":{\"@id\":\"https:\/\/www.suno.com.br\/noticias\/oi-oibr3-vivo-vivt3-enfrentam-queda-fibra-domestica-cpf\/\"},\"wordCount\":417,\"publisher\":{\"@id\":\"https:\/\/www.suno.com.br\/noticias\/#organization\"},\"image\":{\"@id\":\"https:\/\/www.suno.com.br\/noticias\/oi-oibr3-vivo-vivt3-enfrentam-queda-fibra-domestica-cpf\/#primaryimage\"},\"thumbnailUrl\":\"https:\/\/files.sunoresearch.com.br\/n\/uploads\/2023\/02\/oi-oibr3-dividas-intervencao-anatel-foto-divulgacao.jpg\",\"keywords\":[\"Claro\",\"Especialistas\",\"Oi (OIBR3\/OIBR4)\",\"Vivo\"],\"articleSection\":[\"Neg\u00f3cios\"],\"inLanguage\":\"pt-BR\"},{\"@type\":\"WebPage\",\"@id\":\"https:\/\/www.suno.com.br\/noticias\/oi-oibr3-vivo-vivt3-enfrentam-queda-fibra-domestica-cpf\/\",\"url\":\"https:\/\/www.suno.com.br\/noticias\/oi-oibr3-vivo-vivt3-enfrentam-queda-fibra-domestica-cpf\/\",\"name\":\"Oi (OIBR3) e Vivo (VIVT3) enfrentam queda na fibra, diz BTG\",\"isPartOf\":{\"@id\":\"https:\/\/www.suno.com.br\/noticias\/#website\"},\"primaryImageOfPage\":{\"@id\":\"https:\/\/www.suno.com.br\/noticias\/oi-oibr3-vivo-vivt3-enfrentam-queda-fibra-domestica-cpf\/#primaryimage\"},\"image\":{\"@id\":\"https:\/\/www.suno.com.br\/noticias\/oi-oibr3-vivo-vivt3-enfrentam-queda-fibra-domestica-cpf\/#primaryimage\"},\"thumbnailUrl\":\"https:\/\/files.sunoresearch.com.br\/n\/uploads\/2023\/02\/oi-oibr3-dividas-intervencao-anatel-foto-divulgacao.jpg\",\"datePublished\":\"2024-04-30T17:24:43+00:00\",\"dateModified\":\"2024-04-30T17:38:42+00:00\",\"description\":\"As grandes operadoras de telefonia, especialmente a Oi (OIBR3) e a Vivo, da Telef\u00f4nica (VIVT3) est\u00e3o enfrentando uma queda nas adi\u00e7\u00f5es.\",\"breadcrumb\":{\"@id\":\"https:\/\/www.suno.com.br\/noticias\/oi-oibr3-vivo-vivt3-enfrentam-queda-fibra-domestica-cpf\/#breadcrumb\"},\"inLanguage\":\"pt-BR\",\"potentialAction\":[{\"@type\":\"ReadAction\",\"target\":[\"https:\/\/www.suno.com.br\/noticias\/oi-oibr3-vivo-vivt3-enfrentam-queda-fibra-domestica-cpf\/\"]}]},{\"@type\":\"ImageObject\",\"inLanguage\":\"pt-BR\",\"@id\":\"https:\/\/www.suno.com.br\/noticias\/oi-oibr3-vivo-vivt3-enfrentam-queda-fibra-domestica-cpf\/#primaryimage\",\"url\":\"https:\/\/files.sunoresearch.com.br\/n\/uploads\/2023\/02\/oi-oibr3-dividas-intervencao-anatel-foto-divulgacao.jpg\",\"contentUrl\":\"https:\/\/files.sunoresearch.com.br\/n\/uploads\/2023\/02\/oi-oibr3-dividas-intervencao-anatel-foto-divulgacao.jpg\",\"width\":1200,\"height\":675,\"caption\":\"Oi (OIBR3). Foto: Divulga\u00e7\u00e3o.\"},{\"@type\":\"BreadcrumbList\",\"@id\":\"https:\/\/www.suno.com.br\/noticias\/oi-oibr3-vivo-vivt3-enfrentam-queda-fibra-domestica-cpf\/#breadcrumb\",\"itemListElement\":[{\"@type\":\"ListItem\",\"position\":1,\"name\":\"Not\u00edcias\",\"item\":\"https:\/\/www.suno.com.br\/noticias\/\"},{\"@type\":\"ListItem\",\"position\":2,\"name\":\"Neg\u00f3cios\",\"item\":\"https:\/\/www.suno.com.br\/noticias\/negocios\/\"},{\"@type\":\"ListItem\",\"position\":3,\"name\":\"Oi (OIBR3) e Vivo (VIVT3) enfrentam queda na fibra dom\u00e9stica, enquanto Claro acelera\"}]},{\"@type\":\"WebSite\",\"@id\":\"https:\/\/www.suno.com.br\/noticias\/#website\",\"url\":\"https:\/\/www.suno.com.br\/noticias\/\",\"name\":\"Suno Not\u00edcias\",\"description\":\"Seu portal de informa\u00e7\u00e3o sobre o mundo dos investimentos\",\"publisher\":{\"@id\":\"https:\/\/www.suno.com.br\/noticias\/#organization\"},\"potentialAction\":[{\"@type\":\"SearchAction\",\"target\":{\"@type\":\"EntryPoint\",\"urlTemplate\":\"https:\/\/www.suno.com.br\/noticias\/?s={search_term_string}\"},\"query-input\":{\"@type\":\"PropertyValueSpecification\",\"valueRequired\":true,\"valueName\":\"search_term_string\"}}],\"inLanguage\":\"pt-BR\"},{\"@type\":\"Organization\",\"@id\":\"https:\/\/www.suno.com.br\/noticias\/#organization\",\"name\":\"Suno Not\u00edcias\",\"url\":\"https:\/\/www.suno.com.br\/noticias\/\",\"logo\":{\"@type\":\"ImageObject\",\"inLanguage\":\"pt-BR\",\"@id\":\"https:\/\/www.suno.com.br\/noticias\/#\/schema\/logo\/image\/\",\"url\":\"https:\/\/files.sunoresearch.com.br\/n\/uploads\/2021\/09\/suno-logo.png\",\"contentUrl\":\"https:\/\/files.sunoresearch.com.br\/n\/uploads\/2021\/09\/suno-logo.png\",\"width\":180,\"height\":180,\"caption\":\"Suno Not\u00edcias\"},\"image\":{\"@id\":\"https:\/\/www.suno.com.br\/noticias\/#\/schema\/logo\/image\/\"},\"sameAs\":[\"https:\/\/facebook.com\/sunoresearch\",\"https:\/\/x.com\/sunoresearch\",\"https:\/\/www.instagram.com\/suno\",\"https:\/\/www.linkedin.com\/company\/suno-research\/\",\"https:\/\/www.youtube.com\/c\/sunoresearch\"]},{\"@type\":\"Person\",\"@id\":\"https:\/\/www.suno.com.br\/noticias\/#\/schema\/person\/f341d3ae5d1cc685176c9a5327cdfdbb\",\"name\":\"Camila Paim\",\"image\":{\"@type\":\"ImageObject\",\"inLanguage\":\"pt-BR\",\"@id\":\"https:\/\/www.suno.com.br\/noticias\/#\/schema\/person\/image\/\",\"url\":\"https:\/\/secure.gravatar.com\/avatar\/f33728e65febb1aa7ecf6792956f9b20?s=96&r=g\",\"contentUrl\":\"https:\/\/secure.gravatar.com\/avatar\/f33728e65febb1aa7ecf6792956f9b20?s=96&r=g\",\"caption\":\"Camila Paim\"},\"description\":\"Jornalista formada pela USP, tem experi\u00eancia em reda\u00e7\u00f5es, SEO, Branded Content e Webdesign. Com passagem pelo Jornal da USP, Empiricus e C6 Bank, hoje \u00e9 rep\u00f3rter no Suno Not\u00edcias cobrindo macroeconomia, finan\u00e7as pessoais e startups.\",\"url\":\"https:\/\/www.suno.com.br\/noticias\/author\/camila-figueiredosuno-com-br\/\"}]}<\/script>\n<!-- \/ Yoast SEO plugin. -->","yoast_head_json":{"title":"Oi (OIBR3) e Vivo (VIVT3) enfrentam queda na fibra, diz BTG","description":"As grandes operadoras de telefonia, especialmente a Oi (OIBR3) e a Vivo, da Telef\u00f4nica (VIVT3) est\u00e3o enfrentando uma queda nas adi\u00e7\u00f5es.","robots":{"index":"index","follow":"follow","max-snippet":"max-snippet:-1","max-image-preview":"max-image-preview:large","max-video-preview":"max-video-preview:-1"},"canonical":"https:\/\/www.suno.com.br\/noticias\/oi-oibr3-vivo-vivt3-enfrentam-queda-fibra-domestica-cpf\/","og_locale":"pt_BR","og_type":"article","og_title":"Oi (OIBR3) e Vivo (VIVT3) enfrentam queda na fibra, diz BTG","og_description":"As grandes operadoras de telefonia, especialmente a Oi (OIBR3) e a Vivo, da Telef\u00f4nica (VIVT3) est\u00e3o enfrentando uma queda nas adi\u00e7\u00f5es.","og_url":"https:\/\/www.suno.com.br\/noticias\/oi-oibr3-vivo-vivt3-enfrentam-queda-fibra-domestica-cpf\/","og_site_name":"Suno Not\u00edcias","article_publisher":"https:\/\/facebook.com\/sunoresearch","og_image":[{"width":1200,"height":675,"url":"https:\/\/files.sunoresearch.com.br\/n\/uploads\/2023\/02\/oi-oibr3-dividas-intervencao-anatel-foto-divulgacao.jpg","type":"image\/jpeg"}],"author":"Camila Paim","twitter_card":"summary_large_image","twitter_creator":"@sunoresearch","twitter_site":"@sunoresearch","twitter_misc":{"Escrito por":"Camila Paim","Est. tempo de leitura":"3 minutos"},"schema":{"@context":"https:\/\/schema.org","@graph":[{"@type":"NewsArticle","@id":"https:\/\/www.suno.com.br\/noticias\/oi-oibr3-vivo-vivt3-enfrentam-queda-fibra-domestica-cpf\/#article","isPartOf":{"@id":"https:\/\/www.suno.com.br\/noticias\/oi-oibr3-vivo-vivt3-enfrentam-queda-fibra-domestica-cpf\/"},"author":{"name":"Camila Paim","@id":"https:\/\/www.suno.com.br\/noticias\/#\/schema\/person\/f341d3ae5d1cc685176c9a5327cdfdbb"},"headline":"Oi (OIBR3) e Vivo (VIVT3) enfrentam queda na fibra dom\u00e9stica, enquanto Claro acelera","datePublished":"2024-04-30T17:24:43+00:00","dateModified":"2024-04-30T17:38:42+00:00","mainEntityOfPage":{"@id":"https:\/\/www.suno.com.br\/noticias\/oi-oibr3-vivo-vivt3-enfrentam-queda-fibra-domestica-cpf\/"},"wordCount":417,"publisher":{"@id":"https:\/\/www.suno.com.br\/noticias\/#organization"},"image":{"@id":"https:\/\/www.suno.com.br\/noticias\/oi-oibr3-vivo-vivt3-enfrentam-queda-fibra-domestica-cpf\/#primaryimage"},"thumbnailUrl":"https:\/\/files.sunoresearch.com.br\/n\/uploads\/2023\/02\/oi-oibr3-dividas-intervencao-anatel-foto-divulgacao.jpg","keywords":["Claro","Especialistas","Oi (OIBR3\/OIBR4)","Vivo"],"articleSection":["Neg\u00f3cios"],"inLanguage":"pt-BR"},{"@type":"WebPage","@id":"https:\/\/www.suno.com.br\/noticias\/oi-oibr3-vivo-vivt3-enfrentam-queda-fibra-domestica-cpf\/","url":"https:\/\/www.suno.com.br\/noticias\/oi-oibr3-vivo-vivt3-enfrentam-queda-fibra-domestica-cpf\/","name":"Oi (OIBR3) e Vivo (VIVT3) enfrentam queda na fibra, diz BTG","isPartOf":{"@id":"https:\/\/www.suno.com.br\/noticias\/#website"},"primaryImageOfPage":{"@id":"https:\/\/www.suno.com.br\/noticias\/oi-oibr3-vivo-vivt3-enfrentam-queda-fibra-domestica-cpf\/#primaryimage"},"image":{"@id":"https:\/\/www.suno.com.br\/noticias\/oi-oibr3-vivo-vivt3-enfrentam-queda-fibra-domestica-cpf\/#primaryimage"},"thumbnailUrl":"https:\/\/files.sunoresearch.com.br\/n\/uploads\/2023\/02\/oi-oibr3-dividas-intervencao-anatel-foto-divulgacao.jpg","datePublished":"2024-04-30T17:24:43+00:00","dateModified":"2024-04-30T17:38:42+00:00","description":"As grandes operadoras de telefonia, especialmente a Oi (OIBR3) e a Vivo, da Telef\u00f4nica (VIVT3) est\u00e3o enfrentando uma queda nas adi\u00e7\u00f5es.","breadcrumb":{"@id":"https:\/\/www.suno.com.br\/noticias\/oi-oibr3-vivo-vivt3-enfrentam-queda-fibra-domestica-cpf\/#breadcrumb"},"inLanguage":"pt-BR","potentialAction":[{"@type":"ReadAction","target":["https:\/\/www.suno.com.br\/noticias\/oi-oibr3-vivo-vivt3-enfrentam-queda-fibra-domestica-cpf\/"]}]},{"@type":"ImageObject","inLanguage":"pt-BR","@id":"https:\/\/www.suno.com.br\/noticias\/oi-oibr3-vivo-vivt3-enfrentam-queda-fibra-domestica-cpf\/#primaryimage","url":"https:\/\/files.sunoresearch.com.br\/n\/uploads\/2023\/02\/oi-oibr3-dividas-intervencao-anatel-foto-divulgacao.jpg","contentUrl":"https:\/\/files.sunoresearch.com.br\/n\/uploads\/2023\/02\/oi-oibr3-dividas-intervencao-anatel-foto-divulgacao.jpg","width":1200,"height":675,"caption":"Oi (OIBR3). Foto: Divulga\u00e7\u00e3o."},{"@type":"BreadcrumbList","@id":"https:\/\/www.suno.com.br\/noticias\/oi-oibr3-vivo-vivt3-enfrentam-queda-fibra-domestica-cpf\/#breadcrumb","itemListElement":[{"@type":"ListItem","position":1,"name":"Not\u00edcias","item":"https:\/\/www.suno.com.br\/noticias\/"},{"@type":"ListItem","position":2,"name":"Neg\u00f3cios","item":"https:\/\/www.suno.com.br\/noticias\/negocios\/"},{"@type":"ListItem","position":3,"name":"Oi (OIBR3) e Vivo (VIVT3) enfrentam queda na fibra dom\u00e9stica, enquanto Claro acelera"}]},{"@type":"WebSite","@id":"https:\/\/www.suno.com.br\/noticias\/#website","url":"https:\/\/www.suno.com.br\/noticias\/","name":"Suno Not\u00edcias","description":"Seu portal de informa\u00e7\u00e3o sobre o mundo dos investimentos","publisher":{"@id":"https:\/\/www.suno.com.br\/noticias\/#organization"},"potentialAction":[{"@type":"SearchAction","target":{"@type":"EntryPoint","urlTemplate":"https:\/\/www.suno.com.br\/noticias\/?s={search_term_string}"},"query-input":{"@type":"PropertyValueSpecification","valueRequired":true,"valueName":"search_term_string"}}],"inLanguage":"pt-BR"},{"@type":"Organization","@id":"https:\/\/www.suno.com.br\/noticias\/#organization","name":"Suno Not\u00edcias","url":"https:\/\/www.suno.com.br\/noticias\/","logo":{"@type":"ImageObject","inLanguage":"pt-BR","@id":"https:\/\/www.suno.com.br\/noticias\/#\/schema\/logo\/image\/","url":"https:\/\/files.sunoresearch.com.br\/n\/uploads\/2021\/09\/suno-logo.png","contentUrl":"https:\/\/files.sunoresearch.com.br\/n\/uploads\/2021\/09\/suno-logo.png","width":180,"height":180,"caption":"Suno Not\u00edcias"},"image":{"@id":"https:\/\/www.suno.com.br\/noticias\/#\/schema\/logo\/image\/"},"sameAs":["https:\/\/facebook.com\/sunoresearch","https:\/\/x.com\/sunoresearch","https:\/\/www.instagram.com\/suno","https:\/\/www.linkedin.com\/company\/suno-research\/","https:\/\/www.youtube.com\/c\/sunoresearch"]},{"@type":"Person","@id":"https:\/\/www.suno.com.br\/noticias\/#\/schema\/person\/f341d3ae5d1cc685176c9a5327cdfdbb","name":"Camila Paim","image":{"@type":"ImageObject","inLanguage":"pt-BR","@id":"https:\/\/www.suno.com.br\/noticias\/#\/schema\/person\/image\/","url":"https:\/\/secure.gravatar.com\/avatar\/f33728e65febb1aa7ecf6792956f9b20?s=96&r=g","contentUrl":"https:\/\/secure.gravatar.com\/avatar\/f33728e65febb1aa7ecf6792956f9b20?s=96&r=g","caption":"Camila Paim"},"description":"Jornalista formada pela USP, tem experi\u00eancia em reda\u00e7\u00f5es, SEO, Branded Content e Webdesign. Com passagem pelo Jornal da USP, Empiricus e C6 Bank, hoje \u00e9 rep\u00f3rter no Suno Not\u00edcias cobrindo macroeconomia, finan\u00e7as pessoais e startups.","url":"https:\/\/www.suno.com.br\/noticias\/author\/camila-figueiredosuno-com-br\/"}]}},"default_loop_html":"<div class=\"cardsPage__listCard__boxs\"><div class=\"cardsPage__listCard__boxs__img\"><a href=\"https:\/\/www.suno.com.br\/noticias\/oi-oibr3-vivo-vivt3-enfrentam-queda-fibra-domestica-cpf\/\"><img class=\"mask\" src=\"https:\/\/www.suno.com.br\/noticias\/wp-content\/themes\/suno\/resources\/images\/spotlight\/spotlight1img\/bg-mask.png\" alt=\"Image Mask\"\/><img src=\"https:\/\/files.sunoresearch.com.br\/n\/uploads\/2023\/02\/oi-oibr3-dividas-intervencao-anatel-foto-divulgacao-400x200.jpg\" alt=\"Oi (OIBR3) e Vivo (VIVT3) enfrentam queda na fibra dom\u00e9stica, enquanto Claro acelera\"\/><\/a><span class=\"spotlightCategory\"><a href=\"https:\/\/www.suno.com.br\/noticias\/negocios\/\">Neg\u00f3cios<\/a><\/span><\/div><div class=\"cardsPage__listCard__boxs__content\"><a href=\"https:\/\/www.suno.com.br\/noticias\/oi-oibr3-vivo-vivt3-enfrentam-queda-fibra-domestica-cpf\/\"><h2 class=\"content__title\">Oi (OIBR3) e Vivo (VIVT3) enfrentam queda na fibra dom\u00e9stica, enquanto Claro acelera<\/h2><\/a><div class=\"newsContent__article__meta\"><div class=\"newsContent__article__meta__authorBox\"><a href=\"https:\/\/www.suno.com.br\/noticias\/author\/eduardo-vargas\/\" class=\"authorBox__avatar noMobi\"><img src=\"https:\/\/secure.gravatar.com\/avatar\/dac340933427a22924c9f99d1eb2e3f2?s=96&#038;r=g\" alt=\"Eduardo Vargas\"><\/a><div class=\"authorBox__name\"><span>por\n\t\t\t<a href=\"https:\/\/www.suno.com.br\/noticias\/author\/eduardo-vargas\/\"><span itemprop=\"author\">Eduardo Vargas<\/span><\/a><\/span><time datetime=\"2024-04-30T14:24:43-03:00\" itemprop=\"datePublished\">30\/04\/2024 14:24<\/time><\/div><\/div><\/div><\/div><\/div>","single_layout":"posts","amp_enabled":true,"_links":{"self":[{"href":"https:\/\/www.suno.com.br\/noticias\/wp-json\/wp\/v2\/posts\/549267"}],"collection":[{"href":"https:\/\/www.suno.com.br\/noticias\/wp-json\/wp\/v2\/posts"}],"about":[{"href":"https:\/\/www.suno.com.br\/noticias\/wp-json\/wp\/v2\/types\/post"}],"author":[{"embeddable":true,"href":"https:\/\/www.suno.com.br\/noticias\/wp-json\/wp\/v2\/users\/283"}],"replies":[{"embeddable":true,"href":"https:\/\/www.suno.com.br\/noticias\/wp-json\/wp\/v2\/comments?post=549267"}],"version-history":[{"count":2,"href":"https:\/\/www.suno.com.br\/noticias\/wp-json\/wp\/v2\/posts\/549267\/revisions"}],"predecessor-version":[{"id":549412,"href":"https:\/\/www.suno.com.br\/noticias\/wp-json\/wp\/v2\/posts\/549267\/revisions\/549412"}],"wp:featuredmedia":[{"embeddable":true,"href":"https:\/\/www.suno.com.br\/noticias\/wp-json\/wp\/v2\/media\/357961"}],"wp:attachment":[{"href":"https:\/\/www.suno.com.br\/noticias\/wp-json\/wp\/v2\/media?parent=549267"}],"wp:term":[{"taxonomy":"category","embeddable":true,"href":"https:\/\/www.suno.com.br\/noticias\/wp-json\/wp\/v2\/categories?post=549267"},{"taxonomy":"post_tag","embeddable":true,"href":"https:\/\/www.suno.com.br\/noticias\/wp-json\/wp\/v2\/tags?post=549267"},{"taxonomy":"suno_strategy","embeddable":true,"href":"https:\/\/www.suno.com.br\/noticias\/wp-json\/wp\/v2\/suno_strategy?post=549267"}],"curies":[{"name":"wp","href":"https:\/\/api.w.org\/{rel}","templated":true}]}}