{"id":549262,"date":"2024-04-30T13:11:27","date_gmt":"2024-04-30T16:11:27","guid":{"rendered":"https:\/\/www.suno.com.br\/noticias\/?p=549262"},"modified":"2024-04-30T13:11:32","modified_gmt":"2024-04-30T16:11:32","slug":"caged-emprego-marco-gpj","status":"publish","type":"post","link":"https:\/\/www.suno.com.br\/noticias\/caged-emprego-marco-gpj\/","title":{"rendered":"Caged: Saldo l\u00edquido de emprego formal \u00e9 positivo em 244,3 mil vagas em mar\u00e7o"},"content":{"rendered":"<p>Ap\u00f3s a cria\u00e7\u00e3o de 306.708 vagas em fevereiro (dado revisado nesta ter\u00e7a-feira, 30), o <a href=\"https:\/\/www.suno.com.br\/artigos\/mercado-de-trabalho\/\">mercado de trabalho<\/a> formal registrou um saldo positivo de 244.315 carteiras assinadas em mar\u00e7o, de acordo com os dados do Cadastro Geral de Empregados e Desempregados (<strong>Caged<\/strong>) divulgados pelo Minist\u00e9rio do Trabalho.<\/p>\t<div class=\"wrapper-featured-image\">\n\t\t<figure class=\"spotlightImg\">\n\n\t\t\t<picture>\n\t\t\t\t<source media=\"(max-width: 768px)\" srcset=\"https:\/\/files.sunoresearch.com.br\/n\/uploads\/2024\/04\/iStock-1362181407-400x200.jpg\">\n\t\t\t\t<img loading=\"lazy\" decoding=\"async\" class=\"newsContent__article__imgCapa lazyloadDisabled \" src=\"https:\/\/files.sunoresearch.com.br\/n\/uploads\/2024\/04\/iStock-1362181407-800x450.jpg\" width=\"800\" height=\"450\" alt=\"Caged: Saldo l\u00edquido de emprego formal \u00e9 positivo em 244,3 mil vagas em mar\u00e7o\" fetchpriority=high \/>\n\t\t\t<\/picture>\n\n\t\t\t<figcaption class=\"wp-caption-text wp-caption-text--show\">Caged. Foto: iStock.<\/figcaption>\n\t\t<\/figure>\n\t<\/div>\n\n\n\n\n\n\n\n\t<p>\n\t\t<a href=\"\" target=\"_blank\" data-element=\"shortcode-suno-banner\" title=\"Banner SUNO, clique e saiba mais\">\n\t\t\t<picture>\n\t\t\t\t<source media=\"(max-width: 500px)\" srcset=\"\">\n\t\t\t\t<img class=\"newsContent__article__imgCapa newsContent__article__imgCapa--banner\"\n\t\t\t\t\tsrc=\"\"\n\t\t\t\t\tdata-promo-id=\"240038\"\t\t\t\t\t\t\t\t\t\t\t\t\t\t\talt=\"\"\n\t\t\t\t>\n\t\t\t<\/picture>\n\t\t<\/a>\n\t<\/p>\n\n\n\n\n\n<p>O resultado do terceiro m\u00eas de 2024 decorreu de 2.262.420 admiss\u00f5es e 2.018.105 demiss\u00f5es. Em mar\u00e7o de 2023, houve abertura de 194.372 <strong>vagas com carteira assinada<\/strong>, na s\u00e9rie ajustada. Este \u00e9 o melhor resultado para o m\u00eas na s\u00e9rie hist\u00f3rica do<strong> Novo Caged <\/strong>iniciada em 2020 (sem ajustes).<\/p>\n\n\n\n<p>O <strong>mercado financeiro<\/strong> esperava um avan\u00e7o no emprego no m\u00eas, e o resultado veio acima da mediana das estimativas de analistas consultados pelo Proje\u00e7\u00f5es Broadcast, que indicava a abertura de 190 mil postos de trabalho. O n\u00famero veio dentro do intervalo de estimativas, que variavam entre 110 mil a 258.734 vagas.<\/p>\n\n\n\n<p>No acumulado dos tr\u00eas primeiros meses de 2024, o <strong>saldo do Caged<\/strong> j\u00e1 \u00e9 positivo em 719.033 vagas. No mesmo per\u00edodo do ano passado, houve cria\u00e7\u00e3o l\u00edquida de 536.869 postos formais.<\/p>\n\n\n\n<p>A abertura l\u00edquida de 244.315 <strong>vagas de trabalho com carteira assinada <\/strong>em mar\u00e7o foi novamente puxada pelo desempenho do setor de servi\u00e7os no m\u00eas, com a cria\u00e7\u00e3o de 148.722 postos formais, seguido por com\u00e9rcio, que abriu 37.493 vagas.<\/p>\n\n\n\n<p>J\u00e1 a ind\u00fastria gerou 35.886 vagas em mar\u00e7o, enquanto houve um saldo de 28.666 contrata\u00e7\u00f5es na constru\u00e7\u00e3o civil. Por sua vez, na agropecu\u00e1ria houve fechamento de 6.457 vagas no m\u00eas.<\/p>\n\n\n\n<p>No terceiro m\u00eas do ano, 25 unidades da federa\u00e7\u00e3o obtiveram resultado positivo no Caged. O melhor desempenho entre os Estados foi registrado em S\u00e3o Paulo, com a abertura de 76.941 postos de trabalho. J\u00e1 o pior desempenho foi de Alagoas, que registrou fechamento de 9.589 vagas em mar\u00e7o.<\/p>\n\n\n\n<p>O sal\u00e1rio m\u00e9dio de admiss\u00e3o nos empregos com carteira assinada foi de R$ 2.081,50 em mar\u00e7o, quase est\u00e1vel em rela\u00e7\u00e3o ao valor do m\u00eas de fevereiro (R$ 2.086,75), de acordo com o <strong>Caged<\/strong>.<\/p>\n\n\n\n<p><em>*Com informa\u00e7\u00f5es de Estad\u00e3o Conte\u00fado<\/em><\/p>\n\n\n\t<p>\n\t\t<a href=\"https:\/\/lp.suno.com.br\/ebook-gratuito-investindo-no-exterior\/\" target=\"_blank\" data-element=\"shortcode-suno-banner\" title=\"Banner SUNO, clique e saiba mais\">\n\t\t\t<picture>\n\t\t\t\t<source media=\"(max-width: 500px)\" srcset=\"https:\/\/files.sunoresearch.com.br\/n\/uploads\/2023\/03\/400x300-Investindo-no-exterior.png\">\n\t\t\t\t<img class=\"newsContent__article__imgCapa newsContent__article__imgCapa--banner\"\n\t\t\t\t\tsrc=\"https:\/\/files.sunoresearch.com.br\/n\/uploads\/2023\/03\/1420x240-Investindo-no-exterior.png\"\n\t\t\t\t\tdata-promo-id=\"383161\"\t\t\t\t\t\t\t\t\t\twidth='1420' height='240'\t\t\t\t\talt=\"https:\/\/files.sunoresearch.com.br\/n\/uploads\/2023\/03\/1420x240-Investindo-no-exterior.png\"\n\t\t\t\t>\n\t\t\t<\/picture>\n\t\t<\/a>\n\t<\/p>\n\n\n","protected":false},"excerpt":{"rendered":"<p>Ap\u00f3s a cria\u00e7\u00e3o de 306.708 vagas em fevereiro (dado revisado nesta ter\u00e7a-feira, 30), o mercado de trabalho formal registrou um saldo positivo de 244.315 carteiras assinadas em mar\u00e7o, de acordo com os dados do Cadastro Geral de Empregados e Desempregados (Caged) divulgados pelo Minist\u00e9rio do Trabalho. Caged. Foto: iStock. O resultado do terceiro m\u00eas de [&hellip;]<\/p>\n","protected":false},"author":313,"featured_media":549340,"comment_status":"closed","ping_status":"closed","sticky":false,"template":"","format":"standard","meta":[],"categories":[62],"tags":[1261,1296,1796],"suno_strategy":[],"class_list":["post-549262","post","type-post","status-publish","format-standard","has-post-thumbnail","hentry","category-economia","tag-caged","tag-desemprego","tag-emprego"],"yoast_head":"<!-- This site is optimized with the Yoast SEO plugin v24.4 - https:\/\/yoast.com\/wordpress\/plugins\/seo\/ -->\n<title>Caged: saldo l\u00edquido de emprego formal \u00e9 positivo em mar\u00e7o<\/title>\n<meta name=\"description\" content=\"Os dados do Caged referentes ao m\u00eas de mar\u00e7o foram divulgados nesta ter\u00e7a-feira pelo Minist\u00e9rio do Trabalho. Confira os dados do Caged.\" \/>\n<meta name=\"robots\" content=\"index, follow, max-snippet:-1, max-image-preview:large, max-video-preview:-1\" \/>\n<link rel=\"canonical\" href=\"https:\/\/www.suno.com.br\/noticias\/caged-emprego-marco-gpj\/\" \/>\n<meta property=\"og:locale\" content=\"pt_BR\" \/>\n<meta property=\"og:type\" content=\"article\" \/>\n<meta property=\"og:title\" content=\"Caged: saldo l\u00edquido de emprego formal \u00e9 positivo em mar\u00e7o\" \/>\n<meta property=\"og:description\" content=\"Os dados do Caged referentes ao m\u00eas de mar\u00e7o foram divulgados nesta ter\u00e7a-feira pelo Minist\u00e9rio do Trabalho. Confira os dados do Caged.\" \/>\n<meta property=\"og:url\" content=\"https:\/\/www.suno.com.br\/noticias\/caged-emprego-marco-gpj\/\" \/>\n<meta property=\"og:site_name\" content=\"Suno Not\u00edcias\" \/>\n<meta property=\"article:publisher\" content=\"https:\/\/facebook.com\/sunoresearch\" \/>\n<meta property=\"og:image\" content=\"https:\/\/files.sunoresearch.com.br\/n\/uploads\/2024\/04\/iStock-1362181407.jpg\" \/>\n\t<meta property=\"og:image:width\" content=\"2119\" \/>\n\t<meta property=\"og:image:height\" content=\"1414\" \/>\n\t<meta property=\"og:image:type\" content=\"image\/jpeg\" \/>\n<meta name=\"author\" content=\"Giovanni Porf\u00edrio Jacomino\" \/>\n<meta name=\"twitter:card\" content=\"summary_large_image\" \/>\n<meta name=\"twitter:creator\" content=\"@sunoresearch\" \/>\n<meta name=\"twitter:site\" content=\"@sunoresearch\" \/>\n<meta name=\"twitter:label1\" content=\"Escrito por\" \/>\n\t<meta name=\"twitter:data1\" content=\"Giovanni Porf\u00edrio Jacomino\" \/>\n\t<meta name=\"twitter:label2\" content=\"Est. tempo de leitura\" \/>\n\t<meta name=\"twitter:data2\" content=\"2 minutos\" \/>\n<script type=\"application\/ld+json\" class=\"yoast-schema-graph\">{\"@context\":\"https:\/\/schema.org\",\"@graph\":[{\"@type\":\"NewsArticle\",\"@id\":\"https:\/\/www.suno.com.br\/noticias\/caged-emprego-marco-gpj\/#article\",\"isPartOf\":{\"@id\":\"https:\/\/www.suno.com.br\/noticias\/caged-emprego-marco-gpj\/\"},\"author\":{\"name\":\"Giovanni Porf\u00edrio Jacomino\",\"@id\":\"https:\/\/www.suno.com.br\/noticias\/#\/schema\/person\/d0f32748bbca4bee871fa191ee4e2d40\"},\"headline\":\"Caged: Saldo l\u00edquido de emprego formal \u00e9 positivo em 244,3 mil vagas em mar\u00e7o\",\"datePublished\":\"2024-04-30T16:11:27+00:00\",\"dateModified\":\"2024-04-30T16:11:32+00:00\",\"mainEntityOfPage\":{\"@id\":\"https:\/\/www.suno.com.br\/noticias\/caged-emprego-marco-gpj\/\"},\"wordCount\":369,\"publisher\":{\"@id\":\"https:\/\/www.suno.com.br\/noticias\/#organization\"},\"image\":{\"@id\":\"https:\/\/www.suno.com.br\/noticias\/caged-emprego-marco-gpj\/#primaryimage\"},\"thumbnailUrl\":\"https:\/\/files.sunoresearch.com.br\/n\/uploads\/2024\/04\/iStock-1362181407.jpg\",\"keywords\":[\"Caged\",\"Desemprego\",\"Emprego\"],\"articleSection\":[\"Economia\"],\"inLanguage\":\"pt-BR\"},{\"@type\":\"WebPage\",\"@id\":\"https:\/\/www.suno.com.br\/noticias\/caged-emprego-marco-gpj\/\",\"url\":\"https:\/\/www.suno.com.br\/noticias\/caged-emprego-marco-gpj\/\",\"name\":\"Caged: saldo l\u00edquido de emprego formal \u00e9 positivo em mar\u00e7o\",\"isPartOf\":{\"@id\":\"https:\/\/www.suno.com.br\/noticias\/#website\"},\"primaryImageOfPage\":{\"@id\":\"https:\/\/www.suno.com.br\/noticias\/caged-emprego-marco-gpj\/#primaryimage\"},\"image\":{\"@id\":\"https:\/\/www.suno.com.br\/noticias\/caged-emprego-marco-gpj\/#primaryimage\"},\"thumbnailUrl\":\"https:\/\/files.sunoresearch.com.br\/n\/uploads\/2024\/04\/iStock-1362181407.jpg\",\"datePublished\":\"2024-04-30T16:11:27+00:00\",\"dateModified\":\"2024-04-30T16:11:32+00:00\",\"description\":\"Os dados do Caged referentes ao m\u00eas de mar\u00e7o foram divulgados nesta ter\u00e7a-feira pelo Minist\u00e9rio do Trabalho. Confira os dados do Caged.\",\"breadcrumb\":{\"@id\":\"https:\/\/www.suno.com.br\/noticias\/caged-emprego-marco-gpj\/#breadcrumb\"},\"inLanguage\":\"pt-BR\",\"potentialAction\":[{\"@type\":\"ReadAction\",\"target\":[\"https:\/\/www.suno.com.br\/noticias\/caged-emprego-marco-gpj\/\"]}]},{\"@type\":\"ImageObject\",\"inLanguage\":\"pt-BR\",\"@id\":\"https:\/\/www.suno.com.br\/noticias\/caged-emprego-marco-gpj\/#primaryimage\",\"url\":\"https:\/\/files.sunoresearch.com.br\/n\/uploads\/2024\/04\/iStock-1362181407.jpg\",\"contentUrl\":\"https:\/\/files.sunoresearch.com.br\/n\/uploads\/2024\/04\/iStock-1362181407.jpg\",\"width\":2119,\"height\":1414,\"caption\":\"Caged. Foto: iStock.\"},{\"@type\":\"BreadcrumbList\",\"@id\":\"https:\/\/www.suno.com.br\/noticias\/caged-emprego-marco-gpj\/#breadcrumb\",\"itemListElement\":[{\"@type\":\"ListItem\",\"position\":1,\"name\":\"Not\u00edcias\",\"item\":\"https:\/\/www.suno.com.br\/noticias\/\"},{\"@type\":\"ListItem\",\"position\":2,\"name\":\"Economia\",\"item\":\"https:\/\/www.suno.com.br\/noticias\/economia\/\"},{\"@type\":\"ListItem\",\"position\":3,\"name\":\"Caged: Saldo l\u00edquido de emprego formal \u00e9 positivo em 244,3 mil vagas em mar\u00e7o\"}]},{\"@type\":\"WebSite\",\"@id\":\"https:\/\/www.suno.com.br\/noticias\/#website\",\"url\":\"https:\/\/www.suno.com.br\/noticias\/\",\"name\":\"Suno Not\u00edcias\",\"description\":\"Seu portal de informa\u00e7\u00e3o sobre o mundo dos investimentos\",\"publisher\":{\"@id\":\"https:\/\/www.suno.com.br\/noticias\/#organization\"},\"potentialAction\":[{\"@type\":\"SearchAction\",\"target\":{\"@type\":\"EntryPoint\",\"urlTemplate\":\"https:\/\/www.suno.com.br\/noticias\/?s={search_term_string}\"},\"query-input\":{\"@type\":\"PropertyValueSpecification\",\"valueRequired\":true,\"valueName\":\"search_term_string\"}}],\"inLanguage\":\"pt-BR\"},{\"@type\":\"Organization\",\"@id\":\"https:\/\/www.suno.com.br\/noticias\/#organization\",\"name\":\"Suno Not\u00edcias\",\"url\":\"https:\/\/www.suno.com.br\/noticias\/\",\"logo\":{\"@type\":\"ImageObject\",\"inLanguage\":\"pt-BR\",\"@id\":\"https:\/\/www.suno.com.br\/noticias\/#\/schema\/logo\/image\/\",\"url\":\"https:\/\/files.sunoresearch.com.br\/n\/uploads\/2021\/09\/suno-logo.png\",\"contentUrl\":\"https:\/\/files.sunoresearch.com.br\/n\/uploads\/2021\/09\/suno-logo.png\",\"width\":180,\"height\":180,\"caption\":\"Suno Not\u00edcias\"},\"image\":{\"@id\":\"https:\/\/www.suno.com.br\/noticias\/#\/schema\/logo\/image\/\"},\"sameAs\":[\"https:\/\/facebook.com\/sunoresearch\",\"https:\/\/x.com\/sunoresearch\",\"https:\/\/www.instagram.com\/suno\",\"https:\/\/www.linkedin.com\/company\/suno-research\/\",\"https:\/\/www.youtube.com\/c\/sunoresearch\"]},{\"@type\":\"Person\",\"@id\":\"https:\/\/www.suno.com.br\/noticias\/#\/schema\/person\/d0f32748bbca4bee871fa191ee4e2d40\",\"name\":\"Giovanni Porf\u00edrio Jacomino\",\"image\":{\"@type\":\"ImageObject\",\"inLanguage\":\"pt-BR\",\"@id\":\"https:\/\/www.suno.com.br\/noticias\/#\/schema\/person\/image\/\",\"url\":\"https:\/\/secure.gravatar.com\/avatar\/efb32e19b730a121cb7a80f41ffec01a?s=96&r=g\",\"contentUrl\":\"https:\/\/secure.gravatar.com\/avatar\/efb32e19b730a121cb7a80f41ffec01a?s=96&r=g\",\"caption\":\"Giovanni Porf\u00edrio Jacomino\"},\"description\":\"Giovanni Porf\u00edrio Jacomino \u00e9 jornalista formado pela Universidade Estadual de Londrina (UEL) e p\u00f3s-graduado em Produ\u00e7\u00e3o e Pr\u00e1ticas Jornal\u00edsticas na Contemporaneidade na Faculdade C\u00e1sper L\u00edbero (FCL). Foi editor web no Startupi e no Finsiders, atuando ainda como editor no TC Mover, portal de not\u00edcias da TradersClub, fazendo a cobertura de assuntos relacionados ao mercado financeiro interno e externo. Atualmente, \u00e9 Rep\u00f3rter do Suno Not\u00edcias.\",\"url\":\"https:\/\/www.suno.com.br\/noticias\/author\/giovanni-porfiriosuno-com-br\/\"}]}<\/script>\n<!-- \/ Yoast SEO plugin. -->","yoast_head_json":{"title":"Caged: saldo l\u00edquido de emprego formal \u00e9 positivo em mar\u00e7o","description":"Os dados do Caged referentes ao m\u00eas de mar\u00e7o foram divulgados nesta ter\u00e7a-feira pelo Minist\u00e9rio do Trabalho. Confira os dados do Caged.","robots":{"index":"index","follow":"follow","max-snippet":"max-snippet:-1","max-image-preview":"max-image-preview:large","max-video-preview":"max-video-preview:-1"},"canonical":"https:\/\/www.suno.com.br\/noticias\/caged-emprego-marco-gpj\/","og_locale":"pt_BR","og_type":"article","og_title":"Caged: saldo l\u00edquido de emprego formal \u00e9 positivo em mar\u00e7o","og_description":"Os dados do Caged referentes ao m\u00eas de mar\u00e7o foram divulgados nesta ter\u00e7a-feira pelo Minist\u00e9rio do Trabalho. Confira os dados do Caged.","og_url":"https:\/\/www.suno.com.br\/noticias\/caged-emprego-marco-gpj\/","og_site_name":"Suno Not\u00edcias","article_publisher":"https:\/\/facebook.com\/sunoresearch","og_image":[{"width":2119,"height":1414,"url":"https:\/\/files.sunoresearch.com.br\/n\/uploads\/2024\/04\/iStock-1362181407.jpg","type":"image\/jpeg"}],"author":"Giovanni Porf\u00edrio Jacomino","twitter_card":"summary_large_image","twitter_creator":"@sunoresearch","twitter_site":"@sunoresearch","twitter_misc":{"Escrito por":"Giovanni Porf\u00edrio Jacomino","Est. tempo de leitura":"2 minutos"},"schema":{"@context":"https:\/\/schema.org","@graph":[{"@type":"NewsArticle","@id":"https:\/\/www.suno.com.br\/noticias\/caged-emprego-marco-gpj\/#article","isPartOf":{"@id":"https:\/\/www.suno.com.br\/noticias\/caged-emprego-marco-gpj\/"},"author":{"name":"Giovanni Porf\u00edrio Jacomino","@id":"https:\/\/www.suno.com.br\/noticias\/#\/schema\/person\/d0f32748bbca4bee871fa191ee4e2d40"},"headline":"Caged: Saldo l\u00edquido de emprego formal \u00e9 positivo em 244,3 mil vagas em mar\u00e7o","datePublished":"2024-04-30T16:11:27+00:00","dateModified":"2024-04-30T16:11:32+00:00","mainEntityOfPage":{"@id":"https:\/\/www.suno.com.br\/noticias\/caged-emprego-marco-gpj\/"},"wordCount":369,"publisher":{"@id":"https:\/\/www.suno.com.br\/noticias\/#organization"},"image":{"@id":"https:\/\/www.suno.com.br\/noticias\/caged-emprego-marco-gpj\/#primaryimage"},"thumbnailUrl":"https:\/\/files.sunoresearch.com.br\/n\/uploads\/2024\/04\/iStock-1362181407.jpg","keywords":["Caged","Desemprego","Emprego"],"articleSection":["Economia"],"inLanguage":"pt-BR"},{"@type":"WebPage","@id":"https:\/\/www.suno.com.br\/noticias\/caged-emprego-marco-gpj\/","url":"https:\/\/www.suno.com.br\/noticias\/caged-emprego-marco-gpj\/","name":"Caged: saldo l\u00edquido de emprego formal \u00e9 positivo em mar\u00e7o","isPartOf":{"@id":"https:\/\/www.suno.com.br\/noticias\/#website"},"primaryImageOfPage":{"@id":"https:\/\/www.suno.com.br\/noticias\/caged-emprego-marco-gpj\/#primaryimage"},"image":{"@id":"https:\/\/www.suno.com.br\/noticias\/caged-emprego-marco-gpj\/#primaryimage"},"thumbnailUrl":"https:\/\/files.sunoresearch.com.br\/n\/uploads\/2024\/04\/iStock-1362181407.jpg","datePublished":"2024-04-30T16:11:27+00:00","dateModified":"2024-04-30T16:11:32+00:00","description":"Os dados do Caged referentes ao m\u00eas de mar\u00e7o foram divulgados nesta ter\u00e7a-feira pelo Minist\u00e9rio do Trabalho. Confira os dados do Caged.","breadcrumb":{"@id":"https:\/\/www.suno.com.br\/noticias\/caged-emprego-marco-gpj\/#breadcrumb"},"inLanguage":"pt-BR","potentialAction":[{"@type":"ReadAction","target":["https:\/\/www.suno.com.br\/noticias\/caged-emprego-marco-gpj\/"]}]},{"@type":"ImageObject","inLanguage":"pt-BR","@id":"https:\/\/www.suno.com.br\/noticias\/caged-emprego-marco-gpj\/#primaryimage","url":"https:\/\/files.sunoresearch.com.br\/n\/uploads\/2024\/04\/iStock-1362181407.jpg","contentUrl":"https:\/\/files.sunoresearch.com.br\/n\/uploads\/2024\/04\/iStock-1362181407.jpg","width":2119,"height":1414,"caption":"Caged. Foto: iStock."},{"@type":"BreadcrumbList","@id":"https:\/\/www.suno.com.br\/noticias\/caged-emprego-marco-gpj\/#breadcrumb","itemListElement":[{"@type":"ListItem","position":1,"name":"Not\u00edcias","item":"https:\/\/www.suno.com.br\/noticias\/"},{"@type":"ListItem","position":2,"name":"Economia","item":"https:\/\/www.suno.com.br\/noticias\/economia\/"},{"@type":"ListItem","position":3,"name":"Caged: Saldo l\u00edquido de emprego formal \u00e9 positivo em 244,3 mil vagas em mar\u00e7o"}]},{"@type":"WebSite","@id":"https:\/\/www.suno.com.br\/noticias\/#website","url":"https:\/\/www.suno.com.br\/noticias\/","name":"Suno Not\u00edcias","description":"Seu portal de informa\u00e7\u00e3o sobre o mundo dos investimentos","publisher":{"@id":"https:\/\/www.suno.com.br\/noticias\/#organization"},"potentialAction":[{"@type":"SearchAction","target":{"@type":"EntryPoint","urlTemplate":"https:\/\/www.suno.com.br\/noticias\/?s={search_term_string}"},"query-input":{"@type":"PropertyValueSpecification","valueRequired":true,"valueName":"search_term_string"}}],"inLanguage":"pt-BR"},{"@type":"Organization","@id":"https:\/\/www.suno.com.br\/noticias\/#organization","name":"Suno Not\u00edcias","url":"https:\/\/www.suno.com.br\/noticias\/","logo":{"@type":"ImageObject","inLanguage":"pt-BR","@id":"https:\/\/www.suno.com.br\/noticias\/#\/schema\/logo\/image\/","url":"https:\/\/files.sunoresearch.com.br\/n\/uploads\/2021\/09\/suno-logo.png","contentUrl":"https:\/\/files.sunoresearch.com.br\/n\/uploads\/2021\/09\/suno-logo.png","width":180,"height":180,"caption":"Suno Not\u00edcias"},"image":{"@id":"https:\/\/www.suno.com.br\/noticias\/#\/schema\/logo\/image\/"},"sameAs":["https:\/\/facebook.com\/sunoresearch","https:\/\/x.com\/sunoresearch","https:\/\/www.instagram.com\/suno","https:\/\/www.linkedin.com\/company\/suno-research\/","https:\/\/www.youtube.com\/c\/sunoresearch"]},{"@type":"Person","@id":"https:\/\/www.suno.com.br\/noticias\/#\/schema\/person\/d0f32748bbca4bee871fa191ee4e2d40","name":"Giovanni Porf\u00edrio Jacomino","image":{"@type":"ImageObject","inLanguage":"pt-BR","@id":"https:\/\/www.suno.com.br\/noticias\/#\/schema\/person\/image\/","url":"https:\/\/secure.gravatar.com\/avatar\/efb32e19b730a121cb7a80f41ffec01a?s=96&r=g","contentUrl":"https:\/\/secure.gravatar.com\/avatar\/efb32e19b730a121cb7a80f41ffec01a?s=96&r=g","caption":"Giovanni Porf\u00edrio Jacomino"},"description":"Giovanni Porf\u00edrio Jacomino \u00e9 jornalista formado pela Universidade Estadual de Londrina (UEL) e p\u00f3s-graduado em Produ\u00e7\u00e3o e Pr\u00e1ticas Jornal\u00edsticas na Contemporaneidade na Faculdade C\u00e1sper L\u00edbero (FCL). Foi editor web no Startupi e no Finsiders, atuando ainda como editor no TC Mover, portal de not\u00edcias da TradersClub, fazendo a cobertura de assuntos relacionados ao mercado financeiro interno e externo. Atualmente, \u00e9 Rep\u00f3rter do Suno Not\u00edcias.","url":"https:\/\/www.suno.com.br\/noticias\/author\/giovanni-porfiriosuno-com-br\/"}]}},"default_loop_html":"<div class=\"cardsPage__listCard__boxs\"><div class=\"cardsPage__listCard__boxs__img\"><a href=\"https:\/\/www.suno.com.br\/noticias\/caged-emprego-marco-gpj\/\"><img class=\"mask\" src=\"https:\/\/www.suno.com.br\/noticias\/wp-content\/themes\/suno\/resources\/images\/spotlight\/spotlight1img\/bg-mask.png\" alt=\"Image Mask\"\/><img src=\"https:\/\/files.sunoresearch.com.br\/n\/uploads\/2024\/04\/iStock-1362181407-400x200.jpg\" alt=\"Caged: Saldo l\u00edquido de emprego formal \u00e9 positivo em 244,3 mil vagas em mar\u00e7o\"\/><\/a><span class=\"spotlightCategory\"><a href=\"https:\/\/www.suno.com.br\/noticias\/economia\/\">Economia<\/a><\/span><\/div><div class=\"cardsPage__listCard__boxs__content\"><a href=\"https:\/\/www.suno.com.br\/noticias\/caged-emprego-marco-gpj\/\"><h2 class=\"content__title\">Caged: Saldo l\u00edquido de emprego formal \u00e9 positivo em 244,3 mil vagas em mar\u00e7o<\/h2><\/a><div class=\"newsContent__article__meta\"><div class=\"newsContent__article__meta__authorBox\"><a href=\"https:\/\/www.suno.com.br\/noticias\/author\/giovanni-porfiriosuno-com-br\/\" class=\"authorBox__avatar noMobi\"><img src=\"https:\/\/files.sunoresearch.com.br\/n\/uploads\/2024\/05\/DSCF4115-1-1-150x150.webp\" alt=\"Giovanni Porf\u00edrio Jacomino\"><\/a><div class=\"authorBox__name\"><span>por\n\t\t\t<a href=\"https:\/\/www.suno.com.br\/noticias\/author\/giovanni-porfiriosuno-com-br\/\"><span itemprop=\"author\">Giovanni Porf\u00edrio Jacomino<\/span><\/a><\/span><time datetime=\"2024-04-30T13:11:27-03:00\" itemprop=\"datePublished\">30\/04\/2024 13:11<\/time><\/div><\/div><\/div><\/div><\/div>","single_layout":"posts","amp_enabled":true,"_links":{"self":[{"href":"https:\/\/www.suno.com.br\/noticias\/wp-json\/wp\/v2\/posts\/549262"}],"collection":[{"href":"https:\/\/www.suno.com.br\/noticias\/wp-json\/wp\/v2\/posts"}],"about":[{"href":"https:\/\/www.suno.com.br\/noticias\/wp-json\/wp\/v2\/types\/post"}],"author":[{"embeddable":true,"href":"https:\/\/www.suno.com.br\/noticias\/wp-json\/wp\/v2\/users\/313"}],"replies":[{"embeddable":true,"href":"https:\/\/www.suno.com.br\/noticias\/wp-json\/wp\/v2\/comments?post=549262"}],"version-history":[{"count":3,"href":"https:\/\/www.suno.com.br\/noticias\/wp-json\/wp\/v2\/posts\/549262\/revisions"}],"predecessor-version":[{"id":549347,"href":"https:\/\/www.suno.com.br\/noticias\/wp-json\/wp\/v2\/posts\/549262\/revisions\/549347"}],"wp:featuredmedia":[{"embeddable":true,"href":"https:\/\/www.suno.com.br\/noticias\/wp-json\/wp\/v2\/media\/549340"}],"wp:attachment":[{"href":"https:\/\/www.suno.com.br\/noticias\/wp-json\/wp\/v2\/media?parent=549262"}],"wp:term":[{"taxonomy":"category","embeddable":true,"href":"https:\/\/www.suno.com.br\/noticias\/wp-json\/wp\/v2\/categories?post=549262"},{"taxonomy":"post_tag","embeddable":true,"href":"https:\/\/www.suno.com.br\/noticias\/wp-json\/wp\/v2\/tags?post=549262"},{"taxonomy":"suno_strategy","embeddable":true,"href":"https:\/\/www.suno.com.br\/noticias\/wp-json\/wp\/v2\/suno_strategy?post=549262"}],"curies":[{"name":"wp","href":"https:\/\/api.w.org\/{rel}","templated":true}]}}