{"id":548942,"date":"2024-04-29T19:13:07","date_gmt":"2024-04-29T22:13:07","guid":{"rendered":"https:\/\/www.suno.com.br\/noticias\/?p=548942"},"modified":"2024-04-29T19:13:17","modified_gmt":"2024-04-29T22:13:17","slug":"agronegocio-mercado-terras-valorizado-va","status":"publish","type":"post","link":"https:\/\/www.suno.com.br\/noticias\/agronegocio-mercado-terras-valorizado-va\/","title":{"rendered":"Agroneg\u00f3cio: mercado de terras no Brasil est\u00e1 (cada vez mais) valorizado. Vejas as oportunidades de investimento"},"content":{"rendered":"<p>O <strong>agroneg\u00f3cio <\/strong>tem se destacado no Brasil, como um importante impulsionador do PIB nacional ou como uma op\u00e7\u00e3o atrativa para investidores no <a class=\"suno-keyword\" data-force=\"no\" data-priority=\"1\" href=\"https:\/\/www.suno.com.br\/artigos\/mercado-de-capitais-conceito\/\" target=\"_blank\" rel=\"noopener\">mercado de capitais<\/a>. Isso se a fatores como a estabilidade relativa que o setor possui diante de adversidades, ao mesmo tempo em que oferece oportunidades lucrativas para os investidores.<\/p>\t<div class=\"wrapper-featured-image\">\n\t\t<figure class=\"spotlightImg\">\n\n\t\t\t<picture>\n\t\t\t\t<source media=\"(max-width: 768px)\" srcset=\"https:\/\/files.sunoresearch.com.br\/n\/uploads\/2023\/04\/irewolede-PvwdlXqo85k-unsplash-400x200.jpg\">\n\t\t\t\t<img loading=\"lazy\" decoding=\"async\" class=\"newsContent__article__imgCapa lazyloadDisabled \" src=\"https:\/\/files.sunoresearch.com.br\/n\/uploads\/2023\/04\/irewolede-PvwdlXqo85k-unsplash-800x450.jpg\" width=\"800\" height=\"450\" alt=\"Agroneg\u00f3cio: mercado de terras no Brasil est\u00e1 (cada vez mais) valorizado. Vejas as oportunidades de investimento\" fetchpriority=high \/>\n\t\t\t<\/picture>\n\n\t\t\t<figcaption class=\"wp-caption-text wp-caption-text--show\">Agroneg\u00f3cio. Foto: Unsplash<\/figcaption>\n\t\t<\/figure>\n\t<\/div>\n\n\n\n\n\n\t<p>\n\t\t<a href=\"\" target=\"_blank\" data-element=\"shortcode-suno-banner\" title=\"Banner SUNO, clique e saiba mais\">\n\t\t\t<picture>\n\t\t\t\t<source media=\"(max-width: 500px)\" srcset=\"\">\n\t\t\t\t<img class=\"newsContent__article__imgCapa newsContent__article__imgCapa--banner\"\n\t\t\t\t\tsrc=\"\"\n\t\t\t\t\tdata-promo-id=\"526845\"\t\t\t\t\t\t\t\t\t\t\t\t\t\t\talt=\"\"\n\t\t\t\t>\n\t\t\t<\/picture>\n\t\t<\/a>\n\t<\/p>\n\n\n\n\n\n<p>O pre\u00e7o das <strong>terras agr\u00edcolas<\/strong> no Brasil quase dobrou em tr\u00eas anos, atingindo uma m\u00e9dia de R$ 55,02 mil por hectare em 2023, de acordo com um estudo da S&amp;P Global Commodity Insights. Esse aumento significativo acompanha um boom nos pre\u00e7os das <a class=\"suno-keyword\" target=\"_blank\" data-force=\"no\" data-priority=\"1\" href=\"https:\/\/www.suno.com.br\/artigos\/commodities-agricolas\/\" rel=\"noopener\">commodities agr\u00edcolas<\/a> e um aumento na \u00e1rea plantada no pa\u00eds.<\/p>\n\n\n\n<p>A terra agr\u00edcola \u00e9 considerada um ativo real, sendo vista como uma estrat\u00e9gia interessante contra a infla\u00e7\u00e3o, com investidores buscando a terra como uma forma de prote\u00e7\u00e3o. Segundo V\u00edtor Duarte, CIO da Suno Asset, as terras no Brasil v\u00eam ganhando produtividade ano ap\u00f3s ano, sendo um ativo capaz de produzir riqueza maior com o tempo, tendendo a ser bastante demandado e valorizado.&nbsp;<\/p>\n\n\n\n<p>&#8220;Al\u00e9m disso, o<strong> investimento em terra <\/strong>geralmente \u00e9 considerado uma reserva de valor s\u00f3lida, comumente associada \u00e0 estabilidade de pre\u00e7os. Dificilmente a terra perde valor; ao contr\u00e1rio, ela tende a se valorizar e se estabilizar em patamares mais altos ao longo do tempo. Esse comportamento de aumento de pre\u00e7o tem sido observado nos \u00faltimos anos&#8221;, comenta Duarte.<\/p>\n\n\n\n\t<div data-element=\"shortcode-read-more\" class=\"readToo\">\n\t\t\t\t<span class=\"readToo__title\">Leia mais<\/span>\n\t\t\t\t<ul class=\"readToo__list\">\n\t\t\t<li><a href=\"https:\/\/www.suno.com.br\/noticias\/fiagros-mostram-resiliencia-do-agronegocio-va\/\">Fiagros avan\u00e7am em n\u00fameros de investidores em 2024 e mostram resili\u00eancia do agroneg\u00f3cio<\/a><\/li><li><a href=\"https:\/\/www.suno.com.br\/noticias\/agronegocio-maior-empresa-top-10-evm\/\">Qual a maior empresa do agroneg\u00f3cio brasileiro? Veja Top 10<\/a><\/li>\t\t<\/ul>\n\t<\/div>\n\n\n\n\n<h2 class=\"wp-block-heading\">Agroneg\u00f3cio: qual a tese de investimento por tr\u00e1s do mercado de terras?<\/h2>\n\n\n\n<p>O Brasil vem convertendo terras menos produtivas, como pastagens extensivas, em terras mais produtivas para agricultura, aumentando a rentabilidade da terra.&nbsp;<\/p>\n\n\n\n<p>No entanto, essa convers\u00e3o tem um limite, pois nem todas as terras podem ser convertidas devido a quest\u00f5es como o microclima. Um estudo sugere que em cerca de 14 anos n\u00e3o haver\u00e1 mais terras dispon\u00edveis para essa convers\u00e3o.<\/p>\n\n\n\n<p>Isso significa que as terras destinadas \u00e0 <strong>agricultura<\/strong> ser\u00e3o as que existem atualmente sem espa\u00e7o para desmatamento adicional. Com a crescente demanda global por alimentos e a oferta limitada de novas terras, espera-se que o valor das terras agr\u00edcolas aumente no <a class=\"suno-keyword\" data-force=\"no\" data-priority=\"1\" href=\"https:\/\/www.suno.com.br\/artigos\/longo-prazo\/\" target=\"_blank\" rel=\"noopener\">longo prazo<\/a>.<\/p>\n\n\n\n<p>\u201cDesmatar n\u00e3o \u00e9 uma op\u00e7\u00e3o. Ent\u00e3o, a quantidade de terras \u00e9 limitada. E, quando se tem cada vez mais pessoas no mundo precisando ser alimentadas, o valor das terras tende a acelerar quando voc\u00ea tiver uma restri\u00e7\u00e3o na oferta de novas terras. Essa \u00e9 uma tese importante para ter\u201d, diz Duarte.\u00a0<\/p>\n\n\n\t<p>\n\t\t<a href=\"https:\/\/lp.suno.com.br\/asset\/fundos\/suno-fiagro-snag11\/\" target=\"_blank\" data-element=\"shortcode-suno-banner\" title=\"Banner SUNO, clique e saiba mais\">\n\t\t\t<picture>\n\t\t\t\t<source media=\"(max-width: 500px)\" srcset=\"https:\/\/files.sunoresearch.com.br\/n\/uploads\/2024\/03\/400x300-Mobile-Artigos-1_SNAG.png\">\n\t\t\t\t<img class=\"newsContent__article__imgCapa newsContent__article__imgCapa--banner\"\n\t\t\t\t\tsrc=\"https:\/\/files.sunoresearch.com.br\/n\/uploads\/2024\/03\/1420x240-Banner-Artigos-1-_-Banner-Materias-1_SNAG.png\"\n\t\t\t\t\tdata-promo-id=\"364416\"\t\t\t\t\t\t\t\t\t\twidth='1420' height='240'\t\t\t\t\talt=\"https:\/\/files.sunoresearch.com.br\/n\/uploads\/2024\/03\/1420x240-Banner-Artigos-1-_-Banner-Materias-1_SNAG.png\"\n\t\t\t\t>\n\t\t\t<\/picture>\n\t\t<\/a>\n\t<\/p>\n\n\n\n\n\n<h2 class=\"wp-block-heading\">Quais oportunidades e desafios para os mercados de terras?<\/h2>\n\n\n\n<p>O <strong>mercado de terras<\/strong> tem apresentado uma boa rentabilidade nos \u00faltimos anos. No entanto, existem alguns desafios como\u00a0a necessidade de adquirir terras licenciadas, livres de problemas de desmatamento e quest\u00f5es fiscais ou trabalhistas, o que demanda uma dilig\u00eancia rigorosa na identifica\u00e7\u00e3o de boas oportunidades de investimento.\u00a0<\/p>\n\n\n\n<p>Tamb\u00e9m \u00e9 preciso considerar as caracter\u00edsticas t\u00e9cnicas da terra, como o teor de argila.\u00a0<\/p>\n\n\n\n<p>\u201cQuanto \u00e0s oportunidades, como n\u00e3o haver\u00e1 novas terras dispon\u00edveis, espera-se que o <strong>pre\u00e7o da terra<\/strong> se valorize, especialmente com a crescente demanda global por alimentos. Investir em um <a class=\"suno-keyword\" data-force=\"no\" data-priority=\"2\" href=\"https:\/\/www.suno.com.br\/artigos\/fundo-de-investimento-em-participacoes\/\" target=\"_blank\" rel=\"noopener\">fundo de investimento<\/a> que se dedique a terras agr\u00edcolas \u00e9 uma forma acess\u00edvel de participar desse mercado, j\u00e1 que comprar uma terra individualmente pode exigir um investimento consider\u00e1vel e n\u00e3o \u00e9 t\u00e3o pr\u00e1tico\u201d, destaca Duarte.\u00a0<\/p>\n\n\n\n<p>Atualmente, o Brasil possui uma vasta extens\u00e3o de terras, com apenas 7,8% atualmente utilizadas para a agricultura, de acordo com a Embrapa. O pa\u00eds tem cerca de 63,5 milh\u00f5es de hectares em terras cultivadas, sendo que somente o Cerrado tem um potencial de 85,7 milh\u00f5es de hectares para o cultivo.&nbsp;<\/p>\n\n\n\n<p>Considerando apenas este bioma para a <strong>produ\u00e7\u00e3o de gr\u00e3os<\/strong>, ainda haveria uma capacidade de crescimento de 35% da \u00e1rea utilizada para a agricultura no pa\u00eds. Em compara\u00e7\u00e3o, pa\u00edses como a \u00cdndia, com popula\u00e7\u00e3o em crescimento, e a Europa, com alta demanda, est\u00e3o utilizando quase 100% de suas \u00e1reas agricult\u00e1veis. Esses pa\u00edses precisam importar alimentos de na\u00e7\u00f5es com capacidade de exporta\u00e7\u00e3o, como o Brasil.<\/p>\n\n\n\n<p>&#8220;A popula\u00e7\u00e3o mundial est\u00e1 em crescimento, e essa \u00e9 uma tend\u00eancia que se mant\u00e9m. Pa\u00edses como a \u00cdndia t\u00eam visto melhoras na qualidade de vida de seus cidad\u00e3os, o que tem elevado a <a class=\"suno-keyword\" data-force=\"no\" data-priority=\"2\" href=\"https:\/\/www.suno.com.br\/artigos\/renda-per-capita\/\" target=\"_blank\" rel=\"noopener\">renda per capita<\/a>, por exemplo, para cerca de US$ 2 mil. Esse aumento de renda \u00e9 positivo, pois significa que mais pessoas t\u00eam acesso a uma alimenta\u00e7\u00e3o melhor, com maior consumo de prote\u00ednas. Isso representa uma grande oportunidade de investimento em terras.&#8221;<\/p>\n\n\n\n<h2 class=\"wp-block-heading\">Agroneg\u00f3cio em mar\u00e7o<\/h2>\n\n\n\n<p>Nos tr\u00eas primeiros meses do ano, a receita da&nbsp;<strong><a href=\"https:\/\/www.suno.com.br\/noticias\/fiagros-mostram-resiliencia-do-agronegocio-va\/\">balan\u00e7a do agroneg\u00f3cio<\/a><\/strong>&nbsp;foi sustentada principalmente pelo aumento das vendas externas de a\u00e7\u00facar (+US$ 2,52 bilh\u00f5es), algod\u00e3o (+US$ 997,41 milh\u00f5es) e caf\u00e9 verde (+US$ 563,64 milh\u00f5es).<\/p>\n\n\n\n<p>O bom resultado nas vendas desses produtos compensou a queda nas exporta\u00e7\u00f5es de milho (-US$ 1,2 bilh\u00e3o); soja em gr\u00e3os (-US$ 901,30 milh\u00f5es) e \u00f3leo de soja (-US$ 543,45 milh\u00f5es), destacou a pasta.<\/p>\n\n\n\n<p>No primeiro trimestre deste ano, as importa\u00e7\u00f5es de produtos agropecu\u00e1rios cresceram 3,7% em rela\u00e7\u00e3o a igual m\u00eas do ano anterior, para US$ 4,635 bilh\u00f5es, equivalente a 7,8% do total internalizado pelo Pa\u00eds no per\u00edodo.<\/p>\n\n\n\n<p>Com isso, o saldo da&nbsp;<a href=\"https:\/\/www.suno.com.br\/artigos\/balanca-comercial\/\" target=\"_blank\" rel=\"noreferrer noopener\">balan\u00e7a comercial<\/a>&nbsp;do setor ficou positivo em US$ 32,806 bilh\u00f5es frente aos US$ 31,376 bilh\u00f5es de igual per\u00edodo de 2023.<\/p>\n\n\n\n<p>Em mar\u00e7o, as exporta\u00e7\u00f5es do agroneg\u00f3cio brasileiro alcan\u00e7aram US$ 14,21 bilh\u00f5es, queda de 10,8% ante igual m\u00eas do ano passado. O minist\u00e9rio atribui o desempenho negativo \u00e0 redu\u00e7\u00e3o nos pre\u00e7os internacionais dos alimentos.<\/p>\n\n\n\n<p>O \u00edndice de pre\u00e7os dos produtos do setor exportados pelo Brasil recuou 11,9% em compara\u00e7\u00e3o com mar\u00e7o de 2023. J\u00e1 o volume embarcado pelo agroneg\u00f3cio aumentou 1,3%.<\/p>\n\n\n\n<p>Os cinco principais setores exportadores em mar\u00e7o foram: complexo soja (44,3% de participa\u00e7\u00e3o nas exporta\u00e7\u00f5es do setor), carnes (12,8% do total), complexo sucroalcooleiro (11,3% do total); produtos florestais (9,4% do total); e caf\u00e9 (5,7% do total).<\/p>\n\n\n\n<p>Juntos, estes setores responderam por 83,4% do valor total exportado pelo Brasil do m\u00eas.<\/p>\n\n\n\n<p>A China manteve-se como principal destino dos produtos do&nbsp;<strong>agroneg\u00f3cio<\/strong>&nbsp;brasileiro no m\u00eas, respondendo por 35,9% dos produtos exportados pelo agroneg\u00f3cio brasileiro. Os embarques ao pa\u00eds asi\u00e1tico, contudo, recuaram 23% na compara\u00e7\u00e3o anual para US$ 5,10 bilh\u00f5es.<\/p>\n\n\n\n\n\t<p>\n\t\t<a href=\"\" target=\"_blank\" data-element=\"shortcode-suno-banner\" title=\"Banner SUNO, clique e saiba mais\">\n\t\t\t<picture>\n\t\t\t\t<source media=\"(max-width: 500px)\" srcset=\"\">\n\t\t\t\t<img class=\"newsContent__article__imgCapa newsContent__article__imgCapa--banner\"\n\t\t\t\t\tsrc=\"\"\n\t\t\t\t\tdata-promo-id=\"285519\"\t\t\t\t\t\t\t\t\t\t\t\t\t\t\talt=\"\"\n\t\t\t\t>\n\t\t\t<\/picture>\n\t\t<\/a>\n\t<\/p>\n\n\n","protected":false},"excerpt":{"rendered":"<p>O agroneg\u00f3cio tem se destacado no Brasil, como um importante impulsionador do PIB nacional ou como uma op\u00e7\u00e3o atrativa para investidores no mercado de capitais. Isso se a fatores como a estabilidade relativa que o setor possui diante de adversidades, ao mesmo tempo em que oferece oportunidades lucrativas para os investidores. Agroneg\u00f3cio. Foto: Unsplash O [&hellip;]<\/p>\n","protected":false},"author":301,"featured_media":390022,"comment_status":"closed","ping_status":"closed","sticky":false,"template":"","format":"standard","meta":[],"categories":[62],"tags":[1121],"suno_strategy":[],"class_list":["post-548942","post","type-post","status-publish","format-standard","has-post-thumbnail","hentry","category-economia","tag-agronegocio"],"yoast_head":"<!-- This site is optimized with the Yoast SEO plugin v24.4 - https:\/\/yoast.com\/wordpress\/plugins\/seo\/ -->\n<title>Agroneg\u00f3cio: mercado de terras no Brasil segue valorizado<\/title>\n<meta name=\"description\" content=\"O pre\u00e7o das terras agr\u00edcolas no Brasil quase dobrou em tr\u00eas anos, atingindo uma m\u00e9dia de R$ 55,02 mil por hectare em 2023.\" \/>\n<meta name=\"robots\" content=\"index, follow, max-snippet:-1, max-image-preview:large, max-video-preview:-1\" \/>\n<link rel=\"canonical\" href=\"https:\/\/www.suno.com.br\/noticias\/agronegocio-mercado-terras-valorizado-va\/\" \/>\n<meta property=\"og:locale\" content=\"pt_BR\" \/>\n<meta property=\"og:type\" content=\"article\" \/>\n<meta property=\"og:title\" content=\"Agroneg\u00f3cio: mercado de terras no Brasil segue valorizado\" \/>\n<meta property=\"og:description\" content=\"O pre\u00e7o das terras agr\u00edcolas no Brasil quase dobrou em tr\u00eas anos, atingindo uma m\u00e9dia de R$ 55,02 mil por hectare em 2023.\" \/>\n<meta property=\"og:url\" content=\"https:\/\/www.suno.com.br\/noticias\/agronegocio-mercado-terras-valorizado-va\/\" \/>\n<meta property=\"og:site_name\" content=\"Suno Not\u00edcias\" \/>\n<meta property=\"article:publisher\" content=\"https:\/\/facebook.com\/sunoresearch\" \/>\n<meta property=\"og:image\" content=\"https:\/\/files.sunoresearch.com.br\/n\/uploads\/2023\/04\/irewolede-PvwdlXqo85k-unsplash.jpg\" \/>\n\t<meta property=\"og:image:width\" content=\"1920\" \/>\n\t<meta property=\"og:image:height\" content=\"1280\" \/>\n\t<meta property=\"og:image:type\" content=\"image\/jpeg\" \/>\n<meta name=\"author\" content=\"Vin\u00edcius Alves\" \/>\n<meta name=\"twitter:card\" content=\"summary_large_image\" \/>\n<meta name=\"twitter:creator\" content=\"@sunoresearch\" \/>\n<meta name=\"twitter:site\" content=\"@sunoresearch\" \/>\n<meta name=\"twitter:label1\" content=\"Escrito por\" \/>\n\t<meta name=\"twitter:data1\" content=\"Vin\u00edcius Alves\" \/>\n\t<meta name=\"twitter:label2\" content=\"Est. tempo de leitura\" \/>\n\t<meta name=\"twitter:data2\" content=\"6 minutos\" \/>\n<script type=\"application\/ld+json\" class=\"yoast-schema-graph\">{\"@context\":\"https:\/\/schema.org\",\"@graph\":[{\"@type\":\"NewsArticle\",\"@id\":\"https:\/\/www.suno.com.br\/noticias\/agronegocio-mercado-terras-valorizado-va\/#article\",\"isPartOf\":{\"@id\":\"https:\/\/www.suno.com.br\/noticias\/agronegocio-mercado-terras-valorizado-va\/\"},\"author\":{\"name\":\"Vin\u00edcius Alves\",\"@id\":\"https:\/\/www.suno.com.br\/noticias\/#\/schema\/person\/4a180549702d0e236b3e420862bcded3\"},\"headline\":\"Agroneg\u00f3cio: mercado de terras no Brasil est\u00e1 (cada vez mais) valorizado. Vejas as oportunidades de investimento\",\"datePublished\":\"2024-04-29T22:13:07+00:00\",\"dateModified\":\"2024-04-29T22:13:17+00:00\",\"mainEntityOfPage\":{\"@id\":\"https:\/\/www.suno.com.br\/noticias\/agronegocio-mercado-terras-valorizado-va\/\"},\"wordCount\":1098,\"publisher\":{\"@id\":\"https:\/\/www.suno.com.br\/noticias\/#organization\"},\"image\":{\"@id\":\"https:\/\/www.suno.com.br\/noticias\/agronegocio-mercado-terras-valorizado-va\/#primaryimage\"},\"thumbnailUrl\":\"https:\/\/files.sunoresearch.com.br\/n\/uploads\/2023\/04\/irewolede-PvwdlXqo85k-unsplash.jpg\",\"keywords\":[\"Agroneg\u00f3cio\"],\"articleSection\":[\"Economia\"],\"inLanguage\":\"pt-BR\"},{\"@type\":\"WebPage\",\"@id\":\"https:\/\/www.suno.com.br\/noticias\/agronegocio-mercado-terras-valorizado-va\/\",\"url\":\"https:\/\/www.suno.com.br\/noticias\/agronegocio-mercado-terras-valorizado-va\/\",\"name\":\"Agroneg\u00f3cio: mercado de terras no Brasil segue valorizado\",\"isPartOf\":{\"@id\":\"https:\/\/www.suno.com.br\/noticias\/#website\"},\"primaryImageOfPage\":{\"@id\":\"https:\/\/www.suno.com.br\/noticias\/agronegocio-mercado-terras-valorizado-va\/#primaryimage\"},\"image\":{\"@id\":\"https:\/\/www.suno.com.br\/noticias\/agronegocio-mercado-terras-valorizado-va\/#primaryimage\"},\"thumbnailUrl\":\"https:\/\/files.sunoresearch.com.br\/n\/uploads\/2023\/04\/irewolede-PvwdlXqo85k-unsplash.jpg\",\"datePublished\":\"2024-04-29T22:13:07+00:00\",\"dateModified\":\"2024-04-29T22:13:17+00:00\",\"description\":\"O pre\u00e7o das terras agr\u00edcolas no Brasil quase dobrou em tr\u00eas anos, atingindo uma m\u00e9dia de R$ 55,02 mil por hectare em 2023.\",\"breadcrumb\":{\"@id\":\"https:\/\/www.suno.com.br\/noticias\/agronegocio-mercado-terras-valorizado-va\/#breadcrumb\"},\"inLanguage\":\"pt-BR\",\"potentialAction\":[{\"@type\":\"ReadAction\",\"target\":[\"https:\/\/www.suno.com.br\/noticias\/agronegocio-mercado-terras-valorizado-va\/\"]}]},{\"@type\":\"ImageObject\",\"inLanguage\":\"pt-BR\",\"@id\":\"https:\/\/www.suno.com.br\/noticias\/agronegocio-mercado-terras-valorizado-va\/#primaryimage\",\"url\":\"https:\/\/files.sunoresearch.com.br\/n\/uploads\/2023\/04\/irewolede-PvwdlXqo85k-unsplash.jpg\",\"contentUrl\":\"https:\/\/files.sunoresearch.com.br\/n\/uploads\/2023\/04\/irewolede-PvwdlXqo85k-unsplash.jpg\",\"width\":1920,\"height\":1280,\"caption\":\"Agroneg\u00f3cio. Foto: Unsplash\"},{\"@type\":\"BreadcrumbList\",\"@id\":\"https:\/\/www.suno.com.br\/noticias\/agronegocio-mercado-terras-valorizado-va\/#breadcrumb\",\"itemListElement\":[{\"@type\":\"ListItem\",\"position\":1,\"name\":\"Not\u00edcias\",\"item\":\"https:\/\/www.suno.com.br\/noticias\/\"},{\"@type\":\"ListItem\",\"position\":2,\"name\":\"Economia\",\"item\":\"https:\/\/www.suno.com.br\/noticias\/economia\/\"},{\"@type\":\"ListItem\",\"position\":3,\"name\":\"Agroneg\u00f3cio: mercado de terras no Brasil est\u00e1 (cada vez mais) valorizado. Vejas as oportunidades de investimento\"}]},{\"@type\":\"WebSite\",\"@id\":\"https:\/\/www.suno.com.br\/noticias\/#website\",\"url\":\"https:\/\/www.suno.com.br\/noticias\/\",\"name\":\"Suno Not\u00edcias\",\"description\":\"Seu portal de informa\u00e7\u00e3o sobre o mundo dos investimentos\",\"publisher\":{\"@id\":\"https:\/\/www.suno.com.br\/noticias\/#organization\"},\"potentialAction\":[{\"@type\":\"SearchAction\",\"target\":{\"@type\":\"EntryPoint\",\"urlTemplate\":\"https:\/\/www.suno.com.br\/noticias\/?s={search_term_string}\"},\"query-input\":{\"@type\":\"PropertyValueSpecification\",\"valueRequired\":true,\"valueName\":\"search_term_string\"}}],\"inLanguage\":\"pt-BR\"},{\"@type\":\"Organization\",\"@id\":\"https:\/\/www.suno.com.br\/noticias\/#organization\",\"name\":\"Suno Not\u00edcias\",\"url\":\"https:\/\/www.suno.com.br\/noticias\/\",\"logo\":{\"@type\":\"ImageObject\",\"inLanguage\":\"pt-BR\",\"@id\":\"https:\/\/www.suno.com.br\/noticias\/#\/schema\/logo\/image\/\",\"url\":\"https:\/\/files.sunoresearch.com.br\/n\/uploads\/2021\/09\/suno-logo.png\",\"contentUrl\":\"https:\/\/files.sunoresearch.com.br\/n\/uploads\/2021\/09\/suno-logo.png\",\"width\":180,\"height\":180,\"caption\":\"Suno Not\u00edcias\"},\"image\":{\"@id\":\"https:\/\/www.suno.com.br\/noticias\/#\/schema\/logo\/image\/\"},\"sameAs\":[\"https:\/\/facebook.com\/sunoresearch\",\"https:\/\/x.com\/sunoresearch\",\"https:\/\/www.instagram.com\/suno\",\"https:\/\/www.linkedin.com\/company\/suno-research\/\",\"https:\/\/www.youtube.com\/c\/sunoresearch\"]},{\"@type\":\"Person\",\"@id\":\"https:\/\/www.suno.com.br\/noticias\/#\/schema\/person\/4a180549702d0e236b3e420862bcded3\",\"name\":\"Vin\u00edcius Alves\",\"image\":{\"@type\":\"ImageObject\",\"inLanguage\":\"pt-BR\",\"@id\":\"https:\/\/www.suno.com.br\/noticias\/#\/schema\/person\/image\/\",\"url\":\"https:\/\/secure.gravatar.com\/avatar\/a95b7fe6d1b813f7907d4f476d5a39e1?s=96&r=g\",\"contentUrl\":\"https:\/\/secure.gravatar.com\/avatar\/a95b7fe6d1b813f7907d4f476d5a39e1?s=96&r=g\",\"caption\":\"Vin\u00edcius Alves\"},\"description\":\"Jornalista formado na Faculdade C\u00e1sper L\u00edbero. Com passagens pela Ag\u00eancia Estado, InfoMoney e Editora Globo.\",\"url\":\"https:\/\/www.suno.com.br\/noticias\/author\/vini08correiagmail-com\/\"}]}<\/script>\n<!-- \/ Yoast SEO plugin. -->","yoast_head_json":{"title":"Agroneg\u00f3cio: mercado de terras no Brasil segue valorizado","description":"O pre\u00e7o das terras agr\u00edcolas no Brasil quase dobrou em tr\u00eas anos, atingindo uma m\u00e9dia de R$ 55,02 mil por hectare em 2023.","robots":{"index":"index","follow":"follow","max-snippet":"max-snippet:-1","max-image-preview":"max-image-preview:large","max-video-preview":"max-video-preview:-1"},"canonical":"https:\/\/www.suno.com.br\/noticias\/agronegocio-mercado-terras-valorizado-va\/","og_locale":"pt_BR","og_type":"article","og_title":"Agroneg\u00f3cio: mercado de terras no Brasil segue valorizado","og_description":"O pre\u00e7o das terras agr\u00edcolas no Brasil quase dobrou em tr\u00eas anos, atingindo uma m\u00e9dia de R$ 55,02 mil por hectare em 2023.","og_url":"https:\/\/www.suno.com.br\/noticias\/agronegocio-mercado-terras-valorizado-va\/","og_site_name":"Suno Not\u00edcias","article_publisher":"https:\/\/facebook.com\/sunoresearch","og_image":[{"width":1920,"height":1280,"url":"https:\/\/files.sunoresearch.com.br\/n\/uploads\/2023\/04\/irewolede-PvwdlXqo85k-unsplash.jpg","type":"image\/jpeg"}],"author":"Vin\u00edcius Alves","twitter_card":"summary_large_image","twitter_creator":"@sunoresearch","twitter_site":"@sunoresearch","twitter_misc":{"Escrito por":"Vin\u00edcius Alves","Est. tempo de leitura":"6 minutos"},"schema":{"@context":"https:\/\/schema.org","@graph":[{"@type":"NewsArticle","@id":"https:\/\/www.suno.com.br\/noticias\/agronegocio-mercado-terras-valorizado-va\/#article","isPartOf":{"@id":"https:\/\/www.suno.com.br\/noticias\/agronegocio-mercado-terras-valorizado-va\/"},"author":{"name":"Vin\u00edcius Alves","@id":"https:\/\/www.suno.com.br\/noticias\/#\/schema\/person\/4a180549702d0e236b3e420862bcded3"},"headline":"Agroneg\u00f3cio: mercado de terras no Brasil est\u00e1 (cada vez mais) valorizado. Vejas as oportunidades de investimento","datePublished":"2024-04-29T22:13:07+00:00","dateModified":"2024-04-29T22:13:17+00:00","mainEntityOfPage":{"@id":"https:\/\/www.suno.com.br\/noticias\/agronegocio-mercado-terras-valorizado-va\/"},"wordCount":1098,"publisher":{"@id":"https:\/\/www.suno.com.br\/noticias\/#organization"},"image":{"@id":"https:\/\/www.suno.com.br\/noticias\/agronegocio-mercado-terras-valorizado-va\/#primaryimage"},"thumbnailUrl":"https:\/\/files.sunoresearch.com.br\/n\/uploads\/2023\/04\/irewolede-PvwdlXqo85k-unsplash.jpg","keywords":["Agroneg\u00f3cio"],"articleSection":["Economia"],"inLanguage":"pt-BR"},{"@type":"WebPage","@id":"https:\/\/www.suno.com.br\/noticias\/agronegocio-mercado-terras-valorizado-va\/","url":"https:\/\/www.suno.com.br\/noticias\/agronegocio-mercado-terras-valorizado-va\/","name":"Agroneg\u00f3cio: mercado de terras no Brasil segue valorizado","isPartOf":{"@id":"https:\/\/www.suno.com.br\/noticias\/#website"},"primaryImageOfPage":{"@id":"https:\/\/www.suno.com.br\/noticias\/agronegocio-mercado-terras-valorizado-va\/#primaryimage"},"image":{"@id":"https:\/\/www.suno.com.br\/noticias\/agronegocio-mercado-terras-valorizado-va\/#primaryimage"},"thumbnailUrl":"https:\/\/files.sunoresearch.com.br\/n\/uploads\/2023\/04\/irewolede-PvwdlXqo85k-unsplash.jpg","datePublished":"2024-04-29T22:13:07+00:00","dateModified":"2024-04-29T22:13:17+00:00","description":"O pre\u00e7o das terras agr\u00edcolas no Brasil quase dobrou em tr\u00eas anos, atingindo uma m\u00e9dia de R$ 55,02 mil por hectare em 2023.","breadcrumb":{"@id":"https:\/\/www.suno.com.br\/noticias\/agronegocio-mercado-terras-valorizado-va\/#breadcrumb"},"inLanguage":"pt-BR","potentialAction":[{"@type":"ReadAction","target":["https:\/\/www.suno.com.br\/noticias\/agronegocio-mercado-terras-valorizado-va\/"]}]},{"@type":"ImageObject","inLanguage":"pt-BR","@id":"https:\/\/www.suno.com.br\/noticias\/agronegocio-mercado-terras-valorizado-va\/#primaryimage","url":"https:\/\/files.sunoresearch.com.br\/n\/uploads\/2023\/04\/irewolede-PvwdlXqo85k-unsplash.jpg","contentUrl":"https:\/\/files.sunoresearch.com.br\/n\/uploads\/2023\/04\/irewolede-PvwdlXqo85k-unsplash.jpg","width":1920,"height":1280,"caption":"Agroneg\u00f3cio. Foto: Unsplash"},{"@type":"BreadcrumbList","@id":"https:\/\/www.suno.com.br\/noticias\/agronegocio-mercado-terras-valorizado-va\/#breadcrumb","itemListElement":[{"@type":"ListItem","position":1,"name":"Not\u00edcias","item":"https:\/\/www.suno.com.br\/noticias\/"},{"@type":"ListItem","position":2,"name":"Economia","item":"https:\/\/www.suno.com.br\/noticias\/economia\/"},{"@type":"ListItem","position":3,"name":"Agroneg\u00f3cio: mercado de terras no Brasil est\u00e1 (cada vez mais) valorizado. Vejas as oportunidades de investimento"}]},{"@type":"WebSite","@id":"https:\/\/www.suno.com.br\/noticias\/#website","url":"https:\/\/www.suno.com.br\/noticias\/","name":"Suno Not\u00edcias","description":"Seu portal de informa\u00e7\u00e3o sobre o mundo dos investimentos","publisher":{"@id":"https:\/\/www.suno.com.br\/noticias\/#organization"},"potentialAction":[{"@type":"SearchAction","target":{"@type":"EntryPoint","urlTemplate":"https:\/\/www.suno.com.br\/noticias\/?s={search_term_string}"},"query-input":{"@type":"PropertyValueSpecification","valueRequired":true,"valueName":"search_term_string"}}],"inLanguage":"pt-BR"},{"@type":"Organization","@id":"https:\/\/www.suno.com.br\/noticias\/#organization","name":"Suno Not\u00edcias","url":"https:\/\/www.suno.com.br\/noticias\/","logo":{"@type":"ImageObject","inLanguage":"pt-BR","@id":"https:\/\/www.suno.com.br\/noticias\/#\/schema\/logo\/image\/","url":"https:\/\/files.sunoresearch.com.br\/n\/uploads\/2021\/09\/suno-logo.png","contentUrl":"https:\/\/files.sunoresearch.com.br\/n\/uploads\/2021\/09\/suno-logo.png","width":180,"height":180,"caption":"Suno Not\u00edcias"},"image":{"@id":"https:\/\/www.suno.com.br\/noticias\/#\/schema\/logo\/image\/"},"sameAs":["https:\/\/facebook.com\/sunoresearch","https:\/\/x.com\/sunoresearch","https:\/\/www.instagram.com\/suno","https:\/\/www.linkedin.com\/company\/suno-research\/","https:\/\/www.youtube.com\/c\/sunoresearch"]},{"@type":"Person","@id":"https:\/\/www.suno.com.br\/noticias\/#\/schema\/person\/4a180549702d0e236b3e420862bcded3","name":"Vin\u00edcius Alves","image":{"@type":"ImageObject","inLanguage":"pt-BR","@id":"https:\/\/www.suno.com.br\/noticias\/#\/schema\/person\/image\/","url":"https:\/\/secure.gravatar.com\/avatar\/a95b7fe6d1b813f7907d4f476d5a39e1?s=96&r=g","contentUrl":"https:\/\/secure.gravatar.com\/avatar\/a95b7fe6d1b813f7907d4f476d5a39e1?s=96&r=g","caption":"Vin\u00edcius Alves"},"description":"Jornalista formado na Faculdade C\u00e1sper L\u00edbero. Com passagens pela Ag\u00eancia Estado, InfoMoney e Editora Globo.","url":"https:\/\/www.suno.com.br\/noticias\/author\/vini08correiagmail-com\/"}]}},"default_loop_html":"<div class=\"cardsPage__listCard__boxs\"><div class=\"cardsPage__listCard__boxs__img\"><a href=\"https:\/\/www.suno.com.br\/noticias\/agronegocio-mercado-terras-valorizado-va\/\"><img class=\"mask\" src=\"https:\/\/www.suno.com.br\/noticias\/wp-content\/themes\/suno\/resources\/images\/spotlight\/spotlight1img\/bg-mask.png\" alt=\"Image Mask\"\/><img src=\"https:\/\/files.sunoresearch.com.br\/n\/uploads\/2023\/04\/irewolede-PvwdlXqo85k-unsplash-400x200.jpg\" alt=\"Agroneg\u00f3cio: mercado de terras no Brasil est\u00e1 (cada vez mais) valorizado. Vejas as oportunidades de investimento\"\/><\/a><span class=\"spotlightCategory\"><a href=\"https:\/\/www.suno.com.br\/noticias\/economia\/\">Economia<\/a><\/span><\/div><div class=\"cardsPage__listCard__boxs__content\"><a href=\"https:\/\/www.suno.com.br\/noticias\/agronegocio-mercado-terras-valorizado-va\/\"><h2 class=\"content__title\">Agroneg\u00f3cio: mercado de terras no Brasil est\u00e1 (cada vez mais) valorizado. Vejas as oportunidades de investimento<\/h2><\/a><div class=\"newsContent__article__meta\"><div class=\"newsContent__article__meta__authorBox\"><a href=\"https:\/\/www.suno.com.br\/noticias\/author\/eduardo-vargas\/\" class=\"authorBox__avatar noMobi\"><img src=\"https:\/\/secure.gravatar.com\/avatar\/dac340933427a22924c9f99d1eb2e3f2?s=96&#038;r=g\" alt=\"Eduardo Vargas\"><\/a><div class=\"authorBox__name\"><span>por\n\t\t\t<a href=\"https:\/\/www.suno.com.br\/noticias\/author\/eduardo-vargas\/\"><span itemprop=\"author\">Eduardo Vargas<\/span><\/a><\/span><time datetime=\"2024-04-29T19:13:07-03:00\" itemprop=\"datePublished\">29\/04\/2024 19:13<\/time><\/div><\/div><\/div><\/div><\/div>","single_layout":"posts","amp_enabled":true,"_links":{"self":[{"href":"https:\/\/www.suno.com.br\/noticias\/wp-json\/wp\/v2\/posts\/548942"}],"collection":[{"href":"https:\/\/www.suno.com.br\/noticias\/wp-json\/wp\/v2\/posts"}],"about":[{"href":"https:\/\/www.suno.com.br\/noticias\/wp-json\/wp\/v2\/types\/post"}],"author":[{"embeddable":true,"href":"https:\/\/www.suno.com.br\/noticias\/wp-json\/wp\/v2\/users\/301"}],"replies":[{"embeddable":true,"href":"https:\/\/www.suno.com.br\/noticias\/wp-json\/wp\/v2\/comments?post=548942"}],"version-history":[{"count":3,"href":"https:\/\/www.suno.com.br\/noticias\/wp-json\/wp\/v2\/posts\/548942\/revisions"}],"predecessor-version":[{"id":549072,"href":"https:\/\/www.suno.com.br\/noticias\/wp-json\/wp\/v2\/posts\/548942\/revisions\/549072"}],"wp:featuredmedia":[{"embeddable":true,"href":"https:\/\/www.suno.com.br\/noticias\/wp-json\/wp\/v2\/media\/390022"}],"wp:attachment":[{"href":"https:\/\/www.suno.com.br\/noticias\/wp-json\/wp\/v2\/media?parent=548942"}],"wp:term":[{"taxonomy":"category","embeddable":true,"href":"https:\/\/www.suno.com.br\/noticias\/wp-json\/wp\/v2\/categories?post=548942"},{"taxonomy":"post_tag","embeddable":true,"href":"https:\/\/www.suno.com.br\/noticias\/wp-json\/wp\/v2\/tags?post=548942"},{"taxonomy":"suno_strategy","embeddable":true,"href":"https:\/\/www.suno.com.br\/noticias\/wp-json\/wp\/v2\/suno_strategy?post=548942"}],"curies":[{"name":"wp","href":"https:\/\/api.w.org\/{rel}","templated":true}]}}