{"id":548816,"date":"2024-04-29T11:31:13","date_gmt":"2024-04-29T14:31:13","guid":{"rendered":"https:\/\/www.suno.com.br\/noticias\/?p=548816"},"modified":"2024-04-29T17:48:33","modified_gmt":"2024-04-29T20:48:33","slug":"casas-bahia-bhia3-ceo-divida-acoes-gpj","status":"publish","type":"post","link":"https:\/\/www.suno.com.br\/noticias\/casas-bahia-bhia3-ceo-divida-acoes-gpj\/","title":{"rendered":"Casas Bahia (BHIA3): mercado tinha percep\u00e7\u00e3o equivocada sobre finan\u00e7as, diz CEO; a\u00e7\u00f5es saltam 34% no Ibovespa"},"content":{"rendered":"<p>Em teleconfer\u00eancia realizada nesta segunda-feira (29), ap\u00f3s a<strong> Casas Bahia<\/strong> (BHIA3) anunciar uma renegocia\u00e7\u00e3o de R$ 4,1 bilh\u00f5es em d\u00edvidas atrav\u00e9s de uma <a href=\"https:\/\/www.suno.com.br\/artigos\/recuperacao-extrajudicial\/\">recupera\u00e7\u00e3o extrajudicial<\/a>, o CEO da varejista, Renato Franklin, afirmou que o mercado n\u00e3o tinha ci\u00eancia do tamanho do suporte que a empresa tinha junto aos bancos. As a\u00e7\u00f5es da companhia disparam no Ibovespa.<\/p>\t<div class=\"wrapper-featured-image\">\n\t\t<figure class=\"spotlightImg\">\n\n\t\t\t<picture>\n\t\t\t\t<source media=\"(max-width: 768px)\" srcset=\"https:\/\/files.sunoresearch.com.br\/n\/uploads\/2024\/04\/casas-bahia-400x200.jpg\">\n\t\t\t\t<img loading=\"lazy\" decoding=\"async\" class=\"newsContent__article__imgCapa lazyloadDisabled \" src=\"https:\/\/files.sunoresearch.com.br\/n\/uploads\/2024\/04\/casas-bahia-800x450.jpg\" width=\"800\" height=\"450\" alt=\"Casas Bahia (BHIA3): mercado tinha percep\u00e7\u00e3o equivocada sobre finan\u00e7as, diz CEO; a\u00e7\u00f5es saltam 34% no Ibovespa\" fetchpriority=high \/>\n\t\t\t<\/picture>\n\n\t\t\t<figcaption class=\"wp-caption-text wp-caption-text--show\">BHIA3: Seguro de cr\u00e9dito pode redefinir o futuro da Casas Bahia.\n\n Foto: Divulga\u00e7\u00e3o<\/figcaption>\n\t\t<\/figure>\n\t<\/div>\n\n\n\n\n\n\n\n\t<p>\n\t\t<a href=\"\" target=\"_blank\" data-element=\"shortcode-suno-banner\" title=\"Banner SUNO, clique e saiba mais\">\n\t\t\t<picture>\n\t\t\t\t<source media=\"(max-width: 500px)\" srcset=\"\">\n\t\t\t\t<img class=\"newsContent__article__imgCapa newsContent__article__imgCapa--banner\"\n\t\t\t\t\tsrc=\"\"\n\t\t\t\t\tdata-promo-id=\"250707\"\t\t\t\t\t\t\t\t\t\t\t\t\t\t\talt=\"\"\n\t\t\t\t>\n\t\t\t<\/picture>\n\t\t<\/a>\n\t<\/p>\n\n\n\n\n\n<p>No fechamento, as <strong>a\u00e7\u00f5es BHIA3<\/strong> dispararam 34,19%, cotadas a R$ 7,30. <\/p>\n\n\n\n<div class=\"pluginQuotation\">\n  <p class=\"ticker\">\n    Cota\u00e7\u00e3o <span>BHIA3<\/span>\n  <\/p>\n  <div class=\"info\">\n    <div class=\"leftSide\">\n      Gr\u00e1fico gerado em: 29\/04\/2024    <\/div>\n\t\t\t\t\t<div class=\"rightSide\">\n\t\t\t\t\t<span class=\"period\">\n\t\t\t\t\t\t5 Dias\t\t\t\t\t<\/span>\n\t\t\t<\/div>\n\t\t  <\/div>\n\n  <div id=\"chart-7d6f3ddfb15ac46a81c23e003b2e4c5e\" data-block-hash=\"7d6f3ddfb15ac46a81c23e003b2e4c5e\"  class=\"chart\" style=\"width:100%;height:400px;\"><\/div>\n\n  <div class=\"pluginQuotation__footer\">\n    <div class=\"dataChart\">\n\n      <div class=\"dataChart__div1 variation\">\n        <div class=\"value-positive\">\n          20,81 (+1,18%)        <\/div>\n        <div class=\"text\">\n          Varia\u00e7\u00e3o do per\u00edodo\n        <\/div>\n      <\/div>\n\n      <div class=\"dataChart__div2 minMax\">\n        <div class=\"value\">\n          R$\u00a05,45        <\/div>\n        <div class=\"text\">\n          M\u00ednima\n        <\/div>\n      <\/div>\n\n      <div class=\"dataChart__div3 minMax\">\n        <div class=\"value\">\n          R$\u00a06,85        <\/div>\n        <div class=\"text\">\n          M\u00e1xima\n        <\/div>\n      <\/div>\n\n\t\t\t<div class=\"dataChart__div4 rightSide\">\n\t\t\t\t<div class=\"analiticaSource\">\n\t\t\t\t\t<span>\n\t\t\t\t\t\tFonte:\n\t\t\t\t\t<\/span>\n\t\t\t\t\t<img decoding=\"async\" class=\"analiticaLogo\" src=\"https:\/\/www.suno.com.br\/noticias\/wp-content\/plugins\/suno-block-ticker-quotation\/src\/suno-analitica-logo.png\" alt=\"Logo Suno Anal\u00edtica\" \/>\n\t\t\t\t<\/div>\n\n\t\t\t\t<a href=\"https:\/\/www.suno.com.br\/analitica\/acoes\/BHIA3\" target=\"_blank\">\n\t\t\t\t\t<span>\n\t\t\t\t\t\tVer mais cota\u00e7\u00f5es\n\t\t\t\t\t<\/span>\n\t\t\t\t\t<svg xmlns=\"http:\/\/www.w3.org\/2000\/svg\" width=\"9\" height=\"8\" viewBox=\"0 0 9 8\" fill=\"none\">\n\t\t\t\t\t\t<path d=\"M4.20996 0L3.50496 0.705L6.29496 3.5H0.209961V4.5H6.29496L3.50496 7.295L4.20996 8L8.20996 4L4.20996 0Z\" fill=\"#D42126\" \/>\n\t\t\t\t\t<\/svg>\n\t\t\t\t<\/a>\n    <\/div>\n\n    <\/div>\n  <\/div>\n<\/div>\n\n\n<script type=\"text\/javascript\">\n  let chart_7d6f3ddfb15ac46a81c23e003b2e4c5e = document.getElementById('chart-7d6f3ddfb15ac46a81c23e003b2e4c5e');\n  let data_json_7d6f3ddfb15ac46a81c23e003b2e4c5e = \"[{\\\"date\\\":\\\"25\\\\\\\/04\\\\\\\/24 12:20\\\",\\\"value\\\":5.67},{\\\"date\\\":\\\"25\\\\\\\/04\\\\\\\/24 12:30\\\",\\\"value\\\":5.68},{\\\"date\\\":\\\"25\\\\\\\/04\\\\\\\/24 12:40\\\",\\\"value\\\":5.6},{\\\"date\\\":\\\"25\\\\\\\/04\\\\\\\/24 12:50\\\",\\\"value\\\":5.55},{\\\"date\\\":\\\"26\\\\\\\/04\\\\\\\/24 15:30\\\",\\\"value\\\":5.45},{\\\"date\\\":\\\"26\\\\\\\/04\\\\\\\/24 15:40\\\",\\\"value\\\":5.47},{\\\"date\\\":\\\"26\\\\\\\/04\\\\\\\/24 15:50\\\",\\\"value\\\":5.46},{\\\"date\\\":\\\"26\\\\\\\/04\\\\\\\/24 16:00\\\",\\\"value\\\":5.46},{\\\"date\\\":\\\"29\\\\\\\/04\\\\\\\/24 10:30\\\",\\\"value\\\":6.36},{\\\"date\\\":\\\"29\\\\\\\/04\\\\\\\/24 10:40\\\",\\\"value\\\":6.48},{\\\"date\\\":\\\"29\\\\\\\/04\\\\\\\/24 10:50\\\",\\\"value\\\":6.42},{\\\"date\\\":\\\"29\\\\\\\/04\\\\\\\/24 11:00\\\",\\\"value\\\":6.47},{\\\"date\\\":\\\"29\\\\\\\/04\\\\\\\/24 11:10\\\",\\\"value\\\":6.85}]\";\n  let isPositive_7d6f3ddfb15ac46a81c23e003b2e4c5e = true;\n\n  let color_7d6f3ddfb15ac46a81c23e003b2e4c5e = isPositive_7d6f3ddfb15ac46a81c23e003b2e4c5e ? '#3AB53A' : '#D92C2D';\n\n  let data_7d6f3ddfb15ac46a81c23e003b2e4c5e = JSON.parse(data_json_7d6f3ddfb15ac46a81c23e003b2e4c5e);\n\n  const result_7d6f3ddfb15ac46a81c23e003b2e4c5e = {\n    date: [],\n    value: [],\n  };\n\n  data_7d6f3ddfb15ac46a81c23e003b2e4c5e.forEach((item) => {\n    result_7d6f3ddfb15ac46a81c23e003b2e4c5e.date.push(item.date);\n    result_7d6f3ddfb15ac46a81c23e003b2e4c5e.value.push(Number(item.value));\n  });\n\n  let option_7d6f3ddfb15ac46a81c23e003b2e4c5e = {\n    \/\/ variavel de cor global\n    color: [color_7d6f3ddfb15ac46a81c23e003b2e4c5e],\n    title: {\n      text: '',\n    },\n    tooltip: {\n      trigger: 'axis',\n      axisPointer: {\n        type: 'cross',\n        label: {\n          \/\/ cor dos valores em X e Y\n          backgroundColor: color_7d6f3ddfb15ac46a81c23e003b2e4c5e,\n          formatter: (value) => {\n            if (typeof value.value === 'number') {\n              return Number(value.value).toLocaleString('pt-br', {\n                style: 'currency',\n                currency: 'BRL'\n              });\n            }\n            return value.value;\n          },\n        },\n      },\n      valueFormatter: (value) => Number(value).toLocaleString('pt-br', {\n        style: 'currency',\n        currency: 'BRL'\n      }),\n    },\n    legend: {\n      \/\/ data: ['Valor de Fechamento'],\n      show: false,\n    },\n    toolbox: {\n      feature: {\n        saveAsImage: {\n          show: false,\n        },\n      },\n    },\n    grid: {\n      left: '0px',\n      right: '0px',\n      bottom: '0px',\n      containLabel: true,\n    },\n    xAxis: [{\n      type: 'category',\n      data: result_7d6f3ddfb15ac46a81c23e003b2e4c5e.date,\n      boundaryGap: true,\n    }],\n    yAxis: [{\n      type: 'value',\n      min: Math.min(...result_7d6f3ddfb15ac46a81c23e003b2e4c5e.value),\n      max: Math.max(...result_7d6f3ddfb15ac46a81c23e003b2e4c5e.value),\n      axisLabel: {\n        formatter: (value) => value.toLocaleString('pt-br', {\n          style: 'currency',\n          currency: 'BRL'\n        }),\n      },\n    }],\n    series: [{\n      name: 'Valor de Fechamento',\n      type: 'line',\n      stack: 'Total',\n      \/\/ cor do grafico\n      areaStyle: {},\n      emphasis: {\n        focus: 'series',\n      },\n      data: result_7d6f3ddfb15ac46a81c23e003b2e4c5e.value,\n      \/\/ cor da linha\n      lineStyle: {\n        color: color_7d6f3ddfb15ac46a81c23e003b2e4c5e,\n      },\n    }, ],\n  };\n\n\twindow.chart_7d6f3ddfb15ac46a81c23e003b2e4c5e = {\n\t\tel: chart_7d6f3ddfb15ac46a81c23e003b2e4c5e,\n\t\toption: option_7d6f3ddfb15ac46a81c23e003b2e4c5e\t};\n\n\n<\/script>\n\n\n\n<p>O pedido de recupera\u00e7\u00e3o extrajudicial (RE) da Casas Bahia (<strong>BHIA3<\/strong>) j\u00e1 \u00e9 pr\u00e9-acordado com os principais credores, que det\u00eam 54,5% dos d\u00e9bitos e, portanto, deve ser aplicado tamb\u00e9m aos demais credores pulverizados, dentre eles, pessoas f\u00edsicas.<\/p>\n\n\n\n<p>&#8220;Tudo correndo bem, em at\u00e9 trinta dias temos a homologa\u00e7\u00e3o deste plano de recupera\u00e7\u00e3o extrajudicial e todas as deb\u00eantures atuais, junto ao CCB, s\u00e3o convertidas nessa nova deb\u00eanture, que foi acordada entre as partes\u201d, pontuou <strong>Renato Franklin<\/strong> em teleconfer\u00eancia realizada na manh\u00e3 desta segunda-feira (29).<\/p>\n\n\n\n<p>&#8220;Homologa\u00e7\u00e3o pode demorar de 30 a 60 dias, mas temos a previs\u00e3o de uma aprova\u00e7\u00e3o em um processo simples, j\u00e1 aprovado pelos credores. Essa \u00e9 a nossa previs\u00e3o&#8221;, acrescentou o <strong>CEO da Casas Bahia<\/strong>.<\/p>\n\n\n\n<p>Tamb\u00e9m na teleconfer\u00eancia, o diretor financeiro da Casas Bahia, Elcio Mitsuhiro, explicou que os credores que forem para a s\u00e9rie 2 da deb\u00eanture &#8211; estes que mant\u00e9m as atuais condi\u00e7\u00f5es em linhas de cr\u00e9dito n\u00e3o sujeitas \u00e0 RE e que disponibilizarem novos recursos &#8211; estar\u00e3o sujeitos ao direito de prioridade dos atuais acionistas do <strong>Grupo Casas Bahia<\/strong>, que podem optar pela subscri\u00e7\u00e3o em uma janela de cinco dias \u00fateis entre o lan\u00e7amento da oferta e sua liquida\u00e7\u00e3o.<\/p>\n\n\n\n<p>&#8220;Nos termos do plano, o direito de prioridade poder\u00e1 ser distribu\u00eddo proporcionalmente \u00e0 participa\u00e7\u00e3o dos acionistas em <a href=\"https:\/\/www.suno.com.br\/artigos\/capital-social\/\">capital social<\/a> na companhia&#8221;, destaca o CFO.<\/p>\n\n\n\n\t<div data-element=\"shortcode-read-more\" class=\"readToo\">\n\t\t\t\t<span class=\"readToo__title\">Leia mais<\/span>\n\t\t\t\t<ul class=\"readToo__list\">\n\t\t\t<li><a href=\"https:\/\/www.suno.com.br\/noticias\/casas-bahia-bhia3-renegociacao-dividas-gpj\/\">Casas Bahia (BHIA3): renegocia\u00e7\u00e3o de d\u00edvidas \u00e9 passo importante para reestrutura\u00e7\u00e3o, dizem analistas<\/a><\/li><li><a href=\"https:\/\/www.suno.com.br\/noticias\/casas-bahia-bhia3-pedido-recuperacao-extrajudicial-divida\/\">Casas Bahia (BHIA3) entra com pedido de recupera\u00e7\u00e3o extrajudicial para d\u00edvidas que somam R$ 4,1 bi<\/a><\/li>\t\t<\/ul>\n\t<\/div>\n\n\n\n\n<h2 class=\"wp-block-heading\">Casas Bahia: negocia\u00e7\u00e3o das d\u00edvidas n\u00e3o impacta estrat\u00e9gia, diz CEO<\/h2>\n\n\n\n<p>Franklin comentou ainda que com o <strong>plano de RE da Casas Bahia<\/strong>, a expectativa \u00e9 de crescimento da <a href=\"https:\/\/www.suno.com.br\/artigos\/margem-bruta-entenda-sua-importancia\/\">margem bruta<\/a>, e que o principal elemento para essa leitura \u00e9 penetra\u00e7\u00e3o de servi\u00e7os, considerado um KPI estrat\u00e9gico para a companhia. <\/p>\n\n\n\n<p>\u201cEstamos evoluindo bastante na penetra\u00e7\u00e3o de servi\u00e7os no offline. Ainda tem espa\u00e7o para continuar evoluindo. Voc\u00eas ver\u00e3o melhora no primeiro trimestre, e isso continuar\u00e1 trimestre a trimestre. No online, que \u00e9 um pouco mais dif\u00edcil, come\u00e7amos a ter uma melhoria incremental, mas ainda pequena\u201d, ressaltou.<\/p>\n\n\n\n<p>Al\u00e9m disso, embora a expectativa da Casas Bahia \u00e9 de terminar o plano de transforma\u00e7\u00e3o at\u00e9 o fim de 2024, a empresa ainda prev\u00ea melhorias incrementais de 2025 em diante. Neste sentido, Franklin afirmou que a companhia deve focar em CRM para melhorar a efici\u00eancia de marketing, e que buscar\u00e1 melhorias na frente de precifica\u00e7\u00e3o para capturar ganhos de margem. <\/p>\n\n\n\n<p>&#8220;H\u00e1 espa\u00e7o para a abertura de novas lojas, em modelo de monetiza\u00e7\u00e3o com retail media&#8221;, acrescentou o <a href=\"https:\/\/www.suno.com.br\/artigos\/ceo\/\">diretor-presidente<\/a> da <strong>Casas Bahia<\/strong>.<\/p>\n\n\n\t<p>\n\t\t<a href=\"https:\/\/lp.suno.com.br\/planilha-controle-gastos\/\" target=\"_blank\" data-element=\"shortcode-suno-banner\" title=\"Banner SUNO, clique e saiba mais\">\n\t\t\t<picture>\n\t\t\t\t<source media=\"(max-width: 500px)\" srcset=\"https:\/\/files.sunoresearch.com.br\/n\/uploads\/2023\/03\/400x300-Planilha-controle-de-gastos.png\">\n\t\t\t\t<img class=\"newsContent__article__imgCapa newsContent__article__imgCapa--banner\"\n\t\t\t\t\tsrc=\"https:\/\/files.sunoresearch.com.br\/n\/uploads\/2023\/03\/1420x240-Planilha-controle-de-gastos.png\"\n\t\t\t\t\tdata-promo-id=\"101751\"\t\t\t\t\t\t\t\t\t\twidth='1420' height='240'\t\t\t\t\talt=\"https:\/\/files.sunoresearch.com.br\/n\/uploads\/2023\/03\/1420x240-Planilha-controle-de-gastos.png\"\n\t\t\t\t>\n\t\t\t<\/picture>\n\t\t<\/a>\n\t<\/p>\n\n\n","protected":false},"excerpt":{"rendered":"<p>Em teleconfer\u00eancia realizada nesta segunda-feira (29), ap\u00f3s a Casas Bahia (BHIA3) anunciar uma renegocia\u00e7\u00e3o de R$ 4,1 bilh\u00f5es em d\u00edvidas atrav\u00e9s de uma recupera\u00e7\u00e3o extrajudicial, o CEO da varejista, Renato Franklin, afirmou que o mercado n\u00e3o tinha ci\u00eancia do tamanho do suporte que a empresa tinha junto aos bancos. As a\u00e7\u00f5es da companhia disparam no [&hellip;]<\/p>\n","protected":false},"author":313,"featured_media":549026,"comment_status":"closed","ping_status":"closed","sticky":false,"template":"","format":"standard","meta":[],"categories":[64],"tags":[286,107138],"suno_strategy":[],"class_list":["post-548816","post","type-post","status-publish","format-standard","has-post-thumbnail","hentry","category-negocios","tag-acoes","tag-casas-bahia-bhia3"],"yoast_head":"<!-- This site is optimized with the Yoast SEO plugin v24.4 - https:\/\/yoast.com\/wordpress\/plugins\/seo\/ -->\n<title>Casas Bahia (BHIA3): CEO comenta sobre renegocia\u00e7\u00e3o de d\u00edvida<\/title>\n<meta name=\"description\" content=\"A Casas Bahia anunciou uma renegocia\u00e7\u00e3o de R$ 4,1 bilh\u00f5es em d\u00edvidas atrav\u00e9s de uma recupera\u00e7\u00e3o extrajudicial. Saiba mais sobre a Casas Bahia\" \/>\n<meta name=\"robots\" content=\"index, follow, max-snippet:-1, max-image-preview:large, max-video-preview:-1\" \/>\n<link rel=\"canonical\" href=\"https:\/\/www.suno.com.br\/noticias\/casas-bahia-bhia3-ceo-divida-acoes-gpj\/\" \/>\n<meta property=\"og:locale\" content=\"pt_BR\" \/>\n<meta property=\"og:type\" content=\"article\" \/>\n<meta property=\"og:title\" content=\"Casas Bahia (BHIA3): CEO comenta sobre renegocia\u00e7\u00e3o de d\u00edvida\" \/>\n<meta property=\"og:description\" content=\"A Casas Bahia anunciou uma renegocia\u00e7\u00e3o de R$ 4,1 bilh\u00f5es em d\u00edvidas atrav\u00e9s de uma recupera\u00e7\u00e3o extrajudicial. Saiba mais sobre a Casas Bahia\" \/>\n<meta property=\"og:url\" content=\"https:\/\/www.suno.com.br\/noticias\/casas-bahia-bhia3-ceo-divida-acoes-gpj\/\" \/>\n<meta property=\"og:site_name\" content=\"Suno Not\u00edcias\" \/>\n<meta property=\"article:publisher\" content=\"https:\/\/facebook.com\/sunoresearch\" \/>\n<meta property=\"og:image\" content=\"https:\/\/files.sunoresearch.com.br\/n\/uploads\/2024\/04\/casas-bahia.jpg\" \/>\n\t<meta property=\"og:image:width\" content=\"1450\" \/>\n\t<meta property=\"og:image:height\" content=\"815\" \/>\n\t<meta property=\"og:image:type\" content=\"image\/jpeg\" \/>\n<meta name=\"author\" content=\"Giovanni Porf\u00edrio Jacomino\" \/>\n<meta name=\"twitter:card\" content=\"summary_large_image\" \/>\n<meta name=\"twitter:creator\" content=\"@sunoresearch\" \/>\n<meta name=\"twitter:site\" content=\"@sunoresearch\" \/>\n<meta name=\"twitter:label1\" content=\"Escrito por\" \/>\n\t<meta name=\"twitter:data1\" content=\"Giovanni Porf\u00edrio Jacomino\" \/>\n\t<meta name=\"twitter:label2\" content=\"Est. tempo de leitura\" \/>\n\t<meta name=\"twitter:data2\" content=\"3 minutos\" \/>\n<script type=\"application\/ld+json\" class=\"yoast-schema-graph\">{\"@context\":\"https:\/\/schema.org\",\"@graph\":[{\"@type\":\"NewsArticle\",\"@id\":\"https:\/\/www.suno.com.br\/noticias\/casas-bahia-bhia3-ceo-divida-acoes-gpj\/#article\",\"isPartOf\":{\"@id\":\"https:\/\/www.suno.com.br\/noticias\/casas-bahia-bhia3-ceo-divida-acoes-gpj\/\"},\"author\":{\"name\":\"Giovanni Porf\u00edrio Jacomino\",\"@id\":\"https:\/\/www.suno.com.br\/noticias\/#\/schema\/person\/d0f32748bbca4bee871fa191ee4e2d40\"},\"headline\":\"Casas Bahia (BHIA3): mercado tinha percep\u00e7\u00e3o equivocada sobre finan\u00e7as, diz CEO; a\u00e7\u00f5es saltam 34% no Ibovespa\",\"datePublished\":\"2024-04-29T14:31:13+00:00\",\"dateModified\":\"2024-04-29T20:48:33+00:00\",\"mainEntityOfPage\":{\"@id\":\"https:\/\/www.suno.com.br\/noticias\/casas-bahia-bhia3-ceo-divida-acoes-gpj\/\"},\"wordCount\":524,\"publisher\":{\"@id\":\"https:\/\/www.suno.com.br\/noticias\/#organization\"},\"image\":{\"@id\":\"https:\/\/www.suno.com.br\/noticias\/casas-bahia-bhia3-ceo-divida-acoes-gpj\/#primaryimage\"},\"thumbnailUrl\":\"https:\/\/files.sunoresearch.com.br\/n\/uploads\/2024\/04\/casas-bahia.jpg\",\"keywords\":[\"A\u00e7\u00f5es\",\"Casas Bahia (BHIA3)\"],\"articleSection\":[\"Neg\u00f3cios\"],\"inLanguage\":\"pt-BR\"},{\"@type\":\"WebPage\",\"@id\":\"https:\/\/www.suno.com.br\/noticias\/casas-bahia-bhia3-ceo-divida-acoes-gpj\/\",\"url\":\"https:\/\/www.suno.com.br\/noticias\/casas-bahia-bhia3-ceo-divida-acoes-gpj\/\",\"name\":\"Casas Bahia (BHIA3): CEO comenta sobre renegocia\u00e7\u00e3o de d\u00edvida\",\"isPartOf\":{\"@id\":\"https:\/\/www.suno.com.br\/noticias\/#website\"},\"primaryImageOfPage\":{\"@id\":\"https:\/\/www.suno.com.br\/noticias\/casas-bahia-bhia3-ceo-divida-acoes-gpj\/#primaryimage\"},\"image\":{\"@id\":\"https:\/\/www.suno.com.br\/noticias\/casas-bahia-bhia3-ceo-divida-acoes-gpj\/#primaryimage\"},\"thumbnailUrl\":\"https:\/\/files.sunoresearch.com.br\/n\/uploads\/2024\/04\/casas-bahia.jpg\",\"datePublished\":\"2024-04-29T14:31:13+00:00\",\"dateModified\":\"2024-04-29T20:48:33+00:00\",\"description\":\"A Casas Bahia anunciou uma renegocia\u00e7\u00e3o de R$ 4,1 bilh\u00f5es em d\u00edvidas atrav\u00e9s de uma recupera\u00e7\u00e3o extrajudicial. Saiba mais sobre a Casas Bahia\",\"breadcrumb\":{\"@id\":\"https:\/\/www.suno.com.br\/noticias\/casas-bahia-bhia3-ceo-divida-acoes-gpj\/#breadcrumb\"},\"inLanguage\":\"pt-BR\",\"potentialAction\":[{\"@type\":\"ReadAction\",\"target\":[\"https:\/\/www.suno.com.br\/noticias\/casas-bahia-bhia3-ceo-divida-acoes-gpj\/\"]}]},{\"@type\":\"ImageObject\",\"inLanguage\":\"pt-BR\",\"@id\":\"https:\/\/www.suno.com.br\/noticias\/casas-bahia-bhia3-ceo-divida-acoes-gpj\/#primaryimage\",\"url\":\"https:\/\/files.sunoresearch.com.br\/n\/uploads\/2024\/04\/casas-bahia.jpg\",\"contentUrl\":\"https:\/\/files.sunoresearch.com.br\/n\/uploads\/2024\/04\/casas-bahia.jpg\",\"width\":1450,\"height\":815,\"caption\":\"BHIA3: Seguro de cr\u00e9dito pode redefinir o futuro da Casas Bahia. Foto: Divulga\u00e7\u00e3o\"},{\"@type\":\"BreadcrumbList\",\"@id\":\"https:\/\/www.suno.com.br\/noticias\/casas-bahia-bhia3-ceo-divida-acoes-gpj\/#breadcrumb\",\"itemListElement\":[{\"@type\":\"ListItem\",\"position\":1,\"name\":\"Not\u00edcias\",\"item\":\"https:\/\/www.suno.com.br\/noticias\/\"},{\"@type\":\"ListItem\",\"position\":2,\"name\":\"Neg\u00f3cios\",\"item\":\"https:\/\/www.suno.com.br\/noticias\/negocios\/\"},{\"@type\":\"ListItem\",\"position\":3,\"name\":\"Casas Bahia (BHIA3): mercado tinha percep\u00e7\u00e3o equivocada sobre finan\u00e7as, diz CEO; a\u00e7\u00f5es saltam 34% no Ibovespa\"}]},{\"@type\":\"WebSite\",\"@id\":\"https:\/\/www.suno.com.br\/noticias\/#website\",\"url\":\"https:\/\/www.suno.com.br\/noticias\/\",\"name\":\"Suno Not\u00edcias\",\"description\":\"Seu portal de informa\u00e7\u00e3o sobre o mundo dos investimentos\",\"publisher\":{\"@id\":\"https:\/\/www.suno.com.br\/noticias\/#organization\"},\"potentialAction\":[{\"@type\":\"SearchAction\",\"target\":{\"@type\":\"EntryPoint\",\"urlTemplate\":\"https:\/\/www.suno.com.br\/noticias\/?s={search_term_string}\"},\"query-input\":{\"@type\":\"PropertyValueSpecification\",\"valueRequired\":true,\"valueName\":\"search_term_string\"}}],\"inLanguage\":\"pt-BR\"},{\"@type\":\"Organization\",\"@id\":\"https:\/\/www.suno.com.br\/noticias\/#organization\",\"name\":\"Suno Not\u00edcias\",\"url\":\"https:\/\/www.suno.com.br\/noticias\/\",\"logo\":{\"@type\":\"ImageObject\",\"inLanguage\":\"pt-BR\",\"@id\":\"https:\/\/www.suno.com.br\/noticias\/#\/schema\/logo\/image\/\",\"url\":\"https:\/\/files.sunoresearch.com.br\/n\/uploads\/2021\/09\/suno-logo.png\",\"contentUrl\":\"https:\/\/files.sunoresearch.com.br\/n\/uploads\/2021\/09\/suno-logo.png\",\"width\":180,\"height\":180,\"caption\":\"Suno Not\u00edcias\"},\"image\":{\"@id\":\"https:\/\/www.suno.com.br\/noticias\/#\/schema\/logo\/image\/\"},\"sameAs\":[\"https:\/\/facebook.com\/sunoresearch\",\"https:\/\/x.com\/sunoresearch\",\"https:\/\/www.instagram.com\/suno\",\"https:\/\/www.linkedin.com\/company\/suno-research\/\",\"https:\/\/www.youtube.com\/c\/sunoresearch\"]},{\"@type\":\"Person\",\"@id\":\"https:\/\/www.suno.com.br\/noticias\/#\/schema\/person\/d0f32748bbca4bee871fa191ee4e2d40\",\"name\":\"Giovanni Porf\u00edrio Jacomino\",\"image\":{\"@type\":\"ImageObject\",\"inLanguage\":\"pt-BR\",\"@id\":\"https:\/\/www.suno.com.br\/noticias\/#\/schema\/person\/image\/\",\"url\":\"https:\/\/secure.gravatar.com\/avatar\/efb32e19b730a121cb7a80f41ffec01a?s=96&r=g\",\"contentUrl\":\"https:\/\/secure.gravatar.com\/avatar\/efb32e19b730a121cb7a80f41ffec01a?s=96&r=g\",\"caption\":\"Giovanni Porf\u00edrio Jacomino\"},\"description\":\"Giovanni Porf\u00edrio Jacomino \u00e9 jornalista formado pela Universidade Estadual de Londrina (UEL) e p\u00f3s-graduado em Produ\u00e7\u00e3o e Pr\u00e1ticas Jornal\u00edsticas na Contemporaneidade na Faculdade C\u00e1sper L\u00edbero (FCL). Foi editor web no Startupi e no Finsiders, atuando ainda como editor no TC Mover, portal de not\u00edcias da TradersClub, fazendo a cobertura de assuntos relacionados ao mercado financeiro interno e externo. Atualmente, \u00e9 Rep\u00f3rter do Suno Not\u00edcias.\",\"url\":\"https:\/\/www.suno.com.br\/noticias\/author\/giovanni-porfiriosuno-com-br\/\"}]}<\/script>\n<!-- \/ Yoast SEO plugin. -->","yoast_head_json":{"title":"Casas Bahia (BHIA3): CEO comenta sobre renegocia\u00e7\u00e3o de d\u00edvida","description":"A Casas Bahia anunciou uma renegocia\u00e7\u00e3o de R$ 4,1 bilh\u00f5es em d\u00edvidas atrav\u00e9s de uma recupera\u00e7\u00e3o extrajudicial. Saiba mais sobre a Casas Bahia","robots":{"index":"index","follow":"follow","max-snippet":"max-snippet:-1","max-image-preview":"max-image-preview:large","max-video-preview":"max-video-preview:-1"},"canonical":"https:\/\/www.suno.com.br\/noticias\/casas-bahia-bhia3-ceo-divida-acoes-gpj\/","og_locale":"pt_BR","og_type":"article","og_title":"Casas Bahia (BHIA3): CEO comenta sobre renegocia\u00e7\u00e3o de d\u00edvida","og_description":"A Casas Bahia anunciou uma renegocia\u00e7\u00e3o de R$ 4,1 bilh\u00f5es em d\u00edvidas atrav\u00e9s de uma recupera\u00e7\u00e3o extrajudicial. Saiba mais sobre a Casas Bahia","og_url":"https:\/\/www.suno.com.br\/noticias\/casas-bahia-bhia3-ceo-divida-acoes-gpj\/","og_site_name":"Suno Not\u00edcias","article_publisher":"https:\/\/facebook.com\/sunoresearch","og_image":[{"width":1450,"height":815,"url":"https:\/\/files.sunoresearch.com.br\/n\/uploads\/2024\/04\/casas-bahia.jpg","type":"image\/jpeg"}],"author":"Giovanni Porf\u00edrio Jacomino","twitter_card":"summary_large_image","twitter_creator":"@sunoresearch","twitter_site":"@sunoresearch","twitter_misc":{"Escrito por":"Giovanni Porf\u00edrio Jacomino","Est. tempo de leitura":"3 minutos"},"schema":{"@context":"https:\/\/schema.org","@graph":[{"@type":"NewsArticle","@id":"https:\/\/www.suno.com.br\/noticias\/casas-bahia-bhia3-ceo-divida-acoes-gpj\/#article","isPartOf":{"@id":"https:\/\/www.suno.com.br\/noticias\/casas-bahia-bhia3-ceo-divida-acoes-gpj\/"},"author":{"name":"Giovanni Porf\u00edrio Jacomino","@id":"https:\/\/www.suno.com.br\/noticias\/#\/schema\/person\/d0f32748bbca4bee871fa191ee4e2d40"},"headline":"Casas Bahia (BHIA3): mercado tinha percep\u00e7\u00e3o equivocada sobre finan\u00e7as, diz CEO; a\u00e7\u00f5es saltam 34% no Ibovespa","datePublished":"2024-04-29T14:31:13+00:00","dateModified":"2024-04-29T20:48:33+00:00","mainEntityOfPage":{"@id":"https:\/\/www.suno.com.br\/noticias\/casas-bahia-bhia3-ceo-divida-acoes-gpj\/"},"wordCount":524,"publisher":{"@id":"https:\/\/www.suno.com.br\/noticias\/#organization"},"image":{"@id":"https:\/\/www.suno.com.br\/noticias\/casas-bahia-bhia3-ceo-divida-acoes-gpj\/#primaryimage"},"thumbnailUrl":"https:\/\/files.sunoresearch.com.br\/n\/uploads\/2024\/04\/casas-bahia.jpg","keywords":["A\u00e7\u00f5es","Casas Bahia (BHIA3)"],"articleSection":["Neg\u00f3cios"],"inLanguage":"pt-BR"},{"@type":"WebPage","@id":"https:\/\/www.suno.com.br\/noticias\/casas-bahia-bhia3-ceo-divida-acoes-gpj\/","url":"https:\/\/www.suno.com.br\/noticias\/casas-bahia-bhia3-ceo-divida-acoes-gpj\/","name":"Casas Bahia (BHIA3): CEO comenta sobre renegocia\u00e7\u00e3o de d\u00edvida","isPartOf":{"@id":"https:\/\/www.suno.com.br\/noticias\/#website"},"primaryImageOfPage":{"@id":"https:\/\/www.suno.com.br\/noticias\/casas-bahia-bhia3-ceo-divida-acoes-gpj\/#primaryimage"},"image":{"@id":"https:\/\/www.suno.com.br\/noticias\/casas-bahia-bhia3-ceo-divida-acoes-gpj\/#primaryimage"},"thumbnailUrl":"https:\/\/files.sunoresearch.com.br\/n\/uploads\/2024\/04\/casas-bahia.jpg","datePublished":"2024-04-29T14:31:13+00:00","dateModified":"2024-04-29T20:48:33+00:00","description":"A Casas Bahia anunciou uma renegocia\u00e7\u00e3o de R$ 4,1 bilh\u00f5es em d\u00edvidas atrav\u00e9s de uma recupera\u00e7\u00e3o extrajudicial. Saiba mais sobre a Casas Bahia","breadcrumb":{"@id":"https:\/\/www.suno.com.br\/noticias\/casas-bahia-bhia3-ceo-divida-acoes-gpj\/#breadcrumb"},"inLanguage":"pt-BR","potentialAction":[{"@type":"ReadAction","target":["https:\/\/www.suno.com.br\/noticias\/casas-bahia-bhia3-ceo-divida-acoes-gpj\/"]}]},{"@type":"ImageObject","inLanguage":"pt-BR","@id":"https:\/\/www.suno.com.br\/noticias\/casas-bahia-bhia3-ceo-divida-acoes-gpj\/#primaryimage","url":"https:\/\/files.sunoresearch.com.br\/n\/uploads\/2024\/04\/casas-bahia.jpg","contentUrl":"https:\/\/files.sunoresearch.com.br\/n\/uploads\/2024\/04\/casas-bahia.jpg","width":1450,"height":815,"caption":"BHIA3: Seguro de cr\u00e9dito pode redefinir o futuro da Casas Bahia. Foto: Divulga\u00e7\u00e3o"},{"@type":"BreadcrumbList","@id":"https:\/\/www.suno.com.br\/noticias\/casas-bahia-bhia3-ceo-divida-acoes-gpj\/#breadcrumb","itemListElement":[{"@type":"ListItem","position":1,"name":"Not\u00edcias","item":"https:\/\/www.suno.com.br\/noticias\/"},{"@type":"ListItem","position":2,"name":"Neg\u00f3cios","item":"https:\/\/www.suno.com.br\/noticias\/negocios\/"},{"@type":"ListItem","position":3,"name":"Casas Bahia (BHIA3): mercado tinha percep\u00e7\u00e3o equivocada sobre finan\u00e7as, diz CEO; a\u00e7\u00f5es saltam 34% no Ibovespa"}]},{"@type":"WebSite","@id":"https:\/\/www.suno.com.br\/noticias\/#website","url":"https:\/\/www.suno.com.br\/noticias\/","name":"Suno Not\u00edcias","description":"Seu portal de informa\u00e7\u00e3o sobre o mundo dos investimentos","publisher":{"@id":"https:\/\/www.suno.com.br\/noticias\/#organization"},"potentialAction":[{"@type":"SearchAction","target":{"@type":"EntryPoint","urlTemplate":"https:\/\/www.suno.com.br\/noticias\/?s={search_term_string}"},"query-input":{"@type":"PropertyValueSpecification","valueRequired":true,"valueName":"search_term_string"}}],"inLanguage":"pt-BR"},{"@type":"Organization","@id":"https:\/\/www.suno.com.br\/noticias\/#organization","name":"Suno Not\u00edcias","url":"https:\/\/www.suno.com.br\/noticias\/","logo":{"@type":"ImageObject","inLanguage":"pt-BR","@id":"https:\/\/www.suno.com.br\/noticias\/#\/schema\/logo\/image\/","url":"https:\/\/files.sunoresearch.com.br\/n\/uploads\/2021\/09\/suno-logo.png","contentUrl":"https:\/\/files.sunoresearch.com.br\/n\/uploads\/2021\/09\/suno-logo.png","width":180,"height":180,"caption":"Suno Not\u00edcias"},"image":{"@id":"https:\/\/www.suno.com.br\/noticias\/#\/schema\/logo\/image\/"},"sameAs":["https:\/\/facebook.com\/sunoresearch","https:\/\/x.com\/sunoresearch","https:\/\/www.instagram.com\/suno","https:\/\/www.linkedin.com\/company\/suno-research\/","https:\/\/www.youtube.com\/c\/sunoresearch"]},{"@type":"Person","@id":"https:\/\/www.suno.com.br\/noticias\/#\/schema\/person\/d0f32748bbca4bee871fa191ee4e2d40","name":"Giovanni Porf\u00edrio Jacomino","image":{"@type":"ImageObject","inLanguage":"pt-BR","@id":"https:\/\/www.suno.com.br\/noticias\/#\/schema\/person\/image\/","url":"https:\/\/secure.gravatar.com\/avatar\/efb32e19b730a121cb7a80f41ffec01a?s=96&r=g","contentUrl":"https:\/\/secure.gravatar.com\/avatar\/efb32e19b730a121cb7a80f41ffec01a?s=96&r=g","caption":"Giovanni Porf\u00edrio Jacomino"},"description":"Giovanni Porf\u00edrio Jacomino \u00e9 jornalista formado pela Universidade Estadual de Londrina (UEL) e p\u00f3s-graduado em Produ\u00e7\u00e3o e Pr\u00e1ticas Jornal\u00edsticas na Contemporaneidade na Faculdade C\u00e1sper L\u00edbero (FCL). Foi editor web no Startupi e no Finsiders, atuando ainda como editor no TC Mover, portal de not\u00edcias da TradersClub, fazendo a cobertura de assuntos relacionados ao mercado financeiro interno e externo. Atualmente, \u00e9 Rep\u00f3rter do Suno Not\u00edcias.","url":"https:\/\/www.suno.com.br\/noticias\/author\/giovanni-porfiriosuno-com-br\/"}]}},"default_loop_html":"<div class=\"cardsPage__listCard__boxs\"><div class=\"cardsPage__listCard__boxs__img\"><a href=\"https:\/\/www.suno.com.br\/noticias\/casas-bahia-bhia3-ceo-divida-acoes-gpj\/\"><img class=\"mask\" src=\"https:\/\/www.suno.com.br\/noticias\/wp-content\/themes\/suno\/resources\/images\/spotlight\/spotlight1img\/bg-mask.png\" alt=\"Image Mask\"\/><img src=\"https:\/\/files.sunoresearch.com.br\/n\/uploads\/2024\/04\/casas-bahia-400x200.jpg\" alt=\"Casas Bahia (BHIA3): mercado tinha percep\u00e7\u00e3o equivocada sobre finan\u00e7as, diz CEO; a\u00e7\u00f5es saltam 34% no Ibovespa\"\/><\/a><span class=\"spotlightCategory\"><a href=\"https:\/\/www.suno.com.br\/noticias\/negocios\/\">Neg\u00f3cios<\/a><\/span><\/div><div class=\"cardsPage__listCard__boxs__content\"><a href=\"https:\/\/www.suno.com.br\/noticias\/casas-bahia-bhia3-ceo-divida-acoes-gpj\/\"><h2 class=\"content__title\">Casas Bahia (BHIA3): mercado tinha percep\u00e7\u00e3o equivocada sobre finan\u00e7as, diz CEO; a\u00e7\u00f5es saltam 34% no Ibovespa<\/h2><\/a><div class=\"newsContent__article__meta\"><div class=\"newsContent__article__meta__authorBox\"><a href=\"https:\/\/www.suno.com.br\/noticias\/author\/redacao-suno\/\" class=\"authorBox__avatar noMobi\"><img src=\"https:\/\/files.sunoresearch.com.br\/n\/uploads\/2020\/08\/0ace682d-redacao-1-150x150.webp\" alt=\"Reda\u00e7\u00e3o Suno Not\u00edcias\"><\/a><div class=\"authorBox__name\"><span>por\n\t\t\t<a href=\"https:\/\/www.suno.com.br\/noticias\/author\/redacao-suno\/\"><span itemprop=\"author\">Reda\u00e7\u00e3o Suno Not\u00edcias<\/span><\/a><\/span><time datetime=\"2024-04-29T11:31:13-03:00\" itemprop=\"datePublished\">29\/04\/2024 11:31<\/time><\/div><\/div><\/div><\/div><\/div>","single_layout":"posts","amp_enabled":true,"_links":{"self":[{"href":"https:\/\/www.suno.com.br\/noticias\/wp-json\/wp\/v2\/posts\/548816"}],"collection":[{"href":"https:\/\/www.suno.com.br\/noticias\/wp-json\/wp\/v2\/posts"}],"about":[{"href":"https:\/\/www.suno.com.br\/noticias\/wp-json\/wp\/v2\/types\/post"}],"author":[{"embeddable":true,"href":"https:\/\/www.suno.com.br\/noticias\/wp-json\/wp\/v2\/users\/313"}],"replies":[{"embeddable":true,"href":"https:\/\/www.suno.com.br\/noticias\/wp-json\/wp\/v2\/comments?post=548816"}],"version-history":[{"count":2,"href":"https:\/\/www.suno.com.br\/noticias\/wp-json\/wp\/v2\/posts\/548816\/revisions"}],"predecessor-version":[{"id":549047,"href":"https:\/\/www.suno.com.br\/noticias\/wp-json\/wp\/v2\/posts\/548816\/revisions\/549047"}],"wp:featuredmedia":[{"embeddable":true,"href":"https:\/\/www.suno.com.br\/noticias\/wp-json\/wp\/v2\/media\/549026"}],"wp:attachment":[{"href":"https:\/\/www.suno.com.br\/noticias\/wp-json\/wp\/v2\/media?parent=548816"}],"wp:term":[{"taxonomy":"category","embeddable":true,"href":"https:\/\/www.suno.com.br\/noticias\/wp-json\/wp\/v2\/categories?post=548816"},{"taxonomy":"post_tag","embeddable":true,"href":"https:\/\/www.suno.com.br\/noticias\/wp-json\/wp\/v2\/tags?post=548816"},{"taxonomy":"suno_strategy","embeddable":true,"href":"https:\/\/www.suno.com.br\/noticias\/wp-json\/wp\/v2\/suno_strategy?post=548816"}],"curies":[{"name":"wp","href":"https:\/\/api.w.org\/{rel}","templated":true}]}}