{"id":548691,"date":"2024-04-28T16:37:54","date_gmt":"2024-04-28T19:37:54","guid":{"rendered":"https:\/\/www.suno.com.br\/noticias\/?p=548691"},"modified":"2024-04-28T16:38:02","modified_gmt":"2024-04-28T19:38:02","slug":"previdencia-privada-quer-crescer-no-brasil-veja-estrategias-jo","status":"publish","type":"post","link":"https:\/\/www.suno.com.br\/noticias\/previdencia-privada-quer-crescer-no-brasil-veja-estrategias-jo\/","title":{"rendered":"O segmento de previd\u00eancia privada quer crescer no Brasil; veja estrat\u00e9gias"},"content":{"rendered":"<p>Se apenas 10% da popula\u00e7\u00e3o brasileira entre 20 e 64 anos possui <strong>previd\u00eancia privada<\/strong> atualmente, a oportunidade para abocanhar esse mercado est\u00e1 batendo \u00e0 porta. <\/p>\t<div class=\"wrapper-featured-image\">\n\t\t<figure class=\"spotlightImg\">\n\n\t\t\t<picture>\n\t\t\t\t<source media=\"(max-width: 768px)\" srcset=\"https:\/\/files.sunoresearch.com.br\/n\/uploads\/2023\/12\/previdencia-beneficios-unsplash-400x200.jpg\">\n\t\t\t\t<img loading=\"lazy\" decoding=\"async\" class=\"newsContent__article__imgCapa lazyloadDisabled \" src=\"https:\/\/files.sunoresearch.com.br\/n\/uploads\/2023\/12\/previdencia-beneficios-unsplash-800x450.jpg\" width=\"800\" height=\"450\" alt=\"O segmento de previd\u00eancia privada quer crescer no Brasil; veja estrat\u00e9gias\" fetchpriority=high \/>\n\t\t\t<\/picture>\n\n\t\t\t<figcaption class=\"wp-caption-text wp-caption-text--show\">Previd\u00eancia privada. Foto: Unsplash<\/figcaption>\n\t\t<\/figure>\n\t<\/div>\n\n\n\n\n\n\n\n\t<p>\n\t\t<a href=\"\" target=\"_blank\" data-element=\"shortcode-suno-banner\" title=\"Banner SUNO, clique e saiba mais\">\n\t\t\t<picture>\n\t\t\t\t<source media=\"(max-width: 500px)\" srcset=\"\">\n\t\t\t\t<img class=\"newsContent__article__imgCapa newsContent__article__imgCapa--banner\"\n\t\t\t\t\tsrc=\"\"\n\t\t\t\t\tdata-promo-id=\"240038\"\t\t\t\t\t\t\t\t\t\t\t\t\t\t\talt=\"\"\n\t\t\t\t>\n\t\t\t<\/picture>\n\t\t<\/a>\n\t<\/p>\n\n\n\n\n\n<p>Com um cen\u00e1rio positivo para a reflex\u00e3o sobre a <strong>aposentadoria<\/strong> junto ao aumento de quase 24% na arrecada\u00e7\u00e3o do segmento, empresas t\u00eam buscado driblar os tradicionais &#8220;banc\u00f5es&#8221; para conquistar potenciais clientes, apostando em usabilidade, digitaliza\u00e7\u00e3o e diversifica\u00e7\u00e3o de fundos e gestores na prateleira para atrair para uma \u00e1rea que \u00e9 comumente preterida.<\/p>\n\n\n\n<p>O momento positivo para crescimento da previd\u00eancia privada vem de fatores macro como a maior conscientiza\u00e7\u00e3o sobre os desafios da <strong>previd\u00eancia p\u00fablica<\/strong> &#8211; em meio \u00e0 repercuss\u00e3o da reforma de 2019 &#8211; e a queda do desemprego &#8211; que aumenta a base de contribui\u00e7\u00f5es -, na avalia\u00e7\u00e3o de Felipe Bruno, vice-presidente comercial da Onze, fintech voltada \u00e0 solu\u00e7\u00f5es de previd\u00eancia e <a class=\"suno-keyword\" data-force=\"no\" data-priority=\"1\" href=\"https:\/\/www.suno.com.br\/artigos\/saude-financeira\/\" target=\"_blank\" rel=\"noopener\">sa\u00fade financeira<\/a>. Ele acrescenta que os <strong>novos marcos regulat\u00f3rios para previd\u00eancia complementar<\/strong> tamb\u00e9m t\u00eam contribu\u00eddo para oferecer mais confian\u00e7a ao mercado.<\/p>\n\n\n\n<p>E os n\u00fameros de previd\u00eancia privada aberta de fato t\u00eam melhorado. A arrecada\u00e7\u00e3o dos planos no Brasil chegou a R$ 31,2 bilh\u00f5es no primeiro bimestre de 2024, uma alta de 23,9% em rela\u00e7\u00e3o ao mesmo per\u00edodo do ano passado, segundo dados da Federa\u00e7\u00e3o Nacional de Previd\u00eancia Privada e Vida (FenaPrevi). J\u00e1 os resgates ca\u00edram 1,6% no comparativo, para R$ 21,4 bilh\u00f5es.<\/p>\n\n\n\n<p>&#8220;Em geral, o ser humano quer estar bem agora ao mesmo tempo em que quer ter uma m\u00ednima certeza de que se ele puder tomar uma decis\u00e3o, ele vai querer usufruir no futuro de recursos em que investe&#8221;, afirma Am\u00e2ncio Paladino, diretor de Produtos da XP Vida e Previd\u00eancia. &#8220;Claro que a pessoa precisa ter o recurso dispon\u00edvel para aportar em previd\u00eancia, mas sem entrar nesse m\u00e9rito, as pessoas precisam ter consci\u00eancia de que \u00e9 necess\u00e1rio poupar pensando no futuro. E essa agenda est\u00e1 no discurso do mercado hoje.&#8221;<\/p>\n\n\n\n<p>O executivo tem visto o aumento de interesse dos investidores &#8211; dada a base da XP &#8211; em fazer um planejamento a <a class=\"suno-keyword\" data-force=\"no\" data-priority=\"1\" href=\"https:\/\/www.suno.com.br\/artigos\/longo-prazo\/\" target=\"_blank\" rel=\"noopener\">longo prazo<\/a>. Com atua\u00e7\u00e3o h\u00e1 cinco anos e com quase R$ 60 bilh\u00f5es de ativos sob cust\u00f3dia, a XP \u00e9 l\u00edder de portabilidade e tem forte opera\u00e7\u00e3o em <strong>PGBL <\/strong>(Plano Gerador de Benef\u00edcio Livre), que traz maior benef\u00edcio fiscal na fase de acumula\u00e7\u00e3o de patrim\u00f4nio.<\/p>\n\n\n\n<p>Outro dado apontado por Bruno, da Onze, gosta de olhar \u00e9 o de ativos em planos de previd\u00eancia privada aberta em rela\u00e7\u00e3o ao Produto Interno Bruto (PIB), hoje em 13%, cerca de R$ 1,4 trilh\u00e3o. &#8220;A <strong>poupan\u00e7a previdenci\u00e1ria<\/strong> do Brasil est\u00e1 em um n\u00famero bom, mas longe de outros pa\u00edses que t\u00eam uma regulamenta\u00e7\u00e3o mais sofisticada e pol\u00edticas que fomentam o setor. Ent\u00e3o ainda temos um longo caminho a percorrer, mas a tend\u00eancia \u00e9 positiva&#8221;, afirma. A Onze possui cerca de 100 mil pessoas atendidas dentro de planos em 200 empresas, pr\u00f3ximo a R$ 3 bilh\u00f5es sob gest\u00e3o.<\/p>\n\n\n\n<h2 class=\"wp-block-heading\">Previd\u00eancia privada: jornada e planejamento<\/h2>\n\n\n\n<p>O carro-chefe da Onze sempre foi a jornada digital, segundo Bruno. Ele diz que a previd\u00eancia privada empresarial, que \u00e9 o produto com o qual a fintech trabalha, &#8220;via de regra era colocado \u00e0 margem&#8221;, com &#8220;pouco investimentos e uma experi\u00eancia ruim de usabilidade&#8221;. &#8220;Ent\u00e3o desenvolvemos uma ferramenta que seja intuitiva e r\u00e1pida. Pegamos os processos que s\u00e3o historicamente lentos e burocr\u00e1ticos e conseguimos colocar para dentro do aplicativo&#8221;, afirma o executivo.<\/p>\n\n\n\t<p>\n\t\t<a href=\"https:\/\/lp.suno.com.br\/ebook-gratuito-investindo-no-exterior\/\" target=\"_blank\" data-element=\"shortcode-suno-banner\" title=\"Banner SUNO, clique e saiba mais\">\n\t\t\t<picture>\n\t\t\t\t<source media=\"(max-width: 500px)\" srcset=\"https:\/\/files.sunoresearch.com.br\/n\/uploads\/2023\/03\/400x300-Investindo-no-exterior.png\">\n\t\t\t\t<img class=\"newsContent__article__imgCapa newsContent__article__imgCapa--banner\"\n\t\t\t\t\tsrc=\"https:\/\/files.sunoresearch.com.br\/n\/uploads\/2023\/03\/1420x240-Investindo-no-exterior.png\"\n\t\t\t\t\tdata-promo-id=\"383161\"\t\t\t\t\t\t\t\t\t\twidth='1420' height='240'\t\t\t\t\talt=\"https:\/\/files.sunoresearch.com.br\/n\/uploads\/2023\/03\/1420x240-Investindo-no-exterior.png\"\n\t\t\t\t>\n\t\t\t<\/picture>\n\t\t<\/a>\n\t<\/p>\n\n\n\n\n\n<p>O objetivo \u00e9 que as pessoas consigam fazer tudo na palma da m\u00e3o, do acesso \u00e0s informa\u00e7\u00f5es at\u00e9 a efetiva\u00e7\u00e3o das transa\u00e7\u00f5es. E o apetite que os funcion\u00e1rios de empresas tinham por jornadas mais &#8220;f\u00e1ceis&#8221; se reflete nos n\u00fameros, dada a ades\u00e3o de aproximadamente 80% do potencial de fatura nas companhias &#8211; tanto com fluxo de portabilidade quanto planos novos.<\/p>\n\n\n\n<p>Mas essa &#8220;dor&#8221; n\u00e3o se restringe \u00e0 previd\u00eancia privada empresarial. Em 2021, a gestora Vinci Partners iniciou um projeto voltado \u00e0 previd\u00eancia privada aberta ao avaliar que, nesse &#8220;mundo&#8221;, a experi\u00eancia do cliente ainda \u00e9 &#8220;muito anal\u00f3gica&#8221; &#8211; da contrata\u00e7\u00e3o ao acompanhamento do plano e qualquer tipo de altera\u00e7\u00e3o ou resgate. &#8220;Ent\u00e3o imaginamos uma experi\u00eancia mais moderna e digital, em linha com a experi\u00eancia t\u00edpica que um cliente hoje tem no universo de servi\u00e7os financeiros&#8221;, diz Vinicius Albernaz, s\u00f3cio da Vinci Partners e respons\u00e1vel pelo Mio, rec\u00e9m-criado bra\u00e7o de previd\u00eancia da gestora.<\/p>\n\n\n\n<p>Dada a avalia\u00e7\u00e3o de um mercado din\u00e2mico, com novos entrantes e ainda muito concentrado em seguradoras ligadas aos grandes bancos, o Mio foi lan\u00e7ado com a vis\u00e3o de prevtech, com a jornada em um aplicativo e sugest\u00f5es de carteira personalizada. O neg\u00f3cio deve crescer por meio de parcerias, com planejadores financeiros e como a firmada recentemente com a SuperRico, e na dire\u00e7\u00e3o de ofertar a plataforma como &#8220;white label&#8221;.<\/p>\n\n\n\n<p>J\u00e1 na XP, o modelo de assessoria traz capilaridade e leva um &#8220;olhar hol\u00edstico&#8221; para a vida financeira do cliente, com o produto de previd\u00eancia &#8220;naturalmente trazendo a conversa de <a class=\"suno-keyword\" target=\"_blank\" data-force=\"no\" data-priority=\"1\" href=\"https:\/\/www.suno.com.br\/artigos\/planejamento-patrimonial\/\" rel=\"noopener\">planejamento patrimonial<\/a>&#8220;, segundo Paladino, da XP Vida e Previd\u00eancia. Ele refor\u00e7a que de nada adianta ter essa conversa &#8220;profunda&#8221; com os clientes sem uma plataforma que d\u00ea suporte a isso. &#8220;Desde o in\u00edcio prezamos pelo desenvolvimento tecnol\u00f3gico.&#8221;<\/p>\n\n\n\n<h2 class=\"wp-block-heading\"><b>Diversifica\u00e7\u00e3o de fundos na prateleira<\/b><\/h2>\n\n\n\n<p>Para Albernaz, do Mio, \u00e9 preciso oferecer aos clientes &#8220;aquilo que o mercado enxerga como valor em estrat\u00e9gias que buscam alfa&#8221; na previd\u00eancia privada. Assim, a plataforma do Mio \u00e9 aberta, ou seja, sem restri\u00e7\u00e3o aos fundos da Vinci Partners, e h\u00e1 conversas com mais de uma dezena de gestores tradicionais.<\/p>\n\n\n\n<p>J\u00e1 a plataforma de <strong>previd\u00eancia privada<\/strong> da XP tem hoje 308 fundos dispon\u00edveis, de mais de 85 gestoras parceiras, em diferentes classes de ativos. O valor m\u00ednimo para a primeira aplica\u00e7\u00e3o \u00e9 de R$ 100. Paladino, da XP Vida e Previd\u00eancia, destaca que al\u00e9m da variedade de produtos, \u00e9 importante oferecer facilidades ao cliente, como receber a documenta\u00e7\u00e3o do produto e acompanhar a rentabilidade no conjunto da <a class=\"suno-keyword\" data-force=\"no\" data-priority=\"1\" href=\"https:\/\/www.suno.com.br\/guias\/carteira-de-investimentos\/\" target=\"_blank\" rel=\"noopener\">carteira de investimentos<\/a> &#8211; sem ser algo segregado -, em uma &#8220;jornada integrada&#8221;.<\/p>\n\n\n\n<p>Com Estad\u00e3o Conte\u00fado<\/p>\n\n\n\t<p>\n\t\t<a href=\"https:\/\/lp.suno.com.br\/planilha-da-vida-financeira\/\" target=\"_blank\" data-element=\"shortcode-suno-banner\" title=\"Banner SUNO, clique e saiba mais\">\n\t\t\t<picture>\n\t\t\t\t<source media=\"(max-width: 500px)\" srcset=\"https:\/\/files.sunoresearch.com.br\/n\/uploads\/2023\/04\/400x300-Planilha-vida-financeira-true.png\">\n\t\t\t\t<img class=\"newsContent__article__imgCapa newsContent__article__imgCapa--banner\"\n\t\t\t\t\tsrc=\"https:\/\/files.sunoresearch.com.br\/n\/uploads\/2023\/04\/1420x240-Planilha-vida-financeira-true.png\"\n\t\t\t\t\tdata-promo-id=\"383123\"\t\t\t\t\t\t\t\t\t\twidth='1420' height='240'\t\t\t\t\talt=\"https:\/\/files.sunoresearch.com.br\/n\/uploads\/2023\/04\/1420x240-Planilha-vida-financeira-true.png\"\n\t\t\t\t>\n\t\t\t<\/picture>\n\t\t<\/a>\n\t<\/p>\n\n\n","protected":false},"excerpt":{"rendered":"<p>Se apenas 10% da popula\u00e7\u00e3o brasileira entre 20 e 64 anos possui previd\u00eancia privada atualmente, a oportunidade para abocanhar esse mercado est\u00e1 batendo \u00e0 porta. Previd\u00eancia privada. Foto: Unsplash Com um cen\u00e1rio positivo para a reflex\u00e3o sobre a aposentadoria junto ao aumento de quase 24% na arrecada\u00e7\u00e3o do segmento, empresas t\u00eam buscado driblar os tradicionais [&hellip;]<\/p>\n","protected":false},"author":43,"featured_media":497444,"comment_status":"closed","ping_status":"closed","sticky":false,"template":"","format":"standard","meta":[],"categories":[65],"tags":[997,106895],"suno_strategy":[],"class_list":["post-548691","post","type-post","status-publish","format-standard","has-post-thumbnail","hentry","category-financas-pessoais","tag-inss","tag-previdencia"],"yoast_head":"<!-- This site is optimized with the Yoast SEO plugin v24.4 - https:\/\/yoast.com\/wordpress\/plugins\/seo\/ -->\n<title>Previd\u00eancia privada: as estrat\u00e9gias para o setor crescer no Brasil<\/title>\n<meta name=\"description\" content=\"Apenas 10% da popula\u00e7\u00e3o brasileira entre 20 e 64 anos possui previd\u00eancia privada atualmente; veja como investir no setor\" \/>\n<meta name=\"robots\" content=\"index, follow, max-snippet:-1, max-image-preview:large, max-video-preview:-1\" \/>\n<link rel=\"canonical\" href=\"https:\/\/www.suno.com.br\/noticias\/previdencia-privada-quer-crescer-no-brasil-veja-estrategias-jo\/\" \/>\n<meta property=\"og:locale\" content=\"pt_BR\" \/>\n<meta property=\"og:type\" content=\"article\" \/>\n<meta property=\"og:title\" content=\"Previd\u00eancia privada: as estrat\u00e9gias para o setor crescer no Brasil\" \/>\n<meta property=\"og:description\" content=\"Apenas 10% da popula\u00e7\u00e3o brasileira entre 20 e 64 anos possui previd\u00eancia privada atualmente; veja como investir no setor\" \/>\n<meta property=\"og:url\" content=\"https:\/\/www.suno.com.br\/noticias\/previdencia-privada-quer-crescer-no-brasil-veja-estrategias-jo\/\" \/>\n<meta property=\"og:site_name\" content=\"Suno Not\u00edcias\" \/>\n<meta property=\"article:publisher\" content=\"https:\/\/facebook.com\/sunoresearch\" \/>\n<meta property=\"article:author\" content=\"https:\/\/www.facebook.com\/sunonoticias\/\" \/>\n<meta property=\"og:image\" content=\"https:\/\/files.sunoresearch.com.br\/n\/uploads\/2023\/12\/previdencia-beneficios-unsplash.jpg\" \/>\n\t<meta property=\"og:image:width\" content=\"1200\" \/>\n\t<meta property=\"og:image:height\" content=\"801\" \/>\n\t<meta property=\"og:image:type\" content=\"image\/jpeg\" \/>\n<meta name=\"author\" content=\"Reda\u00e7\u00e3o Suno Not\u00edcias\" \/>\n<meta name=\"twitter:card\" content=\"summary_large_image\" \/>\n<meta name=\"twitter:creator\" content=\"@https:\/\/twitter.com\/sunoresearch\" \/>\n<meta name=\"twitter:site\" content=\"@sunoresearch\" \/>\n<meta name=\"twitter:label1\" content=\"Escrito por\" \/>\n\t<meta name=\"twitter:data1\" content=\"Reda\u00e7\u00e3o Suno Not\u00edcias\" \/>\n\t<meta name=\"twitter:label2\" content=\"Est. tempo de leitura\" \/>\n\t<meta name=\"twitter:data2\" content=\"6 minutos\" \/>\n<script type=\"application\/ld+json\" class=\"yoast-schema-graph\">{\"@context\":\"https:\/\/schema.org\",\"@graph\":[{\"@type\":\"NewsArticle\",\"@id\":\"https:\/\/www.suno.com.br\/noticias\/previdencia-privada-quer-crescer-no-brasil-veja-estrategias-jo\/#article\",\"isPartOf\":{\"@id\":\"https:\/\/www.suno.com.br\/noticias\/previdencia-privada-quer-crescer-no-brasil-veja-estrategias-jo\/\"},\"author\":{\"name\":\"Reda\u00e7\u00e3o Suno Not\u00edcias\",\"@id\":\"https:\/\/www.suno.com.br\/noticias\/#\/schema\/person\/c1b1bd3727fa852bd045e9dbff3673ea\"},\"headline\":\"O segmento de previd\u00eancia privada quer crescer no Brasil; veja estrat\u00e9gias\",\"datePublished\":\"2024-04-28T19:37:54+00:00\",\"dateModified\":\"2024-04-28T19:38:02+00:00\",\"mainEntityOfPage\":{\"@id\":\"https:\/\/www.suno.com.br\/noticias\/previdencia-privada-quer-crescer-no-brasil-veja-estrategias-jo\/\"},\"wordCount\":1088,\"publisher\":{\"@id\":\"https:\/\/www.suno.com.br\/noticias\/#organization\"},\"image\":{\"@id\":\"https:\/\/www.suno.com.br\/noticias\/previdencia-privada-quer-crescer-no-brasil-veja-estrategias-jo\/#primaryimage\"},\"thumbnailUrl\":\"https:\/\/files.sunoresearch.com.br\/n\/uploads\/2023\/12\/previdencia-beneficios-unsplash.jpg\",\"keywords\":[\"INSS\",\"Previd\u00eancia\"],\"articleSection\":[\"Finan\u00e7as Pessoais\"],\"inLanguage\":\"pt-BR\"},{\"@type\":\"WebPage\",\"@id\":\"https:\/\/www.suno.com.br\/noticias\/previdencia-privada-quer-crescer-no-brasil-veja-estrategias-jo\/\",\"url\":\"https:\/\/www.suno.com.br\/noticias\/previdencia-privada-quer-crescer-no-brasil-veja-estrategias-jo\/\",\"name\":\"Previd\u00eancia privada: as estrat\u00e9gias para o setor crescer no Brasil\",\"isPartOf\":{\"@id\":\"https:\/\/www.suno.com.br\/noticias\/#website\"},\"primaryImageOfPage\":{\"@id\":\"https:\/\/www.suno.com.br\/noticias\/previdencia-privada-quer-crescer-no-brasil-veja-estrategias-jo\/#primaryimage\"},\"image\":{\"@id\":\"https:\/\/www.suno.com.br\/noticias\/previdencia-privada-quer-crescer-no-brasil-veja-estrategias-jo\/#primaryimage\"},\"thumbnailUrl\":\"https:\/\/files.sunoresearch.com.br\/n\/uploads\/2023\/12\/previdencia-beneficios-unsplash.jpg\",\"datePublished\":\"2024-04-28T19:37:54+00:00\",\"dateModified\":\"2024-04-28T19:38:02+00:00\",\"description\":\"Apenas 10% da popula\u00e7\u00e3o brasileira entre 20 e 64 anos possui previd\u00eancia privada atualmente; veja como investir no setor\",\"breadcrumb\":{\"@id\":\"https:\/\/www.suno.com.br\/noticias\/previdencia-privada-quer-crescer-no-brasil-veja-estrategias-jo\/#breadcrumb\"},\"inLanguage\":\"pt-BR\",\"potentialAction\":[{\"@type\":\"ReadAction\",\"target\":[\"https:\/\/www.suno.com.br\/noticias\/previdencia-privada-quer-crescer-no-brasil-veja-estrategias-jo\/\"]}]},{\"@type\":\"ImageObject\",\"inLanguage\":\"pt-BR\",\"@id\":\"https:\/\/www.suno.com.br\/noticias\/previdencia-privada-quer-crescer-no-brasil-veja-estrategias-jo\/#primaryimage\",\"url\":\"https:\/\/files.sunoresearch.com.br\/n\/uploads\/2023\/12\/previdencia-beneficios-unsplash.jpg\",\"contentUrl\":\"https:\/\/files.sunoresearch.com.br\/n\/uploads\/2023\/12\/previdencia-beneficios-unsplash.jpg\",\"width\":1200,\"height\":801,\"caption\":\"Previd\u00eancia privada. Foto: Unsplash\"},{\"@type\":\"BreadcrumbList\",\"@id\":\"https:\/\/www.suno.com.br\/noticias\/previdencia-privada-quer-crescer-no-brasil-veja-estrategias-jo\/#breadcrumb\",\"itemListElement\":[{\"@type\":\"ListItem\",\"position\":1,\"name\":\"Not\u00edcias\",\"item\":\"https:\/\/www.suno.com.br\/noticias\/\"},{\"@type\":\"ListItem\",\"position\":2,\"name\":\"Finan\u00e7as Pessoais\",\"item\":\"https:\/\/www.suno.com.br\/noticias\/financas-pessoais\/\"},{\"@type\":\"ListItem\",\"position\":3,\"name\":\"O segmento de previd\u00eancia privada quer crescer no Brasil; veja estrat\u00e9gias\"}]},{\"@type\":\"WebSite\",\"@id\":\"https:\/\/www.suno.com.br\/noticias\/#website\",\"url\":\"https:\/\/www.suno.com.br\/noticias\/\",\"name\":\"Suno Not\u00edcias\",\"description\":\"Seu portal de informa\u00e7\u00e3o sobre o mundo dos investimentos\",\"publisher\":{\"@id\":\"https:\/\/www.suno.com.br\/noticias\/#organization\"},\"potentialAction\":[{\"@type\":\"SearchAction\",\"target\":{\"@type\":\"EntryPoint\",\"urlTemplate\":\"https:\/\/www.suno.com.br\/noticias\/?s={search_term_string}\"},\"query-input\":{\"@type\":\"PropertyValueSpecification\",\"valueRequired\":true,\"valueName\":\"search_term_string\"}}],\"inLanguage\":\"pt-BR\"},{\"@type\":\"Organization\",\"@id\":\"https:\/\/www.suno.com.br\/noticias\/#organization\",\"name\":\"Suno Not\u00edcias\",\"url\":\"https:\/\/www.suno.com.br\/noticias\/\",\"logo\":{\"@type\":\"ImageObject\",\"inLanguage\":\"pt-BR\",\"@id\":\"https:\/\/www.suno.com.br\/noticias\/#\/schema\/logo\/image\/\",\"url\":\"https:\/\/files.sunoresearch.com.br\/n\/uploads\/2021\/09\/suno-logo.png\",\"contentUrl\":\"https:\/\/files.sunoresearch.com.br\/n\/uploads\/2021\/09\/suno-logo.png\",\"width\":180,\"height\":180,\"caption\":\"Suno Not\u00edcias\"},\"image\":{\"@id\":\"https:\/\/www.suno.com.br\/noticias\/#\/schema\/logo\/image\/\"},\"sameAs\":[\"https:\/\/facebook.com\/sunoresearch\",\"https:\/\/x.com\/sunoresearch\",\"https:\/\/www.instagram.com\/suno\",\"https:\/\/www.linkedin.com\/company\/suno-research\/\",\"https:\/\/www.youtube.com\/c\/sunoresearch\"]},{\"@type\":\"Person\",\"@id\":\"https:\/\/www.suno.com.br\/noticias\/#\/schema\/person\/c1b1bd3727fa852bd045e9dbff3673ea\",\"name\":\"Reda\u00e7\u00e3o Suno Not\u00edcias\",\"image\":{\"@type\":\"ImageObject\",\"inLanguage\":\"pt-BR\",\"@id\":\"https:\/\/www.suno.com.br\/noticias\/#\/schema\/person\/image\/\",\"url\":\"https:\/\/secure.gravatar.com\/avatar\/b8104b9b5a71985d5238ee59fbe418af?s=96&r=g\",\"contentUrl\":\"https:\/\/secure.gravatar.com\/avatar\/b8104b9b5a71985d5238ee59fbe418af?s=96&r=g\",\"caption\":\"Reda\u00e7\u00e3o Suno Not\u00edcias\"},\"description\":\"O Suno Not\u00edcias \u00e9 um portal de informa\u00e7\u00f5es sobre Mercado Financeiro, Pol\u00edtica, Neg\u00f3cios, Economia e Finan\u00e7as Pessoais.\",\"sameAs\":[\"https:\/\/www.suno.com.br\/noticias\",\"https:\/\/www.facebook.com\/sunonoticias\/\",\"https:\/\/www.instagram.com\/sunonoticias\/\",\"https:\/\/x.com\/https:\/\/twitter.com\/sunoresearch\",\"https:\/\/www.youtube.com\/sunonoticias\"],\"url\":\"https:\/\/www.suno.com.br\/noticias\/author\/redacao-suno\/\"}]}<\/script>\n<!-- \/ Yoast SEO plugin. -->","yoast_head_json":{"title":"Previd\u00eancia privada: as estrat\u00e9gias para o setor crescer no Brasil","description":"Apenas 10% da popula\u00e7\u00e3o brasileira entre 20 e 64 anos possui previd\u00eancia privada atualmente; veja como investir no setor","robots":{"index":"index","follow":"follow","max-snippet":"max-snippet:-1","max-image-preview":"max-image-preview:large","max-video-preview":"max-video-preview:-1"},"canonical":"https:\/\/www.suno.com.br\/noticias\/previdencia-privada-quer-crescer-no-brasil-veja-estrategias-jo\/","og_locale":"pt_BR","og_type":"article","og_title":"Previd\u00eancia privada: as estrat\u00e9gias para o setor crescer no Brasil","og_description":"Apenas 10% da popula\u00e7\u00e3o brasileira entre 20 e 64 anos possui previd\u00eancia privada atualmente; veja como investir no setor","og_url":"https:\/\/www.suno.com.br\/noticias\/previdencia-privada-quer-crescer-no-brasil-veja-estrategias-jo\/","og_site_name":"Suno Not\u00edcias","article_publisher":"https:\/\/facebook.com\/sunoresearch","article_author":"https:\/\/www.facebook.com\/sunonoticias\/","og_image":[{"width":1200,"height":801,"url":"https:\/\/files.sunoresearch.com.br\/n\/uploads\/2023\/12\/previdencia-beneficios-unsplash.jpg","type":"image\/jpeg"}],"author":"Reda\u00e7\u00e3o Suno Not\u00edcias","twitter_card":"summary_large_image","twitter_creator":"@https:\/\/twitter.com\/sunoresearch","twitter_site":"@sunoresearch","twitter_misc":{"Escrito por":"Reda\u00e7\u00e3o Suno Not\u00edcias","Est. tempo de leitura":"6 minutos"},"schema":{"@context":"https:\/\/schema.org","@graph":[{"@type":"NewsArticle","@id":"https:\/\/www.suno.com.br\/noticias\/previdencia-privada-quer-crescer-no-brasil-veja-estrategias-jo\/#article","isPartOf":{"@id":"https:\/\/www.suno.com.br\/noticias\/previdencia-privada-quer-crescer-no-brasil-veja-estrategias-jo\/"},"author":{"name":"Reda\u00e7\u00e3o Suno Not\u00edcias","@id":"https:\/\/www.suno.com.br\/noticias\/#\/schema\/person\/c1b1bd3727fa852bd045e9dbff3673ea"},"headline":"O segmento de previd\u00eancia privada quer crescer no Brasil; veja estrat\u00e9gias","datePublished":"2024-04-28T19:37:54+00:00","dateModified":"2024-04-28T19:38:02+00:00","mainEntityOfPage":{"@id":"https:\/\/www.suno.com.br\/noticias\/previdencia-privada-quer-crescer-no-brasil-veja-estrategias-jo\/"},"wordCount":1088,"publisher":{"@id":"https:\/\/www.suno.com.br\/noticias\/#organization"},"image":{"@id":"https:\/\/www.suno.com.br\/noticias\/previdencia-privada-quer-crescer-no-brasil-veja-estrategias-jo\/#primaryimage"},"thumbnailUrl":"https:\/\/files.sunoresearch.com.br\/n\/uploads\/2023\/12\/previdencia-beneficios-unsplash.jpg","keywords":["INSS","Previd\u00eancia"],"articleSection":["Finan\u00e7as Pessoais"],"inLanguage":"pt-BR"},{"@type":"WebPage","@id":"https:\/\/www.suno.com.br\/noticias\/previdencia-privada-quer-crescer-no-brasil-veja-estrategias-jo\/","url":"https:\/\/www.suno.com.br\/noticias\/previdencia-privada-quer-crescer-no-brasil-veja-estrategias-jo\/","name":"Previd\u00eancia privada: as estrat\u00e9gias para o setor crescer no Brasil","isPartOf":{"@id":"https:\/\/www.suno.com.br\/noticias\/#website"},"primaryImageOfPage":{"@id":"https:\/\/www.suno.com.br\/noticias\/previdencia-privada-quer-crescer-no-brasil-veja-estrategias-jo\/#primaryimage"},"image":{"@id":"https:\/\/www.suno.com.br\/noticias\/previdencia-privada-quer-crescer-no-brasil-veja-estrategias-jo\/#primaryimage"},"thumbnailUrl":"https:\/\/files.sunoresearch.com.br\/n\/uploads\/2023\/12\/previdencia-beneficios-unsplash.jpg","datePublished":"2024-04-28T19:37:54+00:00","dateModified":"2024-04-28T19:38:02+00:00","description":"Apenas 10% da popula\u00e7\u00e3o brasileira entre 20 e 64 anos possui previd\u00eancia privada atualmente; veja como investir no setor","breadcrumb":{"@id":"https:\/\/www.suno.com.br\/noticias\/previdencia-privada-quer-crescer-no-brasil-veja-estrategias-jo\/#breadcrumb"},"inLanguage":"pt-BR","potentialAction":[{"@type":"ReadAction","target":["https:\/\/www.suno.com.br\/noticias\/previdencia-privada-quer-crescer-no-brasil-veja-estrategias-jo\/"]}]},{"@type":"ImageObject","inLanguage":"pt-BR","@id":"https:\/\/www.suno.com.br\/noticias\/previdencia-privada-quer-crescer-no-brasil-veja-estrategias-jo\/#primaryimage","url":"https:\/\/files.sunoresearch.com.br\/n\/uploads\/2023\/12\/previdencia-beneficios-unsplash.jpg","contentUrl":"https:\/\/files.sunoresearch.com.br\/n\/uploads\/2023\/12\/previdencia-beneficios-unsplash.jpg","width":1200,"height":801,"caption":"Previd\u00eancia privada. Foto: Unsplash"},{"@type":"BreadcrumbList","@id":"https:\/\/www.suno.com.br\/noticias\/previdencia-privada-quer-crescer-no-brasil-veja-estrategias-jo\/#breadcrumb","itemListElement":[{"@type":"ListItem","position":1,"name":"Not\u00edcias","item":"https:\/\/www.suno.com.br\/noticias\/"},{"@type":"ListItem","position":2,"name":"Finan\u00e7as Pessoais","item":"https:\/\/www.suno.com.br\/noticias\/financas-pessoais\/"},{"@type":"ListItem","position":3,"name":"O segmento de previd\u00eancia privada quer crescer no Brasil; veja estrat\u00e9gias"}]},{"@type":"WebSite","@id":"https:\/\/www.suno.com.br\/noticias\/#website","url":"https:\/\/www.suno.com.br\/noticias\/","name":"Suno Not\u00edcias","description":"Seu portal de informa\u00e7\u00e3o sobre o mundo dos investimentos","publisher":{"@id":"https:\/\/www.suno.com.br\/noticias\/#organization"},"potentialAction":[{"@type":"SearchAction","target":{"@type":"EntryPoint","urlTemplate":"https:\/\/www.suno.com.br\/noticias\/?s={search_term_string}"},"query-input":{"@type":"PropertyValueSpecification","valueRequired":true,"valueName":"search_term_string"}}],"inLanguage":"pt-BR"},{"@type":"Organization","@id":"https:\/\/www.suno.com.br\/noticias\/#organization","name":"Suno Not\u00edcias","url":"https:\/\/www.suno.com.br\/noticias\/","logo":{"@type":"ImageObject","inLanguage":"pt-BR","@id":"https:\/\/www.suno.com.br\/noticias\/#\/schema\/logo\/image\/","url":"https:\/\/files.sunoresearch.com.br\/n\/uploads\/2021\/09\/suno-logo.png","contentUrl":"https:\/\/files.sunoresearch.com.br\/n\/uploads\/2021\/09\/suno-logo.png","width":180,"height":180,"caption":"Suno Not\u00edcias"},"image":{"@id":"https:\/\/www.suno.com.br\/noticias\/#\/schema\/logo\/image\/"},"sameAs":["https:\/\/facebook.com\/sunoresearch","https:\/\/x.com\/sunoresearch","https:\/\/www.instagram.com\/suno","https:\/\/www.linkedin.com\/company\/suno-research\/","https:\/\/www.youtube.com\/c\/sunoresearch"]},{"@type":"Person","@id":"https:\/\/www.suno.com.br\/noticias\/#\/schema\/person\/c1b1bd3727fa852bd045e9dbff3673ea","name":"Reda\u00e7\u00e3o Suno Not\u00edcias","image":{"@type":"ImageObject","inLanguage":"pt-BR","@id":"https:\/\/www.suno.com.br\/noticias\/#\/schema\/person\/image\/","url":"https:\/\/secure.gravatar.com\/avatar\/b8104b9b5a71985d5238ee59fbe418af?s=96&r=g","contentUrl":"https:\/\/secure.gravatar.com\/avatar\/b8104b9b5a71985d5238ee59fbe418af?s=96&r=g","caption":"Reda\u00e7\u00e3o Suno Not\u00edcias"},"description":"O Suno Not\u00edcias \u00e9 um portal de informa\u00e7\u00f5es sobre Mercado Financeiro, Pol\u00edtica, Neg\u00f3cios, Economia e Finan\u00e7as Pessoais.","sameAs":["https:\/\/www.suno.com.br\/noticias","https:\/\/www.facebook.com\/sunonoticias\/","https:\/\/www.instagram.com\/sunonoticias\/","https:\/\/x.com\/https:\/\/twitter.com\/sunoresearch","https:\/\/www.youtube.com\/sunonoticias"],"url":"https:\/\/www.suno.com.br\/noticias\/author\/redacao-suno\/"}]}},"default_loop_html":"<div class=\"cardsPage__listCard__boxs\"><div class=\"cardsPage__listCard__boxs__img\"><a href=\"https:\/\/www.suno.com.br\/noticias\/previdencia-privada-quer-crescer-no-brasil-veja-estrategias-jo\/\"><img class=\"mask\" src=\"https:\/\/www.suno.com.br\/noticias\/wp-content\/themes\/suno\/resources\/images\/spotlight\/spotlight1img\/bg-mask.png\" alt=\"Image Mask\"\/><img src=\"https:\/\/files.sunoresearch.com.br\/n\/uploads\/2023\/12\/previdencia-beneficios-unsplash-400x200.jpg\" alt=\"O segmento de previd\u00eancia privada quer crescer no Brasil; veja estrat\u00e9gias\"\/><\/a><span class=\"spotlightCategory\"><a href=\"https:\/\/www.suno.com.br\/noticias\/financas-pessoais\/\">Finan\u00e7as Pessoais<\/a><\/span><\/div><div class=\"cardsPage__listCard__boxs__content\"><a href=\"https:\/\/www.suno.com.br\/noticias\/previdencia-privada-quer-crescer-no-brasil-veja-estrategias-jo\/\"><h2 class=\"content__title\">O segmento de previd\u00eancia privada quer crescer no Brasil; veja estrat\u00e9gias<\/h2><\/a><div class=\"newsContent__article__meta\"><div class=\"newsContent__article__meta__authorBox\"><a href=\"https:\/\/www.suno.com.br\/noticias\/author\/redacao-suno\/\" class=\"authorBox__avatar noMobi\"><img src=\"https:\/\/files.sunoresearch.com.br\/n\/uploads\/2020\/08\/0ace682d-redacao-1-150x150.webp\" alt=\"Reda\u00e7\u00e3o Suno Not\u00edcias\"><\/a><div class=\"authorBox__name\"><span>por\n\t\t\t<a href=\"https:\/\/www.suno.com.br\/noticias\/author\/redacao-suno\/\"><span itemprop=\"author\">Reda\u00e7\u00e3o Suno Not\u00edcias<\/span><\/a><\/span><time datetime=\"2024-04-28T16:37:54-03:00\" itemprop=\"datePublished\">28\/04\/2024 16:37<\/time><\/div><\/div><\/div><\/div><\/div>","single_layout":"posts","amp_enabled":true,"_links":{"self":[{"href":"https:\/\/www.suno.com.br\/noticias\/wp-json\/wp\/v2\/posts\/548691"}],"collection":[{"href":"https:\/\/www.suno.com.br\/noticias\/wp-json\/wp\/v2\/posts"}],"about":[{"href":"https:\/\/www.suno.com.br\/noticias\/wp-json\/wp\/v2\/types\/post"}],"author":[{"embeddable":true,"href":"https:\/\/www.suno.com.br\/noticias\/wp-json\/wp\/v2\/users\/43"}],"replies":[{"embeddable":true,"href":"https:\/\/www.suno.com.br\/noticias\/wp-json\/wp\/v2\/comments?post=548691"}],"version-history":[{"count":2,"href":"https:\/\/www.suno.com.br\/noticias\/wp-json\/wp\/v2\/posts\/548691\/revisions"}],"predecessor-version":[{"id":548701,"href":"https:\/\/www.suno.com.br\/noticias\/wp-json\/wp\/v2\/posts\/548691\/revisions\/548701"}],"wp:featuredmedia":[{"embeddable":true,"href":"https:\/\/www.suno.com.br\/noticias\/wp-json\/wp\/v2\/media\/497444"}],"wp:attachment":[{"href":"https:\/\/www.suno.com.br\/noticias\/wp-json\/wp\/v2\/media?parent=548691"}],"wp:term":[{"taxonomy":"category","embeddable":true,"href":"https:\/\/www.suno.com.br\/noticias\/wp-json\/wp\/v2\/categories?post=548691"},{"taxonomy":"post_tag","embeddable":true,"href":"https:\/\/www.suno.com.br\/noticias\/wp-json\/wp\/v2\/tags?post=548691"},{"taxonomy":"suno_strategy","embeddable":true,"href":"https:\/\/www.suno.com.br\/noticias\/wp-json\/wp\/v2\/suno_strategy?post=548691"}],"curies":[{"name":"wp","href":"https:\/\/api.w.org\/{rel}","templated":true}]}}