{"id":548682,"date":"2024-04-28T12:52:17","date_gmt":"2024-04-28T15:52:17","guid":{"rendered":"https:\/\/www.suno.com.br\/noticias\/?p=548682"},"modified":"2024-04-28T12:52:24","modified_gmt":"2024-04-28T15:52:24","slug":"sao-carlos-anuncia-dividendos-2023-jo","status":"publish","type":"post","link":"https:\/\/www.suno.com.br\/noticias\/sao-carlos-anuncia-dividendos-2023-jo\/","title":{"rendered":"Empresa de Lemann, Telles e Sicupira, S\u00e3o Carlos (SCAR3) anuncia pagamento de R$ 100 milh\u00f5es em dividendos; confira datas"},"content":{"rendered":"<p>A<strong> <a class=\"suno-keyword\" data-force=\"yes\" data-priority=\"2\" href=\"https:\/\/www.suno.com.br\/acoes\/SCAR3\/\" target=\"_blank\" rel=\"noopener\">S\u00e3o Carlos<\/a><\/strong><a class=\"suno-keyword\" data-force=\"yes\" data-priority=\"2\" href=\"https:\/\/www.suno.com.br\/acoes\/SCAR3\/\" target=\"_blank\" rel=\"noopener\"> (SCAR3)<\/a>, empresa de empreendimentos imobili\u00e1rios que tem os empres\u00e1rios Jorge Paulo Lemann, Marcel Telles e Carlos Alberto Sicupira no quadro acion\u00e1rio, anunciou que ir\u00e1 pagar R$ 100 milh\u00f5es em <a class=\"suno-keyword\" data-force=\"no\" data-priority=\"1\" href=\"https:\/\/www.suno.com.br\/guias\/dividendos\/\" target=\"_blank\" rel=\"noopener\">dividendos<\/a> obrigat\u00f3rios e extraordin\u00e1rios.\u00a0<\/p>\t<div class=\"wrapper-featured-image\">\n\t\t<figure class=\"spotlightImg\">\n\n\t\t\t<picture>\n\t\t\t\t<source media=\"(max-width: 768px)\" srcset=\"https:\/\/files.sunoresearch.com.br\/n\/uploads\/2024\/01\/sao-carlos-400x200.jpeg\">\n\t\t\t\t<img loading=\"lazy\" decoding=\"async\" class=\"newsContent__article__imgCapa lazyloadDisabled \" src=\"https:\/\/files.sunoresearch.com.br\/n\/uploads\/2024\/01\/sao-carlos-800x450.jpeg\" width=\"800\" height=\"450\" alt=\"Empresa de Lemann, Telles e Sicupira, S\u00e3o Carlos (SCAR3) anuncia pagamento de R$ 100 milh\u00f5es em dividendos; confira datas\" fetchpriority=high \/>\n\t\t\t<\/picture>\n\n\t\t\t<figcaption class=\"wp-caption-text wp-caption-text--show\">S\u00e3o Carlos (SCAR3). Foto: Divulga\u00e7\u00e3o.<\/figcaption>\n\t\t<\/figure>\n\t<\/div>\n\n\n\n\n\n\n\n\t<p>\n\t\t<a href=\"\" target=\"_blank\" data-element=\"shortcode-suno-banner\" title=\"Banner SUNO, clique e saiba mais\">\n\t\t\t<picture>\n\t\t\t\t<source media=\"(max-width: 500px)\" srcset=\"\">\n\t\t\t\t<img class=\"newsContent__article__imgCapa newsContent__article__imgCapa--banner\"\n\t\t\t\t\tsrc=\"\"\n\t\t\t\t\tdata-promo-id=\"89005\"\t\t\t\t\t\t\t\t\t\t\t\t\t\t\talt=\"\"\n\t\t\t\t>\n\t\t\t<\/picture>\n\t\t<\/a>\n\t<\/p>\n\n\n\n\n\n<p>Em comunicado divulgado na noite da \u00faltima sexta-feira (26), a companhia informou que ir\u00e1 desembolsar R$ 1,74233779 por a\u00e7\u00e3o. Ter\u00e3o direito aos proventos os investidores com pap\u00e9is da empresa at\u00e9 o dia 2 de maio de 2024, com as <strong>negocia\u00e7\u00f5es a ex-dividendos<\/strong> se iniciando em 3 de maio. O pagamento ser\u00e1 realizado no dia 31 do mesmo m\u00eas.\u00a0<\/p>\n\n\n\n<h2 class=\"wp-block-heading\">S\u00e3o Carlos: balan\u00e7o de 2023<\/h2>\n\n\n\n<p>O pagamento dos <strong>dividendos da S\u00e3o Carlos<\/strong> \u00e9 relativo ao resultado consolidado do ano de 2023, quando a companhia registrou <a class=\"suno-keyword\" data-force=\"no\" data-priority=\"1\" href=\"https:\/\/www.suno.com.br\/artigos\/lucro-liquido\/\" target=\"_blank\" rel=\"noopener\">lucro l\u00edquido<\/a> de R$ 305,2 milh\u00f5es. O <em><strong>payout<\/strong> <\/em>ser\u00e1 de 32,8%. A <a class=\"suno-keyword\" data-force=\"no\" data-priority=\"1\" href=\"https:\/\/www.suno.com.br\/artigos\/o-que-receita-bruta\/\" target=\"_blank\" rel=\"noopener\">receita bruta<\/a> total foi de R$ 1,4 bilh\u00e3o.\u00a0<\/p>\n\n\n\t<p>\n\t\t<a href=\"https:\/\/lp.suno.com.br\/minicurso-investindo-fiis\/\" target=\"_blank\" data-element=\"shortcode-suno-banner\" title=\"Banner SUNO, clique e saiba mais\">\n\t\t\t<picture>\n\t\t\t\t<source media=\"(max-width: 500px)\" srcset=\"https:\/\/files.sunoresearch.com.br\/n\/uploads\/2023\/03\/400x300-Minicurso-FIIS.png\">\n\t\t\t\t<img class=\"newsContent__article__imgCapa newsContent__article__imgCapa--banner\"\n\t\t\t\t\tsrc=\"https:\/\/files.sunoresearch.com.br\/n\/uploads\/2023\/03\/1420x240-Minicurso-FIIS.png\"\n\t\t\t\t\tdata-promo-id=\"383125\"\t\t\t\t\t\t\t\t\t\twidth='1420' height='240'\t\t\t\t\talt=\"https:\/\/files.sunoresearch.com.br\/n\/uploads\/2023\/03\/1420x240-Minicurso-FIIS.png\"\n\t\t\t\t>\n\t\t\t<\/picture>\n\t\t<\/a>\n\t<\/p>\n\n\n\n\n\n<p>O EBITDA (lucros antes de juros, impostos, <a class=\"suno-keyword\" target=\"_blank\" data-force=\"no\" data-priority=\"1\" href=\"https:\/\/www.suno.com.br\/artigos\/depreciacao-amortizacao\/\" rel=\"noopener\">deprecia\u00e7\u00e3o e amortiza\u00e7\u00e3o<\/a>, na sigla em ingl\u00eas) total atingiu R$ 604,3 milh\u00f5es em 2023, um crescimento de 175,7% frente a 2022. O EBITDA recorrente foi de R$ 164,9 milh\u00f5es no ano.&nbsp;<\/p>\n\n\n\n<p>Segundo a administra\u00e7\u00e3o da companhia, o ano foi marcado por uma significativa redu\u00e7\u00e3o da <a class=\"suno-keyword\" target=\"_blank\" data-force=\"no\" data-priority=\"1\" href=\"https:\/\/www.suno.com.br\/artigos\/alavancagem-financeira\/\" rel=\"noopener\">alavancagem financeira<\/a>, com vendas de ativos que totalizaram ganhos de R$ 1,4 bilh\u00e3o. Com a cifra, a S\u00e3o Carlos reduziu a sua <a class=\"suno-keyword\" target=\"_blank\" data-force=\"no\" data-priority=\"1\" href=\"https:\/\/www.suno.com.br\/artigos\/divida-liquida\/\" rel=\"noopener\">d\u00edvida l\u00edquida<\/a> em 68,2% com rela\u00e7\u00e3o ao ano anterior, ficando na caso dos R$ 552,5 milh\u00f5es.&nbsp;<\/p>\n\n\n\n<p>A receita com loca\u00e7\u00f5es foi de R$ 266,1 milh\u00f5es, queda de 10,5% com rela\u00e7\u00e3o ao ano anterior. J\u00e1 o total com a venda de im\u00f3veis foi de 1,196 bilh\u00e3o, alta de 1119,9% no comparativo com 2022.&nbsp;<\/p>\n\n\n\n<p>No release de resultados divulgado no in\u00edcio deste ano, a administra\u00e7\u00e3o afirmou que as prioridades do ano ser\u00e3o &#8220;continuidade do combate \u00e0 vac\u00e2ncia, a reciclagem seletiva de ativos e a busca por novas estruturas e modelos que resultem em um menor desconto da a\u00e7\u00e3o sobre o NAV (net asset value, na sigla em ingl\u00eas)\u201d.<\/p>\n\n\n\n<p>A <strong>S\u00e3o Carlos<\/strong> ir\u00e1 divulgar os seus resultados relativos aos tr\u00eas primeiros meses de 2024 no dia 8 de maio, ap\u00f3s o <a class=\"suno-keyword\" data-force=\"no\" data-priority=\"1\" href=\"https:\/\/www.suno.com.br\/artigos\/fechamento-do-mercado\/\" target=\"_blank\" rel=\"noopener\">fechamento do mercado<\/a>. A teleconfer\u00eancia com analistas e executivos acontecer\u00e1 no dia 9 de maio, \u00e0s 10h.\u00a0<\/p>\n\n\n\t<p>\n\t\t<a href=\"https:\/\/lp.suno.com.br\/planilha-da-vida-financeira\/\" target=\"_blank\" data-element=\"shortcode-suno-banner\" title=\"Banner SUNO, clique e saiba mais\">\n\t\t\t<picture>\n\t\t\t\t<source media=\"(max-width: 500px)\" srcset=\"https:\/\/files.sunoresearch.com.br\/n\/uploads\/2023\/04\/400x300-Planilha-vida-financeira-true.png\">\n\t\t\t\t<img class=\"newsContent__article__imgCapa newsContent__article__imgCapa--banner\"\n\t\t\t\t\tsrc=\"https:\/\/files.sunoresearch.com.br\/n\/uploads\/2023\/04\/1420x240-Planilha-vida-financeira-true.png\"\n\t\t\t\t\tdata-promo-id=\"383123\"\t\t\t\t\t\t\t\t\t\twidth='1420' height='240'\t\t\t\t\talt=\"https:\/\/files.sunoresearch.com.br\/n\/uploads\/2023\/04\/1420x240-Planilha-vida-financeira-true.png\"\n\t\t\t\t>\n\t\t\t<\/picture>\n\t\t<\/a>\n\t<\/p>\n\n\n","protected":false},"excerpt":{"rendered":"<p>A S\u00e3o Carlos (SCAR3), empresa de empreendimentos imobili\u00e1rios que tem os empres\u00e1rios Jorge Paulo Lemann, Marcel Telles e Carlos Alberto Sicupira no quadro acion\u00e1rio, anunciou que ir\u00e1 pagar R$ 100 milh\u00f5es em dividendos obrigat\u00f3rios e extraordin\u00e1rios.\u00a0 S\u00e3o Carlos (SCAR3). Foto: Divulga\u00e7\u00e3o. Em comunicado divulgado na noite da \u00faltima sexta-feira (26), a companhia informou que ir\u00e1 [&hellip;]<\/p>\n","protected":false},"author":357,"featured_media":506331,"comment_status":"closed","ping_status":"closed","sticky":false,"template":"","format":"standard","meta":[],"categories":[60],"tags":[295,106375],"suno_strategy":[],"class_list":["post-548682","post","type-post","status-publish","format-standard","has-post-thumbnail","hentry","category-mercado","tag-dividendos","tag-sao-carlos-scar3"],"yoast_head":"<!-- This site is optimized with the Yoast SEO plugin v24.4 - https:\/\/yoast.com\/wordpress\/plugins\/seo\/ -->\n<title>S\u00e3o Carlos (SCAR3) pagar\u00e1 R$ 100 milh\u00f5es em dividendos; confira valor e datas<\/title>\n<meta name=\"description\" content=\"A S\u00e3o Carlos (SCAR3) anunciou que ir\u00e1 pagar R$ 100 milh\u00f5es em dividendos obrigat\u00f3rios e extraordin\u00e1rios; confira datas\" \/>\n<meta name=\"robots\" content=\"index, follow, max-snippet:-1, max-image-preview:large, max-video-preview:-1\" \/>\n<link rel=\"canonical\" href=\"https:\/\/www.suno.com.br\/noticias\/sao-carlos-anuncia-dividendos-2023-jo\/\" \/>\n<meta property=\"og:locale\" content=\"pt_BR\" \/>\n<meta property=\"og:type\" content=\"article\" \/>\n<meta property=\"og:title\" content=\"S\u00e3o Carlos (SCAR3) pagar\u00e1 R$ 100 milh\u00f5es em dividendos; confira valor e datas\" \/>\n<meta property=\"og:description\" content=\"A S\u00e3o Carlos (SCAR3) anunciou que ir\u00e1 pagar R$ 100 milh\u00f5es em dividendos obrigat\u00f3rios e extraordin\u00e1rios; confira datas\" \/>\n<meta property=\"og:url\" content=\"https:\/\/www.suno.com.br\/noticias\/sao-carlos-anuncia-dividendos-2023-jo\/\" \/>\n<meta property=\"og:site_name\" content=\"Suno Not\u00edcias\" \/>\n<meta property=\"article:publisher\" content=\"https:\/\/facebook.com\/sunoresearch\" \/>\n<meta property=\"og:image\" content=\"https:\/\/files.sunoresearch.com.br\/n\/uploads\/2024\/01\/sao-carlos.jpeg\" \/>\n\t<meta property=\"og:image:width\" content=\"1280\" \/>\n\t<meta property=\"og:image:height\" content=\"680\" \/>\n\t<meta property=\"og:image:type\" content=\"image\/jpeg\" \/>\n<meta name=\"author\" content=\"Jasmine Olga\" \/>\n<meta name=\"twitter:card\" content=\"summary_large_image\" \/>\n<meta name=\"twitter:creator\" content=\"@sunoresearch\" \/>\n<meta name=\"twitter:site\" content=\"@sunoresearch\" \/>\n<meta name=\"twitter:label1\" content=\"Escrito por\" \/>\n\t<meta name=\"twitter:data1\" content=\"Jasmine Olga\" \/>\n\t<meta name=\"twitter:label2\" content=\"Est. tempo de leitura\" \/>\n\t<meta name=\"twitter:data2\" content=\"3 minutos\" \/>\n<script type=\"application\/ld+json\" class=\"yoast-schema-graph\">{\"@context\":\"https:\/\/schema.org\",\"@graph\":[{\"@type\":\"NewsArticle\",\"@id\":\"https:\/\/www.suno.com.br\/noticias\/sao-carlos-anuncia-dividendos-2023-jo\/#article\",\"isPartOf\":{\"@id\":\"https:\/\/www.suno.com.br\/noticias\/sao-carlos-anuncia-dividendos-2023-jo\/\"},\"author\":{\"name\":\"Jasmine Olga\",\"@id\":\"https:\/\/www.suno.com.br\/noticias\/#\/schema\/person\/6c0c0d7020a0fa6d9c70e3072e910a76\"},\"headline\":\"Empresa de Lemann, Telles e Sicupira, S\u00e3o Carlos (SCAR3) anuncia pagamento de R$ 100 milh\u00f5es em dividendos; confira datas\",\"datePublished\":\"2024-04-28T15:52:17+00:00\",\"dateModified\":\"2024-04-28T15:52:24+00:00\",\"mainEntityOfPage\":{\"@id\":\"https:\/\/www.suno.com.br\/noticias\/sao-carlos-anuncia-dividendos-2023-jo\/\"},\"wordCount\":406,\"publisher\":{\"@id\":\"https:\/\/www.suno.com.br\/noticias\/#organization\"},\"image\":{\"@id\":\"https:\/\/www.suno.com.br\/noticias\/sao-carlos-anuncia-dividendos-2023-jo\/#primaryimage\"},\"thumbnailUrl\":\"https:\/\/files.sunoresearch.com.br\/n\/uploads\/2024\/01\/sao-carlos.jpeg\",\"keywords\":[\"dividendos\",\"S\u00e3o Carlos (SCAR3)\"],\"articleSection\":[\"Mercado\"],\"inLanguage\":\"pt-BR\"},{\"@type\":\"WebPage\",\"@id\":\"https:\/\/www.suno.com.br\/noticias\/sao-carlos-anuncia-dividendos-2023-jo\/\",\"url\":\"https:\/\/www.suno.com.br\/noticias\/sao-carlos-anuncia-dividendos-2023-jo\/\",\"name\":\"S\u00e3o Carlos (SCAR3) pagar\u00e1 R$ 100 milh\u00f5es em dividendos; confira valor e datas\",\"isPartOf\":{\"@id\":\"https:\/\/www.suno.com.br\/noticias\/#website\"},\"primaryImageOfPage\":{\"@id\":\"https:\/\/www.suno.com.br\/noticias\/sao-carlos-anuncia-dividendos-2023-jo\/#primaryimage\"},\"image\":{\"@id\":\"https:\/\/www.suno.com.br\/noticias\/sao-carlos-anuncia-dividendos-2023-jo\/#primaryimage\"},\"thumbnailUrl\":\"https:\/\/files.sunoresearch.com.br\/n\/uploads\/2024\/01\/sao-carlos.jpeg\",\"datePublished\":\"2024-04-28T15:52:17+00:00\",\"dateModified\":\"2024-04-28T15:52:24+00:00\",\"description\":\"A S\u00e3o Carlos (SCAR3) anunciou que ir\u00e1 pagar R$ 100 milh\u00f5es em dividendos obrigat\u00f3rios e extraordin\u00e1rios; confira datas\",\"breadcrumb\":{\"@id\":\"https:\/\/www.suno.com.br\/noticias\/sao-carlos-anuncia-dividendos-2023-jo\/#breadcrumb\"},\"inLanguage\":\"pt-BR\",\"potentialAction\":[{\"@type\":\"ReadAction\",\"target\":[\"https:\/\/www.suno.com.br\/noticias\/sao-carlos-anuncia-dividendos-2023-jo\/\"]}]},{\"@type\":\"ImageObject\",\"inLanguage\":\"pt-BR\",\"@id\":\"https:\/\/www.suno.com.br\/noticias\/sao-carlos-anuncia-dividendos-2023-jo\/#primaryimage\",\"url\":\"https:\/\/files.sunoresearch.com.br\/n\/uploads\/2024\/01\/sao-carlos.jpeg\",\"contentUrl\":\"https:\/\/files.sunoresearch.com.br\/n\/uploads\/2024\/01\/sao-carlos.jpeg\",\"width\":1280,\"height\":680,\"caption\":\"S\u00e3o Carlos (SCAR3). Foto: Divulga\u00e7\u00e3o.\"},{\"@type\":\"BreadcrumbList\",\"@id\":\"https:\/\/www.suno.com.br\/noticias\/sao-carlos-anuncia-dividendos-2023-jo\/#breadcrumb\",\"itemListElement\":[{\"@type\":\"ListItem\",\"position\":1,\"name\":\"Not\u00edcias\",\"item\":\"https:\/\/www.suno.com.br\/noticias\/\"},{\"@type\":\"ListItem\",\"position\":2,\"name\":\"Mercado\",\"item\":\"https:\/\/www.suno.com.br\/noticias\/mercado\/\"},{\"@type\":\"ListItem\",\"position\":3,\"name\":\"Empresa de Lemann, Telles e Sicupira, S\u00e3o Carlos (SCAR3) anuncia pagamento de R$ 100 milh\u00f5es em dividendos; confira datas\"}]},{\"@type\":\"WebSite\",\"@id\":\"https:\/\/www.suno.com.br\/noticias\/#website\",\"url\":\"https:\/\/www.suno.com.br\/noticias\/\",\"name\":\"Suno Not\u00edcias\",\"description\":\"Seu portal de informa\u00e7\u00e3o sobre o mundo dos investimentos\",\"publisher\":{\"@id\":\"https:\/\/www.suno.com.br\/noticias\/#organization\"},\"potentialAction\":[{\"@type\":\"SearchAction\",\"target\":{\"@type\":\"EntryPoint\",\"urlTemplate\":\"https:\/\/www.suno.com.br\/noticias\/?s={search_term_string}\"},\"query-input\":{\"@type\":\"PropertyValueSpecification\",\"valueRequired\":true,\"valueName\":\"search_term_string\"}}],\"inLanguage\":\"pt-BR\"},{\"@type\":\"Organization\",\"@id\":\"https:\/\/www.suno.com.br\/noticias\/#organization\",\"name\":\"Suno Not\u00edcias\",\"url\":\"https:\/\/www.suno.com.br\/noticias\/\",\"logo\":{\"@type\":\"ImageObject\",\"inLanguage\":\"pt-BR\",\"@id\":\"https:\/\/www.suno.com.br\/noticias\/#\/schema\/logo\/image\/\",\"url\":\"https:\/\/files.sunoresearch.com.br\/n\/uploads\/2021\/09\/suno-logo.png\",\"contentUrl\":\"https:\/\/files.sunoresearch.com.br\/n\/uploads\/2021\/09\/suno-logo.png\",\"width\":180,\"height\":180,\"caption\":\"Suno Not\u00edcias\"},\"image\":{\"@id\":\"https:\/\/www.suno.com.br\/noticias\/#\/schema\/logo\/image\/\"},\"sameAs\":[\"https:\/\/facebook.com\/sunoresearch\",\"https:\/\/x.com\/sunoresearch\",\"https:\/\/www.instagram.com\/suno\",\"https:\/\/www.linkedin.com\/company\/suno-research\/\",\"https:\/\/www.youtube.com\/c\/sunoresearch\"]},{\"@type\":\"Person\",\"@id\":\"https:\/\/www.suno.com.br\/noticias\/#\/schema\/person\/6c0c0d7020a0fa6d9c70e3072e910a76\",\"name\":\"Jasmine Olga\",\"image\":{\"@type\":\"ImageObject\",\"inLanguage\":\"pt-BR\",\"@id\":\"https:\/\/www.suno.com.br\/noticias\/#\/schema\/person\/image\/\",\"url\":\"https:\/\/secure.gravatar.com\/avatar\/89c522bf55fa43668e6ca1a73de4c227?s=96&r=g\",\"contentUrl\":\"https:\/\/secure.gravatar.com\/avatar\/89c522bf55fa43668e6ca1a73de4c227?s=96&r=g\",\"caption\":\"Jasmine Olga\"},\"description\":\"Formada em jornalismo pela Universidade de S\u00e3o Paulo (ECA-USP), j\u00e1 passou pelo Centro de Cidadania Fiscal (CCiF), Seu Dinheiro e a revista Voc\u00ea S\/A.\",\"url\":\"https:\/\/www.suno.com.br\/noticias\/author\/ms-jasmineolgagmail-com\/\"}]}<\/script>\n<!-- \/ Yoast SEO plugin. -->","yoast_head_json":{"title":"S\u00e3o Carlos (SCAR3) pagar\u00e1 R$ 100 milh\u00f5es em dividendos; confira valor e datas","description":"A S\u00e3o Carlos (SCAR3) anunciou que ir\u00e1 pagar R$ 100 milh\u00f5es em dividendos obrigat\u00f3rios e extraordin\u00e1rios; confira datas","robots":{"index":"index","follow":"follow","max-snippet":"max-snippet:-1","max-image-preview":"max-image-preview:large","max-video-preview":"max-video-preview:-1"},"canonical":"https:\/\/www.suno.com.br\/noticias\/sao-carlos-anuncia-dividendos-2023-jo\/","og_locale":"pt_BR","og_type":"article","og_title":"S\u00e3o Carlos (SCAR3) pagar\u00e1 R$ 100 milh\u00f5es em dividendos; confira valor e datas","og_description":"A S\u00e3o Carlos (SCAR3) anunciou que ir\u00e1 pagar R$ 100 milh\u00f5es em dividendos obrigat\u00f3rios e extraordin\u00e1rios; confira datas","og_url":"https:\/\/www.suno.com.br\/noticias\/sao-carlos-anuncia-dividendos-2023-jo\/","og_site_name":"Suno Not\u00edcias","article_publisher":"https:\/\/facebook.com\/sunoresearch","og_image":[{"width":1280,"height":680,"url":"https:\/\/files.sunoresearch.com.br\/n\/uploads\/2024\/01\/sao-carlos.jpeg","type":"image\/jpeg"}],"author":"Jasmine Olga","twitter_card":"summary_large_image","twitter_creator":"@sunoresearch","twitter_site":"@sunoresearch","twitter_misc":{"Escrito por":"Jasmine Olga","Est. tempo de leitura":"3 minutos"},"schema":{"@context":"https:\/\/schema.org","@graph":[{"@type":"NewsArticle","@id":"https:\/\/www.suno.com.br\/noticias\/sao-carlos-anuncia-dividendos-2023-jo\/#article","isPartOf":{"@id":"https:\/\/www.suno.com.br\/noticias\/sao-carlos-anuncia-dividendos-2023-jo\/"},"author":{"name":"Jasmine Olga","@id":"https:\/\/www.suno.com.br\/noticias\/#\/schema\/person\/6c0c0d7020a0fa6d9c70e3072e910a76"},"headline":"Empresa de Lemann, Telles e Sicupira, S\u00e3o Carlos (SCAR3) anuncia pagamento de R$ 100 milh\u00f5es em dividendos; confira datas","datePublished":"2024-04-28T15:52:17+00:00","dateModified":"2024-04-28T15:52:24+00:00","mainEntityOfPage":{"@id":"https:\/\/www.suno.com.br\/noticias\/sao-carlos-anuncia-dividendos-2023-jo\/"},"wordCount":406,"publisher":{"@id":"https:\/\/www.suno.com.br\/noticias\/#organization"},"image":{"@id":"https:\/\/www.suno.com.br\/noticias\/sao-carlos-anuncia-dividendos-2023-jo\/#primaryimage"},"thumbnailUrl":"https:\/\/files.sunoresearch.com.br\/n\/uploads\/2024\/01\/sao-carlos.jpeg","keywords":["dividendos","S\u00e3o Carlos (SCAR3)"],"articleSection":["Mercado"],"inLanguage":"pt-BR"},{"@type":"WebPage","@id":"https:\/\/www.suno.com.br\/noticias\/sao-carlos-anuncia-dividendos-2023-jo\/","url":"https:\/\/www.suno.com.br\/noticias\/sao-carlos-anuncia-dividendos-2023-jo\/","name":"S\u00e3o Carlos (SCAR3) pagar\u00e1 R$ 100 milh\u00f5es em dividendos; confira valor e datas","isPartOf":{"@id":"https:\/\/www.suno.com.br\/noticias\/#website"},"primaryImageOfPage":{"@id":"https:\/\/www.suno.com.br\/noticias\/sao-carlos-anuncia-dividendos-2023-jo\/#primaryimage"},"image":{"@id":"https:\/\/www.suno.com.br\/noticias\/sao-carlos-anuncia-dividendos-2023-jo\/#primaryimage"},"thumbnailUrl":"https:\/\/files.sunoresearch.com.br\/n\/uploads\/2024\/01\/sao-carlos.jpeg","datePublished":"2024-04-28T15:52:17+00:00","dateModified":"2024-04-28T15:52:24+00:00","description":"A S\u00e3o Carlos (SCAR3) anunciou que ir\u00e1 pagar R$ 100 milh\u00f5es em dividendos obrigat\u00f3rios e extraordin\u00e1rios; confira datas","breadcrumb":{"@id":"https:\/\/www.suno.com.br\/noticias\/sao-carlos-anuncia-dividendos-2023-jo\/#breadcrumb"},"inLanguage":"pt-BR","potentialAction":[{"@type":"ReadAction","target":["https:\/\/www.suno.com.br\/noticias\/sao-carlos-anuncia-dividendos-2023-jo\/"]}]},{"@type":"ImageObject","inLanguage":"pt-BR","@id":"https:\/\/www.suno.com.br\/noticias\/sao-carlos-anuncia-dividendos-2023-jo\/#primaryimage","url":"https:\/\/files.sunoresearch.com.br\/n\/uploads\/2024\/01\/sao-carlos.jpeg","contentUrl":"https:\/\/files.sunoresearch.com.br\/n\/uploads\/2024\/01\/sao-carlos.jpeg","width":1280,"height":680,"caption":"S\u00e3o Carlos (SCAR3). Foto: Divulga\u00e7\u00e3o."},{"@type":"BreadcrumbList","@id":"https:\/\/www.suno.com.br\/noticias\/sao-carlos-anuncia-dividendos-2023-jo\/#breadcrumb","itemListElement":[{"@type":"ListItem","position":1,"name":"Not\u00edcias","item":"https:\/\/www.suno.com.br\/noticias\/"},{"@type":"ListItem","position":2,"name":"Mercado","item":"https:\/\/www.suno.com.br\/noticias\/mercado\/"},{"@type":"ListItem","position":3,"name":"Empresa de Lemann, Telles e Sicupira, S\u00e3o Carlos (SCAR3) anuncia pagamento de R$ 100 milh\u00f5es em dividendos; confira datas"}]},{"@type":"WebSite","@id":"https:\/\/www.suno.com.br\/noticias\/#website","url":"https:\/\/www.suno.com.br\/noticias\/","name":"Suno Not\u00edcias","description":"Seu portal de informa\u00e7\u00e3o sobre o mundo dos investimentos","publisher":{"@id":"https:\/\/www.suno.com.br\/noticias\/#organization"},"potentialAction":[{"@type":"SearchAction","target":{"@type":"EntryPoint","urlTemplate":"https:\/\/www.suno.com.br\/noticias\/?s={search_term_string}"},"query-input":{"@type":"PropertyValueSpecification","valueRequired":true,"valueName":"search_term_string"}}],"inLanguage":"pt-BR"},{"@type":"Organization","@id":"https:\/\/www.suno.com.br\/noticias\/#organization","name":"Suno Not\u00edcias","url":"https:\/\/www.suno.com.br\/noticias\/","logo":{"@type":"ImageObject","inLanguage":"pt-BR","@id":"https:\/\/www.suno.com.br\/noticias\/#\/schema\/logo\/image\/","url":"https:\/\/files.sunoresearch.com.br\/n\/uploads\/2021\/09\/suno-logo.png","contentUrl":"https:\/\/files.sunoresearch.com.br\/n\/uploads\/2021\/09\/suno-logo.png","width":180,"height":180,"caption":"Suno Not\u00edcias"},"image":{"@id":"https:\/\/www.suno.com.br\/noticias\/#\/schema\/logo\/image\/"},"sameAs":["https:\/\/facebook.com\/sunoresearch","https:\/\/x.com\/sunoresearch","https:\/\/www.instagram.com\/suno","https:\/\/www.linkedin.com\/company\/suno-research\/","https:\/\/www.youtube.com\/c\/sunoresearch"]},{"@type":"Person","@id":"https:\/\/www.suno.com.br\/noticias\/#\/schema\/person\/6c0c0d7020a0fa6d9c70e3072e910a76","name":"Jasmine Olga","image":{"@type":"ImageObject","inLanguage":"pt-BR","@id":"https:\/\/www.suno.com.br\/noticias\/#\/schema\/person\/image\/","url":"https:\/\/secure.gravatar.com\/avatar\/89c522bf55fa43668e6ca1a73de4c227?s=96&r=g","contentUrl":"https:\/\/secure.gravatar.com\/avatar\/89c522bf55fa43668e6ca1a73de4c227?s=96&r=g","caption":"Jasmine Olga"},"description":"Formada em jornalismo pela Universidade de S\u00e3o Paulo (ECA-USP), j\u00e1 passou pelo Centro de Cidadania Fiscal (CCiF), Seu Dinheiro e a revista Voc\u00ea S\/A.","url":"https:\/\/www.suno.com.br\/noticias\/author\/ms-jasmineolgagmail-com\/"}]}},"default_loop_html":"<div class=\"cardsPage__listCard__boxs\"><div class=\"cardsPage__listCard__boxs__img\"><a href=\"https:\/\/www.suno.com.br\/noticias\/sao-carlos-anuncia-dividendos-2023-jo\/\"><img class=\"mask\" src=\"https:\/\/www.suno.com.br\/noticias\/wp-content\/themes\/suno\/resources\/images\/spotlight\/spotlight1img\/bg-mask.png\" alt=\"Image Mask\"\/><img src=\"https:\/\/files.sunoresearch.com.br\/n\/uploads\/2024\/01\/sao-carlos-400x200.jpeg\" alt=\"Empresa de Lemann, Telles e Sicupira, S\u00e3o Carlos (SCAR3) anuncia pagamento de R$ 100 milh\u00f5es em dividendos; confira datas\"\/><\/a><span class=\"spotlightCategory\"><a href=\"https:\/\/www.suno.com.br\/noticias\/mercado\/\">Mercado<\/a><\/span><\/div><div class=\"cardsPage__listCard__boxs__content\"><a href=\"https:\/\/www.suno.com.br\/noticias\/sao-carlos-anuncia-dividendos-2023-jo\/\"><h2 class=\"content__title\">Empresa de Lemann, Telles e Sicupira, S\u00e3o Carlos (SCAR3) anuncia pagamento de R$ 100 milh\u00f5es em dividendos; confira datas<\/h2><\/a><div class=\"newsContent__article__meta\"><div class=\"newsContent__article__meta__authorBox\"><a href=\"https:\/\/www.suno.com.br\/noticias\/author\/ms-jasmineolgagmail-com\/\" class=\"authorBox__avatar noMobi\"><img src=\"https:\/\/files.sunoresearch.com.br\/n\/uploads\/2024\/04\/WhatsApp-Image-2024-04-19-at-17.33.55-150x150.jpeg\" alt=\"Jasmine Olga\"><\/a><div class=\"authorBox__name\"><span>por\n\t\t\t<a href=\"https:\/\/www.suno.com.br\/noticias\/author\/ms-jasmineolgagmail-com\/\"><span itemprop=\"author\">Jasmine Olga<\/span><\/a><\/span><time datetime=\"2024-04-28T12:52:17-03:00\" itemprop=\"datePublished\">28\/04\/2024 12:52<\/time><\/div><\/div><\/div><\/div><\/div>","single_layout":"posts","amp_enabled":true,"_links":{"self":[{"href":"https:\/\/www.suno.com.br\/noticias\/wp-json\/wp\/v2\/posts\/548682"}],"collection":[{"href":"https:\/\/www.suno.com.br\/noticias\/wp-json\/wp\/v2\/posts"}],"about":[{"href":"https:\/\/www.suno.com.br\/noticias\/wp-json\/wp\/v2\/types\/post"}],"author":[{"embeddable":true,"href":"https:\/\/www.suno.com.br\/noticias\/wp-json\/wp\/v2\/users\/357"}],"replies":[{"embeddable":true,"href":"https:\/\/www.suno.com.br\/noticias\/wp-json\/wp\/v2\/comments?post=548682"}],"version-history":[{"count":2,"href":"https:\/\/www.suno.com.br\/noticias\/wp-json\/wp\/v2\/posts\/548682\/revisions"}],"predecessor-version":[{"id":548684,"href":"https:\/\/www.suno.com.br\/noticias\/wp-json\/wp\/v2\/posts\/548682\/revisions\/548684"}],"wp:featuredmedia":[{"embeddable":true,"href":"https:\/\/www.suno.com.br\/noticias\/wp-json\/wp\/v2\/media\/506331"}],"wp:attachment":[{"href":"https:\/\/www.suno.com.br\/noticias\/wp-json\/wp\/v2\/media?parent=548682"}],"wp:term":[{"taxonomy":"category","embeddable":true,"href":"https:\/\/www.suno.com.br\/noticias\/wp-json\/wp\/v2\/categories?post=548682"},{"taxonomy":"post_tag","embeddable":true,"href":"https:\/\/www.suno.com.br\/noticias\/wp-json\/wp\/v2\/tags?post=548682"},{"taxonomy":"suno_strategy","embeddable":true,"href":"https:\/\/www.suno.com.br\/noticias\/wp-json\/wp\/v2\/suno_strategy?post=548682"}],"curies":[{"name":"wp","href":"https:\/\/api.w.org\/{rel}","templated":true}]}}