{"id":548680,"date":"2024-04-28T11:53:59","date_gmt":"2024-04-28T14:53:59","guid":{"rendered":"https:\/\/www.suno.com.br\/noticias\/?p=548680"},"modified":"2024-04-28T11:54:05","modified_gmt":"2024-04-28T14:54:05","slug":"taxacao-do-aco-e-boa-para-industria-jo","status":"publish","type":"post","link":"https:\/\/www.suno.com.br\/noticias\/taxacao-do-aco-e-boa-para-industria-jo\/","title":{"rendered":"Taxa\u00e7\u00e3o do a\u00e7o: analistas aprovam novas regras de importa\u00e7\u00e3o, mas medida pode ser insuficiente"},"content":{"rendered":"<p>Depois de meses de pedidos da ind\u00fastria e forte lobby para conter a entrada de a\u00e7o chin\u00eas no pa\u00eds, o Comit\u00ea Executivo de Gest\u00e3o (Gecex) da C\u00e2mara de Com\u00e9rcio Exterior (Camex) do Minist\u00e9rio do Desenvolvimento e Ind\u00fastria (MDIC) anunciou mudan\u00e7as na <strong>taxa\u00e7\u00e3o do a\u00e7o<\/strong> importado. <\/p>\t<div class=\"wrapper-featured-image\">\n\t\t<figure class=\"spotlightImg\">\n\n\t\t\t<picture>\n\t\t\t\t<source media=\"(max-width: 768px)\" srcset=\"https:\/\/files.sunoresearch.com.br\/n\/uploads\/2024\/02\/tube-898660_1920-400x200.jpg\">\n\t\t\t\t<img loading=\"lazy\" decoding=\"async\" class=\"newsContent__article__imgCapa lazyloadDisabled \" src=\"https:\/\/files.sunoresearch.com.br\/n\/uploads\/2024\/02\/tube-898660_1920-800x450.jpg\" width=\"800\" height=\"450\" alt=\"Taxa\u00e7\u00e3o do a\u00e7o: analistas aprovam novas regras de importa\u00e7\u00e3o, mas medida pode ser insuficiente\" fetchpriority=high \/>\n\t\t\t<\/picture>\n\n\t\t\t<figcaption class=\"wp-caption-text wp-caption-text--show\">Taxa\u00e7\u00e3o do a\u00e7o importado passa a valer no pr\u00f3ximo m\u00eas. Foto: Pixabay<\/figcaption>\n\t\t<\/figure>\n\t<\/div>\n\n\n\n\n\n\n\n\t<p>\n\t\t<a href=\"\" target=\"_blank\" data-element=\"shortcode-suno-banner\" title=\"Banner SUNO, clique e saiba mais\">\n\t\t\t<picture>\n\t\t\t\t<source media=\"(max-width: 500px)\" srcset=\"\">\n\t\t\t\t<img class=\"newsContent__article__imgCapa newsContent__article__imgCapa--banner\"\n\t\t\t\t\tsrc=\"\"\n\t\t\t\t\tdata-promo-id=\"240038\"\t\t\t\t\t\t\t\t\t\t\t\t\t\t\talt=\"\"\n\t\t\t\t>\n\t\t\t<\/picture>\n\t\t<\/a>\n\t<\/p>\n\n\n\n\n\n<p>No pr\u00f3ximo m\u00eas, come\u00e7ar\u00e1 a valer uma cota de importa\u00e7\u00e3o para 11 NCMs (Nomenclatura Comum do Mercosul) de produtos sider\u00fargicos e uma eventual <strong>sobretaxa de 25% <\/strong>para todo o excedente. Em resumo, uma <strong>nova regra de taxa\u00e7\u00e3o do a\u00e7o estrangeiro<\/strong> \u2014 que foi bem recebida pelos analistas do mercado, mas que pode ser insuficiente para resolver os problemas do setor.\u00a0<\/p>\n\n\n\n<p>O problema se originou do desaquecimento da economia chinesa. Para compensar a desacelera\u00e7\u00e3o da constru\u00e7\u00e3o civil no pa\u00eds, a sino-ind\u00fastria passou a vender o excedente de sua produ\u00e7\u00e3o a pre\u00e7os muito mais baixos do que os praticados no Brasil. Em decorr\u00eancia da abund\u00e2ncia de <strong>a\u00e7o chin\u00eas<\/strong> por aqui, a <a class=\"suno-keyword\" data-force=\"yes\" data-priority=\"2\" href=\"https:\/\/www.suno.com.br\/acoes\/USIM3\/\" target=\"_blank\" rel=\"noopener\">Usiminas (USIM3)<\/a> chegou a paralisar uma de suas plantas de produ\u00e7\u00e3o.\u00a0<\/p>\n\n\n\n<p>Na vis\u00e3o do Ita\u00fa BBA, a <strong>Usiminas<\/strong> \u00e9 justamente a empresa brasileira que ser\u00e1 mais beneficiada pela decis\u00e3o do governo, j\u00e1 que \u00e9 a companhia que hoje se encontra com uma n\u00edvel maior de alavancagem e possu\u00ed grande exposi\u00e7\u00e3o ao mercado interno.\u00a0<\/p>\n\n\n\n<p>Para o Bank of America (BofA), apesar de positivo, a medida n\u00e3o tem capacidade de mudar o cen\u00e1rio visto no \u00faltimo ano de lucratividade menor, <a class=\"suno-keyword\" target=\"_blank\" data-force=\"no\" data-priority=\"1\" href=\"https:\/\/www.suno.com.br\/artigos\/margem-de-lucro\/\" rel=\"noopener\">margem de lucro<\/a> abaixo da m\u00e9dia hist\u00f3ria e baixo poder de reprecifica\u00e7\u00e3o. Em relat\u00f3rio, os analistas apontam que mesmo no melhor cen\u00e1rio, o impacto total ser\u00e1 limitado a 2% do total de a\u00e7o consumido e apenas por 12 meses. Para que uma recupera\u00e7\u00e3o mais expressiva seja vista, o BofA acredita que \u00e9 preciso ver um aquecimento da demanda dom\u00e9stica.&nbsp;<\/p>\n\n\n\n<p>J\u00e1 os analistas do BTG Pactual apontam que uma tarifa por tempo ilimitado e sobre um maior n\u00famero de produtos seria prefer\u00edvel para conter os problemas da ind\u00fastria. &#8220;N\u00e3o queremos soar conservadores ou cautelosos com um passo que foi dado na dire\u00e7\u00e3o correta, mas sentimos que a ind\u00fastria precisa de um posicionamento mais agressivo&#8221;.\u00a0<\/p>\n\n\n\t<p>\n\t\t<a href=\"https:\/\/lp.suno.com.br\/ebook-gratuito-investindo-no-exterior\/\" target=\"_blank\" data-element=\"shortcode-suno-banner\" title=\"Banner SUNO, clique e saiba mais\">\n\t\t\t<picture>\n\t\t\t\t<source media=\"(max-width: 500px)\" srcset=\"https:\/\/files.sunoresearch.com.br\/n\/uploads\/2023\/03\/400x300-Investindo-no-exterior.png\">\n\t\t\t\t<img class=\"newsContent__article__imgCapa newsContent__article__imgCapa--banner\"\n\t\t\t\t\tsrc=\"https:\/\/files.sunoresearch.com.br\/n\/uploads\/2023\/03\/1420x240-Investindo-no-exterior.png\"\n\t\t\t\t\tdata-promo-id=\"383161\"\t\t\t\t\t\t\t\t\t\twidth='1420' height='240'\t\t\t\t\talt=\"https:\/\/files.sunoresearch.com.br\/n\/uploads\/2023\/03\/1420x240-Investindo-no-exterior.png\"\n\t\t\t\t>\n\t\t\t<\/picture>\n\t\t<\/a>\n\t<\/p>\n\n\n\n\n\n<h2 class=\"wp-block-heading\"><strong>O que pensam os envolvidos?<\/strong><\/h2>\n\n\n\n<p>Apesar dos pedidos iniciais terem sido apenas parcialmente atendidos, as entidades que lideraram o lobby para o aumento das taxa\u00e7\u00f5es se mostraram contentes com o resultado apresentado pelo governo.&nbsp;<\/p>\n\n\n\n<p>Em nota, a <strong>Associa\u00e7\u00e3o Brasileira da Ind\u00fastria de M\u00e1quinas e Equipamentos (ABIMAQ)<\/strong> disse entender a complexidade envolvida na decis\u00e3o do governo. &#8220;O Gecex buscou o equil\u00edbrio e a tecnicidade indispens\u00e1veis para que essa decis\u00e3o fosse a melhor poss\u00edvel para o pa\u00eds e a competitividade da ind\u00fastria.\u00a0<\/p>\n\n\n\n<p>A ABIMAQ aponta que ir\u00e1 acompanhar de perto a aplica\u00e7\u00e3o das novas regras estabelecidas e que continuar\u00e1 aberto ao debate com o governo e sociedade &#8220;para que o pa\u00eds produza e exporte mais&#8221;.<\/p>\n\n\n\n<p>J\u00e1 o<strong> Instituto A\u00e7o Brasil<\/strong> avaliou a medida como &#8220;importante para conter a importa\u00e7\u00e3o predat\u00f3ria que amea\u00e7a a produ\u00e7\u00e3o de a\u00e7o brasileira&#8221;.\u00a0<\/p>\n\n\n\n<p>&#8220;Migramos para um sistema misto, com cotas de importa\u00e7\u00f5es, que uma vez atingidas, passam a ter tarifa de importa\u00e7\u00e3o de 25% para o que vier acima desse teto. \u00c9 uma decis\u00e3o hist\u00f3rica, o governo sinaliza que o Brasil n\u00e3o \u00e9 terra de ningu\u00e9m. N\u00e3o \u00e9 por acaso que Estados Unidos, M\u00e9xico, <a class=\"suno-keyword\" data-force=\"no\" data-priority=\"2\" href=\"https:\/\/www.suno.com.br\/artigos\/uniao-europeia\/\" target=\"_blank\" rel=\"noopener\">Uni\u00e3o Europeia<\/a> e Reino Unido tomaram mesma dire\u00e7\u00e3o&#8221;, diz Marco Polo de Mello Lopes, presidente executivo do Instituto A\u00e7o Brasil, sobre a nova<strong> taxa\u00e7\u00e3o do a\u00e7o<\/strong>. <\/p>\n\n\n\t<p>\n\t\t<a href=\"https:\/\/lp.suno.com.br\/planilha-da-vida-financeira\/\" target=\"_blank\" data-element=\"shortcode-suno-banner\" title=\"Banner SUNO, clique e saiba mais\">\n\t\t\t<picture>\n\t\t\t\t<source media=\"(max-width: 500px)\" srcset=\"https:\/\/files.sunoresearch.com.br\/n\/uploads\/2023\/04\/400x300-Planilha-vida-financeira-true.png\">\n\t\t\t\t<img class=\"newsContent__article__imgCapa newsContent__article__imgCapa--banner\"\n\t\t\t\t\tsrc=\"https:\/\/files.sunoresearch.com.br\/n\/uploads\/2023\/04\/1420x240-Planilha-vida-financeira-true.png\"\n\t\t\t\t\tdata-promo-id=\"383123\"\t\t\t\t\t\t\t\t\t\twidth='1420' height='240'\t\t\t\t\talt=\"https:\/\/files.sunoresearch.com.br\/n\/uploads\/2023\/04\/1420x240-Planilha-vida-financeira-true.png\"\n\t\t\t\t>\n\t\t\t<\/picture>\n\t\t<\/a>\n\t<\/p>\n\n\n","protected":false},"excerpt":{"rendered":"<p>Depois de meses de pedidos da ind\u00fastria e forte lobby para conter a entrada de a\u00e7o chin\u00eas no pa\u00eds, o Comit\u00ea Executivo de Gest\u00e3o (Gecex) da C\u00e2mara de Com\u00e9rcio Exterior (Camex) do Minist\u00e9rio do Desenvolvimento e Ind\u00fastria (MDIC) anunciou mudan\u00e7as na taxa\u00e7\u00e3o do a\u00e7o importado. Taxa\u00e7\u00e3o do a\u00e7o importado passa a valer no pr\u00f3ximo m\u00eas. [&hellip;]<\/p>\n","protected":false},"author":357,"featured_media":525854,"comment_status":"closed","ping_status":"closed","sticky":false,"template":"","format":"standard","meta":[],"categories":[62],"tags":[982,2608,675],"suno_strategy":[],"class_list":["post-548680","post","type-post","status-publish","format-standard","has-post-thumbnail","hentry","category-economia","tag-aco","tag-usim3","tag-usiminas"],"yoast_head":"<!-- This site is optimized with the Yoast SEO plugin v24.4 - https:\/\/yoast.com\/wordpress\/plugins\/seo\/ -->\n<title>Taxa\u00e7\u00e3o do a\u00e7o \u00e9 boa not\u00edcia para as empresas brasileiras?<\/title>\n<meta name=\"description\" content=\"O Minist\u00e9rio do Desenvolvimento e Ind\u00fastria (MDIC) anunciou mudan\u00e7as na taxa\u00e7\u00e3o do a\u00e7o importado para ajudar ind\u00fastria nacional.\" \/>\n<meta name=\"robots\" content=\"index, follow, max-snippet:-1, max-image-preview:large, max-video-preview:-1\" \/>\n<link rel=\"canonical\" href=\"https:\/\/www.suno.com.br\/noticias\/taxacao-do-aco-e-boa-para-industria-jo\/\" \/>\n<meta property=\"og:locale\" content=\"pt_BR\" \/>\n<meta property=\"og:type\" content=\"article\" \/>\n<meta property=\"og:title\" content=\"Taxa\u00e7\u00e3o do a\u00e7o \u00e9 boa not\u00edcia para as empresas brasileiras?\" \/>\n<meta property=\"og:description\" content=\"O Minist\u00e9rio do Desenvolvimento e Ind\u00fastria (MDIC) anunciou mudan\u00e7as na taxa\u00e7\u00e3o do a\u00e7o importado para ajudar ind\u00fastria nacional.\" \/>\n<meta property=\"og:url\" content=\"https:\/\/www.suno.com.br\/noticias\/taxacao-do-aco-e-boa-para-industria-jo\/\" \/>\n<meta property=\"og:site_name\" content=\"Suno Not\u00edcias\" \/>\n<meta property=\"article:publisher\" content=\"https:\/\/facebook.com\/sunoresearch\" \/>\n<meta property=\"og:image\" content=\"https:\/\/files.sunoresearch.com.br\/n\/uploads\/2024\/02\/tube-898660_1920.jpg\" \/>\n\t<meta property=\"og:image:width\" content=\"1920\" \/>\n\t<meta property=\"og:image:height\" content=\"1198\" \/>\n\t<meta property=\"og:image:type\" content=\"image\/jpeg\" \/>\n<meta name=\"author\" content=\"Jasmine Olga\" \/>\n<meta name=\"twitter:card\" content=\"summary_large_image\" \/>\n<meta name=\"twitter:creator\" content=\"@sunoresearch\" \/>\n<meta name=\"twitter:site\" content=\"@sunoresearch\" \/>\n<meta name=\"twitter:label1\" content=\"Escrito por\" \/>\n\t<meta name=\"twitter:data1\" content=\"Jasmine Olga\" \/>\n\t<meta name=\"twitter:label2\" content=\"Est. tempo de leitura\" \/>\n\t<meta name=\"twitter:data2\" content=\"4 minutos\" \/>\n<script type=\"application\/ld+json\" class=\"yoast-schema-graph\">{\"@context\":\"https:\/\/schema.org\",\"@graph\":[{\"@type\":\"NewsArticle\",\"@id\":\"https:\/\/www.suno.com.br\/noticias\/taxacao-do-aco-e-boa-para-industria-jo\/#article\",\"isPartOf\":{\"@id\":\"https:\/\/www.suno.com.br\/noticias\/taxacao-do-aco-e-boa-para-industria-jo\/\"},\"author\":{\"name\":\"Jasmine Olga\",\"@id\":\"https:\/\/www.suno.com.br\/noticias\/#\/schema\/person\/6c0c0d7020a0fa6d9c70e3072e910a76\"},\"headline\":\"Taxa\u00e7\u00e3o do a\u00e7o: analistas aprovam novas regras de importa\u00e7\u00e3o, mas medida pode ser insuficiente\",\"datePublished\":\"2024-04-28T14:53:59+00:00\",\"dateModified\":\"2024-04-28T14:54:05+00:00\",\"mainEntityOfPage\":{\"@id\":\"https:\/\/www.suno.com.br\/noticias\/taxacao-do-aco-e-boa-para-industria-jo\/\"},\"wordCount\":655,\"publisher\":{\"@id\":\"https:\/\/www.suno.com.br\/noticias\/#organization\"},\"image\":{\"@id\":\"https:\/\/www.suno.com.br\/noticias\/taxacao-do-aco-e-boa-para-industria-jo\/#primaryimage\"},\"thumbnailUrl\":\"https:\/\/files.sunoresearch.com.br\/n\/uploads\/2024\/02\/tube-898660_1920.jpg\",\"keywords\":[\"a\u00e7o\",\"USIM3\",\"Usiminas\"],\"articleSection\":[\"Economia\"],\"inLanguage\":\"pt-BR\"},{\"@type\":\"WebPage\",\"@id\":\"https:\/\/www.suno.com.br\/noticias\/taxacao-do-aco-e-boa-para-industria-jo\/\",\"url\":\"https:\/\/www.suno.com.br\/noticias\/taxacao-do-aco-e-boa-para-industria-jo\/\",\"name\":\"Taxa\u00e7\u00e3o do a\u00e7o \u00e9 boa not\u00edcia para as empresas brasileiras?\",\"isPartOf\":{\"@id\":\"https:\/\/www.suno.com.br\/noticias\/#website\"},\"primaryImageOfPage\":{\"@id\":\"https:\/\/www.suno.com.br\/noticias\/taxacao-do-aco-e-boa-para-industria-jo\/#primaryimage\"},\"image\":{\"@id\":\"https:\/\/www.suno.com.br\/noticias\/taxacao-do-aco-e-boa-para-industria-jo\/#primaryimage\"},\"thumbnailUrl\":\"https:\/\/files.sunoresearch.com.br\/n\/uploads\/2024\/02\/tube-898660_1920.jpg\",\"datePublished\":\"2024-04-28T14:53:59+00:00\",\"dateModified\":\"2024-04-28T14:54:05+00:00\",\"description\":\"O Minist\u00e9rio do Desenvolvimento e Ind\u00fastria (MDIC) anunciou mudan\u00e7as na taxa\u00e7\u00e3o do a\u00e7o importado para ajudar ind\u00fastria nacional.\",\"breadcrumb\":{\"@id\":\"https:\/\/www.suno.com.br\/noticias\/taxacao-do-aco-e-boa-para-industria-jo\/#breadcrumb\"},\"inLanguage\":\"pt-BR\",\"potentialAction\":[{\"@type\":\"ReadAction\",\"target\":[\"https:\/\/www.suno.com.br\/noticias\/taxacao-do-aco-e-boa-para-industria-jo\/\"]}]},{\"@type\":\"ImageObject\",\"inLanguage\":\"pt-BR\",\"@id\":\"https:\/\/www.suno.com.br\/noticias\/taxacao-do-aco-e-boa-para-industria-jo\/#primaryimage\",\"url\":\"https:\/\/files.sunoresearch.com.br\/n\/uploads\/2024\/02\/tube-898660_1920.jpg\",\"contentUrl\":\"https:\/\/files.sunoresearch.com.br\/n\/uploads\/2024\/02\/tube-898660_1920.jpg\",\"width\":1920,\"height\":1198,\"caption\":\"Taxa\u00e7\u00e3o do a\u00e7o importado passa a valer no pr\u00f3ximo m\u00eas. Foto: Pixabay\"},{\"@type\":\"BreadcrumbList\",\"@id\":\"https:\/\/www.suno.com.br\/noticias\/taxacao-do-aco-e-boa-para-industria-jo\/#breadcrumb\",\"itemListElement\":[{\"@type\":\"ListItem\",\"position\":1,\"name\":\"Not\u00edcias\",\"item\":\"https:\/\/www.suno.com.br\/noticias\/\"},{\"@type\":\"ListItem\",\"position\":2,\"name\":\"Economia\",\"item\":\"https:\/\/www.suno.com.br\/noticias\/economia\/\"},{\"@type\":\"ListItem\",\"position\":3,\"name\":\"Taxa\u00e7\u00e3o do a\u00e7o: analistas aprovam novas regras de importa\u00e7\u00e3o, mas medida pode ser insuficiente\"}]},{\"@type\":\"WebSite\",\"@id\":\"https:\/\/www.suno.com.br\/noticias\/#website\",\"url\":\"https:\/\/www.suno.com.br\/noticias\/\",\"name\":\"Suno Not\u00edcias\",\"description\":\"Seu portal de informa\u00e7\u00e3o sobre o mundo dos investimentos\",\"publisher\":{\"@id\":\"https:\/\/www.suno.com.br\/noticias\/#organization\"},\"potentialAction\":[{\"@type\":\"SearchAction\",\"target\":{\"@type\":\"EntryPoint\",\"urlTemplate\":\"https:\/\/www.suno.com.br\/noticias\/?s={search_term_string}\"},\"query-input\":{\"@type\":\"PropertyValueSpecification\",\"valueRequired\":true,\"valueName\":\"search_term_string\"}}],\"inLanguage\":\"pt-BR\"},{\"@type\":\"Organization\",\"@id\":\"https:\/\/www.suno.com.br\/noticias\/#organization\",\"name\":\"Suno Not\u00edcias\",\"url\":\"https:\/\/www.suno.com.br\/noticias\/\",\"logo\":{\"@type\":\"ImageObject\",\"inLanguage\":\"pt-BR\",\"@id\":\"https:\/\/www.suno.com.br\/noticias\/#\/schema\/logo\/image\/\",\"url\":\"https:\/\/files.sunoresearch.com.br\/n\/uploads\/2021\/09\/suno-logo.png\",\"contentUrl\":\"https:\/\/files.sunoresearch.com.br\/n\/uploads\/2021\/09\/suno-logo.png\",\"width\":180,\"height\":180,\"caption\":\"Suno Not\u00edcias\"},\"image\":{\"@id\":\"https:\/\/www.suno.com.br\/noticias\/#\/schema\/logo\/image\/\"},\"sameAs\":[\"https:\/\/facebook.com\/sunoresearch\",\"https:\/\/x.com\/sunoresearch\",\"https:\/\/www.instagram.com\/suno\",\"https:\/\/www.linkedin.com\/company\/suno-research\/\",\"https:\/\/www.youtube.com\/c\/sunoresearch\"]},{\"@type\":\"Person\",\"@id\":\"https:\/\/www.suno.com.br\/noticias\/#\/schema\/person\/6c0c0d7020a0fa6d9c70e3072e910a76\",\"name\":\"Jasmine Olga\",\"image\":{\"@type\":\"ImageObject\",\"inLanguage\":\"pt-BR\",\"@id\":\"https:\/\/www.suno.com.br\/noticias\/#\/schema\/person\/image\/\",\"url\":\"https:\/\/secure.gravatar.com\/avatar\/89c522bf55fa43668e6ca1a73de4c227?s=96&r=g\",\"contentUrl\":\"https:\/\/secure.gravatar.com\/avatar\/89c522bf55fa43668e6ca1a73de4c227?s=96&r=g\",\"caption\":\"Jasmine Olga\"},\"description\":\"Formada em jornalismo pela Universidade de S\u00e3o Paulo (ECA-USP), j\u00e1 passou pelo Centro de Cidadania Fiscal (CCiF), Seu Dinheiro e a revista Voc\u00ea S\/A.\",\"url\":\"https:\/\/www.suno.com.br\/noticias\/author\/ms-jasmineolgagmail-com\/\"}]}<\/script>\n<!-- \/ Yoast SEO plugin. -->","yoast_head_json":{"title":"Taxa\u00e7\u00e3o do a\u00e7o \u00e9 boa not\u00edcia para as empresas brasileiras?","description":"O Minist\u00e9rio do Desenvolvimento e Ind\u00fastria (MDIC) anunciou mudan\u00e7as na taxa\u00e7\u00e3o do a\u00e7o importado para ajudar ind\u00fastria nacional.","robots":{"index":"index","follow":"follow","max-snippet":"max-snippet:-1","max-image-preview":"max-image-preview:large","max-video-preview":"max-video-preview:-1"},"canonical":"https:\/\/www.suno.com.br\/noticias\/taxacao-do-aco-e-boa-para-industria-jo\/","og_locale":"pt_BR","og_type":"article","og_title":"Taxa\u00e7\u00e3o do a\u00e7o \u00e9 boa not\u00edcia para as empresas brasileiras?","og_description":"O Minist\u00e9rio do Desenvolvimento e Ind\u00fastria (MDIC) anunciou mudan\u00e7as na taxa\u00e7\u00e3o do a\u00e7o importado para ajudar ind\u00fastria nacional.","og_url":"https:\/\/www.suno.com.br\/noticias\/taxacao-do-aco-e-boa-para-industria-jo\/","og_site_name":"Suno Not\u00edcias","article_publisher":"https:\/\/facebook.com\/sunoresearch","og_image":[{"width":1920,"height":1198,"url":"https:\/\/files.sunoresearch.com.br\/n\/uploads\/2024\/02\/tube-898660_1920.jpg","type":"image\/jpeg"}],"author":"Jasmine Olga","twitter_card":"summary_large_image","twitter_creator":"@sunoresearch","twitter_site":"@sunoresearch","twitter_misc":{"Escrito por":"Jasmine Olga","Est. tempo de leitura":"4 minutos"},"schema":{"@context":"https:\/\/schema.org","@graph":[{"@type":"NewsArticle","@id":"https:\/\/www.suno.com.br\/noticias\/taxacao-do-aco-e-boa-para-industria-jo\/#article","isPartOf":{"@id":"https:\/\/www.suno.com.br\/noticias\/taxacao-do-aco-e-boa-para-industria-jo\/"},"author":{"name":"Jasmine Olga","@id":"https:\/\/www.suno.com.br\/noticias\/#\/schema\/person\/6c0c0d7020a0fa6d9c70e3072e910a76"},"headline":"Taxa\u00e7\u00e3o do a\u00e7o: analistas aprovam novas regras de importa\u00e7\u00e3o, mas medida pode ser insuficiente","datePublished":"2024-04-28T14:53:59+00:00","dateModified":"2024-04-28T14:54:05+00:00","mainEntityOfPage":{"@id":"https:\/\/www.suno.com.br\/noticias\/taxacao-do-aco-e-boa-para-industria-jo\/"},"wordCount":655,"publisher":{"@id":"https:\/\/www.suno.com.br\/noticias\/#organization"},"image":{"@id":"https:\/\/www.suno.com.br\/noticias\/taxacao-do-aco-e-boa-para-industria-jo\/#primaryimage"},"thumbnailUrl":"https:\/\/files.sunoresearch.com.br\/n\/uploads\/2024\/02\/tube-898660_1920.jpg","keywords":["a\u00e7o","USIM3","Usiminas"],"articleSection":["Economia"],"inLanguage":"pt-BR"},{"@type":"WebPage","@id":"https:\/\/www.suno.com.br\/noticias\/taxacao-do-aco-e-boa-para-industria-jo\/","url":"https:\/\/www.suno.com.br\/noticias\/taxacao-do-aco-e-boa-para-industria-jo\/","name":"Taxa\u00e7\u00e3o do a\u00e7o \u00e9 boa not\u00edcia para as empresas brasileiras?","isPartOf":{"@id":"https:\/\/www.suno.com.br\/noticias\/#website"},"primaryImageOfPage":{"@id":"https:\/\/www.suno.com.br\/noticias\/taxacao-do-aco-e-boa-para-industria-jo\/#primaryimage"},"image":{"@id":"https:\/\/www.suno.com.br\/noticias\/taxacao-do-aco-e-boa-para-industria-jo\/#primaryimage"},"thumbnailUrl":"https:\/\/files.sunoresearch.com.br\/n\/uploads\/2024\/02\/tube-898660_1920.jpg","datePublished":"2024-04-28T14:53:59+00:00","dateModified":"2024-04-28T14:54:05+00:00","description":"O Minist\u00e9rio do Desenvolvimento e Ind\u00fastria (MDIC) anunciou mudan\u00e7as na taxa\u00e7\u00e3o do a\u00e7o importado para ajudar ind\u00fastria nacional.","breadcrumb":{"@id":"https:\/\/www.suno.com.br\/noticias\/taxacao-do-aco-e-boa-para-industria-jo\/#breadcrumb"},"inLanguage":"pt-BR","potentialAction":[{"@type":"ReadAction","target":["https:\/\/www.suno.com.br\/noticias\/taxacao-do-aco-e-boa-para-industria-jo\/"]}]},{"@type":"ImageObject","inLanguage":"pt-BR","@id":"https:\/\/www.suno.com.br\/noticias\/taxacao-do-aco-e-boa-para-industria-jo\/#primaryimage","url":"https:\/\/files.sunoresearch.com.br\/n\/uploads\/2024\/02\/tube-898660_1920.jpg","contentUrl":"https:\/\/files.sunoresearch.com.br\/n\/uploads\/2024\/02\/tube-898660_1920.jpg","width":1920,"height":1198,"caption":"Taxa\u00e7\u00e3o do a\u00e7o importado passa a valer no pr\u00f3ximo m\u00eas. Foto: Pixabay"},{"@type":"BreadcrumbList","@id":"https:\/\/www.suno.com.br\/noticias\/taxacao-do-aco-e-boa-para-industria-jo\/#breadcrumb","itemListElement":[{"@type":"ListItem","position":1,"name":"Not\u00edcias","item":"https:\/\/www.suno.com.br\/noticias\/"},{"@type":"ListItem","position":2,"name":"Economia","item":"https:\/\/www.suno.com.br\/noticias\/economia\/"},{"@type":"ListItem","position":3,"name":"Taxa\u00e7\u00e3o do a\u00e7o: analistas aprovam novas regras de importa\u00e7\u00e3o, mas medida pode ser insuficiente"}]},{"@type":"WebSite","@id":"https:\/\/www.suno.com.br\/noticias\/#website","url":"https:\/\/www.suno.com.br\/noticias\/","name":"Suno Not\u00edcias","description":"Seu portal de informa\u00e7\u00e3o sobre o mundo dos investimentos","publisher":{"@id":"https:\/\/www.suno.com.br\/noticias\/#organization"},"potentialAction":[{"@type":"SearchAction","target":{"@type":"EntryPoint","urlTemplate":"https:\/\/www.suno.com.br\/noticias\/?s={search_term_string}"},"query-input":{"@type":"PropertyValueSpecification","valueRequired":true,"valueName":"search_term_string"}}],"inLanguage":"pt-BR"},{"@type":"Organization","@id":"https:\/\/www.suno.com.br\/noticias\/#organization","name":"Suno Not\u00edcias","url":"https:\/\/www.suno.com.br\/noticias\/","logo":{"@type":"ImageObject","inLanguage":"pt-BR","@id":"https:\/\/www.suno.com.br\/noticias\/#\/schema\/logo\/image\/","url":"https:\/\/files.sunoresearch.com.br\/n\/uploads\/2021\/09\/suno-logo.png","contentUrl":"https:\/\/files.sunoresearch.com.br\/n\/uploads\/2021\/09\/suno-logo.png","width":180,"height":180,"caption":"Suno Not\u00edcias"},"image":{"@id":"https:\/\/www.suno.com.br\/noticias\/#\/schema\/logo\/image\/"},"sameAs":["https:\/\/facebook.com\/sunoresearch","https:\/\/x.com\/sunoresearch","https:\/\/www.instagram.com\/suno","https:\/\/www.linkedin.com\/company\/suno-research\/","https:\/\/www.youtube.com\/c\/sunoresearch"]},{"@type":"Person","@id":"https:\/\/www.suno.com.br\/noticias\/#\/schema\/person\/6c0c0d7020a0fa6d9c70e3072e910a76","name":"Jasmine Olga","image":{"@type":"ImageObject","inLanguage":"pt-BR","@id":"https:\/\/www.suno.com.br\/noticias\/#\/schema\/person\/image\/","url":"https:\/\/secure.gravatar.com\/avatar\/89c522bf55fa43668e6ca1a73de4c227?s=96&r=g","contentUrl":"https:\/\/secure.gravatar.com\/avatar\/89c522bf55fa43668e6ca1a73de4c227?s=96&r=g","caption":"Jasmine Olga"},"description":"Formada em jornalismo pela Universidade de S\u00e3o Paulo (ECA-USP), j\u00e1 passou pelo Centro de Cidadania Fiscal (CCiF), Seu Dinheiro e a revista Voc\u00ea S\/A.","url":"https:\/\/www.suno.com.br\/noticias\/author\/ms-jasmineolgagmail-com\/"}]}},"default_loop_html":"<div class=\"cardsPage__listCard__boxs\"><div class=\"cardsPage__listCard__boxs__img\"><a href=\"https:\/\/www.suno.com.br\/noticias\/taxacao-do-aco-e-boa-para-industria-jo\/\"><img class=\"mask\" src=\"https:\/\/www.suno.com.br\/noticias\/wp-content\/themes\/suno\/resources\/images\/spotlight\/spotlight1img\/bg-mask.png\" alt=\"Image Mask\"\/><img src=\"https:\/\/files.sunoresearch.com.br\/n\/uploads\/2024\/02\/tube-898660_1920-400x200.jpg\" alt=\"Taxa\u00e7\u00e3o do a\u00e7o: analistas aprovam novas regras de importa\u00e7\u00e3o, mas medida pode ser insuficiente\"\/><\/a><span class=\"spotlightCategory\"><a href=\"https:\/\/www.suno.com.br\/noticias\/economia\/\">Economia<\/a><\/span><\/div><div class=\"cardsPage__listCard__boxs__content\"><a href=\"https:\/\/www.suno.com.br\/noticias\/taxacao-do-aco-e-boa-para-industria-jo\/\"><h2 class=\"content__title\">Taxa\u00e7\u00e3o do a\u00e7o: analistas aprovam novas regras de importa\u00e7\u00e3o, mas medida pode ser insuficiente<\/h2><\/a><div class=\"newsContent__article__meta\"><div class=\"newsContent__article__meta__authorBox\"><a href=\"https:\/\/www.suno.com.br\/noticias\/author\/ms-jasmineolgagmail-com\/\" class=\"authorBox__avatar noMobi\"><img src=\"https:\/\/files.sunoresearch.com.br\/n\/uploads\/2024\/04\/WhatsApp-Image-2024-04-19-at-17.33.55-150x150.jpeg\" alt=\"Jasmine Olga\"><\/a><div class=\"authorBox__name\"><span>por\n\t\t\t<a href=\"https:\/\/www.suno.com.br\/noticias\/author\/ms-jasmineolgagmail-com\/\"><span itemprop=\"author\">Jasmine Olga<\/span><\/a><\/span><time datetime=\"2024-04-28T11:53:59-03:00\" itemprop=\"datePublished\">28\/04\/2024 11:53<\/time><\/div><\/div><\/div><\/div><\/div>","single_layout":"posts","amp_enabled":true,"_links":{"self":[{"href":"https:\/\/www.suno.com.br\/noticias\/wp-json\/wp\/v2\/posts\/548680"}],"collection":[{"href":"https:\/\/www.suno.com.br\/noticias\/wp-json\/wp\/v2\/posts"}],"about":[{"href":"https:\/\/www.suno.com.br\/noticias\/wp-json\/wp\/v2\/types\/post"}],"author":[{"embeddable":true,"href":"https:\/\/www.suno.com.br\/noticias\/wp-json\/wp\/v2\/users\/357"}],"replies":[{"embeddable":true,"href":"https:\/\/www.suno.com.br\/noticias\/wp-json\/wp\/v2\/comments?post=548680"}],"version-history":[{"count":1,"href":"https:\/\/www.suno.com.br\/noticias\/wp-json\/wp\/v2\/posts\/548680\/revisions"}],"predecessor-version":[{"id":548681,"href":"https:\/\/www.suno.com.br\/noticias\/wp-json\/wp\/v2\/posts\/548680\/revisions\/548681"}],"wp:featuredmedia":[{"embeddable":true,"href":"https:\/\/www.suno.com.br\/noticias\/wp-json\/wp\/v2\/media\/525854"}],"wp:attachment":[{"href":"https:\/\/www.suno.com.br\/noticias\/wp-json\/wp\/v2\/media?parent=548680"}],"wp:term":[{"taxonomy":"category","embeddable":true,"href":"https:\/\/www.suno.com.br\/noticias\/wp-json\/wp\/v2\/categories?post=548680"},{"taxonomy":"post_tag","embeddable":true,"href":"https:\/\/www.suno.com.br\/noticias\/wp-json\/wp\/v2\/tags?post=548680"},{"taxonomy":"suno_strategy","embeddable":true,"href":"https:\/\/www.suno.com.br\/noticias\/wp-json\/wp\/v2\/suno_strategy?post=548680"}],"curies":[{"name":"wp","href":"https:\/\/api.w.org\/{rel}","templated":true}]}}