{"id":548634,"date":"2024-04-27T11:17:28","date_gmt":"2024-04-27T14:17:28","guid":{"rendered":"https:\/\/www.suno.com.br\/noticias\/?p=548634"},"modified":"2024-04-27T11:17:35","modified_gmt":"2024-04-27T14:17:35","slug":"dolar-cai-semana-com-dados-inflacao-eua-brasil-va","status":"publish","type":"post","link":"https:\/\/www.suno.com.br\/noticias\/dolar-cai-semana-com-dados-inflacao-eua-brasil-va\/","title":{"rendered":"D\u00f3lar cai 1,60% na semana com dados de infla\u00e7\u00e3o dos EUA e Brasil; o que esperar da moeda nos pr\u00f3ximos dias?"},"content":{"rendered":"<p>Na sexta-feira (27), o <strong>d\u00f3lar <\/strong>fechou o dia vendido a R$ 5,116, com queda de R$ 0,046 (-0,89%), menor valor em 15 dias. No entanto, apesar da queda, a moeda americana acumula alta de 2,01% em abril e de 5,42% em 2024.<\/p>\t<div class=\"wrapper-featured-image\">\n\t\t<figure class=\"spotlightImg\">\n\n\t\t\t<picture>\n\t\t\t\t<source media=\"(max-width: 768px)\" srcset=\"https:\/\/files.sunoresearch.com.br\/n\/uploads\/2024\/04\/iStock-1348229414-400x200.jpg\">\n\t\t\t\t<img loading=\"lazy\" decoding=\"async\" class=\"newsContent__article__imgCapa lazyloadDisabled \" src=\"https:\/\/files.sunoresearch.com.br\/n\/uploads\/2024\/04\/iStock-1348229414-800x450.jpg\" width=\"800\" height=\"450\" alt=\"D\u00f3lar cai 1,60% na semana com dados de infla\u00e7\u00e3o dos EUA e Brasil; o que esperar da moeda nos pr\u00f3ximos dias?\" fetchpriority=high \/>\n\t\t\t<\/picture>\n\n\t\t\t<figcaption class=\"wp-caption-text wp-caption-text--show\">Juros futuros sobem levemente ap\u00f3s cinco quedas consecutivas.<\/figcaption>\n\t\t<\/figure>\n\t<\/div>\n\n\n\n\n\n\t<p>\n\t\t<a href=\"https:\/\/lp.suno.com.br\/planilha-da-vida-financeira\/\" target=\"_blank\" data-element=\"shortcode-suno-banner\" title=\"Banner SUNO, clique e saiba mais\">\n\t\t\t<picture>\n\t\t\t\t<source media=\"(max-width: 500px)\" srcset=\"https:\/\/files.sunoresearch.com.br\/n\/uploads\/2023\/04\/400x300-Planilha-vida-financeira-true.png\">\n\t\t\t\t<img class=\"newsContent__article__imgCapa newsContent__article__imgCapa--banner\"\n\t\t\t\t\tsrc=\"https:\/\/files.sunoresearch.com.br\/n\/uploads\/2023\/04\/1420x240-Planilha-vida-financeira-true.png\"\n\t\t\t\t\tdata-promo-id=\"106682\"\t\t\t\t\t\t\t\t\t\twidth='1420' height='240'\t\t\t\t\talt=\"https:\/\/files.sunoresearch.com.br\/n\/uploads\/2023\/04\/1420x240-Planilha-vida-financeira-true.png\"\n\t\t\t\t>\n\t\t\t<\/picture>\n\t\t<\/a>\n\t<\/p>\n\n\n\n\n\n<p>Ontem, o resultado do \u00edndice de pre\u00e7os com gastos (PCE, na sigla em ingl\u00eas) nos EUA em mar\u00e7o, dentro do esperado, causou uma leve queda nas taxas dos Treasuries de <a class=\"suno-keyword\" target=\"_blank\" data-force=\"no\" data-priority=\"1\" href=\"https:\/\/www.suno.com.br\/artigos\/longo-prazo\/\" rel=\"noopener\">longo prazo<\/a>, abrindo espa\u00e7o para uma recupera\u00e7\u00e3o das moedas emergentes.<\/p>\n\n\n\n<p>Segundo Diego Costa, head de c\u00e2mbio para o norte e nordeste da B&amp;T C\u00e2mbio, o<strong> mercado de c\u00e2mbio brasileiro <\/strong>teve uma semana vol\u00e1til, com o d\u00f3lar oscilando entre R$ 5,2181 (m\u00e1xima na segunda-feira) e R$ 5,1085 (m\u00ednima na sexta-feira).<\/p>\n\n\n\n<p>\u201cNa segunda-feira, o mercado ainda sentia os efeitos das not\u00edcias da semana anterior, enquanto os investidores se preparavam para a intensa agenda da quarta-feira em diante, que incluiu a divulga\u00e7\u00e3o dos indicadores de infla\u00e7\u00e3o no Brasil e nos Estados Unidos, al\u00e9m do PIB americano\u201d, explica Costa.&nbsp;<\/p>\n\n\n\n<p>Por aqui, ap\u00f3s a semana tensa em torno da revis\u00e3o da <a class=\"suno-keyword\" target=\"_blank\" data-force=\"no\" data-priority=\"1\" href=\"https:\/\/www.suno.com.br\/artigos\/meta-fiscal\/\" rel=\"noopener\">meta fiscal<\/a>, o cen\u00e1rio pol\u00edtico local se mostrou mais calmo na quarta-feira, com a aproxima\u00e7\u00e3o entre Governo e Congresso. O presidente Lula enfatizou a import\u00e2ncia da boa rela\u00e7\u00e3o entre os poderes para o avan\u00e7o das pautas fiscais.<\/p>\n\n\n\n<p>Na abertura da quinta-feira, o d\u00f3lar subiu impulsionado pela eleva\u00e7\u00e3o do n\u00facleo do PCE, importante indicador para a infla\u00e7\u00e3o e a defini\u00e7\u00e3o da <a class=\"suno-keyword\" target=\"_blank\" data-force=\"no\" data-priority=\"1\" href=\"https:\/\/www.suno.com.br\/artigos\/politica-monetaria\/\" rel=\"noopener\">pol\u00edtica monet\u00e1ria<\/a> do Fed. \u201cPor outro lado, com a desacelera\u00e7\u00e3o do PIB dos EUA no \u00faltimo trimestre, o ganho do d\u00f3lar foi limitado, inclusive porque o mercado j\u00e1 vinha precificando a possibilidade de juros mais altos no pa\u00eds\u201d, diz Costa.&nbsp;<\/p>\n\n\n\n<p>Para encerrar a semana, o PCE trimestral nos Estados Unidos n\u00e3o mostrou desacelera\u00e7\u00e3o, mas manteve-se em linha com o consenso, enquanto o IPCA-15 no Brasil caiu mais do que o esperado, elevando o \u00e2nimo nas bolsas e no c\u00e2mbio, com a moeda atingindo o menor n\u00edvel da semana.<\/p>\n\n\n\n<h2 class=\"wp-block-heading\">O que levou \u00e0 disparada do d\u00f3lar nos \u00faltimos meses?<\/h2>\n\n\n\n<p>Para Luiz Felipe Bazzo, CEO do transferbank,&nbsp; a <strong>disparada do d\u00f3lar<\/strong> nas \u00faltimas semanas acontece ap\u00f3s dados da economia americana n\u00e3o mostrarem uma desacelera\u00e7\u00e3o da conjuntura econ\u00f4mica, o que indica uma posterga\u00e7\u00e3o no corte de juros pelo Federal Reserve.<\/p>\n\n\n\n<p>&#8220;Tais dados econ\u00f4micos divulgados vieram acima do esperado, o que fez o mercado come\u00e7ar a refazer as contas de quando o Fed deve come\u00e7ar a reduzir a <a class=\"suno-keyword\" target=\"_blank\" data-force=\"no\" data-priority=\"2\" href=\"https:\/\/www.suno.com.br\/artigos\/juros\/\" rel=\"noopener\">taxa de juros<\/a> nos EUA. Com a economia ainda acelerada por l\u00e1, as chances de cortes em junho ou julho diminuem&#8221;, comenta Bazzo.<\/p>\n\n\n\n<p>&#8220;A balan\u00e7a comercial est\u00e1 favor\u00e1vel, com super\u00e1vit de min\u00e9rio e soja. Ent\u00e3o, o que mais pesa sobre o d\u00f3lar \u00e9 a quest\u00e3o do juro americano. Os dados brasileiros, com exce\u00e7\u00e3o do quadro fiscal, s\u00e3o bons e servem para segurar a alta da moeda dos EUA ante o real&#8221;, acrescenta o analista.&nbsp;<\/p>\n\n\n\t<p>\n\t\t<a href=\"https:\/\/lp.suno.com.br\/ebook-como-analisar-uma-acao\/\" target=\"_blank\" data-element=\"shortcode-suno-banner\" title=\"Banner SUNO, clique e saiba mais\">\n\t\t\t<picture>\n\t\t\t\t<source media=\"(max-width: 500px)\" srcset=\"https:\/\/files.sunoresearch.com.br\/n\/uploads\/2023\/03\/Ebook-Acoes-Mobile.jpg\">\n\t\t\t\t<img class=\"newsContent__article__imgCapa newsContent__article__imgCapa--banner\"\n\t\t\t\t\tsrc=\"https:\/\/files.sunoresearch.com.br\/n\/uploads\/2023\/03\/Ebook-Acoes-Desktop.jpg\"\n\t\t\t\t\tdata-promo-id=\"378302\"\t\t\t\t\t\t\t\t\t\twidth='1420' height='286'\t\t\t\t\talt=\"https:\/\/files.sunoresearch.com.br\/n\/uploads\/2023\/03\/Ebook-Acoes-Desktop.jpg\"\n\t\t\t\t>\n\t\t\t<\/picture>\n\t\t<\/a>\n\t<\/p>\n\n\n\n\n\n<h2 class=\"wp-block-heading\">Estrangeiros seguem reduzindo posi\u00e7\u00f5es compradas em derivativos cambiais<\/h2>\n\n\n\n<p>Operadores j\u00e1 notam tamb\u00e9m movimentos t\u00e9cnicos para rolagem de posi\u00e7\u00f5es no segmento futuro na virada do m\u00eas e a disputa pela forma\u00e7\u00e3o da \u00faltima taxa ptax de abril na pr\u00f3xima ter\u00e7a-feira, 30. Principal term\u00f4metro do apetite por neg\u00f3cios, o <strong>contrato de d\u00f3lar futuro <\/strong>para maio teve giro forte, acima de US$ 17 bilh\u00f5es. Os estrangeiros seguem reduzindo posi\u00e7\u00f5es compradas em derivativos cambiais (<a class=\"suno-keyword\" target=\"_blank\" data-force=\"no\" data-priority=\"1\" href=\"https:\/\/www.suno.com.br\/artigos\/dolar-futuro\/\" rel=\"noopener\">d\u00f3lar futuro<\/a>, mini contratos, <a class=\"suno-keyword\" target=\"_blank\" data-force=\"no\" data-priority=\"1\" href=\"https:\/\/www.suno.com.br\/artigos\/cupom-cambial\/\" rel=\"noopener\">cupom cambial<\/a> e swaps), que superaram US$ 70 bilh\u00f5es na semana passada, novo pico hist\u00f3rico.<\/p>\n\n\n\n<p>As reiteradas declara\u00e7\u00f5es do presidente do Banco Central, Roberto Campos Neto, de que n\u00e3o vai intervir no c\u00e2mbio para amenizar <a class=\"suno-keyword\" target=\"_blank\" data-force=\"no\" data-priority=\"1\" href=\"https:\/\/www.suno.com.br\/artigos\/alta-do-dolar\/\" rel=\"noopener\">alta do d\u00f3lar<\/a> provocada por mudan\u00e7as de fundamentos &#8211; no caso, a reprecifica\u00e7\u00e3o dos juros americanos &#8211; tiraram f\u00f4lego de movimentos especulativos em torno da moeda americana.<\/p>\n\n\n\n\t<div data-element=\"shortcode-read-more\" class=\"readToo\">\n\t\t\t\t<span class=\"readToo__title\">Leia mais<\/span>\n\t\t\t\t<ul class=\"readToo__list\">\n\t\t\t<li><a href=\"https:\/\/www.suno.com.br\/noticias\/petrobras-petr4-magazine-luiza-mglu3-mais-lidas-jvj\/\">Quanto a Petrobras (PETR4) deve pagar em dividendos extraordin\u00e1rios e Magazine Luiza (MGLU3) tomba no Ibovespa; veja as mais lidas da semana<\/a><\/li><li><a href=\"https:\/\/www.suno.com.br\/noticias\/mega-sena-2718-premio-3-milhoes-sorteio-gpj\/\">Mega-Sena 2718: pr\u00eamio atinge R$ 3 milh\u00f5es para sorteio deste s\u00e1bado (27)<\/a><\/li>\t\t<\/ul>\n\t<\/div>\n\n\n\n\n<p>&#8220;Com diminui\u00e7\u00e3o do estresse no exterior, n\u00e3o h\u00e1 justificava para manter um estoque t\u00e3o grande de posi\u00e7\u00e3o comprada, porque o custo j\u00e1 n\u00e3o \u00e9 vi\u00e1vel. Est\u00e3o aproveitando para realizar lucros nesta semana e voltar a aplicar na Bolsa, que tem pap\u00e9is com pre\u00e7os interessantes&#8221;, afirma o gerente de c\u00e2mbio da Treviso Corretora, Reginaldo Galhardo.<\/p>\n\n\n\n<p>L\u00e1 fora, o <a class=\"suno-keyword\" target=\"_blank\" data-force=\"no\" data-priority=\"1\" href=\"https:\/\/www.suno.com.br\/artigos\/dxy\/\" rel=\"noopener\">\u00edndice DXY<\/a> voltou a ultrapassar os 106,000 pontos nas m\u00e1ximas do dia, sobretudo por conta dos ganhos de mais de 1% da moeda americana em rela\u00e7\u00e3o ao iene, atingindo o maior valor desde 1990. Mas o d\u00f3lar caiu na compara\u00e7\u00e3o com as principais divisas emergentes pares do real (\u00e0 exce\u00e7\u00e3o do peso chileno). As moedas latino-americanas se recuperam nesta semana, diminuindo as perdas em abril, com o real apresentando o melhor desempenho nos \u00faltimos dias.<\/p>\n\n\n\n<p>&#8220;Embora o DXY tenha mantido certa estabilidade na semana em um patamar elevado neste ano, vimos uma diminui\u00e7\u00e3o do estresse no c\u00e2mbio, com uma certa corre\u00e7\u00e3o do exagero da semana passada. Mas n\u00e3o h\u00e1 mudan\u00e7a de vetores estruturais&#8221;, afirma a economista-chefe da Armor Capital, Andrea Damico, que n\u00e3o v\u00ea al\u00edvio adicional para o real daqui para a frente, uma vez que o quadro ainda \u00e9 de d\u00f3lar forte no mundo. &#8220;Estamos muito colados ao cen\u00e1rio externo, se o Fed vai cortar ou n\u00e3o a taxa de juros.&#8221;<\/p>\n\n\n\n<h2 class=\"wp-block-heading\">O que esperar do d\u00f3lar na pr\u00f3xima semana?<\/h2>\n\n\n\n<p>Na pr\u00f3xima semana, teremos a decis\u00e3o de juros nos Estados Unidos, o que pode aumentar a cautela nos mercados e levar a uma corre\u00e7\u00e3o no d\u00f3lar.<\/p>\n\n\n\n<p>De acordo com Costa, apesar dos riscos, uma valoriza\u00e7\u00e3o significativa do d\u00f3lar n\u00e3o \u00e9 prevista. \u201cO mercado j\u00e1 incorporou os riscos de juros mais altos, e a moeda deve, por enquanto, na aus\u00eancia de grandes surpresas geopol\u00edticas ou nestes indicadores, manter-se entre R$ 5,10 e R$ 5,20\u201d, diz o analista.&nbsp;<\/p>\n\n\n\n<p>Al\u00e9m disso, os investidores devem ficar atentos aos principais eventos que influenciar\u00e3o os mercados. Inclusive, no Dia do Trabalho, uma s\u00e9rie de indicadores importantes nos EUA ser\u00e1 divulgada.&nbsp;<\/p>\n\n\n\n<p>\u201cEventos como a Taxa de Desemprego e Infla\u00e7\u00e3o ao Produtor no Brasil, o PMI chin\u00eas e a Decis\u00e3o de Pol\u00edtica Monet\u00e1ria, juntamente com dados do <a class=\"suno-keyword\" data-force=\"no\" data-priority=\"2\" href=\"https:\/\/www.suno.com.br\/artigos\/mercado-de-trabalho\/\" target=\"_blank\" rel=\"noopener\">mercado de trabalho<\/a> nos Estados Unidos (ADP, Jolts e Payroll), ser\u00e3o os mais aguardados e estar\u00e3o no radar\u201d, aponta Costa sobre fatores que podem mexer com o <strong>d\u00f3lar<\/strong>. <\/p>\n\n\n\n<p>(Com Estad\u00e3o Conte\u00fado)<\/p>\n\n\n\n\n\t<p>\n\t\t<a href=\"https:\/\/lp.suno.com.br\/planilha-da-vida-financeira\/\" target=\"_blank\" data-element=\"shortcode-suno-banner\" title=\"Banner SUNO, clique e saiba mais\">\n\t\t\t<picture>\n\t\t\t\t<source media=\"(max-width: 500px)\" srcset=\"https:\/\/files.sunoresearch.com.br\/n\/uploads\/2023\/04\/400x300-Planilha-vida-financeira-true.png\">\n\t\t\t\t<img class=\"newsContent__article__imgCapa newsContent__article__imgCapa--banner\"\n\t\t\t\t\tsrc=\"https:\/\/files.sunoresearch.com.br\/n\/uploads\/2023\/04\/1420x240-Planilha-vida-financeira-true.png\"\n\t\t\t\t\tdata-promo-id=\"383123\"\t\t\t\t\t\t\t\t\t\twidth='1420' height='240'\t\t\t\t\talt=\"https:\/\/files.sunoresearch.com.br\/n\/uploads\/2023\/04\/1420x240-Planilha-vida-financeira-true.png\"\n\t\t\t\t>\n\t\t\t<\/picture>\n\t\t<\/a>\n\t<\/p>\n\n\n","protected":false},"excerpt":{"rendered":"<p>Na sexta-feira (27), o d\u00f3lar fechou o dia vendido a R$ 5,116, com queda de R$ 0,046 (-0,89%), menor valor em 15 dias. No entanto, apesar da queda, a moeda americana acumula alta de 2,01% em abril e de 5,42% em 2024. Juros futuros sobem levemente ap\u00f3s cinco quedas consecutivas. Ontem, o resultado do \u00edndice [&hellip;]<\/p>\n","protected":false},"author":301,"featured_media":545421,"comment_status":"closed","ping_status":"closed","sticky":false,"template":"","format":"standard","meta":[],"categories":[62],"tags":[326],"suno_strategy":[],"class_list":["post-548634","post","type-post","status-publish","format-standard","has-post-thumbnail","hentry","category-economia","tag-dolar"],"yoast_head":"<!-- This site is optimized with the Yoast SEO plugin v24.4 - https:\/\/yoast.com\/wordpress\/plugins\/seo\/ -->\n<title>D\u00f3lar cai 1,60% na semana; o que esperar dos pr\u00f3ximos dias?<\/title>\n<meta name=\"description\" content=\"Na sexta-feira (27), o d\u00f3lar fechou o dia vendido a R$ 5,116, com queda de R$ 0,046 (-0,89%), menor valor em 15 dias.\" \/>\n<meta name=\"robots\" content=\"index, follow, max-snippet:-1, max-image-preview:large, max-video-preview:-1\" \/>\n<link rel=\"canonical\" href=\"https:\/\/www.suno.com.br\/noticias\/dolar-cai-semana-com-dados-inflacao-eua-brasil-va\/\" \/>\n<meta property=\"og:locale\" content=\"pt_BR\" \/>\n<meta property=\"og:type\" content=\"article\" \/>\n<meta property=\"og:title\" content=\"D\u00f3lar cai 1,60% na semana; o que esperar dos pr\u00f3ximos dias?\" \/>\n<meta property=\"og:description\" content=\"Na sexta-feira (27), o d\u00f3lar fechou o dia vendido a R$ 5,116, com queda de R$ 0,046 (-0,89%), menor valor em 15 dias.\" \/>\n<meta property=\"og:url\" content=\"https:\/\/www.suno.com.br\/noticias\/dolar-cai-semana-com-dados-inflacao-eua-brasil-va\/\" \/>\n<meta property=\"og:site_name\" content=\"Suno Not\u00edcias\" \/>\n<meta property=\"article:publisher\" content=\"https:\/\/facebook.com\/sunoresearch\" \/>\n<meta property=\"og:image\" content=\"https:\/\/files.sunoresearch.com.br\/n\/uploads\/2024\/04\/iStock-1348229414.jpg\" \/>\n\t<meta property=\"og:image:width\" content=\"1254\" \/>\n\t<meta property=\"og:image:height\" content=\"836\" \/>\n\t<meta property=\"og:image:type\" content=\"image\/jpeg\" \/>\n<meta name=\"author\" content=\"Vin\u00edcius Alves\" \/>\n<meta name=\"twitter:card\" content=\"summary_large_image\" \/>\n<meta name=\"twitter:creator\" content=\"@sunoresearch\" \/>\n<meta name=\"twitter:site\" content=\"@sunoresearch\" \/>\n<meta name=\"twitter:label1\" content=\"Escrito por\" \/>\n\t<meta name=\"twitter:data1\" content=\"Vin\u00edcius Alves\" \/>\n\t<meta name=\"twitter:label2\" content=\"Est. tempo de leitura\" \/>\n\t<meta name=\"twitter:data2\" content=\"6 minutos\" \/>\n<script type=\"application\/ld+json\" class=\"yoast-schema-graph\">{\"@context\":\"https:\/\/schema.org\",\"@graph\":[{\"@type\":\"NewsArticle\",\"@id\":\"https:\/\/www.suno.com.br\/noticias\/dolar-cai-semana-com-dados-inflacao-eua-brasil-va\/#article\",\"isPartOf\":{\"@id\":\"https:\/\/www.suno.com.br\/noticias\/dolar-cai-semana-com-dados-inflacao-eua-brasil-va\/\"},\"author\":{\"name\":\"Vin\u00edcius Alves\",\"@id\":\"https:\/\/www.suno.com.br\/noticias\/#\/schema\/person\/4a180549702d0e236b3e420862bcded3\"},\"headline\":\"D\u00f3lar cai 1,60% na semana com dados de infla\u00e7\u00e3o dos EUA e Brasil; o que esperar da moeda nos pr\u00f3ximos dias?\",\"datePublished\":\"2024-04-27T14:17:28+00:00\",\"dateModified\":\"2024-04-27T14:17:35+00:00\",\"mainEntityOfPage\":{\"@id\":\"https:\/\/www.suno.com.br\/noticias\/dolar-cai-semana-com-dados-inflacao-eua-brasil-va\/\"},\"wordCount\":1146,\"publisher\":{\"@id\":\"https:\/\/www.suno.com.br\/noticias\/#organization\"},\"image\":{\"@id\":\"https:\/\/www.suno.com.br\/noticias\/dolar-cai-semana-com-dados-inflacao-eua-brasil-va\/#primaryimage\"},\"thumbnailUrl\":\"https:\/\/files.sunoresearch.com.br\/n\/uploads\/2024\/04\/iStock-1348229414.jpg\",\"keywords\":[\"d\u00f3lar\"],\"articleSection\":[\"Economia\"],\"inLanguage\":\"pt-BR\"},{\"@type\":\"WebPage\",\"@id\":\"https:\/\/www.suno.com.br\/noticias\/dolar-cai-semana-com-dados-inflacao-eua-brasil-va\/\",\"url\":\"https:\/\/www.suno.com.br\/noticias\/dolar-cai-semana-com-dados-inflacao-eua-brasil-va\/\",\"name\":\"D\u00f3lar cai 1,60% na semana; o que esperar dos pr\u00f3ximos dias?\",\"isPartOf\":{\"@id\":\"https:\/\/www.suno.com.br\/noticias\/#website\"},\"primaryImageOfPage\":{\"@id\":\"https:\/\/www.suno.com.br\/noticias\/dolar-cai-semana-com-dados-inflacao-eua-brasil-va\/#primaryimage\"},\"image\":{\"@id\":\"https:\/\/www.suno.com.br\/noticias\/dolar-cai-semana-com-dados-inflacao-eua-brasil-va\/#primaryimage\"},\"thumbnailUrl\":\"https:\/\/files.sunoresearch.com.br\/n\/uploads\/2024\/04\/iStock-1348229414.jpg\",\"datePublished\":\"2024-04-27T14:17:28+00:00\",\"dateModified\":\"2024-04-27T14:17:35+00:00\",\"description\":\"Na sexta-feira (27), o d\u00f3lar fechou o dia vendido a R$ 5,116, com queda de R$ 0,046 (-0,89%), menor valor em 15 dias.\",\"breadcrumb\":{\"@id\":\"https:\/\/www.suno.com.br\/noticias\/dolar-cai-semana-com-dados-inflacao-eua-brasil-va\/#breadcrumb\"},\"inLanguage\":\"pt-BR\",\"potentialAction\":[{\"@type\":\"ReadAction\",\"target\":[\"https:\/\/www.suno.com.br\/noticias\/dolar-cai-semana-com-dados-inflacao-eua-brasil-va\/\"]}]},{\"@type\":\"ImageObject\",\"inLanguage\":\"pt-BR\",\"@id\":\"https:\/\/www.suno.com.br\/noticias\/dolar-cai-semana-com-dados-inflacao-eua-brasil-va\/#primaryimage\",\"url\":\"https:\/\/files.sunoresearch.com.br\/n\/uploads\/2024\/04\/iStock-1348229414.jpg\",\"contentUrl\":\"https:\/\/files.sunoresearch.com.br\/n\/uploads\/2024\/04\/iStock-1348229414.jpg\",\"width\":1254,\"height\":836,\"caption\":\"Juros futuros sobem levemente ap\u00f3s cinco quedas consecutivas.\"},{\"@type\":\"BreadcrumbList\",\"@id\":\"https:\/\/www.suno.com.br\/noticias\/dolar-cai-semana-com-dados-inflacao-eua-brasil-va\/#breadcrumb\",\"itemListElement\":[{\"@type\":\"ListItem\",\"position\":1,\"name\":\"Not\u00edcias\",\"item\":\"https:\/\/www.suno.com.br\/noticias\/\"},{\"@type\":\"ListItem\",\"position\":2,\"name\":\"Economia\",\"item\":\"https:\/\/www.suno.com.br\/noticias\/economia\/\"},{\"@type\":\"ListItem\",\"position\":3,\"name\":\"D\u00f3lar cai 1,60% na semana com dados de infla\u00e7\u00e3o dos EUA e Brasil; o que esperar da moeda nos pr\u00f3ximos dias?\"}]},{\"@type\":\"WebSite\",\"@id\":\"https:\/\/www.suno.com.br\/noticias\/#website\",\"url\":\"https:\/\/www.suno.com.br\/noticias\/\",\"name\":\"Suno Not\u00edcias\",\"description\":\"Seu portal de informa\u00e7\u00e3o sobre o mundo dos investimentos\",\"publisher\":{\"@id\":\"https:\/\/www.suno.com.br\/noticias\/#organization\"},\"potentialAction\":[{\"@type\":\"SearchAction\",\"target\":{\"@type\":\"EntryPoint\",\"urlTemplate\":\"https:\/\/www.suno.com.br\/noticias\/?s={search_term_string}\"},\"query-input\":{\"@type\":\"PropertyValueSpecification\",\"valueRequired\":true,\"valueName\":\"search_term_string\"}}],\"inLanguage\":\"pt-BR\"},{\"@type\":\"Organization\",\"@id\":\"https:\/\/www.suno.com.br\/noticias\/#organization\",\"name\":\"Suno Not\u00edcias\",\"url\":\"https:\/\/www.suno.com.br\/noticias\/\",\"logo\":{\"@type\":\"ImageObject\",\"inLanguage\":\"pt-BR\",\"@id\":\"https:\/\/www.suno.com.br\/noticias\/#\/schema\/logo\/image\/\",\"url\":\"https:\/\/files.sunoresearch.com.br\/n\/uploads\/2021\/09\/suno-logo.png\",\"contentUrl\":\"https:\/\/files.sunoresearch.com.br\/n\/uploads\/2021\/09\/suno-logo.png\",\"width\":180,\"height\":180,\"caption\":\"Suno Not\u00edcias\"},\"image\":{\"@id\":\"https:\/\/www.suno.com.br\/noticias\/#\/schema\/logo\/image\/\"},\"sameAs\":[\"https:\/\/facebook.com\/sunoresearch\",\"https:\/\/x.com\/sunoresearch\",\"https:\/\/www.instagram.com\/suno\",\"https:\/\/www.linkedin.com\/company\/suno-research\/\",\"https:\/\/www.youtube.com\/c\/sunoresearch\"]},{\"@type\":\"Person\",\"@id\":\"https:\/\/www.suno.com.br\/noticias\/#\/schema\/person\/4a180549702d0e236b3e420862bcded3\",\"name\":\"Vin\u00edcius Alves\",\"image\":{\"@type\":\"ImageObject\",\"inLanguage\":\"pt-BR\",\"@id\":\"https:\/\/www.suno.com.br\/noticias\/#\/schema\/person\/image\/\",\"url\":\"https:\/\/secure.gravatar.com\/avatar\/a95b7fe6d1b813f7907d4f476d5a39e1?s=96&r=g\",\"contentUrl\":\"https:\/\/secure.gravatar.com\/avatar\/a95b7fe6d1b813f7907d4f476d5a39e1?s=96&r=g\",\"caption\":\"Vin\u00edcius Alves\"},\"description\":\"Jornalista formado na Faculdade C\u00e1sper L\u00edbero. Com passagens pela Ag\u00eancia Estado, InfoMoney e Editora Globo.\",\"url\":\"https:\/\/www.suno.com.br\/noticias\/author\/vini08correiagmail-com\/\"}]}<\/script>\n<!-- \/ Yoast SEO plugin. -->","yoast_head_json":{"title":"D\u00f3lar cai 1,60% na semana; o que esperar dos pr\u00f3ximos dias?","description":"Na sexta-feira (27), o d\u00f3lar fechou o dia vendido a R$ 5,116, com queda de R$ 0,046 (-0,89%), menor valor em 15 dias.","robots":{"index":"index","follow":"follow","max-snippet":"max-snippet:-1","max-image-preview":"max-image-preview:large","max-video-preview":"max-video-preview:-1"},"canonical":"https:\/\/www.suno.com.br\/noticias\/dolar-cai-semana-com-dados-inflacao-eua-brasil-va\/","og_locale":"pt_BR","og_type":"article","og_title":"D\u00f3lar cai 1,60% na semana; o que esperar dos pr\u00f3ximos dias?","og_description":"Na sexta-feira (27), o d\u00f3lar fechou o dia vendido a R$ 5,116, com queda de R$ 0,046 (-0,89%), menor valor em 15 dias.","og_url":"https:\/\/www.suno.com.br\/noticias\/dolar-cai-semana-com-dados-inflacao-eua-brasil-va\/","og_site_name":"Suno Not\u00edcias","article_publisher":"https:\/\/facebook.com\/sunoresearch","og_image":[{"width":1254,"height":836,"url":"https:\/\/files.sunoresearch.com.br\/n\/uploads\/2024\/04\/iStock-1348229414.jpg","type":"image\/jpeg"}],"author":"Vin\u00edcius Alves","twitter_card":"summary_large_image","twitter_creator":"@sunoresearch","twitter_site":"@sunoresearch","twitter_misc":{"Escrito por":"Vin\u00edcius Alves","Est. tempo de leitura":"6 minutos"},"schema":{"@context":"https:\/\/schema.org","@graph":[{"@type":"NewsArticle","@id":"https:\/\/www.suno.com.br\/noticias\/dolar-cai-semana-com-dados-inflacao-eua-brasil-va\/#article","isPartOf":{"@id":"https:\/\/www.suno.com.br\/noticias\/dolar-cai-semana-com-dados-inflacao-eua-brasil-va\/"},"author":{"name":"Vin\u00edcius Alves","@id":"https:\/\/www.suno.com.br\/noticias\/#\/schema\/person\/4a180549702d0e236b3e420862bcded3"},"headline":"D\u00f3lar cai 1,60% na semana com dados de infla\u00e7\u00e3o dos EUA e Brasil; o que esperar da moeda nos pr\u00f3ximos dias?","datePublished":"2024-04-27T14:17:28+00:00","dateModified":"2024-04-27T14:17:35+00:00","mainEntityOfPage":{"@id":"https:\/\/www.suno.com.br\/noticias\/dolar-cai-semana-com-dados-inflacao-eua-brasil-va\/"},"wordCount":1146,"publisher":{"@id":"https:\/\/www.suno.com.br\/noticias\/#organization"},"image":{"@id":"https:\/\/www.suno.com.br\/noticias\/dolar-cai-semana-com-dados-inflacao-eua-brasil-va\/#primaryimage"},"thumbnailUrl":"https:\/\/files.sunoresearch.com.br\/n\/uploads\/2024\/04\/iStock-1348229414.jpg","keywords":["d\u00f3lar"],"articleSection":["Economia"],"inLanguage":"pt-BR"},{"@type":"WebPage","@id":"https:\/\/www.suno.com.br\/noticias\/dolar-cai-semana-com-dados-inflacao-eua-brasil-va\/","url":"https:\/\/www.suno.com.br\/noticias\/dolar-cai-semana-com-dados-inflacao-eua-brasil-va\/","name":"D\u00f3lar cai 1,60% na semana; o que esperar dos pr\u00f3ximos dias?","isPartOf":{"@id":"https:\/\/www.suno.com.br\/noticias\/#website"},"primaryImageOfPage":{"@id":"https:\/\/www.suno.com.br\/noticias\/dolar-cai-semana-com-dados-inflacao-eua-brasil-va\/#primaryimage"},"image":{"@id":"https:\/\/www.suno.com.br\/noticias\/dolar-cai-semana-com-dados-inflacao-eua-brasil-va\/#primaryimage"},"thumbnailUrl":"https:\/\/files.sunoresearch.com.br\/n\/uploads\/2024\/04\/iStock-1348229414.jpg","datePublished":"2024-04-27T14:17:28+00:00","dateModified":"2024-04-27T14:17:35+00:00","description":"Na sexta-feira (27), o d\u00f3lar fechou o dia vendido a R$ 5,116, com queda de R$ 0,046 (-0,89%), menor valor em 15 dias.","breadcrumb":{"@id":"https:\/\/www.suno.com.br\/noticias\/dolar-cai-semana-com-dados-inflacao-eua-brasil-va\/#breadcrumb"},"inLanguage":"pt-BR","potentialAction":[{"@type":"ReadAction","target":["https:\/\/www.suno.com.br\/noticias\/dolar-cai-semana-com-dados-inflacao-eua-brasil-va\/"]}]},{"@type":"ImageObject","inLanguage":"pt-BR","@id":"https:\/\/www.suno.com.br\/noticias\/dolar-cai-semana-com-dados-inflacao-eua-brasil-va\/#primaryimage","url":"https:\/\/files.sunoresearch.com.br\/n\/uploads\/2024\/04\/iStock-1348229414.jpg","contentUrl":"https:\/\/files.sunoresearch.com.br\/n\/uploads\/2024\/04\/iStock-1348229414.jpg","width":1254,"height":836,"caption":"Juros futuros sobem levemente ap\u00f3s cinco quedas consecutivas."},{"@type":"BreadcrumbList","@id":"https:\/\/www.suno.com.br\/noticias\/dolar-cai-semana-com-dados-inflacao-eua-brasil-va\/#breadcrumb","itemListElement":[{"@type":"ListItem","position":1,"name":"Not\u00edcias","item":"https:\/\/www.suno.com.br\/noticias\/"},{"@type":"ListItem","position":2,"name":"Economia","item":"https:\/\/www.suno.com.br\/noticias\/economia\/"},{"@type":"ListItem","position":3,"name":"D\u00f3lar cai 1,60% na semana com dados de infla\u00e7\u00e3o dos EUA e Brasil; o que esperar da moeda nos pr\u00f3ximos dias?"}]},{"@type":"WebSite","@id":"https:\/\/www.suno.com.br\/noticias\/#website","url":"https:\/\/www.suno.com.br\/noticias\/","name":"Suno Not\u00edcias","description":"Seu portal de informa\u00e7\u00e3o sobre o mundo dos investimentos","publisher":{"@id":"https:\/\/www.suno.com.br\/noticias\/#organization"},"potentialAction":[{"@type":"SearchAction","target":{"@type":"EntryPoint","urlTemplate":"https:\/\/www.suno.com.br\/noticias\/?s={search_term_string}"},"query-input":{"@type":"PropertyValueSpecification","valueRequired":true,"valueName":"search_term_string"}}],"inLanguage":"pt-BR"},{"@type":"Organization","@id":"https:\/\/www.suno.com.br\/noticias\/#organization","name":"Suno Not\u00edcias","url":"https:\/\/www.suno.com.br\/noticias\/","logo":{"@type":"ImageObject","inLanguage":"pt-BR","@id":"https:\/\/www.suno.com.br\/noticias\/#\/schema\/logo\/image\/","url":"https:\/\/files.sunoresearch.com.br\/n\/uploads\/2021\/09\/suno-logo.png","contentUrl":"https:\/\/files.sunoresearch.com.br\/n\/uploads\/2021\/09\/suno-logo.png","width":180,"height":180,"caption":"Suno Not\u00edcias"},"image":{"@id":"https:\/\/www.suno.com.br\/noticias\/#\/schema\/logo\/image\/"},"sameAs":["https:\/\/facebook.com\/sunoresearch","https:\/\/x.com\/sunoresearch","https:\/\/www.instagram.com\/suno","https:\/\/www.linkedin.com\/company\/suno-research\/","https:\/\/www.youtube.com\/c\/sunoresearch"]},{"@type":"Person","@id":"https:\/\/www.suno.com.br\/noticias\/#\/schema\/person\/4a180549702d0e236b3e420862bcded3","name":"Vin\u00edcius Alves","image":{"@type":"ImageObject","inLanguage":"pt-BR","@id":"https:\/\/www.suno.com.br\/noticias\/#\/schema\/person\/image\/","url":"https:\/\/secure.gravatar.com\/avatar\/a95b7fe6d1b813f7907d4f476d5a39e1?s=96&r=g","contentUrl":"https:\/\/secure.gravatar.com\/avatar\/a95b7fe6d1b813f7907d4f476d5a39e1?s=96&r=g","caption":"Vin\u00edcius Alves"},"description":"Jornalista formado na Faculdade C\u00e1sper L\u00edbero. Com passagens pela Ag\u00eancia Estado, InfoMoney e Editora Globo.","url":"https:\/\/www.suno.com.br\/noticias\/author\/vini08correiagmail-com\/"}]}},"default_loop_html":"<div class=\"cardsPage__listCard__boxs\"><div class=\"cardsPage__listCard__boxs__img\"><a href=\"https:\/\/www.suno.com.br\/noticias\/dolar-cai-semana-com-dados-inflacao-eua-brasil-va\/\"><img class=\"mask\" src=\"https:\/\/www.suno.com.br\/noticias\/wp-content\/themes\/suno\/resources\/images\/spotlight\/spotlight1img\/bg-mask.png\" alt=\"Image Mask\"\/><img src=\"https:\/\/files.sunoresearch.com.br\/n\/uploads\/2024\/04\/iStock-1348229414-400x200.jpg\" alt=\"D\u00f3lar cai 1,60% na semana com dados de infla\u00e7\u00e3o dos EUA e Brasil; o que esperar da moeda nos pr\u00f3ximos dias?\"\/><\/a><span class=\"spotlightCategory\"><a href=\"https:\/\/www.suno.com.br\/noticias\/economia\/\">Economia<\/a><\/span><\/div><div class=\"cardsPage__listCard__boxs__content\"><a href=\"https:\/\/www.suno.com.br\/noticias\/dolar-cai-semana-com-dados-inflacao-eua-brasil-va\/\"><h2 class=\"content__title\">D\u00f3lar cai 1,60% na semana com dados de infla\u00e7\u00e3o dos EUA e Brasil; o que esperar da moeda nos pr\u00f3ximos dias?<\/h2><\/a><div class=\"newsContent__article__meta\"><div class=\"newsContent__article__meta__authorBox\"><a href=\"https:\/\/www.suno.com.br\/noticias\/author\/giovanni-porfiriosuno-com-br\/\" class=\"authorBox__avatar noMobi\"><img src=\"https:\/\/files.sunoresearch.com.br\/n\/uploads\/2024\/05\/DSCF4115-1-1-150x150.webp\" alt=\"Giovanni Porf\u00edrio Jacomino\"><\/a><div class=\"authorBox__name\"><span>por\n\t\t\t<a href=\"https:\/\/www.suno.com.br\/noticias\/author\/giovanni-porfiriosuno-com-br\/\"><span itemprop=\"author\">Giovanni Porf\u00edrio Jacomino<\/span><\/a><\/span><time datetime=\"2024-04-27T11:17:28-03:00\" itemprop=\"datePublished\">27\/04\/2024 11:17<\/time><\/div><\/div><\/div><\/div><\/div>","single_layout":"posts","amp_enabled":true,"_links":{"self":[{"href":"https:\/\/www.suno.com.br\/noticias\/wp-json\/wp\/v2\/posts\/548634"}],"collection":[{"href":"https:\/\/www.suno.com.br\/noticias\/wp-json\/wp\/v2\/posts"}],"about":[{"href":"https:\/\/www.suno.com.br\/noticias\/wp-json\/wp\/v2\/types\/post"}],"author":[{"embeddable":true,"href":"https:\/\/www.suno.com.br\/noticias\/wp-json\/wp\/v2\/users\/301"}],"replies":[{"embeddable":true,"href":"https:\/\/www.suno.com.br\/noticias\/wp-json\/wp\/v2\/comments?post=548634"}],"version-history":[{"count":3,"href":"https:\/\/www.suno.com.br\/noticias\/wp-json\/wp\/v2\/posts\/548634\/revisions"}],"predecessor-version":[{"id":548637,"href":"https:\/\/www.suno.com.br\/noticias\/wp-json\/wp\/v2\/posts\/548634\/revisions\/548637"}],"wp:featuredmedia":[{"embeddable":true,"href":"https:\/\/www.suno.com.br\/noticias\/wp-json\/wp\/v2\/media\/545421"}],"wp:attachment":[{"href":"https:\/\/www.suno.com.br\/noticias\/wp-json\/wp\/v2\/media?parent=548634"}],"wp:term":[{"taxonomy":"category","embeddable":true,"href":"https:\/\/www.suno.com.br\/noticias\/wp-json\/wp\/v2\/categories?post=548634"},{"taxonomy":"post_tag","embeddable":true,"href":"https:\/\/www.suno.com.br\/noticias\/wp-json\/wp\/v2\/tags?post=548634"},{"taxonomy":"suno_strategy","embeddable":true,"href":"https:\/\/www.suno.com.br\/noticias\/wp-json\/wp\/v2\/suno_strategy?post=548634"}],"curies":[{"name":"wp","href":"https:\/\/api.w.org\/{rel}","templated":true}]}}