{"id":548632,"date":"2024-04-27T11:26:13","date_gmt":"2024-04-27T14:26:13","guid":{"rendered":"https:\/\/www.suno.com.br\/noticias\/?p=548632"},"modified":"2024-04-27T11:26:20","modified_gmt":"2024-04-27T14:26:20","slug":"reforma-tributaria-meis-terao-alivio-com-iva-va","status":"publish","type":"post","link":"https:\/\/www.suno.com.br\/noticias\/reforma-tributaria-meis-terao-alivio-com-iva-va\/","title":{"rendered":"Reforma tribut\u00e1ria: MEIs ter\u00e3o al\u00edvio com implementa\u00e7\u00e3o do Imposto de Valor Agregado (IVA)"},"content":{"rendered":"<p>Os microempreendedores individuais (MEIs) fazem parte de um regime de tributa\u00e7\u00e3o pr\u00f3prio, mas ter\u00e3o um pequeno al\u00edvio com a implementa\u00e7\u00e3o do Imposto de Valor Agregado (IVA), institu\u00eddo pela<strong> reforma tribut\u00e1ria<\/strong>.<\/p>\t<div class=\"wrapper-featured-image\">\n\t\t<figure class=\"spotlightImg\">\n\n\t\t\t<picture>\n\t\t\t\t<source media=\"(max-width: 768px)\" srcset=\"https:\/\/files.sunoresearch.com.br\/n\/uploads\/2021\/06\/6cc12ed9-tax-468440_1920-400x200.webp\">\n\t\t\t\t<img loading=\"lazy\" decoding=\"async\" class=\"newsContent__article__imgCapa lazyloadDisabled \" src=\"https:\/\/files.sunoresearch.com.br\/n\/uploads\/2021\/06\/6cc12ed9-tax-468440_1920-800x450.webp\" width=\"800\" height=\"450\" alt=\"Reforma tribut\u00e1ria: MEIs ter\u00e3o al\u00edvio com implementa\u00e7\u00e3o do Imposto de Valor Agregado (IVA)\" fetchpriority=high \/>\n\t\t\t<\/picture>\n\n\t\t\t<figcaption class=\"wp-caption-text wp-caption-text--show\">Reforma tribut\u00e1ria. Foto: Steve Buissinne, por Pixabay.<\/figcaption>\n\t\t<\/figure>\n\t<\/div>\n\n\n\n\n\n\t<p>\n\t\t<a href=\"\" target=\"_blank\" data-element=\"shortcode-suno-banner\" title=\"Banner SUNO, clique e saiba mais\">\n\t\t\t<picture>\n\t\t\t\t<source media=\"(max-width: 500px)\" srcset=\"\">\n\t\t\t\t<img class=\"newsContent__article__imgCapa newsContent__article__imgCapa--banner\"\n\t\t\t\t\tsrc=\"\"\n\t\t\t\t\tdata-promo-id=\"240038\"\t\t\t\t\t\t\t\t\t\t\t\t\t\t\talt=\"\"\n\t\t\t\t>\n\t\t\t<\/picture>\n\t\t<\/a>\n\t<\/p>\n\n\n\n\n\n<p>A proposta de regulamenta\u00e7\u00e3o apresentada pelo governo Lula prev\u00ea uma redu\u00e7\u00e3o de R$ 6 para R$ 3 nos boletos que precisam ser pagos mensalmente.<\/p>\n\n\n\n<p>Hoje, os MEIs pagam R$ 66 de contribui\u00e7\u00e3o previdenci\u00e1ria, o que n\u00e3o muda, e mais R$ 1 de ISS (municipal) e R$ 5 de ICMS (estadual). Pela proposta, essa soma ser\u00e1 reduzida \u00e0 metade, para R$ 3, ao t\u00e9rmino da transi\u00e7\u00e3o.<\/p>\n\n\n\n<p>&#8220;Ser\u00e1 R$ 1 para o CBS e R$ 2 para o IBS, totalizando R$ 3. \u00c9 uma redu\u00e7\u00e3o simb\u00f3lica, porque o recolhimento da MEI hoje \u00e9 muito baixo&#8221;, explicou o secret\u00e1rio Extraordin\u00e1rio da <a class=\"suno-keyword\" target=\"_blank\" data-force=\"no\" data-priority=\"2\" href=\"https:\/\/www.suno.com.br\/artigos\/reforma-tributaria\/\" rel=\"noopener\">Reforma Tribut\u00e1ria<\/a>, Bernard Appy.<\/p>\n\n\n\n<p>A CBS ser\u00e1 o novo <strong>tributo federal<\/strong>, substituindo os atuais PIS, Cofins e IPI. J\u00e1 o IBS ser\u00e1 de Estados e munic\u00edpios, substituindo o ICMS (estadual) e o ISS (municipal).<\/p>\n\n\n\n<p>Essa transi\u00e7\u00e3o come\u00e7ar\u00e1 em 2027. Nesse ano, no entanto, haver\u00e1 pequeno aumento de carga. Com pagamento de R$ 1 de ICMS, R$ 5, de ISS, e mais R$ 1 de CBS e IBS, totalizando R$ 7.<\/p>\n\n\n\n<p>A partir de 2029, os impostos que existem hoje v\u00e3o caindo gradualmente, com aumento dos novos impostos de valor agregado. Em 2033, a transi\u00e7\u00e3o ser\u00e1 finalizada e o valor chegar\u00e1 a R$ 3, segundo a proposta do governo, que precisa ser aprovada pelo Congresso Nacional.<\/p>\n\n\n\n\t<div data-element=\"shortcode-read-more\" class=\"readToo\">\n\t\t\t\t<span class=\"readToo__title\">Leia mais<\/span>\n\t\t\t\t<ul class=\"readToo__list\">\n\t\t\t<li><a href=\"https:\/\/www.suno.com.br\/noticias\/dolar-cai-semana-com-dados-inflacao-eua-brasil-va\/\">D\u00f3lar cai 1,60% na semana com dados de infla\u00e7\u00e3o dos EUA e Brasil; o que esperar da moeda nos pr\u00f3ximos dias?<\/a><\/li><li><a href=\"https:\/\/www.suno.com.br\/noticias\/dividendos-estrategia-renda-passiva-gestoras-gss\/\">Dividendos: entenda se essa estrat\u00e9gia \u00e9 para voc\u00ea ao montar uma carteira de renda passiva<\/a><\/li>\t\t<\/ul>\n\t<\/div>\n\n\n\n\n<h2 class=\"wp-block-heading\">Reforma tribut\u00e1ria: governo detalha a proposta <\/h2>\n\n\n\n<p>O governo entregou na quarta-feira, 24, o projeto que \u00e9 a espinha dorsal da regulamenta\u00e7\u00e3o da&nbsp;<strong>reforma tribut\u00e1ria<\/strong>. O texto traz a regulamenta\u00e7\u00e3o da Contribui\u00e7\u00e3o sobre bens e servi\u00e7os (CBS, que ficar\u00e1 com a Uni\u00e3o), do Imposto sobre Bens e Servi\u00e7os (IBS, a ser repartido entre Estados e munic\u00edpios), o Imposto Seletivo (IS, um tipo de imposto do pecado que incide sobre produtos que fazem mal \u00e0 sa\u00fade e ao meio ambiente), e disposi\u00e7\u00f5es sobre a&nbsp;<a href=\"https:\/\/www.suno.com.br\/artigos\/zona-franca\/\" target=\"_blank\" rel=\"noreferrer noopener\">Zona Franca<\/a>&nbsp;de Manaus, \u00e1reas livres de com\u00e9rcio e outros.<\/p>\n\n\n\n<p>No momento em que o<strong>&nbsp;Minist\u00e9rio da Fazenda&nbsp;<\/strong>enfrenta discuss\u00f5es dif\u00edceis no Congresso pelo custo de benef\u00edcios tribut\u00e1rios, o secret\u00e1rio-executivo do Minist\u00e9rio da Fazenda, Dario Durigan, destacou que a reforma tribut\u00e1ria traz um \u201cganho definitivo\u201d para o Brasil por tornar transparente os efeitos da cria\u00e7\u00e3o dessas benesses.<\/p>\n\n\n\n<p>\u201cEu diria que com isso conseguimos fazer debate completo de<strong> equil\u00edbrio tribut\u00e1rio<\/strong>, de igualdade tribut\u00e1ria, ter no\u00e7\u00e3o do peso adequado da pol\u00edtica\u201d, disse Durigan, em coletiva de imprensa sobre a regulamenta\u00e7\u00e3o da reforma tribut\u00e1ria.<\/p>\n\n\n\n<p>E completou: \u201cEm termos de justi\u00e7a fiscal e transpar\u00eancia decis\u00f3ria, a reforma traz ganho definitivo para o Brasil e a hist\u00f3ria. A medida que for discutindo benef\u00edcios, concess\u00f5es, isso vai mostrar automaticamente \u00e0 sociedade o custo desse benef\u00edcio, de regime especial, na composi\u00e7\u00e3o da tributa\u00e7\u00e3o de todos.\u201d<\/p>\n\n\n\n<p>O secret\u00e1rio extraordin\u00e1rio da Reforma Tribut\u00e1ria,&nbsp;<a href=\"https:\/\/www.suno.com.br\/tudo-sobre\/bernard-appy\/\" target=\"_blank\" rel=\"noreferrer noopener\">Bernard Appy<\/a>, e equipe refor\u00e7aram as regras para a transi\u00e7\u00e3o para o novo modelo imposto pela reforma nesta quinta-feira, 25. O&nbsp;<strong>projeto de lei da reforma tribut\u00e1ria<\/strong>&nbsp;prop\u00f5e uma sistem\u00e1tica de transi\u00e7\u00e3o entre o sistema atual e o novo, para garantir migra\u00e7\u00e3o gradual e segura, tanto para os agentes econ\u00f4micos quanto para os entes federados.<\/p>\n\n\n\t<p>\n\t\t<a href=\"https:\/\/lp.suno.com.br\/ebook-gratuito-investindo-no-exterior\/\" target=\"_blank\" data-element=\"shortcode-suno-banner\" title=\"Banner SUNO, clique e saiba mais\">\n\t\t\t<picture>\n\t\t\t\t<source media=\"(max-width: 500px)\" srcset=\"https:\/\/files.sunoresearch.com.br\/n\/uploads\/2023\/03\/400x300-Investindo-no-exterior.png\">\n\t\t\t\t<img class=\"newsContent__article__imgCapa newsContent__article__imgCapa--banner\"\n\t\t\t\t\tsrc=\"https:\/\/files.sunoresearch.com.br\/n\/uploads\/2023\/03\/1420x240-Investindo-no-exterior.png\"\n\t\t\t\t\tdata-promo-id=\"383161\"\t\t\t\t\t\t\t\t\t\twidth='1420' height='240'\t\t\t\t\talt=\"https:\/\/files.sunoresearch.com.br\/n\/uploads\/2023\/03\/1420x240-Investindo-no-exterior.png\"\n\t\t\t\t>\n\t\t\t<\/picture>\n\t\t<\/a>\n\t<\/p>\n\n\n\n\n\n<p>Em 2026, a&nbsp;<strong>CBS<\/strong>&nbsp;come\u00e7a a ser cobrada em 0,9% e o IBS em 0,1%. Haver\u00e1 compensa\u00e7\u00e3o com PIS\/Cofins ou outros&nbsp;<a target=\"_blank\" href=\"https:\/\/www.suno.com.br\/artigos\/tributos-federais\/\" rel=\"noreferrer noopener\">tributos federais<\/a>, e n\u00e3o se aplica ao Simples e a combust\u00edveis. H\u00e1 possibilidade de dispensa de recolhimento via cumprimento de&nbsp;<a target=\"_blank\" href=\"https:\/\/www.suno.com.br\/artigos\/obrigacoes-acessorias\/\" rel=\"noreferrer noopener\">obriga\u00e7\u00f5es acess\u00f3rias<\/a>, cujo objetivo \u00e9 colher informa\u00e7\u00f5es. Caso haja recolhimento, haver\u00e1 destina\u00e7\u00e3o de 60% da receita para financiamento do Comit\u00ea Gestor do IBS e o restante para o Fundo de Compensa\u00e7\u00e3o de Benef\u00edcios Fiscais.<\/p>\n\n\n\n<p>Em 2027 e 2028, haver\u00e1&nbsp;<strong>cobran\u00e7a de IBS<\/strong>&nbsp;de 0,1%, repartida entre Estados e munic\u00edpios, com compensa\u00e7\u00e3o via redu\u00e7\u00e3o da al\u00edquota da CBS. J\u00e1 ser\u00e3o aplicadas todas as regras de distribui\u00e7\u00e3o da receita do IBS \u2013 e vale para regimes diferenciados e espec\u00edficos, exceto aos combust\u00edveis.<\/p>\n\n\n\n<p>A fixa\u00e7\u00e3o das al\u00edquotas de refer\u00eancia da CBS ser\u00e1 feita durante o per\u00edodo de 2027 a 2033 e do IBS, entre 2029 e 2033. A CBS ser\u00e1 calibrada para manter a&nbsp;<a target=\"_blank\" href=\"https:\/\/www.suno.com.br\/artigos\/carga-tributaria\/\" rel=\"noreferrer noopener\">carga tribut\u00e1ria<\/a>&nbsp;do PIS\/Cofins de 2024 a 2026. J\u00e1 o IBS ser\u00e1 calibrado com base na arrecada\u00e7\u00e3o entre a CBS e ICMS\/ISS, de 2027 e 2028, e depois constar\u00e1 a informa\u00e7\u00e3o das receitas do IBS at\u00e9 2031. O IBS manter\u00e1 a carga tribut\u00e1ria do per\u00edodo de 2027 a 2031.<\/p>\n\n\n\n<p>Appy tamb\u00e9m explicou por que a proposta enviada pelo governo n\u00e3o desonera as compras governamentais, mas prop\u00f5e uma redu\u00e7\u00e3o uniforme da al\u00edquota do IBS e da CBS. O objetivo, segundo ele, \u00e9 manter a carga tribut\u00e1ria atual incidente nessas compras, j\u00e1 que uma desonera\u00e7\u00e3o poderia acabar gerando uma tributa\u00e7\u00e3o maior para o setor privado.<\/p>\n\n\n\n<h2 class=\"wp-block-heading\">Ganhos de produtividade com simplifica\u00e7\u00e3o e transpar\u00eancia do sistema tribut\u00e1rio na reforma tribut\u00e1ria<\/h2>\n\n\n\n<p>O secret\u00e1rio-executivo do Minist\u00e9rio da Fazenda disse ainda que, com a reforma tribut\u00e1ria, o Brasil deixar\u00e1 de \u201cestar entre os piores\u201d para adotar um dos melhores sistemas tribut\u00e1rios do mundo.<\/p>\n\n\n\n<p>Ele apontou o \u201cganho de produtividade\u201d como um dos aspectos mais importantes, dado pela homogeneiza\u00e7\u00e3o da base de incid\u00eancia do imposto, da n\u00e3o cumulatividade \u2013 que d\u00e1 fluidez ao cr\u00e9dito -, \u201csem empo\u00e7ar cr\u00e9dito nas v\u00e1rias etapas\u201d. \u201cNos d\u00e1 simplicidade, racionalidade, e transpar\u00eancia\u201d, disse.<\/p>\n\n\n\n<p>Em nome do ministro da Fazenda, Fernando Haddad, o secret\u00e1rio-executivo da pasta afirmou tamb\u00e9m que o novo sistema ser\u00e1 uma \u201cverdadeira revolu\u00e7\u00e3o hist\u00f3rica\u201d, facilitando a aplica\u00e7\u00e3o de&nbsp;<a target=\"_blank\" href=\"https:\/\/www.suno.com.br\/artigos\/investimentos-no-brasil\/\" rel=\"noreferrer noopener\">investimentos no Brasil<\/a>.<\/p>\n\n\n\n<p>\u201cDepois de aprovado pelo Congresso e a medida que for entrando em vigor, vai ficar muito mais diger\u00edvel, olhar para as regras e aplicar no Pa\u00eds\u201d, disse Durigan, destacando ainda a n\u00e3o onera\u00e7\u00e3o de investimentos e da exporta\u00e7\u00e3o. \u201cS\u00e3o marcas muito importantes, al\u00e9m de ser um sistema totalmente digital, fazendo a sonega\u00e7\u00e3o cair muito\u201d, completou sobre a <strong>reforma tribut\u00e1ria<\/strong>.<\/p>\n\n\n\n\n\n<p>Com Estad\u00e3o Conte\u00fado<\/p>\n\n\n\t<p>\n\t\t<a href=\"https:\/\/lp.suno.com.br\/planilha-da-vida-financeira\/\" target=\"_blank\" data-element=\"shortcode-suno-banner\" title=\"Banner SUNO, clique e saiba mais\">\n\t\t\t<picture>\n\t\t\t\t<source media=\"(max-width: 500px)\" srcset=\"https:\/\/files.sunoresearch.com.br\/n\/uploads\/2023\/04\/400x300-Planilha-vida-financeira-true.png\">\n\t\t\t\t<img class=\"newsContent__article__imgCapa newsContent__article__imgCapa--banner\"\n\t\t\t\t\tsrc=\"https:\/\/files.sunoresearch.com.br\/n\/uploads\/2023\/04\/1420x240-Planilha-vida-financeira-true.png\"\n\t\t\t\t\tdata-promo-id=\"383123\"\t\t\t\t\t\t\t\t\t\twidth='1420' height='240'\t\t\t\t\talt=\"https:\/\/files.sunoresearch.com.br\/n\/uploads\/2023\/04\/1420x240-Planilha-vida-financeira-true.png\"\n\t\t\t\t>\n\t\t\t<\/picture>\n\t\t<\/a>\n\t<\/p>\n\n\n","protected":false},"excerpt":{"rendered":"<p>Os microempreendedores individuais (MEIs) fazem parte de um regime de tributa\u00e7\u00e3o pr\u00f3prio, mas ter\u00e3o um pequeno al\u00edvio com a implementa\u00e7\u00e3o do Imposto de Valor Agregado (IVA), institu\u00eddo pela reforma tribut\u00e1ria. Reforma tribut\u00e1ria. Foto: Steve Buissinne, por Pixabay. A proposta de regulamenta\u00e7\u00e3o apresentada pelo governo Lula prev\u00ea uma redu\u00e7\u00e3o de R$ 6 para R$ 3 nos [&hellip;]<\/p>\n","protected":false},"author":43,"featured_media":162454,"comment_status":"closed","ping_status":"closed","sticky":false,"template":"","format":"standard","meta":[],"categories":[62],"tags":[1286],"suno_strategy":[],"class_list":["post-548632","post","type-post","status-publish","format-standard","has-post-thumbnail","hentry","category-economia","tag-reforma-tributaria"],"yoast_head":"<!-- This site is optimized with the Yoast SEO plugin v24.4 - https:\/\/yoast.com\/wordpress\/plugins\/seo\/ -->\n<title>Reforma tribut\u00e1ria: MEIs ter\u00e3o al\u00edvio com implementa\u00e7\u00e3o do IVA<\/title>\n<meta name=\"description\" content=\"Os MEIs fazem parte de um regime de tributa\u00e7\u00e3o pr\u00f3prio, mas ter\u00e3o um al\u00edvio com a implementa\u00e7\u00e3o do IVA, institu\u00eddo pela reforma tribut\u00e1ria.\" \/>\n<meta name=\"robots\" content=\"index, follow, max-snippet:-1, max-image-preview:large, max-video-preview:-1\" \/>\n<link rel=\"canonical\" href=\"https:\/\/www.suno.com.br\/noticias\/reforma-tributaria-meis-terao-alivio-com-iva-va\/\" \/>\n<meta property=\"og:locale\" content=\"pt_BR\" \/>\n<meta property=\"og:type\" content=\"article\" \/>\n<meta property=\"og:title\" content=\"Reforma tribut\u00e1ria: MEIs ter\u00e3o al\u00edvio com implementa\u00e7\u00e3o do IVA\" \/>\n<meta property=\"og:description\" content=\"Os MEIs fazem parte de um regime de tributa\u00e7\u00e3o pr\u00f3prio, mas ter\u00e3o um al\u00edvio com a implementa\u00e7\u00e3o do IVA, institu\u00eddo pela reforma tribut\u00e1ria.\" \/>\n<meta property=\"og:url\" content=\"https:\/\/www.suno.com.br\/noticias\/reforma-tributaria-meis-terao-alivio-com-iva-va\/\" \/>\n<meta property=\"og:site_name\" content=\"Suno Not\u00edcias\" \/>\n<meta property=\"article:publisher\" content=\"https:\/\/facebook.com\/sunoresearch\" \/>\n<meta property=\"article:author\" content=\"https:\/\/www.facebook.com\/sunonoticias\/\" \/>\n<meta property=\"og:image\" content=\"https:\/\/files.sunoresearch.com.br\/n\/uploads\/2021\/06\/6cc12ed9-tax-468440_1920.jpg\" \/>\n\t<meta property=\"og:image:width\" content=\"1920\" \/>\n\t<meta property=\"og:image:height\" content=\"1280\" \/>\n\t<meta property=\"og:image:type\" content=\"image\/jpeg\" \/>\n<meta name=\"author\" content=\"Reda\u00e7\u00e3o Suno Not\u00edcias\" \/>\n<meta name=\"twitter:card\" content=\"summary_large_image\" \/>\n<meta name=\"twitter:creator\" content=\"@https:\/\/twitter.com\/sunoresearch\" \/>\n<meta name=\"twitter:site\" content=\"@sunoresearch\" \/>\n<meta name=\"twitter:label1\" content=\"Escrito por\" \/>\n\t<meta name=\"twitter:data1\" content=\"Reda\u00e7\u00e3o Suno Not\u00edcias\" \/>\n\t<meta name=\"twitter:label2\" content=\"Est. tempo de leitura\" \/>\n\t<meta name=\"twitter:data2\" content=\"6 minutos\" \/>\n<script type=\"application\/ld+json\" class=\"yoast-schema-graph\">{\"@context\":\"https:\/\/schema.org\",\"@graph\":[{\"@type\":\"NewsArticle\",\"@id\":\"https:\/\/www.suno.com.br\/noticias\/reforma-tributaria-meis-terao-alivio-com-iva-va\/#article\",\"isPartOf\":{\"@id\":\"https:\/\/www.suno.com.br\/noticias\/reforma-tributaria-meis-terao-alivio-com-iva-va\/\"},\"author\":{\"name\":\"Reda\u00e7\u00e3o Suno Not\u00edcias\",\"@id\":\"https:\/\/www.suno.com.br\/noticias\/#\/schema\/person\/c1b1bd3727fa852bd045e9dbff3673ea\"},\"headline\":\"Reforma tribut\u00e1ria: MEIs ter\u00e3o al\u00edvio com implementa\u00e7\u00e3o do Imposto de Valor Agregado (IVA)\",\"datePublished\":\"2024-04-27T14:26:13+00:00\",\"dateModified\":\"2024-04-27T14:26:20+00:00\",\"mainEntityOfPage\":{\"@id\":\"https:\/\/www.suno.com.br\/noticias\/reforma-tributaria-meis-terao-alivio-com-iva-va\/\"},\"wordCount\":1097,\"publisher\":{\"@id\":\"https:\/\/www.suno.com.br\/noticias\/#organization\"},\"image\":{\"@id\":\"https:\/\/www.suno.com.br\/noticias\/reforma-tributaria-meis-terao-alivio-com-iva-va\/#primaryimage\"},\"thumbnailUrl\":\"https:\/\/files.sunoresearch.com.br\/n\/uploads\/2021\/06\/6cc12ed9-tax-468440_1920-jpg.webp\",\"keywords\":[\"reforma tribut\u00e1ria\"],\"articleSection\":[\"Economia\"],\"inLanguage\":\"pt-BR\"},{\"@type\":\"WebPage\",\"@id\":\"https:\/\/www.suno.com.br\/noticias\/reforma-tributaria-meis-terao-alivio-com-iva-va\/\",\"url\":\"https:\/\/www.suno.com.br\/noticias\/reforma-tributaria-meis-terao-alivio-com-iva-va\/\",\"name\":\"Reforma tribut\u00e1ria: MEIs ter\u00e3o al\u00edvio com implementa\u00e7\u00e3o do IVA\",\"isPartOf\":{\"@id\":\"https:\/\/www.suno.com.br\/noticias\/#website\"},\"primaryImageOfPage\":{\"@id\":\"https:\/\/www.suno.com.br\/noticias\/reforma-tributaria-meis-terao-alivio-com-iva-va\/#primaryimage\"},\"image\":{\"@id\":\"https:\/\/www.suno.com.br\/noticias\/reforma-tributaria-meis-terao-alivio-com-iva-va\/#primaryimage\"},\"thumbnailUrl\":\"https:\/\/files.sunoresearch.com.br\/n\/uploads\/2021\/06\/6cc12ed9-tax-468440_1920-jpg.webp\",\"datePublished\":\"2024-04-27T14:26:13+00:00\",\"dateModified\":\"2024-04-27T14:26:20+00:00\",\"description\":\"Os MEIs fazem parte de um regime de tributa\u00e7\u00e3o pr\u00f3prio, mas ter\u00e3o um al\u00edvio com a implementa\u00e7\u00e3o do IVA, institu\u00eddo pela reforma tribut\u00e1ria.\",\"breadcrumb\":{\"@id\":\"https:\/\/www.suno.com.br\/noticias\/reforma-tributaria-meis-terao-alivio-com-iva-va\/#breadcrumb\"},\"inLanguage\":\"pt-BR\",\"potentialAction\":[{\"@type\":\"ReadAction\",\"target\":[\"https:\/\/www.suno.com.br\/noticias\/reforma-tributaria-meis-terao-alivio-com-iva-va\/\"]}]},{\"@type\":\"ImageObject\",\"inLanguage\":\"pt-BR\",\"@id\":\"https:\/\/www.suno.com.br\/noticias\/reforma-tributaria-meis-terao-alivio-com-iva-va\/#primaryimage\",\"url\":\"https:\/\/files.sunoresearch.com.br\/n\/uploads\/2021\/06\/6cc12ed9-tax-468440_1920-jpg.webp\",\"contentUrl\":\"https:\/\/files.sunoresearch.com.br\/n\/uploads\/2021\/06\/6cc12ed9-tax-468440_1920-jpg.webp\",\"width\":1920,\"height\":1280,\"caption\":\"Reforma tribut\u00e1ria. Foto: Steve Buissinne, por Pixabay.\"},{\"@type\":\"BreadcrumbList\",\"@id\":\"https:\/\/www.suno.com.br\/noticias\/reforma-tributaria-meis-terao-alivio-com-iva-va\/#breadcrumb\",\"itemListElement\":[{\"@type\":\"ListItem\",\"position\":1,\"name\":\"Not\u00edcias\",\"item\":\"https:\/\/www.suno.com.br\/noticias\/\"},{\"@type\":\"ListItem\",\"position\":2,\"name\":\"Economia\",\"item\":\"https:\/\/www.suno.com.br\/noticias\/economia\/\"},{\"@type\":\"ListItem\",\"position\":3,\"name\":\"Reforma tribut\u00e1ria: MEIs ter\u00e3o al\u00edvio com implementa\u00e7\u00e3o do Imposto de Valor Agregado (IVA)\"}]},{\"@type\":\"WebSite\",\"@id\":\"https:\/\/www.suno.com.br\/noticias\/#website\",\"url\":\"https:\/\/www.suno.com.br\/noticias\/\",\"name\":\"Suno Not\u00edcias\",\"description\":\"Seu portal de informa\u00e7\u00e3o sobre o mundo dos investimentos\",\"publisher\":{\"@id\":\"https:\/\/www.suno.com.br\/noticias\/#organization\"},\"potentialAction\":[{\"@type\":\"SearchAction\",\"target\":{\"@type\":\"EntryPoint\",\"urlTemplate\":\"https:\/\/www.suno.com.br\/noticias\/?s={search_term_string}\"},\"query-input\":{\"@type\":\"PropertyValueSpecification\",\"valueRequired\":true,\"valueName\":\"search_term_string\"}}],\"inLanguage\":\"pt-BR\"},{\"@type\":\"Organization\",\"@id\":\"https:\/\/www.suno.com.br\/noticias\/#organization\",\"name\":\"Suno Not\u00edcias\",\"url\":\"https:\/\/www.suno.com.br\/noticias\/\",\"logo\":{\"@type\":\"ImageObject\",\"inLanguage\":\"pt-BR\",\"@id\":\"https:\/\/www.suno.com.br\/noticias\/#\/schema\/logo\/image\/\",\"url\":\"https:\/\/files.sunoresearch.com.br\/n\/uploads\/2021\/09\/suno-logo.png\",\"contentUrl\":\"https:\/\/files.sunoresearch.com.br\/n\/uploads\/2021\/09\/suno-logo.png\",\"width\":180,\"height\":180,\"caption\":\"Suno Not\u00edcias\"},\"image\":{\"@id\":\"https:\/\/www.suno.com.br\/noticias\/#\/schema\/logo\/image\/\"},\"sameAs\":[\"https:\/\/facebook.com\/sunoresearch\",\"https:\/\/x.com\/sunoresearch\",\"https:\/\/www.instagram.com\/suno\",\"https:\/\/www.linkedin.com\/company\/suno-research\/\",\"https:\/\/www.youtube.com\/c\/sunoresearch\"]},{\"@type\":\"Person\",\"@id\":\"https:\/\/www.suno.com.br\/noticias\/#\/schema\/person\/c1b1bd3727fa852bd045e9dbff3673ea\",\"name\":\"Reda\u00e7\u00e3o Suno Not\u00edcias\",\"image\":{\"@type\":\"ImageObject\",\"inLanguage\":\"pt-BR\",\"@id\":\"https:\/\/www.suno.com.br\/noticias\/#\/schema\/person\/image\/\",\"url\":\"https:\/\/secure.gravatar.com\/avatar\/b8104b9b5a71985d5238ee59fbe418af?s=96&r=g\",\"contentUrl\":\"https:\/\/secure.gravatar.com\/avatar\/b8104b9b5a71985d5238ee59fbe418af?s=96&r=g\",\"caption\":\"Reda\u00e7\u00e3o Suno Not\u00edcias\"},\"description\":\"O Suno Not\u00edcias \u00e9 um portal de informa\u00e7\u00f5es sobre Mercado Financeiro, Pol\u00edtica, Neg\u00f3cios, Economia e Finan\u00e7as Pessoais.\",\"sameAs\":[\"https:\/\/www.suno.com.br\/noticias\",\"https:\/\/www.facebook.com\/sunonoticias\/\",\"https:\/\/www.instagram.com\/sunonoticias\/\",\"https:\/\/x.com\/https:\/\/twitter.com\/sunoresearch\",\"https:\/\/www.youtube.com\/sunonoticias\"],\"url\":\"https:\/\/www.suno.com.br\/noticias\/author\/redacao-suno\/\"}]}<\/script>\n<!-- \/ Yoast SEO plugin. -->","yoast_head_json":{"title":"Reforma tribut\u00e1ria: MEIs ter\u00e3o al\u00edvio com implementa\u00e7\u00e3o do IVA","description":"Os MEIs fazem parte de um regime de tributa\u00e7\u00e3o pr\u00f3prio, mas ter\u00e3o um al\u00edvio com a implementa\u00e7\u00e3o do IVA, institu\u00eddo pela reforma tribut\u00e1ria.","robots":{"index":"index","follow":"follow","max-snippet":"max-snippet:-1","max-image-preview":"max-image-preview:large","max-video-preview":"max-video-preview:-1"},"canonical":"https:\/\/www.suno.com.br\/noticias\/reforma-tributaria-meis-terao-alivio-com-iva-va\/","og_locale":"pt_BR","og_type":"article","og_title":"Reforma tribut\u00e1ria: MEIs ter\u00e3o al\u00edvio com implementa\u00e7\u00e3o do IVA","og_description":"Os MEIs fazem parte de um regime de tributa\u00e7\u00e3o pr\u00f3prio, mas ter\u00e3o um al\u00edvio com a implementa\u00e7\u00e3o do IVA, institu\u00eddo pela reforma tribut\u00e1ria.","og_url":"https:\/\/www.suno.com.br\/noticias\/reforma-tributaria-meis-terao-alivio-com-iva-va\/","og_site_name":"Suno Not\u00edcias","article_publisher":"https:\/\/facebook.com\/sunoresearch","article_author":"https:\/\/www.facebook.com\/sunonoticias\/","og_image":[{"width":1920,"height":1280,"url":"https:\/\/files.sunoresearch.com.br\/n\/uploads\/2021\/06\/6cc12ed9-tax-468440_1920.jpg","type":"image\/jpeg"}],"author":"Reda\u00e7\u00e3o Suno Not\u00edcias","twitter_card":"summary_large_image","twitter_creator":"@https:\/\/twitter.com\/sunoresearch","twitter_site":"@sunoresearch","twitter_misc":{"Escrito por":"Reda\u00e7\u00e3o Suno Not\u00edcias","Est. tempo de leitura":"6 minutos"},"schema":{"@context":"https:\/\/schema.org","@graph":[{"@type":"NewsArticle","@id":"https:\/\/www.suno.com.br\/noticias\/reforma-tributaria-meis-terao-alivio-com-iva-va\/#article","isPartOf":{"@id":"https:\/\/www.suno.com.br\/noticias\/reforma-tributaria-meis-terao-alivio-com-iva-va\/"},"author":{"name":"Reda\u00e7\u00e3o Suno Not\u00edcias","@id":"https:\/\/www.suno.com.br\/noticias\/#\/schema\/person\/c1b1bd3727fa852bd045e9dbff3673ea"},"headline":"Reforma tribut\u00e1ria: MEIs ter\u00e3o al\u00edvio com implementa\u00e7\u00e3o do Imposto de Valor Agregado (IVA)","datePublished":"2024-04-27T14:26:13+00:00","dateModified":"2024-04-27T14:26:20+00:00","mainEntityOfPage":{"@id":"https:\/\/www.suno.com.br\/noticias\/reforma-tributaria-meis-terao-alivio-com-iva-va\/"},"wordCount":1097,"publisher":{"@id":"https:\/\/www.suno.com.br\/noticias\/#organization"},"image":{"@id":"https:\/\/www.suno.com.br\/noticias\/reforma-tributaria-meis-terao-alivio-com-iva-va\/#primaryimage"},"thumbnailUrl":"https:\/\/files.sunoresearch.com.br\/n\/uploads\/2021\/06\/6cc12ed9-tax-468440_1920-jpg.webp","keywords":["reforma tribut\u00e1ria"],"articleSection":["Economia"],"inLanguage":"pt-BR"},{"@type":"WebPage","@id":"https:\/\/www.suno.com.br\/noticias\/reforma-tributaria-meis-terao-alivio-com-iva-va\/","url":"https:\/\/www.suno.com.br\/noticias\/reforma-tributaria-meis-terao-alivio-com-iva-va\/","name":"Reforma tribut\u00e1ria: MEIs ter\u00e3o al\u00edvio com implementa\u00e7\u00e3o do IVA","isPartOf":{"@id":"https:\/\/www.suno.com.br\/noticias\/#website"},"primaryImageOfPage":{"@id":"https:\/\/www.suno.com.br\/noticias\/reforma-tributaria-meis-terao-alivio-com-iva-va\/#primaryimage"},"image":{"@id":"https:\/\/www.suno.com.br\/noticias\/reforma-tributaria-meis-terao-alivio-com-iva-va\/#primaryimage"},"thumbnailUrl":"https:\/\/files.sunoresearch.com.br\/n\/uploads\/2021\/06\/6cc12ed9-tax-468440_1920-jpg.webp","datePublished":"2024-04-27T14:26:13+00:00","dateModified":"2024-04-27T14:26:20+00:00","description":"Os MEIs fazem parte de um regime de tributa\u00e7\u00e3o pr\u00f3prio, mas ter\u00e3o um al\u00edvio com a implementa\u00e7\u00e3o do IVA, institu\u00eddo pela reforma tribut\u00e1ria.","breadcrumb":{"@id":"https:\/\/www.suno.com.br\/noticias\/reforma-tributaria-meis-terao-alivio-com-iva-va\/#breadcrumb"},"inLanguage":"pt-BR","potentialAction":[{"@type":"ReadAction","target":["https:\/\/www.suno.com.br\/noticias\/reforma-tributaria-meis-terao-alivio-com-iva-va\/"]}]},{"@type":"ImageObject","inLanguage":"pt-BR","@id":"https:\/\/www.suno.com.br\/noticias\/reforma-tributaria-meis-terao-alivio-com-iva-va\/#primaryimage","url":"https:\/\/files.sunoresearch.com.br\/n\/uploads\/2021\/06\/6cc12ed9-tax-468440_1920-jpg.webp","contentUrl":"https:\/\/files.sunoresearch.com.br\/n\/uploads\/2021\/06\/6cc12ed9-tax-468440_1920-jpg.webp","width":1920,"height":1280,"caption":"Reforma tribut\u00e1ria. Foto: Steve Buissinne, por Pixabay."},{"@type":"BreadcrumbList","@id":"https:\/\/www.suno.com.br\/noticias\/reforma-tributaria-meis-terao-alivio-com-iva-va\/#breadcrumb","itemListElement":[{"@type":"ListItem","position":1,"name":"Not\u00edcias","item":"https:\/\/www.suno.com.br\/noticias\/"},{"@type":"ListItem","position":2,"name":"Economia","item":"https:\/\/www.suno.com.br\/noticias\/economia\/"},{"@type":"ListItem","position":3,"name":"Reforma tribut\u00e1ria: MEIs ter\u00e3o al\u00edvio com implementa\u00e7\u00e3o do Imposto de Valor Agregado (IVA)"}]},{"@type":"WebSite","@id":"https:\/\/www.suno.com.br\/noticias\/#website","url":"https:\/\/www.suno.com.br\/noticias\/","name":"Suno Not\u00edcias","description":"Seu portal de informa\u00e7\u00e3o sobre o mundo dos investimentos","publisher":{"@id":"https:\/\/www.suno.com.br\/noticias\/#organization"},"potentialAction":[{"@type":"SearchAction","target":{"@type":"EntryPoint","urlTemplate":"https:\/\/www.suno.com.br\/noticias\/?s={search_term_string}"},"query-input":{"@type":"PropertyValueSpecification","valueRequired":true,"valueName":"search_term_string"}}],"inLanguage":"pt-BR"},{"@type":"Organization","@id":"https:\/\/www.suno.com.br\/noticias\/#organization","name":"Suno Not\u00edcias","url":"https:\/\/www.suno.com.br\/noticias\/","logo":{"@type":"ImageObject","inLanguage":"pt-BR","@id":"https:\/\/www.suno.com.br\/noticias\/#\/schema\/logo\/image\/","url":"https:\/\/files.sunoresearch.com.br\/n\/uploads\/2021\/09\/suno-logo.png","contentUrl":"https:\/\/files.sunoresearch.com.br\/n\/uploads\/2021\/09\/suno-logo.png","width":180,"height":180,"caption":"Suno Not\u00edcias"},"image":{"@id":"https:\/\/www.suno.com.br\/noticias\/#\/schema\/logo\/image\/"},"sameAs":["https:\/\/facebook.com\/sunoresearch","https:\/\/x.com\/sunoresearch","https:\/\/www.instagram.com\/suno","https:\/\/www.linkedin.com\/company\/suno-research\/","https:\/\/www.youtube.com\/c\/sunoresearch"]},{"@type":"Person","@id":"https:\/\/www.suno.com.br\/noticias\/#\/schema\/person\/c1b1bd3727fa852bd045e9dbff3673ea","name":"Reda\u00e7\u00e3o Suno Not\u00edcias","image":{"@type":"ImageObject","inLanguage":"pt-BR","@id":"https:\/\/www.suno.com.br\/noticias\/#\/schema\/person\/image\/","url":"https:\/\/secure.gravatar.com\/avatar\/b8104b9b5a71985d5238ee59fbe418af?s=96&r=g","contentUrl":"https:\/\/secure.gravatar.com\/avatar\/b8104b9b5a71985d5238ee59fbe418af?s=96&r=g","caption":"Reda\u00e7\u00e3o Suno Not\u00edcias"},"description":"O Suno Not\u00edcias \u00e9 um portal de informa\u00e7\u00f5es sobre Mercado Financeiro, Pol\u00edtica, Neg\u00f3cios, Economia e Finan\u00e7as Pessoais.","sameAs":["https:\/\/www.suno.com.br\/noticias","https:\/\/www.facebook.com\/sunonoticias\/","https:\/\/www.instagram.com\/sunonoticias\/","https:\/\/x.com\/https:\/\/twitter.com\/sunoresearch","https:\/\/www.youtube.com\/sunonoticias"],"url":"https:\/\/www.suno.com.br\/noticias\/author\/redacao-suno\/"}]}},"default_loop_html":"<div class=\"cardsPage__listCard__boxs\"><div class=\"cardsPage__listCard__boxs__img\"><a href=\"https:\/\/www.suno.com.br\/noticias\/reforma-tributaria-meis-terao-alivio-com-iva-va\/\"><img class=\"mask\" src=\"https:\/\/www.suno.com.br\/noticias\/wp-content\/themes\/suno\/resources\/images\/spotlight\/spotlight1img\/bg-mask.png\" alt=\"Image Mask\"\/><img src=\"https:\/\/files.sunoresearch.com.br\/n\/uploads\/2021\/06\/6cc12ed9-tax-468440_1920-400x200.webp\" alt=\"Reforma tribut\u00e1ria: MEIs ter\u00e3o al\u00edvio com implementa\u00e7\u00e3o do Imposto de Valor Agregado (IVA)\"\/><\/a><span class=\"spotlightCategory\"><a href=\"https:\/\/www.suno.com.br\/noticias\/economia\/\">Economia<\/a><\/span><\/div><div class=\"cardsPage__listCard__boxs__content\"><a href=\"https:\/\/www.suno.com.br\/noticias\/reforma-tributaria-meis-terao-alivio-com-iva-va\/\"><h2 class=\"content__title\">Reforma tribut\u00e1ria: MEIs ter\u00e3o al\u00edvio com implementa\u00e7\u00e3o do Imposto de Valor Agregado (IVA)<\/h2><\/a><div class=\"newsContent__article__meta\"><div class=\"newsContent__article__meta__authorBox\"><a href=\"https:\/\/www.suno.com.br\/noticias\/author\/guilhermeserranosilvagmail-com\/\" class=\"authorBox__avatar noMobi\"><img src=\"https:\/\/files.sunoresearch.com.br\/n\/uploads\/2023\/09\/WhatsApp-Image-2023-09-05-at-11.02.17-150x150.jpeg\" alt=\"Guilherme Serrano Silva\"><\/a><div class=\"authorBox__name\"><span>por\n\t\t\t<a href=\"https:\/\/www.suno.com.br\/noticias\/author\/guilhermeserranosilvagmail-com\/\"><span itemprop=\"author\">Guilherme Serrano Silva<\/span><\/a><\/span><time datetime=\"2024-04-27T11:26:13-03:00\" itemprop=\"datePublished\">27\/04\/2024 11:26<\/time><\/div><\/div><\/div><\/div><\/div>","single_layout":"posts","amp_enabled":true,"_links":{"self":[{"href":"https:\/\/www.suno.com.br\/noticias\/wp-json\/wp\/v2\/posts\/548632"}],"collection":[{"href":"https:\/\/www.suno.com.br\/noticias\/wp-json\/wp\/v2\/posts"}],"about":[{"href":"https:\/\/www.suno.com.br\/noticias\/wp-json\/wp\/v2\/types\/post"}],"author":[{"embeddable":true,"href":"https:\/\/www.suno.com.br\/noticias\/wp-json\/wp\/v2\/users\/43"}],"replies":[{"embeddable":true,"href":"https:\/\/www.suno.com.br\/noticias\/wp-json\/wp\/v2\/comments?post=548632"}],"version-history":[{"count":2,"href":"https:\/\/www.suno.com.br\/noticias\/wp-json\/wp\/v2\/posts\/548632\/revisions"}],"predecessor-version":[{"id":548641,"href":"https:\/\/www.suno.com.br\/noticias\/wp-json\/wp\/v2\/posts\/548632\/revisions\/548641"}],"wp:featuredmedia":[{"embeddable":true,"href":"https:\/\/www.suno.com.br\/noticias\/wp-json\/wp\/v2\/media\/162454"}],"wp:attachment":[{"href":"https:\/\/www.suno.com.br\/noticias\/wp-json\/wp\/v2\/media?parent=548632"}],"wp:term":[{"taxonomy":"category","embeddable":true,"href":"https:\/\/www.suno.com.br\/noticias\/wp-json\/wp\/v2\/categories?post=548632"},{"taxonomy":"post_tag","embeddable":true,"href":"https:\/\/www.suno.com.br\/noticias\/wp-json\/wp\/v2\/tags?post=548632"},{"taxonomy":"suno_strategy","embeddable":true,"href":"https:\/\/www.suno.com.br\/noticias\/wp-json\/wp\/v2\/suno_strategy?post=548632"}],"curies":[{"name":"wp","href":"https:\/\/api.w.org\/{rel}","templated":true}]}}