{"id":547950,"date":"2024-04-25T21:56:45","date_gmt":"2024-04-26T00:56:45","guid":{"rendered":"https:\/\/www.suno.com.br\/noticias\/?p=547950"},"modified":"2024-04-25T22:00:20","modified_gmt":"2024-04-26T01:00:20","slug":"reforma-tributaria-detalha-governo-impostos","status":"publish","type":"post","link":"https:\/\/www.suno.com.br\/noticias\/reforma-tributaria-detalha-governo-impostos\/","title":{"rendered":"Reforma tribut\u00e1ria: governo detalha a proposta enviada ao Congresso; veja os principais pontos"},"content":{"rendered":"<p>O governo entregou na quarta-feira, 24, o projeto que \u00e9 a espinha dorsal da regulamenta\u00e7\u00e3o da <strong>reforma tribut\u00e1ria<\/strong>. O texto traz a regulamenta\u00e7\u00e3o da Contribui\u00e7\u00e3o sobre bens e servi\u00e7os (CBS, que ficar\u00e1 com a Uni\u00e3o), do Imposto sobre Bens e Servi\u00e7os (IBS, a ser repartido entre Estados e munic\u00edpios), o Imposto Seletivo (IS, um tipo de imposto do pecado que incide sobre produtos que fazem mal \u00e0 sa\u00fade e ao meio ambiente), e disposi\u00e7\u00f5es sobre a <a class=\"suno-keyword\" target=\"_blank\" data-force=\"no\" data-priority=\"1\" href=\"https:\/\/www.suno.com.br\/artigos\/zona-franca\/\" rel=\"noopener\">Zona Franca<\/a> de Manaus, \u00e1reas livres de com\u00e9rcio e outros.<\/p>\t<div class=\"wrapper-featured-image\">\n\t\t<figure class=\"spotlightImg\">\n\n\t\t\t<picture>\n\t\t\t\t<source media=\"(max-width: 768px)\" srcset=\"https:\/\/files.sunoresearch.com.br\/n\/uploads\/2024\/04\/img20240424180445584-768x473-1-400x200.jpg\">\n\t\t\t\t<img loading=\"lazy\" decoding=\"async\" class=\"newsContent__article__imgCapa lazyloadDisabled \" src=\"https:\/\/files.sunoresearch.com.br\/n\/uploads\/2024\/04\/img20240424180445584-768x473-1-800x450.jpg\" width=\"800\" height=\"450\" alt=\"Reforma tribut\u00e1ria: governo detalha a proposta enviada ao Congresso; veja os principais pontos\" fetchpriority=high \/>\n\t\t\t<\/picture>\n\n\t\t\t<figcaption class=\"wp-caption-text wp-caption-text--show\">Reforma Tribut\u00e1ria. Foto: Marina Ramos \/ C\u00e2mara dos Deputados\/ Ag\u00eancia C\u00e2mara de Not\u00edcias<\/figcaption>\n\t\t<\/figure>\n\t<\/div>\n\n\n\n\n\n\t<p>\n\t\t<a href=\"\" target=\"_blank\" data-element=\"shortcode-suno-banner\" title=\"Banner SUNO, clique e saiba mais\">\n\t\t\t<picture>\n\t\t\t\t<source media=\"(max-width: 500px)\" srcset=\"\">\n\t\t\t\t<img class=\"newsContent__article__imgCapa newsContent__article__imgCapa--banner\"\n\t\t\t\t\tsrc=\"\"\n\t\t\t\t\tdata-promo-id=\"240038\"\t\t\t\t\t\t\t\t\t\t\t\t\t\t\talt=\"\"\n\t\t\t\t>\n\t\t\t<\/picture>\n\t\t<\/a>\n\t<\/p>\n\n\n\n\n\n<p>No momento em que o<strong> Minist\u00e9rio da Fazenda <\/strong>enfrenta discuss\u00f5es dif\u00edceis no Congresso pelo custo de benef\u00edcios tribut\u00e1rios, o secret\u00e1rio-executivo do Minist\u00e9rio da Fazenda, Dario Durigan, destacou que a reforma tribut\u00e1ria traz um &#8220;ganho definitivo&#8221; para o Brasil por tornar transparente os efeitos da cria\u00e7\u00e3o dessas benesses.<\/p>\n\n\n\n<p>&#8220;Eu diria que com isso conseguimos fazer debate completo de equil\u00edbrio tribut\u00e1rio, de igualdade tribut\u00e1ria, ter no\u00e7\u00e3o do peso adequado da pol\u00edtica&#8221;, disse Durigan, em coletiva de imprensa sobre a regulamenta\u00e7\u00e3o da reforma tribut\u00e1ria.<\/p>\n\n\n\n<p>E completou: &#8220;Em termos de justi\u00e7a fiscal e transpar\u00eancia decis\u00f3ria, a reforma traz ganho definitivo para o Brasil e a hist\u00f3ria. A medida que for discutindo benef\u00edcios, concess\u00f5es, isso vai mostrar automaticamente \u00e0 sociedade o custo desse benef\u00edcio, de regime especial, na composi\u00e7\u00e3o da tributa\u00e7\u00e3o de todos.&#8221;<\/p>\n\n\n\n<p>O secret\u00e1rio extraordin\u00e1rio da Reforma Tribut\u00e1ria, <a class=\"suno-keyword\" target=\"_blank\" data-force=\"no\" data-priority=\"2\" href=\"https:\/\/www.suno.com.br\/tudo-sobre\/bernard-appy\/\" rel=\"noopener\">Bernard Appy<\/a>, e equipe refor\u00e7aram as regras para a transi\u00e7\u00e3o para o novo modelo imposto pela reforma nesta quinta-feira, 25. O <strong>projeto de lei da reforma tribut\u00e1ria<\/strong> prop\u00f5e uma sistem\u00e1tica de transi\u00e7\u00e3o entre o sistema atual e o novo, para garantir migra\u00e7\u00e3o gradual e segura, tanto para os agentes econ\u00f4micos quanto para os entes federados.<\/p>\n\n\n\n<p>Em 2026, a <strong>CBS<\/strong> come\u00e7a a ser cobrada em 0,9% e o IBS em 0,1%. Haver\u00e1 compensa\u00e7\u00e3o com PIS\/Cofins ou outros <a class=\"suno-keyword\" target=\"_blank\" data-force=\"no\" data-priority=\"1\" href=\"https:\/\/www.suno.com.br\/artigos\/tributos-federais\/\" rel=\"noopener\">tributos federais<\/a>, e n\u00e3o se aplica ao Simples e a combust\u00edveis. H\u00e1 possibilidade de dispensa de recolhimento via cumprimento de <a class=\"suno-keyword\" target=\"_blank\" data-force=\"no\" data-priority=\"1\" href=\"https:\/\/www.suno.com.br\/artigos\/obrigacoes-acessorias\/\" rel=\"noopener\">obriga\u00e7\u00f5es acess\u00f3rias<\/a>, cujo objetivo \u00e9 colher informa\u00e7\u00f5es. Caso haja recolhimento, haver\u00e1 destina\u00e7\u00e3o de 60% da receita para financiamento do Comit\u00ea Gestor do IBS e o restante para o Fundo de Compensa\u00e7\u00e3o de Benef\u00edcios Fiscais.<\/p>\n\n\n\n<p>Em 2027 e 2028, haver\u00e1 <strong>cobran\u00e7a de IBS<\/strong> de 0,1%, repartida entre Estados e munic\u00edpios, com compensa\u00e7\u00e3o via redu\u00e7\u00e3o da al\u00edquota da CBS. J\u00e1 ser\u00e3o aplicadas todas as regras de distribui\u00e7\u00e3o da receita do IBS &#8211; e vale para regimes diferenciados e espec\u00edficos, exceto aos combust\u00edveis.<\/p>\n\n\n\n<p>A fixa\u00e7\u00e3o das al\u00edquotas de refer\u00eancia da CBS ser\u00e1 feita durante o per\u00edodo de 2027 a 2033 e do IBS, entre 2029 e 2033. A CBS ser\u00e1 calibrada para manter a <a class=\"suno-keyword\" target=\"_blank\" data-force=\"no\" data-priority=\"1\" href=\"https:\/\/www.suno.com.br\/artigos\/carga-tributaria\/\" rel=\"noopener\">carga tribut\u00e1ria<\/a> do PIS\/Cofins de 2024 a 2026. J\u00e1 o IBS ser\u00e1 calibrado com base na arrecada\u00e7\u00e3o entre a CBS e ICMS\/ISS, de 2027 e 2028, e depois constar\u00e1 a informa\u00e7\u00e3o das receitas do IBS at\u00e9 2031. O IBS manter\u00e1 a carga tribut\u00e1ria do per\u00edodo de 2027 a 2031.<\/p>\n\n\n\n<p>Appy tamb\u00e9m explicou por que a proposta enviada pelo governo n\u00e3o desonera as compras governamentais, mas prop\u00f5e uma redu\u00e7\u00e3o uniforme da al\u00edquota do IBS e da CBS. O objetivo, segundo ele, \u00e9 manter a carga tribut\u00e1ria atual incidente nessas compras, j\u00e1 que uma desonera\u00e7\u00e3o poderia acabar gerando uma tributa\u00e7\u00e3o maior para o setor privado.<\/p>\n\n\n\n<h2 class=\"wp-block-heading\">Ganhos de produtividade com simplifica\u00e7\u00e3o e transpar\u00eancia do sistema tribut\u00e1rio na reforma tribut\u00e1ria<\/h2>\n\n\n\n<p>O secret\u00e1rio-executivo do Minist\u00e9rio da Fazenda disse ainda que, com a reforma tribut\u00e1ria, o Brasil deixar\u00e1 de &#8220;estar entre os piores&#8221; para adotar um dos melhores sistemas tribut\u00e1rios do mundo.<\/p>\n\n\n\n<p>Ele apontou o &#8220;ganho de produtividade&#8221; como um dos aspectos mais importantes, dado pela homogeneiza\u00e7\u00e3o da base de incid\u00eancia do imposto, da n\u00e3o cumulatividade &#8211; que d\u00e1 fluidez ao cr\u00e9dito -, &#8220;sem empo\u00e7ar cr\u00e9dito nas v\u00e1rias etapas&#8221;. &#8220;Nos d\u00e1 simplicidade, racionalidade, e transpar\u00eancia&#8221;, disse.<\/p>\n\n\n\n<p>Em nome do ministro da Fazenda, Fernando Haddad, o secret\u00e1rio-executivo da pasta afirmou tamb\u00e9m que o novo sistema ser\u00e1 uma &#8220;verdadeira revolu\u00e7\u00e3o hist\u00f3rica&#8221;, facilitando a aplica\u00e7\u00e3o de <a class=\"suno-keyword\" target=\"_blank\" data-force=\"no\" data-priority=\"1\" href=\"https:\/\/www.suno.com.br\/artigos\/investimentos-no-brasil\/\" rel=\"noopener\">investimentos no Brasil<\/a>.<\/p>\n\n\n\n<p>&#8220;Depois de aprovado pelo Congresso e a medida que for entrando em vigor, vai ficar muito mais diger\u00edvel, olhar para as regras e aplicar no Pa\u00eds&#8221;, disse Durigan, destacando ainda a n\u00e3o onera\u00e7\u00e3o de investimentos e da exporta\u00e7\u00e3o. &#8220;S\u00e3o marcas muito importantes, al\u00e9m de ser um sistema totalmente digital, fazendo a sonega\u00e7\u00e3o cair muito&#8221;, completou.<\/p>\n\n\n\n<h2 class=\"wp-block-heading\">Appy: IBS e CBS ter\u00e3o duas bases de incid\u00eancia, opera\u00e7\u00f5es e importa\u00e7\u00f5es<\/h2>\n\n\n\n<p>O secret\u00e1rio extraordin\u00e1rio da reforma tribut\u00e1ria do Minist\u00e9rio da Fazenda, Bernard Appy, explicou nesta quinta-feira, 25, a estrutura das normais gerais da lei de regulamenta\u00e7\u00e3o da reforma tribut\u00e1ria. A incid\u00eancia se dar\u00e1 sobre opera\u00e7\u00f5es e importa\u00e7\u00f5es, disse. O texto ainda traz defini\u00e7\u00f5es &#8220;importantes&#8221;, afirmou Appy, como de bens materiais e imateriais (inclusive direitos), o fornecimento, o fornecedor, o adquirente e o destinat\u00e1rio.<\/p>\n\n\n\n<p>Ele tamb\u00e9m fez adendo para detalhar o <a class=\"suno-keyword\" target=\"_blank\" data-force=\"no\" data-priority=\"1\" href=\"https:\/\/www.suno.com.br\/artigos\/fato-gerador\/\" rel=\"noopener\">fato gerador<\/a> do imposto, que \u00e9 definido por ser um fornecimento oneroso: se h\u00e1 uma contrapartida pelo fornecimento, independente da forma de pagamento, haver\u00e1 a incid\u00eancia.<\/p>\n\n\n\n<p>Appy tamb\u00e9m explicou como funcionar\u00e1 a cobran\u00e7a do imposto sobre o fornecimento n\u00e3o oneroso, que acontecer\u00e1 em situa\u00e7\u00f5es de exce\u00e7\u00e3o. O projeto de lei prev\u00ea incid\u00eancia do IBS e da CBS sobre determinadas opera\u00e7\u00f5es n\u00e3o onerosas, ou realizadas a valor inferior ao de mercado, como o fornecimento de bens e servi\u00e7os para uso e consumo pessoal de empregados e administradores do contribuinte, quando este n\u00e3o \u00e9 <a class=\"suno-keyword\" target=\"_blank\" data-force=\"no\" data-priority=\"1\" href=\"https:\/\/www.suno.com.br\/artigos\/pessoa-fisica\/\" rel=\"noopener\">pessoa f\u00edsica<\/a>. &#8220;O uso e consumo pessoal \u00e9 muito importante para n\u00e3o distorcer o sistema tribut\u00e1rio, ou crio empresa para n\u00e3o pagar imposto&#8221;, explicou o secret\u00e1rio.<\/p>\n\n\n\n<p>O texto da proposta apresentada ao Congresso defende que n\u00e3o poderia ser permitido o creditamento do IBS e da CBS para o contribuinte na aquisi\u00e7\u00e3o de bens e servi\u00e7os e, depois, o fornecimento desses bens ou servi\u00e7os aos seus empregados ou administradores sem a incid\u00eancia do IBS e da CBS.<\/p>\n\n\n\n<p>&#8220;As referidas incid\u00eancias justificam-se, ainda, por corresponderem a formas de remunera\u00e7\u00e3o indireta (fringe benefits), ou transa\u00e7\u00f5es com conte\u00fado econ\u00f4mico, que devem ser tributadas como as demais&#8221;, diz o texto.<\/p>\n\n\n\n<p>Integrante do time de Appy na Fazenda, Daniel Loria disse que os casos s\u00e3o &#8220;bastante excepcionais&#8221; e limitados a situa\u00e7\u00f5es de equipara\u00e7\u00e3o a fornecimento oneroso. &#8220;N\u00e3o temos inten\u00e7\u00e3o nenhuma, por exemplo, de tributar uma doa\u00e7\u00e3o de pai para filho. S\u00e3o benef\u00edcios adicionais concedidos pelas empresas. Ter o mesmo tratamento se voc\u00ea compra um carro ou se ele \u00e9 comprado pela empresa para uso pessoal de algum funcion\u00e1rio, que faz uso pessoal do ve\u00edculo&#8221;, explicou Loria.<\/p>\n\n\n\n<h2 class=\"wp-block-heading\">Ressarcimento de saldo credor<\/h2>\n\n\n\n<p>Bernard Appy afirmou ainda que h\u00e1 dois procedimentos para o ressarcimento de saldo credor previstos na regulamenta\u00e7\u00e3o da reforma tribut\u00e1ria. A inten\u00e7\u00e3o, de acordo com o t\u00e9cnico, \u00e9 a de estimular o bom pagador.<\/p>\n\n\n\n<p>A previs\u00e3o \u00e9 a de que a an\u00e1lise possa levar, no m\u00e1ximo, 60 dias para ser finalizada para a empresa que est\u00e1 frequentemente com esse direito, como o caso de exportador. Al\u00e9m dos dois meses, haver\u00e1 a considera\u00e7\u00e3o de uma base de 150% da m\u00e9dia dos saldos credores acumulados nos 24 meses anteriores. J\u00e1 para as empresas fora do padr\u00e3o, pode-se chegar a 270 dias. &#8220;Empresas em programas de conformidade ter\u00e3o prazo de at\u00e9 15 dias para an\u00e1lise de ressarcimento de saldo. Ou seja, o bom pagador pode ter restitui\u00e7\u00e3o mais r\u00e1pida do que os 60 dias&#8221;, disse Appy.<\/p>\n\n\n\n<p>Daniel Loria, por sua vez, resumiu, dizendo que a regra geral leva 60 dias. &#8220;O bom pagador, menos tempo. Quem sabe a gente consegue chegar l\u00e1 (pagar em 48h, como fazem alguns pa\u00edses) no futuro? Os projetos mais longos s\u00e3o para situa\u00e7\u00f5es totalmente at\u00edpicas&#8221;, citou. &#8220;Fazemos isso porque h\u00e1 fraudes e precisamos de tempo maior para fazer an\u00e1lise, mas pode ser muito menor o prazo&#8221;, complementou Appy.<\/p>\n\n\n\n<p>Um item importante, de acordo com o secret\u00e1rio, \u00e9 a aquisi\u00e7\u00e3o de <a class=\"suno-keyword\" target=\"_blank\" data-force=\"no\" data-priority=\"1\" href=\"https:\/\/www.suno.com.br\/artigos\/bens-capital\/\" rel=\"noopener\">bens de capital<\/a>, que leva 60 dias automaticamente, e est\u00e1 sendo chamado pelos t\u00e9cnicos de &#8220;fast track&#8221;. Isso vale apenas para investimentos, j\u00e1 que, no caso de estoques, est\u00e1 na regra b\u00e1sica.<\/p>\n\n\n\n<h2 class=\"wp-block-heading\">Reforma: cesta b\u00e1sica nacional ter\u00e1 15 alimentos com imposto zerado<\/h2>\n\n\n\n<p>Quinze alimentos in natura ou pouco industrializados v\u00e3o compor a cesta b\u00e1sica nacional e pagar imposto zero, com a reforma tribut\u00e1ria. O projeto de lei complementar que regulamenta o tema, enviado na noite desta quarta-feira (24) ao Congresso, trouxe ainda 14 produtos com al\u00edquota reduzida em 60%.<\/p>\n\n\n\n<p>Na justificativa do projeto, o governo informou que se baseou nos alimentos in natura ou \u201cminimamente processados\u201d para definir a cesta b\u00e1sica nacional. O texto destacou que o governo seguiu as recomenda\u00e7\u00f5es de alimenta\u00e7\u00e3o saud\u00e1vel e nutricionalmente adequada do Guia Alimentar para a Popula\u00e7\u00e3o Brasileira, do Minist\u00e9rio da Sa\u00fade.<\/p>\n\n\n\n<p>Embora tenha citado motivos de sa\u00fade, alguns alimentos com gordura saturada, como \u00f3leo de soja e manteiga, ou com subst\u00e2ncias que criam depend\u00eancia, como o caf\u00e9, foram inclu\u00eddos na cesta b\u00e1sica nacional. Nesse caso, a justificativa \u00e9 a de que esses itens s\u00e3o essenciais na alimenta\u00e7\u00e3o do brasileiro e j\u00e1 fazem parte da cesta b\u00e1sica tradicional.<\/p>\n\n\n\n<p>Confira a lista dos alimentos da cesta b\u00e1sica nacional:<\/p>\n\n\n\n<ul class=\"wp-block-list\">\n<li>arroz;<\/li>\n\n\n\n<li>feij\u00e3o;<\/li>\n\n\n\n<li>leites e f\u00f3rmulas infantis definidas por previs\u00e3o legal espec\u00edfica;<\/li>\n\n\n\n<li>manteiga;<\/li>\n\n\n\n<li>margarina;<\/li>\n\n\n\n<li>ra\u00edzes e tub\u00e9rculos;<\/li>\n\n\n\n<li>cocos;<\/li>\n\n\n\n<li>caf\u00e9;<\/li>\n\n\n\n<li>\u00f3leo de soja;<\/li>\n\n\n\n<li>farinha de mandioca;<\/li>\n\n\n\n<li>farinha de milho, grumos e s\u00eamolas de milho, gr\u00e3os de milho esmagados ou em flocos;<\/li>\n\n\n\n<li>farinha de trigo;<\/li>\n\n\n\n<li>a\u00e7\u00facar;<\/li>\n\n\n\n<li>massas;<\/li>\n\n\n\n<li>p\u00e3es comuns (apenas com farinha de cereais, fermento biol\u00f3gico, \u00e1gua e sal).<\/li>\n\n\n\n<li><\/li>\n<\/ul>\n\n\n\n<p>O governo prop\u00f4s uma lista estendida de alimentos com al\u00edquotas zero. Eles n\u00e3o est\u00e3o na cesta b\u00e1sica nacional, mas tamb\u00e9m n\u00e3o pagar\u00e3o a Contribui\u00e7\u00e3o sobre Bens e Servi\u00e7os (CBS) nem o Imposto sobre Bens e Servi\u00e7os (IBS). S\u00e3o eles:<\/p>\n\n\n\n<ul class=\"wp-block-list\">\n<li>ovos;<\/li>\n\n\n\n<li>frutas;<\/li>\n\n\n\n<li>produtos hort\u00edculas.<\/li>\n<\/ul>\n\n\n\n<p>Outros 14 tipos de alimentos tiveram al\u00edquota reduzida em 60% no projeto de lei:<\/p>\n\n\n\n<ul class=\"wp-block-list\">\n<li>carnes bovina, su\u00edna, ovina, caprina e de aves e produtos de origem animal (exceto foie gras), miudezas comest\u00edveis de ovinos e caprinos;<\/li>\n\n\n\n<li>peixes e carnes de peixes (exceto salmon\u00eddeos, atuns; bacalhaus, hadoque, saithe e ovas e outros subprodutos);<\/li>\n\n\n\n<li>crust\u00e1ceos (exceto lagostas e lagostim) e moluscos;<\/li>\n\n\n\n<li>leite fermentado (iogurte), bebidas e compostos l\u00e1cteos;<\/li>\n\n\n\n<li>queijos tipo mu\u00e7arela, minas, prato, queijo de coalho, ricota, requeij\u00e3o, queijo provolone, queijo parmes\u00e3o, queijo fresco n\u00e3o maturado e queijo do reino;<\/li>\n\n\n\n<li>mel natural;<\/li>\n\n\n\n<li>mate;<\/li>\n\n\n\n<li>farinha, grumos e s\u00eamolas de cerais, gr\u00e3os esmagados ou em flocos de cereais (exceto milho);<\/li>\n\n\n\n<li>tapioca;<\/li>\n\n\n\n<li>\u00f3leos vegetais e \u00f3leo de canola;<\/li>\n\n\n\n<li>massas aliment\u00edcias;<\/li>\n\n\n\n<li>sal de mesa iodado;<\/li>\n\n\n\n<li>sucos naturais de fruta ou de produtos hort\u00edcolas sem adi\u00e7\u00e3o de a\u00e7\u00facar ou de outros edulcorantes e sem conservantes;<\/li>\n\n\n\n<li>polpas de frutas sem adi\u00e7\u00e3o de a\u00e7\u00facar ou de outros edulcorantes e sem conservantes<\/li>\n<\/ul>\n\n\n\n<h2 class=\"wp-block-heading\">Reforma tribut\u00e1ria: proposta do governo prev\u00ea quatro modalidades de pagamento dos novos impostos<\/h2>\n\n\n\n<p>O secret\u00e1rio extraordin\u00e1rio da Reforma Tribut\u00e1ria, Bernard Appy, explicou nesta quinta-feira, 25, que a proposta de <strong>regulamenta\u00e7\u00e3o da reforma tribut\u00e1ria<\/strong> prev\u00ea quatro modalidades de pagamento do IBS e da CBS incidentes sobre as opera\u00e7\u00f5es com bens ou servi\u00e7os.<\/p>\n\n\n\n<p>Os tributos da <strong>proposta sobre a Reforma Tribut\u00e1ria<\/strong> poder\u00e3o ser pagos por meio de compensa\u00e7\u00e3o com cr\u00e9ditos de IBS e de CBS apropriados pelo contribuinte; por pagamento pelo contribuinte, inclusive mediante recolhimento; pelo recolhimento na <a class=\"suno-keyword\" target=\"_blank\" data-force=\"no\" data-priority=\"1\" href=\"https:\/\/www.suno.com.br\/artigos\/liquidacao-financeira\/\" rel=\"noopener\">liquida\u00e7\u00e3o financeira<\/a> da opera\u00e7\u00e3o (<i>split payment<\/i>); e pelo recolhimento pelo pr\u00f3prio adquirente (al\u00e9m do recolhimento pelo respons\u00e1vel tribut\u00e1rio).<\/p>\n\n\n\n<p>Appy lembrou tamb\u00e9m que a reforma permite \u00e0 lei complementar estabelecer as hip\u00f3teses em que a apropria\u00e7\u00e3o dos <strong>cr\u00e9ditos do IBS e da CBS<\/strong> ficar\u00e1 condicionada \u00e0 verifica\u00e7\u00e3o do efetivo recolhimento dos impostos incidentes. Por isso, uma parte do texto determina que o contribuinte no regime regular poder\u00e1 apropriar cr\u00e9dito quando ocorrer o pagamento, por qualquer das modalidades acima previstas, dos valores do IBS e da CBS incidentes sobre as opera\u00e7\u00f5es nas quais seja adquirente de bem ou de servi\u00e7o.<\/p>\n\n\n\n<p>J\u00e1 o creditamento pelo contribuinte \u00e9 vedado nas aquisi\u00e7\u00f5es considerados de uso ou consumo pessoal e em outras hip\u00f3teses expressamente previstas no projeto, como nos casos de isen\u00e7\u00e3o e imunidade e de regimes espec\u00edficos, define a proposta.<\/p>\n\n\n\n<p>Nesse caso, o<strong> PLC sobre a Reforma Tribut\u00e1ria<\/strong> considera de uso e consumo pessoal vedados ao cr\u00e9dito a aquisi\u00e7\u00e3o de joias, pedras e <a class=\"suno-keyword\" target=\"_blank\" data-force=\"no\" data-priority=\"1\" href=\"https:\/\/www.suno.com.br\/artigos\/metais-preciosos\/\" rel=\"noopener\">metais preciosos<\/a>; obras de arte e antiguidades de valor hist\u00f3rico ou arqueol\u00f3gico; bebidas alco\u00f3licas; derivados do tabaco; armas e muni\u00e7\u00f5es; e bens e servi\u00e7os recreativos, esportivos e est\u00e9ticos, &#8220;salvo quando forem necess\u00e1rios \u00e0 realiza\u00e7\u00e3o de opera\u00e7\u00f5es pelo contribuinte&#8221;.<\/p>\n\n\n\n<p>Appy destacou, por sua vez, que a veda\u00e7\u00e3o para n\u00e3o apropria\u00e7\u00e3o de cr\u00e9ditos \u00e9 para os casos de uso e consumo pessoal. &#8220;No caso de um mercado que compra bebida alco\u00f3lica, tem direito a cr\u00e9dito&#8221;, explicou.<\/p>\n\n\n\t<p>\n\t\t<a href=\"https:\/\/lp.suno.com.br\/ebook-gratuito-investindo-no-exterior\/\" target=\"_blank\" data-element=\"shortcode-suno-banner\" title=\"Banner SUNO, clique e saiba mais\">\n\t\t\t<picture>\n\t\t\t\t<source media=\"(max-width: 500px)\" srcset=\"https:\/\/files.sunoresearch.com.br\/n\/uploads\/2023\/03\/400x300-Investindo-no-exterior.png\">\n\t\t\t\t<img class=\"newsContent__article__imgCapa newsContent__article__imgCapa--banner\"\n\t\t\t\t\tsrc=\"https:\/\/files.sunoresearch.com.br\/n\/uploads\/2023\/03\/1420x240-Investindo-no-exterior.png\"\n\t\t\t\t\tdata-promo-id=\"383161\"\t\t\t\t\t\t\t\t\t\twidth='1420' height='240'\t\t\t\t\talt=\"https:\/\/files.sunoresearch.com.br\/n\/uploads\/2023\/03\/1420x240-Investindo-no-exterior.png\"\n\t\t\t\t>\n\t\t\t<\/picture>\n\t\t<\/a>\n\t<\/p>\n\n\n\n\n\n<h2 class=\"wp-block-heading\">Reforma tribut\u00e1ria: recolhimento do MEI<\/h2>\n\n\n\n<p>O secret\u00e1rio extraordin\u00e1rio da Reforma Tribut\u00e1ria disse que o recolhimento de tributos do MEI \u00e9 simb\u00f3lico atualmente e vai continuar sendo ao final da implanta\u00e7\u00e3o da <strong>nova reforma tribut\u00e1ria<\/strong>. De acordo com o t\u00e9cnico, n\u00e3o h\u00e1 motivo para que haja uma cobran\u00e7a maior dessa categoria.<\/p>\n\n\n\n<p>Ele acrescentou, durante entrevista coletiva, que se chegou a um valor de R$ 3 mensais ao fim da transi\u00e7\u00e3o e que se chegou a esse montante por meio de uma conta muito simples. &#8220;Achamos que era interessante que continuassem contribuindo, nem que fosse de forma simb\u00f3lica&#8221;, afirmou.<\/p>\n\n\n\n<h2 class=\"wp-block-heading\">Programas de cidadania fiscal<\/h2>\n\n\n\n<p>Bernard Appy afirmou ainda que os programas de cidadania fiscal ter\u00e3o financiamento equivalente a 0,05% das <strong>receitas provenientes de IBS e CBS<\/strong>. O montante, segundo c\u00e1lculos iniciais, dever\u00e1 ficar entre R$ 600 milh\u00f5es e R$ 700 milh\u00f5es.<\/p>\n\n\n\n<p>A previs\u00e3o \u00e9 de que os recursos sejam usados em sorteios e outras atividades que fomentem a pr\u00e1tica de o consumidor pedir notas fiscais, de acordo com o secret\u00e1rio. Por isso, ele comparou o montante ao valor pago em loterias tradicionais, como a Mega Sena. &#8220;S\u00e3o duas mega senas&#8221;, brincou Appy.<\/p>\n\n\n\n<p>Ele disse, por\u00e9m, que os detalhes ser\u00e3o decididos posteriormente, j\u00e1 que n\u00e3o h\u00e1 porqu\u00ea para que o desenho de projetos sejam apresentados pelo Executivo neste momento.<\/p>\n\n\n\n<h2 class=\"wp-block-heading\">Tribut\u00e1ria: Incid\u00eancia do IVA em ticket refei\u00e7\u00e3o<\/h2>\n\n\n\n<p>O secret\u00e1rio extraordin\u00e1rio da Reforma Tribut\u00e1ria explicou que as regras de incid\u00eancia do IVA dual em ticket refei\u00e7\u00e3o devem estar detalhadas em regulamento, j\u00e1 que n\u00e3o seria poss\u00edvel prever todas as possibilidades relativas \u00e0 tributa\u00e7\u00e3o de remunera\u00e7\u00f5es indiretas na proposta de lei complementar enviada ao Congresso. Apesar de n\u00e3o haver essa especifica\u00e7\u00e3o na proposta, Appy afirmou que o plano \u00e9 manter a possibilidade de recupera\u00e7\u00e3o de cr\u00e9dito nesses casos.<\/p>\n\n\n\n<p>O tema gerou d\u00favidas porque, na proposta, o governo estabelece n\u00e3o ser poss\u00edvel o creditamento do IBS e da CBS para o contribuinte na aquisi\u00e7\u00e3o de bens e servi\u00e7os e, depois, o fornecimento desses bens ou servi\u00e7os aos seus empregados ou administradores sem a incid\u00eancia do IBS e da CBS. &#8220;As referidas incid\u00eancias justificam-se, ainda, por corresponderem a formas de remunera\u00e7\u00e3o indireta (<i>fringe benefits<\/i>), ou transa\u00e7\u00f5es com conte\u00fado econ\u00f4mico, que devem ser tributadas como as demais&#8221;, diz o texto.<\/p>\n\n\n\n<p>Na proposta, contudo, o governo prev\u00ea que um regulamento poder\u00e1 estabelecer crit\u00e9rios para que os bens e servi\u00e7os sejam considerados como &#8220;utilizados exclusivamente na atividade econ\u00f4mica do contribuinte&#8221; &#8211; que n\u00e3o ser\u00e3o inclu\u00eddos na regra de n\u00e3o creditamento. Os crit\u00e9rios devem considerar, entre outros itens, uniformes e equipamentos de prote\u00e7\u00e3o individual. &#8220;N\u00e3o daria para citar todos os exemplos na lei&#8221;, explicou Appy. &#8220;\u00c9 bem poss\u00edvel que o ticket refei\u00e7\u00e3o &#8211; n\u00e3o o alimenta\u00e7\u00e3o, de mercado &#8211; entre dentro. Deixamos isso para o regulamento, mas manteria a possibilidade de recupera\u00e7\u00e3o do cr\u00e9dito&#8221;, disse.<\/p>\n\n\n\n<h2 class=\"wp-block-heading\">Alimentos ultraprocessados ficar\u00e3o fora do Imposto Seletivo da Reforma Tribut\u00e1ria<\/h2>\n\n\n\n<p>Criado para tributar produtos prejudiciais \u00e0 sa\u00fade e ao meio ambiente, o Imposto Seletivo poupar\u00e1 os alimentos ultraprocessados. A exclus\u00e3o desse tipo de produto est\u00e1 prevista no projeto de lei complementar que regulamenta a reforma tribut\u00e1ria do consumo, enviado nesta quarta-feira (24) \u00e0 noite ao Congresso.<img decoding=\"async\" style=\"width: 1px; height: 1px; display: inline;\" src=\"https:\/\/agenciabrasil.ebc.com.br\/ebc.png?id=1592215&amp;o=rss\"><img decoding=\"async\" style=\"width: 1px; height: 1px; display: inline;\" src=\"https:\/\/agenciabrasil.ebc.com.br\/ebc.gif?id=1592215&amp;o=rss\"><\/p>\n\n\n\n<p>O texto excluiu os alimentos ultraprocessados do chamado &#8220;Imposto do Pecado&#8221;, apesar de recomenda\u00e7\u00e3o do Minist\u00e9rio da Sa\u00fade e de entidades da sociedade civil para a cobran\u00e7a do tributo extra. As bebidas a\u00e7ucaradas, no entanto, ter\u00e3o a incid\u00eancia. Biscoitos recheados,&nbsp;salgadinhos, barras de cereais, macarr\u00e3o instant\u00e2neo, sopas de pacote e&nbsp;sorvetes s\u00e3o exemplos dos produtos.<\/p>\n\n\n\n<p>Al\u00e9m das bebidas a\u00e7ucaradas, o Imposto Seletivo incidir\u00e1 sobre os seguintes itens: petr\u00f3leo, g\u00e1s natural e min\u00e9rio de ferro; e ve\u00edculos, aeronaves e embarca\u00e7\u00f5es poluentes. No caso dos cigarros e das bebidas alco\u00f3licas, o Imposto Seletivo substituir\u00e1 as altas al\u00edquotas do IPI que atualmente incidem sobre esses produtos como pol\u00edtica de sa\u00fade p\u00fablica.<\/p>\n\n\n\n<p>Confira o detalhamento do Imposto Seletivo:<\/p>\n\n\n\n<h3 class=\"wp-block-heading\">Bebidas alco\u00f3licas<\/h3>\n\n\n\n<p>\u2022 &nbsp; &nbsp;Al\u00edquota de Imposto Seletivo proporcional ao teor alco\u00f3lico. Bebidas com maior teor pagam mais tributos;<\/p>\n\n\n\n<p>\u2022 &nbsp; &nbsp;Taxa\u00e7\u00e3o gradual segue recomenda\u00e7\u00f5es da Organiza\u00e7\u00e3o Mundial da Sa\u00fade, da Organiza\u00e7\u00e3o para a Coopera\u00e7\u00e3o e <a class=\"suno-keyword\" target=\"_blank\" data-force=\"no\" data-priority=\"1\" href=\"https:\/\/www.suno.com.br\/artigos\/desenvolvimento-economico\/\" rel=\"noopener\">Desenvolvimento Econ\u00f4mico<\/a> e do Banco Mundial;<\/p>\n\n\n\n<p>\u2022 &nbsp; &nbsp;Proporcionalidade op\u00f5e ind\u00fastria de cerveja, que defende al\u00edquotas diferenciadas, e produtores de bebidas destiladas, que pedem al\u00edquotas iguais para todas as bebidas alco\u00f3licas.<\/p>\n\n\n\n<h3 class=\"wp-block-heading\">Cigarros<\/h3>\n\n\n\n<p>\u2022 &nbsp; &nbsp;Al\u00edquota proporcional ao teor de nicotina e alcatr\u00e3o, como ocorre atualmente.<\/p>\n\n\n\n<h3 class=\"wp-block-heading\">Ve\u00edculos, aeronaves e embarca\u00e7\u00f5es<\/h3>\n\n\n\n<p>\u2022 &nbsp; &nbsp; Imposto Seletivo incidir\u00e1 proporcionalmente ao grau de polui\u00e7\u00e3o e de falta de tecnologias inovadoras;<\/p>\n\n\n\n<p>\u2022 &nbsp; &nbsp; Ao todo, seis crit\u00e9rios ser\u00e3o aplicados para definir a al\u00edquota:<\/p>\n\n\n\n<p>&nbsp; &nbsp; &nbsp; &nbsp;\u2013 &nbsp; &nbsp;pot\u00eancia;<\/p>\n\n\n\n<p>&nbsp; &nbsp; &nbsp; &nbsp;\u2013 &nbsp; &nbsp;efici\u00eancia energ\u00e9tica;<\/p>\n\n\n\n<p>&nbsp; &nbsp; &nbsp; &nbsp;\u2013 &nbsp; &nbsp;desempenho estrutural e tecnologias assertivas \u00e0 dire\u00e7\u00e3o;<\/p>\n\n\n\n<p>&nbsp; &nbsp; &nbsp; &nbsp;\u2013 &nbsp; &nbsp;propor\u00e7\u00e3o de materiais recicl\u00e1veis;<\/p>\n\n\n\n<p>&nbsp; &nbsp; &nbsp; &nbsp;\u2013 &nbsp; &nbsp;pegada de carbono (emiss\u00e3o de g\u00e1s carb\u00f4nico);<\/p>\n\n\n\n<p>&nbsp; &nbsp; &nbsp; &nbsp;\u2013 &nbsp; &nbsp;densidade tecnol\u00f3gica (grau de tecnologias inovadoras).<\/p>\n\n\n\n<p>\u2022 &nbsp; &nbsp; Autom\u00f3veis considerados como sustent\u00e1veis ter\u00e3o al\u00edquota zero de Imposto Seletivo, com base nos seguintes itens:<\/p>\n\n\n\n<p>&nbsp; &nbsp; &nbsp; &nbsp;\u2013 &nbsp; &nbsp;pegada de carbono;<\/p>\n\n\n\n<p>&nbsp; &nbsp; &nbsp; &nbsp;\u2013 &nbsp; &nbsp;propor\u00e7\u00e3o de materiais recicl\u00e1veis no ve\u00edculo;<\/p>\n\n\n\n<p>&nbsp; &nbsp; &nbsp; &nbsp;\u2013 &nbsp; &nbsp;categoria do ve\u00edculo;<\/p>\n\n\n\n<p>&nbsp; &nbsp; &nbsp; &nbsp;\u2013 &nbsp; &nbsp;\u00edndice de produ\u00e7\u00e3o de componentes e de montagem no pa\u00eds.<\/p>\n\n\n\n<p>\u2022 &nbsp; &nbsp; Crit\u00e9rios est\u00e3o em linha com Programa Mobilidade Verde (Mover) e com o Plano de Transforma\u00e7\u00e3o Ecol\u00f3gica;<\/p>\n\n\n\n<p>\u2022 &nbsp; &nbsp; Al\u00edquota zero do Imposto Seletivo para t\u00e1xis e ve\u00edculos vendidos a pessoas com defici\u00eancia, mas o benef\u00edcio precisa ser reconhecido e regulamentado no Imposto sobre Bens e Servi\u00e7os<\/p>\n\n\n\n<h3 class=\"wp-block-heading\">Petr\u00f3leo, min\u00e9rio de ferro e g\u00e1s natural<\/h3>\n\n\n\n<p>\u2022 &nbsp; &nbsp; Al\u00edquota de at\u00e9 1% sobre o <a class=\"suno-keyword\" target=\"_blank\" data-force=\"no\" data-priority=\"1\" href=\"https:\/\/www.suno.com.br\/artigos\/valor-de-mercado\/\" rel=\"noopener\">valor de mercado<\/a> do petr\u00f3leo, do g\u00e1s natural e do min\u00e9rio de ferro extra\u00eddo;<\/p>\n\n\n\n<p>\u2022 &nbsp; &nbsp; Imposto Seletivo incidir\u00e1 inclusive sobre exporta\u00e7\u00f5es;<\/p>\n\n\n\n<p>\u2022 &nbsp; &nbsp; Lei ordin\u00e1ria estabelecer\u00e1 al\u00edquotas exatas para cada tipo de produto;<\/p>\n\n\n\n<p>\u2022 &nbsp; &nbsp; Al\u00edquota zero para os demais minerais, inclusive os minerais estrat\u00e9gicos que servir\u00e3o para a transi\u00e7\u00e3o energ\u00e9tica no Plano de Transforma\u00e7\u00e3o Ecol\u00f3gica;<\/p>\n\n\n\n<p>\u2022 &nbsp; &nbsp; Al\u00edquota zero para g\u00e1s natural usado como insumo pela ind\u00fastria;<\/p>\n\n\n\n<p>\u2022 &nbsp; &nbsp; Incid\u00eancia sobre exporta\u00e7\u00f5es pode ser questionada na Justi\u00e7a, porque um dos pilares da reforma \u00e9 a n\u00e3o exporta\u00e7\u00e3o de tributos.<\/p>\n\n\n\n<h2 class=\"wp-block-heading\">Reforma tribut\u00e1ria prop\u00f5e devolu\u00e7\u00e3o de 50% em luz, \u00e1gua e g\u00e1s a mais pobres<\/h2>\n\n\n\n<p>As fam\u00edlias mais pobres ou inscritas em programas sociais poder\u00e3o receber de volta 50% da Contribui\u00e7\u00e3o sobre Bens e Servi\u00e7os (CBS, tributo federal) paga nas contas de luz, \u00e1gua, esgoto e g\u00e1s encanado. A proposta consta do projeto complementar de regulamenta\u00e7\u00e3o da reforma tribut\u00e1ria, enviado na quarta-feira (24) \u00e0 noite ao Congresso.<img decoding=\"async\" style=\"width: 1px; height: 1px; display: inline;\" src=\"https:\/\/agenciabrasil.ebc.com.br\/ebc.png?id=1592248&amp;o=rss\"><img decoding=\"async\" style=\"width: 1px; height: 1px; display: inline;\" src=\"https:\/\/agenciabrasil.ebc.com.br\/ebc.gif?id=1592248&amp;o=rss\"><\/p>\n\n\n\n<p>Em rela\u00e7\u00e3o ao Imposto sobre Bens e Servi\u00e7os (IBS), cobrado pelos estados e pelos munic\u00edpios, a devolu\u00e7\u00e3o ficar\u00e1 em 20% sobre as contas desses servi\u00e7os. O ressarcimento tamb\u00e9m beneficiar\u00e1 apenas fam\u00edlias de baixa renda. No caso do botij\u00e3o de g\u00e1s, a devolu\u00e7\u00e3o ser\u00e1 de 100% da CBS e 20% do IBS.<\/p>\n\n\n\n<p>Chamado de <em>cashback<\/em> (ressarcimento de tributos em dinheiro), o mecanismo foi aprovado na emenda constitucional da reforma tribut\u00e1ria para tornar mais progressiva a tributa\u00e7\u00e3o brasileira, com os mais pobres pagando proporcionalmente menos impostos em rela\u00e7\u00e3o aos mais ricos. O cashback permite que benef\u00edcios tribut\u00e1rios se concentrem na popula\u00e7\u00e3o de baixa renda, sem que tamb\u00e9m sejam usufru\u00eddos pelos mais ricos.<\/p>\n\n\n\n<h2 class=\"wp-block-heading\">Faixa de renda<\/h2>\n\n\n\n<p>A regulamenta\u00e7\u00e3o do cashback estabeleceu que a devolu\u00e7\u00e3o de tributos beneficiar\u00e1 fam\u00edlias com <a class=\"suno-keyword\" target=\"_blank\" data-force=\"no\" data-priority=\"2\" href=\"https:\/\/www.suno.com.br\/artigos\/renda-per-capita\/\" rel=\"noopener\">renda per capita<\/a> de at\u00e9 meio sal\u00e1rio m\u00ednimo e as inscritas no Cadastro \u00danico para Programas Sociais do Governo Federal (Cad\u00danico). Quem estiver em uma dessas duas categorias ser\u00e1 automaticamente inclu\u00eddo no programa.<\/p>\n\n\n\n<p>O projeto de lei complementar tamb\u00e9m prev\u00ea a possibilidade de que o <em>cashback <\/em>seja estendido a outros produtos, com devolu\u00e7\u00e3o de pelo menos 20% da CBS e 20% do IBS. O projeto, no entanto, n\u00e3o detalhou sobre quais itens o mecanismo poderia incidir. Os percentuais de ressarcimento poder\u00e3o ser elevados, dependendo de lei ordin\u00e1ria.<\/p>\n\n\n\n<p>No caso do g\u00e1s encanado, \u00e1gua e esgoto, a devolu\u00e7\u00e3o dos tributos ser\u00e1 autom\u00e1tica, por meio de descontos nas contas. Para os demais produtos, caber\u00e1 \u00e0 <a class=\"suno-keyword\" target=\"_blank\" data-force=\"no\" data-priority=\"3\" href=\"https:\/\/www.suno.com.br\/artigos\/receita-federal\/\" rel=\"noopener\">Receita Federal<\/a> coordenar o ressarcimento, que dever\u00e3o ser aproveitados em at\u00e9 dois anos ap\u00f3s a compra.<\/p>\n\n\n\n<h2 class=\"wp-block-heading\">Programas locais<\/h2>\n\n\n\n<p>Pelo texto entregue ao Congresso, o governo federal, os estados e os munic\u00edpios poder\u00e3o criar programas pr\u00f3prios de <em>cashback<\/em>. Alguns estados, como o Rio Grande do Sul, t\u00eam mecanismos de devolu\u00e7\u00e3o do Imposto sobre a Circula\u00e7\u00e3o de Mercadorias e Servi\u00e7os (ICMS) para compras de alimentos \u00e0 popula\u00e7\u00e3o de baixa renda.<\/p>\n\n\n\n<p>O projeto, no entanto, veda que o mecanismo beneficie produtos prejudiciais \u00e0 sa\u00fade e ao meio ambiente sobre os quais incidir\u00e3o o Imposto Seletivo. O governo prop\u00f4s que a sobretaxa\u00e7\u00e3o afete produtos como cigarros, bebidas alco\u00f3licas, bebidas a\u00e7ucaradas, ve\u00edculos e embarca\u00e7\u00f5es poluentes, petr\u00f3leo, g\u00e1s natural e min\u00e9rio de ferro.<\/p>\n\n\n\n<h2 class=\"wp-block-heading\">Saneamento<\/h2>\n\n\n\n<p>Durante a <strong>tramita\u00e7\u00e3o da reforma tribut\u00e1ria<\/strong>, no ano passado, o Senado incluiu o setor de saneamento no regime especial, que permitiria \u00e0s empresas do segmento pagarem menos impostos. No entanto, na segunda vota\u00e7\u00e3o na C\u00e2mara dos Deputados, o benef\u00edcio caiu, para evitar o fatiamento da proposta e a necessidade de uma segunda vota\u00e7\u00e3o no Senado.<\/p>\n\n\n\n<p>Nos \u00faltimos meses, as empresas de saneamento pediram a inclus\u00e3o das contas de \u00e1gua e esgoto no regime de <em>cashback<\/em>. As companhias argumentam que a devolu\u00e7\u00e3o dos tributos ampliar\u00e1 o acesso \u00e0 \u00e1gua encanada e esgoto pela popula\u00e7\u00e3o de menor renda.<\/p>\n\n\n\n<h2 class=\"wp-block-heading\">Reforma tribut\u00e1ria: Imposto para setor da sa\u00fade ter\u00e1 regime diferenciado; confira<\/h2>\n\n\n\n<p>A diretora de Programa da Secretaria Extraordin\u00e1ria de Reforma Tribut\u00e1ria da Fazenda, Camilla Cavalcanti, explicou que a proposta enviada pelo Executivo para o Congresso para a regulamenta\u00e7\u00e3o da reforma tribut\u00e1ria contar\u00e1 com uma al\u00edquota diferenciada para a Sa\u00fade, que padronizar\u00e1 os medicamentos da Farm\u00e1cia Popular, soros, vacinas e medicamentos de alto custo. O segmento, portanto, estar\u00e1 incluso em um regime diferenciado.<\/p>\n\n\n\n<p>&#8220;Vamos ampliar o benef\u00edcio em rela\u00e7\u00e3o ao que se tem hoje com PIS\/Cofins e ICMS e foi um trabalho feito com participa\u00e7\u00e3o ativa do Minist\u00e9rio da Sa\u00fade. Tanto na harmoniza\u00e7\u00e3o quanto na defini\u00e7\u00e3o das listas: o que entra e o que n\u00e3o entra&#8221;, explicou a t\u00e9cnica.<\/p>\n\n\n\n<p>Ela acrescentou que foi criada uma esp\u00e9cie de fast track apenas para a inclus\u00e3o de novos itens e que tamb\u00e9m haver\u00e1 atualiza\u00e7\u00e3o por meio de regra b\u00e1sica para momentos emergenciais.<\/p>\n\n\n\n<p>&#8220;O que est\u00e1 sendo feito \u00e9 uma redu\u00e7\u00e3o muito grande. At\u00e9 porque hoje tamb\u00e9m h\u00e1 muita cumulatividade, que est\u00e1 deixando de existir&#8221;, avaliou o secret\u00e1rio extraordin\u00e1rio da reforma tribut\u00e1ria, Bernard Appy. De acordo com ele, a al\u00edquota &#8220;por fora&#8221; atualmente pode chegar a mais de 20% e, com a proposta, cair a 10%. &#8220;Estamos falando, de fato, de amplia\u00e7\u00e3o relevante da desonera\u00e7\u00e3o de medicamentos&#8221;, considerou.<\/p>\n\n\n\n<p>O governo entregou na quarta-feira, 24, o projeto que \u00e9 a espinha dorsal da regulamenta\u00e7\u00e3o da <strong>reforma tribut\u00e1ria<\/strong>. O texto traz a regulamenta\u00e7\u00e3o da Contribui\u00e7\u00e3o sobre bens e servi\u00e7os (CBS, que ficar\u00e1 com a Uni\u00e3o), do Imposto sobre Bens e Servi\u00e7os (IBS, a ser repartido entre Estados e munic\u00edpios), o Imposto Seletivo (IS, um tipo de imposto do pecado que incide sobre produtos que fazem mal \u00e0 sa\u00fade e ao meio ambiente), e disposi\u00e7\u00f5es sobre a Zona Franca de Manaus, \u00e1reas livres de com\u00e9rcio e outros.<\/p>\n\n\n\n<p><em>Com Estad\u00e3o Conte\u00fado e Ag\u00eancia Brasil<\/em><\/p>\n\n\n\t<p>\n\t\t<a href=\"https:\/\/lp.suno.com.br\/planilha-da-vida-financeira\/\" target=\"_blank\" data-element=\"shortcode-suno-banner\" title=\"Banner SUNO, clique e saiba mais\">\n\t\t\t<picture>\n\t\t\t\t<source media=\"(max-width: 500px)\" srcset=\"https:\/\/files.sunoresearch.com.br\/n\/uploads\/2023\/04\/400x300-Planilha-vida-financeira-true.png\">\n\t\t\t\t<img class=\"newsContent__article__imgCapa newsContent__article__imgCapa--banner\"\n\t\t\t\t\tsrc=\"https:\/\/files.sunoresearch.com.br\/n\/uploads\/2023\/04\/1420x240-Planilha-vida-financeira-true.png\"\n\t\t\t\t\tdata-promo-id=\"383123\"\t\t\t\t\t\t\t\t\t\twidth='1420' height='240'\t\t\t\t\talt=\"https:\/\/files.sunoresearch.com.br\/n\/uploads\/2023\/04\/1420x240-Planilha-vida-financeira-true.png\"\n\t\t\t\t>\n\t\t\t<\/picture>\n\t\t<\/a>\n\t<\/p>\n\n\n","protected":false},"excerpt":{"rendered":"<p>O governo entregou na quarta-feira, 24, o projeto que \u00e9 a espinha dorsal da regulamenta\u00e7\u00e3o da reforma tribut\u00e1ria. O texto traz a regulamenta\u00e7\u00e3o da Contribui\u00e7\u00e3o sobre bens e servi\u00e7os (CBS, que ficar\u00e1 com a Uni\u00e3o), do Imposto sobre Bens e Servi\u00e7os (IBS, a ser repartido entre Estados e munic\u00edpios), o Imposto Seletivo (IS, um tipo [&hellip;]<\/p>\n","protected":false},"author":43,"featured_media":547513,"comment_status":"closed","ping_status":"closed","sticky":false,"template":"","format":"standard","meta":[],"categories":[62],"tags":[704,1286],"suno_strategy":[],"class_list":["post-547950","post","type-post","status-publish","format-standard","has-post-thumbnail","hentry","category-economia","tag-impostos","tag-reforma-tributaria"],"yoast_head":"<!-- This site is optimized with the Yoast SEO plugin v24.4 - https:\/\/yoast.com\/wordpress\/plugins\/seo\/ -->\n<title>Reforma tribut\u00e1ria: governo detalha proposta; veja pontos<\/title>\n<meta name=\"description\" content=\"O governo entregou na quarta, 24, o projeto que \u00e9 a espinha dorsal da regulamenta\u00e7\u00e3o da reforma tribut\u00e1ria. O texto traz a regulamenta\u00e7\u00e3o\" \/>\n<meta name=\"robots\" content=\"index, follow, max-snippet:-1, max-image-preview:large, max-video-preview:-1\" \/>\n<link rel=\"canonical\" href=\"https:\/\/www.suno.com.br\/noticias\/reforma-tributaria-detalha-governo-impostos\/\" \/>\n<meta property=\"og:locale\" content=\"pt_BR\" \/>\n<meta property=\"og:type\" content=\"article\" \/>\n<meta property=\"og:title\" content=\"Reforma tribut\u00e1ria: governo detalha proposta; veja pontos\" \/>\n<meta property=\"og:description\" content=\"O governo entregou na quarta, 24, o projeto que \u00e9 a espinha dorsal da regulamenta\u00e7\u00e3o da reforma tribut\u00e1ria. O texto traz a regulamenta\u00e7\u00e3o\" \/>\n<meta property=\"og:url\" content=\"https:\/\/www.suno.com.br\/noticias\/reforma-tributaria-detalha-governo-impostos\/\" \/>\n<meta property=\"og:site_name\" content=\"Suno Not\u00edcias\" \/>\n<meta property=\"article:publisher\" content=\"https:\/\/facebook.com\/sunoresearch\" \/>\n<meta property=\"article:author\" content=\"https:\/\/www.facebook.com\/sunonoticias\/\" \/>\n<meta property=\"og:image\" content=\"https:\/\/files.sunoresearch.com.br\/n\/uploads\/2024\/04\/img20240424180445584-768x473-1.jpg\" \/>\n\t<meta property=\"og:image:width\" content=\"1400\" \/>\n\t<meta property=\"og:image:height\" content=\"862\" \/>\n\t<meta property=\"og:image:type\" content=\"image\/jpeg\" \/>\n<meta name=\"author\" content=\"Reda\u00e7\u00e3o Suno Not\u00edcias\" \/>\n<meta name=\"twitter:card\" content=\"summary_large_image\" \/>\n<meta name=\"twitter:creator\" content=\"@https:\/\/twitter.com\/sunoresearch\" \/>\n<meta name=\"twitter:site\" content=\"@sunoresearch\" \/>\n<meta name=\"twitter:label1\" content=\"Escrito por\" \/>\n\t<meta name=\"twitter:data1\" content=\"Reda\u00e7\u00e3o Suno Not\u00edcias\" \/>\n\t<meta name=\"twitter:label2\" content=\"Est. tempo de leitura\" \/>\n\t<meta name=\"twitter:data2\" content=\"22 minutos\" \/>\n<script type=\"application\/ld+json\" class=\"yoast-schema-graph\">{\"@context\":\"https:\/\/schema.org\",\"@graph\":[{\"@type\":\"NewsArticle\",\"@id\":\"https:\/\/www.suno.com.br\/noticias\/reforma-tributaria-detalha-governo-impostos\/#article\",\"isPartOf\":{\"@id\":\"https:\/\/www.suno.com.br\/noticias\/reforma-tributaria-detalha-governo-impostos\/\"},\"author\":{\"name\":\"Reda\u00e7\u00e3o Suno Not\u00edcias\",\"@id\":\"https:\/\/www.suno.com.br\/noticias\/#\/schema\/person\/c1b1bd3727fa852bd045e9dbff3673ea\"},\"headline\":\"Reforma tribut\u00e1ria: governo detalha a proposta enviada ao Congresso; veja os principais pontos\",\"datePublished\":\"2024-04-26T00:56:45+00:00\",\"dateModified\":\"2024-04-26T01:00:20+00:00\",\"mainEntityOfPage\":{\"@id\":\"https:\/\/www.suno.com.br\/noticias\/reforma-tributaria-detalha-governo-impostos\/\"},\"wordCount\":4424,\"publisher\":{\"@id\":\"https:\/\/www.suno.com.br\/noticias\/#organization\"},\"image\":{\"@id\":\"https:\/\/www.suno.com.br\/noticias\/reforma-tributaria-detalha-governo-impostos\/#primaryimage\"},\"thumbnailUrl\":\"https:\/\/files.sunoresearch.com.br\/n\/uploads\/2024\/04\/img20240424180445584-768x473-1.jpg\",\"keywords\":[\"impostos\",\"reforma tribut\u00e1ria\"],\"articleSection\":[\"Economia\"],\"inLanguage\":\"pt-BR\"},{\"@type\":\"WebPage\",\"@id\":\"https:\/\/www.suno.com.br\/noticias\/reforma-tributaria-detalha-governo-impostos\/\",\"url\":\"https:\/\/www.suno.com.br\/noticias\/reforma-tributaria-detalha-governo-impostos\/\",\"name\":\"Reforma tribut\u00e1ria: governo detalha proposta; veja pontos\",\"isPartOf\":{\"@id\":\"https:\/\/www.suno.com.br\/noticias\/#website\"},\"primaryImageOfPage\":{\"@id\":\"https:\/\/www.suno.com.br\/noticias\/reforma-tributaria-detalha-governo-impostos\/#primaryimage\"},\"image\":{\"@id\":\"https:\/\/www.suno.com.br\/noticias\/reforma-tributaria-detalha-governo-impostos\/#primaryimage\"},\"thumbnailUrl\":\"https:\/\/files.sunoresearch.com.br\/n\/uploads\/2024\/04\/img20240424180445584-768x473-1.jpg\",\"datePublished\":\"2024-04-26T00:56:45+00:00\",\"dateModified\":\"2024-04-26T01:00:20+00:00\",\"description\":\"O governo entregou na quarta, 24, o projeto que \u00e9 a espinha dorsal da regulamenta\u00e7\u00e3o da reforma tribut\u00e1ria. O texto traz a regulamenta\u00e7\u00e3o\",\"breadcrumb\":{\"@id\":\"https:\/\/www.suno.com.br\/noticias\/reforma-tributaria-detalha-governo-impostos\/#breadcrumb\"},\"inLanguage\":\"pt-BR\",\"potentialAction\":[{\"@type\":\"ReadAction\",\"target\":[\"https:\/\/www.suno.com.br\/noticias\/reforma-tributaria-detalha-governo-impostos\/\"]}]},{\"@type\":\"ImageObject\",\"inLanguage\":\"pt-BR\",\"@id\":\"https:\/\/www.suno.com.br\/noticias\/reforma-tributaria-detalha-governo-impostos\/#primaryimage\",\"url\":\"https:\/\/files.sunoresearch.com.br\/n\/uploads\/2024\/04\/img20240424180445584-768x473-1.jpg\",\"contentUrl\":\"https:\/\/files.sunoresearch.com.br\/n\/uploads\/2024\/04\/img20240424180445584-768x473-1.jpg\",\"width\":1400,\"height\":862,\"caption\":\"Reforma Tribut\u00e1ria. Foto: Marina Ramos \/ C\u00e2mara dos Deputados\/ Ag\u00eancia C\u00e2mara de Not\u00edcias\"},{\"@type\":\"BreadcrumbList\",\"@id\":\"https:\/\/www.suno.com.br\/noticias\/reforma-tributaria-detalha-governo-impostos\/#breadcrumb\",\"itemListElement\":[{\"@type\":\"ListItem\",\"position\":1,\"name\":\"Not\u00edcias\",\"item\":\"https:\/\/www.suno.com.br\/noticias\/\"},{\"@type\":\"ListItem\",\"position\":2,\"name\":\"Economia\",\"item\":\"https:\/\/www.suno.com.br\/noticias\/economia\/\"},{\"@type\":\"ListItem\",\"position\":3,\"name\":\"Reforma tribut\u00e1ria: governo detalha a proposta enviada ao Congresso; veja os principais pontos\"}]},{\"@type\":\"WebSite\",\"@id\":\"https:\/\/www.suno.com.br\/noticias\/#website\",\"url\":\"https:\/\/www.suno.com.br\/noticias\/\",\"name\":\"Suno Not\u00edcias\",\"description\":\"Seu portal de informa\u00e7\u00e3o sobre o mundo dos investimentos\",\"publisher\":{\"@id\":\"https:\/\/www.suno.com.br\/noticias\/#organization\"},\"potentialAction\":[{\"@type\":\"SearchAction\",\"target\":{\"@type\":\"EntryPoint\",\"urlTemplate\":\"https:\/\/www.suno.com.br\/noticias\/?s={search_term_string}\"},\"query-input\":{\"@type\":\"PropertyValueSpecification\",\"valueRequired\":true,\"valueName\":\"search_term_string\"}}],\"inLanguage\":\"pt-BR\"},{\"@type\":\"Organization\",\"@id\":\"https:\/\/www.suno.com.br\/noticias\/#organization\",\"name\":\"Suno Not\u00edcias\",\"url\":\"https:\/\/www.suno.com.br\/noticias\/\",\"logo\":{\"@type\":\"ImageObject\",\"inLanguage\":\"pt-BR\",\"@id\":\"https:\/\/www.suno.com.br\/noticias\/#\/schema\/logo\/image\/\",\"url\":\"https:\/\/files.sunoresearch.com.br\/n\/uploads\/2021\/09\/suno-logo.png\",\"contentUrl\":\"https:\/\/files.sunoresearch.com.br\/n\/uploads\/2021\/09\/suno-logo.png\",\"width\":180,\"height\":180,\"caption\":\"Suno Not\u00edcias\"},\"image\":{\"@id\":\"https:\/\/www.suno.com.br\/noticias\/#\/schema\/logo\/image\/\"},\"sameAs\":[\"https:\/\/facebook.com\/sunoresearch\",\"https:\/\/x.com\/sunoresearch\",\"https:\/\/www.instagram.com\/suno\",\"https:\/\/www.linkedin.com\/company\/suno-research\/\",\"https:\/\/www.youtube.com\/c\/sunoresearch\"]},{\"@type\":\"Person\",\"@id\":\"https:\/\/www.suno.com.br\/noticias\/#\/schema\/person\/c1b1bd3727fa852bd045e9dbff3673ea\",\"name\":\"Reda\u00e7\u00e3o Suno Not\u00edcias\",\"image\":{\"@type\":\"ImageObject\",\"inLanguage\":\"pt-BR\",\"@id\":\"https:\/\/www.suno.com.br\/noticias\/#\/schema\/person\/image\/\",\"url\":\"https:\/\/secure.gravatar.com\/avatar\/b8104b9b5a71985d5238ee59fbe418af?s=96&r=g\",\"contentUrl\":\"https:\/\/secure.gravatar.com\/avatar\/b8104b9b5a71985d5238ee59fbe418af?s=96&r=g\",\"caption\":\"Reda\u00e7\u00e3o Suno Not\u00edcias\"},\"description\":\"O Suno Not\u00edcias \u00e9 um portal de informa\u00e7\u00f5es sobre Mercado Financeiro, Pol\u00edtica, Neg\u00f3cios, Economia e Finan\u00e7as Pessoais.\",\"sameAs\":[\"https:\/\/www.suno.com.br\/noticias\",\"https:\/\/www.facebook.com\/sunonoticias\/\",\"https:\/\/www.instagram.com\/sunonoticias\/\",\"https:\/\/x.com\/https:\/\/twitter.com\/sunoresearch\",\"https:\/\/www.youtube.com\/sunonoticias\"],\"url\":\"https:\/\/www.suno.com.br\/noticias\/author\/redacao-suno\/\"}]}<\/script>\n<!-- \/ Yoast SEO plugin. -->","yoast_head_json":{"title":"Reforma tribut\u00e1ria: governo detalha proposta; veja pontos","description":"O governo entregou na quarta, 24, o projeto que \u00e9 a espinha dorsal da regulamenta\u00e7\u00e3o da reforma tribut\u00e1ria. O texto traz a regulamenta\u00e7\u00e3o","robots":{"index":"index","follow":"follow","max-snippet":"max-snippet:-1","max-image-preview":"max-image-preview:large","max-video-preview":"max-video-preview:-1"},"canonical":"https:\/\/www.suno.com.br\/noticias\/reforma-tributaria-detalha-governo-impostos\/","og_locale":"pt_BR","og_type":"article","og_title":"Reforma tribut\u00e1ria: governo detalha proposta; veja pontos","og_description":"O governo entregou na quarta, 24, o projeto que \u00e9 a espinha dorsal da regulamenta\u00e7\u00e3o da reforma tribut\u00e1ria. O texto traz a regulamenta\u00e7\u00e3o","og_url":"https:\/\/www.suno.com.br\/noticias\/reforma-tributaria-detalha-governo-impostos\/","og_site_name":"Suno Not\u00edcias","article_publisher":"https:\/\/facebook.com\/sunoresearch","article_author":"https:\/\/www.facebook.com\/sunonoticias\/","og_image":[{"width":1400,"height":862,"url":"https:\/\/files.sunoresearch.com.br\/n\/uploads\/2024\/04\/img20240424180445584-768x473-1.jpg","type":"image\/jpeg"}],"author":"Reda\u00e7\u00e3o Suno Not\u00edcias","twitter_card":"summary_large_image","twitter_creator":"@https:\/\/twitter.com\/sunoresearch","twitter_site":"@sunoresearch","twitter_misc":{"Escrito por":"Reda\u00e7\u00e3o Suno Not\u00edcias","Est. tempo de leitura":"22 minutos"},"schema":{"@context":"https:\/\/schema.org","@graph":[{"@type":"NewsArticle","@id":"https:\/\/www.suno.com.br\/noticias\/reforma-tributaria-detalha-governo-impostos\/#article","isPartOf":{"@id":"https:\/\/www.suno.com.br\/noticias\/reforma-tributaria-detalha-governo-impostos\/"},"author":{"name":"Reda\u00e7\u00e3o Suno Not\u00edcias","@id":"https:\/\/www.suno.com.br\/noticias\/#\/schema\/person\/c1b1bd3727fa852bd045e9dbff3673ea"},"headline":"Reforma tribut\u00e1ria: governo detalha a proposta enviada ao Congresso; veja os principais pontos","datePublished":"2024-04-26T00:56:45+00:00","dateModified":"2024-04-26T01:00:20+00:00","mainEntityOfPage":{"@id":"https:\/\/www.suno.com.br\/noticias\/reforma-tributaria-detalha-governo-impostos\/"},"wordCount":4424,"publisher":{"@id":"https:\/\/www.suno.com.br\/noticias\/#organization"},"image":{"@id":"https:\/\/www.suno.com.br\/noticias\/reforma-tributaria-detalha-governo-impostos\/#primaryimage"},"thumbnailUrl":"https:\/\/files.sunoresearch.com.br\/n\/uploads\/2024\/04\/img20240424180445584-768x473-1.jpg","keywords":["impostos","reforma tribut\u00e1ria"],"articleSection":["Economia"],"inLanguage":"pt-BR"},{"@type":"WebPage","@id":"https:\/\/www.suno.com.br\/noticias\/reforma-tributaria-detalha-governo-impostos\/","url":"https:\/\/www.suno.com.br\/noticias\/reforma-tributaria-detalha-governo-impostos\/","name":"Reforma tribut\u00e1ria: governo detalha proposta; veja pontos","isPartOf":{"@id":"https:\/\/www.suno.com.br\/noticias\/#website"},"primaryImageOfPage":{"@id":"https:\/\/www.suno.com.br\/noticias\/reforma-tributaria-detalha-governo-impostos\/#primaryimage"},"image":{"@id":"https:\/\/www.suno.com.br\/noticias\/reforma-tributaria-detalha-governo-impostos\/#primaryimage"},"thumbnailUrl":"https:\/\/files.sunoresearch.com.br\/n\/uploads\/2024\/04\/img20240424180445584-768x473-1.jpg","datePublished":"2024-04-26T00:56:45+00:00","dateModified":"2024-04-26T01:00:20+00:00","description":"O governo entregou na quarta, 24, o projeto que \u00e9 a espinha dorsal da regulamenta\u00e7\u00e3o da reforma tribut\u00e1ria. O texto traz a regulamenta\u00e7\u00e3o","breadcrumb":{"@id":"https:\/\/www.suno.com.br\/noticias\/reforma-tributaria-detalha-governo-impostos\/#breadcrumb"},"inLanguage":"pt-BR","potentialAction":[{"@type":"ReadAction","target":["https:\/\/www.suno.com.br\/noticias\/reforma-tributaria-detalha-governo-impostos\/"]}]},{"@type":"ImageObject","inLanguage":"pt-BR","@id":"https:\/\/www.suno.com.br\/noticias\/reforma-tributaria-detalha-governo-impostos\/#primaryimage","url":"https:\/\/files.sunoresearch.com.br\/n\/uploads\/2024\/04\/img20240424180445584-768x473-1.jpg","contentUrl":"https:\/\/files.sunoresearch.com.br\/n\/uploads\/2024\/04\/img20240424180445584-768x473-1.jpg","width":1400,"height":862,"caption":"Reforma Tribut\u00e1ria. Foto: Marina Ramos \/ C\u00e2mara dos Deputados\/ Ag\u00eancia C\u00e2mara de Not\u00edcias"},{"@type":"BreadcrumbList","@id":"https:\/\/www.suno.com.br\/noticias\/reforma-tributaria-detalha-governo-impostos\/#breadcrumb","itemListElement":[{"@type":"ListItem","position":1,"name":"Not\u00edcias","item":"https:\/\/www.suno.com.br\/noticias\/"},{"@type":"ListItem","position":2,"name":"Economia","item":"https:\/\/www.suno.com.br\/noticias\/economia\/"},{"@type":"ListItem","position":3,"name":"Reforma tribut\u00e1ria: governo detalha a proposta enviada ao Congresso; veja os principais pontos"}]},{"@type":"WebSite","@id":"https:\/\/www.suno.com.br\/noticias\/#website","url":"https:\/\/www.suno.com.br\/noticias\/","name":"Suno Not\u00edcias","description":"Seu portal de informa\u00e7\u00e3o sobre o mundo dos investimentos","publisher":{"@id":"https:\/\/www.suno.com.br\/noticias\/#organization"},"potentialAction":[{"@type":"SearchAction","target":{"@type":"EntryPoint","urlTemplate":"https:\/\/www.suno.com.br\/noticias\/?s={search_term_string}"},"query-input":{"@type":"PropertyValueSpecification","valueRequired":true,"valueName":"search_term_string"}}],"inLanguage":"pt-BR"},{"@type":"Organization","@id":"https:\/\/www.suno.com.br\/noticias\/#organization","name":"Suno Not\u00edcias","url":"https:\/\/www.suno.com.br\/noticias\/","logo":{"@type":"ImageObject","inLanguage":"pt-BR","@id":"https:\/\/www.suno.com.br\/noticias\/#\/schema\/logo\/image\/","url":"https:\/\/files.sunoresearch.com.br\/n\/uploads\/2021\/09\/suno-logo.png","contentUrl":"https:\/\/files.sunoresearch.com.br\/n\/uploads\/2021\/09\/suno-logo.png","width":180,"height":180,"caption":"Suno Not\u00edcias"},"image":{"@id":"https:\/\/www.suno.com.br\/noticias\/#\/schema\/logo\/image\/"},"sameAs":["https:\/\/facebook.com\/sunoresearch","https:\/\/x.com\/sunoresearch","https:\/\/www.instagram.com\/suno","https:\/\/www.linkedin.com\/company\/suno-research\/","https:\/\/www.youtube.com\/c\/sunoresearch"]},{"@type":"Person","@id":"https:\/\/www.suno.com.br\/noticias\/#\/schema\/person\/c1b1bd3727fa852bd045e9dbff3673ea","name":"Reda\u00e7\u00e3o Suno Not\u00edcias","image":{"@type":"ImageObject","inLanguage":"pt-BR","@id":"https:\/\/www.suno.com.br\/noticias\/#\/schema\/person\/image\/","url":"https:\/\/secure.gravatar.com\/avatar\/b8104b9b5a71985d5238ee59fbe418af?s=96&r=g","contentUrl":"https:\/\/secure.gravatar.com\/avatar\/b8104b9b5a71985d5238ee59fbe418af?s=96&r=g","caption":"Reda\u00e7\u00e3o Suno Not\u00edcias"},"description":"O Suno Not\u00edcias \u00e9 um portal de informa\u00e7\u00f5es sobre Mercado Financeiro, Pol\u00edtica, Neg\u00f3cios, Economia e Finan\u00e7as Pessoais.","sameAs":["https:\/\/www.suno.com.br\/noticias","https:\/\/www.facebook.com\/sunonoticias\/","https:\/\/www.instagram.com\/sunonoticias\/","https:\/\/x.com\/https:\/\/twitter.com\/sunoresearch","https:\/\/www.youtube.com\/sunonoticias"],"url":"https:\/\/www.suno.com.br\/noticias\/author\/redacao-suno\/"}]}},"default_loop_html":"<div class=\"cardsPage__listCard__boxs\"><div class=\"cardsPage__listCard__boxs__img\"><a href=\"https:\/\/www.suno.com.br\/noticias\/reforma-tributaria-detalha-governo-impostos\/\"><img class=\"mask\" src=\"https:\/\/www.suno.com.br\/noticias\/wp-content\/themes\/suno\/resources\/images\/spotlight\/spotlight1img\/bg-mask.png\" alt=\"Image Mask\"\/><img src=\"https:\/\/files.sunoresearch.com.br\/n\/uploads\/2024\/04\/img20240424180445584-768x473-1-400x200.jpg\" alt=\"Reforma tribut\u00e1ria: governo detalha a proposta enviada ao Congresso; veja os principais pontos\"\/><\/a><span class=\"spotlightCategory\"><a href=\"https:\/\/www.suno.com.br\/noticias\/economia\/\">Economia<\/a><\/span><\/div><div class=\"cardsPage__listCard__boxs__content\"><a href=\"https:\/\/www.suno.com.br\/noticias\/reforma-tributaria-detalha-governo-impostos\/\"><h2 class=\"content__title\">Reforma tribut\u00e1ria: governo detalha a proposta enviada ao Congresso; veja os principais pontos<\/h2><\/a><div class=\"newsContent__article__meta\"><div class=\"newsContent__article__meta__authorBox\"><a href=\"https:\/\/www.suno.com.br\/noticias\/author\/redacao-suno\/\" class=\"authorBox__avatar noMobi\"><img src=\"https:\/\/files.sunoresearch.com.br\/n\/uploads\/2020\/08\/0ace682d-redacao-1-150x150.webp\" alt=\"Reda\u00e7\u00e3o Suno Not\u00edcias\"><\/a><div class=\"authorBox__name\"><span>por\n\t\t\t<a href=\"https:\/\/www.suno.com.br\/noticias\/author\/redacao-suno\/\"><span itemprop=\"author\">Reda\u00e7\u00e3o Suno Not\u00edcias<\/span><\/a><\/span><time datetime=\"2024-04-25T21:56:45-03:00\" itemprop=\"datePublished\">25\/04\/2024 21:56<\/time><\/div><\/div><\/div><\/div><\/div>","single_layout":"posts","amp_enabled":true,"_links":{"self":[{"href":"https:\/\/www.suno.com.br\/noticias\/wp-json\/wp\/v2\/posts\/547950"}],"collection":[{"href":"https:\/\/www.suno.com.br\/noticias\/wp-json\/wp\/v2\/posts"}],"about":[{"href":"https:\/\/www.suno.com.br\/noticias\/wp-json\/wp\/v2\/types\/post"}],"author":[{"embeddable":true,"href":"https:\/\/www.suno.com.br\/noticias\/wp-json\/wp\/v2\/users\/43"}],"replies":[{"embeddable":true,"href":"https:\/\/www.suno.com.br\/noticias\/wp-json\/wp\/v2\/comments?post=547950"}],"version-history":[{"count":2,"href":"https:\/\/www.suno.com.br\/noticias\/wp-json\/wp\/v2\/posts\/547950\/revisions"}],"predecessor-version":[{"id":548218,"href":"https:\/\/www.suno.com.br\/noticias\/wp-json\/wp\/v2\/posts\/547950\/revisions\/548218"}],"wp:featuredmedia":[{"embeddable":true,"href":"https:\/\/www.suno.com.br\/noticias\/wp-json\/wp\/v2\/media\/547513"}],"wp:attachment":[{"href":"https:\/\/www.suno.com.br\/noticias\/wp-json\/wp\/v2\/media?parent=547950"}],"wp:term":[{"taxonomy":"category","embeddable":true,"href":"https:\/\/www.suno.com.br\/noticias\/wp-json\/wp\/v2\/categories?post=547950"},{"taxonomy":"post_tag","embeddable":true,"href":"https:\/\/www.suno.com.br\/noticias\/wp-json\/wp\/v2\/tags?post=547950"},{"taxonomy":"suno_strategy","embeddable":true,"href":"https:\/\/www.suno.com.br\/noticias\/wp-json\/wp\/v2\/suno_strategy?post=547950"}],"curies":[{"name":"wp","href":"https:\/\/api.w.org\/{rel}","templated":true}]}}