{"id":547454,"date":"2024-04-24T16:38:07","date_gmt":"2024-04-24T19:38:07","guid":{"rendered":"https:\/\/www.suno.com.br\/noticias\/?p=547454"},"modified":"2024-04-24T16:38:12","modified_gmt":"2024-04-24T19:38:12","slug":"governo-zanin-stf-desoneracao-folha-evm","status":"publish","type":"post","link":"https:\/\/www.suno.com.br\/noticias\/governo-zanin-stf-desoneracao-folha-evm\/","title":{"rendered":"STF: Governo quer que Zanin seja relator de a\u00e7\u00e3o contra desonera\u00e7\u00e3o da folha"},"content":{"rendered":"<p>O governo federal pediu ao <a href=\"https:\/\/portal.stf.jus.br\/\">Supremo Tribunal Federal (<strong>STF<\/strong>)<\/a> que o ministro Cristiano Zanin, indicado pelo presidente da Rep\u00fablica, Lula (PT), \u00e0 Corte, seja o relator da a\u00e7\u00e3o contra a desonera\u00e7\u00e3o da folha de pagamento dos munic\u00edpios e de 17 setores da economia. <\/p><div class=\"videoFull \">\n\t\t\t<div class=\"videoWrapper yt-lazyload center\"\n\t\t\t\tdata-width=\"960\"\n\t\t\t\tdata-height=\"540\"\n\t\t\t\tdata-id=\"TqSGO9959wQ\"\n\t\t\t\tdata-alt=\"V\u00eddeo do YouTube - clique para reproduzir\"\n\t\t\t\tdata-logo=\"3\"\n\t\t\t\tdata-imagequality=\"maxres\">\n\t\t\t<\/div>\n\t\t<\/div><script type=\"application\/ld+json\">{\"@context\":\"https:\/\/schema.org\",\"@type\":\"VideoObject\",\"name\":\"\ud83d\udd34USIMINAS (USIM5) AFUNDA COM 1T24 | Ibovespa recua | Vale (VALE3) cai\",\"description\":\"#mercadofinanceiro #a\u00e7\u00f5es #investimentos #bolsadevalores #ibovespa #dinheiro #finan\u00e7as #pol\u00edtica #d\u00f3lar #livedas19h #petr4 #petr3 #petrobras #vale3 #vale #a\u00e7\u00f5es #economia #dividendos #min\u00e9riodeferro #min\u00e9rio #petr\u00f3leo #commodities #proventos #jcp #statusinvest #statusalpha #usiminas #usim5 #pcar3 #gpa #p\u00e3odea\u00e7\u00facar \ud83d\udd34\ud83d\udccaINVISTA MELHOR COM STATUS ALPHA: https:\/\/lp.statusinvest.com.br\/ao\/status-alpha\/?utm_source=youtube.noticias&utm_medium=live \ud83d\udd34SEMANA DE FIAGRO: https:\/\/fiis.com.br\/noticias\/semana-especial-de-fiagros-como-investir-expansao\/ 00:00 In\u00edcio do v\u00eddeo 02:25 Fechamento de preg\u00e3o 05:40 USIM5 afunda 07:48 PCAR3 dispara\u2026\",\"duration\":\"PT21M26S\",\"embedUrl\":\"https:\/\/www.youtube.com\/embed\/TqSGO9959wQ\",\"regionsAllowed\":\"en-US\",\"interactionStatistic\":{\"@type\":\"InteractionCounter\",\"interactionType\":{\"@type\":\"WatchAction\"},\"userInteractionCount\":3018},\"thumbnailUrl\":\"https:\/\/i.ytimg.com\/vi\/TqSGO9959wQ\/default.jpg\",\"uploadDate\":\"2024-04-23T22:29:28Z\"}<\/script>\n\n\n\n\n\n\n\t<p>\n\t\t<a href=\"\" target=\"_blank\" data-element=\"shortcode-suno-banner\" title=\"Banner SUNO, clique e saiba mais\">\n\t\t\t<picture>\n\t\t\t\t<source media=\"(max-width: 500px)\" srcset=\"\">\n\t\t\t\t<img class=\"newsContent__article__imgCapa newsContent__article__imgCapa--banner\"\n\t\t\t\t\tsrc=\"\"\n\t\t\t\t\tdata-promo-id=\"240038\"\t\t\t\t\t\t\t\t\t\t\t\t\t\t\talt=\"\"\n\t\t\t\t>\n\t\t\t<\/picture>\n\t\t<\/a>\n\t<\/p>\n\n\n\n\n\n<p>O pedido ser\u00e1 analisado pela Secretaria Judici\u00e1ria, ligada ao presidente do STF, <a href=\"https:\/\/www.suno.com.br\/noticias\/stf-barroso-indicacao-flavio-dino-indicacao-evm\/\">Lu\u00eds Roberto Barroso<\/a>.<\/p>\n\n\n\n<p>O motivo para o pedido \u00e9 que <strong><a href=\"https:\/\/www.suno.com.br\/noticias\/cristiano-zanin-senado-aprova-indicacao-stf\/\">Zanin<\/a><\/strong> j\u00e1 \u00e9 relator de a\u00e7\u00e3o apresentada pelo Novo que contesta a medida provis\u00f3ria (MP) do governo que estabeleceu a reonera\u00e7\u00e3o.<\/p>\n\n\n\n<p>Segundo a <a href=\"https:\/\/www.suno.com.br\/noticias\/petrobras-petr4-agu-recorre-decisao-conselheiro-mal\/\">Advocacia-Geral da Uni\u00e3o (AGU)<\/a>, ambas a\u00e7\u00f5es &#8220;possuem ineg\u00e1vel v\u00ednculo de afinidade tem\u00e1tica, raz\u00e3o pela qual ambas devem ser reunidas, por preven\u00e7\u00e3o, aos cuidados instrut\u00f3rios do mesmo relator&#8221;.<\/p>\n\n\n\n<p>A a\u00e7\u00e3o do governo foi ajuizada nesta quarta e assinada pelo pr\u00f3prio presidente Lula, al\u00e9m do ministro da AGU, Jorge Messias.<\/p>\n\n\n\t<p>\n\t\t<a href=\"https:\/\/lp.suno.com.br\/ebook-gratuito-investindo-no-exterior\/\" target=\"_blank\" data-element=\"shortcode-suno-banner\" title=\"Banner SUNO, clique e saiba mais\">\n\t\t\t<picture>\n\t\t\t\t<source media=\"(max-width: 500px)\" srcset=\"https:\/\/files.sunoresearch.com.br\/n\/uploads\/2023\/03\/400x300-Investindo-no-exterior.png\">\n\t\t\t\t<img class=\"newsContent__article__imgCapa newsContent__article__imgCapa--banner\"\n\t\t\t\t\tsrc=\"https:\/\/files.sunoresearch.com.br\/n\/uploads\/2023\/03\/1420x240-Investindo-no-exterior.png\"\n\t\t\t\t\tdata-promo-id=\"383161\"\t\t\t\t\t\t\t\t\t\twidth='1420' height='240'\t\t\t\t\talt=\"https:\/\/files.sunoresearch.com.br\/n\/uploads\/2023\/03\/1420x240-Investindo-no-exterior.png\"\n\t\t\t\t>\n\t\t\t<\/picture>\n\t\t<\/a>\n\t<\/p>\n\n\n\n\n\n<h2 class=\"wp-block-heading\">Argumento do governo ao STF<\/h2>\n\n\n\n<p>O argumento \u00e9 que a lei da desonera\u00e7\u00e3o, promulgada no final do ano passado, n\u00e3o demonstrou o impacto financeiro da medida, conforme exigido pela Constitui\u00e7\u00e3o.<\/p>\n\n\n\n<p>&#8220;A lacuna \u00e9 grav\u00edssima, sobretudo se considerado o fato de que a perda de arrecada\u00e7\u00e3o anual estimada pela <a class=\"suno-keyword\" target=\"_blank\" data-force=\"no\" data-priority=\"3\" href=\"https:\/\/www.suno.com.br\/artigos\/receita-federal\/\" rel=\"noopener\">Receita Federal<\/a> do Brasil com a extens\u00e3o da pol\u00edtica de desonera\u00e7\u00e3o da folha de pagamento \u00e9 da ordem de R$10 bilh\u00f5es anuais&#8221;, argumenta a AGU na peti\u00e7\u00e3o.<\/p>\n\n\n\n<p>Na mesma a\u00e7\u00e3o, a AGU tamb\u00e9m pede a declara\u00e7\u00e3o de constitucionalidade da medida provis\u00f3ria (MP), editada nos \u00faltimos dias de 2023, que estipulou limites para a compensa\u00e7\u00e3o tribut\u00e1ria de cr\u00e9ditos. <\/p>\n\n\n\n<p>Por consequ\u00eancia, essa a\u00e7\u00e3o no <strong>STF<\/strong> visa suspender todas as decis\u00f5es judiciais que tenham recusado a aplica\u00e7\u00e3o da norma.<\/p>\n\n\n\n<p>Com Estad\u00e3o Conte\u00fado<\/p>\n\n\n\t<p>\n\t\t<a href=\"https:\/\/lp.suno.com.br\/planilha-da-vida-financeira\/\" target=\"_blank\" data-element=\"shortcode-suno-banner\" title=\"Banner SUNO, clique e saiba mais\">\n\t\t\t<picture>\n\t\t\t\t<source media=\"(max-width: 500px)\" srcset=\"https:\/\/files.sunoresearch.com.br\/n\/uploads\/2023\/04\/400x300-Planilha-vida-financeira-true.png\">\n\t\t\t\t<img class=\"newsContent__article__imgCapa newsContent__article__imgCapa--banner\"\n\t\t\t\t\tsrc=\"https:\/\/files.sunoresearch.com.br\/n\/uploads\/2023\/04\/1420x240-Planilha-vida-financeira-true.png\"\n\t\t\t\t\tdata-promo-id=\"383123\"\t\t\t\t\t\t\t\t\t\twidth='1420' height='240'\t\t\t\t\talt=\"https:\/\/files.sunoresearch.com.br\/n\/uploads\/2023\/04\/1420x240-Planilha-vida-financeira-true.png\"\n\t\t\t\t>\n\t\t\t<\/picture>\n\t\t<\/a>\n\t<\/p>\n\n\n","protected":false},"excerpt":{"rendered":"<p>O governo federal pediu ao Supremo Tribunal Federal (STF) que o ministro Cristiano Zanin, indicado pelo presidente da Rep\u00fablica, Lula (PT), \u00e0 Corte, seja o relator da a\u00e7\u00e3o contra a desonera\u00e7\u00e3o da folha de pagamento dos munic\u00edpios e de 17 setores da economia. O pedido ser\u00e1 analisado pela Secretaria Judici\u00e1ria, ligada ao presidente do STF, [&hellip;]<\/p>\n","protected":false},"author":73,"featured_media":419813,"comment_status":"closed","ping_status":"closed","sticky":false,"template":"","format":"standard","meta":[],"categories":[61],"tags":[106444,785],"suno_strategy":[],"class_list":["post-547454","post","type-post","status-publish","format-standard","has-post-thumbnail","hentry","category-politica","tag-agencias","tag-supremo-tribunal-federal-stf"],"yoast_head":"<!-- This site is optimized with the Yoast SEO plugin v24.4 - https:\/\/yoast.com\/wordpress\/plugins\/seo\/ -->\n<title>STF: Governo quer que Zanin seja relator de a\u00e7\u00e3o contra desonera\u00e7\u00e3o da folha<\/title>\n<meta name=\"description\" content=\"O pedido ser\u00e1 analisado pela Secretaria Judici\u00e1ria, ligada ao atual presidente do STF, Lu\u00eds Roberto Barroso\" \/>\n<meta name=\"robots\" content=\"index, follow, max-snippet:-1, max-image-preview:large, max-video-preview:-1\" \/>\n<link rel=\"canonical\" href=\"https:\/\/www.suno.com.br\/noticias\/governo-zanin-stf-desoneracao-folha-evm\/\" \/>\n<meta property=\"og:locale\" content=\"pt_BR\" \/>\n<meta property=\"og:type\" content=\"article\" \/>\n<meta property=\"og:title\" content=\"STF: Governo quer que Zanin seja relator de a\u00e7\u00e3o contra desonera\u00e7\u00e3o da folha\" \/>\n<meta property=\"og:description\" content=\"O pedido ser\u00e1 analisado pela Secretaria Judici\u00e1ria, ligada ao atual presidente do STF, Lu\u00eds Roberto Barroso\" \/>\n<meta property=\"og:url\" content=\"https:\/\/www.suno.com.br\/noticias\/governo-zanin-stf-desoneracao-folha-evm\/\" \/>\n<meta property=\"og:site_name\" content=\"Suno Not\u00edcias\" \/>\n<meta property=\"article:publisher\" content=\"https:\/\/facebook.com\/sunoresearch\" \/>\n<meta property=\"og:image\" content=\"https:\/\/files.sunoresearch.com.br\/n\/uploads\/2023\/06\/Zanin.jpg\" \/>\n\t<meta property=\"og:image:width\" content=\"1350\" \/>\n\t<meta property=\"og:image:height\" content=\"808\" \/>\n\t<meta property=\"og:image:type\" content=\"image\/jpeg\" \/>\n<meta name=\"author\" content=\"Eduardo Vargas\" \/>\n<meta name=\"twitter:card\" content=\"summary_large_image\" \/>\n<meta name=\"twitter:creator\" content=\"@sunoresearch\" \/>\n<meta name=\"twitter:site\" content=\"@sunoresearch\" \/>\n<meta name=\"twitter:label1\" content=\"Escrito por\" \/>\n\t<meta name=\"twitter:data1\" content=\"Eduardo Vargas\" \/>\n\t<meta name=\"twitter:label2\" content=\"Est. tempo de leitura\" \/>\n\t<meta name=\"twitter:data2\" content=\"2 minutos\" \/>\n<script type=\"application\/ld+json\" class=\"yoast-schema-graph\">{\"@context\":\"https:\/\/schema.org\",\"@graph\":[{\"@type\":\"NewsArticle\",\"@id\":\"https:\/\/www.suno.com.br\/noticias\/governo-zanin-stf-desoneracao-folha-evm\/#article\",\"isPartOf\":{\"@id\":\"https:\/\/www.suno.com.br\/noticias\/governo-zanin-stf-desoneracao-folha-evm\/\"},\"author\":{\"name\":\"Eduardo Vargas\",\"@id\":\"https:\/\/www.suno.com.br\/noticias\/#\/schema\/person\/7f4d362bf3518e76090143ae77bb49a5\"},\"headline\":\"STF: Governo quer que Zanin seja relator de a\u00e7\u00e3o contra desonera\u00e7\u00e3o da folha\",\"datePublished\":\"2024-04-24T19:38:07+00:00\",\"dateModified\":\"2024-04-24T19:38:12+00:00\",\"mainEntityOfPage\":{\"@id\":\"https:\/\/www.suno.com.br\/noticias\/governo-zanin-stf-desoneracao-folha-evm\/\"},\"wordCount\":322,\"publisher\":{\"@id\":\"https:\/\/www.suno.com.br\/noticias\/#organization\"},\"image\":{\"@id\":\"https:\/\/www.suno.com.br\/noticias\/governo-zanin-stf-desoneracao-folha-evm\/#primaryimage\"},\"thumbnailUrl\":\"https:\/\/files.sunoresearch.com.br\/n\/uploads\/2023\/06\/Zanin.jpg\",\"keywords\":[\"Ag\u00eancias\",\"Supremo Tribunal Federal (STF)\"],\"articleSection\":[\"Pol\u00edtica\"],\"inLanguage\":\"pt-BR\"},{\"@type\":\"WebPage\",\"@id\":\"https:\/\/www.suno.com.br\/noticias\/governo-zanin-stf-desoneracao-folha-evm\/\",\"url\":\"https:\/\/www.suno.com.br\/noticias\/governo-zanin-stf-desoneracao-folha-evm\/\",\"name\":\"STF: Governo quer que Zanin seja relator de a\u00e7\u00e3o contra desonera\u00e7\u00e3o da folha\",\"isPartOf\":{\"@id\":\"https:\/\/www.suno.com.br\/noticias\/#website\"},\"primaryImageOfPage\":{\"@id\":\"https:\/\/www.suno.com.br\/noticias\/governo-zanin-stf-desoneracao-folha-evm\/#primaryimage\"},\"image\":{\"@id\":\"https:\/\/www.suno.com.br\/noticias\/governo-zanin-stf-desoneracao-folha-evm\/#primaryimage\"},\"thumbnailUrl\":\"https:\/\/files.sunoresearch.com.br\/n\/uploads\/2023\/06\/Zanin.jpg\",\"datePublished\":\"2024-04-24T19:38:07+00:00\",\"dateModified\":\"2024-04-24T19:38:12+00:00\",\"description\":\"O pedido ser\u00e1 analisado pela Secretaria Judici\u00e1ria, ligada ao atual presidente do STF, Lu\u00eds Roberto Barroso\",\"breadcrumb\":{\"@id\":\"https:\/\/www.suno.com.br\/noticias\/governo-zanin-stf-desoneracao-folha-evm\/#breadcrumb\"},\"inLanguage\":\"pt-BR\",\"potentialAction\":[{\"@type\":\"ReadAction\",\"target\":[\"https:\/\/www.suno.com.br\/noticias\/governo-zanin-stf-desoneracao-folha-evm\/\"]}]},{\"@type\":\"ImageObject\",\"inLanguage\":\"pt-BR\",\"@id\":\"https:\/\/www.suno.com.br\/noticias\/governo-zanin-stf-desoneracao-folha-evm\/#primaryimage\",\"url\":\"https:\/\/files.sunoresearch.com.br\/n\/uploads\/2023\/06\/Zanin.jpg\",\"contentUrl\":\"https:\/\/files.sunoresearch.com.br\/n\/uploads\/2023\/06\/Zanin.jpg\",\"width\":1350,\"height\":808,\"caption\":\"Cristiano Zanin aprovado ao Senado. Foto: Lula Marques\/Ag\u00eancia Brasil\"},{\"@type\":\"BreadcrumbList\",\"@id\":\"https:\/\/www.suno.com.br\/noticias\/governo-zanin-stf-desoneracao-folha-evm\/#breadcrumb\",\"itemListElement\":[{\"@type\":\"ListItem\",\"position\":1,\"name\":\"Not\u00edcias\",\"item\":\"https:\/\/www.suno.com.br\/noticias\/\"},{\"@type\":\"ListItem\",\"position\":2,\"name\":\"Pol\u00edtica\",\"item\":\"https:\/\/www.suno.com.br\/noticias\/politica\/\"},{\"@type\":\"ListItem\",\"position\":3,\"name\":\"STF: Governo quer que Zanin seja relator de a\u00e7\u00e3o contra desonera\u00e7\u00e3o da folha\"}]},{\"@type\":\"WebSite\",\"@id\":\"https:\/\/www.suno.com.br\/noticias\/#website\",\"url\":\"https:\/\/www.suno.com.br\/noticias\/\",\"name\":\"Suno Not\u00edcias\",\"description\":\"Seu portal de informa\u00e7\u00e3o sobre o mundo dos investimentos\",\"publisher\":{\"@id\":\"https:\/\/www.suno.com.br\/noticias\/#organization\"},\"potentialAction\":[{\"@type\":\"SearchAction\",\"target\":{\"@type\":\"EntryPoint\",\"urlTemplate\":\"https:\/\/www.suno.com.br\/noticias\/?s={search_term_string}\"},\"query-input\":{\"@type\":\"PropertyValueSpecification\",\"valueRequired\":true,\"valueName\":\"search_term_string\"}}],\"inLanguage\":\"pt-BR\"},{\"@type\":\"Organization\",\"@id\":\"https:\/\/www.suno.com.br\/noticias\/#organization\",\"name\":\"Suno Not\u00edcias\",\"url\":\"https:\/\/www.suno.com.br\/noticias\/\",\"logo\":{\"@type\":\"ImageObject\",\"inLanguage\":\"pt-BR\",\"@id\":\"https:\/\/www.suno.com.br\/noticias\/#\/schema\/logo\/image\/\",\"url\":\"https:\/\/files.sunoresearch.com.br\/n\/uploads\/2021\/09\/suno-logo.png\",\"contentUrl\":\"https:\/\/files.sunoresearch.com.br\/n\/uploads\/2021\/09\/suno-logo.png\",\"width\":180,\"height\":180,\"caption\":\"Suno Not\u00edcias\"},\"image\":{\"@id\":\"https:\/\/www.suno.com.br\/noticias\/#\/schema\/logo\/image\/\"},\"sameAs\":[\"https:\/\/facebook.com\/sunoresearch\",\"https:\/\/x.com\/sunoresearch\",\"https:\/\/www.instagram.com\/suno\",\"https:\/\/www.linkedin.com\/company\/suno-research\/\",\"https:\/\/www.youtube.com\/c\/sunoresearch\"]},{\"@type\":\"Person\",\"@id\":\"https:\/\/www.suno.com.br\/noticias\/#\/schema\/person\/7f4d362bf3518e76090143ae77bb49a5\",\"name\":\"Eduardo Vargas\",\"image\":{\"@type\":\"ImageObject\",\"inLanguage\":\"pt-BR\",\"@id\":\"https:\/\/www.suno.com.br\/noticias\/#\/schema\/person\/image\/\",\"url\":\"https:\/\/secure.gravatar.com\/avatar\/dac340933427a22924c9f99d1eb2e3f2?s=96&r=g\",\"contentUrl\":\"https:\/\/secure.gravatar.com\/avatar\/dac340933427a22924c9f99d1eb2e3f2?s=96&r=g\",\"caption\":\"Eduardo Vargas\"},\"description\":\"Jornalista formado pela UFSC, cobre macroeconomia, neg\u00f3cios e startups para o Suno Not\u00edcias, escrevendo principalmente not\u00edcias sobre o mercado financeiro e a bolsa de valores. No YouTube e no Instagram, \u00e9 respons\u00e1vel pela produ\u00e7\u00e3o de Reels e Shorts do Suno Not\u00edcias. Anteriormente, trabalhou cobrindo economia e cotidiano no ND+ e para o ND, maior jornal impresso de Santa Catarina. Cursou um semestre letivo de Estudos de M\u00eddia na Universidad de Buenos Aires.\",\"url\":\"https:\/\/www.suno.com.br\/noticias\/author\/eduardo-vargas\/\"}]}<\/script>\n<!-- \/ Yoast SEO plugin. -->","yoast_head_json":{"title":"STF: Governo quer que Zanin seja relator de a\u00e7\u00e3o contra desonera\u00e7\u00e3o da folha","description":"O pedido ser\u00e1 analisado pela Secretaria Judici\u00e1ria, ligada ao atual presidente do STF, Lu\u00eds Roberto Barroso","robots":{"index":"index","follow":"follow","max-snippet":"max-snippet:-1","max-image-preview":"max-image-preview:large","max-video-preview":"max-video-preview:-1"},"canonical":"https:\/\/www.suno.com.br\/noticias\/governo-zanin-stf-desoneracao-folha-evm\/","og_locale":"pt_BR","og_type":"article","og_title":"STF: Governo quer que Zanin seja relator de a\u00e7\u00e3o contra desonera\u00e7\u00e3o da folha","og_description":"O pedido ser\u00e1 analisado pela Secretaria Judici\u00e1ria, ligada ao atual presidente do STF, Lu\u00eds Roberto Barroso","og_url":"https:\/\/www.suno.com.br\/noticias\/governo-zanin-stf-desoneracao-folha-evm\/","og_site_name":"Suno Not\u00edcias","article_publisher":"https:\/\/facebook.com\/sunoresearch","og_image":[{"width":1350,"height":808,"url":"https:\/\/files.sunoresearch.com.br\/n\/uploads\/2023\/06\/Zanin.jpg","type":"image\/jpeg"}],"author":"Eduardo Vargas","twitter_card":"summary_large_image","twitter_creator":"@sunoresearch","twitter_site":"@sunoresearch","twitter_misc":{"Escrito por":"Eduardo Vargas","Est. tempo de leitura":"2 minutos"},"schema":{"@context":"https:\/\/schema.org","@graph":[{"@type":"NewsArticle","@id":"https:\/\/www.suno.com.br\/noticias\/governo-zanin-stf-desoneracao-folha-evm\/#article","isPartOf":{"@id":"https:\/\/www.suno.com.br\/noticias\/governo-zanin-stf-desoneracao-folha-evm\/"},"author":{"name":"Eduardo Vargas","@id":"https:\/\/www.suno.com.br\/noticias\/#\/schema\/person\/7f4d362bf3518e76090143ae77bb49a5"},"headline":"STF: Governo quer que Zanin seja relator de a\u00e7\u00e3o contra desonera\u00e7\u00e3o da folha","datePublished":"2024-04-24T19:38:07+00:00","dateModified":"2024-04-24T19:38:12+00:00","mainEntityOfPage":{"@id":"https:\/\/www.suno.com.br\/noticias\/governo-zanin-stf-desoneracao-folha-evm\/"},"wordCount":322,"publisher":{"@id":"https:\/\/www.suno.com.br\/noticias\/#organization"},"image":{"@id":"https:\/\/www.suno.com.br\/noticias\/governo-zanin-stf-desoneracao-folha-evm\/#primaryimage"},"thumbnailUrl":"https:\/\/files.sunoresearch.com.br\/n\/uploads\/2023\/06\/Zanin.jpg","keywords":["Ag\u00eancias","Supremo Tribunal Federal (STF)"],"articleSection":["Pol\u00edtica"],"inLanguage":"pt-BR"},{"@type":"WebPage","@id":"https:\/\/www.suno.com.br\/noticias\/governo-zanin-stf-desoneracao-folha-evm\/","url":"https:\/\/www.suno.com.br\/noticias\/governo-zanin-stf-desoneracao-folha-evm\/","name":"STF: Governo quer que Zanin seja relator de a\u00e7\u00e3o contra desonera\u00e7\u00e3o da folha","isPartOf":{"@id":"https:\/\/www.suno.com.br\/noticias\/#website"},"primaryImageOfPage":{"@id":"https:\/\/www.suno.com.br\/noticias\/governo-zanin-stf-desoneracao-folha-evm\/#primaryimage"},"image":{"@id":"https:\/\/www.suno.com.br\/noticias\/governo-zanin-stf-desoneracao-folha-evm\/#primaryimage"},"thumbnailUrl":"https:\/\/files.sunoresearch.com.br\/n\/uploads\/2023\/06\/Zanin.jpg","datePublished":"2024-04-24T19:38:07+00:00","dateModified":"2024-04-24T19:38:12+00:00","description":"O pedido ser\u00e1 analisado pela Secretaria Judici\u00e1ria, ligada ao atual presidente do STF, Lu\u00eds Roberto Barroso","breadcrumb":{"@id":"https:\/\/www.suno.com.br\/noticias\/governo-zanin-stf-desoneracao-folha-evm\/#breadcrumb"},"inLanguage":"pt-BR","potentialAction":[{"@type":"ReadAction","target":["https:\/\/www.suno.com.br\/noticias\/governo-zanin-stf-desoneracao-folha-evm\/"]}]},{"@type":"ImageObject","inLanguage":"pt-BR","@id":"https:\/\/www.suno.com.br\/noticias\/governo-zanin-stf-desoneracao-folha-evm\/#primaryimage","url":"https:\/\/files.sunoresearch.com.br\/n\/uploads\/2023\/06\/Zanin.jpg","contentUrl":"https:\/\/files.sunoresearch.com.br\/n\/uploads\/2023\/06\/Zanin.jpg","width":1350,"height":808,"caption":"Cristiano Zanin aprovado ao Senado. Foto: Lula Marques\/Ag\u00eancia Brasil"},{"@type":"BreadcrumbList","@id":"https:\/\/www.suno.com.br\/noticias\/governo-zanin-stf-desoneracao-folha-evm\/#breadcrumb","itemListElement":[{"@type":"ListItem","position":1,"name":"Not\u00edcias","item":"https:\/\/www.suno.com.br\/noticias\/"},{"@type":"ListItem","position":2,"name":"Pol\u00edtica","item":"https:\/\/www.suno.com.br\/noticias\/politica\/"},{"@type":"ListItem","position":3,"name":"STF: Governo quer que Zanin seja relator de a\u00e7\u00e3o contra desonera\u00e7\u00e3o da folha"}]},{"@type":"WebSite","@id":"https:\/\/www.suno.com.br\/noticias\/#website","url":"https:\/\/www.suno.com.br\/noticias\/","name":"Suno Not\u00edcias","description":"Seu portal de informa\u00e7\u00e3o sobre o mundo dos investimentos","publisher":{"@id":"https:\/\/www.suno.com.br\/noticias\/#organization"},"potentialAction":[{"@type":"SearchAction","target":{"@type":"EntryPoint","urlTemplate":"https:\/\/www.suno.com.br\/noticias\/?s={search_term_string}"},"query-input":{"@type":"PropertyValueSpecification","valueRequired":true,"valueName":"search_term_string"}}],"inLanguage":"pt-BR"},{"@type":"Organization","@id":"https:\/\/www.suno.com.br\/noticias\/#organization","name":"Suno Not\u00edcias","url":"https:\/\/www.suno.com.br\/noticias\/","logo":{"@type":"ImageObject","inLanguage":"pt-BR","@id":"https:\/\/www.suno.com.br\/noticias\/#\/schema\/logo\/image\/","url":"https:\/\/files.sunoresearch.com.br\/n\/uploads\/2021\/09\/suno-logo.png","contentUrl":"https:\/\/files.sunoresearch.com.br\/n\/uploads\/2021\/09\/suno-logo.png","width":180,"height":180,"caption":"Suno Not\u00edcias"},"image":{"@id":"https:\/\/www.suno.com.br\/noticias\/#\/schema\/logo\/image\/"},"sameAs":["https:\/\/facebook.com\/sunoresearch","https:\/\/x.com\/sunoresearch","https:\/\/www.instagram.com\/suno","https:\/\/www.linkedin.com\/company\/suno-research\/","https:\/\/www.youtube.com\/c\/sunoresearch"]},{"@type":"Person","@id":"https:\/\/www.suno.com.br\/noticias\/#\/schema\/person\/7f4d362bf3518e76090143ae77bb49a5","name":"Eduardo Vargas","image":{"@type":"ImageObject","inLanguage":"pt-BR","@id":"https:\/\/www.suno.com.br\/noticias\/#\/schema\/person\/image\/","url":"https:\/\/secure.gravatar.com\/avatar\/dac340933427a22924c9f99d1eb2e3f2?s=96&r=g","contentUrl":"https:\/\/secure.gravatar.com\/avatar\/dac340933427a22924c9f99d1eb2e3f2?s=96&r=g","caption":"Eduardo Vargas"},"description":"Jornalista formado pela UFSC, cobre macroeconomia, neg\u00f3cios e startups para o Suno Not\u00edcias, escrevendo principalmente not\u00edcias sobre o mercado financeiro e a bolsa de valores. No YouTube e no Instagram, \u00e9 respons\u00e1vel pela produ\u00e7\u00e3o de Reels e Shorts do Suno Not\u00edcias. Anteriormente, trabalhou cobrindo economia e cotidiano no ND+ e para o ND, maior jornal impresso de Santa Catarina. Cursou um semestre letivo de Estudos de M\u00eddia na Universidad de Buenos Aires.","url":"https:\/\/www.suno.com.br\/noticias\/author\/eduardo-vargas\/"}]}},"default_loop_html":"<div class=\"cardsPage__listCard__boxs\"><div class=\"cardsPage__listCard__boxs__img\"><a href=\"https:\/\/www.suno.com.br\/noticias\/governo-zanin-stf-desoneracao-folha-evm\/\"><img class=\"mask\" src=\"https:\/\/www.suno.com.br\/noticias\/wp-content\/themes\/suno\/resources\/images\/spotlight\/spotlight1img\/bg-mask.png\" alt=\"Image Mask\"\/><img src=\"https:\/\/files.sunoresearch.com.br\/n\/uploads\/2023\/06\/Zanin-400x200.jpg\" alt=\"STF: Governo quer que Zanin seja relator de a\u00e7\u00e3o contra desonera\u00e7\u00e3o da folha\"\/><\/a><span class=\"spotlightCategory\"><a href=\"https:\/\/www.suno.com.br\/noticias\/politica\/\">Pol\u00edtica<\/a><\/span><\/div><div class=\"cardsPage__listCard__boxs__content\"><a href=\"https:\/\/www.suno.com.br\/noticias\/governo-zanin-stf-desoneracao-folha-evm\/\"><h2 class=\"content__title\">STF: Governo quer que Zanin seja relator de a\u00e7\u00e3o contra desonera\u00e7\u00e3o da folha<\/h2><\/a><div class=\"newsContent__article__meta\"><div class=\"newsContent__article__meta__authorBox\"><a href=\"https:\/\/www.suno.com.br\/noticias\/author\/eduardo-vargas\/\" class=\"authorBox__avatar noMobi\"><img src=\"https:\/\/secure.gravatar.com\/avatar\/dac340933427a22924c9f99d1eb2e3f2?s=96&#038;r=g\" alt=\"Eduardo Vargas\"><\/a><div class=\"authorBox__name\"><span>por\n\t\t\t<a href=\"https:\/\/www.suno.com.br\/noticias\/author\/eduardo-vargas\/\"><span itemprop=\"author\">Eduardo Vargas<\/span><\/a><\/span><time datetime=\"2024-04-24T16:38:07-03:00\" itemprop=\"datePublished\">24\/04\/2024 16:38<\/time><\/div><\/div><\/div><\/div><\/div>","single_layout":"posts","amp_enabled":true,"_links":{"self":[{"href":"https:\/\/www.suno.com.br\/noticias\/wp-json\/wp\/v2\/posts\/547454"}],"collection":[{"href":"https:\/\/www.suno.com.br\/noticias\/wp-json\/wp\/v2\/posts"}],"about":[{"href":"https:\/\/www.suno.com.br\/noticias\/wp-json\/wp\/v2\/types\/post"}],"author":[{"embeddable":true,"href":"https:\/\/www.suno.com.br\/noticias\/wp-json\/wp\/v2\/users\/73"}],"replies":[{"embeddable":true,"href":"https:\/\/www.suno.com.br\/noticias\/wp-json\/wp\/v2\/comments?post=547454"}],"version-history":[{"count":3,"href":"https:\/\/www.suno.com.br\/noticias\/wp-json\/wp\/v2\/posts\/547454\/revisions"}],"predecessor-version":[{"id":547465,"href":"https:\/\/www.suno.com.br\/noticias\/wp-json\/wp\/v2\/posts\/547454\/revisions\/547465"}],"wp:featuredmedia":[{"embeddable":true,"href":"https:\/\/www.suno.com.br\/noticias\/wp-json\/wp\/v2\/media\/419813"}],"wp:attachment":[{"href":"https:\/\/www.suno.com.br\/noticias\/wp-json\/wp\/v2\/media?parent=547454"}],"wp:term":[{"taxonomy":"category","embeddable":true,"href":"https:\/\/www.suno.com.br\/noticias\/wp-json\/wp\/v2\/categories?post=547454"},{"taxonomy":"post_tag","embeddable":true,"href":"https:\/\/www.suno.com.br\/noticias\/wp-json\/wp\/v2\/tags?post=547454"},{"taxonomy":"suno_strategy","embeddable":true,"href":"https:\/\/www.suno.com.br\/noticias\/wp-json\/wp\/v2\/suno_strategy?post=547454"}],"curies":[{"name":"wp","href":"https:\/\/api.w.org\/{rel}","templated":true}]}}