{"id":547439,"date":"2024-04-24T16:47:53","date_gmt":"2024-04-24T19:47:53","guid":{"rendered":"https:\/\/www.suno.com.br\/noticias\/?p=547439"},"modified":"2024-04-24T16:47:59","modified_gmt":"2024-04-24T19:47:59","slug":"petroleo-fecha-queda-dolar-evm","status":"publish","type":"post","link":"https:\/\/www.suno.com.br\/noticias\/petroleo-fecha-queda-dolar-evm\/","title":{"rendered":"Petr\u00f3leo fecha em queda, em meio a d\u00f3lar forte e sem novos desdobramentos no Oriente M\u00e9dio"},"content":{"rendered":"<p>O <strong><a href=\"https:\/\/www.suno.com.br\/noticias\/petroleo-fecha-alta-oriente-medio-conflito-recua-na-semana\/\">petr\u00f3leo<\/a><\/strong> fechou em queda nesta quarta-feira (24) mesmo diante da forte baixa nos estoques norte-americanos, em meio \u00e0 for\u00e7a do d\u00f3lar e enquanto as tens\u00f5es no Oriente M\u00e9dio v\u00e3o saindo de foco. <\/p><div class=\"videoFull \">\n\t\t\t<div class=\"videoWrapper yt-lazyload center\"\n\t\t\t\tdata-width=\"960\"\n\t\t\t\tdata-height=\"540\"\n\t\t\t\tdata-id=\"TqSGO9959wQ\"\n\t\t\t\tdata-alt=\"V\u00eddeo do YouTube - clique para reproduzir\"\n\t\t\t\tdata-logo=\"3\"\n\t\t\t\tdata-imagequality=\"maxres\">\n\t\t\t<\/div>\n\t\t<\/div><script type=\"application\/ld+json\">{\"@context\":\"https:\/\/schema.org\",\"@type\":\"VideoObject\",\"name\":\"\ud83d\udd34USIMINAS (USIM5) AFUNDA COM 1T24 | Ibovespa recua | Vale (VALE3) cai\",\"description\":\"#mercadofinanceiro #a\u00e7\u00f5es #investimentos #bolsadevalores #ibovespa #dinheiro #finan\u00e7as #pol\u00edtica #d\u00f3lar #livedas19h #petr4 #petr3 #petrobras #vale3 #vale #a\u00e7\u00f5es #economia #dividendos #min\u00e9riodeferro #min\u00e9rio #petr\u00f3leo #commodities #proventos #jcp #statusinvest #statusalpha #usiminas #usim5 #pcar3 #gpa #p\u00e3odea\u00e7\u00facar \ud83d\udd34\ud83d\udccaINVISTA MELHOR COM STATUS ALPHA: https:\/\/lp.statusinvest.com.br\/ao\/status-alpha\/?utm_source=youtube.noticias&utm_medium=live \ud83d\udd34SEMANA DE FIAGRO: https:\/\/fiis.com.br\/noticias\/semana-especial-de-fiagros-como-investir-expansao\/ 00:00 In\u00edcio do v\u00eddeo 02:25 Fechamento de preg\u00e3o 05:40 USIM5 afunda 07:48 PCAR3 dispara\u2026\",\"duration\":\"PT21M26S\",\"embedUrl\":\"https:\/\/www.youtube.com\/embed\/TqSGO9959wQ\",\"regionsAllowed\":\"en-US\",\"interactionStatistic\":{\"@type\":\"InteractionCounter\",\"interactionType\":{\"@type\":\"WatchAction\"},\"userInteractionCount\":3018},\"thumbnailUrl\":\"https:\/\/i.ytimg.com\/vi\/TqSGO9959wQ\/default.jpg\",\"uploadDate\":\"2024-04-23T22:29:28Z\"}<\/script>\n\n\n\n\n\n\n\t<p>\n\t\t<a href=\"https:\/\/lp.suno.com.br\/planilha-da-vida-financeira\/\" target=\"_blank\" data-element=\"shortcode-suno-banner\" title=\"Banner SUNO, clique e saiba mais\">\n\t\t\t<picture>\n\t\t\t\t<source media=\"(max-width: 500px)\" srcset=\"https:\/\/files.sunoresearch.com.br\/n\/uploads\/2023\/04\/400x300-Planilha-vida-financeira-true.png\">\n\t\t\t\t<img class=\"newsContent__article__imgCapa newsContent__article__imgCapa--banner\"\n\t\t\t\t\tsrc=\"https:\/\/files.sunoresearch.com.br\/n\/uploads\/2023\/04\/1420x240-Planilha-vida-financeira-true.png\"\n\t\t\t\t\tdata-promo-id=\"106682\"\t\t\t\t\t\t\t\t\t\twidth='1420' height='240'\t\t\t\t\talt=\"https:\/\/files.sunoresearch.com.br\/n\/uploads\/2023\/04\/1420x240-Planilha-vida-financeira-true.png\"\n\t\t\t\t>\n\t\t\t<\/picture>\n\t\t<\/a>\n\t<\/p>\n\n\n\n\n\n<p>O <strong>Petr\u00f3leo WTI<\/strong> para junho fechou em queda de 0,66% (US$ 0,55), a US$ 82,81 o barril, na <a class=\"suno-keyword\" target=\"_blank\" data-force=\"no\" data-priority=\"1\" href=\"https:\/\/www.suno.com.br\/artigos\/nymex\/\" rel=\"noopener\">New York Mercantile Exchange (Nymex)<\/a>.<\/p>\n\n\n\n<p>J\u00e1 o <strong><a href=\"https:\/\/www.suno.com.br\/noticias\/petroleo-brent-wti-doe-2024-projecao-evm\/\">Petr\u00f3leo Brent<\/a><\/strong> para julho caiu 0,40% (US$ 0,35), a US$ 87,04 o barril, na Intercontinental Exchange.<\/p>\n\n\n\n<p>Nesta quarta, os <strong>estoques de petr\u00f3leo bruto dos EUA<\/strong> ca\u00edram pela primeira vez em cinco semanas, em uma redu\u00e7\u00e3o bem maior do que o esperado, de acordo com dados do Departamento de Energia (DoE, na sigla em ingl\u00eas).<\/p>\n\n\n\n<p>Logo ap\u00f3s o indicador, os pre\u00e7os do petr\u00f3leo chegaram a oscilar perto da estabilidade, mas os ganhos n\u00e3o se sustentaram.<\/p>\n\n\n\n<p>Circularam not\u00edcias sobre uma poss\u00edvel ofensiva gradual israelense contra a cidade de Rafah, \u00faltimo reduto do Hamas em Gaza. <\/p>\n\n\n\n<p>O avan\u00e7o gradativo \u00e9 resposta \u00e0s press\u00f5es dos EUA e internacionais contra um ataque total e violento na regi\u00e3o.<\/p>\n\n\n\t<p>\n\t\t<a href=\"https:\/\/lp.suno.com.br\/ebook-como-analisar-uma-acao\/\" target=\"_blank\" data-element=\"shortcode-suno-banner\" title=\"Banner SUNO, clique e saiba mais\">\n\t\t\t<picture>\n\t\t\t\t<source media=\"(max-width: 500px)\" srcset=\"https:\/\/files.sunoresearch.com.br\/n\/uploads\/2023\/03\/Ebook-Acoes-Mobile.jpg\">\n\t\t\t\t<img class=\"newsContent__article__imgCapa newsContent__article__imgCapa--banner\"\n\t\t\t\t\tsrc=\"https:\/\/files.sunoresearch.com.br\/n\/uploads\/2023\/03\/Ebook-Acoes-Desktop.jpg\"\n\t\t\t\t\tdata-promo-id=\"378302\"\t\t\t\t\t\t\t\t\t\twidth='1420' height='286'\t\t\t\t\talt=\"https:\/\/files.sunoresearch.com.br\/n\/uploads\/2023\/03\/Ebook-Acoes-Desktop.jpg\"\n\t\t\t\t>\n\t\t\t<\/picture>\n\t\t<\/a>\n\t<\/p>\n\n\n\n\n\n<h2 class=\"wp-block-heading\">Petr\u00f3leo tem &#8216;ignorado&#8217; Oriente M\u00e9dio<\/h2>\n\n\n\n<p>Apesar disso, a Capital Economics destaca que a escalada do conflito entre Israel e o Ir\u00e3 tem sido largamente ignorada pelo mercado petrol\u00edfero. <\/p>\n\n\n\n<p>Enquanto isso, o TD Securities pontua que a recente queda dos pre\u00e7os tem sido &#8220;esmagadoramente associada&#8221; \u00e0 diminui\u00e7\u00e3o dos pr\u00eamios de risco da oferta.<\/p>\n\n\n\n<p>Agora, investidores aguardam a divulga\u00e7\u00e3o da primeira leitura do <a class=\"suno-keyword\" data-force=\"no\" data-priority=\"2\" href=\"https:\/\/www.suno.com.br\/artigos\/pib-produto-interno-bruto\/\" target=\"_blank\" rel=\"noopener\">Produto Interno Bruto (PIB)<\/a> dos EUA no primeiro trimestre deste ano, que pode dar pistas sobre as perspectivas de demanda do pa\u00eds pelo <strong>petr\u00f3leo<\/strong>.<\/p>\n\n\n\n<p>Com Estad\u00e3o Conte\u00fado<\/p>\n\n\n\t<p>\n\t\t<a href=\"https:\/\/lp.suno.com.br\/planilha-da-vida-financeira\/\" target=\"_blank\" data-element=\"shortcode-suno-banner\" title=\"Banner SUNO, clique e saiba mais\">\n\t\t\t<picture>\n\t\t\t\t<source media=\"(max-width: 500px)\" srcset=\"https:\/\/files.sunoresearch.com.br\/n\/uploads\/2023\/04\/400x300-Planilha-vida-financeira-true.png\">\n\t\t\t\t<img class=\"newsContent__article__imgCapa newsContent__article__imgCapa--banner\"\n\t\t\t\t\tsrc=\"https:\/\/files.sunoresearch.com.br\/n\/uploads\/2023\/04\/1420x240-Planilha-vida-financeira-true.png\"\n\t\t\t\t\tdata-promo-id=\"383123\"\t\t\t\t\t\t\t\t\t\twidth='1420' height='240'\t\t\t\t\talt=\"https:\/\/files.sunoresearch.com.br\/n\/uploads\/2023\/04\/1420x240-Planilha-vida-financeira-true.png\"\n\t\t\t\t>\n\t\t\t<\/picture>\n\t\t<\/a>\n\t<\/p>\n\n\n","protected":false},"excerpt":{"rendered":"<p>O petr\u00f3leo fechou em queda nesta quarta-feira (24) mesmo diante da forte baixa nos estoques norte-americanos, em meio \u00e0 for\u00e7a do d\u00f3lar e enquanto as tens\u00f5es no Oriente M\u00e9dio v\u00e3o saindo de foco. O Petr\u00f3leo WTI para junho fechou em queda de 0,66% (US$ 0,55), a US$ 82,81 o barril, na New York Mercantile Exchange [&hellip;]<\/p>\n","protected":false},"author":73,"featured_media":532548,"comment_status":"closed","ping_status":"closed","sticky":false,"template":"","format":"standard","meta":[],"categories":[60],"tags":[106444,766,104982,104983],"suno_strategy":[],"class_list":["post-547439","post","type-post","status-publish","format-standard","has-post-thumbnail","hentry","category-mercado","tag-agencias","tag-petroleo","tag-petroleo-brent","tag-petroleo-wti"],"yoast_head":"<!-- This site is optimized with the Yoast SEO plugin v24.4 - https:\/\/yoast.com\/wordpress\/plugins\/seo\/ -->\n<title>Petr\u00f3leo cai com d\u00f3lar forte e sem novidades no Oriente M\u00e9dio<\/title>\n<meta name=\"description\" content=\"J\u00e1 o Petr\u00f3leo Brent (refer\u00eancia para Petrobras) para julho caiu 0,40% (US$ 0,35), a US$ 87,04 o barril, na Intercontinental Exchange\" \/>\n<meta name=\"robots\" content=\"index, follow, max-snippet:-1, max-image-preview:large, max-video-preview:-1\" \/>\n<link rel=\"canonical\" href=\"https:\/\/www.suno.com.br\/noticias\/petroleo-fecha-queda-dolar-evm\/\" \/>\n<meta property=\"og:locale\" content=\"pt_BR\" \/>\n<meta property=\"og:type\" content=\"article\" \/>\n<meta property=\"og:title\" content=\"Petr\u00f3leo cai com d\u00f3lar forte e sem novidades no Oriente M\u00e9dio\" \/>\n<meta property=\"og:description\" content=\"J\u00e1 o Petr\u00f3leo Brent (refer\u00eancia para Petrobras) para julho caiu 0,40% (US$ 0,35), a US$ 87,04 o barril, na Intercontinental Exchange\" \/>\n<meta property=\"og:url\" content=\"https:\/\/www.suno.com.br\/noticias\/petroleo-fecha-queda-dolar-evm\/\" \/>\n<meta property=\"og:site_name\" content=\"Suno Not\u00edcias\" \/>\n<meta property=\"article:publisher\" content=\"https:\/\/facebook.com\/sunoresearch\" \/>\n<meta property=\"og:image\" content=\"https:\/\/files.sunoresearch.com.br\/n\/uploads\/2024\/03\/iStock-1457436123.jpg\" \/>\n\t<meta property=\"og:image:width\" content=\"1254\" \/>\n\t<meta property=\"og:image:height\" content=\"836\" \/>\n\t<meta property=\"og:image:type\" content=\"image\/jpeg\" \/>\n<meta name=\"author\" content=\"Eduardo Vargas\" \/>\n<meta name=\"twitter:card\" content=\"summary_large_image\" \/>\n<meta name=\"twitter:creator\" content=\"@sunoresearch\" \/>\n<meta name=\"twitter:site\" content=\"@sunoresearch\" \/>\n<meta name=\"twitter:label1\" content=\"Escrito por\" \/>\n\t<meta name=\"twitter:data1\" content=\"Eduardo Vargas\" \/>\n\t<meta name=\"twitter:label2\" content=\"Est. tempo de leitura\" \/>\n\t<meta name=\"twitter:data2\" content=\"2 minutos\" \/>\n<script type=\"application\/ld+json\" class=\"yoast-schema-graph\">{\"@context\":\"https:\/\/schema.org\",\"@graph\":[{\"@type\":\"NewsArticle\",\"@id\":\"https:\/\/www.suno.com.br\/noticias\/petroleo-fecha-queda-dolar-evm\/#article\",\"isPartOf\":{\"@id\":\"https:\/\/www.suno.com.br\/noticias\/petroleo-fecha-queda-dolar-evm\/\"},\"author\":{\"name\":\"Eduardo Vargas\",\"@id\":\"https:\/\/www.suno.com.br\/noticias\/#\/schema\/person\/7f4d362bf3518e76090143ae77bb49a5\"},\"headline\":\"Petr\u00f3leo fecha em queda, em meio a d\u00f3lar forte e sem novos desdobramentos no Oriente M\u00e9dio\",\"datePublished\":\"2024-04-24T19:47:53+00:00\",\"dateModified\":\"2024-04-24T19:47:59+00:00\",\"mainEntityOfPage\":{\"@id\":\"https:\/\/www.suno.com.br\/noticias\/petroleo-fecha-queda-dolar-evm\/\"},\"wordCount\":308,\"publisher\":{\"@id\":\"https:\/\/www.suno.com.br\/noticias\/#organization\"},\"image\":{\"@id\":\"https:\/\/www.suno.com.br\/noticias\/petroleo-fecha-queda-dolar-evm\/#primaryimage\"},\"thumbnailUrl\":\"https:\/\/files.sunoresearch.com.br\/n\/uploads\/2024\/03\/iStock-1457436123.jpg\",\"keywords\":[\"Ag\u00eancias\",\"Petr\u00f3leo\",\"Petr\u00f3leo Brent\",\"Petr\u00f3leo WTI\"],\"articleSection\":[\"Mercado\"],\"inLanguage\":\"pt-BR\"},{\"@type\":\"WebPage\",\"@id\":\"https:\/\/www.suno.com.br\/noticias\/petroleo-fecha-queda-dolar-evm\/\",\"url\":\"https:\/\/www.suno.com.br\/noticias\/petroleo-fecha-queda-dolar-evm\/\",\"name\":\"Petr\u00f3leo cai com d\u00f3lar forte e sem novidades no Oriente M\u00e9dio\",\"isPartOf\":{\"@id\":\"https:\/\/www.suno.com.br\/noticias\/#website\"},\"primaryImageOfPage\":{\"@id\":\"https:\/\/www.suno.com.br\/noticias\/petroleo-fecha-queda-dolar-evm\/#primaryimage\"},\"image\":{\"@id\":\"https:\/\/www.suno.com.br\/noticias\/petroleo-fecha-queda-dolar-evm\/#primaryimage\"},\"thumbnailUrl\":\"https:\/\/files.sunoresearch.com.br\/n\/uploads\/2024\/03\/iStock-1457436123.jpg\",\"datePublished\":\"2024-04-24T19:47:53+00:00\",\"dateModified\":\"2024-04-24T19:47:59+00:00\",\"description\":\"J\u00e1 o Petr\u00f3leo Brent (refer\u00eancia para Petrobras) para julho caiu 0,40% (US$ 0,35), a US$ 87,04 o barril, na Intercontinental Exchange\",\"breadcrumb\":{\"@id\":\"https:\/\/www.suno.com.br\/noticias\/petroleo-fecha-queda-dolar-evm\/#breadcrumb\"},\"inLanguage\":\"pt-BR\",\"potentialAction\":[{\"@type\":\"ReadAction\",\"target\":[\"https:\/\/www.suno.com.br\/noticias\/petroleo-fecha-queda-dolar-evm\/\"]}]},{\"@type\":\"ImageObject\",\"inLanguage\":\"pt-BR\",\"@id\":\"https:\/\/www.suno.com.br\/noticias\/petroleo-fecha-queda-dolar-evm\/#primaryimage\",\"url\":\"https:\/\/files.sunoresearch.com.br\/n\/uploads\/2024\/03\/iStock-1457436123.jpg\",\"contentUrl\":\"https:\/\/files.sunoresearch.com.br\/n\/uploads\/2024\/03\/iStock-1457436123.jpg\",\"width\":1254,\"height\":836,\"caption\":\"Petr\u00f3leo. Foto: iStock\"},{\"@type\":\"BreadcrumbList\",\"@id\":\"https:\/\/www.suno.com.br\/noticias\/petroleo-fecha-queda-dolar-evm\/#breadcrumb\",\"itemListElement\":[{\"@type\":\"ListItem\",\"position\":1,\"name\":\"Not\u00edcias\",\"item\":\"https:\/\/www.suno.com.br\/noticias\/\"},{\"@type\":\"ListItem\",\"position\":2,\"name\":\"Mercado\",\"item\":\"https:\/\/www.suno.com.br\/noticias\/mercado\/\"},{\"@type\":\"ListItem\",\"position\":3,\"name\":\"Petr\u00f3leo fecha em queda, em meio a d\u00f3lar forte e sem novos desdobramentos no Oriente M\u00e9dio\"}]},{\"@type\":\"WebSite\",\"@id\":\"https:\/\/www.suno.com.br\/noticias\/#website\",\"url\":\"https:\/\/www.suno.com.br\/noticias\/\",\"name\":\"Suno Not\u00edcias\",\"description\":\"Seu portal de informa\u00e7\u00e3o sobre o mundo dos investimentos\",\"publisher\":{\"@id\":\"https:\/\/www.suno.com.br\/noticias\/#organization\"},\"potentialAction\":[{\"@type\":\"SearchAction\",\"target\":{\"@type\":\"EntryPoint\",\"urlTemplate\":\"https:\/\/www.suno.com.br\/noticias\/?s={search_term_string}\"},\"query-input\":{\"@type\":\"PropertyValueSpecification\",\"valueRequired\":true,\"valueName\":\"search_term_string\"}}],\"inLanguage\":\"pt-BR\"},{\"@type\":\"Organization\",\"@id\":\"https:\/\/www.suno.com.br\/noticias\/#organization\",\"name\":\"Suno Not\u00edcias\",\"url\":\"https:\/\/www.suno.com.br\/noticias\/\",\"logo\":{\"@type\":\"ImageObject\",\"inLanguage\":\"pt-BR\",\"@id\":\"https:\/\/www.suno.com.br\/noticias\/#\/schema\/logo\/image\/\",\"url\":\"https:\/\/files.sunoresearch.com.br\/n\/uploads\/2021\/09\/suno-logo.png\",\"contentUrl\":\"https:\/\/files.sunoresearch.com.br\/n\/uploads\/2021\/09\/suno-logo.png\",\"width\":180,\"height\":180,\"caption\":\"Suno Not\u00edcias\"},\"image\":{\"@id\":\"https:\/\/www.suno.com.br\/noticias\/#\/schema\/logo\/image\/\"},\"sameAs\":[\"https:\/\/facebook.com\/sunoresearch\",\"https:\/\/x.com\/sunoresearch\",\"https:\/\/www.instagram.com\/suno\",\"https:\/\/www.linkedin.com\/company\/suno-research\/\",\"https:\/\/www.youtube.com\/c\/sunoresearch\"]},{\"@type\":\"Person\",\"@id\":\"https:\/\/www.suno.com.br\/noticias\/#\/schema\/person\/7f4d362bf3518e76090143ae77bb49a5\",\"name\":\"Eduardo Vargas\",\"image\":{\"@type\":\"ImageObject\",\"inLanguage\":\"pt-BR\",\"@id\":\"https:\/\/www.suno.com.br\/noticias\/#\/schema\/person\/image\/\",\"url\":\"https:\/\/secure.gravatar.com\/avatar\/dac340933427a22924c9f99d1eb2e3f2?s=96&r=g\",\"contentUrl\":\"https:\/\/secure.gravatar.com\/avatar\/dac340933427a22924c9f99d1eb2e3f2?s=96&r=g\",\"caption\":\"Eduardo Vargas\"},\"description\":\"Jornalista formado pela UFSC, cobre macroeconomia, neg\u00f3cios e startups para o Suno Not\u00edcias, escrevendo principalmente not\u00edcias sobre o mercado financeiro e a bolsa de valores. No YouTube e no Instagram, \u00e9 respons\u00e1vel pela produ\u00e7\u00e3o de Reels e Shorts do Suno Not\u00edcias. Anteriormente, trabalhou cobrindo economia e cotidiano no ND+ e para o ND, maior jornal impresso de Santa Catarina. Cursou um semestre letivo de Estudos de M\u00eddia na Universidad de Buenos Aires.\",\"url\":\"https:\/\/www.suno.com.br\/noticias\/author\/eduardo-vargas\/\"}]}<\/script>\n<!-- \/ Yoast SEO plugin. -->","yoast_head_json":{"title":"Petr\u00f3leo cai com d\u00f3lar forte e sem novidades no Oriente M\u00e9dio","description":"J\u00e1 o Petr\u00f3leo Brent (refer\u00eancia para Petrobras) para julho caiu 0,40% (US$ 0,35), a US$ 87,04 o barril, na Intercontinental Exchange","robots":{"index":"index","follow":"follow","max-snippet":"max-snippet:-1","max-image-preview":"max-image-preview:large","max-video-preview":"max-video-preview:-1"},"canonical":"https:\/\/www.suno.com.br\/noticias\/petroleo-fecha-queda-dolar-evm\/","og_locale":"pt_BR","og_type":"article","og_title":"Petr\u00f3leo cai com d\u00f3lar forte e sem novidades no Oriente M\u00e9dio","og_description":"J\u00e1 o Petr\u00f3leo Brent (refer\u00eancia para Petrobras) para julho caiu 0,40% (US$ 0,35), a US$ 87,04 o barril, na Intercontinental Exchange","og_url":"https:\/\/www.suno.com.br\/noticias\/petroleo-fecha-queda-dolar-evm\/","og_site_name":"Suno Not\u00edcias","article_publisher":"https:\/\/facebook.com\/sunoresearch","og_image":[{"width":1254,"height":836,"url":"https:\/\/files.sunoresearch.com.br\/n\/uploads\/2024\/03\/iStock-1457436123.jpg","type":"image\/jpeg"}],"author":"Eduardo Vargas","twitter_card":"summary_large_image","twitter_creator":"@sunoresearch","twitter_site":"@sunoresearch","twitter_misc":{"Escrito por":"Eduardo Vargas","Est. tempo de leitura":"2 minutos"},"schema":{"@context":"https:\/\/schema.org","@graph":[{"@type":"NewsArticle","@id":"https:\/\/www.suno.com.br\/noticias\/petroleo-fecha-queda-dolar-evm\/#article","isPartOf":{"@id":"https:\/\/www.suno.com.br\/noticias\/petroleo-fecha-queda-dolar-evm\/"},"author":{"name":"Eduardo Vargas","@id":"https:\/\/www.suno.com.br\/noticias\/#\/schema\/person\/7f4d362bf3518e76090143ae77bb49a5"},"headline":"Petr\u00f3leo fecha em queda, em meio a d\u00f3lar forte e sem novos desdobramentos no Oriente M\u00e9dio","datePublished":"2024-04-24T19:47:53+00:00","dateModified":"2024-04-24T19:47:59+00:00","mainEntityOfPage":{"@id":"https:\/\/www.suno.com.br\/noticias\/petroleo-fecha-queda-dolar-evm\/"},"wordCount":308,"publisher":{"@id":"https:\/\/www.suno.com.br\/noticias\/#organization"},"image":{"@id":"https:\/\/www.suno.com.br\/noticias\/petroleo-fecha-queda-dolar-evm\/#primaryimage"},"thumbnailUrl":"https:\/\/files.sunoresearch.com.br\/n\/uploads\/2024\/03\/iStock-1457436123.jpg","keywords":["Ag\u00eancias","Petr\u00f3leo","Petr\u00f3leo Brent","Petr\u00f3leo WTI"],"articleSection":["Mercado"],"inLanguage":"pt-BR"},{"@type":"WebPage","@id":"https:\/\/www.suno.com.br\/noticias\/petroleo-fecha-queda-dolar-evm\/","url":"https:\/\/www.suno.com.br\/noticias\/petroleo-fecha-queda-dolar-evm\/","name":"Petr\u00f3leo cai com d\u00f3lar forte e sem novidades no Oriente M\u00e9dio","isPartOf":{"@id":"https:\/\/www.suno.com.br\/noticias\/#website"},"primaryImageOfPage":{"@id":"https:\/\/www.suno.com.br\/noticias\/petroleo-fecha-queda-dolar-evm\/#primaryimage"},"image":{"@id":"https:\/\/www.suno.com.br\/noticias\/petroleo-fecha-queda-dolar-evm\/#primaryimage"},"thumbnailUrl":"https:\/\/files.sunoresearch.com.br\/n\/uploads\/2024\/03\/iStock-1457436123.jpg","datePublished":"2024-04-24T19:47:53+00:00","dateModified":"2024-04-24T19:47:59+00:00","description":"J\u00e1 o Petr\u00f3leo Brent (refer\u00eancia para Petrobras) para julho caiu 0,40% (US$ 0,35), a US$ 87,04 o barril, na Intercontinental Exchange","breadcrumb":{"@id":"https:\/\/www.suno.com.br\/noticias\/petroleo-fecha-queda-dolar-evm\/#breadcrumb"},"inLanguage":"pt-BR","potentialAction":[{"@type":"ReadAction","target":["https:\/\/www.suno.com.br\/noticias\/petroleo-fecha-queda-dolar-evm\/"]}]},{"@type":"ImageObject","inLanguage":"pt-BR","@id":"https:\/\/www.suno.com.br\/noticias\/petroleo-fecha-queda-dolar-evm\/#primaryimage","url":"https:\/\/files.sunoresearch.com.br\/n\/uploads\/2024\/03\/iStock-1457436123.jpg","contentUrl":"https:\/\/files.sunoresearch.com.br\/n\/uploads\/2024\/03\/iStock-1457436123.jpg","width":1254,"height":836,"caption":"Petr\u00f3leo. Foto: iStock"},{"@type":"BreadcrumbList","@id":"https:\/\/www.suno.com.br\/noticias\/petroleo-fecha-queda-dolar-evm\/#breadcrumb","itemListElement":[{"@type":"ListItem","position":1,"name":"Not\u00edcias","item":"https:\/\/www.suno.com.br\/noticias\/"},{"@type":"ListItem","position":2,"name":"Mercado","item":"https:\/\/www.suno.com.br\/noticias\/mercado\/"},{"@type":"ListItem","position":3,"name":"Petr\u00f3leo fecha em queda, em meio a d\u00f3lar forte e sem novos desdobramentos no Oriente M\u00e9dio"}]},{"@type":"WebSite","@id":"https:\/\/www.suno.com.br\/noticias\/#website","url":"https:\/\/www.suno.com.br\/noticias\/","name":"Suno Not\u00edcias","description":"Seu portal de informa\u00e7\u00e3o sobre o mundo dos investimentos","publisher":{"@id":"https:\/\/www.suno.com.br\/noticias\/#organization"},"potentialAction":[{"@type":"SearchAction","target":{"@type":"EntryPoint","urlTemplate":"https:\/\/www.suno.com.br\/noticias\/?s={search_term_string}"},"query-input":{"@type":"PropertyValueSpecification","valueRequired":true,"valueName":"search_term_string"}}],"inLanguage":"pt-BR"},{"@type":"Organization","@id":"https:\/\/www.suno.com.br\/noticias\/#organization","name":"Suno Not\u00edcias","url":"https:\/\/www.suno.com.br\/noticias\/","logo":{"@type":"ImageObject","inLanguage":"pt-BR","@id":"https:\/\/www.suno.com.br\/noticias\/#\/schema\/logo\/image\/","url":"https:\/\/files.sunoresearch.com.br\/n\/uploads\/2021\/09\/suno-logo.png","contentUrl":"https:\/\/files.sunoresearch.com.br\/n\/uploads\/2021\/09\/suno-logo.png","width":180,"height":180,"caption":"Suno Not\u00edcias"},"image":{"@id":"https:\/\/www.suno.com.br\/noticias\/#\/schema\/logo\/image\/"},"sameAs":["https:\/\/facebook.com\/sunoresearch","https:\/\/x.com\/sunoresearch","https:\/\/www.instagram.com\/suno","https:\/\/www.linkedin.com\/company\/suno-research\/","https:\/\/www.youtube.com\/c\/sunoresearch"]},{"@type":"Person","@id":"https:\/\/www.suno.com.br\/noticias\/#\/schema\/person\/7f4d362bf3518e76090143ae77bb49a5","name":"Eduardo Vargas","image":{"@type":"ImageObject","inLanguage":"pt-BR","@id":"https:\/\/www.suno.com.br\/noticias\/#\/schema\/person\/image\/","url":"https:\/\/secure.gravatar.com\/avatar\/dac340933427a22924c9f99d1eb2e3f2?s=96&r=g","contentUrl":"https:\/\/secure.gravatar.com\/avatar\/dac340933427a22924c9f99d1eb2e3f2?s=96&r=g","caption":"Eduardo Vargas"},"description":"Jornalista formado pela UFSC, cobre macroeconomia, neg\u00f3cios e startups para o Suno Not\u00edcias, escrevendo principalmente not\u00edcias sobre o mercado financeiro e a bolsa de valores. No YouTube e no Instagram, \u00e9 respons\u00e1vel pela produ\u00e7\u00e3o de Reels e Shorts do Suno Not\u00edcias. Anteriormente, trabalhou cobrindo economia e cotidiano no ND+ e para o ND, maior jornal impresso de Santa Catarina. Cursou um semestre letivo de Estudos de M\u00eddia na Universidad de Buenos Aires.","url":"https:\/\/www.suno.com.br\/noticias\/author\/eduardo-vargas\/"}]}},"default_loop_html":"<div class=\"cardsPage__listCard__boxs\"><div class=\"cardsPage__listCard__boxs__img\"><a href=\"https:\/\/www.suno.com.br\/noticias\/petroleo-fecha-queda-dolar-evm\/\"><img class=\"mask\" src=\"https:\/\/www.suno.com.br\/noticias\/wp-content\/themes\/suno\/resources\/images\/spotlight\/spotlight1img\/bg-mask.png\" alt=\"Image Mask\"\/><img src=\"https:\/\/files.sunoresearch.com.br\/n\/uploads\/2024\/03\/iStock-1457436123-400x200.jpg\" alt=\"Petr\u00f3leo fecha em queda, em meio a d\u00f3lar forte e sem novos desdobramentos no Oriente M\u00e9dio\"\/><\/a><span class=\"spotlightCategory\"><a href=\"https:\/\/www.suno.com.br\/noticias\/mercado\/\">Mercado<\/a><\/span><\/div><div class=\"cardsPage__listCard__boxs__content\"><a href=\"https:\/\/www.suno.com.br\/noticias\/petroleo-fecha-queda-dolar-evm\/\"><h2 class=\"content__title\">Petr\u00f3leo fecha em queda, em meio a d\u00f3lar forte e sem novos desdobramentos no Oriente M\u00e9dio<\/h2><\/a><div class=\"newsContent__article__meta\"><div class=\"newsContent__article__meta__authorBox\"><a href=\"https:\/\/www.suno.com.br\/noticias\/author\/eduardo-vargas\/\" class=\"authorBox__avatar noMobi\"><img src=\"https:\/\/secure.gravatar.com\/avatar\/dac340933427a22924c9f99d1eb2e3f2?s=96&#038;r=g\" alt=\"Eduardo Vargas\"><\/a><div class=\"authorBox__name\"><span>por\n\t\t\t<a href=\"https:\/\/www.suno.com.br\/noticias\/author\/eduardo-vargas\/\"><span itemprop=\"author\">Eduardo Vargas<\/span><\/a><\/span><time datetime=\"2024-04-24T16:47:53-03:00\" itemprop=\"datePublished\">24\/04\/2024 16:47<\/time><\/div><\/div><\/div><\/div><\/div>","single_layout":"posts","amp_enabled":true,"_links":{"self":[{"href":"https:\/\/www.suno.com.br\/noticias\/wp-json\/wp\/v2\/posts\/547439"}],"collection":[{"href":"https:\/\/www.suno.com.br\/noticias\/wp-json\/wp\/v2\/posts"}],"about":[{"href":"https:\/\/www.suno.com.br\/noticias\/wp-json\/wp\/v2\/types\/post"}],"author":[{"embeddable":true,"href":"https:\/\/www.suno.com.br\/noticias\/wp-json\/wp\/v2\/users\/73"}],"replies":[{"embeddable":true,"href":"https:\/\/www.suno.com.br\/noticias\/wp-json\/wp\/v2\/comments?post=547439"}],"version-history":[{"count":3,"href":"https:\/\/www.suno.com.br\/noticias\/wp-json\/wp\/v2\/posts\/547439\/revisions"}],"predecessor-version":[{"id":547469,"href":"https:\/\/www.suno.com.br\/noticias\/wp-json\/wp\/v2\/posts\/547439\/revisions\/547469"}],"wp:featuredmedia":[{"embeddable":true,"href":"https:\/\/www.suno.com.br\/noticias\/wp-json\/wp\/v2\/media\/532548"}],"wp:attachment":[{"href":"https:\/\/www.suno.com.br\/noticias\/wp-json\/wp\/v2\/media?parent=547439"}],"wp:term":[{"taxonomy":"category","embeddable":true,"href":"https:\/\/www.suno.com.br\/noticias\/wp-json\/wp\/v2\/categories?post=547439"},{"taxonomy":"post_tag","embeddable":true,"href":"https:\/\/www.suno.com.br\/noticias\/wp-json\/wp\/v2\/tags?post=547439"},{"taxonomy":"suno_strategy","embeddable":true,"href":"https:\/\/www.suno.com.br\/noticias\/wp-json\/wp\/v2\/suno_strategy?post=547439"}],"curies":[{"name":"wp","href":"https:\/\/api.w.org\/{rel}","templated":true}]}}